{"id":124340,"date":"2024-10-07T15:12:06","date_gmt":"2024-10-07T18:12:06","guid":{"rendered":"https:\/\/www.institutodeengenharia.org.br\/site\/?p=124340"},"modified":"2024-10-07T15:12:06","modified_gmt":"2024-10-07T18:12:06","slug":"por-jose-eduardo-cavalcanti-matematica-no-metro-um-ano-depois","status":"publish","type":"post","link":"https:\/\/www.institutodeengenharia.org.br\/site\/2024\/10\/07\/por-jose-eduardo-cavalcanti-matematica-no-metro-um-ano-depois\/","title":{"rendered":"Por Jos\u00e9 Eduardo Cavalcanti \u2013 Matem\u00e1tica no Metr\u00f4 &#8211; Um ano depois"},"content":{"rendered":"<p>Decorrido um ano desde o in\u00edcio do projeto-piloto denominado <strong>&#8220;Resolva aqui suas D\u00favidas de Matem\u00e1tica&#8221;<\/strong> de iniciativa do Instituto de Engenharia com o apoio do Metr\u00f4 e do Instituto Mau\u00e1 de Tecnologia destinado \u00e0 alunos do ensino m\u00e9dio, usu\u00e1rios do Metr\u00f4, j\u00e1 \u00e9 o momento de tecermos algumas considera\u00e7\u00f5es sobre esta experi\u00eancia in\u00e9dita.<\/p>\n<p>A ideia deste projeto surgiu dentro do Instituto justamente quando se discutia no \u00e2mbito do Governo Federal a reforma do ensino m\u00e9dio. Como se sabe, o Novo Ensino M\u00e9dio, implementado em 2022 gerou muitos pontos de descontentamento, dentre os quais a redu\u00e7\u00e3o da carga hor\u00e1ria da forma\u00e7\u00e3o geral b\u00e1sica que engloba mat\u00e9rias como a matem\u00e1tica.<\/p>\n<p>A matem\u00e1tica, como todos sabem, \u00e9 o principal pilar da Engenharia e est\u00e1 presente em suas diversas especialidades fazendo parte do cotidiano do profissional. Quando mal absorvida, provocam nos jovens estudantes do ensino m\u00e9dio frusta\u00e7\u00f5es e horror \u00e0 mat\u00e9ria a ponto de desestimula-los a seguir carreiras t\u00e9cnicas, notadamente a engenharia.<\/p>\n<p>O IE, n\u00e3o poderia se furtar a contribuir, mesmo que de forma t\u00edmida, na mudan\u00e7a deste cen\u00e1rio, na esperan\u00e7a de que esta iniciativa se amplie com a participa\u00e7\u00e3o de outras institui\u00e7\u00f5es e do pr\u00f3prio Governo.<\/p>\n<p>Nossa participa\u00e7\u00e3o neste projeto-piloto, ao longo deste ano, se consolidou na instala\u00e7\u00e3o em um nicho da esta\u00e7\u00e3o Sacom\u00e3 do Metr\u00f4, em frente \u00e0s catracas, de uma sala de aula individual onde instrutores, engenheirandos da Mau\u00e1, de forma volunt\u00e1ria, todas as segundas feiras, no per\u00edodo da tarde, atendem aos interessados, usu\u00e1rios do metr\u00f4, que queiram dirimir suas d\u00favidas de matem\u00e1tica.<\/p>\n<p>Afluem ao local, n\u00e3o s\u00f3 os alunos do ensino m\u00e9dio de escolas p\u00fablicas, mas principalmente pessoas comuns que trabalham e que j\u00e1 conclu\u00edram esta etapa, mas que continuam a serem perseguidos pelas d\u00favidas de matem\u00e1tica n\u00e3o sanadas no per\u00edodo escolar.<\/p>\n<p>Ao longo destes 12 meses, pudemos constatar que tais d\u00favidas se relacionaram \u00e0 matem\u00e1tica elementar, diferentemente daquilo que sup\u00fanhamos inicialmente em que as dificuldades recairiam em conceitos matem\u00e1ticos t\u00edpicos do ensino m\u00e9dio como limites, equa\u00e7\u00f5es, derivadas, trigonometria e outros que exigem racioc\u00ednio l\u00f3gico.<\/p>\n<p>Mas a realidade foi outra.\u00a0 Maior parte das d\u00favidas eram oriundas do desconhecimento da aritm\u00e9tica ministrada no ensino fundamental, como, por exemplo, a resolu\u00e7\u00e3o de problemas que envolvem a utiliza\u00e7\u00e3o das quatro opera\u00e7\u00f5es b\u00e1sicas da matem\u00e1tica e o desconhecimento da tabuada.<\/p>\n<p>Este fato tem acarretado dificuldades, por parte de nossos instrutores, na tarefa de dirimir d\u00favidas como o c\u00e1lculo de percentagem (solicita\u00e7\u00e3o mais comum dentre os solicitantes), uma vez que o desconhecimento de \u201cregra-de-tr\u00eas\u201d e da simples tabuada tem impedido chegar l\u00e1&#8230; O que se tem feito \u00e9 passar uma esp\u00e9cie de \u201cli\u00e7\u00e3o de casa\u201d para que decorem pelo menos a tabuada para depois avan\u00e7arem.<\/p>\n<p>Com rela\u00e7\u00e3o ainda \u00e0 tabuada estivemos visitando uma escola estadual de ensino fundamental e ouvimos da diretora que a Secretaria da Educa\u00e7\u00e3o pro\u00edbe terminantemente que os professores obriguem os seus alunos a decorar a tabuada (Tem que s\u00f3 entender&#8230;!),(Esta diretora, embora siga esta determina\u00e7\u00e3o, n\u00e3o concorda com ela e tamb\u00e9m com a obrigatoriedade da progress\u00e3o continuada que impede a reprova\u00e7\u00e3o de alunos).<\/p>\n<p>Ainda com rela\u00e7\u00e3o a este assunto, indagamos de alguns alunos do ensino m\u00e9dio e os egressos de escolas p\u00fablicas da Capital de como est\u00e3o sendo ministradas as aulas de matem\u00e1tica., As respostas, apontam para um \u201ccirco de horrores\u201d na medida em que professores, inertes e desestimulados, sem poder exercer sua autoridade, se limitam a apenas \u201ccumprir tabela\u201d dando aula para uma classe em um ambiente tumultuado onde muitos alunos, em preju\u00edzo de outros, se ocupam de afazeres extracurriculares como falar alto em conversas paralelas e at\u00e9 usar o celular para jogar\u00a0 <em>free fire<\/em> em plena sala de aula sem serem admoestados neste \u201cnovo normal\u201d.<\/p>\n<p>Em suma, esta tem sido nossa experi\u00eancia com este projeto-piloto levado a cabo no Metr\u00f4. Por conta disso, apesar dos pesares, somos estimulados a prosseguir com o projeto aspirando expandir para outras esta\u00e7\u00f5es do Metr\u00f4 e tamb\u00e9m da CPTM.<\/p>\n<p>De qualquer forma, sem a a\u00e7\u00e3o do poder p\u00fablico, notadamente das secretarias da educa\u00e7\u00e3o estadual e municipal, pouco avan\u00e7o haver\u00e1 particularmente no ensino da matem\u00e1tica<\/p>\n<p>Finalizando, exortamos que os alunos do ensino fundamental pelo menos n\u00e3o sejam privados em aprenderem tabuada de cor e salteada sob pena de a chamada gera\u00e7\u00e3o Z constitu\u00edda por alunos egressos do ensino fundamental e b\u00e1sico terem tardiamente de ser apresentados \u00e0 matem\u00e1tica para conseguirem melhores empregos.<\/p>\n<p>________________________________________________________________________<\/p>\n<p><img loading=\"lazy\" decoding=\"async\" class=\"wp-image-31353 alignleft td-animation-stack-type0-2\" src=\"https:\/\/www.institutodeengenharia.org.br\/site\/wp-content\/uploads\/2018\/02\/cavalcanti-alta2-e1547225067645.jpg\" sizes=\"auto, (max-width: 169px) 100vw, 169px\" srcset=\"https:\/\/www.institutodeengenharia.org.br\/site\/wp-content\/uploads\/2018\/02\/cavalcanti-alta2-e1547225067645.jpg 606w, https:\/\/www.institutodeengenharia.org.br\/site\/wp-content\/uploads\/2018\/02\/cavalcanti-alta2-e1547225067645-150x150.jpg 150w, https:\/\/www.institutodeengenharia.org.br\/site\/wp-content\/uploads\/2018\/02\/cavalcanti-alta2-e1547225067645-298x300.jpg 298w, https:\/\/www.institutodeengenharia.org.br\/site\/wp-content\/uploads\/2018\/02\/cavalcanti-alta2-e1547225067645-417x420.jpg 417w\" alt=\"\" width=\"169\" height=\"170\" \/><\/p>\n<p>Jos\u00e9 Eduardo Cavalcanti, coordenador do projeto, \u00e9 engenheiro consultor, diretor do Departamento de Engenharia da Ambiental do Brasil, diretor da Divis\u00e3o de Saneamento do Deinfra \u2013 Departamento de Infraestrutura da Federa\u00e7\u00e3o das Ind\u00fastrias do Estado de S\u00e3o Paulo (Fiesp), conselheiro do Instituto de Engenharia, e membro da Comiss\u00e3o Editorial da Revista Engenharia. E-mail: <a href=\"mailto:cavalcanti@ambientaldobrasil.com.br\">cavalcanti@ambientaldobrasil.com.br<\/a><\/p>\n<p>*<em>Os artigos publicados com assinatura, n\u00e3o traduzem necessariamente a opini\u00e3o do Instituto de Engenharia. Sua publica\u00e7\u00e3o obedece ao prop\u00f3sito de estimular o debate dos problemas brasileiros e de refletir as diversas tend\u00eancias do pensamento contempor\u00e2neo<\/em><\/p>\n<p><em>Este artigo \u00e9 de exclusiva responsabilidade do autor.<\/em><\/p>\n","protected":false},"excerpt":{"rendered":"<p>Decorrido um ano desde o in\u00edcio do projeto-piloto denominado &#8220;Resolva aqui suas D\u00favidas de Matem\u00e1tica&#8221; de iniciativa do Instituto de Engenharia com o apoio do Metr\u00f4 e do Instituto Mau\u00e1 de Tecnologia destinado \u00e0 alunos do ensino m\u00e9dio, usu\u00e1rios do Metr\u00f4, j\u00e1 \u00e9 o momento de tecermos algumas considera\u00e7\u00f5es sobre esta experi\u00eancia in\u00e9dita. A ideia [&hellip;]<\/p>\n","protected":false},"author":13,"featured_media":124343,"comment_status":"open","ping_status":"open","sticky":false,"template":"","format":"standard","meta":{"footnotes":""},"categories":[11,92],"tags":[],"class_list":{"0":"post-124340","1":"post","2":"type-post","3":"status-publish","4":"format-standard","5":"has-post-thumbnail","7":"category-articulistas","8":"category-jose-eduardo-cavalcanti"},"yoast_head":"<!-- This site is optimized with the Yoast SEO plugin v27.2 - https:\/\/yoast.com\/product\/yoast-seo-wordpress\/ -->\n<title>Por Jos\u00e9 Eduardo Cavalcanti \u2013 Matem\u00e1tica no Metr\u00f4 - Um ano depois - Instituto de Engenharia<\/title>\n<meta name=\"robots\" content=\"index, follow, max-snippet:-1, max-image-preview:large, max-video-preview:-1\" \/>\n<link rel=\"canonical\" href=\"https:\/\/www.institutodeengenharia.org.br\/site\/2024\/10\/07\/por-jose-eduardo-cavalcanti-matematica-no-metro-um-ano-depois\/\" \/>\n<meta property=\"og:locale\" content=\"pt_BR\" \/>\n<meta property=\"og:type\" content=\"article\" \/>\n<meta property=\"og:title\" content=\"Por Jos\u00e9 Eduardo Cavalcanti \u2013 Matem\u00e1tica no Metr\u00f4 - Um ano depois - Instituto de Engenharia\" \/>\n<meta property=\"og:description\" content=\"Decorrido um ano desde o in\u00edcio do projeto-piloto denominado &#8220;Resolva aqui suas D\u00favidas de Matem\u00e1tica&#8221; de iniciativa do Instituto de Engenharia com o apoio do Metr\u00f4 e do Instituto Mau\u00e1 de Tecnologia destinado \u00e0 alunos do ensino m\u00e9dio, usu\u00e1rios do Metr\u00f4, j\u00e1 \u00e9 o momento de tecermos algumas considera\u00e7\u00f5es sobre esta experi\u00eancia in\u00e9dita. A ideia [&hellip;]\" \/>\n<meta property=\"og:url\" content=\"https:\/\/www.institutodeengenharia.org.br\/site\/2024\/10\/07\/por-jose-eduardo-cavalcanti-matematica-no-metro-um-ano-depois\/\" \/>\n<meta property=\"og:site_name\" content=\"Instituto de Engenharia\" \/>\n<meta property=\"article:publisher\" content=\"https:\/\/www.facebook.com\/institutodeengenharia\" \/>\n<meta property=\"article:published_time\" content=\"2024-10-07T18:12:06+00:00\" \/>\n<meta property=\"og:image\" content=\"https:\/\/www.institutodeengenharia.org.br\/site\/wp-content\/uploads\/2024\/10\/20231030_153256-768x576-1.jpg\" \/>\n\t<meta property=\"og:image:width\" content=\"768\" \/>\n\t<meta property=\"og:image:height\" content=\"576\" \/>\n\t<meta property=\"og:image:type\" content=\"image\/jpeg\" \/>\n<meta name=\"author\" content=\"Bianca\" \/>\n<meta name=\"twitter:card\" content=\"summary_large_image\" \/>\n<meta name=\"twitter:creator\" content=\"@iengenharia\" \/>\n<meta name=\"twitter:site\" content=\"@iengenharia\" \/>\n<meta name=\"twitter:label1\" content=\"Escrito por\" \/>\n\t<meta name=\"twitter:data1\" content=\"Bianca\" \/>\n\t<meta name=\"twitter:label2\" content=\"Est. tempo de leitura\" \/>\n\t<meta name=\"twitter:data2\" content=\"5 minutos\" \/>\n<script type=\"application\/ld+json\" class=\"yoast-schema-graph\">{\"@context\":\"https:\/\/schema.org\",\"@graph\":[{\"@type\":\"Article\",\"@id\":\"https:\/\/www.institutodeengenharia.org.br\/site\/2024\/10\/07\/por-jose-eduardo-cavalcanti-matematica-no-metro-um-ano-depois\/#article\",\"isPartOf\":{\"@id\":\"https:\/\/www.institutodeengenharia.org.br\/site\/2024\/10\/07\/por-jose-eduardo-cavalcanti-matematica-no-metro-um-ano-depois\/\"},\"author\":{\"name\":\"Bianca\",\"@id\":\"https:\/\/www.institutodeengenharia.org.br\/site\/#\/schema\/person\/aeb64951c405e100d26d30b033dd423f\"},\"headline\":\"Por Jos\u00e9 Eduardo Cavalcanti \u2013 Matem\u00e1tica no Metr\u00f4 &#8211; Um ano depois\",\"datePublished\":\"2024-10-07T18:12:06+00:00\",\"mainEntityOfPage\":{\"@id\":\"https:\/\/www.institutodeengenharia.org.br\/site\/2024\/10\/07\/por-jose-eduardo-cavalcanti-matematica-no-metro-um-ano-depois\/\"},\"wordCount\":923,\"commentCount\":0,\"publisher\":{\"@id\":\"https:\/\/www.institutodeengenharia.org.br\/site\/#organization\"},\"image\":{\"@id\":\"https:\/\/www.institutodeengenharia.org.br\/site\/2024\/10\/07\/por-jose-eduardo-cavalcanti-matematica-no-metro-um-ano-depois\/#primaryimage\"},\"thumbnailUrl\":\"https:\/\/www.institutodeengenharia.org.br\/site\/wp-content\/uploads\/2024\/10\/20231030_153256-768x576-1-e1728671367943.jpg\",\"articleSection\":[\"Articulistas\",\"Jos\u00e9 Eduardo Cavalcanti\"],\"inLanguage\":\"pt-BR\",\"potentialAction\":[{\"@type\":\"CommentAction\",\"name\":\"Comment\",\"target\":[\"https:\/\/www.institutodeengenharia.org.br\/site\/2024\/10\/07\/por-jose-eduardo-cavalcanti-matematica-no-metro-um-ano-depois\/#respond\"]}]},{\"@type\":\"WebPage\",\"@id\":\"https:\/\/www.institutodeengenharia.org.br\/site\/2024\/10\/07\/por-jose-eduardo-cavalcanti-matematica-no-metro-um-ano-depois\/\",\"url\":\"https:\/\/www.institutodeengenharia.org.br\/site\/2024\/10\/07\/por-jose-eduardo-cavalcanti-matematica-no-metro-um-ano-depois\/\",\"name\":\"Por Jos\u00e9 Eduardo Cavalcanti \u2013 Matem\u00e1tica no Metr\u00f4 - Um ano depois - Instituto de Engenharia\",\"isPartOf\":{\"@id\":\"https:\/\/www.institutodeengenharia.org.br\/site\/#website\"},\"primaryImageOfPage\":{\"@id\":\"https:\/\/www.institutodeengenharia.org.br\/site\/2024\/10\/07\/por-jose-eduardo-cavalcanti-matematica-no-metro-um-ano-depois\/#primaryimage\"},\"image\":{\"@id\":\"https:\/\/www.institutodeengenharia.org.br\/site\/2024\/10\/07\/por-jose-eduardo-cavalcanti-matematica-no-metro-um-ano-depois\/#primaryimage\"},\"thumbnailUrl\":\"https:\/\/www.institutodeengenharia.org.br\/site\/wp-content\/uploads\/2024\/10\/20231030_153256-768x576-1-e1728671367943.jpg\",\"datePublished\":\"2024-10-07T18:12:06+00:00\",\"breadcrumb\":{\"@id\":\"https:\/\/www.institutodeengenharia.org.br\/site\/2024\/10\/07\/por-jose-eduardo-cavalcanti-matematica-no-metro-um-ano-depois\/#breadcrumb\"},\"inLanguage\":\"pt-BR\",\"potentialAction\":[{\"@type\":\"ReadAction\",\"target\":[\"https:\/\/www.institutodeengenharia.org.br\/site\/2024\/10\/07\/por-jose-eduardo-cavalcanti-matematica-no-metro-um-ano-depois\/\"]}]},{\"@type\":\"ImageObject\",\"inLanguage\":\"pt-BR\",\"@id\":\"https:\/\/www.institutodeengenharia.org.br\/site\/2024\/10\/07\/por-jose-eduardo-cavalcanti-matematica-no-metro-um-ano-depois\/#primaryimage\",\"url\":\"https:\/\/www.institutodeengenharia.org.br\/site\/wp-content\/uploads\/2024\/10\/20231030_153256-768x576-1-e1728671367943.jpg\",\"contentUrl\":\"https:\/\/www.institutodeengenharia.org.br\/site\/wp-content\/uploads\/2024\/10\/20231030_153256-768x576-1-e1728671367943.jpg\",\"width\":768,\"height\":480},{\"@type\":\"BreadcrumbList\",\"@id\":\"https:\/\/www.institutodeengenharia.org.br\/site\/2024\/10\/07\/por-jose-eduardo-cavalcanti-matematica-no-metro-um-ano-depois\/#breadcrumb\",\"itemListElement\":[{\"@type\":\"ListItem\",\"position\":1,\"name\":\"In\u00edcio\",\"item\":\"https:\/\/www.institutodeengenharia.org.br\/site\/\"},{\"@type\":\"ListItem\",\"position\":2,\"name\":\"Por Jos\u00e9 Eduardo Cavalcanti \u2013 Matem\u00e1tica no Metr\u00f4 &#8211; Um ano depois\"}]},{\"@type\":\"WebSite\",\"@id\":\"https:\/\/www.institutodeengenharia.org.br\/site\/#website\",\"url\":\"https:\/\/www.institutodeengenharia.org.br\/site\/\",\"name\":\"Instituto de Engenharia\",\"description\":\"O Instituto de Engenharia promove a Engenharia em benef\u00edcio do desenvolvimento e da qualidade de vida da sociedade.\",\"publisher\":{\"@id\":\"https:\/\/www.institutodeengenharia.org.br\/site\/#organization\"},\"potentialAction\":[{\"@type\":\"SearchAction\",\"target\":{\"@type\":\"EntryPoint\",\"urlTemplate\":\"https:\/\/www.institutodeengenharia.org.br\/site\/?s={search_term_string}\"},\"query-input\":{\"@type\":\"PropertyValueSpecification\",\"valueRequired\":true,\"valueName\":\"search_term_string\"}}],\"inLanguage\":\"pt-BR\"},{\"@type\":\"Organization\",\"@id\":\"https:\/\/www.institutodeengenharia.org.br\/site\/#organization\",\"name\":\"Instituto de Engenharia\",\"url\":\"https:\/\/www.institutodeengenharia.org.br\/site\/\",\"logo\":{\"@type\":\"ImageObject\",\"inLanguage\":\"pt-BR\",\"@id\":\"https:\/\/www.institutodeengenharia.org.br\/site\/#\/schema\/logo\/image\/\",\"url\":\"https:\/\/www.institutodeengenharia.org.br\/site\/wp-content\/uploads\/2019\/03\/logo-novo-IE2018-1.jpg\",\"contentUrl\":\"https:\/\/www.institutodeengenharia.org.br\/site\/wp-content\/uploads\/2019\/03\/logo-novo-IE2018-1.jpg\",\"width\":1486,\"height\":1879,\"caption\":\"Instituto de Engenharia\"},\"image\":{\"@id\":\"https:\/\/www.institutodeengenharia.org.br\/site\/#\/schema\/logo\/image\/\"},\"sameAs\":[\"https:\/\/www.facebook.com\/institutodeengenharia\",\"https:\/\/x.com\/iengenharia\",\"https:\/\/www.instagram.com\/institutodeengenharia\/\",\"https:\/\/www.linkedin.com\/company\/instituto-de-engenharia\/\",\"https:\/\/www.youtube.com\/channel\/UCXiCAlsSMe977vamW915HxA\"]},{\"@type\":\"Person\",\"@id\":\"https:\/\/www.institutodeengenharia.org.br\/site\/#\/schema\/person\/aeb64951c405e100d26d30b033dd423f\",\"name\":\"Bianca\",\"image\":{\"@type\":\"ImageObject\",\"inLanguage\":\"pt-BR\",\"@id\":\"https:\/\/secure.gravatar.com\/avatar\/a6fbe9bff57405baf4c1e2c5c1811e072b558253974a9f9508f4678900c97c2a?s=96&d=mm&r=g\",\"url\":\"https:\/\/secure.gravatar.com\/avatar\/a6fbe9bff57405baf4c1e2c5c1811e072b558253974a9f9508f4678900c97c2a?s=96&d=mm&r=g\",\"contentUrl\":\"https:\/\/secure.gravatar.com\/avatar\/a6fbe9bff57405baf4c1e2c5c1811e072b558253974a9f9508f4678900c97c2a?s=96&d=mm&r=g\",\"caption\":\"Bianca\"},\"url\":\"https:\/\/www.institutodeengenharia.org.br\/site\/author\/comunicacao1\/\"}]}<\/script>\n<!-- \/ Yoast SEO plugin. -->","yoast_head_json":{"title":"Por Jos\u00e9 Eduardo Cavalcanti \u2013 Matem\u00e1tica no Metr\u00f4 - Um ano depois - Instituto de Engenharia","robots":{"index":"index","follow":"follow","max-snippet":"max-snippet:-1","max-image-preview":"max-image-preview:large","max-video-preview":"max-video-preview:-1"},"canonical":"https:\/\/www.institutodeengenharia.org.br\/site\/2024\/10\/07\/por-jose-eduardo-cavalcanti-matematica-no-metro-um-ano-depois\/","og_locale":"pt_BR","og_type":"article","og_title":"Por Jos\u00e9 Eduardo Cavalcanti \u2013 Matem\u00e1tica no Metr\u00f4 - Um ano depois - Instituto de Engenharia","og_description":"Decorrido um ano desde o in\u00edcio do projeto-piloto denominado &#8220;Resolva aqui suas D\u00favidas de Matem\u00e1tica&#8221; de iniciativa do Instituto de Engenharia com o apoio do Metr\u00f4 e do Instituto Mau\u00e1 de Tecnologia destinado \u00e0 alunos do ensino m\u00e9dio, usu\u00e1rios do Metr\u00f4, j\u00e1 \u00e9 o momento de tecermos algumas considera\u00e7\u00f5es sobre esta experi\u00eancia in\u00e9dita. A ideia [&hellip;]","og_url":"https:\/\/www.institutodeengenharia.org.br\/site\/2024\/10\/07\/por-jose-eduardo-cavalcanti-matematica-no-metro-um-ano-depois\/","og_site_name":"Instituto de Engenharia","article_publisher":"https:\/\/www.facebook.com\/institutodeengenharia","article_published_time":"2024-10-07T18:12:06+00:00","og_image":[{"width":768,"height":576,"url":"https:\/\/www.institutodeengenharia.org.br\/site\/wp-content\/uploads\/2024\/10\/20231030_153256-768x576-1.jpg","type":"image\/jpeg"}],"author":"Bianca","twitter_card":"summary_large_image","twitter_creator":"@iengenharia","twitter_site":"@iengenharia","twitter_misc":{"Escrito por":"Bianca","Est. tempo de leitura":"5 minutos"},"schema":{"@context":"https:\/\/schema.org","@graph":[{"@type":"Article","@id":"https:\/\/www.institutodeengenharia.org.br\/site\/2024\/10\/07\/por-jose-eduardo-cavalcanti-matematica-no-metro-um-ano-depois\/#article","isPartOf":{"@id":"https:\/\/www.institutodeengenharia.org.br\/site\/2024\/10\/07\/por-jose-eduardo-cavalcanti-matematica-no-metro-um-ano-depois\/"},"author":{"name":"Bianca","@id":"https:\/\/www.institutodeengenharia.org.br\/site\/#\/schema\/person\/aeb64951c405e100d26d30b033dd423f"},"headline":"Por Jos\u00e9 Eduardo Cavalcanti \u2013 Matem\u00e1tica no Metr\u00f4 &#8211; Um ano depois","datePublished":"2024-10-07T18:12:06+00:00","mainEntityOfPage":{"@id":"https:\/\/www.institutodeengenharia.org.br\/site\/2024\/10\/07\/por-jose-eduardo-cavalcanti-matematica-no-metro-um-ano-depois\/"},"wordCount":923,"commentCount":0,"publisher":{"@id":"https:\/\/www.institutodeengenharia.org.br\/site\/#organization"},"image":{"@id":"https:\/\/www.institutodeengenharia.org.br\/site\/2024\/10\/07\/por-jose-eduardo-cavalcanti-matematica-no-metro-um-ano-depois\/#primaryimage"},"thumbnailUrl":"https:\/\/www.institutodeengenharia.org.br\/site\/wp-content\/uploads\/2024\/10\/20231030_153256-768x576-1-e1728671367943.jpg","articleSection":["Articulistas","Jos\u00e9 Eduardo Cavalcanti"],"inLanguage":"pt-BR","potentialAction":[{"@type":"CommentAction","name":"Comment","target":["https:\/\/www.institutodeengenharia.org.br\/site\/2024\/10\/07\/por-jose-eduardo-cavalcanti-matematica-no-metro-um-ano-depois\/#respond"]}]},{"@type":"WebPage","@id":"https:\/\/www.institutodeengenharia.org.br\/site\/2024\/10\/07\/por-jose-eduardo-cavalcanti-matematica-no-metro-um-ano-depois\/","url":"https:\/\/www.institutodeengenharia.org.br\/site\/2024\/10\/07\/por-jose-eduardo-cavalcanti-matematica-no-metro-um-ano-depois\/","name":"Por Jos\u00e9 Eduardo Cavalcanti \u2013 Matem\u00e1tica no Metr\u00f4 - Um ano depois - Instituto de Engenharia","isPartOf":{"@id":"https:\/\/www.institutodeengenharia.org.br\/site\/#website"},"primaryImageOfPage":{"@id":"https:\/\/www.institutodeengenharia.org.br\/site\/2024\/10\/07\/por-jose-eduardo-cavalcanti-matematica-no-metro-um-ano-depois\/#primaryimage"},"image":{"@id":"https:\/\/www.institutodeengenharia.org.br\/site\/2024\/10\/07\/por-jose-eduardo-cavalcanti-matematica-no-metro-um-ano-depois\/#primaryimage"},"thumbnailUrl":"https:\/\/www.institutodeengenharia.org.br\/site\/wp-content\/uploads\/2024\/10\/20231030_153256-768x576-1-e1728671367943.jpg","datePublished":"2024-10-07T18:12:06+00:00","breadcrumb":{"@id":"https:\/\/www.institutodeengenharia.org.br\/site\/2024\/10\/07\/por-jose-eduardo-cavalcanti-matematica-no-metro-um-ano-depois\/#breadcrumb"},"inLanguage":"pt-BR","potentialAction":[{"@type":"ReadAction","target":["https:\/\/www.institutodeengenharia.org.br\/site\/2024\/10\/07\/por-jose-eduardo-cavalcanti-matematica-no-metro-um-ano-depois\/"]}]},{"@type":"ImageObject","inLanguage":"pt-BR","@id":"https:\/\/www.institutodeengenharia.org.br\/site\/2024\/10\/07\/por-jose-eduardo-cavalcanti-matematica-no-metro-um-ano-depois\/#primaryimage","url":"https:\/\/www.institutodeengenharia.org.br\/site\/wp-content\/uploads\/2024\/10\/20231030_153256-768x576-1-e1728671367943.jpg","contentUrl":"https:\/\/www.institutodeengenharia.org.br\/site\/wp-content\/uploads\/2024\/10\/20231030_153256-768x576-1-e1728671367943.jpg","width":768,"height":480},{"@type":"BreadcrumbList","@id":"https:\/\/www.institutodeengenharia.org.br\/site\/2024\/10\/07\/por-jose-eduardo-cavalcanti-matematica-no-metro-um-ano-depois\/#breadcrumb","itemListElement":[{"@type":"ListItem","position":1,"name":"In\u00edcio","item":"https:\/\/www.institutodeengenharia.org.br\/site\/"},{"@type":"ListItem","position":2,"name":"Por Jos\u00e9 Eduardo Cavalcanti \u2013 Matem\u00e1tica no Metr\u00f4 &#8211; Um ano depois"}]},{"@type":"WebSite","@id":"https:\/\/www.institutodeengenharia.org.br\/site\/#website","url":"https:\/\/www.institutodeengenharia.org.br\/site\/","name":"Instituto de Engenharia","description":"O Instituto de Engenharia promove a Engenharia em benef\u00edcio do desenvolvimento e da qualidade de vida da sociedade.","publisher":{"@id":"https:\/\/www.institutodeengenharia.org.br\/site\/#organization"},"potentialAction":[{"@type":"SearchAction","target":{"@type":"EntryPoint","urlTemplate":"https:\/\/www.institutodeengenharia.org.br\/site\/?s={search_term_string}"},"query-input":{"@type":"PropertyValueSpecification","valueRequired":true,"valueName":"search_term_string"}}],"inLanguage":"pt-BR"},{"@type":"Organization","@id":"https:\/\/www.institutodeengenharia.org.br\/site\/#organization","name":"Instituto de Engenharia","url":"https:\/\/www.institutodeengenharia.org.br\/site\/","logo":{"@type":"ImageObject","inLanguage":"pt-BR","@id":"https:\/\/www.institutodeengenharia.org.br\/site\/#\/schema\/logo\/image\/","url":"https:\/\/www.institutodeengenharia.org.br\/site\/wp-content\/uploads\/2019\/03\/logo-novo-IE2018-1.jpg","contentUrl":"https:\/\/www.institutodeengenharia.org.br\/site\/wp-content\/uploads\/2019\/03\/logo-novo-IE2018-1.jpg","width":1486,"height":1879,"caption":"Instituto de Engenharia"},"image":{"@id":"https:\/\/www.institutodeengenharia.org.br\/site\/#\/schema\/logo\/image\/"},"sameAs":["https:\/\/www.facebook.com\/institutodeengenharia","https:\/\/x.com\/iengenharia","https:\/\/www.instagram.com\/institutodeengenharia\/","https:\/\/www.linkedin.com\/company\/instituto-de-engenharia\/","https:\/\/www.youtube.com\/channel\/UCXiCAlsSMe977vamW915HxA"]},{"@type":"Person","@id":"https:\/\/www.institutodeengenharia.org.br\/site\/#\/schema\/person\/aeb64951c405e100d26d30b033dd423f","name":"Bianca","image":{"@type":"ImageObject","inLanguage":"pt-BR","@id":"https:\/\/secure.gravatar.com\/avatar\/a6fbe9bff57405baf4c1e2c5c1811e072b558253974a9f9508f4678900c97c2a?s=96&d=mm&r=g","url":"https:\/\/secure.gravatar.com\/avatar\/a6fbe9bff57405baf4c1e2c5c1811e072b558253974a9f9508f4678900c97c2a?s=96&d=mm&r=g","contentUrl":"https:\/\/secure.gravatar.com\/avatar\/a6fbe9bff57405baf4c1e2c5c1811e072b558253974a9f9508f4678900c97c2a?s=96&d=mm&r=g","caption":"Bianca"},"url":"https:\/\/www.institutodeengenharia.org.br\/site\/author\/comunicacao1\/"}]}},"_links":{"self":[{"href":"https:\/\/www.institutodeengenharia.org.br\/site\/wp-json\/wp\/v2\/posts\/124340","targetHints":{"allow":["GET"]}}],"collection":[{"href":"https:\/\/www.institutodeengenharia.org.br\/site\/wp-json\/wp\/v2\/posts"}],"about":[{"href":"https:\/\/www.institutodeengenharia.org.br\/site\/wp-json\/wp\/v2\/types\/post"}],"author":[{"embeddable":true,"href":"https:\/\/www.institutodeengenharia.org.br\/site\/wp-json\/wp\/v2\/users\/13"}],"replies":[{"embeddable":true,"href":"https:\/\/www.institutodeengenharia.org.br\/site\/wp-json\/wp\/v2\/comments?post=124340"}],"version-history":[{"count":1,"href":"https:\/\/www.institutodeengenharia.org.br\/site\/wp-json\/wp\/v2\/posts\/124340\/revisions"}],"predecessor-version":[{"id":124344,"href":"https:\/\/www.institutodeengenharia.org.br\/site\/wp-json\/wp\/v2\/posts\/124340\/revisions\/124344"}],"wp:featuredmedia":[{"embeddable":true,"href":"https:\/\/www.institutodeengenharia.org.br\/site\/wp-json\/wp\/v2\/media\/124343"}],"wp:attachment":[{"href":"https:\/\/www.institutodeengenharia.org.br\/site\/wp-json\/wp\/v2\/media?parent=124340"}],"wp:term":[{"taxonomy":"category","embeddable":true,"href":"https:\/\/www.institutodeengenharia.org.br\/site\/wp-json\/wp\/v2\/categories?post=124340"},{"taxonomy":"post_tag","embeddable":true,"href":"https:\/\/www.institutodeengenharia.org.br\/site\/wp-json\/wp\/v2\/tags?post=124340"}],"curies":[{"name":"wp","href":"https:\/\/api.w.org\/{rel}","templated":true}]}}