{"id":124331,"date":"2024-10-07T15:10:16","date_gmt":"2024-10-07T18:10:16","guid":{"rendered":"https:\/\/www.institutodeengenharia.org.br\/site\/?p=124331"},"modified":"2024-10-17T14:20:59","modified_gmt":"2024-10-17T17:20:59","slug":"presidente-e-conselheiros-visitam-unidade-fabril-da-weg-em-sc","status":"publish","type":"post","link":"https:\/\/www.institutodeengenharia.org.br\/site\/2024\/10\/07\/presidente-e-conselheiros-visitam-unidade-fabril-da-weg-em-sc\/","title":{"rendered":"Presidente e conselheiros visitam unidade fabril da WEG, em SC"},"content":{"rendered":"<p>O presidente do Instituto de Engenharia, Jos\u00e9 Eduardo Jardim, e conselheiros da Casa, foram recebidos no \u00faltimo dia 3, pelo Eminente Engenheiro do Ano 2024, D\u00e9cio da Silva, em Jaguar\u00e1 do Sul (SC), para uma visita t\u00e9cnica \u00e0s f\u00e1bricas da WEG Parque Fabril II e ao Museu da WEG.<\/p>\n<p><img loading=\"lazy\" decoding=\"async\" class=\"alignnone size-full wp-image-124341\" src=\"https:\/\/www.institutodeengenharia.org.br\/site\/wp-content\/uploads\/2024\/10\/WhatsApp-Image-2024-10-05-at-11.00.48.jpeg\" alt=\"\" width=\"1280\" height=\"720\" srcset=\"https:\/\/www.institutodeengenharia.org.br\/site\/wp-content\/uploads\/2024\/10\/WhatsApp-Image-2024-10-05-at-11.00.48.jpeg 1280w, https:\/\/www.institutodeengenharia.org.br\/site\/wp-content\/uploads\/2024\/10\/WhatsApp-Image-2024-10-05-at-11.00.48-300x169.jpeg 300w, https:\/\/www.institutodeengenharia.org.br\/site\/wp-content\/uploads\/2024\/10\/WhatsApp-Image-2024-10-05-at-11.00.48-1024x576.jpeg 1024w, https:\/\/www.institutodeengenharia.org.br\/site\/wp-content\/uploads\/2024\/10\/WhatsApp-Image-2024-10-05-at-11.00.48-768x432.jpeg 768w, https:\/\/www.institutodeengenharia.org.br\/site\/wp-content\/uploads\/2024\/10\/WhatsApp-Image-2024-10-05-at-11.00.48-747x420.jpeg 747w, https:\/\/www.institutodeengenharia.org.br\/site\/wp-content\/uploads\/2024\/10\/WhatsApp-Image-2024-10-05-at-11.00.48-696x392.jpeg 696w, https:\/\/www.institutodeengenharia.org.br\/site\/wp-content\/uploads\/2024\/10\/WhatsApp-Image-2024-10-05-at-11.00.48-1068x601.jpeg 1068w, https:\/\/www.institutodeengenharia.org.br\/site\/wp-content\/uploads\/2024\/10\/WhatsApp-Image-2024-10-05-at-11.00.48-600x338.jpeg 600w\" sizes=\"auto, (max-width: 1280px) 100vw, 1280px\" \/><\/p>\n<p>Os visitantes tamb\u00e9m foram recebidos por Valter Luiz Knihs, diretor Industrial e Engenharia, Alex Sandro Barbosa Passos, gerente de Engenharia Powertrain El\u00e9trico, e<br \/>\nEdson Basquiroto, gerente Desenvolvimento de Produtos.<\/p>\n<p>O Instituto de Engenharia agradece a visita e a oportunidade de conhecer de perto a Engenharia de ponta das unidades fabris.<\/p>\n<p>A cerim\u00f4nia de outorga do t\u00edtulo de Eminente Engenheiro do Ano 2024, acontece no pr\u00f3ximo dia 10 de outubro, na sede do IE, para associados e convidados.<\/p>\n<p><img loading=\"lazy\" decoding=\"async\" class=\"wp-image-124338 aligncenter\" src=\"https:\/\/www.institutodeengenharia.org.br\/site\/wp-content\/uploads\/2024\/10\/WhatsApp-Image-2024-10-05-at-11.00.49-1.jpeg\" alt=\"\" width=\"234\" height=\"507\" srcset=\"https:\/\/www.institutodeengenharia.org.br\/site\/wp-content\/uploads\/2024\/10\/WhatsApp-Image-2024-10-05-at-11.00.49-1.jpeg 591w, https:\/\/www.institutodeengenharia.org.br\/site\/wp-content\/uploads\/2024\/10\/WhatsApp-Image-2024-10-05-at-11.00.49-1-139x300.jpeg 139w, https:\/\/www.institutodeengenharia.org.br\/site\/wp-content\/uploads\/2024\/10\/WhatsApp-Image-2024-10-05-at-11.00.49-1-473x1024.jpeg 473w, https:\/\/www.institutodeengenharia.org.br\/site\/wp-content\/uploads\/2024\/10\/WhatsApp-Image-2024-10-05-at-11.00.49-1-194x420.jpeg 194w\" sizes=\"auto, (max-width: 234px) 100vw, 234px\" \/><\/p>\n<p>&nbsp;<\/p>\n","protected":false},"excerpt":{"rendered":"<p>O presidente do Instituto de Engenharia, Jos\u00e9 Eduardo Jardim, e conselheiros da Casa, foram recebidos no \u00faltimo dia 3, pelo Eminente Engenheiro do Ano 2024, D\u00e9cio da Silva, em Jaguar\u00e1 do Sul (SC), para uma visita t\u00e9cnica \u00e0s f\u00e1bricas da WEG Parque Fabril II e ao Museu da WEG. Os visitantes tamb\u00e9m foram recebidos por [&hellip;]<\/p>\n","protected":false},"author":14,"featured_media":124335,"comment_status":"open","ping_status":"open","sticky":false,"template":"","format":"standard","meta":{"footnotes":""},"categories":[27,6],"tags":[],"class_list":{"0":"post-124331","1":"post","2":"type-post","3":"status-publish","4":"format-standard","5":"has-post-thumbnail","7":"category-instituto-de-engenharia","8":"category-noticias"},"yoast_head":"<!-- This site is optimized with the Yoast SEO plugin v27.2 - https:\/\/yoast.com\/product\/yoast-seo-wordpress\/ -->\n<title>Presidente e conselheiros visitam unidade fabril da WEG, em SC - Instituto de Engenharia<\/title>\n<meta name=\"robots\" content=\"index, follow, max-snippet:-1, max-image-preview:large, max-video-preview:-1\" \/>\n<link rel=\"canonical\" href=\"https:\/\/www.institutodeengenharia.org.br\/site\/2024\/10\/07\/presidente-e-conselheiros-visitam-unidade-fabril-da-weg-em-sc\/\" \/>\n<meta property=\"og:locale\" content=\"pt_BR\" \/>\n<meta property=\"og:type\" content=\"article\" \/>\n<meta property=\"og:title\" content=\"Presidente e conselheiros visitam unidade fabril da WEG, em SC - Instituto de Engenharia\" \/>\n<meta property=\"og:description\" content=\"O presidente do Instituto de Engenharia, Jos\u00e9 Eduardo Jardim, e conselheiros da Casa, foram recebidos no \u00faltimo dia 3, pelo Eminente Engenheiro do Ano 2024, D\u00e9cio da Silva, em Jaguar\u00e1 do Sul (SC), para uma visita t\u00e9cnica \u00e0s f\u00e1bricas da WEG Parque Fabril II e ao Museu da WEG. Os visitantes tamb\u00e9m foram recebidos por [&hellip;]\" \/>\n<meta property=\"og:url\" content=\"https:\/\/www.institutodeengenharia.org.br\/site\/2024\/10\/07\/presidente-e-conselheiros-visitam-unidade-fabril-da-weg-em-sc\/\" \/>\n<meta property=\"og:site_name\" content=\"Instituto de Engenharia\" \/>\n<meta property=\"article:publisher\" content=\"https:\/\/www.facebook.com\/institutodeengenharia\" \/>\n<meta property=\"article:published_time\" content=\"2024-10-07T18:10:16+00:00\" \/>\n<meta property=\"article:modified_time\" content=\"2024-10-17T17:20:59+00:00\" \/>\n<meta property=\"og:image\" content=\"https:\/\/www.institutodeengenharia.org.br\/site\/wp-content\/uploads\/2024\/10\/almoco-WEG.jpeg\" \/>\n\t<meta property=\"og:image:width\" content=\"631\" \/>\n\t<meta property=\"og:image:height\" content=\"296\" \/>\n\t<meta property=\"og:image:type\" content=\"image\/jpeg\" \/>\n<meta name=\"author\" content=\"Isabel\" \/>\n<meta name=\"twitter:card\" content=\"summary_large_image\" \/>\n<meta name=\"twitter:creator\" content=\"@iengenharia\" \/>\n<meta name=\"twitter:site\" content=\"@iengenharia\" \/>\n<meta name=\"twitter:label1\" content=\"Escrito por\" \/>\n\t<meta name=\"twitter:data1\" content=\"Isabel\" \/>\n\t<meta name=\"twitter:label2\" content=\"Est. tempo de leitura\" \/>\n\t<meta name=\"twitter:data2\" content=\"2 minutos\" \/>\n<script type=\"application\/ld+json\" class=\"yoast-schema-graph\">{\"@context\":\"https:\/\/schema.org\",\"@graph\":[{\"@type\":\"Article\",\"@id\":\"https:\/\/www.institutodeengenharia.org.br\/site\/2024\/10\/07\/presidente-e-conselheiros-visitam-unidade-fabril-da-weg-em-sc\/#article\",\"isPartOf\":{\"@id\":\"https:\/\/www.institutodeengenharia.org.br\/site\/2024\/10\/07\/presidente-e-conselheiros-visitam-unidade-fabril-da-weg-em-sc\/\"},\"author\":{\"name\":\"Isabel\",\"@id\":\"https:\/\/www.institutodeengenharia.org.br\/site\/#\/schema\/person\/593dc356630173a4877a635d3e5fd76b\"},\"headline\":\"Presidente e conselheiros visitam unidade fabril da WEG, em SC\",\"datePublished\":\"2024-10-07T18:10:16+00:00\",\"dateModified\":\"2024-10-17T17:20:59+00:00\",\"mainEntityOfPage\":{\"@id\":\"https:\/\/www.institutodeengenharia.org.br\/site\/2024\/10\/07\/presidente-e-conselheiros-visitam-unidade-fabril-da-weg-em-sc\/\"},\"wordCount\":141,\"commentCount\":0,\"publisher\":{\"@id\":\"https:\/\/www.institutodeengenharia.org.br\/site\/#organization\"},\"image\":{\"@id\":\"https:\/\/www.institutodeengenharia.org.br\/site\/2024\/10\/07\/presidente-e-conselheiros-visitam-unidade-fabril-da-weg-em-sc\/#primaryimage\"},\"thumbnailUrl\":\"https:\/\/www.institutodeengenharia.org.br\/site\/wp-content\/uploads\/2024\/10\/almoco-WEG.jpeg\",\"articleSection\":[\"Instituto de Engenharia\",\"Not\u00edcias\"],\"inLanguage\":\"pt-BR\",\"potentialAction\":[{\"@type\":\"CommentAction\",\"name\":\"Comment\",\"target\":[\"https:\/\/www.institutodeengenharia.org.br\/site\/2024\/10\/07\/presidente-e-conselheiros-visitam-unidade-fabril-da-weg-em-sc\/#respond\"]}]},{\"@type\":\"WebPage\",\"@id\":\"https:\/\/www.institutodeengenharia.org.br\/site\/2024\/10\/07\/presidente-e-conselheiros-visitam-unidade-fabril-da-weg-em-sc\/\",\"url\":\"https:\/\/www.institutodeengenharia.org.br\/site\/2024\/10\/07\/presidente-e-conselheiros-visitam-unidade-fabril-da-weg-em-sc\/\",\"name\":\"Presidente e conselheiros visitam unidade fabril da WEG, em SC - Instituto de Engenharia\",\"isPartOf\":{\"@id\":\"https:\/\/www.institutodeengenharia.org.br\/site\/#website\"},\"primaryImageOfPage\":{\"@id\":\"https:\/\/www.institutodeengenharia.org.br\/site\/2024\/10\/07\/presidente-e-conselheiros-visitam-unidade-fabril-da-weg-em-sc\/#primaryimage\"},\"image\":{\"@id\":\"https:\/\/www.institutodeengenharia.org.br\/site\/2024\/10\/07\/presidente-e-conselheiros-visitam-unidade-fabril-da-weg-em-sc\/#primaryimage\"},\"thumbnailUrl\":\"https:\/\/www.institutodeengenharia.org.br\/site\/wp-content\/uploads\/2024\/10\/almoco-WEG.jpeg\",\"datePublished\":\"2024-10-07T18:10:16+00:00\",\"dateModified\":\"2024-10-17T17:20:59+00:00\",\"breadcrumb\":{\"@id\":\"https:\/\/www.institutodeengenharia.org.br\/site\/2024\/10\/07\/presidente-e-conselheiros-visitam-unidade-fabril-da-weg-em-sc\/#breadcrumb\"},\"inLanguage\":\"pt-BR\",\"potentialAction\":[{\"@type\":\"ReadAction\",\"target\":[\"https:\/\/www.institutodeengenharia.org.br\/site\/2024\/10\/07\/presidente-e-conselheiros-visitam-unidade-fabril-da-weg-em-sc\/\"]}]},{\"@type\":\"ImageObject\",\"inLanguage\":\"pt-BR\",\"@id\":\"https:\/\/www.institutodeengenharia.org.br\/site\/2024\/10\/07\/presidente-e-conselheiros-visitam-unidade-fabril-da-weg-em-sc\/#primaryimage\",\"url\":\"https:\/\/www.institutodeengenharia.org.br\/site\/wp-content\/uploads\/2024\/10\/almoco-WEG.jpeg\",\"contentUrl\":\"https:\/\/www.institutodeengenharia.org.br\/site\/wp-content\/uploads\/2024\/10\/almoco-WEG.jpeg\",\"width\":631,\"height\":296},{\"@type\":\"BreadcrumbList\",\"@id\":\"https:\/\/www.institutodeengenharia.org.br\/site\/2024\/10\/07\/presidente-e-conselheiros-visitam-unidade-fabril-da-weg-em-sc\/#breadcrumb\",\"itemListElement\":[{\"@type\":\"ListItem\",\"position\":1,\"name\":\"In\u00edcio\",\"item\":\"https:\/\/www.institutodeengenharia.org.br\/site\/\"},{\"@type\":\"ListItem\",\"position\":2,\"name\":\"Presidente e conselheiros visitam unidade fabril da WEG, em SC\"}]},{\"@type\":\"WebSite\",\"@id\":\"https:\/\/www.institutodeengenharia.org.br\/site\/#website\",\"url\":\"https:\/\/www.institutodeengenharia.org.br\/site\/\",\"name\":\"Instituto de Engenharia\",\"description\":\"O Instituto de Engenharia promove a Engenharia em benef\u00edcio do desenvolvimento e da qualidade de vida da sociedade.\",\"publisher\":{\"@id\":\"https:\/\/www.institutodeengenharia.org.br\/site\/#organization\"},\"potentialAction\":[{\"@type\":\"SearchAction\",\"target\":{\"@type\":\"EntryPoint\",\"urlTemplate\":\"https:\/\/www.institutodeengenharia.org.br\/site\/?s={search_term_string}\"},\"query-input\":{\"@type\":\"PropertyValueSpecification\",\"valueRequired\":true,\"valueName\":\"search_term_string\"}}],\"inLanguage\":\"pt-BR\"},{\"@type\":\"Organization\",\"@id\":\"https:\/\/www.institutodeengenharia.org.br\/site\/#organization\",\"name\":\"Instituto de Engenharia\",\"url\":\"https:\/\/www.institutodeengenharia.org.br\/site\/\",\"logo\":{\"@type\":\"ImageObject\",\"inLanguage\":\"pt-BR\",\"@id\":\"https:\/\/www.institutodeengenharia.org.br\/site\/#\/schema\/logo\/image\/\",\"url\":\"https:\/\/www.institutodeengenharia.org.br\/site\/wp-content\/uploads\/2019\/03\/logo-novo-IE2018-1.jpg\",\"contentUrl\":\"https:\/\/www.institutodeengenharia.org.br\/site\/wp-content\/uploads\/2019\/03\/logo-novo-IE2018-1.jpg\",\"width\":1486,\"height\":1879,\"caption\":\"Instituto de Engenharia\"},\"image\":{\"@id\":\"https:\/\/www.institutodeengenharia.org.br\/site\/#\/schema\/logo\/image\/\"},\"sameAs\":[\"https:\/\/www.facebook.com\/institutodeengenharia\",\"https:\/\/x.com\/iengenharia\",\"https:\/\/www.instagram.com\/institutodeengenharia\/\",\"https:\/\/www.linkedin.com\/company\/instituto-de-engenharia\/\",\"https:\/\/www.youtube.com\/channel\/UCXiCAlsSMe977vamW915HxA\"]},{\"@type\":\"Person\",\"@id\":\"https:\/\/www.institutodeengenharia.org.br\/site\/#\/schema\/person\/593dc356630173a4877a635d3e5fd76b\",\"name\":\"Isabel\",\"image\":{\"@type\":\"ImageObject\",\"inLanguage\":\"pt-BR\",\"@id\":\"https:\/\/secure.gravatar.com\/avatar\/f3c521db63ec9db17894f10a88c6a3cf95b2281d7f80eeb3cf3ef1cb091576e7?s=96&d=mm&r=g\",\"url\":\"https:\/\/secure.gravatar.com\/avatar\/f3c521db63ec9db17894f10a88c6a3cf95b2281d7f80eeb3cf3ef1cb091576e7?s=96&d=mm&r=g\",\"contentUrl\":\"https:\/\/secure.gravatar.com\/avatar\/f3c521db63ec9db17894f10a88c6a3cf95b2281d7f80eeb3cf3ef1cb091576e7?s=96&d=mm&r=g\",\"caption\":\"Isabel\"},\"url\":\"https:\/\/www.institutodeengenharia.org.br\/site\/author\/comunicacao2\/\"}]}<\/script>\n<!-- \/ Yoast SEO plugin. -->","yoast_head_json":{"title":"Presidente e conselheiros visitam unidade fabril da WEG, em SC - Instituto de Engenharia","robots":{"index":"index","follow":"follow","max-snippet":"max-snippet:-1","max-image-preview":"max-image-preview:large","max-video-preview":"max-video-preview:-1"},"canonical":"https:\/\/www.institutodeengenharia.org.br\/site\/2024\/10\/07\/presidente-e-conselheiros-visitam-unidade-fabril-da-weg-em-sc\/","og_locale":"pt_BR","og_type":"article","og_title":"Presidente e conselheiros visitam unidade fabril da WEG, em SC - Instituto de Engenharia","og_description":"O presidente do Instituto de Engenharia, Jos\u00e9 Eduardo Jardim, e conselheiros da Casa, foram recebidos no \u00faltimo dia 3, pelo Eminente Engenheiro do Ano 2024, D\u00e9cio da Silva, em Jaguar\u00e1 do Sul (SC), para uma visita t\u00e9cnica \u00e0s f\u00e1bricas da WEG Parque Fabril II e ao Museu da WEG. Os visitantes tamb\u00e9m foram recebidos por [&hellip;]","og_url":"https:\/\/www.institutodeengenharia.org.br\/site\/2024\/10\/07\/presidente-e-conselheiros-visitam-unidade-fabril-da-weg-em-sc\/","og_site_name":"Instituto de Engenharia","article_publisher":"https:\/\/www.facebook.com\/institutodeengenharia","article_published_time":"2024-10-07T18:10:16+00:00","article_modified_time":"2024-10-17T17:20:59+00:00","og_image":[{"width":631,"height":296,"url":"https:\/\/www.institutodeengenharia.org.br\/site\/wp-content\/uploads\/2024\/10\/almoco-WEG.jpeg","type":"image\/jpeg"}],"author":"Isabel","twitter_card":"summary_large_image","twitter_creator":"@iengenharia","twitter_site":"@iengenharia","twitter_misc":{"Escrito por":"Isabel","Est. tempo de leitura":"2 minutos"},"schema":{"@context":"https:\/\/schema.org","@graph":[{"@type":"Article","@id":"https:\/\/www.institutodeengenharia.org.br\/site\/2024\/10\/07\/presidente-e-conselheiros-visitam-unidade-fabril-da-weg-em-sc\/#article","isPartOf":{"@id":"https:\/\/www.institutodeengenharia.org.br\/site\/2024\/10\/07\/presidente-e-conselheiros-visitam-unidade-fabril-da-weg-em-sc\/"},"author":{"name":"Isabel","@id":"https:\/\/www.institutodeengenharia.org.br\/site\/#\/schema\/person\/593dc356630173a4877a635d3e5fd76b"},"headline":"Presidente e conselheiros visitam unidade fabril da WEG, em SC","datePublished":"2024-10-07T18:10:16+00:00","dateModified":"2024-10-17T17:20:59+00:00","mainEntityOfPage":{"@id":"https:\/\/www.institutodeengenharia.org.br\/site\/2024\/10\/07\/presidente-e-conselheiros-visitam-unidade-fabril-da-weg-em-sc\/"},"wordCount":141,"commentCount":0,"publisher":{"@id":"https:\/\/www.institutodeengenharia.org.br\/site\/#organization"},"image":{"@id":"https:\/\/www.institutodeengenharia.org.br\/site\/2024\/10\/07\/presidente-e-conselheiros-visitam-unidade-fabril-da-weg-em-sc\/#primaryimage"},"thumbnailUrl":"https:\/\/www.institutodeengenharia.org.br\/site\/wp-content\/uploads\/2024\/10\/almoco-WEG.jpeg","articleSection":["Instituto de Engenharia","Not\u00edcias"],"inLanguage":"pt-BR","potentialAction":[{"@type":"CommentAction","name":"Comment","target":["https:\/\/www.institutodeengenharia.org.br\/site\/2024\/10\/07\/presidente-e-conselheiros-visitam-unidade-fabril-da-weg-em-sc\/#respond"]}]},{"@type":"WebPage","@id":"https:\/\/www.institutodeengenharia.org.br\/site\/2024\/10\/07\/presidente-e-conselheiros-visitam-unidade-fabril-da-weg-em-sc\/","url":"https:\/\/www.institutodeengenharia.org.br\/site\/2024\/10\/07\/presidente-e-conselheiros-visitam-unidade-fabril-da-weg-em-sc\/","name":"Presidente e conselheiros visitam unidade fabril da WEG, em SC - Instituto de Engenharia","isPartOf":{"@id":"https:\/\/www.institutodeengenharia.org.br\/site\/#website"},"primaryImageOfPage":{"@id":"https:\/\/www.institutodeengenharia.org.br\/site\/2024\/10\/07\/presidente-e-conselheiros-visitam-unidade-fabril-da-weg-em-sc\/#primaryimage"},"image":{"@id":"https:\/\/www.institutodeengenharia.org.br\/site\/2024\/10\/07\/presidente-e-conselheiros-visitam-unidade-fabril-da-weg-em-sc\/#primaryimage"},"thumbnailUrl":"https:\/\/www.institutodeengenharia.org.br\/site\/wp-content\/uploads\/2024\/10\/almoco-WEG.jpeg","datePublished":"2024-10-07T18:10:16+00:00","dateModified":"2024-10-17T17:20:59+00:00","breadcrumb":{"@id":"https:\/\/www.institutodeengenharia.org.br\/site\/2024\/10\/07\/presidente-e-conselheiros-visitam-unidade-fabril-da-weg-em-sc\/#breadcrumb"},"inLanguage":"pt-BR","potentialAction":[{"@type":"ReadAction","target":["https:\/\/www.institutodeengenharia.org.br\/site\/2024\/10\/07\/presidente-e-conselheiros-visitam-unidade-fabril-da-weg-em-sc\/"]}]},{"@type":"ImageObject","inLanguage":"pt-BR","@id":"https:\/\/www.institutodeengenharia.org.br\/site\/2024\/10\/07\/presidente-e-conselheiros-visitam-unidade-fabril-da-weg-em-sc\/#primaryimage","url":"https:\/\/www.institutodeengenharia.org.br\/site\/wp-content\/uploads\/2024\/10\/almoco-WEG.jpeg","contentUrl":"https:\/\/www.institutodeengenharia.org.br\/site\/wp-content\/uploads\/2024\/10\/almoco-WEG.jpeg","width":631,"height":296},{"@type":"BreadcrumbList","@id":"https:\/\/www.institutodeengenharia.org.br\/site\/2024\/10\/07\/presidente-e-conselheiros-visitam-unidade-fabril-da-weg-em-sc\/#breadcrumb","itemListElement":[{"@type":"ListItem","position":1,"name":"In\u00edcio","item":"https:\/\/www.institutodeengenharia.org.br\/site\/"},{"@type":"ListItem","position":2,"name":"Presidente e conselheiros visitam unidade fabril da WEG, em SC"}]},{"@type":"WebSite","@id":"https:\/\/www.institutodeengenharia.org.br\/site\/#website","url":"https:\/\/www.institutodeengenharia.org.br\/site\/","name":"Instituto de Engenharia","description":"O Instituto de Engenharia promove a Engenharia em benef\u00edcio do desenvolvimento e da qualidade de vida da sociedade.","publisher":{"@id":"https:\/\/www.institutodeengenharia.org.br\/site\/#organization"},"potentialAction":[{"@type":"SearchAction","target":{"@type":"EntryPoint","urlTemplate":"https:\/\/www.institutodeengenharia.org.br\/site\/?s={search_term_string}"},"query-input":{"@type":"PropertyValueSpecification","valueRequired":true,"valueName":"search_term_string"}}],"inLanguage":"pt-BR"},{"@type":"Organization","@id":"https:\/\/www.institutodeengenharia.org.br\/site\/#organization","name":"Instituto de Engenharia","url":"https:\/\/www.institutodeengenharia.org.br\/site\/","logo":{"@type":"ImageObject","inLanguage":"pt-BR","@id":"https:\/\/www.institutodeengenharia.org.br\/site\/#\/schema\/logo\/image\/","url":"https:\/\/www.institutodeengenharia.org.br\/site\/wp-content\/uploads\/2019\/03\/logo-novo-IE2018-1.jpg","contentUrl":"https:\/\/www.institutodeengenharia.org.br\/site\/wp-content\/uploads\/2019\/03\/logo-novo-IE2018-1.jpg","width":1486,"height":1879,"caption":"Instituto de Engenharia"},"image":{"@id":"https:\/\/www.institutodeengenharia.org.br\/site\/#\/schema\/logo\/image\/"},"sameAs":["https:\/\/www.facebook.com\/institutodeengenharia","https:\/\/x.com\/iengenharia","https:\/\/www.instagram.com\/institutodeengenharia\/","https:\/\/www.linkedin.com\/company\/instituto-de-engenharia\/","https:\/\/www.youtube.com\/channel\/UCXiCAlsSMe977vamW915HxA"]},{"@type":"Person","@id":"https:\/\/www.institutodeengenharia.org.br\/site\/#\/schema\/person\/593dc356630173a4877a635d3e5fd76b","name":"Isabel","image":{"@type":"ImageObject","inLanguage":"pt-BR","@id":"https:\/\/secure.gravatar.com\/avatar\/f3c521db63ec9db17894f10a88c6a3cf95b2281d7f80eeb3cf3ef1cb091576e7?s=96&d=mm&r=g","url":"https:\/\/secure.gravatar.com\/avatar\/f3c521db63ec9db17894f10a88c6a3cf95b2281d7f80eeb3cf3ef1cb091576e7?s=96&d=mm&r=g","contentUrl":"https:\/\/secure.gravatar.com\/avatar\/f3c521db63ec9db17894f10a88c6a3cf95b2281d7f80eeb3cf3ef1cb091576e7?s=96&d=mm&r=g","caption":"Isabel"},"url":"https:\/\/www.institutodeengenharia.org.br\/site\/author\/comunicacao2\/"}]}},"_links":{"self":[{"href":"https:\/\/www.institutodeengenharia.org.br\/site\/wp-json\/wp\/v2\/posts\/124331","targetHints":{"allow":["GET"]}}],"collection":[{"href":"https:\/\/www.institutodeengenharia.org.br\/site\/wp-json\/wp\/v2\/posts"}],"about":[{"href":"https:\/\/www.institutodeengenharia.org.br\/site\/wp-json\/wp\/v2\/types\/post"}],"author":[{"embeddable":true,"href":"https:\/\/www.institutodeengenharia.org.br\/site\/wp-json\/wp\/v2\/users\/14"}],"replies":[{"embeddable":true,"href":"https:\/\/www.institutodeengenharia.org.br\/site\/wp-json\/wp\/v2\/comments?post=124331"}],"version-history":[{"count":2,"href":"https:\/\/www.institutodeengenharia.org.br\/site\/wp-json\/wp\/v2\/posts\/124331\/revisions"}],"predecessor-version":[{"id":124619,"href":"https:\/\/www.institutodeengenharia.org.br\/site\/wp-json\/wp\/v2\/posts\/124331\/revisions\/124619"}],"wp:featuredmedia":[{"embeddable":true,"href":"https:\/\/www.institutodeengenharia.org.br\/site\/wp-json\/wp\/v2\/media\/124335"}],"wp:attachment":[{"href":"https:\/\/www.institutodeengenharia.org.br\/site\/wp-json\/wp\/v2\/media?parent=124331"}],"wp:term":[{"taxonomy":"category","embeddable":true,"href":"https:\/\/www.institutodeengenharia.org.br\/site\/wp-json\/wp\/v2\/categories?post=124331"},{"taxonomy":"post_tag","embeddable":true,"href":"https:\/\/www.institutodeengenharia.org.br\/site\/wp-json\/wp\/v2\/tags?post=124331"}],"curies":[{"name":"wp","href":"https:\/\/api.w.org\/{rel}","templated":true}]}}