{"id":124097,"date":"2024-07-15T14:37:16","date_gmt":"2024-07-15T17:37:16","guid":{"rendered":"https:\/\/www.institutodeengenharia.org.br\/site\/?p=124097"},"modified":"2024-09-30T10:53:07","modified_gmt":"2024-09-30T13:53:07","slug":"desafios-e-tendencias-em-navegacao-aerea","status":"publish","type":"post","link":"https:\/\/www.institutodeengenharia.org.br\/site\/2024\/07\/15\/desafios-e-tendencias-em-navegacao-aerea\/","title":{"rendered":"Desafios e tend\u00eancias em navega\u00e7\u00e3o a\u00e9rea"},"content":{"rendered":"<p><strong>Assista abaixo \u00e0 grava\u00e7\u00e3o do evento:\u00a0<\/strong><\/p>\n<div style=\"padding: 56.25% 0 0 0; position: relative;\"><iframe style=\"position: absolute; top: 0; left: 0; width: 100%; height: 100%;\" title=\"Desafios e Tend\u00eancias em Navega\u00e7\u00e3o A\u00e9rea\" src=\" https:\/\/player.vimeo.com\/video\/1012763823?badge=0&amp;autopause=0&amp;player_id=0&amp;app_id=58479\" frameborder=\"0\"><\/iframe><\/div>\n<p>&nbsp;<\/p>\n<p><strong>+ Informa\u00e7\u00f5es:\u00a0<\/strong><\/p>\n<p>Nos \u00faltimos cinco anos, o setor da avia\u00e7\u00e3o aumentou substancialmente o ritmo de desenvolvimento e aplica\u00e7\u00e3o de novas tecnologias e novos conceitos operacionais.<\/p>\n<p>Os marcos alcan\u00e7ados durante esse per\u00edodo incluem:<\/p>\n<p>a) Circum-navega\u00e7\u00e3o do mundo em uma aeronave solar e progresso no desenvolvimento de tecnologias h\u00edbridas\/el\u00e9tricas para aeronaves;<\/p>\n<p>b) Aumento da produ\u00e7\u00e3o e utiliza\u00e7\u00e3o de combust\u00edveis de avia\u00e7\u00e3o sustent\u00e1veis;<\/p>\n<p>c) Realiza\u00e7\u00e3o de voo suborbital tripulado;<\/p>\n<p>d) Realiza\u00e7\u00e3o de v\u00e1rios testes bem sucedidos de \u201ct\u00e1xis voadores\u201d com pessoas a bordo;<\/p>\n<p>e) Implanta\u00e7\u00e3o de sistemas de gest\u00e3o do tr\u00e1fego para sistemas de aeronaves n\u00e3o tripuladas ou aeronaves remotamente pilotadas;<\/p>\n<p>(f) Presta\u00e7\u00e3o de servi\u00e7os regulares de comunica\u00e7\u00f5es, a partir de plataformas montadas em bal\u00f5es de alta altitude. Tudo acompanhado de um aumento no uso de aprendizado de m\u00e1quina, intelig\u00eancia artificial e blockchain em aplica\u00e7\u00f5es de avia\u00e7\u00e3o.<\/p>\n<p>Em muitos casos, esses avan\u00e7os inovadores contribuem para melhorar a seguran\u00e7a operacional (safety), seguran\u00e7a da avia\u00e7\u00e3o (security), sustentabilidade ambiental e a acessibilidade. Por outro lado, muitos desses desenvolvimentos colocam desafios, como a satura\u00e7\u00e3o de aeroportos e espa\u00e7os a\u00e9reos, a crescente depend\u00eancia das tecnologias da informa\u00e7\u00e3o e da comunica\u00e7\u00e3o, as amea\u00e7as cibern\u00e9ticas e mudan\u00e7as clim\u00e1ticas, podendo tamb\u00e9m exigir processos regulamentares mais eficientes e simplificados.<\/p>\n<p>Portanto, analisaremos o que pode e deve ser feito para avan\u00e7ar a \u201cnavega\u00e7\u00e3o a\u00e9rea\u201d, de forma segura e eficiente, para o benef\u00edcio da sociedade em geral, de acordo com os objetivos estrat\u00e9gicos estabelecidos pela Organiza\u00e7\u00e3o de Avia\u00e7\u00e3o Civil Internacional.<\/p>\n<p><strong>P\u00fablico-alvo:\u00a0<\/strong><\/p>\n<p>Engenheiros, arquitetos e estudantes de \u00e1reas correlatas.<\/p>\n<p><strong>Realiza\u00e7\u00e3o:<\/strong><\/p>\n<p><img loading=\"lazy\" decoding=\"async\" class=\"alignnone wp-image-81229 alignleft td-animation-stack-type0-2\" src=\"https:\/\/www.institutodeengenharia.org.br\/site\/wp-content\/uploads\/2021\/05\/ie-logo-escudo.jpeg\" alt=\"\" width=\"94\" height=\"119\" srcset=\"https:\/\/www.institutodeengenharia.org.br\/site\/wp-content\/uploads\/2021\/05\/ie-logo-escudo.jpeg 1012w, https:\/\/www.institutodeengenharia.org.br\/site\/wp-content\/uploads\/2021\/05\/ie-logo-escudo-237x300.jpeg 237w, https:\/\/www.institutodeengenharia.org.br\/site\/wp-content\/uploads\/2021\/05\/ie-logo-escudo-810x1024.jpeg 810w, https:\/\/www.institutodeengenharia.org.br\/site\/wp-content\/uploads\/2021\/05\/ie-logo-escudo-768x971.jpeg 768w, https:\/\/www.institutodeengenharia.org.br\/site\/wp-content\/uploads\/2021\/05\/ie-logo-escudo-696x880.jpeg 696w, https:\/\/www.institutodeengenharia.org.br\/site\/wp-content\/uploads\/2021\/05\/ie-logo-escudo-332x420.jpeg 332w, https:\/\/www.institutodeengenharia.org.br\/site\/wp-content\/uploads\/2021\/05\/ie-logo-escudo-600x759.jpeg 600w\" sizes=\"auto, (max-width: 94px) 100vw, 94px\" \/><\/p>\n<p><strong>Eng. Ivan Metran Whately<\/strong>\u00a0\u2013 Vice-presidente de Atividades T\u00e9cnicas<\/p>\n<p><strong>Eng. Jean Carlos Pejo<\/strong>\u00a0\u2013 Diretor do Departamento de Desenvolvimento de Infraestrutura e Log\u00edstica<\/p>\n<p><strong>Eng. Adalberto Febeliano<\/strong>\u00a0\u2013 Coordenador da Divis\u00e3o T\u00e9cnica de Transportes A\u00e9reos<\/p>\n<p><strong>Apoio Institucional:<\/strong><\/p>\n<p><img loading=\"lazy\" decoding=\"async\" class=\"alignnone wp-image-77696 td-animation-stack-type0-2\" src=\"https:\/\/www.institutodeengenharia.org.br\/site\/wp-content\/uploads\/2021\/02\/crea.jpg\" alt=\"\" width=\"145\" height=\"102\" srcset=\"https:\/\/www.institutodeengenharia.org.br\/site\/wp-content\/uploads\/2021\/02\/crea.jpg 448w, https:\/\/www.institutodeengenharia.org.br\/site\/wp-content\/uploads\/2021\/02\/crea-300x211.jpg 300w, https:\/\/www.institutodeengenharia.org.br\/site\/wp-content\/uploads\/2021\/02\/crea-100x70.jpg 100w\" sizes=\"auto, (max-width: 145px) 100vw, 145px\" \/><\/p>\n<p><strong>Apoio \u00e0 forma\u00e7\u00e3o:\u00a0<\/strong><\/p>\n<p>Espa\u00e7o aberto ao CREA-SP, objetivando o aperfei\u00e7oamento dos profissionais e o aprimoramento da fiscaliza\u00e7\u00e3o das \u00e1reas abrangidas pelo Sistema Confea\/CREAs, al\u00e9m de promover a conscientiza\u00e7\u00e3o da sociedade quanto \u00e0 necessidade e obrigatoriedade de contratar um profissional devidamente habilitado.<\/p>\n","protected":false},"excerpt":{"rendered":"<p>Assista abaixo \u00e0 grava\u00e7\u00e3o do evento:\u00a0 &nbsp; + Informa\u00e7\u00f5es:\u00a0 Nos \u00faltimos cinco anos, o setor da avia\u00e7\u00e3o aumentou substancialmente o ritmo de desenvolvimento e aplica\u00e7\u00e3o de novas tecnologias e novos conceitos operacionais. Os marcos alcan\u00e7ados durante esse per\u00edodo incluem: a) Circum-navega\u00e7\u00e3o do mundo em uma aeronave solar e progresso no desenvolvimento de tecnologias h\u00edbridas\/el\u00e9tricas para [&hellip;]<\/p>\n","protected":false},"author":13,"featured_media":124098,"comment_status":"open","ping_status":"open","sticky":false,"template":"","format":"video","meta":{"footnotes":""},"categories":[968,969],"tags":[],"class_list":{"0":"post-124097","1":"post","2":"type-post","3":"status-publish","4":"format-video","5":"has-post-thumbnail","7":"category-nova-tv-engenharia","8":"category-palestra","9":"post_format-post-format-video"},"yoast_head":"<!-- This site is optimized with the Yoast SEO plugin v27.2 - https:\/\/yoast.com\/product\/yoast-seo-wordpress\/ -->\n<title>Desafios e tend\u00eancias em navega\u00e7\u00e3o a\u00e9rea - Instituto de Engenharia<\/title>\n<meta name=\"robots\" content=\"index, follow, max-snippet:-1, max-image-preview:large, max-video-preview:-1\" \/>\n<link rel=\"canonical\" href=\"https:\/\/www.institutodeengenharia.org.br\/site\/2024\/07\/15\/desafios-e-tendencias-em-navegacao-aerea\/\" \/>\n<meta property=\"og:locale\" content=\"pt_BR\" \/>\n<meta property=\"og:type\" content=\"article\" \/>\n<meta property=\"og:title\" content=\"Desafios e tend\u00eancias em navega\u00e7\u00e3o a\u00e9rea - Instituto de Engenharia\" \/>\n<meta property=\"og:description\" content=\"Assista abaixo \u00e0 grava\u00e7\u00e3o do evento:\u00a0 &nbsp; + Informa\u00e7\u00f5es:\u00a0 Nos \u00faltimos cinco anos, o setor da avia\u00e7\u00e3o aumentou substancialmente o ritmo de desenvolvimento e aplica\u00e7\u00e3o de novas tecnologias e novos conceitos operacionais. Os marcos alcan\u00e7ados durante esse per\u00edodo incluem: a) Circum-navega\u00e7\u00e3o do mundo em uma aeronave solar e progresso no desenvolvimento de tecnologias h\u00edbridas\/el\u00e9tricas para [&hellip;]\" \/>\n<meta property=\"og:url\" content=\"https:\/\/www.institutodeengenharia.org.br\/site\/2024\/07\/15\/desafios-e-tendencias-em-navegacao-aerea\/\" \/>\n<meta property=\"og:site_name\" content=\"Instituto de Engenharia\" \/>\n<meta property=\"article:publisher\" content=\"https:\/\/www.facebook.com\/institutodeengenharia\" \/>\n<meta property=\"article:published_time\" content=\"2024-07-15T17:37:16+00:00\" \/>\n<meta property=\"article:modified_time\" content=\"2024-09-30T13:53:07+00:00\" \/>\n<meta property=\"og:image\" content=\"https:\/\/www.institutodeengenharia.org.br\/site\/wp-content\/uploads\/2024\/09\/Desafios-e-Tendencias-em-Navegacao-Aerea.png\" \/>\n\t<meta property=\"og:image:width\" content=\"1920\" \/>\n\t<meta property=\"og:image:height\" content=\"1080\" \/>\n\t<meta property=\"og:image:type\" content=\"image\/png\" \/>\n<meta name=\"author\" content=\"Bianca\" \/>\n<meta name=\"twitter:card\" content=\"summary_large_image\" \/>\n<meta name=\"twitter:creator\" content=\"@iengenharia\" \/>\n<meta name=\"twitter:site\" content=\"@iengenharia\" \/>\n<meta name=\"twitter:label1\" content=\"Escrito por\" \/>\n\t<meta name=\"twitter:data1\" content=\"Bianca\" \/>\n\t<meta name=\"twitter:label2\" content=\"Est. tempo de leitura\" \/>\n\t<meta name=\"twitter:data2\" content=\"3 minutos\" \/>\n<script type=\"application\/ld+json\" class=\"yoast-schema-graph\">{\"@context\":\"https:\/\/schema.org\",\"@graph\":[{\"@type\":\"Article\",\"@id\":\"https:\/\/www.institutodeengenharia.org.br\/site\/2024\/07\/15\/desafios-e-tendencias-em-navegacao-aerea\/#article\",\"isPartOf\":{\"@id\":\"https:\/\/www.institutodeengenharia.org.br\/site\/2024\/07\/15\/desafios-e-tendencias-em-navegacao-aerea\/\"},\"author\":{\"name\":\"Bianca\",\"@id\":\"https:\/\/www.institutodeengenharia.org.br\/site\/#\/schema\/person\/aeb64951c405e100d26d30b033dd423f\"},\"headline\":\"Desafios e tend\u00eancias em navega\u00e7\u00e3o a\u00e9rea\",\"datePublished\":\"2024-07-15T17:37:16+00:00\",\"dateModified\":\"2024-09-30T13:53:07+00:00\",\"mainEntityOfPage\":{\"@id\":\"https:\/\/www.institutodeengenharia.org.br\/site\/2024\/07\/15\/desafios-e-tendencias-em-navegacao-aerea\/\"},\"wordCount\":398,\"commentCount\":0,\"publisher\":{\"@id\":\"https:\/\/www.institutodeengenharia.org.br\/site\/#organization\"},\"image\":{\"@id\":\"https:\/\/www.institutodeengenharia.org.br\/site\/2024\/07\/15\/desafios-e-tendencias-em-navegacao-aerea\/#primaryimage\"},\"thumbnailUrl\":\"https:\/\/www.institutodeengenharia.org.br\/site\/wp-content\/uploads\/2024\/09\/Desafios-e-Tendencias-em-Navegacao-Aerea.png\",\"articleSection\":[\"Nova TV Engenharia\",\"Palestra\"],\"inLanguage\":\"pt-BR\",\"potentialAction\":[{\"@type\":\"CommentAction\",\"name\":\"Comment\",\"target\":[\"https:\/\/www.institutodeengenharia.org.br\/site\/2024\/07\/15\/desafios-e-tendencias-em-navegacao-aerea\/#respond\"]}]},{\"@type\":\"WebPage\",\"@id\":\"https:\/\/www.institutodeengenharia.org.br\/site\/2024\/07\/15\/desafios-e-tendencias-em-navegacao-aerea\/\",\"url\":\"https:\/\/www.institutodeengenharia.org.br\/site\/2024\/07\/15\/desafios-e-tendencias-em-navegacao-aerea\/\",\"name\":\"Desafios e tend\u00eancias em navega\u00e7\u00e3o a\u00e9rea - Instituto de Engenharia\",\"isPartOf\":{\"@id\":\"https:\/\/www.institutodeengenharia.org.br\/site\/#website\"},\"primaryImageOfPage\":{\"@id\":\"https:\/\/www.institutodeengenharia.org.br\/site\/2024\/07\/15\/desafios-e-tendencias-em-navegacao-aerea\/#primaryimage\"},\"image\":{\"@id\":\"https:\/\/www.institutodeengenharia.org.br\/site\/2024\/07\/15\/desafios-e-tendencias-em-navegacao-aerea\/#primaryimage\"},\"thumbnailUrl\":\"https:\/\/www.institutodeengenharia.org.br\/site\/wp-content\/uploads\/2024\/09\/Desafios-e-Tendencias-em-Navegacao-Aerea.png\",\"datePublished\":\"2024-07-15T17:37:16+00:00\",\"dateModified\":\"2024-09-30T13:53:07+00:00\",\"breadcrumb\":{\"@id\":\"https:\/\/www.institutodeengenharia.org.br\/site\/2024\/07\/15\/desafios-e-tendencias-em-navegacao-aerea\/#breadcrumb\"},\"inLanguage\":\"pt-BR\",\"potentialAction\":[{\"@type\":\"ReadAction\",\"target\":[\"https:\/\/www.institutodeengenharia.org.br\/site\/2024\/07\/15\/desafios-e-tendencias-em-navegacao-aerea\/\"]}]},{\"@type\":\"ImageObject\",\"inLanguage\":\"pt-BR\",\"@id\":\"https:\/\/www.institutodeengenharia.org.br\/site\/2024\/07\/15\/desafios-e-tendencias-em-navegacao-aerea\/#primaryimage\",\"url\":\"https:\/\/www.institutodeengenharia.org.br\/site\/wp-content\/uploads\/2024\/09\/Desafios-e-Tendencias-em-Navegacao-Aerea.png\",\"contentUrl\":\"https:\/\/www.institutodeengenharia.org.br\/site\/wp-content\/uploads\/2024\/09\/Desafios-e-Tendencias-em-Navegacao-Aerea.png\",\"width\":1920,\"height\":1080},{\"@type\":\"BreadcrumbList\",\"@id\":\"https:\/\/www.institutodeengenharia.org.br\/site\/2024\/07\/15\/desafios-e-tendencias-em-navegacao-aerea\/#breadcrumb\",\"itemListElement\":[{\"@type\":\"ListItem\",\"position\":1,\"name\":\"In\u00edcio\",\"item\":\"https:\/\/www.institutodeengenharia.org.br\/site\/\"},{\"@type\":\"ListItem\",\"position\":2,\"name\":\"Desafios e tend\u00eancias em navega\u00e7\u00e3o a\u00e9rea\"}]},{\"@type\":\"WebSite\",\"@id\":\"https:\/\/www.institutodeengenharia.org.br\/site\/#website\",\"url\":\"https:\/\/www.institutodeengenharia.org.br\/site\/\",\"name\":\"Instituto de Engenharia\",\"description\":\"O Instituto de Engenharia promove a Engenharia em benef\u00edcio do desenvolvimento e da qualidade de vida da sociedade.\",\"publisher\":{\"@id\":\"https:\/\/www.institutodeengenharia.org.br\/site\/#organization\"},\"potentialAction\":[{\"@type\":\"SearchAction\",\"target\":{\"@type\":\"EntryPoint\",\"urlTemplate\":\"https:\/\/www.institutodeengenharia.org.br\/site\/?s={search_term_string}\"},\"query-input\":{\"@type\":\"PropertyValueSpecification\",\"valueRequired\":true,\"valueName\":\"search_term_string\"}}],\"inLanguage\":\"pt-BR\"},{\"@type\":\"Organization\",\"@id\":\"https:\/\/www.institutodeengenharia.org.br\/site\/#organization\",\"name\":\"Instituto de Engenharia\",\"url\":\"https:\/\/www.institutodeengenharia.org.br\/site\/\",\"logo\":{\"@type\":\"ImageObject\",\"inLanguage\":\"pt-BR\",\"@id\":\"https:\/\/www.institutodeengenharia.org.br\/site\/#\/schema\/logo\/image\/\",\"url\":\"https:\/\/www.institutodeengenharia.org.br\/site\/wp-content\/uploads\/2019\/03\/logo-novo-IE2018-1.jpg\",\"contentUrl\":\"https:\/\/www.institutodeengenharia.org.br\/site\/wp-content\/uploads\/2019\/03\/logo-novo-IE2018-1.jpg\",\"width\":1486,\"height\":1879,\"caption\":\"Instituto de Engenharia\"},\"image\":{\"@id\":\"https:\/\/www.institutodeengenharia.org.br\/site\/#\/schema\/logo\/image\/\"},\"sameAs\":[\"https:\/\/www.facebook.com\/institutodeengenharia\",\"https:\/\/x.com\/iengenharia\",\"https:\/\/www.instagram.com\/institutodeengenharia\/\",\"https:\/\/www.linkedin.com\/company\/instituto-de-engenharia\/\",\"https:\/\/www.youtube.com\/channel\/UCXiCAlsSMe977vamW915HxA\"]},{\"@type\":\"Person\",\"@id\":\"https:\/\/www.institutodeengenharia.org.br\/site\/#\/schema\/person\/aeb64951c405e100d26d30b033dd423f\",\"name\":\"Bianca\",\"image\":{\"@type\":\"ImageObject\",\"inLanguage\":\"pt-BR\",\"@id\":\"https:\/\/secure.gravatar.com\/avatar\/a6fbe9bff57405baf4c1e2c5c1811e072b558253974a9f9508f4678900c97c2a?s=96&d=mm&r=g\",\"url\":\"https:\/\/secure.gravatar.com\/avatar\/a6fbe9bff57405baf4c1e2c5c1811e072b558253974a9f9508f4678900c97c2a?s=96&d=mm&r=g\",\"contentUrl\":\"https:\/\/secure.gravatar.com\/avatar\/a6fbe9bff57405baf4c1e2c5c1811e072b558253974a9f9508f4678900c97c2a?s=96&d=mm&r=g\",\"caption\":\"Bianca\"},\"url\":\"https:\/\/www.institutodeengenharia.org.br\/site\/author\/comunicacao1\/\"}]}<\/script>\n<!-- \/ Yoast SEO plugin. -->","yoast_head_json":{"title":"Desafios e tend\u00eancias em navega\u00e7\u00e3o a\u00e9rea - Instituto de Engenharia","robots":{"index":"index","follow":"follow","max-snippet":"max-snippet:-1","max-image-preview":"max-image-preview:large","max-video-preview":"max-video-preview:-1"},"canonical":"https:\/\/www.institutodeengenharia.org.br\/site\/2024\/07\/15\/desafios-e-tendencias-em-navegacao-aerea\/","og_locale":"pt_BR","og_type":"article","og_title":"Desafios e tend\u00eancias em navega\u00e7\u00e3o a\u00e9rea - Instituto de Engenharia","og_description":"Assista abaixo \u00e0 grava\u00e7\u00e3o do evento:\u00a0 &nbsp; + Informa\u00e7\u00f5es:\u00a0 Nos \u00faltimos cinco anos, o setor da avia\u00e7\u00e3o aumentou substancialmente o ritmo de desenvolvimento e aplica\u00e7\u00e3o de novas tecnologias e novos conceitos operacionais. Os marcos alcan\u00e7ados durante esse per\u00edodo incluem: a) Circum-navega\u00e7\u00e3o do mundo em uma aeronave solar e progresso no desenvolvimento de tecnologias h\u00edbridas\/el\u00e9tricas para [&hellip;]","og_url":"https:\/\/www.institutodeengenharia.org.br\/site\/2024\/07\/15\/desafios-e-tendencias-em-navegacao-aerea\/","og_site_name":"Instituto de Engenharia","article_publisher":"https:\/\/www.facebook.com\/institutodeengenharia","article_published_time":"2024-07-15T17:37:16+00:00","article_modified_time":"2024-09-30T13:53:07+00:00","og_image":[{"width":1920,"height":1080,"url":"https:\/\/www.institutodeengenharia.org.br\/site\/wp-content\/uploads\/2024\/09\/Desafios-e-Tendencias-em-Navegacao-Aerea.png","type":"image\/png"}],"author":"Bianca","twitter_card":"summary_large_image","twitter_creator":"@iengenharia","twitter_site":"@iengenharia","twitter_misc":{"Escrito por":"Bianca","Est. tempo de leitura":"3 minutos"},"schema":{"@context":"https:\/\/schema.org","@graph":[{"@type":"Article","@id":"https:\/\/www.institutodeengenharia.org.br\/site\/2024\/07\/15\/desafios-e-tendencias-em-navegacao-aerea\/#article","isPartOf":{"@id":"https:\/\/www.institutodeengenharia.org.br\/site\/2024\/07\/15\/desafios-e-tendencias-em-navegacao-aerea\/"},"author":{"name":"Bianca","@id":"https:\/\/www.institutodeengenharia.org.br\/site\/#\/schema\/person\/aeb64951c405e100d26d30b033dd423f"},"headline":"Desafios e tend\u00eancias em navega\u00e7\u00e3o a\u00e9rea","datePublished":"2024-07-15T17:37:16+00:00","dateModified":"2024-09-30T13:53:07+00:00","mainEntityOfPage":{"@id":"https:\/\/www.institutodeengenharia.org.br\/site\/2024\/07\/15\/desafios-e-tendencias-em-navegacao-aerea\/"},"wordCount":398,"commentCount":0,"publisher":{"@id":"https:\/\/www.institutodeengenharia.org.br\/site\/#organization"},"image":{"@id":"https:\/\/www.institutodeengenharia.org.br\/site\/2024\/07\/15\/desafios-e-tendencias-em-navegacao-aerea\/#primaryimage"},"thumbnailUrl":"https:\/\/www.institutodeengenharia.org.br\/site\/wp-content\/uploads\/2024\/09\/Desafios-e-Tendencias-em-Navegacao-Aerea.png","articleSection":["Nova TV Engenharia","Palestra"],"inLanguage":"pt-BR","potentialAction":[{"@type":"CommentAction","name":"Comment","target":["https:\/\/www.institutodeengenharia.org.br\/site\/2024\/07\/15\/desafios-e-tendencias-em-navegacao-aerea\/#respond"]}]},{"@type":"WebPage","@id":"https:\/\/www.institutodeengenharia.org.br\/site\/2024\/07\/15\/desafios-e-tendencias-em-navegacao-aerea\/","url":"https:\/\/www.institutodeengenharia.org.br\/site\/2024\/07\/15\/desafios-e-tendencias-em-navegacao-aerea\/","name":"Desafios e tend\u00eancias em navega\u00e7\u00e3o a\u00e9rea - Instituto de Engenharia","isPartOf":{"@id":"https:\/\/www.institutodeengenharia.org.br\/site\/#website"},"primaryImageOfPage":{"@id":"https:\/\/www.institutodeengenharia.org.br\/site\/2024\/07\/15\/desafios-e-tendencias-em-navegacao-aerea\/#primaryimage"},"image":{"@id":"https:\/\/www.institutodeengenharia.org.br\/site\/2024\/07\/15\/desafios-e-tendencias-em-navegacao-aerea\/#primaryimage"},"thumbnailUrl":"https:\/\/www.institutodeengenharia.org.br\/site\/wp-content\/uploads\/2024\/09\/Desafios-e-Tendencias-em-Navegacao-Aerea.png","datePublished":"2024-07-15T17:37:16+00:00","dateModified":"2024-09-30T13:53:07+00:00","breadcrumb":{"@id":"https:\/\/www.institutodeengenharia.org.br\/site\/2024\/07\/15\/desafios-e-tendencias-em-navegacao-aerea\/#breadcrumb"},"inLanguage":"pt-BR","potentialAction":[{"@type":"ReadAction","target":["https:\/\/www.institutodeengenharia.org.br\/site\/2024\/07\/15\/desafios-e-tendencias-em-navegacao-aerea\/"]}]},{"@type":"ImageObject","inLanguage":"pt-BR","@id":"https:\/\/www.institutodeengenharia.org.br\/site\/2024\/07\/15\/desafios-e-tendencias-em-navegacao-aerea\/#primaryimage","url":"https:\/\/www.institutodeengenharia.org.br\/site\/wp-content\/uploads\/2024\/09\/Desafios-e-Tendencias-em-Navegacao-Aerea.png","contentUrl":"https:\/\/www.institutodeengenharia.org.br\/site\/wp-content\/uploads\/2024\/09\/Desafios-e-Tendencias-em-Navegacao-Aerea.png","width":1920,"height":1080},{"@type":"BreadcrumbList","@id":"https:\/\/www.institutodeengenharia.org.br\/site\/2024\/07\/15\/desafios-e-tendencias-em-navegacao-aerea\/#breadcrumb","itemListElement":[{"@type":"ListItem","position":1,"name":"In\u00edcio","item":"https:\/\/www.institutodeengenharia.org.br\/site\/"},{"@type":"ListItem","position":2,"name":"Desafios e tend\u00eancias em navega\u00e7\u00e3o a\u00e9rea"}]},{"@type":"WebSite","@id":"https:\/\/www.institutodeengenharia.org.br\/site\/#website","url":"https:\/\/www.institutodeengenharia.org.br\/site\/","name":"Instituto de Engenharia","description":"O Instituto de Engenharia promove a Engenharia em benef\u00edcio do desenvolvimento e da qualidade de vida da sociedade.","publisher":{"@id":"https:\/\/www.institutodeengenharia.org.br\/site\/#organization"},"potentialAction":[{"@type":"SearchAction","target":{"@type":"EntryPoint","urlTemplate":"https:\/\/www.institutodeengenharia.org.br\/site\/?s={search_term_string}"},"query-input":{"@type":"PropertyValueSpecification","valueRequired":true,"valueName":"search_term_string"}}],"inLanguage":"pt-BR"},{"@type":"Organization","@id":"https:\/\/www.institutodeengenharia.org.br\/site\/#organization","name":"Instituto de Engenharia","url":"https:\/\/www.institutodeengenharia.org.br\/site\/","logo":{"@type":"ImageObject","inLanguage":"pt-BR","@id":"https:\/\/www.institutodeengenharia.org.br\/site\/#\/schema\/logo\/image\/","url":"https:\/\/www.institutodeengenharia.org.br\/site\/wp-content\/uploads\/2019\/03\/logo-novo-IE2018-1.jpg","contentUrl":"https:\/\/www.institutodeengenharia.org.br\/site\/wp-content\/uploads\/2019\/03\/logo-novo-IE2018-1.jpg","width":1486,"height":1879,"caption":"Instituto de Engenharia"},"image":{"@id":"https:\/\/www.institutodeengenharia.org.br\/site\/#\/schema\/logo\/image\/"},"sameAs":["https:\/\/www.facebook.com\/institutodeengenharia","https:\/\/x.com\/iengenharia","https:\/\/www.instagram.com\/institutodeengenharia\/","https:\/\/www.linkedin.com\/company\/instituto-de-engenharia\/","https:\/\/www.youtube.com\/channel\/UCXiCAlsSMe977vamW915HxA"]},{"@type":"Person","@id":"https:\/\/www.institutodeengenharia.org.br\/site\/#\/schema\/person\/aeb64951c405e100d26d30b033dd423f","name":"Bianca","image":{"@type":"ImageObject","inLanguage":"pt-BR","@id":"https:\/\/secure.gravatar.com\/avatar\/a6fbe9bff57405baf4c1e2c5c1811e072b558253974a9f9508f4678900c97c2a?s=96&d=mm&r=g","url":"https:\/\/secure.gravatar.com\/avatar\/a6fbe9bff57405baf4c1e2c5c1811e072b558253974a9f9508f4678900c97c2a?s=96&d=mm&r=g","contentUrl":"https:\/\/secure.gravatar.com\/avatar\/a6fbe9bff57405baf4c1e2c5c1811e072b558253974a9f9508f4678900c97c2a?s=96&d=mm&r=g","caption":"Bianca"},"url":"https:\/\/www.institutodeengenharia.org.br\/site\/author\/comunicacao1\/"}]}},"_links":{"self":[{"href":"https:\/\/www.institutodeengenharia.org.br\/site\/wp-json\/wp\/v2\/posts\/124097","targetHints":{"allow":["GET"]}}],"collection":[{"href":"https:\/\/www.institutodeengenharia.org.br\/site\/wp-json\/wp\/v2\/posts"}],"about":[{"href":"https:\/\/www.institutodeengenharia.org.br\/site\/wp-json\/wp\/v2\/types\/post"}],"author":[{"embeddable":true,"href":"https:\/\/www.institutodeengenharia.org.br\/site\/wp-json\/wp\/v2\/users\/13"}],"replies":[{"embeddable":true,"href":"https:\/\/www.institutodeengenharia.org.br\/site\/wp-json\/wp\/v2\/comments?post=124097"}],"version-history":[{"count":1,"href":"https:\/\/www.institutodeengenharia.org.br\/site\/wp-json\/wp\/v2\/posts\/124097\/revisions"}],"predecessor-version":[{"id":124099,"href":"https:\/\/www.institutodeengenharia.org.br\/site\/wp-json\/wp\/v2\/posts\/124097\/revisions\/124099"}],"wp:featuredmedia":[{"embeddable":true,"href":"https:\/\/www.institutodeengenharia.org.br\/site\/wp-json\/wp\/v2\/media\/124098"}],"wp:attachment":[{"href":"https:\/\/www.institutodeengenharia.org.br\/site\/wp-json\/wp\/v2\/media?parent=124097"}],"wp:term":[{"taxonomy":"category","embeddable":true,"href":"https:\/\/www.institutodeengenharia.org.br\/site\/wp-json\/wp\/v2\/categories?post=124097"},{"taxonomy":"post_tag","embeddable":true,"href":"https:\/\/www.institutodeengenharia.org.br\/site\/wp-json\/wp\/v2\/tags?post=124097"}],"curies":[{"name":"wp","href":"https:\/\/api.w.org\/{rel}","templated":true}]}}