{"id":124073,"date":"2024-09-24T15:20:31","date_gmt":"2024-09-24T18:20:31","guid":{"rendered":"https:\/\/www.institutodeengenharia.org.br\/site\/?p=124073"},"modified":"2024-10-17T14:49:12","modified_gmt":"2024-10-17T17:49:12","slug":"acervo-do-arquiteto-benjamin-adiron-ribeiro-e-doado-ao-ie","status":"publish","type":"post","link":"https:\/\/www.institutodeengenharia.org.br\/site\/2024\/09\/24\/acervo-do-arquiteto-benjamin-adiron-ribeiro-e-doado-ao-ie\/","title":{"rendered":"Acervo do arquiteto Benjamin Adiron Ribeiro \u00e9 doado ao IE"},"content":{"rendered":"<p>O Instituto de Engenharia, representado pelo seu presidente Jos\u00e9 Eduardo Jardim, recebeu nesta ter\u00e7a (24), o acervo particular da biblioteca do arquiteto Benjamin Adiron Ribeiro, respons\u00e1vel pelos tra\u00e7ados da primeira Lei de Zoneamento da cidade de S\u00e3o Paulo, durante a gest\u00e3o do prefeito Jos\u00e9 Carlos de Figueiredo Ferraz (1971-1973).<\/p>\n<p>Uma das caracter\u00edsticas da ent\u00e3o nova Lei era o que ficou nomeada de f\u00f3rmula de Adiron, que permitia aumentar o coeficiente de aproveitamento (o m\u00e1ximo que se pode construir, para cima, em rela\u00e7\u00e3o ao tamanho do terreno) se a constru\u00e7\u00e3o diminu\u00edsse a taxa de ocupa\u00e7\u00e3o do lote (porcentagem do terreno, no ch\u00e3o, que pode ser ocupada pela edifica\u00e7\u00e3o). A solu\u00e7\u00e3o encontrada pelo mercado foi construir ao m\u00e1ximo ocupando o m\u00ednimo poss\u00edvel do terreno, com pr\u00e9dios altos e estreitos.<\/p>\n<h6><em>Fonte: Apartes &#8211; Portal da C\u00e2mara Municipal de S\u00e3o Paulo<\/em><\/h6>\n<p>&nbsp;<\/p>\n<p>&nbsp;<\/p>\n<p>&nbsp;<\/p>\n<h1 id=\"firstHeading\" class=\"firstHeading mw-first-heading\"><\/h1>\n","protected":false},"excerpt":{"rendered":"<p>O Instituto de Engenharia, representado pelo seu presidente Jos\u00e9 Eduardo Jardim, recebeu nesta ter\u00e7a (24), o acervo particular da biblioteca do arquiteto Benjamin Adiron Ribeiro, respons\u00e1vel pelos tra\u00e7ados da primeira Lei de Zoneamento da cidade de S\u00e3o Paulo, durante a gest\u00e3o do prefeito Jos\u00e9 Carlos de Figueiredo Ferraz (1971-1973). Uma das caracter\u00edsticas da ent\u00e3o nova [&hellip;]<\/p>\n","protected":false},"author":14,"featured_media":124075,"comment_status":"open","ping_status":"open","sticky":false,"template":"","format":"standard","meta":{"footnotes":""},"categories":[27,6,141],"tags":[],"class_list":{"0":"post-124073","1":"post","2":"type-post","3":"status-publish","4":"format-standard","5":"has-post-thumbnail","7":"category-instituto-de-engenharia","8":"category-noticias","9":"category-noticias-menu"},"yoast_head":"<!-- This site is optimized with the Yoast SEO plugin v27.2 - https:\/\/yoast.com\/product\/yoast-seo-wordpress\/ -->\n<title>Acervo do arquiteto Benjamin Adiron Ribeiro \u00e9 doado ao IE - Instituto de Engenharia<\/title>\n<meta name=\"robots\" content=\"index, follow, max-snippet:-1, max-image-preview:large, max-video-preview:-1\" \/>\n<link rel=\"canonical\" href=\"https:\/\/www.institutodeengenharia.org.br\/site\/2024\/09\/24\/acervo-do-arquiteto-benjamin-adiron-ribeiro-e-doado-ao-ie\/\" \/>\n<meta property=\"og:locale\" content=\"pt_BR\" \/>\n<meta property=\"og:type\" content=\"article\" \/>\n<meta property=\"og:title\" content=\"Acervo do arquiteto Benjamin Adiron Ribeiro \u00e9 doado ao IE - Instituto de Engenharia\" \/>\n<meta property=\"og:description\" content=\"O Instituto de Engenharia, representado pelo seu presidente Jos\u00e9 Eduardo Jardim, recebeu nesta ter\u00e7a (24), o acervo particular da biblioteca do arquiteto Benjamin Adiron Ribeiro, respons\u00e1vel pelos tra\u00e7ados da primeira Lei de Zoneamento da cidade de S\u00e3o Paulo, durante a gest\u00e3o do prefeito Jos\u00e9 Carlos de Figueiredo Ferraz (1971-1973). Uma das caracter\u00edsticas da ent\u00e3o nova [&hellip;]\" \/>\n<meta property=\"og:url\" content=\"https:\/\/www.institutodeengenharia.org.br\/site\/2024\/09\/24\/acervo-do-arquiteto-benjamin-adiron-ribeiro-e-doado-ao-ie\/\" \/>\n<meta property=\"og:site_name\" content=\"Instituto de Engenharia\" \/>\n<meta property=\"article:publisher\" content=\"https:\/\/www.facebook.com\/institutodeengenharia\" \/>\n<meta property=\"article:published_time\" content=\"2024-09-24T18:20:31+00:00\" \/>\n<meta property=\"article:modified_time\" content=\"2024-10-17T17:49:12+00:00\" \/>\n<meta property=\"og:image\" content=\"https:\/\/www.institutodeengenharia.org.br\/site\/wp-content\/uploads\/2024\/09\/IMG_5918.jpeg\" \/>\n\t<meta property=\"og:image:width\" content=\"2048\" \/>\n\t<meta property=\"og:image:height\" content=\"1536\" \/>\n\t<meta property=\"og:image:type\" content=\"image\/jpeg\" \/>\n<meta name=\"author\" content=\"Isabel\" \/>\n<meta name=\"twitter:card\" content=\"summary_large_image\" \/>\n<meta name=\"twitter:creator\" content=\"@iengenharia\" \/>\n<meta name=\"twitter:site\" content=\"@iengenharia\" \/>\n<meta name=\"twitter:label1\" content=\"Escrito por\" \/>\n\t<meta name=\"twitter:data1\" content=\"Isabel\" \/>\n\t<meta name=\"twitter:label2\" content=\"Est. tempo de leitura\" \/>\n\t<meta name=\"twitter:data2\" content=\"1 minuto\" \/>\n<script type=\"application\/ld+json\" class=\"yoast-schema-graph\">{\"@context\":\"https:\/\/schema.org\",\"@graph\":[{\"@type\":\"Article\",\"@id\":\"https:\/\/www.institutodeengenharia.org.br\/site\/2024\/09\/24\/acervo-do-arquiteto-benjamin-adiron-ribeiro-e-doado-ao-ie\/#article\",\"isPartOf\":{\"@id\":\"https:\/\/www.institutodeengenharia.org.br\/site\/2024\/09\/24\/acervo-do-arquiteto-benjamin-adiron-ribeiro-e-doado-ao-ie\/\"},\"author\":{\"name\":\"Isabel\",\"@id\":\"https:\/\/www.institutodeengenharia.org.br\/site\/#\/schema\/person\/593dc356630173a4877a635d3e5fd76b\"},\"headline\":\"Acervo do arquiteto Benjamin Adiron Ribeiro \u00e9 doado ao IE\",\"datePublished\":\"2024-09-24T18:20:31+00:00\",\"dateModified\":\"2024-10-17T17:49:12+00:00\",\"mainEntityOfPage\":{\"@id\":\"https:\/\/www.institutodeengenharia.org.br\/site\/2024\/09\/24\/acervo-do-arquiteto-benjamin-adiron-ribeiro-e-doado-ao-ie\/\"},\"wordCount\":170,\"commentCount\":0,\"publisher\":{\"@id\":\"https:\/\/www.institutodeengenharia.org.br\/site\/#organization\"},\"image\":{\"@id\":\"https:\/\/www.institutodeengenharia.org.br\/site\/2024\/09\/24\/acervo-do-arquiteto-benjamin-adiron-ribeiro-e-doado-ao-ie\/#primaryimage\"},\"thumbnailUrl\":\"https:\/\/www.institutodeengenharia.org.br\/site\/wp-content\/uploads\/2024\/09\/IMG_5918.jpeg\",\"articleSection\":[\"Instituto de Engenharia\",\"Not\u00edcias\",\"Not\u00edcias\"],\"inLanguage\":\"pt-BR\",\"potentialAction\":[{\"@type\":\"CommentAction\",\"name\":\"Comment\",\"target\":[\"https:\/\/www.institutodeengenharia.org.br\/site\/2024\/09\/24\/acervo-do-arquiteto-benjamin-adiron-ribeiro-e-doado-ao-ie\/#respond\"]}]},{\"@type\":\"WebPage\",\"@id\":\"https:\/\/www.institutodeengenharia.org.br\/site\/2024\/09\/24\/acervo-do-arquiteto-benjamin-adiron-ribeiro-e-doado-ao-ie\/\",\"url\":\"https:\/\/www.institutodeengenharia.org.br\/site\/2024\/09\/24\/acervo-do-arquiteto-benjamin-adiron-ribeiro-e-doado-ao-ie\/\",\"name\":\"Acervo do arquiteto Benjamin Adiron Ribeiro \u00e9 doado ao IE - Instituto de Engenharia\",\"isPartOf\":{\"@id\":\"https:\/\/www.institutodeengenharia.org.br\/site\/#website\"},\"primaryImageOfPage\":{\"@id\":\"https:\/\/www.institutodeengenharia.org.br\/site\/2024\/09\/24\/acervo-do-arquiteto-benjamin-adiron-ribeiro-e-doado-ao-ie\/#primaryimage\"},\"image\":{\"@id\":\"https:\/\/www.institutodeengenharia.org.br\/site\/2024\/09\/24\/acervo-do-arquiteto-benjamin-adiron-ribeiro-e-doado-ao-ie\/#primaryimage\"},\"thumbnailUrl\":\"https:\/\/www.institutodeengenharia.org.br\/site\/wp-content\/uploads\/2024\/09\/IMG_5918.jpeg\",\"datePublished\":\"2024-09-24T18:20:31+00:00\",\"dateModified\":\"2024-10-17T17:49:12+00:00\",\"breadcrumb\":{\"@id\":\"https:\/\/www.institutodeengenharia.org.br\/site\/2024\/09\/24\/acervo-do-arquiteto-benjamin-adiron-ribeiro-e-doado-ao-ie\/#breadcrumb\"},\"inLanguage\":\"pt-BR\",\"potentialAction\":[{\"@type\":\"ReadAction\",\"target\":[\"https:\/\/www.institutodeengenharia.org.br\/site\/2024\/09\/24\/acervo-do-arquiteto-benjamin-adiron-ribeiro-e-doado-ao-ie\/\"]}]},{\"@type\":\"ImageObject\",\"inLanguage\":\"pt-BR\",\"@id\":\"https:\/\/www.institutodeengenharia.org.br\/site\/2024\/09\/24\/acervo-do-arquiteto-benjamin-adiron-ribeiro-e-doado-ao-ie\/#primaryimage\",\"url\":\"https:\/\/www.institutodeengenharia.org.br\/site\/wp-content\/uploads\/2024\/09\/IMG_5918.jpeg\",\"contentUrl\":\"https:\/\/www.institutodeengenharia.org.br\/site\/wp-content\/uploads\/2024\/09\/IMG_5918.jpeg\",\"width\":2048,\"height\":1536,\"caption\":\"Da esq. p\/ dir.: Rui Camargo, presidente do Conselho Consultivo IE, Maria F\u00e1tima de Sim\u00e3o, bibliotec\u00e1ria, Lawrence Koo, VP Rela\u00e7\u00f5es Externas IE, Jos\u00e9 Eduardo Jardim, presidente IE, Ruth Ebenezer Cabral, vi\u00fava de Benjamin, F\u00e1bio Ribeiro, filho de Benjamin, Virginia Susana Fantoni, nora de Benjamin, L\u00facia Ribeiro, filha de Benjamin, Luiz Felipe Proost, conselheiro IE, e Alfredo M\u00e1rio Savelli, ex-presidente IE\"},{\"@type\":\"BreadcrumbList\",\"@id\":\"https:\/\/www.institutodeengenharia.org.br\/site\/2024\/09\/24\/acervo-do-arquiteto-benjamin-adiron-ribeiro-e-doado-ao-ie\/#breadcrumb\",\"itemListElement\":[{\"@type\":\"ListItem\",\"position\":1,\"name\":\"In\u00edcio\",\"item\":\"https:\/\/www.institutodeengenharia.org.br\/site\/\"},{\"@type\":\"ListItem\",\"position\":2,\"name\":\"Acervo do arquiteto Benjamin Adiron Ribeiro \u00e9 doado ao IE\"}]},{\"@type\":\"WebSite\",\"@id\":\"https:\/\/www.institutodeengenharia.org.br\/site\/#website\",\"url\":\"https:\/\/www.institutodeengenharia.org.br\/site\/\",\"name\":\"Instituto de Engenharia\",\"description\":\"O Instituto de Engenharia promove a Engenharia em benef\u00edcio do desenvolvimento e da qualidade de vida da sociedade.\",\"publisher\":{\"@id\":\"https:\/\/www.institutodeengenharia.org.br\/site\/#organization\"},\"potentialAction\":[{\"@type\":\"SearchAction\",\"target\":{\"@type\":\"EntryPoint\",\"urlTemplate\":\"https:\/\/www.institutodeengenharia.org.br\/site\/?s={search_term_string}\"},\"query-input\":{\"@type\":\"PropertyValueSpecification\",\"valueRequired\":true,\"valueName\":\"search_term_string\"}}],\"inLanguage\":\"pt-BR\"},{\"@type\":\"Organization\",\"@id\":\"https:\/\/www.institutodeengenharia.org.br\/site\/#organization\",\"name\":\"Instituto de Engenharia\",\"url\":\"https:\/\/www.institutodeengenharia.org.br\/site\/\",\"logo\":{\"@type\":\"ImageObject\",\"inLanguage\":\"pt-BR\",\"@id\":\"https:\/\/www.institutodeengenharia.org.br\/site\/#\/schema\/logo\/image\/\",\"url\":\"https:\/\/www.institutodeengenharia.org.br\/site\/wp-content\/uploads\/2019\/03\/logo-novo-IE2018-1.jpg\",\"contentUrl\":\"https:\/\/www.institutodeengenharia.org.br\/site\/wp-content\/uploads\/2019\/03\/logo-novo-IE2018-1.jpg\",\"width\":1486,\"height\":1879,\"caption\":\"Instituto de Engenharia\"},\"image\":{\"@id\":\"https:\/\/www.institutodeengenharia.org.br\/site\/#\/schema\/logo\/image\/\"},\"sameAs\":[\"https:\/\/www.facebook.com\/institutodeengenharia\",\"https:\/\/x.com\/iengenharia\",\"https:\/\/www.instagram.com\/institutodeengenharia\/\",\"https:\/\/www.linkedin.com\/company\/instituto-de-engenharia\/\",\"https:\/\/www.youtube.com\/channel\/UCXiCAlsSMe977vamW915HxA\"]},{\"@type\":\"Person\",\"@id\":\"https:\/\/www.institutodeengenharia.org.br\/site\/#\/schema\/person\/593dc356630173a4877a635d3e5fd76b\",\"name\":\"Isabel\",\"image\":{\"@type\":\"ImageObject\",\"inLanguage\":\"pt-BR\",\"@id\":\"https:\/\/secure.gravatar.com\/avatar\/f3c521db63ec9db17894f10a88c6a3cf95b2281d7f80eeb3cf3ef1cb091576e7?s=96&d=mm&r=g\",\"url\":\"https:\/\/secure.gravatar.com\/avatar\/f3c521db63ec9db17894f10a88c6a3cf95b2281d7f80eeb3cf3ef1cb091576e7?s=96&d=mm&r=g\",\"contentUrl\":\"https:\/\/secure.gravatar.com\/avatar\/f3c521db63ec9db17894f10a88c6a3cf95b2281d7f80eeb3cf3ef1cb091576e7?s=96&d=mm&r=g\",\"caption\":\"Isabel\"},\"url\":\"https:\/\/www.institutodeengenharia.org.br\/site\/author\/comunicacao2\/\"}]}<\/script>\n<!-- \/ Yoast SEO plugin. -->","yoast_head_json":{"title":"Acervo do arquiteto Benjamin Adiron Ribeiro \u00e9 doado ao IE - Instituto de Engenharia","robots":{"index":"index","follow":"follow","max-snippet":"max-snippet:-1","max-image-preview":"max-image-preview:large","max-video-preview":"max-video-preview:-1"},"canonical":"https:\/\/www.institutodeengenharia.org.br\/site\/2024\/09\/24\/acervo-do-arquiteto-benjamin-adiron-ribeiro-e-doado-ao-ie\/","og_locale":"pt_BR","og_type":"article","og_title":"Acervo do arquiteto Benjamin Adiron Ribeiro \u00e9 doado ao IE - Instituto de Engenharia","og_description":"O Instituto de Engenharia, representado pelo seu presidente Jos\u00e9 Eduardo Jardim, recebeu nesta ter\u00e7a (24), o acervo particular da biblioteca do arquiteto Benjamin Adiron Ribeiro, respons\u00e1vel pelos tra\u00e7ados da primeira Lei de Zoneamento da cidade de S\u00e3o Paulo, durante a gest\u00e3o do prefeito Jos\u00e9 Carlos de Figueiredo Ferraz (1971-1973). Uma das caracter\u00edsticas da ent\u00e3o nova [&hellip;]","og_url":"https:\/\/www.institutodeengenharia.org.br\/site\/2024\/09\/24\/acervo-do-arquiteto-benjamin-adiron-ribeiro-e-doado-ao-ie\/","og_site_name":"Instituto de Engenharia","article_publisher":"https:\/\/www.facebook.com\/institutodeengenharia","article_published_time":"2024-09-24T18:20:31+00:00","article_modified_time":"2024-10-17T17:49:12+00:00","og_image":[{"width":2048,"height":1536,"url":"https:\/\/www.institutodeengenharia.org.br\/site\/wp-content\/uploads\/2024\/09\/IMG_5918.jpeg","type":"image\/jpeg"}],"author":"Isabel","twitter_card":"summary_large_image","twitter_creator":"@iengenharia","twitter_site":"@iengenharia","twitter_misc":{"Escrito por":"Isabel","Est. tempo de leitura":"1 minuto"},"schema":{"@context":"https:\/\/schema.org","@graph":[{"@type":"Article","@id":"https:\/\/www.institutodeengenharia.org.br\/site\/2024\/09\/24\/acervo-do-arquiteto-benjamin-adiron-ribeiro-e-doado-ao-ie\/#article","isPartOf":{"@id":"https:\/\/www.institutodeengenharia.org.br\/site\/2024\/09\/24\/acervo-do-arquiteto-benjamin-adiron-ribeiro-e-doado-ao-ie\/"},"author":{"name":"Isabel","@id":"https:\/\/www.institutodeengenharia.org.br\/site\/#\/schema\/person\/593dc356630173a4877a635d3e5fd76b"},"headline":"Acervo do arquiteto Benjamin Adiron Ribeiro \u00e9 doado ao IE","datePublished":"2024-09-24T18:20:31+00:00","dateModified":"2024-10-17T17:49:12+00:00","mainEntityOfPage":{"@id":"https:\/\/www.institutodeengenharia.org.br\/site\/2024\/09\/24\/acervo-do-arquiteto-benjamin-adiron-ribeiro-e-doado-ao-ie\/"},"wordCount":170,"commentCount":0,"publisher":{"@id":"https:\/\/www.institutodeengenharia.org.br\/site\/#organization"},"image":{"@id":"https:\/\/www.institutodeengenharia.org.br\/site\/2024\/09\/24\/acervo-do-arquiteto-benjamin-adiron-ribeiro-e-doado-ao-ie\/#primaryimage"},"thumbnailUrl":"https:\/\/www.institutodeengenharia.org.br\/site\/wp-content\/uploads\/2024\/09\/IMG_5918.jpeg","articleSection":["Instituto de Engenharia","Not\u00edcias","Not\u00edcias"],"inLanguage":"pt-BR","potentialAction":[{"@type":"CommentAction","name":"Comment","target":["https:\/\/www.institutodeengenharia.org.br\/site\/2024\/09\/24\/acervo-do-arquiteto-benjamin-adiron-ribeiro-e-doado-ao-ie\/#respond"]}]},{"@type":"WebPage","@id":"https:\/\/www.institutodeengenharia.org.br\/site\/2024\/09\/24\/acervo-do-arquiteto-benjamin-adiron-ribeiro-e-doado-ao-ie\/","url":"https:\/\/www.institutodeengenharia.org.br\/site\/2024\/09\/24\/acervo-do-arquiteto-benjamin-adiron-ribeiro-e-doado-ao-ie\/","name":"Acervo do arquiteto Benjamin Adiron Ribeiro \u00e9 doado ao IE - Instituto de Engenharia","isPartOf":{"@id":"https:\/\/www.institutodeengenharia.org.br\/site\/#website"},"primaryImageOfPage":{"@id":"https:\/\/www.institutodeengenharia.org.br\/site\/2024\/09\/24\/acervo-do-arquiteto-benjamin-adiron-ribeiro-e-doado-ao-ie\/#primaryimage"},"image":{"@id":"https:\/\/www.institutodeengenharia.org.br\/site\/2024\/09\/24\/acervo-do-arquiteto-benjamin-adiron-ribeiro-e-doado-ao-ie\/#primaryimage"},"thumbnailUrl":"https:\/\/www.institutodeengenharia.org.br\/site\/wp-content\/uploads\/2024\/09\/IMG_5918.jpeg","datePublished":"2024-09-24T18:20:31+00:00","dateModified":"2024-10-17T17:49:12+00:00","breadcrumb":{"@id":"https:\/\/www.institutodeengenharia.org.br\/site\/2024\/09\/24\/acervo-do-arquiteto-benjamin-adiron-ribeiro-e-doado-ao-ie\/#breadcrumb"},"inLanguage":"pt-BR","potentialAction":[{"@type":"ReadAction","target":["https:\/\/www.institutodeengenharia.org.br\/site\/2024\/09\/24\/acervo-do-arquiteto-benjamin-adiron-ribeiro-e-doado-ao-ie\/"]}]},{"@type":"ImageObject","inLanguage":"pt-BR","@id":"https:\/\/www.institutodeengenharia.org.br\/site\/2024\/09\/24\/acervo-do-arquiteto-benjamin-adiron-ribeiro-e-doado-ao-ie\/#primaryimage","url":"https:\/\/www.institutodeengenharia.org.br\/site\/wp-content\/uploads\/2024\/09\/IMG_5918.jpeg","contentUrl":"https:\/\/www.institutodeengenharia.org.br\/site\/wp-content\/uploads\/2024\/09\/IMG_5918.jpeg","width":2048,"height":1536,"caption":"Da esq. p\/ dir.: Rui Camargo, presidente do Conselho Consultivo IE, Maria F\u00e1tima de Sim\u00e3o, bibliotec\u00e1ria, Lawrence Koo, VP Rela\u00e7\u00f5es Externas IE, Jos\u00e9 Eduardo Jardim, presidente IE, Ruth Ebenezer Cabral, vi\u00fava de Benjamin, F\u00e1bio Ribeiro, filho de Benjamin, Virginia Susana Fantoni, nora de Benjamin, L\u00facia Ribeiro, filha de Benjamin, Luiz Felipe Proost, conselheiro IE, e Alfredo M\u00e1rio Savelli, ex-presidente IE"},{"@type":"BreadcrumbList","@id":"https:\/\/www.institutodeengenharia.org.br\/site\/2024\/09\/24\/acervo-do-arquiteto-benjamin-adiron-ribeiro-e-doado-ao-ie\/#breadcrumb","itemListElement":[{"@type":"ListItem","position":1,"name":"In\u00edcio","item":"https:\/\/www.institutodeengenharia.org.br\/site\/"},{"@type":"ListItem","position":2,"name":"Acervo do arquiteto Benjamin Adiron Ribeiro \u00e9 doado ao IE"}]},{"@type":"WebSite","@id":"https:\/\/www.institutodeengenharia.org.br\/site\/#website","url":"https:\/\/www.institutodeengenharia.org.br\/site\/","name":"Instituto de Engenharia","description":"O Instituto de Engenharia promove a Engenharia em benef\u00edcio do desenvolvimento e da qualidade de vida da sociedade.","publisher":{"@id":"https:\/\/www.institutodeengenharia.org.br\/site\/#organization"},"potentialAction":[{"@type":"SearchAction","target":{"@type":"EntryPoint","urlTemplate":"https:\/\/www.institutodeengenharia.org.br\/site\/?s={search_term_string}"},"query-input":{"@type":"PropertyValueSpecification","valueRequired":true,"valueName":"search_term_string"}}],"inLanguage":"pt-BR"},{"@type":"Organization","@id":"https:\/\/www.institutodeengenharia.org.br\/site\/#organization","name":"Instituto de Engenharia","url":"https:\/\/www.institutodeengenharia.org.br\/site\/","logo":{"@type":"ImageObject","inLanguage":"pt-BR","@id":"https:\/\/www.institutodeengenharia.org.br\/site\/#\/schema\/logo\/image\/","url":"https:\/\/www.institutodeengenharia.org.br\/site\/wp-content\/uploads\/2019\/03\/logo-novo-IE2018-1.jpg","contentUrl":"https:\/\/www.institutodeengenharia.org.br\/site\/wp-content\/uploads\/2019\/03\/logo-novo-IE2018-1.jpg","width":1486,"height":1879,"caption":"Instituto de Engenharia"},"image":{"@id":"https:\/\/www.institutodeengenharia.org.br\/site\/#\/schema\/logo\/image\/"},"sameAs":["https:\/\/www.facebook.com\/institutodeengenharia","https:\/\/x.com\/iengenharia","https:\/\/www.instagram.com\/institutodeengenharia\/","https:\/\/www.linkedin.com\/company\/instituto-de-engenharia\/","https:\/\/www.youtube.com\/channel\/UCXiCAlsSMe977vamW915HxA"]},{"@type":"Person","@id":"https:\/\/www.institutodeengenharia.org.br\/site\/#\/schema\/person\/593dc356630173a4877a635d3e5fd76b","name":"Isabel","image":{"@type":"ImageObject","inLanguage":"pt-BR","@id":"https:\/\/secure.gravatar.com\/avatar\/f3c521db63ec9db17894f10a88c6a3cf95b2281d7f80eeb3cf3ef1cb091576e7?s=96&d=mm&r=g","url":"https:\/\/secure.gravatar.com\/avatar\/f3c521db63ec9db17894f10a88c6a3cf95b2281d7f80eeb3cf3ef1cb091576e7?s=96&d=mm&r=g","contentUrl":"https:\/\/secure.gravatar.com\/avatar\/f3c521db63ec9db17894f10a88c6a3cf95b2281d7f80eeb3cf3ef1cb091576e7?s=96&d=mm&r=g","caption":"Isabel"},"url":"https:\/\/www.institutodeengenharia.org.br\/site\/author\/comunicacao2\/"}]}},"_links":{"self":[{"href":"https:\/\/www.institutodeengenharia.org.br\/site\/wp-json\/wp\/v2\/posts\/124073","targetHints":{"allow":["GET"]}}],"collection":[{"href":"https:\/\/www.institutodeengenharia.org.br\/site\/wp-json\/wp\/v2\/posts"}],"about":[{"href":"https:\/\/www.institutodeengenharia.org.br\/site\/wp-json\/wp\/v2\/types\/post"}],"author":[{"embeddable":true,"href":"https:\/\/www.institutodeengenharia.org.br\/site\/wp-json\/wp\/v2\/users\/14"}],"replies":[{"embeddable":true,"href":"https:\/\/www.institutodeengenharia.org.br\/site\/wp-json\/wp\/v2\/comments?post=124073"}],"version-history":[{"count":2,"href":"https:\/\/www.institutodeengenharia.org.br\/site\/wp-json\/wp\/v2\/posts\/124073\/revisions"}],"predecessor-version":[{"id":124077,"href":"https:\/\/www.institutodeengenharia.org.br\/site\/wp-json\/wp\/v2\/posts\/124073\/revisions\/124077"}],"wp:featuredmedia":[{"embeddable":true,"href":"https:\/\/www.institutodeengenharia.org.br\/site\/wp-json\/wp\/v2\/media\/124075"}],"wp:attachment":[{"href":"https:\/\/www.institutodeengenharia.org.br\/site\/wp-json\/wp\/v2\/media?parent=124073"}],"wp:term":[{"taxonomy":"category","embeddable":true,"href":"https:\/\/www.institutodeengenharia.org.br\/site\/wp-json\/wp\/v2\/categories?post=124073"},{"taxonomy":"post_tag","embeddable":true,"href":"https:\/\/www.institutodeengenharia.org.br\/site\/wp-json\/wp\/v2\/tags?post=124073"}],"curies":[{"name":"wp","href":"https:\/\/api.w.org\/{rel}","templated":true}]}}