{"id":123930,"date":"2024-09-23T11:47:07","date_gmt":"2024-09-23T14:47:07","guid":{"rendered":"https:\/\/www.institutodeengenharia.org.br\/site\/?p=123930"},"modified":"2024-09-23T11:54:26","modified_gmt":"2024-09-23T14:54:26","slug":"joao-carlos-de-souza-meirelles-filho-e-recebido-pela-diretoria-do-ie","status":"publish","type":"post","link":"https:\/\/www.institutodeengenharia.org.br\/site\/2024\/09\/23\/joao-carlos-de-souza-meirelles-filho-e-recebido-pela-diretoria-do-ie\/","title":{"rendered":"Jo\u00e3o Carlos de Souza Meirelles Filho \u00e9 recebido pela diretoria do IE"},"content":{"rendered":"<p><span class=\"AnswerParser_TextContainer__z_Iiv\" data-testid=\"youchat-text\">Jo\u00e3o Carlos de Souza Meirelles Filho, <\/span>diretor geral do Instituto Peabiru, foi recebido na \u00faltima sexta (20), pela diretoria e conselheiros do I<span class=\"AnswerParser_TextContainer__z_Iiv\" data-testid=\"youchat-text\">nstituto de Engenharia, em nossa sede. <\/span><\/p>\n<p><span class=\"AnswerParser_TextContainer__z_Iiv\" data-testid=\"youchat-text\">Durante o encontro, o diretor do Instituto Peabiru apresentou as estrat\u00e9gias de capta\u00e7\u00e3o de recursos financeiros para projetos de sua organiza\u00e7\u00e3o. <\/span><\/p>\n<p><span class=\"AnswerParser_TextContainer__z_Iiv\" data-testid=\"youchat-text\">As informa\u00e7\u00f5es compartilhadas ser\u00e3o \u00fateis para o Instituto de Engenharia, especialmente no desenvolvimento de iniciativas na \u00e1rea de Bioeconomia, cujo projeto mais recente \u00e9 a publica\u00e7\u00e3o &#8220;Uma base de conhecimento para a estrat\u00e9gia nacional de bioeconomias&#8221;. dispon\u00edvel para download <strong><a href=\"https:\/\/www.institutodeengenharia.org.br\/site\/uma-base-de-conhecimento-para-a-estrategia-nacional-de-bioeconomias\/\">clicando aqui<\/a><\/strong>. <\/span><\/p>\n<p><span class=\"AnswerParser_TextContainer__z_Iiv\" data-testid=\"youchat-text\">A visita de Meirelles promoveu o interc\u00e2mbio de conhecimentos entre as institui\u00e7\u00f5es e contribuir\u00e1 para a estrutura\u00e7\u00e3o e viabiliza\u00e7\u00e3o de projetos futuros do Instituto de Engenharia.<\/span><\/p>\n","protected":false},"excerpt":{"rendered":"<p>Jo\u00e3o Carlos de Souza Meirelles Filho, diretor geral do Instituto Peabiru, foi recebido na \u00faltima sexta (20), pela diretoria e conselheiros do Instituto de Engenharia, em nossa sede. Durante o encontro, o diretor do Instituto Peabiru apresentou as estrat\u00e9gias de capta\u00e7\u00e3o de recursos financeiros para projetos de sua organiza\u00e7\u00e3o. As informa\u00e7\u00f5es compartilhadas ser\u00e3o \u00fateis para [&hellip;]<\/p>\n","protected":false},"author":14,"featured_media":123952,"comment_status":"open","ping_status":"open","sticky":false,"template":"","format":"standard","meta":{"footnotes":""},"categories":[1119,27,141,6],"tags":[],"class_list":{"0":"post-123930","1":"post","2":"type-post","3":"status-publish","4":"format-standard","5":"has-post-thumbnail","7":"category-amazonia-e-bioeconomia","8":"category-instituto-de-engenharia","9":"category-noticias-menu","10":"category-noticias"},"yoast_head":"<!-- This site is optimized with the Yoast SEO plugin v27.2 - https:\/\/yoast.com\/product\/yoast-seo-wordpress\/ -->\n<title>Jo\u00e3o Carlos de Souza Meirelles Filho \u00e9 recebido pela diretoria do IE - Instituto de Engenharia<\/title>\n<meta name=\"robots\" content=\"index, follow, max-snippet:-1, max-image-preview:large, max-video-preview:-1\" \/>\n<link rel=\"canonical\" href=\"https:\/\/www.institutodeengenharia.org.br\/site\/2024\/09\/23\/joao-carlos-de-souza-meirelles-filho-e-recebido-pela-diretoria-do-ie\/\" \/>\n<meta property=\"og:locale\" content=\"pt_BR\" \/>\n<meta property=\"og:type\" content=\"article\" \/>\n<meta property=\"og:title\" content=\"Jo\u00e3o Carlos de Souza Meirelles Filho \u00e9 recebido pela diretoria do IE - Instituto de Engenharia\" \/>\n<meta property=\"og:description\" content=\"Jo\u00e3o Carlos de Souza Meirelles Filho, diretor geral do Instituto Peabiru, foi recebido na \u00faltima sexta (20), pela diretoria e conselheiros do Instituto de Engenharia, em nossa sede. Durante o encontro, o diretor do Instituto Peabiru apresentou as estrat\u00e9gias de capta\u00e7\u00e3o de recursos financeiros para projetos de sua organiza\u00e7\u00e3o. As informa\u00e7\u00f5es compartilhadas ser\u00e3o \u00fateis para [&hellip;]\" \/>\n<meta property=\"og:url\" content=\"https:\/\/www.institutodeengenharia.org.br\/site\/2024\/09\/23\/joao-carlos-de-souza-meirelles-filho-e-recebido-pela-diretoria-do-ie\/\" \/>\n<meta property=\"og:site_name\" content=\"Instituto de Engenharia\" \/>\n<meta property=\"article:publisher\" content=\"https:\/\/www.facebook.com\/institutodeengenharia\" \/>\n<meta property=\"article:published_time\" content=\"2024-09-23T14:47:07+00:00\" \/>\n<meta property=\"article:modified_time\" content=\"2024-09-23T14:54:26+00:00\" \/>\n<meta property=\"og:image\" content=\"https:\/\/www.institutodeengenharia.org.br\/site\/wp-content\/uploads\/2024\/09\/meirelles-2.png\" \/>\n\t<meta property=\"og:image:width\" content=\"1439\" \/>\n\t<meta property=\"og:image:height\" content=\"575\" \/>\n\t<meta property=\"og:image:type\" content=\"image\/png\" \/>\n<meta name=\"author\" content=\"Isabel\" \/>\n<meta name=\"twitter:card\" content=\"summary_large_image\" \/>\n<meta name=\"twitter:creator\" content=\"@iengenharia\" \/>\n<meta name=\"twitter:site\" content=\"@iengenharia\" \/>\n<meta name=\"twitter:label1\" content=\"Escrito por\" \/>\n\t<meta name=\"twitter:data1\" content=\"Isabel\" \/>\n\t<meta name=\"twitter:label2\" content=\"Est. tempo de leitura\" \/>\n\t<meta name=\"twitter:data2\" content=\"1 minuto\" \/>\n<script type=\"application\/ld+json\" class=\"yoast-schema-graph\">{\"@context\":\"https:\/\/schema.org\",\"@graph\":[{\"@type\":\"Article\",\"@id\":\"https:\/\/www.institutodeengenharia.org.br\/site\/2024\/09\/23\/joao-carlos-de-souza-meirelles-filho-e-recebido-pela-diretoria-do-ie\/#article\",\"isPartOf\":{\"@id\":\"https:\/\/www.institutodeengenharia.org.br\/site\/2024\/09\/23\/joao-carlos-de-souza-meirelles-filho-e-recebido-pela-diretoria-do-ie\/\"},\"author\":{\"name\":\"Isabel\",\"@id\":\"https:\/\/www.institutodeengenharia.org.br\/site\/#\/schema\/person\/593dc356630173a4877a635d3e5fd76b\"},\"headline\":\"Jo\u00e3o Carlos de Souza Meirelles Filho \u00e9 recebido pela diretoria do IE\",\"datePublished\":\"2024-09-23T14:47:07+00:00\",\"dateModified\":\"2024-09-23T14:54:26+00:00\",\"mainEntityOfPage\":{\"@id\":\"https:\/\/www.institutodeengenharia.org.br\/site\/2024\/09\/23\/joao-carlos-de-souza-meirelles-filho-e-recebido-pela-diretoria-do-ie\/\"},\"wordCount\":139,\"commentCount\":0,\"publisher\":{\"@id\":\"https:\/\/www.institutodeengenharia.org.br\/site\/#organization\"},\"image\":{\"@id\":\"https:\/\/www.institutodeengenharia.org.br\/site\/2024\/09\/23\/joao-carlos-de-souza-meirelles-filho-e-recebido-pela-diretoria-do-ie\/#primaryimage\"},\"thumbnailUrl\":\"https:\/\/www.institutodeengenharia.org.br\/site\/wp-content\/uploads\/2024\/09\/meirelles-2.png\",\"articleSection\":[\"Amaz\u00f4nia e Bioeconomia\",\"Instituto de Engenharia\",\"Not\u00edcias\",\"Not\u00edcias\"],\"inLanguage\":\"pt-BR\",\"potentialAction\":[{\"@type\":\"CommentAction\",\"name\":\"Comment\",\"target\":[\"https:\/\/www.institutodeengenharia.org.br\/site\/2024\/09\/23\/joao-carlos-de-souza-meirelles-filho-e-recebido-pela-diretoria-do-ie\/#respond\"]}]},{\"@type\":\"WebPage\",\"@id\":\"https:\/\/www.institutodeengenharia.org.br\/site\/2024\/09\/23\/joao-carlos-de-souza-meirelles-filho-e-recebido-pela-diretoria-do-ie\/\",\"url\":\"https:\/\/www.institutodeengenharia.org.br\/site\/2024\/09\/23\/joao-carlos-de-souza-meirelles-filho-e-recebido-pela-diretoria-do-ie\/\",\"name\":\"Jo\u00e3o Carlos de Souza Meirelles Filho \u00e9 recebido pela diretoria do IE - Instituto de Engenharia\",\"isPartOf\":{\"@id\":\"https:\/\/www.institutodeengenharia.org.br\/site\/#website\"},\"primaryImageOfPage\":{\"@id\":\"https:\/\/www.institutodeengenharia.org.br\/site\/2024\/09\/23\/joao-carlos-de-souza-meirelles-filho-e-recebido-pela-diretoria-do-ie\/#primaryimage\"},\"image\":{\"@id\":\"https:\/\/www.institutodeengenharia.org.br\/site\/2024\/09\/23\/joao-carlos-de-souza-meirelles-filho-e-recebido-pela-diretoria-do-ie\/#primaryimage\"},\"thumbnailUrl\":\"https:\/\/www.institutodeengenharia.org.br\/site\/wp-content\/uploads\/2024\/09\/meirelles-2.png\",\"datePublished\":\"2024-09-23T14:47:07+00:00\",\"dateModified\":\"2024-09-23T14:54:26+00:00\",\"breadcrumb\":{\"@id\":\"https:\/\/www.institutodeengenharia.org.br\/site\/2024\/09\/23\/joao-carlos-de-souza-meirelles-filho-e-recebido-pela-diretoria-do-ie\/#breadcrumb\"},\"inLanguage\":\"pt-BR\",\"potentialAction\":[{\"@type\":\"ReadAction\",\"target\":[\"https:\/\/www.institutodeengenharia.org.br\/site\/2024\/09\/23\/joao-carlos-de-souza-meirelles-filho-e-recebido-pela-diretoria-do-ie\/\"]}]},{\"@type\":\"ImageObject\",\"inLanguage\":\"pt-BR\",\"@id\":\"https:\/\/www.institutodeengenharia.org.br\/site\/2024\/09\/23\/joao-carlos-de-souza-meirelles-filho-e-recebido-pela-diretoria-do-ie\/#primaryimage\",\"url\":\"https:\/\/www.institutodeengenharia.org.br\/site\/wp-content\/uploads\/2024\/09\/meirelles-2.png\",\"contentUrl\":\"https:\/\/www.institutodeengenharia.org.br\/site\/wp-content\/uploads\/2024\/09\/meirelles-2.png\",\"width\":1439,\"height\":575,\"caption\":\"Da esq. p\/ dir.: Eduardo Lafraia, conselheiro e ex-presidente IE, Marcelo Rozenberg, conselheiro IE, Rui Camargo, presidente do Conselho Consultivo IE, Jos\u00e9 Eduardo Jardim, presidente IE, Jo\u00e3o Carlos de Souza Meirelles Filho, diretor geral Instituto Peabiru, Lawrence Koo, VP Rela\u00e7\u00f5es Externas IE, George Paulus, coordenador do Projeto, Paulo Ferreira, conselheiro e ex-presidentes IE, Ivan Wathely, VP Atividades T\u00e9cnicas IE, e Camil Eid, conselheiro e ex-presidentes IE\"},{\"@type\":\"BreadcrumbList\",\"@id\":\"https:\/\/www.institutodeengenharia.org.br\/site\/2024\/09\/23\/joao-carlos-de-souza-meirelles-filho-e-recebido-pela-diretoria-do-ie\/#breadcrumb\",\"itemListElement\":[{\"@type\":\"ListItem\",\"position\":1,\"name\":\"In\u00edcio\",\"item\":\"https:\/\/www.institutodeengenharia.org.br\/site\/\"},{\"@type\":\"ListItem\",\"position\":2,\"name\":\"Jo\u00e3o Carlos de Souza Meirelles Filho \u00e9 recebido pela diretoria do IE\"}]},{\"@type\":\"WebSite\",\"@id\":\"https:\/\/www.institutodeengenharia.org.br\/site\/#website\",\"url\":\"https:\/\/www.institutodeengenharia.org.br\/site\/\",\"name\":\"Instituto de Engenharia\",\"description\":\"O Instituto de Engenharia promove a Engenharia em benef\u00edcio do desenvolvimento e da qualidade de vida da sociedade.\",\"publisher\":{\"@id\":\"https:\/\/www.institutodeengenharia.org.br\/site\/#organization\"},\"potentialAction\":[{\"@type\":\"SearchAction\",\"target\":{\"@type\":\"EntryPoint\",\"urlTemplate\":\"https:\/\/www.institutodeengenharia.org.br\/site\/?s={search_term_string}\"},\"query-input\":{\"@type\":\"PropertyValueSpecification\",\"valueRequired\":true,\"valueName\":\"search_term_string\"}}],\"inLanguage\":\"pt-BR\"},{\"@type\":\"Organization\",\"@id\":\"https:\/\/www.institutodeengenharia.org.br\/site\/#organization\",\"name\":\"Instituto de Engenharia\",\"url\":\"https:\/\/www.institutodeengenharia.org.br\/site\/\",\"logo\":{\"@type\":\"ImageObject\",\"inLanguage\":\"pt-BR\",\"@id\":\"https:\/\/www.institutodeengenharia.org.br\/site\/#\/schema\/logo\/image\/\",\"url\":\"https:\/\/www.institutodeengenharia.org.br\/site\/wp-content\/uploads\/2019\/03\/logo-novo-IE2018-1.jpg\",\"contentUrl\":\"https:\/\/www.institutodeengenharia.org.br\/site\/wp-content\/uploads\/2019\/03\/logo-novo-IE2018-1.jpg\",\"width\":1486,\"height\":1879,\"caption\":\"Instituto de Engenharia\"},\"image\":{\"@id\":\"https:\/\/www.institutodeengenharia.org.br\/site\/#\/schema\/logo\/image\/\"},\"sameAs\":[\"https:\/\/www.facebook.com\/institutodeengenharia\",\"https:\/\/x.com\/iengenharia\",\"https:\/\/www.instagram.com\/institutodeengenharia\/\",\"https:\/\/www.linkedin.com\/company\/instituto-de-engenharia\/\",\"https:\/\/www.youtube.com\/channel\/UCXiCAlsSMe977vamW915HxA\"]},{\"@type\":\"Person\",\"@id\":\"https:\/\/www.institutodeengenharia.org.br\/site\/#\/schema\/person\/593dc356630173a4877a635d3e5fd76b\",\"name\":\"Isabel\",\"image\":{\"@type\":\"ImageObject\",\"inLanguage\":\"pt-BR\",\"@id\":\"https:\/\/secure.gravatar.com\/avatar\/f3c521db63ec9db17894f10a88c6a3cf95b2281d7f80eeb3cf3ef1cb091576e7?s=96&d=mm&r=g\",\"url\":\"https:\/\/secure.gravatar.com\/avatar\/f3c521db63ec9db17894f10a88c6a3cf95b2281d7f80eeb3cf3ef1cb091576e7?s=96&d=mm&r=g\",\"contentUrl\":\"https:\/\/secure.gravatar.com\/avatar\/f3c521db63ec9db17894f10a88c6a3cf95b2281d7f80eeb3cf3ef1cb091576e7?s=96&d=mm&r=g\",\"caption\":\"Isabel\"},\"url\":\"https:\/\/www.institutodeengenharia.org.br\/site\/author\/comunicacao2\/\"}]}<\/script>\n<!-- \/ Yoast SEO plugin. -->","yoast_head_json":{"title":"Jo\u00e3o Carlos de Souza Meirelles Filho \u00e9 recebido pela diretoria do IE - Instituto de Engenharia","robots":{"index":"index","follow":"follow","max-snippet":"max-snippet:-1","max-image-preview":"max-image-preview:large","max-video-preview":"max-video-preview:-1"},"canonical":"https:\/\/www.institutodeengenharia.org.br\/site\/2024\/09\/23\/joao-carlos-de-souza-meirelles-filho-e-recebido-pela-diretoria-do-ie\/","og_locale":"pt_BR","og_type":"article","og_title":"Jo\u00e3o Carlos de Souza Meirelles Filho \u00e9 recebido pela diretoria do IE - Instituto de Engenharia","og_description":"Jo\u00e3o Carlos de Souza Meirelles Filho, diretor geral do Instituto Peabiru, foi recebido na \u00faltima sexta (20), pela diretoria e conselheiros do Instituto de Engenharia, em nossa sede. Durante o encontro, o diretor do Instituto Peabiru apresentou as estrat\u00e9gias de capta\u00e7\u00e3o de recursos financeiros para projetos de sua organiza\u00e7\u00e3o. As informa\u00e7\u00f5es compartilhadas ser\u00e3o \u00fateis para [&hellip;]","og_url":"https:\/\/www.institutodeengenharia.org.br\/site\/2024\/09\/23\/joao-carlos-de-souza-meirelles-filho-e-recebido-pela-diretoria-do-ie\/","og_site_name":"Instituto de Engenharia","article_publisher":"https:\/\/www.facebook.com\/institutodeengenharia","article_published_time":"2024-09-23T14:47:07+00:00","article_modified_time":"2024-09-23T14:54:26+00:00","og_image":[{"width":1439,"height":575,"url":"https:\/\/www.institutodeengenharia.org.br\/site\/wp-content\/uploads\/2024\/09\/meirelles-2.png","type":"image\/png"}],"author":"Isabel","twitter_card":"summary_large_image","twitter_creator":"@iengenharia","twitter_site":"@iengenharia","twitter_misc":{"Escrito por":"Isabel","Est. tempo de leitura":"1 minuto"},"schema":{"@context":"https:\/\/schema.org","@graph":[{"@type":"Article","@id":"https:\/\/www.institutodeengenharia.org.br\/site\/2024\/09\/23\/joao-carlos-de-souza-meirelles-filho-e-recebido-pela-diretoria-do-ie\/#article","isPartOf":{"@id":"https:\/\/www.institutodeengenharia.org.br\/site\/2024\/09\/23\/joao-carlos-de-souza-meirelles-filho-e-recebido-pela-diretoria-do-ie\/"},"author":{"name":"Isabel","@id":"https:\/\/www.institutodeengenharia.org.br\/site\/#\/schema\/person\/593dc356630173a4877a635d3e5fd76b"},"headline":"Jo\u00e3o Carlos de Souza Meirelles Filho \u00e9 recebido pela diretoria do IE","datePublished":"2024-09-23T14:47:07+00:00","dateModified":"2024-09-23T14:54:26+00:00","mainEntityOfPage":{"@id":"https:\/\/www.institutodeengenharia.org.br\/site\/2024\/09\/23\/joao-carlos-de-souza-meirelles-filho-e-recebido-pela-diretoria-do-ie\/"},"wordCount":139,"commentCount":0,"publisher":{"@id":"https:\/\/www.institutodeengenharia.org.br\/site\/#organization"},"image":{"@id":"https:\/\/www.institutodeengenharia.org.br\/site\/2024\/09\/23\/joao-carlos-de-souza-meirelles-filho-e-recebido-pela-diretoria-do-ie\/#primaryimage"},"thumbnailUrl":"https:\/\/www.institutodeengenharia.org.br\/site\/wp-content\/uploads\/2024\/09\/meirelles-2.png","articleSection":["Amaz\u00f4nia e Bioeconomia","Instituto de Engenharia","Not\u00edcias","Not\u00edcias"],"inLanguage":"pt-BR","potentialAction":[{"@type":"CommentAction","name":"Comment","target":["https:\/\/www.institutodeengenharia.org.br\/site\/2024\/09\/23\/joao-carlos-de-souza-meirelles-filho-e-recebido-pela-diretoria-do-ie\/#respond"]}]},{"@type":"WebPage","@id":"https:\/\/www.institutodeengenharia.org.br\/site\/2024\/09\/23\/joao-carlos-de-souza-meirelles-filho-e-recebido-pela-diretoria-do-ie\/","url":"https:\/\/www.institutodeengenharia.org.br\/site\/2024\/09\/23\/joao-carlos-de-souza-meirelles-filho-e-recebido-pela-diretoria-do-ie\/","name":"Jo\u00e3o Carlos de Souza Meirelles Filho \u00e9 recebido pela diretoria do IE - Instituto de Engenharia","isPartOf":{"@id":"https:\/\/www.institutodeengenharia.org.br\/site\/#website"},"primaryImageOfPage":{"@id":"https:\/\/www.institutodeengenharia.org.br\/site\/2024\/09\/23\/joao-carlos-de-souza-meirelles-filho-e-recebido-pela-diretoria-do-ie\/#primaryimage"},"image":{"@id":"https:\/\/www.institutodeengenharia.org.br\/site\/2024\/09\/23\/joao-carlos-de-souza-meirelles-filho-e-recebido-pela-diretoria-do-ie\/#primaryimage"},"thumbnailUrl":"https:\/\/www.institutodeengenharia.org.br\/site\/wp-content\/uploads\/2024\/09\/meirelles-2.png","datePublished":"2024-09-23T14:47:07+00:00","dateModified":"2024-09-23T14:54:26+00:00","breadcrumb":{"@id":"https:\/\/www.institutodeengenharia.org.br\/site\/2024\/09\/23\/joao-carlos-de-souza-meirelles-filho-e-recebido-pela-diretoria-do-ie\/#breadcrumb"},"inLanguage":"pt-BR","potentialAction":[{"@type":"ReadAction","target":["https:\/\/www.institutodeengenharia.org.br\/site\/2024\/09\/23\/joao-carlos-de-souza-meirelles-filho-e-recebido-pela-diretoria-do-ie\/"]}]},{"@type":"ImageObject","inLanguage":"pt-BR","@id":"https:\/\/www.institutodeengenharia.org.br\/site\/2024\/09\/23\/joao-carlos-de-souza-meirelles-filho-e-recebido-pela-diretoria-do-ie\/#primaryimage","url":"https:\/\/www.institutodeengenharia.org.br\/site\/wp-content\/uploads\/2024\/09\/meirelles-2.png","contentUrl":"https:\/\/www.institutodeengenharia.org.br\/site\/wp-content\/uploads\/2024\/09\/meirelles-2.png","width":1439,"height":575,"caption":"Da esq. p\/ dir.: Eduardo Lafraia, conselheiro e ex-presidente IE, Marcelo Rozenberg, conselheiro IE, Rui Camargo, presidente do Conselho Consultivo IE, Jos\u00e9 Eduardo Jardim, presidente IE, Jo\u00e3o Carlos de Souza Meirelles Filho, diretor geral Instituto Peabiru, Lawrence Koo, VP Rela\u00e7\u00f5es Externas IE, George Paulus, coordenador do Projeto, Paulo Ferreira, conselheiro e ex-presidentes IE, Ivan Wathely, VP Atividades T\u00e9cnicas IE, e Camil Eid, conselheiro e ex-presidentes IE"},{"@type":"BreadcrumbList","@id":"https:\/\/www.institutodeengenharia.org.br\/site\/2024\/09\/23\/joao-carlos-de-souza-meirelles-filho-e-recebido-pela-diretoria-do-ie\/#breadcrumb","itemListElement":[{"@type":"ListItem","position":1,"name":"In\u00edcio","item":"https:\/\/www.institutodeengenharia.org.br\/site\/"},{"@type":"ListItem","position":2,"name":"Jo\u00e3o Carlos de Souza Meirelles Filho \u00e9 recebido pela diretoria do IE"}]},{"@type":"WebSite","@id":"https:\/\/www.institutodeengenharia.org.br\/site\/#website","url":"https:\/\/www.institutodeengenharia.org.br\/site\/","name":"Instituto de Engenharia","description":"O Instituto de Engenharia promove a Engenharia em benef\u00edcio do desenvolvimento e da qualidade de vida da sociedade.","publisher":{"@id":"https:\/\/www.institutodeengenharia.org.br\/site\/#organization"},"potentialAction":[{"@type":"SearchAction","target":{"@type":"EntryPoint","urlTemplate":"https:\/\/www.institutodeengenharia.org.br\/site\/?s={search_term_string}"},"query-input":{"@type":"PropertyValueSpecification","valueRequired":true,"valueName":"search_term_string"}}],"inLanguage":"pt-BR"},{"@type":"Organization","@id":"https:\/\/www.institutodeengenharia.org.br\/site\/#organization","name":"Instituto de Engenharia","url":"https:\/\/www.institutodeengenharia.org.br\/site\/","logo":{"@type":"ImageObject","inLanguage":"pt-BR","@id":"https:\/\/www.institutodeengenharia.org.br\/site\/#\/schema\/logo\/image\/","url":"https:\/\/www.institutodeengenharia.org.br\/site\/wp-content\/uploads\/2019\/03\/logo-novo-IE2018-1.jpg","contentUrl":"https:\/\/www.institutodeengenharia.org.br\/site\/wp-content\/uploads\/2019\/03\/logo-novo-IE2018-1.jpg","width":1486,"height":1879,"caption":"Instituto de Engenharia"},"image":{"@id":"https:\/\/www.institutodeengenharia.org.br\/site\/#\/schema\/logo\/image\/"},"sameAs":["https:\/\/www.facebook.com\/institutodeengenharia","https:\/\/x.com\/iengenharia","https:\/\/www.instagram.com\/institutodeengenharia\/","https:\/\/www.linkedin.com\/company\/instituto-de-engenharia\/","https:\/\/www.youtube.com\/channel\/UCXiCAlsSMe977vamW915HxA"]},{"@type":"Person","@id":"https:\/\/www.institutodeengenharia.org.br\/site\/#\/schema\/person\/593dc356630173a4877a635d3e5fd76b","name":"Isabel","image":{"@type":"ImageObject","inLanguage":"pt-BR","@id":"https:\/\/secure.gravatar.com\/avatar\/f3c521db63ec9db17894f10a88c6a3cf95b2281d7f80eeb3cf3ef1cb091576e7?s=96&d=mm&r=g","url":"https:\/\/secure.gravatar.com\/avatar\/f3c521db63ec9db17894f10a88c6a3cf95b2281d7f80eeb3cf3ef1cb091576e7?s=96&d=mm&r=g","contentUrl":"https:\/\/secure.gravatar.com\/avatar\/f3c521db63ec9db17894f10a88c6a3cf95b2281d7f80eeb3cf3ef1cb091576e7?s=96&d=mm&r=g","caption":"Isabel"},"url":"https:\/\/www.institutodeengenharia.org.br\/site\/author\/comunicacao2\/"}]}},"_links":{"self":[{"href":"https:\/\/www.institutodeengenharia.org.br\/site\/wp-json\/wp\/v2\/posts\/123930","targetHints":{"allow":["GET"]}}],"collection":[{"href":"https:\/\/www.institutodeengenharia.org.br\/site\/wp-json\/wp\/v2\/posts"}],"about":[{"href":"https:\/\/www.institutodeengenharia.org.br\/site\/wp-json\/wp\/v2\/types\/post"}],"author":[{"embeddable":true,"href":"https:\/\/www.institutodeengenharia.org.br\/site\/wp-json\/wp\/v2\/users\/14"}],"replies":[{"embeddable":true,"href":"https:\/\/www.institutodeengenharia.org.br\/site\/wp-json\/wp\/v2\/comments?post=123930"}],"version-history":[{"count":3,"href":"https:\/\/www.institutodeengenharia.org.br\/site\/wp-json\/wp\/v2\/posts\/123930\/revisions"}],"predecessor-version":[{"id":123947,"href":"https:\/\/www.institutodeengenharia.org.br\/site\/wp-json\/wp\/v2\/posts\/123930\/revisions\/123947"}],"wp:featuredmedia":[{"embeddable":true,"href":"https:\/\/www.institutodeengenharia.org.br\/site\/wp-json\/wp\/v2\/media\/123952"}],"wp:attachment":[{"href":"https:\/\/www.institutodeengenharia.org.br\/site\/wp-json\/wp\/v2\/media?parent=123930"}],"wp:term":[{"taxonomy":"category","embeddable":true,"href":"https:\/\/www.institutodeengenharia.org.br\/site\/wp-json\/wp\/v2\/categories?post=123930"},{"taxonomy":"post_tag","embeddable":true,"href":"https:\/\/www.institutodeengenharia.org.br\/site\/wp-json\/wp\/v2\/tags?post=123930"}],"curies":[{"name":"wp","href":"https:\/\/api.w.org\/{rel}","templated":true}]}}