{"id":123809,"date":"2024-09-19T11:40:34","date_gmt":"2024-09-19T14:40:34","guid":{"rendered":"https:\/\/www.institutodeengenharia.org.br\/site\/?p=123809"},"modified":"2024-10-03T15:53:36","modified_gmt":"2024-10-03T18:53:36","slug":"por-george-paulus-dias-ia-generativa-na-educacao-licoes-do-reino-unido","status":"publish","type":"post","link":"https:\/\/www.institutodeengenharia.org.br\/site\/2024\/09\/19\/por-george-paulus-dias-ia-generativa-na-educacao-licoes-do-reino-unido\/","title":{"rendered":"Por George Paulus Dias &#8211; IA Generativa na Educa\u00e7\u00e3o: Li\u00e7\u00f5es do Reino Unido"},"content":{"rendered":"<p style=\"display: flex;\"><strong>George Paulus Dias* <\/strong><img decoding=\"async\" style=\"width: 20px; height: 20px; margin: 2px 0 0 4px;\" src=\"https:\/\/bioeconomia.eng.br\/wp-content\/uploads\/2024\/09\/image-1.png\" alt=\"\" \/><\/p>\r\n<p>Um relat\u00f3rio recentemente publicado sobre o uso de Intelig\u00eancia Artificial Generativa na educa\u00e7\u00e3o, intitulado &#8220;Use Cases for Generative AI in Education&#8221;, documenta os resultados de um projeto inovador que investigou aplica\u00e7\u00f5es de Intelig\u00eancia Artificial (IA) generativa no setor educacional do Reino Unido. Conduzido entre setembro de 2023 e mar\u00e7o de 2024 por um cons\u00f3rcio de institui\u00e7\u00f5es, o estudo fornece evid\u00eancias robustas sobre o potencial dessa tecnologia para otimizar processos pedag\u00f3gicos e administrativos nas escolas.<\/p>\r\n\r\n<table style=\"border: 1px solid #000; float: right; width: 400px;\">\r\n<tbody>\r\n<tr>\r\n<td><strong>Hackathon<\/strong>: evento colaborativo, geralmente de curta dura\u00e7\u00e3o, que re\u00fane programadores, designers, empreendedores e outros profissionais ligados \u00e0 tecnologia para desenvolver solu\u00e7\u00f5es inovadoras em um ambiente intensivo de cria\u00e7\u00e3o. O termo \u00e9 a jun\u00e7\u00e3o de &#8220;hack&#8221; (no sentido de programa\u00e7\u00e3o explorat\u00f3ria ou resolu\u00e7\u00e3o criativa de problemas) e &#8220;marathon&#8221; (maratona), indicando um esfor\u00e7o concentrado em um per\u00edodo cont\u00ednuo, que pode variar de algumas horas a v\u00e1rios dias.<\/td>\r\n<\/tr>\r\n<\/tbody>\r\n<\/table>\r\n<p>O projeto adotou uma abordagem abrangente, combinando hackathons, desenvolvimento de provas de conceito (PoCs) e pesquisa extensiva com usu\u00e1rios. Um diferencial metodol\u00f3gico foi o engajamento da comunidade educacional na defini\u00e7\u00e3o dos focos de investiga\u00e7\u00e3o. Atrav\u00e9s de consultas pr\u00e9-hackathons com mais de 700 professores, gestores e estudantes, foram levantados problemas e oportunidades que posteriormente embasaram a prioriza\u00e7\u00e3o de 12 casos de uso promissores.<\/p>\r\n<p>Os crit\u00e9rios para essa curadoria inclu\u00edram a viabilidade t\u00e9cnica das solu\u00e7\u00f5es vislumbradas, seu potencial de impacto na redu\u00e7\u00e3o da carga de trabalho docente e na melhoria dos resultados de aprendizagem, al\u00e9m de uma an\u00e1lise criteriosa de riscos e desafios de implementa\u00e7\u00e3o. A tabela abaixo sintetiza os casos explorados, evidenciando a amplitude das aplica\u00e7\u00f5es consideradas e um resultado importante quanto aos pontos em que se avaliou que o potencial da IA \u00e9 significativo:<\/p>\r\n<table>\r\n<thead>\r\n<tr>\r\n<td><strong>Caso de Uso<\/strong><\/td>\r\n<td><strong>Objetivo<\/strong><\/td>\r\n<td><strong>Resultados<\/strong><\/td>\r\n<\/tr>\r\n<\/thead>\r\n<tbody>\r\n<tr class=\"odd\">\r\n<td>Gera\u00e7\u00e3o de planos de aula adequados \u00e0 idade<\/td>\r\n<td>Automatizar cria\u00e7\u00e3o de planos de aula<\/td>\r\n<td>Necessidade de melhorias e funcionalidades adicionais<\/td>\r\n<\/tr>\r\n<tr>\r\n<td>Gera\u00e7\u00e3o de ideias eficazes de questionamento<\/td>\r\n<td>Elaborar questionamentos para avaliar compreens\u00e3o<\/td>\r\n<td>Bom desempenho com t\u00e9cnicas espec\u00edficas<\/td>\r\n<\/tr>\r\n<tr class=\"odd\">\r\n<td>Gera\u00e7\u00e3o de materiais de aula<\/td>\r\n<td>Criar materiais e atividades personalizados<\/td>\r\n<td>Sucesso para li\u00e7\u00e3o de casa diferenciada e adapta\u00e7\u00e3o de textos<\/td>\r\n<\/tr>\r\n<tr>\r\n<td>Reda\u00e7\u00e3o de relat\u00f3rios de fim de ano<\/td>\r\n<td>Automatizar relat\u00f3rios detalhados de desempenho<\/td>\r\n<td>Necessidade de capturar melhor julgamento profissional<\/td>\r\n<\/tr>\r\n<tr class=\"odd\">\r\n<td>Atribui\u00e7\u00e3o de notas a trabalhos<\/td>\r\n<td>Aumentar efici\u00eancia e consist\u00eancia das corre\u00e7\u00f5es e cr\u00edticas<\/td>\r\n<td>Boa identifica\u00e7\u00e3o de n\u00edveis, mas dificuldade com notas precisas<\/td>\r\n<\/tr>\r\n<tr>\r\n<td>Gera\u00e7\u00e3o de avalia\u00e7\u00e3o formativa personalizado<\/td>\r\n<td>Fornecer avalia\u00e7\u00e3o individualizada em escala<\/td>\r\n<td>Cr\u00edticas convincentes, mas imprecisas, talvez melhor para estruturar a avalia\u00e7\u00e3o feita por humano<\/td>\r\n<\/tr>\r\n<tr class=\"odd\">\r\n<td>IA Generativa como auxiliar de ensino<\/td>\r\n<td>Facilitar intera\u00e7\u00e3o e instru\u00e7\u00e3o personalizada<\/td>\r\n<td>Potencial para di\u00e1logos relevantes, quest\u00f5es sobre precis\u00e3o e implica\u00e7\u00f5es<\/td>\r\n<\/tr>\r\n<tr>\r\n<td>Gera\u00e7\u00e3o de rascunhos de pol\u00edticas escolares<\/td>\r\n<td>Agilizar cria\u00e7\u00e3o e atualiza\u00e7\u00e3o de pol\u00edticas<\/td>\r\n<td>\u00datil para comparar e personalizar pol\u00edticas, dependente da qualidade dos exemplos<\/td>\r\n<\/tr>\r\n<tr class=\"odd\">\r\n<td>An\u00e1lise\/s\u00edntese de dados de alunos<\/td>\r\n<td>Gerar ideias para interven\u00e7\u00f5es personalizadas<\/td>\r\n<td>N\u00e3o adequada para an\u00e1lise direta, promissora para gerar c\u00f3digo de an\u00e1lise<\/td>\r\n<\/tr>\r\n<tr>\r\n<td>Assistente de aprendizagem de idiomas<\/td>\r\n<td>Fornecer exerc\u00edcios, corre\u00e7\u00f5es e pr\u00e1tica ilimitada<\/td>\r\n<td>Bom para conversa\u00e7\u00e3o, exerc\u00edcios e identifica\u00e7\u00e3o de erros, mas imprecis\u00f5es afetam confian\u00e7a<\/td>\r\n<\/tr>\r\n<tr class=\"odd\">\r\n<td>Gera\u00e7\u00e3o de comunicados a pais<\/td>\r\n<td>Gerar comunicados consistentes rapidamente<\/td>\r\n<td>Rascunhos altamente utiliz\u00e1veis com prompts m\u00ednimos, alto potencial<\/td>\r\n<\/tr>\r\n<tr>\r\n<td>Suporte a alunos com necessidades especiais<\/td>\r\n<td>Sugerir abordagens e adapta\u00e7\u00f5es apropriadas<\/td>\r\n<td>Apenas orienta\u00e7\u00f5es gen\u00e9ricas atualmente, mais pesquisas necess\u00e1rias com cautela<\/td>\r\n<\/tr>\r\n<\/tbody>\r\n<\/table>\r\n<p>Nos hackathons realizados em outubro de 2023, equipes multidisciplinares se debru\u00e7aram sobre esses casos, buscando refinar prompts, arquiteturas e conjuntos de dados para extrair o m\u00e1ximo das capacidades dos modelos de IA generativa. Embora nenhuma das solu\u00e7\u00f5es tenha sido considerada imediatamente implement\u00e1vel, os avan\u00e7os foram significativos e apontaram caminhos promissores para desenvolvimentos futuros.<\/p>\r\n<p>Mas talvez ainda mais relevantes tenham sido as percep\u00e7\u00f5es colhidas na extensiva pesquisa com usu\u00e1rios. Ficou evidente que educadores vislumbram enormes benef\u00edcios no suporte da IA generativa, especialmente nos ganhos de efici\u00eancia e consist\u00eancia. Ao mesmo tempo, expressaram preocupa\u00e7\u00f5es leg\u00edtimas com quest\u00f5es como confiabilidade, transpar\u00eancia, seguran\u00e7a e privacidade dos dados. Sinalizaram que a ado\u00e7\u00e3o respons\u00e1vel dessas ferramentas exigir\u00e1 diretrizes claras, forma\u00e7\u00e3o consistente e uma nova mentalidade sobre o papel da tecnologia nos processos de ensino e aprendizagem.<\/p>\r\n<p>Isso nos leva a reflex\u00f5es importantes sobre o que esses achados representam para o futuro da educa\u00e7\u00e3o, tanto no Reino Unido quanto em outros pa\u00edses como o Brasil. O relat\u00f3rio sugere que estamos nos primeiros est\u00e1gios de uma revolu\u00e7\u00e3o, em que a IA generativa se tornar\u00e1 uma ferramenta central na caixa de ferramentas pedag\u00f3gica. Podemos vislumbrar uma &#8220;Nova Escola&#8221; em que professores s\u00e3o liberados de tarefas mec\u00e2nicas de transmiss\u00e3o de conte\u00fado e avalia\u00e7\u00e3o, para se concentrarem na curadoria de experi\u00eancias de aprendizagem significativas. Um ecossistema em que algoritmos permitem a personaliza\u00e7\u00e3o em escala, e a an\u00e1lise de dados em tempo real capacita interven\u00e7\u00f5es humanas cir\u00fargicas.<\/p>\r\n<p>Ao mesmo tempo, o estudo n\u00e3o \u00e9 ing\u00eanuo sobre os desafios dessa transforma\u00e7\u00e3o. Reconhece que a IA generativa n\u00e3o \u00e9 uma panaceia universal, e que sua aplicabilidade depender\u00e1 muito do contexto, do perfil dos estudantes, das disciplinas e objetivos de aprendizagem. Que barreiras t\u00e9cnicas, legais e \u00e9ticas precisar\u00e3o ser endere\u00e7adas, da adapta\u00e7\u00e3o de sistemas legados \u00e0 defini\u00e7\u00e3o de padr\u00f5es rigorosos de governan\u00e7a de dados. E que, acima de tudo, ser\u00e1 necess\u00e1rio um enorme investimento no desenvolvimento dos educadores, para que tenham a flu\u00eancia digital necess\u00e1ria para orquestrar ecossistemas de aprendizagem cada vez mais complexos.<\/p>\r\n<p>No contexto brasileiro, com nossas profundas desigualdades educacionais e limita\u00e7\u00f5es de infraestrutura, esses desafios se tornam ainda mais prementes. Por outro lado, nossa escala, diversidade e criatividade nos posicionam para sermos tamb\u00e9m pioneiros nessa jornada. O chamado \u00e0 a\u00e7\u00e3o que emerge do relat\u00f3rio \u00e9 claro: precisamos acelerar nossos pr\u00f3prios experimentos e aprendizados com IA generativa na educa\u00e7\u00e3o, construindo sobre as evid\u00eancias geradas no Reino Unido, mas de forma profundamente enraizada em nossas realidades e aspira\u00e7\u00f5es.<\/p>\r\n<p>Isso exigir\u00e1 coragem e colabora\u00e7\u00e3o de todas as partes interessadas do sistema educacional brasileiro. Governos precisar\u00e3o estabelecer as diretrizes e investimentos necess\u00e1rios. Institui\u00e7\u00f5es educacionais ter\u00e3o que se reinventar, desenvolvendo novos curr\u00edculos, pr\u00e1ticas pedag\u00f3gicas e modelos operacionais. Empresas de tecnologia precisar\u00e3o trabalhar em estreita parceria com educadores para desenvolver solu\u00e7\u00f5es alinhadas aos desafios da ponta. E entidades do terceiro setor devem assumir um papel crucial de articula\u00e7\u00e3o e capacita\u00e7\u00e3o.<\/p>\r\n<p>Se formos bem-sucedidos nessa empreitada, as recompensas podem ser enormes. Com a IA generativa, temos a oportunidade de escalar abordagens educacionais inovadoras, personalizando a aprendizagem, otimizando recursos e abrindo novos horizontes de equidade e qualidade. De formar cidad\u00e3os n\u00e3o apenas consumidores, mas arquitetos de um mundo cada vez mais moldado pela IA. O relat\u00f3rio &#8220;Use Cases for Generative AI in Education&#8221; nos fornece um mapa valioso para navegar esse territ\u00f3rio ainda largamente inexplorado. Cabe a n\u00f3s, como sociedade, decidir se teremos a ousadia e a sabedoria para segui-lo, adapt\u00e1-lo e expandi-lo. Os primeiros passos foram dados &#8211; agora \u00e9 hora de acelerar a caminhada.<\/p>\r\n<p><strong>Resumo dos Casos de Uso de IA Generativa na Educa\u00e7\u00e3o<\/strong><\/p>\r\n<p><em><u>1. Gera\u00e7\u00e3o de planos de aula adequados \u00e0 idade<\/u><\/em><\/p>\r\n<p>Dor: Professores gastam tempo significativo criando planos de aula detalhados e adequados \u00e0 faixa et\u00e1ria.<\/p>\r\n<p>Potencial da IA: Automatizar a gera\u00e7\u00e3o de planos de aula personalizados, poupando tempo dos educadores.<\/p>\r\n<p><em><u>2. Gera\u00e7\u00e3o de ideias eficazes de questionamento<\/u><\/em><\/p>\r\n<p>Dor: Elaborar perguntas eficazes para verificar a compreens\u00e3o dos alunos \u00e9 um desafio, especialmente para professores menos experientes.<\/p>\r\n<p>Potencial da IA: Gerar questionamentos direcionados e variados, auxiliando na avalia\u00e7\u00e3o cont\u00ednua do aprendizado.<\/p>\r\n<p><em><u>3. Gera\u00e7\u00e3o de materiais de aula<\/u><\/em><\/p>\r\n<p>Dor: Criar atividades e recursos did\u00e1ticos diversos e adaptados \u00e0s necessidades de cada turma \u00e9 trabalhoso, caro e quase sempre invi\u00e1vel na pr\u00e1tica.<\/p>\r\n<p>Potencial da IA: Produzir materiais personalizados em escala, otimizando o tempo de prepara\u00e7\u00e3o das aulas.<\/p>\r\n<p><em><u>4. Reda\u00e7\u00e3o de relat\u00f3rios de fim de ano<\/u><\/em><\/p>\r\n<p>Dor: Relat\u00f3rios individualizados consomem muito tempo e nem sempre fornecem ideias que levem a a\u00e7\u00e3o.<\/p>\r\n<p>Potencial da IA: Automatizar a gera\u00e7\u00e3o de relat\u00f3rios detalhados, incorporando an\u00e1lises preditivas e recomenda\u00e7\u00f5es personalizadas.<\/p>\r\n<p><em><u>5. Atribui\u00e7\u00e3o de notas a trabalhos<\/u><\/em><\/p>\r\n<p>Dor: Corrigir e dar notas a um grande volume de tarefas \u00e9 trabalhoso, cansativo e com alto rico de inconsist\u00eancias.<\/p>\r\n<p>Potencial da IA: Auxiliar na corre\u00e7\u00e3o e avalia\u00e7\u00e3o inicial, garantindo maior agilidade e padroniza\u00e7\u00e3o.<\/p>\r\n<p><em><u>6. Gera\u00e7\u00e3o de avalia\u00e7\u00e3o formativa personalizada<\/u><\/em><\/p>\r\n<p>Dor: Fornecer avalia\u00e7\u00e3o individualizada e constante para cada aluno \u00e9 praticamente invi\u00e1vel no modelo educacional atual.<\/p>\r\n<p>Potencial da IA: Gerar cr\u00edticas construtivas adaptadas \u00e0s necessidades de cada estudante em tempo real, facilitando interven\u00e7\u00f5es personalizadas.<\/p>\r\n<p><em><u>7. IA Generativa como \u2018auxiliar de ensino\u2019<\/u><\/em><\/p>\r\n<p>Dor: Manter todos os alunos engajados e atendidos em suas d\u00favidas \u00e9 um desafio constante e demanda uma capacidade rara de conex\u00e3o dos docentes.<\/p>\r\n<p>Potencial da IA: Servir como um assistente virtual, fornecendo suporte individualizado e criando experi\u00eancias interativas de aprendizado.<\/p>\r\n<p><em><u>8. Gera\u00e7\u00e3o de rascunhos de pol\u00edticas escolares<\/u><\/em><\/p>\r\n<p>Dor: Desenvolver e atualizar pol\u00edticas escolares \u00e9 uma tarefa complexa e demorada para gestores.<\/p>\r\n<p>Potencial da IA: Gerar rascunhos base de pol\u00edticas, agregando boas pr\u00e1ticas e adaptando para o contexto de cada escola.<\/p>\r\n<p><em><u>9. An\u00e1lise\/s\u00edntese de dados de alunos<\/u><\/em><\/p>\r\n<p>Dor: Extrair ideias a partir do grande volume de dados gerados \u00e9 dif\u00edcil e consome muito tempo.<\/p>\r\n<p>Potencial da IA: Identificar padr\u00f5es, prever riscos e recomendar interven\u00e7\u00f5es personalizadas a partir da an\u00e1lise cont\u00ednua dos dados.<\/p>\r\n<p><em><u>10. Assistente de aprendizagem de idiomas<\/u><\/em><\/p>\r\n<p>Dor: Praticar conversa\u00e7\u00e3o e ter retorno em tempo real \u00e9 limitado pela disponibilidade dos professores.<\/p>\r\n<p>Potencial da IA: Servir como um parceiro de conversa\u00e7\u00e3o e pr\u00e1tica, fornecendo avalia\u00e7\u00e3o e adaptando-se ao n\u00edvel de cada aprendiz.<\/p>\r\n<p><em><u>11. Gera\u00e7\u00e3o de comunicados a pais e respons\u00e1veis<\/u><\/em><\/p>\r\n<p>Dor: Produzir comunicados claros, consistentes e envolventes consome tempo valioso da equipe escolar.<\/p>\r\n<p>Potencial da IA: Gerar comunicados rapidamente a partir de modelos pr\u00e9-definidos, garantindo clareza e padroniza\u00e7\u00e3o.<\/p>\r\n<p><em><u>12. Suporte a alunos com necessidades especiais<\/u><\/em><\/p>\r\n<p>Dor: Desenvolver materiais e estrat\u00e9gias adaptados para estudantes com necessidades especiais exige tempo e conhecimentos muitas vezes inexistente.<\/p>\r\n<p>Potencial da IA: Sugerir adapta\u00e7\u00f5es curriculares e de recursos com base nas especificidades de cada aluno, democratizando o acesso a interven\u00e7\u00f5es personalizadas.<\/p>\r\n<p><strong>Reino Unido. Department for Education<\/strong>. Use cases for generative AI in education: user research report. Dispon\u00edvel\u00a0em:\u00a0<a href=\"https:\/\/assets.publishing.service.gov.uk\/media\/66cdb078f04c14b05511b322\/Use_cases_for_generative_AI_in_education_user_research_report.pdf\">https:\/\/assets.publishing.service.gov.uk\/media\/66cdb078f04c14b05511b322\/Use_cases_for_generative_AI_in_education_user_research_report.pdf<\/a>. Acesso em: 16 set. 2024.<\/p>\r\n<p>* <a href=\"https:\/\/www.linkedin.com\/in\/georgepaulus\/\">George Paulus Dias<\/a> \u00e9 engenheiro de produ\u00e7\u00e3o pela Escola Polit\u00e9cnica da USP, mestre e doutor em Log\u00edstica e Educa\u00e7\u00e3o com Jogos. \u00c9 empreendedor na \u00e1rea de TI e educa\u00e7\u00e3o e acumula 20 anos de doc\u00eancia em institui\u00e7\u00f5es de ensino superior e treinamentos corporativos. \u00c9 conselheiro do Instituto de Engenharia onde tamb\u00e9m coordena o GT Amaz\u00f4nia e Bioeconomia.<\/p>","protected":false},"excerpt":{"rendered":"<p>George Paulus Dias* Um relat\u00f3rio recentemente publicado sobre o uso de Intelig\u00eancia Artificial Generativa na educa\u00e7\u00e3o, intitulado &#8220;Use Cases for Generative AI in Education&#8221;, documenta os resultados de um projeto inovador que investigou aplica\u00e7\u00f5es de Intelig\u00eancia Artificial (IA) generativa no setor educacional do Reino Unido. Conduzido entre setembro de 2023 e mar\u00e7o de 2024 por [&hellip;]<\/p>\n","protected":false},"author":13,"featured_media":123810,"comment_status":"open","ping_status":"open","sticky":false,"template":"","format":"standard","meta":{"footnotes":""},"categories":[11,1526],"tags":[],"class_list":{"0":"post-123809","1":"post","2":"type-post","3":"status-publish","4":"format-standard","5":"has-post-thumbnail","7":"category-articulistas","8":"category-george-paulus-dias"},"yoast_head":"<!-- This site is optimized with the Yoast SEO plugin v27.2 - https:\/\/yoast.com\/product\/yoast-seo-wordpress\/ -->\n<title>Por George Paulus Dias - IA Generativa na Educa\u00e7\u00e3o: Li\u00e7\u00f5es do Reino Unido - Instituto de Engenharia<\/title>\n<meta name=\"robots\" content=\"index, follow, max-snippet:-1, max-image-preview:large, max-video-preview:-1\" \/>\n<link rel=\"canonical\" href=\"https:\/\/www.institutodeengenharia.org.br\/site\/2024\/09\/19\/por-george-paulus-dias-ia-generativa-na-educacao-licoes-do-reino-unido\/\" \/>\n<meta property=\"og:locale\" content=\"pt_BR\" \/>\n<meta property=\"og:type\" content=\"article\" \/>\n<meta property=\"og:title\" content=\"Por George Paulus Dias - IA Generativa na Educa\u00e7\u00e3o: Li\u00e7\u00f5es do Reino Unido - Instituto de Engenharia\" \/>\n<meta property=\"og:description\" content=\"George Paulus Dias* Um relat\u00f3rio recentemente publicado sobre o uso de Intelig\u00eancia Artificial Generativa na educa\u00e7\u00e3o, intitulado &#8220;Use Cases for Generative AI in Education&#8221;, documenta os resultados de um projeto inovador que investigou aplica\u00e7\u00f5es de Intelig\u00eancia Artificial (IA) generativa no setor educacional do Reino Unido. Conduzido entre setembro de 2023 e mar\u00e7o de 2024 por [&hellip;]\" \/>\n<meta property=\"og:url\" content=\"https:\/\/www.institutodeengenharia.org.br\/site\/2024\/09\/19\/por-george-paulus-dias-ia-generativa-na-educacao-licoes-do-reino-unido\/\" \/>\n<meta property=\"og:site_name\" content=\"Instituto de Engenharia\" \/>\n<meta property=\"article:publisher\" content=\"https:\/\/www.facebook.com\/institutodeengenharia\" \/>\n<meta property=\"article:published_time\" content=\"2024-09-19T14:40:34+00:00\" \/>\n<meta property=\"article:modified_time\" content=\"2024-10-03T18:53:36+00:00\" \/>\n<meta property=\"og:image\" content=\"https:\/\/www.institutodeengenharia.org.br\/site\/wp-content\/uploads\/2024\/09\/Artigo06.png\" \/>\n\t<meta property=\"og:image:width\" content=\"964\" \/>\n\t<meta property=\"og:image:height\" content=\"964\" \/>\n\t<meta property=\"og:image:type\" content=\"image\/png\" \/>\n<meta name=\"author\" content=\"Bianca\" \/>\n<meta name=\"twitter:card\" content=\"summary_large_image\" \/>\n<meta name=\"twitter:creator\" content=\"@iengenharia\" \/>\n<meta name=\"twitter:site\" content=\"@iengenharia\" \/>\n<meta name=\"twitter:label1\" content=\"Escrito por\" \/>\n\t<meta name=\"twitter:data1\" content=\"Bianca\" \/>\n\t<meta name=\"twitter:label2\" content=\"Est. tempo de leitura\" \/>\n\t<meta name=\"twitter:data2\" content=\"10 minutos\" \/>\n<script type=\"application\/ld+json\" class=\"yoast-schema-graph\">{\"@context\":\"https:\/\/schema.org\",\"@graph\":[{\"@type\":\"Article\",\"@id\":\"https:\/\/www.institutodeengenharia.org.br\/site\/2024\/09\/19\/por-george-paulus-dias-ia-generativa-na-educacao-licoes-do-reino-unido\/#article\",\"isPartOf\":{\"@id\":\"https:\/\/www.institutodeengenharia.org.br\/site\/2024\/09\/19\/por-george-paulus-dias-ia-generativa-na-educacao-licoes-do-reino-unido\/\"},\"author\":{\"name\":\"Bianca\",\"@id\":\"https:\/\/www.institutodeengenharia.org.br\/site\/#\/schema\/person\/aeb64951c405e100d26d30b033dd423f\"},\"headline\":\"Por George Paulus Dias &#8211; IA Generativa na Educa\u00e7\u00e3o: Li\u00e7\u00f5es do Reino Unido\",\"datePublished\":\"2024-09-19T14:40:34+00:00\",\"dateModified\":\"2024-10-03T18:53:36+00:00\",\"mainEntityOfPage\":{\"@id\":\"https:\/\/www.institutodeengenharia.org.br\/site\/2024\/09\/19\/por-george-paulus-dias-ia-generativa-na-educacao-licoes-do-reino-unido\/\"},\"wordCount\":1919,\"commentCount\":0,\"publisher\":{\"@id\":\"https:\/\/www.institutodeengenharia.org.br\/site\/#organization\"},\"image\":{\"@id\":\"https:\/\/www.institutodeengenharia.org.br\/site\/2024\/09\/19\/por-george-paulus-dias-ia-generativa-na-educacao-licoes-do-reino-unido\/#primaryimage\"},\"thumbnailUrl\":\"https:\/\/www.institutodeengenharia.org.br\/site\/wp-content\/uploads\/2024\/09\/Artigo06-e1728671305690.png\",\"articleSection\":[\"Articulistas\",\"George Paulus Dias\"],\"inLanguage\":\"pt-BR\",\"potentialAction\":[{\"@type\":\"CommentAction\",\"name\":\"Comment\",\"target\":[\"https:\/\/www.institutodeengenharia.org.br\/site\/2024\/09\/19\/por-george-paulus-dias-ia-generativa-na-educacao-licoes-do-reino-unido\/#respond\"]}]},{\"@type\":\"WebPage\",\"@id\":\"https:\/\/www.institutodeengenharia.org.br\/site\/2024\/09\/19\/por-george-paulus-dias-ia-generativa-na-educacao-licoes-do-reino-unido\/\",\"url\":\"https:\/\/www.institutodeengenharia.org.br\/site\/2024\/09\/19\/por-george-paulus-dias-ia-generativa-na-educacao-licoes-do-reino-unido\/\",\"name\":\"Por George Paulus Dias - IA Generativa na Educa\u00e7\u00e3o: Li\u00e7\u00f5es do Reino Unido - Instituto de Engenharia\",\"isPartOf\":{\"@id\":\"https:\/\/www.institutodeengenharia.org.br\/site\/#website\"},\"primaryImageOfPage\":{\"@id\":\"https:\/\/www.institutodeengenharia.org.br\/site\/2024\/09\/19\/por-george-paulus-dias-ia-generativa-na-educacao-licoes-do-reino-unido\/#primaryimage\"},\"image\":{\"@id\":\"https:\/\/www.institutodeengenharia.org.br\/site\/2024\/09\/19\/por-george-paulus-dias-ia-generativa-na-educacao-licoes-do-reino-unido\/#primaryimage\"},\"thumbnailUrl\":\"https:\/\/www.institutodeengenharia.org.br\/site\/wp-content\/uploads\/2024\/09\/Artigo06-e1728671305690.png\",\"datePublished\":\"2024-09-19T14:40:34+00:00\",\"dateModified\":\"2024-10-03T18:53:36+00:00\",\"breadcrumb\":{\"@id\":\"https:\/\/www.institutodeengenharia.org.br\/site\/2024\/09\/19\/por-george-paulus-dias-ia-generativa-na-educacao-licoes-do-reino-unido\/#breadcrumb\"},\"inLanguage\":\"pt-BR\",\"potentialAction\":[{\"@type\":\"ReadAction\",\"target\":[\"https:\/\/www.institutodeengenharia.org.br\/site\/2024\/09\/19\/por-george-paulus-dias-ia-generativa-na-educacao-licoes-do-reino-unido\/\"]}]},{\"@type\":\"ImageObject\",\"inLanguage\":\"pt-BR\",\"@id\":\"https:\/\/www.institutodeengenharia.org.br\/site\/2024\/09\/19\/por-george-paulus-dias-ia-generativa-na-educacao-licoes-do-reino-unido\/#primaryimage\",\"url\":\"https:\/\/www.institutodeengenharia.org.br\/site\/wp-content\/uploads\/2024\/09\/Artigo06-e1728671305690.png\",\"contentUrl\":\"https:\/\/www.institutodeengenharia.org.br\/site\/wp-content\/uploads\/2024\/09\/Artigo06-e1728671305690.png\",\"width\":964,\"height\":589},{\"@type\":\"BreadcrumbList\",\"@id\":\"https:\/\/www.institutodeengenharia.org.br\/site\/2024\/09\/19\/por-george-paulus-dias-ia-generativa-na-educacao-licoes-do-reino-unido\/#breadcrumb\",\"itemListElement\":[{\"@type\":\"ListItem\",\"position\":1,\"name\":\"In\u00edcio\",\"item\":\"https:\/\/www.institutodeengenharia.org.br\/site\/\"},{\"@type\":\"ListItem\",\"position\":2,\"name\":\"Por George Paulus Dias &#8211; IA Generativa na Educa\u00e7\u00e3o: Li\u00e7\u00f5es do Reino Unido\"}]},{\"@type\":\"WebSite\",\"@id\":\"https:\/\/www.institutodeengenharia.org.br\/site\/#website\",\"url\":\"https:\/\/www.institutodeengenharia.org.br\/site\/\",\"name\":\"Instituto de Engenharia\",\"description\":\"O Instituto de Engenharia promove a Engenharia em benef\u00edcio do desenvolvimento e da qualidade de vida da sociedade.\",\"publisher\":{\"@id\":\"https:\/\/www.institutodeengenharia.org.br\/site\/#organization\"},\"potentialAction\":[{\"@type\":\"SearchAction\",\"target\":{\"@type\":\"EntryPoint\",\"urlTemplate\":\"https:\/\/www.institutodeengenharia.org.br\/site\/?s={search_term_string}\"},\"query-input\":{\"@type\":\"PropertyValueSpecification\",\"valueRequired\":true,\"valueName\":\"search_term_string\"}}],\"inLanguage\":\"pt-BR\"},{\"@type\":\"Organization\",\"@id\":\"https:\/\/www.institutodeengenharia.org.br\/site\/#organization\",\"name\":\"Instituto de Engenharia\",\"url\":\"https:\/\/www.institutodeengenharia.org.br\/site\/\",\"logo\":{\"@type\":\"ImageObject\",\"inLanguage\":\"pt-BR\",\"@id\":\"https:\/\/www.institutodeengenharia.org.br\/site\/#\/schema\/logo\/image\/\",\"url\":\"https:\/\/www.institutodeengenharia.org.br\/site\/wp-content\/uploads\/2019\/03\/logo-novo-IE2018-1.jpg\",\"contentUrl\":\"https:\/\/www.institutodeengenharia.org.br\/site\/wp-content\/uploads\/2019\/03\/logo-novo-IE2018-1.jpg\",\"width\":1486,\"height\":1879,\"caption\":\"Instituto de Engenharia\"},\"image\":{\"@id\":\"https:\/\/www.institutodeengenharia.org.br\/site\/#\/schema\/logo\/image\/\"},\"sameAs\":[\"https:\/\/www.facebook.com\/institutodeengenharia\",\"https:\/\/x.com\/iengenharia\",\"https:\/\/www.instagram.com\/institutodeengenharia\/\",\"https:\/\/www.linkedin.com\/company\/instituto-de-engenharia\/\",\"https:\/\/www.youtube.com\/channel\/UCXiCAlsSMe977vamW915HxA\"]},{\"@type\":\"Person\",\"@id\":\"https:\/\/www.institutodeengenharia.org.br\/site\/#\/schema\/person\/aeb64951c405e100d26d30b033dd423f\",\"name\":\"Bianca\",\"image\":{\"@type\":\"ImageObject\",\"inLanguage\":\"pt-BR\",\"@id\":\"https:\/\/secure.gravatar.com\/avatar\/a6fbe9bff57405baf4c1e2c5c1811e072b558253974a9f9508f4678900c97c2a?s=96&d=mm&r=g\",\"url\":\"https:\/\/secure.gravatar.com\/avatar\/a6fbe9bff57405baf4c1e2c5c1811e072b558253974a9f9508f4678900c97c2a?s=96&d=mm&r=g\",\"contentUrl\":\"https:\/\/secure.gravatar.com\/avatar\/a6fbe9bff57405baf4c1e2c5c1811e072b558253974a9f9508f4678900c97c2a?s=96&d=mm&r=g\",\"caption\":\"Bianca\"},\"url\":\"https:\/\/www.institutodeengenharia.org.br\/site\/author\/comunicacao1\/\"}]}<\/script>\n<!-- \/ Yoast SEO plugin. -->","yoast_head_json":{"title":"Por George Paulus Dias - IA Generativa na Educa\u00e7\u00e3o: Li\u00e7\u00f5es do Reino Unido - Instituto de Engenharia","robots":{"index":"index","follow":"follow","max-snippet":"max-snippet:-1","max-image-preview":"max-image-preview:large","max-video-preview":"max-video-preview:-1"},"canonical":"https:\/\/www.institutodeengenharia.org.br\/site\/2024\/09\/19\/por-george-paulus-dias-ia-generativa-na-educacao-licoes-do-reino-unido\/","og_locale":"pt_BR","og_type":"article","og_title":"Por George Paulus Dias - IA Generativa na Educa\u00e7\u00e3o: Li\u00e7\u00f5es do Reino Unido - Instituto de Engenharia","og_description":"George Paulus Dias* Um relat\u00f3rio recentemente publicado sobre o uso de Intelig\u00eancia Artificial Generativa na educa\u00e7\u00e3o, intitulado &#8220;Use Cases for Generative AI in Education&#8221;, documenta os resultados de um projeto inovador que investigou aplica\u00e7\u00f5es de Intelig\u00eancia Artificial (IA) generativa no setor educacional do Reino Unido. Conduzido entre setembro de 2023 e mar\u00e7o de 2024 por [&hellip;]","og_url":"https:\/\/www.institutodeengenharia.org.br\/site\/2024\/09\/19\/por-george-paulus-dias-ia-generativa-na-educacao-licoes-do-reino-unido\/","og_site_name":"Instituto de Engenharia","article_publisher":"https:\/\/www.facebook.com\/institutodeengenharia","article_published_time":"2024-09-19T14:40:34+00:00","article_modified_time":"2024-10-03T18:53:36+00:00","og_image":[{"width":964,"height":964,"url":"https:\/\/www.institutodeengenharia.org.br\/site\/wp-content\/uploads\/2024\/09\/Artigo06.png","type":"image\/png"}],"author":"Bianca","twitter_card":"summary_large_image","twitter_creator":"@iengenharia","twitter_site":"@iengenharia","twitter_misc":{"Escrito por":"Bianca","Est. tempo de leitura":"10 minutos"},"schema":{"@context":"https:\/\/schema.org","@graph":[{"@type":"Article","@id":"https:\/\/www.institutodeengenharia.org.br\/site\/2024\/09\/19\/por-george-paulus-dias-ia-generativa-na-educacao-licoes-do-reino-unido\/#article","isPartOf":{"@id":"https:\/\/www.institutodeengenharia.org.br\/site\/2024\/09\/19\/por-george-paulus-dias-ia-generativa-na-educacao-licoes-do-reino-unido\/"},"author":{"name":"Bianca","@id":"https:\/\/www.institutodeengenharia.org.br\/site\/#\/schema\/person\/aeb64951c405e100d26d30b033dd423f"},"headline":"Por George Paulus Dias &#8211; IA Generativa na Educa\u00e7\u00e3o: Li\u00e7\u00f5es do Reino Unido","datePublished":"2024-09-19T14:40:34+00:00","dateModified":"2024-10-03T18:53:36+00:00","mainEntityOfPage":{"@id":"https:\/\/www.institutodeengenharia.org.br\/site\/2024\/09\/19\/por-george-paulus-dias-ia-generativa-na-educacao-licoes-do-reino-unido\/"},"wordCount":1919,"commentCount":0,"publisher":{"@id":"https:\/\/www.institutodeengenharia.org.br\/site\/#organization"},"image":{"@id":"https:\/\/www.institutodeengenharia.org.br\/site\/2024\/09\/19\/por-george-paulus-dias-ia-generativa-na-educacao-licoes-do-reino-unido\/#primaryimage"},"thumbnailUrl":"https:\/\/www.institutodeengenharia.org.br\/site\/wp-content\/uploads\/2024\/09\/Artigo06-e1728671305690.png","articleSection":["Articulistas","George Paulus Dias"],"inLanguage":"pt-BR","potentialAction":[{"@type":"CommentAction","name":"Comment","target":["https:\/\/www.institutodeengenharia.org.br\/site\/2024\/09\/19\/por-george-paulus-dias-ia-generativa-na-educacao-licoes-do-reino-unido\/#respond"]}]},{"@type":"WebPage","@id":"https:\/\/www.institutodeengenharia.org.br\/site\/2024\/09\/19\/por-george-paulus-dias-ia-generativa-na-educacao-licoes-do-reino-unido\/","url":"https:\/\/www.institutodeengenharia.org.br\/site\/2024\/09\/19\/por-george-paulus-dias-ia-generativa-na-educacao-licoes-do-reino-unido\/","name":"Por George Paulus Dias - IA Generativa na Educa\u00e7\u00e3o: Li\u00e7\u00f5es do Reino Unido - Instituto de Engenharia","isPartOf":{"@id":"https:\/\/www.institutodeengenharia.org.br\/site\/#website"},"primaryImageOfPage":{"@id":"https:\/\/www.institutodeengenharia.org.br\/site\/2024\/09\/19\/por-george-paulus-dias-ia-generativa-na-educacao-licoes-do-reino-unido\/#primaryimage"},"image":{"@id":"https:\/\/www.institutodeengenharia.org.br\/site\/2024\/09\/19\/por-george-paulus-dias-ia-generativa-na-educacao-licoes-do-reino-unido\/#primaryimage"},"thumbnailUrl":"https:\/\/www.institutodeengenharia.org.br\/site\/wp-content\/uploads\/2024\/09\/Artigo06-e1728671305690.png","datePublished":"2024-09-19T14:40:34+00:00","dateModified":"2024-10-03T18:53:36+00:00","breadcrumb":{"@id":"https:\/\/www.institutodeengenharia.org.br\/site\/2024\/09\/19\/por-george-paulus-dias-ia-generativa-na-educacao-licoes-do-reino-unido\/#breadcrumb"},"inLanguage":"pt-BR","potentialAction":[{"@type":"ReadAction","target":["https:\/\/www.institutodeengenharia.org.br\/site\/2024\/09\/19\/por-george-paulus-dias-ia-generativa-na-educacao-licoes-do-reino-unido\/"]}]},{"@type":"ImageObject","inLanguage":"pt-BR","@id":"https:\/\/www.institutodeengenharia.org.br\/site\/2024\/09\/19\/por-george-paulus-dias-ia-generativa-na-educacao-licoes-do-reino-unido\/#primaryimage","url":"https:\/\/www.institutodeengenharia.org.br\/site\/wp-content\/uploads\/2024\/09\/Artigo06-e1728671305690.png","contentUrl":"https:\/\/www.institutodeengenharia.org.br\/site\/wp-content\/uploads\/2024\/09\/Artigo06-e1728671305690.png","width":964,"height":589},{"@type":"BreadcrumbList","@id":"https:\/\/www.institutodeengenharia.org.br\/site\/2024\/09\/19\/por-george-paulus-dias-ia-generativa-na-educacao-licoes-do-reino-unido\/#breadcrumb","itemListElement":[{"@type":"ListItem","position":1,"name":"In\u00edcio","item":"https:\/\/www.institutodeengenharia.org.br\/site\/"},{"@type":"ListItem","position":2,"name":"Por George Paulus Dias &#8211; IA Generativa na Educa\u00e7\u00e3o: Li\u00e7\u00f5es do Reino Unido"}]},{"@type":"WebSite","@id":"https:\/\/www.institutodeengenharia.org.br\/site\/#website","url":"https:\/\/www.institutodeengenharia.org.br\/site\/","name":"Instituto de Engenharia","description":"O Instituto de Engenharia promove a Engenharia em benef\u00edcio do desenvolvimento e da qualidade de vida da sociedade.","publisher":{"@id":"https:\/\/www.institutodeengenharia.org.br\/site\/#organization"},"potentialAction":[{"@type":"SearchAction","target":{"@type":"EntryPoint","urlTemplate":"https:\/\/www.institutodeengenharia.org.br\/site\/?s={search_term_string}"},"query-input":{"@type":"PropertyValueSpecification","valueRequired":true,"valueName":"search_term_string"}}],"inLanguage":"pt-BR"},{"@type":"Organization","@id":"https:\/\/www.institutodeengenharia.org.br\/site\/#organization","name":"Instituto de Engenharia","url":"https:\/\/www.institutodeengenharia.org.br\/site\/","logo":{"@type":"ImageObject","inLanguage":"pt-BR","@id":"https:\/\/www.institutodeengenharia.org.br\/site\/#\/schema\/logo\/image\/","url":"https:\/\/www.institutodeengenharia.org.br\/site\/wp-content\/uploads\/2019\/03\/logo-novo-IE2018-1.jpg","contentUrl":"https:\/\/www.institutodeengenharia.org.br\/site\/wp-content\/uploads\/2019\/03\/logo-novo-IE2018-1.jpg","width":1486,"height":1879,"caption":"Instituto de Engenharia"},"image":{"@id":"https:\/\/www.institutodeengenharia.org.br\/site\/#\/schema\/logo\/image\/"},"sameAs":["https:\/\/www.facebook.com\/institutodeengenharia","https:\/\/x.com\/iengenharia","https:\/\/www.instagram.com\/institutodeengenharia\/","https:\/\/www.linkedin.com\/company\/instituto-de-engenharia\/","https:\/\/www.youtube.com\/channel\/UCXiCAlsSMe977vamW915HxA"]},{"@type":"Person","@id":"https:\/\/www.institutodeengenharia.org.br\/site\/#\/schema\/person\/aeb64951c405e100d26d30b033dd423f","name":"Bianca","image":{"@type":"ImageObject","inLanguage":"pt-BR","@id":"https:\/\/secure.gravatar.com\/avatar\/a6fbe9bff57405baf4c1e2c5c1811e072b558253974a9f9508f4678900c97c2a?s=96&d=mm&r=g","url":"https:\/\/secure.gravatar.com\/avatar\/a6fbe9bff57405baf4c1e2c5c1811e072b558253974a9f9508f4678900c97c2a?s=96&d=mm&r=g","contentUrl":"https:\/\/secure.gravatar.com\/avatar\/a6fbe9bff57405baf4c1e2c5c1811e072b558253974a9f9508f4678900c97c2a?s=96&d=mm&r=g","caption":"Bianca"},"url":"https:\/\/www.institutodeengenharia.org.br\/site\/author\/comunicacao1\/"}]}},"_links":{"self":[{"href":"https:\/\/www.institutodeengenharia.org.br\/site\/wp-json\/wp\/v2\/posts\/123809","targetHints":{"allow":["GET"]}}],"collection":[{"href":"https:\/\/www.institutodeengenharia.org.br\/site\/wp-json\/wp\/v2\/posts"}],"about":[{"href":"https:\/\/www.institutodeengenharia.org.br\/site\/wp-json\/wp\/v2\/types\/post"}],"author":[{"embeddable":true,"href":"https:\/\/www.institutodeengenharia.org.br\/site\/wp-json\/wp\/v2\/users\/13"}],"replies":[{"embeddable":true,"href":"https:\/\/www.institutodeengenharia.org.br\/site\/wp-json\/wp\/v2\/comments?post=123809"}],"version-history":[{"count":2,"href":"https:\/\/www.institutodeengenharia.org.br\/site\/wp-json\/wp\/v2\/posts\/123809\/revisions"}],"predecessor-version":[{"id":124298,"href":"https:\/\/www.institutodeengenharia.org.br\/site\/wp-json\/wp\/v2\/posts\/123809\/revisions\/124298"}],"wp:featuredmedia":[{"embeddable":true,"href":"https:\/\/www.institutodeengenharia.org.br\/site\/wp-json\/wp\/v2\/media\/123810"}],"wp:attachment":[{"href":"https:\/\/www.institutodeengenharia.org.br\/site\/wp-json\/wp\/v2\/media?parent=123809"}],"wp:term":[{"taxonomy":"category","embeddable":true,"href":"https:\/\/www.institutodeengenharia.org.br\/site\/wp-json\/wp\/v2\/categories?post=123809"},{"taxonomy":"post_tag","embeddable":true,"href":"https:\/\/www.institutodeengenharia.org.br\/site\/wp-json\/wp\/v2\/tags?post=123809"}],"curies":[{"name":"wp","href":"https:\/\/api.w.org\/{rel}","templated":true}]}}