{"id":123431,"date":"2024-09-09T17:24:43","date_gmt":"2024-09-09T20:24:43","guid":{"rendered":"https:\/\/www.institutodeengenharia.org.br\/site\/?p=123431"},"modified":"2024-09-10T11:36:53","modified_gmt":"2024-09-10T14:36:53","slug":"sustentabilidade-por-que-adotar-acoes-dessa-causa","status":"publish","type":"post","link":"https:\/\/www.institutodeengenharia.org.br\/site\/2024\/09\/09\/sustentabilidade-por-que-adotar-acoes-dessa-causa\/","title":{"rendered":"Sustentabilidade: Por que adotar a\u00e7\u00f5es dessa causa?"},"content":{"rendered":"<p>N\u00e3o \u00e9 novidade que as quest\u00f5es ambientais vem se tornando cada vez mais preocupantes. Nos \u00faltimos anos, o cen\u00e1rio global tem tido sua aten\u00e7\u00e3o direcionada para a sustentabilidade e a responsabilidade social. Essas a\u00e7\u00f5es foram refletidas nas ag\u00eancias internacionais, como os Objetivos de Desenvolvimento Sustent\u00e1vel (ODS) da Agenda 2030, da Organiza\u00e7\u00e3o das Na\u00e7\u00f5es Unidas (ONU), e nas pr\u00e1ticas ambientais, sociais e de governan\u00e7a (ESG), que foram adotadas por empresas no mundo todo.<\/p>\n<p>Em outras palavras, as corpora\u00e7\u00f5es est\u00e3o olhando para os impactos ambientais, \u00e9ticos, sociais, emocionais e financeiros e planejando, estrat\u00e9gias tang\u00edveis baseadas nesse cen\u00e1rio e na medida do poss\u00edvel. Com esse cen\u00e1rio, os especialistas das \u00e1reas de Engenharias, Agronomia, Geoci\u00eancias, Tecnologia e Design de Interiores, entram em cena com as melhores solu\u00e7\u00f5es.<\/p>\n<p>Por exemplo, especialistas em Engenharia e Agronomia podem incorporar pr\u00e1ticas sustent\u00e1veis em seus projetos e opera\u00e7\u00f5es, com materiais mais ecol\u00f3gicos, fazendo um planejamento urbano sustent\u00e1vel, uma gest\u00e3o eficiente de recursos h\u00eddricos e implementa\u00e7\u00e3o de tecnologias inovadoras que minimizem o impacto ambiental.<\/p>\n<p>Contando com a expertise dos profissionais, \u00e9 poss\u00edvel transformar a\u00e7\u00f5es internas das empresas em pontos espec\u00edficos, como revisar pol\u00edticas e pr\u00e1ticas de gest\u00e3o e priorizar a sa\u00fade e seguran\u00e7a do trabalhador. Como consequ\u00eancia, as mudan\u00e7as refletem em outras quest\u00f5es, que passam a ser acompanhadas mais de perto para seguir o novo caminho sustent\u00e1vel, como realizar uma avalia\u00e7\u00e3o ambiental e social mais detalhada, verificar gest\u00e3o legal e regulat\u00f3ria, aderir um design sustent\u00e1vel, energias renov\u00e1veis e efici\u00eancia energ\u00e9tica, controlar o uso eficiente dos recursos naturais, rastreabilidade da cadeia de valor, produ\u00e7\u00e3o org\u00e2nica, obras sustent\u00e1veis e muito mais.<\/p>\n<p>O Crea-SP \u00e9 signat\u00e1rio da Agenda 2030 desde 2019, e desde ent\u00e3o tem implementado uma s\u00e9rie de iniciativas para cumprir com as ODS estabelecidas, refor\u00e7ando a import\u00e2ncia da integra\u00e7\u00e3o desses conceitos \u00e0 pr\u00e1tica dos profissionais registrados com a programa\u00e7\u00e3o de eventos e conte\u00fados especiais. \u201cO Conselho tem um papel fundamental na promo\u00e7\u00e3o e fiscaliza\u00e7\u00e3o das pr\u00e1ticas sustent\u00e1veis. Al\u00e9m de garantir que os profissionais adotem solu\u00e7\u00f5es sustent\u00e1veis e inovadoras, contribuindo para o desenvolvimento econ\u00f4mico e social do Brasil, incentivamos e oferecemos iniciativas direcionadas que apoiem essas a\u00e7\u00f5es\u201d, destaca a presidente do Crea-SP, Eng\u00aa. L\u00edgia Mackey.<\/p>\n<p>O Conselho faz sua parte utilizando sistema de climatiza\u00e7\u00e3o com uso de g\u00e1s que n\u00e3o \u00e9 poluente; adotando a digitaliza\u00e7\u00e3o de documentos, utilizando combust\u00edveis n\u00e3o-f\u00f3sseis e reduzindo o consumo de descart\u00e1veis.<\/p>\n<p>As campanhas de incentivo n\u00e3o ficam de fora e d\u00e1 para destacar a cria\u00e7\u00e3o do Comit\u00ea Gestor do Programa Mulher, da Comiss\u00e3o Especial de Igualdade de G\u00eanero e Diversidade e da Comiss\u00e3o Permanente de Acessibilidade, que realizam eventos tem\u00e1ticos de conscientiza\u00e7\u00e3o e capacita\u00e7\u00e3o sobre essas frentes. O Crea-SP ainda soma for\u00e7as para viabilizar, por meio de parcerias e elabora\u00e7\u00e3o de relat\u00f3rios t\u00e9cnicos, a base para projetos de promo\u00e7\u00e3o de cidades inteligentes e sustent\u00e1veis, assuntos que pautaram, caso do F\u00f3rum de Pol\u00edticas P\u00fablicas, realizado neste ano, pelo Conselho.<\/p>\n<p>________________________________________________________________________<\/p>\n<p><strong>Sobre o Instituto de Engenharia<\/strong><\/p>\n<p>Entidade com mais de 100 anos de tradi\u00e7\u00e3o,\u00a0contribuimos para o aprimoramento profissional visando a qualidade de vida da sociedade. A entidade ministra gratuitamente diversas palestras t\u00e9cnicas, coordenadas por suas Divis\u00f5es T\u00e9cnicas, al\u00e9m de cursos e projetos, esse \u00faltimo encaminhado aos governos federal, estadual ou municipal.<\/p>\n<p>Quer saber mais sobre nossos eventos? Acompanhe nossa agenda.<\/p>\n","protected":false},"excerpt":{"rendered":"<p>N\u00e3o \u00e9 novidade que as quest\u00f5es ambientais vem se tornando cada vez mais preocupantes. Nos \u00faltimos anos, o cen\u00e1rio global tem tido sua aten\u00e7\u00e3o direcionada para a sustentabilidade e a responsabilidade social. Essas a\u00e7\u00f5es foram refletidas nas ag\u00eancias internacionais, como os Objetivos de Desenvolvimento Sustent\u00e1vel (ODS) da Agenda 2030, da Organiza\u00e7\u00e3o das Na\u00e7\u00f5es Unidas (ONU), [&hellip;]<\/p>\n","protected":false},"author":13,"featured_media":123439,"comment_status":"open","ping_status":"open","sticky":false,"template":"","format":"standard","meta":{"footnotes":""},"categories":[21,6],"tags":[],"class_list":{"0":"post-123431","1":"post","2":"type-post","3":"status-publish","4":"format-standard","5":"has-post-thumbnail","7":"category-crea-sp","8":"category-noticias"},"yoast_head":"<!-- This site is optimized with the Yoast SEO plugin v27.2 - https:\/\/yoast.com\/product\/yoast-seo-wordpress\/ -->\n<title>Sustentabilidade: Por que adotar a\u00e7\u00f5es dessa causa? - Instituto de Engenharia<\/title>\n<meta name=\"robots\" content=\"index, follow, max-snippet:-1, max-image-preview:large, max-video-preview:-1\" \/>\n<link rel=\"canonical\" href=\"https:\/\/www.institutodeengenharia.org.br\/site\/2024\/09\/09\/sustentabilidade-por-que-adotar-acoes-dessa-causa\/\" \/>\n<meta property=\"og:locale\" content=\"pt_BR\" \/>\n<meta property=\"og:type\" content=\"article\" \/>\n<meta property=\"og:title\" content=\"Sustentabilidade: Por que adotar a\u00e7\u00f5es dessa causa? - Instituto de Engenharia\" \/>\n<meta property=\"og:description\" content=\"N\u00e3o \u00e9 novidade que as quest\u00f5es ambientais vem se tornando cada vez mais preocupantes. Nos \u00faltimos anos, o cen\u00e1rio global tem tido sua aten\u00e7\u00e3o direcionada para a sustentabilidade e a responsabilidade social. Essas a\u00e7\u00f5es foram refletidas nas ag\u00eancias internacionais, como os Objetivos de Desenvolvimento Sustent\u00e1vel (ODS) da Agenda 2030, da Organiza\u00e7\u00e3o das Na\u00e7\u00f5es Unidas (ONU), [&hellip;]\" \/>\n<meta property=\"og:url\" content=\"https:\/\/www.institutodeengenharia.org.br\/site\/2024\/09\/09\/sustentabilidade-por-que-adotar-acoes-dessa-causa\/\" \/>\n<meta property=\"og:site_name\" content=\"Instituto de Engenharia\" \/>\n<meta property=\"article:publisher\" content=\"https:\/\/www.facebook.com\/institutodeengenharia\" \/>\n<meta property=\"article:published_time\" content=\"2024-09-09T20:24:43+00:00\" \/>\n<meta property=\"article:modified_time\" content=\"2024-09-10T14:36:53+00:00\" \/>\n<meta property=\"og:image\" content=\"https:\/\/www.institutodeengenharia.org.br\/site\/wp-content\/uploads\/2024\/09\/nature-3294632_1280.jpg\" \/>\n\t<meta property=\"og:image:width\" content=\"1280\" \/>\n\t<meta property=\"og:image:height\" content=\"853\" \/>\n\t<meta property=\"og:image:type\" content=\"image\/jpeg\" \/>\n<meta name=\"author\" content=\"Bianca\" \/>\n<meta name=\"twitter:card\" content=\"summary_large_image\" \/>\n<meta name=\"twitter:creator\" content=\"@iengenharia\" \/>\n<meta name=\"twitter:site\" content=\"@iengenharia\" \/>\n<meta name=\"twitter:label1\" content=\"Escrito por\" \/>\n\t<meta name=\"twitter:data1\" content=\"Bianca\" \/>\n\t<meta name=\"twitter:label2\" content=\"Est. tempo de leitura\" \/>\n\t<meta name=\"twitter:data2\" content=\"4 minutos\" \/>\n<script type=\"application\/ld+json\" class=\"yoast-schema-graph\">{\"@context\":\"https:\/\/schema.org\",\"@graph\":[{\"@type\":\"Article\",\"@id\":\"https:\/\/www.institutodeengenharia.org.br\/site\/2024\/09\/09\/sustentabilidade-por-que-adotar-acoes-dessa-causa\/#article\",\"isPartOf\":{\"@id\":\"https:\/\/www.institutodeengenharia.org.br\/site\/2024\/09\/09\/sustentabilidade-por-que-adotar-acoes-dessa-causa\/\"},\"author\":{\"name\":\"Bianca\",\"@id\":\"https:\/\/www.institutodeengenharia.org.br\/site\/#\/schema\/person\/aeb64951c405e100d26d30b033dd423f\"},\"headline\":\"Sustentabilidade: Por que adotar a\u00e7\u00f5es dessa causa?\",\"datePublished\":\"2024-09-09T20:24:43+00:00\",\"dateModified\":\"2024-09-10T14:36:53+00:00\",\"mainEntityOfPage\":{\"@id\":\"https:\/\/www.institutodeengenharia.org.br\/site\/2024\/09\/09\/sustentabilidade-por-que-adotar-acoes-dessa-causa\/\"},\"wordCount\":629,\"commentCount\":0,\"publisher\":{\"@id\":\"https:\/\/www.institutodeengenharia.org.br\/site\/#organization\"},\"image\":{\"@id\":\"https:\/\/www.institutodeengenharia.org.br\/site\/2024\/09\/09\/sustentabilidade-por-que-adotar-acoes-dessa-causa\/#primaryimage\"},\"thumbnailUrl\":\"https:\/\/www.institutodeengenharia.org.br\/site\/wp-content\/uploads\/2024\/09\/nature-3294632_1280.jpg\",\"articleSection\":[\"CREA-SP\",\"Not\u00edcias\"],\"inLanguage\":\"pt-BR\",\"potentialAction\":[{\"@type\":\"CommentAction\",\"name\":\"Comment\",\"target\":[\"https:\/\/www.institutodeengenharia.org.br\/site\/2024\/09\/09\/sustentabilidade-por-que-adotar-acoes-dessa-causa\/#respond\"]}]},{\"@type\":\"WebPage\",\"@id\":\"https:\/\/www.institutodeengenharia.org.br\/site\/2024\/09\/09\/sustentabilidade-por-que-adotar-acoes-dessa-causa\/\",\"url\":\"https:\/\/www.institutodeengenharia.org.br\/site\/2024\/09\/09\/sustentabilidade-por-que-adotar-acoes-dessa-causa\/\",\"name\":\"Sustentabilidade: Por que adotar a\u00e7\u00f5es dessa causa? - Instituto de Engenharia\",\"isPartOf\":{\"@id\":\"https:\/\/www.institutodeengenharia.org.br\/site\/#website\"},\"primaryImageOfPage\":{\"@id\":\"https:\/\/www.institutodeengenharia.org.br\/site\/2024\/09\/09\/sustentabilidade-por-que-adotar-acoes-dessa-causa\/#primaryimage\"},\"image\":{\"@id\":\"https:\/\/www.institutodeengenharia.org.br\/site\/2024\/09\/09\/sustentabilidade-por-que-adotar-acoes-dessa-causa\/#primaryimage\"},\"thumbnailUrl\":\"https:\/\/www.institutodeengenharia.org.br\/site\/wp-content\/uploads\/2024\/09\/nature-3294632_1280.jpg\",\"datePublished\":\"2024-09-09T20:24:43+00:00\",\"dateModified\":\"2024-09-10T14:36:53+00:00\",\"breadcrumb\":{\"@id\":\"https:\/\/www.institutodeengenharia.org.br\/site\/2024\/09\/09\/sustentabilidade-por-que-adotar-acoes-dessa-causa\/#breadcrumb\"},\"inLanguage\":\"pt-BR\",\"potentialAction\":[{\"@type\":\"ReadAction\",\"target\":[\"https:\/\/www.institutodeengenharia.org.br\/site\/2024\/09\/09\/sustentabilidade-por-que-adotar-acoes-dessa-causa\/\"]}]},{\"@type\":\"ImageObject\",\"inLanguage\":\"pt-BR\",\"@id\":\"https:\/\/www.institutodeengenharia.org.br\/site\/2024\/09\/09\/sustentabilidade-por-que-adotar-acoes-dessa-causa\/#primaryimage\",\"url\":\"https:\/\/www.institutodeengenharia.org.br\/site\/wp-content\/uploads\/2024\/09\/nature-3294632_1280.jpg\",\"contentUrl\":\"https:\/\/www.institutodeengenharia.org.br\/site\/wp-content\/uploads\/2024\/09\/nature-3294632_1280.jpg\",\"width\":1280,\"height\":853},{\"@type\":\"BreadcrumbList\",\"@id\":\"https:\/\/www.institutodeengenharia.org.br\/site\/2024\/09\/09\/sustentabilidade-por-que-adotar-acoes-dessa-causa\/#breadcrumb\",\"itemListElement\":[{\"@type\":\"ListItem\",\"position\":1,\"name\":\"In\u00edcio\",\"item\":\"https:\/\/www.institutodeengenharia.org.br\/site\/\"},{\"@type\":\"ListItem\",\"position\":2,\"name\":\"Sustentabilidade: Por que adotar a\u00e7\u00f5es dessa causa?\"}]},{\"@type\":\"WebSite\",\"@id\":\"https:\/\/www.institutodeengenharia.org.br\/site\/#website\",\"url\":\"https:\/\/www.institutodeengenharia.org.br\/site\/\",\"name\":\"Instituto de Engenharia\",\"description\":\"O Instituto de Engenharia promove a Engenharia em benef\u00edcio do desenvolvimento e da qualidade de vida da sociedade.\",\"publisher\":{\"@id\":\"https:\/\/www.institutodeengenharia.org.br\/site\/#organization\"},\"potentialAction\":[{\"@type\":\"SearchAction\",\"target\":{\"@type\":\"EntryPoint\",\"urlTemplate\":\"https:\/\/www.institutodeengenharia.org.br\/site\/?s={search_term_string}\"},\"query-input\":{\"@type\":\"PropertyValueSpecification\",\"valueRequired\":true,\"valueName\":\"search_term_string\"}}],\"inLanguage\":\"pt-BR\"},{\"@type\":\"Organization\",\"@id\":\"https:\/\/www.institutodeengenharia.org.br\/site\/#organization\",\"name\":\"Instituto de Engenharia\",\"url\":\"https:\/\/www.institutodeengenharia.org.br\/site\/\",\"logo\":{\"@type\":\"ImageObject\",\"inLanguage\":\"pt-BR\",\"@id\":\"https:\/\/www.institutodeengenharia.org.br\/site\/#\/schema\/logo\/image\/\",\"url\":\"https:\/\/www.institutodeengenharia.org.br\/site\/wp-content\/uploads\/2019\/03\/logo-novo-IE2018-1.jpg\",\"contentUrl\":\"https:\/\/www.institutodeengenharia.org.br\/site\/wp-content\/uploads\/2019\/03\/logo-novo-IE2018-1.jpg\",\"width\":1486,\"height\":1879,\"caption\":\"Instituto de Engenharia\"},\"image\":{\"@id\":\"https:\/\/www.institutodeengenharia.org.br\/site\/#\/schema\/logo\/image\/\"},\"sameAs\":[\"https:\/\/www.facebook.com\/institutodeengenharia\",\"https:\/\/x.com\/iengenharia\",\"https:\/\/www.instagram.com\/institutodeengenharia\/\",\"https:\/\/www.linkedin.com\/company\/instituto-de-engenharia\/\",\"https:\/\/www.youtube.com\/channel\/UCXiCAlsSMe977vamW915HxA\"]},{\"@type\":\"Person\",\"@id\":\"https:\/\/www.institutodeengenharia.org.br\/site\/#\/schema\/person\/aeb64951c405e100d26d30b033dd423f\",\"name\":\"Bianca\",\"image\":{\"@type\":\"ImageObject\",\"inLanguage\":\"pt-BR\",\"@id\":\"https:\/\/secure.gravatar.com\/avatar\/a6fbe9bff57405baf4c1e2c5c1811e072b558253974a9f9508f4678900c97c2a?s=96&d=mm&r=g\",\"url\":\"https:\/\/secure.gravatar.com\/avatar\/a6fbe9bff57405baf4c1e2c5c1811e072b558253974a9f9508f4678900c97c2a?s=96&d=mm&r=g\",\"contentUrl\":\"https:\/\/secure.gravatar.com\/avatar\/a6fbe9bff57405baf4c1e2c5c1811e072b558253974a9f9508f4678900c97c2a?s=96&d=mm&r=g\",\"caption\":\"Bianca\"},\"url\":\"https:\/\/www.institutodeengenharia.org.br\/site\/author\/comunicacao1\/\"}]}<\/script>\n<!-- \/ Yoast SEO plugin. -->","yoast_head_json":{"title":"Sustentabilidade: Por que adotar a\u00e7\u00f5es dessa causa? - Instituto de Engenharia","robots":{"index":"index","follow":"follow","max-snippet":"max-snippet:-1","max-image-preview":"max-image-preview:large","max-video-preview":"max-video-preview:-1"},"canonical":"https:\/\/www.institutodeengenharia.org.br\/site\/2024\/09\/09\/sustentabilidade-por-que-adotar-acoes-dessa-causa\/","og_locale":"pt_BR","og_type":"article","og_title":"Sustentabilidade: Por que adotar a\u00e7\u00f5es dessa causa? - Instituto de Engenharia","og_description":"N\u00e3o \u00e9 novidade que as quest\u00f5es ambientais vem se tornando cada vez mais preocupantes. Nos \u00faltimos anos, o cen\u00e1rio global tem tido sua aten\u00e7\u00e3o direcionada para a sustentabilidade e a responsabilidade social. Essas a\u00e7\u00f5es foram refletidas nas ag\u00eancias internacionais, como os Objetivos de Desenvolvimento Sustent\u00e1vel (ODS) da Agenda 2030, da Organiza\u00e7\u00e3o das Na\u00e7\u00f5es Unidas (ONU), [&hellip;]","og_url":"https:\/\/www.institutodeengenharia.org.br\/site\/2024\/09\/09\/sustentabilidade-por-que-adotar-acoes-dessa-causa\/","og_site_name":"Instituto de Engenharia","article_publisher":"https:\/\/www.facebook.com\/institutodeengenharia","article_published_time":"2024-09-09T20:24:43+00:00","article_modified_time":"2024-09-10T14:36:53+00:00","og_image":[{"width":1280,"height":853,"url":"https:\/\/www.institutodeengenharia.org.br\/site\/wp-content\/uploads\/2024\/09\/nature-3294632_1280.jpg","type":"image\/jpeg"}],"author":"Bianca","twitter_card":"summary_large_image","twitter_creator":"@iengenharia","twitter_site":"@iengenharia","twitter_misc":{"Escrito por":"Bianca","Est. tempo de leitura":"4 minutos"},"schema":{"@context":"https:\/\/schema.org","@graph":[{"@type":"Article","@id":"https:\/\/www.institutodeengenharia.org.br\/site\/2024\/09\/09\/sustentabilidade-por-que-adotar-acoes-dessa-causa\/#article","isPartOf":{"@id":"https:\/\/www.institutodeengenharia.org.br\/site\/2024\/09\/09\/sustentabilidade-por-que-adotar-acoes-dessa-causa\/"},"author":{"name":"Bianca","@id":"https:\/\/www.institutodeengenharia.org.br\/site\/#\/schema\/person\/aeb64951c405e100d26d30b033dd423f"},"headline":"Sustentabilidade: Por que adotar a\u00e7\u00f5es dessa causa?","datePublished":"2024-09-09T20:24:43+00:00","dateModified":"2024-09-10T14:36:53+00:00","mainEntityOfPage":{"@id":"https:\/\/www.institutodeengenharia.org.br\/site\/2024\/09\/09\/sustentabilidade-por-que-adotar-acoes-dessa-causa\/"},"wordCount":629,"commentCount":0,"publisher":{"@id":"https:\/\/www.institutodeengenharia.org.br\/site\/#organization"},"image":{"@id":"https:\/\/www.institutodeengenharia.org.br\/site\/2024\/09\/09\/sustentabilidade-por-que-adotar-acoes-dessa-causa\/#primaryimage"},"thumbnailUrl":"https:\/\/www.institutodeengenharia.org.br\/site\/wp-content\/uploads\/2024\/09\/nature-3294632_1280.jpg","articleSection":["CREA-SP","Not\u00edcias"],"inLanguage":"pt-BR","potentialAction":[{"@type":"CommentAction","name":"Comment","target":["https:\/\/www.institutodeengenharia.org.br\/site\/2024\/09\/09\/sustentabilidade-por-que-adotar-acoes-dessa-causa\/#respond"]}]},{"@type":"WebPage","@id":"https:\/\/www.institutodeengenharia.org.br\/site\/2024\/09\/09\/sustentabilidade-por-que-adotar-acoes-dessa-causa\/","url":"https:\/\/www.institutodeengenharia.org.br\/site\/2024\/09\/09\/sustentabilidade-por-que-adotar-acoes-dessa-causa\/","name":"Sustentabilidade: Por que adotar a\u00e7\u00f5es dessa causa? - Instituto de Engenharia","isPartOf":{"@id":"https:\/\/www.institutodeengenharia.org.br\/site\/#website"},"primaryImageOfPage":{"@id":"https:\/\/www.institutodeengenharia.org.br\/site\/2024\/09\/09\/sustentabilidade-por-que-adotar-acoes-dessa-causa\/#primaryimage"},"image":{"@id":"https:\/\/www.institutodeengenharia.org.br\/site\/2024\/09\/09\/sustentabilidade-por-que-adotar-acoes-dessa-causa\/#primaryimage"},"thumbnailUrl":"https:\/\/www.institutodeengenharia.org.br\/site\/wp-content\/uploads\/2024\/09\/nature-3294632_1280.jpg","datePublished":"2024-09-09T20:24:43+00:00","dateModified":"2024-09-10T14:36:53+00:00","breadcrumb":{"@id":"https:\/\/www.institutodeengenharia.org.br\/site\/2024\/09\/09\/sustentabilidade-por-que-adotar-acoes-dessa-causa\/#breadcrumb"},"inLanguage":"pt-BR","potentialAction":[{"@type":"ReadAction","target":["https:\/\/www.institutodeengenharia.org.br\/site\/2024\/09\/09\/sustentabilidade-por-que-adotar-acoes-dessa-causa\/"]}]},{"@type":"ImageObject","inLanguage":"pt-BR","@id":"https:\/\/www.institutodeengenharia.org.br\/site\/2024\/09\/09\/sustentabilidade-por-que-adotar-acoes-dessa-causa\/#primaryimage","url":"https:\/\/www.institutodeengenharia.org.br\/site\/wp-content\/uploads\/2024\/09\/nature-3294632_1280.jpg","contentUrl":"https:\/\/www.institutodeengenharia.org.br\/site\/wp-content\/uploads\/2024\/09\/nature-3294632_1280.jpg","width":1280,"height":853},{"@type":"BreadcrumbList","@id":"https:\/\/www.institutodeengenharia.org.br\/site\/2024\/09\/09\/sustentabilidade-por-que-adotar-acoes-dessa-causa\/#breadcrumb","itemListElement":[{"@type":"ListItem","position":1,"name":"In\u00edcio","item":"https:\/\/www.institutodeengenharia.org.br\/site\/"},{"@type":"ListItem","position":2,"name":"Sustentabilidade: Por que adotar a\u00e7\u00f5es dessa causa?"}]},{"@type":"WebSite","@id":"https:\/\/www.institutodeengenharia.org.br\/site\/#website","url":"https:\/\/www.institutodeengenharia.org.br\/site\/","name":"Instituto de Engenharia","description":"O Instituto de Engenharia promove a Engenharia em benef\u00edcio do desenvolvimento e da qualidade de vida da sociedade.","publisher":{"@id":"https:\/\/www.institutodeengenharia.org.br\/site\/#organization"},"potentialAction":[{"@type":"SearchAction","target":{"@type":"EntryPoint","urlTemplate":"https:\/\/www.institutodeengenharia.org.br\/site\/?s={search_term_string}"},"query-input":{"@type":"PropertyValueSpecification","valueRequired":true,"valueName":"search_term_string"}}],"inLanguage":"pt-BR"},{"@type":"Organization","@id":"https:\/\/www.institutodeengenharia.org.br\/site\/#organization","name":"Instituto de Engenharia","url":"https:\/\/www.institutodeengenharia.org.br\/site\/","logo":{"@type":"ImageObject","inLanguage":"pt-BR","@id":"https:\/\/www.institutodeengenharia.org.br\/site\/#\/schema\/logo\/image\/","url":"https:\/\/www.institutodeengenharia.org.br\/site\/wp-content\/uploads\/2019\/03\/logo-novo-IE2018-1.jpg","contentUrl":"https:\/\/www.institutodeengenharia.org.br\/site\/wp-content\/uploads\/2019\/03\/logo-novo-IE2018-1.jpg","width":1486,"height":1879,"caption":"Instituto de Engenharia"},"image":{"@id":"https:\/\/www.institutodeengenharia.org.br\/site\/#\/schema\/logo\/image\/"},"sameAs":["https:\/\/www.facebook.com\/institutodeengenharia","https:\/\/x.com\/iengenharia","https:\/\/www.instagram.com\/institutodeengenharia\/","https:\/\/www.linkedin.com\/company\/instituto-de-engenharia\/","https:\/\/www.youtube.com\/channel\/UCXiCAlsSMe977vamW915HxA"]},{"@type":"Person","@id":"https:\/\/www.institutodeengenharia.org.br\/site\/#\/schema\/person\/aeb64951c405e100d26d30b033dd423f","name":"Bianca","image":{"@type":"ImageObject","inLanguage":"pt-BR","@id":"https:\/\/secure.gravatar.com\/avatar\/a6fbe9bff57405baf4c1e2c5c1811e072b558253974a9f9508f4678900c97c2a?s=96&d=mm&r=g","url":"https:\/\/secure.gravatar.com\/avatar\/a6fbe9bff57405baf4c1e2c5c1811e072b558253974a9f9508f4678900c97c2a?s=96&d=mm&r=g","contentUrl":"https:\/\/secure.gravatar.com\/avatar\/a6fbe9bff57405baf4c1e2c5c1811e072b558253974a9f9508f4678900c97c2a?s=96&d=mm&r=g","caption":"Bianca"},"url":"https:\/\/www.institutodeengenharia.org.br\/site\/author\/comunicacao1\/"}]}},"_links":{"self":[{"href":"https:\/\/www.institutodeengenharia.org.br\/site\/wp-json\/wp\/v2\/posts\/123431","targetHints":{"allow":["GET"]}}],"collection":[{"href":"https:\/\/www.institutodeengenharia.org.br\/site\/wp-json\/wp\/v2\/posts"}],"about":[{"href":"https:\/\/www.institutodeengenharia.org.br\/site\/wp-json\/wp\/v2\/types\/post"}],"author":[{"embeddable":true,"href":"https:\/\/www.institutodeengenharia.org.br\/site\/wp-json\/wp\/v2\/users\/13"}],"replies":[{"embeddable":true,"href":"https:\/\/www.institutodeengenharia.org.br\/site\/wp-json\/wp\/v2\/comments?post=123431"}],"version-history":[{"count":2,"href":"https:\/\/www.institutodeengenharia.org.br\/site\/wp-json\/wp\/v2\/posts\/123431\/revisions"}],"predecessor-version":[{"id":123484,"href":"https:\/\/www.institutodeengenharia.org.br\/site\/wp-json\/wp\/v2\/posts\/123431\/revisions\/123484"}],"wp:featuredmedia":[{"embeddable":true,"href":"https:\/\/www.institutodeengenharia.org.br\/site\/wp-json\/wp\/v2\/media\/123439"}],"wp:attachment":[{"href":"https:\/\/www.institutodeengenharia.org.br\/site\/wp-json\/wp\/v2\/media?parent=123431"}],"wp:term":[{"taxonomy":"category","embeddable":true,"href":"https:\/\/www.institutodeengenharia.org.br\/site\/wp-json\/wp\/v2\/categories?post=123431"},{"taxonomy":"post_tag","embeddable":true,"href":"https:\/\/www.institutodeengenharia.org.br\/site\/wp-json\/wp\/v2\/tags?post=123431"}],"curies":[{"name":"wp","href":"https:\/\/api.w.org\/{rel}","templated":true}]}}