{"id":123229,"date":"2024-09-02T15:26:46","date_gmt":"2024-09-02T18:26:46","guid":{"rendered":"https:\/\/www.institutodeengenharia.org.br\/site\/?p=123229"},"modified":"2025-12-12T16:27:00","modified_gmt":"2025-12-12T19:27:00","slug":"por-jose-eduardo-cavalcanti-a-semana-da-engenharia","status":"publish","type":"post","link":"https:\/\/www.institutodeengenharia.org.br\/site\/2024\/09\/02\/por-jose-eduardo-cavalcanti-a-semana-da-engenharia\/","title":{"rendered":"Por Jos\u00e9 Eduardo Cavalcanti \u2013 A semana da Engenharia"},"content":{"rendered":"<p>Em qualquer palestra do g\u00eanero, quando abordamos acerca da car\u00eancia de saneamento no Brasil abrangendo esgotos, \u00e9 comum iniciarmos nossa fala dizendo que nosso pa\u00eds tem apenas 51% dos esgotos coletados e tratados de acordo com dados do IBGE e do SNISA \u2013 Sistema Nacional de Informa\u00e7\u00f5es sobre Saneamento, anteriormente denominado SNIS, \u00f3rg\u00e3o do Minist\u00e9rio das Cidades, no \u00e2mbito da Secretaria Nacional de Saneamento Ambiental (SNSA).<\/p>\n<p>Mas ser\u00e1 que \u00e9 o \u00edndice \u00e9 s\u00f3 este mesmo cobrindo apenas metade da popula\u00e7\u00e3o?<\/p>\n<p>N\u00e3o seria maior?<\/p>\n<p>N\u00e3o seria menor?<\/p>\n<p>Infelizmente, acreditamos que os \u00edndices de cobertura sejam at\u00e9 menores, pois os dados em que se baseiam essas informa\u00e7\u00f5es s\u00e3o auto-declarados e fornecidos pelos respons\u00e1veis pelos servi\u00e7os de abastecimento de \u00e1gua, esgotamento sanit\u00e1rio, drenagem e manejo dos res\u00edduos s\u00f3lidos urbanos, tais como, prefeituras, os servi\u00e7os aut\u00f4nomos de \u00e1gua e esgoto, as companhias estaduais de saneamento e as concession\u00e1rias privadas de saneamento.<\/p>\n<p>Com isto, decorre, muitas vezes que por n\u00e3o serem auditados, tais informa\u00e7\u00f5es tendem por quest\u00f5es pol\u00edticas a estar infladas podendo causar distor\u00e7\u00f5es nas suas interpreta\u00e7\u00f5es e na divulga\u00e7\u00e3o como dados oficiais provocando equ\u00edvocos no planejamento e execu\u00e7\u00e3o de pol\u00edticas p\u00fablicas, orienta\u00e7\u00e3o da aplica\u00e7\u00e3o de recursos, conhecimento e avalia\u00e7\u00e3o do setor saneamento, avalia\u00e7\u00e3o de desempenho dos servi\u00e7os; aperfei\u00e7oamento da gest\u00e3o, orienta\u00e7\u00e3o de atividades regulat\u00f3rias e de fiscaliza\u00e7\u00e3o, e exerc\u00edcio do controle social dos estados e munic\u00edpios no que tange \u00e0s obras de saneamento necess\u00e1rias a cargo dos \u00f3rg\u00e3os p\u00fablicos e das concession\u00e1rias privadas de saneamento para o cumprimento da meta de universaliza\u00e7\u00e3o, n\u00e3o s\u00f3 no que se refere a esgotos mas tamb\u00e9m \u00e1gua, res\u00edduos s\u00f3lidos e drenagem.<\/p>\n<p>Mas, uma boa gest\u00e3o por parte dos entes respons\u00e1veis, bem como auditoria dos dados enviados tenderia a minimizar o problema.<\/p>\n<p>S\u00f3 que a quest\u00e3o n\u00e3o termina a\u00ed!<\/p>\n<p>No que se relaciona ao sistema de esgotos sanit\u00e1rios quando se espera que o problema j\u00e1 estivesse resolvido, conforme planejado, eis que se constata que muitas das esta\u00e7\u00f5es de tratamento j\u00e1 implantadas naqueles munic\u00edpios, (algumas at\u00e9 integrantes de sistemas recentemente constru\u00eddos) d\u00e3o performance bem abaixo do esperado em raz\u00e3o de defici\u00eancias operacionais e de manuten\u00e7\u00e3o, significando que os esgotos a ela afluentes n\u00e3o foram adequadamente tratados.<\/p>\n<p>Esta situa\u00e7\u00e3o tem o cond\u00e3o de distorcer mais ainda a interpreta\u00e7\u00e3o dos \u00edndices do SNISA j\u00e1 divulgados. Este fato se d\u00e1 por quest\u00f5es operacionais e principalmente pela falta de manuten\u00e7\u00e3o preditiva, preventiva e corretiva acarretando que em muitas ETEs as efici\u00eancias de remo\u00e7\u00e3o de carga org\u00e2nica, medidas em termos de redu\u00e7\u00e3o de DBO, caem significativamente, sem falar nos problemas advindos com interrup\u00e7\u00e3o, muitas vezes por longos per\u00edodos, dos sistemas de coleta, devido a rompimento de emiss\u00e1rios interceptores, rupturas na rede de esgotos, panes em elevat\u00f3rias, demora na repara\u00e7\u00e3o por conta de quest\u00f5es burocr\u00e1ticas devido ao fato de muitas vezes ser necess\u00e1rio estabelecer um processo de licita\u00e7\u00e3o para contrata\u00e7\u00e3o de obras de reparo e reposi\u00e7\u00e3o de equipamentos .(provid\u00eancias agora tendendo a ser mais agilizadas por causa das privatiza\u00e7\u00f5es)<\/p>\n<p>Enquanto isso, os esgotos seguem grassando, sem tratamento, para os c\u00f3rregos e rios.<\/p>\n<p>Aqui mesmo em S\u00e3o Paulo, Capital, temos v\u00e1rios exemplos de situa\u00e7\u00f5es similares, como a ETE Barueri que promove o tratamento secund\u00e1rio da maior parte dos esgotos do munic\u00edpio de S\u00e3o Paulo, capacitada a tratar uma vaz\u00e3o de 14,2 m3\/s e 401 toneladas de DBO\/dia. Esta ETE, sobrecarregada principalmente na sua fase s\u00f3lida, no entanto remove somente 74% da DBO afluente lan\u00e7ando no Tiet\u00ea uma DBO m\u00e9dia de ordem de 101 toneladas por dia ou o equivalente a uma concentra\u00e7\u00e3o de 85 mg \/l, valor este medido com base em 16 anos de registros avaliados. Desta forma, a qualidade do efluente final quase nunca atinge o limite m\u00ednimo dos 60mg\/l de DBO previsto na legisla\u00e7\u00e3o.<\/p>\n<p>Isto significa que 401 toneladas de carga org\u00e2nica que chegam a ETE, correspondente \u00e0 contribui\u00e7\u00e3o de cerca de 7,4 milh\u00f5es de habitantes equivalentes, ainda s\u00e3o lan\u00e7adas no rio Tiet\u00ea, ap\u00f3s tratamento na ETE Barueri, cerca de 104 toneladas de DBO, o equivalente a uma popula\u00e7\u00e3o de 2 milh\u00f5es de habitantes equivalentes. Ent\u00e3o, na realidade, s\u00e3o tratadas apenas 5.4 milh\u00f5es de pessoas equivalentes e n\u00e3o 7,4 milh\u00f5es que \u00e9 a capacidade da ETE. Ressalte-se que estamos falando de popula\u00e7\u00e3o equivalente que agrega os esgotos dos <em>homo sapiens<\/em> e de esgotos n\u00e3o-dom\u00e9sticos, os chamados (ENDs), a\u00ed inclusos os despejos industriais e outros.<\/p>\n<p>Estes dados foram extra\u00eddos dos editais da Sabesp lan\u00e7ados recentemente pela Companhia visando a contrata\u00e7\u00e3o integrada para a amplia\u00e7\u00e3o para o ano de 2027 das ETEs Barueri, Parque Novo Mundo, S\u00e3o Miguel Paulista, integrantes do Programa de Despolui\u00e7\u00e3o do rio Tiet\u00ea- Etapa 4 do INTEGRA TIET\u00ca.<\/p>\n<p>Registre-se que n\u00e3o \u00e9 do feitio da Sabesp disponibilizar dados t\u00e9cnicos relativos as suas depuradoras, raz\u00e3o pela qual n\u00e3o \u00e9 comum a divulga\u00e7\u00e3o de artigos t\u00e9cnicos referentes \u00e0 opera\u00e7\u00e3o dessas ETEs, nem mesmo os produzidos pela pr\u00f3pria Sabesp.<\/p>\n<p>Avalia\u00e7\u00f5es similares foram feitas em outras 3 ETEs que tratam os esgotos do munic\u00edpio de S\u00e3o Paulo que depuram em conjunto 501 toneladas\/dia de DBO. O montante da popula\u00e7\u00e3o equivalente, que como dissemos, abrange esgotos dom\u00e9sticos e tamb\u00e9m os esgotos n\u00e3o dom\u00e9sticos, \u00e9 estimada em 9,3 milh\u00f5es de habitantes equivalentes dos quais cerca de 7,3 milh\u00f5es s\u00e3o efetivamente tratadas, dada a baixa performance da ETE Barueri.<\/p>\n<p>Considerando-se que estas ETEs tratam preponderantemente os esgotos do munic\u00edpio de S\u00e3o Paulo que agrega uma popula\u00e7\u00e3o estimada em 12.33 milh\u00f5es de habitantes (IBGE 2020), conclui-se que s\u00e3o efetivamente tratados cerca de 57% da popula\u00e7\u00e3o equivalente, sendo que uma parcela corresponde a parte dos esgotos coletados em munic\u00edpios vizinhos como Guarulhos, Osasco, Barueri, Emb\u00fa das Artes e Tabo\u00e3o, bem como os END\u2019s, representado principalmente por chorume dos aterros sanit\u00e1rios da RMSP percebe-se, pois, qu\u00e3o defasados estamos em tratamento de esgotos.<\/p>\n<p>Ressalte-se que, de acordo com o Sistema Nacional de Informa\u00e7\u00f5es de Saneamento \u2013 SNISA que trabalha, como dissemos, com dados auto-declarados, o munic\u00edpio de S\u00e3o Paulo conta com um \u00edndice de tratamento de esgotos referido \u00e0 \u00e1gua consumida de 73.08% (2022)!<\/p>\n<p>Concluindo, percebe-se que a situa\u00e7\u00e3o \u00e9 ainda pior do que os dados oficiais revelam, significando que muitas interven\u00e7\u00f5es ainda dever\u00e3o ser feitas e muito dinheiro investido, at\u00e9 o cumprimento da meta de universaliza\u00e7\u00e3o at\u00e9 o presum\u00edvel ano de 2033.<\/p>\n<p>________________________________________________________________________<\/p>\n<p><img loading=\"lazy\" decoding=\"async\" class=\"wp-image-31353 alignleft td-animation-stack-type0-2\" src=\"https:\/\/www.institutodeengenharia.org.br\/site\/wp-content\/uploads\/2018\/02\/cavalcanti-alta2-e1547225067645.jpg\" sizes=\"auto, (max-width: 169px) 100vw, 169px\" srcset=\"https:\/\/www.institutodeengenharia.org.br\/site\/wp-content\/uploads\/2018\/02\/cavalcanti-alta2-e1547225067645.jpg 606w, https:\/\/www.institutodeengenharia.org.br\/site\/wp-content\/uploads\/2018\/02\/cavalcanti-alta2-e1547225067645-150x150.jpg 150w, https:\/\/www.institutodeengenharia.org.br\/site\/wp-content\/uploads\/2018\/02\/cavalcanti-alta2-e1547225067645-298x300.jpg 298w, https:\/\/www.institutodeengenharia.org.br\/site\/wp-content\/uploads\/2018\/02\/cavalcanti-alta2-e1547225067645-417x420.jpg 417w\" alt=\"\" width=\"169\" height=\"170\" \/><\/p>\n<p>Jos\u00e9 Eduardo Cavalcanti \u00e9 engenheiro consultor, diretor do Departamento de Engenharia da Ambiental do Brasil, diretor da Divis\u00e3o de Saneamento do Deinfra \u2013 Departamento de Infraestrutura da Federa\u00e7\u00e3o das Ind\u00fastrias do Estado de S\u00e3o Paulo (Fiesp), conselheiro do Instituto de Engenharia, e membro da Comiss\u00e3o Editorial da Revista Engenharia. E-mail:\u00a0<a href=\"mailto:cavalcanti@ambientaldobrasil.com.br\">cavalcanti@ambientaldobrasil.com.br<\/a><\/p>\n<p>*<em>Os artigos publicados com assinatura, n\u00e3o traduzem necessariamente a opini\u00e3o do Instituto de Engenharia. Sua publica\u00e7\u00e3o obedece ao prop\u00f3sito de estimular o debate dos problemas brasileiros e de refletir as diversas tend\u00eancias do pensamento contempor\u00e2neo<\/em><\/p>\n<p><em>Este artigo \u00e9 de exclusiva responsabilidade do autor.<\/em><\/p>\n<p>&nbsp;<\/p>\n","protected":false},"excerpt":{"rendered":"<p>Em qualquer palestra do g\u00eanero, quando abordamos acerca da car\u00eancia de saneamento no Brasil abrangendo esgotos, \u00e9 comum iniciarmos nossa fala dizendo que nosso pa\u00eds tem apenas 51% dos esgotos coletados e tratados de acordo com dados do IBGE e do SNISA \u2013 Sistema Nacional de Informa\u00e7\u00f5es sobre Saneamento, anteriormente denominado SNIS, \u00f3rg\u00e3o do Minist\u00e9rio [&hellip;]<\/p>\n","protected":false},"author":13,"featured_media":116326,"comment_status":"open","ping_status":"open","sticky":false,"template":"","format":"standard","meta":{"footnotes":""},"categories":[11,92],"tags":[],"class_list":{"0":"post-123229","1":"post","2":"type-post","3":"status-publish","4":"format-standard","5":"has-post-thumbnail","7":"category-articulistas","8":"category-jose-eduardo-cavalcanti"},"yoast_head":"<!-- This site is optimized with the Yoast SEO plugin v27.2 - https:\/\/yoast.com\/product\/yoast-seo-wordpress\/ -->\n<title>Por Jos\u00e9 Eduardo Cavalcanti \u2013 A semana da Engenharia - Instituto de Engenharia<\/title>\n<meta name=\"robots\" content=\"index, follow, max-snippet:-1, max-image-preview:large, max-video-preview:-1\" \/>\n<link rel=\"canonical\" href=\"https:\/\/www.institutodeengenharia.org.br\/site\/2024\/09\/02\/por-jose-eduardo-cavalcanti-a-semana-da-engenharia\/\" \/>\n<meta property=\"og:locale\" content=\"pt_BR\" \/>\n<meta property=\"og:type\" content=\"article\" \/>\n<meta property=\"og:title\" content=\"Por Jos\u00e9 Eduardo Cavalcanti \u2013 A semana da Engenharia - Instituto de Engenharia\" \/>\n<meta property=\"og:description\" content=\"Em qualquer palestra do g\u00eanero, quando abordamos acerca da car\u00eancia de saneamento no Brasil abrangendo esgotos, \u00e9 comum iniciarmos nossa fala dizendo que nosso pa\u00eds tem apenas 51% dos esgotos coletados e tratados de acordo com dados do IBGE e do SNISA \u2013 Sistema Nacional de Informa\u00e7\u00f5es sobre Saneamento, anteriormente denominado SNIS, \u00f3rg\u00e3o do Minist\u00e9rio [&hellip;]\" \/>\n<meta property=\"og:url\" content=\"https:\/\/www.institutodeengenharia.org.br\/site\/2024\/09\/02\/por-jose-eduardo-cavalcanti-a-semana-da-engenharia\/\" \/>\n<meta property=\"og:site_name\" content=\"Instituto de Engenharia\" \/>\n<meta property=\"article:publisher\" content=\"https:\/\/www.facebook.com\/institutodeengenharia\" \/>\n<meta property=\"article:published_time\" content=\"2024-09-02T18:26:46+00:00\" \/>\n<meta property=\"article:modified_time\" content=\"2025-12-12T19:27:00+00:00\" \/>\n<meta property=\"og:image\" content=\"https:\/\/www.institutodeengenharia.org.br\/site\/wp-content\/uploads\/2024\/02\/semanadaengnac.png\" \/>\n\t<meta property=\"og:image:width\" content=\"1840\" \/>\n\t<meta property=\"og:image:height\" content=\"1034\" \/>\n\t<meta property=\"og:image:type\" content=\"image\/png\" \/>\n<meta name=\"author\" content=\"Bianca\" \/>\n<meta name=\"twitter:card\" content=\"summary_large_image\" \/>\n<meta name=\"twitter:creator\" content=\"@iengenharia\" \/>\n<meta name=\"twitter:site\" content=\"@iengenharia\" \/>\n<meta name=\"twitter:label1\" content=\"Escrito por\" \/>\n\t<meta name=\"twitter:data1\" content=\"Bianca\" \/>\n\t<meta name=\"twitter:label2\" content=\"Est. tempo de leitura\" \/>\n\t<meta name=\"twitter:data2\" content=\"7 minutos\" \/>\n<script type=\"application\/ld+json\" class=\"yoast-schema-graph\">{\"@context\":\"https:\/\/schema.org\",\"@graph\":[{\"@type\":\"Article\",\"@id\":\"https:\/\/www.institutodeengenharia.org.br\/site\/2024\/09\/02\/por-jose-eduardo-cavalcanti-a-semana-da-engenharia\/#article\",\"isPartOf\":{\"@id\":\"https:\/\/www.institutodeengenharia.org.br\/site\/2024\/09\/02\/por-jose-eduardo-cavalcanti-a-semana-da-engenharia\/\"},\"author\":{\"name\":\"Bianca\",\"@id\":\"https:\/\/www.institutodeengenharia.org.br\/site\/#\/schema\/person\/aeb64951c405e100d26d30b033dd423f\"},\"headline\":\"Por Jos\u00e9 Eduardo Cavalcanti \u2013 A semana da Engenharia\",\"datePublished\":\"2024-09-02T18:26:46+00:00\",\"dateModified\":\"2025-12-12T19:27:00+00:00\",\"mainEntityOfPage\":{\"@id\":\"https:\/\/www.institutodeengenharia.org.br\/site\/2024\/09\/02\/por-jose-eduardo-cavalcanti-a-semana-da-engenharia\/\"},\"wordCount\":1262,\"commentCount\":0,\"publisher\":{\"@id\":\"https:\/\/www.institutodeengenharia.org.br\/site\/#organization\"},\"image\":{\"@id\":\"https:\/\/www.institutodeengenharia.org.br\/site\/2024\/09\/02\/por-jose-eduardo-cavalcanti-a-semana-da-engenharia\/#primaryimage\"},\"thumbnailUrl\":\"https:\/\/www.institutodeengenharia.org.br\/site\/wp-content\/uploads\/2024\/02\/semanadaengnac.png\",\"articleSection\":[\"Articulistas\",\"Jos\u00e9 Eduardo Cavalcanti\"],\"inLanguage\":\"pt-BR\",\"potentialAction\":[{\"@type\":\"CommentAction\",\"name\":\"Comment\",\"target\":[\"https:\/\/www.institutodeengenharia.org.br\/site\/2024\/09\/02\/por-jose-eduardo-cavalcanti-a-semana-da-engenharia\/#respond\"]}]},{\"@type\":\"WebPage\",\"@id\":\"https:\/\/www.institutodeengenharia.org.br\/site\/2024\/09\/02\/por-jose-eduardo-cavalcanti-a-semana-da-engenharia\/\",\"url\":\"https:\/\/www.institutodeengenharia.org.br\/site\/2024\/09\/02\/por-jose-eduardo-cavalcanti-a-semana-da-engenharia\/\",\"name\":\"Por Jos\u00e9 Eduardo Cavalcanti \u2013 A semana da Engenharia - Instituto de Engenharia\",\"isPartOf\":{\"@id\":\"https:\/\/www.institutodeengenharia.org.br\/site\/#website\"},\"primaryImageOfPage\":{\"@id\":\"https:\/\/www.institutodeengenharia.org.br\/site\/2024\/09\/02\/por-jose-eduardo-cavalcanti-a-semana-da-engenharia\/#primaryimage\"},\"image\":{\"@id\":\"https:\/\/www.institutodeengenharia.org.br\/site\/2024\/09\/02\/por-jose-eduardo-cavalcanti-a-semana-da-engenharia\/#primaryimage\"},\"thumbnailUrl\":\"https:\/\/www.institutodeengenharia.org.br\/site\/wp-content\/uploads\/2024\/02\/semanadaengnac.png\",\"datePublished\":\"2024-09-02T18:26:46+00:00\",\"dateModified\":\"2025-12-12T19:27:00+00:00\",\"breadcrumb\":{\"@id\":\"https:\/\/www.institutodeengenharia.org.br\/site\/2024\/09\/02\/por-jose-eduardo-cavalcanti-a-semana-da-engenharia\/#breadcrumb\"},\"inLanguage\":\"pt-BR\",\"potentialAction\":[{\"@type\":\"ReadAction\",\"target\":[\"https:\/\/www.institutodeengenharia.org.br\/site\/2024\/09\/02\/por-jose-eduardo-cavalcanti-a-semana-da-engenharia\/\"]}]},{\"@type\":\"ImageObject\",\"inLanguage\":\"pt-BR\",\"@id\":\"https:\/\/www.institutodeengenharia.org.br\/site\/2024\/09\/02\/por-jose-eduardo-cavalcanti-a-semana-da-engenharia\/#primaryimage\",\"url\":\"https:\/\/www.institutodeengenharia.org.br\/site\/wp-content\/uploads\/2024\/02\/semanadaengnac.png\",\"contentUrl\":\"https:\/\/www.institutodeengenharia.org.br\/site\/wp-content\/uploads\/2024\/02\/semanadaengnac.png\",\"width\":1840,\"height\":1034},{\"@type\":\"BreadcrumbList\",\"@id\":\"https:\/\/www.institutodeengenharia.org.br\/site\/2024\/09\/02\/por-jose-eduardo-cavalcanti-a-semana-da-engenharia\/#breadcrumb\",\"itemListElement\":[{\"@type\":\"ListItem\",\"position\":1,\"name\":\"In\u00edcio\",\"item\":\"https:\/\/www.institutodeengenharia.org.br\/site\/\"},{\"@type\":\"ListItem\",\"position\":2,\"name\":\"Por Jos\u00e9 Eduardo Cavalcanti \u2013 A semana da Engenharia\"}]},{\"@type\":\"WebSite\",\"@id\":\"https:\/\/www.institutodeengenharia.org.br\/site\/#website\",\"url\":\"https:\/\/www.institutodeengenharia.org.br\/site\/\",\"name\":\"Instituto de Engenharia\",\"description\":\"O Instituto de Engenharia promove a Engenharia em benef\u00edcio do desenvolvimento e da qualidade de vida da sociedade.\",\"publisher\":{\"@id\":\"https:\/\/www.institutodeengenharia.org.br\/site\/#organization\"},\"potentialAction\":[{\"@type\":\"SearchAction\",\"target\":{\"@type\":\"EntryPoint\",\"urlTemplate\":\"https:\/\/www.institutodeengenharia.org.br\/site\/?s={search_term_string}\"},\"query-input\":{\"@type\":\"PropertyValueSpecification\",\"valueRequired\":true,\"valueName\":\"search_term_string\"}}],\"inLanguage\":\"pt-BR\"},{\"@type\":\"Organization\",\"@id\":\"https:\/\/www.institutodeengenharia.org.br\/site\/#organization\",\"name\":\"Instituto de Engenharia\",\"url\":\"https:\/\/www.institutodeengenharia.org.br\/site\/\",\"logo\":{\"@type\":\"ImageObject\",\"inLanguage\":\"pt-BR\",\"@id\":\"https:\/\/www.institutodeengenharia.org.br\/site\/#\/schema\/logo\/image\/\",\"url\":\"https:\/\/www.institutodeengenharia.org.br\/site\/wp-content\/uploads\/2019\/03\/logo-novo-IE2018-1.jpg\",\"contentUrl\":\"https:\/\/www.institutodeengenharia.org.br\/site\/wp-content\/uploads\/2019\/03\/logo-novo-IE2018-1.jpg\",\"width\":1486,\"height\":1879,\"caption\":\"Instituto de Engenharia\"},\"image\":{\"@id\":\"https:\/\/www.institutodeengenharia.org.br\/site\/#\/schema\/logo\/image\/\"},\"sameAs\":[\"https:\/\/www.facebook.com\/institutodeengenharia\",\"https:\/\/x.com\/iengenharia\",\"https:\/\/www.instagram.com\/institutodeengenharia\/\",\"https:\/\/www.linkedin.com\/company\/instituto-de-engenharia\/\",\"https:\/\/www.youtube.com\/channel\/UCXiCAlsSMe977vamW915HxA\"]},{\"@type\":\"Person\",\"@id\":\"https:\/\/www.institutodeengenharia.org.br\/site\/#\/schema\/person\/aeb64951c405e100d26d30b033dd423f\",\"name\":\"Bianca\",\"image\":{\"@type\":\"ImageObject\",\"inLanguage\":\"pt-BR\",\"@id\":\"https:\/\/secure.gravatar.com\/avatar\/a6fbe9bff57405baf4c1e2c5c1811e072b558253974a9f9508f4678900c97c2a?s=96&d=mm&r=g\",\"url\":\"https:\/\/secure.gravatar.com\/avatar\/a6fbe9bff57405baf4c1e2c5c1811e072b558253974a9f9508f4678900c97c2a?s=96&d=mm&r=g\",\"contentUrl\":\"https:\/\/secure.gravatar.com\/avatar\/a6fbe9bff57405baf4c1e2c5c1811e072b558253974a9f9508f4678900c97c2a?s=96&d=mm&r=g\",\"caption\":\"Bianca\"},\"url\":\"https:\/\/www.institutodeengenharia.org.br\/site\/author\/comunicacao1\/\"}]}<\/script>\n<!-- \/ Yoast SEO plugin. -->","yoast_head_json":{"title":"Por Jos\u00e9 Eduardo Cavalcanti \u2013 A semana da Engenharia - Instituto de Engenharia","robots":{"index":"index","follow":"follow","max-snippet":"max-snippet:-1","max-image-preview":"max-image-preview:large","max-video-preview":"max-video-preview:-1"},"canonical":"https:\/\/www.institutodeengenharia.org.br\/site\/2024\/09\/02\/por-jose-eduardo-cavalcanti-a-semana-da-engenharia\/","og_locale":"pt_BR","og_type":"article","og_title":"Por Jos\u00e9 Eduardo Cavalcanti \u2013 A semana da Engenharia - Instituto de Engenharia","og_description":"Em qualquer palestra do g\u00eanero, quando abordamos acerca da car\u00eancia de saneamento no Brasil abrangendo esgotos, \u00e9 comum iniciarmos nossa fala dizendo que nosso pa\u00eds tem apenas 51% dos esgotos coletados e tratados de acordo com dados do IBGE e do SNISA \u2013 Sistema Nacional de Informa\u00e7\u00f5es sobre Saneamento, anteriormente denominado SNIS, \u00f3rg\u00e3o do Minist\u00e9rio [&hellip;]","og_url":"https:\/\/www.institutodeengenharia.org.br\/site\/2024\/09\/02\/por-jose-eduardo-cavalcanti-a-semana-da-engenharia\/","og_site_name":"Instituto de Engenharia","article_publisher":"https:\/\/www.facebook.com\/institutodeengenharia","article_published_time":"2024-09-02T18:26:46+00:00","article_modified_time":"2025-12-12T19:27:00+00:00","og_image":[{"width":1840,"height":1034,"url":"https:\/\/www.institutodeengenharia.org.br\/site\/wp-content\/uploads\/2024\/02\/semanadaengnac.png","type":"image\/png"}],"author":"Bianca","twitter_card":"summary_large_image","twitter_creator":"@iengenharia","twitter_site":"@iengenharia","twitter_misc":{"Escrito por":"Bianca","Est. tempo de leitura":"7 minutos"},"schema":{"@context":"https:\/\/schema.org","@graph":[{"@type":"Article","@id":"https:\/\/www.institutodeengenharia.org.br\/site\/2024\/09\/02\/por-jose-eduardo-cavalcanti-a-semana-da-engenharia\/#article","isPartOf":{"@id":"https:\/\/www.institutodeengenharia.org.br\/site\/2024\/09\/02\/por-jose-eduardo-cavalcanti-a-semana-da-engenharia\/"},"author":{"name":"Bianca","@id":"https:\/\/www.institutodeengenharia.org.br\/site\/#\/schema\/person\/aeb64951c405e100d26d30b033dd423f"},"headline":"Por Jos\u00e9 Eduardo Cavalcanti \u2013 A semana da Engenharia","datePublished":"2024-09-02T18:26:46+00:00","dateModified":"2025-12-12T19:27:00+00:00","mainEntityOfPage":{"@id":"https:\/\/www.institutodeengenharia.org.br\/site\/2024\/09\/02\/por-jose-eduardo-cavalcanti-a-semana-da-engenharia\/"},"wordCount":1262,"commentCount":0,"publisher":{"@id":"https:\/\/www.institutodeengenharia.org.br\/site\/#organization"},"image":{"@id":"https:\/\/www.institutodeengenharia.org.br\/site\/2024\/09\/02\/por-jose-eduardo-cavalcanti-a-semana-da-engenharia\/#primaryimage"},"thumbnailUrl":"https:\/\/www.institutodeengenharia.org.br\/site\/wp-content\/uploads\/2024\/02\/semanadaengnac.png","articleSection":["Articulistas","Jos\u00e9 Eduardo Cavalcanti"],"inLanguage":"pt-BR","potentialAction":[{"@type":"CommentAction","name":"Comment","target":["https:\/\/www.institutodeengenharia.org.br\/site\/2024\/09\/02\/por-jose-eduardo-cavalcanti-a-semana-da-engenharia\/#respond"]}]},{"@type":"WebPage","@id":"https:\/\/www.institutodeengenharia.org.br\/site\/2024\/09\/02\/por-jose-eduardo-cavalcanti-a-semana-da-engenharia\/","url":"https:\/\/www.institutodeengenharia.org.br\/site\/2024\/09\/02\/por-jose-eduardo-cavalcanti-a-semana-da-engenharia\/","name":"Por Jos\u00e9 Eduardo Cavalcanti \u2013 A semana da Engenharia - Instituto de Engenharia","isPartOf":{"@id":"https:\/\/www.institutodeengenharia.org.br\/site\/#website"},"primaryImageOfPage":{"@id":"https:\/\/www.institutodeengenharia.org.br\/site\/2024\/09\/02\/por-jose-eduardo-cavalcanti-a-semana-da-engenharia\/#primaryimage"},"image":{"@id":"https:\/\/www.institutodeengenharia.org.br\/site\/2024\/09\/02\/por-jose-eduardo-cavalcanti-a-semana-da-engenharia\/#primaryimage"},"thumbnailUrl":"https:\/\/www.institutodeengenharia.org.br\/site\/wp-content\/uploads\/2024\/02\/semanadaengnac.png","datePublished":"2024-09-02T18:26:46+00:00","dateModified":"2025-12-12T19:27:00+00:00","breadcrumb":{"@id":"https:\/\/www.institutodeengenharia.org.br\/site\/2024\/09\/02\/por-jose-eduardo-cavalcanti-a-semana-da-engenharia\/#breadcrumb"},"inLanguage":"pt-BR","potentialAction":[{"@type":"ReadAction","target":["https:\/\/www.institutodeengenharia.org.br\/site\/2024\/09\/02\/por-jose-eduardo-cavalcanti-a-semana-da-engenharia\/"]}]},{"@type":"ImageObject","inLanguage":"pt-BR","@id":"https:\/\/www.institutodeengenharia.org.br\/site\/2024\/09\/02\/por-jose-eduardo-cavalcanti-a-semana-da-engenharia\/#primaryimage","url":"https:\/\/www.institutodeengenharia.org.br\/site\/wp-content\/uploads\/2024\/02\/semanadaengnac.png","contentUrl":"https:\/\/www.institutodeengenharia.org.br\/site\/wp-content\/uploads\/2024\/02\/semanadaengnac.png","width":1840,"height":1034},{"@type":"BreadcrumbList","@id":"https:\/\/www.institutodeengenharia.org.br\/site\/2024\/09\/02\/por-jose-eduardo-cavalcanti-a-semana-da-engenharia\/#breadcrumb","itemListElement":[{"@type":"ListItem","position":1,"name":"In\u00edcio","item":"https:\/\/www.institutodeengenharia.org.br\/site\/"},{"@type":"ListItem","position":2,"name":"Por Jos\u00e9 Eduardo Cavalcanti \u2013 A semana da Engenharia"}]},{"@type":"WebSite","@id":"https:\/\/www.institutodeengenharia.org.br\/site\/#website","url":"https:\/\/www.institutodeengenharia.org.br\/site\/","name":"Instituto de Engenharia","description":"O Instituto de Engenharia promove a Engenharia em benef\u00edcio do desenvolvimento e da qualidade de vida da sociedade.","publisher":{"@id":"https:\/\/www.institutodeengenharia.org.br\/site\/#organization"},"potentialAction":[{"@type":"SearchAction","target":{"@type":"EntryPoint","urlTemplate":"https:\/\/www.institutodeengenharia.org.br\/site\/?s={search_term_string}"},"query-input":{"@type":"PropertyValueSpecification","valueRequired":true,"valueName":"search_term_string"}}],"inLanguage":"pt-BR"},{"@type":"Organization","@id":"https:\/\/www.institutodeengenharia.org.br\/site\/#organization","name":"Instituto de Engenharia","url":"https:\/\/www.institutodeengenharia.org.br\/site\/","logo":{"@type":"ImageObject","inLanguage":"pt-BR","@id":"https:\/\/www.institutodeengenharia.org.br\/site\/#\/schema\/logo\/image\/","url":"https:\/\/www.institutodeengenharia.org.br\/site\/wp-content\/uploads\/2019\/03\/logo-novo-IE2018-1.jpg","contentUrl":"https:\/\/www.institutodeengenharia.org.br\/site\/wp-content\/uploads\/2019\/03\/logo-novo-IE2018-1.jpg","width":1486,"height":1879,"caption":"Instituto de Engenharia"},"image":{"@id":"https:\/\/www.institutodeengenharia.org.br\/site\/#\/schema\/logo\/image\/"},"sameAs":["https:\/\/www.facebook.com\/institutodeengenharia","https:\/\/x.com\/iengenharia","https:\/\/www.instagram.com\/institutodeengenharia\/","https:\/\/www.linkedin.com\/company\/instituto-de-engenharia\/","https:\/\/www.youtube.com\/channel\/UCXiCAlsSMe977vamW915HxA"]},{"@type":"Person","@id":"https:\/\/www.institutodeengenharia.org.br\/site\/#\/schema\/person\/aeb64951c405e100d26d30b033dd423f","name":"Bianca","image":{"@type":"ImageObject","inLanguage":"pt-BR","@id":"https:\/\/secure.gravatar.com\/avatar\/a6fbe9bff57405baf4c1e2c5c1811e072b558253974a9f9508f4678900c97c2a?s=96&d=mm&r=g","url":"https:\/\/secure.gravatar.com\/avatar\/a6fbe9bff57405baf4c1e2c5c1811e072b558253974a9f9508f4678900c97c2a?s=96&d=mm&r=g","contentUrl":"https:\/\/secure.gravatar.com\/avatar\/a6fbe9bff57405baf4c1e2c5c1811e072b558253974a9f9508f4678900c97c2a?s=96&d=mm&r=g","caption":"Bianca"},"url":"https:\/\/www.institutodeengenharia.org.br\/site\/author\/comunicacao1\/"}]}},"_links":{"self":[{"href":"https:\/\/www.institutodeengenharia.org.br\/site\/wp-json\/wp\/v2\/posts\/123229","targetHints":{"allow":["GET"]}}],"collection":[{"href":"https:\/\/www.institutodeengenharia.org.br\/site\/wp-json\/wp\/v2\/posts"}],"about":[{"href":"https:\/\/www.institutodeengenharia.org.br\/site\/wp-json\/wp\/v2\/types\/post"}],"author":[{"embeddable":true,"href":"https:\/\/www.institutodeengenharia.org.br\/site\/wp-json\/wp\/v2\/users\/13"}],"replies":[{"embeddable":true,"href":"https:\/\/www.institutodeengenharia.org.br\/site\/wp-json\/wp\/v2\/comments?post=123229"}],"version-history":[{"count":4,"href":"https:\/\/www.institutodeengenharia.org.br\/site\/wp-json\/wp\/v2\/posts\/123229\/revisions"}],"predecessor-version":[{"id":135107,"href":"https:\/\/www.institutodeengenharia.org.br\/site\/wp-json\/wp\/v2\/posts\/123229\/revisions\/135107"}],"wp:featuredmedia":[{"embeddable":true,"href":"https:\/\/www.institutodeengenharia.org.br\/site\/wp-json\/wp\/v2\/media\/116326"}],"wp:attachment":[{"href":"https:\/\/www.institutodeengenharia.org.br\/site\/wp-json\/wp\/v2\/media?parent=123229"}],"wp:term":[{"taxonomy":"category","embeddable":true,"href":"https:\/\/www.institutodeengenharia.org.br\/site\/wp-json\/wp\/v2\/categories?post=123229"},{"taxonomy":"post_tag","embeddable":true,"href":"https:\/\/www.institutodeengenharia.org.br\/site\/wp-json\/wp\/v2\/tags?post=123229"}],"curies":[{"name":"wp","href":"https:\/\/api.w.org\/{rel}","templated":true}]}}