{"id":122928,"date":"2024-08-15T17:43:30","date_gmt":"2024-08-15T20:43:30","guid":{"rendered":"https:\/\/www.institutodeengenharia.org.br\/site\/?p=122928"},"modified":"2024-08-15T17:46:59","modified_gmt":"2024-08-15T20:46:59","slug":"ie-fecha-apoio-com-um-dos-maiores-eventos-de-meeting-empresarial-do-mundo","status":"publish","type":"post","link":"https:\/\/www.institutodeengenharia.org.br\/site\/2024\/08\/15\/ie-fecha-apoio-com-um-dos-maiores-eventos-de-meeting-empresarial-do-mundo\/","title":{"rendered":"IE fecha apoio com um dos maiores eventos de meeting empresarial do mundo"},"content":{"rendered":"<p>Em encontro com Jorge Lima, secret\u00e1rio de governo de Desenvolvimento Econ\u00f4mico de SP, e representantes da Associa\u00e7\u00e3o Comercial do Estado de S\u00e3o Paulo (ACSP), da Associa\u00e7\u00e3o dos Dirigentes de Vendas e Marketing do Brasil (ADVB), o presidente do IE, Jos\u00e9 Eduardo Jardim, e o vice-presidente de Rela\u00e7\u00f5es Externas, Lawrence Koo, fecharam apoio ao governo do Estado de S\u00e3o Paulo, para a vinda de um dos maiores eventos de meeting empresarial do mundo, que acontecer\u00e1 no Memorial da Am\u00e9rica Latina, em 2025.<\/p>\n<p>O evento ter\u00e1 100 palestrantes, entre nacionais e internacionais, que abordar\u00e3o temas, como Agro, Inova\u00e7\u00e3o, Infraestrutura e Energia Renov\u00e1vel.<\/p>\n","protected":false},"excerpt":{"rendered":"<p>Em encontro com Jorge Lima, secret\u00e1rio de governo de Desenvolvimento Econ\u00f4mico de SP, e representantes da Associa\u00e7\u00e3o Comercial do Estado de S\u00e3o Paulo (ACSP), da Associa\u00e7\u00e3o dos Dirigentes de Vendas e Marketing do Brasil (ADVB), o presidente do IE, Jos\u00e9 Eduardo Jardim, e o vice-presidente de Rela\u00e7\u00f5es Externas, Lawrence Koo, fecharam apoio ao governo do [&hellip;]<\/p>\n","protected":false},"author":14,"featured_media":122929,"comment_status":"open","ping_status":"open","sticky":false,"template":"","format":"standard","meta":{"footnotes":""},"categories":[27,6],"tags":[],"class_list":{"0":"post-122928","1":"post","2":"type-post","3":"status-publish","4":"format-standard","5":"has-post-thumbnail","7":"category-instituto-de-engenharia","8":"category-noticias"},"yoast_head":"<!-- This site is optimized with the Yoast SEO plugin v27.2 - https:\/\/yoast.com\/product\/yoast-seo-wordpress\/ -->\n<title>IE fecha apoio com um dos maiores eventos de meeting empresarial do mundo - Instituto de Engenharia<\/title>\n<meta name=\"robots\" content=\"index, follow, max-snippet:-1, max-image-preview:large, max-video-preview:-1\" \/>\n<link rel=\"canonical\" href=\"https:\/\/www.institutodeengenharia.org.br\/site\/2024\/08\/15\/ie-fecha-apoio-com-um-dos-maiores-eventos-de-meeting-empresarial-do-mundo\/\" \/>\n<meta property=\"og:locale\" content=\"pt_BR\" \/>\n<meta property=\"og:type\" content=\"article\" \/>\n<meta property=\"og:title\" content=\"IE fecha apoio com um dos maiores eventos de meeting empresarial do mundo - Instituto de Engenharia\" \/>\n<meta property=\"og:description\" content=\"Em encontro com Jorge Lima, secret\u00e1rio de governo de Desenvolvimento Econ\u00f4mico de SP, e representantes da Associa\u00e7\u00e3o Comercial do Estado de S\u00e3o Paulo (ACSP), da Associa\u00e7\u00e3o dos Dirigentes de Vendas e Marketing do Brasil (ADVB), o presidente do IE, Jos\u00e9 Eduardo Jardim, e o vice-presidente de Rela\u00e7\u00f5es Externas, Lawrence Koo, fecharam apoio ao governo do [&hellip;]\" \/>\n<meta property=\"og:url\" content=\"https:\/\/www.institutodeengenharia.org.br\/site\/2024\/08\/15\/ie-fecha-apoio-com-um-dos-maiores-eventos-de-meeting-empresarial-do-mundo\/\" \/>\n<meta property=\"og:site_name\" content=\"Instituto de Engenharia\" \/>\n<meta property=\"article:publisher\" content=\"https:\/\/www.facebook.com\/institutodeengenharia\" \/>\n<meta property=\"article:published_time\" content=\"2024-08-15T20:43:30+00:00\" \/>\n<meta property=\"article:modified_time\" content=\"2024-08-15T20:46:59+00:00\" \/>\n<meta property=\"og:image\" content=\"https:\/\/www.institutodeengenharia.org.br\/site\/wp-content\/uploads\/2024\/08\/secretario-meeting.jpeg\" \/>\n\t<meta property=\"og:image:width\" content=\"727\" \/>\n\t<meta property=\"og:image:height\" content=\"571\" \/>\n\t<meta property=\"og:image:type\" content=\"image\/jpeg\" \/>\n<meta name=\"author\" content=\"Isabel\" \/>\n<meta name=\"twitter:card\" content=\"summary_large_image\" \/>\n<meta name=\"twitter:creator\" content=\"@iengenharia\" \/>\n<meta name=\"twitter:site\" content=\"@iengenharia\" \/>\n<meta name=\"twitter:label1\" content=\"Escrito por\" \/>\n\t<meta name=\"twitter:data1\" content=\"Isabel\" \/>\n\t<meta name=\"twitter:label2\" content=\"Est. tempo de leitura\" \/>\n\t<meta name=\"twitter:data2\" content=\"1 minuto\" \/>\n<script type=\"application\/ld+json\" class=\"yoast-schema-graph\">{\"@context\":\"https:\/\/schema.org\",\"@graph\":[{\"@type\":\"Article\",\"@id\":\"https:\/\/www.institutodeengenharia.org.br\/site\/2024\/08\/15\/ie-fecha-apoio-com-um-dos-maiores-eventos-de-meeting-empresarial-do-mundo\/#article\",\"isPartOf\":{\"@id\":\"https:\/\/www.institutodeengenharia.org.br\/site\/2024\/08\/15\/ie-fecha-apoio-com-um-dos-maiores-eventos-de-meeting-empresarial-do-mundo\/\"},\"author\":{\"name\":\"Isabel\",\"@id\":\"https:\/\/www.institutodeengenharia.org.br\/site\/#\/schema\/person\/593dc356630173a4877a635d3e5fd76b\"},\"headline\":\"IE fecha apoio com um dos maiores eventos de meeting empresarial do mundo\",\"datePublished\":\"2024-08-15T20:43:30+00:00\",\"dateModified\":\"2024-08-15T20:46:59+00:00\",\"mainEntityOfPage\":{\"@id\":\"https:\/\/www.institutodeengenharia.org.br\/site\/2024\/08\/15\/ie-fecha-apoio-com-um-dos-maiores-eventos-de-meeting-empresarial-do-mundo\/\"},\"wordCount\":122,\"commentCount\":0,\"publisher\":{\"@id\":\"https:\/\/www.institutodeengenharia.org.br\/site\/#organization\"},\"image\":{\"@id\":\"https:\/\/www.institutodeengenharia.org.br\/site\/2024\/08\/15\/ie-fecha-apoio-com-um-dos-maiores-eventos-de-meeting-empresarial-do-mundo\/#primaryimage\"},\"thumbnailUrl\":\"https:\/\/www.institutodeengenharia.org.br\/site\/wp-content\/uploads\/2024\/08\/secretario-meeting.jpeg\",\"articleSection\":[\"Instituto de Engenharia\",\"Not\u00edcias\"],\"inLanguage\":\"pt-BR\",\"potentialAction\":[{\"@type\":\"CommentAction\",\"name\":\"Comment\",\"target\":[\"https:\/\/www.institutodeengenharia.org.br\/site\/2024\/08\/15\/ie-fecha-apoio-com-um-dos-maiores-eventos-de-meeting-empresarial-do-mundo\/#respond\"]}]},{\"@type\":\"WebPage\",\"@id\":\"https:\/\/www.institutodeengenharia.org.br\/site\/2024\/08\/15\/ie-fecha-apoio-com-um-dos-maiores-eventos-de-meeting-empresarial-do-mundo\/\",\"url\":\"https:\/\/www.institutodeengenharia.org.br\/site\/2024\/08\/15\/ie-fecha-apoio-com-um-dos-maiores-eventos-de-meeting-empresarial-do-mundo\/\",\"name\":\"IE fecha apoio com um dos maiores eventos de meeting empresarial do mundo - Instituto de Engenharia\",\"isPartOf\":{\"@id\":\"https:\/\/www.institutodeengenharia.org.br\/site\/#website\"},\"primaryImageOfPage\":{\"@id\":\"https:\/\/www.institutodeengenharia.org.br\/site\/2024\/08\/15\/ie-fecha-apoio-com-um-dos-maiores-eventos-de-meeting-empresarial-do-mundo\/#primaryimage\"},\"image\":{\"@id\":\"https:\/\/www.institutodeengenharia.org.br\/site\/2024\/08\/15\/ie-fecha-apoio-com-um-dos-maiores-eventos-de-meeting-empresarial-do-mundo\/#primaryimage\"},\"thumbnailUrl\":\"https:\/\/www.institutodeengenharia.org.br\/site\/wp-content\/uploads\/2024\/08\/secretario-meeting.jpeg\",\"datePublished\":\"2024-08-15T20:43:30+00:00\",\"dateModified\":\"2024-08-15T20:46:59+00:00\",\"breadcrumb\":{\"@id\":\"https:\/\/www.institutodeengenharia.org.br\/site\/2024\/08\/15\/ie-fecha-apoio-com-um-dos-maiores-eventos-de-meeting-empresarial-do-mundo\/#breadcrumb\"},\"inLanguage\":\"pt-BR\",\"potentialAction\":[{\"@type\":\"ReadAction\",\"target\":[\"https:\/\/www.institutodeengenharia.org.br\/site\/2024\/08\/15\/ie-fecha-apoio-com-um-dos-maiores-eventos-de-meeting-empresarial-do-mundo\/\"]}]},{\"@type\":\"ImageObject\",\"inLanguage\":\"pt-BR\",\"@id\":\"https:\/\/www.institutodeengenharia.org.br\/site\/2024\/08\/15\/ie-fecha-apoio-com-um-dos-maiores-eventos-de-meeting-empresarial-do-mundo\/#primaryimage\",\"url\":\"https:\/\/www.institutodeengenharia.org.br\/site\/wp-content\/uploads\/2024\/08\/secretario-meeting.jpeg\",\"contentUrl\":\"https:\/\/www.institutodeengenharia.org.br\/site\/wp-content\/uploads\/2024\/08\/secretario-meeting.jpeg\",\"width\":727,\"height\":571,\"caption\":\"Da esq. p\/ dir.: Lawrence Koo, Jos\u00e9 Eduardo Jardim, Jorge Lima, Miguel Ignatios e Beto Marques, ADVB, e Marcos Augusto, ACSP\"},{\"@type\":\"BreadcrumbList\",\"@id\":\"https:\/\/www.institutodeengenharia.org.br\/site\/2024\/08\/15\/ie-fecha-apoio-com-um-dos-maiores-eventos-de-meeting-empresarial-do-mundo\/#breadcrumb\",\"itemListElement\":[{\"@type\":\"ListItem\",\"position\":1,\"name\":\"In\u00edcio\",\"item\":\"https:\/\/www.institutodeengenharia.org.br\/site\/\"},{\"@type\":\"ListItem\",\"position\":2,\"name\":\"IE fecha apoio com um dos maiores eventos de meeting empresarial do mundo\"}]},{\"@type\":\"WebSite\",\"@id\":\"https:\/\/www.institutodeengenharia.org.br\/site\/#website\",\"url\":\"https:\/\/www.institutodeengenharia.org.br\/site\/\",\"name\":\"Instituto de Engenharia\",\"description\":\"O Instituto de Engenharia promove a Engenharia em benef\u00edcio do desenvolvimento e da qualidade de vida da sociedade.\",\"publisher\":{\"@id\":\"https:\/\/www.institutodeengenharia.org.br\/site\/#organization\"},\"potentialAction\":[{\"@type\":\"SearchAction\",\"target\":{\"@type\":\"EntryPoint\",\"urlTemplate\":\"https:\/\/www.institutodeengenharia.org.br\/site\/?s={search_term_string}\"},\"query-input\":{\"@type\":\"PropertyValueSpecification\",\"valueRequired\":true,\"valueName\":\"search_term_string\"}}],\"inLanguage\":\"pt-BR\"},{\"@type\":\"Organization\",\"@id\":\"https:\/\/www.institutodeengenharia.org.br\/site\/#organization\",\"name\":\"Instituto de Engenharia\",\"url\":\"https:\/\/www.institutodeengenharia.org.br\/site\/\",\"logo\":{\"@type\":\"ImageObject\",\"inLanguage\":\"pt-BR\",\"@id\":\"https:\/\/www.institutodeengenharia.org.br\/site\/#\/schema\/logo\/image\/\",\"url\":\"https:\/\/www.institutodeengenharia.org.br\/site\/wp-content\/uploads\/2019\/03\/logo-novo-IE2018-1.jpg\",\"contentUrl\":\"https:\/\/www.institutodeengenharia.org.br\/site\/wp-content\/uploads\/2019\/03\/logo-novo-IE2018-1.jpg\",\"width\":1486,\"height\":1879,\"caption\":\"Instituto de Engenharia\"},\"image\":{\"@id\":\"https:\/\/www.institutodeengenharia.org.br\/site\/#\/schema\/logo\/image\/\"},\"sameAs\":[\"https:\/\/www.facebook.com\/institutodeengenharia\",\"https:\/\/x.com\/iengenharia\",\"https:\/\/www.instagram.com\/institutodeengenharia\/\",\"https:\/\/www.linkedin.com\/company\/instituto-de-engenharia\/\",\"https:\/\/www.youtube.com\/channel\/UCXiCAlsSMe977vamW915HxA\"]},{\"@type\":\"Person\",\"@id\":\"https:\/\/www.institutodeengenharia.org.br\/site\/#\/schema\/person\/593dc356630173a4877a635d3e5fd76b\",\"name\":\"Isabel\",\"image\":{\"@type\":\"ImageObject\",\"inLanguage\":\"pt-BR\",\"@id\":\"https:\/\/secure.gravatar.com\/avatar\/f3c521db63ec9db17894f10a88c6a3cf95b2281d7f80eeb3cf3ef1cb091576e7?s=96&d=mm&r=g\",\"url\":\"https:\/\/secure.gravatar.com\/avatar\/f3c521db63ec9db17894f10a88c6a3cf95b2281d7f80eeb3cf3ef1cb091576e7?s=96&d=mm&r=g\",\"contentUrl\":\"https:\/\/secure.gravatar.com\/avatar\/f3c521db63ec9db17894f10a88c6a3cf95b2281d7f80eeb3cf3ef1cb091576e7?s=96&d=mm&r=g\",\"caption\":\"Isabel\"},\"url\":\"https:\/\/www.institutodeengenharia.org.br\/site\/author\/comunicacao2\/\"}]}<\/script>\n<!-- \/ Yoast SEO plugin. -->","yoast_head_json":{"title":"IE fecha apoio com um dos maiores eventos de meeting empresarial do mundo - Instituto de Engenharia","robots":{"index":"index","follow":"follow","max-snippet":"max-snippet:-1","max-image-preview":"max-image-preview:large","max-video-preview":"max-video-preview:-1"},"canonical":"https:\/\/www.institutodeengenharia.org.br\/site\/2024\/08\/15\/ie-fecha-apoio-com-um-dos-maiores-eventos-de-meeting-empresarial-do-mundo\/","og_locale":"pt_BR","og_type":"article","og_title":"IE fecha apoio com um dos maiores eventos de meeting empresarial do mundo - Instituto de Engenharia","og_description":"Em encontro com Jorge Lima, secret\u00e1rio de governo de Desenvolvimento Econ\u00f4mico de SP, e representantes da Associa\u00e7\u00e3o Comercial do Estado de S\u00e3o Paulo (ACSP), da Associa\u00e7\u00e3o dos Dirigentes de Vendas e Marketing do Brasil (ADVB), o presidente do IE, Jos\u00e9 Eduardo Jardim, e o vice-presidente de Rela\u00e7\u00f5es Externas, Lawrence Koo, fecharam apoio ao governo do [&hellip;]","og_url":"https:\/\/www.institutodeengenharia.org.br\/site\/2024\/08\/15\/ie-fecha-apoio-com-um-dos-maiores-eventos-de-meeting-empresarial-do-mundo\/","og_site_name":"Instituto de Engenharia","article_publisher":"https:\/\/www.facebook.com\/institutodeengenharia","article_published_time":"2024-08-15T20:43:30+00:00","article_modified_time":"2024-08-15T20:46:59+00:00","og_image":[{"width":727,"height":571,"url":"https:\/\/www.institutodeengenharia.org.br\/site\/wp-content\/uploads\/2024\/08\/secretario-meeting.jpeg","type":"image\/jpeg"}],"author":"Isabel","twitter_card":"summary_large_image","twitter_creator":"@iengenharia","twitter_site":"@iengenharia","twitter_misc":{"Escrito por":"Isabel","Est. tempo de leitura":"1 minuto"},"schema":{"@context":"https:\/\/schema.org","@graph":[{"@type":"Article","@id":"https:\/\/www.institutodeengenharia.org.br\/site\/2024\/08\/15\/ie-fecha-apoio-com-um-dos-maiores-eventos-de-meeting-empresarial-do-mundo\/#article","isPartOf":{"@id":"https:\/\/www.institutodeengenharia.org.br\/site\/2024\/08\/15\/ie-fecha-apoio-com-um-dos-maiores-eventos-de-meeting-empresarial-do-mundo\/"},"author":{"name":"Isabel","@id":"https:\/\/www.institutodeengenharia.org.br\/site\/#\/schema\/person\/593dc356630173a4877a635d3e5fd76b"},"headline":"IE fecha apoio com um dos maiores eventos de meeting empresarial do mundo","datePublished":"2024-08-15T20:43:30+00:00","dateModified":"2024-08-15T20:46:59+00:00","mainEntityOfPage":{"@id":"https:\/\/www.institutodeengenharia.org.br\/site\/2024\/08\/15\/ie-fecha-apoio-com-um-dos-maiores-eventos-de-meeting-empresarial-do-mundo\/"},"wordCount":122,"commentCount":0,"publisher":{"@id":"https:\/\/www.institutodeengenharia.org.br\/site\/#organization"},"image":{"@id":"https:\/\/www.institutodeengenharia.org.br\/site\/2024\/08\/15\/ie-fecha-apoio-com-um-dos-maiores-eventos-de-meeting-empresarial-do-mundo\/#primaryimage"},"thumbnailUrl":"https:\/\/www.institutodeengenharia.org.br\/site\/wp-content\/uploads\/2024\/08\/secretario-meeting.jpeg","articleSection":["Instituto de Engenharia","Not\u00edcias"],"inLanguage":"pt-BR","potentialAction":[{"@type":"CommentAction","name":"Comment","target":["https:\/\/www.institutodeengenharia.org.br\/site\/2024\/08\/15\/ie-fecha-apoio-com-um-dos-maiores-eventos-de-meeting-empresarial-do-mundo\/#respond"]}]},{"@type":"WebPage","@id":"https:\/\/www.institutodeengenharia.org.br\/site\/2024\/08\/15\/ie-fecha-apoio-com-um-dos-maiores-eventos-de-meeting-empresarial-do-mundo\/","url":"https:\/\/www.institutodeengenharia.org.br\/site\/2024\/08\/15\/ie-fecha-apoio-com-um-dos-maiores-eventos-de-meeting-empresarial-do-mundo\/","name":"IE fecha apoio com um dos maiores eventos de meeting empresarial do mundo - Instituto de Engenharia","isPartOf":{"@id":"https:\/\/www.institutodeengenharia.org.br\/site\/#website"},"primaryImageOfPage":{"@id":"https:\/\/www.institutodeengenharia.org.br\/site\/2024\/08\/15\/ie-fecha-apoio-com-um-dos-maiores-eventos-de-meeting-empresarial-do-mundo\/#primaryimage"},"image":{"@id":"https:\/\/www.institutodeengenharia.org.br\/site\/2024\/08\/15\/ie-fecha-apoio-com-um-dos-maiores-eventos-de-meeting-empresarial-do-mundo\/#primaryimage"},"thumbnailUrl":"https:\/\/www.institutodeengenharia.org.br\/site\/wp-content\/uploads\/2024\/08\/secretario-meeting.jpeg","datePublished":"2024-08-15T20:43:30+00:00","dateModified":"2024-08-15T20:46:59+00:00","breadcrumb":{"@id":"https:\/\/www.institutodeengenharia.org.br\/site\/2024\/08\/15\/ie-fecha-apoio-com-um-dos-maiores-eventos-de-meeting-empresarial-do-mundo\/#breadcrumb"},"inLanguage":"pt-BR","potentialAction":[{"@type":"ReadAction","target":["https:\/\/www.institutodeengenharia.org.br\/site\/2024\/08\/15\/ie-fecha-apoio-com-um-dos-maiores-eventos-de-meeting-empresarial-do-mundo\/"]}]},{"@type":"ImageObject","inLanguage":"pt-BR","@id":"https:\/\/www.institutodeengenharia.org.br\/site\/2024\/08\/15\/ie-fecha-apoio-com-um-dos-maiores-eventos-de-meeting-empresarial-do-mundo\/#primaryimage","url":"https:\/\/www.institutodeengenharia.org.br\/site\/wp-content\/uploads\/2024\/08\/secretario-meeting.jpeg","contentUrl":"https:\/\/www.institutodeengenharia.org.br\/site\/wp-content\/uploads\/2024\/08\/secretario-meeting.jpeg","width":727,"height":571,"caption":"Da esq. p\/ dir.: Lawrence Koo, Jos\u00e9 Eduardo Jardim, Jorge Lima, Miguel Ignatios e Beto Marques, ADVB, e Marcos Augusto, ACSP"},{"@type":"BreadcrumbList","@id":"https:\/\/www.institutodeengenharia.org.br\/site\/2024\/08\/15\/ie-fecha-apoio-com-um-dos-maiores-eventos-de-meeting-empresarial-do-mundo\/#breadcrumb","itemListElement":[{"@type":"ListItem","position":1,"name":"In\u00edcio","item":"https:\/\/www.institutodeengenharia.org.br\/site\/"},{"@type":"ListItem","position":2,"name":"IE fecha apoio com um dos maiores eventos de meeting empresarial do mundo"}]},{"@type":"WebSite","@id":"https:\/\/www.institutodeengenharia.org.br\/site\/#website","url":"https:\/\/www.institutodeengenharia.org.br\/site\/","name":"Instituto de Engenharia","description":"O Instituto de Engenharia promove a Engenharia em benef\u00edcio do desenvolvimento e da qualidade de vida da sociedade.","publisher":{"@id":"https:\/\/www.institutodeengenharia.org.br\/site\/#organization"},"potentialAction":[{"@type":"SearchAction","target":{"@type":"EntryPoint","urlTemplate":"https:\/\/www.institutodeengenharia.org.br\/site\/?s={search_term_string}"},"query-input":{"@type":"PropertyValueSpecification","valueRequired":true,"valueName":"search_term_string"}}],"inLanguage":"pt-BR"},{"@type":"Organization","@id":"https:\/\/www.institutodeengenharia.org.br\/site\/#organization","name":"Instituto de Engenharia","url":"https:\/\/www.institutodeengenharia.org.br\/site\/","logo":{"@type":"ImageObject","inLanguage":"pt-BR","@id":"https:\/\/www.institutodeengenharia.org.br\/site\/#\/schema\/logo\/image\/","url":"https:\/\/www.institutodeengenharia.org.br\/site\/wp-content\/uploads\/2019\/03\/logo-novo-IE2018-1.jpg","contentUrl":"https:\/\/www.institutodeengenharia.org.br\/site\/wp-content\/uploads\/2019\/03\/logo-novo-IE2018-1.jpg","width":1486,"height":1879,"caption":"Instituto de Engenharia"},"image":{"@id":"https:\/\/www.institutodeengenharia.org.br\/site\/#\/schema\/logo\/image\/"},"sameAs":["https:\/\/www.facebook.com\/institutodeengenharia","https:\/\/x.com\/iengenharia","https:\/\/www.instagram.com\/institutodeengenharia\/","https:\/\/www.linkedin.com\/company\/instituto-de-engenharia\/","https:\/\/www.youtube.com\/channel\/UCXiCAlsSMe977vamW915HxA"]},{"@type":"Person","@id":"https:\/\/www.institutodeengenharia.org.br\/site\/#\/schema\/person\/593dc356630173a4877a635d3e5fd76b","name":"Isabel","image":{"@type":"ImageObject","inLanguage":"pt-BR","@id":"https:\/\/secure.gravatar.com\/avatar\/f3c521db63ec9db17894f10a88c6a3cf95b2281d7f80eeb3cf3ef1cb091576e7?s=96&d=mm&r=g","url":"https:\/\/secure.gravatar.com\/avatar\/f3c521db63ec9db17894f10a88c6a3cf95b2281d7f80eeb3cf3ef1cb091576e7?s=96&d=mm&r=g","contentUrl":"https:\/\/secure.gravatar.com\/avatar\/f3c521db63ec9db17894f10a88c6a3cf95b2281d7f80eeb3cf3ef1cb091576e7?s=96&d=mm&r=g","caption":"Isabel"},"url":"https:\/\/www.institutodeengenharia.org.br\/site\/author\/comunicacao2\/"}]}},"_links":{"self":[{"href":"https:\/\/www.institutodeengenharia.org.br\/site\/wp-json\/wp\/v2\/posts\/122928","targetHints":{"allow":["GET"]}}],"collection":[{"href":"https:\/\/www.institutodeengenharia.org.br\/site\/wp-json\/wp\/v2\/posts"}],"about":[{"href":"https:\/\/www.institutodeengenharia.org.br\/site\/wp-json\/wp\/v2\/types\/post"}],"author":[{"embeddable":true,"href":"https:\/\/www.institutodeengenharia.org.br\/site\/wp-json\/wp\/v2\/users\/14"}],"replies":[{"embeddable":true,"href":"https:\/\/www.institutodeengenharia.org.br\/site\/wp-json\/wp\/v2\/comments?post=122928"}],"version-history":[{"count":1,"href":"https:\/\/www.institutodeengenharia.org.br\/site\/wp-json\/wp\/v2\/posts\/122928\/revisions"}],"predecessor-version":[{"id":122930,"href":"https:\/\/www.institutodeengenharia.org.br\/site\/wp-json\/wp\/v2\/posts\/122928\/revisions\/122930"}],"wp:featuredmedia":[{"embeddable":true,"href":"https:\/\/www.institutodeengenharia.org.br\/site\/wp-json\/wp\/v2\/media\/122929"}],"wp:attachment":[{"href":"https:\/\/www.institutodeengenharia.org.br\/site\/wp-json\/wp\/v2\/media?parent=122928"}],"wp:term":[{"taxonomy":"category","embeddable":true,"href":"https:\/\/www.institutodeengenharia.org.br\/site\/wp-json\/wp\/v2\/categories?post=122928"},{"taxonomy":"post_tag","embeddable":true,"href":"https:\/\/www.institutodeengenharia.org.br\/site\/wp-json\/wp\/v2\/tags?post=122928"}],"curies":[{"name":"wp","href":"https:\/\/api.w.org\/{rel}","templated":true}]}}