{"id":121934,"date":"2024-07-16T14:34:00","date_gmt":"2024-07-16T17:34:00","guid":{"rendered":"https:\/\/www.institutodeengenharia.org.br\/site\/?p=121934"},"modified":"2024-07-16T14:34:00","modified_gmt":"2024-07-16T17:34:00","slug":"material-tecnico-desafios-e-tendencias-em-navegacao-aerea","status":"publish","type":"post","link":"https:\/\/www.institutodeengenharia.org.br\/site\/2024\/07\/16\/material-tecnico-desafios-e-tendencias-em-navegacao-aerea\/","title":{"rendered":"MATERIAL T\u00c9CNICO &#8211; Desafios e tend\u00eancias em navega\u00e7\u00e3o a\u00e9rea"},"content":{"rendered":"<p style=\"text-align: center;\"><strong><a href=\"https:\/\/www.institutodeengenharia.org.br\/site\/wp-content\/uploads\/2024\/07\/IE_Palestra-15-Julho-2024_ES.pdf\">Clique aqui e confira o material t\u00e9cnico<\/a><\/strong><\/p>\n<p><strong>Realiza\u00e7\u00e3o:<\/strong><\/p>\n<p><strong>Eng. Ivan Metran Whately<\/strong>\u00a0\u2013 Vice-presidente de Atividades T\u00e9cnicas<\/p>\n<p><strong>Eng. Jean Carlos Pejo<\/strong>\u00a0\u2013 Diretor do Departamento de Desenvolvimento de Infraestrutura e Log\u00edstica<\/p>\n<p><strong>Eng. Adalberto Febeliano<\/strong>\u00a0\u2013 Coordenador da Divis\u00e3o T\u00e9cnica de Transportes A\u00e9reos<\/p>\n","protected":false},"excerpt":{"rendered":"<p>Clique aqui e confira o material t\u00e9cnico Realiza\u00e7\u00e3o: Eng. Ivan Metran Whately\u00a0\u2013 Vice-presidente de Atividades T\u00e9cnicas Eng. Jean Carlos Pejo\u00a0\u2013 Diretor do Departamento de Desenvolvimento de Infraestrutura e Log\u00edstica Eng. Adalberto Febeliano\u00a0\u2013 Coordenador da Divis\u00e3o T\u00e9cnica de Transportes A\u00e9reos<\/p>\n","protected":false},"author":13,"featured_media":120194,"comment_status":"open","ping_status":"open","sticky":false,"template":"","format":"standard","meta":{"footnotes":""},"categories":[1177,1139],"tags":[],"class_list":{"0":"post-121934","1":"post","2":"type-post","3":"status-publish","4":"format-standard","5":"has-post-thumbnail","7":"category-departamento-desenvolvimento-de-infraestrutura-e-logistica","8":"category-divisao-tecnica-de-transportes-aereos"},"yoast_head":"<!-- This site is optimized with the Yoast SEO plugin v27.2 - https:\/\/yoast.com\/product\/yoast-seo-wordpress\/ -->\n<title>MATERIAL T\u00c9CNICO - Desafios e tend\u00eancias em navega\u00e7\u00e3o a\u00e9rea - Instituto de Engenharia<\/title>\n<meta name=\"robots\" content=\"index, follow, max-snippet:-1, max-image-preview:large, max-video-preview:-1\" \/>\n<link rel=\"canonical\" href=\"https:\/\/www.institutodeengenharia.org.br\/site\/2024\/07\/16\/material-tecnico-desafios-e-tendencias-em-navegacao-aerea\/\" \/>\n<meta property=\"og:locale\" content=\"pt_BR\" \/>\n<meta property=\"og:type\" content=\"article\" \/>\n<meta property=\"og:title\" content=\"MATERIAL T\u00c9CNICO - Desafios e tend\u00eancias em navega\u00e7\u00e3o a\u00e9rea - Instituto de Engenharia\" \/>\n<meta property=\"og:description\" content=\"Clique aqui e confira o material t\u00e9cnico Realiza\u00e7\u00e3o: Eng. Ivan Metran Whately\u00a0\u2013 Vice-presidente de Atividades T\u00e9cnicas Eng. Jean Carlos Pejo\u00a0\u2013 Diretor do Departamento de Desenvolvimento de Infraestrutura e Log\u00edstica Eng. Adalberto Febeliano\u00a0\u2013 Coordenador da Divis\u00e3o T\u00e9cnica de Transportes A\u00e9reos\" \/>\n<meta property=\"og:url\" content=\"https:\/\/www.institutodeengenharia.org.br\/site\/2024\/07\/16\/material-tecnico-desafios-e-tendencias-em-navegacao-aerea\/\" \/>\n<meta property=\"og:site_name\" content=\"Instituto de Engenharia\" \/>\n<meta property=\"article:publisher\" content=\"https:\/\/www.facebook.com\/institutodeengenharia\" \/>\n<meta property=\"article:published_time\" content=\"2024-07-16T17:34:00+00:00\" \/>\n<meta property=\"og:image\" content=\"https:\/\/www.institutodeengenharia.org.br\/site\/wp-content\/uploads\/2024\/05\/Design-sem-nome-2024-05-24T100120.887.jpg\" \/>\n\t<meta property=\"og:image:width\" content=\"1920\" \/>\n\t<meta property=\"og:image:height\" content=\"1080\" \/>\n\t<meta property=\"og:image:type\" content=\"image\/jpeg\" \/>\n<meta name=\"author\" content=\"Bianca\" \/>\n<meta name=\"twitter:card\" content=\"summary_large_image\" \/>\n<meta name=\"twitter:creator\" content=\"@iengenharia\" \/>\n<meta name=\"twitter:site\" content=\"@iengenharia\" \/>\n<meta name=\"twitter:label1\" content=\"Escrito por\" \/>\n\t<meta name=\"twitter:data1\" content=\"Bianca\" \/>\n\t<meta name=\"twitter:label2\" content=\"Est. tempo de leitura\" \/>\n\t<meta name=\"twitter:data2\" content=\"1 minuto\" \/>\n<script type=\"application\/ld+json\" class=\"yoast-schema-graph\">{\"@context\":\"https:\/\/schema.org\",\"@graph\":[{\"@type\":\"Article\",\"@id\":\"https:\/\/www.institutodeengenharia.org.br\/site\/2024\/07\/16\/material-tecnico-desafios-e-tendencias-em-navegacao-aerea\/#article\",\"isPartOf\":{\"@id\":\"https:\/\/www.institutodeengenharia.org.br\/site\/2024\/07\/16\/material-tecnico-desafios-e-tendencias-em-navegacao-aerea\/\"},\"author\":{\"name\":\"Bianca\",\"@id\":\"https:\/\/www.institutodeengenharia.org.br\/site\/#\/schema\/person\/aeb64951c405e100d26d30b033dd423f\"},\"headline\":\"MATERIAL T\u00c9CNICO &#8211; Desafios e tend\u00eancias em navega\u00e7\u00e3o a\u00e9rea\",\"datePublished\":\"2024-07-16T17:34:00+00:00\",\"mainEntityOfPage\":{\"@id\":\"https:\/\/www.institutodeengenharia.org.br\/site\/2024\/07\/16\/material-tecnico-desafios-e-tendencias-em-navegacao-aerea\/\"},\"wordCount\":59,\"commentCount\":0,\"publisher\":{\"@id\":\"https:\/\/www.institutodeengenharia.org.br\/site\/#organization\"},\"image\":{\"@id\":\"https:\/\/www.institutodeengenharia.org.br\/site\/2024\/07\/16\/material-tecnico-desafios-e-tendencias-em-navegacao-aerea\/#primaryimage\"},\"thumbnailUrl\":\"https:\/\/www.institutodeengenharia.org.br\/site\/wp-content\/uploads\/2024\/05\/Design-sem-nome-2024-05-24T100120.887.jpg\",\"articleSection\":[\"Departamento de Desenvolvimento de Infraestrutura e Log\u00edstica\",\"Divis\u00e3o T\u00e9cnica de Transportes A\u00e9reos\"],\"inLanguage\":\"pt-BR\",\"potentialAction\":[{\"@type\":\"CommentAction\",\"name\":\"Comment\",\"target\":[\"https:\/\/www.institutodeengenharia.org.br\/site\/2024\/07\/16\/material-tecnico-desafios-e-tendencias-em-navegacao-aerea\/#respond\"]}]},{\"@type\":\"WebPage\",\"@id\":\"https:\/\/www.institutodeengenharia.org.br\/site\/2024\/07\/16\/material-tecnico-desafios-e-tendencias-em-navegacao-aerea\/\",\"url\":\"https:\/\/www.institutodeengenharia.org.br\/site\/2024\/07\/16\/material-tecnico-desafios-e-tendencias-em-navegacao-aerea\/\",\"name\":\"MATERIAL T\u00c9CNICO - Desafios e tend\u00eancias em navega\u00e7\u00e3o a\u00e9rea - Instituto de Engenharia\",\"isPartOf\":{\"@id\":\"https:\/\/www.institutodeengenharia.org.br\/site\/#website\"},\"primaryImageOfPage\":{\"@id\":\"https:\/\/www.institutodeengenharia.org.br\/site\/2024\/07\/16\/material-tecnico-desafios-e-tendencias-em-navegacao-aerea\/#primaryimage\"},\"image\":{\"@id\":\"https:\/\/www.institutodeengenharia.org.br\/site\/2024\/07\/16\/material-tecnico-desafios-e-tendencias-em-navegacao-aerea\/#primaryimage\"},\"thumbnailUrl\":\"https:\/\/www.institutodeengenharia.org.br\/site\/wp-content\/uploads\/2024\/05\/Design-sem-nome-2024-05-24T100120.887.jpg\",\"datePublished\":\"2024-07-16T17:34:00+00:00\",\"breadcrumb\":{\"@id\":\"https:\/\/www.institutodeengenharia.org.br\/site\/2024\/07\/16\/material-tecnico-desafios-e-tendencias-em-navegacao-aerea\/#breadcrumb\"},\"inLanguage\":\"pt-BR\",\"potentialAction\":[{\"@type\":\"ReadAction\",\"target\":[\"https:\/\/www.institutodeengenharia.org.br\/site\/2024\/07\/16\/material-tecnico-desafios-e-tendencias-em-navegacao-aerea\/\"]}]},{\"@type\":\"ImageObject\",\"inLanguage\":\"pt-BR\",\"@id\":\"https:\/\/www.institutodeengenharia.org.br\/site\/2024\/07\/16\/material-tecnico-desafios-e-tendencias-em-navegacao-aerea\/#primaryimage\",\"url\":\"https:\/\/www.institutodeengenharia.org.br\/site\/wp-content\/uploads\/2024\/05\/Design-sem-nome-2024-05-24T100120.887.jpg\",\"contentUrl\":\"https:\/\/www.institutodeengenharia.org.br\/site\/wp-content\/uploads\/2024\/05\/Design-sem-nome-2024-05-24T100120.887.jpg\",\"width\":1920,\"height\":1080},{\"@type\":\"BreadcrumbList\",\"@id\":\"https:\/\/www.institutodeengenharia.org.br\/site\/2024\/07\/16\/material-tecnico-desafios-e-tendencias-em-navegacao-aerea\/#breadcrumb\",\"itemListElement\":[{\"@type\":\"ListItem\",\"position\":1,\"name\":\"In\u00edcio\",\"item\":\"https:\/\/www.institutodeengenharia.org.br\/site\/\"},{\"@type\":\"ListItem\",\"position\":2,\"name\":\"MATERIAL T\u00c9CNICO &#8211; Desafios e tend\u00eancias em navega\u00e7\u00e3o a\u00e9rea\"}]},{\"@type\":\"WebSite\",\"@id\":\"https:\/\/www.institutodeengenharia.org.br\/site\/#website\",\"url\":\"https:\/\/www.institutodeengenharia.org.br\/site\/\",\"name\":\"Instituto de Engenharia\",\"description\":\"O Instituto de Engenharia promove a Engenharia em benef\u00edcio do desenvolvimento e da qualidade de vida da sociedade.\",\"publisher\":{\"@id\":\"https:\/\/www.institutodeengenharia.org.br\/site\/#organization\"},\"potentialAction\":[{\"@type\":\"SearchAction\",\"target\":{\"@type\":\"EntryPoint\",\"urlTemplate\":\"https:\/\/www.institutodeengenharia.org.br\/site\/?s={search_term_string}\"},\"query-input\":{\"@type\":\"PropertyValueSpecification\",\"valueRequired\":true,\"valueName\":\"search_term_string\"}}],\"inLanguage\":\"pt-BR\"},{\"@type\":\"Organization\",\"@id\":\"https:\/\/www.institutodeengenharia.org.br\/site\/#organization\",\"name\":\"Instituto de Engenharia\",\"url\":\"https:\/\/www.institutodeengenharia.org.br\/site\/\",\"logo\":{\"@type\":\"ImageObject\",\"inLanguage\":\"pt-BR\",\"@id\":\"https:\/\/www.institutodeengenharia.org.br\/site\/#\/schema\/logo\/image\/\",\"url\":\"https:\/\/www.institutodeengenharia.org.br\/site\/wp-content\/uploads\/2019\/03\/logo-novo-IE2018-1.jpg\",\"contentUrl\":\"https:\/\/www.institutodeengenharia.org.br\/site\/wp-content\/uploads\/2019\/03\/logo-novo-IE2018-1.jpg\",\"width\":1486,\"height\":1879,\"caption\":\"Instituto de Engenharia\"},\"image\":{\"@id\":\"https:\/\/www.institutodeengenharia.org.br\/site\/#\/schema\/logo\/image\/\"},\"sameAs\":[\"https:\/\/www.facebook.com\/institutodeengenharia\",\"https:\/\/x.com\/iengenharia\",\"https:\/\/www.instagram.com\/institutodeengenharia\/\",\"https:\/\/www.linkedin.com\/company\/instituto-de-engenharia\/\",\"https:\/\/www.youtube.com\/channel\/UCXiCAlsSMe977vamW915HxA\"]},{\"@type\":\"Person\",\"@id\":\"https:\/\/www.institutodeengenharia.org.br\/site\/#\/schema\/person\/aeb64951c405e100d26d30b033dd423f\",\"name\":\"Bianca\",\"image\":{\"@type\":\"ImageObject\",\"inLanguage\":\"pt-BR\",\"@id\":\"https:\/\/secure.gravatar.com\/avatar\/a6fbe9bff57405baf4c1e2c5c1811e072b558253974a9f9508f4678900c97c2a?s=96&d=mm&r=g\",\"url\":\"https:\/\/secure.gravatar.com\/avatar\/a6fbe9bff57405baf4c1e2c5c1811e072b558253974a9f9508f4678900c97c2a?s=96&d=mm&r=g\",\"contentUrl\":\"https:\/\/secure.gravatar.com\/avatar\/a6fbe9bff57405baf4c1e2c5c1811e072b558253974a9f9508f4678900c97c2a?s=96&d=mm&r=g\",\"caption\":\"Bianca\"},\"url\":\"https:\/\/www.institutodeengenharia.org.br\/site\/author\/comunicacao1\/\"}]}<\/script>\n<!-- \/ Yoast SEO plugin. -->","yoast_head_json":{"title":"MATERIAL T\u00c9CNICO - Desafios e tend\u00eancias em navega\u00e7\u00e3o a\u00e9rea - Instituto de Engenharia","robots":{"index":"index","follow":"follow","max-snippet":"max-snippet:-1","max-image-preview":"max-image-preview:large","max-video-preview":"max-video-preview:-1"},"canonical":"https:\/\/www.institutodeengenharia.org.br\/site\/2024\/07\/16\/material-tecnico-desafios-e-tendencias-em-navegacao-aerea\/","og_locale":"pt_BR","og_type":"article","og_title":"MATERIAL T\u00c9CNICO - Desafios e tend\u00eancias em navega\u00e7\u00e3o a\u00e9rea - Instituto de Engenharia","og_description":"Clique aqui e confira o material t\u00e9cnico Realiza\u00e7\u00e3o: Eng. Ivan Metran Whately\u00a0\u2013 Vice-presidente de Atividades T\u00e9cnicas Eng. Jean Carlos Pejo\u00a0\u2013 Diretor do Departamento de Desenvolvimento de Infraestrutura e Log\u00edstica Eng. Adalberto Febeliano\u00a0\u2013 Coordenador da Divis\u00e3o T\u00e9cnica de Transportes A\u00e9reos","og_url":"https:\/\/www.institutodeengenharia.org.br\/site\/2024\/07\/16\/material-tecnico-desafios-e-tendencias-em-navegacao-aerea\/","og_site_name":"Instituto de Engenharia","article_publisher":"https:\/\/www.facebook.com\/institutodeengenharia","article_published_time":"2024-07-16T17:34:00+00:00","og_image":[{"width":1920,"height":1080,"url":"https:\/\/www.institutodeengenharia.org.br\/site\/wp-content\/uploads\/2024\/05\/Design-sem-nome-2024-05-24T100120.887.jpg","type":"image\/jpeg"}],"author":"Bianca","twitter_card":"summary_large_image","twitter_creator":"@iengenharia","twitter_site":"@iengenharia","twitter_misc":{"Escrito por":"Bianca","Est. tempo de leitura":"1 minuto"},"schema":{"@context":"https:\/\/schema.org","@graph":[{"@type":"Article","@id":"https:\/\/www.institutodeengenharia.org.br\/site\/2024\/07\/16\/material-tecnico-desafios-e-tendencias-em-navegacao-aerea\/#article","isPartOf":{"@id":"https:\/\/www.institutodeengenharia.org.br\/site\/2024\/07\/16\/material-tecnico-desafios-e-tendencias-em-navegacao-aerea\/"},"author":{"name":"Bianca","@id":"https:\/\/www.institutodeengenharia.org.br\/site\/#\/schema\/person\/aeb64951c405e100d26d30b033dd423f"},"headline":"MATERIAL T\u00c9CNICO &#8211; Desafios e tend\u00eancias em navega\u00e7\u00e3o a\u00e9rea","datePublished":"2024-07-16T17:34:00+00:00","mainEntityOfPage":{"@id":"https:\/\/www.institutodeengenharia.org.br\/site\/2024\/07\/16\/material-tecnico-desafios-e-tendencias-em-navegacao-aerea\/"},"wordCount":59,"commentCount":0,"publisher":{"@id":"https:\/\/www.institutodeengenharia.org.br\/site\/#organization"},"image":{"@id":"https:\/\/www.institutodeengenharia.org.br\/site\/2024\/07\/16\/material-tecnico-desafios-e-tendencias-em-navegacao-aerea\/#primaryimage"},"thumbnailUrl":"https:\/\/www.institutodeengenharia.org.br\/site\/wp-content\/uploads\/2024\/05\/Design-sem-nome-2024-05-24T100120.887.jpg","articleSection":["Departamento de Desenvolvimento de Infraestrutura e Log\u00edstica","Divis\u00e3o T\u00e9cnica de Transportes A\u00e9reos"],"inLanguage":"pt-BR","potentialAction":[{"@type":"CommentAction","name":"Comment","target":["https:\/\/www.institutodeengenharia.org.br\/site\/2024\/07\/16\/material-tecnico-desafios-e-tendencias-em-navegacao-aerea\/#respond"]}]},{"@type":"WebPage","@id":"https:\/\/www.institutodeengenharia.org.br\/site\/2024\/07\/16\/material-tecnico-desafios-e-tendencias-em-navegacao-aerea\/","url":"https:\/\/www.institutodeengenharia.org.br\/site\/2024\/07\/16\/material-tecnico-desafios-e-tendencias-em-navegacao-aerea\/","name":"MATERIAL T\u00c9CNICO - Desafios e tend\u00eancias em navega\u00e7\u00e3o a\u00e9rea - Instituto de Engenharia","isPartOf":{"@id":"https:\/\/www.institutodeengenharia.org.br\/site\/#website"},"primaryImageOfPage":{"@id":"https:\/\/www.institutodeengenharia.org.br\/site\/2024\/07\/16\/material-tecnico-desafios-e-tendencias-em-navegacao-aerea\/#primaryimage"},"image":{"@id":"https:\/\/www.institutodeengenharia.org.br\/site\/2024\/07\/16\/material-tecnico-desafios-e-tendencias-em-navegacao-aerea\/#primaryimage"},"thumbnailUrl":"https:\/\/www.institutodeengenharia.org.br\/site\/wp-content\/uploads\/2024\/05\/Design-sem-nome-2024-05-24T100120.887.jpg","datePublished":"2024-07-16T17:34:00+00:00","breadcrumb":{"@id":"https:\/\/www.institutodeengenharia.org.br\/site\/2024\/07\/16\/material-tecnico-desafios-e-tendencias-em-navegacao-aerea\/#breadcrumb"},"inLanguage":"pt-BR","potentialAction":[{"@type":"ReadAction","target":["https:\/\/www.institutodeengenharia.org.br\/site\/2024\/07\/16\/material-tecnico-desafios-e-tendencias-em-navegacao-aerea\/"]}]},{"@type":"ImageObject","inLanguage":"pt-BR","@id":"https:\/\/www.institutodeengenharia.org.br\/site\/2024\/07\/16\/material-tecnico-desafios-e-tendencias-em-navegacao-aerea\/#primaryimage","url":"https:\/\/www.institutodeengenharia.org.br\/site\/wp-content\/uploads\/2024\/05\/Design-sem-nome-2024-05-24T100120.887.jpg","contentUrl":"https:\/\/www.institutodeengenharia.org.br\/site\/wp-content\/uploads\/2024\/05\/Design-sem-nome-2024-05-24T100120.887.jpg","width":1920,"height":1080},{"@type":"BreadcrumbList","@id":"https:\/\/www.institutodeengenharia.org.br\/site\/2024\/07\/16\/material-tecnico-desafios-e-tendencias-em-navegacao-aerea\/#breadcrumb","itemListElement":[{"@type":"ListItem","position":1,"name":"In\u00edcio","item":"https:\/\/www.institutodeengenharia.org.br\/site\/"},{"@type":"ListItem","position":2,"name":"MATERIAL T\u00c9CNICO &#8211; Desafios e tend\u00eancias em navega\u00e7\u00e3o a\u00e9rea"}]},{"@type":"WebSite","@id":"https:\/\/www.institutodeengenharia.org.br\/site\/#website","url":"https:\/\/www.institutodeengenharia.org.br\/site\/","name":"Instituto de Engenharia","description":"O Instituto de Engenharia promove a Engenharia em benef\u00edcio do desenvolvimento e da qualidade de vida da sociedade.","publisher":{"@id":"https:\/\/www.institutodeengenharia.org.br\/site\/#organization"},"potentialAction":[{"@type":"SearchAction","target":{"@type":"EntryPoint","urlTemplate":"https:\/\/www.institutodeengenharia.org.br\/site\/?s={search_term_string}"},"query-input":{"@type":"PropertyValueSpecification","valueRequired":true,"valueName":"search_term_string"}}],"inLanguage":"pt-BR"},{"@type":"Organization","@id":"https:\/\/www.institutodeengenharia.org.br\/site\/#organization","name":"Instituto de Engenharia","url":"https:\/\/www.institutodeengenharia.org.br\/site\/","logo":{"@type":"ImageObject","inLanguage":"pt-BR","@id":"https:\/\/www.institutodeengenharia.org.br\/site\/#\/schema\/logo\/image\/","url":"https:\/\/www.institutodeengenharia.org.br\/site\/wp-content\/uploads\/2019\/03\/logo-novo-IE2018-1.jpg","contentUrl":"https:\/\/www.institutodeengenharia.org.br\/site\/wp-content\/uploads\/2019\/03\/logo-novo-IE2018-1.jpg","width":1486,"height":1879,"caption":"Instituto de Engenharia"},"image":{"@id":"https:\/\/www.institutodeengenharia.org.br\/site\/#\/schema\/logo\/image\/"},"sameAs":["https:\/\/www.facebook.com\/institutodeengenharia","https:\/\/x.com\/iengenharia","https:\/\/www.instagram.com\/institutodeengenharia\/","https:\/\/www.linkedin.com\/company\/instituto-de-engenharia\/","https:\/\/www.youtube.com\/channel\/UCXiCAlsSMe977vamW915HxA"]},{"@type":"Person","@id":"https:\/\/www.institutodeengenharia.org.br\/site\/#\/schema\/person\/aeb64951c405e100d26d30b033dd423f","name":"Bianca","image":{"@type":"ImageObject","inLanguage":"pt-BR","@id":"https:\/\/secure.gravatar.com\/avatar\/a6fbe9bff57405baf4c1e2c5c1811e072b558253974a9f9508f4678900c97c2a?s=96&d=mm&r=g","url":"https:\/\/secure.gravatar.com\/avatar\/a6fbe9bff57405baf4c1e2c5c1811e072b558253974a9f9508f4678900c97c2a?s=96&d=mm&r=g","contentUrl":"https:\/\/secure.gravatar.com\/avatar\/a6fbe9bff57405baf4c1e2c5c1811e072b558253974a9f9508f4678900c97c2a?s=96&d=mm&r=g","caption":"Bianca"},"url":"https:\/\/www.institutodeengenharia.org.br\/site\/author\/comunicacao1\/"}]}},"_links":{"self":[{"href":"https:\/\/www.institutodeengenharia.org.br\/site\/wp-json\/wp\/v2\/posts\/121934","targetHints":{"allow":["GET"]}}],"collection":[{"href":"https:\/\/www.institutodeengenharia.org.br\/site\/wp-json\/wp\/v2\/posts"}],"about":[{"href":"https:\/\/www.institutodeengenharia.org.br\/site\/wp-json\/wp\/v2\/types\/post"}],"author":[{"embeddable":true,"href":"https:\/\/www.institutodeengenharia.org.br\/site\/wp-json\/wp\/v2\/users\/13"}],"replies":[{"embeddable":true,"href":"https:\/\/www.institutodeengenharia.org.br\/site\/wp-json\/wp\/v2\/comments?post=121934"}],"version-history":[{"count":1,"href":"https:\/\/www.institutodeengenharia.org.br\/site\/wp-json\/wp\/v2\/posts\/121934\/revisions"}],"predecessor-version":[{"id":121936,"href":"https:\/\/www.institutodeengenharia.org.br\/site\/wp-json\/wp\/v2\/posts\/121934\/revisions\/121936"}],"wp:featuredmedia":[{"embeddable":true,"href":"https:\/\/www.institutodeengenharia.org.br\/site\/wp-json\/wp\/v2\/media\/120194"}],"wp:attachment":[{"href":"https:\/\/www.institutodeengenharia.org.br\/site\/wp-json\/wp\/v2\/media?parent=121934"}],"wp:term":[{"taxonomy":"category","embeddable":true,"href":"https:\/\/www.institutodeengenharia.org.br\/site\/wp-json\/wp\/v2\/categories?post=121934"},{"taxonomy":"post_tag","embeddable":true,"href":"https:\/\/www.institutodeengenharia.org.br\/site\/wp-json\/wp\/v2\/tags?post=121934"}],"curies":[{"name":"wp","href":"https:\/\/api.w.org\/{rel}","templated":true}]}}