{"id":121800,"date":"2024-07-10T09:47:31","date_gmt":"2024-07-10T12:47:31","guid":{"rendered":"https:\/\/www.institutodeengenharia.org.br\/site\/?p=121800"},"modified":"2024-07-11T11:49:35","modified_gmt":"2024-07-11T14:49:35","slug":"por-ivan-metran-whately-bim-preferencialmente-assimilado-no-brasil","status":"publish","type":"post","link":"https:\/\/www.institutodeengenharia.org.br\/site\/2024\/07\/10\/por-ivan-metran-whately-bim-preferencialmente-assimilado-no-brasil\/","title":{"rendered":"Por Ivan Metran Whately \u2013 BIM &#8211; Preferencialmente assimilado no Brasil"},"content":{"rendered":"<p>As a\u00e7\u00f5es para\u00a0estimular a dissemina\u00e7\u00e3o da metodologia Building Information Modellin &#8211; BIM atingiram, em nosso Pa\u00eds, diferentes n\u00edveis de assimila\u00e7\u00e3o entre os setores p\u00fablico e privado. Os esfor\u00e7os dos revendedores de software, entidades de ensino, associa\u00e7\u00f5es profissionais e t\u00e9cnicos especialistas conquistaram diversos segmentos de interessados na livre op\u00e7\u00e3o pela ado\u00e7\u00e3o do produto divulgado. O conjunto das iniciativas ainda n\u00e3o conseguiu um nivelamento do conhecimento e deixou a impress\u00e3o de uma maior aceita\u00e7\u00e3o das informa\u00e7\u00f5es pelas empresas privadas de engenharia e arquitetura do que pelos setores de governo.<\/p>\n<p>Al\u00e9m das iniciativas mencionadas de divulga\u00e7\u00e3o do BIM pela sociedade civil, o Poder P\u00fablico tamb\u00e9m demonstrou preocupa\u00e7\u00e3o em divulgar o assunto e, ainda, encaminhou instrumentos legais pertinentes para introduzir a inova\u00e7\u00e3o. No \u00e2mbito do executivo, surgiram decretos para a ado\u00e7\u00e3o do BIM. No Governo Temer, foi publicado o Decreto n\u00ba 9.377\/2018 que disp\u00f5e sobre institui\u00e7\u00e3o da Estrat\u00e9gia Nacional de Dissemina\u00e7\u00e3o do\u00a0BIM. Posteriormente, no Governo Bolsonaro, por meio do Decreto n\u00ba 9.983\/2019, foi lan\u00e7ada a estrat\u00e9gia de dissemina\u00e7\u00e3o do BIM por ocasi\u00e3o da reforma ministerial. Mais recentemente, no Governo Lula da Silva, foram lan\u00e7ados por meio do Decreto n\u00ba 11.888\/2024 a institui\u00e7\u00e3o da Estrat\u00e9gia Nacional de Dissemina\u00e7\u00e3o do BIM e o Comit\u00ea Gestor da Estrat\u00e9gia do BIM.<\/p>\n<p>No \u00e2mbito do legislativo, ocorreu uma iniciativa muito importante que abordou, dentre outras medidas, a ado\u00e7\u00e3o do BIM. Foi aprovada e promulgada a nova lei das Licita\u00e7\u00f5es, ou a Lei n\u00ba 14.133\/2021. Este dispositivo legal, no seu \u00a7 3\u00ba, inciso V do Art. 19, disp\u00f5e que: <em>Nas licita\u00e7\u00f5es de obras e servi\u00e7os de engenharia e arquitetura, sempre que adequada ao objeto da licita\u00e7\u00e3o, ser\u00e1 preferencialmente adotada a Modelagem da Informa\u00e7\u00e3o da Constru\u00e7\u00e3o (Building Information Modelling\u00a0&#8211; BIM) ou tecnologias e processos integrados similares ou mais avan\u00e7ados que venham a substitui-la<\/em>. O objetivo desta inser\u00e7\u00e3o do BIM, na nova Lei das Licita\u00e7\u00f5es, foi promover a ado\u00e7\u00e3o gradativa de tecnologias e processos integrados que permitam a cria\u00e7\u00e3o, a utiliza\u00e7\u00e3o e a atualiza\u00e7\u00e3o de modelos digitais de obras e servi\u00e7os de engenharia.<\/p>\n<p>Entretanto, este par\u00e1grafo da Lei federal n\u00e3o foi categ\u00f3rico ao incluir a palavra \u201cpreferencialmente\u201d na ado\u00e7\u00e3o do BIM. Mesmo sem impor o uso, ela representa um progresso, pois admite a op\u00e7\u00e3o de uso do BIM nas licita\u00e7\u00f5es em nosso pa\u00eds. Outra legisla\u00e7\u00e3o que disp\u00f5e sobre licita\u00e7\u00f5es, a Lei Federal n\u00ba 13.303\/16 que estabelece as normas de licita\u00e7\u00e3o, para as Empresas Estatais, n\u00e3o abarcou o tema BIM. Estas duas legisla\u00e7\u00f5es servem para instituir, no Brasil, as normas gerais de licita\u00e7\u00e3o e contrata\u00e7\u00e3o para as administra\u00e7\u00f5es p\u00fablicas diretas, aut\u00e1rquicas e fundacionais da Uni\u00e3o, dos Estados, do Distrito Federal e dos Munic\u00edpios.<\/p>\n<p>A produ\u00e7\u00e3o de outras normas est\u00e1 em andamento, como uma cartilha do Tribunal de Contas da Uni\u00e3o, que regula BIM, IA e ESG nos projetos e obras do servi\u00e7o p\u00fablico. Tamb\u00e9m, est\u00e1 em andamento, por meio de uma Frente Parlamentar, um Projeto de Lei, visando a transforma\u00e7\u00e3o digital.<\/p>\n<p>Muitas iniciativas foram lan\u00e7adas e, ainda, est\u00e3o em andamento, mas at\u00e9 agora n\u00e3o h\u00e1 uma legisla\u00e7\u00e3o que de maneira assertiva oriente os \u00f3rg\u00e3os p\u00fablicos na assimila\u00e7\u00e3o. Elas est\u00e3o restritas ao \u201cpreferencialmente\u201d na aplica\u00e7\u00e3o do BIM.<\/p>\n<p>Paradoxalmente, a iniciativa privada n\u00e3o precisou de todos estes dispositivos legais para desenvolver suas atividades, a menos que seja na presta\u00e7\u00e3o de servi\u00e7os de engenharia ou arquitetura aos \u00f3rg\u00e3os p\u00fablicos. Mesmo assim, sem nenhuma necessidade de obedi\u00eancia. A ado\u00e7\u00e3o do BIM pelas empresas privadas n\u00e3o decorre da imposi\u00e7\u00e3o de qualquer legisla\u00e7\u00e3o, mas das conveni\u00eancias oferecidas por esta tecnologia digital. Os empres\u00e1rios perceberam que apesar do projeto ficar mais caro, em torno de 20%, as demais etapas do empreendimento resultaram em economia, elimina\u00e7\u00e3o das interfer\u00eancias, precis\u00e3o do or\u00e7amento, planejamento da obra, redu\u00e7\u00e3o do tempo de execu\u00e7\u00e3o, as built, acompanhamento da opera\u00e7\u00e3o e manuten\u00e7\u00e3o do empreendimento. Descobriram in\u00fameros m\u00e9ritos que se iniciam no levantamento de necessidades da obra e acompanham todos os ciclos de vida do empreendimento.<\/p>\n<p>Em termos hist\u00f3ricos, observa-se que na introdu\u00e7\u00e3o do CAD, tamb\u00e9m houve algumas resist\u00eancias tanto no setor privado quanto p\u00fablico. Mas, os \u00f3bices foram rapidamente superados e absorvidos, mesmo naquelas situa\u00e7\u00f5es que impuseram reciclagens de profissionais e de equipamento de escrit\u00f3rio. A introdu\u00e7\u00e3o das tecnologias digitais da \u00e9poca nas atividades dos dois setores da economia foi traum\u00e1tica, mas n\u00e3o exp\u00f4s desequil\u00edbrio de assimila\u00e7\u00e3o entre eles na implementa\u00e7\u00e3o da inova\u00e7\u00e3o.<\/p>\n<p>H\u00e1 cerca de 30 anos, lembro-me bem do momento da transi\u00e7\u00e3o em que foram substitu\u00eddas as pranchetas pelos computadores nos escrit\u00f3rios de engenharia e arquitetura. A transforma\u00e7\u00e3o digital ocorreu bem r\u00e1pido e em n\u00edveis equilibrados nas \u00e1reas p\u00fablica e privada. Algumas profiss\u00f5es sofreram transforma\u00e7\u00f5es e algumas at\u00e9 foram extintas, como por exemplo: projetistas, desenhistas e copistas. Houve trauma, mas a transi\u00e7\u00e3o digital foi absorvida. N\u00e3o houve necessidade ou imposi\u00e7\u00e3o de novas leis, decretos ou regulamenta\u00e7\u00f5es para a transi\u00e7\u00e3o. Mesmo a Lei n\u00ba 8.666\/1993 que surgiu nesta \u00e9poca e estabelecia as normas das licita\u00e7\u00f5es n\u00e3o precisou ser atualizada, tampouco os conceitos de Estudo Preliminar, Projeto B\u00e1sico e Executivo foram redefinidos.<\/p>\n<p>Mais recentemente, h\u00e1 cerca de 10 anos, presenciei uma nova transi\u00e7\u00e3o t\u00e9cnica em visita a uma obra da Linha 05 \u2013 Lil\u00e1s, da Cia. do Metr\u00f4-SP. Lembro-me de ter deparado, com grande admira\u00e7\u00e3o, que a construtora contratada para a execu\u00e7\u00e3o da vala de uma esta\u00e7\u00e3o usava o BIM no planejamento das obras. Fui informado que n\u00e3o se tratava de exig\u00eancia contratual, era uma estrat\u00e9gia adotada pela construtora, visando a organiza\u00e7\u00e3o do canteiro e melhor efici\u00eancia na execu\u00e7\u00e3o da obra. Na ocasi\u00e3o, eu tinha pouqu\u00edssimas informa\u00e7\u00f5es sobre BIM, mas reconheci o desenho do modelo 3D da vala, exposto numa sala do canteiro de obra. E o mais not\u00e1vel, as vantagens de utiliza\u00e7\u00e3o do processo, em que os engenheiros fiscais desta construtora privada acompanhavam os servi\u00e7os com tablets, na aplica\u00e7\u00e3o de planejamento 4D, em que colaboravam atividades simult\u00e2neas de programa\u00e7\u00e3o da execu\u00e7\u00e3o. O cronograma estava inserido no processo, amarrado \u00e0 localiza\u00e7\u00e3o e programa\u00e7\u00e3o das m\u00e1quinas de escava\u00e7\u00e3o e carregamento de material do solo, movimenta\u00e7\u00e3o e carregamento dos caminh\u00f5es que levavam o material para destina\u00e7\u00e3o final, com todos os hor\u00e1rios e demais servi\u00e7os complementares do canteiro de obras. Ficou muito marcada, em minha lembran\u00e7a, esta desenvoltura do empreiteiro que buscou no BIM uma maneira de organizar a presta\u00e7\u00e3o dos servi\u00e7os com economia, seguran\u00e7a e rapidez na execu\u00e7\u00e3o de uma obra de grande vulto.<\/p>\n<p>Outra constata\u00e7\u00e3o marcante, foi h\u00e1 menos tempo, em torno de 6 anos no Instituto de Engenharia, quando eram realizados treinamentos e palestras abordando o tema or\u00e7amento de obra, por meio do BIM. Eram engenheiros, arquitetos e estudantes que buscavam o conhecimento para ser aplicado em projetos, em que os quantitativos e custos de empreendimentos, principalmente imobili\u00e1rios, eram levantados rapidamente e com precis\u00e3o de centavos. Houve, tamb\u00e9m na mesma \u00e9poca, demanda por treinamento de BIM em infraestruturas e, at\u00e9, foi instalada uma \u201csala BIM\u201d com hard e software. Outros exemplos eram divulgados e podem ser lembrados, como treinamento de processos colaborativos na detec\u00e7\u00e3o de interfer\u00eancias entre diferentes modalidades de projeto. Tudo isso foi objeto de interesse, bem como de exposi\u00e7\u00e3o de alternativas de software existentes no mercado que contribu\u00edram para explicar a motiva\u00e7\u00e3o e atra\u00e7\u00e3o do setor privado na ado\u00e7\u00e3o do processo BIM.<\/p>\n<p>Do exposto, o coment\u00e1rio que me vem de plano \u00e9 que a iniciativa privada encontrou as vantagens na pr\u00e1tica. Adotou o BIM e obteve resultados satisfat\u00f3rios, principalmente as imobili\u00e1rias. Evidentemente, muitos \u00f3rg\u00e3os p\u00fablicos n\u00e3o encontraram a mesma motiva\u00e7\u00e3o comercial e n\u00e3o se sentem compelidos a adotar \u201cpreferencialmente\u201d a tecnologia preconizada como op\u00e7\u00e3o nas leis e decretos publicados e se engajar neste processo.<\/p>\n<p>Independentemente de qualquer imposi\u00e7\u00e3o legal, algumas entidades da administra\u00e7\u00e3o direta, aut\u00e1rquica e empresas p\u00fablicas buscaram introduzir o BIM no \u00e2mbito das suas corpora\u00e7\u00f5es. Para isso, passaram por treinamentos internos visando a dissemina\u00e7\u00e3o do conhecimento e nivelamento dos t\u00e9cnicos que atuam em todos os n\u00edveis da administra\u00e7\u00e3o. Para a maioria, n\u00e3o houve grandes transforma\u00e7\u00f5es nas rotinas e a pr\u00e1tica n\u00e3o se aprofundou no ceio destas entidades. Salvo raras exce\u00e7\u00f5es, como na da Secretaria Municipal da Habita\u00e7\u00e3o do munic\u00edpio de S\u00e3o Paulo \u2013 SEHAB, este \u00f3rg\u00e3o p\u00fablico utiliza BIM desde 2020 em projetos de conjuntos habitacionais e opera\u00e7\u00e3o urbana. Aplica desde a fase de projeto at\u00e9 a de manuten\u00e7\u00e3o e est\u00e1 bem integrada \u00e0 inova\u00e7\u00e3o. Sem imposi\u00e7\u00e3o de qualquer lei, aplica o BIM com sucesso.<\/p>\n<p>S\u00e3o profundas as inova\u00e7\u00f5es introduzidas pelo BIM na engenharia, arquitetura e execu\u00e7\u00e3o de obras, sendo bastante inquietantes as transforma\u00e7\u00f5es ocorridas nos \u00faltimos 10 anos que representam um verdadeiro divisor de \u00e1guas no meio t\u00e9cnico. Todos precisam assimilar as novas tecnologias digitais. O Governo d\u00e1 sinais de que percebeu a necessidade de engajamento na transforma\u00e7\u00e3o e as suas a\u00e7\u00f5es buscam a otimiza\u00e7\u00e3o dos esfor\u00e7os e iniciativas, unindo as lideran\u00e7as para que suas a\u00e7\u00f5es sejam democr\u00e1ticas, ison\u00f4micas e possuam a necess\u00e1ria representatividade de todos os interessados. Persistem as a\u00e7\u00f5es de articula\u00e7\u00e3o entre as entidades, produ\u00e7\u00e3o de conte\u00fado, programas de capacita\u00e7\u00e3o e educa\u00e7\u00e3o, entre outras a\u00e7\u00f5es. O cen\u00e1rio t\u00e9cnico mostra esfor\u00e7os na dissemina\u00e7\u00e3o da metodologia e na dissemina\u00e7\u00e3o do BIM.<\/p>\n<p>Embora, ainda, existam engenheiros e arquitetos que desconhecem totalmente o BIM, constata-se uma inser\u00e7\u00e3o exitosa de um significativo n\u00famero de interessados do setor privado, motivados t\u00e3o-somente pelas conveni\u00eancias deste processo que n\u00e3o s\u00e3o vistas com a mesma \u00f3tica pelo setor p\u00fablico. Os esfor\u00e7os na dissemina\u00e7\u00e3o da metodologia precisam continuar, mas possivelmente o crescimento das ades\u00f5es, por parte das entidades de governo, ainda necessite de uma legisla\u00e7\u00e3o assertiva ou impositiva.<\/p>\n<p>________________________________________________________________________<\/p>\n<p><img loading=\"lazy\" decoding=\"async\" class=\"alignnone wp-image-37543 td-animation-stack-type0-2\" src=\"https:\/\/www.institutodeengenharia.org.br\/site\/wp-content\/uploads\/2018\/08\/WhatsApp-Image-2018-08-29-at-14.42.54.jpeg\" sizes=\"auto, (max-width: 145px) 100vw, 145px\" srcset=\"https:\/\/www.institutodeengenharia.org.br\/site\/wp-content\/uploads\/2018\/08\/WhatsApp-Image-2018-08-29-at-14.42.54.jpeg 741w, https:\/\/www.institutodeengenharia.org.br\/site\/wp-content\/uploads\/2018\/08\/WhatsApp-Image-2018-08-29-at-14.42.54-233x300.jpeg 233w, https:\/\/www.institutodeengenharia.org.br\/site\/wp-content\/uploads\/2018\/08\/WhatsApp-Image-2018-08-29-at-14.42.54-696x897.jpeg 696w, https:\/\/www.institutodeengenharia.org.br\/site\/wp-content\/uploads\/2018\/08\/WhatsApp-Image-2018-08-29-at-14.42.54-326x420.jpeg 326w\" alt=\"\" width=\"145\" height=\"187\" \/><\/p>\n<p><strong>Ivan M. Whately<\/strong><\/p>\n<p>Engenheiro Civil e arquiteto, com especializa\u00e7\u00e3o em Planejamento de Transporte. Atualmente, \u00e9 vice-presidente de Atividades T\u00e9cnicas do Instituto de Engenharia.<\/p>\n<div class=\"td-pb-span8 td-main-content\" role=\"main\">\n<div class=\"td-ss-main-content\">\n<article id=\"post-109075\" class=\"post-109075 post type-post status-publish format-standard has-post-thumbnail category-articulistas category-ivan-metran-whately\">\n<div class=\"td-post-content tagdiv-type\">\n<p>*<em>Os artigos publicados com assinatura, n\u00e3o traduzem necessariamente a opini\u00e3o do Instituto de Engenharia. Sua publica\u00e7\u00e3o obedece ao prop\u00f3sito de estimular o debate dos problemas brasileiros e de refletir as diversas tend\u00eancias do pensamento contempor\u00e2neo<\/em><\/p>\n<div class=\"td-a-rec td-a-rec-id-content_bottom tdi_61 td_block_template_1\"><\/div>\n<\/div>\n<footer>\n<div class=\"td-post-source-tags\"><\/div>\n<\/footer>\n<\/article>\n<div class=\"clearfix\"><\/div>\n<\/div>\n<\/div>\n<div class=\"td-pb-span4 td-main-sidebar\" role=\"complementary\">\n<div class=\"td-ss-main-sidebar\">\n<div class=\"clearfix\"><\/div>\n<div class=\"td_block_wrap td_block_7 td_block_widget tdi_62 td_with_ajax_pagination td-pb-border-top td_block_template_1 td-column-1 td_block_padding\" data-td-block-uid=\"tdi_62\">\n<div class=\"td-block-title-wrap\"><\/div>\n<\/div>\n<\/div>\n<\/div>\n","protected":false},"excerpt":{"rendered":"<p>As a\u00e7\u00f5es para\u00a0estimular a dissemina\u00e7\u00e3o da metodologia Building Information Modellin &#8211; BIM atingiram, em nosso Pa\u00eds, diferentes n\u00edveis de assimila\u00e7\u00e3o entre os setores p\u00fablico e privado. Os esfor\u00e7os dos revendedores de software, entidades de ensino, associa\u00e7\u00f5es profissionais e t\u00e9cnicos especialistas conquistaram diversos segmentos de interessados na livre op\u00e7\u00e3o pela ado\u00e7\u00e3o do produto divulgado. O conjunto [&hellip;]<\/p>\n","protected":false},"author":13,"featured_media":121839,"comment_status":"open","ping_status":"open","sticky":false,"template":"","format":"standard","meta":{"footnotes":""},"categories":[11,961],"tags":[],"class_list":{"0":"post-121800","1":"post","2":"type-post","3":"status-publish","4":"format-standard","5":"has-post-thumbnail","7":"category-articulistas","8":"category-ivan-metran-whately"},"yoast_head":"<!-- This site is optimized with the Yoast SEO plugin v27.2 - https:\/\/yoast.com\/product\/yoast-seo-wordpress\/ -->\n<title>Por Ivan Metran Whately \u2013 BIM - Preferencialmente assimilado no Brasil - Instituto de Engenharia<\/title>\n<meta name=\"robots\" content=\"index, follow, max-snippet:-1, max-image-preview:large, max-video-preview:-1\" \/>\n<link rel=\"canonical\" href=\"https:\/\/www.institutodeengenharia.org.br\/site\/2024\/07\/10\/por-ivan-metran-whately-bim-preferencialmente-assimilado-no-brasil\/\" \/>\n<meta property=\"og:locale\" content=\"pt_BR\" \/>\n<meta property=\"og:type\" content=\"article\" \/>\n<meta property=\"og:title\" content=\"Por Ivan Metran Whately \u2013 BIM - Preferencialmente assimilado no Brasil - Instituto de Engenharia\" \/>\n<meta property=\"og:description\" content=\"As a\u00e7\u00f5es para\u00a0estimular a dissemina\u00e7\u00e3o da metodologia Building Information Modellin &#8211; BIM atingiram, em nosso Pa\u00eds, diferentes n\u00edveis de assimila\u00e7\u00e3o entre os setores p\u00fablico e privado. Os esfor\u00e7os dos revendedores de software, entidades de ensino, associa\u00e7\u00f5es profissionais e t\u00e9cnicos especialistas conquistaram diversos segmentos de interessados na livre op\u00e7\u00e3o pela ado\u00e7\u00e3o do produto divulgado. O conjunto [&hellip;]\" \/>\n<meta property=\"og:url\" content=\"https:\/\/www.institutodeengenharia.org.br\/site\/2024\/07\/10\/por-ivan-metran-whately-bim-preferencialmente-assimilado-no-brasil\/\" \/>\n<meta property=\"og:site_name\" content=\"Instituto de Engenharia\" \/>\n<meta property=\"article:publisher\" content=\"https:\/\/www.facebook.com\/institutodeengenharia\" \/>\n<meta property=\"article:published_time\" content=\"2024-07-10T12:47:31+00:00\" \/>\n<meta property=\"article:modified_time\" content=\"2024-07-11T14:49:35+00:00\" \/>\n<meta property=\"og:image\" content=\"https:\/\/www.institutodeengenharia.org.br\/site\/wp-content\/uploads\/2024\/07\/fotoivanbim.png\" \/>\n\t<meta property=\"og:image:width\" content=\"851\" \/>\n\t<meta property=\"og:image:height\" content=\"799\" \/>\n\t<meta property=\"og:image:type\" content=\"image\/png\" \/>\n<meta name=\"author\" content=\"Bianca\" \/>\n<meta name=\"twitter:card\" content=\"summary_large_image\" \/>\n<meta name=\"twitter:creator\" content=\"@iengenharia\" \/>\n<meta name=\"twitter:site\" content=\"@iengenharia\" \/>\n<meta name=\"twitter:label1\" content=\"Escrito por\" \/>\n\t<meta name=\"twitter:data1\" content=\"Bianca\" \/>\n\t<meta name=\"twitter:label2\" content=\"Est. tempo de leitura\" \/>\n\t<meta name=\"twitter:data2\" content=\"10 minutos\" \/>\n<script type=\"application\/ld+json\" class=\"yoast-schema-graph\">{\"@context\":\"https:\/\/schema.org\",\"@graph\":[{\"@type\":\"Article\",\"@id\":\"https:\/\/www.institutodeengenharia.org.br\/site\/2024\/07\/10\/por-ivan-metran-whately-bim-preferencialmente-assimilado-no-brasil\/#article\",\"isPartOf\":{\"@id\":\"https:\/\/www.institutodeengenharia.org.br\/site\/2024\/07\/10\/por-ivan-metran-whately-bim-preferencialmente-assimilado-no-brasil\/\"},\"author\":{\"name\":\"Bianca\",\"@id\":\"https:\/\/www.institutodeengenharia.org.br\/site\/#\/schema\/person\/aeb64951c405e100d26d30b033dd423f\"},\"headline\":\"Por Ivan Metran Whately \u2013 BIM &#8211; Preferencialmente assimilado no Brasil\",\"datePublished\":\"2024-07-10T12:47:31+00:00\",\"dateModified\":\"2024-07-11T14:49:35+00:00\",\"mainEntityOfPage\":{\"@id\":\"https:\/\/www.institutodeengenharia.org.br\/site\/2024\/07\/10\/por-ivan-metran-whately-bim-preferencialmente-assimilado-no-brasil\/\"},\"wordCount\":1864,\"commentCount\":0,\"publisher\":{\"@id\":\"https:\/\/www.institutodeengenharia.org.br\/site\/#organization\"},\"image\":{\"@id\":\"https:\/\/www.institutodeengenharia.org.br\/site\/2024\/07\/10\/por-ivan-metran-whately-bim-preferencialmente-assimilado-no-brasil\/#primaryimage\"},\"thumbnailUrl\":\"https:\/\/www.institutodeengenharia.org.br\/site\/wp-content\/uploads\/2024\/07\/fotoivanbim.png\",\"articleSection\":[\"Articulistas\",\"Ivan Metran Whately\"],\"inLanguage\":\"pt-BR\",\"potentialAction\":[{\"@type\":\"CommentAction\",\"name\":\"Comment\",\"target\":[\"https:\/\/www.institutodeengenharia.org.br\/site\/2024\/07\/10\/por-ivan-metran-whately-bim-preferencialmente-assimilado-no-brasil\/#respond\"]}]},{\"@type\":\"WebPage\",\"@id\":\"https:\/\/www.institutodeengenharia.org.br\/site\/2024\/07\/10\/por-ivan-metran-whately-bim-preferencialmente-assimilado-no-brasil\/\",\"url\":\"https:\/\/www.institutodeengenharia.org.br\/site\/2024\/07\/10\/por-ivan-metran-whately-bim-preferencialmente-assimilado-no-brasil\/\",\"name\":\"Por Ivan Metran Whately \u2013 BIM - Preferencialmente assimilado no Brasil - Instituto de Engenharia\",\"isPartOf\":{\"@id\":\"https:\/\/www.institutodeengenharia.org.br\/site\/#website\"},\"primaryImageOfPage\":{\"@id\":\"https:\/\/www.institutodeengenharia.org.br\/site\/2024\/07\/10\/por-ivan-metran-whately-bim-preferencialmente-assimilado-no-brasil\/#primaryimage\"},\"image\":{\"@id\":\"https:\/\/www.institutodeengenharia.org.br\/site\/2024\/07\/10\/por-ivan-metran-whately-bim-preferencialmente-assimilado-no-brasil\/#primaryimage\"},\"thumbnailUrl\":\"https:\/\/www.institutodeengenharia.org.br\/site\/wp-content\/uploads\/2024\/07\/fotoivanbim.png\",\"datePublished\":\"2024-07-10T12:47:31+00:00\",\"dateModified\":\"2024-07-11T14:49:35+00:00\",\"breadcrumb\":{\"@id\":\"https:\/\/www.institutodeengenharia.org.br\/site\/2024\/07\/10\/por-ivan-metran-whately-bim-preferencialmente-assimilado-no-brasil\/#breadcrumb\"},\"inLanguage\":\"pt-BR\",\"potentialAction\":[{\"@type\":\"ReadAction\",\"target\":[\"https:\/\/www.institutodeengenharia.org.br\/site\/2024\/07\/10\/por-ivan-metran-whately-bim-preferencialmente-assimilado-no-brasil\/\"]}]},{\"@type\":\"ImageObject\",\"inLanguage\":\"pt-BR\",\"@id\":\"https:\/\/www.institutodeengenharia.org.br\/site\/2024\/07\/10\/por-ivan-metran-whately-bim-preferencialmente-assimilado-no-brasil\/#primaryimage\",\"url\":\"https:\/\/www.institutodeengenharia.org.br\/site\/wp-content\/uploads\/2024\/07\/fotoivanbim.png\",\"contentUrl\":\"https:\/\/www.institutodeengenharia.org.br\/site\/wp-content\/uploads\/2024\/07\/fotoivanbim.png\",\"width\":851,\"height\":799},{\"@type\":\"BreadcrumbList\",\"@id\":\"https:\/\/www.institutodeengenharia.org.br\/site\/2024\/07\/10\/por-ivan-metran-whately-bim-preferencialmente-assimilado-no-brasil\/#breadcrumb\",\"itemListElement\":[{\"@type\":\"ListItem\",\"position\":1,\"name\":\"In\u00edcio\",\"item\":\"https:\/\/www.institutodeengenharia.org.br\/site\/\"},{\"@type\":\"ListItem\",\"position\":2,\"name\":\"Por Ivan Metran Whately \u2013 BIM &#8211; Preferencialmente assimilado no Brasil\"}]},{\"@type\":\"WebSite\",\"@id\":\"https:\/\/www.institutodeengenharia.org.br\/site\/#website\",\"url\":\"https:\/\/www.institutodeengenharia.org.br\/site\/\",\"name\":\"Instituto de Engenharia\",\"description\":\"O Instituto de Engenharia promove a Engenharia em benef\u00edcio do desenvolvimento e da qualidade de vida da sociedade.\",\"publisher\":{\"@id\":\"https:\/\/www.institutodeengenharia.org.br\/site\/#organization\"},\"potentialAction\":[{\"@type\":\"SearchAction\",\"target\":{\"@type\":\"EntryPoint\",\"urlTemplate\":\"https:\/\/www.institutodeengenharia.org.br\/site\/?s={search_term_string}\"},\"query-input\":{\"@type\":\"PropertyValueSpecification\",\"valueRequired\":true,\"valueName\":\"search_term_string\"}}],\"inLanguage\":\"pt-BR\"},{\"@type\":\"Organization\",\"@id\":\"https:\/\/www.institutodeengenharia.org.br\/site\/#organization\",\"name\":\"Instituto de Engenharia\",\"url\":\"https:\/\/www.institutodeengenharia.org.br\/site\/\",\"logo\":{\"@type\":\"ImageObject\",\"inLanguage\":\"pt-BR\",\"@id\":\"https:\/\/www.institutodeengenharia.org.br\/site\/#\/schema\/logo\/image\/\",\"url\":\"https:\/\/www.institutodeengenharia.org.br\/site\/wp-content\/uploads\/2019\/03\/logo-novo-IE2018-1.jpg\",\"contentUrl\":\"https:\/\/www.institutodeengenharia.org.br\/site\/wp-content\/uploads\/2019\/03\/logo-novo-IE2018-1.jpg\",\"width\":1486,\"height\":1879,\"caption\":\"Instituto de Engenharia\"},\"image\":{\"@id\":\"https:\/\/www.institutodeengenharia.org.br\/site\/#\/schema\/logo\/image\/\"},\"sameAs\":[\"https:\/\/www.facebook.com\/institutodeengenharia\",\"https:\/\/x.com\/iengenharia\",\"https:\/\/www.instagram.com\/institutodeengenharia\/\",\"https:\/\/www.linkedin.com\/company\/instituto-de-engenharia\/\",\"https:\/\/www.youtube.com\/channel\/UCXiCAlsSMe977vamW915HxA\"]},{\"@type\":\"Person\",\"@id\":\"https:\/\/www.institutodeengenharia.org.br\/site\/#\/schema\/person\/aeb64951c405e100d26d30b033dd423f\",\"name\":\"Bianca\",\"image\":{\"@type\":\"ImageObject\",\"inLanguage\":\"pt-BR\",\"@id\":\"https:\/\/secure.gravatar.com\/avatar\/a6fbe9bff57405baf4c1e2c5c1811e072b558253974a9f9508f4678900c97c2a?s=96&d=mm&r=g\",\"url\":\"https:\/\/secure.gravatar.com\/avatar\/a6fbe9bff57405baf4c1e2c5c1811e072b558253974a9f9508f4678900c97c2a?s=96&d=mm&r=g\",\"contentUrl\":\"https:\/\/secure.gravatar.com\/avatar\/a6fbe9bff57405baf4c1e2c5c1811e072b558253974a9f9508f4678900c97c2a?s=96&d=mm&r=g\",\"caption\":\"Bianca\"},\"url\":\"https:\/\/www.institutodeengenharia.org.br\/site\/author\/comunicacao1\/\"}]}<\/script>\n<!-- \/ Yoast SEO plugin. -->","yoast_head_json":{"title":"Por Ivan Metran Whately \u2013 BIM - Preferencialmente assimilado no Brasil - Instituto de Engenharia","robots":{"index":"index","follow":"follow","max-snippet":"max-snippet:-1","max-image-preview":"max-image-preview:large","max-video-preview":"max-video-preview:-1"},"canonical":"https:\/\/www.institutodeengenharia.org.br\/site\/2024\/07\/10\/por-ivan-metran-whately-bim-preferencialmente-assimilado-no-brasil\/","og_locale":"pt_BR","og_type":"article","og_title":"Por Ivan Metran Whately \u2013 BIM - Preferencialmente assimilado no Brasil - Instituto de Engenharia","og_description":"As a\u00e7\u00f5es para\u00a0estimular a dissemina\u00e7\u00e3o da metodologia Building Information Modellin &#8211; BIM atingiram, em nosso Pa\u00eds, diferentes n\u00edveis de assimila\u00e7\u00e3o entre os setores p\u00fablico e privado. Os esfor\u00e7os dos revendedores de software, entidades de ensino, associa\u00e7\u00f5es profissionais e t\u00e9cnicos especialistas conquistaram diversos segmentos de interessados na livre op\u00e7\u00e3o pela ado\u00e7\u00e3o do produto divulgado. O conjunto [&hellip;]","og_url":"https:\/\/www.institutodeengenharia.org.br\/site\/2024\/07\/10\/por-ivan-metran-whately-bim-preferencialmente-assimilado-no-brasil\/","og_site_name":"Instituto de Engenharia","article_publisher":"https:\/\/www.facebook.com\/institutodeengenharia","article_published_time":"2024-07-10T12:47:31+00:00","article_modified_time":"2024-07-11T14:49:35+00:00","og_image":[{"width":851,"height":799,"url":"https:\/\/www.institutodeengenharia.org.br\/site\/wp-content\/uploads\/2024\/07\/fotoivanbim.png","type":"image\/png"}],"author":"Bianca","twitter_card":"summary_large_image","twitter_creator":"@iengenharia","twitter_site":"@iengenharia","twitter_misc":{"Escrito por":"Bianca","Est. tempo de leitura":"10 minutos"},"schema":{"@context":"https:\/\/schema.org","@graph":[{"@type":"Article","@id":"https:\/\/www.institutodeengenharia.org.br\/site\/2024\/07\/10\/por-ivan-metran-whately-bim-preferencialmente-assimilado-no-brasil\/#article","isPartOf":{"@id":"https:\/\/www.institutodeengenharia.org.br\/site\/2024\/07\/10\/por-ivan-metran-whately-bim-preferencialmente-assimilado-no-brasil\/"},"author":{"name":"Bianca","@id":"https:\/\/www.institutodeengenharia.org.br\/site\/#\/schema\/person\/aeb64951c405e100d26d30b033dd423f"},"headline":"Por Ivan Metran Whately \u2013 BIM &#8211; Preferencialmente assimilado no Brasil","datePublished":"2024-07-10T12:47:31+00:00","dateModified":"2024-07-11T14:49:35+00:00","mainEntityOfPage":{"@id":"https:\/\/www.institutodeengenharia.org.br\/site\/2024\/07\/10\/por-ivan-metran-whately-bim-preferencialmente-assimilado-no-brasil\/"},"wordCount":1864,"commentCount":0,"publisher":{"@id":"https:\/\/www.institutodeengenharia.org.br\/site\/#organization"},"image":{"@id":"https:\/\/www.institutodeengenharia.org.br\/site\/2024\/07\/10\/por-ivan-metran-whately-bim-preferencialmente-assimilado-no-brasil\/#primaryimage"},"thumbnailUrl":"https:\/\/www.institutodeengenharia.org.br\/site\/wp-content\/uploads\/2024\/07\/fotoivanbim.png","articleSection":["Articulistas","Ivan Metran Whately"],"inLanguage":"pt-BR","potentialAction":[{"@type":"CommentAction","name":"Comment","target":["https:\/\/www.institutodeengenharia.org.br\/site\/2024\/07\/10\/por-ivan-metran-whately-bim-preferencialmente-assimilado-no-brasil\/#respond"]}]},{"@type":"WebPage","@id":"https:\/\/www.institutodeengenharia.org.br\/site\/2024\/07\/10\/por-ivan-metran-whately-bim-preferencialmente-assimilado-no-brasil\/","url":"https:\/\/www.institutodeengenharia.org.br\/site\/2024\/07\/10\/por-ivan-metran-whately-bim-preferencialmente-assimilado-no-brasil\/","name":"Por Ivan Metran Whately \u2013 BIM - Preferencialmente assimilado no Brasil - Instituto de Engenharia","isPartOf":{"@id":"https:\/\/www.institutodeengenharia.org.br\/site\/#website"},"primaryImageOfPage":{"@id":"https:\/\/www.institutodeengenharia.org.br\/site\/2024\/07\/10\/por-ivan-metran-whately-bim-preferencialmente-assimilado-no-brasil\/#primaryimage"},"image":{"@id":"https:\/\/www.institutodeengenharia.org.br\/site\/2024\/07\/10\/por-ivan-metran-whately-bim-preferencialmente-assimilado-no-brasil\/#primaryimage"},"thumbnailUrl":"https:\/\/www.institutodeengenharia.org.br\/site\/wp-content\/uploads\/2024\/07\/fotoivanbim.png","datePublished":"2024-07-10T12:47:31+00:00","dateModified":"2024-07-11T14:49:35+00:00","breadcrumb":{"@id":"https:\/\/www.institutodeengenharia.org.br\/site\/2024\/07\/10\/por-ivan-metran-whately-bim-preferencialmente-assimilado-no-brasil\/#breadcrumb"},"inLanguage":"pt-BR","potentialAction":[{"@type":"ReadAction","target":["https:\/\/www.institutodeengenharia.org.br\/site\/2024\/07\/10\/por-ivan-metran-whately-bim-preferencialmente-assimilado-no-brasil\/"]}]},{"@type":"ImageObject","inLanguage":"pt-BR","@id":"https:\/\/www.institutodeengenharia.org.br\/site\/2024\/07\/10\/por-ivan-metran-whately-bim-preferencialmente-assimilado-no-brasil\/#primaryimage","url":"https:\/\/www.institutodeengenharia.org.br\/site\/wp-content\/uploads\/2024\/07\/fotoivanbim.png","contentUrl":"https:\/\/www.institutodeengenharia.org.br\/site\/wp-content\/uploads\/2024\/07\/fotoivanbim.png","width":851,"height":799},{"@type":"BreadcrumbList","@id":"https:\/\/www.institutodeengenharia.org.br\/site\/2024\/07\/10\/por-ivan-metran-whately-bim-preferencialmente-assimilado-no-brasil\/#breadcrumb","itemListElement":[{"@type":"ListItem","position":1,"name":"In\u00edcio","item":"https:\/\/www.institutodeengenharia.org.br\/site\/"},{"@type":"ListItem","position":2,"name":"Por Ivan Metran Whately \u2013 BIM &#8211; Preferencialmente assimilado no Brasil"}]},{"@type":"WebSite","@id":"https:\/\/www.institutodeengenharia.org.br\/site\/#website","url":"https:\/\/www.institutodeengenharia.org.br\/site\/","name":"Instituto de Engenharia","description":"O Instituto de Engenharia promove a Engenharia em benef\u00edcio do desenvolvimento e da qualidade de vida da sociedade.","publisher":{"@id":"https:\/\/www.institutodeengenharia.org.br\/site\/#organization"},"potentialAction":[{"@type":"SearchAction","target":{"@type":"EntryPoint","urlTemplate":"https:\/\/www.institutodeengenharia.org.br\/site\/?s={search_term_string}"},"query-input":{"@type":"PropertyValueSpecification","valueRequired":true,"valueName":"search_term_string"}}],"inLanguage":"pt-BR"},{"@type":"Organization","@id":"https:\/\/www.institutodeengenharia.org.br\/site\/#organization","name":"Instituto de Engenharia","url":"https:\/\/www.institutodeengenharia.org.br\/site\/","logo":{"@type":"ImageObject","inLanguage":"pt-BR","@id":"https:\/\/www.institutodeengenharia.org.br\/site\/#\/schema\/logo\/image\/","url":"https:\/\/www.institutodeengenharia.org.br\/site\/wp-content\/uploads\/2019\/03\/logo-novo-IE2018-1.jpg","contentUrl":"https:\/\/www.institutodeengenharia.org.br\/site\/wp-content\/uploads\/2019\/03\/logo-novo-IE2018-1.jpg","width":1486,"height":1879,"caption":"Instituto de Engenharia"},"image":{"@id":"https:\/\/www.institutodeengenharia.org.br\/site\/#\/schema\/logo\/image\/"},"sameAs":["https:\/\/www.facebook.com\/institutodeengenharia","https:\/\/x.com\/iengenharia","https:\/\/www.instagram.com\/institutodeengenharia\/","https:\/\/www.linkedin.com\/company\/instituto-de-engenharia\/","https:\/\/www.youtube.com\/channel\/UCXiCAlsSMe977vamW915HxA"]},{"@type":"Person","@id":"https:\/\/www.institutodeengenharia.org.br\/site\/#\/schema\/person\/aeb64951c405e100d26d30b033dd423f","name":"Bianca","image":{"@type":"ImageObject","inLanguage":"pt-BR","@id":"https:\/\/secure.gravatar.com\/avatar\/a6fbe9bff57405baf4c1e2c5c1811e072b558253974a9f9508f4678900c97c2a?s=96&d=mm&r=g","url":"https:\/\/secure.gravatar.com\/avatar\/a6fbe9bff57405baf4c1e2c5c1811e072b558253974a9f9508f4678900c97c2a?s=96&d=mm&r=g","contentUrl":"https:\/\/secure.gravatar.com\/avatar\/a6fbe9bff57405baf4c1e2c5c1811e072b558253974a9f9508f4678900c97c2a?s=96&d=mm&r=g","caption":"Bianca"},"url":"https:\/\/www.institutodeengenharia.org.br\/site\/author\/comunicacao1\/"}]}},"_links":{"self":[{"href":"https:\/\/www.institutodeengenharia.org.br\/site\/wp-json\/wp\/v2\/posts\/121800","targetHints":{"allow":["GET"]}}],"collection":[{"href":"https:\/\/www.institutodeengenharia.org.br\/site\/wp-json\/wp\/v2\/posts"}],"about":[{"href":"https:\/\/www.institutodeengenharia.org.br\/site\/wp-json\/wp\/v2\/types\/post"}],"author":[{"embeddable":true,"href":"https:\/\/www.institutodeengenharia.org.br\/site\/wp-json\/wp\/v2\/users\/13"}],"replies":[{"embeddable":true,"href":"https:\/\/www.institutodeengenharia.org.br\/site\/wp-json\/wp\/v2\/comments?post=121800"}],"version-history":[{"count":1,"href":"https:\/\/www.institutodeengenharia.org.br\/site\/wp-json\/wp\/v2\/posts\/121800\/revisions"}],"predecessor-version":[{"id":121802,"href":"https:\/\/www.institutodeengenharia.org.br\/site\/wp-json\/wp\/v2\/posts\/121800\/revisions\/121802"}],"wp:featuredmedia":[{"embeddable":true,"href":"https:\/\/www.institutodeengenharia.org.br\/site\/wp-json\/wp\/v2\/media\/121839"}],"wp:attachment":[{"href":"https:\/\/www.institutodeengenharia.org.br\/site\/wp-json\/wp\/v2\/media?parent=121800"}],"wp:term":[{"taxonomy":"category","embeddable":true,"href":"https:\/\/www.institutodeengenharia.org.br\/site\/wp-json\/wp\/v2\/categories?post=121800"},{"taxonomy":"post_tag","embeddable":true,"href":"https:\/\/www.institutodeengenharia.org.br\/site\/wp-json\/wp\/v2\/tags?post=121800"}],"curies":[{"name":"wp","href":"https:\/\/api.w.org\/{rel}","templated":true}]}}