{"id":121366,"date":"2024-06-20T15:40:08","date_gmt":"2024-06-20T18:40:08","guid":{"rendered":"https:\/\/www.institutodeengenharia.org.br\/site\/?p=121366"},"modified":"2024-07-15T12:32:17","modified_gmt":"2024-07-15T15:32:17","slug":"diretoria-do-ie-acompanha-visita-do-governador-de-sp-as-obras-do-aeromovel","status":"publish","type":"post","link":"https:\/\/www.institutodeengenharia.org.br\/site\/2024\/06\/20\/diretoria-do-ie-acompanha-visita-do-governador-de-sp-as-obras-do-aeromovel\/","title":{"rendered":"Diretoria do IE acompanha visita do governador de SP \u00e0s obras do Aerom\u00f3vel"},"content":{"rendered":"<p>O governador do estado de S\u00e3o Paulo, Tarc\u00edsio de Freitas, vistoriou nesta quarta-feira (19), as obras do Aerom\u00f3vel, que ligar\u00e1 o Aeroporto Internacional de Guarulhos \u00e0 Esta\u00e7\u00e3o Aeroporto, da Linha 13-Jade, da CPTM.<\/p>\n<p>O presidente do Instituto de Engenharia, Jos\u00e9 Eduardo Jardim, e membros de sua diretoria, participaram da apresenta\u00e7\u00e3o feita, antes da vistoria, pela equipe da GRU Airport.<\/p>\n<p>A concep\u00e7\u00e3o do Aerom\u00f3vel foi desenvolvida quando Tarc\u00edsio era ministro da Infraestrutura. O servi\u00e7o foi inclu\u00eddo no contrato de concess\u00e3o do aeroporto, que est\u00e1 sob gest\u00e3o da GRU Airport.<\/p>\n<p>O Aerom\u00f3vel, que dever\u00e1 atender duas mil pessoas por hora em um trajeto de seis minutos, est\u00e1 em fase final de constru\u00e7\u00e3o e a expectativa \u00e9 que o servi\u00e7o inicie a opera\u00e7\u00e3o por testes no segundo semestre deste ano.<\/p>\n<p>Estavam tamb\u00e9m presentes, o prefeito de Guarulhos, Guti Costa, e o secret\u00e1rio de Estado dos Transportes Metropolitanos, Marco Antonio Assalve.<\/p>\n<p><a href=\"https:\/\/www.flickr.com\/photos\/157391345@N08\/albums\/72177720318057257\/\">Clique aqui<\/a> e veja as fotos do encontro.<\/p>\n<p><em>*Com informa\u00e7\u00f5es <a href=\"https:\/\/grudiario.com.br\/tarcisio-vistoria-obras-do-aeromovel\/\">GRU Di\u00e1rio<\/a><\/em><\/p>\n","protected":false},"excerpt":{"rendered":"<p>O governador do estado de S\u00e3o Paulo, Tarc\u00edsio de Freitas, vistoriou nesta quarta-feira (19), as obras do Aerom\u00f3vel, que ligar\u00e1 o Aeroporto Internacional de Guarulhos \u00e0 Esta\u00e7\u00e3o Aeroporto, da Linha 13-Jade, da CPTM. O presidente do Instituto de Engenharia, Jos\u00e9 Eduardo Jardim, e membros de sua diretoria, participaram da apresenta\u00e7\u00e3o feita, antes da vistoria, pela [&hellip;]<\/p>\n","protected":false},"author":14,"featured_media":121371,"comment_status":"open","ping_status":"open","sticky":false,"template":"","format":"standard","meta":{"footnotes":""},"categories":[27,6,141],"tags":[],"class_list":{"0":"post-121366","1":"post","2":"type-post","3":"status-publish","4":"format-standard","5":"has-post-thumbnail","7":"category-instituto-de-engenharia","8":"category-noticias","9":"category-noticias-menu"},"yoast_head":"<!-- This site is optimized with the Yoast SEO plugin v27.2 - https:\/\/yoast.com\/product\/yoast-seo-wordpress\/ -->\n<title>Diretoria do IE acompanha visita do governador de SP \u00e0s obras do Aerom\u00f3vel - Instituto de Engenharia<\/title>\n<meta name=\"robots\" content=\"index, follow, max-snippet:-1, max-image-preview:large, max-video-preview:-1\" \/>\n<link rel=\"canonical\" href=\"https:\/\/www.institutodeengenharia.org.br\/site\/2024\/06\/20\/diretoria-do-ie-acompanha-visita-do-governador-de-sp-as-obras-do-aeromovel\/\" \/>\n<meta property=\"og:locale\" content=\"pt_BR\" \/>\n<meta property=\"og:type\" content=\"article\" \/>\n<meta property=\"og:title\" content=\"Diretoria do IE acompanha visita do governador de SP \u00e0s obras do Aerom\u00f3vel - Instituto de Engenharia\" \/>\n<meta property=\"og:description\" content=\"O governador do estado de S\u00e3o Paulo, Tarc\u00edsio de Freitas, vistoriou nesta quarta-feira (19), as obras do Aerom\u00f3vel, que ligar\u00e1 o Aeroporto Internacional de Guarulhos \u00e0 Esta\u00e7\u00e3o Aeroporto, da Linha 13-Jade, da CPTM. O presidente do Instituto de Engenharia, Jos\u00e9 Eduardo Jardim, e membros de sua diretoria, participaram da apresenta\u00e7\u00e3o feita, antes da vistoria, pela [&hellip;]\" \/>\n<meta property=\"og:url\" content=\"https:\/\/www.institutodeengenharia.org.br\/site\/2024\/06\/20\/diretoria-do-ie-acompanha-visita-do-governador-de-sp-as-obras-do-aeromovel\/\" \/>\n<meta property=\"og:site_name\" content=\"Instituto de Engenharia\" \/>\n<meta property=\"article:publisher\" content=\"https:\/\/www.facebook.com\/institutodeengenharia\" \/>\n<meta property=\"article:published_time\" content=\"2024-06-20T18:40:08+00:00\" \/>\n<meta property=\"article:modified_time\" content=\"2024-07-15T15:32:17+00:00\" \/>\n<meta property=\"og:image\" content=\"https:\/\/www.institutodeengenharia.org.br\/site\/wp-content\/uploads\/2024\/06\/secretario.png\" \/>\n\t<meta property=\"og:image:width\" content=\"776\" \/>\n\t<meta property=\"og:image:height\" content=\"521\" \/>\n\t<meta property=\"og:image:type\" content=\"image\/png\" \/>\n<meta name=\"author\" content=\"Isabel\" \/>\n<meta name=\"twitter:card\" content=\"summary_large_image\" \/>\n<meta name=\"twitter:creator\" content=\"@iengenharia\" \/>\n<meta name=\"twitter:site\" content=\"@iengenharia\" \/>\n<meta name=\"twitter:label1\" content=\"Escrito por\" \/>\n\t<meta name=\"twitter:data1\" content=\"Isabel\" \/>\n\t<meta name=\"twitter:label2\" content=\"Est. tempo de leitura\" \/>\n\t<meta name=\"twitter:data2\" content=\"2 minutos\" \/>\n<script type=\"application\/ld+json\" class=\"yoast-schema-graph\">{\"@context\":\"https:\/\/schema.org\",\"@graph\":[{\"@type\":\"Article\",\"@id\":\"https:\/\/www.institutodeengenharia.org.br\/site\/2024\/06\/20\/diretoria-do-ie-acompanha-visita-do-governador-de-sp-as-obras-do-aeromovel\/#article\",\"isPartOf\":{\"@id\":\"https:\/\/www.institutodeengenharia.org.br\/site\/2024\/06\/20\/diretoria-do-ie-acompanha-visita-do-governador-de-sp-as-obras-do-aeromovel\/\"},\"author\":{\"name\":\"Isabel\",\"@id\":\"https:\/\/www.institutodeengenharia.org.br\/site\/#\/schema\/person\/593dc356630173a4877a635d3e5fd76b\"},\"headline\":\"Diretoria do IE acompanha visita do governador de SP \u00e0s obras do Aerom\u00f3vel\",\"datePublished\":\"2024-06-20T18:40:08+00:00\",\"dateModified\":\"2024-07-15T15:32:17+00:00\",\"mainEntityOfPage\":{\"@id\":\"https:\/\/www.institutodeengenharia.org.br\/site\/2024\/06\/20\/diretoria-do-ie-acompanha-visita-do-governador-de-sp-as-obras-do-aeromovel\/\"},\"wordCount\":190,\"commentCount\":0,\"publisher\":{\"@id\":\"https:\/\/www.institutodeengenharia.org.br\/site\/#organization\"},\"image\":{\"@id\":\"https:\/\/www.institutodeengenharia.org.br\/site\/2024\/06\/20\/diretoria-do-ie-acompanha-visita-do-governador-de-sp-as-obras-do-aeromovel\/#primaryimage\"},\"thumbnailUrl\":\"https:\/\/www.institutodeengenharia.org.br\/site\/wp-content\/uploads\/2024\/06\/secretario.png\",\"articleSection\":[\"Instituto de Engenharia\",\"Not\u00edcias\",\"Not\u00edcias\"],\"inLanguage\":\"pt-BR\",\"potentialAction\":[{\"@type\":\"CommentAction\",\"name\":\"Comment\",\"target\":[\"https:\/\/www.institutodeengenharia.org.br\/site\/2024\/06\/20\/diretoria-do-ie-acompanha-visita-do-governador-de-sp-as-obras-do-aeromovel\/#respond\"]}]},{\"@type\":\"WebPage\",\"@id\":\"https:\/\/www.institutodeengenharia.org.br\/site\/2024\/06\/20\/diretoria-do-ie-acompanha-visita-do-governador-de-sp-as-obras-do-aeromovel\/\",\"url\":\"https:\/\/www.institutodeengenharia.org.br\/site\/2024\/06\/20\/diretoria-do-ie-acompanha-visita-do-governador-de-sp-as-obras-do-aeromovel\/\",\"name\":\"Diretoria do IE acompanha visita do governador de SP \u00e0s obras do Aerom\u00f3vel - Instituto de Engenharia\",\"isPartOf\":{\"@id\":\"https:\/\/www.institutodeengenharia.org.br\/site\/#website\"},\"primaryImageOfPage\":{\"@id\":\"https:\/\/www.institutodeengenharia.org.br\/site\/2024\/06\/20\/diretoria-do-ie-acompanha-visita-do-governador-de-sp-as-obras-do-aeromovel\/#primaryimage\"},\"image\":{\"@id\":\"https:\/\/www.institutodeengenharia.org.br\/site\/2024\/06\/20\/diretoria-do-ie-acompanha-visita-do-governador-de-sp-as-obras-do-aeromovel\/#primaryimage\"},\"thumbnailUrl\":\"https:\/\/www.institutodeengenharia.org.br\/site\/wp-content\/uploads\/2024\/06\/secretario.png\",\"datePublished\":\"2024-06-20T18:40:08+00:00\",\"dateModified\":\"2024-07-15T15:32:17+00:00\",\"breadcrumb\":{\"@id\":\"https:\/\/www.institutodeengenharia.org.br\/site\/2024\/06\/20\/diretoria-do-ie-acompanha-visita-do-governador-de-sp-as-obras-do-aeromovel\/#breadcrumb\"},\"inLanguage\":\"pt-BR\",\"potentialAction\":[{\"@type\":\"ReadAction\",\"target\":[\"https:\/\/www.institutodeengenharia.org.br\/site\/2024\/06\/20\/diretoria-do-ie-acompanha-visita-do-governador-de-sp-as-obras-do-aeromovel\/\"]}]},{\"@type\":\"ImageObject\",\"inLanguage\":\"pt-BR\",\"@id\":\"https:\/\/www.institutodeengenharia.org.br\/site\/2024\/06\/20\/diretoria-do-ie-acompanha-visita-do-governador-de-sp-as-obras-do-aeromovel\/#primaryimage\",\"url\":\"https:\/\/www.institutodeengenharia.org.br\/site\/wp-content\/uploads\/2024\/06\/secretario.png\",\"contentUrl\":\"https:\/\/www.institutodeengenharia.org.br\/site\/wp-content\/uploads\/2024\/06\/secretario.png\",\"width\":776,\"height\":521},{\"@type\":\"BreadcrumbList\",\"@id\":\"https:\/\/www.institutodeengenharia.org.br\/site\/2024\/06\/20\/diretoria-do-ie-acompanha-visita-do-governador-de-sp-as-obras-do-aeromovel\/#breadcrumb\",\"itemListElement\":[{\"@type\":\"ListItem\",\"position\":1,\"name\":\"In\u00edcio\",\"item\":\"https:\/\/www.institutodeengenharia.org.br\/site\/\"},{\"@type\":\"ListItem\",\"position\":2,\"name\":\"Diretoria do IE acompanha visita do governador de SP \u00e0s obras do Aerom\u00f3vel\"}]},{\"@type\":\"WebSite\",\"@id\":\"https:\/\/www.institutodeengenharia.org.br\/site\/#website\",\"url\":\"https:\/\/www.institutodeengenharia.org.br\/site\/\",\"name\":\"Instituto de Engenharia\",\"description\":\"O Instituto de Engenharia promove a Engenharia em benef\u00edcio do desenvolvimento e da qualidade de vida da sociedade.\",\"publisher\":{\"@id\":\"https:\/\/www.institutodeengenharia.org.br\/site\/#organization\"},\"potentialAction\":[{\"@type\":\"SearchAction\",\"target\":{\"@type\":\"EntryPoint\",\"urlTemplate\":\"https:\/\/www.institutodeengenharia.org.br\/site\/?s={search_term_string}\"},\"query-input\":{\"@type\":\"PropertyValueSpecification\",\"valueRequired\":true,\"valueName\":\"search_term_string\"}}],\"inLanguage\":\"pt-BR\"},{\"@type\":\"Organization\",\"@id\":\"https:\/\/www.institutodeengenharia.org.br\/site\/#organization\",\"name\":\"Instituto de Engenharia\",\"url\":\"https:\/\/www.institutodeengenharia.org.br\/site\/\",\"logo\":{\"@type\":\"ImageObject\",\"inLanguage\":\"pt-BR\",\"@id\":\"https:\/\/www.institutodeengenharia.org.br\/site\/#\/schema\/logo\/image\/\",\"url\":\"https:\/\/www.institutodeengenharia.org.br\/site\/wp-content\/uploads\/2019\/03\/logo-novo-IE2018-1.jpg\",\"contentUrl\":\"https:\/\/www.institutodeengenharia.org.br\/site\/wp-content\/uploads\/2019\/03\/logo-novo-IE2018-1.jpg\",\"width\":1486,\"height\":1879,\"caption\":\"Instituto de Engenharia\"},\"image\":{\"@id\":\"https:\/\/www.institutodeengenharia.org.br\/site\/#\/schema\/logo\/image\/\"},\"sameAs\":[\"https:\/\/www.facebook.com\/institutodeengenharia\",\"https:\/\/x.com\/iengenharia\",\"https:\/\/www.instagram.com\/institutodeengenharia\/\",\"https:\/\/www.linkedin.com\/company\/instituto-de-engenharia\/\",\"https:\/\/www.youtube.com\/channel\/UCXiCAlsSMe977vamW915HxA\"]},{\"@type\":\"Person\",\"@id\":\"https:\/\/www.institutodeengenharia.org.br\/site\/#\/schema\/person\/593dc356630173a4877a635d3e5fd76b\",\"name\":\"Isabel\",\"image\":{\"@type\":\"ImageObject\",\"inLanguage\":\"pt-BR\",\"@id\":\"https:\/\/secure.gravatar.com\/avatar\/f3c521db63ec9db17894f10a88c6a3cf95b2281d7f80eeb3cf3ef1cb091576e7?s=96&d=mm&r=g\",\"url\":\"https:\/\/secure.gravatar.com\/avatar\/f3c521db63ec9db17894f10a88c6a3cf95b2281d7f80eeb3cf3ef1cb091576e7?s=96&d=mm&r=g\",\"contentUrl\":\"https:\/\/secure.gravatar.com\/avatar\/f3c521db63ec9db17894f10a88c6a3cf95b2281d7f80eeb3cf3ef1cb091576e7?s=96&d=mm&r=g\",\"caption\":\"Isabel\"},\"url\":\"https:\/\/www.institutodeengenharia.org.br\/site\/author\/comunicacao2\/\"}]}<\/script>\n<!-- \/ Yoast SEO plugin. -->","yoast_head_json":{"title":"Diretoria do IE acompanha visita do governador de SP \u00e0s obras do Aerom\u00f3vel - Instituto de Engenharia","robots":{"index":"index","follow":"follow","max-snippet":"max-snippet:-1","max-image-preview":"max-image-preview:large","max-video-preview":"max-video-preview:-1"},"canonical":"https:\/\/www.institutodeengenharia.org.br\/site\/2024\/06\/20\/diretoria-do-ie-acompanha-visita-do-governador-de-sp-as-obras-do-aeromovel\/","og_locale":"pt_BR","og_type":"article","og_title":"Diretoria do IE acompanha visita do governador de SP \u00e0s obras do Aerom\u00f3vel - Instituto de Engenharia","og_description":"O governador do estado de S\u00e3o Paulo, Tarc\u00edsio de Freitas, vistoriou nesta quarta-feira (19), as obras do Aerom\u00f3vel, que ligar\u00e1 o Aeroporto Internacional de Guarulhos \u00e0 Esta\u00e7\u00e3o Aeroporto, da Linha 13-Jade, da CPTM. O presidente do Instituto de Engenharia, Jos\u00e9 Eduardo Jardim, e membros de sua diretoria, participaram da apresenta\u00e7\u00e3o feita, antes da vistoria, pela [&hellip;]","og_url":"https:\/\/www.institutodeengenharia.org.br\/site\/2024\/06\/20\/diretoria-do-ie-acompanha-visita-do-governador-de-sp-as-obras-do-aeromovel\/","og_site_name":"Instituto de Engenharia","article_publisher":"https:\/\/www.facebook.com\/institutodeengenharia","article_published_time":"2024-06-20T18:40:08+00:00","article_modified_time":"2024-07-15T15:32:17+00:00","og_image":[{"width":776,"height":521,"url":"https:\/\/www.institutodeengenharia.org.br\/site\/wp-content\/uploads\/2024\/06\/secretario.png","type":"image\/png"}],"author":"Isabel","twitter_card":"summary_large_image","twitter_creator":"@iengenharia","twitter_site":"@iengenharia","twitter_misc":{"Escrito por":"Isabel","Est. tempo de leitura":"2 minutos"},"schema":{"@context":"https:\/\/schema.org","@graph":[{"@type":"Article","@id":"https:\/\/www.institutodeengenharia.org.br\/site\/2024\/06\/20\/diretoria-do-ie-acompanha-visita-do-governador-de-sp-as-obras-do-aeromovel\/#article","isPartOf":{"@id":"https:\/\/www.institutodeengenharia.org.br\/site\/2024\/06\/20\/diretoria-do-ie-acompanha-visita-do-governador-de-sp-as-obras-do-aeromovel\/"},"author":{"name":"Isabel","@id":"https:\/\/www.institutodeengenharia.org.br\/site\/#\/schema\/person\/593dc356630173a4877a635d3e5fd76b"},"headline":"Diretoria do IE acompanha visita do governador de SP \u00e0s obras do Aerom\u00f3vel","datePublished":"2024-06-20T18:40:08+00:00","dateModified":"2024-07-15T15:32:17+00:00","mainEntityOfPage":{"@id":"https:\/\/www.institutodeengenharia.org.br\/site\/2024\/06\/20\/diretoria-do-ie-acompanha-visita-do-governador-de-sp-as-obras-do-aeromovel\/"},"wordCount":190,"commentCount":0,"publisher":{"@id":"https:\/\/www.institutodeengenharia.org.br\/site\/#organization"},"image":{"@id":"https:\/\/www.institutodeengenharia.org.br\/site\/2024\/06\/20\/diretoria-do-ie-acompanha-visita-do-governador-de-sp-as-obras-do-aeromovel\/#primaryimage"},"thumbnailUrl":"https:\/\/www.institutodeengenharia.org.br\/site\/wp-content\/uploads\/2024\/06\/secretario.png","articleSection":["Instituto de Engenharia","Not\u00edcias","Not\u00edcias"],"inLanguage":"pt-BR","potentialAction":[{"@type":"CommentAction","name":"Comment","target":["https:\/\/www.institutodeengenharia.org.br\/site\/2024\/06\/20\/diretoria-do-ie-acompanha-visita-do-governador-de-sp-as-obras-do-aeromovel\/#respond"]}]},{"@type":"WebPage","@id":"https:\/\/www.institutodeengenharia.org.br\/site\/2024\/06\/20\/diretoria-do-ie-acompanha-visita-do-governador-de-sp-as-obras-do-aeromovel\/","url":"https:\/\/www.institutodeengenharia.org.br\/site\/2024\/06\/20\/diretoria-do-ie-acompanha-visita-do-governador-de-sp-as-obras-do-aeromovel\/","name":"Diretoria do IE acompanha visita do governador de SP \u00e0s obras do Aerom\u00f3vel - Instituto de Engenharia","isPartOf":{"@id":"https:\/\/www.institutodeengenharia.org.br\/site\/#website"},"primaryImageOfPage":{"@id":"https:\/\/www.institutodeengenharia.org.br\/site\/2024\/06\/20\/diretoria-do-ie-acompanha-visita-do-governador-de-sp-as-obras-do-aeromovel\/#primaryimage"},"image":{"@id":"https:\/\/www.institutodeengenharia.org.br\/site\/2024\/06\/20\/diretoria-do-ie-acompanha-visita-do-governador-de-sp-as-obras-do-aeromovel\/#primaryimage"},"thumbnailUrl":"https:\/\/www.institutodeengenharia.org.br\/site\/wp-content\/uploads\/2024\/06\/secretario.png","datePublished":"2024-06-20T18:40:08+00:00","dateModified":"2024-07-15T15:32:17+00:00","breadcrumb":{"@id":"https:\/\/www.institutodeengenharia.org.br\/site\/2024\/06\/20\/diretoria-do-ie-acompanha-visita-do-governador-de-sp-as-obras-do-aeromovel\/#breadcrumb"},"inLanguage":"pt-BR","potentialAction":[{"@type":"ReadAction","target":["https:\/\/www.institutodeengenharia.org.br\/site\/2024\/06\/20\/diretoria-do-ie-acompanha-visita-do-governador-de-sp-as-obras-do-aeromovel\/"]}]},{"@type":"ImageObject","inLanguage":"pt-BR","@id":"https:\/\/www.institutodeengenharia.org.br\/site\/2024\/06\/20\/diretoria-do-ie-acompanha-visita-do-governador-de-sp-as-obras-do-aeromovel\/#primaryimage","url":"https:\/\/www.institutodeengenharia.org.br\/site\/wp-content\/uploads\/2024\/06\/secretario.png","contentUrl":"https:\/\/www.institutodeengenharia.org.br\/site\/wp-content\/uploads\/2024\/06\/secretario.png","width":776,"height":521},{"@type":"BreadcrumbList","@id":"https:\/\/www.institutodeengenharia.org.br\/site\/2024\/06\/20\/diretoria-do-ie-acompanha-visita-do-governador-de-sp-as-obras-do-aeromovel\/#breadcrumb","itemListElement":[{"@type":"ListItem","position":1,"name":"In\u00edcio","item":"https:\/\/www.institutodeengenharia.org.br\/site\/"},{"@type":"ListItem","position":2,"name":"Diretoria do IE acompanha visita do governador de SP \u00e0s obras do Aerom\u00f3vel"}]},{"@type":"WebSite","@id":"https:\/\/www.institutodeengenharia.org.br\/site\/#website","url":"https:\/\/www.institutodeengenharia.org.br\/site\/","name":"Instituto de Engenharia","description":"O Instituto de Engenharia promove a Engenharia em benef\u00edcio do desenvolvimento e da qualidade de vida da sociedade.","publisher":{"@id":"https:\/\/www.institutodeengenharia.org.br\/site\/#organization"},"potentialAction":[{"@type":"SearchAction","target":{"@type":"EntryPoint","urlTemplate":"https:\/\/www.institutodeengenharia.org.br\/site\/?s={search_term_string}"},"query-input":{"@type":"PropertyValueSpecification","valueRequired":true,"valueName":"search_term_string"}}],"inLanguage":"pt-BR"},{"@type":"Organization","@id":"https:\/\/www.institutodeengenharia.org.br\/site\/#organization","name":"Instituto de Engenharia","url":"https:\/\/www.institutodeengenharia.org.br\/site\/","logo":{"@type":"ImageObject","inLanguage":"pt-BR","@id":"https:\/\/www.institutodeengenharia.org.br\/site\/#\/schema\/logo\/image\/","url":"https:\/\/www.institutodeengenharia.org.br\/site\/wp-content\/uploads\/2019\/03\/logo-novo-IE2018-1.jpg","contentUrl":"https:\/\/www.institutodeengenharia.org.br\/site\/wp-content\/uploads\/2019\/03\/logo-novo-IE2018-1.jpg","width":1486,"height":1879,"caption":"Instituto de Engenharia"},"image":{"@id":"https:\/\/www.institutodeengenharia.org.br\/site\/#\/schema\/logo\/image\/"},"sameAs":["https:\/\/www.facebook.com\/institutodeengenharia","https:\/\/x.com\/iengenharia","https:\/\/www.instagram.com\/institutodeengenharia\/","https:\/\/www.linkedin.com\/company\/instituto-de-engenharia\/","https:\/\/www.youtube.com\/channel\/UCXiCAlsSMe977vamW915HxA"]},{"@type":"Person","@id":"https:\/\/www.institutodeengenharia.org.br\/site\/#\/schema\/person\/593dc356630173a4877a635d3e5fd76b","name":"Isabel","image":{"@type":"ImageObject","inLanguage":"pt-BR","@id":"https:\/\/secure.gravatar.com\/avatar\/f3c521db63ec9db17894f10a88c6a3cf95b2281d7f80eeb3cf3ef1cb091576e7?s=96&d=mm&r=g","url":"https:\/\/secure.gravatar.com\/avatar\/f3c521db63ec9db17894f10a88c6a3cf95b2281d7f80eeb3cf3ef1cb091576e7?s=96&d=mm&r=g","contentUrl":"https:\/\/secure.gravatar.com\/avatar\/f3c521db63ec9db17894f10a88c6a3cf95b2281d7f80eeb3cf3ef1cb091576e7?s=96&d=mm&r=g","caption":"Isabel"},"url":"https:\/\/www.institutodeengenharia.org.br\/site\/author\/comunicacao2\/"}]}},"_links":{"self":[{"href":"https:\/\/www.institutodeengenharia.org.br\/site\/wp-json\/wp\/v2\/posts\/121366","targetHints":{"allow":["GET"]}}],"collection":[{"href":"https:\/\/www.institutodeengenharia.org.br\/site\/wp-json\/wp\/v2\/posts"}],"about":[{"href":"https:\/\/www.institutodeengenharia.org.br\/site\/wp-json\/wp\/v2\/types\/post"}],"author":[{"embeddable":true,"href":"https:\/\/www.institutodeengenharia.org.br\/site\/wp-json\/wp\/v2\/users\/14"}],"replies":[{"embeddable":true,"href":"https:\/\/www.institutodeengenharia.org.br\/site\/wp-json\/wp\/v2\/comments?post=121366"}],"version-history":[{"count":2,"href":"https:\/\/www.institutodeengenharia.org.br\/site\/wp-json\/wp\/v2\/posts\/121366\/revisions"}],"predecessor-version":[{"id":121890,"href":"https:\/\/www.institutodeengenharia.org.br\/site\/wp-json\/wp\/v2\/posts\/121366\/revisions\/121890"}],"wp:featuredmedia":[{"embeddable":true,"href":"https:\/\/www.institutodeengenharia.org.br\/site\/wp-json\/wp\/v2\/media\/121371"}],"wp:attachment":[{"href":"https:\/\/www.institutodeengenharia.org.br\/site\/wp-json\/wp\/v2\/media?parent=121366"}],"wp:term":[{"taxonomy":"category","embeddable":true,"href":"https:\/\/www.institutodeengenharia.org.br\/site\/wp-json\/wp\/v2\/categories?post=121366"},{"taxonomy":"post_tag","embeddable":true,"href":"https:\/\/www.institutodeengenharia.org.br\/site\/wp-json\/wp\/v2\/tags?post=121366"}],"curies":[{"name":"wp","href":"https:\/\/api.w.org\/{rel}","templated":true}]}}