{"id":120485,"date":"2024-05-16T12:11:16","date_gmt":"2024-05-16T15:11:16","guid":{"rendered":"https:\/\/www.institutodeengenharia.org.br\/site\/?p=120485"},"modified":"2025-04-08T11:39:54","modified_gmt":"2025-04-08T14:39:54","slug":"vlt-mobilidade-e-requalificacao-urbana","status":"publish","type":"post","link":"https:\/\/www.institutodeengenharia.org.br\/site\/2024\/05\/16\/vlt-mobilidade-e-requalificacao-urbana\/","title":{"rendered":"VLT &#8211; Mobilidade e Requalifica\u00e7\u00e3o Urbana"},"content":{"rendered":"<p><em><strong>Assista abaixo \u00e0 grava\u00e7\u00e3o do evento:<\/strong><\/em><\/p>\n<div style=\"padding: 56.25% 0 0 0; position: relative;\"><iframe style=\"position: absolute; top: 0; left: 0; width: 100%; height: 100%;\" src=\"https:\/\/vimeo.com\/showcase\/11192159\/embed\" frameborder=\"0\" allowfullscreen=\"allowfullscreen\"><\/iframe><\/div>\n<p>&nbsp;<\/p>\n<p><strong>+ Informa\u00e7\u00f5es:\u00a0<\/strong><\/p>\n<p>Garante mobilidade, com seguran\u00e7a, menor custo, sendo mais sustent\u00e1vel que outros modos de transporte.<\/p>\n<p>Melhora a qualidade de vida dos habitantes, mais amig\u00e1vel, harm\u00f4nico e silencioso, reduz os tempos de viagem, reduz o n\u00famero de acidentes, promove a reurbaniza\u00e7\u00e3o do entorno, criando mercados (novos polos geradores de tributos), oportunidade de requalifica\u00e7\u00e3o habitacional, tanto na atra\u00e7\u00e3o de novos empreendimentos imobili\u00e1rios, como na implanta\u00e7\u00e3o de zonas especiais, de interesse social e mercado popular, ainda mais transformadoras.<\/p>\n<p>VLT \u00e9 um eixo de estrutura\u00e7\u00e3o da transforma\u00e7\u00e3o urbana, tornando-se um corredor ambiental urbano, contribuindo com a descarboniza\u00e7\u00e3o do meio ambiente.<\/p>\n<p>Os custos de implanta\u00e7\u00e3o de um VLT s\u00e3o muito inferiores ao ganho social, de mobilidade e do potencial arrecadat\u00f3rio do munic\u00edpio, podendo ser um projeto autofinanci\u00e1vel e, portanto, muito atrativo ao mercado.<\/p>\n<p><strong>P\u00fablico-alvo:\u00a0<\/strong><\/p>\n<p>Engenheiros, t\u00e9cnicos e p\u00fablico interessado no tema.<\/p>\n<p><strong>PROGRAMA\u00c7\u00c3O<\/strong><\/p>\n<p><strong>9h \u2013<\/strong>\u00a0<strong>Abertura do Evento<\/strong><\/p>\n<p>Jos\u00e9 Eduardo Frasc\u00e1 Poyares Jardim \u2013 Presidente do Instituto de Engenharia<\/p>\n<p>Marco Ant\u00f4nio Assalve \u2013 Secret\u00e1rio de Transportes Metropolitanos do Estado de S\u00e3o Paulo<\/p>\n<p>Elisabete Fran\u00e7a \u2013 Secret\u00e1ria de Urbanismo e Licenciamento (representando o prefeito da Cidade de S\u00e3o Paulo, Ricardo Nunes)<\/p>\n<p>Ivan Metran Whately \u2013 Vice-presidente de Atividades T\u00e9cnicas do Instituto de Engenharia<\/p>\n<p><strong>9h30 \u00e0s 10h \u2013 PAINEL 1: AUTORIDADES<\/strong><\/p>\n<p><strong><em>Palestra 1:<\/em><\/strong>\u00a0Governo do Estado de S\u00e3o Paulo<\/p>\n<p>Palestrante: Marco Ant\u00f4nio Assalve \u2013 Secret\u00e1rio de Transportes Metropolitanos do Estado de S\u00e3o Paulo<\/p>\n<p><strong><em>Palestra 2:<\/em><\/strong>\u00a0Prefeitura da Cidade de S\u00e3o Paulo<\/p>\n<p><em>Palestrante:<\/em>\u00a0Elisabete Fran\u00e7a \u2013 Secret\u00e1ria de Urbanismo e Licenciamento<\/p>\n<p><strong><em>\u00a0<\/em><\/strong><strong><em>Palestra 3:<\/em><\/strong>\u00a0Minist\u00e9rio das Cidades<\/p>\n<p><strong>10h \u00e0s 10h20 \u2013 PAINEL 2: BNDES<\/strong><\/p>\n<p><strong>10h20 \u00e0s 10h30 \u2013 COFFEE BREAK<\/strong><\/p>\n<p><strong>10h30 \u00e0s 11h \u2013 PAINEL 3: O VLT Mobilidade e Requalifica\u00e7\u00e3o das cidades<\/strong><\/p>\n<p><em>Palestrante:\u00a0<\/em>Juliana Tiemi Tamanaha \u2013 Diretora-tesoureira da AEAMESP<\/p>\n<p>Jean Carlos Pejo \u2013 Secret\u00e1rio Geral da ALAF<\/p>\n<p><strong>11h \u00e0s 12h30h \u2013 PAINEL 4: Ind\u00fastria Ferrovi\u00e1ria Brasileira no Contexto do VLT<\/strong><\/p>\n<p><strong>Moderador:<\/strong>\u00a0Massimo Giavina<\/p>\n<p><strong><em>Palestra 1:<\/em><\/strong>\u00a0ALSTOM BRASIL<\/p>\n<p><em>Palestrante:<\/em>\u00a0Alexandre Massaki \u2013 Diretor Comercial<\/p>\n<p><strong><em>Palestra 2:<\/em><\/strong>\u00a0CAF BRASIL<\/p>\n<p><em>Palestrante:<\/em>\u00a0Renato Meirelles \u2013 Presidente<\/p>\n<p><strong><em>Palestra 3:<\/em><\/strong>\u00a0HYUNDAI ROTEM BRASIL<\/p>\n<p><em>Palestrante:<\/em>\u00a0Edyval Campanelli \u2013 Diretor Comercial<\/p>\n<p><strong><em>Palestra 4:<\/em><\/strong>\u00a0MARCOPOLO RAIL<\/p>\n<p><em>Palestrante:<\/em>\u00a0Daniel Rodrigues Souza \u2013 Consultor de Opera\u00e7\u00f5es Comerciais<\/p>\n<p><strong>12h30 \u00e0s 14h \u2013 ALMO\u00c7O<\/strong><\/p>\n<p><strong>14h30 \u00e0s 16h50 \u2013 PAINEL 5: Projetos e Operadoras de VLT no Brasil<\/strong><\/p>\n<p><strong>Moderador:<\/strong>\u00a0Vicente Abate<\/p>\n<p><strong><em>Palestra 1:<\/em><\/strong>\u00a0VLT CARIOCA<\/p>\n<p><em>Palestrante:<\/em>\u00a0Francisco Pierrini \u2013 Diretor de Opera\u00e7\u00f5es e Engenharia \u2013 Plataforma Mobilidade \u2013 Grupo CCR<\/p>\n<p><strong><em>Palestra 2:<\/em><\/strong>\u00a0VLT BAIXADA SANTISTA<\/p>\n<p><em>Palestrante:<\/em>\u00a0Jos\u00e9 Efraim Neves da Silva \u2013 Diretor da COMPORTE<\/p>\n<p><strong><em>Palestra 3:<\/em><\/strong>\u00a0VLT BARRA FUNDA A MANDAQUI<\/p>\n<p><em>Palestrante:<\/em>\u00a0Luiz Antonio Cortez \u2013 Conselheiro Titular da CAU-SP<\/p>\n<p><strong>\u00a0<\/strong><strong><em>Palestra 4:<\/em><\/strong>\u00a0VLT CENTRO S\u00c3O PAULO<\/p>\n<p><em>\u00a0Palestrante:<\/em>\u00a0Pedro M. Fernandes \u2013 Diretor-presidente da SP Urbanismo \u2013 PREFEITURA SP<\/p>\n<p><strong><em>Palestra 5:<\/em><\/strong>\u00a0VLT SOROCABA<\/p>\n<p><em>Palestrante:<\/em>\u00a0Luiz Alberto Fioravante<\/p>\n<p><strong>PERGUNTAS<\/strong><\/p>\n<p><strong>16h20 \u00e0s 17h \u2013 ENCERRAMENTO<\/strong><\/p>\n<p>Jos\u00e9 Eduardo Frasc\u00e1 Poyares Jardim \u2013 Presidente do Instituto de Engenharia<\/p>\n<p>Ivan M. Whately \u2013 Vice-presidente de Atividades T\u00e9cnicas do IE<\/p>\n<p>Vicente Abate \u2013 Presidente ABIFER<\/p>\n<p>Massimo Giavina \u2013 Vice-Presidente SIMEFRE<\/p>\n<p>Jean Pejo \u2013 Secret\u00e1rio Geral ALAF<\/p>\n<p><strong>17h \u00e0s 17h30 \u2013 CAF\u00c9 ENCERRAMENTO \/ NETWORKING<\/strong><\/p>\n<p><strong>Realiza\u00e7\u00e3o:<\/strong><\/p>\n<p><img loading=\"lazy\" decoding=\"async\" class=\"alignnone wp-image-81229 alignleft td-animation-stack-type0-2\" src=\"https:\/\/www.institutodeengenharia.org.br\/site\/wp-content\/uploads\/2021\/05\/ie-logo-escudo.jpeg\" alt=\"\" width=\"94\" height=\"119\" srcset=\"https:\/\/www.institutodeengenharia.org.br\/site\/wp-content\/uploads\/2021\/05\/ie-logo-escudo.jpeg 1012w, https:\/\/www.institutodeengenharia.org.br\/site\/wp-content\/uploads\/2021\/05\/ie-logo-escudo-237x300.jpeg 237w, https:\/\/www.institutodeengenharia.org.br\/site\/wp-content\/uploads\/2021\/05\/ie-logo-escudo-810x1024.jpeg 810w, https:\/\/www.institutodeengenharia.org.br\/site\/wp-content\/uploads\/2021\/05\/ie-logo-escudo-768x971.jpeg 768w, https:\/\/www.institutodeengenharia.org.br\/site\/wp-content\/uploads\/2021\/05\/ie-logo-escudo-696x880.jpeg 696w, https:\/\/www.institutodeengenharia.org.br\/site\/wp-content\/uploads\/2021\/05\/ie-logo-escudo-332x420.jpeg 332w, https:\/\/www.institutodeengenharia.org.br\/site\/wp-content\/uploads\/2021\/05\/ie-logo-escudo-600x759.jpeg 600w\" sizes=\"auto, (max-width: 94px) 100vw, 94px\" \/><\/p>\n<p><strong>Eng. Ivan Metran Whately<\/strong>\u00a0\u2013 Vice-presidente de Atividades T\u00e9cnicas<\/p>\n<p><strong>Eng. Jean Pejo<\/strong>\u00a0\u2013 Diretor do Departamento Desenvolvimento de infraestrutura e Log\u00edstica<\/p>\n<p><strong>Eng. Vicente Abate<\/strong>\u00a0\u2013 Coordenador da Divis\u00e3o T\u00e9cnica de Ferrovias<\/p>\n<p><strong>Patroc\u00ednio Ouro:<\/strong><\/p>\n<p><img loading=\"lazy\" decoding=\"async\" class=\"alignnone wp-image-119844 td-animation-stack-type0-2\" src=\"https:\/\/www.institutodeengenharia.org.br\/site\/wp-content\/uploads\/2024\/02\/ALSTOM_2-COLOURS_4C_QUADRI_HD-1024x282.jpg\" alt=\"\" width=\"243\" height=\"67\" srcset=\"https:\/\/www.institutodeengenharia.org.br\/site\/wp-content\/uploads\/2024\/02\/ALSTOM_2-COLOURS_4C_QUADRI_HD-1024x282.jpg 1024w, https:\/\/www.institutodeengenharia.org.br\/site\/wp-content\/uploads\/2024\/02\/ALSTOM_2-COLOURS_4C_QUADRI_HD-300x83.jpg 300w, https:\/\/www.institutodeengenharia.org.br\/site\/wp-content\/uploads\/2024\/02\/ALSTOM_2-COLOURS_4C_QUADRI_HD-768x212.jpg 768w, https:\/\/www.institutodeengenharia.org.br\/site\/wp-content\/uploads\/2024\/02\/ALSTOM_2-COLOURS_4C_QUADRI_HD-1536x424.jpg 1536w, https:\/\/www.institutodeengenharia.org.br\/site\/wp-content\/uploads\/2024\/02\/ALSTOM_2-COLOURS_4C_QUADRI_HD-2048x565.jpg 2048w, https:\/\/www.institutodeengenharia.org.br\/site\/wp-content\/uploads\/2024\/02\/ALSTOM_2-COLOURS_4C_QUADRI_HD-1523x420.jpg 1523w, https:\/\/www.institutodeengenharia.org.br\/site\/wp-content\/uploads\/2024\/02\/ALSTOM_2-COLOURS_4C_QUADRI_HD-696x192.jpg 696w, https:\/\/www.institutodeengenharia.org.br\/site\/wp-content\/uploads\/2024\/02\/ALSTOM_2-COLOURS_4C_QUADRI_HD-1068x295.jpg 1068w, https:\/\/www.institutodeengenharia.org.br\/site\/wp-content\/uploads\/2024\/02\/ALSTOM_2-COLOURS_4C_QUADRI_HD-1920x530.jpg 1920w, https:\/\/www.institutodeengenharia.org.br\/site\/wp-content\/uploads\/2024\/02\/ALSTOM_2-COLOURS_4C_QUADRI_HD-600x165.jpg 600w\" sizes=\"auto, (max-width: 243px) 100vw, 243px\" \/><img loading=\"lazy\" decoding=\"async\" class=\"wp-image-119775 aligncenter td-animation-stack-type0-2\" src=\"https:\/\/www.institutodeengenharia.org.br\/site\/wp-content\/uploads\/2024\/02\/MicrosoftTeams-image-438-1024x302.png\" alt=\"\" width=\"401\" height=\"118\" \/><\/p>\n<p><strong>Patroc\u00ednio Prata:<\/strong><\/p>\n<p><img loading=\"lazy\" decoding=\"async\" class=\"wp-image-119776 aligncenter td-animation-stack-type0-2\" src=\"https:\/\/www.institutodeengenharia.org.br\/site\/wp-content\/uploads\/2024\/02\/MicrosoftTeams-image-437-1024x576.png\" alt=\"\" width=\"248\" height=\"140\" \/><\/p>\n<p><b><strong>Apoio Institucional:<\/strong><\/b><\/p>\n<p><img loading=\"lazy\" decoding=\"async\" class=\"size-large wp-image-118564 td-animation-stack-type0-2\" src=\"https:\/\/www.institutodeengenharia.org.br\/site\/wp-content\/uploads\/2024\/02\/Design-sem-nome-2024-04-05T095130.773-1024x119.jpg\" alt=\"\" width=\"696\" height=\"81\" srcset=\"https:\/\/www.institutodeengenharia.org.br\/site\/wp-content\/uploads\/2024\/02\/Design-sem-nome-2024-04-05T095130.773-1024x119.jpg 1024w, https:\/\/www.institutodeengenharia.org.br\/site\/wp-content\/uploads\/2024\/02\/Design-sem-nome-2024-04-05T095130.773-300x35.jpg 300w, https:\/\/www.institutodeengenharia.org.br\/site\/wp-content\/uploads\/2024\/02\/Design-sem-nome-2024-04-05T095130.773-768x90.jpg 768w, https:\/\/www.institutodeengenharia.org.br\/site\/wp-content\/uploads\/2024\/02\/Design-sem-nome-2024-04-05T095130.773-1536x179.jpg 1536w, https:\/\/www.institutodeengenharia.org.br\/site\/wp-content\/uploads\/2024\/02\/Design-sem-nome-2024-04-05T095130.773-696x81.jpg 696w, https:\/\/www.institutodeengenharia.org.br\/site\/wp-content\/uploads\/2024\/02\/Design-sem-nome-2024-04-05T095130.773-1068x125.jpg 1068w, https:\/\/www.institutodeengenharia.org.br\/site\/wp-content\/uploads\/2024\/02\/Design-sem-nome-2024-04-05T095130.773-600x70.jpg 600w, https:\/\/www.institutodeengenharia.org.br\/site\/wp-content\/uploads\/2024\/02\/Design-sem-nome-2024-04-05T095130.773.jpg 1920w\" sizes=\"auto, (max-width: 696px) 100vw, 696px\" \/><\/p>\n<p>&nbsp;<\/p>\n<p><strong>Apoio \u00e0 forma\u00e7\u00e3o:\u00a0<\/strong><\/p>\n<p>Espa\u00e7o aberto ao CREA-SP, objetivando o aperfei\u00e7oamento dos profissionais e o aprimoramento da fiscaliza\u00e7\u00e3o das \u00e1reas abrangidas pelo Sistema Confea\/CREAs, al\u00e9m de promover a conscientiza\u00e7\u00e3o da sociedade quanto \u00e0 necessidade e obrigatoriedade de contratar um profissional devidamente habilitado.<\/p>\n","protected":false},"excerpt":{"rendered":"<p>Assista abaixo \u00e0 grava\u00e7\u00e3o do evento: &nbsp; + Informa\u00e7\u00f5es:\u00a0 Garante mobilidade, com seguran\u00e7a, menor custo, sendo mais sustent\u00e1vel que outros modos de transporte. Melhora a qualidade de vida dos habitantes, mais amig\u00e1vel, harm\u00f4nico e silencioso, reduz os tempos de viagem, reduz o n\u00famero de acidentes, promove a reurbaniza\u00e7\u00e3o do entorno, criando mercados (novos polos geradores [&hellip;]<\/p>\n","protected":false},"author":13,"featured_media":120189,"comment_status":"open","ping_status":"open","sticky":false,"template":"","format":"video","meta":{"footnotes":""},"categories":[968,969],"tags":[1176],"class_list":{"0":"post-120485","1":"post","2":"type-post","3":"status-publish","4":"format-video","5":"has-post-thumbnail","7":"category-nova-tv-engenharia","8":"category-palestra","9":"tag-video-home","10":"post_format-post-format-video"},"yoast_head":"<!-- This site is optimized with the Yoast SEO plugin v27.2 - https:\/\/yoast.com\/product\/yoast-seo-wordpress\/ -->\n<title>VLT - Mobilidade e Requalifica\u00e7\u00e3o Urbana - Instituto de Engenharia<\/title>\n<meta name=\"robots\" content=\"index, follow, max-snippet:-1, max-image-preview:large, max-video-preview:-1\" \/>\n<link rel=\"canonical\" href=\"https:\/\/www.institutodeengenharia.org.br\/site\/2024\/05\/16\/vlt-mobilidade-e-requalificacao-urbana\/\" \/>\n<meta property=\"og:locale\" content=\"pt_BR\" \/>\n<meta property=\"og:type\" content=\"article\" \/>\n<meta property=\"og:title\" content=\"VLT - Mobilidade e Requalifica\u00e7\u00e3o Urbana - Instituto de Engenharia\" \/>\n<meta property=\"og:description\" content=\"Assista abaixo \u00e0 grava\u00e7\u00e3o do evento: &nbsp; + Informa\u00e7\u00f5es:\u00a0 Garante mobilidade, com seguran\u00e7a, menor custo, sendo mais sustent\u00e1vel que outros modos de transporte. Melhora a qualidade de vida dos habitantes, mais amig\u00e1vel, harm\u00f4nico e silencioso, reduz os tempos de viagem, reduz o n\u00famero de acidentes, promove a reurbaniza\u00e7\u00e3o do entorno, criando mercados (novos polos geradores [&hellip;]\" \/>\n<meta property=\"og:url\" content=\"https:\/\/www.institutodeengenharia.org.br\/site\/2024\/05\/16\/vlt-mobilidade-e-requalificacao-urbana\/\" \/>\n<meta property=\"og:site_name\" content=\"Instituto de Engenharia\" \/>\n<meta property=\"article:publisher\" content=\"https:\/\/www.facebook.com\/institutodeengenharia\" \/>\n<meta property=\"article:published_time\" content=\"2024-05-16T15:11:16+00:00\" \/>\n<meta property=\"article:modified_time\" content=\"2025-04-08T14:39:54+00:00\" \/>\n<meta property=\"og:image\" content=\"https:\/\/www.institutodeengenharia.org.br\/site\/wp-content\/uploads\/2024\/05\/MicrosoftTeams-image_433.png\" \/>\n\t<meta property=\"og:image:width\" content=\"1078\" \/>\n\t<meta property=\"og:image:height\" content=\"554\" \/>\n\t<meta property=\"og:image:type\" content=\"image\/png\" \/>\n<meta name=\"author\" content=\"Bianca\" \/>\n<meta name=\"twitter:card\" content=\"summary_large_image\" \/>\n<meta name=\"twitter:creator\" content=\"@iengenharia\" \/>\n<meta name=\"twitter:site\" content=\"@iengenharia\" \/>\n<meta name=\"twitter:label1\" content=\"Escrito por\" \/>\n\t<meta name=\"twitter:data1\" content=\"Bianca\" \/>\n\t<meta name=\"twitter:label2\" content=\"Est. tempo de leitura\" \/>\n\t<meta name=\"twitter:data2\" content=\"5 minutos\" \/>\n<script type=\"application\/ld+json\" class=\"yoast-schema-graph\">{\"@context\":\"https:\/\/schema.org\",\"@graph\":[{\"@type\":\"Article\",\"@id\":\"https:\/\/www.institutodeengenharia.org.br\/site\/2024\/05\/16\/vlt-mobilidade-e-requalificacao-urbana\/#article\",\"isPartOf\":{\"@id\":\"https:\/\/www.institutodeengenharia.org.br\/site\/2024\/05\/16\/vlt-mobilidade-e-requalificacao-urbana\/\"},\"author\":{\"name\":\"Bianca\",\"@id\":\"https:\/\/www.institutodeengenharia.org.br\/site\/#\/schema\/person\/aeb64951c405e100d26d30b033dd423f\"},\"headline\":\"VLT &#8211; Mobilidade e Requalifica\u00e7\u00e3o Urbana\",\"datePublished\":\"2024-05-16T15:11:16+00:00\",\"dateModified\":\"2025-04-08T14:39:54+00:00\",\"mainEntityOfPage\":{\"@id\":\"https:\/\/www.institutodeengenharia.org.br\/site\/2024\/05\/16\/vlt-mobilidade-e-requalificacao-urbana\/\"},\"wordCount\":595,\"commentCount\":0,\"publisher\":{\"@id\":\"https:\/\/www.institutodeengenharia.org.br\/site\/#organization\"},\"image\":{\"@id\":\"https:\/\/www.institutodeengenharia.org.br\/site\/2024\/05\/16\/vlt-mobilidade-e-requalificacao-urbana\/#primaryimage\"},\"thumbnailUrl\":\"https:\/\/www.institutodeengenharia.org.br\/site\/wp-content\/uploads\/2024\/05\/MicrosoftTeams-image_433.png\",\"keywords\":[\"video-home\"],\"articleSection\":[\"Nova TV Engenharia\",\"Palestra\"],\"inLanguage\":\"pt-BR\",\"potentialAction\":[{\"@type\":\"CommentAction\",\"name\":\"Comment\",\"target\":[\"https:\/\/www.institutodeengenharia.org.br\/site\/2024\/05\/16\/vlt-mobilidade-e-requalificacao-urbana\/#respond\"]}]},{\"@type\":\"WebPage\",\"@id\":\"https:\/\/www.institutodeengenharia.org.br\/site\/2024\/05\/16\/vlt-mobilidade-e-requalificacao-urbana\/\",\"url\":\"https:\/\/www.institutodeengenharia.org.br\/site\/2024\/05\/16\/vlt-mobilidade-e-requalificacao-urbana\/\",\"name\":\"VLT - Mobilidade e Requalifica\u00e7\u00e3o Urbana - Instituto de Engenharia\",\"isPartOf\":{\"@id\":\"https:\/\/www.institutodeengenharia.org.br\/site\/#website\"},\"primaryImageOfPage\":{\"@id\":\"https:\/\/www.institutodeengenharia.org.br\/site\/2024\/05\/16\/vlt-mobilidade-e-requalificacao-urbana\/#primaryimage\"},\"image\":{\"@id\":\"https:\/\/www.institutodeengenharia.org.br\/site\/2024\/05\/16\/vlt-mobilidade-e-requalificacao-urbana\/#primaryimage\"},\"thumbnailUrl\":\"https:\/\/www.institutodeengenharia.org.br\/site\/wp-content\/uploads\/2024\/05\/MicrosoftTeams-image_433.png\",\"datePublished\":\"2024-05-16T15:11:16+00:00\",\"dateModified\":\"2025-04-08T14:39:54+00:00\",\"breadcrumb\":{\"@id\":\"https:\/\/www.institutodeengenharia.org.br\/site\/2024\/05\/16\/vlt-mobilidade-e-requalificacao-urbana\/#breadcrumb\"},\"inLanguage\":\"pt-BR\",\"potentialAction\":[{\"@type\":\"ReadAction\",\"target\":[\"https:\/\/www.institutodeengenharia.org.br\/site\/2024\/05\/16\/vlt-mobilidade-e-requalificacao-urbana\/\"]}]},{\"@type\":\"ImageObject\",\"inLanguage\":\"pt-BR\",\"@id\":\"https:\/\/www.institutodeengenharia.org.br\/site\/2024\/05\/16\/vlt-mobilidade-e-requalificacao-urbana\/#primaryimage\",\"url\":\"https:\/\/www.institutodeengenharia.org.br\/site\/wp-content\/uploads\/2024\/05\/MicrosoftTeams-image_433.png\",\"contentUrl\":\"https:\/\/www.institutodeengenharia.org.br\/site\/wp-content\/uploads\/2024\/05\/MicrosoftTeams-image_433.png\",\"width\":1078,\"height\":554},{\"@type\":\"BreadcrumbList\",\"@id\":\"https:\/\/www.institutodeengenharia.org.br\/site\/2024\/05\/16\/vlt-mobilidade-e-requalificacao-urbana\/#breadcrumb\",\"itemListElement\":[{\"@type\":\"ListItem\",\"position\":1,\"name\":\"In\u00edcio\",\"item\":\"https:\/\/www.institutodeengenharia.org.br\/site\/\"},{\"@type\":\"ListItem\",\"position\":2,\"name\":\"VLT &#8211; Mobilidade e Requalifica\u00e7\u00e3o Urbana\"}]},{\"@type\":\"WebSite\",\"@id\":\"https:\/\/www.institutodeengenharia.org.br\/site\/#website\",\"url\":\"https:\/\/www.institutodeengenharia.org.br\/site\/\",\"name\":\"Instituto de Engenharia\",\"description\":\"O Instituto de Engenharia promove a Engenharia em benef\u00edcio do desenvolvimento e da qualidade de vida da sociedade.\",\"publisher\":{\"@id\":\"https:\/\/www.institutodeengenharia.org.br\/site\/#organization\"},\"potentialAction\":[{\"@type\":\"SearchAction\",\"target\":{\"@type\":\"EntryPoint\",\"urlTemplate\":\"https:\/\/www.institutodeengenharia.org.br\/site\/?s={search_term_string}\"},\"query-input\":{\"@type\":\"PropertyValueSpecification\",\"valueRequired\":true,\"valueName\":\"search_term_string\"}}],\"inLanguage\":\"pt-BR\"},{\"@type\":\"Organization\",\"@id\":\"https:\/\/www.institutodeengenharia.org.br\/site\/#organization\",\"name\":\"Instituto de Engenharia\",\"url\":\"https:\/\/www.institutodeengenharia.org.br\/site\/\",\"logo\":{\"@type\":\"ImageObject\",\"inLanguage\":\"pt-BR\",\"@id\":\"https:\/\/www.institutodeengenharia.org.br\/site\/#\/schema\/logo\/image\/\",\"url\":\"https:\/\/www.institutodeengenharia.org.br\/site\/wp-content\/uploads\/2019\/03\/logo-novo-IE2018-1.jpg\",\"contentUrl\":\"https:\/\/www.institutodeengenharia.org.br\/site\/wp-content\/uploads\/2019\/03\/logo-novo-IE2018-1.jpg\",\"width\":1486,\"height\":1879,\"caption\":\"Instituto de Engenharia\"},\"image\":{\"@id\":\"https:\/\/www.institutodeengenharia.org.br\/site\/#\/schema\/logo\/image\/\"},\"sameAs\":[\"https:\/\/www.facebook.com\/institutodeengenharia\",\"https:\/\/x.com\/iengenharia\",\"https:\/\/www.instagram.com\/institutodeengenharia\/\",\"https:\/\/www.linkedin.com\/company\/instituto-de-engenharia\/\",\"https:\/\/www.youtube.com\/channel\/UCXiCAlsSMe977vamW915HxA\"]},{\"@type\":\"Person\",\"@id\":\"https:\/\/www.institutodeengenharia.org.br\/site\/#\/schema\/person\/aeb64951c405e100d26d30b033dd423f\",\"name\":\"Bianca\",\"image\":{\"@type\":\"ImageObject\",\"inLanguage\":\"pt-BR\",\"@id\":\"https:\/\/secure.gravatar.com\/avatar\/a6fbe9bff57405baf4c1e2c5c1811e072b558253974a9f9508f4678900c97c2a?s=96&d=mm&r=g\",\"url\":\"https:\/\/secure.gravatar.com\/avatar\/a6fbe9bff57405baf4c1e2c5c1811e072b558253974a9f9508f4678900c97c2a?s=96&d=mm&r=g\",\"contentUrl\":\"https:\/\/secure.gravatar.com\/avatar\/a6fbe9bff57405baf4c1e2c5c1811e072b558253974a9f9508f4678900c97c2a?s=96&d=mm&r=g\",\"caption\":\"Bianca\"},\"url\":\"https:\/\/www.institutodeengenharia.org.br\/site\/author\/comunicacao1\/\"}]}<\/script>\n<!-- \/ Yoast SEO plugin. -->","yoast_head_json":{"title":"VLT - Mobilidade e Requalifica\u00e7\u00e3o Urbana - Instituto de Engenharia","robots":{"index":"index","follow":"follow","max-snippet":"max-snippet:-1","max-image-preview":"max-image-preview:large","max-video-preview":"max-video-preview:-1"},"canonical":"https:\/\/www.institutodeengenharia.org.br\/site\/2024\/05\/16\/vlt-mobilidade-e-requalificacao-urbana\/","og_locale":"pt_BR","og_type":"article","og_title":"VLT - Mobilidade e Requalifica\u00e7\u00e3o Urbana - Instituto de Engenharia","og_description":"Assista abaixo \u00e0 grava\u00e7\u00e3o do evento: &nbsp; + Informa\u00e7\u00f5es:\u00a0 Garante mobilidade, com seguran\u00e7a, menor custo, sendo mais sustent\u00e1vel que outros modos de transporte. Melhora a qualidade de vida dos habitantes, mais amig\u00e1vel, harm\u00f4nico e silencioso, reduz os tempos de viagem, reduz o n\u00famero de acidentes, promove a reurbaniza\u00e7\u00e3o do entorno, criando mercados (novos polos geradores [&hellip;]","og_url":"https:\/\/www.institutodeengenharia.org.br\/site\/2024\/05\/16\/vlt-mobilidade-e-requalificacao-urbana\/","og_site_name":"Instituto de Engenharia","article_publisher":"https:\/\/www.facebook.com\/institutodeengenharia","article_published_time":"2024-05-16T15:11:16+00:00","article_modified_time":"2025-04-08T14:39:54+00:00","og_image":[{"width":1078,"height":554,"url":"https:\/\/www.institutodeengenharia.org.br\/site\/wp-content\/uploads\/2024\/05\/MicrosoftTeams-image_433.png","type":"image\/png"}],"author":"Bianca","twitter_card":"summary_large_image","twitter_creator":"@iengenharia","twitter_site":"@iengenharia","twitter_misc":{"Escrito por":"Bianca","Est. tempo de leitura":"5 minutos"},"schema":{"@context":"https:\/\/schema.org","@graph":[{"@type":"Article","@id":"https:\/\/www.institutodeengenharia.org.br\/site\/2024\/05\/16\/vlt-mobilidade-e-requalificacao-urbana\/#article","isPartOf":{"@id":"https:\/\/www.institutodeengenharia.org.br\/site\/2024\/05\/16\/vlt-mobilidade-e-requalificacao-urbana\/"},"author":{"name":"Bianca","@id":"https:\/\/www.institutodeengenharia.org.br\/site\/#\/schema\/person\/aeb64951c405e100d26d30b033dd423f"},"headline":"VLT &#8211; Mobilidade e Requalifica\u00e7\u00e3o Urbana","datePublished":"2024-05-16T15:11:16+00:00","dateModified":"2025-04-08T14:39:54+00:00","mainEntityOfPage":{"@id":"https:\/\/www.institutodeengenharia.org.br\/site\/2024\/05\/16\/vlt-mobilidade-e-requalificacao-urbana\/"},"wordCount":595,"commentCount":0,"publisher":{"@id":"https:\/\/www.institutodeengenharia.org.br\/site\/#organization"},"image":{"@id":"https:\/\/www.institutodeengenharia.org.br\/site\/2024\/05\/16\/vlt-mobilidade-e-requalificacao-urbana\/#primaryimage"},"thumbnailUrl":"https:\/\/www.institutodeengenharia.org.br\/site\/wp-content\/uploads\/2024\/05\/MicrosoftTeams-image_433.png","keywords":["video-home"],"articleSection":["Nova TV Engenharia","Palestra"],"inLanguage":"pt-BR","potentialAction":[{"@type":"CommentAction","name":"Comment","target":["https:\/\/www.institutodeengenharia.org.br\/site\/2024\/05\/16\/vlt-mobilidade-e-requalificacao-urbana\/#respond"]}]},{"@type":"WebPage","@id":"https:\/\/www.institutodeengenharia.org.br\/site\/2024\/05\/16\/vlt-mobilidade-e-requalificacao-urbana\/","url":"https:\/\/www.institutodeengenharia.org.br\/site\/2024\/05\/16\/vlt-mobilidade-e-requalificacao-urbana\/","name":"VLT - Mobilidade e Requalifica\u00e7\u00e3o Urbana - Instituto de Engenharia","isPartOf":{"@id":"https:\/\/www.institutodeengenharia.org.br\/site\/#website"},"primaryImageOfPage":{"@id":"https:\/\/www.institutodeengenharia.org.br\/site\/2024\/05\/16\/vlt-mobilidade-e-requalificacao-urbana\/#primaryimage"},"image":{"@id":"https:\/\/www.institutodeengenharia.org.br\/site\/2024\/05\/16\/vlt-mobilidade-e-requalificacao-urbana\/#primaryimage"},"thumbnailUrl":"https:\/\/www.institutodeengenharia.org.br\/site\/wp-content\/uploads\/2024\/05\/MicrosoftTeams-image_433.png","datePublished":"2024-05-16T15:11:16+00:00","dateModified":"2025-04-08T14:39:54+00:00","breadcrumb":{"@id":"https:\/\/www.institutodeengenharia.org.br\/site\/2024\/05\/16\/vlt-mobilidade-e-requalificacao-urbana\/#breadcrumb"},"inLanguage":"pt-BR","potentialAction":[{"@type":"ReadAction","target":["https:\/\/www.institutodeengenharia.org.br\/site\/2024\/05\/16\/vlt-mobilidade-e-requalificacao-urbana\/"]}]},{"@type":"ImageObject","inLanguage":"pt-BR","@id":"https:\/\/www.institutodeengenharia.org.br\/site\/2024\/05\/16\/vlt-mobilidade-e-requalificacao-urbana\/#primaryimage","url":"https:\/\/www.institutodeengenharia.org.br\/site\/wp-content\/uploads\/2024\/05\/MicrosoftTeams-image_433.png","contentUrl":"https:\/\/www.institutodeengenharia.org.br\/site\/wp-content\/uploads\/2024\/05\/MicrosoftTeams-image_433.png","width":1078,"height":554},{"@type":"BreadcrumbList","@id":"https:\/\/www.institutodeengenharia.org.br\/site\/2024\/05\/16\/vlt-mobilidade-e-requalificacao-urbana\/#breadcrumb","itemListElement":[{"@type":"ListItem","position":1,"name":"In\u00edcio","item":"https:\/\/www.institutodeengenharia.org.br\/site\/"},{"@type":"ListItem","position":2,"name":"VLT &#8211; Mobilidade e Requalifica\u00e7\u00e3o Urbana"}]},{"@type":"WebSite","@id":"https:\/\/www.institutodeengenharia.org.br\/site\/#website","url":"https:\/\/www.institutodeengenharia.org.br\/site\/","name":"Instituto de Engenharia","description":"O Instituto de Engenharia promove a Engenharia em benef\u00edcio do desenvolvimento e da qualidade de vida da sociedade.","publisher":{"@id":"https:\/\/www.institutodeengenharia.org.br\/site\/#organization"},"potentialAction":[{"@type":"SearchAction","target":{"@type":"EntryPoint","urlTemplate":"https:\/\/www.institutodeengenharia.org.br\/site\/?s={search_term_string}"},"query-input":{"@type":"PropertyValueSpecification","valueRequired":true,"valueName":"search_term_string"}}],"inLanguage":"pt-BR"},{"@type":"Organization","@id":"https:\/\/www.institutodeengenharia.org.br\/site\/#organization","name":"Instituto de Engenharia","url":"https:\/\/www.institutodeengenharia.org.br\/site\/","logo":{"@type":"ImageObject","inLanguage":"pt-BR","@id":"https:\/\/www.institutodeengenharia.org.br\/site\/#\/schema\/logo\/image\/","url":"https:\/\/www.institutodeengenharia.org.br\/site\/wp-content\/uploads\/2019\/03\/logo-novo-IE2018-1.jpg","contentUrl":"https:\/\/www.institutodeengenharia.org.br\/site\/wp-content\/uploads\/2019\/03\/logo-novo-IE2018-1.jpg","width":1486,"height":1879,"caption":"Instituto de Engenharia"},"image":{"@id":"https:\/\/www.institutodeengenharia.org.br\/site\/#\/schema\/logo\/image\/"},"sameAs":["https:\/\/www.facebook.com\/institutodeengenharia","https:\/\/x.com\/iengenharia","https:\/\/www.instagram.com\/institutodeengenharia\/","https:\/\/www.linkedin.com\/company\/instituto-de-engenharia\/","https:\/\/www.youtube.com\/channel\/UCXiCAlsSMe977vamW915HxA"]},{"@type":"Person","@id":"https:\/\/www.institutodeengenharia.org.br\/site\/#\/schema\/person\/aeb64951c405e100d26d30b033dd423f","name":"Bianca","image":{"@type":"ImageObject","inLanguage":"pt-BR","@id":"https:\/\/secure.gravatar.com\/avatar\/a6fbe9bff57405baf4c1e2c5c1811e072b558253974a9f9508f4678900c97c2a?s=96&d=mm&r=g","url":"https:\/\/secure.gravatar.com\/avatar\/a6fbe9bff57405baf4c1e2c5c1811e072b558253974a9f9508f4678900c97c2a?s=96&d=mm&r=g","contentUrl":"https:\/\/secure.gravatar.com\/avatar\/a6fbe9bff57405baf4c1e2c5c1811e072b558253974a9f9508f4678900c97c2a?s=96&d=mm&r=g","caption":"Bianca"},"url":"https:\/\/www.institutodeengenharia.org.br\/site\/author\/comunicacao1\/"}]}},"_links":{"self":[{"href":"https:\/\/www.institutodeengenharia.org.br\/site\/wp-json\/wp\/v2\/posts\/120485","targetHints":{"allow":["GET"]}}],"collection":[{"href":"https:\/\/www.institutodeengenharia.org.br\/site\/wp-json\/wp\/v2\/posts"}],"about":[{"href":"https:\/\/www.institutodeengenharia.org.br\/site\/wp-json\/wp\/v2\/types\/post"}],"author":[{"embeddable":true,"href":"https:\/\/www.institutodeengenharia.org.br\/site\/wp-json\/wp\/v2\/users\/13"}],"replies":[{"embeddable":true,"href":"https:\/\/www.institutodeengenharia.org.br\/site\/wp-json\/wp\/v2\/comments?post=120485"}],"version-history":[{"count":1,"href":"https:\/\/www.institutodeengenharia.org.br\/site\/wp-json\/wp\/v2\/posts\/120485\/revisions"}],"predecessor-version":[{"id":120486,"href":"https:\/\/www.institutodeengenharia.org.br\/site\/wp-json\/wp\/v2\/posts\/120485\/revisions\/120486"}],"wp:featuredmedia":[{"embeddable":true,"href":"https:\/\/www.institutodeengenharia.org.br\/site\/wp-json\/wp\/v2\/media\/120189"}],"wp:attachment":[{"href":"https:\/\/www.institutodeengenharia.org.br\/site\/wp-json\/wp\/v2\/media?parent=120485"}],"wp:term":[{"taxonomy":"category","embeddable":true,"href":"https:\/\/www.institutodeengenharia.org.br\/site\/wp-json\/wp\/v2\/categories?post=120485"},{"taxonomy":"post_tag","embeddable":true,"href":"https:\/\/www.institutodeengenharia.org.br\/site\/wp-json\/wp\/v2\/tags?post=120485"}],"curies":[{"name":"wp","href":"https:\/\/api.w.org\/{rel}","templated":true}]}}