{"id":120472,"date":"2024-06-03T10:35:55","date_gmt":"2024-06-03T13:35:55","guid":{"rendered":"https:\/\/www.institutodeengenharia.org.br\/site\/?p=120472"},"modified":"2024-06-03T14:00:57","modified_gmt":"2024-06-03T17:00:57","slug":"por-jose-eduardo-cavalcanti-as-cheias-em-porto-alegre-em-maio-de-2024","status":"publish","type":"post","link":"https:\/\/www.institutodeengenharia.org.br\/site\/2024\/06\/03\/por-jose-eduardo-cavalcanti-as-cheias-em-porto-alegre-em-maio-de-2024\/","title":{"rendered":"Por Jos\u00e9 Eduardo Cavalcanti \u2013 As cheias em Porto Alegre em Maio de 2024"},"content":{"rendered":"<p>Este texto est\u00e1 sendo escrito com Rio Grande do Sul ainda padecendo dos efeitos das grandes chuvas que est\u00e3o assolando a maior parte do estado e sua Capital, particularmente nas \u00e1reas banhadas pelos rios Gravata\u00ed, Ca\u00ed, Jacu\u00ed, Sinos, todos afluentes do rio Gua\u00edba, rio Taquari-Antas e pelo entorno da Lagoa dos Patos para onde afluem as \u00e1guas do Gua\u00edba.<\/p>\n<p>Segundo o mais recente levantamento do governo do estado, este evento extremo atingiu 262 munic\u00edpios causando169 mortes com 626 mil pessoas desalojadas de suas casas. Atingiu tamb\u00e9m 283 mil casas, 273 escolas, 100 unidades b\u00e1sicas de sa\u00fade e danificou 116 mil empresas. A Secretaria da Sa\u00fade confirmou uma morte por leptospirose e identificou 1900 casos suspeitos.<\/p>\n<p>De acordo com dados meteorol\u00f3gicos, entre 24 de abril e 4 de maio a precipita\u00e7\u00e3o alcan\u00e7ou 420 mm, sendo que a m\u00e9dia no per\u00edodo \u00e9 de 180 mm,<\/p>\n<p>Para se ter uma ideia da intensidade pluviom\u00e9trica, na grande cheia de 1941 o rio Gua\u00edba atingiu a cota de 4.8 metros, enquanto que no atual momento o Gua\u00edba chegou a registrar 5.37 metros em 7 de maio.<\/p>\n<p>Esta situa\u00e7\u00e3o provocou grandes alagamentos nas \u00e1reas baixas destes munic\u00edpios ocasionando estragos e destrui\u00e7\u00e3o nos munic\u00edpios da Regi\u00e3o Metropolitana, Gua\u00edba, Eldorado, Porto Alegre, Esteio, Sapucaia, e Novo Hamburgo.<\/p>\n<p>Com rela\u00e7\u00e3o a Porto Alegre, como se sabe a cidade tem o melhor sistema de prote\u00e7\u00e3o contra cheias no Brasil, composto por diques, elevat\u00f3rias e o Muro da Mau\u00e1, constru\u00eddo pelo DNOS com consultoria alem\u00e3 ao longo das d\u00e9cadas de 60 a 80, por conta da grande cheia ocorrida coincidentemente entre abril e maio de 1941.<\/p>\n<p>O Muro da Mau\u00e1, implantado entre1971 e 1974, em concreto armado com 6 metros de altura, sendo tr\u00eas metros abaixo do solo e outros tr\u00eas acima, com 2647 metros de extens\u00e3o (cerca de 4% de toda extens\u00e3o dos diques da Capital) \u00e9 respons\u00e1vel por proteger a \u00e1rea central e zona norte. (A altura do muro foi estabelecida em 6 metros em fun\u00e7\u00e3o da cota m\u00e1xima de inunda\u00e7\u00e3o, adotando-se um per\u00edodo de recorr\u00eancia de 300 anos, tendo em vista a aus\u00eancia de dados hidrol\u00f3gicos mais precisos).<\/p>\n<p>Al\u00e9m do muro da Mau\u00e1, a barreira de conten\u00e7\u00e3o, cuja implanta\u00e7\u00e3o se iniciou ao final da d\u00e9cada de 60, agrega tamb\u00e9m 68 quil\u00f4metros de diques externos e internos circundando a cidade, 14 comportas de superf\u00edcie no muro e diques, al\u00e9m de comportas por gravidade instaladas nas 23 casas de bombas com capacidade m\u00e9dia de 10 m3\/s, cada. Esta barreira inicia-se na zona Norte, no entroncamento da <em>freeway<\/em> com a avenida Assis Brasil e continua at\u00e9 a altura da Ponte do Gua\u00edba, na BR 290.<\/p>\n<p>As comportas por gravidade se fecham automaticamente com a press\u00e3o das \u00e1guas quando o rio sobe acima da cota 3 (cota de transbordamento no cais Mau\u00e1) acionando o sistema de bombeamento permitindo o escoamento pela eleva\u00e7\u00e3o das \u00e1guas represadas pelos diques e pelo muro.<\/p>\n<p>Diante disso, os efeitos destas chuvas em Porto Alegre poderiam ter sido significativamente minimizados se n\u00e3o tivesse havido o colapso do sistema por pura falta de manuten\u00e7\u00e3o.<\/p>\n<p>De acordo com o Eng.\u00ba Carlos Atilio Todeschini, ex-diretor do Dmae \u2013 Departamento Municipal de \u00c1gua e Esgotos, autarquia respons\u00e1vel tamb\u00e9m pela opera\u00e7\u00e3o e manuten\u00e7\u00e3o do sistema, o colapso se deu em virtude dos servi\u00e7os b\u00e1sicos de manuten\u00e7\u00e3o n\u00e3o terem sido realizados, falha que redundou na deteriora\u00e7\u00e3o das comportas de superf\u00edcie que apresentam estruturas corro\u00eddas, emperradas, sem veda\u00e7\u00e3o, abauladas e sem mobilidade prejudicando seu funcionamento que por esta raz\u00e3o n\u00e3o resistiram \u00e0 for\u00e7a das \u00e1guas. Para se ter uma ideia, no auge da inunda\u00e7\u00e3o apenas 4 das 23 casas de bombas estavam funcionando!<\/p>\n<p>Mesmo assim, ainda segundo o Eng.\u00ba Todeschini, a estrutura de controle de cheias teria se mostrado efetivo, caso estivesse plenamente operacional, visto que o sistema n\u00e3o transbordou pois ainda havia 63 cm de folga quando o n\u00edvel do Gua\u00edba atingiu seu m\u00e1ximo de 5.37 m.<\/p>\n<p>Mudan\u00e7as clim\u00e1ticas tamb\u00e9m s\u00e3o respons\u00e1veis pelo aumento das frequ\u00eancias da ocorr\u00eancia de eventos extremos como o caso presente no Rio Grande do Sul o que justificaria uma revis\u00e3o o sistema de prote\u00e7\u00e3o contra as cheias de Porto Alegre que at\u00e9 muito recentemente era menosprezado pelas autoridades ga\u00fachas que simplesmente propugnavam pela demoli\u00e7\u00e3o do muro da Mau\u00e1 que no entender deles era feio e impedia o desenvolvimento e a moderniza\u00e7\u00e3o da orla portu\u00e1ria da cidade e do Centro Hist\u00f3rico!<\/p>\n<p>Fontes: Eng.\u00ba Carlos At\u00edlio Todeschini e Eng.\u00ba Carlos Alberto Tavares Ferreira<\/p>\n<p>________________________________________________________________________<\/p>\n<p><img loading=\"lazy\" decoding=\"async\" class=\"wp-image-31353 alignleft td-animation-stack-type0-2\" src=\"https:\/\/www.institutodeengenharia.org.br\/site\/wp-content\/uploads\/2018\/02\/cavalcanti-alta2-e1547225067645.jpg\" sizes=\"auto, (max-width: 169px) 100vw, 169px\" srcset=\"https:\/\/www.institutodeengenharia.org.br\/site\/wp-content\/uploads\/2018\/02\/cavalcanti-alta2-e1547225067645.jpg 606w, https:\/\/www.institutodeengenharia.org.br\/site\/wp-content\/uploads\/2018\/02\/cavalcanti-alta2-e1547225067645-150x150.jpg 150w, https:\/\/www.institutodeengenharia.org.br\/site\/wp-content\/uploads\/2018\/02\/cavalcanti-alta2-e1547225067645-298x300.jpg 298w, https:\/\/www.institutodeengenharia.org.br\/site\/wp-content\/uploads\/2018\/02\/cavalcanti-alta2-e1547225067645-417x420.jpg 417w\" alt=\"\" width=\"169\" height=\"170\" \/><\/p>\n<p>Jos\u00e9 Eduardo Cavalcanti \u00e9 engenheiro consultor, diretor do Departamento de Engenharia da Ambiental do Brasil, diretor da Divis\u00e3o de Saneamento do Deinfra \u2013 Departamento de Infraestrutura da Federa\u00e7\u00e3o das Ind\u00fastrias do Estado de S\u00e3o Paulo (Fiesp), conselheiro do Instituto de Engenharia, e membro da Comiss\u00e3o Editorial da Revista Engenharia. E-mail:\u00a0<a href=\"mailto:cavalcanti@ambientaldobrasil.com.br\">cavalcanti@ambientaldobrasil.com.br<\/a><\/p>\n<p>*<em>Os artigos publicados com assinatura, n\u00e3o traduzem necessariamente a opini\u00e3o do Instituto de Engenharia. Sua publica\u00e7\u00e3o obedece ao prop\u00f3sito de estimular o debate dos problemas brasileiros e de refletir as diversas tend\u00eancias do pensamento contempor\u00e2neo<\/em><\/p>\n","protected":false},"excerpt":{"rendered":"<p>Este texto est\u00e1 sendo escrito com Rio Grande do Sul ainda padecendo dos efeitos das grandes chuvas que est\u00e3o assolando a maior parte do estado e sua Capital, particularmente nas \u00e1reas banhadas pelos rios Gravata\u00ed, Ca\u00ed, Jacu\u00ed, Sinos, todos afluentes do rio Gua\u00edba, rio Taquari-Antas e pelo entorno da Lagoa dos Patos para onde afluem [&hellip;]<\/p>\n","protected":false},"author":13,"featured_media":120473,"comment_status":"open","ping_status":"open","sticky":false,"template":"","format":"standard","meta":{"footnotes":""},"categories":[11,92],"tags":[],"class_list":{"0":"post-120472","1":"post","2":"type-post","3":"status-publish","4":"format-standard","5":"has-post-thumbnail","7":"category-articulistas","8":"category-jose-eduardo-cavalcanti"},"yoast_head":"<!-- This site is optimized with the Yoast SEO plugin v27.2 - https:\/\/yoast.com\/product\/yoast-seo-wordpress\/ -->\n<title>Por Jos\u00e9 Eduardo Cavalcanti \u2013 As cheias em Porto Alegre em Maio de 2024 - Instituto de Engenharia<\/title>\n<meta name=\"robots\" content=\"index, follow, max-snippet:-1, max-image-preview:large, max-video-preview:-1\" \/>\n<link rel=\"canonical\" href=\"https:\/\/www.institutodeengenharia.org.br\/site\/2024\/06\/03\/por-jose-eduardo-cavalcanti-as-cheias-em-porto-alegre-em-maio-de-2024\/\" \/>\n<meta property=\"og:locale\" content=\"pt_BR\" \/>\n<meta property=\"og:type\" content=\"article\" \/>\n<meta property=\"og:title\" content=\"Por Jos\u00e9 Eduardo Cavalcanti \u2013 As cheias em Porto Alegre em Maio de 2024 - Instituto de Engenharia\" \/>\n<meta property=\"og:description\" content=\"Este texto est\u00e1 sendo escrito com Rio Grande do Sul ainda padecendo dos efeitos das grandes chuvas que est\u00e3o assolando a maior parte do estado e sua Capital, particularmente nas \u00e1reas banhadas pelos rios Gravata\u00ed, Ca\u00ed, Jacu\u00ed, Sinos, todos afluentes do rio Gua\u00edba, rio Taquari-Antas e pelo entorno da Lagoa dos Patos para onde afluem [&hellip;]\" \/>\n<meta property=\"og:url\" content=\"https:\/\/www.institutodeengenharia.org.br\/site\/2024\/06\/03\/por-jose-eduardo-cavalcanti-as-cheias-em-porto-alegre-em-maio-de-2024\/\" \/>\n<meta property=\"og:site_name\" content=\"Instituto de Engenharia\" \/>\n<meta property=\"article:publisher\" content=\"https:\/\/www.facebook.com\/institutodeengenharia\" \/>\n<meta property=\"article:published_time\" content=\"2024-06-03T13:35:55+00:00\" \/>\n<meta property=\"article:modified_time\" content=\"2024-06-03T17:00:57+00:00\" \/>\n<meta property=\"og:image\" content=\"https:\/\/www.institutodeengenharia.org.br\/site\/wp-content\/uploads\/2024\/06\/Design-sem-nome-2024-06-03T103326.469.jpg\" \/>\n\t<meta property=\"og:image:width\" content=\"1920\" \/>\n\t<meta property=\"og:image:height\" content=\"1080\" \/>\n\t<meta property=\"og:image:type\" content=\"image\/jpeg\" \/>\n<meta name=\"author\" content=\"Bianca\" \/>\n<meta name=\"twitter:card\" content=\"summary_large_image\" \/>\n<meta name=\"twitter:creator\" content=\"@iengenharia\" \/>\n<meta name=\"twitter:site\" content=\"@iengenharia\" \/>\n<meta name=\"twitter:label1\" content=\"Escrito por\" \/>\n\t<meta name=\"twitter:data1\" content=\"Bianca\" \/>\n\t<meta name=\"twitter:label2\" content=\"Est. tempo de leitura\" \/>\n\t<meta name=\"twitter:data2\" content=\"5 minutos\" \/>\n<script type=\"application\/ld+json\" class=\"yoast-schema-graph\">{\"@context\":\"https:\/\/schema.org\",\"@graph\":[{\"@type\":\"Article\",\"@id\":\"https:\/\/www.institutodeengenharia.org.br\/site\/2024\/06\/03\/por-jose-eduardo-cavalcanti-as-cheias-em-porto-alegre-em-maio-de-2024\/#article\",\"isPartOf\":{\"@id\":\"https:\/\/www.institutodeengenharia.org.br\/site\/2024\/06\/03\/por-jose-eduardo-cavalcanti-as-cheias-em-porto-alegre-em-maio-de-2024\/\"},\"author\":{\"name\":\"Bianca\",\"@id\":\"https:\/\/www.institutodeengenharia.org.br\/site\/#\/schema\/person\/aeb64951c405e100d26d30b033dd423f\"},\"headline\":\"Por Jos\u00e9 Eduardo Cavalcanti \u2013 As cheias em Porto Alegre em Maio de 2024\",\"datePublished\":\"2024-06-03T13:35:55+00:00\",\"dateModified\":\"2024-06-03T17:00:57+00:00\",\"mainEntityOfPage\":{\"@id\":\"https:\/\/www.institutodeengenharia.org.br\/site\/2024\/06\/03\/por-jose-eduardo-cavalcanti-as-cheias-em-porto-alegre-em-maio-de-2024\/\"},\"wordCount\":892,\"commentCount\":0,\"publisher\":{\"@id\":\"https:\/\/www.institutodeengenharia.org.br\/site\/#organization\"},\"image\":{\"@id\":\"https:\/\/www.institutodeengenharia.org.br\/site\/2024\/06\/03\/por-jose-eduardo-cavalcanti-as-cheias-em-porto-alegre-em-maio-de-2024\/#primaryimage\"},\"thumbnailUrl\":\"https:\/\/www.institutodeengenharia.org.br\/site\/wp-content\/uploads\/2024\/06\/Design-sem-nome-2024-06-03T103326.469.jpg\",\"articleSection\":[\"Articulistas\",\"Jos\u00e9 Eduardo Cavalcanti\"],\"inLanguage\":\"pt-BR\",\"potentialAction\":[{\"@type\":\"CommentAction\",\"name\":\"Comment\",\"target\":[\"https:\/\/www.institutodeengenharia.org.br\/site\/2024\/06\/03\/por-jose-eduardo-cavalcanti-as-cheias-em-porto-alegre-em-maio-de-2024\/#respond\"]}]},{\"@type\":\"WebPage\",\"@id\":\"https:\/\/www.institutodeengenharia.org.br\/site\/2024\/06\/03\/por-jose-eduardo-cavalcanti-as-cheias-em-porto-alegre-em-maio-de-2024\/\",\"url\":\"https:\/\/www.institutodeengenharia.org.br\/site\/2024\/06\/03\/por-jose-eduardo-cavalcanti-as-cheias-em-porto-alegre-em-maio-de-2024\/\",\"name\":\"Por Jos\u00e9 Eduardo Cavalcanti \u2013 As cheias em Porto Alegre em Maio de 2024 - Instituto de Engenharia\",\"isPartOf\":{\"@id\":\"https:\/\/www.institutodeengenharia.org.br\/site\/#website\"},\"primaryImageOfPage\":{\"@id\":\"https:\/\/www.institutodeengenharia.org.br\/site\/2024\/06\/03\/por-jose-eduardo-cavalcanti-as-cheias-em-porto-alegre-em-maio-de-2024\/#primaryimage\"},\"image\":{\"@id\":\"https:\/\/www.institutodeengenharia.org.br\/site\/2024\/06\/03\/por-jose-eduardo-cavalcanti-as-cheias-em-porto-alegre-em-maio-de-2024\/#primaryimage\"},\"thumbnailUrl\":\"https:\/\/www.institutodeengenharia.org.br\/site\/wp-content\/uploads\/2024\/06\/Design-sem-nome-2024-06-03T103326.469.jpg\",\"datePublished\":\"2024-06-03T13:35:55+00:00\",\"dateModified\":\"2024-06-03T17:00:57+00:00\",\"breadcrumb\":{\"@id\":\"https:\/\/www.institutodeengenharia.org.br\/site\/2024\/06\/03\/por-jose-eduardo-cavalcanti-as-cheias-em-porto-alegre-em-maio-de-2024\/#breadcrumb\"},\"inLanguage\":\"pt-BR\",\"potentialAction\":[{\"@type\":\"ReadAction\",\"target\":[\"https:\/\/www.institutodeengenharia.org.br\/site\/2024\/06\/03\/por-jose-eduardo-cavalcanti-as-cheias-em-porto-alegre-em-maio-de-2024\/\"]}]},{\"@type\":\"ImageObject\",\"inLanguage\":\"pt-BR\",\"@id\":\"https:\/\/www.institutodeengenharia.org.br\/site\/2024\/06\/03\/por-jose-eduardo-cavalcanti-as-cheias-em-porto-alegre-em-maio-de-2024\/#primaryimage\",\"url\":\"https:\/\/www.institutodeengenharia.org.br\/site\/wp-content\/uploads\/2024\/06\/Design-sem-nome-2024-06-03T103326.469.jpg\",\"contentUrl\":\"https:\/\/www.institutodeengenharia.org.br\/site\/wp-content\/uploads\/2024\/06\/Design-sem-nome-2024-06-03T103326.469.jpg\",\"width\":1920,\"height\":1080},{\"@type\":\"BreadcrumbList\",\"@id\":\"https:\/\/www.institutodeengenharia.org.br\/site\/2024\/06\/03\/por-jose-eduardo-cavalcanti-as-cheias-em-porto-alegre-em-maio-de-2024\/#breadcrumb\",\"itemListElement\":[{\"@type\":\"ListItem\",\"position\":1,\"name\":\"In\u00edcio\",\"item\":\"https:\/\/www.institutodeengenharia.org.br\/site\/\"},{\"@type\":\"ListItem\",\"position\":2,\"name\":\"Por Jos\u00e9 Eduardo Cavalcanti \u2013 As cheias em Porto Alegre em Maio de 2024\"}]},{\"@type\":\"WebSite\",\"@id\":\"https:\/\/www.institutodeengenharia.org.br\/site\/#website\",\"url\":\"https:\/\/www.institutodeengenharia.org.br\/site\/\",\"name\":\"Instituto de Engenharia\",\"description\":\"O Instituto de Engenharia promove a Engenharia em benef\u00edcio do desenvolvimento e da qualidade de vida da sociedade.\",\"publisher\":{\"@id\":\"https:\/\/www.institutodeengenharia.org.br\/site\/#organization\"},\"potentialAction\":[{\"@type\":\"SearchAction\",\"target\":{\"@type\":\"EntryPoint\",\"urlTemplate\":\"https:\/\/www.institutodeengenharia.org.br\/site\/?s={search_term_string}\"},\"query-input\":{\"@type\":\"PropertyValueSpecification\",\"valueRequired\":true,\"valueName\":\"search_term_string\"}}],\"inLanguage\":\"pt-BR\"},{\"@type\":\"Organization\",\"@id\":\"https:\/\/www.institutodeengenharia.org.br\/site\/#organization\",\"name\":\"Instituto de Engenharia\",\"url\":\"https:\/\/www.institutodeengenharia.org.br\/site\/\",\"logo\":{\"@type\":\"ImageObject\",\"inLanguage\":\"pt-BR\",\"@id\":\"https:\/\/www.institutodeengenharia.org.br\/site\/#\/schema\/logo\/image\/\",\"url\":\"https:\/\/www.institutodeengenharia.org.br\/site\/wp-content\/uploads\/2019\/03\/logo-novo-IE2018-1.jpg\",\"contentUrl\":\"https:\/\/www.institutodeengenharia.org.br\/site\/wp-content\/uploads\/2019\/03\/logo-novo-IE2018-1.jpg\",\"width\":1486,\"height\":1879,\"caption\":\"Instituto de Engenharia\"},\"image\":{\"@id\":\"https:\/\/www.institutodeengenharia.org.br\/site\/#\/schema\/logo\/image\/\"},\"sameAs\":[\"https:\/\/www.facebook.com\/institutodeengenharia\",\"https:\/\/x.com\/iengenharia\",\"https:\/\/www.instagram.com\/institutodeengenharia\/\",\"https:\/\/www.linkedin.com\/company\/instituto-de-engenharia\/\",\"https:\/\/www.youtube.com\/channel\/UCXiCAlsSMe977vamW915HxA\"]},{\"@type\":\"Person\",\"@id\":\"https:\/\/www.institutodeengenharia.org.br\/site\/#\/schema\/person\/aeb64951c405e100d26d30b033dd423f\",\"name\":\"Bianca\",\"image\":{\"@type\":\"ImageObject\",\"inLanguage\":\"pt-BR\",\"@id\":\"https:\/\/secure.gravatar.com\/avatar\/a6fbe9bff57405baf4c1e2c5c1811e072b558253974a9f9508f4678900c97c2a?s=96&d=mm&r=g\",\"url\":\"https:\/\/secure.gravatar.com\/avatar\/a6fbe9bff57405baf4c1e2c5c1811e072b558253974a9f9508f4678900c97c2a?s=96&d=mm&r=g\",\"contentUrl\":\"https:\/\/secure.gravatar.com\/avatar\/a6fbe9bff57405baf4c1e2c5c1811e072b558253974a9f9508f4678900c97c2a?s=96&d=mm&r=g\",\"caption\":\"Bianca\"},\"url\":\"https:\/\/www.institutodeengenharia.org.br\/site\/author\/comunicacao1\/\"}]}<\/script>\n<!-- \/ Yoast SEO plugin. -->","yoast_head_json":{"title":"Por Jos\u00e9 Eduardo Cavalcanti \u2013 As cheias em Porto Alegre em Maio de 2024 - Instituto de Engenharia","robots":{"index":"index","follow":"follow","max-snippet":"max-snippet:-1","max-image-preview":"max-image-preview:large","max-video-preview":"max-video-preview:-1"},"canonical":"https:\/\/www.institutodeengenharia.org.br\/site\/2024\/06\/03\/por-jose-eduardo-cavalcanti-as-cheias-em-porto-alegre-em-maio-de-2024\/","og_locale":"pt_BR","og_type":"article","og_title":"Por Jos\u00e9 Eduardo Cavalcanti \u2013 As cheias em Porto Alegre em Maio de 2024 - Instituto de Engenharia","og_description":"Este texto est\u00e1 sendo escrito com Rio Grande do Sul ainda padecendo dos efeitos das grandes chuvas que est\u00e3o assolando a maior parte do estado e sua Capital, particularmente nas \u00e1reas banhadas pelos rios Gravata\u00ed, Ca\u00ed, Jacu\u00ed, Sinos, todos afluentes do rio Gua\u00edba, rio Taquari-Antas e pelo entorno da Lagoa dos Patos para onde afluem [&hellip;]","og_url":"https:\/\/www.institutodeengenharia.org.br\/site\/2024\/06\/03\/por-jose-eduardo-cavalcanti-as-cheias-em-porto-alegre-em-maio-de-2024\/","og_site_name":"Instituto de Engenharia","article_publisher":"https:\/\/www.facebook.com\/institutodeengenharia","article_published_time":"2024-06-03T13:35:55+00:00","article_modified_time":"2024-06-03T17:00:57+00:00","og_image":[{"width":1920,"height":1080,"url":"https:\/\/www.institutodeengenharia.org.br\/site\/wp-content\/uploads\/2024\/06\/Design-sem-nome-2024-06-03T103326.469.jpg","type":"image\/jpeg"}],"author":"Bianca","twitter_card":"summary_large_image","twitter_creator":"@iengenharia","twitter_site":"@iengenharia","twitter_misc":{"Escrito por":"Bianca","Est. tempo de leitura":"5 minutos"},"schema":{"@context":"https:\/\/schema.org","@graph":[{"@type":"Article","@id":"https:\/\/www.institutodeengenharia.org.br\/site\/2024\/06\/03\/por-jose-eduardo-cavalcanti-as-cheias-em-porto-alegre-em-maio-de-2024\/#article","isPartOf":{"@id":"https:\/\/www.institutodeengenharia.org.br\/site\/2024\/06\/03\/por-jose-eduardo-cavalcanti-as-cheias-em-porto-alegre-em-maio-de-2024\/"},"author":{"name":"Bianca","@id":"https:\/\/www.institutodeengenharia.org.br\/site\/#\/schema\/person\/aeb64951c405e100d26d30b033dd423f"},"headline":"Por Jos\u00e9 Eduardo Cavalcanti \u2013 As cheias em Porto Alegre em Maio de 2024","datePublished":"2024-06-03T13:35:55+00:00","dateModified":"2024-06-03T17:00:57+00:00","mainEntityOfPage":{"@id":"https:\/\/www.institutodeengenharia.org.br\/site\/2024\/06\/03\/por-jose-eduardo-cavalcanti-as-cheias-em-porto-alegre-em-maio-de-2024\/"},"wordCount":892,"commentCount":0,"publisher":{"@id":"https:\/\/www.institutodeengenharia.org.br\/site\/#organization"},"image":{"@id":"https:\/\/www.institutodeengenharia.org.br\/site\/2024\/06\/03\/por-jose-eduardo-cavalcanti-as-cheias-em-porto-alegre-em-maio-de-2024\/#primaryimage"},"thumbnailUrl":"https:\/\/www.institutodeengenharia.org.br\/site\/wp-content\/uploads\/2024\/06\/Design-sem-nome-2024-06-03T103326.469.jpg","articleSection":["Articulistas","Jos\u00e9 Eduardo Cavalcanti"],"inLanguage":"pt-BR","potentialAction":[{"@type":"CommentAction","name":"Comment","target":["https:\/\/www.institutodeengenharia.org.br\/site\/2024\/06\/03\/por-jose-eduardo-cavalcanti-as-cheias-em-porto-alegre-em-maio-de-2024\/#respond"]}]},{"@type":"WebPage","@id":"https:\/\/www.institutodeengenharia.org.br\/site\/2024\/06\/03\/por-jose-eduardo-cavalcanti-as-cheias-em-porto-alegre-em-maio-de-2024\/","url":"https:\/\/www.institutodeengenharia.org.br\/site\/2024\/06\/03\/por-jose-eduardo-cavalcanti-as-cheias-em-porto-alegre-em-maio-de-2024\/","name":"Por Jos\u00e9 Eduardo Cavalcanti \u2013 As cheias em Porto Alegre em Maio de 2024 - Instituto de Engenharia","isPartOf":{"@id":"https:\/\/www.institutodeengenharia.org.br\/site\/#website"},"primaryImageOfPage":{"@id":"https:\/\/www.institutodeengenharia.org.br\/site\/2024\/06\/03\/por-jose-eduardo-cavalcanti-as-cheias-em-porto-alegre-em-maio-de-2024\/#primaryimage"},"image":{"@id":"https:\/\/www.institutodeengenharia.org.br\/site\/2024\/06\/03\/por-jose-eduardo-cavalcanti-as-cheias-em-porto-alegre-em-maio-de-2024\/#primaryimage"},"thumbnailUrl":"https:\/\/www.institutodeengenharia.org.br\/site\/wp-content\/uploads\/2024\/06\/Design-sem-nome-2024-06-03T103326.469.jpg","datePublished":"2024-06-03T13:35:55+00:00","dateModified":"2024-06-03T17:00:57+00:00","breadcrumb":{"@id":"https:\/\/www.institutodeengenharia.org.br\/site\/2024\/06\/03\/por-jose-eduardo-cavalcanti-as-cheias-em-porto-alegre-em-maio-de-2024\/#breadcrumb"},"inLanguage":"pt-BR","potentialAction":[{"@type":"ReadAction","target":["https:\/\/www.institutodeengenharia.org.br\/site\/2024\/06\/03\/por-jose-eduardo-cavalcanti-as-cheias-em-porto-alegre-em-maio-de-2024\/"]}]},{"@type":"ImageObject","inLanguage":"pt-BR","@id":"https:\/\/www.institutodeengenharia.org.br\/site\/2024\/06\/03\/por-jose-eduardo-cavalcanti-as-cheias-em-porto-alegre-em-maio-de-2024\/#primaryimage","url":"https:\/\/www.institutodeengenharia.org.br\/site\/wp-content\/uploads\/2024\/06\/Design-sem-nome-2024-06-03T103326.469.jpg","contentUrl":"https:\/\/www.institutodeengenharia.org.br\/site\/wp-content\/uploads\/2024\/06\/Design-sem-nome-2024-06-03T103326.469.jpg","width":1920,"height":1080},{"@type":"BreadcrumbList","@id":"https:\/\/www.institutodeengenharia.org.br\/site\/2024\/06\/03\/por-jose-eduardo-cavalcanti-as-cheias-em-porto-alegre-em-maio-de-2024\/#breadcrumb","itemListElement":[{"@type":"ListItem","position":1,"name":"In\u00edcio","item":"https:\/\/www.institutodeengenharia.org.br\/site\/"},{"@type":"ListItem","position":2,"name":"Por Jos\u00e9 Eduardo Cavalcanti \u2013 As cheias em Porto Alegre em Maio de 2024"}]},{"@type":"WebSite","@id":"https:\/\/www.institutodeengenharia.org.br\/site\/#website","url":"https:\/\/www.institutodeengenharia.org.br\/site\/","name":"Instituto de Engenharia","description":"O Instituto de Engenharia promove a Engenharia em benef\u00edcio do desenvolvimento e da qualidade de vida da sociedade.","publisher":{"@id":"https:\/\/www.institutodeengenharia.org.br\/site\/#organization"},"potentialAction":[{"@type":"SearchAction","target":{"@type":"EntryPoint","urlTemplate":"https:\/\/www.institutodeengenharia.org.br\/site\/?s={search_term_string}"},"query-input":{"@type":"PropertyValueSpecification","valueRequired":true,"valueName":"search_term_string"}}],"inLanguage":"pt-BR"},{"@type":"Organization","@id":"https:\/\/www.institutodeengenharia.org.br\/site\/#organization","name":"Instituto de Engenharia","url":"https:\/\/www.institutodeengenharia.org.br\/site\/","logo":{"@type":"ImageObject","inLanguage":"pt-BR","@id":"https:\/\/www.institutodeengenharia.org.br\/site\/#\/schema\/logo\/image\/","url":"https:\/\/www.institutodeengenharia.org.br\/site\/wp-content\/uploads\/2019\/03\/logo-novo-IE2018-1.jpg","contentUrl":"https:\/\/www.institutodeengenharia.org.br\/site\/wp-content\/uploads\/2019\/03\/logo-novo-IE2018-1.jpg","width":1486,"height":1879,"caption":"Instituto de Engenharia"},"image":{"@id":"https:\/\/www.institutodeengenharia.org.br\/site\/#\/schema\/logo\/image\/"},"sameAs":["https:\/\/www.facebook.com\/institutodeengenharia","https:\/\/x.com\/iengenharia","https:\/\/www.instagram.com\/institutodeengenharia\/","https:\/\/www.linkedin.com\/company\/instituto-de-engenharia\/","https:\/\/www.youtube.com\/channel\/UCXiCAlsSMe977vamW915HxA"]},{"@type":"Person","@id":"https:\/\/www.institutodeengenharia.org.br\/site\/#\/schema\/person\/aeb64951c405e100d26d30b033dd423f","name":"Bianca","image":{"@type":"ImageObject","inLanguage":"pt-BR","@id":"https:\/\/secure.gravatar.com\/avatar\/a6fbe9bff57405baf4c1e2c5c1811e072b558253974a9f9508f4678900c97c2a?s=96&d=mm&r=g","url":"https:\/\/secure.gravatar.com\/avatar\/a6fbe9bff57405baf4c1e2c5c1811e072b558253974a9f9508f4678900c97c2a?s=96&d=mm&r=g","contentUrl":"https:\/\/secure.gravatar.com\/avatar\/a6fbe9bff57405baf4c1e2c5c1811e072b558253974a9f9508f4678900c97c2a?s=96&d=mm&r=g","caption":"Bianca"},"url":"https:\/\/www.institutodeengenharia.org.br\/site\/author\/comunicacao1\/"}]}},"_links":{"self":[{"href":"https:\/\/www.institutodeengenharia.org.br\/site\/wp-json\/wp\/v2\/posts\/120472","targetHints":{"allow":["GET"]}}],"collection":[{"href":"https:\/\/www.institutodeengenharia.org.br\/site\/wp-json\/wp\/v2\/posts"}],"about":[{"href":"https:\/\/www.institutodeengenharia.org.br\/site\/wp-json\/wp\/v2\/types\/post"}],"author":[{"embeddable":true,"href":"https:\/\/www.institutodeengenharia.org.br\/site\/wp-json\/wp\/v2\/users\/13"}],"replies":[{"embeddable":true,"href":"https:\/\/www.institutodeengenharia.org.br\/site\/wp-json\/wp\/v2\/comments?post=120472"}],"version-history":[{"count":2,"href":"https:\/\/www.institutodeengenharia.org.br\/site\/wp-json\/wp\/v2\/posts\/120472\/revisions"}],"predecessor-version":[{"id":120495,"href":"https:\/\/www.institutodeengenharia.org.br\/site\/wp-json\/wp\/v2\/posts\/120472\/revisions\/120495"}],"wp:featuredmedia":[{"embeddable":true,"href":"https:\/\/www.institutodeengenharia.org.br\/site\/wp-json\/wp\/v2\/media\/120473"}],"wp:attachment":[{"href":"https:\/\/www.institutodeengenharia.org.br\/site\/wp-json\/wp\/v2\/media?parent=120472"}],"wp:term":[{"taxonomy":"category","embeddable":true,"href":"https:\/\/www.institutodeengenharia.org.br\/site\/wp-json\/wp\/v2\/categories?post=120472"},{"taxonomy":"post_tag","embeddable":true,"href":"https:\/\/www.institutodeengenharia.org.br\/site\/wp-json\/wp\/v2\/tags?post=120472"}],"curies":[{"name":"wp","href":"https:\/\/api.w.org\/{rel}","templated":true}]}}