{"id":120324,"date":"2024-05-28T16:23:11","date_gmt":"2024-05-28T19:23:11","guid":{"rendered":"https:\/\/www.institutodeengenharia.org.br\/site\/?p=120324"},"modified":"2025-07-03T14:48:42","modified_gmt":"2025-07-03T17:48:42","slug":"ie-solidario-entrega-doacoes-a-fundacao-marcopolo","status":"publish","type":"post","link":"https:\/\/www.institutodeengenharia.org.br\/site\/2024\/05\/28\/ie-solidario-entrega-doacoes-a-fundacao-marcopolo\/","title":{"rendered":"IE Solid\u00e1rio entrega doa\u00e7\u00f5es \u00e0 Funda\u00e7\u00e3o Marcopolo"},"content":{"rendered":"<p style=\"text-align: center;\"><em>Iniciativa visa popula\u00e7\u00e3o do Rio Grande do Sul<\/em><\/p>\n<p>O <a href=\"https:\/\/www.institutodeengenharia.org.br\/site\/2024\/01\/18\/ie-solidario-em-2024-colabore-com-essa-causa\/\">IE Solid\u00e1rio<\/a>, a\u00e7\u00e3o social do Instituto de Engenharia, entregou hoje (28) as doa\u00e7\u00f5es arrecadadas em seus eventos presenciais e h\u00edbridos, em campanha dedicada \u00e0 popula\u00e7\u00e3o do Rio Grande do Sul.<\/p>\n<p>O presidente do Instituto de Engenharia, Jos\u00e9 Eduardo Jardim, a vice-presidente de Assuntos Internos, Flavia Cruz &#8211; que est\u00e1 \u00e0 frente do IE Solid\u00e1rio-, e membros da diretoria, entregaram os itens arrecadados \u00e0 Funda\u00e7\u00e3o Marcopolo, representada por Daniel Rodrigues Souza, consultor Comercial da Marcopolo Rail, David Granja e Matheus Anderson, da Marcopolo SP.<\/p>\n<p><img loading=\"lazy\" decoding=\"async\" class=\"wp-image-120329 alignleft\" src=\"https:\/\/www.institutodeengenharia.org.br\/site\/wp-content\/uploads\/2024\/05\/WhatsApp-Image-2024-05-28-at-16.16.41.jpeg\" alt=\"\" width=\"323\" height=\"242\" srcset=\"https:\/\/www.institutodeengenharia.org.br\/site\/wp-content\/uploads\/2024\/05\/WhatsApp-Image-2024-05-28-at-16.16.41.jpeg 1600w, https:\/\/www.institutodeengenharia.org.br\/site\/wp-content\/uploads\/2024\/05\/WhatsApp-Image-2024-05-28-at-16.16.41-300x225.jpeg 300w, https:\/\/www.institutodeengenharia.org.br\/site\/wp-content\/uploads\/2024\/05\/WhatsApp-Image-2024-05-28-at-16.16.41-1024x768.jpeg 1024w, https:\/\/www.institutodeengenharia.org.br\/site\/wp-content\/uploads\/2024\/05\/WhatsApp-Image-2024-05-28-at-16.16.41-768x576.jpeg 768w, https:\/\/www.institutodeengenharia.org.br\/site\/wp-content\/uploads\/2024\/05\/WhatsApp-Image-2024-05-28-at-16.16.41-1536x1152.jpeg 1536w, https:\/\/www.institutodeengenharia.org.br\/site\/wp-content\/uploads\/2024\/05\/WhatsApp-Image-2024-05-28-at-16.16.41-560x420.jpeg 560w, https:\/\/www.institutodeengenharia.org.br\/site\/wp-content\/uploads\/2024\/05\/WhatsApp-Image-2024-05-28-at-16.16.41-80x60.jpeg 80w, https:\/\/www.institutodeengenharia.org.br\/site\/wp-content\/uploads\/2024\/05\/WhatsApp-Image-2024-05-28-at-16.16.41-696x522.jpeg 696w, https:\/\/www.institutodeengenharia.org.br\/site\/wp-content\/uploads\/2024\/05\/WhatsApp-Image-2024-05-28-at-16.16.41-1068x801.jpeg 1068w, https:\/\/www.institutodeengenharia.org.br\/site\/wp-content\/uploads\/2024\/05\/WhatsApp-Image-2024-05-28-at-16.16.41-265x198.jpeg 265w, https:\/\/www.institutodeengenharia.org.br\/site\/wp-content\/uploads\/2024\/05\/WhatsApp-Image-2024-05-28-at-16.16.41-600x450.jpeg 600w\" sizes=\"auto, (max-width: 323px) 100vw, 323px\" \/>A Funda\u00e7\u00e3o ser\u00e1 respons\u00e1vel pelo transporte das doa\u00e7\u00f5es at\u00e9 o estado ga\u00facho. Entre os itens arrecadados, temos: roupas, toalhas, cobertores, produtos de higiene pessoal e de limpeza, alimentos n\u00e3o perec\u00edveis, ra\u00e7\u00e3o e brinquedos, entre outros.<\/p>\n<p>O presidente do Instituto de Engenharia, em nome do IE Solid\u00e1rio, agradece a doa\u00e7\u00e3o de todas as pessoas que acompanharam os eventos que fizeram parte desta campanha, assim como os Departamentos e Divis\u00f5es T\u00e9cnicas respons\u00e1veis pela coordena\u00e7\u00e3o desses encontros, que s\u00e3o:<\/p>\n<p><a href=\"https:\/\/www.institutodeengenharia.org.br\/site\/events\/sao-sebastiao-inovacao-na-producao-habitacional-pos-eventos-climaticos-extremos\/\">S\u00e3o Sebasti\u00e3o: Inova\u00e7\u00e3o na Produ\u00e7\u00e3o Habitacional p\u00f3s-eventos Clim\u00e1ticos Extremos<\/a><\/p>\n<p><a href=\"https:\/\/www.institutodeengenharia.org.br\/site\/events\/vlt-mobilidade-e-requalificacao-urbana\/\">VLT \u2013 Mobilidade e Requalifica\u00e7\u00e3o Urbana<\/a><\/p>\n<p>Departamento de Desenvolvimento de Projeto e Servi\u00e7os de Infraestrutura, Divis\u00e3o T\u00e9cnica de Estruturas e Controle Tecnol\u00f3gico e Divis\u00e3o T\u00e9cnica de Geotecnia, e Departamento Desenvolvimento de infraestrutura e Log\u00edstica e Divis\u00e3o T\u00e9cnica de Ferrovias.<\/p>\n<p style=\"text-align: center;\"><a href=\"https:\/\/www.fundacaomarcopolo.com.br\/enchentesrs\/\"><em><strong>Clique aqui para ler a mat\u00e9ria da Funda\u00e7\u00e3o Marcopolo<\/strong><\/em><\/a><\/p>\n","protected":false},"excerpt":{"rendered":"<p>Iniciativa visa popula\u00e7\u00e3o do Rio Grande do Sul O IE Solid\u00e1rio, a\u00e7\u00e3o social do Instituto de Engenharia, entregou hoje (28) as doa\u00e7\u00f5es arrecadadas em seus eventos presenciais e h\u00edbridos, em campanha dedicada \u00e0 popula\u00e7\u00e3o do Rio Grande do Sul. O presidente do Instituto de Engenharia, Jos\u00e9 Eduardo Jardim, a vice-presidente de Assuntos Internos, Flavia Cruz [&hellip;]<\/p>\n","protected":false},"author":14,"featured_media":120327,"comment_status":"open","ping_status":"open","sticky":false,"template":"","format":"standard","meta":{"footnotes":""},"categories":[27,6],"tags":[],"class_list":{"0":"post-120324","1":"post","2":"type-post","3":"status-publish","4":"format-standard","5":"has-post-thumbnail","7":"category-instituto-de-engenharia","8":"category-noticias"},"yoast_head":"<!-- This site is optimized with the Yoast SEO plugin v27.2 - https:\/\/yoast.com\/product\/yoast-seo-wordpress\/ -->\n<title>IE Solid\u00e1rio entrega doa\u00e7\u00f5es \u00e0 Funda\u00e7\u00e3o Marcopolo - Instituto de Engenharia<\/title>\n<meta name=\"robots\" content=\"index, follow, max-snippet:-1, max-image-preview:large, max-video-preview:-1\" \/>\n<link rel=\"canonical\" href=\"https:\/\/www.institutodeengenharia.org.br\/site\/2024\/05\/28\/ie-solidario-entrega-doacoes-a-fundacao-marcopolo\/\" \/>\n<meta property=\"og:locale\" content=\"pt_BR\" \/>\n<meta property=\"og:type\" content=\"article\" \/>\n<meta property=\"og:title\" content=\"IE Solid\u00e1rio entrega doa\u00e7\u00f5es \u00e0 Funda\u00e7\u00e3o Marcopolo - Instituto de Engenharia\" \/>\n<meta property=\"og:description\" content=\"Iniciativa visa popula\u00e7\u00e3o do Rio Grande do Sul O IE Solid\u00e1rio, a\u00e7\u00e3o social do Instituto de Engenharia, entregou hoje (28) as doa\u00e7\u00f5es arrecadadas em seus eventos presenciais e h\u00edbridos, em campanha dedicada \u00e0 popula\u00e7\u00e3o do Rio Grande do Sul. O presidente do Instituto de Engenharia, Jos\u00e9 Eduardo Jardim, a vice-presidente de Assuntos Internos, Flavia Cruz [&hellip;]\" \/>\n<meta property=\"og:url\" content=\"https:\/\/www.institutodeengenharia.org.br\/site\/2024\/05\/28\/ie-solidario-entrega-doacoes-a-fundacao-marcopolo\/\" \/>\n<meta property=\"og:site_name\" content=\"Instituto de Engenharia\" \/>\n<meta property=\"article:publisher\" content=\"https:\/\/www.facebook.com\/institutodeengenharia\" \/>\n<meta property=\"article:published_time\" content=\"2024-05-28T19:23:11+00:00\" \/>\n<meta property=\"article:modified_time\" content=\"2025-07-03T17:48:42+00:00\" \/>\n<meta property=\"og:image\" content=\"https:\/\/www.institutodeengenharia.org.br\/site\/wp-content\/uploads\/2024\/05\/WhatsApp-Image-2024-05-28-at-16.15.56.jpeg\" \/>\n\t<meta property=\"og:image:width\" content=\"1600\" \/>\n\t<meta property=\"og:image:height\" content=\"1200\" \/>\n\t<meta property=\"og:image:type\" content=\"image\/jpeg\" \/>\n<meta name=\"author\" content=\"Isabel\" \/>\n<meta name=\"twitter:card\" content=\"summary_large_image\" \/>\n<meta name=\"twitter:creator\" content=\"@iengenharia\" \/>\n<meta name=\"twitter:site\" content=\"@iengenharia\" \/>\n<meta name=\"twitter:label1\" content=\"Escrito por\" \/>\n\t<meta name=\"twitter:data1\" content=\"Isabel\" \/>\n\t<meta name=\"twitter:label2\" content=\"Est. tempo de leitura\" \/>\n\t<meta name=\"twitter:data2\" content=\"2 minutos\" \/>\n<script type=\"application\/ld+json\" class=\"yoast-schema-graph\">{\"@context\":\"https:\/\/schema.org\",\"@graph\":[{\"@type\":\"Article\",\"@id\":\"https:\/\/www.institutodeengenharia.org.br\/site\/2024\/05\/28\/ie-solidario-entrega-doacoes-a-fundacao-marcopolo\/#article\",\"isPartOf\":{\"@id\":\"https:\/\/www.institutodeengenharia.org.br\/site\/2024\/05\/28\/ie-solidario-entrega-doacoes-a-fundacao-marcopolo\/\"},\"author\":{\"name\":\"Isabel\",\"@id\":\"https:\/\/www.institutodeengenharia.org.br\/site\/#\/schema\/person\/593dc356630173a4877a635d3e5fd76b\"},\"headline\":\"IE Solid\u00e1rio entrega doa\u00e7\u00f5es \u00e0 Funda\u00e7\u00e3o Marcopolo\",\"datePublished\":\"2024-05-28T19:23:11+00:00\",\"dateModified\":\"2025-07-03T17:48:42+00:00\",\"mainEntityOfPage\":{\"@id\":\"https:\/\/www.institutodeengenharia.org.br\/site\/2024\/05\/28\/ie-solidario-entrega-doacoes-a-fundacao-marcopolo\/\"},\"wordCount\":269,\"commentCount\":0,\"publisher\":{\"@id\":\"https:\/\/www.institutodeengenharia.org.br\/site\/#organization\"},\"image\":{\"@id\":\"https:\/\/www.institutodeengenharia.org.br\/site\/2024\/05\/28\/ie-solidario-entrega-doacoes-a-fundacao-marcopolo\/#primaryimage\"},\"thumbnailUrl\":\"https:\/\/www.institutodeengenharia.org.br\/site\/wp-content\/uploads\/2024\/05\/WhatsApp-Image-2024-05-28-at-16.15.56.jpeg\",\"articleSection\":[\"Instituto de Engenharia\",\"Not\u00edcias\"],\"inLanguage\":\"pt-BR\",\"potentialAction\":[{\"@type\":\"CommentAction\",\"name\":\"Comment\",\"target\":[\"https:\/\/www.institutodeengenharia.org.br\/site\/2024\/05\/28\/ie-solidario-entrega-doacoes-a-fundacao-marcopolo\/#respond\"]}]},{\"@type\":\"WebPage\",\"@id\":\"https:\/\/www.institutodeengenharia.org.br\/site\/2024\/05\/28\/ie-solidario-entrega-doacoes-a-fundacao-marcopolo\/\",\"url\":\"https:\/\/www.institutodeengenharia.org.br\/site\/2024\/05\/28\/ie-solidario-entrega-doacoes-a-fundacao-marcopolo\/\",\"name\":\"IE Solid\u00e1rio entrega doa\u00e7\u00f5es \u00e0 Funda\u00e7\u00e3o Marcopolo - Instituto de Engenharia\",\"isPartOf\":{\"@id\":\"https:\/\/www.institutodeengenharia.org.br\/site\/#website\"},\"primaryImageOfPage\":{\"@id\":\"https:\/\/www.institutodeengenharia.org.br\/site\/2024\/05\/28\/ie-solidario-entrega-doacoes-a-fundacao-marcopolo\/#primaryimage\"},\"image\":{\"@id\":\"https:\/\/www.institutodeengenharia.org.br\/site\/2024\/05\/28\/ie-solidario-entrega-doacoes-a-fundacao-marcopolo\/#primaryimage\"},\"thumbnailUrl\":\"https:\/\/www.institutodeengenharia.org.br\/site\/wp-content\/uploads\/2024\/05\/WhatsApp-Image-2024-05-28-at-16.15.56.jpeg\",\"datePublished\":\"2024-05-28T19:23:11+00:00\",\"dateModified\":\"2025-07-03T17:48:42+00:00\",\"breadcrumb\":{\"@id\":\"https:\/\/www.institutodeengenharia.org.br\/site\/2024\/05\/28\/ie-solidario-entrega-doacoes-a-fundacao-marcopolo\/#breadcrumb\"},\"inLanguage\":\"pt-BR\",\"potentialAction\":[{\"@type\":\"ReadAction\",\"target\":[\"https:\/\/www.institutodeengenharia.org.br\/site\/2024\/05\/28\/ie-solidario-entrega-doacoes-a-fundacao-marcopolo\/\"]}]},{\"@type\":\"ImageObject\",\"inLanguage\":\"pt-BR\",\"@id\":\"https:\/\/www.institutodeengenharia.org.br\/site\/2024\/05\/28\/ie-solidario-entrega-doacoes-a-fundacao-marcopolo\/#primaryimage\",\"url\":\"https:\/\/www.institutodeengenharia.org.br\/site\/wp-content\/uploads\/2024\/05\/WhatsApp-Image-2024-05-28-at-16.15.56.jpeg\",\"contentUrl\":\"https:\/\/www.institutodeengenharia.org.br\/site\/wp-content\/uploads\/2024\/05\/WhatsApp-Image-2024-05-28-at-16.15.56.jpeg\",\"width\":1600,\"height\":1200,\"caption\":\"Da esq. p\/ dir.: Flavia Cruz, VP Assuntos Internos IE, Jos\u00e9 Eduardo Jardim, presidente IE, Matheus Anderson, Marcopolo SP, Miriana Marques, VP Adm. Finan\u00e7as IE, Daniel Souza, Marcopolo Rail, David Granja, Marcopolo SP, e Tatiana Machado, Diretora Operacional\"},{\"@type\":\"BreadcrumbList\",\"@id\":\"https:\/\/www.institutodeengenharia.org.br\/site\/2024\/05\/28\/ie-solidario-entrega-doacoes-a-fundacao-marcopolo\/#breadcrumb\",\"itemListElement\":[{\"@type\":\"ListItem\",\"position\":1,\"name\":\"In\u00edcio\",\"item\":\"https:\/\/www.institutodeengenharia.org.br\/site\/\"},{\"@type\":\"ListItem\",\"position\":2,\"name\":\"IE Solid\u00e1rio entrega doa\u00e7\u00f5es \u00e0 Funda\u00e7\u00e3o Marcopolo\"}]},{\"@type\":\"WebSite\",\"@id\":\"https:\/\/www.institutodeengenharia.org.br\/site\/#website\",\"url\":\"https:\/\/www.institutodeengenharia.org.br\/site\/\",\"name\":\"Instituto de Engenharia\",\"description\":\"O Instituto de Engenharia promove a Engenharia em benef\u00edcio do desenvolvimento e da qualidade de vida da sociedade.\",\"publisher\":{\"@id\":\"https:\/\/www.institutodeengenharia.org.br\/site\/#organization\"},\"potentialAction\":[{\"@type\":\"SearchAction\",\"target\":{\"@type\":\"EntryPoint\",\"urlTemplate\":\"https:\/\/www.institutodeengenharia.org.br\/site\/?s={search_term_string}\"},\"query-input\":{\"@type\":\"PropertyValueSpecification\",\"valueRequired\":true,\"valueName\":\"search_term_string\"}}],\"inLanguage\":\"pt-BR\"},{\"@type\":\"Organization\",\"@id\":\"https:\/\/www.institutodeengenharia.org.br\/site\/#organization\",\"name\":\"Instituto de Engenharia\",\"url\":\"https:\/\/www.institutodeengenharia.org.br\/site\/\",\"logo\":{\"@type\":\"ImageObject\",\"inLanguage\":\"pt-BR\",\"@id\":\"https:\/\/www.institutodeengenharia.org.br\/site\/#\/schema\/logo\/image\/\",\"url\":\"https:\/\/www.institutodeengenharia.org.br\/site\/wp-content\/uploads\/2019\/03\/logo-novo-IE2018-1.jpg\",\"contentUrl\":\"https:\/\/www.institutodeengenharia.org.br\/site\/wp-content\/uploads\/2019\/03\/logo-novo-IE2018-1.jpg\",\"width\":1486,\"height\":1879,\"caption\":\"Instituto de Engenharia\"},\"image\":{\"@id\":\"https:\/\/www.institutodeengenharia.org.br\/site\/#\/schema\/logo\/image\/\"},\"sameAs\":[\"https:\/\/www.facebook.com\/institutodeengenharia\",\"https:\/\/x.com\/iengenharia\",\"https:\/\/www.instagram.com\/institutodeengenharia\/\",\"https:\/\/www.linkedin.com\/company\/instituto-de-engenharia\/\",\"https:\/\/www.youtube.com\/channel\/UCXiCAlsSMe977vamW915HxA\"]},{\"@type\":\"Person\",\"@id\":\"https:\/\/www.institutodeengenharia.org.br\/site\/#\/schema\/person\/593dc356630173a4877a635d3e5fd76b\",\"name\":\"Isabel\",\"image\":{\"@type\":\"ImageObject\",\"inLanguage\":\"pt-BR\",\"@id\":\"https:\/\/secure.gravatar.com\/avatar\/f3c521db63ec9db17894f10a88c6a3cf95b2281d7f80eeb3cf3ef1cb091576e7?s=96&d=mm&r=g\",\"url\":\"https:\/\/secure.gravatar.com\/avatar\/f3c521db63ec9db17894f10a88c6a3cf95b2281d7f80eeb3cf3ef1cb091576e7?s=96&d=mm&r=g\",\"contentUrl\":\"https:\/\/secure.gravatar.com\/avatar\/f3c521db63ec9db17894f10a88c6a3cf95b2281d7f80eeb3cf3ef1cb091576e7?s=96&d=mm&r=g\",\"caption\":\"Isabel\"},\"url\":\"https:\/\/www.institutodeengenharia.org.br\/site\/author\/comunicacao2\/\"}]}<\/script>\n<!-- \/ Yoast SEO plugin. -->","yoast_head_json":{"title":"IE Solid\u00e1rio entrega doa\u00e7\u00f5es \u00e0 Funda\u00e7\u00e3o Marcopolo - Instituto de Engenharia","robots":{"index":"index","follow":"follow","max-snippet":"max-snippet:-1","max-image-preview":"max-image-preview:large","max-video-preview":"max-video-preview:-1"},"canonical":"https:\/\/www.institutodeengenharia.org.br\/site\/2024\/05\/28\/ie-solidario-entrega-doacoes-a-fundacao-marcopolo\/","og_locale":"pt_BR","og_type":"article","og_title":"IE Solid\u00e1rio entrega doa\u00e7\u00f5es \u00e0 Funda\u00e7\u00e3o Marcopolo - Instituto de Engenharia","og_description":"Iniciativa visa popula\u00e7\u00e3o do Rio Grande do Sul O IE Solid\u00e1rio, a\u00e7\u00e3o social do Instituto de Engenharia, entregou hoje (28) as doa\u00e7\u00f5es arrecadadas em seus eventos presenciais e h\u00edbridos, em campanha dedicada \u00e0 popula\u00e7\u00e3o do Rio Grande do Sul. O presidente do Instituto de Engenharia, Jos\u00e9 Eduardo Jardim, a vice-presidente de Assuntos Internos, Flavia Cruz [&hellip;]","og_url":"https:\/\/www.institutodeengenharia.org.br\/site\/2024\/05\/28\/ie-solidario-entrega-doacoes-a-fundacao-marcopolo\/","og_site_name":"Instituto de Engenharia","article_publisher":"https:\/\/www.facebook.com\/institutodeengenharia","article_published_time":"2024-05-28T19:23:11+00:00","article_modified_time":"2025-07-03T17:48:42+00:00","og_image":[{"width":1600,"height":1200,"url":"https:\/\/www.institutodeengenharia.org.br\/site\/wp-content\/uploads\/2024\/05\/WhatsApp-Image-2024-05-28-at-16.15.56.jpeg","type":"image\/jpeg"}],"author":"Isabel","twitter_card":"summary_large_image","twitter_creator":"@iengenharia","twitter_site":"@iengenharia","twitter_misc":{"Escrito por":"Isabel","Est. tempo de leitura":"2 minutos"},"schema":{"@context":"https:\/\/schema.org","@graph":[{"@type":"Article","@id":"https:\/\/www.institutodeengenharia.org.br\/site\/2024\/05\/28\/ie-solidario-entrega-doacoes-a-fundacao-marcopolo\/#article","isPartOf":{"@id":"https:\/\/www.institutodeengenharia.org.br\/site\/2024\/05\/28\/ie-solidario-entrega-doacoes-a-fundacao-marcopolo\/"},"author":{"name":"Isabel","@id":"https:\/\/www.institutodeengenharia.org.br\/site\/#\/schema\/person\/593dc356630173a4877a635d3e5fd76b"},"headline":"IE Solid\u00e1rio entrega doa\u00e7\u00f5es \u00e0 Funda\u00e7\u00e3o Marcopolo","datePublished":"2024-05-28T19:23:11+00:00","dateModified":"2025-07-03T17:48:42+00:00","mainEntityOfPage":{"@id":"https:\/\/www.institutodeengenharia.org.br\/site\/2024\/05\/28\/ie-solidario-entrega-doacoes-a-fundacao-marcopolo\/"},"wordCount":269,"commentCount":0,"publisher":{"@id":"https:\/\/www.institutodeengenharia.org.br\/site\/#organization"},"image":{"@id":"https:\/\/www.institutodeengenharia.org.br\/site\/2024\/05\/28\/ie-solidario-entrega-doacoes-a-fundacao-marcopolo\/#primaryimage"},"thumbnailUrl":"https:\/\/www.institutodeengenharia.org.br\/site\/wp-content\/uploads\/2024\/05\/WhatsApp-Image-2024-05-28-at-16.15.56.jpeg","articleSection":["Instituto de Engenharia","Not\u00edcias"],"inLanguage":"pt-BR","potentialAction":[{"@type":"CommentAction","name":"Comment","target":["https:\/\/www.institutodeengenharia.org.br\/site\/2024\/05\/28\/ie-solidario-entrega-doacoes-a-fundacao-marcopolo\/#respond"]}]},{"@type":"WebPage","@id":"https:\/\/www.institutodeengenharia.org.br\/site\/2024\/05\/28\/ie-solidario-entrega-doacoes-a-fundacao-marcopolo\/","url":"https:\/\/www.institutodeengenharia.org.br\/site\/2024\/05\/28\/ie-solidario-entrega-doacoes-a-fundacao-marcopolo\/","name":"IE Solid\u00e1rio entrega doa\u00e7\u00f5es \u00e0 Funda\u00e7\u00e3o Marcopolo - Instituto de Engenharia","isPartOf":{"@id":"https:\/\/www.institutodeengenharia.org.br\/site\/#website"},"primaryImageOfPage":{"@id":"https:\/\/www.institutodeengenharia.org.br\/site\/2024\/05\/28\/ie-solidario-entrega-doacoes-a-fundacao-marcopolo\/#primaryimage"},"image":{"@id":"https:\/\/www.institutodeengenharia.org.br\/site\/2024\/05\/28\/ie-solidario-entrega-doacoes-a-fundacao-marcopolo\/#primaryimage"},"thumbnailUrl":"https:\/\/www.institutodeengenharia.org.br\/site\/wp-content\/uploads\/2024\/05\/WhatsApp-Image-2024-05-28-at-16.15.56.jpeg","datePublished":"2024-05-28T19:23:11+00:00","dateModified":"2025-07-03T17:48:42+00:00","breadcrumb":{"@id":"https:\/\/www.institutodeengenharia.org.br\/site\/2024\/05\/28\/ie-solidario-entrega-doacoes-a-fundacao-marcopolo\/#breadcrumb"},"inLanguage":"pt-BR","potentialAction":[{"@type":"ReadAction","target":["https:\/\/www.institutodeengenharia.org.br\/site\/2024\/05\/28\/ie-solidario-entrega-doacoes-a-fundacao-marcopolo\/"]}]},{"@type":"ImageObject","inLanguage":"pt-BR","@id":"https:\/\/www.institutodeengenharia.org.br\/site\/2024\/05\/28\/ie-solidario-entrega-doacoes-a-fundacao-marcopolo\/#primaryimage","url":"https:\/\/www.institutodeengenharia.org.br\/site\/wp-content\/uploads\/2024\/05\/WhatsApp-Image-2024-05-28-at-16.15.56.jpeg","contentUrl":"https:\/\/www.institutodeengenharia.org.br\/site\/wp-content\/uploads\/2024\/05\/WhatsApp-Image-2024-05-28-at-16.15.56.jpeg","width":1600,"height":1200,"caption":"Da esq. p\/ dir.: Flavia Cruz, VP Assuntos Internos IE, Jos\u00e9 Eduardo Jardim, presidente IE, Matheus Anderson, Marcopolo SP, Miriana Marques, VP Adm. Finan\u00e7as IE, Daniel Souza, Marcopolo Rail, David Granja, Marcopolo SP, e Tatiana Machado, Diretora Operacional"},{"@type":"BreadcrumbList","@id":"https:\/\/www.institutodeengenharia.org.br\/site\/2024\/05\/28\/ie-solidario-entrega-doacoes-a-fundacao-marcopolo\/#breadcrumb","itemListElement":[{"@type":"ListItem","position":1,"name":"In\u00edcio","item":"https:\/\/www.institutodeengenharia.org.br\/site\/"},{"@type":"ListItem","position":2,"name":"IE Solid\u00e1rio entrega doa\u00e7\u00f5es \u00e0 Funda\u00e7\u00e3o Marcopolo"}]},{"@type":"WebSite","@id":"https:\/\/www.institutodeengenharia.org.br\/site\/#website","url":"https:\/\/www.institutodeengenharia.org.br\/site\/","name":"Instituto de Engenharia","description":"O Instituto de Engenharia promove a Engenharia em benef\u00edcio do desenvolvimento e da qualidade de vida da sociedade.","publisher":{"@id":"https:\/\/www.institutodeengenharia.org.br\/site\/#organization"},"potentialAction":[{"@type":"SearchAction","target":{"@type":"EntryPoint","urlTemplate":"https:\/\/www.institutodeengenharia.org.br\/site\/?s={search_term_string}"},"query-input":{"@type":"PropertyValueSpecification","valueRequired":true,"valueName":"search_term_string"}}],"inLanguage":"pt-BR"},{"@type":"Organization","@id":"https:\/\/www.institutodeengenharia.org.br\/site\/#organization","name":"Instituto de Engenharia","url":"https:\/\/www.institutodeengenharia.org.br\/site\/","logo":{"@type":"ImageObject","inLanguage":"pt-BR","@id":"https:\/\/www.institutodeengenharia.org.br\/site\/#\/schema\/logo\/image\/","url":"https:\/\/www.institutodeengenharia.org.br\/site\/wp-content\/uploads\/2019\/03\/logo-novo-IE2018-1.jpg","contentUrl":"https:\/\/www.institutodeengenharia.org.br\/site\/wp-content\/uploads\/2019\/03\/logo-novo-IE2018-1.jpg","width":1486,"height":1879,"caption":"Instituto de Engenharia"},"image":{"@id":"https:\/\/www.institutodeengenharia.org.br\/site\/#\/schema\/logo\/image\/"},"sameAs":["https:\/\/www.facebook.com\/institutodeengenharia","https:\/\/x.com\/iengenharia","https:\/\/www.instagram.com\/institutodeengenharia\/","https:\/\/www.linkedin.com\/company\/instituto-de-engenharia\/","https:\/\/www.youtube.com\/channel\/UCXiCAlsSMe977vamW915HxA"]},{"@type":"Person","@id":"https:\/\/www.institutodeengenharia.org.br\/site\/#\/schema\/person\/593dc356630173a4877a635d3e5fd76b","name":"Isabel","image":{"@type":"ImageObject","inLanguage":"pt-BR","@id":"https:\/\/secure.gravatar.com\/avatar\/f3c521db63ec9db17894f10a88c6a3cf95b2281d7f80eeb3cf3ef1cb091576e7?s=96&d=mm&r=g","url":"https:\/\/secure.gravatar.com\/avatar\/f3c521db63ec9db17894f10a88c6a3cf95b2281d7f80eeb3cf3ef1cb091576e7?s=96&d=mm&r=g","contentUrl":"https:\/\/secure.gravatar.com\/avatar\/f3c521db63ec9db17894f10a88c6a3cf95b2281d7f80eeb3cf3ef1cb091576e7?s=96&d=mm&r=g","caption":"Isabel"},"url":"https:\/\/www.institutodeengenharia.org.br\/site\/author\/comunicacao2\/"}]}},"_links":{"self":[{"href":"https:\/\/www.institutodeengenharia.org.br\/site\/wp-json\/wp\/v2\/posts\/120324","targetHints":{"allow":["GET"]}}],"collection":[{"href":"https:\/\/www.institutodeengenharia.org.br\/site\/wp-json\/wp\/v2\/posts"}],"about":[{"href":"https:\/\/www.institutodeengenharia.org.br\/site\/wp-json\/wp\/v2\/types\/post"}],"author":[{"embeddable":true,"href":"https:\/\/www.institutodeengenharia.org.br\/site\/wp-json\/wp\/v2\/users\/14"}],"replies":[{"embeddable":true,"href":"https:\/\/www.institutodeengenharia.org.br\/site\/wp-json\/wp\/v2\/comments?post=120324"}],"version-history":[{"count":5,"href":"https:\/\/www.institutodeengenharia.org.br\/site\/wp-json\/wp\/v2\/posts\/120324\/revisions"}],"predecessor-version":[{"id":130312,"href":"https:\/\/www.institutodeengenharia.org.br\/site\/wp-json\/wp\/v2\/posts\/120324\/revisions\/130312"}],"wp:featuredmedia":[{"embeddable":true,"href":"https:\/\/www.institutodeengenharia.org.br\/site\/wp-json\/wp\/v2\/media\/120327"}],"wp:attachment":[{"href":"https:\/\/www.institutodeengenharia.org.br\/site\/wp-json\/wp\/v2\/media?parent=120324"}],"wp:term":[{"taxonomy":"category","embeddable":true,"href":"https:\/\/www.institutodeengenharia.org.br\/site\/wp-json\/wp\/v2\/categories?post=120324"},{"taxonomy":"post_tag","embeddable":true,"href":"https:\/\/www.institutodeengenharia.org.br\/site\/wp-json\/wp\/v2\/tags?post=120324"}],"curies":[{"name":"wp","href":"https:\/\/api.w.org\/{rel}","templated":true}]}}