{"id":120294,"date":"2024-05-28T09:53:54","date_gmt":"2024-05-28T12:53:54","guid":{"rendered":"https:\/\/www.institutodeengenharia.org.br\/site\/?p=120294"},"modified":"2024-05-28T09:57:54","modified_gmt":"2024-05-28T12:57:54","slug":"parceria-estrategica-com-a-china","status":"publish","type":"post","link":"https:\/\/www.institutodeengenharia.org.br\/site\/2024\/05\/28\/parceria-estrategica-com-a-china\/","title":{"rendered":"Parceria estrat\u00e9gica com a China"},"content":{"rendered":"<p><em>*Por Rubens Barbosa<\/em><\/p>\n<p style=\"text-align: center;\"><em>A ideia de colabora\u00e7\u00e3o na constru\u00e7\u00e3o do corredor ferrovi\u00e1rio para o Pac\u00edfico poderia ser um dos pontos altos das comemora\u00e7\u00f5es dos 50 anos de rela\u00e7\u00f5es entre Brasil e China<\/em><\/p>\n<p class=\"styles__ParagraphStyled-sc-6adecn-0 dvANKb \">No ano em que os 50 anos do restabelecimento das rela\u00e7\u00f5es entre o Brasil e a China s\u00e3o comemorados, a reuni\u00e3o da Comiss\u00e3o Mista de Alto N\u00edvel Brasil-China (Cosban), na pr\u00f3xima semana \u2013 quando Novo PAC, neoindustrializa\u00e7\u00e3o, transi\u00e7\u00e3o energ\u00e9tica e coopera\u00e7\u00e3o financeira estar\u00e3o na agenda \u2013, e a visita, em novembro, do presidente Xi Jinping ao Brasil ser\u00e3o encontros marcantes, que deveriam ser aproveitados pelo governo para definir nossas prioridades com Pequim.<\/p>\n<p class=\"styles__ParagraphStyled-sc-6adecn-0 dvANKb \">No momento em que as rela\u00e7\u00f5es entre os EUA e a China se tornam mais conflitivas, especialmente na \u00e1rea tecnol\u00f3gica e econ\u00f4mico-comercial, torna-se urgente a defini\u00e7\u00e3o de uma estrat\u00e9gia do Brasil para enfrentar as novas realidades geopol\u00edticas que poder\u00e3o impactar os interesses do Pa\u00eds. Nesse contexto, a quest\u00e3o da integra\u00e7\u00e3o regional, as conex\u00f5es com a \u00c1sia e os investimentos para facilitar projetos nessas \u00e1reas poderiam ser prioridades estrat\u00e9gicas do Brasil nos entendimentos durante o corrente ano.<\/p>\n<p class=\"styles__ParagraphStyled-sc-6adecn-0 dvANKb \">O transporte de produtos de exporta\u00e7\u00e3o do Brasil deixou de refletir essa grande mudan\u00e7a de eixo comercial. Para alcan\u00e7ar a \u00c1sia, as exporta\u00e7\u00f5es brasileiras t\u00eam de passar pelo Canal do Panam\u00e1 ou pelo sul da \u00c1frica, o que n\u00e3o \u00e9 eficiente nem econ\u00f4mico. Torna-se cada vez mais urgente abrir corredores de exporta\u00e7\u00e3o diretamente para os mercados asi\u00e1ticos, via portos no Peru e no Chile no Pac\u00edfico, para diminuir o tempo de transporte e o frete para tornar os produtos brasileiros mais competitivos.<\/p>\n<p class=\"styles__ParagraphStyled-sc-6adecn-0 dvANKb \">N\u00e3o est\u00e1 inclu\u00eddo no Programa de Acelera\u00e7\u00e3o do Crescimento (PAC) um projeto estrat\u00e9gico que ligaria, por via ferrovi\u00e1ria, o Atl\u00e2ntico ao Pac\u00edfico, de 3.755 quil\u00f4metros de extens\u00e3o (1.900 quil\u00f4metros no Brasil), passando pela metade norte do territ\u00f3rio nacional e pela Bol\u00edvia e chegando aos portos peruanos, que est\u00e3o sendo ampliados com recursos chineses. O corredor ferrovi\u00e1rio que chegaria aos portos peruanos teria um sentido estrat\u00e9gico fundamental para o Brasil, se pudesse ser executado. Caso vi\u00e1vel economicamente, esse corredor n\u00e3o s\u00f3 favoreceria o interc\u00e2mbio comercial com a \u00c1sia, mas tamb\u00e9m ampliaria as comunica\u00e7\u00f5es via transporte ferrovi\u00e1rio, mais barato, com os pa\u00edses vizinhos e permitiria o aumento do com\u00e9rcio bilateral. Com recursos escassos para desenvolver os projetos j\u00e1 inclu\u00eddos no PAC, caberia um exame objetivo de eventual coopera\u00e7\u00e3o entre o Brasil e a China para a constru\u00e7\u00e3o desse corredor ferrovi\u00e1rio.<\/p>\n<p class=\"styles__ParagraphStyled-sc-6adecn-0 dvANKb \">Na parte sul do territ\u00f3rio nacional, no pr\u00f3ximo ano, dever\u00e1 ficar pronto o corredor rodovi\u00e1rio que ligar\u00e1 Santos a portos chilenos, o que beneficiar\u00e1 a exporta\u00e7\u00e3o de produtos da regi\u00e3o para a China. Pequenos trechos no Paraguai e na Argentina dever\u00e3o estar finalizados at\u00e9 o pr\u00f3ximo ano, permitindo a utiliza\u00e7\u00e3o dessa via, constru\u00edda com recursos de cada um dos pa\u00edses envolvidos (Brasil, Paraguai, Argentina e Chile), sem qualquer interveni\u00eancia chinesa.<\/p>\n<div class=\"styles__MultiParagraphAdStyled-sc-1yb8ue6-0 dArwXb\">\n<div class=\"paragraph\">\n<p>No curso de visita oficial ao Brasil em janeiro passado, o ministro do Exterior da China, Wang Yi, prop\u00f4s ao Brasil unir o PAC com investimentos na nova Rota da Seda aqui na Am\u00e9rica do Sul, da qual muitos outros pa\u00edses sul-americanos j\u00e1 participam. O convite apresenta quest\u00f5es delicadas do ponto de vista geopol\u00edtico e do relacionamento com os EUA. O tema n\u00e3o est\u00e1 suficientemente amadurecido no \u00e2mbito do governo brasileiro, mas deveria merecer a aten\u00e7\u00e3o do setor privado e uma an\u00e1lise pragm\u00e1tica do governo, de acordo com o interesse nacional. H\u00e1 um esfor\u00e7o do governo para atrair investimento de empresas chinesas para projetos do PAC sem vincula\u00e7\u00e3o com a iniciativa chinesa. Caso haja recursos chineses para investimento na ferrovia, sem compromissos, inclusive quanto ao recebimento de trabalhadores chineses, a negocia\u00e7\u00e3o do referido corredor ferrovi\u00e1rio teria uma significa\u00e7\u00e3o toda especial. Dado o interesse de Pequim e sua alt\u00edssima capacita\u00e7\u00e3o tecnol\u00f3gica no setor ferrovi\u00e1rio, os entendimentos poderiam ser acelerados e a obra, respeitadas as regras ambientais, poderia ser iniciada sem mais delongas, com a participa\u00e7\u00e3o financeira do Banco do Brics, de acordo com o interesse brasileiro.<\/p>\n<p><em><strong>Leia o artigo completo em <a href=\"https:\/\/www.estadao.com.br\/opiniao\/rubens-barbosa\/parceria-estrategica-com-a-china\/\">O Estado de S. Paulo<\/a><\/strong><\/em><\/p>\n<p><em>*Rubens Barbosa \u00e9 presidente do Instituto de Rela\u00e7\u00f5es Internacionais e Com\u00e9rcio Exterior (Irice), foi embaixador do Brasil em Londres (1994-99) e em Washington (1999-2004)<\/em><\/p>\n<\/div>\n<\/div>\n","protected":false},"excerpt":{"rendered":"<p>*Por Rubens Barbosa A ideia de colabora\u00e7\u00e3o na constru\u00e7\u00e3o do corredor ferrovi\u00e1rio para o Pac\u00edfico poderia ser um dos pontos altos das comemora\u00e7\u00f5es dos 50 anos de rela\u00e7\u00f5es entre Brasil e China No ano em que os 50 anos do restabelecimento das rela\u00e7\u00f5es entre o Brasil e a China s\u00e3o comemorados, a reuni\u00e3o da Comiss\u00e3o [&hellip;]<\/p>\n","protected":false},"author":14,"featured_media":120296,"comment_status":"open","ping_status":"open","sticky":false,"template":"","format":"standard","meta":{"footnotes":""},"categories":[27,141],"tags":[],"class_list":{"0":"post-120294","1":"post","2":"type-post","3":"status-publish","4":"format-standard","5":"has-post-thumbnail","7":"category-instituto-de-engenharia","8":"category-noticias-menu"},"yoast_head":"<!-- This site is optimized with the Yoast SEO plugin v27.2 - https:\/\/yoast.com\/product\/yoast-seo-wordpress\/ -->\n<title>Parceria estrat\u00e9gica com a China - Instituto de Engenharia<\/title>\n<meta name=\"robots\" content=\"index, follow, max-snippet:-1, max-image-preview:large, max-video-preview:-1\" \/>\n<link rel=\"canonical\" href=\"https:\/\/www.institutodeengenharia.org.br\/site\/2024\/05\/28\/parceria-estrategica-com-a-china\/\" \/>\n<meta property=\"og:locale\" content=\"pt_BR\" \/>\n<meta property=\"og:type\" content=\"article\" \/>\n<meta property=\"og:title\" content=\"Parceria estrat\u00e9gica com a China - Instituto de Engenharia\" \/>\n<meta property=\"og:description\" content=\"*Por Rubens Barbosa A ideia de colabora\u00e7\u00e3o na constru\u00e7\u00e3o do corredor ferrovi\u00e1rio para o Pac\u00edfico poderia ser um dos pontos altos das comemora\u00e7\u00f5es dos 50 anos de rela\u00e7\u00f5es entre Brasil e China No ano em que os 50 anos do restabelecimento das rela\u00e7\u00f5es entre o Brasil e a China s\u00e3o comemorados, a reuni\u00e3o da Comiss\u00e3o [&hellip;]\" \/>\n<meta property=\"og:url\" content=\"https:\/\/www.institutodeengenharia.org.br\/site\/2024\/05\/28\/parceria-estrategica-com-a-china\/\" \/>\n<meta property=\"og:site_name\" content=\"Instituto de Engenharia\" \/>\n<meta property=\"article:publisher\" content=\"https:\/\/www.facebook.com\/institutodeengenharia\" \/>\n<meta property=\"article:published_time\" content=\"2024-05-28T12:53:54+00:00\" \/>\n<meta property=\"article:modified_time\" content=\"2024-05-28T12:57:54+00:00\" \/>\n<meta property=\"og:image\" content=\"https:\/\/www.institutodeengenharia.org.br\/site\/wp-content\/uploads\/2024\/05\/WhatsApp-Image-2024-05-27-at-15.16.20-1.jpeg\" \/>\n\t<meta property=\"og:image:width\" content=\"1600\" \/>\n\t<meta property=\"og:image:height\" content=\"1200\" \/>\n\t<meta property=\"og:image:type\" content=\"image\/jpeg\" \/>\n<meta name=\"author\" content=\"Isabel\" \/>\n<meta name=\"twitter:card\" content=\"summary_large_image\" \/>\n<meta name=\"twitter:creator\" content=\"@iengenharia\" \/>\n<meta name=\"twitter:site\" content=\"@iengenharia\" \/>\n<meta name=\"twitter:label1\" content=\"Escrito por\" \/>\n\t<meta name=\"twitter:data1\" content=\"Isabel\" \/>\n\t<meta name=\"twitter:label2\" content=\"Est. tempo de leitura\" \/>\n\t<meta name=\"twitter:data2\" content=\"4 minutos\" \/>\n<script type=\"application\/ld+json\" class=\"yoast-schema-graph\">{\"@context\":\"https:\/\/schema.org\",\"@graph\":[{\"@type\":\"Article\",\"@id\":\"https:\/\/www.institutodeengenharia.org.br\/site\/2024\/05\/28\/parceria-estrategica-com-a-china\/#article\",\"isPartOf\":{\"@id\":\"https:\/\/www.institutodeengenharia.org.br\/site\/2024\/05\/28\/parceria-estrategica-com-a-china\/\"},\"author\":{\"name\":\"Isabel\",\"@id\":\"https:\/\/www.institutodeengenharia.org.br\/site\/#\/schema\/person\/593dc356630173a4877a635d3e5fd76b\"},\"headline\":\"Parceria estrat\u00e9gica com a China\",\"datePublished\":\"2024-05-28T12:53:54+00:00\",\"dateModified\":\"2024-05-28T12:57:54+00:00\",\"mainEntityOfPage\":{\"@id\":\"https:\/\/www.institutodeengenharia.org.br\/site\/2024\/05\/28\/parceria-estrategica-com-a-china\/\"},\"wordCount\":786,\"commentCount\":0,\"publisher\":{\"@id\":\"https:\/\/www.institutodeengenharia.org.br\/site\/#organization\"},\"image\":{\"@id\":\"https:\/\/www.institutodeengenharia.org.br\/site\/2024\/05\/28\/parceria-estrategica-com-a-china\/#primaryimage\"},\"thumbnailUrl\":\"https:\/\/www.institutodeengenharia.org.br\/site\/wp-content\/uploads\/2024\/05\/WhatsApp-Image-2024-05-27-at-15.16.20-1.jpeg\",\"articleSection\":[\"Instituto de Engenharia\",\"Not\u00edcias\"],\"inLanguage\":\"pt-BR\",\"potentialAction\":[{\"@type\":\"CommentAction\",\"name\":\"Comment\",\"target\":[\"https:\/\/www.institutodeengenharia.org.br\/site\/2024\/05\/28\/parceria-estrategica-com-a-china\/#respond\"]}]},{\"@type\":\"WebPage\",\"@id\":\"https:\/\/www.institutodeengenharia.org.br\/site\/2024\/05\/28\/parceria-estrategica-com-a-china\/\",\"url\":\"https:\/\/www.institutodeengenharia.org.br\/site\/2024\/05\/28\/parceria-estrategica-com-a-china\/\",\"name\":\"Parceria estrat\u00e9gica com a China - Instituto de Engenharia\",\"isPartOf\":{\"@id\":\"https:\/\/www.institutodeengenharia.org.br\/site\/#website\"},\"primaryImageOfPage\":{\"@id\":\"https:\/\/www.institutodeengenharia.org.br\/site\/2024\/05\/28\/parceria-estrategica-com-a-china\/#primaryimage\"},\"image\":{\"@id\":\"https:\/\/www.institutodeengenharia.org.br\/site\/2024\/05\/28\/parceria-estrategica-com-a-china\/#primaryimage\"},\"thumbnailUrl\":\"https:\/\/www.institutodeengenharia.org.br\/site\/wp-content\/uploads\/2024\/05\/WhatsApp-Image-2024-05-27-at-15.16.20-1.jpeg\",\"datePublished\":\"2024-05-28T12:53:54+00:00\",\"dateModified\":\"2024-05-28T12:57:54+00:00\",\"breadcrumb\":{\"@id\":\"https:\/\/www.institutodeengenharia.org.br\/site\/2024\/05\/28\/parceria-estrategica-com-a-china\/#breadcrumb\"},\"inLanguage\":\"pt-BR\",\"potentialAction\":[{\"@type\":\"ReadAction\",\"target\":[\"https:\/\/www.institutodeengenharia.org.br\/site\/2024\/05\/28\/parceria-estrategica-com-a-china\/\"]}]},{\"@type\":\"ImageObject\",\"inLanguage\":\"pt-BR\",\"@id\":\"https:\/\/www.institutodeengenharia.org.br\/site\/2024\/05\/28\/parceria-estrategica-com-a-china\/#primaryimage\",\"url\":\"https:\/\/www.institutodeengenharia.org.br\/site\/wp-content\/uploads\/2024\/05\/WhatsApp-Image-2024-05-27-at-15.16.20-1.jpeg\",\"contentUrl\":\"https:\/\/www.institutodeengenharia.org.br\/site\/wp-content\/uploads\/2024\/05\/WhatsApp-Image-2024-05-27-at-15.16.20-1.jpeg\",\"width\":1600,\"height\":1200,\"caption\":\"Rubens Barbosa (6\u00ba da esq. p\/ dir), ao lado do presidente do Instituto de Engenharia, Jos\u00e9 Eduardo Jardim, com membros da diretoria executiva, conselheiros e convidados do IE, em visita \u00e0 sede da institui\u00e7\u00e3o em 27\/05\/24\"},{\"@type\":\"BreadcrumbList\",\"@id\":\"https:\/\/www.institutodeengenharia.org.br\/site\/2024\/05\/28\/parceria-estrategica-com-a-china\/#breadcrumb\",\"itemListElement\":[{\"@type\":\"ListItem\",\"position\":1,\"name\":\"In\u00edcio\",\"item\":\"https:\/\/www.institutodeengenharia.org.br\/site\/\"},{\"@type\":\"ListItem\",\"position\":2,\"name\":\"Parceria estrat\u00e9gica com a China\"}]},{\"@type\":\"WebSite\",\"@id\":\"https:\/\/www.institutodeengenharia.org.br\/site\/#website\",\"url\":\"https:\/\/www.institutodeengenharia.org.br\/site\/\",\"name\":\"Instituto de Engenharia\",\"description\":\"O Instituto de Engenharia promove a Engenharia em benef\u00edcio do desenvolvimento e da qualidade de vida da sociedade.\",\"publisher\":{\"@id\":\"https:\/\/www.institutodeengenharia.org.br\/site\/#organization\"},\"potentialAction\":[{\"@type\":\"SearchAction\",\"target\":{\"@type\":\"EntryPoint\",\"urlTemplate\":\"https:\/\/www.institutodeengenharia.org.br\/site\/?s={search_term_string}\"},\"query-input\":{\"@type\":\"PropertyValueSpecification\",\"valueRequired\":true,\"valueName\":\"search_term_string\"}}],\"inLanguage\":\"pt-BR\"},{\"@type\":\"Organization\",\"@id\":\"https:\/\/www.institutodeengenharia.org.br\/site\/#organization\",\"name\":\"Instituto de Engenharia\",\"url\":\"https:\/\/www.institutodeengenharia.org.br\/site\/\",\"logo\":{\"@type\":\"ImageObject\",\"inLanguage\":\"pt-BR\",\"@id\":\"https:\/\/www.institutodeengenharia.org.br\/site\/#\/schema\/logo\/image\/\",\"url\":\"https:\/\/www.institutodeengenharia.org.br\/site\/wp-content\/uploads\/2019\/03\/logo-novo-IE2018-1.jpg\",\"contentUrl\":\"https:\/\/www.institutodeengenharia.org.br\/site\/wp-content\/uploads\/2019\/03\/logo-novo-IE2018-1.jpg\",\"width\":1486,\"height\":1879,\"caption\":\"Instituto de Engenharia\"},\"image\":{\"@id\":\"https:\/\/www.institutodeengenharia.org.br\/site\/#\/schema\/logo\/image\/\"},\"sameAs\":[\"https:\/\/www.facebook.com\/institutodeengenharia\",\"https:\/\/x.com\/iengenharia\",\"https:\/\/www.instagram.com\/institutodeengenharia\/\",\"https:\/\/www.linkedin.com\/company\/instituto-de-engenharia\/\",\"https:\/\/www.youtube.com\/channel\/UCXiCAlsSMe977vamW915HxA\"]},{\"@type\":\"Person\",\"@id\":\"https:\/\/www.institutodeengenharia.org.br\/site\/#\/schema\/person\/593dc356630173a4877a635d3e5fd76b\",\"name\":\"Isabel\",\"image\":{\"@type\":\"ImageObject\",\"inLanguage\":\"pt-BR\",\"@id\":\"https:\/\/secure.gravatar.com\/avatar\/f3c521db63ec9db17894f10a88c6a3cf95b2281d7f80eeb3cf3ef1cb091576e7?s=96&d=mm&r=g\",\"url\":\"https:\/\/secure.gravatar.com\/avatar\/f3c521db63ec9db17894f10a88c6a3cf95b2281d7f80eeb3cf3ef1cb091576e7?s=96&d=mm&r=g\",\"contentUrl\":\"https:\/\/secure.gravatar.com\/avatar\/f3c521db63ec9db17894f10a88c6a3cf95b2281d7f80eeb3cf3ef1cb091576e7?s=96&d=mm&r=g\",\"caption\":\"Isabel\"},\"url\":\"https:\/\/www.institutodeengenharia.org.br\/site\/author\/comunicacao2\/\"}]}<\/script>\n<!-- \/ Yoast SEO plugin. -->","yoast_head_json":{"title":"Parceria estrat\u00e9gica com a China - Instituto de Engenharia","robots":{"index":"index","follow":"follow","max-snippet":"max-snippet:-1","max-image-preview":"max-image-preview:large","max-video-preview":"max-video-preview:-1"},"canonical":"https:\/\/www.institutodeengenharia.org.br\/site\/2024\/05\/28\/parceria-estrategica-com-a-china\/","og_locale":"pt_BR","og_type":"article","og_title":"Parceria estrat\u00e9gica com a China - Instituto de Engenharia","og_description":"*Por Rubens Barbosa A ideia de colabora\u00e7\u00e3o na constru\u00e7\u00e3o do corredor ferrovi\u00e1rio para o Pac\u00edfico poderia ser um dos pontos altos das comemora\u00e7\u00f5es dos 50 anos de rela\u00e7\u00f5es entre Brasil e China No ano em que os 50 anos do restabelecimento das rela\u00e7\u00f5es entre o Brasil e a China s\u00e3o comemorados, a reuni\u00e3o da Comiss\u00e3o [&hellip;]","og_url":"https:\/\/www.institutodeengenharia.org.br\/site\/2024\/05\/28\/parceria-estrategica-com-a-china\/","og_site_name":"Instituto de Engenharia","article_publisher":"https:\/\/www.facebook.com\/institutodeengenharia","article_published_time":"2024-05-28T12:53:54+00:00","article_modified_time":"2024-05-28T12:57:54+00:00","og_image":[{"width":1600,"height":1200,"url":"https:\/\/www.institutodeengenharia.org.br\/site\/wp-content\/uploads\/2024\/05\/WhatsApp-Image-2024-05-27-at-15.16.20-1.jpeg","type":"image\/jpeg"}],"author":"Isabel","twitter_card":"summary_large_image","twitter_creator":"@iengenharia","twitter_site":"@iengenharia","twitter_misc":{"Escrito por":"Isabel","Est. tempo de leitura":"4 minutos"},"schema":{"@context":"https:\/\/schema.org","@graph":[{"@type":"Article","@id":"https:\/\/www.institutodeengenharia.org.br\/site\/2024\/05\/28\/parceria-estrategica-com-a-china\/#article","isPartOf":{"@id":"https:\/\/www.institutodeengenharia.org.br\/site\/2024\/05\/28\/parceria-estrategica-com-a-china\/"},"author":{"name":"Isabel","@id":"https:\/\/www.institutodeengenharia.org.br\/site\/#\/schema\/person\/593dc356630173a4877a635d3e5fd76b"},"headline":"Parceria estrat\u00e9gica com a China","datePublished":"2024-05-28T12:53:54+00:00","dateModified":"2024-05-28T12:57:54+00:00","mainEntityOfPage":{"@id":"https:\/\/www.institutodeengenharia.org.br\/site\/2024\/05\/28\/parceria-estrategica-com-a-china\/"},"wordCount":786,"commentCount":0,"publisher":{"@id":"https:\/\/www.institutodeengenharia.org.br\/site\/#organization"},"image":{"@id":"https:\/\/www.institutodeengenharia.org.br\/site\/2024\/05\/28\/parceria-estrategica-com-a-china\/#primaryimage"},"thumbnailUrl":"https:\/\/www.institutodeengenharia.org.br\/site\/wp-content\/uploads\/2024\/05\/WhatsApp-Image-2024-05-27-at-15.16.20-1.jpeg","articleSection":["Instituto de Engenharia","Not\u00edcias"],"inLanguage":"pt-BR","potentialAction":[{"@type":"CommentAction","name":"Comment","target":["https:\/\/www.institutodeengenharia.org.br\/site\/2024\/05\/28\/parceria-estrategica-com-a-china\/#respond"]}]},{"@type":"WebPage","@id":"https:\/\/www.institutodeengenharia.org.br\/site\/2024\/05\/28\/parceria-estrategica-com-a-china\/","url":"https:\/\/www.institutodeengenharia.org.br\/site\/2024\/05\/28\/parceria-estrategica-com-a-china\/","name":"Parceria estrat\u00e9gica com a China - Instituto de Engenharia","isPartOf":{"@id":"https:\/\/www.institutodeengenharia.org.br\/site\/#website"},"primaryImageOfPage":{"@id":"https:\/\/www.institutodeengenharia.org.br\/site\/2024\/05\/28\/parceria-estrategica-com-a-china\/#primaryimage"},"image":{"@id":"https:\/\/www.institutodeengenharia.org.br\/site\/2024\/05\/28\/parceria-estrategica-com-a-china\/#primaryimage"},"thumbnailUrl":"https:\/\/www.institutodeengenharia.org.br\/site\/wp-content\/uploads\/2024\/05\/WhatsApp-Image-2024-05-27-at-15.16.20-1.jpeg","datePublished":"2024-05-28T12:53:54+00:00","dateModified":"2024-05-28T12:57:54+00:00","breadcrumb":{"@id":"https:\/\/www.institutodeengenharia.org.br\/site\/2024\/05\/28\/parceria-estrategica-com-a-china\/#breadcrumb"},"inLanguage":"pt-BR","potentialAction":[{"@type":"ReadAction","target":["https:\/\/www.institutodeengenharia.org.br\/site\/2024\/05\/28\/parceria-estrategica-com-a-china\/"]}]},{"@type":"ImageObject","inLanguage":"pt-BR","@id":"https:\/\/www.institutodeengenharia.org.br\/site\/2024\/05\/28\/parceria-estrategica-com-a-china\/#primaryimage","url":"https:\/\/www.institutodeengenharia.org.br\/site\/wp-content\/uploads\/2024\/05\/WhatsApp-Image-2024-05-27-at-15.16.20-1.jpeg","contentUrl":"https:\/\/www.institutodeengenharia.org.br\/site\/wp-content\/uploads\/2024\/05\/WhatsApp-Image-2024-05-27-at-15.16.20-1.jpeg","width":1600,"height":1200,"caption":"Rubens Barbosa (6\u00ba da esq. p\/ dir), ao lado do presidente do Instituto de Engenharia, Jos\u00e9 Eduardo Jardim, com membros da diretoria executiva, conselheiros e convidados do IE, em visita \u00e0 sede da institui\u00e7\u00e3o em 27\/05\/24"},{"@type":"BreadcrumbList","@id":"https:\/\/www.institutodeengenharia.org.br\/site\/2024\/05\/28\/parceria-estrategica-com-a-china\/#breadcrumb","itemListElement":[{"@type":"ListItem","position":1,"name":"In\u00edcio","item":"https:\/\/www.institutodeengenharia.org.br\/site\/"},{"@type":"ListItem","position":2,"name":"Parceria estrat\u00e9gica com a China"}]},{"@type":"WebSite","@id":"https:\/\/www.institutodeengenharia.org.br\/site\/#website","url":"https:\/\/www.institutodeengenharia.org.br\/site\/","name":"Instituto de Engenharia","description":"O Instituto de Engenharia promove a Engenharia em benef\u00edcio do desenvolvimento e da qualidade de vida da sociedade.","publisher":{"@id":"https:\/\/www.institutodeengenharia.org.br\/site\/#organization"},"potentialAction":[{"@type":"SearchAction","target":{"@type":"EntryPoint","urlTemplate":"https:\/\/www.institutodeengenharia.org.br\/site\/?s={search_term_string}"},"query-input":{"@type":"PropertyValueSpecification","valueRequired":true,"valueName":"search_term_string"}}],"inLanguage":"pt-BR"},{"@type":"Organization","@id":"https:\/\/www.institutodeengenharia.org.br\/site\/#organization","name":"Instituto de Engenharia","url":"https:\/\/www.institutodeengenharia.org.br\/site\/","logo":{"@type":"ImageObject","inLanguage":"pt-BR","@id":"https:\/\/www.institutodeengenharia.org.br\/site\/#\/schema\/logo\/image\/","url":"https:\/\/www.institutodeengenharia.org.br\/site\/wp-content\/uploads\/2019\/03\/logo-novo-IE2018-1.jpg","contentUrl":"https:\/\/www.institutodeengenharia.org.br\/site\/wp-content\/uploads\/2019\/03\/logo-novo-IE2018-1.jpg","width":1486,"height":1879,"caption":"Instituto de Engenharia"},"image":{"@id":"https:\/\/www.institutodeengenharia.org.br\/site\/#\/schema\/logo\/image\/"},"sameAs":["https:\/\/www.facebook.com\/institutodeengenharia","https:\/\/x.com\/iengenharia","https:\/\/www.instagram.com\/institutodeengenharia\/","https:\/\/www.linkedin.com\/company\/instituto-de-engenharia\/","https:\/\/www.youtube.com\/channel\/UCXiCAlsSMe977vamW915HxA"]},{"@type":"Person","@id":"https:\/\/www.institutodeengenharia.org.br\/site\/#\/schema\/person\/593dc356630173a4877a635d3e5fd76b","name":"Isabel","image":{"@type":"ImageObject","inLanguage":"pt-BR","@id":"https:\/\/secure.gravatar.com\/avatar\/f3c521db63ec9db17894f10a88c6a3cf95b2281d7f80eeb3cf3ef1cb091576e7?s=96&d=mm&r=g","url":"https:\/\/secure.gravatar.com\/avatar\/f3c521db63ec9db17894f10a88c6a3cf95b2281d7f80eeb3cf3ef1cb091576e7?s=96&d=mm&r=g","contentUrl":"https:\/\/secure.gravatar.com\/avatar\/f3c521db63ec9db17894f10a88c6a3cf95b2281d7f80eeb3cf3ef1cb091576e7?s=96&d=mm&r=g","caption":"Isabel"},"url":"https:\/\/www.institutodeengenharia.org.br\/site\/author\/comunicacao2\/"}]}},"_links":{"self":[{"href":"https:\/\/www.institutodeengenharia.org.br\/site\/wp-json\/wp\/v2\/posts\/120294","targetHints":{"allow":["GET"]}}],"collection":[{"href":"https:\/\/www.institutodeengenharia.org.br\/site\/wp-json\/wp\/v2\/posts"}],"about":[{"href":"https:\/\/www.institutodeengenharia.org.br\/site\/wp-json\/wp\/v2\/types\/post"}],"author":[{"embeddable":true,"href":"https:\/\/www.institutodeengenharia.org.br\/site\/wp-json\/wp\/v2\/users\/14"}],"replies":[{"embeddable":true,"href":"https:\/\/www.institutodeengenharia.org.br\/site\/wp-json\/wp\/v2\/comments?post=120294"}],"version-history":[{"count":2,"href":"https:\/\/www.institutodeengenharia.org.br\/site\/wp-json\/wp\/v2\/posts\/120294\/revisions"}],"predecessor-version":[{"id":120298,"href":"https:\/\/www.institutodeengenharia.org.br\/site\/wp-json\/wp\/v2\/posts\/120294\/revisions\/120298"}],"wp:featuredmedia":[{"embeddable":true,"href":"https:\/\/www.institutodeengenharia.org.br\/site\/wp-json\/wp\/v2\/media\/120296"}],"wp:attachment":[{"href":"https:\/\/www.institutodeengenharia.org.br\/site\/wp-json\/wp\/v2\/media?parent=120294"}],"wp:term":[{"taxonomy":"category","embeddable":true,"href":"https:\/\/www.institutodeengenharia.org.br\/site\/wp-json\/wp\/v2\/categories?post=120294"},{"taxonomy":"post_tag","embeddable":true,"href":"https:\/\/www.institutodeengenharia.org.br\/site\/wp-json\/wp\/v2\/tags?post=120294"}],"curies":[{"name":"wp","href":"https:\/\/api.w.org\/{rel}","templated":true}]}}