{"id":120149,"date":"2024-05-22T15:33:26","date_gmt":"2024-05-22T18:33:26","guid":{"rendered":"https:\/\/www.institutodeengenharia.org.br\/site\/?p=120149"},"modified":"2024-05-28T12:16:30","modified_gmt":"2024-05-28T15:16:30","slug":"podcast-visao-da-engenharia-estagiario-e-jovens-aprendizes-5","status":"publish","type":"post","link":"https:\/\/www.institutodeengenharia.org.br\/site\/2024\/05\/22\/podcast-visao-da-engenharia-estagiario-e-jovens-aprendizes-5\/","title":{"rendered":"PodCast Vis\u00e3o da Engenharia &#8211; Estagi\u00e1rios e Jovens Aprendizes #5"},"content":{"rendered":"<p><iframe loading=\"lazy\" title=\"YouTube video player\" src=\"https:\/\/www.youtube.com\/embed\/i6OFf7CKjJk?si=80njWFupUqy57Zbh\" width=\"560\" height=\"315\" frameborder=\"0\" allowfullscreen=\"allowfullscreen\"><\/iframe><\/p>\n<p>No epis\u00f3dio #5 do PodCast Vis\u00e3o da Engenharia, o presidente do Centro de Integra\u00e7\u00e3o Empresa Escola (CIEE), Humberto Casagrande, fala sobre a coloca\u00e7\u00e3o de estagi\u00e1rios e jovens aprendizes no mercado de trabalho, d\u00e1 dicas para o desenvolvimento deles para as empresas e sobre a Semana Nacional da Engenharia, e muito mais.<\/p>\n<p>Na roda de conversa, tamb\u00e9m estavam presentes Jos\u00e9 Eduardo Jardim, presidente do IE, Miriana Marques, VP de Adm. e Finan\u00e7as do IE, Ivan Whately, VP de Atividades T\u00e9cnicas do IE e Regis Gehlen Oliveira, diretor da ConVis\u00e3o CNC.<\/p>\n<p>Essa s\u00e9rie de v\u00eddeos faz parte da Semana Nacional da Engenharia, que acontecer\u00e1 do dia 26 de agosto a 1\u00ba de setembro. <a href=\"https:\/\/www.institutodeengenharia.org.br\/site\/events\/semana-nacional-da-engenharia\/\"><strong>Clique aqui para saber mais e fazer sua inscri\u00e7\u00e3o.<\/strong><\/a><\/p>\n","protected":false},"excerpt":{"rendered":"<p>No epis\u00f3dio #5 do PodCast Vis\u00e3o da Engenharia, o presidente do Centro de Integra\u00e7\u00e3o Empresa Escola (CIEE), Humberto Casagrande, fala sobre a coloca\u00e7\u00e3o de estagi\u00e1rios e jovens aprendizes no mercado de trabalho, d\u00e1 dicas para o desenvolvimento deles para as empresas e sobre a Semana Nacional da Engenharia, e muito mais. Na roda de conversa, [&hellip;]<\/p>\n","protected":false},"author":13,"featured_media":120150,"comment_status":"open","ping_status":"open","sticky":false,"template":"","format":"video","meta":{"footnotes":""},"categories":[968,969],"tags":[1176],"class_list":{"0":"post-120149","1":"post","2":"type-post","3":"status-publish","4":"format-video","5":"has-post-thumbnail","7":"category-nova-tv-engenharia","8":"category-palestra","9":"tag-video-home","10":"post_format-post-format-video"},"yoast_head":"<!-- This site is optimized with the Yoast SEO plugin v27.2 - https:\/\/yoast.com\/product\/yoast-seo-wordpress\/ -->\n<title>PodCast Vis\u00e3o da Engenharia - Estagi\u00e1rios e Jovens Aprendizes #5 - Instituto de Engenharia<\/title>\n<meta name=\"robots\" content=\"index, follow, max-snippet:-1, max-image-preview:large, max-video-preview:-1\" \/>\n<link rel=\"canonical\" href=\"https:\/\/www.institutodeengenharia.org.br\/site\/2024\/05\/22\/podcast-visao-da-engenharia-estagiario-e-jovens-aprendizes-5\/\" \/>\n<meta property=\"og:locale\" content=\"pt_BR\" \/>\n<meta property=\"og:type\" content=\"article\" \/>\n<meta property=\"og:title\" content=\"PodCast Vis\u00e3o da Engenharia - Estagi\u00e1rios e Jovens Aprendizes #5 - Instituto de Engenharia\" \/>\n<meta property=\"og:description\" content=\"No epis\u00f3dio #5 do PodCast Vis\u00e3o da Engenharia, o presidente do Centro de Integra\u00e7\u00e3o Empresa Escola (CIEE), Humberto Casagrande, fala sobre a coloca\u00e7\u00e3o de estagi\u00e1rios e jovens aprendizes no mercado de trabalho, d\u00e1 dicas para o desenvolvimento deles para as empresas e sobre a Semana Nacional da Engenharia, e muito mais. Na roda de conversa, [&hellip;]\" \/>\n<meta property=\"og:url\" content=\"https:\/\/www.institutodeengenharia.org.br\/site\/2024\/05\/22\/podcast-visao-da-engenharia-estagiario-e-jovens-aprendizes-5\/\" \/>\n<meta property=\"og:site_name\" content=\"Instituto de Engenharia\" \/>\n<meta property=\"article:publisher\" content=\"https:\/\/www.facebook.com\/institutodeengenharia\" \/>\n<meta property=\"article:published_time\" content=\"2024-05-22T18:33:26+00:00\" \/>\n<meta property=\"article:modified_time\" content=\"2024-05-28T15:16:30+00:00\" \/>\n<meta property=\"og:image\" content=\"https:\/\/www.institutodeengenharia.org.br\/site\/wp-content\/uploads\/2024\/05\/Miniatura-Podcast-Visao-da-Engenharia-5.png\" \/>\n\t<meta property=\"og:image:width\" content=\"1280\" \/>\n\t<meta property=\"og:image:height\" content=\"720\" \/>\n\t<meta property=\"og:image:type\" content=\"image\/png\" \/>\n<meta name=\"author\" content=\"Bianca\" \/>\n<meta name=\"twitter:card\" content=\"summary_large_image\" \/>\n<meta name=\"twitter:creator\" content=\"@iengenharia\" \/>\n<meta name=\"twitter:site\" content=\"@iengenharia\" \/>\n<meta name=\"twitter:label1\" content=\"Escrito por\" \/>\n\t<meta name=\"twitter:data1\" content=\"Bianca\" \/>\n\t<meta name=\"twitter:label2\" content=\"Est. tempo de leitura\" \/>\n\t<meta name=\"twitter:data2\" content=\"1 minuto\" \/>\n<script type=\"application\/ld+json\" class=\"yoast-schema-graph\">{\"@context\":\"https:\/\/schema.org\",\"@graph\":[{\"@type\":\"Article\",\"@id\":\"https:\/\/www.institutodeengenharia.org.br\/site\/2024\/05\/22\/podcast-visao-da-engenharia-estagiario-e-jovens-aprendizes-5\/#article\",\"isPartOf\":{\"@id\":\"https:\/\/www.institutodeengenharia.org.br\/site\/2024\/05\/22\/podcast-visao-da-engenharia-estagiario-e-jovens-aprendizes-5\/\"},\"author\":{\"name\":\"Bianca\",\"@id\":\"https:\/\/www.institutodeengenharia.org.br\/site\/#\/schema\/person\/aeb64951c405e100d26d30b033dd423f\"},\"headline\":\"PodCast Vis\u00e3o da Engenharia &#8211; Estagi\u00e1rios e Jovens Aprendizes #5\",\"datePublished\":\"2024-05-22T18:33:26+00:00\",\"dateModified\":\"2024-05-28T15:16:30+00:00\",\"mainEntityOfPage\":{\"@id\":\"https:\/\/www.institutodeengenharia.org.br\/site\/2024\/05\/22\/podcast-visao-da-engenharia-estagiario-e-jovens-aprendizes-5\/\"},\"wordCount\":140,\"commentCount\":0,\"publisher\":{\"@id\":\"https:\/\/www.institutodeengenharia.org.br\/site\/#organization\"},\"image\":{\"@id\":\"https:\/\/www.institutodeengenharia.org.br\/site\/2024\/05\/22\/podcast-visao-da-engenharia-estagiario-e-jovens-aprendizes-5\/#primaryimage\"},\"thumbnailUrl\":\"https:\/\/www.institutodeengenharia.org.br\/site\/wp-content\/uploads\/2024\/05\/Miniatura-Podcast-Visao-da-Engenharia-5.png\",\"keywords\":[\"video-home\"],\"articleSection\":[\"Nova TV Engenharia\",\"Palestra\"],\"inLanguage\":\"pt-BR\",\"potentialAction\":[{\"@type\":\"CommentAction\",\"name\":\"Comment\",\"target\":[\"https:\/\/www.institutodeengenharia.org.br\/site\/2024\/05\/22\/podcast-visao-da-engenharia-estagiario-e-jovens-aprendizes-5\/#respond\"]}]},{\"@type\":\"WebPage\",\"@id\":\"https:\/\/www.institutodeengenharia.org.br\/site\/2024\/05\/22\/podcast-visao-da-engenharia-estagiario-e-jovens-aprendizes-5\/\",\"url\":\"https:\/\/www.institutodeengenharia.org.br\/site\/2024\/05\/22\/podcast-visao-da-engenharia-estagiario-e-jovens-aprendizes-5\/\",\"name\":\"PodCast Vis\u00e3o da Engenharia - Estagi\u00e1rios e Jovens Aprendizes #5 - Instituto de Engenharia\",\"isPartOf\":{\"@id\":\"https:\/\/www.institutodeengenharia.org.br\/site\/#website\"},\"primaryImageOfPage\":{\"@id\":\"https:\/\/www.institutodeengenharia.org.br\/site\/2024\/05\/22\/podcast-visao-da-engenharia-estagiario-e-jovens-aprendizes-5\/#primaryimage\"},\"image\":{\"@id\":\"https:\/\/www.institutodeengenharia.org.br\/site\/2024\/05\/22\/podcast-visao-da-engenharia-estagiario-e-jovens-aprendizes-5\/#primaryimage\"},\"thumbnailUrl\":\"https:\/\/www.institutodeengenharia.org.br\/site\/wp-content\/uploads\/2024\/05\/Miniatura-Podcast-Visao-da-Engenharia-5.png\",\"datePublished\":\"2024-05-22T18:33:26+00:00\",\"dateModified\":\"2024-05-28T15:16:30+00:00\",\"breadcrumb\":{\"@id\":\"https:\/\/www.institutodeengenharia.org.br\/site\/2024\/05\/22\/podcast-visao-da-engenharia-estagiario-e-jovens-aprendizes-5\/#breadcrumb\"},\"inLanguage\":\"pt-BR\",\"potentialAction\":[{\"@type\":\"ReadAction\",\"target\":[\"https:\/\/www.institutodeengenharia.org.br\/site\/2024\/05\/22\/podcast-visao-da-engenharia-estagiario-e-jovens-aprendizes-5\/\"]}]},{\"@type\":\"ImageObject\",\"inLanguage\":\"pt-BR\",\"@id\":\"https:\/\/www.institutodeengenharia.org.br\/site\/2024\/05\/22\/podcast-visao-da-engenharia-estagiario-e-jovens-aprendizes-5\/#primaryimage\",\"url\":\"https:\/\/www.institutodeengenharia.org.br\/site\/wp-content\/uploads\/2024\/05\/Miniatura-Podcast-Visao-da-Engenharia-5.png\",\"contentUrl\":\"https:\/\/www.institutodeengenharia.org.br\/site\/wp-content\/uploads\/2024\/05\/Miniatura-Podcast-Visao-da-Engenharia-5.png\",\"width\":1280,\"height\":720},{\"@type\":\"BreadcrumbList\",\"@id\":\"https:\/\/www.institutodeengenharia.org.br\/site\/2024\/05\/22\/podcast-visao-da-engenharia-estagiario-e-jovens-aprendizes-5\/#breadcrumb\",\"itemListElement\":[{\"@type\":\"ListItem\",\"position\":1,\"name\":\"In\u00edcio\",\"item\":\"https:\/\/www.institutodeengenharia.org.br\/site\/\"},{\"@type\":\"ListItem\",\"position\":2,\"name\":\"PodCast Vis\u00e3o da Engenharia &#8211; Estagi\u00e1rios e Jovens Aprendizes #5\"}]},{\"@type\":\"WebSite\",\"@id\":\"https:\/\/www.institutodeengenharia.org.br\/site\/#website\",\"url\":\"https:\/\/www.institutodeengenharia.org.br\/site\/\",\"name\":\"Instituto de Engenharia\",\"description\":\"O Instituto de Engenharia promove a Engenharia em benef\u00edcio do desenvolvimento e da qualidade de vida da sociedade.\",\"publisher\":{\"@id\":\"https:\/\/www.institutodeengenharia.org.br\/site\/#organization\"},\"potentialAction\":[{\"@type\":\"SearchAction\",\"target\":{\"@type\":\"EntryPoint\",\"urlTemplate\":\"https:\/\/www.institutodeengenharia.org.br\/site\/?s={search_term_string}\"},\"query-input\":{\"@type\":\"PropertyValueSpecification\",\"valueRequired\":true,\"valueName\":\"search_term_string\"}}],\"inLanguage\":\"pt-BR\"},{\"@type\":\"Organization\",\"@id\":\"https:\/\/www.institutodeengenharia.org.br\/site\/#organization\",\"name\":\"Instituto de Engenharia\",\"url\":\"https:\/\/www.institutodeengenharia.org.br\/site\/\",\"logo\":{\"@type\":\"ImageObject\",\"inLanguage\":\"pt-BR\",\"@id\":\"https:\/\/www.institutodeengenharia.org.br\/site\/#\/schema\/logo\/image\/\",\"url\":\"https:\/\/www.institutodeengenharia.org.br\/site\/wp-content\/uploads\/2019\/03\/logo-novo-IE2018-1.jpg\",\"contentUrl\":\"https:\/\/www.institutodeengenharia.org.br\/site\/wp-content\/uploads\/2019\/03\/logo-novo-IE2018-1.jpg\",\"width\":1486,\"height\":1879,\"caption\":\"Instituto de Engenharia\"},\"image\":{\"@id\":\"https:\/\/www.institutodeengenharia.org.br\/site\/#\/schema\/logo\/image\/\"},\"sameAs\":[\"https:\/\/www.facebook.com\/institutodeengenharia\",\"https:\/\/x.com\/iengenharia\",\"https:\/\/www.instagram.com\/institutodeengenharia\/\",\"https:\/\/www.linkedin.com\/company\/instituto-de-engenharia\/\",\"https:\/\/www.youtube.com\/channel\/UCXiCAlsSMe977vamW915HxA\"]},{\"@type\":\"Person\",\"@id\":\"https:\/\/www.institutodeengenharia.org.br\/site\/#\/schema\/person\/aeb64951c405e100d26d30b033dd423f\",\"name\":\"Bianca\",\"image\":{\"@type\":\"ImageObject\",\"inLanguage\":\"pt-BR\",\"@id\":\"https:\/\/secure.gravatar.com\/avatar\/a6fbe9bff57405baf4c1e2c5c1811e072b558253974a9f9508f4678900c97c2a?s=96&d=mm&r=g\",\"url\":\"https:\/\/secure.gravatar.com\/avatar\/a6fbe9bff57405baf4c1e2c5c1811e072b558253974a9f9508f4678900c97c2a?s=96&d=mm&r=g\",\"contentUrl\":\"https:\/\/secure.gravatar.com\/avatar\/a6fbe9bff57405baf4c1e2c5c1811e072b558253974a9f9508f4678900c97c2a?s=96&d=mm&r=g\",\"caption\":\"Bianca\"},\"url\":\"https:\/\/www.institutodeengenharia.org.br\/site\/author\/comunicacao1\/\"}]}<\/script>\n<!-- \/ Yoast SEO plugin. -->","yoast_head_json":{"title":"PodCast Vis\u00e3o da Engenharia - Estagi\u00e1rios e Jovens Aprendizes #5 - Instituto de Engenharia","robots":{"index":"index","follow":"follow","max-snippet":"max-snippet:-1","max-image-preview":"max-image-preview:large","max-video-preview":"max-video-preview:-1"},"canonical":"https:\/\/www.institutodeengenharia.org.br\/site\/2024\/05\/22\/podcast-visao-da-engenharia-estagiario-e-jovens-aprendizes-5\/","og_locale":"pt_BR","og_type":"article","og_title":"PodCast Vis\u00e3o da Engenharia - Estagi\u00e1rios e Jovens Aprendizes #5 - Instituto de Engenharia","og_description":"No epis\u00f3dio #5 do PodCast Vis\u00e3o da Engenharia, o presidente do Centro de Integra\u00e7\u00e3o Empresa Escola (CIEE), Humberto Casagrande, fala sobre a coloca\u00e7\u00e3o de estagi\u00e1rios e jovens aprendizes no mercado de trabalho, d\u00e1 dicas para o desenvolvimento deles para as empresas e sobre a Semana Nacional da Engenharia, e muito mais. Na roda de conversa, [&hellip;]","og_url":"https:\/\/www.institutodeengenharia.org.br\/site\/2024\/05\/22\/podcast-visao-da-engenharia-estagiario-e-jovens-aprendizes-5\/","og_site_name":"Instituto de Engenharia","article_publisher":"https:\/\/www.facebook.com\/institutodeengenharia","article_published_time":"2024-05-22T18:33:26+00:00","article_modified_time":"2024-05-28T15:16:30+00:00","og_image":[{"width":1280,"height":720,"url":"https:\/\/www.institutodeengenharia.org.br\/site\/wp-content\/uploads\/2024\/05\/Miniatura-Podcast-Visao-da-Engenharia-5.png","type":"image\/png"}],"author":"Bianca","twitter_card":"summary_large_image","twitter_creator":"@iengenharia","twitter_site":"@iengenharia","twitter_misc":{"Escrito por":"Bianca","Est. tempo de leitura":"1 minuto"},"schema":{"@context":"https:\/\/schema.org","@graph":[{"@type":"Article","@id":"https:\/\/www.institutodeengenharia.org.br\/site\/2024\/05\/22\/podcast-visao-da-engenharia-estagiario-e-jovens-aprendizes-5\/#article","isPartOf":{"@id":"https:\/\/www.institutodeengenharia.org.br\/site\/2024\/05\/22\/podcast-visao-da-engenharia-estagiario-e-jovens-aprendizes-5\/"},"author":{"name":"Bianca","@id":"https:\/\/www.institutodeengenharia.org.br\/site\/#\/schema\/person\/aeb64951c405e100d26d30b033dd423f"},"headline":"PodCast Vis\u00e3o da Engenharia &#8211; Estagi\u00e1rios e Jovens Aprendizes #5","datePublished":"2024-05-22T18:33:26+00:00","dateModified":"2024-05-28T15:16:30+00:00","mainEntityOfPage":{"@id":"https:\/\/www.institutodeengenharia.org.br\/site\/2024\/05\/22\/podcast-visao-da-engenharia-estagiario-e-jovens-aprendizes-5\/"},"wordCount":140,"commentCount":0,"publisher":{"@id":"https:\/\/www.institutodeengenharia.org.br\/site\/#organization"},"image":{"@id":"https:\/\/www.institutodeengenharia.org.br\/site\/2024\/05\/22\/podcast-visao-da-engenharia-estagiario-e-jovens-aprendizes-5\/#primaryimage"},"thumbnailUrl":"https:\/\/www.institutodeengenharia.org.br\/site\/wp-content\/uploads\/2024\/05\/Miniatura-Podcast-Visao-da-Engenharia-5.png","keywords":["video-home"],"articleSection":["Nova TV Engenharia","Palestra"],"inLanguage":"pt-BR","potentialAction":[{"@type":"CommentAction","name":"Comment","target":["https:\/\/www.institutodeengenharia.org.br\/site\/2024\/05\/22\/podcast-visao-da-engenharia-estagiario-e-jovens-aprendizes-5\/#respond"]}]},{"@type":"WebPage","@id":"https:\/\/www.institutodeengenharia.org.br\/site\/2024\/05\/22\/podcast-visao-da-engenharia-estagiario-e-jovens-aprendizes-5\/","url":"https:\/\/www.institutodeengenharia.org.br\/site\/2024\/05\/22\/podcast-visao-da-engenharia-estagiario-e-jovens-aprendizes-5\/","name":"PodCast Vis\u00e3o da Engenharia - Estagi\u00e1rios e Jovens Aprendizes #5 - Instituto de Engenharia","isPartOf":{"@id":"https:\/\/www.institutodeengenharia.org.br\/site\/#website"},"primaryImageOfPage":{"@id":"https:\/\/www.institutodeengenharia.org.br\/site\/2024\/05\/22\/podcast-visao-da-engenharia-estagiario-e-jovens-aprendizes-5\/#primaryimage"},"image":{"@id":"https:\/\/www.institutodeengenharia.org.br\/site\/2024\/05\/22\/podcast-visao-da-engenharia-estagiario-e-jovens-aprendizes-5\/#primaryimage"},"thumbnailUrl":"https:\/\/www.institutodeengenharia.org.br\/site\/wp-content\/uploads\/2024\/05\/Miniatura-Podcast-Visao-da-Engenharia-5.png","datePublished":"2024-05-22T18:33:26+00:00","dateModified":"2024-05-28T15:16:30+00:00","breadcrumb":{"@id":"https:\/\/www.institutodeengenharia.org.br\/site\/2024\/05\/22\/podcast-visao-da-engenharia-estagiario-e-jovens-aprendizes-5\/#breadcrumb"},"inLanguage":"pt-BR","potentialAction":[{"@type":"ReadAction","target":["https:\/\/www.institutodeengenharia.org.br\/site\/2024\/05\/22\/podcast-visao-da-engenharia-estagiario-e-jovens-aprendizes-5\/"]}]},{"@type":"ImageObject","inLanguage":"pt-BR","@id":"https:\/\/www.institutodeengenharia.org.br\/site\/2024\/05\/22\/podcast-visao-da-engenharia-estagiario-e-jovens-aprendizes-5\/#primaryimage","url":"https:\/\/www.institutodeengenharia.org.br\/site\/wp-content\/uploads\/2024\/05\/Miniatura-Podcast-Visao-da-Engenharia-5.png","contentUrl":"https:\/\/www.institutodeengenharia.org.br\/site\/wp-content\/uploads\/2024\/05\/Miniatura-Podcast-Visao-da-Engenharia-5.png","width":1280,"height":720},{"@type":"BreadcrumbList","@id":"https:\/\/www.institutodeengenharia.org.br\/site\/2024\/05\/22\/podcast-visao-da-engenharia-estagiario-e-jovens-aprendizes-5\/#breadcrumb","itemListElement":[{"@type":"ListItem","position":1,"name":"In\u00edcio","item":"https:\/\/www.institutodeengenharia.org.br\/site\/"},{"@type":"ListItem","position":2,"name":"PodCast Vis\u00e3o da Engenharia &#8211; Estagi\u00e1rios e Jovens Aprendizes #5"}]},{"@type":"WebSite","@id":"https:\/\/www.institutodeengenharia.org.br\/site\/#website","url":"https:\/\/www.institutodeengenharia.org.br\/site\/","name":"Instituto de Engenharia","description":"O Instituto de Engenharia promove a Engenharia em benef\u00edcio do desenvolvimento e da qualidade de vida da sociedade.","publisher":{"@id":"https:\/\/www.institutodeengenharia.org.br\/site\/#organization"},"potentialAction":[{"@type":"SearchAction","target":{"@type":"EntryPoint","urlTemplate":"https:\/\/www.institutodeengenharia.org.br\/site\/?s={search_term_string}"},"query-input":{"@type":"PropertyValueSpecification","valueRequired":true,"valueName":"search_term_string"}}],"inLanguage":"pt-BR"},{"@type":"Organization","@id":"https:\/\/www.institutodeengenharia.org.br\/site\/#organization","name":"Instituto de Engenharia","url":"https:\/\/www.institutodeengenharia.org.br\/site\/","logo":{"@type":"ImageObject","inLanguage":"pt-BR","@id":"https:\/\/www.institutodeengenharia.org.br\/site\/#\/schema\/logo\/image\/","url":"https:\/\/www.institutodeengenharia.org.br\/site\/wp-content\/uploads\/2019\/03\/logo-novo-IE2018-1.jpg","contentUrl":"https:\/\/www.institutodeengenharia.org.br\/site\/wp-content\/uploads\/2019\/03\/logo-novo-IE2018-1.jpg","width":1486,"height":1879,"caption":"Instituto de Engenharia"},"image":{"@id":"https:\/\/www.institutodeengenharia.org.br\/site\/#\/schema\/logo\/image\/"},"sameAs":["https:\/\/www.facebook.com\/institutodeengenharia","https:\/\/x.com\/iengenharia","https:\/\/www.instagram.com\/institutodeengenharia\/","https:\/\/www.linkedin.com\/company\/instituto-de-engenharia\/","https:\/\/www.youtube.com\/channel\/UCXiCAlsSMe977vamW915HxA"]},{"@type":"Person","@id":"https:\/\/www.institutodeengenharia.org.br\/site\/#\/schema\/person\/aeb64951c405e100d26d30b033dd423f","name":"Bianca","image":{"@type":"ImageObject","inLanguage":"pt-BR","@id":"https:\/\/secure.gravatar.com\/avatar\/a6fbe9bff57405baf4c1e2c5c1811e072b558253974a9f9508f4678900c97c2a?s=96&d=mm&r=g","url":"https:\/\/secure.gravatar.com\/avatar\/a6fbe9bff57405baf4c1e2c5c1811e072b558253974a9f9508f4678900c97c2a?s=96&d=mm&r=g","contentUrl":"https:\/\/secure.gravatar.com\/avatar\/a6fbe9bff57405baf4c1e2c5c1811e072b558253974a9f9508f4678900c97c2a?s=96&d=mm&r=g","caption":"Bianca"},"url":"https:\/\/www.institutodeengenharia.org.br\/site\/author\/comunicacao1\/"}]}},"_links":{"self":[{"href":"https:\/\/www.institutodeengenharia.org.br\/site\/wp-json\/wp\/v2\/posts\/120149","targetHints":{"allow":["GET"]}}],"collection":[{"href":"https:\/\/www.institutodeengenharia.org.br\/site\/wp-json\/wp\/v2\/posts"}],"about":[{"href":"https:\/\/www.institutodeengenharia.org.br\/site\/wp-json\/wp\/v2\/types\/post"}],"author":[{"embeddable":true,"href":"https:\/\/www.institutodeengenharia.org.br\/site\/wp-json\/wp\/v2\/users\/13"}],"replies":[{"embeddable":true,"href":"https:\/\/www.institutodeengenharia.org.br\/site\/wp-json\/wp\/v2\/comments?post=120149"}],"version-history":[{"count":4,"href":"https:\/\/www.institutodeengenharia.org.br\/site\/wp-json\/wp\/v2\/posts\/120149\/revisions"}],"predecessor-version":[{"id":120305,"href":"https:\/\/www.institutodeengenharia.org.br\/site\/wp-json\/wp\/v2\/posts\/120149\/revisions\/120305"}],"wp:featuredmedia":[{"embeddable":true,"href":"https:\/\/www.institutodeengenharia.org.br\/site\/wp-json\/wp\/v2\/media\/120150"}],"wp:attachment":[{"href":"https:\/\/www.institutodeengenharia.org.br\/site\/wp-json\/wp\/v2\/media?parent=120149"}],"wp:term":[{"taxonomy":"category","embeddable":true,"href":"https:\/\/www.institutodeengenharia.org.br\/site\/wp-json\/wp\/v2\/categories?post=120149"},{"taxonomy":"post_tag","embeddable":true,"href":"https:\/\/www.institutodeengenharia.org.br\/site\/wp-json\/wp\/v2\/tags?post=120149"}],"curies":[{"name":"wp","href":"https:\/\/api.w.org\/{rel}","templated":true}]}}