{"id":120077,"date":"2024-05-21T10:59:07","date_gmt":"2024-05-21T13:59:07","guid":{"rendered":"https:\/\/www.institutodeengenharia.org.br\/site\/?p=120077"},"modified":"2024-05-21T10:59:07","modified_gmt":"2024-05-21T13:59:07","slug":"por-francisco-christovam-impactos-da-reoneracao-da-folha-de-pagamento","status":"publish","type":"post","link":"https:\/\/www.institutodeengenharia.org.br\/site\/2024\/05\/21\/por-francisco-christovam-impactos-da-reoneracao-da-folha-de-pagamento\/","title":{"rendered":"Por Francisco Christovam \u2013 Impactos da reonera\u00e7\u00e3o da folha de pagamento"},"content":{"rendered":"<p><a href=\"https:\/\/exame.com\/bussola\/francisco-christovam-reoneracao-da-folha-de-pagamentos-tera-impacto-no-acesso-ao-transporte-publico\/\"><em>Artigo publicado na coluna \u201cB\u00fassola, da Revista Exame, edi\u00e7\u00e3o de 21\/5\/24<\/em><\/a><\/p>\n<p>A desonera\u00e7\u00e3o da folha de pagamento, vigente desde 2013, foi uma medida fundamental para a redu\u00e7\u00e3o dos custos operacionais das empresas de transporte p\u00fablico coletivo, ao substituir a contribui\u00e7\u00e3o previdenci\u00e1ria patronal de 20% sobre a folha de sal\u00e1rios por uma al\u00edquota de 1% sobre o faturamento bruto. A prorroga\u00e7\u00e3o da desonera\u00e7\u00e3o at\u00e9 2027, conforme aprovado recentemente pelo Congresso Nacional, foi uma decis\u00e3o amplamente discutida e que levou em considera\u00e7\u00e3o os benef\u00edcios econ\u00f4micos e sociais da medida.<\/p>\n<p>No entanto, o governo federal decidiu judicializar a quest\u00e3o no Supremo Tribunal Federal (STF), em um claro retrocesso no direito fundamental ao transporte p\u00fablico, garantido pela Constitui\u00e7\u00e3o Federal. Felizmente, o ministro Cristiano Zanin, do STF, suspendeu temporariamente o fim da desonera\u00e7\u00e3o, e definiu um prazo de 60 dias para que seja concretizado o acordo, anunciado por governo e Congresso, que reestabelece a tributa\u00e7\u00e3o da folha em etapas a partir de 2025.<\/p>\n<p>Embora gradativa, a reonera\u00e7\u00e3o inevitavelmente ter\u00e1 impacto sobre o custo do transporte p\u00fablico e, por consequ\u00eancia, sobre a tarifa. Estima-se que, ao fim do processo, o custo do setor possa aumentar entre R$ 0,70 e R$ 1,00 por passageiro pagante, a depender da localidade. Em munic\u00edpios sem subs\u00eddio p\u00fablico, os custos ser\u00e3o repassados integralmente aos passageiros, sobrecarregando ainda mais os or\u00e7amentos familiares e impactando negativamente o acesso a esse servi\u00e7o essencial. Vale lembrar que o transporte p\u00fablico \u00e9 o principal meio de locomo\u00e7\u00e3o de grande parte da popula\u00e7\u00e3o, especialmente dos grupos de menor renda.<\/p>\n<p>Outro fator de preocupa\u00e7\u00e3o \u00e9 o impacto da medida do governo na infla\u00e7\u00e3o. C\u00e1lculos da Associa\u00e7\u00e3o Nacional das Empresas de Transportes Urbanos (NTU) apontam para um aumento de at\u00e9 0,38% do \u00cdndice de Pre\u00e7os ao Consumidor Amplo \u2014 IPCA nas cidades pesquisadas. O efeito inflacion\u00e1rio seria geral, afetando at\u00e9 mesmo quem n\u00e3o usa o servi\u00e7o.<\/p>\n<p>A decis\u00e3o do governo federal ignora o papel estrat\u00e9gico que o transporte p\u00fablico desempenha na sociedade. Al\u00e9m de ser um dos 17 setores que mais empregam no pa\u00eds, o segmento \u00e9 crucial para a mobilidade urbana e para a economia como um todo.<\/p>\n<p>Para al\u00e9m dos efeitos a longo prazo na tarifa e na infla\u00e7\u00e3o, o fim da pol\u00edtica p\u00fablica da desonera\u00e7\u00e3o prejudica os planos futuros de renova\u00e7\u00e3o e descarboniza\u00e7\u00e3o da frota, e coloca em risco a qualidade<\/p>\n<p>dos servi\u00e7os, j\u00e1 que os recursos dispon\u00edveis para investimentos tendem a diminuir. Tudo isso, somado, pode fazer com que o transporte p\u00fablico coletivo seja deixado de lado pelo passageiro, que pode priorizar ainda mais os modos de transporte individuais, t\u00e3o prejudiciais \u00e0 mobilidade urbana, devido aos congestionamentos e \u00e0 polui\u00e7\u00e3o \u2013 com consequ\u00eancias bem conhecidas sobre a atual crise clim\u00e1tica.<\/p>\n<p>Acabar com esse benef\u00edcio vai na contram\u00e3o dos esfor\u00e7os para tornar o transporte p\u00fablico mais acess\u00edvel, eficiente e sustent\u00e1vel. Governo e Congresso t\u00eam agora a responsabilidade de avaliar n\u00e3o apenas os aspectos legais, mas, tamb\u00e9m, o bem-estar da popula\u00e7\u00e3o e as consequ\u00eancias socioecon\u00f4micas e ambientais dessa decis\u00e3o.<\/p>\n<p>A desonera\u00e7\u00e3o da folha de pagamento, vigente desde 2013, foi uma medida fundamental para a redu\u00e7\u00e3o dos custos operacionais das empresas de transporte p\u00fablico coletivo, ao substituir a contribui\u00e7\u00e3o previdenci\u00e1ria patronal de 20% sobre a folha de sal\u00e1rios por uma al\u00edquota de 1% sobre o faturamento bruto. No entanto, em recente decis\u00e3o, o governo federal decidiu judicializar a prorroga\u00e7\u00e3o da medida no Supremo Tribunal Federal \u2014 STF, significando um retrocesso no direito fundamental ao transporte p\u00fablico, garantido pela Constitui\u00e7\u00e3o Federal.<\/p>\n<p>Com a reonera\u00e7\u00e3o, estima-se que o pre\u00e7o da passagem possa aumentar entre R$ 0,70 e R$ 1,00, por passageiro pagante, a depender da localidade. Em munic\u00edpios sem subs\u00eddio p\u00fablico, o aumento dos custos ser\u00e1 repassado integralmente aos passageiros, sobrecarregando ainda mais os or\u00e7amentos familiares e impactando negativamente o acesso a esse servi\u00e7o essencial. Vale lembrar que o transporte p\u00fablico \u00e9 o principal meio de locomo\u00e7\u00e3o de grande parte da popula\u00e7\u00e3o, especialmente dos grupos de menor renda.<\/p>\n<p>Outro fator de preocupa\u00e7\u00e3o \u00e9 o impacto da medida do governo na infla\u00e7\u00e3o. C\u00e1lculos da Associa\u00e7\u00e3o Nacional das Empresas de Transportes Urbanos \u2014 NTU apontam para um aumento de at\u00e9 0,38% no \u00cdndice de Pre\u00e7os ao Consumidor Amplo \u2014 IPCA, nas cidades pesquisadas. Vale ressaltar que o efeito inflacion\u00e1rio seria geral, afetando at\u00e9 mesmo quem n\u00e3o usa o servi\u00e7o.<\/p>\n<p>A decis\u00e3o do governo federal ignora o papel estrat\u00e9gico que o transporte p\u00fablico desempenha na sociedade. Al\u00e9m de ser um dos 17 setores que mais empregam no pa\u00eds, o segmento \u00e9 crucial para a mobilidade urbana e para a economia como um todo.<\/p>\n<p>Para al\u00e9m dos efeitos imediatos na tarifa e na infla\u00e7\u00e3o, o eventual fim da pol\u00edtica p\u00fablica da desonera\u00e7\u00e3o da folha de pagamentos significa colocar em risco os planos de renova\u00e7\u00e3o da frota e a qualidade dos servi\u00e7os prestados, j\u00e1 que os recursos dispon\u00edveis para investimentos ser\u00e3o reduzidos. Tudo isso, somado, pode fazer com que o transporte p\u00fablico coletivo seja deixado de lado pelo passageiro, que pode priorizar ainda mais os modos de transporte individuais, t\u00e3o prejudiciais \u00e0 mobilidade urbana devido aos congestionamentos e \u00e0 polui\u00e7\u00e3o.<\/p>\n<p>A prorroga\u00e7\u00e3o da desonera\u00e7\u00e3o at\u00e9 2027, conforme aprovado pelo Congresso Nacional, foi uma decis\u00e3o amplamente discutida e que levou em considera\u00e7\u00e3o os benef\u00edcios econ\u00f4micos e sociais da medida. A tentativa de revert\u00ea-la judicialmente, al\u00e9m de desrespeitar esse consenso, desconsidera os impactos negativos que a reonera\u00e7\u00e3o trar\u00e1 para a popula\u00e7\u00e3o e para a economia do pa\u00eds.<\/p>\n<p>Acabar com esse benef\u00edcio vai na contram\u00e3o dos esfor\u00e7os para tornar o transporte p\u00fablico mais acess\u00edvel e eficiente. O STF tem agora a responsabilidade de avaliar n\u00e3o apenas os aspectos legais, mas, tamb\u00e9m, o bem-estar da popula\u00e7\u00e3o e as consequ\u00eancias socioecon\u00f4micas dessa decis\u00e3o.<\/p>\n<p>________________________________________________________________________<\/p>\n<p><em><img loading=\"lazy\" decoding=\"async\" class=\"wp-image-44258 alignleft td-animation-stack-type0-2\" src=\"https:\/\/www.institutodeengenharia.org.br\/site\/wp-content\/uploads\/2019\/10\/Francisco-Christovam-1.jpg\" sizes=\"auto, (max-width: 134px) 100vw, 134px\" srcset=\"https:\/\/www.institutodeengenharia.org.br\/site\/wp-content\/uploads\/2019\/10\/Francisco-Christovam-1.jpg 2349w, https:\/\/www.institutodeengenharia.org.br\/site\/wp-content\/uploads\/2019\/10\/Francisco-Christovam-1-261x300.jpg 261w, https:\/\/www.institutodeengenharia.org.br\/site\/wp-content\/uploads\/2019\/10\/Francisco-Christovam-1-768x882.jpg 768w, https:\/\/www.institutodeengenharia.org.br\/site\/wp-content\/uploads\/2019\/10\/Francisco-Christovam-1-892x1024.jpg 892w, https:\/\/www.institutodeengenharia.org.br\/site\/wp-content\/uploads\/2019\/10\/Francisco-Christovam-1-696x799.jpg 696w, https:\/\/www.institutodeengenharia.org.br\/site\/wp-content\/uploads\/2019\/10\/Francisco-Christovam-1-1068x1226.jpg 1068w, https:\/\/www.institutodeengenharia.org.br\/site\/wp-content\/uploads\/2019\/10\/Francisco-Christovam-1-366x420.jpg 366w, https:\/\/www.institutodeengenharia.org.br\/site\/wp-content\/uploads\/2019\/10\/Francisco-Christovam-1-1920x2204.jpg 1920w\" alt=\"\" width=\"134\" height=\"154\" \/>(*) Francisco Christovam \u00e9 Diretor Executivo (CEO) da Associa\u00e7\u00e3o Nacional das Empresas de Transportes Urbanos \u2013 NTU, Vice-Presidente da Federa\u00e7\u00e3o das Empresas de Transportes de Passageiros do Estado de S\u00e3o Paulo \u2013 FETPESP e da Associa\u00e7\u00e3o Nacional de Transportes P\u00fablicos \u2013 ANTP, bem como membro do Conselho Diretor da Confedera\u00e7\u00e3o Nacional do Transporte \u2013 CNT e membro do Conselho Deliberativo do Instituto de Engenharia.\u00a0<\/em><\/p>\n<h6><em>*Os artigos publicados com assinatura, n\u00e3o traduzem necessariamente a opini\u00e3o do Instituto de Engenharia. Sua publica\u00e7\u00e3o obedece ao prop\u00f3sito de estimular o debate dos problemas brasileiros e de refletir as diversas tend\u00eancias do pensamento contempor\u00e2neo.<\/em><\/h6>\n","protected":false},"excerpt":{"rendered":"<p>Artigo publicado na coluna \u201cB\u00fassola, da Revista Exame, edi\u00e7\u00e3o de 21\/5\/24 A desonera\u00e7\u00e3o da folha de pagamento, vigente desde 2013, foi uma medida fundamental para a redu\u00e7\u00e3o dos custos operacionais das empresas de transporte p\u00fablico coletivo, ao substituir a contribui\u00e7\u00e3o previdenci\u00e1ria patronal de 20% sobre a folha de sal\u00e1rios por uma al\u00edquota de 1% sobre [&hellip;]<\/p>\n","protected":false},"author":13,"featured_media":120078,"comment_status":"open","ping_status":"open","sticky":false,"template":"","format":"standard","meta":{"footnotes":""},"categories":[11,90],"tags":[],"class_list":{"0":"post-120077","1":"post","2":"type-post","3":"status-publish","4":"format-standard","5":"has-post-thumbnail","7":"category-articulistas","8":"category-francisco-christovam"},"yoast_head":"<!-- This site is optimized with the Yoast SEO plugin v27.2 - https:\/\/yoast.com\/product\/yoast-seo-wordpress\/ -->\n<title>Por Francisco Christovam \u2013 Impactos da reonera\u00e7\u00e3o da folha de pagamento - Instituto de Engenharia<\/title>\n<meta name=\"robots\" content=\"index, follow, max-snippet:-1, max-image-preview:large, max-video-preview:-1\" \/>\n<link rel=\"canonical\" href=\"https:\/\/www.institutodeengenharia.org.br\/site\/2024\/05\/21\/por-francisco-christovam-impactos-da-reoneracao-da-folha-de-pagamento\/\" \/>\n<meta property=\"og:locale\" content=\"pt_BR\" \/>\n<meta property=\"og:type\" content=\"article\" \/>\n<meta property=\"og:title\" content=\"Por Francisco Christovam \u2013 Impactos da reonera\u00e7\u00e3o da folha de pagamento - Instituto de Engenharia\" \/>\n<meta property=\"og:description\" content=\"Artigo publicado na coluna \u201cB\u00fassola, da Revista Exame, edi\u00e7\u00e3o de 21\/5\/24 A desonera\u00e7\u00e3o da folha de pagamento, vigente desde 2013, foi uma medida fundamental para a redu\u00e7\u00e3o dos custos operacionais das empresas de transporte p\u00fablico coletivo, ao substituir a contribui\u00e7\u00e3o previdenci\u00e1ria patronal de 20% sobre a folha de sal\u00e1rios por uma al\u00edquota de 1% sobre [&hellip;]\" \/>\n<meta property=\"og:url\" content=\"https:\/\/www.institutodeengenharia.org.br\/site\/2024\/05\/21\/por-francisco-christovam-impactos-da-reoneracao-da-folha-de-pagamento\/\" \/>\n<meta property=\"og:site_name\" content=\"Instituto de Engenharia\" \/>\n<meta property=\"article:publisher\" content=\"https:\/\/www.facebook.com\/institutodeengenharia\" \/>\n<meta property=\"article:published_time\" content=\"2024-05-21T13:59:07+00:00\" \/>\n<meta property=\"og:image\" content=\"https:\/\/www.institutodeengenharia.org.br\/site\/wp-content\/uploads\/2024\/05\/Balanca-Dinheiro.jpeg\" \/>\n\t<meta property=\"og:image:width\" content=\"218\" \/>\n\t<meta property=\"og:image:height\" content=\"232\" \/>\n\t<meta property=\"og:image:type\" content=\"image\/jpeg\" \/>\n<meta name=\"author\" content=\"Bianca\" \/>\n<meta name=\"twitter:card\" content=\"summary_large_image\" \/>\n<meta name=\"twitter:creator\" content=\"@iengenharia\" \/>\n<meta name=\"twitter:site\" content=\"@iengenharia\" \/>\n<meta name=\"twitter:label1\" content=\"Escrito por\" \/>\n\t<meta name=\"twitter:data1\" content=\"Bianca\" \/>\n\t<meta name=\"twitter:label2\" content=\"Est. tempo de leitura\" \/>\n\t<meta name=\"twitter:data2\" content=\"7 minutos\" \/>\n<script type=\"application\/ld+json\" class=\"yoast-schema-graph\">{\"@context\":\"https:\/\/schema.org\",\"@graph\":[{\"@type\":\"Article\",\"@id\":\"https:\/\/www.institutodeengenharia.org.br\/site\/2024\/05\/21\/por-francisco-christovam-impactos-da-reoneracao-da-folha-de-pagamento\/#article\",\"isPartOf\":{\"@id\":\"https:\/\/www.institutodeengenharia.org.br\/site\/2024\/05\/21\/por-francisco-christovam-impactos-da-reoneracao-da-folha-de-pagamento\/\"},\"author\":{\"name\":\"Bianca\",\"@id\":\"https:\/\/www.institutodeengenharia.org.br\/site\/#\/schema\/person\/aeb64951c405e100d26d30b033dd423f\"},\"headline\":\"Por Francisco Christovam \u2013 Impactos da reonera\u00e7\u00e3o da folha de pagamento\",\"datePublished\":\"2024-05-21T13:59:07+00:00\",\"mainEntityOfPage\":{\"@id\":\"https:\/\/www.institutodeengenharia.org.br\/site\/2024\/05\/21\/por-francisco-christovam-impactos-da-reoneracao-da-folha-de-pagamento\/\"},\"wordCount\":1155,\"commentCount\":0,\"publisher\":{\"@id\":\"https:\/\/www.institutodeengenharia.org.br\/site\/#organization\"},\"image\":{\"@id\":\"https:\/\/www.institutodeengenharia.org.br\/site\/2024\/05\/21\/por-francisco-christovam-impactos-da-reoneracao-da-folha-de-pagamento\/#primaryimage\"},\"thumbnailUrl\":\"https:\/\/www.institutodeengenharia.org.br\/site\/wp-content\/uploads\/2024\/05\/Balanca-Dinheiro.jpeg\",\"articleSection\":[\"Articulistas\",\"Francisco Christovam\"],\"inLanguage\":\"pt-BR\",\"potentialAction\":[{\"@type\":\"CommentAction\",\"name\":\"Comment\",\"target\":[\"https:\/\/www.institutodeengenharia.org.br\/site\/2024\/05\/21\/por-francisco-christovam-impactos-da-reoneracao-da-folha-de-pagamento\/#respond\"]}]},{\"@type\":\"WebPage\",\"@id\":\"https:\/\/www.institutodeengenharia.org.br\/site\/2024\/05\/21\/por-francisco-christovam-impactos-da-reoneracao-da-folha-de-pagamento\/\",\"url\":\"https:\/\/www.institutodeengenharia.org.br\/site\/2024\/05\/21\/por-francisco-christovam-impactos-da-reoneracao-da-folha-de-pagamento\/\",\"name\":\"Por Francisco Christovam \u2013 Impactos da reonera\u00e7\u00e3o da folha de pagamento - Instituto de Engenharia\",\"isPartOf\":{\"@id\":\"https:\/\/www.institutodeengenharia.org.br\/site\/#website\"},\"primaryImageOfPage\":{\"@id\":\"https:\/\/www.institutodeengenharia.org.br\/site\/2024\/05\/21\/por-francisco-christovam-impactos-da-reoneracao-da-folha-de-pagamento\/#primaryimage\"},\"image\":{\"@id\":\"https:\/\/www.institutodeengenharia.org.br\/site\/2024\/05\/21\/por-francisco-christovam-impactos-da-reoneracao-da-folha-de-pagamento\/#primaryimage\"},\"thumbnailUrl\":\"https:\/\/www.institutodeengenharia.org.br\/site\/wp-content\/uploads\/2024\/05\/Balanca-Dinheiro.jpeg\",\"datePublished\":\"2024-05-21T13:59:07+00:00\",\"breadcrumb\":{\"@id\":\"https:\/\/www.institutodeengenharia.org.br\/site\/2024\/05\/21\/por-francisco-christovam-impactos-da-reoneracao-da-folha-de-pagamento\/#breadcrumb\"},\"inLanguage\":\"pt-BR\",\"potentialAction\":[{\"@type\":\"ReadAction\",\"target\":[\"https:\/\/www.institutodeengenharia.org.br\/site\/2024\/05\/21\/por-francisco-christovam-impactos-da-reoneracao-da-folha-de-pagamento\/\"]}]},{\"@type\":\"ImageObject\",\"inLanguage\":\"pt-BR\",\"@id\":\"https:\/\/www.institutodeengenharia.org.br\/site\/2024\/05\/21\/por-francisco-christovam-impactos-da-reoneracao-da-folha-de-pagamento\/#primaryimage\",\"url\":\"https:\/\/www.institutodeengenharia.org.br\/site\/wp-content\/uploads\/2024\/05\/Balanca-Dinheiro.jpeg\",\"contentUrl\":\"https:\/\/www.institutodeengenharia.org.br\/site\/wp-content\/uploads\/2024\/05\/Balanca-Dinheiro.jpeg\",\"width\":218,\"height\":232},{\"@type\":\"BreadcrumbList\",\"@id\":\"https:\/\/www.institutodeengenharia.org.br\/site\/2024\/05\/21\/por-francisco-christovam-impactos-da-reoneracao-da-folha-de-pagamento\/#breadcrumb\",\"itemListElement\":[{\"@type\":\"ListItem\",\"position\":1,\"name\":\"In\u00edcio\",\"item\":\"https:\/\/www.institutodeengenharia.org.br\/site\/\"},{\"@type\":\"ListItem\",\"position\":2,\"name\":\"Por Francisco Christovam \u2013 Impactos da reonera\u00e7\u00e3o da folha de pagamento\"}]},{\"@type\":\"WebSite\",\"@id\":\"https:\/\/www.institutodeengenharia.org.br\/site\/#website\",\"url\":\"https:\/\/www.institutodeengenharia.org.br\/site\/\",\"name\":\"Instituto de Engenharia\",\"description\":\"O Instituto de Engenharia promove a Engenharia em benef\u00edcio do desenvolvimento e da qualidade de vida da sociedade.\",\"publisher\":{\"@id\":\"https:\/\/www.institutodeengenharia.org.br\/site\/#organization\"},\"potentialAction\":[{\"@type\":\"SearchAction\",\"target\":{\"@type\":\"EntryPoint\",\"urlTemplate\":\"https:\/\/www.institutodeengenharia.org.br\/site\/?s={search_term_string}\"},\"query-input\":{\"@type\":\"PropertyValueSpecification\",\"valueRequired\":true,\"valueName\":\"search_term_string\"}}],\"inLanguage\":\"pt-BR\"},{\"@type\":\"Organization\",\"@id\":\"https:\/\/www.institutodeengenharia.org.br\/site\/#organization\",\"name\":\"Instituto de Engenharia\",\"url\":\"https:\/\/www.institutodeengenharia.org.br\/site\/\",\"logo\":{\"@type\":\"ImageObject\",\"inLanguage\":\"pt-BR\",\"@id\":\"https:\/\/www.institutodeengenharia.org.br\/site\/#\/schema\/logo\/image\/\",\"url\":\"https:\/\/www.institutodeengenharia.org.br\/site\/wp-content\/uploads\/2019\/03\/logo-novo-IE2018-1.jpg\",\"contentUrl\":\"https:\/\/www.institutodeengenharia.org.br\/site\/wp-content\/uploads\/2019\/03\/logo-novo-IE2018-1.jpg\",\"width\":1486,\"height\":1879,\"caption\":\"Instituto de Engenharia\"},\"image\":{\"@id\":\"https:\/\/www.institutodeengenharia.org.br\/site\/#\/schema\/logo\/image\/\"},\"sameAs\":[\"https:\/\/www.facebook.com\/institutodeengenharia\",\"https:\/\/x.com\/iengenharia\",\"https:\/\/www.instagram.com\/institutodeengenharia\/\",\"https:\/\/www.linkedin.com\/company\/instituto-de-engenharia\/\",\"https:\/\/www.youtube.com\/channel\/UCXiCAlsSMe977vamW915HxA\"]},{\"@type\":\"Person\",\"@id\":\"https:\/\/www.institutodeengenharia.org.br\/site\/#\/schema\/person\/aeb64951c405e100d26d30b033dd423f\",\"name\":\"Bianca\",\"image\":{\"@type\":\"ImageObject\",\"inLanguage\":\"pt-BR\",\"@id\":\"https:\/\/secure.gravatar.com\/avatar\/a6fbe9bff57405baf4c1e2c5c1811e072b558253974a9f9508f4678900c97c2a?s=96&d=mm&r=g\",\"url\":\"https:\/\/secure.gravatar.com\/avatar\/a6fbe9bff57405baf4c1e2c5c1811e072b558253974a9f9508f4678900c97c2a?s=96&d=mm&r=g\",\"contentUrl\":\"https:\/\/secure.gravatar.com\/avatar\/a6fbe9bff57405baf4c1e2c5c1811e072b558253974a9f9508f4678900c97c2a?s=96&d=mm&r=g\",\"caption\":\"Bianca\"},\"url\":\"https:\/\/www.institutodeengenharia.org.br\/site\/author\/comunicacao1\/\"}]}<\/script>\n<!-- \/ Yoast SEO plugin. -->","yoast_head_json":{"title":"Por Francisco Christovam \u2013 Impactos da reonera\u00e7\u00e3o da folha de pagamento - Instituto de Engenharia","robots":{"index":"index","follow":"follow","max-snippet":"max-snippet:-1","max-image-preview":"max-image-preview:large","max-video-preview":"max-video-preview:-1"},"canonical":"https:\/\/www.institutodeengenharia.org.br\/site\/2024\/05\/21\/por-francisco-christovam-impactos-da-reoneracao-da-folha-de-pagamento\/","og_locale":"pt_BR","og_type":"article","og_title":"Por Francisco Christovam \u2013 Impactos da reonera\u00e7\u00e3o da folha de pagamento - Instituto de Engenharia","og_description":"Artigo publicado na coluna \u201cB\u00fassola, da Revista Exame, edi\u00e7\u00e3o de 21\/5\/24 A desonera\u00e7\u00e3o da folha de pagamento, vigente desde 2013, foi uma medida fundamental para a redu\u00e7\u00e3o dos custos operacionais das empresas de transporte p\u00fablico coletivo, ao substituir a contribui\u00e7\u00e3o previdenci\u00e1ria patronal de 20% sobre a folha de sal\u00e1rios por uma al\u00edquota de 1% sobre [&hellip;]","og_url":"https:\/\/www.institutodeengenharia.org.br\/site\/2024\/05\/21\/por-francisco-christovam-impactos-da-reoneracao-da-folha-de-pagamento\/","og_site_name":"Instituto de Engenharia","article_publisher":"https:\/\/www.facebook.com\/institutodeengenharia","article_published_time":"2024-05-21T13:59:07+00:00","og_image":[{"width":218,"height":232,"url":"https:\/\/www.institutodeengenharia.org.br\/site\/wp-content\/uploads\/2024\/05\/Balanca-Dinheiro.jpeg","type":"image\/jpeg"}],"author":"Bianca","twitter_card":"summary_large_image","twitter_creator":"@iengenharia","twitter_site":"@iengenharia","twitter_misc":{"Escrito por":"Bianca","Est. tempo de leitura":"7 minutos"},"schema":{"@context":"https:\/\/schema.org","@graph":[{"@type":"Article","@id":"https:\/\/www.institutodeengenharia.org.br\/site\/2024\/05\/21\/por-francisco-christovam-impactos-da-reoneracao-da-folha-de-pagamento\/#article","isPartOf":{"@id":"https:\/\/www.institutodeengenharia.org.br\/site\/2024\/05\/21\/por-francisco-christovam-impactos-da-reoneracao-da-folha-de-pagamento\/"},"author":{"name":"Bianca","@id":"https:\/\/www.institutodeengenharia.org.br\/site\/#\/schema\/person\/aeb64951c405e100d26d30b033dd423f"},"headline":"Por Francisco Christovam \u2013 Impactos da reonera\u00e7\u00e3o da folha de pagamento","datePublished":"2024-05-21T13:59:07+00:00","mainEntityOfPage":{"@id":"https:\/\/www.institutodeengenharia.org.br\/site\/2024\/05\/21\/por-francisco-christovam-impactos-da-reoneracao-da-folha-de-pagamento\/"},"wordCount":1155,"commentCount":0,"publisher":{"@id":"https:\/\/www.institutodeengenharia.org.br\/site\/#organization"},"image":{"@id":"https:\/\/www.institutodeengenharia.org.br\/site\/2024\/05\/21\/por-francisco-christovam-impactos-da-reoneracao-da-folha-de-pagamento\/#primaryimage"},"thumbnailUrl":"https:\/\/www.institutodeengenharia.org.br\/site\/wp-content\/uploads\/2024\/05\/Balanca-Dinheiro.jpeg","articleSection":["Articulistas","Francisco Christovam"],"inLanguage":"pt-BR","potentialAction":[{"@type":"CommentAction","name":"Comment","target":["https:\/\/www.institutodeengenharia.org.br\/site\/2024\/05\/21\/por-francisco-christovam-impactos-da-reoneracao-da-folha-de-pagamento\/#respond"]}]},{"@type":"WebPage","@id":"https:\/\/www.institutodeengenharia.org.br\/site\/2024\/05\/21\/por-francisco-christovam-impactos-da-reoneracao-da-folha-de-pagamento\/","url":"https:\/\/www.institutodeengenharia.org.br\/site\/2024\/05\/21\/por-francisco-christovam-impactos-da-reoneracao-da-folha-de-pagamento\/","name":"Por Francisco Christovam \u2013 Impactos da reonera\u00e7\u00e3o da folha de pagamento - Instituto de Engenharia","isPartOf":{"@id":"https:\/\/www.institutodeengenharia.org.br\/site\/#website"},"primaryImageOfPage":{"@id":"https:\/\/www.institutodeengenharia.org.br\/site\/2024\/05\/21\/por-francisco-christovam-impactos-da-reoneracao-da-folha-de-pagamento\/#primaryimage"},"image":{"@id":"https:\/\/www.institutodeengenharia.org.br\/site\/2024\/05\/21\/por-francisco-christovam-impactos-da-reoneracao-da-folha-de-pagamento\/#primaryimage"},"thumbnailUrl":"https:\/\/www.institutodeengenharia.org.br\/site\/wp-content\/uploads\/2024\/05\/Balanca-Dinheiro.jpeg","datePublished":"2024-05-21T13:59:07+00:00","breadcrumb":{"@id":"https:\/\/www.institutodeengenharia.org.br\/site\/2024\/05\/21\/por-francisco-christovam-impactos-da-reoneracao-da-folha-de-pagamento\/#breadcrumb"},"inLanguage":"pt-BR","potentialAction":[{"@type":"ReadAction","target":["https:\/\/www.institutodeengenharia.org.br\/site\/2024\/05\/21\/por-francisco-christovam-impactos-da-reoneracao-da-folha-de-pagamento\/"]}]},{"@type":"ImageObject","inLanguage":"pt-BR","@id":"https:\/\/www.institutodeengenharia.org.br\/site\/2024\/05\/21\/por-francisco-christovam-impactos-da-reoneracao-da-folha-de-pagamento\/#primaryimage","url":"https:\/\/www.institutodeengenharia.org.br\/site\/wp-content\/uploads\/2024\/05\/Balanca-Dinheiro.jpeg","contentUrl":"https:\/\/www.institutodeengenharia.org.br\/site\/wp-content\/uploads\/2024\/05\/Balanca-Dinheiro.jpeg","width":218,"height":232},{"@type":"BreadcrumbList","@id":"https:\/\/www.institutodeengenharia.org.br\/site\/2024\/05\/21\/por-francisco-christovam-impactos-da-reoneracao-da-folha-de-pagamento\/#breadcrumb","itemListElement":[{"@type":"ListItem","position":1,"name":"In\u00edcio","item":"https:\/\/www.institutodeengenharia.org.br\/site\/"},{"@type":"ListItem","position":2,"name":"Por Francisco Christovam \u2013 Impactos da reonera\u00e7\u00e3o da folha de pagamento"}]},{"@type":"WebSite","@id":"https:\/\/www.institutodeengenharia.org.br\/site\/#website","url":"https:\/\/www.institutodeengenharia.org.br\/site\/","name":"Instituto de Engenharia","description":"O Instituto de Engenharia promove a Engenharia em benef\u00edcio do desenvolvimento e da qualidade de vida da sociedade.","publisher":{"@id":"https:\/\/www.institutodeengenharia.org.br\/site\/#organization"},"potentialAction":[{"@type":"SearchAction","target":{"@type":"EntryPoint","urlTemplate":"https:\/\/www.institutodeengenharia.org.br\/site\/?s={search_term_string}"},"query-input":{"@type":"PropertyValueSpecification","valueRequired":true,"valueName":"search_term_string"}}],"inLanguage":"pt-BR"},{"@type":"Organization","@id":"https:\/\/www.institutodeengenharia.org.br\/site\/#organization","name":"Instituto de Engenharia","url":"https:\/\/www.institutodeengenharia.org.br\/site\/","logo":{"@type":"ImageObject","inLanguage":"pt-BR","@id":"https:\/\/www.institutodeengenharia.org.br\/site\/#\/schema\/logo\/image\/","url":"https:\/\/www.institutodeengenharia.org.br\/site\/wp-content\/uploads\/2019\/03\/logo-novo-IE2018-1.jpg","contentUrl":"https:\/\/www.institutodeengenharia.org.br\/site\/wp-content\/uploads\/2019\/03\/logo-novo-IE2018-1.jpg","width":1486,"height":1879,"caption":"Instituto de Engenharia"},"image":{"@id":"https:\/\/www.institutodeengenharia.org.br\/site\/#\/schema\/logo\/image\/"},"sameAs":["https:\/\/www.facebook.com\/institutodeengenharia","https:\/\/x.com\/iengenharia","https:\/\/www.instagram.com\/institutodeengenharia\/","https:\/\/www.linkedin.com\/company\/instituto-de-engenharia\/","https:\/\/www.youtube.com\/channel\/UCXiCAlsSMe977vamW915HxA"]},{"@type":"Person","@id":"https:\/\/www.institutodeengenharia.org.br\/site\/#\/schema\/person\/aeb64951c405e100d26d30b033dd423f","name":"Bianca","image":{"@type":"ImageObject","inLanguage":"pt-BR","@id":"https:\/\/secure.gravatar.com\/avatar\/a6fbe9bff57405baf4c1e2c5c1811e072b558253974a9f9508f4678900c97c2a?s=96&d=mm&r=g","url":"https:\/\/secure.gravatar.com\/avatar\/a6fbe9bff57405baf4c1e2c5c1811e072b558253974a9f9508f4678900c97c2a?s=96&d=mm&r=g","contentUrl":"https:\/\/secure.gravatar.com\/avatar\/a6fbe9bff57405baf4c1e2c5c1811e072b558253974a9f9508f4678900c97c2a?s=96&d=mm&r=g","caption":"Bianca"},"url":"https:\/\/www.institutodeengenharia.org.br\/site\/author\/comunicacao1\/"}]}},"_links":{"self":[{"href":"https:\/\/www.institutodeengenharia.org.br\/site\/wp-json\/wp\/v2\/posts\/120077","targetHints":{"allow":["GET"]}}],"collection":[{"href":"https:\/\/www.institutodeengenharia.org.br\/site\/wp-json\/wp\/v2\/posts"}],"about":[{"href":"https:\/\/www.institutodeengenharia.org.br\/site\/wp-json\/wp\/v2\/types\/post"}],"author":[{"embeddable":true,"href":"https:\/\/www.institutodeengenharia.org.br\/site\/wp-json\/wp\/v2\/users\/13"}],"replies":[{"embeddable":true,"href":"https:\/\/www.institutodeengenharia.org.br\/site\/wp-json\/wp\/v2\/comments?post=120077"}],"version-history":[{"count":1,"href":"https:\/\/www.institutodeengenharia.org.br\/site\/wp-json\/wp\/v2\/posts\/120077\/revisions"}],"predecessor-version":[{"id":120079,"href":"https:\/\/www.institutodeengenharia.org.br\/site\/wp-json\/wp\/v2\/posts\/120077\/revisions\/120079"}],"wp:featuredmedia":[{"embeddable":true,"href":"https:\/\/www.institutodeengenharia.org.br\/site\/wp-json\/wp\/v2\/media\/120078"}],"wp:attachment":[{"href":"https:\/\/www.institutodeengenharia.org.br\/site\/wp-json\/wp\/v2\/media?parent=120077"}],"wp:term":[{"taxonomy":"category","embeddable":true,"href":"https:\/\/www.institutodeengenharia.org.br\/site\/wp-json\/wp\/v2\/categories?post=120077"},{"taxonomy":"post_tag","embeddable":true,"href":"https:\/\/www.institutodeengenharia.org.br\/site\/wp-json\/wp\/v2\/tags?post=120077"}],"curies":[{"name":"wp","href":"https:\/\/api.w.org\/{rel}","templated":true}]}}