{"id":119438,"date":"2024-05-06T15:33:38","date_gmt":"2024-05-06T18:33:38","guid":{"rendered":"https:\/\/www.institutodeengenharia.org.br\/site\/?p=119438"},"modified":"2024-05-06T16:14:01","modified_gmt":"2024-05-06T19:14:01","slug":"nota-de-falecimento-adolpho-lindenberg","status":"publish","type":"post","link":"https:\/\/www.institutodeengenharia.org.br\/site\/2024\/05\/06\/nota-de-falecimento-adolpho-lindenberg\/","title":{"rendered":"Nota de falecimento &#8211; Adolpho Lindenberg"},"content":{"rendered":"<p>Associado ao Instituto de Engenharia desde 1949, o engenheiro e arquiteto Adolpho Lindenberg faleceu na \u00faltima quinta-feira (9).<\/p>\n<p>Formado em Engenharia Civil e Arquitetura, pela Universidade Presbiteriana Mackenzie, foi um \u00edcone das constru\u00e7\u00f5es de casas e apartamentos residenciais de alto padr\u00e3o. Come\u00e7ou com um pequeno escrit\u00f3rio de Engenharia e, em 1954, fundou a Construtora Adolpho Lindenberg (CAL).<\/p>\n<p>Na d\u00e9cada de 70, sua construtora lan\u00e7ou o primeiro flat do Brasil e o primeiro edif\u00edcio com piscinas privativas nos terra\u00e7os, ambos no bairro Jardins.<\/p>\n<p>Foi ele tamb\u00e9m quem liderou a constru\u00e7\u00e3o de um dos primeiros pr\u00e9dios da Marginal Pinheiros, o Edif\u00edcio Wilson Mendes Caldeira.<\/p>\n<p>A diretoria, Conselhos, associados e funcion\u00e1rios manifestam suas condol\u00eancias aos familiares e amigos.<\/p>\n","protected":false},"excerpt":{"rendered":"<p>Associado ao Instituto de Engenharia desde 1949, o engenheiro e arquiteto Adolpho Lindenberg faleceu na \u00faltima quinta-feira (9). Formado em Engenharia Civil e Arquitetura, pela Universidade Presbiteriana Mackenzie, foi um \u00edcone das constru\u00e7\u00f5es de casas e apartamentos residenciais de alto padr\u00e3o. Come\u00e7ou com um pequeno escrit\u00f3rio de Engenharia e, em 1954, fundou a Construtora Adolpho [&hellip;]<\/p>\n","protected":false},"author":14,"featured_media":119441,"comment_status":"open","ping_status":"open","sticky":false,"template":"","format":"standard","meta":{"footnotes":""},"categories":[27,141],"tags":[],"class_list":{"0":"post-119438","1":"post","2":"type-post","3":"status-publish","4":"format-standard","5":"has-post-thumbnail","7":"category-instituto-de-engenharia","8":"category-noticias-menu"},"yoast_head":"<!-- This site is optimized with the Yoast SEO plugin v27.2 - https:\/\/yoast.com\/product\/yoast-seo-wordpress\/ -->\n<title>Nota de falecimento - Adolpho Lindenberg - Instituto de Engenharia<\/title>\n<meta name=\"robots\" content=\"index, follow, max-snippet:-1, max-image-preview:large, max-video-preview:-1\" \/>\n<link rel=\"canonical\" href=\"https:\/\/www.institutodeengenharia.org.br\/site\/2024\/05\/06\/nota-de-falecimento-adolpho-lindenberg\/\" \/>\n<meta property=\"og:locale\" content=\"pt_BR\" \/>\n<meta property=\"og:type\" content=\"article\" \/>\n<meta property=\"og:title\" content=\"Nota de falecimento - Adolpho Lindenberg - Instituto de Engenharia\" \/>\n<meta property=\"og:description\" content=\"Associado ao Instituto de Engenharia desde 1949, o engenheiro e arquiteto Adolpho Lindenberg faleceu na \u00faltima quinta-feira (9). Formado em Engenharia Civil e Arquitetura, pela Universidade Presbiteriana Mackenzie, foi um \u00edcone das constru\u00e7\u00f5es de casas e apartamentos residenciais de alto padr\u00e3o. Come\u00e7ou com um pequeno escrit\u00f3rio de Engenharia e, em 1954, fundou a Construtora Adolpho [&hellip;]\" \/>\n<meta property=\"og:url\" content=\"https:\/\/www.institutodeengenharia.org.br\/site\/2024\/05\/06\/nota-de-falecimento-adolpho-lindenberg\/\" \/>\n<meta property=\"og:site_name\" content=\"Instituto de Engenharia\" \/>\n<meta property=\"article:publisher\" content=\"https:\/\/www.facebook.com\/institutodeengenharia\" \/>\n<meta property=\"article:published_time\" content=\"2024-05-06T18:33:38+00:00\" \/>\n<meta property=\"article:modified_time\" content=\"2024-05-06T19:14:01+00:00\" \/>\n<meta property=\"og:image\" content=\"https:\/\/www.institutodeengenharia.org.br\/site\/wp-content\/uploads\/2024\/05\/linderberg-e1715022831727.png\" \/>\n\t<meta property=\"og:image:width\" content=\"378\" \/>\n\t<meta property=\"og:image:height\" content=\"372\" \/>\n\t<meta property=\"og:image:type\" content=\"image\/png\" \/>\n<meta name=\"author\" content=\"Isabel\" \/>\n<meta name=\"twitter:card\" content=\"summary_large_image\" \/>\n<meta name=\"twitter:creator\" content=\"@iengenharia\" \/>\n<meta name=\"twitter:site\" content=\"@iengenharia\" \/>\n<meta name=\"twitter:label1\" content=\"Escrito por\" \/>\n\t<meta name=\"twitter:data1\" content=\"Isabel\" \/>\n\t<meta name=\"twitter:label2\" content=\"Est. tempo de leitura\" \/>\n\t<meta name=\"twitter:data2\" content=\"1 minuto\" \/>\n<script type=\"application\/ld+json\" class=\"yoast-schema-graph\">{\"@context\":\"https:\/\/schema.org\",\"@graph\":[{\"@type\":\"Article\",\"@id\":\"https:\/\/www.institutodeengenharia.org.br\/site\/2024\/05\/06\/nota-de-falecimento-adolpho-lindenberg\/#article\",\"isPartOf\":{\"@id\":\"https:\/\/www.institutodeengenharia.org.br\/site\/2024\/05\/06\/nota-de-falecimento-adolpho-lindenberg\/\"},\"author\":{\"name\":\"Isabel\",\"@id\":\"https:\/\/www.institutodeengenharia.org.br\/site\/#\/schema\/person\/593dc356630173a4877a635d3e5fd76b\"},\"headline\":\"Nota de falecimento &#8211; Adolpho Lindenberg\",\"datePublished\":\"2024-05-06T18:33:38+00:00\",\"dateModified\":\"2024-05-06T19:14:01+00:00\",\"mainEntityOfPage\":{\"@id\":\"https:\/\/www.institutodeengenharia.org.br\/site\/2024\/05\/06\/nota-de-falecimento-adolpho-lindenberg\/\"},\"wordCount\":131,\"commentCount\":0,\"publisher\":{\"@id\":\"https:\/\/www.institutodeengenharia.org.br\/site\/#organization\"},\"image\":{\"@id\":\"https:\/\/www.institutodeengenharia.org.br\/site\/2024\/05\/06\/nota-de-falecimento-adolpho-lindenberg\/#primaryimage\"},\"thumbnailUrl\":\"https:\/\/www.institutodeengenharia.org.br\/site\/wp-content\/uploads\/2024\/05\/linderberg-e1715022831727.png\",\"articleSection\":[\"Instituto de Engenharia\",\"Not\u00edcias\"],\"inLanguage\":\"pt-BR\",\"potentialAction\":[{\"@type\":\"CommentAction\",\"name\":\"Comment\",\"target\":[\"https:\/\/www.institutodeengenharia.org.br\/site\/2024\/05\/06\/nota-de-falecimento-adolpho-lindenberg\/#respond\"]}]},{\"@type\":\"WebPage\",\"@id\":\"https:\/\/www.institutodeengenharia.org.br\/site\/2024\/05\/06\/nota-de-falecimento-adolpho-lindenberg\/\",\"url\":\"https:\/\/www.institutodeengenharia.org.br\/site\/2024\/05\/06\/nota-de-falecimento-adolpho-lindenberg\/\",\"name\":\"Nota de falecimento - Adolpho Lindenberg - Instituto de Engenharia\",\"isPartOf\":{\"@id\":\"https:\/\/www.institutodeengenharia.org.br\/site\/#website\"},\"primaryImageOfPage\":{\"@id\":\"https:\/\/www.institutodeengenharia.org.br\/site\/2024\/05\/06\/nota-de-falecimento-adolpho-lindenberg\/#primaryimage\"},\"image\":{\"@id\":\"https:\/\/www.institutodeengenharia.org.br\/site\/2024\/05\/06\/nota-de-falecimento-adolpho-lindenberg\/#primaryimage\"},\"thumbnailUrl\":\"https:\/\/www.institutodeengenharia.org.br\/site\/wp-content\/uploads\/2024\/05\/linderberg-e1715022831727.png\",\"datePublished\":\"2024-05-06T18:33:38+00:00\",\"dateModified\":\"2024-05-06T19:14:01+00:00\",\"breadcrumb\":{\"@id\":\"https:\/\/www.institutodeengenharia.org.br\/site\/2024\/05\/06\/nota-de-falecimento-adolpho-lindenberg\/#breadcrumb\"},\"inLanguage\":\"pt-BR\",\"potentialAction\":[{\"@type\":\"ReadAction\",\"target\":[\"https:\/\/www.institutodeengenharia.org.br\/site\/2024\/05\/06\/nota-de-falecimento-adolpho-lindenberg\/\"]}]},{\"@type\":\"ImageObject\",\"inLanguage\":\"pt-BR\",\"@id\":\"https:\/\/www.institutodeengenharia.org.br\/site\/2024\/05\/06\/nota-de-falecimento-adolpho-lindenberg\/#primaryimage\",\"url\":\"https:\/\/www.institutodeengenharia.org.br\/site\/wp-content\/uploads\/2024\/05\/linderberg-e1715022831727.png\",\"contentUrl\":\"https:\/\/www.institutodeengenharia.org.br\/site\/wp-content\/uploads\/2024\/05\/linderberg-e1715022831727.png\",\"width\":378,\"height\":372,\"caption\":\"Reprodu\u00e7\u00e3o Facebook\"},{\"@type\":\"BreadcrumbList\",\"@id\":\"https:\/\/www.institutodeengenharia.org.br\/site\/2024\/05\/06\/nota-de-falecimento-adolpho-lindenberg\/#breadcrumb\",\"itemListElement\":[{\"@type\":\"ListItem\",\"position\":1,\"name\":\"In\u00edcio\",\"item\":\"https:\/\/www.institutodeengenharia.org.br\/site\/\"},{\"@type\":\"ListItem\",\"position\":2,\"name\":\"Nota de falecimento &#8211; Adolpho Lindenberg\"}]},{\"@type\":\"WebSite\",\"@id\":\"https:\/\/www.institutodeengenharia.org.br\/site\/#website\",\"url\":\"https:\/\/www.institutodeengenharia.org.br\/site\/\",\"name\":\"Instituto de Engenharia\",\"description\":\"O Instituto de Engenharia promove a Engenharia em benef\u00edcio do desenvolvimento e da qualidade de vida da sociedade.\",\"publisher\":{\"@id\":\"https:\/\/www.institutodeengenharia.org.br\/site\/#organization\"},\"potentialAction\":[{\"@type\":\"SearchAction\",\"target\":{\"@type\":\"EntryPoint\",\"urlTemplate\":\"https:\/\/www.institutodeengenharia.org.br\/site\/?s={search_term_string}\"},\"query-input\":{\"@type\":\"PropertyValueSpecification\",\"valueRequired\":true,\"valueName\":\"search_term_string\"}}],\"inLanguage\":\"pt-BR\"},{\"@type\":\"Organization\",\"@id\":\"https:\/\/www.institutodeengenharia.org.br\/site\/#organization\",\"name\":\"Instituto de Engenharia\",\"url\":\"https:\/\/www.institutodeengenharia.org.br\/site\/\",\"logo\":{\"@type\":\"ImageObject\",\"inLanguage\":\"pt-BR\",\"@id\":\"https:\/\/www.institutodeengenharia.org.br\/site\/#\/schema\/logo\/image\/\",\"url\":\"https:\/\/www.institutodeengenharia.org.br\/site\/wp-content\/uploads\/2019\/03\/logo-novo-IE2018-1.jpg\",\"contentUrl\":\"https:\/\/www.institutodeengenharia.org.br\/site\/wp-content\/uploads\/2019\/03\/logo-novo-IE2018-1.jpg\",\"width\":1486,\"height\":1879,\"caption\":\"Instituto de Engenharia\"},\"image\":{\"@id\":\"https:\/\/www.institutodeengenharia.org.br\/site\/#\/schema\/logo\/image\/\"},\"sameAs\":[\"https:\/\/www.facebook.com\/institutodeengenharia\",\"https:\/\/x.com\/iengenharia\",\"https:\/\/www.instagram.com\/institutodeengenharia\/\",\"https:\/\/www.linkedin.com\/company\/instituto-de-engenharia\/\",\"https:\/\/www.youtube.com\/channel\/UCXiCAlsSMe977vamW915HxA\"]},{\"@type\":\"Person\",\"@id\":\"https:\/\/www.institutodeengenharia.org.br\/site\/#\/schema\/person\/593dc356630173a4877a635d3e5fd76b\",\"name\":\"Isabel\",\"image\":{\"@type\":\"ImageObject\",\"inLanguage\":\"pt-BR\",\"@id\":\"https:\/\/secure.gravatar.com\/avatar\/f3c521db63ec9db17894f10a88c6a3cf95b2281d7f80eeb3cf3ef1cb091576e7?s=96&d=mm&r=g\",\"url\":\"https:\/\/secure.gravatar.com\/avatar\/f3c521db63ec9db17894f10a88c6a3cf95b2281d7f80eeb3cf3ef1cb091576e7?s=96&d=mm&r=g\",\"contentUrl\":\"https:\/\/secure.gravatar.com\/avatar\/f3c521db63ec9db17894f10a88c6a3cf95b2281d7f80eeb3cf3ef1cb091576e7?s=96&d=mm&r=g\",\"caption\":\"Isabel\"},\"url\":\"https:\/\/www.institutodeengenharia.org.br\/site\/author\/comunicacao2\/\"}]}<\/script>\n<!-- \/ Yoast SEO plugin. -->","yoast_head_json":{"title":"Nota de falecimento - Adolpho Lindenberg - Instituto de Engenharia","robots":{"index":"index","follow":"follow","max-snippet":"max-snippet:-1","max-image-preview":"max-image-preview:large","max-video-preview":"max-video-preview:-1"},"canonical":"https:\/\/www.institutodeengenharia.org.br\/site\/2024\/05\/06\/nota-de-falecimento-adolpho-lindenberg\/","og_locale":"pt_BR","og_type":"article","og_title":"Nota de falecimento - Adolpho Lindenberg - Instituto de Engenharia","og_description":"Associado ao Instituto de Engenharia desde 1949, o engenheiro e arquiteto Adolpho Lindenberg faleceu na \u00faltima quinta-feira (9). Formado em Engenharia Civil e Arquitetura, pela Universidade Presbiteriana Mackenzie, foi um \u00edcone das constru\u00e7\u00f5es de casas e apartamentos residenciais de alto padr\u00e3o. Come\u00e7ou com um pequeno escrit\u00f3rio de Engenharia e, em 1954, fundou a Construtora Adolpho [&hellip;]","og_url":"https:\/\/www.institutodeengenharia.org.br\/site\/2024\/05\/06\/nota-de-falecimento-adolpho-lindenberg\/","og_site_name":"Instituto de Engenharia","article_publisher":"https:\/\/www.facebook.com\/institutodeengenharia","article_published_time":"2024-05-06T18:33:38+00:00","article_modified_time":"2024-05-06T19:14:01+00:00","og_image":[{"width":378,"height":372,"url":"https:\/\/www.institutodeengenharia.org.br\/site\/wp-content\/uploads\/2024\/05\/linderberg-e1715022831727.png","type":"image\/png"}],"author":"Isabel","twitter_card":"summary_large_image","twitter_creator":"@iengenharia","twitter_site":"@iengenharia","twitter_misc":{"Escrito por":"Isabel","Est. tempo de leitura":"1 minuto"},"schema":{"@context":"https:\/\/schema.org","@graph":[{"@type":"Article","@id":"https:\/\/www.institutodeengenharia.org.br\/site\/2024\/05\/06\/nota-de-falecimento-adolpho-lindenberg\/#article","isPartOf":{"@id":"https:\/\/www.institutodeengenharia.org.br\/site\/2024\/05\/06\/nota-de-falecimento-adolpho-lindenberg\/"},"author":{"name":"Isabel","@id":"https:\/\/www.institutodeengenharia.org.br\/site\/#\/schema\/person\/593dc356630173a4877a635d3e5fd76b"},"headline":"Nota de falecimento &#8211; Adolpho Lindenberg","datePublished":"2024-05-06T18:33:38+00:00","dateModified":"2024-05-06T19:14:01+00:00","mainEntityOfPage":{"@id":"https:\/\/www.institutodeengenharia.org.br\/site\/2024\/05\/06\/nota-de-falecimento-adolpho-lindenberg\/"},"wordCount":131,"commentCount":0,"publisher":{"@id":"https:\/\/www.institutodeengenharia.org.br\/site\/#organization"},"image":{"@id":"https:\/\/www.institutodeengenharia.org.br\/site\/2024\/05\/06\/nota-de-falecimento-adolpho-lindenberg\/#primaryimage"},"thumbnailUrl":"https:\/\/www.institutodeengenharia.org.br\/site\/wp-content\/uploads\/2024\/05\/linderberg-e1715022831727.png","articleSection":["Instituto de Engenharia","Not\u00edcias"],"inLanguage":"pt-BR","potentialAction":[{"@type":"CommentAction","name":"Comment","target":["https:\/\/www.institutodeengenharia.org.br\/site\/2024\/05\/06\/nota-de-falecimento-adolpho-lindenberg\/#respond"]}]},{"@type":"WebPage","@id":"https:\/\/www.institutodeengenharia.org.br\/site\/2024\/05\/06\/nota-de-falecimento-adolpho-lindenberg\/","url":"https:\/\/www.institutodeengenharia.org.br\/site\/2024\/05\/06\/nota-de-falecimento-adolpho-lindenberg\/","name":"Nota de falecimento - Adolpho Lindenberg - Instituto de Engenharia","isPartOf":{"@id":"https:\/\/www.institutodeengenharia.org.br\/site\/#website"},"primaryImageOfPage":{"@id":"https:\/\/www.institutodeengenharia.org.br\/site\/2024\/05\/06\/nota-de-falecimento-adolpho-lindenberg\/#primaryimage"},"image":{"@id":"https:\/\/www.institutodeengenharia.org.br\/site\/2024\/05\/06\/nota-de-falecimento-adolpho-lindenberg\/#primaryimage"},"thumbnailUrl":"https:\/\/www.institutodeengenharia.org.br\/site\/wp-content\/uploads\/2024\/05\/linderberg-e1715022831727.png","datePublished":"2024-05-06T18:33:38+00:00","dateModified":"2024-05-06T19:14:01+00:00","breadcrumb":{"@id":"https:\/\/www.institutodeengenharia.org.br\/site\/2024\/05\/06\/nota-de-falecimento-adolpho-lindenberg\/#breadcrumb"},"inLanguage":"pt-BR","potentialAction":[{"@type":"ReadAction","target":["https:\/\/www.institutodeengenharia.org.br\/site\/2024\/05\/06\/nota-de-falecimento-adolpho-lindenberg\/"]}]},{"@type":"ImageObject","inLanguage":"pt-BR","@id":"https:\/\/www.institutodeengenharia.org.br\/site\/2024\/05\/06\/nota-de-falecimento-adolpho-lindenberg\/#primaryimage","url":"https:\/\/www.institutodeengenharia.org.br\/site\/wp-content\/uploads\/2024\/05\/linderberg-e1715022831727.png","contentUrl":"https:\/\/www.institutodeengenharia.org.br\/site\/wp-content\/uploads\/2024\/05\/linderberg-e1715022831727.png","width":378,"height":372,"caption":"Reprodu\u00e7\u00e3o Facebook"},{"@type":"BreadcrumbList","@id":"https:\/\/www.institutodeengenharia.org.br\/site\/2024\/05\/06\/nota-de-falecimento-adolpho-lindenberg\/#breadcrumb","itemListElement":[{"@type":"ListItem","position":1,"name":"In\u00edcio","item":"https:\/\/www.institutodeengenharia.org.br\/site\/"},{"@type":"ListItem","position":2,"name":"Nota de falecimento &#8211; Adolpho Lindenberg"}]},{"@type":"WebSite","@id":"https:\/\/www.institutodeengenharia.org.br\/site\/#website","url":"https:\/\/www.institutodeengenharia.org.br\/site\/","name":"Instituto de Engenharia","description":"O Instituto de Engenharia promove a Engenharia em benef\u00edcio do desenvolvimento e da qualidade de vida da sociedade.","publisher":{"@id":"https:\/\/www.institutodeengenharia.org.br\/site\/#organization"},"potentialAction":[{"@type":"SearchAction","target":{"@type":"EntryPoint","urlTemplate":"https:\/\/www.institutodeengenharia.org.br\/site\/?s={search_term_string}"},"query-input":{"@type":"PropertyValueSpecification","valueRequired":true,"valueName":"search_term_string"}}],"inLanguage":"pt-BR"},{"@type":"Organization","@id":"https:\/\/www.institutodeengenharia.org.br\/site\/#organization","name":"Instituto de Engenharia","url":"https:\/\/www.institutodeengenharia.org.br\/site\/","logo":{"@type":"ImageObject","inLanguage":"pt-BR","@id":"https:\/\/www.institutodeengenharia.org.br\/site\/#\/schema\/logo\/image\/","url":"https:\/\/www.institutodeengenharia.org.br\/site\/wp-content\/uploads\/2019\/03\/logo-novo-IE2018-1.jpg","contentUrl":"https:\/\/www.institutodeengenharia.org.br\/site\/wp-content\/uploads\/2019\/03\/logo-novo-IE2018-1.jpg","width":1486,"height":1879,"caption":"Instituto de Engenharia"},"image":{"@id":"https:\/\/www.institutodeengenharia.org.br\/site\/#\/schema\/logo\/image\/"},"sameAs":["https:\/\/www.facebook.com\/institutodeengenharia","https:\/\/x.com\/iengenharia","https:\/\/www.instagram.com\/institutodeengenharia\/","https:\/\/www.linkedin.com\/company\/instituto-de-engenharia\/","https:\/\/www.youtube.com\/channel\/UCXiCAlsSMe977vamW915HxA"]},{"@type":"Person","@id":"https:\/\/www.institutodeengenharia.org.br\/site\/#\/schema\/person\/593dc356630173a4877a635d3e5fd76b","name":"Isabel","image":{"@type":"ImageObject","inLanguage":"pt-BR","@id":"https:\/\/secure.gravatar.com\/avatar\/f3c521db63ec9db17894f10a88c6a3cf95b2281d7f80eeb3cf3ef1cb091576e7?s=96&d=mm&r=g","url":"https:\/\/secure.gravatar.com\/avatar\/f3c521db63ec9db17894f10a88c6a3cf95b2281d7f80eeb3cf3ef1cb091576e7?s=96&d=mm&r=g","contentUrl":"https:\/\/secure.gravatar.com\/avatar\/f3c521db63ec9db17894f10a88c6a3cf95b2281d7f80eeb3cf3ef1cb091576e7?s=96&d=mm&r=g","caption":"Isabel"},"url":"https:\/\/www.institutodeengenharia.org.br\/site\/author\/comunicacao2\/"}]}},"_links":{"self":[{"href":"https:\/\/www.institutodeengenharia.org.br\/site\/wp-json\/wp\/v2\/posts\/119438","targetHints":{"allow":["GET"]}}],"collection":[{"href":"https:\/\/www.institutodeengenharia.org.br\/site\/wp-json\/wp\/v2\/posts"}],"about":[{"href":"https:\/\/www.institutodeengenharia.org.br\/site\/wp-json\/wp\/v2\/types\/post"}],"author":[{"embeddable":true,"href":"https:\/\/www.institutodeengenharia.org.br\/site\/wp-json\/wp\/v2\/users\/14"}],"replies":[{"embeddable":true,"href":"https:\/\/www.institutodeengenharia.org.br\/site\/wp-json\/wp\/v2\/comments?post=119438"}],"version-history":[{"count":2,"href":"https:\/\/www.institutodeengenharia.org.br\/site\/wp-json\/wp\/v2\/posts\/119438\/revisions"}],"predecessor-version":[{"id":119442,"href":"https:\/\/www.institutodeengenharia.org.br\/site\/wp-json\/wp\/v2\/posts\/119438\/revisions\/119442"}],"wp:featuredmedia":[{"embeddable":true,"href":"https:\/\/www.institutodeengenharia.org.br\/site\/wp-json\/wp\/v2\/media\/119441"}],"wp:attachment":[{"href":"https:\/\/www.institutodeengenharia.org.br\/site\/wp-json\/wp\/v2\/media?parent=119438"}],"wp:term":[{"taxonomy":"category","embeddable":true,"href":"https:\/\/www.institutodeengenharia.org.br\/site\/wp-json\/wp\/v2\/categories?post=119438"},{"taxonomy":"post_tag","embeddable":true,"href":"https:\/\/www.institutodeengenharia.org.br\/site\/wp-json\/wp\/v2\/tags?post=119438"}],"curies":[{"name":"wp","href":"https:\/\/api.w.org\/{rel}","templated":true}]}}