{"id":119284,"date":"2024-03-27T11:13:55","date_gmt":"2024-03-27T14:13:55","guid":{"rendered":"https:\/\/www.institutodeengenharia.org.br\/site\/?p=119284"},"modified":"2025-04-08T11:45:23","modified_gmt":"2025-04-08T14:45:23","slug":"congresso-internacional-de-saneamento-concessao-inovacao-saude-e-investimentos-2o-dia","status":"publish","type":"post","link":"https:\/\/www.institutodeengenharia.org.br\/site\/2024\/03\/27\/congresso-internacional-de-saneamento-concessao-inovacao-saude-e-investimentos-2o-dia\/","title":{"rendered":"Congresso Internacional de Saneamento: Concess\u00e3o, Inova\u00e7\u00e3o, Sa\u00fade e Investimentos &#8211; 2\u00ba dia"},"content":{"rendered":"<p><strong>Assista abaixo \u00e0 grava\u00e7\u00e3o do evento:\u00a0<\/strong><\/p>\n<div style=\"padding: 56.25% 0 0 0; position: relative;\"><iframe style=\"position: absolute; top: 0; left: 0; width: 100%; height: 100%;\" src=\"https:\/\/vimeo.com\/showcase\/11100644\/embed\" frameborder=\"0\" allowfullscreen=\"allowfullscreen\"><\/iframe><\/div>\n<p>&nbsp;<\/p>\n<p><strong>+ Informa\u00e7\u00f5es:\u00a0<\/strong><\/p>\n<p>Discuss\u00f5es sobre os desafios e oportunidades no setor de saneamento, proporcionando uma vis\u00e3o valiosa do mercado financeiro.<\/p>\n<p><strong>P\u00fablico-alvo:\u00a0<\/strong><\/p>\n<p>Engenheiros, investidores, gestores p\u00fablicos\/privados, academias, fornecedores e defensores civis.<\/p>\n<p style=\"text-align: center;\"><strong>Programa\u00e7\u00e3o preliminar<\/strong><\/p>\n<p><em>Dia 27\/3<\/em><\/p>\n<p><strong>8h30 \u00e0s 10h &#8211; 5\u00ba Painel: PPP\/Concess\u00e3o<\/strong><\/p>\n<p>Media\u00e7\u00e3o: Fernanda Rodrigues de Morais \u2013 Minist\u00e9rio das Cidades<\/p>\n<p>Fernanda Tauffenbach &#8211; S\u00f3cia de Infrastructure &amp; Capital Projects da Deloitte<\/p>\n<p>Fabio Abrah\u00e3o &#8211; Diretor de Investimentos da Yvy Capital<\/p>\n<p>F\u00e1bio Kono &#8211; Diretoria de Infraestrutura e Mudan\u00e7a Clim\u00e1tica da BNDES<\/p>\n<p>Igor Jefferson Lima Clemente &#8211; Aviva Ambiental &#8211; Congem Investimentos<\/p>\n<p>Nicolas Szucko &#8211; Nozomi Networks<\/p>\n<p><strong>10h \u00e0s 10h15 &#8211; Coffee Break<\/strong><\/p>\n<p><strong>10h15 \u00e0s 11h30 &#8211; 6\u00ba Painel: Financeiro (Mercado Financeiro)<\/strong><\/p>\n<p>Media\u00e7\u00e3o: Celso Tramontina<\/p>\n<p>Ademir Bendine &#8211; Ex-presidente do BB \/ ex-presidente da Petrobr\u00e1s &#8211; consultor<\/p>\n<p>Ewerton Henrique &#8211; Diretor de Projetos de Infraestrutura do Banco Fator<\/p>\n<p>Vladimir Pinto &#8211; Respons\u00e1vel pela \u00e1rea de energia e saneamento na XP Investimentos<\/p>\n<p>Matheus Amorim &#8211; S\u00f3cio, diretor de Infraestrutura na Navi Capital<\/p>\n<p>Marta Schuh &#8211; Howden Brasil \u2013 diretora de Cyber Insurance \/ diretora de Cyber na FIESP<\/p>\n<p><strong>11h30 \u00e0s 12h30 &#8211; 7\u00ba Painel: Investimento \u2013 Reforma Tribut\u00e1ria<\/strong><\/p>\n<p>Media\u00e7\u00e3o: Percy Soares Neto &#8211; Diretor-executivo da Associa\u00e7\u00e3o Brasileira das Concession\u00e1rias Privadas de Servi\u00e7os P\u00fablicos de \u00c1gua e Esgoto<\/p>\n<p>Gustavo Guimar\u00e3es &#8211; Vice-ministro do Minist\u00e9rio do Planejamento<\/p>\n<p>Marcos Cintra &#8211; Ex-presidente da Finep, ex-secret\u00e1rio da Receita Federaldo Brasil, ex-deputado Federal &#8211; consutor &#8211; especialista<\/p>\n<p>Claudia Fonseca Morato Pavan &#8211; Consultora e advogada<\/p>\n<p>Adolpho Bergamini &#8211; Bergamini Advogados<\/p>\n<p><strong>12h30 \u00e0s 13h30 &#8211; Almo\u00e7o<\/strong><\/p>\n<p><strong>13h30 \u00e0s 14h30 &#8211; 8\u00ba Painel: \u00c1gua\/Microesta\u00e7\u00f5es\u00a0<\/strong><\/p>\n<p>Media\u00e7\u00e3o: Marco Ant\u00f4nio dos Santos &#8211; Sociedade de Abastecimento de \u00c1gua e Saneamento s.a. (SANASA)<\/p>\n<p>Rodrigo Pedroso &#8211; Co-fundador e presidente do Conselho de Administra\u00e7\u00e3o na Pacto Energia S.A.<\/p>\n<p>Bruno Jos\u00e9 Queiroz Ceretta &#8211; Dal Pozzo Advogados<\/p>\n<p>Daniel Cavaretti &#8211; Co-Fundador na G10 \u2013 Favelas<\/p>\n<p><strong>14h30 \u00e0s 16h &#8211; 9\u00ba Painel: Sa\u00fade\/Saneamento<\/strong><\/p>\n<p>Media\u00e7\u00e3o: Eleuses Paiva &#8211; Secret\u00e1rio de Estado da Sa\u00fade do Estado de S\u00e3o Paulo<\/p>\n<p>Cristina Balestrin &#8211; Assessora t\u00e9cnica da Secretaria Estadual de Sa\u00fade do Estado de S\u00e3o Paulo<\/p>\n<p>Luciomar Werneck &#8211; Presidente da Associa\u00e7\u00e3o de Engenheiros da SABESP<\/p>\n<p>J\u00e9ssica Pires de Camargo &#8211; Especialista na Secretaria Estadual de Sa\u00fade do Estado de S\u00e3o Paulo<\/p>\n<p>Virginia Tavares Ribeiro &#8211; Superintendente de Sustentabilidade e Governan\u00e7a Corporativa na SABESP<\/p>\n<p>Stella Goldenstein &#8211; Consultora de Estrutura\u00e7\u00e3o e Pol\u00edticas P\u00fablicas &#8211; ex-secret\u00e1ria de Meio Ambiente do Estado de S\u00e3o Paulo \u2013 ex-assessora do Ministro de Estado da Sa\u00fade<\/p>\n<p>Roseane Maria Garcia Lopes de Souza &#8211; Comit\u00ea Brasileiro de Saneamento B\u00e1sico \u2013 CB &#8211; Secret\u00e1ria de Gest\u00e3o de Recursos H\u00eddricos para Abastecimento de \u00c1gua, Esgotamento Sanit\u00e1rio e Drenagem<\/p>\n<p><strong>16h \u00e0s 16h15 &#8211; Coffee Break<\/strong><\/p>\n<p><strong>16h15 \u00e0s 17h &#8211; 10\u00ba Painel: Caminhos para a Universaliza\u00e7\u00e3o do Saneamento<\/strong><\/p>\n<p>Media\u00e7\u00e3o: Gesner de Oliveira &#8211; Presidente da G&amp;O Consultores &#8211; ex-presidente da SABESP &#8211; especialista em PPP e Concess\u00f5es<\/p>\n<p>Natalia Resende &#8211; Secret\u00e1ria de Meio Ambiente, Infraestrutura e Log\u00edstica do Estado de S\u00e3o Paulo \/ presidente do Conselho Estadual do Meio Ambiente (CONSEMA)<\/p>\n<p>Renan Marcondes Facchinatto &#8211; Dal Pozzo Advocacia<\/p>\n<p>Pedro Maranh\u00e3o &#8211; Presidente da Associa\u00e7\u00e3o Brasileira de Res\u00edduos e Meio Ambiente (ABREMA) \u2013 ex-secret\u00e1rio Nacional de Saneamento<\/p>\n<p><strong>17h \u00e0s 18h30 &#8211; 11\u00ba Painel: Tecnologia\/Inova\u00e7\u00e3o\/Startups<\/strong><\/p>\n<p>Media\u00e7\u00e3o: Jo\u00e3o Amato &#8211; Funda\u00e7\u00e3o Vanzolini<\/p>\n<p>Beni Lew &#8211; Professor-Adjunto da Universidade Ariel em Israel &#8211; CEO da TechBulls Engineering (India)<\/p>\n<p>M\u00f4nica McDonough &#8211; Consulado Geral do Canad\u00e1<\/p>\n<p>Andr\u00e9 Godoy &#8211; Diretor Executivo na Ag\u00eancia Brasileira de Desenvolvimento (ABD)<\/p>\n<p>Marcia Silva &#8211; Ph.D na University of Illinois<\/p>\n<p>Matheus Protti &#8211; LandApp<\/p>\n<p>Cristina Knorich Zuffo &#8211; Superintendente PD&amp;I na Companhia de Saneamento B\u00e1sico do Estado de S\u00e3o Paulo (SABESP)<\/p>\n<p>Henrique Cordeiro Florido &#8211; Diretor de Pr\u00e1tica de Dados &amp; Intelig\u00eancia Artificial\/Inova\u00e7\u00e3o na Minsait Brasil<\/p>\n<p><strong>18h30 \u00e0s 19h &#8211; Encerramento<\/strong><\/p>\n<p><img loading=\"lazy\" decoding=\"async\" class=\"alignnone size-large wp-image-117991\" src=\"https:\/\/www.institutodeengenharia.org.br\/site\/wp-content\/uploads\/2024\/01\/MicrosoftTeams-image-415-1024x1024.png\" alt=\"\" width=\"696\" height=\"696\" srcset=\"https:\/\/www.institutodeengenharia.org.br\/site\/wp-content\/uploads\/2024\/01\/MicrosoftTeams-image-415-1024x1024.png 1024w, https:\/\/www.institutodeengenharia.org.br\/site\/wp-content\/uploads\/2024\/01\/MicrosoftTeams-image-415-300x300.png 300w, https:\/\/www.institutodeengenharia.org.br\/site\/wp-content\/uploads\/2024\/01\/MicrosoftTeams-image-415-150x150.png 150w, https:\/\/www.institutodeengenharia.org.br\/site\/wp-content\/uploads\/2024\/01\/MicrosoftTeams-image-415-768x768.png 768w, https:\/\/www.institutodeengenharia.org.br\/site\/wp-content\/uploads\/2024\/01\/MicrosoftTeams-image-415-696x696.png 696w, https:\/\/www.institutodeengenharia.org.br\/site\/wp-content\/uploads\/2024\/01\/MicrosoftTeams-image-415-1068x1068.png 1068w, https:\/\/www.institutodeengenharia.org.br\/site\/wp-content\/uploads\/2024\/01\/MicrosoftTeams-image-415-420x420.png 420w, https:\/\/www.institutodeengenharia.org.br\/site\/wp-content\/uploads\/2024\/01\/MicrosoftTeams-image-415-600x600.png 600w, https:\/\/www.institutodeengenharia.org.br\/site\/wp-content\/uploads\/2024\/01\/MicrosoftTeams-image-415-100x100.png 100w, https:\/\/www.institutodeengenharia.org.br\/site\/wp-content\/uploads\/2024\/01\/MicrosoftTeams-image-415.png 1080w\" sizes=\"auto, (max-width: 696px) 100vw, 696px\" \/><\/p>\n<p><strong>Apoio \u00e0 forma\u00e7\u00e3o:\u00a0<\/strong><\/p>\n<p>Espa\u00e7o aberto ao CREA-SP, objetivando o aperfei\u00e7oamento dos profissionais e o aprimoramento da fiscaliza\u00e7\u00e3o das \u00e1reas abrangidas pelo Sistema Confea\/CREAs, al\u00e9m de promover a conscientiza\u00e7\u00e3o da sociedade quanto \u00e0 necessidade e obrigatoriedade de contratar um profissional devidamente habilitado.<\/p>\n","protected":false},"excerpt":{"rendered":"<p>Assista abaixo \u00e0 grava\u00e7\u00e3o do evento:\u00a0 &nbsp; + Informa\u00e7\u00f5es:\u00a0 Discuss\u00f5es sobre os desafios e oportunidades no setor de saneamento, proporcionando uma vis\u00e3o valiosa do mercado financeiro. P\u00fablico-alvo:\u00a0 Engenheiros, investidores, gestores p\u00fablicos\/privados, academias, fornecedores e defensores civis. Programa\u00e7\u00e3o preliminar Dia 27\/3 8h30 \u00e0s 10h &#8211; 5\u00ba Painel: PPP\/Concess\u00e3o Media\u00e7\u00e3o: Fernanda Rodrigues de Morais \u2013 Minist\u00e9rio das [&hellip;]<\/p>\n","protected":false},"author":13,"featured_media":115658,"comment_status":"open","ping_status":"open","sticky":false,"template":"","format":"video","meta":{"footnotes":""},"categories":[968,969],"tags":[1176],"class_list":{"0":"post-119284","1":"post","2":"type-post","3":"status-publish","4":"format-video","5":"has-post-thumbnail","7":"category-nova-tv-engenharia","8":"category-palestra","9":"tag-video-home","10":"post_format-post-format-video"},"yoast_head":"<!-- This site is optimized with the Yoast SEO plugin v27.2 - https:\/\/yoast.com\/product\/yoast-seo-wordpress\/ -->\n<title>Congresso Internacional de Saneamento: Concess\u00e3o, Inova\u00e7\u00e3o, Sa\u00fade e Investimentos - 2\u00ba dia - Instituto de Engenharia<\/title>\n<meta name=\"robots\" content=\"index, follow, max-snippet:-1, max-image-preview:large, max-video-preview:-1\" \/>\n<link rel=\"canonical\" href=\"https:\/\/www.institutodeengenharia.org.br\/site\/2024\/03\/27\/congresso-internacional-de-saneamento-concessao-inovacao-saude-e-investimentos-2o-dia\/\" \/>\n<meta property=\"og:locale\" content=\"pt_BR\" \/>\n<meta property=\"og:type\" content=\"article\" \/>\n<meta property=\"og:title\" content=\"Congresso Internacional de Saneamento: Concess\u00e3o, Inova\u00e7\u00e3o, Sa\u00fade e Investimentos - 2\u00ba dia - Instituto de Engenharia\" \/>\n<meta property=\"og:description\" content=\"Assista abaixo \u00e0 grava\u00e7\u00e3o do evento:\u00a0 &nbsp; + Informa\u00e7\u00f5es:\u00a0 Discuss\u00f5es sobre os desafios e oportunidades no setor de saneamento, proporcionando uma vis\u00e3o valiosa do mercado financeiro. P\u00fablico-alvo:\u00a0 Engenheiros, investidores, gestores p\u00fablicos\/privados, academias, fornecedores e defensores civis. Programa\u00e7\u00e3o preliminar Dia 27\/3 8h30 \u00e0s 10h &#8211; 5\u00ba Painel: PPP\/Concess\u00e3o Media\u00e7\u00e3o: Fernanda Rodrigues de Morais \u2013 Minist\u00e9rio das [&hellip;]\" \/>\n<meta property=\"og:url\" content=\"https:\/\/www.institutodeengenharia.org.br\/site\/2024\/03\/27\/congresso-internacional-de-saneamento-concessao-inovacao-saude-e-investimentos-2o-dia\/\" \/>\n<meta property=\"og:site_name\" content=\"Instituto de Engenharia\" \/>\n<meta property=\"article:publisher\" content=\"https:\/\/www.facebook.com\/institutodeengenharia\" \/>\n<meta property=\"article:published_time\" content=\"2024-03-27T14:13:55+00:00\" \/>\n<meta property=\"article:modified_time\" content=\"2025-04-08T14:45:23+00:00\" \/>\n<meta property=\"og:image\" content=\"https:\/\/www.institutodeengenharia.org.br\/site\/wp-content\/uploads\/2024\/01\/Design-sem-nome-2024-01-31T101121.808.jpg\" \/>\n\t<meta property=\"og:image:width\" content=\"1920\" \/>\n\t<meta property=\"og:image:height\" content=\"1080\" \/>\n\t<meta property=\"og:image:type\" content=\"image\/jpeg\" \/>\n<meta name=\"author\" content=\"Bianca\" \/>\n<meta name=\"twitter:card\" content=\"summary_large_image\" \/>\n<meta name=\"twitter:creator\" content=\"@iengenharia\" \/>\n<meta name=\"twitter:site\" content=\"@iengenharia\" \/>\n<meta name=\"twitter:label1\" content=\"Escrito por\" \/>\n\t<meta name=\"twitter:data1\" content=\"Bianca\" \/>\n\t<meta name=\"twitter:label2\" content=\"Est. tempo de leitura\" \/>\n\t<meta name=\"twitter:data2\" content=\"4 minutos\" \/>\n<script type=\"application\/ld+json\" class=\"yoast-schema-graph\">{\"@context\":\"https:\/\/schema.org\",\"@graph\":[{\"@type\":\"Article\",\"@id\":\"https:\/\/www.institutodeengenharia.org.br\/site\/2024\/03\/27\/congresso-internacional-de-saneamento-concessao-inovacao-saude-e-investimentos-2o-dia\/#article\",\"isPartOf\":{\"@id\":\"https:\/\/www.institutodeengenharia.org.br\/site\/2024\/03\/27\/congresso-internacional-de-saneamento-concessao-inovacao-saude-e-investimentos-2o-dia\/\"},\"author\":{\"name\":\"Bianca\",\"@id\":\"https:\/\/www.institutodeengenharia.org.br\/site\/#\/schema\/person\/aeb64951c405e100d26d30b033dd423f\"},\"headline\":\"Congresso Internacional de Saneamento: Concess\u00e3o, Inova\u00e7\u00e3o, Sa\u00fade e Investimentos &#8211; 2\u00ba dia\",\"datePublished\":\"2024-03-27T14:13:55+00:00\",\"dateModified\":\"2025-04-08T14:45:23+00:00\",\"mainEntityOfPage\":{\"@id\":\"https:\/\/www.institutodeengenharia.org.br\/site\/2024\/03\/27\/congresso-internacional-de-saneamento-concessao-inovacao-saude-e-investimentos-2o-dia\/\"},\"wordCount\":749,\"commentCount\":0,\"publisher\":{\"@id\":\"https:\/\/www.institutodeengenharia.org.br\/site\/#organization\"},\"image\":{\"@id\":\"https:\/\/www.institutodeengenharia.org.br\/site\/2024\/03\/27\/congresso-internacional-de-saneamento-concessao-inovacao-saude-e-investimentos-2o-dia\/#primaryimage\"},\"thumbnailUrl\":\"https:\/\/www.institutodeengenharia.org.br\/site\/wp-content\/uploads\/2024\/01\/Design-sem-nome-2024-01-31T101121.808.jpg\",\"keywords\":[\"video-home\"],\"articleSection\":[\"Nova TV Engenharia\",\"Palestra\"],\"inLanguage\":\"pt-BR\",\"potentialAction\":[{\"@type\":\"CommentAction\",\"name\":\"Comment\",\"target\":[\"https:\/\/www.institutodeengenharia.org.br\/site\/2024\/03\/27\/congresso-internacional-de-saneamento-concessao-inovacao-saude-e-investimentos-2o-dia\/#respond\"]}]},{\"@type\":\"WebPage\",\"@id\":\"https:\/\/www.institutodeengenharia.org.br\/site\/2024\/03\/27\/congresso-internacional-de-saneamento-concessao-inovacao-saude-e-investimentos-2o-dia\/\",\"url\":\"https:\/\/www.institutodeengenharia.org.br\/site\/2024\/03\/27\/congresso-internacional-de-saneamento-concessao-inovacao-saude-e-investimentos-2o-dia\/\",\"name\":\"Congresso Internacional de Saneamento: Concess\u00e3o, Inova\u00e7\u00e3o, Sa\u00fade e Investimentos - 2\u00ba dia - Instituto de Engenharia\",\"isPartOf\":{\"@id\":\"https:\/\/www.institutodeengenharia.org.br\/site\/#website\"},\"primaryImageOfPage\":{\"@id\":\"https:\/\/www.institutodeengenharia.org.br\/site\/2024\/03\/27\/congresso-internacional-de-saneamento-concessao-inovacao-saude-e-investimentos-2o-dia\/#primaryimage\"},\"image\":{\"@id\":\"https:\/\/www.institutodeengenharia.org.br\/site\/2024\/03\/27\/congresso-internacional-de-saneamento-concessao-inovacao-saude-e-investimentos-2o-dia\/#primaryimage\"},\"thumbnailUrl\":\"https:\/\/www.institutodeengenharia.org.br\/site\/wp-content\/uploads\/2024\/01\/Design-sem-nome-2024-01-31T101121.808.jpg\",\"datePublished\":\"2024-03-27T14:13:55+00:00\",\"dateModified\":\"2025-04-08T14:45:23+00:00\",\"breadcrumb\":{\"@id\":\"https:\/\/www.institutodeengenharia.org.br\/site\/2024\/03\/27\/congresso-internacional-de-saneamento-concessao-inovacao-saude-e-investimentos-2o-dia\/#breadcrumb\"},\"inLanguage\":\"pt-BR\",\"potentialAction\":[{\"@type\":\"ReadAction\",\"target\":[\"https:\/\/www.institutodeengenharia.org.br\/site\/2024\/03\/27\/congresso-internacional-de-saneamento-concessao-inovacao-saude-e-investimentos-2o-dia\/\"]}]},{\"@type\":\"ImageObject\",\"inLanguage\":\"pt-BR\",\"@id\":\"https:\/\/www.institutodeengenharia.org.br\/site\/2024\/03\/27\/congresso-internacional-de-saneamento-concessao-inovacao-saude-e-investimentos-2o-dia\/#primaryimage\",\"url\":\"https:\/\/www.institutodeengenharia.org.br\/site\/wp-content\/uploads\/2024\/01\/Design-sem-nome-2024-01-31T101121.808.jpg\",\"contentUrl\":\"https:\/\/www.institutodeengenharia.org.br\/site\/wp-content\/uploads\/2024\/01\/Design-sem-nome-2024-01-31T101121.808.jpg\",\"width\":1920,\"height\":1080},{\"@type\":\"BreadcrumbList\",\"@id\":\"https:\/\/www.institutodeengenharia.org.br\/site\/2024\/03\/27\/congresso-internacional-de-saneamento-concessao-inovacao-saude-e-investimentos-2o-dia\/#breadcrumb\",\"itemListElement\":[{\"@type\":\"ListItem\",\"position\":1,\"name\":\"In\u00edcio\",\"item\":\"https:\/\/www.institutodeengenharia.org.br\/site\/\"},{\"@type\":\"ListItem\",\"position\":2,\"name\":\"Congresso Internacional de Saneamento: Concess\u00e3o, Inova\u00e7\u00e3o, Sa\u00fade e Investimentos &#8211; 2\u00ba dia\"}]},{\"@type\":\"WebSite\",\"@id\":\"https:\/\/www.institutodeengenharia.org.br\/site\/#website\",\"url\":\"https:\/\/www.institutodeengenharia.org.br\/site\/\",\"name\":\"Instituto de Engenharia\",\"description\":\"O Instituto de Engenharia promove a Engenharia em benef\u00edcio do desenvolvimento e da qualidade de vida da sociedade.\",\"publisher\":{\"@id\":\"https:\/\/www.institutodeengenharia.org.br\/site\/#organization\"},\"potentialAction\":[{\"@type\":\"SearchAction\",\"target\":{\"@type\":\"EntryPoint\",\"urlTemplate\":\"https:\/\/www.institutodeengenharia.org.br\/site\/?s={search_term_string}\"},\"query-input\":{\"@type\":\"PropertyValueSpecification\",\"valueRequired\":true,\"valueName\":\"search_term_string\"}}],\"inLanguage\":\"pt-BR\"},{\"@type\":\"Organization\",\"@id\":\"https:\/\/www.institutodeengenharia.org.br\/site\/#organization\",\"name\":\"Instituto de Engenharia\",\"url\":\"https:\/\/www.institutodeengenharia.org.br\/site\/\",\"logo\":{\"@type\":\"ImageObject\",\"inLanguage\":\"pt-BR\",\"@id\":\"https:\/\/www.institutodeengenharia.org.br\/site\/#\/schema\/logo\/image\/\",\"url\":\"https:\/\/www.institutodeengenharia.org.br\/site\/wp-content\/uploads\/2019\/03\/logo-novo-IE2018-1.jpg\",\"contentUrl\":\"https:\/\/www.institutodeengenharia.org.br\/site\/wp-content\/uploads\/2019\/03\/logo-novo-IE2018-1.jpg\",\"width\":1486,\"height\":1879,\"caption\":\"Instituto de Engenharia\"},\"image\":{\"@id\":\"https:\/\/www.institutodeengenharia.org.br\/site\/#\/schema\/logo\/image\/\"},\"sameAs\":[\"https:\/\/www.facebook.com\/institutodeengenharia\",\"https:\/\/x.com\/iengenharia\",\"https:\/\/www.instagram.com\/institutodeengenharia\/\",\"https:\/\/www.linkedin.com\/company\/instituto-de-engenharia\/\",\"https:\/\/www.youtube.com\/channel\/UCXiCAlsSMe977vamW915HxA\"]},{\"@type\":\"Person\",\"@id\":\"https:\/\/www.institutodeengenharia.org.br\/site\/#\/schema\/person\/aeb64951c405e100d26d30b033dd423f\",\"name\":\"Bianca\",\"image\":{\"@type\":\"ImageObject\",\"inLanguage\":\"pt-BR\",\"@id\":\"https:\/\/secure.gravatar.com\/avatar\/a6fbe9bff57405baf4c1e2c5c1811e072b558253974a9f9508f4678900c97c2a?s=96&d=mm&r=g\",\"url\":\"https:\/\/secure.gravatar.com\/avatar\/a6fbe9bff57405baf4c1e2c5c1811e072b558253974a9f9508f4678900c97c2a?s=96&d=mm&r=g\",\"contentUrl\":\"https:\/\/secure.gravatar.com\/avatar\/a6fbe9bff57405baf4c1e2c5c1811e072b558253974a9f9508f4678900c97c2a?s=96&d=mm&r=g\",\"caption\":\"Bianca\"},\"url\":\"https:\/\/www.institutodeengenharia.org.br\/site\/author\/comunicacao1\/\"}]}<\/script>\n<!-- \/ Yoast SEO plugin. -->","yoast_head_json":{"title":"Congresso Internacional de Saneamento: Concess\u00e3o, Inova\u00e7\u00e3o, Sa\u00fade e Investimentos - 2\u00ba dia - Instituto de Engenharia","robots":{"index":"index","follow":"follow","max-snippet":"max-snippet:-1","max-image-preview":"max-image-preview:large","max-video-preview":"max-video-preview:-1"},"canonical":"https:\/\/www.institutodeengenharia.org.br\/site\/2024\/03\/27\/congresso-internacional-de-saneamento-concessao-inovacao-saude-e-investimentos-2o-dia\/","og_locale":"pt_BR","og_type":"article","og_title":"Congresso Internacional de Saneamento: Concess\u00e3o, Inova\u00e7\u00e3o, Sa\u00fade e Investimentos - 2\u00ba dia - Instituto de Engenharia","og_description":"Assista abaixo \u00e0 grava\u00e7\u00e3o do evento:\u00a0 &nbsp; + Informa\u00e7\u00f5es:\u00a0 Discuss\u00f5es sobre os desafios e oportunidades no setor de saneamento, proporcionando uma vis\u00e3o valiosa do mercado financeiro. P\u00fablico-alvo:\u00a0 Engenheiros, investidores, gestores p\u00fablicos\/privados, academias, fornecedores e defensores civis. Programa\u00e7\u00e3o preliminar Dia 27\/3 8h30 \u00e0s 10h &#8211; 5\u00ba Painel: PPP\/Concess\u00e3o Media\u00e7\u00e3o: Fernanda Rodrigues de Morais \u2013 Minist\u00e9rio das [&hellip;]","og_url":"https:\/\/www.institutodeengenharia.org.br\/site\/2024\/03\/27\/congresso-internacional-de-saneamento-concessao-inovacao-saude-e-investimentos-2o-dia\/","og_site_name":"Instituto de Engenharia","article_publisher":"https:\/\/www.facebook.com\/institutodeengenharia","article_published_time":"2024-03-27T14:13:55+00:00","article_modified_time":"2025-04-08T14:45:23+00:00","og_image":[{"width":1920,"height":1080,"url":"https:\/\/www.institutodeengenharia.org.br\/site\/wp-content\/uploads\/2024\/01\/Design-sem-nome-2024-01-31T101121.808.jpg","type":"image\/jpeg"}],"author":"Bianca","twitter_card":"summary_large_image","twitter_creator":"@iengenharia","twitter_site":"@iengenharia","twitter_misc":{"Escrito por":"Bianca","Est. tempo de leitura":"4 minutos"},"schema":{"@context":"https:\/\/schema.org","@graph":[{"@type":"Article","@id":"https:\/\/www.institutodeengenharia.org.br\/site\/2024\/03\/27\/congresso-internacional-de-saneamento-concessao-inovacao-saude-e-investimentos-2o-dia\/#article","isPartOf":{"@id":"https:\/\/www.institutodeengenharia.org.br\/site\/2024\/03\/27\/congresso-internacional-de-saneamento-concessao-inovacao-saude-e-investimentos-2o-dia\/"},"author":{"name":"Bianca","@id":"https:\/\/www.institutodeengenharia.org.br\/site\/#\/schema\/person\/aeb64951c405e100d26d30b033dd423f"},"headline":"Congresso Internacional de Saneamento: Concess\u00e3o, Inova\u00e7\u00e3o, Sa\u00fade e Investimentos &#8211; 2\u00ba dia","datePublished":"2024-03-27T14:13:55+00:00","dateModified":"2025-04-08T14:45:23+00:00","mainEntityOfPage":{"@id":"https:\/\/www.institutodeengenharia.org.br\/site\/2024\/03\/27\/congresso-internacional-de-saneamento-concessao-inovacao-saude-e-investimentos-2o-dia\/"},"wordCount":749,"commentCount":0,"publisher":{"@id":"https:\/\/www.institutodeengenharia.org.br\/site\/#organization"},"image":{"@id":"https:\/\/www.institutodeengenharia.org.br\/site\/2024\/03\/27\/congresso-internacional-de-saneamento-concessao-inovacao-saude-e-investimentos-2o-dia\/#primaryimage"},"thumbnailUrl":"https:\/\/www.institutodeengenharia.org.br\/site\/wp-content\/uploads\/2024\/01\/Design-sem-nome-2024-01-31T101121.808.jpg","keywords":["video-home"],"articleSection":["Nova TV Engenharia","Palestra"],"inLanguage":"pt-BR","potentialAction":[{"@type":"CommentAction","name":"Comment","target":["https:\/\/www.institutodeengenharia.org.br\/site\/2024\/03\/27\/congresso-internacional-de-saneamento-concessao-inovacao-saude-e-investimentos-2o-dia\/#respond"]}]},{"@type":"WebPage","@id":"https:\/\/www.institutodeengenharia.org.br\/site\/2024\/03\/27\/congresso-internacional-de-saneamento-concessao-inovacao-saude-e-investimentos-2o-dia\/","url":"https:\/\/www.institutodeengenharia.org.br\/site\/2024\/03\/27\/congresso-internacional-de-saneamento-concessao-inovacao-saude-e-investimentos-2o-dia\/","name":"Congresso Internacional de Saneamento: Concess\u00e3o, Inova\u00e7\u00e3o, Sa\u00fade e Investimentos - 2\u00ba dia - Instituto de Engenharia","isPartOf":{"@id":"https:\/\/www.institutodeengenharia.org.br\/site\/#website"},"primaryImageOfPage":{"@id":"https:\/\/www.institutodeengenharia.org.br\/site\/2024\/03\/27\/congresso-internacional-de-saneamento-concessao-inovacao-saude-e-investimentos-2o-dia\/#primaryimage"},"image":{"@id":"https:\/\/www.institutodeengenharia.org.br\/site\/2024\/03\/27\/congresso-internacional-de-saneamento-concessao-inovacao-saude-e-investimentos-2o-dia\/#primaryimage"},"thumbnailUrl":"https:\/\/www.institutodeengenharia.org.br\/site\/wp-content\/uploads\/2024\/01\/Design-sem-nome-2024-01-31T101121.808.jpg","datePublished":"2024-03-27T14:13:55+00:00","dateModified":"2025-04-08T14:45:23+00:00","breadcrumb":{"@id":"https:\/\/www.institutodeengenharia.org.br\/site\/2024\/03\/27\/congresso-internacional-de-saneamento-concessao-inovacao-saude-e-investimentos-2o-dia\/#breadcrumb"},"inLanguage":"pt-BR","potentialAction":[{"@type":"ReadAction","target":["https:\/\/www.institutodeengenharia.org.br\/site\/2024\/03\/27\/congresso-internacional-de-saneamento-concessao-inovacao-saude-e-investimentos-2o-dia\/"]}]},{"@type":"ImageObject","inLanguage":"pt-BR","@id":"https:\/\/www.institutodeengenharia.org.br\/site\/2024\/03\/27\/congresso-internacional-de-saneamento-concessao-inovacao-saude-e-investimentos-2o-dia\/#primaryimage","url":"https:\/\/www.institutodeengenharia.org.br\/site\/wp-content\/uploads\/2024\/01\/Design-sem-nome-2024-01-31T101121.808.jpg","contentUrl":"https:\/\/www.institutodeengenharia.org.br\/site\/wp-content\/uploads\/2024\/01\/Design-sem-nome-2024-01-31T101121.808.jpg","width":1920,"height":1080},{"@type":"BreadcrumbList","@id":"https:\/\/www.institutodeengenharia.org.br\/site\/2024\/03\/27\/congresso-internacional-de-saneamento-concessao-inovacao-saude-e-investimentos-2o-dia\/#breadcrumb","itemListElement":[{"@type":"ListItem","position":1,"name":"In\u00edcio","item":"https:\/\/www.institutodeengenharia.org.br\/site\/"},{"@type":"ListItem","position":2,"name":"Congresso Internacional de Saneamento: Concess\u00e3o, Inova\u00e7\u00e3o, Sa\u00fade e Investimentos &#8211; 2\u00ba dia"}]},{"@type":"WebSite","@id":"https:\/\/www.institutodeengenharia.org.br\/site\/#website","url":"https:\/\/www.institutodeengenharia.org.br\/site\/","name":"Instituto de Engenharia","description":"O Instituto de Engenharia promove a Engenharia em benef\u00edcio do desenvolvimento e da qualidade de vida da sociedade.","publisher":{"@id":"https:\/\/www.institutodeengenharia.org.br\/site\/#organization"},"potentialAction":[{"@type":"SearchAction","target":{"@type":"EntryPoint","urlTemplate":"https:\/\/www.institutodeengenharia.org.br\/site\/?s={search_term_string}"},"query-input":{"@type":"PropertyValueSpecification","valueRequired":true,"valueName":"search_term_string"}}],"inLanguage":"pt-BR"},{"@type":"Organization","@id":"https:\/\/www.institutodeengenharia.org.br\/site\/#organization","name":"Instituto de Engenharia","url":"https:\/\/www.institutodeengenharia.org.br\/site\/","logo":{"@type":"ImageObject","inLanguage":"pt-BR","@id":"https:\/\/www.institutodeengenharia.org.br\/site\/#\/schema\/logo\/image\/","url":"https:\/\/www.institutodeengenharia.org.br\/site\/wp-content\/uploads\/2019\/03\/logo-novo-IE2018-1.jpg","contentUrl":"https:\/\/www.institutodeengenharia.org.br\/site\/wp-content\/uploads\/2019\/03\/logo-novo-IE2018-1.jpg","width":1486,"height":1879,"caption":"Instituto de Engenharia"},"image":{"@id":"https:\/\/www.institutodeengenharia.org.br\/site\/#\/schema\/logo\/image\/"},"sameAs":["https:\/\/www.facebook.com\/institutodeengenharia","https:\/\/x.com\/iengenharia","https:\/\/www.instagram.com\/institutodeengenharia\/","https:\/\/www.linkedin.com\/company\/instituto-de-engenharia\/","https:\/\/www.youtube.com\/channel\/UCXiCAlsSMe977vamW915HxA"]},{"@type":"Person","@id":"https:\/\/www.institutodeengenharia.org.br\/site\/#\/schema\/person\/aeb64951c405e100d26d30b033dd423f","name":"Bianca","image":{"@type":"ImageObject","inLanguage":"pt-BR","@id":"https:\/\/secure.gravatar.com\/avatar\/a6fbe9bff57405baf4c1e2c5c1811e072b558253974a9f9508f4678900c97c2a?s=96&d=mm&r=g","url":"https:\/\/secure.gravatar.com\/avatar\/a6fbe9bff57405baf4c1e2c5c1811e072b558253974a9f9508f4678900c97c2a?s=96&d=mm&r=g","contentUrl":"https:\/\/secure.gravatar.com\/avatar\/a6fbe9bff57405baf4c1e2c5c1811e072b558253974a9f9508f4678900c97c2a?s=96&d=mm&r=g","caption":"Bianca"},"url":"https:\/\/www.institutodeengenharia.org.br\/site\/author\/comunicacao1\/"}]}},"_links":{"self":[{"href":"https:\/\/www.institutodeengenharia.org.br\/site\/wp-json\/wp\/v2\/posts\/119284","targetHints":{"allow":["GET"]}}],"collection":[{"href":"https:\/\/www.institutodeengenharia.org.br\/site\/wp-json\/wp\/v2\/posts"}],"about":[{"href":"https:\/\/www.institutodeengenharia.org.br\/site\/wp-json\/wp\/v2\/types\/post"}],"author":[{"embeddable":true,"href":"https:\/\/www.institutodeengenharia.org.br\/site\/wp-json\/wp\/v2\/users\/13"}],"replies":[{"embeddable":true,"href":"https:\/\/www.institutodeengenharia.org.br\/site\/wp-json\/wp\/v2\/comments?post=119284"}],"version-history":[{"count":1,"href":"https:\/\/www.institutodeengenharia.org.br\/site\/wp-json\/wp\/v2\/posts\/119284\/revisions"}],"predecessor-version":[{"id":119286,"href":"https:\/\/www.institutodeengenharia.org.br\/site\/wp-json\/wp\/v2\/posts\/119284\/revisions\/119286"}],"wp:featuredmedia":[{"embeddable":true,"href":"https:\/\/www.institutodeengenharia.org.br\/site\/wp-json\/wp\/v2\/media\/115658"}],"wp:attachment":[{"href":"https:\/\/www.institutodeengenharia.org.br\/site\/wp-json\/wp\/v2\/media?parent=119284"}],"wp:term":[{"taxonomy":"category","embeddable":true,"href":"https:\/\/www.institutodeengenharia.org.br\/site\/wp-json\/wp\/v2\/categories?post=119284"},{"taxonomy":"post_tag","embeddable":true,"href":"https:\/\/www.institutodeengenharia.org.br\/site\/wp-json\/wp\/v2\/tags?post=119284"}],"curies":[{"name":"wp","href":"https:\/\/api.w.org\/{rel}","templated":true}]}}