{"id":119051,"date":"2024-04-18T15:26:57","date_gmt":"2024-04-18T18:26:57","guid":{"rendered":"https:\/\/www.institutodeengenharia.org.br\/site\/?p=119051"},"modified":"2024-04-18T16:40:12","modified_gmt":"2024-04-18T19:40:12","slug":"membros-do-ie-visitam-rcgi-onde-ficara-a-1a-estacao-de-hidrogenio-renovavel-do-mundo","status":"publish","type":"post","link":"https:\/\/www.institutodeengenharia.org.br\/site\/2024\/04\/18\/membros-do-ie-visitam-rcgi-onde-ficara-a-1a-estacao-de-hidrogenio-renovavel-do-mundo\/","title":{"rendered":"Membros do IE visitam RCGI &#8211; onde ficar\u00e1 a 1\u00aa esta\u00e7\u00e3o de hidrog\u00eanio renov\u00e1vel do mundo"},"content":{"rendered":"<p>A diretoria do Instituto de Engenharia e o grupo de trabalho para o desenvolvimento do caderno sobre \u201cHidrog\u00eanio Verde\u201d, do Instituto de Engenharia, visitaram nesta quarta (17), o Centro de Pesquisa para Inova\u00e7\u00e3o em Gases de Efeito Estufa <em>(Research Centre for Greenhouse Gas Innovation &#8211; RCGI)<\/em>, da Poli-USP, onde est\u00e1 sendo desenvolvida a Esta\u00e7\u00e3o de Reabastecimento de Hidrog\u00eanio (Ethanol to H2).<br \/>\nEles foram recebidos por Thiago Lopes, coordenador de Projetos RCGI, e Dawany Dionisio, pesquisadora do RCGI.<\/p>\n<p>A planta-piloto, que fica na Cidade Universit\u00e1ria, ocupar\u00e1 uma \u00e1rea de 425 metros quadrados e ter\u00e1 capacidade de produzir 4,5 quilos de hidrog\u00eanio por hora, quantidade suficiente para abastecer at\u00e9 tr\u00eas \u00f4nibus e um ve\u00edculo leve. A previs\u00e3o \u00e9 de que a esta\u00e7\u00e3o experimental esteja operando no segundo semestre deste ano.<\/p>\n<p>O hidrog\u00eanio produzido na esta\u00e7\u00e3o vai abastecer os \u00f4nibus cedidos pela Empresa Metropolitana de Transportes Urbanos de S\u00e3o Paulo (EMTU), que circular\u00e3o exclusivamente dentro da Cidade Universit\u00e1ria e, tamb\u00e9m, um ve\u00edculo Mirai, cedido pela Toyota Brasil para testar a performance do hidrog\u00eanio.<\/p>\n<p>Afiliado \u00e0 USP, o RCGI\u00a0 tem como objetivo reduzir significativamente as emiss\u00f5es de gases de efeito estufa em todo o Pa\u00eds, ajudando a alcan\u00e7ar as *Contribui\u00e7\u00f5es Nacionalmente Determinadas (iNDC) do Brasil para a a\u00e7\u00e3o clim\u00e1tica global.<\/p>\n<p>A esta\u00e7\u00e3o de abastecimento \u00e9 resultado de um projeto de pesquisa desenvolvido pelo\u00a0 RCGI, em parceria com a Shell Brasil, a Ra\u00edzen, Hytron, Senai Cetiqt e Toyota.<\/p>\n<p><strong>Caderno Hidrog\u00eanio Verde<\/strong><\/p>\n<p>O caderno sobre Hidrog\u00eanio Verde est\u00e1 em fase de conclus\u00e3o e sua produ\u00e7\u00e3o come\u00e7ou ap\u00f3s o evento \u201c<a href=\"https:\/\/www.institutodeengenharia.org.br\/site\/events\/a-evolucao-do-mercado-de-hidrogenio-verde-h2v-no-brasil\/\">A Evolu\u00e7\u00e3o do Mercado de Hidrog\u00eanio Verde \u2013 H2V no Brasil<\/a>\u201d, realizado em 2023, na sede do Instituto de Engenharia.<\/p>\n<p>Para o segundo semestre deste ano, est\u00e1 prevista a realiza\u00e7\u00e3o da segunda edi\u00e7\u00e3o do evento. Entre outros temas, ser\u00e1 abordado o uso do hidrog\u00eanio verde no transporte.<\/p>\n<p>&nbsp;<\/p>\n<h6><em>* A Contribui\u00e7\u00e3o Nacionalmente Determinada (iNDC, na sigla em ingl\u00eas) \u00e9 o documento do governo brasileiro que registra os principais compromissos e contribui\u00e7\u00f5es Brasil para o futuro acordo clim\u00e1tico que ser\u00e1 negociado e aprovado no fim do ano, em Paris.<\/em><\/h6>\n<h6><\/h6>\n<h6><strong><em>*Com informa\u00e7\u00f5es <a href=\"https:\/\/jornal.usp.br\/institucional\/cidade-universitaria-tera-a-primeira-estacao-de-hidrogenio-renovavel-a-partir-do-etanol-do-mundo\/\">Jornal da USP<\/a>.<\/em><\/strong><\/h6>\n","protected":false},"excerpt":{"rendered":"<p>A diretoria do Instituto de Engenharia e o grupo de trabalho para o desenvolvimento do caderno sobre \u201cHidrog\u00eanio Verde\u201d, do Instituto de Engenharia, visitaram nesta quarta (17), o Centro de Pesquisa para Inova\u00e7\u00e3o em Gases de Efeito Estufa (Research Centre for Greenhouse Gas Innovation &#8211; RCGI), da Poli-USP, onde est\u00e1 sendo desenvolvida a Esta\u00e7\u00e3o de [&hellip;]<\/p>\n","protected":false},"author":14,"featured_media":119052,"comment_status":"open","ping_status":"open","sticky":false,"template":"","format":"standard","meta":{"footnotes":""},"categories":[27,6],"tags":[],"class_list":{"0":"post-119051","1":"post","2":"type-post","3":"status-publish","4":"format-standard","5":"has-post-thumbnail","7":"category-instituto-de-engenharia","8":"category-noticias"},"yoast_head":"<!-- This site is optimized with the Yoast SEO plugin v27.2 - https:\/\/yoast.com\/product\/yoast-seo-wordpress\/ -->\n<title>Membros do IE visitam RCGI - onde ficar\u00e1 a 1\u00aa esta\u00e7\u00e3o de hidrog\u00eanio renov\u00e1vel do mundo - Instituto de Engenharia<\/title>\n<meta name=\"robots\" content=\"index, follow, max-snippet:-1, max-image-preview:large, max-video-preview:-1\" \/>\n<link rel=\"canonical\" href=\"https:\/\/www.institutodeengenharia.org.br\/site\/2024\/04\/18\/membros-do-ie-visitam-rcgi-onde-ficara-a-1a-estacao-de-hidrogenio-renovavel-do-mundo\/\" \/>\n<meta property=\"og:locale\" content=\"pt_BR\" \/>\n<meta property=\"og:type\" content=\"article\" \/>\n<meta property=\"og:title\" content=\"Membros do IE visitam RCGI - onde ficar\u00e1 a 1\u00aa esta\u00e7\u00e3o de hidrog\u00eanio renov\u00e1vel do mundo - Instituto de Engenharia\" \/>\n<meta property=\"og:description\" content=\"A diretoria do Instituto de Engenharia e o grupo de trabalho para o desenvolvimento do caderno sobre \u201cHidrog\u00eanio Verde\u201d, do Instituto de Engenharia, visitaram nesta quarta (17), o Centro de Pesquisa para Inova\u00e7\u00e3o em Gases de Efeito Estufa (Research Centre for Greenhouse Gas Innovation &#8211; RCGI), da Poli-USP, onde est\u00e1 sendo desenvolvida a Esta\u00e7\u00e3o de [&hellip;]\" \/>\n<meta property=\"og:url\" content=\"https:\/\/www.institutodeengenharia.org.br\/site\/2024\/04\/18\/membros-do-ie-visitam-rcgi-onde-ficara-a-1a-estacao-de-hidrogenio-renovavel-do-mundo\/\" \/>\n<meta property=\"og:site_name\" content=\"Instituto de Engenharia\" \/>\n<meta property=\"article:publisher\" content=\"https:\/\/www.facebook.com\/institutodeengenharia\" \/>\n<meta property=\"article:published_time\" content=\"2024-04-18T18:26:57+00:00\" \/>\n<meta property=\"article:modified_time\" content=\"2024-04-18T19:40:12+00:00\" \/>\n<meta property=\"og:image\" content=\"https:\/\/www.institutodeengenharia.org.br\/site\/wp-content\/uploads\/2024\/04\/DSC8775-scaled.jpg\" \/>\n\t<meta property=\"og:image:width\" content=\"2560\" \/>\n\t<meta property=\"og:image:height\" content=\"1709\" \/>\n\t<meta property=\"og:image:type\" content=\"image\/jpeg\" \/>\n<meta name=\"author\" content=\"Isabel\" \/>\n<meta name=\"twitter:card\" content=\"summary_large_image\" \/>\n<meta name=\"twitter:creator\" content=\"@iengenharia\" \/>\n<meta name=\"twitter:site\" content=\"@iengenharia\" \/>\n<meta name=\"twitter:label1\" content=\"Escrito por\" \/>\n\t<meta name=\"twitter:data1\" content=\"Isabel\" \/>\n\t<meta name=\"twitter:label2\" content=\"Est. tempo de leitura\" \/>\n\t<meta name=\"twitter:data2\" content=\"3 minutos\" \/>\n<script type=\"application\/ld+json\" class=\"yoast-schema-graph\">{\"@context\":\"https:\/\/schema.org\",\"@graph\":[{\"@type\":\"Article\",\"@id\":\"https:\/\/www.institutodeengenharia.org.br\/site\/2024\/04\/18\/membros-do-ie-visitam-rcgi-onde-ficara-a-1a-estacao-de-hidrogenio-renovavel-do-mundo\/#article\",\"isPartOf\":{\"@id\":\"https:\/\/www.institutodeengenharia.org.br\/site\/2024\/04\/18\/membros-do-ie-visitam-rcgi-onde-ficara-a-1a-estacao-de-hidrogenio-renovavel-do-mundo\/\"},\"author\":{\"name\":\"Isabel\",\"@id\":\"https:\/\/www.institutodeengenharia.org.br\/site\/#\/schema\/person\/593dc356630173a4877a635d3e5fd76b\"},\"headline\":\"Membros do IE visitam RCGI &#8211; onde ficar\u00e1 a 1\u00aa esta\u00e7\u00e3o de hidrog\u00eanio renov\u00e1vel do mundo\",\"datePublished\":\"2024-04-18T18:26:57+00:00\",\"dateModified\":\"2024-04-18T19:40:12+00:00\",\"mainEntityOfPage\":{\"@id\":\"https:\/\/www.institutodeengenharia.org.br\/site\/2024\/04\/18\/membros-do-ie-visitam-rcgi-onde-ficara-a-1a-estacao-de-hidrogenio-renovavel-do-mundo\/\"},\"wordCount\":397,\"commentCount\":0,\"publisher\":{\"@id\":\"https:\/\/www.institutodeengenharia.org.br\/site\/#organization\"},\"image\":{\"@id\":\"https:\/\/www.institutodeengenharia.org.br\/site\/2024\/04\/18\/membros-do-ie-visitam-rcgi-onde-ficara-a-1a-estacao-de-hidrogenio-renovavel-do-mundo\/#primaryimage\"},\"thumbnailUrl\":\"https:\/\/www.institutodeengenharia.org.br\/site\/wp-content\/uploads\/2024\/04\/DSC8775-scaled.jpg\",\"articleSection\":[\"Instituto de Engenharia\",\"Not\u00edcias\"],\"inLanguage\":\"pt-BR\",\"potentialAction\":[{\"@type\":\"CommentAction\",\"name\":\"Comment\",\"target\":[\"https:\/\/www.institutodeengenharia.org.br\/site\/2024\/04\/18\/membros-do-ie-visitam-rcgi-onde-ficara-a-1a-estacao-de-hidrogenio-renovavel-do-mundo\/#respond\"]}]},{\"@type\":\"WebPage\",\"@id\":\"https:\/\/www.institutodeengenharia.org.br\/site\/2024\/04\/18\/membros-do-ie-visitam-rcgi-onde-ficara-a-1a-estacao-de-hidrogenio-renovavel-do-mundo\/\",\"url\":\"https:\/\/www.institutodeengenharia.org.br\/site\/2024\/04\/18\/membros-do-ie-visitam-rcgi-onde-ficara-a-1a-estacao-de-hidrogenio-renovavel-do-mundo\/\",\"name\":\"Membros do IE visitam RCGI - onde ficar\u00e1 a 1\u00aa esta\u00e7\u00e3o de hidrog\u00eanio renov\u00e1vel do mundo - Instituto de Engenharia\",\"isPartOf\":{\"@id\":\"https:\/\/www.institutodeengenharia.org.br\/site\/#website\"},\"primaryImageOfPage\":{\"@id\":\"https:\/\/www.institutodeengenharia.org.br\/site\/2024\/04\/18\/membros-do-ie-visitam-rcgi-onde-ficara-a-1a-estacao-de-hidrogenio-renovavel-do-mundo\/#primaryimage\"},\"image\":{\"@id\":\"https:\/\/www.institutodeengenharia.org.br\/site\/2024\/04\/18\/membros-do-ie-visitam-rcgi-onde-ficara-a-1a-estacao-de-hidrogenio-renovavel-do-mundo\/#primaryimage\"},\"thumbnailUrl\":\"https:\/\/www.institutodeengenharia.org.br\/site\/wp-content\/uploads\/2024\/04\/DSC8775-scaled.jpg\",\"datePublished\":\"2024-04-18T18:26:57+00:00\",\"dateModified\":\"2024-04-18T19:40:12+00:00\",\"breadcrumb\":{\"@id\":\"https:\/\/www.institutodeengenharia.org.br\/site\/2024\/04\/18\/membros-do-ie-visitam-rcgi-onde-ficara-a-1a-estacao-de-hidrogenio-renovavel-do-mundo\/#breadcrumb\"},\"inLanguage\":\"pt-BR\",\"potentialAction\":[{\"@type\":\"ReadAction\",\"target\":[\"https:\/\/www.institutodeengenharia.org.br\/site\/2024\/04\/18\/membros-do-ie-visitam-rcgi-onde-ficara-a-1a-estacao-de-hidrogenio-renovavel-do-mundo\/\"]}]},{\"@type\":\"ImageObject\",\"inLanguage\":\"pt-BR\",\"@id\":\"https:\/\/www.institutodeengenharia.org.br\/site\/2024\/04\/18\/membros-do-ie-visitam-rcgi-onde-ficara-a-1a-estacao-de-hidrogenio-renovavel-do-mundo\/#primaryimage\",\"url\":\"https:\/\/www.institutodeengenharia.org.br\/site\/wp-content\/uploads\/2024\/04\/DSC8775-scaled.jpg\",\"contentUrl\":\"https:\/\/www.institutodeengenharia.org.br\/site\/wp-content\/uploads\/2024\/04\/DSC8775-scaled.jpg\",\"width\":2560,\"height\":1709,\"caption\":\"Em p\u00e9 d esq. p\/ dir.: Giovanni Floridia, autor Caderno Especial Hidrog\u00eanio Verde IE; Roberto Berkes, vice-diretor Operacional, conselheiro IE e autor; Constanzio Facci Ticeu, 2\u00ba diretor Financeiro IE; Rui Arruda Camargo, presidente Conselho Consultivo e diretor da Revista Engenharia IE; Jos\u00e9 Eduardo Jardim, presidente; Lawrence Koo, VP Rela\u00e7\u00f5es Externas IE; Elcio Niwa, 1\u00ba diretor Financeiro IE; Thiago Lopes, coordenador Projetos RCGI. Sentados: Dawany Dionisio, pesquisadora RCGI; Aurea Vendramin, vice-diretora Departamento de Desenvolvimento de Tecnologia, Industria, Energia e Telecomunica\u00e7\u00f5es, Conselheira IE e autora; Tatiana Louren\u00e7o Machado, diretora Operacional, conselheira IE e autora; Eny Uono Sanchez , 2\u00aa diretora secret\u00e1ria; Simone Cotrufo Fran\u00e7a, autora IE RCGI. Cr\u00e9ditos: RCGI | USP\"},{\"@type\":\"BreadcrumbList\",\"@id\":\"https:\/\/www.institutodeengenharia.org.br\/site\/2024\/04\/18\/membros-do-ie-visitam-rcgi-onde-ficara-a-1a-estacao-de-hidrogenio-renovavel-do-mundo\/#breadcrumb\",\"itemListElement\":[{\"@type\":\"ListItem\",\"position\":1,\"name\":\"In\u00edcio\",\"item\":\"https:\/\/www.institutodeengenharia.org.br\/site\/\"},{\"@type\":\"ListItem\",\"position\":2,\"name\":\"Membros do IE visitam RCGI &#8211; onde ficar\u00e1 a 1\u00aa esta\u00e7\u00e3o de hidrog\u00eanio renov\u00e1vel do mundo\"}]},{\"@type\":\"WebSite\",\"@id\":\"https:\/\/www.institutodeengenharia.org.br\/site\/#website\",\"url\":\"https:\/\/www.institutodeengenharia.org.br\/site\/\",\"name\":\"Instituto de Engenharia\",\"description\":\"O Instituto de Engenharia promove a Engenharia em benef\u00edcio do desenvolvimento e da qualidade de vida da sociedade.\",\"publisher\":{\"@id\":\"https:\/\/www.institutodeengenharia.org.br\/site\/#organization\"},\"potentialAction\":[{\"@type\":\"SearchAction\",\"target\":{\"@type\":\"EntryPoint\",\"urlTemplate\":\"https:\/\/www.institutodeengenharia.org.br\/site\/?s={search_term_string}\"},\"query-input\":{\"@type\":\"PropertyValueSpecification\",\"valueRequired\":true,\"valueName\":\"search_term_string\"}}],\"inLanguage\":\"pt-BR\"},{\"@type\":\"Organization\",\"@id\":\"https:\/\/www.institutodeengenharia.org.br\/site\/#organization\",\"name\":\"Instituto de Engenharia\",\"url\":\"https:\/\/www.institutodeengenharia.org.br\/site\/\",\"logo\":{\"@type\":\"ImageObject\",\"inLanguage\":\"pt-BR\",\"@id\":\"https:\/\/www.institutodeengenharia.org.br\/site\/#\/schema\/logo\/image\/\",\"url\":\"https:\/\/www.institutodeengenharia.org.br\/site\/wp-content\/uploads\/2019\/03\/logo-novo-IE2018-1.jpg\",\"contentUrl\":\"https:\/\/www.institutodeengenharia.org.br\/site\/wp-content\/uploads\/2019\/03\/logo-novo-IE2018-1.jpg\",\"width\":1486,\"height\":1879,\"caption\":\"Instituto de Engenharia\"},\"image\":{\"@id\":\"https:\/\/www.institutodeengenharia.org.br\/site\/#\/schema\/logo\/image\/\"},\"sameAs\":[\"https:\/\/www.facebook.com\/institutodeengenharia\",\"https:\/\/x.com\/iengenharia\",\"https:\/\/www.instagram.com\/institutodeengenharia\/\",\"https:\/\/www.linkedin.com\/company\/instituto-de-engenharia\/\",\"https:\/\/www.youtube.com\/channel\/UCXiCAlsSMe977vamW915HxA\"]},{\"@type\":\"Person\",\"@id\":\"https:\/\/www.institutodeengenharia.org.br\/site\/#\/schema\/person\/593dc356630173a4877a635d3e5fd76b\",\"name\":\"Isabel\",\"image\":{\"@type\":\"ImageObject\",\"inLanguage\":\"pt-BR\",\"@id\":\"https:\/\/secure.gravatar.com\/avatar\/f3c521db63ec9db17894f10a88c6a3cf95b2281d7f80eeb3cf3ef1cb091576e7?s=96&d=mm&r=g\",\"url\":\"https:\/\/secure.gravatar.com\/avatar\/f3c521db63ec9db17894f10a88c6a3cf95b2281d7f80eeb3cf3ef1cb091576e7?s=96&d=mm&r=g\",\"contentUrl\":\"https:\/\/secure.gravatar.com\/avatar\/f3c521db63ec9db17894f10a88c6a3cf95b2281d7f80eeb3cf3ef1cb091576e7?s=96&d=mm&r=g\",\"caption\":\"Isabel\"},\"url\":\"https:\/\/www.institutodeengenharia.org.br\/site\/author\/comunicacao2\/\"}]}<\/script>\n<!-- \/ Yoast SEO plugin. -->","yoast_head_json":{"title":"Membros do IE visitam RCGI - onde ficar\u00e1 a 1\u00aa esta\u00e7\u00e3o de hidrog\u00eanio renov\u00e1vel do mundo - Instituto de Engenharia","robots":{"index":"index","follow":"follow","max-snippet":"max-snippet:-1","max-image-preview":"max-image-preview:large","max-video-preview":"max-video-preview:-1"},"canonical":"https:\/\/www.institutodeengenharia.org.br\/site\/2024\/04\/18\/membros-do-ie-visitam-rcgi-onde-ficara-a-1a-estacao-de-hidrogenio-renovavel-do-mundo\/","og_locale":"pt_BR","og_type":"article","og_title":"Membros do IE visitam RCGI - onde ficar\u00e1 a 1\u00aa esta\u00e7\u00e3o de hidrog\u00eanio renov\u00e1vel do mundo - Instituto de Engenharia","og_description":"A diretoria do Instituto de Engenharia e o grupo de trabalho para o desenvolvimento do caderno sobre \u201cHidrog\u00eanio Verde\u201d, do Instituto de Engenharia, visitaram nesta quarta (17), o Centro de Pesquisa para Inova\u00e7\u00e3o em Gases de Efeito Estufa (Research Centre for Greenhouse Gas Innovation &#8211; RCGI), da Poli-USP, onde est\u00e1 sendo desenvolvida a Esta\u00e7\u00e3o de [&hellip;]","og_url":"https:\/\/www.institutodeengenharia.org.br\/site\/2024\/04\/18\/membros-do-ie-visitam-rcgi-onde-ficara-a-1a-estacao-de-hidrogenio-renovavel-do-mundo\/","og_site_name":"Instituto de Engenharia","article_publisher":"https:\/\/www.facebook.com\/institutodeengenharia","article_published_time":"2024-04-18T18:26:57+00:00","article_modified_time":"2024-04-18T19:40:12+00:00","og_image":[{"width":2560,"height":1709,"url":"https:\/\/www.institutodeengenharia.org.br\/site\/wp-content\/uploads\/2024\/04\/DSC8775-scaled.jpg","type":"image\/jpeg"}],"author":"Isabel","twitter_card":"summary_large_image","twitter_creator":"@iengenharia","twitter_site":"@iengenharia","twitter_misc":{"Escrito por":"Isabel","Est. tempo de leitura":"3 minutos"},"schema":{"@context":"https:\/\/schema.org","@graph":[{"@type":"Article","@id":"https:\/\/www.institutodeengenharia.org.br\/site\/2024\/04\/18\/membros-do-ie-visitam-rcgi-onde-ficara-a-1a-estacao-de-hidrogenio-renovavel-do-mundo\/#article","isPartOf":{"@id":"https:\/\/www.institutodeengenharia.org.br\/site\/2024\/04\/18\/membros-do-ie-visitam-rcgi-onde-ficara-a-1a-estacao-de-hidrogenio-renovavel-do-mundo\/"},"author":{"name":"Isabel","@id":"https:\/\/www.institutodeengenharia.org.br\/site\/#\/schema\/person\/593dc356630173a4877a635d3e5fd76b"},"headline":"Membros do IE visitam RCGI &#8211; onde ficar\u00e1 a 1\u00aa esta\u00e7\u00e3o de hidrog\u00eanio renov\u00e1vel do mundo","datePublished":"2024-04-18T18:26:57+00:00","dateModified":"2024-04-18T19:40:12+00:00","mainEntityOfPage":{"@id":"https:\/\/www.institutodeengenharia.org.br\/site\/2024\/04\/18\/membros-do-ie-visitam-rcgi-onde-ficara-a-1a-estacao-de-hidrogenio-renovavel-do-mundo\/"},"wordCount":397,"commentCount":0,"publisher":{"@id":"https:\/\/www.institutodeengenharia.org.br\/site\/#organization"},"image":{"@id":"https:\/\/www.institutodeengenharia.org.br\/site\/2024\/04\/18\/membros-do-ie-visitam-rcgi-onde-ficara-a-1a-estacao-de-hidrogenio-renovavel-do-mundo\/#primaryimage"},"thumbnailUrl":"https:\/\/www.institutodeengenharia.org.br\/site\/wp-content\/uploads\/2024\/04\/DSC8775-scaled.jpg","articleSection":["Instituto de Engenharia","Not\u00edcias"],"inLanguage":"pt-BR","potentialAction":[{"@type":"CommentAction","name":"Comment","target":["https:\/\/www.institutodeengenharia.org.br\/site\/2024\/04\/18\/membros-do-ie-visitam-rcgi-onde-ficara-a-1a-estacao-de-hidrogenio-renovavel-do-mundo\/#respond"]}]},{"@type":"WebPage","@id":"https:\/\/www.institutodeengenharia.org.br\/site\/2024\/04\/18\/membros-do-ie-visitam-rcgi-onde-ficara-a-1a-estacao-de-hidrogenio-renovavel-do-mundo\/","url":"https:\/\/www.institutodeengenharia.org.br\/site\/2024\/04\/18\/membros-do-ie-visitam-rcgi-onde-ficara-a-1a-estacao-de-hidrogenio-renovavel-do-mundo\/","name":"Membros do IE visitam RCGI - onde ficar\u00e1 a 1\u00aa esta\u00e7\u00e3o de hidrog\u00eanio renov\u00e1vel do mundo - Instituto de Engenharia","isPartOf":{"@id":"https:\/\/www.institutodeengenharia.org.br\/site\/#website"},"primaryImageOfPage":{"@id":"https:\/\/www.institutodeengenharia.org.br\/site\/2024\/04\/18\/membros-do-ie-visitam-rcgi-onde-ficara-a-1a-estacao-de-hidrogenio-renovavel-do-mundo\/#primaryimage"},"image":{"@id":"https:\/\/www.institutodeengenharia.org.br\/site\/2024\/04\/18\/membros-do-ie-visitam-rcgi-onde-ficara-a-1a-estacao-de-hidrogenio-renovavel-do-mundo\/#primaryimage"},"thumbnailUrl":"https:\/\/www.institutodeengenharia.org.br\/site\/wp-content\/uploads\/2024\/04\/DSC8775-scaled.jpg","datePublished":"2024-04-18T18:26:57+00:00","dateModified":"2024-04-18T19:40:12+00:00","breadcrumb":{"@id":"https:\/\/www.institutodeengenharia.org.br\/site\/2024\/04\/18\/membros-do-ie-visitam-rcgi-onde-ficara-a-1a-estacao-de-hidrogenio-renovavel-do-mundo\/#breadcrumb"},"inLanguage":"pt-BR","potentialAction":[{"@type":"ReadAction","target":["https:\/\/www.institutodeengenharia.org.br\/site\/2024\/04\/18\/membros-do-ie-visitam-rcgi-onde-ficara-a-1a-estacao-de-hidrogenio-renovavel-do-mundo\/"]}]},{"@type":"ImageObject","inLanguage":"pt-BR","@id":"https:\/\/www.institutodeengenharia.org.br\/site\/2024\/04\/18\/membros-do-ie-visitam-rcgi-onde-ficara-a-1a-estacao-de-hidrogenio-renovavel-do-mundo\/#primaryimage","url":"https:\/\/www.institutodeengenharia.org.br\/site\/wp-content\/uploads\/2024\/04\/DSC8775-scaled.jpg","contentUrl":"https:\/\/www.institutodeengenharia.org.br\/site\/wp-content\/uploads\/2024\/04\/DSC8775-scaled.jpg","width":2560,"height":1709,"caption":"Em p\u00e9 d esq. p\/ dir.: Giovanni Floridia, autor Caderno Especial Hidrog\u00eanio Verde IE; Roberto Berkes, vice-diretor Operacional, conselheiro IE e autor; Constanzio Facci Ticeu, 2\u00ba diretor Financeiro IE; Rui Arruda Camargo, presidente Conselho Consultivo e diretor da Revista Engenharia IE; Jos\u00e9 Eduardo Jardim, presidente; Lawrence Koo, VP Rela\u00e7\u00f5es Externas IE; Elcio Niwa, 1\u00ba diretor Financeiro IE; Thiago Lopes, coordenador Projetos RCGI. Sentados: Dawany Dionisio, pesquisadora RCGI; Aurea Vendramin, vice-diretora Departamento de Desenvolvimento de Tecnologia, Industria, Energia e Telecomunica\u00e7\u00f5es, Conselheira IE e autora; Tatiana Louren\u00e7o Machado, diretora Operacional, conselheira IE e autora; Eny Uono Sanchez , 2\u00aa diretora secret\u00e1ria; Simone Cotrufo Fran\u00e7a, autora IE RCGI. Cr\u00e9ditos: RCGI | USP"},{"@type":"BreadcrumbList","@id":"https:\/\/www.institutodeengenharia.org.br\/site\/2024\/04\/18\/membros-do-ie-visitam-rcgi-onde-ficara-a-1a-estacao-de-hidrogenio-renovavel-do-mundo\/#breadcrumb","itemListElement":[{"@type":"ListItem","position":1,"name":"In\u00edcio","item":"https:\/\/www.institutodeengenharia.org.br\/site\/"},{"@type":"ListItem","position":2,"name":"Membros do IE visitam RCGI &#8211; onde ficar\u00e1 a 1\u00aa esta\u00e7\u00e3o de hidrog\u00eanio renov\u00e1vel do mundo"}]},{"@type":"WebSite","@id":"https:\/\/www.institutodeengenharia.org.br\/site\/#website","url":"https:\/\/www.institutodeengenharia.org.br\/site\/","name":"Instituto de Engenharia","description":"O Instituto de Engenharia promove a Engenharia em benef\u00edcio do desenvolvimento e da qualidade de vida da sociedade.","publisher":{"@id":"https:\/\/www.institutodeengenharia.org.br\/site\/#organization"},"potentialAction":[{"@type":"SearchAction","target":{"@type":"EntryPoint","urlTemplate":"https:\/\/www.institutodeengenharia.org.br\/site\/?s={search_term_string}"},"query-input":{"@type":"PropertyValueSpecification","valueRequired":true,"valueName":"search_term_string"}}],"inLanguage":"pt-BR"},{"@type":"Organization","@id":"https:\/\/www.institutodeengenharia.org.br\/site\/#organization","name":"Instituto de Engenharia","url":"https:\/\/www.institutodeengenharia.org.br\/site\/","logo":{"@type":"ImageObject","inLanguage":"pt-BR","@id":"https:\/\/www.institutodeengenharia.org.br\/site\/#\/schema\/logo\/image\/","url":"https:\/\/www.institutodeengenharia.org.br\/site\/wp-content\/uploads\/2019\/03\/logo-novo-IE2018-1.jpg","contentUrl":"https:\/\/www.institutodeengenharia.org.br\/site\/wp-content\/uploads\/2019\/03\/logo-novo-IE2018-1.jpg","width":1486,"height":1879,"caption":"Instituto de Engenharia"},"image":{"@id":"https:\/\/www.institutodeengenharia.org.br\/site\/#\/schema\/logo\/image\/"},"sameAs":["https:\/\/www.facebook.com\/institutodeengenharia","https:\/\/x.com\/iengenharia","https:\/\/www.instagram.com\/institutodeengenharia\/","https:\/\/www.linkedin.com\/company\/instituto-de-engenharia\/","https:\/\/www.youtube.com\/channel\/UCXiCAlsSMe977vamW915HxA"]},{"@type":"Person","@id":"https:\/\/www.institutodeengenharia.org.br\/site\/#\/schema\/person\/593dc356630173a4877a635d3e5fd76b","name":"Isabel","image":{"@type":"ImageObject","inLanguage":"pt-BR","@id":"https:\/\/secure.gravatar.com\/avatar\/f3c521db63ec9db17894f10a88c6a3cf95b2281d7f80eeb3cf3ef1cb091576e7?s=96&d=mm&r=g","url":"https:\/\/secure.gravatar.com\/avatar\/f3c521db63ec9db17894f10a88c6a3cf95b2281d7f80eeb3cf3ef1cb091576e7?s=96&d=mm&r=g","contentUrl":"https:\/\/secure.gravatar.com\/avatar\/f3c521db63ec9db17894f10a88c6a3cf95b2281d7f80eeb3cf3ef1cb091576e7?s=96&d=mm&r=g","caption":"Isabel"},"url":"https:\/\/www.institutodeengenharia.org.br\/site\/author\/comunicacao2\/"}]}},"_links":{"self":[{"href":"https:\/\/www.institutodeengenharia.org.br\/site\/wp-json\/wp\/v2\/posts\/119051","targetHints":{"allow":["GET"]}}],"collection":[{"href":"https:\/\/www.institutodeengenharia.org.br\/site\/wp-json\/wp\/v2\/posts"}],"about":[{"href":"https:\/\/www.institutodeengenharia.org.br\/site\/wp-json\/wp\/v2\/types\/post"}],"author":[{"embeddable":true,"href":"https:\/\/www.institutodeengenharia.org.br\/site\/wp-json\/wp\/v2\/users\/14"}],"replies":[{"embeddable":true,"href":"https:\/\/www.institutodeengenharia.org.br\/site\/wp-json\/wp\/v2\/comments?post=119051"}],"version-history":[{"count":13,"href":"https:\/\/www.institutodeengenharia.org.br\/site\/wp-json\/wp\/v2\/posts\/119051\/revisions"}],"predecessor-version":[{"id":119069,"href":"https:\/\/www.institutodeengenharia.org.br\/site\/wp-json\/wp\/v2\/posts\/119051\/revisions\/119069"}],"wp:featuredmedia":[{"embeddable":true,"href":"https:\/\/www.institutodeengenharia.org.br\/site\/wp-json\/wp\/v2\/media\/119052"}],"wp:attachment":[{"href":"https:\/\/www.institutodeengenharia.org.br\/site\/wp-json\/wp\/v2\/media?parent=119051"}],"wp:term":[{"taxonomy":"category","embeddable":true,"href":"https:\/\/www.institutodeengenharia.org.br\/site\/wp-json\/wp\/v2\/categories?post=119051"},{"taxonomy":"post_tag","embeddable":true,"href":"https:\/\/www.institutodeengenharia.org.br\/site\/wp-json\/wp\/v2\/tags?post=119051"}],"curies":[{"name":"wp","href":"https:\/\/api.w.org\/{rel}","templated":true}]}}