{"id":118603,"date":"2024-03-20T14:05:19","date_gmt":"2024-03-20T17:05:19","guid":{"rendered":"https:\/\/www.institutodeengenharia.org.br\/site\/?p=118603"},"modified":"2025-04-08T11:49:55","modified_gmt":"2025-04-08T14:49:55","slug":"veiculos-eletricos-os-desafios-atuais-e-futuros-da-engenharia-para-garantir-protecao-a-vida-e-ao-patrimonio","status":"publish","type":"post","link":"https:\/\/www.institutodeengenharia.org.br\/site\/2024\/03\/20\/veiculos-eletricos-os-desafios-atuais-e-futuros-da-engenharia-para-garantir-protecao-a-vida-e-ao-patrimonio\/","title":{"rendered":"Ve\u00edculos El\u00e9tricos: Os desafios atuais e futuros da Engenharia, para garantir prote\u00e7\u00e3o \u00e0 vida e ao patrim\u00f4nio"},"content":{"rendered":"<p><strong>Assista abaixo \u00e0 grava\u00e7\u00e3o do evento:\u00a0<\/strong><\/p>\n<div style=\"padding: 56.25% 0 0 0; position: relative;\"><iframe style=\"position: absolute; top: 0; left: 0; width: 100%; height: 100%;\" title=\"VE\u00cdCULOS EL\u00c9TRICOS: OS DESAFIOS ATUAIS E FUTUROS DA ENGENHARIA, PARA GARANTIR PROTE\u00c7\u00c3O \u00c0 VIDA E AO PATRIM\u00d4NIO\" src=\"https:\/\/player.vimeo.com\/video\/925074205?badge=0&amp;autopause=0&amp;player_id=0&amp;app_id=58479\" frameborder=\"0\"><\/iframe><\/div>\n<p>&nbsp;<\/p>\n<p><strong>+ Informa\u00e7\u00f5es:<\/strong><\/p>\n<p>Inc\u00eandios decorrentes de recarga de carros el\u00e9tricos em pr\u00e9dios com dissemina\u00e7\u00e3o de pontos de recarga em condi\u00e7\u00f5es desfavor\u00e1veis, urge a\u00e7\u00f5es variadas para minorar riscos, melhorar condi\u00e7\u00f5es de controle e combate, al\u00e9m de salvaguardar vidas.<\/p>\n<p><strong>P\u00fablico-alvo:\u00a0<\/strong><\/p>\n<p>Engenheiros, arquitetos, t\u00e9cnicos, estudantes e demais interessados.<\/p>\n<p style=\"text-align: center;\"><strong>Programa\u00e7\u00e3o:\u00a0<\/strong><\/p>\n<p><strong>8h30 \u00e0s 9h \u2013 Recep\u00e7\u00e3o<\/strong><\/p>\n<p><strong>9h \u2013<\/strong> <strong>Abertura do evento<\/strong><\/p>\n<p>Jos\u00e9 Eduardo Frasc\u00e1 Poyares Jardim \u2013 Presidente do Instituto de Engenharia<\/p>\n<p>Auro Doyle Sampaio &#8211; Presidente da Associa\u00e7\u00e3o Brasileira de Engenheiros Eletricistas de S\u00e3o Paulo (ABEE)<\/p>\n<p>Hassan Barakat \u2013 Presidente da Associa\u00e7\u00e3o Brasileira de Engenheiros Civis (ABENC)<\/p>\n<p><strong>9h30 \u00e0s 12h12 \u2013 Palestras\u00a0<\/strong><\/p>\n<p>Moderador: A confirmar<\/p>\n<p><em>Palestra 1: Impacto de inc\u00eandios envolvendo ve\u00edculos el\u00e9tricos<\/em><\/p>\n<p>Palestrante: Marcelo Valle da Silva &#8211; Diretor da MvalleTech Emerg\u00eancias Tecnol\u00f3gicas<\/p>\n<p><em>Palestra 2: Carros el\u00e9tricos, desafios de engenharia para garantir prote\u00e7\u00e3o \u00e0 vida e ao patrim\u00f4nio<\/em><\/p>\n<p>Palestrante: Carlos Cotta &#8211; Coordenador da Divis\u00e3o T\u00e9cnica de Engenharia de Inc\u00eandio do IE e CEO da Carlos Cotta Engenharia<\/p>\n<p><em>Palestra 3: Futuro da regulamenta\u00e7\u00e3o de seguran\u00e7a contra inc\u00eandio para esta\u00e7\u00f5es de recarregamento de ve\u00edculos el\u00e9tricos<\/em><\/p>\n<p>Palestrante: Ronaldo Ribeiro &#8211; Capit\u00e3o do Corpo de Bombeiros do Estado de S\u00e3o Paulo<\/p>\n<p><strong>12h12 \u00e0s 13h12 \u2013 Debate<\/strong><\/p>\n<p>Debatedores: Ant\u00f4nio Fernando Berto \u2013 Gerente T\u00e9cnico do Laborat\u00f3rio de Seguran\u00e7a ao Fogo do IPT<\/p>\n<p>Lauro Gomes Ladeia \u2013 Membro do Comit\u00ea de Tecnologia e Qualidade (CTQ) do SindusCon-SP<\/p>\n<p><strong>13h12 \u2013 Encerramento<\/strong><\/p>\n<p>Jos\u00e9 Eduardo Frasc\u00e1 Poyares Jardim \u2013 Presidente do Instituto de Engenharia<\/p>\n<p>Ivan Metran Whately &#8211; Vice-presidente de Atividades T\u00e9cnicas do IE<\/p>\n<p><strong>Realiza\u00e7\u00e3o:<\/strong><\/p>\n<p><img loading=\"lazy\" decoding=\"async\" class=\"alignnone wp-image-81229 alignleft\" src=\"https:\/\/www.institutodeengenharia.org.br\/site\/wp-content\/uploads\/2021\/05\/ie-logo-escudo.jpeg\" alt=\"\" width=\"94\" height=\"119\" srcset=\"https:\/\/www.institutodeengenharia.org.br\/site\/wp-content\/uploads\/2021\/05\/ie-logo-escudo.jpeg 1012w, https:\/\/www.institutodeengenharia.org.br\/site\/wp-content\/uploads\/2021\/05\/ie-logo-escudo-237x300.jpeg 237w, https:\/\/www.institutodeengenharia.org.br\/site\/wp-content\/uploads\/2021\/05\/ie-logo-escudo-810x1024.jpeg 810w, https:\/\/www.institutodeengenharia.org.br\/site\/wp-content\/uploads\/2021\/05\/ie-logo-escudo-768x971.jpeg 768w, https:\/\/www.institutodeengenharia.org.br\/site\/wp-content\/uploads\/2021\/05\/ie-logo-escudo-696x880.jpeg 696w, https:\/\/www.institutodeengenharia.org.br\/site\/wp-content\/uploads\/2021\/05\/ie-logo-escudo-332x420.jpeg 332w, https:\/\/www.institutodeengenharia.org.br\/site\/wp-content\/uploads\/2021\/05\/ie-logo-escudo-600x759.jpeg 600w\" sizes=\"auto, (max-width: 94px) 100vw, 94px\" \/><\/p>\n<p><strong>Eng. Ivan Metran Whately<\/strong> \u2013 Vice-presidente de Atividades T\u00e9cnicas<\/p>\n<p><strong>Eng.\u00aa D\u00e9bora Sanches de A. Marinello<\/strong> \u2013 Diretora do Departamento de Desenvolvimento de Gest\u00e3o e Objetivos<\/p>\n<p><strong>Eng. Carlos Cotta<\/strong> \u2013 Coordenador da Divis\u00e3o T\u00e9cnica de Engenharia de Inc\u00eandio<\/p>\n<p><strong>Arq\u00aa Maria da Penha Pereira Nobre<\/strong> \u2013 Diretora do Departamento de Desenvolvimento Urbano e Regional<\/p>\n<p><strong>Eng. Henrique Dias de Faria<\/strong> \u2013 Secret\u00e1rio da Divis\u00e3o T\u00e9cnica de Meio Ambiente e Sustentabilidade<\/p>\n<p><strong>Arq.\u00aa Milene Costa Facioli<\/strong> \u2013 Coordenadora da Divis\u00e3o T\u00e9cnica de Meio Ambiente e Sustentabilidade<\/p>\n<p><strong>Apoio Institucional:\u00a0<\/strong><\/p>\n<p><img loading=\"lazy\" decoding=\"async\" class=\" wp-image-117290\" src=\"https:\/\/www.institutodeengenharia.org.br\/site\/wp-content\/uploads\/2024\/02\/Design-sem-nome-2024-03-08T145506.189-1024x371.jpg\" alt=\"\" width=\"400\" height=\"145\" srcset=\"https:\/\/www.institutodeengenharia.org.br\/site\/wp-content\/uploads\/2024\/02\/Design-sem-nome-2024-03-08T145506.189-1024x371.jpg 1024w, https:\/\/www.institutodeengenharia.org.br\/site\/wp-content\/uploads\/2024\/02\/Design-sem-nome-2024-03-08T145506.189-300x109.jpg 300w, https:\/\/www.institutodeengenharia.org.br\/site\/wp-content\/uploads\/2024\/02\/Design-sem-nome-2024-03-08T145506.189-768x278.jpg 768w, https:\/\/www.institutodeengenharia.org.br\/site\/wp-content\/uploads\/2024\/02\/Design-sem-nome-2024-03-08T145506.189-696x252.jpg 696w, https:\/\/www.institutodeengenharia.org.br\/site\/wp-content\/uploads\/2024\/02\/Design-sem-nome-2024-03-08T145506.189-1068x387.jpg 1068w, https:\/\/www.institutodeengenharia.org.br\/site\/wp-content\/uploads\/2024\/02\/Design-sem-nome-2024-03-08T145506.189-1160x420.jpg 1160w, https:\/\/www.institutodeengenharia.org.br\/site\/wp-content\/uploads\/2024\/02\/Design-sem-nome-2024-03-08T145506.189-600x217.jpg 600w, https:\/\/www.institutodeengenharia.org.br\/site\/wp-content\/uploads\/2024\/02\/Design-sem-nome-2024-03-08T145506.189.jpg 1317w\" sizes=\"auto, (max-width: 400px) 100vw, 400px\" \/><\/p>\n<p><strong>Apoio \u00e0 forma\u00e7\u00e3o:\u00a0<\/strong><\/p>\n<p>Espa\u00e7o aberto ao CREA-SP, objetivando o aperfei\u00e7oamento dos profissionais e o aprimoramento da fiscaliza\u00e7\u00e3o das \u00e1reas abrangidas pelo Sistema Confea\/CREAs, al\u00e9m de promover a conscientiza\u00e7\u00e3o da sociedade quanto \u00e0 necessidade e obrigatoriedade de contratar um profissional devidamente habilitado.<\/p>\n<p>&nbsp;<\/p>\n","protected":false},"excerpt":{"rendered":"<p>Assista abaixo \u00e0 grava\u00e7\u00e3o do evento:\u00a0 &nbsp; + Informa\u00e7\u00f5es: Inc\u00eandios decorrentes de recarga de carros el\u00e9tricos em pr\u00e9dios com dissemina\u00e7\u00e3o de pontos de recarga em condi\u00e7\u00f5es desfavor\u00e1veis, urge a\u00e7\u00f5es variadas para minorar riscos, melhorar condi\u00e7\u00f5es de controle e combate, al\u00e9m de salvaguardar vidas. P\u00fablico-alvo:\u00a0 Engenheiros, arquitetos, t\u00e9cnicos, estudantes e demais interessados. Programa\u00e7\u00e3o:\u00a0 8h30 \u00e0s 9h [&hellip;]<\/p>\n","protected":false},"author":13,"featured_media":116845,"comment_status":"open","ping_status":"open","sticky":false,"template":"","format":"video","meta":{"footnotes":""},"categories":[968,969],"tags":[1176],"class_list":{"0":"post-118603","1":"post","2":"type-post","3":"status-publish","4":"format-video","5":"has-post-thumbnail","7":"category-nova-tv-engenharia","8":"category-palestra","9":"tag-video-home","10":"post_format-post-format-video"},"yoast_head":"<!-- This site is optimized with the Yoast SEO plugin v27.2 - https:\/\/yoast.com\/product\/yoast-seo-wordpress\/ -->\n<title>Ve\u00edculos El\u00e9tricos: Os desafios atuais e futuros da Engenharia, para garantir prote\u00e7\u00e3o \u00e0 vida e ao patrim\u00f4nio - Instituto de Engenharia<\/title>\n<meta name=\"robots\" content=\"index, follow, max-snippet:-1, max-image-preview:large, max-video-preview:-1\" \/>\n<link rel=\"canonical\" href=\"https:\/\/www.institutodeengenharia.org.br\/site\/2024\/03\/20\/veiculos-eletricos-os-desafios-atuais-e-futuros-da-engenharia-para-garantir-protecao-a-vida-e-ao-patrimonio\/\" \/>\n<meta property=\"og:locale\" content=\"pt_BR\" \/>\n<meta property=\"og:type\" content=\"article\" \/>\n<meta property=\"og:title\" content=\"Ve\u00edculos El\u00e9tricos: Os desafios atuais e futuros da Engenharia, para garantir prote\u00e7\u00e3o \u00e0 vida e ao patrim\u00f4nio - Instituto de Engenharia\" \/>\n<meta property=\"og:description\" content=\"Assista abaixo \u00e0 grava\u00e7\u00e3o do evento:\u00a0 &nbsp; + Informa\u00e7\u00f5es: Inc\u00eandios decorrentes de recarga de carros el\u00e9tricos em pr\u00e9dios com dissemina\u00e7\u00e3o de pontos de recarga em condi\u00e7\u00f5es desfavor\u00e1veis, urge a\u00e7\u00f5es variadas para minorar riscos, melhorar condi\u00e7\u00f5es de controle e combate, al\u00e9m de salvaguardar vidas. P\u00fablico-alvo:\u00a0 Engenheiros, arquitetos, t\u00e9cnicos, estudantes e demais interessados. Programa\u00e7\u00e3o:\u00a0 8h30 \u00e0s 9h [&hellip;]\" \/>\n<meta property=\"og:url\" content=\"https:\/\/www.institutodeengenharia.org.br\/site\/2024\/03\/20\/veiculos-eletricos-os-desafios-atuais-e-futuros-da-engenharia-para-garantir-protecao-a-vida-e-ao-patrimonio\/\" \/>\n<meta property=\"og:site_name\" content=\"Instituto de Engenharia\" \/>\n<meta property=\"article:publisher\" content=\"https:\/\/www.facebook.com\/institutodeengenharia\" \/>\n<meta property=\"article:published_time\" content=\"2024-03-20T17:05:19+00:00\" \/>\n<meta property=\"article:modified_time\" content=\"2025-04-08T14:49:55+00:00\" \/>\n<meta property=\"og:image\" content=\"https:\/\/www.institutodeengenharia.org.br\/site\/wp-content\/uploads\/2024\/02\/ima1.jpg\" \/>\n\t<meta property=\"og:image:width\" content=\"936\" \/>\n\t<meta property=\"og:image:height\" content=\"526\" \/>\n\t<meta property=\"og:image:type\" content=\"image\/jpeg\" \/>\n<meta name=\"author\" content=\"Bianca\" \/>\n<meta name=\"twitter:card\" content=\"summary_large_image\" \/>\n<meta name=\"twitter:creator\" content=\"@iengenharia\" \/>\n<meta name=\"twitter:site\" content=\"@iengenharia\" \/>\n<meta name=\"twitter:label1\" content=\"Escrito por\" \/>\n\t<meta name=\"twitter:data1\" content=\"Bianca\" \/>\n\t<meta name=\"twitter:label2\" content=\"Est. tempo de leitura\" \/>\n\t<meta name=\"twitter:data2\" content=\"3 minutos\" \/>\n<script type=\"application\/ld+json\" class=\"yoast-schema-graph\">{\"@context\":\"https:\/\/schema.org\",\"@graph\":[{\"@type\":\"Article\",\"@id\":\"https:\/\/www.institutodeengenharia.org.br\/site\/2024\/03\/20\/veiculos-eletricos-os-desafios-atuais-e-futuros-da-engenharia-para-garantir-protecao-a-vida-e-ao-patrimonio\/#article\",\"isPartOf\":{\"@id\":\"https:\/\/www.institutodeengenharia.org.br\/site\/2024\/03\/20\/veiculos-eletricos-os-desafios-atuais-e-futuros-da-engenharia-para-garantir-protecao-a-vida-e-ao-patrimonio\/\"},\"author\":{\"name\":\"Bianca\",\"@id\":\"https:\/\/www.institutodeengenharia.org.br\/site\/#\/schema\/person\/aeb64951c405e100d26d30b033dd423f\"},\"headline\":\"Ve\u00edculos El\u00e9tricos: Os desafios atuais e futuros da Engenharia, para garantir prote\u00e7\u00e3o \u00e0 vida e ao patrim\u00f4nio\",\"datePublished\":\"2024-03-20T17:05:19+00:00\",\"dateModified\":\"2025-04-08T14:49:55+00:00\",\"mainEntityOfPage\":{\"@id\":\"https:\/\/www.institutodeengenharia.org.br\/site\/2024\/03\/20\/veiculos-eletricos-os-desafios-atuais-e-futuros-da-engenharia-para-garantir-protecao-a-vida-e-ao-patrimonio\/\"},\"wordCount\":432,\"commentCount\":0,\"publisher\":{\"@id\":\"https:\/\/www.institutodeengenharia.org.br\/site\/#organization\"},\"image\":{\"@id\":\"https:\/\/www.institutodeengenharia.org.br\/site\/2024\/03\/20\/veiculos-eletricos-os-desafios-atuais-e-futuros-da-engenharia-para-garantir-protecao-a-vida-e-ao-patrimonio\/#primaryimage\"},\"thumbnailUrl\":\"https:\/\/www.institutodeengenharia.org.br\/site\/wp-content\/uploads\/2024\/02\/ima1.jpg\",\"keywords\":[\"video-home\"],\"articleSection\":[\"Nova TV Engenharia\",\"Palestra\"],\"inLanguage\":\"pt-BR\",\"potentialAction\":[{\"@type\":\"CommentAction\",\"name\":\"Comment\",\"target\":[\"https:\/\/www.institutodeengenharia.org.br\/site\/2024\/03\/20\/veiculos-eletricos-os-desafios-atuais-e-futuros-da-engenharia-para-garantir-protecao-a-vida-e-ao-patrimonio\/#respond\"]}]},{\"@type\":\"WebPage\",\"@id\":\"https:\/\/www.institutodeengenharia.org.br\/site\/2024\/03\/20\/veiculos-eletricos-os-desafios-atuais-e-futuros-da-engenharia-para-garantir-protecao-a-vida-e-ao-patrimonio\/\",\"url\":\"https:\/\/www.institutodeengenharia.org.br\/site\/2024\/03\/20\/veiculos-eletricos-os-desafios-atuais-e-futuros-da-engenharia-para-garantir-protecao-a-vida-e-ao-patrimonio\/\",\"name\":\"Ve\u00edculos El\u00e9tricos: Os desafios atuais e futuros da Engenharia, para garantir prote\u00e7\u00e3o \u00e0 vida e ao patrim\u00f4nio - Instituto de Engenharia\",\"isPartOf\":{\"@id\":\"https:\/\/www.institutodeengenharia.org.br\/site\/#website\"},\"primaryImageOfPage\":{\"@id\":\"https:\/\/www.institutodeengenharia.org.br\/site\/2024\/03\/20\/veiculos-eletricos-os-desafios-atuais-e-futuros-da-engenharia-para-garantir-protecao-a-vida-e-ao-patrimonio\/#primaryimage\"},\"image\":{\"@id\":\"https:\/\/www.institutodeengenharia.org.br\/site\/2024\/03\/20\/veiculos-eletricos-os-desafios-atuais-e-futuros-da-engenharia-para-garantir-protecao-a-vida-e-ao-patrimonio\/#primaryimage\"},\"thumbnailUrl\":\"https:\/\/www.institutodeengenharia.org.br\/site\/wp-content\/uploads\/2024\/02\/ima1.jpg\",\"datePublished\":\"2024-03-20T17:05:19+00:00\",\"dateModified\":\"2025-04-08T14:49:55+00:00\",\"breadcrumb\":{\"@id\":\"https:\/\/www.institutodeengenharia.org.br\/site\/2024\/03\/20\/veiculos-eletricos-os-desafios-atuais-e-futuros-da-engenharia-para-garantir-protecao-a-vida-e-ao-patrimonio\/#breadcrumb\"},\"inLanguage\":\"pt-BR\",\"potentialAction\":[{\"@type\":\"ReadAction\",\"target\":[\"https:\/\/www.institutodeengenharia.org.br\/site\/2024\/03\/20\/veiculos-eletricos-os-desafios-atuais-e-futuros-da-engenharia-para-garantir-protecao-a-vida-e-ao-patrimonio\/\"]}]},{\"@type\":\"ImageObject\",\"inLanguage\":\"pt-BR\",\"@id\":\"https:\/\/www.institutodeengenharia.org.br\/site\/2024\/03\/20\/veiculos-eletricos-os-desafios-atuais-e-futuros-da-engenharia-para-garantir-protecao-a-vida-e-ao-patrimonio\/#primaryimage\",\"url\":\"https:\/\/www.institutodeengenharia.org.br\/site\/wp-content\/uploads\/2024\/02\/ima1.jpg\",\"contentUrl\":\"https:\/\/www.institutodeengenharia.org.br\/site\/wp-content\/uploads\/2024\/02\/ima1.jpg\",\"width\":936,\"height\":526},{\"@type\":\"BreadcrumbList\",\"@id\":\"https:\/\/www.institutodeengenharia.org.br\/site\/2024\/03\/20\/veiculos-eletricos-os-desafios-atuais-e-futuros-da-engenharia-para-garantir-protecao-a-vida-e-ao-patrimonio\/#breadcrumb\",\"itemListElement\":[{\"@type\":\"ListItem\",\"position\":1,\"name\":\"In\u00edcio\",\"item\":\"https:\/\/www.institutodeengenharia.org.br\/site\/\"},{\"@type\":\"ListItem\",\"position\":2,\"name\":\"Ve\u00edculos El\u00e9tricos: Os desafios atuais e futuros da Engenharia, para garantir prote\u00e7\u00e3o \u00e0 vida e ao patrim\u00f4nio\"}]},{\"@type\":\"WebSite\",\"@id\":\"https:\/\/www.institutodeengenharia.org.br\/site\/#website\",\"url\":\"https:\/\/www.institutodeengenharia.org.br\/site\/\",\"name\":\"Instituto de Engenharia\",\"description\":\"O Instituto de Engenharia promove a Engenharia em benef\u00edcio do desenvolvimento e da qualidade de vida da sociedade.\",\"publisher\":{\"@id\":\"https:\/\/www.institutodeengenharia.org.br\/site\/#organization\"},\"potentialAction\":[{\"@type\":\"SearchAction\",\"target\":{\"@type\":\"EntryPoint\",\"urlTemplate\":\"https:\/\/www.institutodeengenharia.org.br\/site\/?s={search_term_string}\"},\"query-input\":{\"@type\":\"PropertyValueSpecification\",\"valueRequired\":true,\"valueName\":\"search_term_string\"}}],\"inLanguage\":\"pt-BR\"},{\"@type\":\"Organization\",\"@id\":\"https:\/\/www.institutodeengenharia.org.br\/site\/#organization\",\"name\":\"Instituto de Engenharia\",\"url\":\"https:\/\/www.institutodeengenharia.org.br\/site\/\",\"logo\":{\"@type\":\"ImageObject\",\"inLanguage\":\"pt-BR\",\"@id\":\"https:\/\/www.institutodeengenharia.org.br\/site\/#\/schema\/logo\/image\/\",\"url\":\"https:\/\/www.institutodeengenharia.org.br\/site\/wp-content\/uploads\/2019\/03\/logo-novo-IE2018-1.jpg\",\"contentUrl\":\"https:\/\/www.institutodeengenharia.org.br\/site\/wp-content\/uploads\/2019\/03\/logo-novo-IE2018-1.jpg\",\"width\":1486,\"height\":1879,\"caption\":\"Instituto de Engenharia\"},\"image\":{\"@id\":\"https:\/\/www.institutodeengenharia.org.br\/site\/#\/schema\/logo\/image\/\"},\"sameAs\":[\"https:\/\/www.facebook.com\/institutodeengenharia\",\"https:\/\/x.com\/iengenharia\",\"https:\/\/www.instagram.com\/institutodeengenharia\/\",\"https:\/\/www.linkedin.com\/company\/instituto-de-engenharia\/\",\"https:\/\/www.youtube.com\/channel\/UCXiCAlsSMe977vamW915HxA\"]},{\"@type\":\"Person\",\"@id\":\"https:\/\/www.institutodeengenharia.org.br\/site\/#\/schema\/person\/aeb64951c405e100d26d30b033dd423f\",\"name\":\"Bianca\",\"image\":{\"@type\":\"ImageObject\",\"inLanguage\":\"pt-BR\",\"@id\":\"https:\/\/secure.gravatar.com\/avatar\/a6fbe9bff57405baf4c1e2c5c1811e072b558253974a9f9508f4678900c97c2a?s=96&d=mm&r=g\",\"url\":\"https:\/\/secure.gravatar.com\/avatar\/a6fbe9bff57405baf4c1e2c5c1811e072b558253974a9f9508f4678900c97c2a?s=96&d=mm&r=g\",\"contentUrl\":\"https:\/\/secure.gravatar.com\/avatar\/a6fbe9bff57405baf4c1e2c5c1811e072b558253974a9f9508f4678900c97c2a?s=96&d=mm&r=g\",\"caption\":\"Bianca\"},\"url\":\"https:\/\/www.institutodeengenharia.org.br\/site\/author\/comunicacao1\/\"}]}<\/script>\n<!-- \/ Yoast SEO plugin. -->","yoast_head_json":{"title":"Ve\u00edculos El\u00e9tricos: Os desafios atuais e futuros da Engenharia, para garantir prote\u00e7\u00e3o \u00e0 vida e ao patrim\u00f4nio - Instituto de Engenharia","robots":{"index":"index","follow":"follow","max-snippet":"max-snippet:-1","max-image-preview":"max-image-preview:large","max-video-preview":"max-video-preview:-1"},"canonical":"https:\/\/www.institutodeengenharia.org.br\/site\/2024\/03\/20\/veiculos-eletricos-os-desafios-atuais-e-futuros-da-engenharia-para-garantir-protecao-a-vida-e-ao-patrimonio\/","og_locale":"pt_BR","og_type":"article","og_title":"Ve\u00edculos El\u00e9tricos: Os desafios atuais e futuros da Engenharia, para garantir prote\u00e7\u00e3o \u00e0 vida e ao patrim\u00f4nio - Instituto de Engenharia","og_description":"Assista abaixo \u00e0 grava\u00e7\u00e3o do evento:\u00a0 &nbsp; + Informa\u00e7\u00f5es: Inc\u00eandios decorrentes de recarga de carros el\u00e9tricos em pr\u00e9dios com dissemina\u00e7\u00e3o de pontos de recarga em condi\u00e7\u00f5es desfavor\u00e1veis, urge a\u00e7\u00f5es variadas para minorar riscos, melhorar condi\u00e7\u00f5es de controle e combate, al\u00e9m de salvaguardar vidas. P\u00fablico-alvo:\u00a0 Engenheiros, arquitetos, t\u00e9cnicos, estudantes e demais interessados. Programa\u00e7\u00e3o:\u00a0 8h30 \u00e0s 9h [&hellip;]","og_url":"https:\/\/www.institutodeengenharia.org.br\/site\/2024\/03\/20\/veiculos-eletricos-os-desafios-atuais-e-futuros-da-engenharia-para-garantir-protecao-a-vida-e-ao-patrimonio\/","og_site_name":"Instituto de Engenharia","article_publisher":"https:\/\/www.facebook.com\/institutodeengenharia","article_published_time":"2024-03-20T17:05:19+00:00","article_modified_time":"2025-04-08T14:49:55+00:00","og_image":[{"width":936,"height":526,"url":"https:\/\/www.institutodeengenharia.org.br\/site\/wp-content\/uploads\/2024\/02\/ima1.jpg","type":"image\/jpeg"}],"author":"Bianca","twitter_card":"summary_large_image","twitter_creator":"@iengenharia","twitter_site":"@iengenharia","twitter_misc":{"Escrito por":"Bianca","Est. tempo de leitura":"3 minutos"},"schema":{"@context":"https:\/\/schema.org","@graph":[{"@type":"Article","@id":"https:\/\/www.institutodeengenharia.org.br\/site\/2024\/03\/20\/veiculos-eletricos-os-desafios-atuais-e-futuros-da-engenharia-para-garantir-protecao-a-vida-e-ao-patrimonio\/#article","isPartOf":{"@id":"https:\/\/www.institutodeengenharia.org.br\/site\/2024\/03\/20\/veiculos-eletricos-os-desafios-atuais-e-futuros-da-engenharia-para-garantir-protecao-a-vida-e-ao-patrimonio\/"},"author":{"name":"Bianca","@id":"https:\/\/www.institutodeengenharia.org.br\/site\/#\/schema\/person\/aeb64951c405e100d26d30b033dd423f"},"headline":"Ve\u00edculos El\u00e9tricos: Os desafios atuais e futuros da Engenharia, para garantir prote\u00e7\u00e3o \u00e0 vida e ao patrim\u00f4nio","datePublished":"2024-03-20T17:05:19+00:00","dateModified":"2025-04-08T14:49:55+00:00","mainEntityOfPage":{"@id":"https:\/\/www.institutodeengenharia.org.br\/site\/2024\/03\/20\/veiculos-eletricos-os-desafios-atuais-e-futuros-da-engenharia-para-garantir-protecao-a-vida-e-ao-patrimonio\/"},"wordCount":432,"commentCount":0,"publisher":{"@id":"https:\/\/www.institutodeengenharia.org.br\/site\/#organization"},"image":{"@id":"https:\/\/www.institutodeengenharia.org.br\/site\/2024\/03\/20\/veiculos-eletricos-os-desafios-atuais-e-futuros-da-engenharia-para-garantir-protecao-a-vida-e-ao-patrimonio\/#primaryimage"},"thumbnailUrl":"https:\/\/www.institutodeengenharia.org.br\/site\/wp-content\/uploads\/2024\/02\/ima1.jpg","keywords":["video-home"],"articleSection":["Nova TV Engenharia","Palestra"],"inLanguage":"pt-BR","potentialAction":[{"@type":"CommentAction","name":"Comment","target":["https:\/\/www.institutodeengenharia.org.br\/site\/2024\/03\/20\/veiculos-eletricos-os-desafios-atuais-e-futuros-da-engenharia-para-garantir-protecao-a-vida-e-ao-patrimonio\/#respond"]}]},{"@type":"WebPage","@id":"https:\/\/www.institutodeengenharia.org.br\/site\/2024\/03\/20\/veiculos-eletricos-os-desafios-atuais-e-futuros-da-engenharia-para-garantir-protecao-a-vida-e-ao-patrimonio\/","url":"https:\/\/www.institutodeengenharia.org.br\/site\/2024\/03\/20\/veiculos-eletricos-os-desafios-atuais-e-futuros-da-engenharia-para-garantir-protecao-a-vida-e-ao-patrimonio\/","name":"Ve\u00edculos El\u00e9tricos: Os desafios atuais e futuros da Engenharia, para garantir prote\u00e7\u00e3o \u00e0 vida e ao patrim\u00f4nio - Instituto de Engenharia","isPartOf":{"@id":"https:\/\/www.institutodeengenharia.org.br\/site\/#website"},"primaryImageOfPage":{"@id":"https:\/\/www.institutodeengenharia.org.br\/site\/2024\/03\/20\/veiculos-eletricos-os-desafios-atuais-e-futuros-da-engenharia-para-garantir-protecao-a-vida-e-ao-patrimonio\/#primaryimage"},"image":{"@id":"https:\/\/www.institutodeengenharia.org.br\/site\/2024\/03\/20\/veiculos-eletricos-os-desafios-atuais-e-futuros-da-engenharia-para-garantir-protecao-a-vida-e-ao-patrimonio\/#primaryimage"},"thumbnailUrl":"https:\/\/www.institutodeengenharia.org.br\/site\/wp-content\/uploads\/2024\/02\/ima1.jpg","datePublished":"2024-03-20T17:05:19+00:00","dateModified":"2025-04-08T14:49:55+00:00","breadcrumb":{"@id":"https:\/\/www.institutodeengenharia.org.br\/site\/2024\/03\/20\/veiculos-eletricos-os-desafios-atuais-e-futuros-da-engenharia-para-garantir-protecao-a-vida-e-ao-patrimonio\/#breadcrumb"},"inLanguage":"pt-BR","potentialAction":[{"@type":"ReadAction","target":["https:\/\/www.institutodeengenharia.org.br\/site\/2024\/03\/20\/veiculos-eletricos-os-desafios-atuais-e-futuros-da-engenharia-para-garantir-protecao-a-vida-e-ao-patrimonio\/"]}]},{"@type":"ImageObject","inLanguage":"pt-BR","@id":"https:\/\/www.institutodeengenharia.org.br\/site\/2024\/03\/20\/veiculos-eletricos-os-desafios-atuais-e-futuros-da-engenharia-para-garantir-protecao-a-vida-e-ao-patrimonio\/#primaryimage","url":"https:\/\/www.institutodeengenharia.org.br\/site\/wp-content\/uploads\/2024\/02\/ima1.jpg","contentUrl":"https:\/\/www.institutodeengenharia.org.br\/site\/wp-content\/uploads\/2024\/02\/ima1.jpg","width":936,"height":526},{"@type":"BreadcrumbList","@id":"https:\/\/www.institutodeengenharia.org.br\/site\/2024\/03\/20\/veiculos-eletricos-os-desafios-atuais-e-futuros-da-engenharia-para-garantir-protecao-a-vida-e-ao-patrimonio\/#breadcrumb","itemListElement":[{"@type":"ListItem","position":1,"name":"In\u00edcio","item":"https:\/\/www.institutodeengenharia.org.br\/site\/"},{"@type":"ListItem","position":2,"name":"Ve\u00edculos El\u00e9tricos: Os desafios atuais e futuros da Engenharia, para garantir prote\u00e7\u00e3o \u00e0 vida e ao patrim\u00f4nio"}]},{"@type":"WebSite","@id":"https:\/\/www.institutodeengenharia.org.br\/site\/#website","url":"https:\/\/www.institutodeengenharia.org.br\/site\/","name":"Instituto de Engenharia","description":"O Instituto de Engenharia promove a Engenharia em benef\u00edcio do desenvolvimento e da qualidade de vida da sociedade.","publisher":{"@id":"https:\/\/www.institutodeengenharia.org.br\/site\/#organization"},"potentialAction":[{"@type":"SearchAction","target":{"@type":"EntryPoint","urlTemplate":"https:\/\/www.institutodeengenharia.org.br\/site\/?s={search_term_string}"},"query-input":{"@type":"PropertyValueSpecification","valueRequired":true,"valueName":"search_term_string"}}],"inLanguage":"pt-BR"},{"@type":"Organization","@id":"https:\/\/www.institutodeengenharia.org.br\/site\/#organization","name":"Instituto de Engenharia","url":"https:\/\/www.institutodeengenharia.org.br\/site\/","logo":{"@type":"ImageObject","inLanguage":"pt-BR","@id":"https:\/\/www.institutodeengenharia.org.br\/site\/#\/schema\/logo\/image\/","url":"https:\/\/www.institutodeengenharia.org.br\/site\/wp-content\/uploads\/2019\/03\/logo-novo-IE2018-1.jpg","contentUrl":"https:\/\/www.institutodeengenharia.org.br\/site\/wp-content\/uploads\/2019\/03\/logo-novo-IE2018-1.jpg","width":1486,"height":1879,"caption":"Instituto de Engenharia"},"image":{"@id":"https:\/\/www.institutodeengenharia.org.br\/site\/#\/schema\/logo\/image\/"},"sameAs":["https:\/\/www.facebook.com\/institutodeengenharia","https:\/\/x.com\/iengenharia","https:\/\/www.instagram.com\/institutodeengenharia\/","https:\/\/www.linkedin.com\/company\/instituto-de-engenharia\/","https:\/\/www.youtube.com\/channel\/UCXiCAlsSMe977vamW915HxA"]},{"@type":"Person","@id":"https:\/\/www.institutodeengenharia.org.br\/site\/#\/schema\/person\/aeb64951c405e100d26d30b033dd423f","name":"Bianca","image":{"@type":"ImageObject","inLanguage":"pt-BR","@id":"https:\/\/secure.gravatar.com\/avatar\/a6fbe9bff57405baf4c1e2c5c1811e072b558253974a9f9508f4678900c97c2a?s=96&d=mm&r=g","url":"https:\/\/secure.gravatar.com\/avatar\/a6fbe9bff57405baf4c1e2c5c1811e072b558253974a9f9508f4678900c97c2a?s=96&d=mm&r=g","contentUrl":"https:\/\/secure.gravatar.com\/avatar\/a6fbe9bff57405baf4c1e2c5c1811e072b558253974a9f9508f4678900c97c2a?s=96&d=mm&r=g","caption":"Bianca"},"url":"https:\/\/www.institutodeengenharia.org.br\/site\/author\/comunicacao1\/"}]}},"_links":{"self":[{"href":"https:\/\/www.institutodeengenharia.org.br\/site\/wp-json\/wp\/v2\/posts\/118603","targetHints":{"allow":["GET"]}}],"collection":[{"href":"https:\/\/www.institutodeengenharia.org.br\/site\/wp-json\/wp\/v2\/posts"}],"about":[{"href":"https:\/\/www.institutodeengenharia.org.br\/site\/wp-json\/wp\/v2\/types\/post"}],"author":[{"embeddable":true,"href":"https:\/\/www.institutodeengenharia.org.br\/site\/wp-json\/wp\/v2\/users\/13"}],"replies":[{"embeddable":true,"href":"https:\/\/www.institutodeengenharia.org.br\/site\/wp-json\/wp\/v2\/comments?post=118603"}],"version-history":[{"count":1,"href":"https:\/\/www.institutodeengenharia.org.br\/site\/wp-json\/wp\/v2\/posts\/118603\/revisions"}],"predecessor-version":[{"id":118604,"href":"https:\/\/www.institutodeengenharia.org.br\/site\/wp-json\/wp\/v2\/posts\/118603\/revisions\/118604"}],"wp:featuredmedia":[{"embeddable":true,"href":"https:\/\/www.institutodeengenharia.org.br\/site\/wp-json\/wp\/v2\/media\/116845"}],"wp:attachment":[{"href":"https:\/\/www.institutodeengenharia.org.br\/site\/wp-json\/wp\/v2\/media?parent=118603"}],"wp:term":[{"taxonomy":"category","embeddable":true,"href":"https:\/\/www.institutodeengenharia.org.br\/site\/wp-json\/wp\/v2\/categories?post=118603"},{"taxonomy":"post_tag","embeddable":true,"href":"https:\/\/www.institutodeengenharia.org.br\/site\/wp-json\/wp\/v2\/tags?post=118603"}],"curies":[{"name":"wp","href":"https:\/\/api.w.org\/{rel}","templated":true}]}}