{"id":118252,"date":"2024-04-01T10:37:13","date_gmt":"2024-04-01T13:37:13","guid":{"rendered":"https:\/\/www.institutodeengenharia.org.br\/site\/?p=118252"},"modified":"2024-04-02T16:52:14","modified_gmt":"2024-04-02T19:52:14","slug":"por-jose-eduardo-cavalcanti-serie-sabesp-consideracoes-sobre-o-indice-de-tratamento-de-esgotos-no-municipio-de-sao-paulo","status":"publish","type":"post","link":"https:\/\/www.institutodeengenharia.org.br\/site\/2024\/04\/01\/por-jose-eduardo-cavalcanti-serie-sabesp-consideracoes-sobre-o-indice-de-tratamento-de-esgotos-no-municipio-de-sao-paulo\/","title":{"rendered":"Por Jos\u00e9 Eduardo Cavalcanti \u2013 S\u00e9rie SABESP: Considera\u00e7\u00f5es sobre o \u00edndice de tratamento de esgotos no munic\u00edpio de S\u00e3o Paulo"},"content":{"rendered":"<p>Este texto, e os demais que se seguir\u00e3o, foi produzido com base nas informa\u00e7\u00f5es de cunho t\u00e9cnico da SABESP contidas nos Termos de Refer\u00eancia dos editais lan\u00e7ados recentemente pela Companhia visando a contrata\u00e7\u00e3o integrada para amplia\u00e7\u00e3o para o ano de 2027 das ETEs Barueri, Parque Novo Mundo (PNM) e S\u00e3o Miguel Paulista, integrantes do Programa de Despolui\u00e7\u00e3o do Rio Tiet\u00ea \u2013 ETAPA IV (INTEGRA TIET\u00ca).<\/p>\n<p>Registre-se que n\u00e3o \u00e9 feitio da SABESP disponibilizar dados t\u00e9cnicos operacionais relativos \u00e0s suas depuradoras, raz\u00e3o pela qual n\u00e3o s\u00e3o comuns artigos t\u00e9cnicos referentes \u00e0 opera\u00e7\u00e3o destas ETEs, nem mesmo os produzidos pela pr\u00f3pria SABESP.<\/p>\n<p>O presente artigo se at\u00e9m \u00e0 performance de tratamento das ETEs Barueri e Parque Novo Mundo (PNM), uma vez que o Edital correspondente a ETE do Parque Novo Mundo n\u00e3o disponibilizou dados referentes a DBO do efluente tratado limitando-se apenas a dados do esgoto bruto.<\/p>\n<p style=\"text-align: center;\"><a href=\"https:\/\/www.institutodeengenharia.org.br\/site\/wp-content\/uploads\/2024\/04\/SABESP-INSTITUTO-BARUERI-ARTIGO1.pdf\">CLIQUE AQUI PARA LER O ARTIGO COMPLETO<\/a><\/p>\n<p>________________________________________________________________________<\/p>\n<p><img loading=\"lazy\" decoding=\"async\" class=\"wp-image-31353 alignleft td-animation-stack-type0-2\" src=\"https:\/\/www.institutodeengenharia.org.br\/site\/wp-content\/uploads\/2018\/02\/cavalcanti-alta2-e1547225067645.jpg\" sizes=\"auto, (max-width: 169px) 100vw, 169px\" srcset=\"https:\/\/www.institutodeengenharia.org.br\/site\/wp-content\/uploads\/2018\/02\/cavalcanti-alta2-e1547225067645.jpg 606w, https:\/\/www.institutodeengenharia.org.br\/site\/wp-content\/uploads\/2018\/02\/cavalcanti-alta2-e1547225067645-150x150.jpg 150w, https:\/\/www.institutodeengenharia.org.br\/site\/wp-content\/uploads\/2018\/02\/cavalcanti-alta2-e1547225067645-298x300.jpg 298w, https:\/\/www.institutodeengenharia.org.br\/site\/wp-content\/uploads\/2018\/02\/cavalcanti-alta2-e1547225067645-417x420.jpg 417w\" alt=\"\" width=\"169\" height=\"170\" \/><\/p>\n<p>Jos\u00e9 Eduardo Cavalcanti \u00e9 engenheiro consultor, diretor do Departamento de Engenharia da Ambiental do Brasil, diretor da Divis\u00e3o de Saneamento do Deinfra \u2013 Departamento de Infraestrutura da Federa\u00e7\u00e3o das Ind\u00fastrias do Estado de S\u00e3o Paulo (Fiesp), conselheiro do Instituto de Engenharia, e membro da Comiss\u00e3o Editorial da Revista Engenharia. E-mail:\u00a0<a href=\"mailto:cavalcanti@ambientaldobrasil.com.br\">cavalcanti@ambientaldobrasil.com.br<\/a><\/p>\n<p>*<em>Os artigos publicados com assinatura, n\u00e3o traduzem necessariamente a opini\u00e3o do Instituto de Engenharia. Sua publica\u00e7\u00e3o obedece ao prop\u00f3sito de estimular o debate dos problemas brasileiros e de refletir as diversas tend\u00eancias do pensamento contempor\u00e2neo<\/em><\/p>\n","protected":false},"excerpt":{"rendered":"<p>Este texto, e os demais que se seguir\u00e3o, foi produzido com base nas informa\u00e7\u00f5es de cunho t\u00e9cnico da SABESP contidas nos Termos de Refer\u00eancia dos editais lan\u00e7ados recentemente pela Companhia visando a contrata\u00e7\u00e3o integrada para amplia\u00e7\u00e3o para o ano de 2027 das ETEs Barueri, Parque Novo Mundo (PNM) e S\u00e3o Miguel Paulista, integrantes do Programa [&hellip;]<\/p>\n","protected":false},"author":13,"featured_media":118254,"comment_status":"open","ping_status":"open","sticky":false,"template":"","format":"standard","meta":{"footnotes":""},"categories":[11,92],"tags":[],"class_list":{"0":"post-118252","1":"post","2":"type-post","3":"status-publish","4":"format-standard","5":"has-post-thumbnail","7":"category-articulistas","8":"category-jose-eduardo-cavalcanti"},"yoast_head":"<!-- This site is optimized with the Yoast SEO plugin v27.2 - https:\/\/yoast.com\/product\/yoast-seo-wordpress\/ -->\n<title>Por Jos\u00e9 Eduardo Cavalcanti \u2013 S\u00e9rie SABESP: Considera\u00e7\u00f5es sobre o \u00edndice de tratamento de esgotos no munic\u00edpio de S\u00e3o Paulo - Instituto de Engenharia<\/title>\n<meta name=\"robots\" content=\"index, follow, max-snippet:-1, max-image-preview:large, max-video-preview:-1\" \/>\n<link rel=\"canonical\" href=\"https:\/\/www.institutodeengenharia.org.br\/site\/2024\/04\/01\/por-jose-eduardo-cavalcanti-serie-sabesp-consideracoes-sobre-o-indice-de-tratamento-de-esgotos-no-municipio-de-sao-paulo\/\" \/>\n<meta property=\"og:locale\" content=\"pt_BR\" \/>\n<meta property=\"og:type\" content=\"article\" \/>\n<meta property=\"og:title\" content=\"Por Jos\u00e9 Eduardo Cavalcanti \u2013 S\u00e9rie SABESP: Considera\u00e7\u00f5es sobre o \u00edndice de tratamento de esgotos no munic\u00edpio de S\u00e3o Paulo - Instituto de Engenharia\" \/>\n<meta property=\"og:description\" content=\"Este texto, e os demais que se seguir\u00e3o, foi produzido com base nas informa\u00e7\u00f5es de cunho t\u00e9cnico da SABESP contidas nos Termos de Refer\u00eancia dos editais lan\u00e7ados recentemente pela Companhia visando a contrata\u00e7\u00e3o integrada para amplia\u00e7\u00e3o para o ano de 2027 das ETEs Barueri, Parque Novo Mundo (PNM) e S\u00e3o Miguel Paulista, integrantes do Programa [&hellip;]\" \/>\n<meta property=\"og:url\" content=\"https:\/\/www.institutodeengenharia.org.br\/site\/2024\/04\/01\/por-jose-eduardo-cavalcanti-serie-sabesp-consideracoes-sobre-o-indice-de-tratamento-de-esgotos-no-municipio-de-sao-paulo\/\" \/>\n<meta property=\"og:site_name\" content=\"Instituto de Engenharia\" \/>\n<meta property=\"article:publisher\" content=\"https:\/\/www.facebook.com\/institutodeengenharia\" \/>\n<meta property=\"article:published_time\" content=\"2024-04-01T13:37:13+00:00\" \/>\n<meta property=\"article:modified_time\" content=\"2024-04-02T19:52:14+00:00\" \/>\n<meta property=\"og:image\" content=\"https:\/\/www.institutodeengenharia.org.br\/site\/wp-content\/uploads\/2024\/04\/manhole-498435_1280.jpg\" \/>\n\t<meta property=\"og:image:width\" content=\"1280\" \/>\n\t<meta property=\"og:image:height\" content=\"853\" \/>\n\t<meta property=\"og:image:type\" content=\"image\/jpeg\" \/>\n<meta name=\"author\" content=\"Bianca\" \/>\n<meta name=\"twitter:card\" content=\"summary_large_image\" \/>\n<meta name=\"twitter:creator\" content=\"@iengenharia\" \/>\n<meta name=\"twitter:site\" content=\"@iengenharia\" \/>\n<meta name=\"twitter:label1\" content=\"Escrito por\" \/>\n\t<meta name=\"twitter:data1\" content=\"Bianca\" \/>\n\t<meta name=\"twitter:label2\" content=\"Est. tempo de leitura\" \/>\n\t<meta name=\"twitter:data2\" content=\"2 minutos\" \/>\n<script type=\"application\/ld+json\" class=\"yoast-schema-graph\">{\"@context\":\"https:\/\/schema.org\",\"@graph\":[{\"@type\":\"Article\",\"@id\":\"https:\/\/www.institutodeengenharia.org.br\/site\/2024\/04\/01\/por-jose-eduardo-cavalcanti-serie-sabesp-consideracoes-sobre-o-indice-de-tratamento-de-esgotos-no-municipio-de-sao-paulo\/#article\",\"isPartOf\":{\"@id\":\"https:\/\/www.institutodeengenharia.org.br\/site\/2024\/04\/01\/por-jose-eduardo-cavalcanti-serie-sabesp-consideracoes-sobre-o-indice-de-tratamento-de-esgotos-no-municipio-de-sao-paulo\/\"},\"author\":{\"name\":\"Bianca\",\"@id\":\"https:\/\/www.institutodeengenharia.org.br\/site\/#\/schema\/person\/aeb64951c405e100d26d30b033dd423f\"},\"headline\":\"Por Jos\u00e9 Eduardo Cavalcanti \u2013 S\u00e9rie SABESP: Considera\u00e7\u00f5es sobre o \u00edndice de tratamento de esgotos no munic\u00edpio de S\u00e3o Paulo\",\"datePublished\":\"2024-04-01T13:37:13+00:00\",\"dateModified\":\"2024-04-02T19:52:14+00:00\",\"mainEntityOfPage\":{\"@id\":\"https:\/\/www.institutodeengenharia.org.br\/site\/2024\/04\/01\/por-jose-eduardo-cavalcanti-serie-sabesp-consideracoes-sobre-o-indice-de-tratamento-de-esgotos-no-municipio-de-sao-paulo\/\"},\"wordCount\":287,\"commentCount\":0,\"publisher\":{\"@id\":\"https:\/\/www.institutodeengenharia.org.br\/site\/#organization\"},\"image\":{\"@id\":\"https:\/\/www.institutodeengenharia.org.br\/site\/2024\/04\/01\/por-jose-eduardo-cavalcanti-serie-sabesp-consideracoes-sobre-o-indice-de-tratamento-de-esgotos-no-municipio-de-sao-paulo\/#primaryimage\"},\"thumbnailUrl\":\"https:\/\/www.institutodeengenharia.org.br\/site\/wp-content\/uploads\/2024\/04\/manhole-498435_1280.jpg\",\"articleSection\":[\"Articulistas\",\"Jos\u00e9 Eduardo Cavalcanti\"],\"inLanguage\":\"pt-BR\",\"potentialAction\":[{\"@type\":\"CommentAction\",\"name\":\"Comment\",\"target\":[\"https:\/\/www.institutodeengenharia.org.br\/site\/2024\/04\/01\/por-jose-eduardo-cavalcanti-serie-sabesp-consideracoes-sobre-o-indice-de-tratamento-de-esgotos-no-municipio-de-sao-paulo\/#respond\"]}]},{\"@type\":\"WebPage\",\"@id\":\"https:\/\/www.institutodeengenharia.org.br\/site\/2024\/04\/01\/por-jose-eduardo-cavalcanti-serie-sabesp-consideracoes-sobre-o-indice-de-tratamento-de-esgotos-no-municipio-de-sao-paulo\/\",\"url\":\"https:\/\/www.institutodeengenharia.org.br\/site\/2024\/04\/01\/por-jose-eduardo-cavalcanti-serie-sabesp-consideracoes-sobre-o-indice-de-tratamento-de-esgotos-no-municipio-de-sao-paulo\/\",\"name\":\"Por Jos\u00e9 Eduardo Cavalcanti \u2013 S\u00e9rie SABESP: Considera\u00e7\u00f5es sobre o \u00edndice de tratamento de esgotos no munic\u00edpio de S\u00e3o Paulo - Instituto de Engenharia\",\"isPartOf\":{\"@id\":\"https:\/\/www.institutodeengenharia.org.br\/site\/#website\"},\"primaryImageOfPage\":{\"@id\":\"https:\/\/www.institutodeengenharia.org.br\/site\/2024\/04\/01\/por-jose-eduardo-cavalcanti-serie-sabesp-consideracoes-sobre-o-indice-de-tratamento-de-esgotos-no-municipio-de-sao-paulo\/#primaryimage\"},\"image\":{\"@id\":\"https:\/\/www.institutodeengenharia.org.br\/site\/2024\/04\/01\/por-jose-eduardo-cavalcanti-serie-sabesp-consideracoes-sobre-o-indice-de-tratamento-de-esgotos-no-municipio-de-sao-paulo\/#primaryimage\"},\"thumbnailUrl\":\"https:\/\/www.institutodeengenharia.org.br\/site\/wp-content\/uploads\/2024\/04\/manhole-498435_1280.jpg\",\"datePublished\":\"2024-04-01T13:37:13+00:00\",\"dateModified\":\"2024-04-02T19:52:14+00:00\",\"breadcrumb\":{\"@id\":\"https:\/\/www.institutodeengenharia.org.br\/site\/2024\/04\/01\/por-jose-eduardo-cavalcanti-serie-sabesp-consideracoes-sobre-o-indice-de-tratamento-de-esgotos-no-municipio-de-sao-paulo\/#breadcrumb\"},\"inLanguage\":\"pt-BR\",\"potentialAction\":[{\"@type\":\"ReadAction\",\"target\":[\"https:\/\/www.institutodeengenharia.org.br\/site\/2024\/04\/01\/por-jose-eduardo-cavalcanti-serie-sabesp-consideracoes-sobre-o-indice-de-tratamento-de-esgotos-no-municipio-de-sao-paulo\/\"]}]},{\"@type\":\"ImageObject\",\"inLanguage\":\"pt-BR\",\"@id\":\"https:\/\/www.institutodeengenharia.org.br\/site\/2024\/04\/01\/por-jose-eduardo-cavalcanti-serie-sabesp-consideracoes-sobre-o-indice-de-tratamento-de-esgotos-no-municipio-de-sao-paulo\/#primaryimage\",\"url\":\"https:\/\/www.institutodeengenharia.org.br\/site\/wp-content\/uploads\/2024\/04\/manhole-498435_1280.jpg\",\"contentUrl\":\"https:\/\/www.institutodeengenharia.org.br\/site\/wp-content\/uploads\/2024\/04\/manhole-498435_1280.jpg\",\"width\":1280,\"height\":853},{\"@type\":\"BreadcrumbList\",\"@id\":\"https:\/\/www.institutodeengenharia.org.br\/site\/2024\/04\/01\/por-jose-eduardo-cavalcanti-serie-sabesp-consideracoes-sobre-o-indice-de-tratamento-de-esgotos-no-municipio-de-sao-paulo\/#breadcrumb\",\"itemListElement\":[{\"@type\":\"ListItem\",\"position\":1,\"name\":\"In\u00edcio\",\"item\":\"https:\/\/www.institutodeengenharia.org.br\/site\/\"},{\"@type\":\"ListItem\",\"position\":2,\"name\":\"Por Jos\u00e9 Eduardo Cavalcanti \u2013 S\u00e9rie SABESP: Considera\u00e7\u00f5es sobre o \u00edndice de tratamento de esgotos no munic\u00edpio de S\u00e3o Paulo\"}]},{\"@type\":\"WebSite\",\"@id\":\"https:\/\/www.institutodeengenharia.org.br\/site\/#website\",\"url\":\"https:\/\/www.institutodeengenharia.org.br\/site\/\",\"name\":\"Instituto de Engenharia\",\"description\":\"O Instituto de Engenharia promove a Engenharia em benef\u00edcio do desenvolvimento e da qualidade de vida da sociedade.\",\"publisher\":{\"@id\":\"https:\/\/www.institutodeengenharia.org.br\/site\/#organization\"},\"potentialAction\":[{\"@type\":\"SearchAction\",\"target\":{\"@type\":\"EntryPoint\",\"urlTemplate\":\"https:\/\/www.institutodeengenharia.org.br\/site\/?s={search_term_string}\"},\"query-input\":{\"@type\":\"PropertyValueSpecification\",\"valueRequired\":true,\"valueName\":\"search_term_string\"}}],\"inLanguage\":\"pt-BR\"},{\"@type\":\"Organization\",\"@id\":\"https:\/\/www.institutodeengenharia.org.br\/site\/#organization\",\"name\":\"Instituto de Engenharia\",\"url\":\"https:\/\/www.institutodeengenharia.org.br\/site\/\",\"logo\":{\"@type\":\"ImageObject\",\"inLanguage\":\"pt-BR\",\"@id\":\"https:\/\/www.institutodeengenharia.org.br\/site\/#\/schema\/logo\/image\/\",\"url\":\"https:\/\/www.institutodeengenharia.org.br\/site\/wp-content\/uploads\/2019\/03\/logo-novo-IE2018-1.jpg\",\"contentUrl\":\"https:\/\/www.institutodeengenharia.org.br\/site\/wp-content\/uploads\/2019\/03\/logo-novo-IE2018-1.jpg\",\"width\":1486,\"height\":1879,\"caption\":\"Instituto de Engenharia\"},\"image\":{\"@id\":\"https:\/\/www.institutodeengenharia.org.br\/site\/#\/schema\/logo\/image\/\"},\"sameAs\":[\"https:\/\/www.facebook.com\/institutodeengenharia\",\"https:\/\/x.com\/iengenharia\",\"https:\/\/www.instagram.com\/institutodeengenharia\/\",\"https:\/\/www.linkedin.com\/company\/instituto-de-engenharia\/\",\"https:\/\/www.youtube.com\/channel\/UCXiCAlsSMe977vamW915HxA\"]},{\"@type\":\"Person\",\"@id\":\"https:\/\/www.institutodeengenharia.org.br\/site\/#\/schema\/person\/aeb64951c405e100d26d30b033dd423f\",\"name\":\"Bianca\",\"image\":{\"@type\":\"ImageObject\",\"inLanguage\":\"pt-BR\",\"@id\":\"https:\/\/secure.gravatar.com\/avatar\/a6fbe9bff57405baf4c1e2c5c1811e072b558253974a9f9508f4678900c97c2a?s=96&d=mm&r=g\",\"url\":\"https:\/\/secure.gravatar.com\/avatar\/a6fbe9bff57405baf4c1e2c5c1811e072b558253974a9f9508f4678900c97c2a?s=96&d=mm&r=g\",\"contentUrl\":\"https:\/\/secure.gravatar.com\/avatar\/a6fbe9bff57405baf4c1e2c5c1811e072b558253974a9f9508f4678900c97c2a?s=96&d=mm&r=g\",\"caption\":\"Bianca\"},\"url\":\"https:\/\/www.institutodeengenharia.org.br\/site\/author\/comunicacao1\/\"}]}<\/script>\n<!-- \/ Yoast SEO plugin. -->","yoast_head_json":{"title":"Por Jos\u00e9 Eduardo Cavalcanti \u2013 S\u00e9rie SABESP: Considera\u00e7\u00f5es sobre o \u00edndice de tratamento de esgotos no munic\u00edpio de S\u00e3o Paulo - Instituto de Engenharia","robots":{"index":"index","follow":"follow","max-snippet":"max-snippet:-1","max-image-preview":"max-image-preview:large","max-video-preview":"max-video-preview:-1"},"canonical":"https:\/\/www.institutodeengenharia.org.br\/site\/2024\/04\/01\/por-jose-eduardo-cavalcanti-serie-sabesp-consideracoes-sobre-o-indice-de-tratamento-de-esgotos-no-municipio-de-sao-paulo\/","og_locale":"pt_BR","og_type":"article","og_title":"Por Jos\u00e9 Eduardo Cavalcanti \u2013 S\u00e9rie SABESP: Considera\u00e7\u00f5es sobre o \u00edndice de tratamento de esgotos no munic\u00edpio de S\u00e3o Paulo - Instituto de Engenharia","og_description":"Este texto, e os demais que se seguir\u00e3o, foi produzido com base nas informa\u00e7\u00f5es de cunho t\u00e9cnico da SABESP contidas nos Termos de Refer\u00eancia dos editais lan\u00e7ados recentemente pela Companhia visando a contrata\u00e7\u00e3o integrada para amplia\u00e7\u00e3o para o ano de 2027 das ETEs Barueri, Parque Novo Mundo (PNM) e S\u00e3o Miguel Paulista, integrantes do Programa [&hellip;]","og_url":"https:\/\/www.institutodeengenharia.org.br\/site\/2024\/04\/01\/por-jose-eduardo-cavalcanti-serie-sabesp-consideracoes-sobre-o-indice-de-tratamento-de-esgotos-no-municipio-de-sao-paulo\/","og_site_name":"Instituto de Engenharia","article_publisher":"https:\/\/www.facebook.com\/institutodeengenharia","article_published_time":"2024-04-01T13:37:13+00:00","article_modified_time":"2024-04-02T19:52:14+00:00","og_image":[{"width":1280,"height":853,"url":"https:\/\/www.institutodeengenharia.org.br\/site\/wp-content\/uploads\/2024\/04\/manhole-498435_1280.jpg","type":"image\/jpeg"}],"author":"Bianca","twitter_card":"summary_large_image","twitter_creator":"@iengenharia","twitter_site":"@iengenharia","twitter_misc":{"Escrito por":"Bianca","Est. tempo de leitura":"2 minutos"},"schema":{"@context":"https:\/\/schema.org","@graph":[{"@type":"Article","@id":"https:\/\/www.institutodeengenharia.org.br\/site\/2024\/04\/01\/por-jose-eduardo-cavalcanti-serie-sabesp-consideracoes-sobre-o-indice-de-tratamento-de-esgotos-no-municipio-de-sao-paulo\/#article","isPartOf":{"@id":"https:\/\/www.institutodeengenharia.org.br\/site\/2024\/04\/01\/por-jose-eduardo-cavalcanti-serie-sabesp-consideracoes-sobre-o-indice-de-tratamento-de-esgotos-no-municipio-de-sao-paulo\/"},"author":{"name":"Bianca","@id":"https:\/\/www.institutodeengenharia.org.br\/site\/#\/schema\/person\/aeb64951c405e100d26d30b033dd423f"},"headline":"Por Jos\u00e9 Eduardo Cavalcanti \u2013 S\u00e9rie SABESP: Considera\u00e7\u00f5es sobre o \u00edndice de tratamento de esgotos no munic\u00edpio de S\u00e3o Paulo","datePublished":"2024-04-01T13:37:13+00:00","dateModified":"2024-04-02T19:52:14+00:00","mainEntityOfPage":{"@id":"https:\/\/www.institutodeengenharia.org.br\/site\/2024\/04\/01\/por-jose-eduardo-cavalcanti-serie-sabesp-consideracoes-sobre-o-indice-de-tratamento-de-esgotos-no-municipio-de-sao-paulo\/"},"wordCount":287,"commentCount":0,"publisher":{"@id":"https:\/\/www.institutodeengenharia.org.br\/site\/#organization"},"image":{"@id":"https:\/\/www.institutodeengenharia.org.br\/site\/2024\/04\/01\/por-jose-eduardo-cavalcanti-serie-sabesp-consideracoes-sobre-o-indice-de-tratamento-de-esgotos-no-municipio-de-sao-paulo\/#primaryimage"},"thumbnailUrl":"https:\/\/www.institutodeengenharia.org.br\/site\/wp-content\/uploads\/2024\/04\/manhole-498435_1280.jpg","articleSection":["Articulistas","Jos\u00e9 Eduardo Cavalcanti"],"inLanguage":"pt-BR","potentialAction":[{"@type":"CommentAction","name":"Comment","target":["https:\/\/www.institutodeengenharia.org.br\/site\/2024\/04\/01\/por-jose-eduardo-cavalcanti-serie-sabesp-consideracoes-sobre-o-indice-de-tratamento-de-esgotos-no-municipio-de-sao-paulo\/#respond"]}]},{"@type":"WebPage","@id":"https:\/\/www.institutodeengenharia.org.br\/site\/2024\/04\/01\/por-jose-eduardo-cavalcanti-serie-sabesp-consideracoes-sobre-o-indice-de-tratamento-de-esgotos-no-municipio-de-sao-paulo\/","url":"https:\/\/www.institutodeengenharia.org.br\/site\/2024\/04\/01\/por-jose-eduardo-cavalcanti-serie-sabesp-consideracoes-sobre-o-indice-de-tratamento-de-esgotos-no-municipio-de-sao-paulo\/","name":"Por Jos\u00e9 Eduardo Cavalcanti \u2013 S\u00e9rie SABESP: Considera\u00e7\u00f5es sobre o \u00edndice de tratamento de esgotos no munic\u00edpio de S\u00e3o Paulo - Instituto de Engenharia","isPartOf":{"@id":"https:\/\/www.institutodeengenharia.org.br\/site\/#website"},"primaryImageOfPage":{"@id":"https:\/\/www.institutodeengenharia.org.br\/site\/2024\/04\/01\/por-jose-eduardo-cavalcanti-serie-sabesp-consideracoes-sobre-o-indice-de-tratamento-de-esgotos-no-municipio-de-sao-paulo\/#primaryimage"},"image":{"@id":"https:\/\/www.institutodeengenharia.org.br\/site\/2024\/04\/01\/por-jose-eduardo-cavalcanti-serie-sabesp-consideracoes-sobre-o-indice-de-tratamento-de-esgotos-no-municipio-de-sao-paulo\/#primaryimage"},"thumbnailUrl":"https:\/\/www.institutodeengenharia.org.br\/site\/wp-content\/uploads\/2024\/04\/manhole-498435_1280.jpg","datePublished":"2024-04-01T13:37:13+00:00","dateModified":"2024-04-02T19:52:14+00:00","breadcrumb":{"@id":"https:\/\/www.institutodeengenharia.org.br\/site\/2024\/04\/01\/por-jose-eduardo-cavalcanti-serie-sabesp-consideracoes-sobre-o-indice-de-tratamento-de-esgotos-no-municipio-de-sao-paulo\/#breadcrumb"},"inLanguage":"pt-BR","potentialAction":[{"@type":"ReadAction","target":["https:\/\/www.institutodeengenharia.org.br\/site\/2024\/04\/01\/por-jose-eduardo-cavalcanti-serie-sabesp-consideracoes-sobre-o-indice-de-tratamento-de-esgotos-no-municipio-de-sao-paulo\/"]}]},{"@type":"ImageObject","inLanguage":"pt-BR","@id":"https:\/\/www.institutodeengenharia.org.br\/site\/2024\/04\/01\/por-jose-eduardo-cavalcanti-serie-sabesp-consideracoes-sobre-o-indice-de-tratamento-de-esgotos-no-municipio-de-sao-paulo\/#primaryimage","url":"https:\/\/www.institutodeengenharia.org.br\/site\/wp-content\/uploads\/2024\/04\/manhole-498435_1280.jpg","contentUrl":"https:\/\/www.institutodeengenharia.org.br\/site\/wp-content\/uploads\/2024\/04\/manhole-498435_1280.jpg","width":1280,"height":853},{"@type":"BreadcrumbList","@id":"https:\/\/www.institutodeengenharia.org.br\/site\/2024\/04\/01\/por-jose-eduardo-cavalcanti-serie-sabesp-consideracoes-sobre-o-indice-de-tratamento-de-esgotos-no-municipio-de-sao-paulo\/#breadcrumb","itemListElement":[{"@type":"ListItem","position":1,"name":"In\u00edcio","item":"https:\/\/www.institutodeengenharia.org.br\/site\/"},{"@type":"ListItem","position":2,"name":"Por Jos\u00e9 Eduardo Cavalcanti \u2013 S\u00e9rie SABESP: Considera\u00e7\u00f5es sobre o \u00edndice de tratamento de esgotos no munic\u00edpio de S\u00e3o Paulo"}]},{"@type":"WebSite","@id":"https:\/\/www.institutodeengenharia.org.br\/site\/#website","url":"https:\/\/www.institutodeengenharia.org.br\/site\/","name":"Instituto de Engenharia","description":"O Instituto de Engenharia promove a Engenharia em benef\u00edcio do desenvolvimento e da qualidade de vida da sociedade.","publisher":{"@id":"https:\/\/www.institutodeengenharia.org.br\/site\/#organization"},"potentialAction":[{"@type":"SearchAction","target":{"@type":"EntryPoint","urlTemplate":"https:\/\/www.institutodeengenharia.org.br\/site\/?s={search_term_string}"},"query-input":{"@type":"PropertyValueSpecification","valueRequired":true,"valueName":"search_term_string"}}],"inLanguage":"pt-BR"},{"@type":"Organization","@id":"https:\/\/www.institutodeengenharia.org.br\/site\/#organization","name":"Instituto de Engenharia","url":"https:\/\/www.institutodeengenharia.org.br\/site\/","logo":{"@type":"ImageObject","inLanguage":"pt-BR","@id":"https:\/\/www.institutodeengenharia.org.br\/site\/#\/schema\/logo\/image\/","url":"https:\/\/www.institutodeengenharia.org.br\/site\/wp-content\/uploads\/2019\/03\/logo-novo-IE2018-1.jpg","contentUrl":"https:\/\/www.institutodeengenharia.org.br\/site\/wp-content\/uploads\/2019\/03\/logo-novo-IE2018-1.jpg","width":1486,"height":1879,"caption":"Instituto de Engenharia"},"image":{"@id":"https:\/\/www.institutodeengenharia.org.br\/site\/#\/schema\/logo\/image\/"},"sameAs":["https:\/\/www.facebook.com\/institutodeengenharia","https:\/\/x.com\/iengenharia","https:\/\/www.instagram.com\/institutodeengenharia\/","https:\/\/www.linkedin.com\/company\/instituto-de-engenharia\/","https:\/\/www.youtube.com\/channel\/UCXiCAlsSMe977vamW915HxA"]},{"@type":"Person","@id":"https:\/\/www.institutodeengenharia.org.br\/site\/#\/schema\/person\/aeb64951c405e100d26d30b033dd423f","name":"Bianca","image":{"@type":"ImageObject","inLanguage":"pt-BR","@id":"https:\/\/secure.gravatar.com\/avatar\/a6fbe9bff57405baf4c1e2c5c1811e072b558253974a9f9508f4678900c97c2a?s=96&d=mm&r=g","url":"https:\/\/secure.gravatar.com\/avatar\/a6fbe9bff57405baf4c1e2c5c1811e072b558253974a9f9508f4678900c97c2a?s=96&d=mm&r=g","contentUrl":"https:\/\/secure.gravatar.com\/avatar\/a6fbe9bff57405baf4c1e2c5c1811e072b558253974a9f9508f4678900c97c2a?s=96&d=mm&r=g","caption":"Bianca"},"url":"https:\/\/www.institutodeengenharia.org.br\/site\/author\/comunicacao1\/"}]}},"_links":{"self":[{"href":"https:\/\/www.institutodeengenharia.org.br\/site\/wp-json\/wp\/v2\/posts\/118252","targetHints":{"allow":["GET"]}}],"collection":[{"href":"https:\/\/www.institutodeengenharia.org.br\/site\/wp-json\/wp\/v2\/posts"}],"about":[{"href":"https:\/\/www.institutodeengenharia.org.br\/site\/wp-json\/wp\/v2\/types\/post"}],"author":[{"embeddable":true,"href":"https:\/\/www.institutodeengenharia.org.br\/site\/wp-json\/wp\/v2\/users\/13"}],"replies":[{"embeddable":true,"href":"https:\/\/www.institutodeengenharia.org.br\/site\/wp-json\/wp\/v2\/comments?post=118252"}],"version-history":[{"count":4,"href":"https:\/\/www.institutodeengenharia.org.br\/site\/wp-json\/wp\/v2\/posts\/118252\/revisions"}],"predecessor-version":[{"id":118425,"href":"https:\/\/www.institutodeengenharia.org.br\/site\/wp-json\/wp\/v2\/posts\/118252\/revisions\/118425"}],"wp:featuredmedia":[{"embeddable":true,"href":"https:\/\/www.institutodeengenharia.org.br\/site\/wp-json\/wp\/v2\/media\/118254"}],"wp:attachment":[{"href":"https:\/\/www.institutodeengenharia.org.br\/site\/wp-json\/wp\/v2\/media?parent=118252"}],"wp:term":[{"taxonomy":"category","embeddable":true,"href":"https:\/\/www.institutodeengenharia.org.br\/site\/wp-json\/wp\/v2\/categories?post=118252"},{"taxonomy":"post_tag","embeddable":true,"href":"https:\/\/www.institutodeengenharia.org.br\/site\/wp-json\/wp\/v2\/tags?post=118252"}],"curies":[{"name":"wp","href":"https:\/\/api.w.org\/{rel}","templated":true}]}}