{"id":117528,"date":"2024-03-28T10:10:58","date_gmt":"2024-03-28T13:10:58","guid":{"rendered":"https:\/\/www.institutodeengenharia.org.br\/site\/?p=117528"},"modified":"2024-03-28T17:42:54","modified_gmt":"2024-03-28T20:42:54","slug":"associado-atencao-para-convocacao-assembleia-geral-ordinaria","status":"publish","type":"post","link":"https:\/\/www.institutodeengenharia.org.br\/site\/2024\/03\/28\/associado-atencao-para-convocacao-assembleia-geral-ordinaria\/","title":{"rendered":"Associado, aten\u00e7\u00e3o para convoca\u00e7\u00e3o &#8211; Assembleia Geral Ordin\u00e1ria"},"content":{"rendered":"<p>Nos termos do artigo 18 do Estatuto vigente, ficam convocados os membros titulares, que sejam associados h\u00e1 pelo menos 2 (dois) anos e estejam em dia com as obriga\u00e7\u00f5es previstas no Art. 15, inciso II do Estatuto, para ASSEMBLEIA GERAL ORDIN\u00c1RIA a realizar-se em PRIMEIRA CONVOCA\u00c7\u00c3O no dia 28 de mar\u00e7o de 2024, \u00e0s 18h, de forma h\u00edbrida (presencial e on-line), com a seguinte Ordem do dia:<\/p>\n<p>\u201cDeliberar sobre o Relat\u00f3rio das Atividades desenvolvidas pelo Instituto de Engenharia em 2023, as demonstra\u00e7\u00f5es cont\u00e1beis e o relat\u00f3rio dos auditores independentes&#8221;.<\/p>\n<p>N\u00e3o havendo n\u00famero legal para a realiza\u00e7\u00e3o da referida Assembleia em primeira convoca\u00e7\u00e3o, fica formalizada a SEGUNDA CONVOCA\u00c7\u00c3O para o mesmo dia e local, \u00e0s 18h30, quando a mesma ser\u00e1 realizada\u00a0com qualquer n\u00famero de membros Titulares em pleno gozo de seus direitos estatut\u00e1rios.<\/p>\n<p><a href=\"https:\/\/us06web.zoom.us\/meeting\/register\/tZcvdu2srDMoG9ybeUQ9QjAfsXKXq1Cb3feM\">CLIQUE AQUI<\/a><strong><u> e fa\u00e7a sua pr\u00e9-inscri\u00e7\u00e3o. Ela ser\u00e1 avaliada segundo os crit\u00e9rios estatut\u00e1rios. Ap\u00f3s a avalia\u00e7\u00e3o, voc\u00ea receber\u00e1 o link da Assembleia Geral Ordin\u00e1ria no seu email de cadastro.<\/u><\/strong><\/p>\n<p>&nbsp;<\/p>\n<p>&nbsp;<\/p>\n<p>&nbsp;<\/p>\n","protected":false},"excerpt":{"rendered":"<p>Nos termos do artigo 18 do Estatuto vigente, ficam convocados os membros titulares, que sejam associados h\u00e1 pelo menos 2 (dois) anos e estejam em dia com as obriga\u00e7\u00f5es previstas no Art. 15, inciso II do Estatuto, para ASSEMBLEIA GERAL ORDIN\u00c1RIA a realizar-se em PRIMEIRA CONVOCA\u00c7\u00c3O no dia 28 de mar\u00e7o de 2024, \u00e0s 18h, [&hellip;]<\/p>\n","protected":false},"author":14,"featured_media":117530,"comment_status":"open","ping_status":"open","sticky":false,"template":"","format":"standard","meta":{"footnotes":""},"categories":[27,6,141],"tags":[],"class_list":{"0":"post-117528","1":"post","2":"type-post","3":"status-publish","4":"format-standard","5":"has-post-thumbnail","7":"category-instituto-de-engenharia","8":"category-noticias","9":"category-noticias-menu"},"yoast_head":"<!-- This site is optimized with the Yoast SEO plugin v27.2 - https:\/\/yoast.com\/product\/yoast-seo-wordpress\/ -->\n<title>Associado, aten\u00e7\u00e3o para convoca\u00e7\u00e3o - Assembleia Geral Ordin\u00e1ria - Instituto de Engenharia<\/title>\n<meta name=\"robots\" content=\"index, follow, max-snippet:-1, max-image-preview:large, max-video-preview:-1\" \/>\n<link rel=\"canonical\" href=\"https:\/\/www.institutodeengenharia.org.br\/site\/2024\/03\/28\/associado-atencao-para-convocacao-assembleia-geral-ordinaria\/\" \/>\n<meta property=\"og:locale\" content=\"pt_BR\" \/>\n<meta property=\"og:type\" content=\"article\" \/>\n<meta property=\"og:title\" content=\"Associado, aten\u00e7\u00e3o para convoca\u00e7\u00e3o - Assembleia Geral Ordin\u00e1ria - Instituto de Engenharia\" \/>\n<meta property=\"og:description\" content=\"Nos termos do artigo 18 do Estatuto vigente, ficam convocados os membros titulares, que sejam associados h\u00e1 pelo menos 2 (dois) anos e estejam em dia com as obriga\u00e7\u00f5es previstas no Art. 15, inciso II do Estatuto, para ASSEMBLEIA GERAL ORDIN\u00c1RIA a realizar-se em PRIMEIRA CONVOCA\u00c7\u00c3O no dia 28 de mar\u00e7o de 2024, \u00e0s 18h, [&hellip;]\" \/>\n<meta property=\"og:url\" content=\"https:\/\/www.institutodeengenharia.org.br\/site\/2024\/03\/28\/associado-atencao-para-convocacao-assembleia-geral-ordinaria\/\" \/>\n<meta property=\"og:site_name\" content=\"Instituto de Engenharia\" \/>\n<meta property=\"article:publisher\" content=\"https:\/\/www.facebook.com\/institutodeengenharia\" \/>\n<meta property=\"article:published_time\" content=\"2024-03-28T13:10:58+00:00\" \/>\n<meta property=\"article:modified_time\" content=\"2024-03-28T20:42:54+00:00\" \/>\n<meta property=\"og:image\" content=\"https:\/\/www.institutodeengenharia.org.br\/site\/wp-content\/uploads\/2024\/03\/ASSEMBLEIA.png\" \/>\n\t<meta property=\"og:image:width\" content=\"1920\" \/>\n\t<meta property=\"og:image:height\" content=\"1080\" \/>\n\t<meta property=\"og:image:type\" content=\"image\/png\" \/>\n<meta name=\"author\" content=\"Isabel\" \/>\n<meta name=\"twitter:card\" content=\"summary_large_image\" \/>\n<meta name=\"twitter:creator\" content=\"@iengenharia\" \/>\n<meta name=\"twitter:site\" content=\"@iengenharia\" \/>\n<meta name=\"twitter:label1\" content=\"Escrito por\" \/>\n\t<meta name=\"twitter:data1\" content=\"Isabel\" \/>\n\t<meta name=\"twitter:label2\" content=\"Est. tempo de leitura\" \/>\n\t<meta name=\"twitter:data2\" content=\"2 minutos\" \/>\n<script type=\"application\/ld+json\" class=\"yoast-schema-graph\">{\"@context\":\"https:\/\/schema.org\",\"@graph\":[{\"@type\":\"Article\",\"@id\":\"https:\/\/www.institutodeengenharia.org.br\/site\/2024\/03\/28\/associado-atencao-para-convocacao-assembleia-geral-ordinaria\/#article\",\"isPartOf\":{\"@id\":\"https:\/\/www.institutodeengenharia.org.br\/site\/2024\/03\/28\/associado-atencao-para-convocacao-assembleia-geral-ordinaria\/\"},\"author\":{\"name\":\"Isabel\",\"@id\":\"https:\/\/www.institutodeengenharia.org.br\/site\/#\/schema\/person\/593dc356630173a4877a635d3e5fd76b\"},\"headline\":\"Associado, aten\u00e7\u00e3o para convoca\u00e7\u00e3o &#8211; Assembleia Geral Ordin\u00e1ria\",\"datePublished\":\"2024-03-28T13:10:58+00:00\",\"dateModified\":\"2024-03-28T20:42:54+00:00\",\"mainEntityOfPage\":{\"@id\":\"https:\/\/www.institutodeengenharia.org.br\/site\/2024\/03\/28\/associado-atencao-para-convocacao-assembleia-geral-ordinaria\/\"},\"wordCount\":194,\"commentCount\":0,\"publisher\":{\"@id\":\"https:\/\/www.institutodeengenharia.org.br\/site\/#organization\"},\"image\":{\"@id\":\"https:\/\/www.institutodeengenharia.org.br\/site\/2024\/03\/28\/associado-atencao-para-convocacao-assembleia-geral-ordinaria\/#primaryimage\"},\"thumbnailUrl\":\"https:\/\/www.institutodeengenharia.org.br\/site\/wp-content\/uploads\/2024\/03\/ASSEMBLEIA.png\",\"articleSection\":[\"Instituto de Engenharia\",\"Not\u00edcias\",\"Not\u00edcias\"],\"inLanguage\":\"pt-BR\",\"potentialAction\":[{\"@type\":\"CommentAction\",\"name\":\"Comment\",\"target\":[\"https:\/\/www.institutodeengenharia.org.br\/site\/2024\/03\/28\/associado-atencao-para-convocacao-assembleia-geral-ordinaria\/#respond\"]}]},{\"@type\":\"WebPage\",\"@id\":\"https:\/\/www.institutodeengenharia.org.br\/site\/2024\/03\/28\/associado-atencao-para-convocacao-assembleia-geral-ordinaria\/\",\"url\":\"https:\/\/www.institutodeengenharia.org.br\/site\/2024\/03\/28\/associado-atencao-para-convocacao-assembleia-geral-ordinaria\/\",\"name\":\"Associado, aten\u00e7\u00e3o para convoca\u00e7\u00e3o - Assembleia Geral Ordin\u00e1ria - Instituto de Engenharia\",\"isPartOf\":{\"@id\":\"https:\/\/www.institutodeengenharia.org.br\/site\/#website\"},\"primaryImageOfPage\":{\"@id\":\"https:\/\/www.institutodeengenharia.org.br\/site\/2024\/03\/28\/associado-atencao-para-convocacao-assembleia-geral-ordinaria\/#primaryimage\"},\"image\":{\"@id\":\"https:\/\/www.institutodeengenharia.org.br\/site\/2024\/03\/28\/associado-atencao-para-convocacao-assembleia-geral-ordinaria\/#primaryimage\"},\"thumbnailUrl\":\"https:\/\/www.institutodeengenharia.org.br\/site\/wp-content\/uploads\/2024\/03\/ASSEMBLEIA.png\",\"datePublished\":\"2024-03-28T13:10:58+00:00\",\"dateModified\":\"2024-03-28T20:42:54+00:00\",\"breadcrumb\":{\"@id\":\"https:\/\/www.institutodeengenharia.org.br\/site\/2024\/03\/28\/associado-atencao-para-convocacao-assembleia-geral-ordinaria\/#breadcrumb\"},\"inLanguage\":\"pt-BR\",\"potentialAction\":[{\"@type\":\"ReadAction\",\"target\":[\"https:\/\/www.institutodeengenharia.org.br\/site\/2024\/03\/28\/associado-atencao-para-convocacao-assembleia-geral-ordinaria\/\"]}]},{\"@type\":\"ImageObject\",\"inLanguage\":\"pt-BR\",\"@id\":\"https:\/\/www.institutodeengenharia.org.br\/site\/2024\/03\/28\/associado-atencao-para-convocacao-assembleia-geral-ordinaria\/#primaryimage\",\"url\":\"https:\/\/www.institutodeengenharia.org.br\/site\/wp-content\/uploads\/2024\/03\/ASSEMBLEIA.png\",\"contentUrl\":\"https:\/\/www.institutodeengenharia.org.br\/site\/wp-content\/uploads\/2024\/03\/ASSEMBLEIA.png\",\"width\":1920,\"height\":1080},{\"@type\":\"BreadcrumbList\",\"@id\":\"https:\/\/www.institutodeengenharia.org.br\/site\/2024\/03\/28\/associado-atencao-para-convocacao-assembleia-geral-ordinaria\/#breadcrumb\",\"itemListElement\":[{\"@type\":\"ListItem\",\"position\":1,\"name\":\"In\u00edcio\",\"item\":\"https:\/\/www.institutodeengenharia.org.br\/site\/\"},{\"@type\":\"ListItem\",\"position\":2,\"name\":\"Associado, aten\u00e7\u00e3o para convoca\u00e7\u00e3o &#8211; Assembleia Geral Ordin\u00e1ria\"}]},{\"@type\":\"WebSite\",\"@id\":\"https:\/\/www.institutodeengenharia.org.br\/site\/#website\",\"url\":\"https:\/\/www.institutodeengenharia.org.br\/site\/\",\"name\":\"Instituto de Engenharia\",\"description\":\"O Instituto de Engenharia promove a Engenharia em benef\u00edcio do desenvolvimento e da qualidade de vida da sociedade.\",\"publisher\":{\"@id\":\"https:\/\/www.institutodeengenharia.org.br\/site\/#organization\"},\"potentialAction\":[{\"@type\":\"SearchAction\",\"target\":{\"@type\":\"EntryPoint\",\"urlTemplate\":\"https:\/\/www.institutodeengenharia.org.br\/site\/?s={search_term_string}\"},\"query-input\":{\"@type\":\"PropertyValueSpecification\",\"valueRequired\":true,\"valueName\":\"search_term_string\"}}],\"inLanguage\":\"pt-BR\"},{\"@type\":\"Organization\",\"@id\":\"https:\/\/www.institutodeengenharia.org.br\/site\/#organization\",\"name\":\"Instituto de Engenharia\",\"url\":\"https:\/\/www.institutodeengenharia.org.br\/site\/\",\"logo\":{\"@type\":\"ImageObject\",\"inLanguage\":\"pt-BR\",\"@id\":\"https:\/\/www.institutodeengenharia.org.br\/site\/#\/schema\/logo\/image\/\",\"url\":\"https:\/\/www.institutodeengenharia.org.br\/site\/wp-content\/uploads\/2019\/03\/logo-novo-IE2018-1.jpg\",\"contentUrl\":\"https:\/\/www.institutodeengenharia.org.br\/site\/wp-content\/uploads\/2019\/03\/logo-novo-IE2018-1.jpg\",\"width\":1486,\"height\":1879,\"caption\":\"Instituto de Engenharia\"},\"image\":{\"@id\":\"https:\/\/www.institutodeengenharia.org.br\/site\/#\/schema\/logo\/image\/\"},\"sameAs\":[\"https:\/\/www.facebook.com\/institutodeengenharia\",\"https:\/\/x.com\/iengenharia\",\"https:\/\/www.instagram.com\/institutodeengenharia\/\",\"https:\/\/www.linkedin.com\/company\/instituto-de-engenharia\/\",\"https:\/\/www.youtube.com\/channel\/UCXiCAlsSMe977vamW915HxA\"]},{\"@type\":\"Person\",\"@id\":\"https:\/\/www.institutodeengenharia.org.br\/site\/#\/schema\/person\/593dc356630173a4877a635d3e5fd76b\",\"name\":\"Isabel\",\"image\":{\"@type\":\"ImageObject\",\"inLanguage\":\"pt-BR\",\"@id\":\"https:\/\/secure.gravatar.com\/avatar\/f3c521db63ec9db17894f10a88c6a3cf95b2281d7f80eeb3cf3ef1cb091576e7?s=96&d=mm&r=g\",\"url\":\"https:\/\/secure.gravatar.com\/avatar\/f3c521db63ec9db17894f10a88c6a3cf95b2281d7f80eeb3cf3ef1cb091576e7?s=96&d=mm&r=g\",\"contentUrl\":\"https:\/\/secure.gravatar.com\/avatar\/f3c521db63ec9db17894f10a88c6a3cf95b2281d7f80eeb3cf3ef1cb091576e7?s=96&d=mm&r=g\",\"caption\":\"Isabel\"},\"url\":\"https:\/\/www.institutodeengenharia.org.br\/site\/author\/comunicacao2\/\"}]}<\/script>\n<!-- \/ Yoast SEO plugin. -->","yoast_head_json":{"title":"Associado, aten\u00e7\u00e3o para convoca\u00e7\u00e3o - Assembleia Geral Ordin\u00e1ria - Instituto de Engenharia","robots":{"index":"index","follow":"follow","max-snippet":"max-snippet:-1","max-image-preview":"max-image-preview:large","max-video-preview":"max-video-preview:-1"},"canonical":"https:\/\/www.institutodeengenharia.org.br\/site\/2024\/03\/28\/associado-atencao-para-convocacao-assembleia-geral-ordinaria\/","og_locale":"pt_BR","og_type":"article","og_title":"Associado, aten\u00e7\u00e3o para convoca\u00e7\u00e3o - Assembleia Geral Ordin\u00e1ria - Instituto de Engenharia","og_description":"Nos termos do artigo 18 do Estatuto vigente, ficam convocados os membros titulares, que sejam associados h\u00e1 pelo menos 2 (dois) anos e estejam em dia com as obriga\u00e7\u00f5es previstas no Art. 15, inciso II do Estatuto, para ASSEMBLEIA GERAL ORDIN\u00c1RIA a realizar-se em PRIMEIRA CONVOCA\u00c7\u00c3O no dia 28 de mar\u00e7o de 2024, \u00e0s 18h, [&hellip;]","og_url":"https:\/\/www.institutodeengenharia.org.br\/site\/2024\/03\/28\/associado-atencao-para-convocacao-assembleia-geral-ordinaria\/","og_site_name":"Instituto de Engenharia","article_publisher":"https:\/\/www.facebook.com\/institutodeengenharia","article_published_time":"2024-03-28T13:10:58+00:00","article_modified_time":"2024-03-28T20:42:54+00:00","og_image":[{"width":1920,"height":1080,"url":"https:\/\/www.institutodeengenharia.org.br\/site\/wp-content\/uploads\/2024\/03\/ASSEMBLEIA.png","type":"image\/png"}],"author":"Isabel","twitter_card":"summary_large_image","twitter_creator":"@iengenharia","twitter_site":"@iengenharia","twitter_misc":{"Escrito por":"Isabel","Est. tempo de leitura":"2 minutos"},"schema":{"@context":"https:\/\/schema.org","@graph":[{"@type":"Article","@id":"https:\/\/www.institutodeengenharia.org.br\/site\/2024\/03\/28\/associado-atencao-para-convocacao-assembleia-geral-ordinaria\/#article","isPartOf":{"@id":"https:\/\/www.institutodeengenharia.org.br\/site\/2024\/03\/28\/associado-atencao-para-convocacao-assembleia-geral-ordinaria\/"},"author":{"name":"Isabel","@id":"https:\/\/www.institutodeengenharia.org.br\/site\/#\/schema\/person\/593dc356630173a4877a635d3e5fd76b"},"headline":"Associado, aten\u00e7\u00e3o para convoca\u00e7\u00e3o &#8211; Assembleia Geral Ordin\u00e1ria","datePublished":"2024-03-28T13:10:58+00:00","dateModified":"2024-03-28T20:42:54+00:00","mainEntityOfPage":{"@id":"https:\/\/www.institutodeengenharia.org.br\/site\/2024\/03\/28\/associado-atencao-para-convocacao-assembleia-geral-ordinaria\/"},"wordCount":194,"commentCount":0,"publisher":{"@id":"https:\/\/www.institutodeengenharia.org.br\/site\/#organization"},"image":{"@id":"https:\/\/www.institutodeengenharia.org.br\/site\/2024\/03\/28\/associado-atencao-para-convocacao-assembleia-geral-ordinaria\/#primaryimage"},"thumbnailUrl":"https:\/\/www.institutodeengenharia.org.br\/site\/wp-content\/uploads\/2024\/03\/ASSEMBLEIA.png","articleSection":["Instituto de Engenharia","Not\u00edcias","Not\u00edcias"],"inLanguage":"pt-BR","potentialAction":[{"@type":"CommentAction","name":"Comment","target":["https:\/\/www.institutodeengenharia.org.br\/site\/2024\/03\/28\/associado-atencao-para-convocacao-assembleia-geral-ordinaria\/#respond"]}]},{"@type":"WebPage","@id":"https:\/\/www.institutodeengenharia.org.br\/site\/2024\/03\/28\/associado-atencao-para-convocacao-assembleia-geral-ordinaria\/","url":"https:\/\/www.institutodeengenharia.org.br\/site\/2024\/03\/28\/associado-atencao-para-convocacao-assembleia-geral-ordinaria\/","name":"Associado, aten\u00e7\u00e3o para convoca\u00e7\u00e3o - Assembleia Geral Ordin\u00e1ria - Instituto de Engenharia","isPartOf":{"@id":"https:\/\/www.institutodeengenharia.org.br\/site\/#website"},"primaryImageOfPage":{"@id":"https:\/\/www.institutodeengenharia.org.br\/site\/2024\/03\/28\/associado-atencao-para-convocacao-assembleia-geral-ordinaria\/#primaryimage"},"image":{"@id":"https:\/\/www.institutodeengenharia.org.br\/site\/2024\/03\/28\/associado-atencao-para-convocacao-assembleia-geral-ordinaria\/#primaryimage"},"thumbnailUrl":"https:\/\/www.institutodeengenharia.org.br\/site\/wp-content\/uploads\/2024\/03\/ASSEMBLEIA.png","datePublished":"2024-03-28T13:10:58+00:00","dateModified":"2024-03-28T20:42:54+00:00","breadcrumb":{"@id":"https:\/\/www.institutodeengenharia.org.br\/site\/2024\/03\/28\/associado-atencao-para-convocacao-assembleia-geral-ordinaria\/#breadcrumb"},"inLanguage":"pt-BR","potentialAction":[{"@type":"ReadAction","target":["https:\/\/www.institutodeengenharia.org.br\/site\/2024\/03\/28\/associado-atencao-para-convocacao-assembleia-geral-ordinaria\/"]}]},{"@type":"ImageObject","inLanguage":"pt-BR","@id":"https:\/\/www.institutodeengenharia.org.br\/site\/2024\/03\/28\/associado-atencao-para-convocacao-assembleia-geral-ordinaria\/#primaryimage","url":"https:\/\/www.institutodeengenharia.org.br\/site\/wp-content\/uploads\/2024\/03\/ASSEMBLEIA.png","contentUrl":"https:\/\/www.institutodeengenharia.org.br\/site\/wp-content\/uploads\/2024\/03\/ASSEMBLEIA.png","width":1920,"height":1080},{"@type":"BreadcrumbList","@id":"https:\/\/www.institutodeengenharia.org.br\/site\/2024\/03\/28\/associado-atencao-para-convocacao-assembleia-geral-ordinaria\/#breadcrumb","itemListElement":[{"@type":"ListItem","position":1,"name":"In\u00edcio","item":"https:\/\/www.institutodeengenharia.org.br\/site\/"},{"@type":"ListItem","position":2,"name":"Associado, aten\u00e7\u00e3o para convoca\u00e7\u00e3o &#8211; Assembleia Geral Ordin\u00e1ria"}]},{"@type":"WebSite","@id":"https:\/\/www.institutodeengenharia.org.br\/site\/#website","url":"https:\/\/www.institutodeengenharia.org.br\/site\/","name":"Instituto de Engenharia","description":"O Instituto de Engenharia promove a Engenharia em benef\u00edcio do desenvolvimento e da qualidade de vida da sociedade.","publisher":{"@id":"https:\/\/www.institutodeengenharia.org.br\/site\/#organization"},"potentialAction":[{"@type":"SearchAction","target":{"@type":"EntryPoint","urlTemplate":"https:\/\/www.institutodeengenharia.org.br\/site\/?s={search_term_string}"},"query-input":{"@type":"PropertyValueSpecification","valueRequired":true,"valueName":"search_term_string"}}],"inLanguage":"pt-BR"},{"@type":"Organization","@id":"https:\/\/www.institutodeengenharia.org.br\/site\/#organization","name":"Instituto de Engenharia","url":"https:\/\/www.institutodeengenharia.org.br\/site\/","logo":{"@type":"ImageObject","inLanguage":"pt-BR","@id":"https:\/\/www.institutodeengenharia.org.br\/site\/#\/schema\/logo\/image\/","url":"https:\/\/www.institutodeengenharia.org.br\/site\/wp-content\/uploads\/2019\/03\/logo-novo-IE2018-1.jpg","contentUrl":"https:\/\/www.institutodeengenharia.org.br\/site\/wp-content\/uploads\/2019\/03\/logo-novo-IE2018-1.jpg","width":1486,"height":1879,"caption":"Instituto de Engenharia"},"image":{"@id":"https:\/\/www.institutodeengenharia.org.br\/site\/#\/schema\/logo\/image\/"},"sameAs":["https:\/\/www.facebook.com\/institutodeengenharia","https:\/\/x.com\/iengenharia","https:\/\/www.instagram.com\/institutodeengenharia\/","https:\/\/www.linkedin.com\/company\/instituto-de-engenharia\/","https:\/\/www.youtube.com\/channel\/UCXiCAlsSMe977vamW915HxA"]},{"@type":"Person","@id":"https:\/\/www.institutodeengenharia.org.br\/site\/#\/schema\/person\/593dc356630173a4877a635d3e5fd76b","name":"Isabel","image":{"@type":"ImageObject","inLanguage":"pt-BR","@id":"https:\/\/secure.gravatar.com\/avatar\/f3c521db63ec9db17894f10a88c6a3cf95b2281d7f80eeb3cf3ef1cb091576e7?s=96&d=mm&r=g","url":"https:\/\/secure.gravatar.com\/avatar\/f3c521db63ec9db17894f10a88c6a3cf95b2281d7f80eeb3cf3ef1cb091576e7?s=96&d=mm&r=g","contentUrl":"https:\/\/secure.gravatar.com\/avatar\/f3c521db63ec9db17894f10a88c6a3cf95b2281d7f80eeb3cf3ef1cb091576e7?s=96&d=mm&r=g","caption":"Isabel"},"url":"https:\/\/www.institutodeengenharia.org.br\/site\/author\/comunicacao2\/"}]}},"_links":{"self":[{"href":"https:\/\/www.institutodeengenharia.org.br\/site\/wp-json\/wp\/v2\/posts\/117528","targetHints":{"allow":["GET"]}}],"collection":[{"href":"https:\/\/www.institutodeengenharia.org.br\/site\/wp-json\/wp\/v2\/posts"}],"about":[{"href":"https:\/\/www.institutodeengenharia.org.br\/site\/wp-json\/wp\/v2\/types\/post"}],"author":[{"embeddable":true,"href":"https:\/\/www.institutodeengenharia.org.br\/site\/wp-json\/wp\/v2\/users\/14"}],"replies":[{"embeddable":true,"href":"https:\/\/www.institutodeengenharia.org.br\/site\/wp-json\/wp\/v2\/comments?post=117528"}],"version-history":[{"count":2,"href":"https:\/\/www.institutodeengenharia.org.br\/site\/wp-json\/wp\/v2\/posts\/117528\/revisions"}],"predecessor-version":[{"id":117532,"href":"https:\/\/www.institutodeengenharia.org.br\/site\/wp-json\/wp\/v2\/posts\/117528\/revisions\/117532"}],"wp:featuredmedia":[{"embeddable":true,"href":"https:\/\/www.institutodeengenharia.org.br\/site\/wp-json\/wp\/v2\/media\/117530"}],"wp:attachment":[{"href":"https:\/\/www.institutodeengenharia.org.br\/site\/wp-json\/wp\/v2\/media?parent=117528"}],"wp:term":[{"taxonomy":"category","embeddable":true,"href":"https:\/\/www.institutodeengenharia.org.br\/site\/wp-json\/wp\/v2\/categories?post=117528"},{"taxonomy":"post_tag","embeddable":true,"href":"https:\/\/www.institutodeengenharia.org.br\/site\/wp-json\/wp\/v2\/tags?post=117528"}],"curies":[{"name":"wp","href":"https:\/\/api.w.org\/{rel}","templated":true}]}}