{"id":117342,"date":"2024-03-12T10:49:53","date_gmt":"2024-03-12T13:49:53","guid":{"rendered":"https:\/\/www.institutodeengenharia.org.br\/site\/?p=117342"},"modified":"2024-03-12T11:19:25","modified_gmt":"2024-03-12T14:19:25","slug":"gilberto-kassab-recebe-diretoria-do-ie-no-palacio-dos-bandeirantes","status":"publish","type":"post","link":"https:\/\/www.institutodeengenharia.org.br\/site\/2024\/03\/12\/gilberto-kassab-recebe-diretoria-do-ie-no-palacio-dos-bandeirantes\/","title":{"rendered":"Gilberto Kassab recebe diretoria executiva do IE no Pal\u00e1cio dos Bandeirantes"},"content":{"rendered":"<p>O presidente do Instituto de Engenharia, Jos\u00e9 Eduardo Jardim, e membros de sua diretoria, estiveram, nesta ter\u00e7a (11), no Pal\u00e1cio dos Bandeirantes para um encontro com o secret\u00e1rio de Governo e Rela\u00e7\u00f5es Institucionais do Estado de S\u00e3o Paulo, Gilberto Kassab.<\/p>\n<p>O objetivo do encontro foi apresentar projetos importantes para a popula\u00e7\u00e3o do estado, que podem ser debatidos pelo Instituto de Engenharia. Ivan Whately, VP de Atividades T\u00e9cnicas do IE, ressaltou alguns temas, como o a liga\u00e7\u00e3o da capital paulista \u00e0 Baixada Santista pelo T\u00fanel Santos \u2013 Guaruj\u00e1; o Aerom\u00f3vel; o VLT &#8211; no centro de S\u00e3o Paulo -, e a cria\u00e7\u00e3o de uma Autoridade Metropolitana.<\/p>\n<p>Outro assunto em quest\u00e3o foi a Semana Nacional de Engenharia, que acontecer\u00e1 na sede da entidade no m\u00eas de junho, cuja realiza\u00e7\u00e3o \u00e9 em parceira com a Central de Not\u00edcias da Constru\u00e7\u00e3o (ConVis\u00e3o CNC).<\/p>\n<p>O diretor da CNC, Regis Gehlen Oliveira, convidado pelo IE para o encontro, explicou os detalhes do evento e ressaltou que \u00e9 uma oportunidade para os profissionais do setor conhecerem o que est\u00e1 sendo feito de positivo pelos \u00f3rg\u00e3os p\u00fablicos e iniciativa privada em termos de projetos, obras e solu\u00e7\u00f5es de Engenharia, abrangendo constru\u00e7\u00f5es, servi\u00e7os, equipamentos, materiais e tecnologias.<\/p>\n<p>J\u00e1 Miriana Marques, VP de Adm. e Finan\u00e7as do IE, pontuou que h\u00e1 importantes obras e projetos em realiza\u00e7\u00e3o pelo governo e pelas prefeituras do estado de S\u00e3o Paulo, que beneficiam muito a sociedade, e podem ser apresentadas na Semana Nacional de Engenharia.<\/p>\n<p>Na oportunidade, Marcelo Rozenberg, conselheiro do IE, encaminhou ao secret\u00e1rio uma proposta sobre Irradia\u00e7\u00e3o de Alimentos, que vem sendo discutido por um Grupo de Trabalho da Casa.<\/p>\n<p><strong>Para saber mais sobre a Semana Nacional de Engenharia, <a href=\"https:\/\/www.institutodeengenharia.org.br\/site\/events\/semana-nacional-da-engenharia\/\">clique aqui<\/a>.<\/strong><\/p>\n<p><em>*Com informa\u00e7\u00f5es CNC.<\/em><\/p>\n","protected":false},"excerpt":{"rendered":"<p>O presidente do Instituto de Engenharia, Jos\u00e9 Eduardo Jardim, e membros de sua diretoria, estiveram, nesta ter\u00e7a (11), no Pal\u00e1cio dos Bandeirantes para um encontro com o secret\u00e1rio de Governo e Rela\u00e7\u00f5es Institucionais do Estado de S\u00e3o Paulo, Gilberto Kassab. O objetivo do encontro foi apresentar projetos importantes para a popula\u00e7\u00e3o do estado, que podem [&hellip;]<\/p>\n","protected":false},"author":14,"featured_media":117344,"comment_status":"open","ping_status":"open","sticky":false,"template":"","format":"standard","meta":{"footnotes":""},"categories":[27,6,141],"tags":[],"class_list":{"0":"post-117342","1":"post","2":"type-post","3":"status-publish","4":"format-standard","5":"has-post-thumbnail","7":"category-instituto-de-engenharia","8":"category-noticias","9":"category-noticias-menu"},"yoast_head":"<!-- This site is optimized with the Yoast SEO plugin v27.2 - https:\/\/yoast.com\/product\/yoast-seo-wordpress\/ -->\n<title>Gilberto Kassab recebe diretoria executiva do IE no Pal\u00e1cio dos Bandeirantes - Instituto de Engenharia<\/title>\n<meta name=\"robots\" content=\"index, follow, max-snippet:-1, max-image-preview:large, max-video-preview:-1\" \/>\n<link rel=\"canonical\" href=\"https:\/\/www.institutodeengenharia.org.br\/site\/2024\/03\/12\/gilberto-kassab-recebe-diretoria-do-ie-no-palacio-dos-bandeirantes\/\" \/>\n<meta property=\"og:locale\" content=\"pt_BR\" \/>\n<meta property=\"og:type\" content=\"article\" \/>\n<meta property=\"og:title\" content=\"Gilberto Kassab recebe diretoria executiva do IE no Pal\u00e1cio dos Bandeirantes - Instituto de Engenharia\" \/>\n<meta property=\"og:description\" content=\"O presidente do Instituto de Engenharia, Jos\u00e9 Eduardo Jardim, e membros de sua diretoria, estiveram, nesta ter\u00e7a (11), no Pal\u00e1cio dos Bandeirantes para um encontro com o secret\u00e1rio de Governo e Rela\u00e7\u00f5es Institucionais do Estado de S\u00e3o Paulo, Gilberto Kassab. O objetivo do encontro foi apresentar projetos importantes para a popula\u00e7\u00e3o do estado, que podem [&hellip;]\" \/>\n<meta property=\"og:url\" content=\"https:\/\/www.institutodeengenharia.org.br\/site\/2024\/03\/12\/gilberto-kassab-recebe-diretoria-do-ie-no-palacio-dos-bandeirantes\/\" \/>\n<meta property=\"og:site_name\" content=\"Instituto de Engenharia\" \/>\n<meta property=\"article:publisher\" content=\"https:\/\/www.facebook.com\/institutodeengenharia\" \/>\n<meta property=\"article:published_time\" content=\"2024-03-12T13:49:53+00:00\" \/>\n<meta property=\"article:modified_time\" content=\"2024-03-12T14:19:25+00:00\" \/>\n<meta property=\"og:image\" content=\"https:\/\/www.institutodeengenharia.org.br\/site\/wp-content\/uploads\/2024\/03\/kassab_ie.png\" \/>\n\t<meta property=\"og:image:width\" content=\"423\" \/>\n\t<meta property=\"og:image:height\" content=\"262\" \/>\n\t<meta property=\"og:image:type\" content=\"image\/png\" \/>\n<meta name=\"author\" content=\"Isabel\" \/>\n<meta name=\"twitter:card\" content=\"summary_large_image\" \/>\n<meta name=\"twitter:creator\" content=\"@iengenharia\" \/>\n<meta name=\"twitter:site\" content=\"@iengenharia\" \/>\n<meta name=\"twitter:label1\" content=\"Escrito por\" \/>\n\t<meta name=\"twitter:data1\" content=\"Isabel\" \/>\n\t<meta name=\"twitter:label2\" content=\"Est. tempo de leitura\" \/>\n\t<meta name=\"twitter:data2\" content=\"2 minutos\" \/>\n<script type=\"application\/ld+json\" class=\"yoast-schema-graph\">{\"@context\":\"https:\/\/schema.org\",\"@graph\":[{\"@type\":\"Article\",\"@id\":\"https:\/\/www.institutodeengenharia.org.br\/site\/2024\/03\/12\/gilberto-kassab-recebe-diretoria-do-ie-no-palacio-dos-bandeirantes\/#article\",\"isPartOf\":{\"@id\":\"https:\/\/www.institutodeengenharia.org.br\/site\/2024\/03\/12\/gilberto-kassab-recebe-diretoria-do-ie-no-palacio-dos-bandeirantes\/\"},\"author\":{\"name\":\"Isabel\",\"@id\":\"https:\/\/www.institutodeengenharia.org.br\/site\/#\/schema\/person\/593dc356630173a4877a635d3e5fd76b\"},\"headline\":\"Gilberto Kassab recebe diretoria executiva do IE no Pal\u00e1cio dos Bandeirantes\",\"datePublished\":\"2024-03-12T13:49:53+00:00\",\"dateModified\":\"2024-03-12T14:19:25+00:00\",\"mainEntityOfPage\":{\"@id\":\"https:\/\/www.institutodeengenharia.org.br\/site\/2024\/03\/12\/gilberto-kassab-recebe-diretoria-do-ie-no-palacio-dos-bandeirantes\/\"},\"wordCount\":318,\"commentCount\":0,\"publisher\":{\"@id\":\"https:\/\/www.institutodeengenharia.org.br\/site\/#organization\"},\"image\":{\"@id\":\"https:\/\/www.institutodeengenharia.org.br\/site\/2024\/03\/12\/gilberto-kassab-recebe-diretoria-do-ie-no-palacio-dos-bandeirantes\/#primaryimage\"},\"thumbnailUrl\":\"https:\/\/www.institutodeengenharia.org.br\/site\/wp-content\/uploads\/2024\/03\/kassab_ie.png\",\"articleSection\":[\"Instituto de Engenharia\",\"Not\u00edcias\",\"Not\u00edcias\"],\"inLanguage\":\"pt-BR\",\"potentialAction\":[{\"@type\":\"CommentAction\",\"name\":\"Comment\",\"target\":[\"https:\/\/www.institutodeengenharia.org.br\/site\/2024\/03\/12\/gilberto-kassab-recebe-diretoria-do-ie-no-palacio-dos-bandeirantes\/#respond\"]}]},{\"@type\":\"WebPage\",\"@id\":\"https:\/\/www.institutodeengenharia.org.br\/site\/2024\/03\/12\/gilberto-kassab-recebe-diretoria-do-ie-no-palacio-dos-bandeirantes\/\",\"url\":\"https:\/\/www.institutodeengenharia.org.br\/site\/2024\/03\/12\/gilberto-kassab-recebe-diretoria-do-ie-no-palacio-dos-bandeirantes\/\",\"name\":\"Gilberto Kassab recebe diretoria executiva do IE no Pal\u00e1cio dos Bandeirantes - Instituto de Engenharia\",\"isPartOf\":{\"@id\":\"https:\/\/www.institutodeengenharia.org.br\/site\/#website\"},\"primaryImageOfPage\":{\"@id\":\"https:\/\/www.institutodeengenharia.org.br\/site\/2024\/03\/12\/gilberto-kassab-recebe-diretoria-do-ie-no-palacio-dos-bandeirantes\/#primaryimage\"},\"image\":{\"@id\":\"https:\/\/www.institutodeengenharia.org.br\/site\/2024\/03\/12\/gilberto-kassab-recebe-diretoria-do-ie-no-palacio-dos-bandeirantes\/#primaryimage\"},\"thumbnailUrl\":\"https:\/\/www.institutodeengenharia.org.br\/site\/wp-content\/uploads\/2024\/03\/kassab_ie.png\",\"datePublished\":\"2024-03-12T13:49:53+00:00\",\"dateModified\":\"2024-03-12T14:19:25+00:00\",\"breadcrumb\":{\"@id\":\"https:\/\/www.institutodeengenharia.org.br\/site\/2024\/03\/12\/gilberto-kassab-recebe-diretoria-do-ie-no-palacio-dos-bandeirantes\/#breadcrumb\"},\"inLanguage\":\"pt-BR\",\"potentialAction\":[{\"@type\":\"ReadAction\",\"target\":[\"https:\/\/www.institutodeengenharia.org.br\/site\/2024\/03\/12\/gilberto-kassab-recebe-diretoria-do-ie-no-palacio-dos-bandeirantes\/\"]}]},{\"@type\":\"ImageObject\",\"inLanguage\":\"pt-BR\",\"@id\":\"https:\/\/www.institutodeengenharia.org.br\/site\/2024\/03\/12\/gilberto-kassab-recebe-diretoria-do-ie-no-palacio-dos-bandeirantes\/#primaryimage\",\"url\":\"https:\/\/www.institutodeengenharia.org.br\/site\/wp-content\/uploads\/2024\/03\/kassab_ie.png\",\"contentUrl\":\"https:\/\/www.institutodeengenharia.org.br\/site\/wp-content\/uploads\/2024\/03\/kassab_ie.png\",\"width\":423,\"height\":262,\"caption\":\"Da esq. p\/ dir.: Lawrence Koo, VP de Rela\u00e7\u00f5es Externas IE, Regis Gehlen Oliveira, diretor da CNC; Miriana Marques, VP Adm. Finan\u00e7as IE,; Gilberto Kassab, secret\u00e1rio de Governo; Jos\u00e9 Eduardo Jardim, presidente IE; Ivan Whately, VP Atividades T\u00e9cncias IE, e Marcelo Rozenberg, conselheiro IE.\"},{\"@type\":\"BreadcrumbList\",\"@id\":\"https:\/\/www.institutodeengenharia.org.br\/site\/2024\/03\/12\/gilberto-kassab-recebe-diretoria-do-ie-no-palacio-dos-bandeirantes\/#breadcrumb\",\"itemListElement\":[{\"@type\":\"ListItem\",\"position\":1,\"name\":\"In\u00edcio\",\"item\":\"https:\/\/www.institutodeengenharia.org.br\/site\/\"},{\"@type\":\"ListItem\",\"position\":2,\"name\":\"Gilberto Kassab recebe diretoria executiva do IE no Pal\u00e1cio dos Bandeirantes\"}]},{\"@type\":\"WebSite\",\"@id\":\"https:\/\/www.institutodeengenharia.org.br\/site\/#website\",\"url\":\"https:\/\/www.institutodeengenharia.org.br\/site\/\",\"name\":\"Instituto de Engenharia\",\"description\":\"O Instituto de Engenharia promove a Engenharia em benef\u00edcio do desenvolvimento e da qualidade de vida da sociedade.\",\"publisher\":{\"@id\":\"https:\/\/www.institutodeengenharia.org.br\/site\/#organization\"},\"potentialAction\":[{\"@type\":\"SearchAction\",\"target\":{\"@type\":\"EntryPoint\",\"urlTemplate\":\"https:\/\/www.institutodeengenharia.org.br\/site\/?s={search_term_string}\"},\"query-input\":{\"@type\":\"PropertyValueSpecification\",\"valueRequired\":true,\"valueName\":\"search_term_string\"}}],\"inLanguage\":\"pt-BR\"},{\"@type\":\"Organization\",\"@id\":\"https:\/\/www.institutodeengenharia.org.br\/site\/#organization\",\"name\":\"Instituto de Engenharia\",\"url\":\"https:\/\/www.institutodeengenharia.org.br\/site\/\",\"logo\":{\"@type\":\"ImageObject\",\"inLanguage\":\"pt-BR\",\"@id\":\"https:\/\/www.institutodeengenharia.org.br\/site\/#\/schema\/logo\/image\/\",\"url\":\"https:\/\/www.institutodeengenharia.org.br\/site\/wp-content\/uploads\/2019\/03\/logo-novo-IE2018-1.jpg\",\"contentUrl\":\"https:\/\/www.institutodeengenharia.org.br\/site\/wp-content\/uploads\/2019\/03\/logo-novo-IE2018-1.jpg\",\"width\":1486,\"height\":1879,\"caption\":\"Instituto de Engenharia\"},\"image\":{\"@id\":\"https:\/\/www.institutodeengenharia.org.br\/site\/#\/schema\/logo\/image\/\"},\"sameAs\":[\"https:\/\/www.facebook.com\/institutodeengenharia\",\"https:\/\/x.com\/iengenharia\",\"https:\/\/www.instagram.com\/institutodeengenharia\/\",\"https:\/\/www.linkedin.com\/company\/instituto-de-engenharia\/\",\"https:\/\/www.youtube.com\/channel\/UCXiCAlsSMe977vamW915HxA\"]},{\"@type\":\"Person\",\"@id\":\"https:\/\/www.institutodeengenharia.org.br\/site\/#\/schema\/person\/593dc356630173a4877a635d3e5fd76b\",\"name\":\"Isabel\",\"image\":{\"@type\":\"ImageObject\",\"inLanguage\":\"pt-BR\",\"@id\":\"https:\/\/secure.gravatar.com\/avatar\/f3c521db63ec9db17894f10a88c6a3cf95b2281d7f80eeb3cf3ef1cb091576e7?s=96&d=mm&r=g\",\"url\":\"https:\/\/secure.gravatar.com\/avatar\/f3c521db63ec9db17894f10a88c6a3cf95b2281d7f80eeb3cf3ef1cb091576e7?s=96&d=mm&r=g\",\"contentUrl\":\"https:\/\/secure.gravatar.com\/avatar\/f3c521db63ec9db17894f10a88c6a3cf95b2281d7f80eeb3cf3ef1cb091576e7?s=96&d=mm&r=g\",\"caption\":\"Isabel\"},\"url\":\"https:\/\/www.institutodeengenharia.org.br\/site\/author\/comunicacao2\/\"}]}<\/script>\n<!-- \/ Yoast SEO plugin. -->","yoast_head_json":{"title":"Gilberto Kassab recebe diretoria executiva do IE no Pal\u00e1cio dos Bandeirantes - Instituto de Engenharia","robots":{"index":"index","follow":"follow","max-snippet":"max-snippet:-1","max-image-preview":"max-image-preview:large","max-video-preview":"max-video-preview:-1"},"canonical":"https:\/\/www.institutodeengenharia.org.br\/site\/2024\/03\/12\/gilberto-kassab-recebe-diretoria-do-ie-no-palacio-dos-bandeirantes\/","og_locale":"pt_BR","og_type":"article","og_title":"Gilberto Kassab recebe diretoria executiva do IE no Pal\u00e1cio dos Bandeirantes - Instituto de Engenharia","og_description":"O presidente do Instituto de Engenharia, Jos\u00e9 Eduardo Jardim, e membros de sua diretoria, estiveram, nesta ter\u00e7a (11), no Pal\u00e1cio dos Bandeirantes para um encontro com o secret\u00e1rio de Governo e Rela\u00e7\u00f5es Institucionais do Estado de S\u00e3o Paulo, Gilberto Kassab. O objetivo do encontro foi apresentar projetos importantes para a popula\u00e7\u00e3o do estado, que podem [&hellip;]","og_url":"https:\/\/www.institutodeengenharia.org.br\/site\/2024\/03\/12\/gilberto-kassab-recebe-diretoria-do-ie-no-palacio-dos-bandeirantes\/","og_site_name":"Instituto de Engenharia","article_publisher":"https:\/\/www.facebook.com\/institutodeengenharia","article_published_time":"2024-03-12T13:49:53+00:00","article_modified_time":"2024-03-12T14:19:25+00:00","og_image":[{"width":423,"height":262,"url":"https:\/\/www.institutodeengenharia.org.br\/site\/wp-content\/uploads\/2024\/03\/kassab_ie.png","type":"image\/png"}],"author":"Isabel","twitter_card":"summary_large_image","twitter_creator":"@iengenharia","twitter_site":"@iengenharia","twitter_misc":{"Escrito por":"Isabel","Est. tempo de leitura":"2 minutos"},"schema":{"@context":"https:\/\/schema.org","@graph":[{"@type":"Article","@id":"https:\/\/www.institutodeengenharia.org.br\/site\/2024\/03\/12\/gilberto-kassab-recebe-diretoria-do-ie-no-palacio-dos-bandeirantes\/#article","isPartOf":{"@id":"https:\/\/www.institutodeengenharia.org.br\/site\/2024\/03\/12\/gilberto-kassab-recebe-diretoria-do-ie-no-palacio-dos-bandeirantes\/"},"author":{"name":"Isabel","@id":"https:\/\/www.institutodeengenharia.org.br\/site\/#\/schema\/person\/593dc356630173a4877a635d3e5fd76b"},"headline":"Gilberto Kassab recebe diretoria executiva do IE no Pal\u00e1cio dos Bandeirantes","datePublished":"2024-03-12T13:49:53+00:00","dateModified":"2024-03-12T14:19:25+00:00","mainEntityOfPage":{"@id":"https:\/\/www.institutodeengenharia.org.br\/site\/2024\/03\/12\/gilberto-kassab-recebe-diretoria-do-ie-no-palacio-dos-bandeirantes\/"},"wordCount":318,"commentCount":0,"publisher":{"@id":"https:\/\/www.institutodeengenharia.org.br\/site\/#organization"},"image":{"@id":"https:\/\/www.institutodeengenharia.org.br\/site\/2024\/03\/12\/gilberto-kassab-recebe-diretoria-do-ie-no-palacio-dos-bandeirantes\/#primaryimage"},"thumbnailUrl":"https:\/\/www.institutodeengenharia.org.br\/site\/wp-content\/uploads\/2024\/03\/kassab_ie.png","articleSection":["Instituto de Engenharia","Not\u00edcias","Not\u00edcias"],"inLanguage":"pt-BR","potentialAction":[{"@type":"CommentAction","name":"Comment","target":["https:\/\/www.institutodeengenharia.org.br\/site\/2024\/03\/12\/gilberto-kassab-recebe-diretoria-do-ie-no-palacio-dos-bandeirantes\/#respond"]}]},{"@type":"WebPage","@id":"https:\/\/www.institutodeengenharia.org.br\/site\/2024\/03\/12\/gilberto-kassab-recebe-diretoria-do-ie-no-palacio-dos-bandeirantes\/","url":"https:\/\/www.institutodeengenharia.org.br\/site\/2024\/03\/12\/gilberto-kassab-recebe-diretoria-do-ie-no-palacio-dos-bandeirantes\/","name":"Gilberto Kassab recebe diretoria executiva do IE no Pal\u00e1cio dos Bandeirantes - Instituto de Engenharia","isPartOf":{"@id":"https:\/\/www.institutodeengenharia.org.br\/site\/#website"},"primaryImageOfPage":{"@id":"https:\/\/www.institutodeengenharia.org.br\/site\/2024\/03\/12\/gilberto-kassab-recebe-diretoria-do-ie-no-palacio-dos-bandeirantes\/#primaryimage"},"image":{"@id":"https:\/\/www.institutodeengenharia.org.br\/site\/2024\/03\/12\/gilberto-kassab-recebe-diretoria-do-ie-no-palacio-dos-bandeirantes\/#primaryimage"},"thumbnailUrl":"https:\/\/www.institutodeengenharia.org.br\/site\/wp-content\/uploads\/2024\/03\/kassab_ie.png","datePublished":"2024-03-12T13:49:53+00:00","dateModified":"2024-03-12T14:19:25+00:00","breadcrumb":{"@id":"https:\/\/www.institutodeengenharia.org.br\/site\/2024\/03\/12\/gilberto-kassab-recebe-diretoria-do-ie-no-palacio-dos-bandeirantes\/#breadcrumb"},"inLanguage":"pt-BR","potentialAction":[{"@type":"ReadAction","target":["https:\/\/www.institutodeengenharia.org.br\/site\/2024\/03\/12\/gilberto-kassab-recebe-diretoria-do-ie-no-palacio-dos-bandeirantes\/"]}]},{"@type":"ImageObject","inLanguage":"pt-BR","@id":"https:\/\/www.institutodeengenharia.org.br\/site\/2024\/03\/12\/gilberto-kassab-recebe-diretoria-do-ie-no-palacio-dos-bandeirantes\/#primaryimage","url":"https:\/\/www.institutodeengenharia.org.br\/site\/wp-content\/uploads\/2024\/03\/kassab_ie.png","contentUrl":"https:\/\/www.institutodeengenharia.org.br\/site\/wp-content\/uploads\/2024\/03\/kassab_ie.png","width":423,"height":262,"caption":"Da esq. p\/ dir.: Lawrence Koo, VP de Rela\u00e7\u00f5es Externas IE, Regis Gehlen Oliveira, diretor da CNC; Miriana Marques, VP Adm. Finan\u00e7as IE,; Gilberto Kassab, secret\u00e1rio de Governo; Jos\u00e9 Eduardo Jardim, presidente IE; Ivan Whately, VP Atividades T\u00e9cncias IE, e Marcelo Rozenberg, conselheiro IE."},{"@type":"BreadcrumbList","@id":"https:\/\/www.institutodeengenharia.org.br\/site\/2024\/03\/12\/gilberto-kassab-recebe-diretoria-do-ie-no-palacio-dos-bandeirantes\/#breadcrumb","itemListElement":[{"@type":"ListItem","position":1,"name":"In\u00edcio","item":"https:\/\/www.institutodeengenharia.org.br\/site\/"},{"@type":"ListItem","position":2,"name":"Gilberto Kassab recebe diretoria executiva do IE no Pal\u00e1cio dos Bandeirantes"}]},{"@type":"WebSite","@id":"https:\/\/www.institutodeengenharia.org.br\/site\/#website","url":"https:\/\/www.institutodeengenharia.org.br\/site\/","name":"Instituto de Engenharia","description":"O Instituto de Engenharia promove a Engenharia em benef\u00edcio do desenvolvimento e da qualidade de vida da sociedade.","publisher":{"@id":"https:\/\/www.institutodeengenharia.org.br\/site\/#organization"},"potentialAction":[{"@type":"SearchAction","target":{"@type":"EntryPoint","urlTemplate":"https:\/\/www.institutodeengenharia.org.br\/site\/?s={search_term_string}"},"query-input":{"@type":"PropertyValueSpecification","valueRequired":true,"valueName":"search_term_string"}}],"inLanguage":"pt-BR"},{"@type":"Organization","@id":"https:\/\/www.institutodeengenharia.org.br\/site\/#organization","name":"Instituto de Engenharia","url":"https:\/\/www.institutodeengenharia.org.br\/site\/","logo":{"@type":"ImageObject","inLanguage":"pt-BR","@id":"https:\/\/www.institutodeengenharia.org.br\/site\/#\/schema\/logo\/image\/","url":"https:\/\/www.institutodeengenharia.org.br\/site\/wp-content\/uploads\/2019\/03\/logo-novo-IE2018-1.jpg","contentUrl":"https:\/\/www.institutodeengenharia.org.br\/site\/wp-content\/uploads\/2019\/03\/logo-novo-IE2018-1.jpg","width":1486,"height":1879,"caption":"Instituto de Engenharia"},"image":{"@id":"https:\/\/www.institutodeengenharia.org.br\/site\/#\/schema\/logo\/image\/"},"sameAs":["https:\/\/www.facebook.com\/institutodeengenharia","https:\/\/x.com\/iengenharia","https:\/\/www.instagram.com\/institutodeengenharia\/","https:\/\/www.linkedin.com\/company\/instituto-de-engenharia\/","https:\/\/www.youtube.com\/channel\/UCXiCAlsSMe977vamW915HxA"]},{"@type":"Person","@id":"https:\/\/www.institutodeengenharia.org.br\/site\/#\/schema\/person\/593dc356630173a4877a635d3e5fd76b","name":"Isabel","image":{"@type":"ImageObject","inLanguage":"pt-BR","@id":"https:\/\/secure.gravatar.com\/avatar\/f3c521db63ec9db17894f10a88c6a3cf95b2281d7f80eeb3cf3ef1cb091576e7?s=96&d=mm&r=g","url":"https:\/\/secure.gravatar.com\/avatar\/f3c521db63ec9db17894f10a88c6a3cf95b2281d7f80eeb3cf3ef1cb091576e7?s=96&d=mm&r=g","contentUrl":"https:\/\/secure.gravatar.com\/avatar\/f3c521db63ec9db17894f10a88c6a3cf95b2281d7f80eeb3cf3ef1cb091576e7?s=96&d=mm&r=g","caption":"Isabel"},"url":"https:\/\/www.institutodeengenharia.org.br\/site\/author\/comunicacao2\/"}]}},"_links":{"self":[{"href":"https:\/\/www.institutodeengenharia.org.br\/site\/wp-json\/wp\/v2\/posts\/117342","targetHints":{"allow":["GET"]}}],"collection":[{"href":"https:\/\/www.institutodeengenharia.org.br\/site\/wp-json\/wp\/v2\/posts"}],"about":[{"href":"https:\/\/www.institutodeengenharia.org.br\/site\/wp-json\/wp\/v2\/types\/post"}],"author":[{"embeddable":true,"href":"https:\/\/www.institutodeengenharia.org.br\/site\/wp-json\/wp\/v2\/users\/14"}],"replies":[{"embeddable":true,"href":"https:\/\/www.institutodeengenharia.org.br\/site\/wp-json\/wp\/v2\/comments?post=117342"}],"version-history":[{"count":5,"href":"https:\/\/www.institutodeengenharia.org.br\/site\/wp-json\/wp\/v2\/posts\/117342\/revisions"}],"predecessor-version":[{"id":117354,"href":"https:\/\/www.institutodeengenharia.org.br\/site\/wp-json\/wp\/v2\/posts\/117342\/revisions\/117354"}],"wp:featuredmedia":[{"embeddable":true,"href":"https:\/\/www.institutodeengenharia.org.br\/site\/wp-json\/wp\/v2\/media\/117344"}],"wp:attachment":[{"href":"https:\/\/www.institutodeengenharia.org.br\/site\/wp-json\/wp\/v2\/media?parent=117342"}],"wp:term":[{"taxonomy":"category","embeddable":true,"href":"https:\/\/www.institutodeengenharia.org.br\/site\/wp-json\/wp\/v2\/categories?post=117342"},{"taxonomy":"post_tag","embeddable":true,"href":"https:\/\/www.institutodeengenharia.org.br\/site\/wp-json\/wp\/v2\/tags?post=117342"}],"curies":[{"name":"wp","href":"https:\/\/api.w.org\/{rel}","templated":true}]}}