{"id":116624,"date":"2024-02-27T11:44:19","date_gmt":"2024-02-27T14:44:19","guid":{"rendered":"https:\/\/www.institutodeengenharia.org.br\/site\/?p=116624"},"modified":"2024-05-28T12:16:36","modified_gmt":"2024-05-28T15:16:36","slug":"podcast-visao-da-engenharia-obras-e-mercados-de-hoteis-no-brasil-1","status":"publish","type":"post","link":"https:\/\/www.institutodeengenharia.org.br\/site\/2024\/02\/27\/podcast-visao-da-engenharia-obras-e-mercados-de-hoteis-no-brasil-1\/","title":{"rendered":"PodCast Vis\u00e3o da Engenharia &#8211; Obras e mercados de h\u00f3teis no Brasil #1"},"content":{"rendered":"<p><iframe loading=\"lazy\" title=\"YouTube video player\" src=\"https:\/\/www.youtube.com\/embed\/khLIAtI-xt4?si=4Ts1LdrZUiSah4lm\" width=\"560\" height=\"315\" frameborder=\"0\" allowfullscreen=\"allowfullscreen\"><\/iframe><\/p>\n<p><span class=\"yt-core-attributed-string yt-core-attributed-string--white-space-pre-wrap\" role=\"text\"><span class=\"yt-core-attributed-string--link-inherit-color\">No podcast Vis\u00e3o da Engenharia, o diretor de desenvolvimento de franquias da rede francesa de hot\u00e9is Accor, R\u00f4mulo Silva, debate com Miriana Marques, VP de Adm. e Finan\u00e7as do IE, Ivan Whately, VP de Atividades T\u00e9cnicas do IE e Regis Gehlen Oliveira, da ConVis\u00e3o CNC, sobre as obras e mercados de h\u00f3teis no Brasil.<\/span><\/span><\/p>\n<p><span class=\"yt-core-attributed-string yt-core-attributed-string--white-space-pre-wrap\" role=\"text\"><span class=\"yt-core-attributed-string--link-inherit-color\">Na conversa, um panorama dos projetos em planejamento e execu\u00e7\u00e3o pelo Brasil, as influ\u00eancias da economia no mercado, os requisitos b\u00e1sicos para um bom projeto de hotel, as t\u00e9cnicas de arquitetura e engenharia hoje utilizadas, os tipos de hot\u00e9is relacionados com os diferentes p\u00fablicos, os diferentes modelos de neg\u00f3cios do setor, os cuidados em todas as etapas de desenvolvimento de um empreendimento, os nichos com maior potencial de mercado no momento, a situa\u00e7\u00e3o e a tend\u00eancia do consumo de vinhos nos hot\u00e9is e muito mais.<\/span><\/span><\/p>\n<div id=\"snippet\" class=\"style-scope ytd-text-inline-expander\">Essa s\u00e9rie de v\u00eddeos faz parte da Semana Nacional da Engenharia, que acontecer\u00e1 do dia 26 de agosto a 1\u00ba de setembro. <a href=\"https:\/\/www.institutodeengenharia.org.br\/site\/events\/semana-nacional-da-engenharia\/\"><strong>Clique aqui para saber mais e fazer sua inscri\u00e7\u00e3o.<\/strong><\/a><\/div>\n","protected":false},"excerpt":{"rendered":"<p>No podcast Vis\u00e3o da Engenharia, o diretor de desenvolvimento de franquias da rede francesa de hot\u00e9is Accor, R\u00f4mulo Silva, debate com Miriana Marques, VP de Adm. e Finan\u00e7as do IE, Ivan Whately, VP de Atividades T\u00e9cnicas do IE e Regis Gehlen Oliveira, da ConVis\u00e3o CNC, sobre as obras e mercados de h\u00f3teis no Brasil. Na [&hellip;]<\/p>\n","protected":false},"author":13,"featured_media":117844,"comment_status":"open","ping_status":"open","sticky":false,"template":"","format":"video","meta":{"footnotes":""},"categories":[968,970],"tags":[1176],"class_list":{"0":"post-116624","1":"post","2":"type-post","3":"status-publish","4":"format-video","5":"has-post-thumbnail","7":"category-nova-tv-engenharia","8":"category-seminario","9":"tag-video-home","10":"post_format-post-format-video"},"yoast_head":"<!-- This site is optimized with the Yoast SEO plugin v27.2 - https:\/\/yoast.com\/product\/yoast-seo-wordpress\/ -->\n<title>PodCast Vis\u00e3o da Engenharia - Obras e mercados de h\u00f3teis no Brasil #1 - Instituto de Engenharia<\/title>\n<meta name=\"robots\" content=\"index, follow, max-snippet:-1, max-image-preview:large, max-video-preview:-1\" \/>\n<link rel=\"canonical\" href=\"https:\/\/www.institutodeengenharia.org.br\/site\/2024\/02\/27\/podcast-visao-da-engenharia-obras-e-mercados-de-hoteis-no-brasil-1\/\" \/>\n<meta property=\"og:locale\" content=\"pt_BR\" \/>\n<meta property=\"og:type\" content=\"article\" \/>\n<meta property=\"og:title\" content=\"PodCast Vis\u00e3o da Engenharia - Obras e mercados de h\u00f3teis no Brasil #1 - Instituto de Engenharia\" \/>\n<meta property=\"og:description\" content=\"No podcast Vis\u00e3o da Engenharia, o diretor de desenvolvimento de franquias da rede francesa de hot\u00e9is Accor, R\u00f4mulo Silva, debate com Miriana Marques, VP de Adm. e Finan\u00e7as do IE, Ivan Whately, VP de Atividades T\u00e9cnicas do IE e Regis Gehlen Oliveira, da ConVis\u00e3o CNC, sobre as obras e mercados de h\u00f3teis no Brasil. Na [&hellip;]\" \/>\n<meta property=\"og:url\" content=\"https:\/\/www.institutodeengenharia.org.br\/site\/2024\/02\/27\/podcast-visao-da-engenharia-obras-e-mercados-de-hoteis-no-brasil-1\/\" \/>\n<meta property=\"og:site_name\" content=\"Instituto de Engenharia\" \/>\n<meta property=\"article:publisher\" content=\"https:\/\/www.facebook.com\/institutodeengenharia\" \/>\n<meta property=\"article:published_time\" content=\"2024-02-27T14:44:19+00:00\" \/>\n<meta property=\"article:modified_time\" content=\"2024-05-28T15:16:36+00:00\" \/>\n<meta property=\"og:image\" content=\"https:\/\/www.institutodeengenharia.org.br\/site\/wp-content\/uploads\/2024\/02\/MicrosoftTeams-image-407.png\" \/>\n\t<meta property=\"og:image:width\" content=\"1280\" \/>\n\t<meta property=\"og:image:height\" content=\"720\" \/>\n\t<meta property=\"og:image:type\" content=\"image\/png\" \/>\n<meta name=\"author\" content=\"Bianca\" \/>\n<meta name=\"twitter:card\" content=\"summary_large_image\" \/>\n<meta name=\"twitter:creator\" content=\"@iengenharia\" \/>\n<meta name=\"twitter:site\" content=\"@iengenharia\" \/>\n<meta name=\"twitter:label1\" content=\"Escrito por\" \/>\n\t<meta name=\"twitter:data1\" content=\"Bianca\" \/>\n\t<meta name=\"twitter:label2\" content=\"Est. tempo de leitura\" \/>\n\t<meta name=\"twitter:data2\" content=\"2 minutos\" \/>\n<script type=\"application\/ld+json\" class=\"yoast-schema-graph\">{\"@context\":\"https:\/\/schema.org\",\"@graph\":[{\"@type\":\"Article\",\"@id\":\"https:\/\/www.institutodeengenharia.org.br\/site\/2024\/02\/27\/podcast-visao-da-engenharia-obras-e-mercados-de-hoteis-no-brasil-1\/#article\",\"isPartOf\":{\"@id\":\"https:\/\/www.institutodeengenharia.org.br\/site\/2024\/02\/27\/podcast-visao-da-engenharia-obras-e-mercados-de-hoteis-no-brasil-1\/\"},\"author\":{\"name\":\"Bianca\",\"@id\":\"https:\/\/www.institutodeengenharia.org.br\/site\/#\/schema\/person\/aeb64951c405e100d26d30b033dd423f\"},\"headline\":\"PodCast Vis\u00e3o da Engenharia &#8211; Obras e mercados de h\u00f3teis no Brasil #1\",\"datePublished\":\"2024-02-27T14:44:19+00:00\",\"dateModified\":\"2024-05-28T15:16:36+00:00\",\"mainEntityOfPage\":{\"@id\":\"https:\/\/www.institutodeengenharia.org.br\/site\/2024\/02\/27\/podcast-visao-da-engenharia-obras-e-mercados-de-hoteis-no-brasil-1\/\"},\"wordCount\":202,\"commentCount\":0,\"publisher\":{\"@id\":\"https:\/\/www.institutodeengenharia.org.br\/site\/#organization\"},\"image\":{\"@id\":\"https:\/\/www.institutodeengenharia.org.br\/site\/2024\/02\/27\/podcast-visao-da-engenharia-obras-e-mercados-de-hoteis-no-brasil-1\/#primaryimage\"},\"thumbnailUrl\":\"https:\/\/www.institutodeengenharia.org.br\/site\/wp-content\/uploads\/2024\/02\/MicrosoftTeams-image-407.png\",\"keywords\":[\"video-home\"],\"articleSection\":[\"Nova TV Engenharia\",\"Semin\u00e1rio\"],\"inLanguage\":\"pt-BR\",\"potentialAction\":[{\"@type\":\"CommentAction\",\"name\":\"Comment\",\"target\":[\"https:\/\/www.institutodeengenharia.org.br\/site\/2024\/02\/27\/podcast-visao-da-engenharia-obras-e-mercados-de-hoteis-no-brasil-1\/#respond\"]}]},{\"@type\":\"WebPage\",\"@id\":\"https:\/\/www.institutodeengenharia.org.br\/site\/2024\/02\/27\/podcast-visao-da-engenharia-obras-e-mercados-de-hoteis-no-brasil-1\/\",\"url\":\"https:\/\/www.institutodeengenharia.org.br\/site\/2024\/02\/27\/podcast-visao-da-engenharia-obras-e-mercados-de-hoteis-no-brasil-1\/\",\"name\":\"PodCast Vis\u00e3o da Engenharia - Obras e mercados de h\u00f3teis no Brasil #1 - Instituto de Engenharia\",\"isPartOf\":{\"@id\":\"https:\/\/www.institutodeengenharia.org.br\/site\/#website\"},\"primaryImageOfPage\":{\"@id\":\"https:\/\/www.institutodeengenharia.org.br\/site\/2024\/02\/27\/podcast-visao-da-engenharia-obras-e-mercados-de-hoteis-no-brasil-1\/#primaryimage\"},\"image\":{\"@id\":\"https:\/\/www.institutodeengenharia.org.br\/site\/2024\/02\/27\/podcast-visao-da-engenharia-obras-e-mercados-de-hoteis-no-brasil-1\/#primaryimage\"},\"thumbnailUrl\":\"https:\/\/www.institutodeengenharia.org.br\/site\/wp-content\/uploads\/2024\/02\/MicrosoftTeams-image-407.png\",\"datePublished\":\"2024-02-27T14:44:19+00:00\",\"dateModified\":\"2024-05-28T15:16:36+00:00\",\"breadcrumb\":{\"@id\":\"https:\/\/www.institutodeengenharia.org.br\/site\/2024\/02\/27\/podcast-visao-da-engenharia-obras-e-mercados-de-hoteis-no-brasil-1\/#breadcrumb\"},\"inLanguage\":\"pt-BR\",\"potentialAction\":[{\"@type\":\"ReadAction\",\"target\":[\"https:\/\/www.institutodeengenharia.org.br\/site\/2024\/02\/27\/podcast-visao-da-engenharia-obras-e-mercados-de-hoteis-no-brasil-1\/\"]}]},{\"@type\":\"ImageObject\",\"inLanguage\":\"pt-BR\",\"@id\":\"https:\/\/www.institutodeengenharia.org.br\/site\/2024\/02\/27\/podcast-visao-da-engenharia-obras-e-mercados-de-hoteis-no-brasil-1\/#primaryimage\",\"url\":\"https:\/\/www.institutodeengenharia.org.br\/site\/wp-content\/uploads\/2024\/02\/MicrosoftTeams-image-407.png\",\"contentUrl\":\"https:\/\/www.institutodeengenharia.org.br\/site\/wp-content\/uploads\/2024\/02\/MicrosoftTeams-image-407.png\",\"width\":1280,\"height\":720},{\"@type\":\"BreadcrumbList\",\"@id\":\"https:\/\/www.institutodeengenharia.org.br\/site\/2024\/02\/27\/podcast-visao-da-engenharia-obras-e-mercados-de-hoteis-no-brasil-1\/#breadcrumb\",\"itemListElement\":[{\"@type\":\"ListItem\",\"position\":1,\"name\":\"In\u00edcio\",\"item\":\"https:\/\/www.institutodeengenharia.org.br\/site\/\"},{\"@type\":\"ListItem\",\"position\":2,\"name\":\"PodCast Vis\u00e3o da Engenharia &#8211; Obras e mercados de h\u00f3teis no Brasil #1\"}]},{\"@type\":\"WebSite\",\"@id\":\"https:\/\/www.institutodeengenharia.org.br\/site\/#website\",\"url\":\"https:\/\/www.institutodeengenharia.org.br\/site\/\",\"name\":\"Instituto de Engenharia\",\"description\":\"O Instituto de Engenharia promove a Engenharia em benef\u00edcio do desenvolvimento e da qualidade de vida da sociedade.\",\"publisher\":{\"@id\":\"https:\/\/www.institutodeengenharia.org.br\/site\/#organization\"},\"potentialAction\":[{\"@type\":\"SearchAction\",\"target\":{\"@type\":\"EntryPoint\",\"urlTemplate\":\"https:\/\/www.institutodeengenharia.org.br\/site\/?s={search_term_string}\"},\"query-input\":{\"@type\":\"PropertyValueSpecification\",\"valueRequired\":true,\"valueName\":\"search_term_string\"}}],\"inLanguage\":\"pt-BR\"},{\"@type\":\"Organization\",\"@id\":\"https:\/\/www.institutodeengenharia.org.br\/site\/#organization\",\"name\":\"Instituto de Engenharia\",\"url\":\"https:\/\/www.institutodeengenharia.org.br\/site\/\",\"logo\":{\"@type\":\"ImageObject\",\"inLanguage\":\"pt-BR\",\"@id\":\"https:\/\/www.institutodeengenharia.org.br\/site\/#\/schema\/logo\/image\/\",\"url\":\"https:\/\/www.institutodeengenharia.org.br\/site\/wp-content\/uploads\/2019\/03\/logo-novo-IE2018-1.jpg\",\"contentUrl\":\"https:\/\/www.institutodeengenharia.org.br\/site\/wp-content\/uploads\/2019\/03\/logo-novo-IE2018-1.jpg\",\"width\":1486,\"height\":1879,\"caption\":\"Instituto de Engenharia\"},\"image\":{\"@id\":\"https:\/\/www.institutodeengenharia.org.br\/site\/#\/schema\/logo\/image\/\"},\"sameAs\":[\"https:\/\/www.facebook.com\/institutodeengenharia\",\"https:\/\/x.com\/iengenharia\",\"https:\/\/www.instagram.com\/institutodeengenharia\/\",\"https:\/\/www.linkedin.com\/company\/instituto-de-engenharia\/\",\"https:\/\/www.youtube.com\/channel\/UCXiCAlsSMe977vamW915HxA\"]},{\"@type\":\"Person\",\"@id\":\"https:\/\/www.institutodeengenharia.org.br\/site\/#\/schema\/person\/aeb64951c405e100d26d30b033dd423f\",\"name\":\"Bianca\",\"image\":{\"@type\":\"ImageObject\",\"inLanguage\":\"pt-BR\",\"@id\":\"https:\/\/secure.gravatar.com\/avatar\/a6fbe9bff57405baf4c1e2c5c1811e072b558253974a9f9508f4678900c97c2a?s=96&d=mm&r=g\",\"url\":\"https:\/\/secure.gravatar.com\/avatar\/a6fbe9bff57405baf4c1e2c5c1811e072b558253974a9f9508f4678900c97c2a?s=96&d=mm&r=g\",\"contentUrl\":\"https:\/\/secure.gravatar.com\/avatar\/a6fbe9bff57405baf4c1e2c5c1811e072b558253974a9f9508f4678900c97c2a?s=96&d=mm&r=g\",\"caption\":\"Bianca\"},\"url\":\"https:\/\/www.institutodeengenharia.org.br\/site\/author\/comunicacao1\/\"}]}<\/script>\n<!-- \/ Yoast SEO plugin. -->","yoast_head_json":{"title":"PodCast Vis\u00e3o da Engenharia - Obras e mercados de h\u00f3teis no Brasil #1 - Instituto de Engenharia","robots":{"index":"index","follow":"follow","max-snippet":"max-snippet:-1","max-image-preview":"max-image-preview:large","max-video-preview":"max-video-preview:-1"},"canonical":"https:\/\/www.institutodeengenharia.org.br\/site\/2024\/02\/27\/podcast-visao-da-engenharia-obras-e-mercados-de-hoteis-no-brasil-1\/","og_locale":"pt_BR","og_type":"article","og_title":"PodCast Vis\u00e3o da Engenharia - Obras e mercados de h\u00f3teis no Brasil #1 - Instituto de Engenharia","og_description":"No podcast Vis\u00e3o da Engenharia, o diretor de desenvolvimento de franquias da rede francesa de hot\u00e9is Accor, R\u00f4mulo Silva, debate com Miriana Marques, VP de Adm. e Finan\u00e7as do IE, Ivan Whately, VP de Atividades T\u00e9cnicas do IE e Regis Gehlen Oliveira, da ConVis\u00e3o CNC, sobre as obras e mercados de h\u00f3teis no Brasil. Na [&hellip;]","og_url":"https:\/\/www.institutodeengenharia.org.br\/site\/2024\/02\/27\/podcast-visao-da-engenharia-obras-e-mercados-de-hoteis-no-brasil-1\/","og_site_name":"Instituto de Engenharia","article_publisher":"https:\/\/www.facebook.com\/institutodeengenharia","article_published_time":"2024-02-27T14:44:19+00:00","article_modified_time":"2024-05-28T15:16:36+00:00","og_image":[{"width":1280,"height":720,"url":"https:\/\/www.institutodeengenharia.org.br\/site\/wp-content\/uploads\/2024\/02\/MicrosoftTeams-image-407.png","type":"image\/png"}],"author":"Bianca","twitter_card":"summary_large_image","twitter_creator":"@iengenharia","twitter_site":"@iengenharia","twitter_misc":{"Escrito por":"Bianca","Est. tempo de leitura":"2 minutos"},"schema":{"@context":"https:\/\/schema.org","@graph":[{"@type":"Article","@id":"https:\/\/www.institutodeengenharia.org.br\/site\/2024\/02\/27\/podcast-visao-da-engenharia-obras-e-mercados-de-hoteis-no-brasil-1\/#article","isPartOf":{"@id":"https:\/\/www.institutodeengenharia.org.br\/site\/2024\/02\/27\/podcast-visao-da-engenharia-obras-e-mercados-de-hoteis-no-brasil-1\/"},"author":{"name":"Bianca","@id":"https:\/\/www.institutodeengenharia.org.br\/site\/#\/schema\/person\/aeb64951c405e100d26d30b033dd423f"},"headline":"PodCast Vis\u00e3o da Engenharia &#8211; Obras e mercados de h\u00f3teis no Brasil #1","datePublished":"2024-02-27T14:44:19+00:00","dateModified":"2024-05-28T15:16:36+00:00","mainEntityOfPage":{"@id":"https:\/\/www.institutodeengenharia.org.br\/site\/2024\/02\/27\/podcast-visao-da-engenharia-obras-e-mercados-de-hoteis-no-brasil-1\/"},"wordCount":202,"commentCount":0,"publisher":{"@id":"https:\/\/www.institutodeengenharia.org.br\/site\/#organization"},"image":{"@id":"https:\/\/www.institutodeengenharia.org.br\/site\/2024\/02\/27\/podcast-visao-da-engenharia-obras-e-mercados-de-hoteis-no-brasil-1\/#primaryimage"},"thumbnailUrl":"https:\/\/www.institutodeengenharia.org.br\/site\/wp-content\/uploads\/2024\/02\/MicrosoftTeams-image-407.png","keywords":["video-home"],"articleSection":["Nova TV Engenharia","Semin\u00e1rio"],"inLanguage":"pt-BR","potentialAction":[{"@type":"CommentAction","name":"Comment","target":["https:\/\/www.institutodeengenharia.org.br\/site\/2024\/02\/27\/podcast-visao-da-engenharia-obras-e-mercados-de-hoteis-no-brasil-1\/#respond"]}]},{"@type":"WebPage","@id":"https:\/\/www.institutodeengenharia.org.br\/site\/2024\/02\/27\/podcast-visao-da-engenharia-obras-e-mercados-de-hoteis-no-brasil-1\/","url":"https:\/\/www.institutodeengenharia.org.br\/site\/2024\/02\/27\/podcast-visao-da-engenharia-obras-e-mercados-de-hoteis-no-brasil-1\/","name":"PodCast Vis\u00e3o da Engenharia - Obras e mercados de h\u00f3teis no Brasil #1 - Instituto de Engenharia","isPartOf":{"@id":"https:\/\/www.institutodeengenharia.org.br\/site\/#website"},"primaryImageOfPage":{"@id":"https:\/\/www.institutodeengenharia.org.br\/site\/2024\/02\/27\/podcast-visao-da-engenharia-obras-e-mercados-de-hoteis-no-brasil-1\/#primaryimage"},"image":{"@id":"https:\/\/www.institutodeengenharia.org.br\/site\/2024\/02\/27\/podcast-visao-da-engenharia-obras-e-mercados-de-hoteis-no-brasil-1\/#primaryimage"},"thumbnailUrl":"https:\/\/www.institutodeengenharia.org.br\/site\/wp-content\/uploads\/2024\/02\/MicrosoftTeams-image-407.png","datePublished":"2024-02-27T14:44:19+00:00","dateModified":"2024-05-28T15:16:36+00:00","breadcrumb":{"@id":"https:\/\/www.institutodeengenharia.org.br\/site\/2024\/02\/27\/podcast-visao-da-engenharia-obras-e-mercados-de-hoteis-no-brasil-1\/#breadcrumb"},"inLanguage":"pt-BR","potentialAction":[{"@type":"ReadAction","target":["https:\/\/www.institutodeengenharia.org.br\/site\/2024\/02\/27\/podcast-visao-da-engenharia-obras-e-mercados-de-hoteis-no-brasil-1\/"]}]},{"@type":"ImageObject","inLanguage":"pt-BR","@id":"https:\/\/www.institutodeengenharia.org.br\/site\/2024\/02\/27\/podcast-visao-da-engenharia-obras-e-mercados-de-hoteis-no-brasil-1\/#primaryimage","url":"https:\/\/www.institutodeengenharia.org.br\/site\/wp-content\/uploads\/2024\/02\/MicrosoftTeams-image-407.png","contentUrl":"https:\/\/www.institutodeengenharia.org.br\/site\/wp-content\/uploads\/2024\/02\/MicrosoftTeams-image-407.png","width":1280,"height":720},{"@type":"BreadcrumbList","@id":"https:\/\/www.institutodeengenharia.org.br\/site\/2024\/02\/27\/podcast-visao-da-engenharia-obras-e-mercados-de-hoteis-no-brasil-1\/#breadcrumb","itemListElement":[{"@type":"ListItem","position":1,"name":"In\u00edcio","item":"https:\/\/www.institutodeengenharia.org.br\/site\/"},{"@type":"ListItem","position":2,"name":"PodCast Vis\u00e3o da Engenharia &#8211; Obras e mercados de h\u00f3teis no Brasil #1"}]},{"@type":"WebSite","@id":"https:\/\/www.institutodeengenharia.org.br\/site\/#website","url":"https:\/\/www.institutodeengenharia.org.br\/site\/","name":"Instituto de Engenharia","description":"O Instituto de Engenharia promove a Engenharia em benef\u00edcio do desenvolvimento e da qualidade de vida da sociedade.","publisher":{"@id":"https:\/\/www.institutodeengenharia.org.br\/site\/#organization"},"potentialAction":[{"@type":"SearchAction","target":{"@type":"EntryPoint","urlTemplate":"https:\/\/www.institutodeengenharia.org.br\/site\/?s={search_term_string}"},"query-input":{"@type":"PropertyValueSpecification","valueRequired":true,"valueName":"search_term_string"}}],"inLanguage":"pt-BR"},{"@type":"Organization","@id":"https:\/\/www.institutodeengenharia.org.br\/site\/#organization","name":"Instituto de Engenharia","url":"https:\/\/www.institutodeengenharia.org.br\/site\/","logo":{"@type":"ImageObject","inLanguage":"pt-BR","@id":"https:\/\/www.institutodeengenharia.org.br\/site\/#\/schema\/logo\/image\/","url":"https:\/\/www.institutodeengenharia.org.br\/site\/wp-content\/uploads\/2019\/03\/logo-novo-IE2018-1.jpg","contentUrl":"https:\/\/www.institutodeengenharia.org.br\/site\/wp-content\/uploads\/2019\/03\/logo-novo-IE2018-1.jpg","width":1486,"height":1879,"caption":"Instituto de Engenharia"},"image":{"@id":"https:\/\/www.institutodeengenharia.org.br\/site\/#\/schema\/logo\/image\/"},"sameAs":["https:\/\/www.facebook.com\/institutodeengenharia","https:\/\/x.com\/iengenharia","https:\/\/www.instagram.com\/institutodeengenharia\/","https:\/\/www.linkedin.com\/company\/instituto-de-engenharia\/","https:\/\/www.youtube.com\/channel\/UCXiCAlsSMe977vamW915HxA"]},{"@type":"Person","@id":"https:\/\/www.institutodeengenharia.org.br\/site\/#\/schema\/person\/aeb64951c405e100d26d30b033dd423f","name":"Bianca","image":{"@type":"ImageObject","inLanguage":"pt-BR","@id":"https:\/\/secure.gravatar.com\/avatar\/a6fbe9bff57405baf4c1e2c5c1811e072b558253974a9f9508f4678900c97c2a?s=96&d=mm&r=g","url":"https:\/\/secure.gravatar.com\/avatar\/a6fbe9bff57405baf4c1e2c5c1811e072b558253974a9f9508f4678900c97c2a?s=96&d=mm&r=g","contentUrl":"https:\/\/secure.gravatar.com\/avatar\/a6fbe9bff57405baf4c1e2c5c1811e072b558253974a9f9508f4678900c97c2a?s=96&d=mm&r=g","caption":"Bianca"},"url":"https:\/\/www.institutodeengenharia.org.br\/site\/author\/comunicacao1\/"}]}},"_links":{"self":[{"href":"https:\/\/www.institutodeengenharia.org.br\/site\/wp-json\/wp\/v2\/posts\/116624","targetHints":{"allow":["GET"]}}],"collection":[{"href":"https:\/\/www.institutodeengenharia.org.br\/site\/wp-json\/wp\/v2\/posts"}],"about":[{"href":"https:\/\/www.institutodeengenharia.org.br\/site\/wp-json\/wp\/v2\/types\/post"}],"author":[{"embeddable":true,"href":"https:\/\/www.institutodeengenharia.org.br\/site\/wp-json\/wp\/v2\/users\/13"}],"replies":[{"embeddable":true,"href":"https:\/\/www.institutodeengenharia.org.br\/site\/wp-json\/wp\/v2\/comments?post=116624"}],"version-history":[{"count":5,"href":"https:\/\/www.institutodeengenharia.org.br\/site\/wp-json\/wp\/v2\/posts\/116624\/revisions"}],"predecessor-version":[{"id":120306,"href":"https:\/\/www.institutodeengenharia.org.br\/site\/wp-json\/wp\/v2\/posts\/116624\/revisions\/120306"}],"wp:featuredmedia":[{"embeddable":true,"href":"https:\/\/www.institutodeengenharia.org.br\/site\/wp-json\/wp\/v2\/media\/117844"}],"wp:attachment":[{"href":"https:\/\/www.institutodeengenharia.org.br\/site\/wp-json\/wp\/v2\/media?parent=116624"}],"wp:term":[{"taxonomy":"category","embeddable":true,"href":"https:\/\/www.institutodeengenharia.org.br\/site\/wp-json\/wp\/v2\/categories?post=116624"},{"taxonomy":"post_tag","embeddable":true,"href":"https:\/\/www.institutodeengenharia.org.br\/site\/wp-json\/wp\/v2\/tags?post=116624"}],"curies":[{"name":"wp","href":"https:\/\/api.w.org\/{rel}","templated":true}]}}