{"id":116288,"date":"2024-02-21T12:15:04","date_gmt":"2024-02-21T15:15:04","guid":{"rendered":"https:\/\/www.institutodeengenharia.org.br\/site\/?p=116288"},"modified":"2026-03-30T10:29:09","modified_gmt":"2026-03-30T13:29:09","slug":"instituto-de-engenharia-e-ipen-assinam-acordo-de-cooperacao","status":"publish","type":"post","link":"https:\/\/www.institutodeengenharia.org.br\/site\/2024\/02\/21\/instituto-de-engenharia-e-ipen-assinam-acordo-de-cooperacao\/","title":{"rendered":"Instituto de Engenharia e IPEN assinam acordo de coopera\u00e7\u00e3o"},"content":{"rendered":"<p>Nesta ter\u00e7a (20), o Instituto de Engenharia e o Instituto de Pesquisas Energ\u00e9ticas e Nucleares (IPEN) assinaram um termo de coopera\u00e7\u00e3o para a promo\u00e7\u00e3o e divulga\u00e7\u00e3o das atividades na \u00e1rea de Tecnologia Nuclear.<\/p>\n<p>\u201cO significado deste encontro \u00e9 temos a possiblidade de colaborar diretamente divulgando a import\u00e2ncia da energia nuclear e desmistific\u00e1-la\u201d, afirmou o presidente do Instituto de Engenharia, Jos\u00e9 Eduardo Jardim.<\/p>\n<p>A diretora substituta do IPEN, Dra. Isolda Costa, lembrou que a aproxima\u00e7\u00e3o entre o IE e o IPEN j\u00e1 come\u00e7ou h\u00e1 algum tempo, com o est\u00edmulo da publica\u00e7\u00e3o do tema na Revista Engenharia. \u201cCriamos uma nova \u00e1rea de conv\u00eanios dentro do IPEN, em fun\u00e7\u00e3o desse acordo. Temos (no IPEN, \u00e1reas para) acordos de inova\u00e7\u00e3o e de acordos acad\u00eamicos, quando surgiu essa demanda, n\u00e3o t\u00ednhamos quem fosse respons\u00e1vel de levar a cabo esta miss\u00e3o. Ent\u00e3o convidei as doutoras Martha Marques Vieira e Mery Igami para contamos com o apoio delas.\u00a0 Assim, hoje estamos aqui com esse texto; e outros vir\u00e3o!\u201d<\/p>\n<figure id=\"attachment_116291\" aria-describedby=\"caption-attachment-116291\" style=\"width: 581px\" class=\"wp-caption alignnone\"><img loading=\"lazy\" decoding=\"async\" class=\"wp-image-116291\" src=\"https:\/\/www.institutodeengenharia.org.br\/site\/wp-content\/uploads\/2024\/02\/WhatsApp-Image-2024-02-21-at-11.53.58.jpeg\" alt=\"\" width=\"581\" height=\"436\" srcset=\"https:\/\/www.institutodeengenharia.org.br\/site\/wp-content\/uploads\/2024\/02\/WhatsApp-Image-2024-02-21-at-11.53.58.jpeg 1600w, https:\/\/www.institutodeengenharia.org.br\/site\/wp-content\/uploads\/2024\/02\/WhatsApp-Image-2024-02-21-at-11.53.58-300x225.jpeg 300w, https:\/\/www.institutodeengenharia.org.br\/site\/wp-content\/uploads\/2024\/02\/WhatsApp-Image-2024-02-21-at-11.53.58-1024x768.jpeg 1024w, https:\/\/www.institutodeengenharia.org.br\/site\/wp-content\/uploads\/2024\/02\/WhatsApp-Image-2024-02-21-at-11.53.58-768x576.jpeg 768w, https:\/\/www.institutodeengenharia.org.br\/site\/wp-content\/uploads\/2024\/02\/WhatsApp-Image-2024-02-21-at-11.53.58-1536x1152.jpeg 1536w, https:\/\/www.institutodeengenharia.org.br\/site\/wp-content\/uploads\/2024\/02\/WhatsApp-Image-2024-02-21-at-11.53.58-696x522.jpeg 696w, https:\/\/www.institutodeengenharia.org.br\/site\/wp-content\/uploads\/2024\/02\/WhatsApp-Image-2024-02-21-at-11.53.58-1068x801.jpeg 1068w, https:\/\/www.institutodeengenharia.org.br\/site\/wp-content\/uploads\/2024\/02\/WhatsApp-Image-2024-02-21-at-11.53.58-560x420.jpeg 560w, https:\/\/www.institutodeengenharia.org.br\/site\/wp-content\/uploads\/2024\/02\/WhatsApp-Image-2024-02-21-at-11.53.58-80x60.jpeg 80w, https:\/\/www.institutodeengenharia.org.br\/site\/wp-content\/uploads\/2024\/02\/WhatsApp-Image-2024-02-21-at-11.53.58-265x198.jpeg 265w, https:\/\/www.institutodeengenharia.org.br\/site\/wp-content\/uploads\/2024\/02\/WhatsApp-Image-2024-02-21-at-11.53.58-600x450.jpeg 600w\" sizes=\"auto, (max-width: 581px) 100vw, 581px\" \/><figcaption id=\"caption-attachment-116291\" class=\"wp-caption-text\">Do Instituto de Engenharia estavam presentes: Jos\u00e9 Eduardo Jardim, presidente, Miriana Marques, VP de Administra\u00e7\u00e3o e Finan\u00e7as, Ivan Whately, VP de Atividades T\u00e9cnicas, Lawrence Koo, VP de Rela\u00e7\u00f5es Externas, Flavia Cruz, VP de Assuntos Internos, Rui Arruda Camergo, presidente do Conselho Consultivo, Vicente Abate, coordenador da Divis\u00e3o T\u00e9cnica de Ferrovias, e Marcelo Rozenberg, conselheiro. Do IPEN: Isolda Costa, diretora Substituta, Martha Marques Vieira, Mery Igami e Jos\u00e9 Augusto Perrota.<\/figcaption><\/figure>\n<p>O IPEN surgiu, inclusive na hist\u00f3ria, para a aplica\u00e7\u00e3o da tecnologia nuclear para fins pac\u00edficos. A ideia era quebrar esse paradigma de que a energia nuclear s\u00f3 \u00e9 para destrui\u00e7\u00e3o, mas n\u00e3o \u00e9! \u00c9 para fins pac\u00edficos, para a melhoria da qualidade de vida.<\/p>\n<p>\u201cToda a medicina nuclear come\u00e7a no IPEN.\u00a0 A hist\u00f3ria da medicina nuclear est\u00e1 na institui\u00e7\u00e3o. N\u00f3s produzimos radiof\u00e1rmacos para o Brasil inteiro, atendendo a 85% da demanda. Atendemos mais 430 cl\u00ednicas e hospitais no Brasil. Em 2023, tivemos mais sete mil procedimentos com produtos do IPEN. S\u00f3 em radiof\u00e1rmacos, o IPEN j\u00e1 justifica sua fun\u00e7\u00e3o social. Temos produtos acess\u00edveis ao SUS, produtos com um ter\u00e7o a um d\u00e9cimo do valor do mercado privado\u201d, exemplifica Dra. Isolda Costa.<\/p>\n<p><img loading=\"lazy\" decoding=\"async\" class=\"wp-image-116292 alignleft\" src=\"https:\/\/www.institutodeengenharia.org.br\/site\/wp-content\/uploads\/2024\/02\/WhatsApp-Image-2024-02-21-at-11.54.32.jpeg\" alt=\"\" width=\"399\" height=\"299\" srcset=\"https:\/\/www.institutodeengenharia.org.br\/site\/wp-content\/uploads\/2024\/02\/WhatsApp-Image-2024-02-21-at-11.54.32.jpeg 1600w, https:\/\/www.institutodeengenharia.org.br\/site\/wp-content\/uploads\/2024\/02\/WhatsApp-Image-2024-02-21-at-11.54.32-300x225.jpeg 300w, https:\/\/www.institutodeengenharia.org.br\/site\/wp-content\/uploads\/2024\/02\/WhatsApp-Image-2024-02-21-at-11.54.32-1024x768.jpeg 1024w, https:\/\/www.institutodeengenharia.org.br\/site\/wp-content\/uploads\/2024\/02\/WhatsApp-Image-2024-02-21-at-11.54.32-768x576.jpeg 768w, https:\/\/www.institutodeengenharia.org.br\/site\/wp-content\/uploads\/2024\/02\/WhatsApp-Image-2024-02-21-at-11.54.32-1536x1152.jpeg 1536w, https:\/\/www.institutodeengenharia.org.br\/site\/wp-content\/uploads\/2024\/02\/WhatsApp-Image-2024-02-21-at-11.54.32-696x522.jpeg 696w, https:\/\/www.institutodeengenharia.org.br\/site\/wp-content\/uploads\/2024\/02\/WhatsApp-Image-2024-02-21-at-11.54.32-1068x801.jpeg 1068w, https:\/\/www.institutodeengenharia.org.br\/site\/wp-content\/uploads\/2024\/02\/WhatsApp-Image-2024-02-21-at-11.54.32-560x420.jpeg 560w, https:\/\/www.institutodeengenharia.org.br\/site\/wp-content\/uploads\/2024\/02\/WhatsApp-Image-2024-02-21-at-11.54.32-80x60.jpeg 80w, https:\/\/www.institutodeengenharia.org.br\/site\/wp-content\/uploads\/2024\/02\/WhatsApp-Image-2024-02-21-at-11.54.32-265x198.jpeg 265w, https:\/\/www.institutodeengenharia.org.br\/site\/wp-content\/uploads\/2024\/02\/WhatsApp-Image-2024-02-21-at-11.54.32-600x450.jpeg 600w\" sizes=\"auto, (max-width: 399px) 100vw, 399px\" \/><\/p>\n<p><strong>Ecossistema de Irradia\u00e7\u00e3o de Alimentos<\/strong><\/p>\n<p>O grupo F\u00e1brica de Ideias vem discutindo a necessidade de o Brasil viabilizar, em termos conjunturais e atendendo os requisitos sanit\u00e1rios, o uso da irradia\u00e7\u00e3o como meio de descontamina\u00e7\u00e3o, para garantir a seguran\u00e7a alimentar e a exporta\u00e7\u00e3o de produtos.<\/p>\n<p>Esse tema ganha for\u00e7a diante da parceria com o IPEN, no sentido de entender como funciona o sistema, passo primordial para ser ter um programa de conscientiza\u00e7\u00e3o.<\/p>\n<p>&nbsp;<\/p>\n","protected":false},"excerpt":{"rendered":"<p>Nesta ter\u00e7a (20), o Instituto de Engenharia e o Instituto de Pesquisas Energ\u00e9ticas e Nucleares (IPEN) assinaram um termo de coopera\u00e7\u00e3o para a promo\u00e7\u00e3o e divulga\u00e7\u00e3o das atividades na \u00e1rea de Tecnologia Nuclear. \u201cO significado deste encontro \u00e9 temos a possiblidade de colaborar diretamente divulgando a import\u00e2ncia da energia nuclear e desmistific\u00e1-la\u201d, afirmou o presidente [&hellip;]<\/p>\n","protected":false},"author":14,"featured_media":116312,"comment_status":"open","ping_status":"open","sticky":false,"template":"","format":"standard","meta":{"footnotes":""},"categories":[27,141],"tags":[],"class_list":{"0":"post-116288","1":"post","2":"type-post","3":"status-publish","4":"format-standard","5":"has-post-thumbnail","7":"category-instituto-de-engenharia","8":"category-noticias-menu"},"yoast_head":"<!-- This site is optimized with the Yoast SEO plugin v27.2 - https:\/\/yoast.com\/product\/yoast-seo-wordpress\/ -->\n<title>Instituto de Engenharia e IPEN assinam acordo de coopera\u00e7\u00e3o - Instituto de Engenharia<\/title>\n<meta name=\"robots\" content=\"index, follow, max-snippet:-1, max-image-preview:large, max-video-preview:-1\" \/>\n<link rel=\"canonical\" href=\"https:\/\/www.institutodeengenharia.org.br\/site\/2024\/02\/21\/instituto-de-engenharia-e-ipen-assinam-acordo-de-cooperacao\/\" \/>\n<meta property=\"og:locale\" content=\"pt_BR\" \/>\n<meta property=\"og:type\" content=\"article\" \/>\n<meta property=\"og:title\" content=\"Instituto de Engenharia e IPEN assinam acordo de coopera\u00e7\u00e3o - Instituto de Engenharia\" \/>\n<meta property=\"og:description\" content=\"Nesta ter\u00e7a (20), o Instituto de Engenharia e o Instituto de Pesquisas Energ\u00e9ticas e Nucleares (IPEN) assinaram um termo de coopera\u00e7\u00e3o para a promo\u00e7\u00e3o e divulga\u00e7\u00e3o das atividades na \u00e1rea de Tecnologia Nuclear. \u201cO significado deste encontro \u00e9 temos a possiblidade de colaborar diretamente divulgando a import\u00e2ncia da energia nuclear e desmistific\u00e1-la\u201d, afirmou o presidente [&hellip;]\" \/>\n<meta property=\"og:url\" content=\"https:\/\/www.institutodeengenharia.org.br\/site\/2024\/02\/21\/instituto-de-engenharia-e-ipen-assinam-acordo-de-cooperacao\/\" \/>\n<meta property=\"og:site_name\" content=\"Instituto de Engenharia\" \/>\n<meta property=\"article:publisher\" content=\"https:\/\/www.facebook.com\/institutodeengenharia\" \/>\n<meta property=\"article:published_time\" content=\"2024-02-21T15:15:04+00:00\" \/>\n<meta property=\"article:modified_time\" content=\"2026-03-30T13:29:09+00:00\" \/>\n<meta property=\"og:image\" content=\"https:\/\/www.institutodeengenharia.org.br\/site\/wp-content\/uploads\/2024\/02\/IMG_1426_baixa.jpg\" \/>\n\t<meta property=\"og:image:width\" content=\"1800\" \/>\n\t<meta property=\"og:image:height\" content=\"1200\" \/>\n\t<meta property=\"og:image:type\" content=\"image\/jpeg\" \/>\n<meta name=\"author\" content=\"Isabel\" \/>\n<meta name=\"twitter:card\" content=\"summary_large_image\" \/>\n<meta name=\"twitter:creator\" content=\"@iengenharia\" \/>\n<meta name=\"twitter:site\" content=\"@iengenharia\" \/>\n<meta name=\"twitter:label1\" content=\"Escrito por\" \/>\n\t<meta name=\"twitter:data1\" content=\"Isabel\" \/>\n\t<meta name=\"twitter:label2\" content=\"Est. tempo de leitura\" \/>\n\t<meta name=\"twitter:data2\" content=\"3 minutos\" \/>\n<script type=\"application\/ld+json\" class=\"yoast-schema-graph\">{\"@context\":\"https:\/\/schema.org\",\"@graph\":[{\"@type\":\"Article\",\"@id\":\"https:\/\/www.institutodeengenharia.org.br\/site\/2024\/02\/21\/instituto-de-engenharia-e-ipen-assinam-acordo-de-cooperacao\/#article\",\"isPartOf\":{\"@id\":\"https:\/\/www.institutodeengenharia.org.br\/site\/2024\/02\/21\/instituto-de-engenharia-e-ipen-assinam-acordo-de-cooperacao\/\"},\"author\":{\"name\":\"Isabel\",\"@id\":\"https:\/\/www.institutodeengenharia.org.br\/site\/#\/schema\/person\/593dc356630173a4877a635d3e5fd76b\"},\"headline\":\"Instituto de Engenharia e IPEN assinam acordo de coopera\u00e7\u00e3o\",\"datePublished\":\"2024-02-21T15:15:04+00:00\",\"dateModified\":\"2026-03-30T13:29:09+00:00\",\"mainEntityOfPage\":{\"@id\":\"https:\/\/www.institutodeengenharia.org.br\/site\/2024\/02\/21\/instituto-de-engenharia-e-ipen-assinam-acordo-de-cooperacao\/\"},\"wordCount\":485,\"commentCount\":0,\"publisher\":{\"@id\":\"https:\/\/www.institutodeengenharia.org.br\/site\/#organization\"},\"image\":{\"@id\":\"https:\/\/www.institutodeengenharia.org.br\/site\/2024\/02\/21\/instituto-de-engenharia-e-ipen-assinam-acordo-de-cooperacao\/#primaryimage\"},\"thumbnailUrl\":\"https:\/\/www.institutodeengenharia.org.br\/site\/wp-content\/uploads\/2024\/02\/IMG_1426_baixa.jpg\",\"articleSection\":[\"Instituto de Engenharia\",\"Not\u00edcias\"],\"inLanguage\":\"pt-BR\",\"potentialAction\":[{\"@type\":\"CommentAction\",\"name\":\"Comment\",\"target\":[\"https:\/\/www.institutodeengenharia.org.br\/site\/2024\/02\/21\/instituto-de-engenharia-e-ipen-assinam-acordo-de-cooperacao\/#respond\"]}]},{\"@type\":\"WebPage\",\"@id\":\"https:\/\/www.institutodeengenharia.org.br\/site\/2024\/02\/21\/instituto-de-engenharia-e-ipen-assinam-acordo-de-cooperacao\/\",\"url\":\"https:\/\/www.institutodeengenharia.org.br\/site\/2024\/02\/21\/instituto-de-engenharia-e-ipen-assinam-acordo-de-cooperacao\/\",\"name\":\"Instituto de Engenharia e IPEN assinam acordo de coopera\u00e7\u00e3o - Instituto de Engenharia\",\"isPartOf\":{\"@id\":\"https:\/\/www.institutodeengenharia.org.br\/site\/#website\"},\"primaryImageOfPage\":{\"@id\":\"https:\/\/www.institutodeengenharia.org.br\/site\/2024\/02\/21\/instituto-de-engenharia-e-ipen-assinam-acordo-de-cooperacao\/#primaryimage\"},\"image\":{\"@id\":\"https:\/\/www.institutodeengenharia.org.br\/site\/2024\/02\/21\/instituto-de-engenharia-e-ipen-assinam-acordo-de-cooperacao\/#primaryimage\"},\"thumbnailUrl\":\"https:\/\/www.institutodeengenharia.org.br\/site\/wp-content\/uploads\/2024\/02\/IMG_1426_baixa.jpg\",\"datePublished\":\"2024-02-21T15:15:04+00:00\",\"dateModified\":\"2026-03-30T13:29:09+00:00\",\"breadcrumb\":{\"@id\":\"https:\/\/www.institutodeengenharia.org.br\/site\/2024\/02\/21\/instituto-de-engenharia-e-ipen-assinam-acordo-de-cooperacao\/#breadcrumb\"},\"inLanguage\":\"pt-BR\",\"potentialAction\":[{\"@type\":\"ReadAction\",\"target\":[\"https:\/\/www.institutodeengenharia.org.br\/site\/2024\/02\/21\/instituto-de-engenharia-e-ipen-assinam-acordo-de-cooperacao\/\"]}]},{\"@type\":\"ImageObject\",\"inLanguage\":\"pt-BR\",\"@id\":\"https:\/\/www.institutodeengenharia.org.br\/site\/2024\/02\/21\/instituto-de-engenharia-e-ipen-assinam-acordo-de-cooperacao\/#primaryimage\",\"url\":\"https:\/\/www.institutodeengenharia.org.br\/site\/wp-content\/uploads\/2024\/02\/IMG_1426_baixa.jpg\",\"contentUrl\":\"https:\/\/www.institutodeengenharia.org.br\/site\/wp-content\/uploads\/2024\/02\/IMG_1426_baixa.jpg\",\"width\":1800,\"height\":1200,\"caption\":\"Fotos: K\u00e1tia Itioka (IPEN)\"},{\"@type\":\"BreadcrumbList\",\"@id\":\"https:\/\/www.institutodeengenharia.org.br\/site\/2024\/02\/21\/instituto-de-engenharia-e-ipen-assinam-acordo-de-cooperacao\/#breadcrumb\",\"itemListElement\":[{\"@type\":\"ListItem\",\"position\":1,\"name\":\"In\u00edcio\",\"item\":\"https:\/\/www.institutodeengenharia.org.br\/site\/\"},{\"@type\":\"ListItem\",\"position\":2,\"name\":\"Instituto de Engenharia e IPEN assinam acordo de coopera\u00e7\u00e3o\"}]},{\"@type\":\"WebSite\",\"@id\":\"https:\/\/www.institutodeengenharia.org.br\/site\/#website\",\"url\":\"https:\/\/www.institutodeengenharia.org.br\/site\/\",\"name\":\"Instituto de Engenharia\",\"description\":\"O Instituto de Engenharia promove a Engenharia em benef\u00edcio do desenvolvimento e da qualidade de vida da sociedade.\",\"publisher\":{\"@id\":\"https:\/\/www.institutodeengenharia.org.br\/site\/#organization\"},\"potentialAction\":[{\"@type\":\"SearchAction\",\"target\":{\"@type\":\"EntryPoint\",\"urlTemplate\":\"https:\/\/www.institutodeengenharia.org.br\/site\/?s={search_term_string}\"},\"query-input\":{\"@type\":\"PropertyValueSpecification\",\"valueRequired\":true,\"valueName\":\"search_term_string\"}}],\"inLanguage\":\"pt-BR\"},{\"@type\":\"Organization\",\"@id\":\"https:\/\/www.institutodeengenharia.org.br\/site\/#organization\",\"name\":\"Instituto de Engenharia\",\"url\":\"https:\/\/www.institutodeengenharia.org.br\/site\/\",\"logo\":{\"@type\":\"ImageObject\",\"inLanguage\":\"pt-BR\",\"@id\":\"https:\/\/www.institutodeengenharia.org.br\/site\/#\/schema\/logo\/image\/\",\"url\":\"https:\/\/www.institutodeengenharia.org.br\/site\/wp-content\/uploads\/2019\/03\/logo-novo-IE2018-1.jpg\",\"contentUrl\":\"https:\/\/www.institutodeengenharia.org.br\/site\/wp-content\/uploads\/2019\/03\/logo-novo-IE2018-1.jpg\",\"width\":1486,\"height\":1879,\"caption\":\"Instituto de Engenharia\"},\"image\":{\"@id\":\"https:\/\/www.institutodeengenharia.org.br\/site\/#\/schema\/logo\/image\/\"},\"sameAs\":[\"https:\/\/www.facebook.com\/institutodeengenharia\",\"https:\/\/x.com\/iengenharia\",\"https:\/\/www.instagram.com\/institutodeengenharia\/\",\"https:\/\/www.linkedin.com\/company\/instituto-de-engenharia\/\",\"https:\/\/www.youtube.com\/channel\/UCXiCAlsSMe977vamW915HxA\"]},{\"@type\":\"Person\",\"@id\":\"https:\/\/www.institutodeengenharia.org.br\/site\/#\/schema\/person\/593dc356630173a4877a635d3e5fd76b\",\"name\":\"Isabel\",\"image\":{\"@type\":\"ImageObject\",\"inLanguage\":\"pt-BR\",\"@id\":\"https:\/\/secure.gravatar.com\/avatar\/f3c521db63ec9db17894f10a88c6a3cf95b2281d7f80eeb3cf3ef1cb091576e7?s=96&d=mm&r=g\",\"url\":\"https:\/\/secure.gravatar.com\/avatar\/f3c521db63ec9db17894f10a88c6a3cf95b2281d7f80eeb3cf3ef1cb091576e7?s=96&d=mm&r=g\",\"contentUrl\":\"https:\/\/secure.gravatar.com\/avatar\/f3c521db63ec9db17894f10a88c6a3cf95b2281d7f80eeb3cf3ef1cb091576e7?s=96&d=mm&r=g\",\"caption\":\"Isabel\"},\"url\":\"https:\/\/www.institutodeengenharia.org.br\/site\/author\/comunicacao2\/\"}]}<\/script>\n<!-- \/ Yoast SEO plugin. -->","yoast_head_json":{"title":"Instituto de Engenharia e IPEN assinam acordo de coopera\u00e7\u00e3o - Instituto de Engenharia","robots":{"index":"index","follow":"follow","max-snippet":"max-snippet:-1","max-image-preview":"max-image-preview:large","max-video-preview":"max-video-preview:-1"},"canonical":"https:\/\/www.institutodeengenharia.org.br\/site\/2024\/02\/21\/instituto-de-engenharia-e-ipen-assinam-acordo-de-cooperacao\/","og_locale":"pt_BR","og_type":"article","og_title":"Instituto de Engenharia e IPEN assinam acordo de coopera\u00e7\u00e3o - Instituto de Engenharia","og_description":"Nesta ter\u00e7a (20), o Instituto de Engenharia e o Instituto de Pesquisas Energ\u00e9ticas e Nucleares (IPEN) assinaram um termo de coopera\u00e7\u00e3o para a promo\u00e7\u00e3o e divulga\u00e7\u00e3o das atividades na \u00e1rea de Tecnologia Nuclear. \u201cO significado deste encontro \u00e9 temos a possiblidade de colaborar diretamente divulgando a import\u00e2ncia da energia nuclear e desmistific\u00e1-la\u201d, afirmou o presidente [&hellip;]","og_url":"https:\/\/www.institutodeengenharia.org.br\/site\/2024\/02\/21\/instituto-de-engenharia-e-ipen-assinam-acordo-de-cooperacao\/","og_site_name":"Instituto de Engenharia","article_publisher":"https:\/\/www.facebook.com\/institutodeengenharia","article_published_time":"2024-02-21T15:15:04+00:00","article_modified_time":"2026-03-30T13:29:09+00:00","og_image":[{"width":1800,"height":1200,"url":"https:\/\/www.institutodeengenharia.org.br\/site\/wp-content\/uploads\/2024\/02\/IMG_1426_baixa.jpg","type":"image\/jpeg"}],"author":"Isabel","twitter_card":"summary_large_image","twitter_creator":"@iengenharia","twitter_site":"@iengenharia","twitter_misc":{"Escrito por":"Isabel","Est. tempo de leitura":"3 minutos"},"schema":{"@context":"https:\/\/schema.org","@graph":[{"@type":"Article","@id":"https:\/\/www.institutodeengenharia.org.br\/site\/2024\/02\/21\/instituto-de-engenharia-e-ipen-assinam-acordo-de-cooperacao\/#article","isPartOf":{"@id":"https:\/\/www.institutodeengenharia.org.br\/site\/2024\/02\/21\/instituto-de-engenharia-e-ipen-assinam-acordo-de-cooperacao\/"},"author":{"name":"Isabel","@id":"https:\/\/www.institutodeengenharia.org.br\/site\/#\/schema\/person\/593dc356630173a4877a635d3e5fd76b"},"headline":"Instituto de Engenharia e IPEN assinam acordo de coopera\u00e7\u00e3o","datePublished":"2024-02-21T15:15:04+00:00","dateModified":"2026-03-30T13:29:09+00:00","mainEntityOfPage":{"@id":"https:\/\/www.institutodeengenharia.org.br\/site\/2024\/02\/21\/instituto-de-engenharia-e-ipen-assinam-acordo-de-cooperacao\/"},"wordCount":485,"commentCount":0,"publisher":{"@id":"https:\/\/www.institutodeengenharia.org.br\/site\/#organization"},"image":{"@id":"https:\/\/www.institutodeengenharia.org.br\/site\/2024\/02\/21\/instituto-de-engenharia-e-ipen-assinam-acordo-de-cooperacao\/#primaryimage"},"thumbnailUrl":"https:\/\/www.institutodeengenharia.org.br\/site\/wp-content\/uploads\/2024\/02\/IMG_1426_baixa.jpg","articleSection":["Instituto de Engenharia","Not\u00edcias"],"inLanguage":"pt-BR","potentialAction":[{"@type":"CommentAction","name":"Comment","target":["https:\/\/www.institutodeengenharia.org.br\/site\/2024\/02\/21\/instituto-de-engenharia-e-ipen-assinam-acordo-de-cooperacao\/#respond"]}]},{"@type":"WebPage","@id":"https:\/\/www.institutodeengenharia.org.br\/site\/2024\/02\/21\/instituto-de-engenharia-e-ipen-assinam-acordo-de-cooperacao\/","url":"https:\/\/www.institutodeengenharia.org.br\/site\/2024\/02\/21\/instituto-de-engenharia-e-ipen-assinam-acordo-de-cooperacao\/","name":"Instituto de Engenharia e IPEN assinam acordo de coopera\u00e7\u00e3o - Instituto de Engenharia","isPartOf":{"@id":"https:\/\/www.institutodeengenharia.org.br\/site\/#website"},"primaryImageOfPage":{"@id":"https:\/\/www.institutodeengenharia.org.br\/site\/2024\/02\/21\/instituto-de-engenharia-e-ipen-assinam-acordo-de-cooperacao\/#primaryimage"},"image":{"@id":"https:\/\/www.institutodeengenharia.org.br\/site\/2024\/02\/21\/instituto-de-engenharia-e-ipen-assinam-acordo-de-cooperacao\/#primaryimage"},"thumbnailUrl":"https:\/\/www.institutodeengenharia.org.br\/site\/wp-content\/uploads\/2024\/02\/IMG_1426_baixa.jpg","datePublished":"2024-02-21T15:15:04+00:00","dateModified":"2026-03-30T13:29:09+00:00","breadcrumb":{"@id":"https:\/\/www.institutodeengenharia.org.br\/site\/2024\/02\/21\/instituto-de-engenharia-e-ipen-assinam-acordo-de-cooperacao\/#breadcrumb"},"inLanguage":"pt-BR","potentialAction":[{"@type":"ReadAction","target":["https:\/\/www.institutodeengenharia.org.br\/site\/2024\/02\/21\/instituto-de-engenharia-e-ipen-assinam-acordo-de-cooperacao\/"]}]},{"@type":"ImageObject","inLanguage":"pt-BR","@id":"https:\/\/www.institutodeengenharia.org.br\/site\/2024\/02\/21\/instituto-de-engenharia-e-ipen-assinam-acordo-de-cooperacao\/#primaryimage","url":"https:\/\/www.institutodeengenharia.org.br\/site\/wp-content\/uploads\/2024\/02\/IMG_1426_baixa.jpg","contentUrl":"https:\/\/www.institutodeengenharia.org.br\/site\/wp-content\/uploads\/2024\/02\/IMG_1426_baixa.jpg","width":1800,"height":1200,"caption":"Fotos: K\u00e1tia Itioka (IPEN)"},{"@type":"BreadcrumbList","@id":"https:\/\/www.institutodeengenharia.org.br\/site\/2024\/02\/21\/instituto-de-engenharia-e-ipen-assinam-acordo-de-cooperacao\/#breadcrumb","itemListElement":[{"@type":"ListItem","position":1,"name":"In\u00edcio","item":"https:\/\/www.institutodeengenharia.org.br\/site\/"},{"@type":"ListItem","position":2,"name":"Instituto de Engenharia e IPEN assinam acordo de coopera\u00e7\u00e3o"}]},{"@type":"WebSite","@id":"https:\/\/www.institutodeengenharia.org.br\/site\/#website","url":"https:\/\/www.institutodeengenharia.org.br\/site\/","name":"Instituto de Engenharia","description":"O Instituto de Engenharia promove a Engenharia em benef\u00edcio do desenvolvimento e da qualidade de vida da sociedade.","publisher":{"@id":"https:\/\/www.institutodeengenharia.org.br\/site\/#organization"},"potentialAction":[{"@type":"SearchAction","target":{"@type":"EntryPoint","urlTemplate":"https:\/\/www.institutodeengenharia.org.br\/site\/?s={search_term_string}"},"query-input":{"@type":"PropertyValueSpecification","valueRequired":true,"valueName":"search_term_string"}}],"inLanguage":"pt-BR"},{"@type":"Organization","@id":"https:\/\/www.institutodeengenharia.org.br\/site\/#organization","name":"Instituto de Engenharia","url":"https:\/\/www.institutodeengenharia.org.br\/site\/","logo":{"@type":"ImageObject","inLanguage":"pt-BR","@id":"https:\/\/www.institutodeengenharia.org.br\/site\/#\/schema\/logo\/image\/","url":"https:\/\/www.institutodeengenharia.org.br\/site\/wp-content\/uploads\/2019\/03\/logo-novo-IE2018-1.jpg","contentUrl":"https:\/\/www.institutodeengenharia.org.br\/site\/wp-content\/uploads\/2019\/03\/logo-novo-IE2018-1.jpg","width":1486,"height":1879,"caption":"Instituto de Engenharia"},"image":{"@id":"https:\/\/www.institutodeengenharia.org.br\/site\/#\/schema\/logo\/image\/"},"sameAs":["https:\/\/www.facebook.com\/institutodeengenharia","https:\/\/x.com\/iengenharia","https:\/\/www.instagram.com\/institutodeengenharia\/","https:\/\/www.linkedin.com\/company\/instituto-de-engenharia\/","https:\/\/www.youtube.com\/channel\/UCXiCAlsSMe977vamW915HxA"]},{"@type":"Person","@id":"https:\/\/www.institutodeengenharia.org.br\/site\/#\/schema\/person\/593dc356630173a4877a635d3e5fd76b","name":"Isabel","image":{"@type":"ImageObject","inLanguage":"pt-BR","@id":"https:\/\/secure.gravatar.com\/avatar\/f3c521db63ec9db17894f10a88c6a3cf95b2281d7f80eeb3cf3ef1cb091576e7?s=96&d=mm&r=g","url":"https:\/\/secure.gravatar.com\/avatar\/f3c521db63ec9db17894f10a88c6a3cf95b2281d7f80eeb3cf3ef1cb091576e7?s=96&d=mm&r=g","contentUrl":"https:\/\/secure.gravatar.com\/avatar\/f3c521db63ec9db17894f10a88c6a3cf95b2281d7f80eeb3cf3ef1cb091576e7?s=96&d=mm&r=g","caption":"Isabel"},"url":"https:\/\/www.institutodeengenharia.org.br\/site\/author\/comunicacao2\/"}]}},"_links":{"self":[{"href":"https:\/\/www.institutodeengenharia.org.br\/site\/wp-json\/wp\/v2\/posts\/116288","targetHints":{"allow":["GET"]}}],"collection":[{"href":"https:\/\/www.institutodeengenharia.org.br\/site\/wp-json\/wp\/v2\/posts"}],"about":[{"href":"https:\/\/www.institutodeengenharia.org.br\/site\/wp-json\/wp\/v2\/types\/post"}],"author":[{"embeddable":true,"href":"https:\/\/www.institutodeengenharia.org.br\/site\/wp-json\/wp\/v2\/users\/14"}],"replies":[{"embeddable":true,"href":"https:\/\/www.institutodeengenharia.org.br\/site\/wp-json\/wp\/v2\/comments?post=116288"}],"version-history":[{"count":5,"href":"https:\/\/www.institutodeengenharia.org.br\/site\/wp-json\/wp\/v2\/posts\/116288\/revisions"}],"predecessor-version":[{"id":152921,"href":"https:\/\/www.institutodeengenharia.org.br\/site\/wp-json\/wp\/v2\/posts\/116288\/revisions\/152921"}],"wp:featuredmedia":[{"embeddable":true,"href":"https:\/\/www.institutodeengenharia.org.br\/site\/wp-json\/wp\/v2\/media\/116312"}],"wp:attachment":[{"href":"https:\/\/www.institutodeengenharia.org.br\/site\/wp-json\/wp\/v2\/media?parent=116288"}],"wp:term":[{"taxonomy":"category","embeddable":true,"href":"https:\/\/www.institutodeengenharia.org.br\/site\/wp-json\/wp\/v2\/categories?post=116288"},{"taxonomy":"post_tag","embeddable":true,"href":"https:\/\/www.institutodeengenharia.org.br\/site\/wp-json\/wp\/v2\/tags?post=116288"}],"curies":[{"name":"wp","href":"https:\/\/api.w.org\/{rel}","templated":true}]}}