{"id":116206,"date":"2024-02-20T15:02:07","date_gmt":"2024-02-20T18:02:07","guid":{"rendered":"https:\/\/www.institutodeengenharia.org.br\/site\/?p=116206"},"modified":"2024-02-20T15:02:07","modified_gmt":"2024-02-20T18:02:07","slug":"por-tito-livio-ferreira-gomide-e-stella-marys-della-flora-a-pertinencia-dos-quesitos-na-pericia-judicial","status":"publish","type":"post","link":"https:\/\/www.institutodeengenharia.org.br\/site\/2024\/02\/20\/por-tito-livio-ferreira-gomide-e-stella-marys-della-flora-a-pertinencia-dos-quesitos-na-pericia-judicial\/","title":{"rendered":"Por Tito L\u00edvio Ferreira Gomide e Stella Marys Della Flora \u2013 A pertin\u00eancia dos quesitos na per\u00edcia judicial"},"content":{"rendered":"<p>A prova pericial visa apurar a verdade do fato, mas raramente a verdade \u00e9 pura, e nunca simples (Oscar Wilde). Por\u00e9m, atrav\u00e9s de questionamentos l\u00f3gicos e objetivos \u00e9 poss\u00edvel se chegar a uma boa resposta pericial, mesmo sabendo que toda quest\u00e3o tem dois lados (Prot\u00e1goras).<\/p>\n<p>Estabelecida na se\u00e7\u00e3o \u201cX\u201d do C\u00f3digo de Processo Civil \u2013 CPC (art. 464 a 480), a prova pericial faculta \u00e0s partes \u201c<em>apresentar quesitos<\/em>\u201d (item III do art. 465), bem como determina que \u201c<em>as partes poder\u00e3o apresentar quesitos suplementares durante a dilig\u00eancia, que poder\u00e3o ser respondidos pelo perito previamente ou na audi\u00eancia de instru\u00e7\u00e3o e julgamento<\/em>\u201d (art. 469). Nessa se\u00e7\u00e3o tamb\u00e9m consta o art. 470, que incumbe ao juiz: (i) indeferir quesitos impertinentes e (ii) formular os quesitos que entender necess\u00e1rios ao esclarecimento da causa.<\/p>\n<p>A formula\u00e7\u00e3o dos quesitos \u00e9 uma das principais atividades dos peritos, requerendo conhecimento, experi\u00eancia e, principalmente, vis\u00e3o estrat\u00e9gica do processo. Saber buscar a verdade dos fatos \u00e9 o objetivo principal, mas tamb\u00e9m \u00e9 necess\u00e1ria a boa defesa das partes, e isso \u00e9 tarefa que exige pesquisa e aten\u00e7\u00e3o na formula\u00e7\u00e3o de quesitos.<\/p>\n<p>Nesse sentido, nada melhor do que a boa parceria perito\/advogado para tal mister. O advogado conhece as leis e o objetivo processual com profundidade. J\u00e1 o perito conhece as normas t\u00e9cnicas, a doutrina, os regulamentos e os manuais de procedimentos das investiga\u00e7\u00f5es t\u00e9cnicas. Assim, recomenda-se parceria das duas atividades, Direito e Per\u00edcia, na miss\u00e3o de elaborar os bons quesitos.<\/p>\n<p style=\"text-align: center;\"><em><strong><a href=\"https:\/\/www.institutodeengenharia.org.br\/site\/wp-content\/uploads\/2024\/02\/Artigo-A-pertinencia-dos-quesitos-na-pericia-judicial.pdf\">Clique aqui para ler o artigo completo<\/a><\/strong><\/em><\/p>\n<p>________________________________________________________________________<\/p>\n<p><strong>Tito L\u00edvio Ferreira Gomide<\/strong><\/p>\n<p>Perito do Gabinete de Per\u00edcias Gomide<\/p>\n<p>Associado do Instituto de Engenharia<\/p>\n<p>Membre 22-B Associations D\u2019Experts Et De Conseils \u2013 ONU<\/p>\n<p><strong>Stella Marys Della Flora<\/strong><\/p>\n<p>Mestre em Engenharia Civil e Prof\u00aa. do Inbec, IE e PUC-RJ<\/p>\n<p>Perita do Gabinete de Per\u00edcias Gomide<\/p>\n<p>Coordenadora da Divis\u00e3o T\u00e9cnica de Engenharia Diagn\u00f3stica do Instituto de Engenharia<\/p>\n","protected":false},"excerpt":{"rendered":"<p>A prova pericial visa apurar a verdade do fato, mas raramente a verdade \u00e9 pura, e nunca simples (Oscar Wilde). Por\u00e9m, atrav\u00e9s de questionamentos l\u00f3gicos e objetivos \u00e9 poss\u00edvel se chegar a uma boa resposta pericial, mesmo sabendo que toda quest\u00e3o tem dois lados (Prot\u00e1goras). Estabelecida na se\u00e7\u00e3o \u201cX\u201d do C\u00f3digo de Processo Civil \u2013 [&hellip;]<\/p>\n","protected":false},"author":13,"featured_media":116208,"comment_status":"open","ping_status":"open","sticky":false,"template":"","format":"standard","meta":{"footnotes":""},"categories":[11,110],"tags":[],"class_list":{"0":"post-116206","1":"post","2":"type-post","3":"status-publish","4":"format-standard","5":"has-post-thumbnail","7":"category-articulistas","8":"category-tito-livio-ferreira-gomide"},"yoast_head":"<!-- This site is optimized with the Yoast SEO plugin v27.2 - https:\/\/yoast.com\/product\/yoast-seo-wordpress\/ -->\n<title>Por Tito L\u00edvio Ferreira Gomide e Stella Marys Della Flora \u2013 A pertin\u00eancia dos quesitos na per\u00edcia judicial - Instituto de Engenharia<\/title>\n<meta name=\"robots\" content=\"index, follow, max-snippet:-1, max-image-preview:large, max-video-preview:-1\" \/>\n<link rel=\"canonical\" href=\"https:\/\/www.institutodeengenharia.org.br\/site\/2024\/02\/20\/por-tito-livio-ferreira-gomide-e-stella-marys-della-flora-a-pertinencia-dos-quesitos-na-pericia-judicial\/\" \/>\n<meta property=\"og:locale\" content=\"pt_BR\" \/>\n<meta property=\"og:type\" content=\"article\" \/>\n<meta property=\"og:title\" content=\"Por Tito L\u00edvio Ferreira Gomide e Stella Marys Della Flora \u2013 A pertin\u00eancia dos quesitos na per\u00edcia judicial - Instituto de Engenharia\" \/>\n<meta property=\"og:description\" content=\"A prova pericial visa apurar a verdade do fato, mas raramente a verdade \u00e9 pura, e nunca simples (Oscar Wilde). Por\u00e9m, atrav\u00e9s de questionamentos l\u00f3gicos e objetivos \u00e9 poss\u00edvel se chegar a uma boa resposta pericial, mesmo sabendo que toda quest\u00e3o tem dois lados (Prot\u00e1goras). Estabelecida na se\u00e7\u00e3o \u201cX\u201d do C\u00f3digo de Processo Civil \u2013 [&hellip;]\" \/>\n<meta property=\"og:url\" content=\"https:\/\/www.institutodeengenharia.org.br\/site\/2024\/02\/20\/por-tito-livio-ferreira-gomide-e-stella-marys-della-flora-a-pertinencia-dos-quesitos-na-pericia-judicial\/\" \/>\n<meta property=\"og:site_name\" content=\"Instituto de Engenharia\" \/>\n<meta property=\"article:publisher\" content=\"https:\/\/www.facebook.com\/institutodeengenharia\" \/>\n<meta property=\"article:published_time\" content=\"2024-02-20T18:02:07+00:00\" \/>\n<meta property=\"og:image\" content=\"https:\/\/www.institutodeengenharia.org.br\/site\/wp-content\/uploads\/2024\/02\/Design-sem-nome-2024-02-20T150141.241.jpg\" \/>\n\t<meta property=\"og:image:width\" content=\"1920\" \/>\n\t<meta property=\"og:image:height\" content=\"1080\" \/>\n\t<meta property=\"og:image:type\" content=\"image\/jpeg\" \/>\n<meta name=\"author\" content=\"Bianca\" \/>\n<meta name=\"twitter:card\" content=\"summary_large_image\" \/>\n<meta name=\"twitter:creator\" content=\"@iengenharia\" \/>\n<meta name=\"twitter:site\" content=\"@iengenharia\" \/>\n<meta name=\"twitter:label1\" content=\"Escrito por\" \/>\n\t<meta name=\"twitter:data1\" content=\"Bianca\" \/>\n\t<meta name=\"twitter:label2\" content=\"Est. tempo de leitura\" \/>\n\t<meta name=\"twitter:data2\" content=\"2 minutos\" \/>\n<script type=\"application\/ld+json\" class=\"yoast-schema-graph\">{\"@context\":\"https:\/\/schema.org\",\"@graph\":[{\"@type\":\"Article\",\"@id\":\"https:\/\/www.institutodeengenharia.org.br\/site\/2024\/02\/20\/por-tito-livio-ferreira-gomide-e-stella-marys-della-flora-a-pertinencia-dos-quesitos-na-pericia-judicial\/#article\",\"isPartOf\":{\"@id\":\"https:\/\/www.institutodeengenharia.org.br\/site\/2024\/02\/20\/por-tito-livio-ferreira-gomide-e-stella-marys-della-flora-a-pertinencia-dos-quesitos-na-pericia-judicial\/\"},\"author\":{\"name\":\"Bianca\",\"@id\":\"https:\/\/www.institutodeengenharia.org.br\/site\/#\/schema\/person\/aeb64951c405e100d26d30b033dd423f\"},\"headline\":\"Por Tito L\u00edvio Ferreira Gomide e Stella Marys Della Flora \u2013 A pertin\u00eancia dos quesitos na per\u00edcia judicial\",\"datePublished\":\"2024-02-20T18:02:07+00:00\",\"mainEntityOfPage\":{\"@id\":\"https:\/\/www.institutodeengenharia.org.br\/site\/2024\/02\/20\/por-tito-livio-ferreira-gomide-e-stella-marys-della-flora-a-pertinencia-dos-quesitos-na-pericia-judicial\/\"},\"wordCount\":347,\"commentCount\":0,\"publisher\":{\"@id\":\"https:\/\/www.institutodeengenharia.org.br\/site\/#organization\"},\"image\":{\"@id\":\"https:\/\/www.institutodeengenharia.org.br\/site\/2024\/02\/20\/por-tito-livio-ferreira-gomide-e-stella-marys-della-flora-a-pertinencia-dos-quesitos-na-pericia-judicial\/#primaryimage\"},\"thumbnailUrl\":\"https:\/\/www.institutodeengenharia.org.br\/site\/wp-content\/uploads\/2024\/02\/Design-sem-nome-2024-02-20T150141.241.jpg\",\"articleSection\":[\"Articulistas\",\"Tito L\u00edvio Ferreira Gomide\"],\"inLanguage\":\"pt-BR\",\"potentialAction\":[{\"@type\":\"CommentAction\",\"name\":\"Comment\",\"target\":[\"https:\/\/www.institutodeengenharia.org.br\/site\/2024\/02\/20\/por-tito-livio-ferreira-gomide-e-stella-marys-della-flora-a-pertinencia-dos-quesitos-na-pericia-judicial\/#respond\"]}]},{\"@type\":\"WebPage\",\"@id\":\"https:\/\/www.institutodeengenharia.org.br\/site\/2024\/02\/20\/por-tito-livio-ferreira-gomide-e-stella-marys-della-flora-a-pertinencia-dos-quesitos-na-pericia-judicial\/\",\"url\":\"https:\/\/www.institutodeengenharia.org.br\/site\/2024\/02\/20\/por-tito-livio-ferreira-gomide-e-stella-marys-della-flora-a-pertinencia-dos-quesitos-na-pericia-judicial\/\",\"name\":\"Por Tito L\u00edvio Ferreira Gomide e Stella Marys Della Flora \u2013 A pertin\u00eancia dos quesitos na per\u00edcia judicial - Instituto de Engenharia\",\"isPartOf\":{\"@id\":\"https:\/\/www.institutodeengenharia.org.br\/site\/#website\"},\"primaryImageOfPage\":{\"@id\":\"https:\/\/www.institutodeengenharia.org.br\/site\/2024\/02\/20\/por-tito-livio-ferreira-gomide-e-stella-marys-della-flora-a-pertinencia-dos-quesitos-na-pericia-judicial\/#primaryimage\"},\"image\":{\"@id\":\"https:\/\/www.institutodeengenharia.org.br\/site\/2024\/02\/20\/por-tito-livio-ferreira-gomide-e-stella-marys-della-flora-a-pertinencia-dos-quesitos-na-pericia-judicial\/#primaryimage\"},\"thumbnailUrl\":\"https:\/\/www.institutodeengenharia.org.br\/site\/wp-content\/uploads\/2024\/02\/Design-sem-nome-2024-02-20T150141.241.jpg\",\"datePublished\":\"2024-02-20T18:02:07+00:00\",\"breadcrumb\":{\"@id\":\"https:\/\/www.institutodeengenharia.org.br\/site\/2024\/02\/20\/por-tito-livio-ferreira-gomide-e-stella-marys-della-flora-a-pertinencia-dos-quesitos-na-pericia-judicial\/#breadcrumb\"},\"inLanguage\":\"pt-BR\",\"potentialAction\":[{\"@type\":\"ReadAction\",\"target\":[\"https:\/\/www.institutodeengenharia.org.br\/site\/2024\/02\/20\/por-tito-livio-ferreira-gomide-e-stella-marys-della-flora-a-pertinencia-dos-quesitos-na-pericia-judicial\/\"]}]},{\"@type\":\"ImageObject\",\"inLanguage\":\"pt-BR\",\"@id\":\"https:\/\/www.institutodeengenharia.org.br\/site\/2024\/02\/20\/por-tito-livio-ferreira-gomide-e-stella-marys-della-flora-a-pertinencia-dos-quesitos-na-pericia-judicial\/#primaryimage\",\"url\":\"https:\/\/www.institutodeengenharia.org.br\/site\/wp-content\/uploads\/2024\/02\/Design-sem-nome-2024-02-20T150141.241.jpg\",\"contentUrl\":\"https:\/\/www.institutodeengenharia.org.br\/site\/wp-content\/uploads\/2024\/02\/Design-sem-nome-2024-02-20T150141.241.jpg\",\"width\":1920,\"height\":1080},{\"@type\":\"BreadcrumbList\",\"@id\":\"https:\/\/www.institutodeengenharia.org.br\/site\/2024\/02\/20\/por-tito-livio-ferreira-gomide-e-stella-marys-della-flora-a-pertinencia-dos-quesitos-na-pericia-judicial\/#breadcrumb\",\"itemListElement\":[{\"@type\":\"ListItem\",\"position\":1,\"name\":\"In\u00edcio\",\"item\":\"https:\/\/www.institutodeengenharia.org.br\/site\/\"},{\"@type\":\"ListItem\",\"position\":2,\"name\":\"Por Tito L\u00edvio Ferreira Gomide e Stella Marys Della Flora \u2013 A pertin\u00eancia dos quesitos na per\u00edcia judicial\"}]},{\"@type\":\"WebSite\",\"@id\":\"https:\/\/www.institutodeengenharia.org.br\/site\/#website\",\"url\":\"https:\/\/www.institutodeengenharia.org.br\/site\/\",\"name\":\"Instituto de Engenharia\",\"description\":\"O Instituto de Engenharia promove a Engenharia em benef\u00edcio do desenvolvimento e da qualidade de vida da sociedade.\",\"publisher\":{\"@id\":\"https:\/\/www.institutodeengenharia.org.br\/site\/#organization\"},\"potentialAction\":[{\"@type\":\"SearchAction\",\"target\":{\"@type\":\"EntryPoint\",\"urlTemplate\":\"https:\/\/www.institutodeengenharia.org.br\/site\/?s={search_term_string}\"},\"query-input\":{\"@type\":\"PropertyValueSpecification\",\"valueRequired\":true,\"valueName\":\"search_term_string\"}}],\"inLanguage\":\"pt-BR\"},{\"@type\":\"Organization\",\"@id\":\"https:\/\/www.institutodeengenharia.org.br\/site\/#organization\",\"name\":\"Instituto de Engenharia\",\"url\":\"https:\/\/www.institutodeengenharia.org.br\/site\/\",\"logo\":{\"@type\":\"ImageObject\",\"inLanguage\":\"pt-BR\",\"@id\":\"https:\/\/www.institutodeengenharia.org.br\/site\/#\/schema\/logo\/image\/\",\"url\":\"https:\/\/www.institutodeengenharia.org.br\/site\/wp-content\/uploads\/2019\/03\/logo-novo-IE2018-1.jpg\",\"contentUrl\":\"https:\/\/www.institutodeengenharia.org.br\/site\/wp-content\/uploads\/2019\/03\/logo-novo-IE2018-1.jpg\",\"width\":1486,\"height\":1879,\"caption\":\"Instituto de Engenharia\"},\"image\":{\"@id\":\"https:\/\/www.institutodeengenharia.org.br\/site\/#\/schema\/logo\/image\/\"},\"sameAs\":[\"https:\/\/www.facebook.com\/institutodeengenharia\",\"https:\/\/x.com\/iengenharia\",\"https:\/\/www.instagram.com\/institutodeengenharia\/\",\"https:\/\/www.linkedin.com\/company\/instituto-de-engenharia\/\",\"https:\/\/www.youtube.com\/channel\/UCXiCAlsSMe977vamW915HxA\"]},{\"@type\":\"Person\",\"@id\":\"https:\/\/www.institutodeengenharia.org.br\/site\/#\/schema\/person\/aeb64951c405e100d26d30b033dd423f\",\"name\":\"Bianca\",\"image\":{\"@type\":\"ImageObject\",\"inLanguage\":\"pt-BR\",\"@id\":\"https:\/\/secure.gravatar.com\/avatar\/a6fbe9bff57405baf4c1e2c5c1811e072b558253974a9f9508f4678900c97c2a?s=96&d=mm&r=g\",\"url\":\"https:\/\/secure.gravatar.com\/avatar\/a6fbe9bff57405baf4c1e2c5c1811e072b558253974a9f9508f4678900c97c2a?s=96&d=mm&r=g\",\"contentUrl\":\"https:\/\/secure.gravatar.com\/avatar\/a6fbe9bff57405baf4c1e2c5c1811e072b558253974a9f9508f4678900c97c2a?s=96&d=mm&r=g\",\"caption\":\"Bianca\"},\"url\":\"https:\/\/www.institutodeengenharia.org.br\/site\/author\/comunicacao1\/\"}]}<\/script>\n<!-- \/ Yoast SEO plugin. -->","yoast_head_json":{"title":"Por Tito L\u00edvio Ferreira Gomide e Stella Marys Della Flora \u2013 A pertin\u00eancia dos quesitos na per\u00edcia judicial - Instituto de Engenharia","robots":{"index":"index","follow":"follow","max-snippet":"max-snippet:-1","max-image-preview":"max-image-preview:large","max-video-preview":"max-video-preview:-1"},"canonical":"https:\/\/www.institutodeengenharia.org.br\/site\/2024\/02\/20\/por-tito-livio-ferreira-gomide-e-stella-marys-della-flora-a-pertinencia-dos-quesitos-na-pericia-judicial\/","og_locale":"pt_BR","og_type":"article","og_title":"Por Tito L\u00edvio Ferreira Gomide e Stella Marys Della Flora \u2013 A pertin\u00eancia dos quesitos na per\u00edcia judicial - Instituto de Engenharia","og_description":"A prova pericial visa apurar a verdade do fato, mas raramente a verdade \u00e9 pura, e nunca simples (Oscar Wilde). Por\u00e9m, atrav\u00e9s de questionamentos l\u00f3gicos e objetivos \u00e9 poss\u00edvel se chegar a uma boa resposta pericial, mesmo sabendo que toda quest\u00e3o tem dois lados (Prot\u00e1goras). Estabelecida na se\u00e7\u00e3o \u201cX\u201d do C\u00f3digo de Processo Civil \u2013 [&hellip;]","og_url":"https:\/\/www.institutodeengenharia.org.br\/site\/2024\/02\/20\/por-tito-livio-ferreira-gomide-e-stella-marys-della-flora-a-pertinencia-dos-quesitos-na-pericia-judicial\/","og_site_name":"Instituto de Engenharia","article_publisher":"https:\/\/www.facebook.com\/institutodeengenharia","article_published_time":"2024-02-20T18:02:07+00:00","og_image":[{"width":1920,"height":1080,"url":"https:\/\/www.institutodeengenharia.org.br\/site\/wp-content\/uploads\/2024\/02\/Design-sem-nome-2024-02-20T150141.241.jpg","type":"image\/jpeg"}],"author":"Bianca","twitter_card":"summary_large_image","twitter_creator":"@iengenharia","twitter_site":"@iengenharia","twitter_misc":{"Escrito por":"Bianca","Est. tempo de leitura":"2 minutos"},"schema":{"@context":"https:\/\/schema.org","@graph":[{"@type":"Article","@id":"https:\/\/www.institutodeengenharia.org.br\/site\/2024\/02\/20\/por-tito-livio-ferreira-gomide-e-stella-marys-della-flora-a-pertinencia-dos-quesitos-na-pericia-judicial\/#article","isPartOf":{"@id":"https:\/\/www.institutodeengenharia.org.br\/site\/2024\/02\/20\/por-tito-livio-ferreira-gomide-e-stella-marys-della-flora-a-pertinencia-dos-quesitos-na-pericia-judicial\/"},"author":{"name":"Bianca","@id":"https:\/\/www.institutodeengenharia.org.br\/site\/#\/schema\/person\/aeb64951c405e100d26d30b033dd423f"},"headline":"Por Tito L\u00edvio Ferreira Gomide e Stella Marys Della Flora \u2013 A pertin\u00eancia dos quesitos na per\u00edcia judicial","datePublished":"2024-02-20T18:02:07+00:00","mainEntityOfPage":{"@id":"https:\/\/www.institutodeengenharia.org.br\/site\/2024\/02\/20\/por-tito-livio-ferreira-gomide-e-stella-marys-della-flora-a-pertinencia-dos-quesitos-na-pericia-judicial\/"},"wordCount":347,"commentCount":0,"publisher":{"@id":"https:\/\/www.institutodeengenharia.org.br\/site\/#organization"},"image":{"@id":"https:\/\/www.institutodeengenharia.org.br\/site\/2024\/02\/20\/por-tito-livio-ferreira-gomide-e-stella-marys-della-flora-a-pertinencia-dos-quesitos-na-pericia-judicial\/#primaryimage"},"thumbnailUrl":"https:\/\/www.institutodeengenharia.org.br\/site\/wp-content\/uploads\/2024\/02\/Design-sem-nome-2024-02-20T150141.241.jpg","articleSection":["Articulistas","Tito L\u00edvio Ferreira Gomide"],"inLanguage":"pt-BR","potentialAction":[{"@type":"CommentAction","name":"Comment","target":["https:\/\/www.institutodeengenharia.org.br\/site\/2024\/02\/20\/por-tito-livio-ferreira-gomide-e-stella-marys-della-flora-a-pertinencia-dos-quesitos-na-pericia-judicial\/#respond"]}]},{"@type":"WebPage","@id":"https:\/\/www.institutodeengenharia.org.br\/site\/2024\/02\/20\/por-tito-livio-ferreira-gomide-e-stella-marys-della-flora-a-pertinencia-dos-quesitos-na-pericia-judicial\/","url":"https:\/\/www.institutodeengenharia.org.br\/site\/2024\/02\/20\/por-tito-livio-ferreira-gomide-e-stella-marys-della-flora-a-pertinencia-dos-quesitos-na-pericia-judicial\/","name":"Por Tito L\u00edvio Ferreira Gomide e Stella Marys Della Flora \u2013 A pertin\u00eancia dos quesitos na per\u00edcia judicial - Instituto de Engenharia","isPartOf":{"@id":"https:\/\/www.institutodeengenharia.org.br\/site\/#website"},"primaryImageOfPage":{"@id":"https:\/\/www.institutodeengenharia.org.br\/site\/2024\/02\/20\/por-tito-livio-ferreira-gomide-e-stella-marys-della-flora-a-pertinencia-dos-quesitos-na-pericia-judicial\/#primaryimage"},"image":{"@id":"https:\/\/www.institutodeengenharia.org.br\/site\/2024\/02\/20\/por-tito-livio-ferreira-gomide-e-stella-marys-della-flora-a-pertinencia-dos-quesitos-na-pericia-judicial\/#primaryimage"},"thumbnailUrl":"https:\/\/www.institutodeengenharia.org.br\/site\/wp-content\/uploads\/2024\/02\/Design-sem-nome-2024-02-20T150141.241.jpg","datePublished":"2024-02-20T18:02:07+00:00","breadcrumb":{"@id":"https:\/\/www.institutodeengenharia.org.br\/site\/2024\/02\/20\/por-tito-livio-ferreira-gomide-e-stella-marys-della-flora-a-pertinencia-dos-quesitos-na-pericia-judicial\/#breadcrumb"},"inLanguage":"pt-BR","potentialAction":[{"@type":"ReadAction","target":["https:\/\/www.institutodeengenharia.org.br\/site\/2024\/02\/20\/por-tito-livio-ferreira-gomide-e-stella-marys-della-flora-a-pertinencia-dos-quesitos-na-pericia-judicial\/"]}]},{"@type":"ImageObject","inLanguage":"pt-BR","@id":"https:\/\/www.institutodeengenharia.org.br\/site\/2024\/02\/20\/por-tito-livio-ferreira-gomide-e-stella-marys-della-flora-a-pertinencia-dos-quesitos-na-pericia-judicial\/#primaryimage","url":"https:\/\/www.institutodeengenharia.org.br\/site\/wp-content\/uploads\/2024\/02\/Design-sem-nome-2024-02-20T150141.241.jpg","contentUrl":"https:\/\/www.institutodeengenharia.org.br\/site\/wp-content\/uploads\/2024\/02\/Design-sem-nome-2024-02-20T150141.241.jpg","width":1920,"height":1080},{"@type":"BreadcrumbList","@id":"https:\/\/www.institutodeengenharia.org.br\/site\/2024\/02\/20\/por-tito-livio-ferreira-gomide-e-stella-marys-della-flora-a-pertinencia-dos-quesitos-na-pericia-judicial\/#breadcrumb","itemListElement":[{"@type":"ListItem","position":1,"name":"In\u00edcio","item":"https:\/\/www.institutodeengenharia.org.br\/site\/"},{"@type":"ListItem","position":2,"name":"Por Tito L\u00edvio Ferreira Gomide e Stella Marys Della Flora \u2013 A pertin\u00eancia dos quesitos na per\u00edcia judicial"}]},{"@type":"WebSite","@id":"https:\/\/www.institutodeengenharia.org.br\/site\/#website","url":"https:\/\/www.institutodeengenharia.org.br\/site\/","name":"Instituto de Engenharia","description":"O Instituto de Engenharia promove a Engenharia em benef\u00edcio do desenvolvimento e da qualidade de vida da sociedade.","publisher":{"@id":"https:\/\/www.institutodeengenharia.org.br\/site\/#organization"},"potentialAction":[{"@type":"SearchAction","target":{"@type":"EntryPoint","urlTemplate":"https:\/\/www.institutodeengenharia.org.br\/site\/?s={search_term_string}"},"query-input":{"@type":"PropertyValueSpecification","valueRequired":true,"valueName":"search_term_string"}}],"inLanguage":"pt-BR"},{"@type":"Organization","@id":"https:\/\/www.institutodeengenharia.org.br\/site\/#organization","name":"Instituto de Engenharia","url":"https:\/\/www.institutodeengenharia.org.br\/site\/","logo":{"@type":"ImageObject","inLanguage":"pt-BR","@id":"https:\/\/www.institutodeengenharia.org.br\/site\/#\/schema\/logo\/image\/","url":"https:\/\/www.institutodeengenharia.org.br\/site\/wp-content\/uploads\/2019\/03\/logo-novo-IE2018-1.jpg","contentUrl":"https:\/\/www.institutodeengenharia.org.br\/site\/wp-content\/uploads\/2019\/03\/logo-novo-IE2018-1.jpg","width":1486,"height":1879,"caption":"Instituto de Engenharia"},"image":{"@id":"https:\/\/www.institutodeengenharia.org.br\/site\/#\/schema\/logo\/image\/"},"sameAs":["https:\/\/www.facebook.com\/institutodeengenharia","https:\/\/x.com\/iengenharia","https:\/\/www.instagram.com\/institutodeengenharia\/","https:\/\/www.linkedin.com\/company\/instituto-de-engenharia\/","https:\/\/www.youtube.com\/channel\/UCXiCAlsSMe977vamW915HxA"]},{"@type":"Person","@id":"https:\/\/www.institutodeengenharia.org.br\/site\/#\/schema\/person\/aeb64951c405e100d26d30b033dd423f","name":"Bianca","image":{"@type":"ImageObject","inLanguage":"pt-BR","@id":"https:\/\/secure.gravatar.com\/avatar\/a6fbe9bff57405baf4c1e2c5c1811e072b558253974a9f9508f4678900c97c2a?s=96&d=mm&r=g","url":"https:\/\/secure.gravatar.com\/avatar\/a6fbe9bff57405baf4c1e2c5c1811e072b558253974a9f9508f4678900c97c2a?s=96&d=mm&r=g","contentUrl":"https:\/\/secure.gravatar.com\/avatar\/a6fbe9bff57405baf4c1e2c5c1811e072b558253974a9f9508f4678900c97c2a?s=96&d=mm&r=g","caption":"Bianca"},"url":"https:\/\/www.institutodeengenharia.org.br\/site\/author\/comunicacao1\/"}]}},"_links":{"self":[{"href":"https:\/\/www.institutodeengenharia.org.br\/site\/wp-json\/wp\/v2\/posts\/116206","targetHints":{"allow":["GET"]}}],"collection":[{"href":"https:\/\/www.institutodeengenharia.org.br\/site\/wp-json\/wp\/v2\/posts"}],"about":[{"href":"https:\/\/www.institutodeengenharia.org.br\/site\/wp-json\/wp\/v2\/types\/post"}],"author":[{"embeddable":true,"href":"https:\/\/www.institutodeengenharia.org.br\/site\/wp-json\/wp\/v2\/users\/13"}],"replies":[{"embeddable":true,"href":"https:\/\/www.institutodeengenharia.org.br\/site\/wp-json\/wp\/v2\/comments?post=116206"}],"version-history":[{"count":1,"href":"https:\/\/www.institutodeengenharia.org.br\/site\/wp-json\/wp\/v2\/posts\/116206\/revisions"}],"predecessor-version":[{"id":116209,"href":"https:\/\/www.institutodeengenharia.org.br\/site\/wp-json\/wp\/v2\/posts\/116206\/revisions\/116209"}],"wp:featuredmedia":[{"embeddable":true,"href":"https:\/\/www.institutodeengenharia.org.br\/site\/wp-json\/wp\/v2\/media\/116208"}],"wp:attachment":[{"href":"https:\/\/www.institutodeengenharia.org.br\/site\/wp-json\/wp\/v2\/media?parent=116206"}],"wp:term":[{"taxonomy":"category","embeddable":true,"href":"https:\/\/www.institutodeengenharia.org.br\/site\/wp-json\/wp\/v2\/categories?post=116206"},{"taxonomy":"post_tag","embeddable":true,"href":"https:\/\/www.institutodeengenharia.org.br\/site\/wp-json\/wp\/v2\/tags?post=116206"}],"curies":[{"name":"wp","href":"https:\/\/api.w.org\/{rel}","templated":true}]}}