{"id":115985,"date":"2024-02-09T14:48:07","date_gmt":"2024-02-09T17:48:07","guid":{"rendered":"https:\/\/www.institutodeengenharia.org.br\/site\/?p=115985"},"modified":"2024-04-04T09:33:13","modified_gmt":"2024-04-04T12:33:13","slug":"presidente-do-ie-e-equipe-visitam-o-parque-tecnologico-de-sorocaba","status":"publish","type":"post","link":"https:\/\/www.institutodeengenharia.org.br\/site\/2024\/02\/09\/presidente-do-ie-e-equipe-visitam-o-parque-tecnologico-de-sorocaba\/","title":{"rendered":"Presidente do IE e equipe visitam o Parque Tecnol\u00f3gico de Sorocaba"},"content":{"rendered":"<p>Em fevereiro, Jos\u00e9 Eduardo Jardim, presidente do Instituto de Engenharia, a convite de Nelson Tadeu Cancellara, presidente do Parque Tecnol\u00f3gico de Sorocaba (PTS), visitou o maior centro de pesquisa, desenvolvimento e inova\u00e7\u00e3o da Regi\u00e3o de Sorocaba.<\/p>\n<p>Na ocasi\u00e3o, foram debatidos v\u00e1rios t\u00f3picos de interesse em comum a ambas institui\u00e7\u00f5es e articulada a realiza\u00e7\u00e3o de um termo de coopera\u00e7\u00e3o a ser celebrado, em breve.<\/p>\n<p>Estiveram tamb\u00e9m no encontro, do Instituto de Engenharia, Lawrence Chung Koo, VP de Rela\u00e7\u00f5es Externas, Aristeu Zensaburo Nakamura, conselheiro, e Alfredo Petrilli Junior, associado. E os convidados, Vicente Abate, Yoka Yamamoto, Willian Mariano de Melo, Cl\u00e1udio Ricardo Hehl Forjaz, Luiz Alberto Fioravante, Fernando Cesar e Giuliano Gueratto.<\/p>\n<p><img loading=\"lazy\" decoding=\"async\" class=\"alignnone size-full wp-image-115987\" src=\"https:\/\/www.institutodeengenharia.org.br\/site\/wp-content\/uploads\/2024\/02\/pts.png\" alt=\"\" width=\"1848\" height=\"771\" srcset=\"https:\/\/www.institutodeengenharia.org.br\/site\/wp-content\/uploads\/2024\/02\/pts.png 1848w, https:\/\/www.institutodeengenharia.org.br\/site\/wp-content\/uploads\/2024\/02\/pts-300x125.png 300w, https:\/\/www.institutodeengenharia.org.br\/site\/wp-content\/uploads\/2024\/02\/pts-1024x427.png 1024w, https:\/\/www.institutodeengenharia.org.br\/site\/wp-content\/uploads\/2024\/02\/pts-768x320.png 768w, https:\/\/www.institutodeengenharia.org.br\/site\/wp-content\/uploads\/2024\/02\/pts-1536x641.png 1536w, https:\/\/www.institutodeengenharia.org.br\/site\/wp-content\/uploads\/2024\/02\/pts-696x290.png 696w, https:\/\/www.institutodeengenharia.org.br\/site\/wp-content\/uploads\/2024\/02\/pts-1068x446.png 1068w, https:\/\/www.institutodeengenharia.org.br\/site\/wp-content\/uploads\/2024\/02\/pts-1007x420.png 1007w, https:\/\/www.institutodeengenharia.org.br\/site\/wp-content\/uploads\/2024\/02\/pts-600x250.png 600w\" sizes=\"auto, (max-width: 1848px) 100vw, 1848px\" \/><\/p>\n<h6><em>*Com informa\u00e7\u00f5es de Lawrence Chung Koo<\/em><\/h6>\n<p>&nbsp;<\/p>\n","protected":false},"excerpt":{"rendered":"<p>Em fevereiro, Jos\u00e9 Eduardo Jardim, presidente do Instituto de Engenharia, a convite de Nelson Tadeu Cancellara, presidente do Parque Tecnol\u00f3gico de Sorocaba (PTS), visitou o maior centro de pesquisa, desenvolvimento e inova\u00e7\u00e3o da Regi\u00e3o de Sorocaba. Na ocasi\u00e3o, foram debatidos v\u00e1rios t\u00f3picos de interesse em comum a ambas institui\u00e7\u00f5es e articulada a realiza\u00e7\u00e3o de um [&hellip;]<\/p>\n","protected":false},"author":14,"featured_media":115988,"comment_status":"open","ping_status":"open","sticky":false,"template":"","format":"standard","meta":{"footnotes":""},"categories":[27,6],"tags":[],"class_list":{"0":"post-115985","1":"post","2":"type-post","3":"status-publish","4":"format-standard","5":"has-post-thumbnail","7":"category-instituto-de-engenharia","8":"category-noticias"},"yoast_head":"<!-- This site is optimized with the Yoast SEO plugin v27.2 - https:\/\/yoast.com\/product\/yoast-seo-wordpress\/ -->\n<title>Presidente do IE e equipe visitam o Parque Tecnol\u00f3gico de Sorocaba - Instituto de Engenharia<\/title>\n<meta name=\"robots\" content=\"index, follow, max-snippet:-1, max-image-preview:large, max-video-preview:-1\" \/>\n<link rel=\"canonical\" href=\"https:\/\/www.institutodeengenharia.org.br\/site\/2024\/02\/09\/presidente-do-ie-e-equipe-visitam-o-parque-tecnologico-de-sorocaba\/\" \/>\n<meta property=\"og:locale\" content=\"pt_BR\" \/>\n<meta property=\"og:type\" content=\"article\" \/>\n<meta property=\"og:title\" content=\"Presidente do IE e equipe visitam o Parque Tecnol\u00f3gico de Sorocaba - Instituto de Engenharia\" \/>\n<meta property=\"og:description\" content=\"Em fevereiro, Jos\u00e9 Eduardo Jardim, presidente do Instituto de Engenharia, a convite de Nelson Tadeu Cancellara, presidente do Parque Tecnol\u00f3gico de Sorocaba (PTS), visitou o maior centro de pesquisa, desenvolvimento e inova\u00e7\u00e3o da Regi\u00e3o de Sorocaba. Na ocasi\u00e3o, foram debatidos v\u00e1rios t\u00f3picos de interesse em comum a ambas institui\u00e7\u00f5es e articulada a realiza\u00e7\u00e3o de um [&hellip;]\" \/>\n<meta property=\"og:url\" content=\"https:\/\/www.institutodeengenharia.org.br\/site\/2024\/02\/09\/presidente-do-ie-e-equipe-visitam-o-parque-tecnologico-de-sorocaba\/\" \/>\n<meta property=\"og:site_name\" content=\"Instituto de Engenharia\" \/>\n<meta property=\"article:publisher\" content=\"https:\/\/www.facebook.com\/institutodeengenharia\" \/>\n<meta property=\"article:published_time\" content=\"2024-02-09T17:48:07+00:00\" \/>\n<meta property=\"article:modified_time\" content=\"2024-04-04T12:33:13+00:00\" \/>\n<meta property=\"og:image\" content=\"https:\/\/www.institutodeengenharia.org.br\/site\/wp-content\/uploads\/2024\/02\/WhatsApp-Image-2024-02-09-at-14.04.20.jpeg\" \/>\n\t<meta property=\"og:image:width\" content=\"886\" \/>\n\t<meta property=\"og:image:height\" content=\"664\" \/>\n\t<meta property=\"og:image:type\" content=\"image\/jpeg\" \/>\n<meta name=\"author\" content=\"Isabel\" \/>\n<meta name=\"twitter:card\" content=\"summary_large_image\" \/>\n<meta name=\"twitter:creator\" content=\"@iengenharia\" \/>\n<meta name=\"twitter:site\" content=\"@iengenharia\" \/>\n<meta name=\"twitter:label1\" content=\"Escrito por\" \/>\n\t<meta name=\"twitter:data1\" content=\"Isabel\" \/>\n\t<meta name=\"twitter:label2\" content=\"Est. tempo de leitura\" \/>\n\t<meta name=\"twitter:data2\" content=\"2 minutos\" \/>\n<script type=\"application\/ld+json\" class=\"yoast-schema-graph\">{\"@context\":\"https:\/\/schema.org\",\"@graph\":[{\"@type\":\"Article\",\"@id\":\"https:\/\/www.institutodeengenharia.org.br\/site\/2024\/02\/09\/presidente-do-ie-e-equipe-visitam-o-parque-tecnologico-de-sorocaba\/#article\",\"isPartOf\":{\"@id\":\"https:\/\/www.institutodeengenharia.org.br\/site\/2024\/02\/09\/presidente-do-ie-e-equipe-visitam-o-parque-tecnologico-de-sorocaba\/\"},\"author\":{\"name\":\"Isabel\",\"@id\":\"https:\/\/www.institutodeengenharia.org.br\/site\/#\/schema\/person\/593dc356630173a4877a635d3e5fd76b\"},\"headline\":\"Presidente do IE e equipe visitam o Parque Tecnol\u00f3gico de Sorocaba\",\"datePublished\":\"2024-02-09T17:48:07+00:00\",\"dateModified\":\"2024-04-04T12:33:13+00:00\",\"mainEntityOfPage\":{\"@id\":\"https:\/\/www.institutodeengenharia.org.br\/site\/2024\/02\/09\/presidente-do-ie-e-equipe-visitam-o-parque-tecnologico-de-sorocaba\/\"},\"wordCount\":142,\"commentCount\":0,\"publisher\":{\"@id\":\"https:\/\/www.institutodeengenharia.org.br\/site\/#organization\"},\"image\":{\"@id\":\"https:\/\/www.institutodeengenharia.org.br\/site\/2024\/02\/09\/presidente-do-ie-e-equipe-visitam-o-parque-tecnologico-de-sorocaba\/#primaryimage\"},\"thumbnailUrl\":\"https:\/\/www.institutodeengenharia.org.br\/site\/wp-content\/uploads\/2024\/02\/WhatsApp-Image-2024-02-09-at-14.04.20.jpeg\",\"articleSection\":[\"Instituto de Engenharia\",\"Not\u00edcias\"],\"inLanguage\":\"pt-BR\",\"potentialAction\":[{\"@type\":\"CommentAction\",\"name\":\"Comment\",\"target\":[\"https:\/\/www.institutodeengenharia.org.br\/site\/2024\/02\/09\/presidente-do-ie-e-equipe-visitam-o-parque-tecnologico-de-sorocaba\/#respond\"]}]},{\"@type\":\"WebPage\",\"@id\":\"https:\/\/www.institutodeengenharia.org.br\/site\/2024\/02\/09\/presidente-do-ie-e-equipe-visitam-o-parque-tecnologico-de-sorocaba\/\",\"url\":\"https:\/\/www.institutodeengenharia.org.br\/site\/2024\/02\/09\/presidente-do-ie-e-equipe-visitam-o-parque-tecnologico-de-sorocaba\/\",\"name\":\"Presidente do IE e equipe visitam o Parque Tecnol\u00f3gico de Sorocaba - Instituto de Engenharia\",\"isPartOf\":{\"@id\":\"https:\/\/www.institutodeengenharia.org.br\/site\/#website\"},\"primaryImageOfPage\":{\"@id\":\"https:\/\/www.institutodeengenharia.org.br\/site\/2024\/02\/09\/presidente-do-ie-e-equipe-visitam-o-parque-tecnologico-de-sorocaba\/#primaryimage\"},\"image\":{\"@id\":\"https:\/\/www.institutodeengenharia.org.br\/site\/2024\/02\/09\/presidente-do-ie-e-equipe-visitam-o-parque-tecnologico-de-sorocaba\/#primaryimage\"},\"thumbnailUrl\":\"https:\/\/www.institutodeengenharia.org.br\/site\/wp-content\/uploads\/2024\/02\/WhatsApp-Image-2024-02-09-at-14.04.20.jpeg\",\"datePublished\":\"2024-02-09T17:48:07+00:00\",\"dateModified\":\"2024-04-04T12:33:13+00:00\",\"breadcrumb\":{\"@id\":\"https:\/\/www.institutodeengenharia.org.br\/site\/2024\/02\/09\/presidente-do-ie-e-equipe-visitam-o-parque-tecnologico-de-sorocaba\/#breadcrumb\"},\"inLanguage\":\"pt-BR\",\"potentialAction\":[{\"@type\":\"ReadAction\",\"target\":[\"https:\/\/www.institutodeengenharia.org.br\/site\/2024\/02\/09\/presidente-do-ie-e-equipe-visitam-o-parque-tecnologico-de-sorocaba\/\"]}]},{\"@type\":\"ImageObject\",\"inLanguage\":\"pt-BR\",\"@id\":\"https:\/\/www.institutodeengenharia.org.br\/site\/2024\/02\/09\/presidente-do-ie-e-equipe-visitam-o-parque-tecnologico-de-sorocaba\/#primaryimage\",\"url\":\"https:\/\/www.institutodeengenharia.org.br\/site\/wp-content\/uploads\/2024\/02\/WhatsApp-Image-2024-02-09-at-14.04.20.jpeg\",\"contentUrl\":\"https:\/\/www.institutodeengenharia.org.br\/site\/wp-content\/uploads\/2024\/02\/WhatsApp-Image-2024-02-09-at-14.04.20.jpeg\",\"width\":886,\"height\":664},{\"@type\":\"BreadcrumbList\",\"@id\":\"https:\/\/www.institutodeengenharia.org.br\/site\/2024\/02\/09\/presidente-do-ie-e-equipe-visitam-o-parque-tecnologico-de-sorocaba\/#breadcrumb\",\"itemListElement\":[{\"@type\":\"ListItem\",\"position\":1,\"name\":\"In\u00edcio\",\"item\":\"https:\/\/www.institutodeengenharia.org.br\/site\/\"},{\"@type\":\"ListItem\",\"position\":2,\"name\":\"Presidente do IE e equipe visitam o Parque Tecnol\u00f3gico de Sorocaba\"}]},{\"@type\":\"WebSite\",\"@id\":\"https:\/\/www.institutodeengenharia.org.br\/site\/#website\",\"url\":\"https:\/\/www.institutodeengenharia.org.br\/site\/\",\"name\":\"Instituto de Engenharia\",\"description\":\"O Instituto de Engenharia promove a Engenharia em benef\u00edcio do desenvolvimento e da qualidade de vida da sociedade.\",\"publisher\":{\"@id\":\"https:\/\/www.institutodeengenharia.org.br\/site\/#organization\"},\"potentialAction\":[{\"@type\":\"SearchAction\",\"target\":{\"@type\":\"EntryPoint\",\"urlTemplate\":\"https:\/\/www.institutodeengenharia.org.br\/site\/?s={search_term_string}\"},\"query-input\":{\"@type\":\"PropertyValueSpecification\",\"valueRequired\":true,\"valueName\":\"search_term_string\"}}],\"inLanguage\":\"pt-BR\"},{\"@type\":\"Organization\",\"@id\":\"https:\/\/www.institutodeengenharia.org.br\/site\/#organization\",\"name\":\"Instituto de Engenharia\",\"url\":\"https:\/\/www.institutodeengenharia.org.br\/site\/\",\"logo\":{\"@type\":\"ImageObject\",\"inLanguage\":\"pt-BR\",\"@id\":\"https:\/\/www.institutodeengenharia.org.br\/site\/#\/schema\/logo\/image\/\",\"url\":\"https:\/\/www.institutodeengenharia.org.br\/site\/wp-content\/uploads\/2019\/03\/logo-novo-IE2018-1.jpg\",\"contentUrl\":\"https:\/\/www.institutodeengenharia.org.br\/site\/wp-content\/uploads\/2019\/03\/logo-novo-IE2018-1.jpg\",\"width\":1486,\"height\":1879,\"caption\":\"Instituto de Engenharia\"},\"image\":{\"@id\":\"https:\/\/www.institutodeengenharia.org.br\/site\/#\/schema\/logo\/image\/\"},\"sameAs\":[\"https:\/\/www.facebook.com\/institutodeengenharia\",\"https:\/\/x.com\/iengenharia\",\"https:\/\/www.instagram.com\/institutodeengenharia\/\",\"https:\/\/www.linkedin.com\/company\/instituto-de-engenharia\/\",\"https:\/\/www.youtube.com\/channel\/UCXiCAlsSMe977vamW915HxA\"]},{\"@type\":\"Person\",\"@id\":\"https:\/\/www.institutodeengenharia.org.br\/site\/#\/schema\/person\/593dc356630173a4877a635d3e5fd76b\",\"name\":\"Isabel\",\"image\":{\"@type\":\"ImageObject\",\"inLanguage\":\"pt-BR\",\"@id\":\"https:\/\/secure.gravatar.com\/avatar\/f3c521db63ec9db17894f10a88c6a3cf95b2281d7f80eeb3cf3ef1cb091576e7?s=96&d=mm&r=g\",\"url\":\"https:\/\/secure.gravatar.com\/avatar\/f3c521db63ec9db17894f10a88c6a3cf95b2281d7f80eeb3cf3ef1cb091576e7?s=96&d=mm&r=g\",\"contentUrl\":\"https:\/\/secure.gravatar.com\/avatar\/f3c521db63ec9db17894f10a88c6a3cf95b2281d7f80eeb3cf3ef1cb091576e7?s=96&d=mm&r=g\",\"caption\":\"Isabel\"},\"url\":\"https:\/\/www.institutodeengenharia.org.br\/site\/author\/comunicacao2\/\"}]}<\/script>\n<!-- \/ Yoast SEO plugin. -->","yoast_head_json":{"title":"Presidente do IE e equipe visitam o Parque Tecnol\u00f3gico de Sorocaba - Instituto de Engenharia","robots":{"index":"index","follow":"follow","max-snippet":"max-snippet:-1","max-image-preview":"max-image-preview:large","max-video-preview":"max-video-preview:-1"},"canonical":"https:\/\/www.institutodeengenharia.org.br\/site\/2024\/02\/09\/presidente-do-ie-e-equipe-visitam-o-parque-tecnologico-de-sorocaba\/","og_locale":"pt_BR","og_type":"article","og_title":"Presidente do IE e equipe visitam o Parque Tecnol\u00f3gico de Sorocaba - Instituto de Engenharia","og_description":"Em fevereiro, Jos\u00e9 Eduardo Jardim, presidente do Instituto de Engenharia, a convite de Nelson Tadeu Cancellara, presidente do Parque Tecnol\u00f3gico de Sorocaba (PTS), visitou o maior centro de pesquisa, desenvolvimento e inova\u00e7\u00e3o da Regi\u00e3o de Sorocaba. Na ocasi\u00e3o, foram debatidos v\u00e1rios t\u00f3picos de interesse em comum a ambas institui\u00e7\u00f5es e articulada a realiza\u00e7\u00e3o de um [&hellip;]","og_url":"https:\/\/www.institutodeengenharia.org.br\/site\/2024\/02\/09\/presidente-do-ie-e-equipe-visitam-o-parque-tecnologico-de-sorocaba\/","og_site_name":"Instituto de Engenharia","article_publisher":"https:\/\/www.facebook.com\/institutodeengenharia","article_published_time":"2024-02-09T17:48:07+00:00","article_modified_time":"2024-04-04T12:33:13+00:00","og_image":[{"width":886,"height":664,"url":"https:\/\/www.institutodeengenharia.org.br\/site\/wp-content\/uploads\/2024\/02\/WhatsApp-Image-2024-02-09-at-14.04.20.jpeg","type":"image\/jpeg"}],"author":"Isabel","twitter_card":"summary_large_image","twitter_creator":"@iengenharia","twitter_site":"@iengenharia","twitter_misc":{"Escrito por":"Isabel","Est. tempo de leitura":"2 minutos"},"schema":{"@context":"https:\/\/schema.org","@graph":[{"@type":"Article","@id":"https:\/\/www.institutodeengenharia.org.br\/site\/2024\/02\/09\/presidente-do-ie-e-equipe-visitam-o-parque-tecnologico-de-sorocaba\/#article","isPartOf":{"@id":"https:\/\/www.institutodeengenharia.org.br\/site\/2024\/02\/09\/presidente-do-ie-e-equipe-visitam-o-parque-tecnologico-de-sorocaba\/"},"author":{"name":"Isabel","@id":"https:\/\/www.institutodeengenharia.org.br\/site\/#\/schema\/person\/593dc356630173a4877a635d3e5fd76b"},"headline":"Presidente do IE e equipe visitam o Parque Tecnol\u00f3gico de Sorocaba","datePublished":"2024-02-09T17:48:07+00:00","dateModified":"2024-04-04T12:33:13+00:00","mainEntityOfPage":{"@id":"https:\/\/www.institutodeengenharia.org.br\/site\/2024\/02\/09\/presidente-do-ie-e-equipe-visitam-o-parque-tecnologico-de-sorocaba\/"},"wordCount":142,"commentCount":0,"publisher":{"@id":"https:\/\/www.institutodeengenharia.org.br\/site\/#organization"},"image":{"@id":"https:\/\/www.institutodeengenharia.org.br\/site\/2024\/02\/09\/presidente-do-ie-e-equipe-visitam-o-parque-tecnologico-de-sorocaba\/#primaryimage"},"thumbnailUrl":"https:\/\/www.institutodeengenharia.org.br\/site\/wp-content\/uploads\/2024\/02\/WhatsApp-Image-2024-02-09-at-14.04.20.jpeg","articleSection":["Instituto de Engenharia","Not\u00edcias"],"inLanguage":"pt-BR","potentialAction":[{"@type":"CommentAction","name":"Comment","target":["https:\/\/www.institutodeengenharia.org.br\/site\/2024\/02\/09\/presidente-do-ie-e-equipe-visitam-o-parque-tecnologico-de-sorocaba\/#respond"]}]},{"@type":"WebPage","@id":"https:\/\/www.institutodeengenharia.org.br\/site\/2024\/02\/09\/presidente-do-ie-e-equipe-visitam-o-parque-tecnologico-de-sorocaba\/","url":"https:\/\/www.institutodeengenharia.org.br\/site\/2024\/02\/09\/presidente-do-ie-e-equipe-visitam-o-parque-tecnologico-de-sorocaba\/","name":"Presidente do IE e equipe visitam o Parque Tecnol\u00f3gico de Sorocaba - Instituto de Engenharia","isPartOf":{"@id":"https:\/\/www.institutodeengenharia.org.br\/site\/#website"},"primaryImageOfPage":{"@id":"https:\/\/www.institutodeengenharia.org.br\/site\/2024\/02\/09\/presidente-do-ie-e-equipe-visitam-o-parque-tecnologico-de-sorocaba\/#primaryimage"},"image":{"@id":"https:\/\/www.institutodeengenharia.org.br\/site\/2024\/02\/09\/presidente-do-ie-e-equipe-visitam-o-parque-tecnologico-de-sorocaba\/#primaryimage"},"thumbnailUrl":"https:\/\/www.institutodeengenharia.org.br\/site\/wp-content\/uploads\/2024\/02\/WhatsApp-Image-2024-02-09-at-14.04.20.jpeg","datePublished":"2024-02-09T17:48:07+00:00","dateModified":"2024-04-04T12:33:13+00:00","breadcrumb":{"@id":"https:\/\/www.institutodeengenharia.org.br\/site\/2024\/02\/09\/presidente-do-ie-e-equipe-visitam-o-parque-tecnologico-de-sorocaba\/#breadcrumb"},"inLanguage":"pt-BR","potentialAction":[{"@type":"ReadAction","target":["https:\/\/www.institutodeengenharia.org.br\/site\/2024\/02\/09\/presidente-do-ie-e-equipe-visitam-o-parque-tecnologico-de-sorocaba\/"]}]},{"@type":"ImageObject","inLanguage":"pt-BR","@id":"https:\/\/www.institutodeengenharia.org.br\/site\/2024\/02\/09\/presidente-do-ie-e-equipe-visitam-o-parque-tecnologico-de-sorocaba\/#primaryimage","url":"https:\/\/www.institutodeengenharia.org.br\/site\/wp-content\/uploads\/2024\/02\/WhatsApp-Image-2024-02-09-at-14.04.20.jpeg","contentUrl":"https:\/\/www.institutodeengenharia.org.br\/site\/wp-content\/uploads\/2024\/02\/WhatsApp-Image-2024-02-09-at-14.04.20.jpeg","width":886,"height":664},{"@type":"BreadcrumbList","@id":"https:\/\/www.institutodeengenharia.org.br\/site\/2024\/02\/09\/presidente-do-ie-e-equipe-visitam-o-parque-tecnologico-de-sorocaba\/#breadcrumb","itemListElement":[{"@type":"ListItem","position":1,"name":"In\u00edcio","item":"https:\/\/www.institutodeengenharia.org.br\/site\/"},{"@type":"ListItem","position":2,"name":"Presidente do IE e equipe visitam o Parque Tecnol\u00f3gico de Sorocaba"}]},{"@type":"WebSite","@id":"https:\/\/www.institutodeengenharia.org.br\/site\/#website","url":"https:\/\/www.institutodeengenharia.org.br\/site\/","name":"Instituto de Engenharia","description":"O Instituto de Engenharia promove a Engenharia em benef\u00edcio do desenvolvimento e da qualidade de vida da sociedade.","publisher":{"@id":"https:\/\/www.institutodeengenharia.org.br\/site\/#organization"},"potentialAction":[{"@type":"SearchAction","target":{"@type":"EntryPoint","urlTemplate":"https:\/\/www.institutodeengenharia.org.br\/site\/?s={search_term_string}"},"query-input":{"@type":"PropertyValueSpecification","valueRequired":true,"valueName":"search_term_string"}}],"inLanguage":"pt-BR"},{"@type":"Organization","@id":"https:\/\/www.institutodeengenharia.org.br\/site\/#organization","name":"Instituto de Engenharia","url":"https:\/\/www.institutodeengenharia.org.br\/site\/","logo":{"@type":"ImageObject","inLanguage":"pt-BR","@id":"https:\/\/www.institutodeengenharia.org.br\/site\/#\/schema\/logo\/image\/","url":"https:\/\/www.institutodeengenharia.org.br\/site\/wp-content\/uploads\/2019\/03\/logo-novo-IE2018-1.jpg","contentUrl":"https:\/\/www.institutodeengenharia.org.br\/site\/wp-content\/uploads\/2019\/03\/logo-novo-IE2018-1.jpg","width":1486,"height":1879,"caption":"Instituto de Engenharia"},"image":{"@id":"https:\/\/www.institutodeengenharia.org.br\/site\/#\/schema\/logo\/image\/"},"sameAs":["https:\/\/www.facebook.com\/institutodeengenharia","https:\/\/x.com\/iengenharia","https:\/\/www.instagram.com\/institutodeengenharia\/","https:\/\/www.linkedin.com\/company\/instituto-de-engenharia\/","https:\/\/www.youtube.com\/channel\/UCXiCAlsSMe977vamW915HxA"]},{"@type":"Person","@id":"https:\/\/www.institutodeengenharia.org.br\/site\/#\/schema\/person\/593dc356630173a4877a635d3e5fd76b","name":"Isabel","image":{"@type":"ImageObject","inLanguage":"pt-BR","@id":"https:\/\/secure.gravatar.com\/avatar\/f3c521db63ec9db17894f10a88c6a3cf95b2281d7f80eeb3cf3ef1cb091576e7?s=96&d=mm&r=g","url":"https:\/\/secure.gravatar.com\/avatar\/f3c521db63ec9db17894f10a88c6a3cf95b2281d7f80eeb3cf3ef1cb091576e7?s=96&d=mm&r=g","contentUrl":"https:\/\/secure.gravatar.com\/avatar\/f3c521db63ec9db17894f10a88c6a3cf95b2281d7f80eeb3cf3ef1cb091576e7?s=96&d=mm&r=g","caption":"Isabel"},"url":"https:\/\/www.institutodeengenharia.org.br\/site\/author\/comunicacao2\/"}]}},"_links":{"self":[{"href":"https:\/\/www.institutodeengenharia.org.br\/site\/wp-json\/wp\/v2\/posts\/115985","targetHints":{"allow":["GET"]}}],"collection":[{"href":"https:\/\/www.institutodeengenharia.org.br\/site\/wp-json\/wp\/v2\/posts"}],"about":[{"href":"https:\/\/www.institutodeengenharia.org.br\/site\/wp-json\/wp\/v2\/types\/post"}],"author":[{"embeddable":true,"href":"https:\/\/www.institutodeengenharia.org.br\/site\/wp-json\/wp\/v2\/users\/14"}],"replies":[{"embeddable":true,"href":"https:\/\/www.institutodeengenharia.org.br\/site\/wp-json\/wp\/v2\/comments?post=115985"}],"version-history":[{"count":3,"href":"https:\/\/www.institutodeengenharia.org.br\/site\/wp-json\/wp\/v2\/posts\/115985\/revisions"}],"predecessor-version":[{"id":118510,"href":"https:\/\/www.institutodeengenharia.org.br\/site\/wp-json\/wp\/v2\/posts\/115985\/revisions\/118510"}],"wp:featuredmedia":[{"embeddable":true,"href":"https:\/\/www.institutodeengenharia.org.br\/site\/wp-json\/wp\/v2\/media\/115988"}],"wp:attachment":[{"href":"https:\/\/www.institutodeengenharia.org.br\/site\/wp-json\/wp\/v2\/media?parent=115985"}],"wp:term":[{"taxonomy":"category","embeddable":true,"href":"https:\/\/www.institutodeengenharia.org.br\/site\/wp-json\/wp\/v2\/categories?post=115985"},{"taxonomy":"post_tag","embeddable":true,"href":"https:\/\/www.institutodeengenharia.org.br\/site\/wp-json\/wp\/v2\/tags?post=115985"}],"curies":[{"name":"wp","href":"https:\/\/api.w.org\/{rel}","templated":true}]}}