{"id":115974,"date":"2024-02-21T10:40:31","date_gmt":"2024-02-21T13:40:31","guid":{"rendered":"https:\/\/www.institutodeengenharia.org.br\/site\/?p=115974"},"modified":"2024-02-21T14:16:52","modified_gmt":"2024-02-21T17:16:52","slug":"candidatura-eleicoes-parciais-2024","status":"publish","type":"post","link":"https:\/\/www.institutodeengenharia.org.br\/site\/2024\/02\/21\/candidatura-eleicoes-parciais-2024\/","title":{"rendered":"Candidatura Elei\u00e7\u00f5es Parciais 2024"},"content":{"rendered":"<p>Associados, est\u00e3o abertas, a partir de hoje (9 de fevereiro), as inscri\u00e7\u00f5es para a renova\u00e7\u00e3o de quinze (15) conselheiros do Conselho Deliberativo.<\/p>\n<p>As inscri\u00e7\u00f5es podem ser feitas na Secretaria Geral do Instituto de Engenharia, presencialmente, \u00e0 Av. Dr. Dante Pazzanse, 120 \u2013 Vila Mariana, ou pelo e-mail secretaria@iengenharia.org.br identificando com t\u00edtulo do e-mail \u201cCANDIDATURA ELEI\u00c7\u00d5ES PARCIAIS 2024\u201d, no hor\u00e1rio comercial, encerrando-se \u00e0s 18 horas do dia 21 de fevereiro de 2024, conforme disposto no Art. 123 do Regulamento das Elei\u00e7\u00f5es Gerais e Parciais.<\/p>\n<p>Conforme estabelece o Art. 13, letra b) do Estatuto, s\u00f3 poder\u00e3o votar e ser votados, os associados TITULARES, que sejam associados h\u00e1 pelo menos 2 (dois) anos e estejam em dia com as obriga\u00e7\u00f5es previstas no Art. 15, inciso II do Estatuto.<\/p>\n<p>As elei\u00e7\u00f5es ocorrer\u00e3o pela internet, no per\u00edodo de 14 a 21 de mar\u00e7o. No \u00faltimo dia (21), a vota\u00e7\u00e3o poder\u00e1 ser feita na sede do Instituto de Engenharia.<\/p>\n<p>&nbsp;<\/p>\n<p style=\"text-align: center;\"><strong>ENG. JOS\u00c9 EDUARDO FRASC\u00c1 POYARES JARDIM<\/strong><br \/>\n<strong>Presidente<\/strong><\/p>\n","protected":false},"excerpt":{"rendered":"<p>Associados, est\u00e3o abertas, a partir de hoje (9 de fevereiro), as inscri\u00e7\u00f5es para a renova\u00e7\u00e3o de quinze (15) conselheiros do Conselho Deliberativo. As inscri\u00e7\u00f5es podem ser feitas na Secretaria Geral do Instituto de Engenharia, presencialmente, \u00e0 Av. Dr. Dante Pazzanse, 120 \u2013 Vila Mariana, ou pelo e-mail secretaria@iengenharia.org.br identificando com t\u00edtulo do e-mail \u201cCANDIDATURA ELEI\u00c7\u00d5ES [&hellip;]<\/p>\n","protected":false},"author":14,"featured_media":115981,"comment_status":"open","ping_status":"open","sticky":false,"template":"","format":"standard","meta":{"footnotes":""},"categories":[1479,6],"tags":[201],"class_list":{"0":"post-115974","1":"post","2":"type-post","3":"status-publish","4":"format-standard","5":"has-post-thumbnail","7":"category-eleicoes-instituto-de-engenharia","8":"category-noticias","9":"tag-destaque-topo"},"yoast_head":"<!-- This site is optimized with the Yoast SEO plugin v27.2 - https:\/\/yoast.com\/product\/yoast-seo-wordpress\/ -->\n<title>Candidatura Elei\u00e7\u00f5es Parciais 2024 - Instituto de Engenharia<\/title>\n<meta name=\"robots\" content=\"index, follow, max-snippet:-1, max-image-preview:large, max-video-preview:-1\" \/>\n<link rel=\"canonical\" href=\"https:\/\/www.institutodeengenharia.org.br\/site\/2024\/02\/21\/candidatura-eleicoes-parciais-2024\/\" \/>\n<meta property=\"og:locale\" content=\"pt_BR\" \/>\n<meta property=\"og:type\" content=\"article\" \/>\n<meta property=\"og:title\" content=\"Candidatura Elei\u00e7\u00f5es Parciais 2024 - Instituto de Engenharia\" \/>\n<meta property=\"og:description\" content=\"Associados, est\u00e3o abertas, a partir de hoje (9 de fevereiro), as inscri\u00e7\u00f5es para a renova\u00e7\u00e3o de quinze (15) conselheiros do Conselho Deliberativo. As inscri\u00e7\u00f5es podem ser feitas na Secretaria Geral do Instituto de Engenharia, presencialmente, \u00e0 Av. Dr. Dante Pazzanse, 120 \u2013 Vila Mariana, ou pelo e-mail secretaria@iengenharia.org.br identificando com t\u00edtulo do e-mail \u201cCANDIDATURA ELEI\u00c7\u00d5ES [&hellip;]\" \/>\n<meta property=\"og:url\" content=\"https:\/\/www.institutodeengenharia.org.br\/site\/2024\/02\/21\/candidatura-eleicoes-parciais-2024\/\" \/>\n<meta property=\"og:site_name\" content=\"Instituto de Engenharia\" \/>\n<meta property=\"article:publisher\" content=\"https:\/\/www.facebook.com\/institutodeengenharia\" \/>\n<meta property=\"article:published_time\" content=\"2024-02-21T13:40:31+00:00\" \/>\n<meta property=\"article:modified_time\" content=\"2024-02-21T17:16:52+00:00\" \/>\n<meta property=\"og:image\" content=\"https:\/\/www.institutodeengenharia.org.br\/site\/wp-content\/uploads\/2024\/02\/Eleicoes-Parciais-2024-1.png\" \/>\n\t<meta property=\"og:image:width\" content=\"1000\" \/>\n\t<meta property=\"og:image:height\" content=\"800\" \/>\n\t<meta property=\"og:image:type\" content=\"image\/png\" \/>\n<meta name=\"author\" content=\"Isabel\" \/>\n<meta name=\"twitter:card\" content=\"summary_large_image\" \/>\n<meta name=\"twitter:creator\" content=\"@iengenharia\" \/>\n<meta name=\"twitter:site\" content=\"@iengenharia\" \/>\n<meta name=\"twitter:label1\" content=\"Escrito por\" \/>\n\t<meta name=\"twitter:data1\" content=\"Isabel\" \/>\n\t<meta name=\"twitter:label2\" content=\"Est. tempo de leitura\" \/>\n\t<meta name=\"twitter:data2\" content=\"2 minutos\" \/>\n<script type=\"application\/ld+json\" class=\"yoast-schema-graph\">{\"@context\":\"https:\/\/schema.org\",\"@graph\":[{\"@type\":\"Article\",\"@id\":\"https:\/\/www.institutodeengenharia.org.br\/site\/2024\/02\/21\/candidatura-eleicoes-parciais-2024\/#article\",\"isPartOf\":{\"@id\":\"https:\/\/www.institutodeengenharia.org.br\/site\/2024\/02\/21\/candidatura-eleicoes-parciais-2024\/\"},\"author\":{\"name\":\"Isabel\",\"@id\":\"https:\/\/www.institutodeengenharia.org.br\/site\/#\/schema\/person\/593dc356630173a4877a635d3e5fd76b\"},\"headline\":\"Candidatura Elei\u00e7\u00f5es Parciais 2024\",\"datePublished\":\"2024-02-21T13:40:31+00:00\",\"dateModified\":\"2024-02-21T17:16:52+00:00\",\"mainEntityOfPage\":{\"@id\":\"https:\/\/www.institutodeengenharia.org.br\/site\/2024\/02\/21\/candidatura-eleicoes-parciais-2024\/\"},\"wordCount\":167,\"commentCount\":0,\"publisher\":{\"@id\":\"https:\/\/www.institutodeengenharia.org.br\/site\/#organization\"},\"image\":{\"@id\":\"https:\/\/www.institutodeengenharia.org.br\/site\/2024\/02\/21\/candidatura-eleicoes-parciais-2024\/#primaryimage\"},\"thumbnailUrl\":\"https:\/\/www.institutodeengenharia.org.br\/site\/wp-content\/uploads\/2024\/02\/Eleicoes-Parciais-2024-1.png\",\"keywords\":[\"Destaque Topo\"],\"articleSection\":[\"Elei\u00e7\u00f5es Instituto de Engenharia\",\"Not\u00edcias\"],\"inLanguage\":\"pt-BR\",\"potentialAction\":[{\"@type\":\"CommentAction\",\"name\":\"Comment\",\"target\":[\"https:\/\/www.institutodeengenharia.org.br\/site\/2024\/02\/21\/candidatura-eleicoes-parciais-2024\/#respond\"]}]},{\"@type\":\"WebPage\",\"@id\":\"https:\/\/www.institutodeengenharia.org.br\/site\/2024\/02\/21\/candidatura-eleicoes-parciais-2024\/\",\"url\":\"https:\/\/www.institutodeengenharia.org.br\/site\/2024\/02\/21\/candidatura-eleicoes-parciais-2024\/\",\"name\":\"Candidatura Elei\u00e7\u00f5es Parciais 2024 - Instituto de Engenharia\",\"isPartOf\":{\"@id\":\"https:\/\/www.institutodeengenharia.org.br\/site\/#website\"},\"primaryImageOfPage\":{\"@id\":\"https:\/\/www.institutodeengenharia.org.br\/site\/2024\/02\/21\/candidatura-eleicoes-parciais-2024\/#primaryimage\"},\"image\":{\"@id\":\"https:\/\/www.institutodeengenharia.org.br\/site\/2024\/02\/21\/candidatura-eleicoes-parciais-2024\/#primaryimage\"},\"thumbnailUrl\":\"https:\/\/www.institutodeengenharia.org.br\/site\/wp-content\/uploads\/2024\/02\/Eleicoes-Parciais-2024-1.png\",\"datePublished\":\"2024-02-21T13:40:31+00:00\",\"dateModified\":\"2024-02-21T17:16:52+00:00\",\"breadcrumb\":{\"@id\":\"https:\/\/www.institutodeengenharia.org.br\/site\/2024\/02\/21\/candidatura-eleicoes-parciais-2024\/#breadcrumb\"},\"inLanguage\":\"pt-BR\",\"potentialAction\":[{\"@type\":\"ReadAction\",\"target\":[\"https:\/\/www.institutodeengenharia.org.br\/site\/2024\/02\/21\/candidatura-eleicoes-parciais-2024\/\"]}]},{\"@type\":\"ImageObject\",\"inLanguage\":\"pt-BR\",\"@id\":\"https:\/\/www.institutodeengenharia.org.br\/site\/2024\/02\/21\/candidatura-eleicoes-parciais-2024\/#primaryimage\",\"url\":\"https:\/\/www.institutodeengenharia.org.br\/site\/wp-content\/uploads\/2024\/02\/Eleicoes-Parciais-2024-1.png\",\"contentUrl\":\"https:\/\/www.institutodeengenharia.org.br\/site\/wp-content\/uploads\/2024\/02\/Eleicoes-Parciais-2024-1.png\",\"width\":1000,\"height\":800},{\"@type\":\"BreadcrumbList\",\"@id\":\"https:\/\/www.institutodeengenharia.org.br\/site\/2024\/02\/21\/candidatura-eleicoes-parciais-2024\/#breadcrumb\",\"itemListElement\":[{\"@type\":\"ListItem\",\"position\":1,\"name\":\"In\u00edcio\",\"item\":\"https:\/\/www.institutodeengenharia.org.br\/site\/\"},{\"@type\":\"ListItem\",\"position\":2,\"name\":\"Candidatura Elei\u00e7\u00f5es Parciais 2024\"}]},{\"@type\":\"WebSite\",\"@id\":\"https:\/\/www.institutodeengenharia.org.br\/site\/#website\",\"url\":\"https:\/\/www.institutodeengenharia.org.br\/site\/\",\"name\":\"Instituto de Engenharia\",\"description\":\"O Instituto de Engenharia promove a Engenharia em benef\u00edcio do desenvolvimento e da qualidade de vida da sociedade.\",\"publisher\":{\"@id\":\"https:\/\/www.institutodeengenharia.org.br\/site\/#organization\"},\"potentialAction\":[{\"@type\":\"SearchAction\",\"target\":{\"@type\":\"EntryPoint\",\"urlTemplate\":\"https:\/\/www.institutodeengenharia.org.br\/site\/?s={search_term_string}\"},\"query-input\":{\"@type\":\"PropertyValueSpecification\",\"valueRequired\":true,\"valueName\":\"search_term_string\"}}],\"inLanguage\":\"pt-BR\"},{\"@type\":\"Organization\",\"@id\":\"https:\/\/www.institutodeengenharia.org.br\/site\/#organization\",\"name\":\"Instituto de Engenharia\",\"url\":\"https:\/\/www.institutodeengenharia.org.br\/site\/\",\"logo\":{\"@type\":\"ImageObject\",\"inLanguage\":\"pt-BR\",\"@id\":\"https:\/\/www.institutodeengenharia.org.br\/site\/#\/schema\/logo\/image\/\",\"url\":\"https:\/\/www.institutodeengenharia.org.br\/site\/wp-content\/uploads\/2019\/03\/logo-novo-IE2018-1.jpg\",\"contentUrl\":\"https:\/\/www.institutodeengenharia.org.br\/site\/wp-content\/uploads\/2019\/03\/logo-novo-IE2018-1.jpg\",\"width\":1486,\"height\":1879,\"caption\":\"Instituto de Engenharia\"},\"image\":{\"@id\":\"https:\/\/www.institutodeengenharia.org.br\/site\/#\/schema\/logo\/image\/\"},\"sameAs\":[\"https:\/\/www.facebook.com\/institutodeengenharia\",\"https:\/\/x.com\/iengenharia\",\"https:\/\/www.instagram.com\/institutodeengenharia\/\",\"https:\/\/www.linkedin.com\/company\/instituto-de-engenharia\/\",\"https:\/\/www.youtube.com\/channel\/UCXiCAlsSMe977vamW915HxA\"]},{\"@type\":\"Person\",\"@id\":\"https:\/\/www.institutodeengenharia.org.br\/site\/#\/schema\/person\/593dc356630173a4877a635d3e5fd76b\",\"name\":\"Isabel\",\"image\":{\"@type\":\"ImageObject\",\"inLanguage\":\"pt-BR\",\"@id\":\"https:\/\/secure.gravatar.com\/avatar\/f3c521db63ec9db17894f10a88c6a3cf95b2281d7f80eeb3cf3ef1cb091576e7?s=96&d=mm&r=g\",\"url\":\"https:\/\/secure.gravatar.com\/avatar\/f3c521db63ec9db17894f10a88c6a3cf95b2281d7f80eeb3cf3ef1cb091576e7?s=96&d=mm&r=g\",\"contentUrl\":\"https:\/\/secure.gravatar.com\/avatar\/f3c521db63ec9db17894f10a88c6a3cf95b2281d7f80eeb3cf3ef1cb091576e7?s=96&d=mm&r=g\",\"caption\":\"Isabel\"},\"url\":\"https:\/\/www.institutodeengenharia.org.br\/site\/author\/comunicacao2\/\"}]}<\/script>\n<!-- \/ Yoast SEO plugin. -->","yoast_head_json":{"title":"Candidatura Elei\u00e7\u00f5es Parciais 2024 - Instituto de Engenharia","robots":{"index":"index","follow":"follow","max-snippet":"max-snippet:-1","max-image-preview":"max-image-preview:large","max-video-preview":"max-video-preview:-1"},"canonical":"https:\/\/www.institutodeengenharia.org.br\/site\/2024\/02\/21\/candidatura-eleicoes-parciais-2024\/","og_locale":"pt_BR","og_type":"article","og_title":"Candidatura Elei\u00e7\u00f5es Parciais 2024 - Instituto de Engenharia","og_description":"Associados, est\u00e3o abertas, a partir de hoje (9 de fevereiro), as inscri\u00e7\u00f5es para a renova\u00e7\u00e3o de quinze (15) conselheiros do Conselho Deliberativo. As inscri\u00e7\u00f5es podem ser feitas na Secretaria Geral do Instituto de Engenharia, presencialmente, \u00e0 Av. Dr. Dante Pazzanse, 120 \u2013 Vila Mariana, ou pelo e-mail secretaria@iengenharia.org.br identificando com t\u00edtulo do e-mail \u201cCANDIDATURA ELEI\u00c7\u00d5ES [&hellip;]","og_url":"https:\/\/www.institutodeengenharia.org.br\/site\/2024\/02\/21\/candidatura-eleicoes-parciais-2024\/","og_site_name":"Instituto de Engenharia","article_publisher":"https:\/\/www.facebook.com\/institutodeengenharia","article_published_time":"2024-02-21T13:40:31+00:00","article_modified_time":"2024-02-21T17:16:52+00:00","og_image":[{"width":1000,"height":800,"url":"https:\/\/www.institutodeengenharia.org.br\/site\/wp-content\/uploads\/2024\/02\/Eleicoes-Parciais-2024-1.png","type":"image\/png"}],"author":"Isabel","twitter_card":"summary_large_image","twitter_creator":"@iengenharia","twitter_site":"@iengenharia","twitter_misc":{"Escrito por":"Isabel","Est. tempo de leitura":"2 minutos"},"schema":{"@context":"https:\/\/schema.org","@graph":[{"@type":"Article","@id":"https:\/\/www.institutodeengenharia.org.br\/site\/2024\/02\/21\/candidatura-eleicoes-parciais-2024\/#article","isPartOf":{"@id":"https:\/\/www.institutodeengenharia.org.br\/site\/2024\/02\/21\/candidatura-eleicoes-parciais-2024\/"},"author":{"name":"Isabel","@id":"https:\/\/www.institutodeengenharia.org.br\/site\/#\/schema\/person\/593dc356630173a4877a635d3e5fd76b"},"headline":"Candidatura Elei\u00e7\u00f5es Parciais 2024","datePublished":"2024-02-21T13:40:31+00:00","dateModified":"2024-02-21T17:16:52+00:00","mainEntityOfPage":{"@id":"https:\/\/www.institutodeengenharia.org.br\/site\/2024\/02\/21\/candidatura-eleicoes-parciais-2024\/"},"wordCount":167,"commentCount":0,"publisher":{"@id":"https:\/\/www.institutodeengenharia.org.br\/site\/#organization"},"image":{"@id":"https:\/\/www.institutodeengenharia.org.br\/site\/2024\/02\/21\/candidatura-eleicoes-parciais-2024\/#primaryimage"},"thumbnailUrl":"https:\/\/www.institutodeengenharia.org.br\/site\/wp-content\/uploads\/2024\/02\/Eleicoes-Parciais-2024-1.png","keywords":["Destaque Topo"],"articleSection":["Elei\u00e7\u00f5es Instituto de Engenharia","Not\u00edcias"],"inLanguage":"pt-BR","potentialAction":[{"@type":"CommentAction","name":"Comment","target":["https:\/\/www.institutodeengenharia.org.br\/site\/2024\/02\/21\/candidatura-eleicoes-parciais-2024\/#respond"]}]},{"@type":"WebPage","@id":"https:\/\/www.institutodeengenharia.org.br\/site\/2024\/02\/21\/candidatura-eleicoes-parciais-2024\/","url":"https:\/\/www.institutodeengenharia.org.br\/site\/2024\/02\/21\/candidatura-eleicoes-parciais-2024\/","name":"Candidatura Elei\u00e7\u00f5es Parciais 2024 - Instituto de Engenharia","isPartOf":{"@id":"https:\/\/www.institutodeengenharia.org.br\/site\/#website"},"primaryImageOfPage":{"@id":"https:\/\/www.institutodeengenharia.org.br\/site\/2024\/02\/21\/candidatura-eleicoes-parciais-2024\/#primaryimage"},"image":{"@id":"https:\/\/www.institutodeengenharia.org.br\/site\/2024\/02\/21\/candidatura-eleicoes-parciais-2024\/#primaryimage"},"thumbnailUrl":"https:\/\/www.institutodeengenharia.org.br\/site\/wp-content\/uploads\/2024\/02\/Eleicoes-Parciais-2024-1.png","datePublished":"2024-02-21T13:40:31+00:00","dateModified":"2024-02-21T17:16:52+00:00","breadcrumb":{"@id":"https:\/\/www.institutodeengenharia.org.br\/site\/2024\/02\/21\/candidatura-eleicoes-parciais-2024\/#breadcrumb"},"inLanguage":"pt-BR","potentialAction":[{"@type":"ReadAction","target":["https:\/\/www.institutodeengenharia.org.br\/site\/2024\/02\/21\/candidatura-eleicoes-parciais-2024\/"]}]},{"@type":"ImageObject","inLanguage":"pt-BR","@id":"https:\/\/www.institutodeengenharia.org.br\/site\/2024\/02\/21\/candidatura-eleicoes-parciais-2024\/#primaryimage","url":"https:\/\/www.institutodeengenharia.org.br\/site\/wp-content\/uploads\/2024\/02\/Eleicoes-Parciais-2024-1.png","contentUrl":"https:\/\/www.institutodeengenharia.org.br\/site\/wp-content\/uploads\/2024\/02\/Eleicoes-Parciais-2024-1.png","width":1000,"height":800},{"@type":"BreadcrumbList","@id":"https:\/\/www.institutodeengenharia.org.br\/site\/2024\/02\/21\/candidatura-eleicoes-parciais-2024\/#breadcrumb","itemListElement":[{"@type":"ListItem","position":1,"name":"In\u00edcio","item":"https:\/\/www.institutodeengenharia.org.br\/site\/"},{"@type":"ListItem","position":2,"name":"Candidatura Elei\u00e7\u00f5es Parciais 2024"}]},{"@type":"WebSite","@id":"https:\/\/www.institutodeengenharia.org.br\/site\/#website","url":"https:\/\/www.institutodeengenharia.org.br\/site\/","name":"Instituto de Engenharia","description":"O Instituto de Engenharia promove a Engenharia em benef\u00edcio do desenvolvimento e da qualidade de vida da sociedade.","publisher":{"@id":"https:\/\/www.institutodeengenharia.org.br\/site\/#organization"},"potentialAction":[{"@type":"SearchAction","target":{"@type":"EntryPoint","urlTemplate":"https:\/\/www.institutodeengenharia.org.br\/site\/?s={search_term_string}"},"query-input":{"@type":"PropertyValueSpecification","valueRequired":true,"valueName":"search_term_string"}}],"inLanguage":"pt-BR"},{"@type":"Organization","@id":"https:\/\/www.institutodeengenharia.org.br\/site\/#organization","name":"Instituto de Engenharia","url":"https:\/\/www.institutodeengenharia.org.br\/site\/","logo":{"@type":"ImageObject","inLanguage":"pt-BR","@id":"https:\/\/www.institutodeengenharia.org.br\/site\/#\/schema\/logo\/image\/","url":"https:\/\/www.institutodeengenharia.org.br\/site\/wp-content\/uploads\/2019\/03\/logo-novo-IE2018-1.jpg","contentUrl":"https:\/\/www.institutodeengenharia.org.br\/site\/wp-content\/uploads\/2019\/03\/logo-novo-IE2018-1.jpg","width":1486,"height":1879,"caption":"Instituto de Engenharia"},"image":{"@id":"https:\/\/www.institutodeengenharia.org.br\/site\/#\/schema\/logo\/image\/"},"sameAs":["https:\/\/www.facebook.com\/institutodeengenharia","https:\/\/x.com\/iengenharia","https:\/\/www.instagram.com\/institutodeengenharia\/","https:\/\/www.linkedin.com\/company\/instituto-de-engenharia\/","https:\/\/www.youtube.com\/channel\/UCXiCAlsSMe977vamW915HxA"]},{"@type":"Person","@id":"https:\/\/www.institutodeengenharia.org.br\/site\/#\/schema\/person\/593dc356630173a4877a635d3e5fd76b","name":"Isabel","image":{"@type":"ImageObject","inLanguage":"pt-BR","@id":"https:\/\/secure.gravatar.com\/avatar\/f3c521db63ec9db17894f10a88c6a3cf95b2281d7f80eeb3cf3ef1cb091576e7?s=96&d=mm&r=g","url":"https:\/\/secure.gravatar.com\/avatar\/f3c521db63ec9db17894f10a88c6a3cf95b2281d7f80eeb3cf3ef1cb091576e7?s=96&d=mm&r=g","contentUrl":"https:\/\/secure.gravatar.com\/avatar\/f3c521db63ec9db17894f10a88c6a3cf95b2281d7f80eeb3cf3ef1cb091576e7?s=96&d=mm&r=g","caption":"Isabel"},"url":"https:\/\/www.institutodeengenharia.org.br\/site\/author\/comunicacao2\/"}]}},"_links":{"self":[{"href":"https:\/\/www.institutodeengenharia.org.br\/site\/wp-json\/wp\/v2\/posts\/115974","targetHints":{"allow":["GET"]}}],"collection":[{"href":"https:\/\/www.institutodeengenharia.org.br\/site\/wp-json\/wp\/v2\/posts"}],"about":[{"href":"https:\/\/www.institutodeengenharia.org.br\/site\/wp-json\/wp\/v2\/types\/post"}],"author":[{"embeddable":true,"href":"https:\/\/www.institutodeengenharia.org.br\/site\/wp-json\/wp\/v2\/users\/14"}],"replies":[{"embeddable":true,"href":"https:\/\/www.institutodeengenharia.org.br\/site\/wp-json\/wp\/v2\/comments?post=115974"}],"version-history":[{"count":2,"href":"https:\/\/www.institutodeengenharia.org.br\/site\/wp-json\/wp\/v2\/posts\/115974\/revisions"}],"predecessor-version":[{"id":115982,"href":"https:\/\/www.institutodeengenharia.org.br\/site\/wp-json\/wp\/v2\/posts\/115974\/revisions\/115982"}],"wp:featuredmedia":[{"embeddable":true,"href":"https:\/\/www.institutodeengenharia.org.br\/site\/wp-json\/wp\/v2\/media\/115981"}],"wp:attachment":[{"href":"https:\/\/www.institutodeengenharia.org.br\/site\/wp-json\/wp\/v2\/media?parent=115974"}],"wp:term":[{"taxonomy":"category","embeddable":true,"href":"https:\/\/www.institutodeengenharia.org.br\/site\/wp-json\/wp\/v2\/categories?post=115974"},{"taxonomy":"post_tag","embeddable":true,"href":"https:\/\/www.institutodeengenharia.org.br\/site\/wp-json\/wp\/v2\/tags?post=115974"}],"curies":[{"name":"wp","href":"https:\/\/api.w.org\/{rel}","templated":true}]}}