{"id":115470,"date":"2024-01-18T09:22:50","date_gmt":"2024-01-18T12:22:50","guid":{"rendered":"https:\/\/www.institutodeengenharia.org.br\/site\/?p=115470"},"modified":"2024-01-18T09:25:43","modified_gmt":"2024-01-18T12:25:43","slug":"oficial-r-2-formado-em-1958-visita-o-cpor-sp","status":"publish","type":"post","link":"https:\/\/www.institutodeengenharia.org.br\/site\/2024\/01\/18\/oficial-r-2-formado-em-1958-visita-o-cpor-sp\/","title":{"rendered":"Oficial R\/2 formado em 1958 visita o CPOR\/SP"},"content":{"rendered":"<p>O\u00a0<strong>Centro de Prepara\u00e7\u00e3o de Oficiais da Reserva de S\u00e3o Paulo (CPOR\/SP)<\/strong>\u00a0recebeu, no dia 17 de janeiro, a visita dos integrantes do Instituto de Engenharia. O presidente da entidade, com sede em S\u00e3o Paulo e que re\u00fane profissionais dos setores da constru\u00e7\u00e3o e infraestrutura, \u00e9 Oficial R\/2 formado pelo Centro em 1958.<\/p>\n<p>O objetivo da visita foi estreitar a rela\u00e7\u00e3o institucional entre o CPOR\/SP e o instituto. Os membros da entidade foram recebidos pelo<strong>\u00a0Comandante da \u201cEscola de L\u00edderes\u201d, Cel Alexandre L\u00fcckemeyer Machado Carrion<\/strong>. Tamb\u00e9m esteve com o grupo o Sr Douglas Ramos, presidente da Sociedade de Amigos do CPOR\/SP.<\/p>\n<p>O regresso do Tenente R\/2 Jos\u00e9 Eduardo Poyares Jardim ao Centro Solar dos Andradas, 66 anos ap\u00f3s a conclus\u00e3o da forma\u00e7\u00e3o militar como combatente de artilharia, evidencia a for\u00e7a dos valores militares forjados nas gera\u00e7\u00f5es de instruendos \u2013 tais como o esp\u00edrito de corpo e a camaradagem. Tamb\u00e9m\u00a0demonstra a integra\u00e7\u00e3o do CPOR\/SP com a sociedade,<\/p>\n<p>\u201c\u00c9 uma enorme alegria voltar aqui, relembrar o tempo que servi e ser recebido no quartel junto com meus companheiros do instituto\u201d, afirmou o Ten Jardim.<\/p>\n<p>Ele foi homenageado pelo Comandante com a entrega de uma c\u00f3pia do pr\u00f3prio boletim interno de matr\u00edcula, datado de dezembro de 1956. A forma\u00e7\u00e3o dos Oficiais R\/2, naquela \u00e9poca, durava dois anos. \u201cFico honrado por ter acesso a esse documento, que s\u00f3 me traz boas lembran\u00e7as, de um per\u00edodo \u00f3timo da minha vida\u201d, disse.<\/p>\n<p>O CPOR \u00e9 um dos Estabelecimentos de Ensino mais tradicionais do Ex\u00e9rcito Brasileiro, tendo formado em mais de 90 anos cerca de 20 mil Oficiais da Reserva. \u00c9 frequente a presen\u00e7a destes militares na unidade, rememorando o per\u00edodo que viveram na caserna e tamb\u00e9m compartilhando suas experi\u00eancias profissionais ap\u00f3s o servi\u00e7o ativo com os alunos em forma\u00e7\u00e3o.<\/p>\n<p>Al\u00e9m do Ten R\/2 Jardim, presidente do Instituto de Engenharia, tamb\u00e9m estiveram no CPOR\/SP Constanzio Facci Ticeu, vice-presidente de administra\u00e7\u00e3o e finan\u00e7as do Instituto, e os conselheiros Roberto Berkes, Carlos Pereira Magalh\u00e3es e Rui Arruda Camargo.<\/p>\n<p>Por <a href=\"https:\/\/cporsp.eb.mil.br\/index.php\/ultimas-noticias\/923-oficial-r-2-da-turma-de-1958-visita-o-cpor-sp-2\"><strong>Centro de Prepara\u00e7\u00e3o de Oficiais da Reserva de S\u00e3o Paulo (CPOR\/SP)<\/strong><\/a><\/p>\n","protected":false},"excerpt":{"rendered":"<p>O\u00a0Centro de Prepara\u00e7\u00e3o de Oficiais da Reserva de S\u00e3o Paulo (CPOR\/SP)\u00a0recebeu, no dia 17 de janeiro, a visita dos integrantes do Instituto de Engenharia. O presidente da entidade, com sede em S\u00e3o Paulo e que re\u00fane profissionais dos setores da constru\u00e7\u00e3o e infraestrutura, \u00e9 Oficial R\/2 formado pelo Centro em 1958. O objetivo da visita [&hellip;]<\/p>\n","protected":false},"author":14,"featured_media":115471,"comment_status":"open","ping_status":"open","sticky":false,"template":"","format":"standard","meta":{"footnotes":""},"categories":[27,6,141],"tags":[],"class_list":{"0":"post-115470","1":"post","2":"type-post","3":"status-publish","4":"format-standard","5":"has-post-thumbnail","7":"category-instituto-de-engenharia","8":"category-noticias","9":"category-noticias-menu"},"yoast_head":"<!-- This site is optimized with the Yoast SEO plugin v27.2 - https:\/\/yoast.com\/product\/yoast-seo-wordpress\/ -->\n<title>Oficial R\/2 formado em 1958 visita o CPOR\/SP - Instituto de Engenharia<\/title>\n<meta name=\"robots\" content=\"index, follow, max-snippet:-1, max-image-preview:large, max-video-preview:-1\" \/>\n<link rel=\"canonical\" href=\"https:\/\/www.institutodeengenharia.org.br\/site\/2024\/01\/18\/oficial-r-2-formado-em-1958-visita-o-cpor-sp\/\" \/>\n<meta property=\"og:locale\" content=\"pt_BR\" \/>\n<meta property=\"og:type\" content=\"article\" \/>\n<meta property=\"og:title\" content=\"Oficial R\/2 formado em 1958 visita o CPOR\/SP - Instituto de Engenharia\" \/>\n<meta property=\"og:description\" content=\"O\u00a0Centro de Prepara\u00e7\u00e3o de Oficiais da Reserva de S\u00e3o Paulo (CPOR\/SP)\u00a0recebeu, no dia 17 de janeiro, a visita dos integrantes do Instituto de Engenharia. O presidente da entidade, com sede em S\u00e3o Paulo e que re\u00fane profissionais dos setores da constru\u00e7\u00e3o e infraestrutura, \u00e9 Oficial R\/2 formado pelo Centro em 1958. O objetivo da visita [&hellip;]\" \/>\n<meta property=\"og:url\" content=\"https:\/\/www.institutodeengenharia.org.br\/site\/2024\/01\/18\/oficial-r-2-formado-em-1958-visita-o-cpor-sp\/\" \/>\n<meta property=\"og:site_name\" content=\"Instituto de Engenharia\" \/>\n<meta property=\"article:publisher\" content=\"https:\/\/www.facebook.com\/institutodeengenharia\" \/>\n<meta property=\"article:published_time\" content=\"2024-01-18T12:22:50+00:00\" \/>\n<meta property=\"article:modified_time\" content=\"2024-01-18T12:25:43+00:00\" \/>\n<meta property=\"og:image\" content=\"https:\/\/www.institutodeengenharia.org.br\/site\/wp-content\/uploads\/2024\/01\/foto-cpor-jardim-comandante.jpeg\" \/>\n\t<meta property=\"og:image:width\" content=\"1600\" \/>\n\t<meta property=\"og:image:height\" content=\"1066\" \/>\n\t<meta property=\"og:image:type\" content=\"image\/jpeg\" \/>\n<meta name=\"author\" content=\"Isabel\" \/>\n<meta name=\"twitter:card\" content=\"summary_large_image\" \/>\n<meta name=\"twitter:creator\" content=\"@iengenharia\" \/>\n<meta name=\"twitter:site\" content=\"@iengenharia\" \/>\n<meta name=\"twitter:label1\" content=\"Escrito por\" \/>\n\t<meta name=\"twitter:data1\" content=\"Isabel\" \/>\n\t<meta name=\"twitter:label2\" content=\"Est. tempo de leitura\" \/>\n\t<meta name=\"twitter:data2\" content=\"3 minutos\" \/>\n<script type=\"application\/ld+json\" class=\"yoast-schema-graph\">{\"@context\":\"https:\/\/schema.org\",\"@graph\":[{\"@type\":\"Article\",\"@id\":\"https:\/\/www.institutodeengenharia.org.br\/site\/2024\/01\/18\/oficial-r-2-formado-em-1958-visita-o-cpor-sp\/#article\",\"isPartOf\":{\"@id\":\"https:\/\/www.institutodeengenharia.org.br\/site\/2024\/01\/18\/oficial-r-2-formado-em-1958-visita-o-cpor-sp\/\"},\"author\":{\"name\":\"Isabel\",\"@id\":\"https:\/\/www.institutodeengenharia.org.br\/site\/#\/schema\/person\/593dc356630173a4877a635d3e5fd76b\"},\"headline\":\"Oficial R\/2 formado em 1958 visita o CPOR\/SP\",\"datePublished\":\"2024-01-18T12:22:50+00:00\",\"dateModified\":\"2024-01-18T12:25:43+00:00\",\"mainEntityOfPage\":{\"@id\":\"https:\/\/www.institutodeengenharia.org.br\/site\/2024\/01\/18\/oficial-r-2-formado-em-1958-visita-o-cpor-sp\/\"},\"wordCount\":383,\"commentCount\":0,\"publisher\":{\"@id\":\"https:\/\/www.institutodeengenharia.org.br\/site\/#organization\"},\"image\":{\"@id\":\"https:\/\/www.institutodeengenharia.org.br\/site\/2024\/01\/18\/oficial-r-2-formado-em-1958-visita-o-cpor-sp\/#primaryimage\"},\"thumbnailUrl\":\"https:\/\/www.institutodeengenharia.org.br\/site\/wp-content\/uploads\/2024\/01\/foto-cpor-jardim-comandante.jpeg\",\"articleSection\":[\"Instituto de Engenharia\",\"Not\u00edcias\",\"Not\u00edcias\"],\"inLanguage\":\"pt-BR\",\"potentialAction\":[{\"@type\":\"CommentAction\",\"name\":\"Comment\",\"target\":[\"https:\/\/www.institutodeengenharia.org.br\/site\/2024\/01\/18\/oficial-r-2-formado-em-1958-visita-o-cpor-sp\/#respond\"]}]},{\"@type\":\"WebPage\",\"@id\":\"https:\/\/www.institutodeengenharia.org.br\/site\/2024\/01\/18\/oficial-r-2-formado-em-1958-visita-o-cpor-sp\/\",\"url\":\"https:\/\/www.institutodeengenharia.org.br\/site\/2024\/01\/18\/oficial-r-2-formado-em-1958-visita-o-cpor-sp\/\",\"name\":\"Oficial R\/2 formado em 1958 visita o CPOR\/SP - Instituto de Engenharia\",\"isPartOf\":{\"@id\":\"https:\/\/www.institutodeengenharia.org.br\/site\/#website\"},\"primaryImageOfPage\":{\"@id\":\"https:\/\/www.institutodeengenharia.org.br\/site\/2024\/01\/18\/oficial-r-2-formado-em-1958-visita-o-cpor-sp\/#primaryimage\"},\"image\":{\"@id\":\"https:\/\/www.institutodeengenharia.org.br\/site\/2024\/01\/18\/oficial-r-2-formado-em-1958-visita-o-cpor-sp\/#primaryimage\"},\"thumbnailUrl\":\"https:\/\/www.institutodeengenharia.org.br\/site\/wp-content\/uploads\/2024\/01\/foto-cpor-jardim-comandante.jpeg\",\"datePublished\":\"2024-01-18T12:22:50+00:00\",\"dateModified\":\"2024-01-18T12:25:43+00:00\",\"breadcrumb\":{\"@id\":\"https:\/\/www.institutodeengenharia.org.br\/site\/2024\/01\/18\/oficial-r-2-formado-em-1958-visita-o-cpor-sp\/#breadcrumb\"},\"inLanguage\":\"pt-BR\",\"potentialAction\":[{\"@type\":\"ReadAction\",\"target\":[\"https:\/\/www.institutodeengenharia.org.br\/site\/2024\/01\/18\/oficial-r-2-formado-em-1958-visita-o-cpor-sp\/\"]}]},{\"@type\":\"ImageObject\",\"inLanguage\":\"pt-BR\",\"@id\":\"https:\/\/www.institutodeengenharia.org.br\/site\/2024\/01\/18\/oficial-r-2-formado-em-1958-visita-o-cpor-sp\/#primaryimage\",\"url\":\"https:\/\/www.institutodeengenharia.org.br\/site\/wp-content\/uploads\/2024\/01\/foto-cpor-jardim-comandante.jpeg\",\"contentUrl\":\"https:\/\/www.institutodeengenharia.org.br\/site\/wp-content\/uploads\/2024\/01\/foto-cpor-jardim-comandante.jpeg\",\"width\":1600,\"height\":1066,\"caption\":\"\u00c0 esq. Comandante da \u201cEscola de L\u00edderes\u201d, Cel Alexandre L\u00fcckemeyer Machado Carrion, entrega ao presidente do IE, Jos\u00e9 Eduardo Jardim, uma c\u00f3pia de seu boletim interno de matr\u00edcula, datado de dezembro de 1956.\"},{\"@type\":\"BreadcrumbList\",\"@id\":\"https:\/\/www.institutodeengenharia.org.br\/site\/2024\/01\/18\/oficial-r-2-formado-em-1958-visita-o-cpor-sp\/#breadcrumb\",\"itemListElement\":[{\"@type\":\"ListItem\",\"position\":1,\"name\":\"In\u00edcio\",\"item\":\"https:\/\/www.institutodeengenharia.org.br\/site\/\"},{\"@type\":\"ListItem\",\"position\":2,\"name\":\"Oficial R\/2 formado em 1958 visita o CPOR\/SP\"}]},{\"@type\":\"WebSite\",\"@id\":\"https:\/\/www.institutodeengenharia.org.br\/site\/#website\",\"url\":\"https:\/\/www.institutodeengenharia.org.br\/site\/\",\"name\":\"Instituto de Engenharia\",\"description\":\"O Instituto de Engenharia promove a Engenharia em benef\u00edcio do desenvolvimento e da qualidade de vida da sociedade.\",\"publisher\":{\"@id\":\"https:\/\/www.institutodeengenharia.org.br\/site\/#organization\"},\"potentialAction\":[{\"@type\":\"SearchAction\",\"target\":{\"@type\":\"EntryPoint\",\"urlTemplate\":\"https:\/\/www.institutodeengenharia.org.br\/site\/?s={search_term_string}\"},\"query-input\":{\"@type\":\"PropertyValueSpecification\",\"valueRequired\":true,\"valueName\":\"search_term_string\"}}],\"inLanguage\":\"pt-BR\"},{\"@type\":\"Organization\",\"@id\":\"https:\/\/www.institutodeengenharia.org.br\/site\/#organization\",\"name\":\"Instituto de Engenharia\",\"url\":\"https:\/\/www.institutodeengenharia.org.br\/site\/\",\"logo\":{\"@type\":\"ImageObject\",\"inLanguage\":\"pt-BR\",\"@id\":\"https:\/\/www.institutodeengenharia.org.br\/site\/#\/schema\/logo\/image\/\",\"url\":\"https:\/\/www.institutodeengenharia.org.br\/site\/wp-content\/uploads\/2019\/03\/logo-novo-IE2018-1.jpg\",\"contentUrl\":\"https:\/\/www.institutodeengenharia.org.br\/site\/wp-content\/uploads\/2019\/03\/logo-novo-IE2018-1.jpg\",\"width\":1486,\"height\":1879,\"caption\":\"Instituto de Engenharia\"},\"image\":{\"@id\":\"https:\/\/www.institutodeengenharia.org.br\/site\/#\/schema\/logo\/image\/\"},\"sameAs\":[\"https:\/\/www.facebook.com\/institutodeengenharia\",\"https:\/\/x.com\/iengenharia\",\"https:\/\/www.instagram.com\/institutodeengenharia\/\",\"https:\/\/www.linkedin.com\/company\/instituto-de-engenharia\/\",\"https:\/\/www.youtube.com\/channel\/UCXiCAlsSMe977vamW915HxA\"]},{\"@type\":\"Person\",\"@id\":\"https:\/\/www.institutodeengenharia.org.br\/site\/#\/schema\/person\/593dc356630173a4877a635d3e5fd76b\",\"name\":\"Isabel\",\"image\":{\"@type\":\"ImageObject\",\"inLanguage\":\"pt-BR\",\"@id\":\"https:\/\/secure.gravatar.com\/avatar\/f3c521db63ec9db17894f10a88c6a3cf95b2281d7f80eeb3cf3ef1cb091576e7?s=96&d=mm&r=g\",\"url\":\"https:\/\/secure.gravatar.com\/avatar\/f3c521db63ec9db17894f10a88c6a3cf95b2281d7f80eeb3cf3ef1cb091576e7?s=96&d=mm&r=g\",\"contentUrl\":\"https:\/\/secure.gravatar.com\/avatar\/f3c521db63ec9db17894f10a88c6a3cf95b2281d7f80eeb3cf3ef1cb091576e7?s=96&d=mm&r=g\",\"caption\":\"Isabel\"},\"url\":\"https:\/\/www.institutodeengenharia.org.br\/site\/author\/comunicacao2\/\"}]}<\/script>\n<!-- \/ Yoast SEO plugin. -->","yoast_head_json":{"title":"Oficial R\/2 formado em 1958 visita o CPOR\/SP - Instituto de Engenharia","robots":{"index":"index","follow":"follow","max-snippet":"max-snippet:-1","max-image-preview":"max-image-preview:large","max-video-preview":"max-video-preview:-1"},"canonical":"https:\/\/www.institutodeengenharia.org.br\/site\/2024\/01\/18\/oficial-r-2-formado-em-1958-visita-o-cpor-sp\/","og_locale":"pt_BR","og_type":"article","og_title":"Oficial R\/2 formado em 1958 visita o CPOR\/SP - Instituto de Engenharia","og_description":"O\u00a0Centro de Prepara\u00e7\u00e3o de Oficiais da Reserva de S\u00e3o Paulo (CPOR\/SP)\u00a0recebeu, no dia 17 de janeiro, a visita dos integrantes do Instituto de Engenharia. O presidente da entidade, com sede em S\u00e3o Paulo e que re\u00fane profissionais dos setores da constru\u00e7\u00e3o e infraestrutura, \u00e9 Oficial R\/2 formado pelo Centro em 1958. O objetivo da visita [&hellip;]","og_url":"https:\/\/www.institutodeengenharia.org.br\/site\/2024\/01\/18\/oficial-r-2-formado-em-1958-visita-o-cpor-sp\/","og_site_name":"Instituto de Engenharia","article_publisher":"https:\/\/www.facebook.com\/institutodeengenharia","article_published_time":"2024-01-18T12:22:50+00:00","article_modified_time":"2024-01-18T12:25:43+00:00","og_image":[{"width":1600,"height":1066,"url":"https:\/\/www.institutodeengenharia.org.br\/site\/wp-content\/uploads\/2024\/01\/foto-cpor-jardim-comandante.jpeg","type":"image\/jpeg"}],"author":"Isabel","twitter_card":"summary_large_image","twitter_creator":"@iengenharia","twitter_site":"@iengenharia","twitter_misc":{"Escrito por":"Isabel","Est. tempo de leitura":"3 minutos"},"schema":{"@context":"https:\/\/schema.org","@graph":[{"@type":"Article","@id":"https:\/\/www.institutodeengenharia.org.br\/site\/2024\/01\/18\/oficial-r-2-formado-em-1958-visita-o-cpor-sp\/#article","isPartOf":{"@id":"https:\/\/www.institutodeengenharia.org.br\/site\/2024\/01\/18\/oficial-r-2-formado-em-1958-visita-o-cpor-sp\/"},"author":{"name":"Isabel","@id":"https:\/\/www.institutodeengenharia.org.br\/site\/#\/schema\/person\/593dc356630173a4877a635d3e5fd76b"},"headline":"Oficial R\/2 formado em 1958 visita o CPOR\/SP","datePublished":"2024-01-18T12:22:50+00:00","dateModified":"2024-01-18T12:25:43+00:00","mainEntityOfPage":{"@id":"https:\/\/www.institutodeengenharia.org.br\/site\/2024\/01\/18\/oficial-r-2-formado-em-1958-visita-o-cpor-sp\/"},"wordCount":383,"commentCount":0,"publisher":{"@id":"https:\/\/www.institutodeengenharia.org.br\/site\/#organization"},"image":{"@id":"https:\/\/www.institutodeengenharia.org.br\/site\/2024\/01\/18\/oficial-r-2-formado-em-1958-visita-o-cpor-sp\/#primaryimage"},"thumbnailUrl":"https:\/\/www.institutodeengenharia.org.br\/site\/wp-content\/uploads\/2024\/01\/foto-cpor-jardim-comandante.jpeg","articleSection":["Instituto de Engenharia","Not\u00edcias","Not\u00edcias"],"inLanguage":"pt-BR","potentialAction":[{"@type":"CommentAction","name":"Comment","target":["https:\/\/www.institutodeengenharia.org.br\/site\/2024\/01\/18\/oficial-r-2-formado-em-1958-visita-o-cpor-sp\/#respond"]}]},{"@type":"WebPage","@id":"https:\/\/www.institutodeengenharia.org.br\/site\/2024\/01\/18\/oficial-r-2-formado-em-1958-visita-o-cpor-sp\/","url":"https:\/\/www.institutodeengenharia.org.br\/site\/2024\/01\/18\/oficial-r-2-formado-em-1958-visita-o-cpor-sp\/","name":"Oficial R\/2 formado em 1958 visita o CPOR\/SP - Instituto de Engenharia","isPartOf":{"@id":"https:\/\/www.institutodeengenharia.org.br\/site\/#website"},"primaryImageOfPage":{"@id":"https:\/\/www.institutodeengenharia.org.br\/site\/2024\/01\/18\/oficial-r-2-formado-em-1958-visita-o-cpor-sp\/#primaryimage"},"image":{"@id":"https:\/\/www.institutodeengenharia.org.br\/site\/2024\/01\/18\/oficial-r-2-formado-em-1958-visita-o-cpor-sp\/#primaryimage"},"thumbnailUrl":"https:\/\/www.institutodeengenharia.org.br\/site\/wp-content\/uploads\/2024\/01\/foto-cpor-jardim-comandante.jpeg","datePublished":"2024-01-18T12:22:50+00:00","dateModified":"2024-01-18T12:25:43+00:00","breadcrumb":{"@id":"https:\/\/www.institutodeengenharia.org.br\/site\/2024\/01\/18\/oficial-r-2-formado-em-1958-visita-o-cpor-sp\/#breadcrumb"},"inLanguage":"pt-BR","potentialAction":[{"@type":"ReadAction","target":["https:\/\/www.institutodeengenharia.org.br\/site\/2024\/01\/18\/oficial-r-2-formado-em-1958-visita-o-cpor-sp\/"]}]},{"@type":"ImageObject","inLanguage":"pt-BR","@id":"https:\/\/www.institutodeengenharia.org.br\/site\/2024\/01\/18\/oficial-r-2-formado-em-1958-visita-o-cpor-sp\/#primaryimage","url":"https:\/\/www.institutodeengenharia.org.br\/site\/wp-content\/uploads\/2024\/01\/foto-cpor-jardim-comandante.jpeg","contentUrl":"https:\/\/www.institutodeengenharia.org.br\/site\/wp-content\/uploads\/2024\/01\/foto-cpor-jardim-comandante.jpeg","width":1600,"height":1066,"caption":"\u00c0 esq. Comandante da \u201cEscola de L\u00edderes\u201d, Cel Alexandre L\u00fcckemeyer Machado Carrion, entrega ao presidente do IE, Jos\u00e9 Eduardo Jardim, uma c\u00f3pia de seu boletim interno de matr\u00edcula, datado de dezembro de 1956."},{"@type":"BreadcrumbList","@id":"https:\/\/www.institutodeengenharia.org.br\/site\/2024\/01\/18\/oficial-r-2-formado-em-1958-visita-o-cpor-sp\/#breadcrumb","itemListElement":[{"@type":"ListItem","position":1,"name":"In\u00edcio","item":"https:\/\/www.institutodeengenharia.org.br\/site\/"},{"@type":"ListItem","position":2,"name":"Oficial R\/2 formado em 1958 visita o CPOR\/SP"}]},{"@type":"WebSite","@id":"https:\/\/www.institutodeengenharia.org.br\/site\/#website","url":"https:\/\/www.institutodeengenharia.org.br\/site\/","name":"Instituto de Engenharia","description":"O Instituto de Engenharia promove a Engenharia em benef\u00edcio do desenvolvimento e da qualidade de vida da sociedade.","publisher":{"@id":"https:\/\/www.institutodeengenharia.org.br\/site\/#organization"},"potentialAction":[{"@type":"SearchAction","target":{"@type":"EntryPoint","urlTemplate":"https:\/\/www.institutodeengenharia.org.br\/site\/?s={search_term_string}"},"query-input":{"@type":"PropertyValueSpecification","valueRequired":true,"valueName":"search_term_string"}}],"inLanguage":"pt-BR"},{"@type":"Organization","@id":"https:\/\/www.institutodeengenharia.org.br\/site\/#organization","name":"Instituto de Engenharia","url":"https:\/\/www.institutodeengenharia.org.br\/site\/","logo":{"@type":"ImageObject","inLanguage":"pt-BR","@id":"https:\/\/www.institutodeengenharia.org.br\/site\/#\/schema\/logo\/image\/","url":"https:\/\/www.institutodeengenharia.org.br\/site\/wp-content\/uploads\/2019\/03\/logo-novo-IE2018-1.jpg","contentUrl":"https:\/\/www.institutodeengenharia.org.br\/site\/wp-content\/uploads\/2019\/03\/logo-novo-IE2018-1.jpg","width":1486,"height":1879,"caption":"Instituto de Engenharia"},"image":{"@id":"https:\/\/www.institutodeengenharia.org.br\/site\/#\/schema\/logo\/image\/"},"sameAs":["https:\/\/www.facebook.com\/institutodeengenharia","https:\/\/x.com\/iengenharia","https:\/\/www.instagram.com\/institutodeengenharia\/","https:\/\/www.linkedin.com\/company\/instituto-de-engenharia\/","https:\/\/www.youtube.com\/channel\/UCXiCAlsSMe977vamW915HxA"]},{"@type":"Person","@id":"https:\/\/www.institutodeengenharia.org.br\/site\/#\/schema\/person\/593dc356630173a4877a635d3e5fd76b","name":"Isabel","image":{"@type":"ImageObject","inLanguage":"pt-BR","@id":"https:\/\/secure.gravatar.com\/avatar\/f3c521db63ec9db17894f10a88c6a3cf95b2281d7f80eeb3cf3ef1cb091576e7?s=96&d=mm&r=g","url":"https:\/\/secure.gravatar.com\/avatar\/f3c521db63ec9db17894f10a88c6a3cf95b2281d7f80eeb3cf3ef1cb091576e7?s=96&d=mm&r=g","contentUrl":"https:\/\/secure.gravatar.com\/avatar\/f3c521db63ec9db17894f10a88c6a3cf95b2281d7f80eeb3cf3ef1cb091576e7?s=96&d=mm&r=g","caption":"Isabel"},"url":"https:\/\/www.institutodeengenharia.org.br\/site\/author\/comunicacao2\/"}]}},"_links":{"self":[{"href":"https:\/\/www.institutodeengenharia.org.br\/site\/wp-json\/wp\/v2\/posts\/115470","targetHints":{"allow":["GET"]}}],"collection":[{"href":"https:\/\/www.institutodeengenharia.org.br\/site\/wp-json\/wp\/v2\/posts"}],"about":[{"href":"https:\/\/www.institutodeengenharia.org.br\/site\/wp-json\/wp\/v2\/types\/post"}],"author":[{"embeddable":true,"href":"https:\/\/www.institutodeengenharia.org.br\/site\/wp-json\/wp\/v2\/users\/14"}],"replies":[{"embeddable":true,"href":"https:\/\/www.institutodeengenharia.org.br\/site\/wp-json\/wp\/v2\/comments?post=115470"}],"version-history":[{"count":1,"href":"https:\/\/www.institutodeengenharia.org.br\/site\/wp-json\/wp\/v2\/posts\/115470\/revisions"}],"predecessor-version":[{"id":115472,"href":"https:\/\/www.institutodeengenharia.org.br\/site\/wp-json\/wp\/v2\/posts\/115470\/revisions\/115472"}],"wp:featuredmedia":[{"embeddable":true,"href":"https:\/\/www.institutodeengenharia.org.br\/site\/wp-json\/wp\/v2\/media\/115471"}],"wp:attachment":[{"href":"https:\/\/www.institutodeengenharia.org.br\/site\/wp-json\/wp\/v2\/media?parent=115470"}],"wp:term":[{"taxonomy":"category","embeddable":true,"href":"https:\/\/www.institutodeengenharia.org.br\/site\/wp-json\/wp\/v2\/categories?post=115470"},{"taxonomy":"post_tag","embeddable":true,"href":"https:\/\/www.institutodeengenharia.org.br\/site\/wp-json\/wp\/v2\/tags?post=115470"}],"curies":[{"name":"wp","href":"https:\/\/api.w.org\/{rel}","templated":true}]}}