{"id":115202,"date":"2023-12-08T16:31:14","date_gmt":"2023-12-08T19:31:14","guid":{"rendered":"https:\/\/www.institutodeengenharia.org.br\/site\/?p=115202"},"modified":"2023-12-08T16:31:14","modified_gmt":"2023-12-08T19:31:14","slug":"como-o-cfd-na-engenharia-e-arquitetura-pode-salvar-a-economia-de-um-pais-e-proteger-o-meio-ambiente","status":"publish","type":"post","link":"https:\/\/www.institutodeengenharia.org.br\/site\/2023\/12\/08\/como-o-cfd-na-engenharia-e-arquitetura-pode-salvar-a-economia-de-um-pais-e-proteger-o-meio-ambiente\/","title":{"rendered":"Como o CFD na engenharia e arquitetura pode salvar a economia de um pa\u00eds e proteger o meio ambiente"},"content":{"rendered":"<p><strong>Assista abaixo \u00e0 grava\u00e7\u00e3o do evento:\u00a0<\/strong><\/p>\n<div style=\"padding: 56.25% 0 0 0; position: relative;\"><iframe style=\"position: absolute; top: 0; left: 0; width: 100%; height: 100%;\" title=\"COMO O CFD NA ENGENHARIA E ARQUITETURA PODE SALVAR A ECONOMIA DE UM PA\u00cdS E PROTEGER O MEIO AMBIENTE\" src=\"https:\/\/player.vimeo.com\/video\/889542741?badge=0&amp;autopause=0&amp;quality_selector=1&amp;player_id=0&amp;app_id=58479\" frameborder=\"0\"><\/iframe><\/div>\n<p>&nbsp;<\/p>\n<p><strong>+ Informa\u00e7\u00f5es:<\/strong><\/p>\n<p>Apresentar alguns cases de sucesso, utilizando a ferramenta CFD na engenharia e arquitetura, quais geraram ganhos financeiros aos investidores.<\/p>\n<p><strong>P\u00fablico-alvo:<\/strong><\/p>\n<p>Engenheiros, arquitetos, Secovi, CREA, Sinduscon, Abrava, ABPP e universidades.<\/p>\n<p>Empresas como: construtoras, incorporadoras e setores do transporte (ferrovi\u00e1rio, rodovi\u00e1rio, hidrovi\u00e1rio, dutovi\u00e1rio e aerovi\u00e1rio).<\/p>\n<p>Setores de energia (Alupar, AES, Celesc, CEMIG, CPFL, Copel, EDP, Eletrobras, Eneva, Energisa, Engie, Equatorial, Light, neoenergia, \u00f4mega, taesa e transmiss\u00e3o paulista), hidroel\u00e9tricas e nucleares.<\/p>\n<p>Demais empresas, como: Embraer, Petrobr\u00e1s, Vale, Usiminas, Ambev, Heinecken e Eletrobr\u00e1s.<\/p>\n<p>Setores: portu\u00e1rio, aerovi\u00e1rios, automotivos, industriais, inova\u00e7\u00e3o, energia renov\u00e1vel, hospitalares, farmac\u00eauticos, minera\u00e7\u00e3o, transforma\u00e7\u00e3o, log\u00edstico, agroneg\u00f3cio, hoteleiro, shoppings centers e eventos.<\/p>\n<p>Corpos de bombeiros do brasil, empresas do setor de seguran\u00e7a contra inc\u00eandio, Fiesp e demais similares.<\/p>\n<p><strong>Programa\u00e7\u00e3o:<\/strong><\/p>\n<p>1-\u00a0\u00a0\u00a0\u00a0\u00a0\u00a0\u00a0\u00a0 Abertura e apresenta\u00e7\u00e3o dos palestrantes;<\/p>\n<p>2-\u00a0\u00a0\u00a0\u00a0\u00a0\u00a0\u00a0\u00a0 Introdu\u00e7\u00e3o ao tema CFD \u2013 Computational Fluid Dynamics;<\/p>\n<p>3-\u00a0\u00a0\u00a0\u00a0\u00a0\u00a0\u00a0\u00a0 Apresenta\u00e7\u00e3o de tr\u00eas cases de simula\u00e7\u00f5es onde foram utilizadas as ferramentas do CFD na engenharia e arquitetura, resultando em ganhos financeiros aos investidores.<\/p>\n<p><strong>Patroc\u00ednio:\u00a0<\/strong><\/p>\n<p><img loading=\"lazy\" decoding=\"async\" class=\"\" src=\"https:\/\/cottaeng.com.br\/images\/site\/logo-cotta-2018-72-02.png\" alt=\"Carlos Cotta Engenharia &amp; Inova\u00e7\u00e3o\" width=\"179\" height=\"60\" \/><\/p>\n<p><strong>Realiza\u00e7\u00e3o:<\/strong><\/p>\n<p><img loading=\"lazy\" decoding=\"async\" class=\"alignnone wp-image-81229 alignleft\" src=\"https:\/\/www.institutodeengenharia.org.br\/site\/wp-content\/uploads\/2021\/05\/ie-logo-escudo.jpeg\" alt=\"\" width=\"94\" height=\"119\" srcset=\"https:\/\/www.institutodeengenharia.org.br\/site\/wp-content\/uploads\/2021\/05\/ie-logo-escudo.jpeg 1012w, https:\/\/www.institutodeengenharia.org.br\/site\/wp-content\/uploads\/2021\/05\/ie-logo-escudo-237x300.jpeg 237w, https:\/\/www.institutodeengenharia.org.br\/site\/wp-content\/uploads\/2021\/05\/ie-logo-escudo-810x1024.jpeg 810w, https:\/\/www.institutodeengenharia.org.br\/site\/wp-content\/uploads\/2021\/05\/ie-logo-escudo-768x971.jpeg 768w, https:\/\/www.institutodeengenharia.org.br\/site\/wp-content\/uploads\/2021\/05\/ie-logo-escudo-696x880.jpeg 696w, https:\/\/www.institutodeengenharia.org.br\/site\/wp-content\/uploads\/2021\/05\/ie-logo-escudo-332x420.jpeg 332w, https:\/\/www.institutodeengenharia.org.br\/site\/wp-content\/uploads\/2021\/05\/ie-logo-escudo-600x759.jpeg 600w\" sizes=\"auto, (max-width: 94px) 100vw, 94px\" \/><\/p>\n<p><strong>Eng. Ivan Metran Whately<\/strong> \u2013 Vice-Presidente de Atividades T\u00e9cnicas<\/p>\n<p><strong>Eng.\u00aa D\u00e9bora Sanches de A. Marinello<\/strong> \u2013 Diretora do Departamento de Desenvolvimento de Gest\u00e3o e Objetivos<\/p>\n<p><strong>Eng. Carlos Cotta<\/strong> \u2013 Coordenador da Divis\u00e3o T\u00e9cnica de Engenharia de Inc\u00eandio<\/p>\n<p><strong>Apoio Institucional:<\/strong><\/p>\n<p><img loading=\"lazy\" decoding=\"async\" class=\"alignnone wp-image-77696\" src=\"https:\/\/www.institutodeengenharia.org.br\/site\/wp-content\/uploads\/2021\/02\/crea.jpg\" alt=\"\" width=\"146\" height=\"103\" srcset=\"https:\/\/www.institutodeengenharia.org.br\/site\/wp-content\/uploads\/2021\/02\/crea.jpg 448w, https:\/\/www.institutodeengenharia.org.br\/site\/wp-content\/uploads\/2021\/02\/crea-300x211.jpg 300w, https:\/\/www.institutodeengenharia.org.br\/site\/wp-content\/uploads\/2021\/02\/crea-100x70.jpg 100w\" sizes=\"auto, (max-width: 146px) 100vw, 146px\" \/><\/p>\n<p><strong>Apoio \u00e0 forma\u00e7\u00e3o:\u00a0<\/strong><\/p>\n<p>Espa\u00e7o aberto ao CREA-SP, objetivando o aperfei\u00e7oamento dos profissionais e o aprimoramento da fiscaliza\u00e7\u00e3o das \u00e1reas abrangidas pelo Sistema Confea\/CREAs, al\u00e9m de promover a conscientiza\u00e7\u00e3o da sociedade quanto \u00e0 necessidade e obrigatoriedade de contratar um profissional devidamente habilitado.<\/p>\n<p>&nbsp;<\/p>\n","protected":false},"excerpt":{"rendered":"<p>Assista abaixo \u00e0 grava\u00e7\u00e3o do evento:\u00a0 &nbsp; + Informa\u00e7\u00f5es: Apresentar alguns cases de sucesso, utilizando a ferramenta CFD na engenharia e arquitetura, quais geraram ganhos financeiros aos investidores. P\u00fablico-alvo: Engenheiros, arquitetos, Secovi, CREA, Sinduscon, Abrava, ABPP e universidades. Empresas como: construtoras, incorporadoras e setores do transporte (ferrovi\u00e1rio, rodovi\u00e1rio, hidrovi\u00e1rio, dutovi\u00e1rio e aerovi\u00e1rio). Setores de energia [&hellip;]<\/p>\n","protected":false},"author":13,"featured_media":112827,"comment_status":"open","ping_status":"open","sticky":false,"template":"","format":"video","meta":{"footnotes":""},"categories":[968,969],"tags":[1176],"class_list":{"0":"post-115202","1":"post","2":"type-post","3":"status-publish","4":"format-video","5":"has-post-thumbnail","7":"category-nova-tv-engenharia","8":"category-palestra","9":"tag-video-home","10":"post_format-post-format-video"},"yoast_head":"<!-- This site is optimized with the Yoast SEO plugin v27.2 - https:\/\/yoast.com\/product\/yoast-seo-wordpress\/ -->\n<title>Como o CFD na engenharia e arquitetura pode salvar a economia de um pa\u00eds e proteger o meio ambiente - Instituto de Engenharia<\/title>\n<meta name=\"robots\" content=\"index, follow, max-snippet:-1, max-image-preview:large, max-video-preview:-1\" \/>\n<link rel=\"canonical\" href=\"https:\/\/www.institutodeengenharia.org.br\/site\/2023\/12\/08\/como-o-cfd-na-engenharia-e-arquitetura-pode-salvar-a-economia-de-um-pais-e-proteger-o-meio-ambiente\/\" \/>\n<meta property=\"og:locale\" content=\"pt_BR\" \/>\n<meta property=\"og:type\" content=\"article\" \/>\n<meta property=\"og:title\" content=\"Como o CFD na engenharia e arquitetura pode salvar a economia de um pa\u00eds e proteger o meio ambiente - Instituto de Engenharia\" \/>\n<meta property=\"og:description\" content=\"Assista abaixo \u00e0 grava\u00e7\u00e3o do evento:\u00a0 &nbsp; + Informa\u00e7\u00f5es: Apresentar alguns cases de sucesso, utilizando a ferramenta CFD na engenharia e arquitetura, quais geraram ganhos financeiros aos investidores. P\u00fablico-alvo: Engenheiros, arquitetos, Secovi, CREA, Sinduscon, Abrava, ABPP e universidades. Empresas como: construtoras, incorporadoras e setores do transporte (ferrovi\u00e1rio, rodovi\u00e1rio, hidrovi\u00e1rio, dutovi\u00e1rio e aerovi\u00e1rio). Setores de energia [&hellip;]\" \/>\n<meta property=\"og:url\" content=\"https:\/\/www.institutodeengenharia.org.br\/site\/2023\/12\/08\/como-o-cfd-na-engenharia-e-arquitetura-pode-salvar-a-economia-de-um-pais-e-proteger-o-meio-ambiente\/\" \/>\n<meta property=\"og:site_name\" content=\"Instituto de Engenharia\" \/>\n<meta property=\"article:publisher\" content=\"https:\/\/www.facebook.com\/institutodeengenharia\" \/>\n<meta property=\"article:published_time\" content=\"2023-12-08T19:31:14+00:00\" \/>\n<meta property=\"og:image\" content=\"https:\/\/www.institutodeengenharia.org.br\/site\/wp-content\/uploads\/2023\/09\/Design-sem-nome-2023-09-25T154150.532.jpg\" \/>\n\t<meta property=\"og:image:width\" content=\"1920\" \/>\n\t<meta property=\"og:image:height\" content=\"1080\" \/>\n\t<meta property=\"og:image:type\" content=\"image\/jpeg\" \/>\n<meta name=\"author\" content=\"Bianca\" \/>\n<meta name=\"twitter:card\" content=\"summary_large_image\" \/>\n<meta name=\"twitter:creator\" content=\"@iengenharia\" \/>\n<meta name=\"twitter:site\" content=\"@iengenharia\" \/>\n<meta name=\"twitter:label1\" content=\"Escrito por\" \/>\n\t<meta name=\"twitter:data1\" content=\"Bianca\" \/>\n\t<meta name=\"twitter:label2\" content=\"Est. tempo de leitura\" \/>\n\t<meta name=\"twitter:data2\" content=\"2 minutos\" \/>\n<script type=\"application\/ld+json\" class=\"yoast-schema-graph\">{\"@context\":\"https:\/\/schema.org\",\"@graph\":[{\"@type\":\"Article\",\"@id\":\"https:\/\/www.institutodeengenharia.org.br\/site\/2023\/12\/08\/como-o-cfd-na-engenharia-e-arquitetura-pode-salvar-a-economia-de-um-pais-e-proteger-o-meio-ambiente\/#article\",\"isPartOf\":{\"@id\":\"https:\/\/www.institutodeengenharia.org.br\/site\/2023\/12\/08\/como-o-cfd-na-engenharia-e-arquitetura-pode-salvar-a-economia-de-um-pais-e-proteger-o-meio-ambiente\/\"},\"author\":{\"name\":\"Bianca\",\"@id\":\"https:\/\/www.institutodeengenharia.org.br\/site\/#\/schema\/person\/aeb64951c405e100d26d30b033dd423f\"},\"headline\":\"Como o CFD na engenharia e arquitetura pode salvar a economia de um pa\u00eds e proteger o meio ambiente\",\"datePublished\":\"2023-12-08T19:31:14+00:00\",\"mainEntityOfPage\":{\"@id\":\"https:\/\/www.institutodeengenharia.org.br\/site\/2023\/12\/08\/como-o-cfd-na-engenharia-e-arquitetura-pode-salvar-a-economia-de-um-pais-e-proteger-o-meio-ambiente\/\"},\"wordCount\":302,\"commentCount\":0,\"publisher\":{\"@id\":\"https:\/\/www.institutodeengenharia.org.br\/site\/#organization\"},\"image\":{\"@id\":\"https:\/\/www.institutodeengenharia.org.br\/site\/2023\/12\/08\/como-o-cfd-na-engenharia-e-arquitetura-pode-salvar-a-economia-de-um-pais-e-proteger-o-meio-ambiente\/#primaryimage\"},\"thumbnailUrl\":\"https:\/\/www.institutodeengenharia.org.br\/site\/wp-content\/uploads\/2023\/09\/Design-sem-nome-2023-09-25T154150.532.jpg\",\"keywords\":[\"video-home\"],\"articleSection\":[\"Nova TV Engenharia\",\"Palestra\"],\"inLanguage\":\"pt-BR\",\"potentialAction\":[{\"@type\":\"CommentAction\",\"name\":\"Comment\",\"target\":[\"https:\/\/www.institutodeengenharia.org.br\/site\/2023\/12\/08\/como-o-cfd-na-engenharia-e-arquitetura-pode-salvar-a-economia-de-um-pais-e-proteger-o-meio-ambiente\/#respond\"]}]},{\"@type\":\"WebPage\",\"@id\":\"https:\/\/www.institutodeengenharia.org.br\/site\/2023\/12\/08\/como-o-cfd-na-engenharia-e-arquitetura-pode-salvar-a-economia-de-um-pais-e-proteger-o-meio-ambiente\/\",\"url\":\"https:\/\/www.institutodeengenharia.org.br\/site\/2023\/12\/08\/como-o-cfd-na-engenharia-e-arquitetura-pode-salvar-a-economia-de-um-pais-e-proteger-o-meio-ambiente\/\",\"name\":\"Como o CFD na engenharia e arquitetura pode salvar a economia de um pa\u00eds e proteger o meio ambiente - Instituto de Engenharia\",\"isPartOf\":{\"@id\":\"https:\/\/www.institutodeengenharia.org.br\/site\/#website\"},\"primaryImageOfPage\":{\"@id\":\"https:\/\/www.institutodeengenharia.org.br\/site\/2023\/12\/08\/como-o-cfd-na-engenharia-e-arquitetura-pode-salvar-a-economia-de-um-pais-e-proteger-o-meio-ambiente\/#primaryimage\"},\"image\":{\"@id\":\"https:\/\/www.institutodeengenharia.org.br\/site\/2023\/12\/08\/como-o-cfd-na-engenharia-e-arquitetura-pode-salvar-a-economia-de-um-pais-e-proteger-o-meio-ambiente\/#primaryimage\"},\"thumbnailUrl\":\"https:\/\/www.institutodeengenharia.org.br\/site\/wp-content\/uploads\/2023\/09\/Design-sem-nome-2023-09-25T154150.532.jpg\",\"datePublished\":\"2023-12-08T19:31:14+00:00\",\"breadcrumb\":{\"@id\":\"https:\/\/www.institutodeengenharia.org.br\/site\/2023\/12\/08\/como-o-cfd-na-engenharia-e-arquitetura-pode-salvar-a-economia-de-um-pais-e-proteger-o-meio-ambiente\/#breadcrumb\"},\"inLanguage\":\"pt-BR\",\"potentialAction\":[{\"@type\":\"ReadAction\",\"target\":[\"https:\/\/www.institutodeengenharia.org.br\/site\/2023\/12\/08\/como-o-cfd-na-engenharia-e-arquitetura-pode-salvar-a-economia-de-um-pais-e-proteger-o-meio-ambiente\/\"]}]},{\"@type\":\"ImageObject\",\"inLanguage\":\"pt-BR\",\"@id\":\"https:\/\/www.institutodeengenharia.org.br\/site\/2023\/12\/08\/como-o-cfd-na-engenharia-e-arquitetura-pode-salvar-a-economia-de-um-pais-e-proteger-o-meio-ambiente\/#primaryimage\",\"url\":\"https:\/\/www.institutodeengenharia.org.br\/site\/wp-content\/uploads\/2023\/09\/Design-sem-nome-2023-09-25T154150.532.jpg\",\"contentUrl\":\"https:\/\/www.institutodeengenharia.org.br\/site\/wp-content\/uploads\/2023\/09\/Design-sem-nome-2023-09-25T154150.532.jpg\",\"width\":1920,\"height\":1080},{\"@type\":\"BreadcrumbList\",\"@id\":\"https:\/\/www.institutodeengenharia.org.br\/site\/2023\/12\/08\/como-o-cfd-na-engenharia-e-arquitetura-pode-salvar-a-economia-de-um-pais-e-proteger-o-meio-ambiente\/#breadcrumb\",\"itemListElement\":[{\"@type\":\"ListItem\",\"position\":1,\"name\":\"In\u00edcio\",\"item\":\"https:\/\/www.institutodeengenharia.org.br\/site\/\"},{\"@type\":\"ListItem\",\"position\":2,\"name\":\"Como o CFD na engenharia e arquitetura pode salvar a economia de um pa\u00eds e proteger o meio ambiente\"}]},{\"@type\":\"WebSite\",\"@id\":\"https:\/\/www.institutodeengenharia.org.br\/site\/#website\",\"url\":\"https:\/\/www.institutodeengenharia.org.br\/site\/\",\"name\":\"Instituto de Engenharia\",\"description\":\"O Instituto de Engenharia promove a Engenharia em benef\u00edcio do desenvolvimento e da qualidade de vida da sociedade.\",\"publisher\":{\"@id\":\"https:\/\/www.institutodeengenharia.org.br\/site\/#organization\"},\"potentialAction\":[{\"@type\":\"SearchAction\",\"target\":{\"@type\":\"EntryPoint\",\"urlTemplate\":\"https:\/\/www.institutodeengenharia.org.br\/site\/?s={search_term_string}\"},\"query-input\":{\"@type\":\"PropertyValueSpecification\",\"valueRequired\":true,\"valueName\":\"search_term_string\"}}],\"inLanguage\":\"pt-BR\"},{\"@type\":\"Organization\",\"@id\":\"https:\/\/www.institutodeengenharia.org.br\/site\/#organization\",\"name\":\"Instituto de Engenharia\",\"url\":\"https:\/\/www.institutodeengenharia.org.br\/site\/\",\"logo\":{\"@type\":\"ImageObject\",\"inLanguage\":\"pt-BR\",\"@id\":\"https:\/\/www.institutodeengenharia.org.br\/site\/#\/schema\/logo\/image\/\",\"url\":\"https:\/\/www.institutodeengenharia.org.br\/site\/wp-content\/uploads\/2019\/03\/logo-novo-IE2018-1.jpg\",\"contentUrl\":\"https:\/\/www.institutodeengenharia.org.br\/site\/wp-content\/uploads\/2019\/03\/logo-novo-IE2018-1.jpg\",\"width\":1486,\"height\":1879,\"caption\":\"Instituto de Engenharia\"},\"image\":{\"@id\":\"https:\/\/www.institutodeengenharia.org.br\/site\/#\/schema\/logo\/image\/\"},\"sameAs\":[\"https:\/\/www.facebook.com\/institutodeengenharia\",\"https:\/\/x.com\/iengenharia\",\"https:\/\/www.instagram.com\/institutodeengenharia\/\",\"https:\/\/www.linkedin.com\/company\/instituto-de-engenharia\/\",\"https:\/\/www.youtube.com\/channel\/UCXiCAlsSMe977vamW915HxA\"]},{\"@type\":\"Person\",\"@id\":\"https:\/\/www.institutodeengenharia.org.br\/site\/#\/schema\/person\/aeb64951c405e100d26d30b033dd423f\",\"name\":\"Bianca\",\"image\":{\"@type\":\"ImageObject\",\"inLanguage\":\"pt-BR\",\"@id\":\"https:\/\/secure.gravatar.com\/avatar\/a6fbe9bff57405baf4c1e2c5c1811e072b558253974a9f9508f4678900c97c2a?s=96&d=mm&r=g\",\"url\":\"https:\/\/secure.gravatar.com\/avatar\/a6fbe9bff57405baf4c1e2c5c1811e072b558253974a9f9508f4678900c97c2a?s=96&d=mm&r=g\",\"contentUrl\":\"https:\/\/secure.gravatar.com\/avatar\/a6fbe9bff57405baf4c1e2c5c1811e072b558253974a9f9508f4678900c97c2a?s=96&d=mm&r=g\",\"caption\":\"Bianca\"},\"url\":\"https:\/\/www.institutodeengenharia.org.br\/site\/author\/comunicacao1\/\"}]}<\/script>\n<!-- \/ Yoast SEO plugin. -->","yoast_head_json":{"title":"Como o CFD na engenharia e arquitetura pode salvar a economia de um pa\u00eds e proteger o meio ambiente - Instituto de Engenharia","robots":{"index":"index","follow":"follow","max-snippet":"max-snippet:-1","max-image-preview":"max-image-preview:large","max-video-preview":"max-video-preview:-1"},"canonical":"https:\/\/www.institutodeengenharia.org.br\/site\/2023\/12\/08\/como-o-cfd-na-engenharia-e-arquitetura-pode-salvar-a-economia-de-um-pais-e-proteger-o-meio-ambiente\/","og_locale":"pt_BR","og_type":"article","og_title":"Como o CFD na engenharia e arquitetura pode salvar a economia de um pa\u00eds e proteger o meio ambiente - Instituto de Engenharia","og_description":"Assista abaixo \u00e0 grava\u00e7\u00e3o do evento:\u00a0 &nbsp; + Informa\u00e7\u00f5es: Apresentar alguns cases de sucesso, utilizando a ferramenta CFD na engenharia e arquitetura, quais geraram ganhos financeiros aos investidores. P\u00fablico-alvo: Engenheiros, arquitetos, Secovi, CREA, Sinduscon, Abrava, ABPP e universidades. Empresas como: construtoras, incorporadoras e setores do transporte (ferrovi\u00e1rio, rodovi\u00e1rio, hidrovi\u00e1rio, dutovi\u00e1rio e aerovi\u00e1rio). Setores de energia [&hellip;]","og_url":"https:\/\/www.institutodeengenharia.org.br\/site\/2023\/12\/08\/como-o-cfd-na-engenharia-e-arquitetura-pode-salvar-a-economia-de-um-pais-e-proteger-o-meio-ambiente\/","og_site_name":"Instituto de Engenharia","article_publisher":"https:\/\/www.facebook.com\/institutodeengenharia","article_published_time":"2023-12-08T19:31:14+00:00","og_image":[{"width":1920,"height":1080,"url":"https:\/\/www.institutodeengenharia.org.br\/site\/wp-content\/uploads\/2023\/09\/Design-sem-nome-2023-09-25T154150.532.jpg","type":"image\/jpeg"}],"author":"Bianca","twitter_card":"summary_large_image","twitter_creator":"@iengenharia","twitter_site":"@iengenharia","twitter_misc":{"Escrito por":"Bianca","Est. tempo de leitura":"2 minutos"},"schema":{"@context":"https:\/\/schema.org","@graph":[{"@type":"Article","@id":"https:\/\/www.institutodeengenharia.org.br\/site\/2023\/12\/08\/como-o-cfd-na-engenharia-e-arquitetura-pode-salvar-a-economia-de-um-pais-e-proteger-o-meio-ambiente\/#article","isPartOf":{"@id":"https:\/\/www.institutodeengenharia.org.br\/site\/2023\/12\/08\/como-o-cfd-na-engenharia-e-arquitetura-pode-salvar-a-economia-de-um-pais-e-proteger-o-meio-ambiente\/"},"author":{"name":"Bianca","@id":"https:\/\/www.institutodeengenharia.org.br\/site\/#\/schema\/person\/aeb64951c405e100d26d30b033dd423f"},"headline":"Como o CFD na engenharia e arquitetura pode salvar a economia de um pa\u00eds e proteger o meio ambiente","datePublished":"2023-12-08T19:31:14+00:00","mainEntityOfPage":{"@id":"https:\/\/www.institutodeengenharia.org.br\/site\/2023\/12\/08\/como-o-cfd-na-engenharia-e-arquitetura-pode-salvar-a-economia-de-um-pais-e-proteger-o-meio-ambiente\/"},"wordCount":302,"commentCount":0,"publisher":{"@id":"https:\/\/www.institutodeengenharia.org.br\/site\/#organization"},"image":{"@id":"https:\/\/www.institutodeengenharia.org.br\/site\/2023\/12\/08\/como-o-cfd-na-engenharia-e-arquitetura-pode-salvar-a-economia-de-um-pais-e-proteger-o-meio-ambiente\/#primaryimage"},"thumbnailUrl":"https:\/\/www.institutodeengenharia.org.br\/site\/wp-content\/uploads\/2023\/09\/Design-sem-nome-2023-09-25T154150.532.jpg","keywords":["video-home"],"articleSection":["Nova TV Engenharia","Palestra"],"inLanguage":"pt-BR","potentialAction":[{"@type":"CommentAction","name":"Comment","target":["https:\/\/www.institutodeengenharia.org.br\/site\/2023\/12\/08\/como-o-cfd-na-engenharia-e-arquitetura-pode-salvar-a-economia-de-um-pais-e-proteger-o-meio-ambiente\/#respond"]}]},{"@type":"WebPage","@id":"https:\/\/www.institutodeengenharia.org.br\/site\/2023\/12\/08\/como-o-cfd-na-engenharia-e-arquitetura-pode-salvar-a-economia-de-um-pais-e-proteger-o-meio-ambiente\/","url":"https:\/\/www.institutodeengenharia.org.br\/site\/2023\/12\/08\/como-o-cfd-na-engenharia-e-arquitetura-pode-salvar-a-economia-de-um-pais-e-proteger-o-meio-ambiente\/","name":"Como o CFD na engenharia e arquitetura pode salvar a economia de um pa\u00eds e proteger o meio ambiente - Instituto de Engenharia","isPartOf":{"@id":"https:\/\/www.institutodeengenharia.org.br\/site\/#website"},"primaryImageOfPage":{"@id":"https:\/\/www.institutodeengenharia.org.br\/site\/2023\/12\/08\/como-o-cfd-na-engenharia-e-arquitetura-pode-salvar-a-economia-de-um-pais-e-proteger-o-meio-ambiente\/#primaryimage"},"image":{"@id":"https:\/\/www.institutodeengenharia.org.br\/site\/2023\/12\/08\/como-o-cfd-na-engenharia-e-arquitetura-pode-salvar-a-economia-de-um-pais-e-proteger-o-meio-ambiente\/#primaryimage"},"thumbnailUrl":"https:\/\/www.institutodeengenharia.org.br\/site\/wp-content\/uploads\/2023\/09\/Design-sem-nome-2023-09-25T154150.532.jpg","datePublished":"2023-12-08T19:31:14+00:00","breadcrumb":{"@id":"https:\/\/www.institutodeengenharia.org.br\/site\/2023\/12\/08\/como-o-cfd-na-engenharia-e-arquitetura-pode-salvar-a-economia-de-um-pais-e-proteger-o-meio-ambiente\/#breadcrumb"},"inLanguage":"pt-BR","potentialAction":[{"@type":"ReadAction","target":["https:\/\/www.institutodeengenharia.org.br\/site\/2023\/12\/08\/como-o-cfd-na-engenharia-e-arquitetura-pode-salvar-a-economia-de-um-pais-e-proteger-o-meio-ambiente\/"]}]},{"@type":"ImageObject","inLanguage":"pt-BR","@id":"https:\/\/www.institutodeengenharia.org.br\/site\/2023\/12\/08\/como-o-cfd-na-engenharia-e-arquitetura-pode-salvar-a-economia-de-um-pais-e-proteger-o-meio-ambiente\/#primaryimage","url":"https:\/\/www.institutodeengenharia.org.br\/site\/wp-content\/uploads\/2023\/09\/Design-sem-nome-2023-09-25T154150.532.jpg","contentUrl":"https:\/\/www.institutodeengenharia.org.br\/site\/wp-content\/uploads\/2023\/09\/Design-sem-nome-2023-09-25T154150.532.jpg","width":1920,"height":1080},{"@type":"BreadcrumbList","@id":"https:\/\/www.institutodeengenharia.org.br\/site\/2023\/12\/08\/como-o-cfd-na-engenharia-e-arquitetura-pode-salvar-a-economia-de-um-pais-e-proteger-o-meio-ambiente\/#breadcrumb","itemListElement":[{"@type":"ListItem","position":1,"name":"In\u00edcio","item":"https:\/\/www.institutodeengenharia.org.br\/site\/"},{"@type":"ListItem","position":2,"name":"Como o CFD na engenharia e arquitetura pode salvar a economia de um pa\u00eds e proteger o meio ambiente"}]},{"@type":"WebSite","@id":"https:\/\/www.institutodeengenharia.org.br\/site\/#website","url":"https:\/\/www.institutodeengenharia.org.br\/site\/","name":"Instituto de Engenharia","description":"O Instituto de Engenharia promove a Engenharia em benef\u00edcio do desenvolvimento e da qualidade de vida da sociedade.","publisher":{"@id":"https:\/\/www.institutodeengenharia.org.br\/site\/#organization"},"potentialAction":[{"@type":"SearchAction","target":{"@type":"EntryPoint","urlTemplate":"https:\/\/www.institutodeengenharia.org.br\/site\/?s={search_term_string}"},"query-input":{"@type":"PropertyValueSpecification","valueRequired":true,"valueName":"search_term_string"}}],"inLanguage":"pt-BR"},{"@type":"Organization","@id":"https:\/\/www.institutodeengenharia.org.br\/site\/#organization","name":"Instituto de Engenharia","url":"https:\/\/www.institutodeengenharia.org.br\/site\/","logo":{"@type":"ImageObject","inLanguage":"pt-BR","@id":"https:\/\/www.institutodeengenharia.org.br\/site\/#\/schema\/logo\/image\/","url":"https:\/\/www.institutodeengenharia.org.br\/site\/wp-content\/uploads\/2019\/03\/logo-novo-IE2018-1.jpg","contentUrl":"https:\/\/www.institutodeengenharia.org.br\/site\/wp-content\/uploads\/2019\/03\/logo-novo-IE2018-1.jpg","width":1486,"height":1879,"caption":"Instituto de Engenharia"},"image":{"@id":"https:\/\/www.institutodeengenharia.org.br\/site\/#\/schema\/logo\/image\/"},"sameAs":["https:\/\/www.facebook.com\/institutodeengenharia","https:\/\/x.com\/iengenharia","https:\/\/www.instagram.com\/institutodeengenharia\/","https:\/\/www.linkedin.com\/company\/instituto-de-engenharia\/","https:\/\/www.youtube.com\/channel\/UCXiCAlsSMe977vamW915HxA"]},{"@type":"Person","@id":"https:\/\/www.institutodeengenharia.org.br\/site\/#\/schema\/person\/aeb64951c405e100d26d30b033dd423f","name":"Bianca","image":{"@type":"ImageObject","inLanguage":"pt-BR","@id":"https:\/\/secure.gravatar.com\/avatar\/a6fbe9bff57405baf4c1e2c5c1811e072b558253974a9f9508f4678900c97c2a?s=96&d=mm&r=g","url":"https:\/\/secure.gravatar.com\/avatar\/a6fbe9bff57405baf4c1e2c5c1811e072b558253974a9f9508f4678900c97c2a?s=96&d=mm&r=g","contentUrl":"https:\/\/secure.gravatar.com\/avatar\/a6fbe9bff57405baf4c1e2c5c1811e072b558253974a9f9508f4678900c97c2a?s=96&d=mm&r=g","caption":"Bianca"},"url":"https:\/\/www.institutodeengenharia.org.br\/site\/author\/comunicacao1\/"}]}},"_links":{"self":[{"href":"https:\/\/www.institutodeengenharia.org.br\/site\/wp-json\/wp\/v2\/posts\/115202","targetHints":{"allow":["GET"]}}],"collection":[{"href":"https:\/\/www.institutodeengenharia.org.br\/site\/wp-json\/wp\/v2\/posts"}],"about":[{"href":"https:\/\/www.institutodeengenharia.org.br\/site\/wp-json\/wp\/v2\/types\/post"}],"author":[{"embeddable":true,"href":"https:\/\/www.institutodeengenharia.org.br\/site\/wp-json\/wp\/v2\/users\/13"}],"replies":[{"embeddable":true,"href":"https:\/\/www.institutodeengenharia.org.br\/site\/wp-json\/wp\/v2\/comments?post=115202"}],"version-history":[{"count":1,"href":"https:\/\/www.institutodeengenharia.org.br\/site\/wp-json\/wp\/v2\/posts\/115202\/revisions"}],"predecessor-version":[{"id":115203,"href":"https:\/\/www.institutodeengenharia.org.br\/site\/wp-json\/wp\/v2\/posts\/115202\/revisions\/115203"}],"wp:featuredmedia":[{"embeddable":true,"href":"https:\/\/www.institutodeengenharia.org.br\/site\/wp-json\/wp\/v2\/media\/112827"}],"wp:attachment":[{"href":"https:\/\/www.institutodeengenharia.org.br\/site\/wp-json\/wp\/v2\/media?parent=115202"}],"wp:term":[{"taxonomy":"category","embeddable":true,"href":"https:\/\/www.institutodeengenharia.org.br\/site\/wp-json\/wp\/v2\/categories?post=115202"},{"taxonomy":"post_tag","embeddable":true,"href":"https:\/\/www.institutodeengenharia.org.br\/site\/wp-json\/wp\/v2\/tags?post=115202"}],"curies":[{"name":"wp","href":"https:\/\/api.w.org\/{rel}","templated":true}]}}