{"id":115150,"date":"2023-12-06T15:17:43","date_gmt":"2023-12-06T18:17:43","guid":{"rendered":"https:\/\/www.institutodeengenharia.org.br\/site\/?p=115150"},"modified":"2023-12-06T15:17:43","modified_gmt":"2023-12-06T18:17:43","slug":"inovacao-e-expansao-da-rede-de-transportes-publicos-da-stm","status":"publish","type":"post","link":"https:\/\/www.institutodeengenharia.org.br\/site\/2023\/12\/06\/inovacao-e-expansao-da-rede-de-transportes-publicos-da-stm\/","title":{"rendered":"Inova\u00e7\u00e3o e expans\u00e3o da rede de transportes p\u00fablicos da STM"},"content":{"rendered":"<p><strong><em>Assista abaixo \u00e0 grava\u00e7\u00e3o do evento:<\/em><\/strong><\/p>\n<div style=\"padding: 56.25% 0 0 0; position: relative;\"><iframe style=\"position: absolute; top: 0; left: 0; width: 100%; height: 100%;\" title=\"INOVA\u00c7\u00c3O E EXPANS\u00c3O DA REDE DE TRANSPORTES P\u00daBLICOS DA STM\" src=\"https:\/\/player.vimeo.com\/video\/889541720?badge=0&amp;autopause=0&amp;quality_selector=1&amp;player_id=0&amp;app_id=58479\" frameborder=\"0\"><\/iframe><\/div>\n<p>&nbsp;<\/p>\n<p><strong>+ Informa\u00e7\u00f5es:\u00a0<\/strong><\/p>\n<p>O Instituto de Engenharia tem o prop\u00f3sito de apresentar \u00e0 popula\u00e7\u00e3o o est\u00e1gio atual da execu\u00e7\u00e3o de empreendimentos, as inova\u00e7\u00f5es e a programa\u00e7\u00e3o da expans\u00e3o, da rede de transporte no Estado de S\u00e3o Paulo. O evento ser\u00e1 realizado por meio de palestras e esclarecimentos \u00e0s perguntas da comunidade t\u00e9cnica, composto pela exposi\u00e7\u00e3o dos quatro seguintes temas:<\/p>\n<ol>\n<li>Tecnologia Aeromovel e alternativa como Sistema de M\u00e9dia Capacidade;<\/li>\n<li>Implementa\u00e7\u00e3o do Aeromovel no Aeroporto de Guarulhos,<\/li>\n<li>Empreendimentos em andamento nas Regi\u00f5es Metropolitanas de SP;<\/li>\n<\/ol>\n<p>4. Expans\u00e3o da Rede sobre trilhos nas Regi\u00f5es Metropolitanas de SP.<\/p>\n<p><strong>P\u00fablico-alvo:<\/strong><\/p>\n<p>Engenheiros, estudantes, p\u00fablico em geral, que tenha interesse na \u00e1rea de transportes.<\/p>\n<p><em><strong>Programa\u00e7\u00e3o:\u00a0<\/strong><\/em><\/p>\n<p>8h30 \u00e0s 9h \u2013 Coffee break e credenciamento<\/p>\n<p>9h \u2013 Abertura do Evento<br \/>\nJos\u00e9 Eduardo Frasc\u00e1 Poyares Jardim \u2013 Presidente do Instituto de Engenharia<br \/>\nMarco Antonio Assalve \u2013 secret\u00e1rio de Transportes Metropolitanos<br \/>\nIvan Metran Whately \u2013 Vice-Presidente de Atividades T\u00e9cnicas do IE<\/p>\n<p>9h30 \u00e0s 10h20 \u2013 PAINEL 1: Tecnologia Aerom\u00f3vel e Alternativa como Sistema de M\u00e9dia Capacidade<\/p>\n<p>Moderador: Jean Carlos Pejo \u2013 Secret\u00e1rio Geral da ALAF\/Brasil (Associa\u00e7\u00e3o Latino Americana de Ferrovias)<\/p>\n<p>Palestra 1: Breve relato da tecnologia e experi\u00eancias<br \/>\nPalestrante: Marcus Coester \u2013 CEO da Aerom Sistemas de Transportes<\/p>\n<p>Palestra 2: Aeromovel \u2013 A Nova Tecnologia de Transporte de Media Capacidade.<br \/>\nPalestrante: Flam\u00ednio Fichmann \u2013 Coordenador da Divis\u00e3o T\u00e9cnica de Mobilidade e Log\u00edstica Urbana<\/p>\n<p>10h20 \u00e0s 10h50 \u2013 PAINEL 2: Implementa\u00e7\u00e3o do Aerom\u00f3vel no Aeroporto de Guarulhos<\/p>\n<p>Moderador: Paulo Say\u00e3o \u2013 Diretor da P. Say\u00e3o Consultoria<\/p>\n<p>Palestra 1: Informa\u00e7\u00e3o sobre o desenvolvimento das obras do People Mover e aspectos t\u00e9cnicos da execu\u00e7\u00e3o<br \/>\nPalestrante: Eduardo Chrysostomo Silva \u2013 Diretor de Opera\u00e7\u00f5es na Aerom Sistemas de Transportes<\/p>\n<p>Palestra 2: Tecnologia do Ve\u00edculo do Aeromovel<\/p>\n<p>Palestrante: Petras Amaral Santos \u2013 Gerente Executivo Unidade de Neg\u00f3cios \u2013 Marcopolo Rail<\/p>\n<p>10h50 \u00e0s 11h30 \u2013 PAINEL 3: Empreendimentos em andamento na Rede Metropolitana<\/p>\n<p>Moderador: Vicente Abate \u2013 Presidente ABIFER (Associa\u00e7\u00e3o Brasileira da Ind\u00fastria Ferrovi\u00e1ria)<\/p>\n<p>Palestra: Empreendimento em Execu\u00e7\u00e3o da Rede Metroferrovi\u00e1ria e BRT nas Regi\u00f5es Metropolitanas de S\u00e3o Paulo.<br \/>\nPalestrante: Manoel Marcos Botelho \u2013 Secret\u00e1rio Executivo de Transportes Metropolitanos \u2013 Governo do Estado de S\u00e3o Paulo<\/p>\n<p>11h30 \u00e0s 12h10 \u2013 PAINEL 4 \u2013 Expans\u00e3o das Redes Metropolitanas<br \/>\nModerador: Ivan M. Whately \u2013 Vice-presidente de Atividades T\u00e9cnicas do IE<\/p>\n<p>Palestra: Projeto para a Rede Metroferrovi\u00e1ria e BRT nas Regi\u00f5es Metropolitanas de S\u00e3o Paulo.<br \/>\nPalestrante: Alberto Epifani \u2013 Coordenador de Planejamento e Gest\u00e3o na Secretaria de Estado dos Transportes Metropolitanos<\/p>\n<p>12h10 \u2013 Encerramento<br \/>\nMarco Antonio Assalve \u2013 Secret\u00e1rio de Transportes Metropolitanos<br \/>\nJos\u00e9 Eduardo Frasc\u00e1 Poyares Jardim \u2013 Presidente do Instituto de Engenharia<br \/>\nIvan M. Whately \u2013 Vice-presidente de Atividades T\u00e9cnicas do IE<br \/>\nMarcus Coester \u2013 CEO da Aerom Sistemas de Transportes<\/p>\n<p>EXPOSI\u00c7\u00c3O PAVILH\u00c3O \u2013 12h \u00e0s 22h<br \/>\n\u2022 Mokup do Aerom\u00f3vel;<br \/>\n\u2022 Turbina e Motor de insufla\u00e7\u00e3o da Weg;<br \/>\n\u2022 Viga de Concreto Pr\u00e9-moldada;<br \/>\n\u2022 V\u00eddeos sobre as Obras da STM;<br \/>\n\u2022 Pain\u00e9is com informa\u00e7\u00f5es sobre Empreendimentos da STM e Fotos.<\/p>\n<h3><em><strong><a href=\"https:\/\/www.institutodeengenharia.org.br\/site\/wp-content\/uploads\/2023\/11\/releaseevento.pdf\">VEJA O RELEASE<\/a><\/strong><\/em><\/h3>\n<p><strong>Realiza\u00e7\u00e3o:<\/strong><\/p>\n<p><img loading=\"lazy\" decoding=\"async\" class=\"alignnone wp-image-81229 alignleft td-animation-stack-type0-2\" src=\"https:\/\/www.institutodeengenharia.org.br\/site\/wp-content\/uploads\/2021\/05\/ie-logo-escudo.jpeg\" alt=\"\" width=\"94\" height=\"119\" srcset=\"https:\/\/www.institutodeengenharia.org.br\/site\/wp-content\/uploads\/2021\/05\/ie-logo-escudo.jpeg 1012w, https:\/\/www.institutodeengenharia.org.br\/site\/wp-content\/uploads\/2021\/05\/ie-logo-escudo-237x300.jpeg 237w, https:\/\/www.institutodeengenharia.org.br\/site\/wp-content\/uploads\/2021\/05\/ie-logo-escudo-810x1024.jpeg 810w, https:\/\/www.institutodeengenharia.org.br\/site\/wp-content\/uploads\/2021\/05\/ie-logo-escudo-768x971.jpeg 768w, https:\/\/www.institutodeengenharia.org.br\/site\/wp-content\/uploads\/2021\/05\/ie-logo-escudo-696x880.jpeg 696w, https:\/\/www.institutodeengenharia.org.br\/site\/wp-content\/uploads\/2021\/05\/ie-logo-escudo-332x420.jpeg 332w, https:\/\/www.institutodeengenharia.org.br\/site\/wp-content\/uploads\/2021\/05\/ie-logo-escudo-600x759.jpeg 600w\" sizes=\"auto, (max-width: 94px) 100vw, 94px\" \/><\/p>\n<p><strong>Eng. Ivan Metran Whately<\/strong>\u00a0\u2013 Vice-presidente de Atividades T\u00e9cnicas<\/p>\n<p><strong>Arq.\u00aa Maria da Penha Pereira Nobre<\/strong>\u00a0\u2013 Diretora do Departamento de Desenvolvimento Urbano e Regional<\/p>\n<p><strong>Arq. Flaminio Fichmann<\/strong>\u00a0\u2013 Coordenador da Divis\u00e3o T\u00e9cnica de Mobilidade e Log\u00edstica Urbana<\/p>\n<p><strong>Patroc\u00ednio:\u00a0<\/strong><\/p>\n<p><img loading=\"lazy\" decoding=\"async\" class=\"alignnone wp-image-114584 td-animation-stack-type0-2\" src=\"https:\/\/www.institutodeengenharia.org.br\/site\/wp-content\/uploads\/2023\/11\/aerogru-1024x309.png\" alt=\"\" width=\"256\" height=\"77\" srcset=\"https:\/\/www.institutodeengenharia.org.br\/site\/wp-content\/uploads\/2023\/11\/aerogru-1024x309.png 1024w, https:\/\/www.institutodeengenharia.org.br\/site\/wp-content\/uploads\/2023\/11\/aerogru-300x91.png 300w, https:\/\/www.institutodeengenharia.org.br\/site\/wp-content\/uploads\/2023\/11\/aerogru-768x232.png 768w, https:\/\/www.institutodeengenharia.org.br\/site\/wp-content\/uploads\/2023\/11\/aerogru-696x210.png 696w, https:\/\/www.institutodeengenharia.org.br\/site\/wp-content\/uploads\/2023\/11\/aerogru-1068x323.png 1068w, https:\/\/www.institutodeengenharia.org.br\/site\/wp-content\/uploads\/2023\/11\/aerogru-600x181.png 600w, https:\/\/www.institutodeengenharia.org.br\/site\/wp-content\/uploads\/2023\/11\/aerogru.png 1238w\" sizes=\"auto, (max-width: 256px) 100vw, 256px\" \/><\/p>\n<p><strong>Apoio Institucional:<\/strong><\/p>\n<p><img loading=\"lazy\" decoding=\"async\" class=\"alignnone wp-image-114586 td-animation-stack-type0-2\" src=\"https:\/\/www.institutodeengenharia.org.br\/site\/wp-content\/uploads\/2023\/11\/apfbhwbr.png\" alt=\"\" width=\"513\" height=\"143\" srcset=\"https:\/\/www.institutodeengenharia.org.br\/site\/wp-content\/uploads\/2023\/11\/apfbhwbr.png 778w, https:\/\/www.institutodeengenharia.org.br\/site\/wp-content\/uploads\/2023\/11\/apfbhwbr-300x84.png 300w, https:\/\/www.institutodeengenharia.org.br\/site\/wp-content\/uploads\/2023\/11\/apfbhwbr-768x214.png 768w, https:\/\/www.institutodeengenharia.org.br\/site\/wp-content\/uploads\/2023\/11\/apfbhwbr-696x194.png 696w, https:\/\/www.institutodeengenharia.org.br\/site\/wp-content\/uploads\/2023\/11\/apfbhwbr-600x167.png 600w\" sizes=\"auto, (max-width: 513px) 100vw, 513px\" \/><\/p>\n<p><strong>Apoio \u00e0 forma\u00e7\u00e3o:\u00a0<\/strong><\/p>\n<p>Espa\u00e7o aberto ao CREA-SP, objetivando o aperfei\u00e7oamento dos profissionais e o aprimoramento da fiscaliza\u00e7\u00e3o das \u00e1reas abrangidas pelo Sistema Confea\/CREAs, al\u00e9m de promover a conscientiza\u00e7\u00e3o da sociedade quanto \u00e0 necessidade e obrigatoriedade de contratar um profissional devidamente habilitado.<\/p>\n","protected":false},"excerpt":{"rendered":"<p>Assista abaixo \u00e0 grava\u00e7\u00e3o do evento: &nbsp; + Informa\u00e7\u00f5es:\u00a0 O Instituto de Engenharia tem o prop\u00f3sito de apresentar \u00e0 popula\u00e7\u00e3o o est\u00e1gio atual da execu\u00e7\u00e3o de empreendimentos, as inova\u00e7\u00f5es e a programa\u00e7\u00e3o da expans\u00e3o, da rede de transporte no Estado de S\u00e3o Paulo. O evento ser\u00e1 realizado por meio de palestras e esclarecimentos \u00e0s perguntas [&hellip;]<\/p>\n","protected":false},"author":13,"featured_media":114958,"comment_status":"open","ping_status":"open","sticky":false,"template":"","format":"video","meta":{"footnotes":""},"categories":[968,969],"tags":[1176],"class_list":{"0":"post-115150","1":"post","2":"type-post","3":"status-publish","4":"format-video","5":"has-post-thumbnail","7":"category-nova-tv-engenharia","8":"category-palestra","9":"tag-video-home","10":"post_format-post-format-video"},"yoast_head":"<!-- This site is optimized with the Yoast SEO plugin v27.2 - https:\/\/yoast.com\/product\/yoast-seo-wordpress\/ -->\n<title>Inova\u00e7\u00e3o e expans\u00e3o da rede de transportes p\u00fablicos da STM - Instituto de Engenharia<\/title>\n<meta name=\"robots\" content=\"index, follow, max-snippet:-1, max-image-preview:large, max-video-preview:-1\" \/>\n<link rel=\"canonical\" href=\"https:\/\/www.institutodeengenharia.org.br\/site\/2023\/12\/06\/inovacao-e-expansao-da-rede-de-transportes-publicos-da-stm\/\" \/>\n<meta property=\"og:locale\" content=\"pt_BR\" \/>\n<meta property=\"og:type\" content=\"article\" \/>\n<meta property=\"og:title\" content=\"Inova\u00e7\u00e3o e expans\u00e3o da rede de transportes p\u00fablicos da STM - Instituto de Engenharia\" \/>\n<meta property=\"og:description\" content=\"Assista abaixo \u00e0 grava\u00e7\u00e3o do evento: &nbsp; + Informa\u00e7\u00f5es:\u00a0 O Instituto de Engenharia tem o prop\u00f3sito de apresentar \u00e0 popula\u00e7\u00e3o o est\u00e1gio atual da execu\u00e7\u00e3o de empreendimentos, as inova\u00e7\u00f5es e a programa\u00e7\u00e3o da expans\u00e3o, da rede de transporte no Estado de S\u00e3o Paulo. O evento ser\u00e1 realizado por meio de palestras e esclarecimentos \u00e0s perguntas [&hellip;]\" \/>\n<meta property=\"og:url\" content=\"https:\/\/www.institutodeengenharia.org.br\/site\/2023\/12\/06\/inovacao-e-expansao-da-rede-de-transportes-publicos-da-stm\/\" \/>\n<meta property=\"og:site_name\" content=\"Instituto de Engenharia\" \/>\n<meta property=\"article:publisher\" content=\"https:\/\/www.facebook.com\/institutodeengenharia\" \/>\n<meta property=\"article:published_time\" content=\"2023-12-06T18:17:43+00:00\" \/>\n<meta property=\"og:image\" content=\"https:\/\/www.institutodeengenharia.org.br\/site\/wp-content\/uploads\/2023\/11\/Foto-Marcopolo-AeroGruDivulgacao-1.jpg\" \/>\n\t<meta property=\"og:image:width\" content=\"936\" \/>\n\t<meta property=\"og:image:height\" content=\"527\" \/>\n\t<meta property=\"og:image:type\" content=\"image\/jpeg\" \/>\n<meta name=\"author\" content=\"Bianca\" \/>\n<meta name=\"twitter:card\" content=\"summary_large_image\" \/>\n<meta name=\"twitter:creator\" content=\"@iengenharia\" \/>\n<meta name=\"twitter:site\" content=\"@iengenharia\" \/>\n<meta name=\"twitter:label1\" content=\"Escrito por\" \/>\n\t<meta name=\"twitter:data1\" content=\"Bianca\" \/>\n\t<meta name=\"twitter:label2\" content=\"Est. tempo de leitura\" \/>\n\t<meta name=\"twitter:data2\" content=\"4 minutos\" \/>\n<script type=\"application\/ld+json\" class=\"yoast-schema-graph\">{\"@context\":\"https:\/\/schema.org\",\"@graph\":[{\"@type\":\"Article\",\"@id\":\"https:\/\/www.institutodeengenharia.org.br\/site\/2023\/12\/06\/inovacao-e-expansao-da-rede-de-transportes-publicos-da-stm\/#article\",\"isPartOf\":{\"@id\":\"https:\/\/www.institutodeengenharia.org.br\/site\/2023\/12\/06\/inovacao-e-expansao-da-rede-de-transportes-publicos-da-stm\/\"},\"author\":{\"name\":\"Bianca\",\"@id\":\"https:\/\/www.institutodeengenharia.org.br\/site\/#\/schema\/person\/aeb64951c405e100d26d30b033dd423f\"},\"headline\":\"Inova\u00e7\u00e3o e expans\u00e3o da rede de transportes p\u00fablicos da STM\",\"datePublished\":\"2023-12-06T18:17:43+00:00\",\"mainEntityOfPage\":{\"@id\":\"https:\/\/www.institutodeengenharia.org.br\/site\/2023\/12\/06\/inovacao-e-expansao-da-rede-de-transportes-publicos-da-stm\/\"},\"wordCount\":614,\"commentCount\":0,\"publisher\":{\"@id\":\"https:\/\/www.institutodeengenharia.org.br\/site\/#organization\"},\"image\":{\"@id\":\"https:\/\/www.institutodeengenharia.org.br\/site\/2023\/12\/06\/inovacao-e-expansao-da-rede-de-transportes-publicos-da-stm\/#primaryimage\"},\"thumbnailUrl\":\"https:\/\/www.institutodeengenharia.org.br\/site\/wp-content\/uploads\/2023\/11\/Foto-Marcopolo-AeroGruDivulgacao-1.jpg\",\"keywords\":[\"video-home\"],\"articleSection\":[\"Nova TV Engenharia\",\"Palestra\"],\"inLanguage\":\"pt-BR\",\"potentialAction\":[{\"@type\":\"CommentAction\",\"name\":\"Comment\",\"target\":[\"https:\/\/www.institutodeengenharia.org.br\/site\/2023\/12\/06\/inovacao-e-expansao-da-rede-de-transportes-publicos-da-stm\/#respond\"]}]},{\"@type\":\"WebPage\",\"@id\":\"https:\/\/www.institutodeengenharia.org.br\/site\/2023\/12\/06\/inovacao-e-expansao-da-rede-de-transportes-publicos-da-stm\/\",\"url\":\"https:\/\/www.institutodeengenharia.org.br\/site\/2023\/12\/06\/inovacao-e-expansao-da-rede-de-transportes-publicos-da-stm\/\",\"name\":\"Inova\u00e7\u00e3o e expans\u00e3o da rede de transportes p\u00fablicos da STM - Instituto de Engenharia\",\"isPartOf\":{\"@id\":\"https:\/\/www.institutodeengenharia.org.br\/site\/#website\"},\"primaryImageOfPage\":{\"@id\":\"https:\/\/www.institutodeengenharia.org.br\/site\/2023\/12\/06\/inovacao-e-expansao-da-rede-de-transportes-publicos-da-stm\/#primaryimage\"},\"image\":{\"@id\":\"https:\/\/www.institutodeengenharia.org.br\/site\/2023\/12\/06\/inovacao-e-expansao-da-rede-de-transportes-publicos-da-stm\/#primaryimage\"},\"thumbnailUrl\":\"https:\/\/www.institutodeengenharia.org.br\/site\/wp-content\/uploads\/2023\/11\/Foto-Marcopolo-AeroGruDivulgacao-1.jpg\",\"datePublished\":\"2023-12-06T18:17:43+00:00\",\"breadcrumb\":{\"@id\":\"https:\/\/www.institutodeengenharia.org.br\/site\/2023\/12\/06\/inovacao-e-expansao-da-rede-de-transportes-publicos-da-stm\/#breadcrumb\"},\"inLanguage\":\"pt-BR\",\"potentialAction\":[{\"@type\":\"ReadAction\",\"target\":[\"https:\/\/www.institutodeengenharia.org.br\/site\/2023\/12\/06\/inovacao-e-expansao-da-rede-de-transportes-publicos-da-stm\/\"]}]},{\"@type\":\"ImageObject\",\"inLanguage\":\"pt-BR\",\"@id\":\"https:\/\/www.institutodeengenharia.org.br\/site\/2023\/12\/06\/inovacao-e-expansao-da-rede-de-transportes-publicos-da-stm\/#primaryimage\",\"url\":\"https:\/\/www.institutodeengenharia.org.br\/site\/wp-content\/uploads\/2023\/11\/Foto-Marcopolo-AeroGruDivulgacao-1.jpg\",\"contentUrl\":\"https:\/\/www.institutodeengenharia.org.br\/site\/wp-content\/uploads\/2023\/11\/Foto-Marcopolo-AeroGruDivulgacao-1.jpg\",\"width\":936,\"height\":527},{\"@type\":\"BreadcrumbList\",\"@id\":\"https:\/\/www.institutodeengenharia.org.br\/site\/2023\/12\/06\/inovacao-e-expansao-da-rede-de-transportes-publicos-da-stm\/#breadcrumb\",\"itemListElement\":[{\"@type\":\"ListItem\",\"position\":1,\"name\":\"In\u00edcio\",\"item\":\"https:\/\/www.institutodeengenharia.org.br\/site\/\"},{\"@type\":\"ListItem\",\"position\":2,\"name\":\"Inova\u00e7\u00e3o e expans\u00e3o da rede de transportes p\u00fablicos da STM\"}]},{\"@type\":\"WebSite\",\"@id\":\"https:\/\/www.institutodeengenharia.org.br\/site\/#website\",\"url\":\"https:\/\/www.institutodeengenharia.org.br\/site\/\",\"name\":\"Instituto de Engenharia\",\"description\":\"O Instituto de Engenharia promove a Engenharia em benef\u00edcio do desenvolvimento e da qualidade de vida da sociedade.\",\"publisher\":{\"@id\":\"https:\/\/www.institutodeengenharia.org.br\/site\/#organization\"},\"potentialAction\":[{\"@type\":\"SearchAction\",\"target\":{\"@type\":\"EntryPoint\",\"urlTemplate\":\"https:\/\/www.institutodeengenharia.org.br\/site\/?s={search_term_string}\"},\"query-input\":{\"@type\":\"PropertyValueSpecification\",\"valueRequired\":true,\"valueName\":\"search_term_string\"}}],\"inLanguage\":\"pt-BR\"},{\"@type\":\"Organization\",\"@id\":\"https:\/\/www.institutodeengenharia.org.br\/site\/#organization\",\"name\":\"Instituto de Engenharia\",\"url\":\"https:\/\/www.institutodeengenharia.org.br\/site\/\",\"logo\":{\"@type\":\"ImageObject\",\"inLanguage\":\"pt-BR\",\"@id\":\"https:\/\/www.institutodeengenharia.org.br\/site\/#\/schema\/logo\/image\/\",\"url\":\"https:\/\/www.institutodeengenharia.org.br\/site\/wp-content\/uploads\/2019\/03\/logo-novo-IE2018-1.jpg\",\"contentUrl\":\"https:\/\/www.institutodeengenharia.org.br\/site\/wp-content\/uploads\/2019\/03\/logo-novo-IE2018-1.jpg\",\"width\":1486,\"height\":1879,\"caption\":\"Instituto de Engenharia\"},\"image\":{\"@id\":\"https:\/\/www.institutodeengenharia.org.br\/site\/#\/schema\/logo\/image\/\"},\"sameAs\":[\"https:\/\/www.facebook.com\/institutodeengenharia\",\"https:\/\/x.com\/iengenharia\",\"https:\/\/www.instagram.com\/institutodeengenharia\/\",\"https:\/\/www.linkedin.com\/company\/instituto-de-engenharia\/\",\"https:\/\/www.youtube.com\/channel\/UCXiCAlsSMe977vamW915HxA\"]},{\"@type\":\"Person\",\"@id\":\"https:\/\/www.institutodeengenharia.org.br\/site\/#\/schema\/person\/aeb64951c405e100d26d30b033dd423f\",\"name\":\"Bianca\",\"image\":{\"@type\":\"ImageObject\",\"inLanguage\":\"pt-BR\",\"@id\":\"https:\/\/secure.gravatar.com\/avatar\/a6fbe9bff57405baf4c1e2c5c1811e072b558253974a9f9508f4678900c97c2a?s=96&d=mm&r=g\",\"url\":\"https:\/\/secure.gravatar.com\/avatar\/a6fbe9bff57405baf4c1e2c5c1811e072b558253974a9f9508f4678900c97c2a?s=96&d=mm&r=g\",\"contentUrl\":\"https:\/\/secure.gravatar.com\/avatar\/a6fbe9bff57405baf4c1e2c5c1811e072b558253974a9f9508f4678900c97c2a?s=96&d=mm&r=g\",\"caption\":\"Bianca\"},\"url\":\"https:\/\/www.institutodeengenharia.org.br\/site\/author\/comunicacao1\/\"}]}<\/script>\n<!-- \/ Yoast SEO plugin. -->","yoast_head_json":{"title":"Inova\u00e7\u00e3o e expans\u00e3o da rede de transportes p\u00fablicos da STM - Instituto de Engenharia","robots":{"index":"index","follow":"follow","max-snippet":"max-snippet:-1","max-image-preview":"max-image-preview:large","max-video-preview":"max-video-preview:-1"},"canonical":"https:\/\/www.institutodeengenharia.org.br\/site\/2023\/12\/06\/inovacao-e-expansao-da-rede-de-transportes-publicos-da-stm\/","og_locale":"pt_BR","og_type":"article","og_title":"Inova\u00e7\u00e3o e expans\u00e3o da rede de transportes p\u00fablicos da STM - Instituto de Engenharia","og_description":"Assista abaixo \u00e0 grava\u00e7\u00e3o do evento: &nbsp; + Informa\u00e7\u00f5es:\u00a0 O Instituto de Engenharia tem o prop\u00f3sito de apresentar \u00e0 popula\u00e7\u00e3o o est\u00e1gio atual da execu\u00e7\u00e3o de empreendimentos, as inova\u00e7\u00f5es e a programa\u00e7\u00e3o da expans\u00e3o, da rede de transporte no Estado de S\u00e3o Paulo. O evento ser\u00e1 realizado por meio de palestras e esclarecimentos \u00e0s perguntas [&hellip;]","og_url":"https:\/\/www.institutodeengenharia.org.br\/site\/2023\/12\/06\/inovacao-e-expansao-da-rede-de-transportes-publicos-da-stm\/","og_site_name":"Instituto de Engenharia","article_publisher":"https:\/\/www.facebook.com\/institutodeengenharia","article_published_time":"2023-12-06T18:17:43+00:00","og_image":[{"width":936,"height":527,"url":"https:\/\/www.institutodeengenharia.org.br\/site\/wp-content\/uploads\/2023\/11\/Foto-Marcopolo-AeroGruDivulgacao-1.jpg","type":"image\/jpeg"}],"author":"Bianca","twitter_card":"summary_large_image","twitter_creator":"@iengenharia","twitter_site":"@iengenharia","twitter_misc":{"Escrito por":"Bianca","Est. tempo de leitura":"4 minutos"},"schema":{"@context":"https:\/\/schema.org","@graph":[{"@type":"Article","@id":"https:\/\/www.institutodeengenharia.org.br\/site\/2023\/12\/06\/inovacao-e-expansao-da-rede-de-transportes-publicos-da-stm\/#article","isPartOf":{"@id":"https:\/\/www.institutodeengenharia.org.br\/site\/2023\/12\/06\/inovacao-e-expansao-da-rede-de-transportes-publicos-da-stm\/"},"author":{"name":"Bianca","@id":"https:\/\/www.institutodeengenharia.org.br\/site\/#\/schema\/person\/aeb64951c405e100d26d30b033dd423f"},"headline":"Inova\u00e7\u00e3o e expans\u00e3o da rede de transportes p\u00fablicos da STM","datePublished":"2023-12-06T18:17:43+00:00","mainEntityOfPage":{"@id":"https:\/\/www.institutodeengenharia.org.br\/site\/2023\/12\/06\/inovacao-e-expansao-da-rede-de-transportes-publicos-da-stm\/"},"wordCount":614,"commentCount":0,"publisher":{"@id":"https:\/\/www.institutodeengenharia.org.br\/site\/#organization"},"image":{"@id":"https:\/\/www.institutodeengenharia.org.br\/site\/2023\/12\/06\/inovacao-e-expansao-da-rede-de-transportes-publicos-da-stm\/#primaryimage"},"thumbnailUrl":"https:\/\/www.institutodeengenharia.org.br\/site\/wp-content\/uploads\/2023\/11\/Foto-Marcopolo-AeroGruDivulgacao-1.jpg","keywords":["video-home"],"articleSection":["Nova TV Engenharia","Palestra"],"inLanguage":"pt-BR","potentialAction":[{"@type":"CommentAction","name":"Comment","target":["https:\/\/www.institutodeengenharia.org.br\/site\/2023\/12\/06\/inovacao-e-expansao-da-rede-de-transportes-publicos-da-stm\/#respond"]}]},{"@type":"WebPage","@id":"https:\/\/www.institutodeengenharia.org.br\/site\/2023\/12\/06\/inovacao-e-expansao-da-rede-de-transportes-publicos-da-stm\/","url":"https:\/\/www.institutodeengenharia.org.br\/site\/2023\/12\/06\/inovacao-e-expansao-da-rede-de-transportes-publicos-da-stm\/","name":"Inova\u00e7\u00e3o e expans\u00e3o da rede de transportes p\u00fablicos da STM - Instituto de Engenharia","isPartOf":{"@id":"https:\/\/www.institutodeengenharia.org.br\/site\/#website"},"primaryImageOfPage":{"@id":"https:\/\/www.institutodeengenharia.org.br\/site\/2023\/12\/06\/inovacao-e-expansao-da-rede-de-transportes-publicos-da-stm\/#primaryimage"},"image":{"@id":"https:\/\/www.institutodeengenharia.org.br\/site\/2023\/12\/06\/inovacao-e-expansao-da-rede-de-transportes-publicos-da-stm\/#primaryimage"},"thumbnailUrl":"https:\/\/www.institutodeengenharia.org.br\/site\/wp-content\/uploads\/2023\/11\/Foto-Marcopolo-AeroGruDivulgacao-1.jpg","datePublished":"2023-12-06T18:17:43+00:00","breadcrumb":{"@id":"https:\/\/www.institutodeengenharia.org.br\/site\/2023\/12\/06\/inovacao-e-expansao-da-rede-de-transportes-publicos-da-stm\/#breadcrumb"},"inLanguage":"pt-BR","potentialAction":[{"@type":"ReadAction","target":["https:\/\/www.institutodeengenharia.org.br\/site\/2023\/12\/06\/inovacao-e-expansao-da-rede-de-transportes-publicos-da-stm\/"]}]},{"@type":"ImageObject","inLanguage":"pt-BR","@id":"https:\/\/www.institutodeengenharia.org.br\/site\/2023\/12\/06\/inovacao-e-expansao-da-rede-de-transportes-publicos-da-stm\/#primaryimage","url":"https:\/\/www.institutodeengenharia.org.br\/site\/wp-content\/uploads\/2023\/11\/Foto-Marcopolo-AeroGruDivulgacao-1.jpg","contentUrl":"https:\/\/www.institutodeengenharia.org.br\/site\/wp-content\/uploads\/2023\/11\/Foto-Marcopolo-AeroGruDivulgacao-1.jpg","width":936,"height":527},{"@type":"BreadcrumbList","@id":"https:\/\/www.institutodeengenharia.org.br\/site\/2023\/12\/06\/inovacao-e-expansao-da-rede-de-transportes-publicos-da-stm\/#breadcrumb","itemListElement":[{"@type":"ListItem","position":1,"name":"In\u00edcio","item":"https:\/\/www.institutodeengenharia.org.br\/site\/"},{"@type":"ListItem","position":2,"name":"Inova\u00e7\u00e3o e expans\u00e3o da rede de transportes p\u00fablicos da STM"}]},{"@type":"WebSite","@id":"https:\/\/www.institutodeengenharia.org.br\/site\/#website","url":"https:\/\/www.institutodeengenharia.org.br\/site\/","name":"Instituto de Engenharia","description":"O Instituto de Engenharia promove a Engenharia em benef\u00edcio do desenvolvimento e da qualidade de vida da sociedade.","publisher":{"@id":"https:\/\/www.institutodeengenharia.org.br\/site\/#organization"},"potentialAction":[{"@type":"SearchAction","target":{"@type":"EntryPoint","urlTemplate":"https:\/\/www.institutodeengenharia.org.br\/site\/?s={search_term_string}"},"query-input":{"@type":"PropertyValueSpecification","valueRequired":true,"valueName":"search_term_string"}}],"inLanguage":"pt-BR"},{"@type":"Organization","@id":"https:\/\/www.institutodeengenharia.org.br\/site\/#organization","name":"Instituto de Engenharia","url":"https:\/\/www.institutodeengenharia.org.br\/site\/","logo":{"@type":"ImageObject","inLanguage":"pt-BR","@id":"https:\/\/www.institutodeengenharia.org.br\/site\/#\/schema\/logo\/image\/","url":"https:\/\/www.institutodeengenharia.org.br\/site\/wp-content\/uploads\/2019\/03\/logo-novo-IE2018-1.jpg","contentUrl":"https:\/\/www.institutodeengenharia.org.br\/site\/wp-content\/uploads\/2019\/03\/logo-novo-IE2018-1.jpg","width":1486,"height":1879,"caption":"Instituto de Engenharia"},"image":{"@id":"https:\/\/www.institutodeengenharia.org.br\/site\/#\/schema\/logo\/image\/"},"sameAs":["https:\/\/www.facebook.com\/institutodeengenharia","https:\/\/x.com\/iengenharia","https:\/\/www.instagram.com\/institutodeengenharia\/","https:\/\/www.linkedin.com\/company\/instituto-de-engenharia\/","https:\/\/www.youtube.com\/channel\/UCXiCAlsSMe977vamW915HxA"]},{"@type":"Person","@id":"https:\/\/www.institutodeengenharia.org.br\/site\/#\/schema\/person\/aeb64951c405e100d26d30b033dd423f","name":"Bianca","image":{"@type":"ImageObject","inLanguage":"pt-BR","@id":"https:\/\/secure.gravatar.com\/avatar\/a6fbe9bff57405baf4c1e2c5c1811e072b558253974a9f9508f4678900c97c2a?s=96&d=mm&r=g","url":"https:\/\/secure.gravatar.com\/avatar\/a6fbe9bff57405baf4c1e2c5c1811e072b558253974a9f9508f4678900c97c2a?s=96&d=mm&r=g","contentUrl":"https:\/\/secure.gravatar.com\/avatar\/a6fbe9bff57405baf4c1e2c5c1811e072b558253974a9f9508f4678900c97c2a?s=96&d=mm&r=g","caption":"Bianca"},"url":"https:\/\/www.institutodeengenharia.org.br\/site\/author\/comunicacao1\/"}]}},"_links":{"self":[{"href":"https:\/\/www.institutodeengenharia.org.br\/site\/wp-json\/wp\/v2\/posts\/115150","targetHints":{"allow":["GET"]}}],"collection":[{"href":"https:\/\/www.institutodeengenharia.org.br\/site\/wp-json\/wp\/v2\/posts"}],"about":[{"href":"https:\/\/www.institutodeengenharia.org.br\/site\/wp-json\/wp\/v2\/types\/post"}],"author":[{"embeddable":true,"href":"https:\/\/www.institutodeengenharia.org.br\/site\/wp-json\/wp\/v2\/users\/13"}],"replies":[{"embeddable":true,"href":"https:\/\/www.institutodeengenharia.org.br\/site\/wp-json\/wp\/v2\/comments?post=115150"}],"version-history":[{"count":1,"href":"https:\/\/www.institutodeengenharia.org.br\/site\/wp-json\/wp\/v2\/posts\/115150\/revisions"}],"predecessor-version":[{"id":115151,"href":"https:\/\/www.institutodeengenharia.org.br\/site\/wp-json\/wp\/v2\/posts\/115150\/revisions\/115151"}],"wp:featuredmedia":[{"embeddable":true,"href":"https:\/\/www.institutodeengenharia.org.br\/site\/wp-json\/wp\/v2\/media\/114958"}],"wp:attachment":[{"href":"https:\/\/www.institutodeengenharia.org.br\/site\/wp-json\/wp\/v2\/media?parent=115150"}],"wp:term":[{"taxonomy":"category","embeddable":true,"href":"https:\/\/www.institutodeengenharia.org.br\/site\/wp-json\/wp\/v2\/categories?post=115150"},{"taxonomy":"post_tag","embeddable":true,"href":"https:\/\/www.institutodeengenharia.org.br\/site\/wp-json\/wp\/v2\/tags?post=115150"}],"curies":[{"name":"wp","href":"https:\/\/api.w.org\/{rel}","templated":true}]}}