{"id":115116,"date":"2023-12-04T15:53:16","date_gmt":"2023-12-04T18:53:16","guid":{"rendered":"https:\/\/www.institutodeengenharia.org.br\/site\/?p=115116"},"modified":"2023-12-04T15:53:16","modified_gmt":"2023-12-04T18:53:16","slug":"facilities-a-engenharia-e-a-normalizacao-em-facility-management","status":"publish","type":"post","link":"https:\/\/www.institutodeengenharia.org.br\/site\/2023\/12\/04\/facilities-a-engenharia-e-a-normalizacao-em-facility-management\/","title":{"rendered":"Facilities, a engenharia e a normaliza\u00e7\u00e3o em Facility Management"},"content":{"rendered":"<p><strong>Assista abaixo \u00e0 grava\u00e7\u00e3o do evento:<\/strong><\/p>\n<div style=\"padding: 56.25% 0 0 0; position: relative;\"><iframe style=\"position: absolute; top: 0; left: 0; width: 100%; height: 100%;\" title=\"FACILITIES, A ENGENHARIA E A NORMALIZA\u00c7\u00c3O EM FACILITY MANAGEMENT\" src=\"https:\/\/player.vimeo.com\/video\/889540690?badge=0&amp;autopause=0&amp;quality_selector=1&amp;player_id=0&amp;app_id=58479\" frameborder=\"0\"><\/iframe><\/div>\n<p><script src=\"https:\/\/player.vimeo.com\/api\/player.js\"><\/script> <strong>+ Informa\u00e7\u00f5es:<\/strong><\/p>\n<p>O crescimento da atividade de Facility Management no Brasil e no mundo torna necess\u00e1rio a integra\u00e7\u00e3o dos intervenientes de forma a produzir melhorias na opera\u00e7\u00e3o das facilidades constru\u00eddas.<\/p>\n<p>A participa\u00e7\u00e3o, coordena\u00e7\u00e3o e integra\u00e7\u00e3o dos envolvidos \u00e9 essencial para o aprimoramento dos relacionamentos interempresariais de tomadores e prestadores de servi\u00e7os e gerenciadores.<\/p>\n<p>A normaliza\u00e7\u00e3o em Facility Management ISO\/ABNT representa um importante papel na melhoria da qualidade dos servi\u00e7os prestados de maneira consistente e cont\u00ednua.<\/p>\n<p>Neste evento, pretende-se discutir mecanismos de melhoria bem como avaliar propostas, dos palestrantes e do p\u00fablico presente, com a finalidade de melhoria da organiza\u00e7\u00e3o do setor com vistas a agregar valor nas opera\u00e7\u00f5es de facilidades constru\u00eddas efici\u00eancia e efetividade.<\/p>\n<p><strong>P\u00fablico-alvo:<\/strong><\/p>\n<p>Engenheiros civis, engenheiros de manuten\u00e7\u00e3o, respons\u00e1veis pela opera\u00e7\u00e3o de portf\u00f3lios e sites de shoppings centers, hospitais, escolas, comerciais, prestadores de servi\u00e7os prediais, associa\u00e7\u00f5es com interesse em Facility Management, empresas de engenharia e etc.<\/p>\n<p><strong>Programa\u00e7\u00e3o:<\/strong><\/p>\n<p><strong>Parte A<\/strong><\/p>\n<p>19h \u00e0s 19h10 \u2013 Abertura<\/p>\n<p>19h10h \u00e0s 19h45 \u2013 Palestra: A normaliza\u00e7\u00e3o em FM<\/p>\n<ul>\n<li>Prof. Dr. Moacyr E. A. da Gra\u00e7a \u2013 Coordenador da ABNT CEE-267 Facility Management<\/li>\n<\/ul>\n<p>19h45 \u00e0s 20h \u2013 Esclarecimentos ao p\u00fablico<\/p>\n<p><strong>Intervalo<\/strong><\/p>\n<p>20h \u00e0s 20h30 \u2013 Caf\u00e9<\/p>\n<ul>\n<li><strong>Parte B<\/strong><\/li>\n<li>20h30 \u00e0s 21h30 \u2013 Workshop \/ Posicionamento de partes interessadas<\/li>\n<li><strong>Irimar E. B. Palombo<\/strong>Presidente da Associa\u00e7\u00e3o Brasileira de Property, Workplace e Facility Management \u2013 ABRAFAC<strong>Ana Claudia Morissy Machado<\/strong>Facilities Manager da Shell Brasil<strong>Ricardo Nogueira<\/strong><br \/>\n<span class=\"ui-provider ee bbe bbf bbg bbh bbi bbj bbk bbl bbm bbn bbo bbp bbq bbr bbs bbt bbu bbv bbw bbx bby bbz bca bcb bcc bcd bce bcf bcg bch bci bcj bck bcl\" dir=\"ltr\">Presidente da Funda\u00e7\u00e3o Uniabralimp<\/span><\/p>\n<p><strong>Satoshi F. Yadoya<\/strong><\/p>\n<p>Diretor Executivo da Plataforma Facilities na Sodexo<\/p>\n<p><strong>Edmar Cioletti<\/strong><\/p>\n<p>Superintendente de Premises e Facilities do Banco Santander<\/p>\n<p><strong>Clarice R. M. Degani<\/strong><\/p>\n<p>Diretora Executiva do Conselho Brasileiro de Constru\u00e7\u00e3o Sustent\u00e1vel \u2013 <span class=\"ui-provider ee ban bao bap baq bar bas bat bau bav baw bax bay baz bba bbb bbc bbd bbe bbf bbg bbh bbi bbj bbk bbl bbm bbn bbo bbp bbq bbr bbs bbt bbu\" dir=\"ltr\">CBCS<\/span><\/li>\n<\/ul>\n<p>21h30 \u00e0s 22h \u2013 Debates, propostas, conclus\u00f5es e recomenda\u00e7\u00f5es<\/p>\n<p>22h \u00e0s 22h10 \u2013 Encerramento<\/p>\n<p><strong>Realiza\u00e7\u00e3o:<\/strong><\/p>\n<p><img loading=\"lazy\" decoding=\"async\" class=\"alignnone wp-image-81229 alignleft\" src=\"https:\/\/www.institutodeengenharia.org.br\/site\/wp-content\/uploads\/2021\/05\/ie-logo-escudo.jpeg\" alt=\"\" width=\"94\" height=\"119\" srcset=\"https:\/\/www.institutodeengenharia.org.br\/site\/wp-content\/uploads\/2021\/05\/ie-logo-escudo.jpeg 1012w, https:\/\/www.institutodeengenharia.org.br\/site\/wp-content\/uploads\/2021\/05\/ie-logo-escudo-237x300.jpeg 237w, https:\/\/www.institutodeengenharia.org.br\/site\/wp-content\/uploads\/2021\/05\/ie-logo-escudo-810x1024.jpeg 810w, https:\/\/www.institutodeengenharia.org.br\/site\/wp-content\/uploads\/2021\/05\/ie-logo-escudo-768x971.jpeg 768w, https:\/\/www.institutodeengenharia.org.br\/site\/wp-content\/uploads\/2021\/05\/ie-logo-escudo-696x880.jpeg 696w, https:\/\/www.institutodeengenharia.org.br\/site\/wp-content\/uploads\/2021\/05\/ie-logo-escudo-332x420.jpeg 332w, https:\/\/www.institutodeengenharia.org.br\/site\/wp-content\/uploads\/2021\/05\/ie-logo-escudo-600x759.jpeg 600w\" sizes=\"auto, (max-width: 94px) 100vw, 94px\" \/><\/p>\n<p><strong>Eng. Ivan Metran Whately<\/strong> \u2013 Vice-Presidente de Atividades T\u00e9cnicas<\/p>\n<p><strong>Eng.\u00aa D\u00e9bora Sanches de A. Marinello<\/strong> \u2013 Diretora do Departamento de Desenvolvimento de Gest\u00e3o e Objetivos<\/p>\n<p><strong>Eng. Francisco Jos\u00e9 Pereira de Oliveira<\/strong> \u2013 Diretor do Departamento de Desenvolvimento de Projeto e Servi\u00e7os de Infraestrutura<\/p>\n<p><strong>Eng. Ricardo Henrique de Araujo Imamura<\/strong> \u2013 Coordenador da Divis\u00e3o T\u00e9cnica de Avalia\u00e7\u00f5es e Per\u00edcias<\/p>\n<p><strong>Eng. S\u00e9rgio Luiz Azevedo Resende<\/strong> \u2013 Coordenador da Divis\u00e3o T\u00e9cnica de Gerenciamento de Empreendimentos<\/p>\n<p><strong>Eng.\u00aa Stella Marys Della Flora<\/strong> \u2013 Coordenadora da Divis\u00e3o T\u00e9cnica de Engenharia Diagn\u00f3stica<\/p>\n<p><strong>Eng. Paulo E. Q. M. Barreto<\/strong> \u2013 Coordenador da Divis\u00e3o T\u00e9cnica de Sistemas<\/p>\n<p><strong>Patroc\u00ednio Prata:<\/strong><\/p>\n<p>&nbsp;<\/p>\n<p><img loading=\"lazy\" decoding=\"async\" class=\" wp-image-114699\" src=\"https:\/\/www.institutodeengenharia.org.br\/site\/wp-content\/uploads\/2023\/10\/Marca-FDTE_direita-1024x226.jpg\" alt=\"\" width=\"348\" height=\"77\" srcset=\"https:\/\/www.institutodeengenharia.org.br\/site\/wp-content\/uploads\/2023\/10\/Marca-FDTE_direita-1024x226.jpg 1024w, https:\/\/www.institutodeengenharia.org.br\/site\/wp-content\/uploads\/2023\/10\/Marca-FDTE_direita-300x66.jpg 300w, https:\/\/www.institutodeengenharia.org.br\/site\/wp-content\/uploads\/2023\/10\/Marca-FDTE_direita-768x169.jpg 768w, https:\/\/www.institutodeengenharia.org.br\/site\/wp-content\/uploads\/2023\/10\/Marca-FDTE_direita-1536x339.jpg 1536w, https:\/\/www.institutodeengenharia.org.br\/site\/wp-content\/uploads\/2023\/10\/Marca-FDTE_direita-2048x451.jpg 2048w, https:\/\/www.institutodeengenharia.org.br\/site\/wp-content\/uploads\/2023\/10\/Marca-FDTE_direita-696x153.jpg 696w, https:\/\/www.institutodeengenharia.org.br\/site\/wp-content\/uploads\/2023\/10\/Marca-FDTE_direita-1068x235.jpg 1068w, https:\/\/www.institutodeengenharia.org.br\/site\/wp-content\/uploads\/2023\/10\/Marca-FDTE_direita-1920x423.jpg 1920w, https:\/\/www.institutodeengenharia.org.br\/site\/wp-content\/uploads\/2023\/10\/Marca-FDTE_direita-1906x420.jpg 1906w, https:\/\/www.institutodeengenharia.org.br\/site\/wp-content\/uploads\/2023\/10\/Marca-FDTE_direita-600x132.jpg 600w\" sizes=\"auto, (max-width: 348px) 100vw, 348px\" \/><\/p>\n<p><img loading=\"lazy\" decoding=\"async\" class=\"alignnone wp-image-115058\" src=\"https:\/\/www.institutodeengenharia.org.br\/site\/wp-content\/uploads\/2023\/10\/MicrosoftTeams-image-372-1024x437.png\" alt=\"\" width=\"197\" height=\"84\" srcset=\"https:\/\/www.institutodeengenharia.org.br\/site\/wp-content\/uploads\/2023\/10\/MicrosoftTeams-image-372-1024x437.png 1024w, https:\/\/www.institutodeengenharia.org.br\/site\/wp-content\/uploads\/2023\/10\/MicrosoftTeams-image-372-300x128.png 300w, https:\/\/www.institutodeengenharia.org.br\/site\/wp-content\/uploads\/2023\/10\/MicrosoftTeams-image-372-768x328.png 768w, https:\/\/www.institutodeengenharia.org.br\/site\/wp-content\/uploads\/2023\/10\/MicrosoftTeams-image-372-696x297.png 696w, https:\/\/www.institutodeengenharia.org.br\/site\/wp-content\/uploads\/2023\/10\/MicrosoftTeams-image-372-1068x456.png 1068w, https:\/\/www.institutodeengenharia.org.br\/site\/wp-content\/uploads\/2023\/10\/MicrosoftTeams-image-372-983x420.png 983w, https:\/\/www.institutodeengenharia.org.br\/site\/wp-content\/uploads\/2023\/10\/MicrosoftTeams-image-372-600x256.png 600w, https:\/\/www.institutodeengenharia.org.br\/site\/wp-content\/uploads\/2023\/10\/MicrosoftTeams-image-372.png 1449w\" sizes=\"auto, (max-width: 197px) 100vw, 197px\" \/><\/p>\n<p>&nbsp;<\/p>\n<p><strong>Patroc\u00ednio Bronze:<\/strong><\/p>\n<p><img loading=\"lazy\" decoding=\"async\" class=\"alignnone wp-image-114698\" src=\"https:\/\/www.institutodeengenharia.org.br\/site\/wp-content\/uploads\/2023\/10\/MicrosoftTeams-image-364-1024x739.png\" alt=\"\" width=\"163\" height=\"117\" srcset=\"https:\/\/www.institutodeengenharia.org.br\/site\/wp-content\/uploads\/2023\/10\/MicrosoftTeams-image-364-1024x739.png 1024w, https:\/\/www.institutodeengenharia.org.br\/site\/wp-content\/uploads\/2023\/10\/MicrosoftTeams-image-364-300x217.png 300w, https:\/\/www.institutodeengenharia.org.br\/site\/wp-content\/uploads\/2023\/10\/MicrosoftTeams-image-364-768x554.png 768w, https:\/\/www.institutodeengenharia.org.br\/site\/wp-content\/uploads\/2023\/10\/MicrosoftTeams-image-364-1536x1109.png 1536w, https:\/\/www.institutodeengenharia.org.br\/site\/wp-content\/uploads\/2023\/10\/MicrosoftTeams-image-364-2048x1478.png 2048w, https:\/\/www.institutodeengenharia.org.br\/site\/wp-content\/uploads\/2023\/10\/MicrosoftTeams-image-364-696x502.png 696w, https:\/\/www.institutodeengenharia.org.br\/site\/wp-content\/uploads\/2023\/10\/MicrosoftTeams-image-364-1068x771.png 1068w, https:\/\/www.institutodeengenharia.org.br\/site\/wp-content\/uploads\/2023\/10\/MicrosoftTeams-image-364-1920x1386.png 1920w, https:\/\/www.institutodeengenharia.org.br\/site\/wp-content\/uploads\/2023\/10\/MicrosoftTeams-image-364-582x420.png 582w, https:\/\/www.institutodeengenharia.org.br\/site\/wp-content\/uploads\/2023\/10\/MicrosoftTeams-image-364-324x235.png 324w, https:\/\/www.institutodeengenharia.org.br\/site\/wp-content\/uploads\/2023\/10\/MicrosoftTeams-image-364-600x433.png 600w\" sizes=\"auto, (max-width: 163px) 100vw, 163px\" \/> <img loading=\"lazy\" decoding=\"async\" class=\"alignnone wp-image-114837\" src=\"https:\/\/www.institutodeengenharia.org.br\/site\/wp-content\/uploads\/2023\/10\/PHOTO-2023-11-21-14-14-42.jpg\" alt=\"\" width=\"214\" height=\"64\" srcset=\"https:\/\/www.institutodeengenharia.org.br\/site\/wp-content\/uploads\/2023\/10\/PHOTO-2023-11-21-14-14-42.jpg 1024w, https:\/\/www.institutodeengenharia.org.br\/site\/wp-content\/uploads\/2023\/10\/PHOTO-2023-11-21-14-14-42-300x89.jpg 300w, https:\/\/www.institutodeengenharia.org.br\/site\/wp-content\/uploads\/2023\/10\/PHOTO-2023-11-21-14-14-42-768x228.jpg 768w, https:\/\/www.institutodeengenharia.org.br\/site\/wp-content\/uploads\/2023\/10\/PHOTO-2023-11-21-14-14-42-696x207.jpg 696w, https:\/\/www.institutodeengenharia.org.br\/site\/wp-content\/uploads\/2023\/10\/PHOTO-2023-11-21-14-14-42-600x178.jpg 600w\" sizes=\"auto, (max-width: 214px) 100vw, 214px\" \/><\/p>\n<p>&nbsp;<\/p>\n<p><strong>Apoio Institucional:<\/strong><\/p>\n<p><img loading=\"lazy\" decoding=\"async\" class=\"alignnone wp-image-114580\" src=\"https:\/\/www.institutodeengenharia.org.br\/site\/wp-content\/uploads\/2023\/10\/apoiossda.png\" alt=\"\" width=\"414\" height=\"101\" srcset=\"https:\/\/www.institutodeengenharia.org.br\/site\/wp-content\/uploads\/2023\/10\/apoiossda.png 805w, https:\/\/www.institutodeengenharia.org.br\/site\/wp-content\/uploads\/2023\/10\/apoiossda-300x73.png 300w, https:\/\/www.institutodeengenharia.org.br\/site\/wp-content\/uploads\/2023\/10\/apoiossda-768x188.png 768w, https:\/\/www.institutodeengenharia.org.br\/site\/wp-content\/uploads\/2023\/10\/apoiossda-696x170.png 696w, https:\/\/www.institutodeengenharia.org.br\/site\/wp-content\/uploads\/2023\/10\/apoiossda-600x147.png 600w\" sizes=\"auto, (max-width: 414px) 100vw, 414px\" \/><\/p>\n<p><strong>Apoio \u00e0 forma\u00e7\u00e3o:\u00a0<\/strong><\/p>\n<p>Espa\u00e7o aberto ao CREA-SP, objetivando o aperfei\u00e7oamento dos profissionais e o aprimoramento da fiscaliza\u00e7\u00e3o das \u00e1reas abrangidas pelo Sistema Confea\/CREAs, al\u00e9m de promover a conscientiza\u00e7\u00e3o da sociedade quanto \u00e0 necessidade e obrigatoriedade de contratar um profissional devidamente habilitado.<\/p>\n","protected":false},"excerpt":{"rendered":"<p>Assista abaixo \u00e0 grava\u00e7\u00e3o do evento: + Informa\u00e7\u00f5es: O crescimento da atividade de Facility Management no Brasil e no mundo torna necess\u00e1rio a integra\u00e7\u00e3o dos intervenientes de forma a produzir melhorias na opera\u00e7\u00e3o das facilidades constru\u00eddas. A participa\u00e7\u00e3o, coordena\u00e7\u00e3o e integra\u00e7\u00e3o dos envolvidos \u00e9 essencial para o aprimoramento dos relacionamentos interempresariais de tomadores e prestadores [&hellip;]<\/p>\n","protected":false},"author":13,"featured_media":113522,"comment_status":"open","ping_status":"open","sticky":false,"template":"","format":"video","meta":{"footnotes":""},"categories":[968,969],"tags":[1176],"class_list":{"0":"post-115116","1":"post","2":"type-post","3":"status-publish","4":"format-video","5":"has-post-thumbnail","7":"category-nova-tv-engenharia","8":"category-palestra","9":"tag-video-home","10":"post_format-post-format-video"},"yoast_head":"<!-- This site is optimized with the Yoast SEO plugin v27.2 - https:\/\/yoast.com\/product\/yoast-seo-wordpress\/ -->\n<title>Facilities, a engenharia e a normaliza\u00e7\u00e3o em Facility Management - Instituto de Engenharia<\/title>\n<meta name=\"robots\" content=\"index, follow, max-snippet:-1, max-image-preview:large, max-video-preview:-1\" \/>\n<link rel=\"canonical\" href=\"https:\/\/www.institutodeengenharia.org.br\/site\/2023\/12\/04\/facilities-a-engenharia-e-a-normalizacao-em-facility-management\/\" \/>\n<meta property=\"og:locale\" content=\"pt_BR\" \/>\n<meta property=\"og:type\" content=\"article\" \/>\n<meta property=\"og:title\" content=\"Facilities, a engenharia e a normaliza\u00e7\u00e3o em Facility Management - Instituto de Engenharia\" \/>\n<meta property=\"og:description\" content=\"Assista abaixo \u00e0 grava\u00e7\u00e3o do evento: + Informa\u00e7\u00f5es: O crescimento da atividade de Facility Management no Brasil e no mundo torna necess\u00e1rio a integra\u00e7\u00e3o dos intervenientes de forma a produzir melhorias na opera\u00e7\u00e3o das facilidades constru\u00eddas. A participa\u00e7\u00e3o, coordena\u00e7\u00e3o e integra\u00e7\u00e3o dos envolvidos \u00e9 essencial para o aprimoramento dos relacionamentos interempresariais de tomadores e prestadores [&hellip;]\" \/>\n<meta property=\"og:url\" content=\"https:\/\/www.institutodeengenharia.org.br\/site\/2023\/12\/04\/facilities-a-engenharia-e-a-normalizacao-em-facility-management\/\" \/>\n<meta property=\"og:site_name\" content=\"Instituto de Engenharia\" \/>\n<meta property=\"article:publisher\" content=\"https:\/\/www.facebook.com\/institutodeengenharia\" \/>\n<meta property=\"article:published_time\" content=\"2023-12-04T18:53:16+00:00\" \/>\n<meta property=\"og:image\" content=\"https:\/\/www.institutodeengenharia.org.br\/site\/wp-content\/uploads\/2023\/10\/Design-sem-nome-2023-10-11T114804.916.jpg\" \/>\n\t<meta property=\"og:image:width\" content=\"1920\" \/>\n\t<meta property=\"og:image:height\" content=\"1080\" \/>\n\t<meta property=\"og:image:type\" content=\"image\/jpeg\" \/>\n<meta name=\"author\" content=\"Bianca\" \/>\n<meta name=\"twitter:card\" content=\"summary_large_image\" \/>\n<meta name=\"twitter:creator\" content=\"@iengenharia\" \/>\n<meta name=\"twitter:site\" content=\"@iengenharia\" \/>\n<meta name=\"twitter:label1\" content=\"Escrito por\" \/>\n\t<meta name=\"twitter:data1\" content=\"Bianca\" \/>\n\t<meta name=\"twitter:label2\" content=\"Est. tempo de leitura\" \/>\n\t<meta name=\"twitter:data2\" content=\"4 minutos\" \/>\n<script type=\"application\/ld+json\" class=\"yoast-schema-graph\">{\"@context\":\"https:\/\/schema.org\",\"@graph\":[{\"@type\":\"Article\",\"@id\":\"https:\/\/www.institutodeengenharia.org.br\/site\/2023\/12\/04\/facilities-a-engenharia-e-a-normalizacao-em-facility-management\/#article\",\"isPartOf\":{\"@id\":\"https:\/\/www.institutodeengenharia.org.br\/site\/2023\/12\/04\/facilities-a-engenharia-e-a-normalizacao-em-facility-management\/\"},\"author\":{\"name\":\"Bianca\",\"@id\":\"https:\/\/www.institutodeengenharia.org.br\/site\/#\/schema\/person\/aeb64951c405e100d26d30b033dd423f\"},\"headline\":\"Facilities, a engenharia e a normaliza\u00e7\u00e3o em Facility Management\",\"datePublished\":\"2023-12-04T18:53:16+00:00\",\"mainEntityOfPage\":{\"@id\":\"https:\/\/www.institutodeengenharia.org.br\/site\/2023\/12\/04\/facilities-a-engenharia-e-a-normalizacao-em-facility-management\/\"},\"wordCount\":484,\"commentCount\":0,\"publisher\":{\"@id\":\"https:\/\/www.institutodeengenharia.org.br\/site\/#organization\"},\"image\":{\"@id\":\"https:\/\/www.institutodeengenharia.org.br\/site\/2023\/12\/04\/facilities-a-engenharia-e-a-normalizacao-em-facility-management\/#primaryimage\"},\"thumbnailUrl\":\"https:\/\/www.institutodeengenharia.org.br\/site\/wp-content\/uploads\/2023\/10\/Design-sem-nome-2023-10-11T114804.916.jpg\",\"keywords\":[\"video-home\"],\"articleSection\":[\"Nova TV Engenharia\",\"Palestra\"],\"inLanguage\":\"pt-BR\",\"potentialAction\":[{\"@type\":\"CommentAction\",\"name\":\"Comment\",\"target\":[\"https:\/\/www.institutodeengenharia.org.br\/site\/2023\/12\/04\/facilities-a-engenharia-e-a-normalizacao-em-facility-management\/#respond\"]}]},{\"@type\":\"WebPage\",\"@id\":\"https:\/\/www.institutodeengenharia.org.br\/site\/2023\/12\/04\/facilities-a-engenharia-e-a-normalizacao-em-facility-management\/\",\"url\":\"https:\/\/www.institutodeengenharia.org.br\/site\/2023\/12\/04\/facilities-a-engenharia-e-a-normalizacao-em-facility-management\/\",\"name\":\"Facilities, a engenharia e a normaliza\u00e7\u00e3o em Facility Management - Instituto de Engenharia\",\"isPartOf\":{\"@id\":\"https:\/\/www.institutodeengenharia.org.br\/site\/#website\"},\"primaryImageOfPage\":{\"@id\":\"https:\/\/www.institutodeengenharia.org.br\/site\/2023\/12\/04\/facilities-a-engenharia-e-a-normalizacao-em-facility-management\/#primaryimage\"},\"image\":{\"@id\":\"https:\/\/www.institutodeengenharia.org.br\/site\/2023\/12\/04\/facilities-a-engenharia-e-a-normalizacao-em-facility-management\/#primaryimage\"},\"thumbnailUrl\":\"https:\/\/www.institutodeengenharia.org.br\/site\/wp-content\/uploads\/2023\/10\/Design-sem-nome-2023-10-11T114804.916.jpg\",\"datePublished\":\"2023-12-04T18:53:16+00:00\",\"breadcrumb\":{\"@id\":\"https:\/\/www.institutodeengenharia.org.br\/site\/2023\/12\/04\/facilities-a-engenharia-e-a-normalizacao-em-facility-management\/#breadcrumb\"},\"inLanguage\":\"pt-BR\",\"potentialAction\":[{\"@type\":\"ReadAction\",\"target\":[\"https:\/\/www.institutodeengenharia.org.br\/site\/2023\/12\/04\/facilities-a-engenharia-e-a-normalizacao-em-facility-management\/\"]}]},{\"@type\":\"ImageObject\",\"inLanguage\":\"pt-BR\",\"@id\":\"https:\/\/www.institutodeengenharia.org.br\/site\/2023\/12\/04\/facilities-a-engenharia-e-a-normalizacao-em-facility-management\/#primaryimage\",\"url\":\"https:\/\/www.institutodeengenharia.org.br\/site\/wp-content\/uploads\/2023\/10\/Design-sem-nome-2023-10-11T114804.916.jpg\",\"contentUrl\":\"https:\/\/www.institutodeengenharia.org.br\/site\/wp-content\/uploads\/2023\/10\/Design-sem-nome-2023-10-11T114804.916.jpg\",\"width\":1920,\"height\":1080},{\"@type\":\"BreadcrumbList\",\"@id\":\"https:\/\/www.institutodeengenharia.org.br\/site\/2023\/12\/04\/facilities-a-engenharia-e-a-normalizacao-em-facility-management\/#breadcrumb\",\"itemListElement\":[{\"@type\":\"ListItem\",\"position\":1,\"name\":\"In\u00edcio\",\"item\":\"https:\/\/www.institutodeengenharia.org.br\/site\/\"},{\"@type\":\"ListItem\",\"position\":2,\"name\":\"Facilities, a engenharia e a normaliza\u00e7\u00e3o em Facility Management\"}]},{\"@type\":\"WebSite\",\"@id\":\"https:\/\/www.institutodeengenharia.org.br\/site\/#website\",\"url\":\"https:\/\/www.institutodeengenharia.org.br\/site\/\",\"name\":\"Instituto de Engenharia\",\"description\":\"O Instituto de Engenharia promove a Engenharia em benef\u00edcio do desenvolvimento e da qualidade de vida da sociedade.\",\"publisher\":{\"@id\":\"https:\/\/www.institutodeengenharia.org.br\/site\/#organization\"},\"potentialAction\":[{\"@type\":\"SearchAction\",\"target\":{\"@type\":\"EntryPoint\",\"urlTemplate\":\"https:\/\/www.institutodeengenharia.org.br\/site\/?s={search_term_string}\"},\"query-input\":{\"@type\":\"PropertyValueSpecification\",\"valueRequired\":true,\"valueName\":\"search_term_string\"}}],\"inLanguage\":\"pt-BR\"},{\"@type\":\"Organization\",\"@id\":\"https:\/\/www.institutodeengenharia.org.br\/site\/#organization\",\"name\":\"Instituto de Engenharia\",\"url\":\"https:\/\/www.institutodeengenharia.org.br\/site\/\",\"logo\":{\"@type\":\"ImageObject\",\"inLanguage\":\"pt-BR\",\"@id\":\"https:\/\/www.institutodeengenharia.org.br\/site\/#\/schema\/logo\/image\/\",\"url\":\"https:\/\/www.institutodeengenharia.org.br\/site\/wp-content\/uploads\/2019\/03\/logo-novo-IE2018-1.jpg\",\"contentUrl\":\"https:\/\/www.institutodeengenharia.org.br\/site\/wp-content\/uploads\/2019\/03\/logo-novo-IE2018-1.jpg\",\"width\":1486,\"height\":1879,\"caption\":\"Instituto de Engenharia\"},\"image\":{\"@id\":\"https:\/\/www.institutodeengenharia.org.br\/site\/#\/schema\/logo\/image\/\"},\"sameAs\":[\"https:\/\/www.facebook.com\/institutodeengenharia\",\"https:\/\/x.com\/iengenharia\",\"https:\/\/www.instagram.com\/institutodeengenharia\/\",\"https:\/\/www.linkedin.com\/company\/instituto-de-engenharia\/\",\"https:\/\/www.youtube.com\/channel\/UCXiCAlsSMe977vamW915HxA\"]},{\"@type\":\"Person\",\"@id\":\"https:\/\/www.institutodeengenharia.org.br\/site\/#\/schema\/person\/aeb64951c405e100d26d30b033dd423f\",\"name\":\"Bianca\",\"image\":{\"@type\":\"ImageObject\",\"inLanguage\":\"pt-BR\",\"@id\":\"https:\/\/secure.gravatar.com\/avatar\/a6fbe9bff57405baf4c1e2c5c1811e072b558253974a9f9508f4678900c97c2a?s=96&d=mm&r=g\",\"url\":\"https:\/\/secure.gravatar.com\/avatar\/a6fbe9bff57405baf4c1e2c5c1811e072b558253974a9f9508f4678900c97c2a?s=96&d=mm&r=g\",\"contentUrl\":\"https:\/\/secure.gravatar.com\/avatar\/a6fbe9bff57405baf4c1e2c5c1811e072b558253974a9f9508f4678900c97c2a?s=96&d=mm&r=g\",\"caption\":\"Bianca\"},\"url\":\"https:\/\/www.institutodeengenharia.org.br\/site\/author\/comunicacao1\/\"}]}<\/script>\n<!-- \/ Yoast SEO plugin. -->","yoast_head_json":{"title":"Facilities, a engenharia e a normaliza\u00e7\u00e3o em Facility Management - Instituto de Engenharia","robots":{"index":"index","follow":"follow","max-snippet":"max-snippet:-1","max-image-preview":"max-image-preview:large","max-video-preview":"max-video-preview:-1"},"canonical":"https:\/\/www.institutodeengenharia.org.br\/site\/2023\/12\/04\/facilities-a-engenharia-e-a-normalizacao-em-facility-management\/","og_locale":"pt_BR","og_type":"article","og_title":"Facilities, a engenharia e a normaliza\u00e7\u00e3o em Facility Management - Instituto de Engenharia","og_description":"Assista abaixo \u00e0 grava\u00e7\u00e3o do evento: + Informa\u00e7\u00f5es: O crescimento da atividade de Facility Management no Brasil e no mundo torna necess\u00e1rio a integra\u00e7\u00e3o dos intervenientes de forma a produzir melhorias na opera\u00e7\u00e3o das facilidades constru\u00eddas. A participa\u00e7\u00e3o, coordena\u00e7\u00e3o e integra\u00e7\u00e3o dos envolvidos \u00e9 essencial para o aprimoramento dos relacionamentos interempresariais de tomadores e prestadores [&hellip;]","og_url":"https:\/\/www.institutodeengenharia.org.br\/site\/2023\/12\/04\/facilities-a-engenharia-e-a-normalizacao-em-facility-management\/","og_site_name":"Instituto de Engenharia","article_publisher":"https:\/\/www.facebook.com\/institutodeengenharia","article_published_time":"2023-12-04T18:53:16+00:00","og_image":[{"width":1920,"height":1080,"url":"https:\/\/www.institutodeengenharia.org.br\/site\/wp-content\/uploads\/2023\/10\/Design-sem-nome-2023-10-11T114804.916.jpg","type":"image\/jpeg"}],"author":"Bianca","twitter_card":"summary_large_image","twitter_creator":"@iengenharia","twitter_site":"@iengenharia","twitter_misc":{"Escrito por":"Bianca","Est. tempo de leitura":"4 minutos"},"schema":{"@context":"https:\/\/schema.org","@graph":[{"@type":"Article","@id":"https:\/\/www.institutodeengenharia.org.br\/site\/2023\/12\/04\/facilities-a-engenharia-e-a-normalizacao-em-facility-management\/#article","isPartOf":{"@id":"https:\/\/www.institutodeengenharia.org.br\/site\/2023\/12\/04\/facilities-a-engenharia-e-a-normalizacao-em-facility-management\/"},"author":{"name":"Bianca","@id":"https:\/\/www.institutodeengenharia.org.br\/site\/#\/schema\/person\/aeb64951c405e100d26d30b033dd423f"},"headline":"Facilities, a engenharia e a normaliza\u00e7\u00e3o em Facility Management","datePublished":"2023-12-04T18:53:16+00:00","mainEntityOfPage":{"@id":"https:\/\/www.institutodeengenharia.org.br\/site\/2023\/12\/04\/facilities-a-engenharia-e-a-normalizacao-em-facility-management\/"},"wordCount":484,"commentCount":0,"publisher":{"@id":"https:\/\/www.institutodeengenharia.org.br\/site\/#organization"},"image":{"@id":"https:\/\/www.institutodeengenharia.org.br\/site\/2023\/12\/04\/facilities-a-engenharia-e-a-normalizacao-em-facility-management\/#primaryimage"},"thumbnailUrl":"https:\/\/www.institutodeengenharia.org.br\/site\/wp-content\/uploads\/2023\/10\/Design-sem-nome-2023-10-11T114804.916.jpg","keywords":["video-home"],"articleSection":["Nova TV Engenharia","Palestra"],"inLanguage":"pt-BR","potentialAction":[{"@type":"CommentAction","name":"Comment","target":["https:\/\/www.institutodeengenharia.org.br\/site\/2023\/12\/04\/facilities-a-engenharia-e-a-normalizacao-em-facility-management\/#respond"]}]},{"@type":"WebPage","@id":"https:\/\/www.institutodeengenharia.org.br\/site\/2023\/12\/04\/facilities-a-engenharia-e-a-normalizacao-em-facility-management\/","url":"https:\/\/www.institutodeengenharia.org.br\/site\/2023\/12\/04\/facilities-a-engenharia-e-a-normalizacao-em-facility-management\/","name":"Facilities, a engenharia e a normaliza\u00e7\u00e3o em Facility Management - Instituto de Engenharia","isPartOf":{"@id":"https:\/\/www.institutodeengenharia.org.br\/site\/#website"},"primaryImageOfPage":{"@id":"https:\/\/www.institutodeengenharia.org.br\/site\/2023\/12\/04\/facilities-a-engenharia-e-a-normalizacao-em-facility-management\/#primaryimage"},"image":{"@id":"https:\/\/www.institutodeengenharia.org.br\/site\/2023\/12\/04\/facilities-a-engenharia-e-a-normalizacao-em-facility-management\/#primaryimage"},"thumbnailUrl":"https:\/\/www.institutodeengenharia.org.br\/site\/wp-content\/uploads\/2023\/10\/Design-sem-nome-2023-10-11T114804.916.jpg","datePublished":"2023-12-04T18:53:16+00:00","breadcrumb":{"@id":"https:\/\/www.institutodeengenharia.org.br\/site\/2023\/12\/04\/facilities-a-engenharia-e-a-normalizacao-em-facility-management\/#breadcrumb"},"inLanguage":"pt-BR","potentialAction":[{"@type":"ReadAction","target":["https:\/\/www.institutodeengenharia.org.br\/site\/2023\/12\/04\/facilities-a-engenharia-e-a-normalizacao-em-facility-management\/"]}]},{"@type":"ImageObject","inLanguage":"pt-BR","@id":"https:\/\/www.institutodeengenharia.org.br\/site\/2023\/12\/04\/facilities-a-engenharia-e-a-normalizacao-em-facility-management\/#primaryimage","url":"https:\/\/www.institutodeengenharia.org.br\/site\/wp-content\/uploads\/2023\/10\/Design-sem-nome-2023-10-11T114804.916.jpg","contentUrl":"https:\/\/www.institutodeengenharia.org.br\/site\/wp-content\/uploads\/2023\/10\/Design-sem-nome-2023-10-11T114804.916.jpg","width":1920,"height":1080},{"@type":"BreadcrumbList","@id":"https:\/\/www.institutodeengenharia.org.br\/site\/2023\/12\/04\/facilities-a-engenharia-e-a-normalizacao-em-facility-management\/#breadcrumb","itemListElement":[{"@type":"ListItem","position":1,"name":"In\u00edcio","item":"https:\/\/www.institutodeengenharia.org.br\/site\/"},{"@type":"ListItem","position":2,"name":"Facilities, a engenharia e a normaliza\u00e7\u00e3o em Facility Management"}]},{"@type":"WebSite","@id":"https:\/\/www.institutodeengenharia.org.br\/site\/#website","url":"https:\/\/www.institutodeengenharia.org.br\/site\/","name":"Instituto de Engenharia","description":"O Instituto de Engenharia promove a Engenharia em benef\u00edcio do desenvolvimento e da qualidade de vida da sociedade.","publisher":{"@id":"https:\/\/www.institutodeengenharia.org.br\/site\/#organization"},"potentialAction":[{"@type":"SearchAction","target":{"@type":"EntryPoint","urlTemplate":"https:\/\/www.institutodeengenharia.org.br\/site\/?s={search_term_string}"},"query-input":{"@type":"PropertyValueSpecification","valueRequired":true,"valueName":"search_term_string"}}],"inLanguage":"pt-BR"},{"@type":"Organization","@id":"https:\/\/www.institutodeengenharia.org.br\/site\/#organization","name":"Instituto de Engenharia","url":"https:\/\/www.institutodeengenharia.org.br\/site\/","logo":{"@type":"ImageObject","inLanguage":"pt-BR","@id":"https:\/\/www.institutodeengenharia.org.br\/site\/#\/schema\/logo\/image\/","url":"https:\/\/www.institutodeengenharia.org.br\/site\/wp-content\/uploads\/2019\/03\/logo-novo-IE2018-1.jpg","contentUrl":"https:\/\/www.institutodeengenharia.org.br\/site\/wp-content\/uploads\/2019\/03\/logo-novo-IE2018-1.jpg","width":1486,"height":1879,"caption":"Instituto de Engenharia"},"image":{"@id":"https:\/\/www.institutodeengenharia.org.br\/site\/#\/schema\/logo\/image\/"},"sameAs":["https:\/\/www.facebook.com\/institutodeengenharia","https:\/\/x.com\/iengenharia","https:\/\/www.instagram.com\/institutodeengenharia\/","https:\/\/www.linkedin.com\/company\/instituto-de-engenharia\/","https:\/\/www.youtube.com\/channel\/UCXiCAlsSMe977vamW915HxA"]},{"@type":"Person","@id":"https:\/\/www.institutodeengenharia.org.br\/site\/#\/schema\/person\/aeb64951c405e100d26d30b033dd423f","name":"Bianca","image":{"@type":"ImageObject","inLanguage":"pt-BR","@id":"https:\/\/secure.gravatar.com\/avatar\/a6fbe9bff57405baf4c1e2c5c1811e072b558253974a9f9508f4678900c97c2a?s=96&d=mm&r=g","url":"https:\/\/secure.gravatar.com\/avatar\/a6fbe9bff57405baf4c1e2c5c1811e072b558253974a9f9508f4678900c97c2a?s=96&d=mm&r=g","contentUrl":"https:\/\/secure.gravatar.com\/avatar\/a6fbe9bff57405baf4c1e2c5c1811e072b558253974a9f9508f4678900c97c2a?s=96&d=mm&r=g","caption":"Bianca"},"url":"https:\/\/www.institutodeengenharia.org.br\/site\/author\/comunicacao1\/"}]}},"_links":{"self":[{"href":"https:\/\/www.institutodeengenharia.org.br\/site\/wp-json\/wp\/v2\/posts\/115116","targetHints":{"allow":["GET"]}}],"collection":[{"href":"https:\/\/www.institutodeengenharia.org.br\/site\/wp-json\/wp\/v2\/posts"}],"about":[{"href":"https:\/\/www.institutodeengenharia.org.br\/site\/wp-json\/wp\/v2\/types\/post"}],"author":[{"embeddable":true,"href":"https:\/\/www.institutodeengenharia.org.br\/site\/wp-json\/wp\/v2\/users\/13"}],"replies":[{"embeddable":true,"href":"https:\/\/www.institutodeengenharia.org.br\/site\/wp-json\/wp\/v2\/comments?post=115116"}],"version-history":[{"count":1,"href":"https:\/\/www.institutodeengenharia.org.br\/site\/wp-json\/wp\/v2\/posts\/115116\/revisions"}],"predecessor-version":[{"id":115117,"href":"https:\/\/www.institutodeengenharia.org.br\/site\/wp-json\/wp\/v2\/posts\/115116\/revisions\/115117"}],"wp:featuredmedia":[{"embeddable":true,"href":"https:\/\/www.institutodeengenharia.org.br\/site\/wp-json\/wp\/v2\/media\/113522"}],"wp:attachment":[{"href":"https:\/\/www.institutodeengenharia.org.br\/site\/wp-json\/wp\/v2\/media?parent=115116"}],"wp:term":[{"taxonomy":"category","embeddable":true,"href":"https:\/\/www.institutodeengenharia.org.br\/site\/wp-json\/wp\/v2\/categories?post=115116"},{"taxonomy":"post_tag","embeddable":true,"href":"https:\/\/www.institutodeengenharia.org.br\/site\/wp-json\/wp\/v2\/tags?post=115116"}],"curies":[{"name":"wp","href":"https:\/\/api.w.org\/{rel}","templated":true}]}}