{"id":114823,"date":"2023-11-21T10:20:30","date_gmt":"2023-11-21T13:20:30","guid":{"rendered":"https:\/\/www.institutodeengenharia.org.br\/site\/?p=114823"},"modified":"2025-05-16T14:42:43","modified_gmt":"2025-05-16T17:42:43","slug":"por-jose-eduardo-cavalcanti-problemas-sanitarios-no-interior-do-estado-de-sao-paulo-na-decada-de-1930","status":"publish","type":"post","link":"https:\/\/www.institutodeengenharia.org.br\/site\/2023\/11\/21\/por-jose-eduardo-cavalcanti-problemas-sanitarios-no-interior-do-estado-de-sao-paulo-na-decada-de-1930\/","title":{"rendered":"Por Jos\u00e9 Eduardo Cavalcanti \u2013 Problemas sanit\u00e1rios no interior do Estado de S\u00e3o Paulo na d\u00e9cada de 1930 (*)"},"content":{"rendered":"<p>Um dos mais importantes problemas pela sua fei\u00e7\u00e3o endemo-epid\u00eamica e social na d\u00e9cada de 30 do s\u00e9culo passado que afetava as popula\u00e7\u00f5es do interior era a a\u00e7\u00e3o devastadora que exerciam as tr\u00eas principais endemias: as verminoses, o impaludismo (mal\u00e1ria) e o trachoma.<\/p>\n<p>As verminoses aniquilavam o homem rural diminuindo sua capacidade produtiva preparando campo para irrup\u00e7\u00e3o de outras doen\u00e7as; o impaludismo instalava-se como endemia transformando suas v\u00edtimas em verdadeiros \u201czumbis\u201d; o trachoma levava quase sempre a defeitos permanentes de vis\u00e3o chegando a causar cegueira.<\/p>\n<p>Em S\u00e3o Paulo, excluindo o Vale do Para\u00edba, a mal\u00e1ria existia em toda parte ao longo dos grandes rios e seus afluentes, al\u00e9m de extensas faixas do litoral e muitas das que se expandiam para o planalto invadindo a zona urbana de muitos munic\u00edpios.<\/p>\n<p>Um inqu\u00e9rito feito \u00e0 \u00e9poca sobre a extens\u00e3o deste mal identificou a exist\u00eancia de mal\u00e1ria em 97 munic\u00edpios, dos quais 43 nas pr\u00f3prias zonas urbanas. A barragem das dunas na orla do litoral e os represamentos irregulares dos rios, bem como o afloramento das \u00e1guas do sub solo causavam a multiplica\u00e7\u00e3o dos mosquitos transmissores da febre.<\/p>\n<p>O \u00fanico medicamento defensivo e curativo dispon\u00edvel era a quinina respons\u00e1vel pela diminui\u00e7\u00e3o da mortalidade pela mal\u00e1ria. Embora o consumo deste rem\u00e9dio tivesse crescido desde 1903 chegando a 30.000kg em 1933 sua distribui\u00e7\u00e3o era irregular agravada pela paraliza\u00e7\u00e3o da fabrica\u00e7\u00e3o do cloridato de quinina entre n\u00f3s, ap\u00f3s a grande guerra obrigando o governo a importar a mat\u00e9ria prima.<\/p>\n<p>Outra doen\u00e7a que grassava no interior do estado era o amarel\u00e3o, que embora n\u00e3o fosse t\u00e3o dram\u00e1tica como a mal\u00e1ria, era insidioso, pertinaz e depauperante nas palavras de Armado Salles de Oliveira, presidente do estado \u00e0 \u00e9poca. Entretanto, o \u00edndice de infesta\u00e7\u00e3o de mais de 90% em algumas cidades atacando desde crian\u00e7as at\u00e9 pessoas em idade avan\u00e7ada.<\/p>\n<p>Al\u00e9m destas endemias, destacavam-se as doen\u00e7as infecto contagiosas agudas, dentre as quais a febre tifoide e as disenterias dada a aus\u00eancia de recursos higi\u00eanicos malgrado a abund\u00e2ncia de sol e ar puro, predicados caracter\u00edsticos da \u00e1rea rural. O mesmo se podia dizer das disenterias bacilar e amebiana t\u00e3o comuns no interior.<\/p>\n<p>Em 1933, os estudos estat\u00edsticos sobre a mortalidade causada pela febre tifoide nos 250 munic\u00edpios do interior paulista registraram 525 \u00f3bitos, cerca de 10% dos casos realmente verificados.<\/p>\n<p>Outras doen\u00e7as, como var\u00edola, meningite c\u00e9rebro-espinal epid\u00eamica, peste bub\u00f4nica e outras doen\u00e7as transmiss\u00edveis n\u00e3o adquiriam grande import\u00e2ncia por n\u00e3o serem muito complexas e gra\u00e7as \u00e0s medidas espec\u00edficas aplicadas contra elas pelo governo do estado.<\/p>\n<p>Por outro lado, a constru\u00e7\u00e3o e a amplia\u00e7\u00e3o dos lepros\u00e1rios, a cria\u00e7\u00e3o de dispens\u00e1rios e a cria\u00e7\u00e3o do Instituto de Leprologia por parte do governo contribu\u00edram para o combate \u00e0 terr\u00edvel lepra.<\/p>\n<p>Em 1924 foram recenseados no estado 8000 leprosos. Faleceram daquele ano at\u00e9 1934, 2.300 doentes. Estavam internados naquele ano 3.600 e outros 400 achavam-se em tratamento nos ambulat\u00f3rios. Com a entrega em 1934 dos 1000 leitos que estavam em constru\u00e7\u00e3o praticamente se resolveu o problema da lepra no estado.<\/p>\n<p>Por fim, S\u00e3o Paulo perdeu durante o ano de 1933, em seus 250 munic\u00edpios, cerca de 2.200 vidas ceifadas pela peste branca correspondente aproximadamente \u00e0 exist\u00eancia de 17.000 doentes de tuberculose. Perderam-se tamb\u00e9m nestes mesmos munic\u00edpios 28.000 crian\u00e7as de menos de 1 ano sobre cerca de150.000 nascimentos, das quais perto de 11.000 nascidas mortas.<\/p>\n<p>Num exame das verbas destinadas aos servi\u00e7os de higiene p\u00fablica, fica-se surpreendido por sua insignific\u00e2ncia dentro do or\u00e7amento do estado. Em 1934, estavam destinados apenas 3.6% dos recursos, sendo que 2.9% para a Capital, com uma popula\u00e7\u00e3o de 1.000.000 habitantes (92.8% do total destinado aos servi\u00e7os sanit\u00e1rios), e 0.7% deste valor para o interior, com uma popula\u00e7\u00e3o de 6.000.000 habitantes (7.1%). Este n\u00famero destoa dos pa\u00edses civilizados que destinavam cerca de 10% do or\u00e7amento total.<\/p>\n<p>Para minorar o problema, o governo de Armando Salles de Oliveira prometeu em 1934 efetuar algumas modifica\u00e7\u00f5es de ordem t\u00e9cnico-administrativa que se resumiram a:<\/p>\n<ul>\n<li>Cria\u00e7\u00e3o de um organismo dotado de capacidade suficiente para centralizar a administra\u00e7\u00e3o dos servi\u00e7os do interior;<\/li>\n<li>Divis\u00e3o do estado em distritos sanit\u00e1rios, instalando uma unidade sanit\u00e1ria em cada munic\u00edpio com popula\u00e7\u00e3o superior a 20.000 habitantes;<\/li>\n<li>Subordina\u00e7\u00e3o direta dos distritos sanit\u00e1rios \u00e0 inspetoria geral do interior;<\/li>\n<li>Institui\u00e7\u00e3o da carreira sanit\u00e1ria para o pessoal que serve no interior.<\/li>\n<\/ul>\n<p>Este era em resumo o quadro sanit\u00e1rio do interior do estado de S\u00e3o Paulo na\u00a0d\u00e9cada de 30.<\/p>\n<p><em>(*) Texto extra\u00eddo do discurso de Armando Salles de Oliveira, proferido em Esp\u00edrito Santo do Pinhal, em 30 de setembro de 1934.<\/em><\/p>\n<p>________________________________________________________________________<\/p>\n<p><img loading=\"lazy\" decoding=\"async\" class=\"wp-image-31353 alignleft td-animation-stack-type0-2\" src=\"https:\/\/www.institutodeengenharia.org.br\/site\/wp-content\/uploads\/2018\/02\/cavalcanti-alta2-e1547225067645.jpg\" sizes=\"auto, (max-width: 169px) 100vw, 169px\" srcset=\"https:\/\/www.institutodeengenharia.org.br\/site\/wp-content\/uploads\/2018\/02\/cavalcanti-alta2-e1547225067645.jpg 606w, https:\/\/www.institutodeengenharia.org.br\/site\/wp-content\/uploads\/2018\/02\/cavalcanti-alta2-e1547225067645-150x150.jpg 150w, https:\/\/www.institutodeengenharia.org.br\/site\/wp-content\/uploads\/2018\/02\/cavalcanti-alta2-e1547225067645-298x300.jpg 298w, https:\/\/www.institutodeengenharia.org.br\/site\/wp-content\/uploads\/2018\/02\/cavalcanti-alta2-e1547225067645-417x420.jpg 417w\" alt=\"\" width=\"169\" height=\"170\" \/><\/p>\n<p>Jos\u00e9 Eduardo Cavalcanti \u00e9 engenheiro consultor, diretor do Departamento de Engenharia da Ambiental do Brasil, diretor da Divis\u00e3o de Saneamento do Deinfra \u2013 Departamento de Infraestrutura da Federa\u00e7\u00e3o das Ind\u00fastrias do Estado de S\u00e3o Paulo (Fiesp), conselheiro do Instituto de Engenharia, e membro da Comiss\u00e3o Editorial da Revista Engenharia. E-mail:\u00a0<a href=\"mailto:cavalcanti@ambientaldobrasil.com.br\">cavalcanti@ambientaldobrasil.com.br<\/a><\/p>\n<p>*<em>Os artigos publicados com assinatura, n\u00e3o traduzem necessariamente a opini\u00e3o do Instituto de Engenharia. Sua publica\u00e7\u00e3o obedece ao prop\u00f3sito de estimular o debate dos problemas brasileiros e de refletir as diversas tend\u00eancias do pensamento contempor\u00e2neo<\/em><\/p>\n<p>&nbsp;<\/p>\n<p><strong>Comet\u00e1rios:<\/strong><\/p>\n<p><em>Estava carregada com as leituras do grupo e somente ontem li seu artigo. Muito bom. Me lembrei das dif\u00edceis condi\u00e7\u00f5es de sa\u00fade relatadas por minha m\u00e3e quando era crian\u00e7a e jovem no interior de S\u00e3o Paulo no in\u00edcio do s\u00e9culo XX, trabalhando nas lavouras de caf\u00e9. Minha m\u00e3e e seus irm\u00e3os adquiriram tracoma, doen\u00e7a muito comum na \u00e9poca, \u00e9 que deixava sequelas na vis\u00e3o. Com rela\u00e7\u00e3o aos leprosarios, foi uma forma de afasta-lis da sociedade, doen\u00e7a estigmatizante e que at\u00e9 hoje \u00e9 mal compreendida. O Brasil \u00e9 o segundo maior pa\u00eds do mundo em n\u00famero de hansenianos e que apesar de ter vira ainda \u00e9 estigmatizada. Visitei o Instituto Lauro de Souza Lima em Bauru. Um complexo enorme que abrigou ( e ainda abriga os remanescentes hansenianos sem fam\u00edlia) e que hoje \u00e9 refer\u00eancia no tratamento de pacientes dermatol\u00f3gicos. \u00c9 impressionante a estrutura que foi montada, com teatro, resid\u00eancias, ambulat\u00f3rios, etc. Felizmente os leprosarios foram desativados, mas ainda restam aqueles que n\u00e3o tem familiares, cabendo ao Estrago zelar por eles. Gostaria muito de colocar seu artigo no livro de Cr\u00f4nicas, pois mostra as novas gera\u00e7\u00f5es como eram as coisas naqueles tempos. Voc\u00ea autorizaria? Denise Formaggia<\/em><\/p>\n<p><strong>\u00a0<\/strong><\/p>\n","protected":false},"excerpt":{"rendered":"<p>Um dos mais importantes problemas pela sua fei\u00e7\u00e3o endemo-epid\u00eamica e social na d\u00e9cada de 30 do s\u00e9culo passado que afetava as popula\u00e7\u00f5es do interior era a a\u00e7\u00e3o devastadora que exerciam as tr\u00eas principais endemias: as verminoses, o impaludismo (mal\u00e1ria) e o trachoma. As verminoses aniquilavam o homem rural diminuindo sua capacidade produtiva preparando campo para [&hellip;]<\/p>\n","protected":false},"author":13,"featured_media":128744,"comment_status":"open","ping_status":"open","sticky":false,"template":"","format":"standard","meta":{"footnotes":""},"categories":[11,92],"tags":[],"class_list":{"0":"post-114823","1":"post","2":"type-post","3":"status-publish","4":"format-standard","5":"has-post-thumbnail","7":"category-articulistas","8":"category-jose-eduardo-cavalcanti"},"yoast_head":"<!-- This site is optimized with the Yoast SEO plugin v27.2 - https:\/\/yoast.com\/product\/yoast-seo-wordpress\/ -->\n<title>Por Jos\u00e9 Eduardo Cavalcanti \u2013 Problemas sanit\u00e1rios no interior do Estado de S\u00e3o Paulo na d\u00e9cada de 1930 (*) - Instituto de Engenharia<\/title>\n<meta name=\"robots\" content=\"index, follow, max-snippet:-1, max-image-preview:large, max-video-preview:-1\" \/>\n<link rel=\"canonical\" href=\"https:\/\/www.institutodeengenharia.org.br\/site\/2023\/11\/21\/por-jose-eduardo-cavalcanti-problemas-sanitarios-no-interior-do-estado-de-sao-paulo-na-decada-de-1930\/\" \/>\n<meta property=\"og:locale\" content=\"pt_BR\" \/>\n<meta property=\"og:type\" content=\"article\" \/>\n<meta property=\"og:title\" content=\"Por Jos\u00e9 Eduardo Cavalcanti \u2013 Problemas sanit\u00e1rios no interior do Estado de S\u00e3o Paulo na d\u00e9cada de 1930 (*) - Instituto de Engenharia\" \/>\n<meta property=\"og:description\" content=\"Um dos mais importantes problemas pela sua fei\u00e7\u00e3o endemo-epid\u00eamica e social na d\u00e9cada de 30 do s\u00e9culo passado que afetava as popula\u00e7\u00f5es do interior era a a\u00e7\u00e3o devastadora que exerciam as tr\u00eas principais endemias: as verminoses, o impaludismo (mal\u00e1ria) e o trachoma. As verminoses aniquilavam o homem rural diminuindo sua capacidade produtiva preparando campo para [&hellip;]\" \/>\n<meta property=\"og:url\" content=\"https:\/\/www.institutodeengenharia.org.br\/site\/2023\/11\/21\/por-jose-eduardo-cavalcanti-problemas-sanitarios-no-interior-do-estado-de-sao-paulo-na-decada-de-1930\/\" \/>\n<meta property=\"og:site_name\" content=\"Instituto de Engenharia\" \/>\n<meta property=\"article:publisher\" content=\"https:\/\/www.facebook.com\/institutodeengenharia\" \/>\n<meta property=\"article:published_time\" content=\"2023-11-21T13:20:30+00:00\" \/>\n<meta property=\"article:modified_time\" content=\"2025-05-16T17:42:43+00:00\" \/>\n<meta property=\"og:image\" content=\"https:\/\/www.institutodeengenharia.org.br\/site\/wp-content\/uploads\/2023\/11\/ChatGPT-Image-16-de-mai.-de-2025-14_32_37-1024x683.png\" \/>\n\t<meta property=\"og:image:width\" content=\"1024\" \/>\n\t<meta property=\"og:image:height\" content=\"683\" \/>\n\t<meta property=\"og:image:type\" content=\"image\/png\" \/>\n<meta name=\"author\" content=\"Bianca\" \/>\n<meta name=\"twitter:card\" content=\"summary_large_image\" \/>\n<meta name=\"twitter:creator\" content=\"@iengenharia\" \/>\n<meta name=\"twitter:site\" content=\"@iengenharia\" \/>\n<meta name=\"twitter:label1\" content=\"Escrito por\" \/>\n\t<meta name=\"twitter:data1\" content=\"Bianca\" \/>\n\t<meta name=\"twitter:label2\" content=\"Est. tempo de leitura\" \/>\n\t<meta name=\"twitter:data2\" content=\"7 minutos\" \/>\n<script type=\"application\/ld+json\" class=\"yoast-schema-graph\">{\"@context\":\"https:\/\/schema.org\",\"@graph\":[{\"@type\":\"Article\",\"@id\":\"https:\/\/www.institutodeengenharia.org.br\/site\/2023\/11\/21\/por-jose-eduardo-cavalcanti-problemas-sanitarios-no-interior-do-estado-de-sao-paulo-na-decada-de-1930\/#article\",\"isPartOf\":{\"@id\":\"https:\/\/www.institutodeengenharia.org.br\/site\/2023\/11\/21\/por-jose-eduardo-cavalcanti-problemas-sanitarios-no-interior-do-estado-de-sao-paulo-na-decada-de-1930\/\"},\"author\":{\"name\":\"Bianca\",\"@id\":\"https:\/\/www.institutodeengenharia.org.br\/site\/#\/schema\/person\/aeb64951c405e100d26d30b033dd423f\"},\"headline\":\"Por Jos\u00e9 Eduardo Cavalcanti \u2013 Problemas sanit\u00e1rios no interior do Estado de S\u00e3o Paulo na d\u00e9cada de 1930 (*)\",\"datePublished\":\"2023-11-21T13:20:30+00:00\",\"dateModified\":\"2025-05-16T17:42:43+00:00\",\"mainEntityOfPage\":{\"@id\":\"https:\/\/www.institutodeengenharia.org.br\/site\/2023\/11\/21\/por-jose-eduardo-cavalcanti-problemas-sanitarios-no-interior-do-estado-de-sao-paulo-na-decada-de-1930\/\"},\"wordCount\":1140,\"commentCount\":0,\"publisher\":{\"@id\":\"https:\/\/www.institutodeengenharia.org.br\/site\/#organization\"},\"image\":{\"@id\":\"https:\/\/www.institutodeengenharia.org.br\/site\/2023\/11\/21\/por-jose-eduardo-cavalcanti-problemas-sanitarios-no-interior-do-estado-de-sao-paulo-na-decada-de-1930\/#primaryimage\"},\"thumbnailUrl\":\"https:\/\/www.institutodeengenharia.org.br\/site\/wp-content\/uploads\/2023\/11\/ChatGPT-Image-16-de-mai.-de-2025-14_32_37.png\",\"articleSection\":[\"Articulistas\",\"Jos\u00e9 Eduardo Cavalcanti\"],\"inLanguage\":\"pt-BR\",\"potentialAction\":[{\"@type\":\"CommentAction\",\"name\":\"Comment\",\"target\":[\"https:\/\/www.institutodeengenharia.org.br\/site\/2023\/11\/21\/por-jose-eduardo-cavalcanti-problemas-sanitarios-no-interior-do-estado-de-sao-paulo-na-decada-de-1930\/#respond\"]}]},{\"@type\":\"WebPage\",\"@id\":\"https:\/\/www.institutodeengenharia.org.br\/site\/2023\/11\/21\/por-jose-eduardo-cavalcanti-problemas-sanitarios-no-interior-do-estado-de-sao-paulo-na-decada-de-1930\/\",\"url\":\"https:\/\/www.institutodeengenharia.org.br\/site\/2023\/11\/21\/por-jose-eduardo-cavalcanti-problemas-sanitarios-no-interior-do-estado-de-sao-paulo-na-decada-de-1930\/\",\"name\":\"Por Jos\u00e9 Eduardo Cavalcanti \u2013 Problemas sanit\u00e1rios no interior do Estado de S\u00e3o Paulo na d\u00e9cada de 1930 (*) - Instituto de Engenharia\",\"isPartOf\":{\"@id\":\"https:\/\/www.institutodeengenharia.org.br\/site\/#website\"},\"primaryImageOfPage\":{\"@id\":\"https:\/\/www.institutodeengenharia.org.br\/site\/2023\/11\/21\/por-jose-eduardo-cavalcanti-problemas-sanitarios-no-interior-do-estado-de-sao-paulo-na-decada-de-1930\/#primaryimage\"},\"image\":{\"@id\":\"https:\/\/www.institutodeengenharia.org.br\/site\/2023\/11\/21\/por-jose-eduardo-cavalcanti-problemas-sanitarios-no-interior-do-estado-de-sao-paulo-na-decada-de-1930\/#primaryimage\"},\"thumbnailUrl\":\"https:\/\/www.institutodeengenharia.org.br\/site\/wp-content\/uploads\/2023\/11\/ChatGPT-Image-16-de-mai.-de-2025-14_32_37.png\",\"datePublished\":\"2023-11-21T13:20:30+00:00\",\"dateModified\":\"2025-05-16T17:42:43+00:00\",\"breadcrumb\":{\"@id\":\"https:\/\/www.institutodeengenharia.org.br\/site\/2023\/11\/21\/por-jose-eduardo-cavalcanti-problemas-sanitarios-no-interior-do-estado-de-sao-paulo-na-decada-de-1930\/#breadcrumb\"},\"inLanguage\":\"pt-BR\",\"potentialAction\":[{\"@type\":\"ReadAction\",\"target\":[\"https:\/\/www.institutodeengenharia.org.br\/site\/2023\/11\/21\/por-jose-eduardo-cavalcanti-problemas-sanitarios-no-interior-do-estado-de-sao-paulo-na-decada-de-1930\/\"]}]},{\"@type\":\"ImageObject\",\"inLanguage\":\"pt-BR\",\"@id\":\"https:\/\/www.institutodeengenharia.org.br\/site\/2023\/11\/21\/por-jose-eduardo-cavalcanti-problemas-sanitarios-no-interior-do-estado-de-sao-paulo-na-decada-de-1930\/#primaryimage\",\"url\":\"https:\/\/www.institutodeengenharia.org.br\/site\/wp-content\/uploads\/2023\/11\/ChatGPT-Image-16-de-mai.-de-2025-14_32_37.png\",\"contentUrl\":\"https:\/\/www.institutodeengenharia.org.br\/site\/wp-content\/uploads\/2023\/11\/ChatGPT-Image-16-de-mai.-de-2025-14_32_37.png\",\"width\":1536,\"height\":1024},{\"@type\":\"BreadcrumbList\",\"@id\":\"https:\/\/www.institutodeengenharia.org.br\/site\/2023\/11\/21\/por-jose-eduardo-cavalcanti-problemas-sanitarios-no-interior-do-estado-de-sao-paulo-na-decada-de-1930\/#breadcrumb\",\"itemListElement\":[{\"@type\":\"ListItem\",\"position\":1,\"name\":\"In\u00edcio\",\"item\":\"https:\/\/www.institutodeengenharia.org.br\/site\/\"},{\"@type\":\"ListItem\",\"position\":2,\"name\":\"Por Jos\u00e9 Eduardo Cavalcanti \u2013 Problemas sanit\u00e1rios no interior do Estado de S\u00e3o Paulo na d\u00e9cada de 1930 (*)\"}]},{\"@type\":\"WebSite\",\"@id\":\"https:\/\/www.institutodeengenharia.org.br\/site\/#website\",\"url\":\"https:\/\/www.institutodeengenharia.org.br\/site\/\",\"name\":\"Instituto de Engenharia\",\"description\":\"O Instituto de Engenharia promove a Engenharia em benef\u00edcio do desenvolvimento e da qualidade de vida da sociedade.\",\"publisher\":{\"@id\":\"https:\/\/www.institutodeengenharia.org.br\/site\/#organization\"},\"potentialAction\":[{\"@type\":\"SearchAction\",\"target\":{\"@type\":\"EntryPoint\",\"urlTemplate\":\"https:\/\/www.institutodeengenharia.org.br\/site\/?s={search_term_string}\"},\"query-input\":{\"@type\":\"PropertyValueSpecification\",\"valueRequired\":true,\"valueName\":\"search_term_string\"}}],\"inLanguage\":\"pt-BR\"},{\"@type\":\"Organization\",\"@id\":\"https:\/\/www.institutodeengenharia.org.br\/site\/#organization\",\"name\":\"Instituto de Engenharia\",\"url\":\"https:\/\/www.institutodeengenharia.org.br\/site\/\",\"logo\":{\"@type\":\"ImageObject\",\"inLanguage\":\"pt-BR\",\"@id\":\"https:\/\/www.institutodeengenharia.org.br\/site\/#\/schema\/logo\/image\/\",\"url\":\"https:\/\/www.institutodeengenharia.org.br\/site\/wp-content\/uploads\/2019\/03\/logo-novo-IE2018-1.jpg\",\"contentUrl\":\"https:\/\/www.institutodeengenharia.org.br\/site\/wp-content\/uploads\/2019\/03\/logo-novo-IE2018-1.jpg\",\"width\":1486,\"height\":1879,\"caption\":\"Instituto de Engenharia\"},\"image\":{\"@id\":\"https:\/\/www.institutodeengenharia.org.br\/site\/#\/schema\/logo\/image\/\"},\"sameAs\":[\"https:\/\/www.facebook.com\/institutodeengenharia\",\"https:\/\/x.com\/iengenharia\",\"https:\/\/www.instagram.com\/institutodeengenharia\/\",\"https:\/\/www.linkedin.com\/company\/instituto-de-engenharia\/\",\"https:\/\/www.youtube.com\/channel\/UCXiCAlsSMe977vamW915HxA\"]},{\"@type\":\"Person\",\"@id\":\"https:\/\/www.institutodeengenharia.org.br\/site\/#\/schema\/person\/aeb64951c405e100d26d30b033dd423f\",\"name\":\"Bianca\",\"image\":{\"@type\":\"ImageObject\",\"inLanguage\":\"pt-BR\",\"@id\":\"https:\/\/secure.gravatar.com\/avatar\/a6fbe9bff57405baf4c1e2c5c1811e072b558253974a9f9508f4678900c97c2a?s=96&d=mm&r=g\",\"url\":\"https:\/\/secure.gravatar.com\/avatar\/a6fbe9bff57405baf4c1e2c5c1811e072b558253974a9f9508f4678900c97c2a?s=96&d=mm&r=g\",\"contentUrl\":\"https:\/\/secure.gravatar.com\/avatar\/a6fbe9bff57405baf4c1e2c5c1811e072b558253974a9f9508f4678900c97c2a?s=96&d=mm&r=g\",\"caption\":\"Bianca\"},\"url\":\"https:\/\/www.institutodeengenharia.org.br\/site\/author\/comunicacao1\/\"}]}<\/script>\n<!-- \/ Yoast SEO plugin. -->","yoast_head_json":{"title":"Por Jos\u00e9 Eduardo Cavalcanti \u2013 Problemas sanit\u00e1rios no interior do Estado de S\u00e3o Paulo na d\u00e9cada de 1930 (*) - Instituto de Engenharia","robots":{"index":"index","follow":"follow","max-snippet":"max-snippet:-1","max-image-preview":"max-image-preview:large","max-video-preview":"max-video-preview:-1"},"canonical":"https:\/\/www.institutodeengenharia.org.br\/site\/2023\/11\/21\/por-jose-eduardo-cavalcanti-problemas-sanitarios-no-interior-do-estado-de-sao-paulo-na-decada-de-1930\/","og_locale":"pt_BR","og_type":"article","og_title":"Por Jos\u00e9 Eduardo Cavalcanti \u2013 Problemas sanit\u00e1rios no interior do Estado de S\u00e3o Paulo na d\u00e9cada de 1930 (*) - Instituto de Engenharia","og_description":"Um dos mais importantes problemas pela sua fei\u00e7\u00e3o endemo-epid\u00eamica e social na d\u00e9cada de 30 do s\u00e9culo passado que afetava as popula\u00e7\u00f5es do interior era a a\u00e7\u00e3o devastadora que exerciam as tr\u00eas principais endemias: as verminoses, o impaludismo (mal\u00e1ria) e o trachoma. As verminoses aniquilavam o homem rural diminuindo sua capacidade produtiva preparando campo para [&hellip;]","og_url":"https:\/\/www.institutodeengenharia.org.br\/site\/2023\/11\/21\/por-jose-eduardo-cavalcanti-problemas-sanitarios-no-interior-do-estado-de-sao-paulo-na-decada-de-1930\/","og_site_name":"Instituto de Engenharia","article_publisher":"https:\/\/www.facebook.com\/institutodeengenharia","article_published_time":"2023-11-21T13:20:30+00:00","article_modified_time":"2025-05-16T17:42:43+00:00","og_image":[{"width":1024,"height":683,"url":"https:\/\/www.institutodeengenharia.org.br\/site\/wp-content\/uploads\/2023\/11\/ChatGPT-Image-16-de-mai.-de-2025-14_32_37-1024x683.png","type":"image\/png"}],"author":"Bianca","twitter_card":"summary_large_image","twitter_creator":"@iengenharia","twitter_site":"@iengenharia","twitter_misc":{"Escrito por":"Bianca","Est. tempo de leitura":"7 minutos"},"schema":{"@context":"https:\/\/schema.org","@graph":[{"@type":"Article","@id":"https:\/\/www.institutodeengenharia.org.br\/site\/2023\/11\/21\/por-jose-eduardo-cavalcanti-problemas-sanitarios-no-interior-do-estado-de-sao-paulo-na-decada-de-1930\/#article","isPartOf":{"@id":"https:\/\/www.institutodeengenharia.org.br\/site\/2023\/11\/21\/por-jose-eduardo-cavalcanti-problemas-sanitarios-no-interior-do-estado-de-sao-paulo-na-decada-de-1930\/"},"author":{"name":"Bianca","@id":"https:\/\/www.institutodeengenharia.org.br\/site\/#\/schema\/person\/aeb64951c405e100d26d30b033dd423f"},"headline":"Por Jos\u00e9 Eduardo Cavalcanti \u2013 Problemas sanit\u00e1rios no interior do Estado de S\u00e3o Paulo na d\u00e9cada de 1930 (*)","datePublished":"2023-11-21T13:20:30+00:00","dateModified":"2025-05-16T17:42:43+00:00","mainEntityOfPage":{"@id":"https:\/\/www.institutodeengenharia.org.br\/site\/2023\/11\/21\/por-jose-eduardo-cavalcanti-problemas-sanitarios-no-interior-do-estado-de-sao-paulo-na-decada-de-1930\/"},"wordCount":1140,"commentCount":0,"publisher":{"@id":"https:\/\/www.institutodeengenharia.org.br\/site\/#organization"},"image":{"@id":"https:\/\/www.institutodeengenharia.org.br\/site\/2023\/11\/21\/por-jose-eduardo-cavalcanti-problemas-sanitarios-no-interior-do-estado-de-sao-paulo-na-decada-de-1930\/#primaryimage"},"thumbnailUrl":"https:\/\/www.institutodeengenharia.org.br\/site\/wp-content\/uploads\/2023\/11\/ChatGPT-Image-16-de-mai.-de-2025-14_32_37.png","articleSection":["Articulistas","Jos\u00e9 Eduardo Cavalcanti"],"inLanguage":"pt-BR","potentialAction":[{"@type":"CommentAction","name":"Comment","target":["https:\/\/www.institutodeengenharia.org.br\/site\/2023\/11\/21\/por-jose-eduardo-cavalcanti-problemas-sanitarios-no-interior-do-estado-de-sao-paulo-na-decada-de-1930\/#respond"]}]},{"@type":"WebPage","@id":"https:\/\/www.institutodeengenharia.org.br\/site\/2023\/11\/21\/por-jose-eduardo-cavalcanti-problemas-sanitarios-no-interior-do-estado-de-sao-paulo-na-decada-de-1930\/","url":"https:\/\/www.institutodeengenharia.org.br\/site\/2023\/11\/21\/por-jose-eduardo-cavalcanti-problemas-sanitarios-no-interior-do-estado-de-sao-paulo-na-decada-de-1930\/","name":"Por Jos\u00e9 Eduardo Cavalcanti \u2013 Problemas sanit\u00e1rios no interior do Estado de S\u00e3o Paulo na d\u00e9cada de 1930 (*) - Instituto de Engenharia","isPartOf":{"@id":"https:\/\/www.institutodeengenharia.org.br\/site\/#website"},"primaryImageOfPage":{"@id":"https:\/\/www.institutodeengenharia.org.br\/site\/2023\/11\/21\/por-jose-eduardo-cavalcanti-problemas-sanitarios-no-interior-do-estado-de-sao-paulo-na-decada-de-1930\/#primaryimage"},"image":{"@id":"https:\/\/www.institutodeengenharia.org.br\/site\/2023\/11\/21\/por-jose-eduardo-cavalcanti-problemas-sanitarios-no-interior-do-estado-de-sao-paulo-na-decada-de-1930\/#primaryimage"},"thumbnailUrl":"https:\/\/www.institutodeengenharia.org.br\/site\/wp-content\/uploads\/2023\/11\/ChatGPT-Image-16-de-mai.-de-2025-14_32_37.png","datePublished":"2023-11-21T13:20:30+00:00","dateModified":"2025-05-16T17:42:43+00:00","breadcrumb":{"@id":"https:\/\/www.institutodeengenharia.org.br\/site\/2023\/11\/21\/por-jose-eduardo-cavalcanti-problemas-sanitarios-no-interior-do-estado-de-sao-paulo-na-decada-de-1930\/#breadcrumb"},"inLanguage":"pt-BR","potentialAction":[{"@type":"ReadAction","target":["https:\/\/www.institutodeengenharia.org.br\/site\/2023\/11\/21\/por-jose-eduardo-cavalcanti-problemas-sanitarios-no-interior-do-estado-de-sao-paulo-na-decada-de-1930\/"]}]},{"@type":"ImageObject","inLanguage":"pt-BR","@id":"https:\/\/www.institutodeengenharia.org.br\/site\/2023\/11\/21\/por-jose-eduardo-cavalcanti-problemas-sanitarios-no-interior-do-estado-de-sao-paulo-na-decada-de-1930\/#primaryimage","url":"https:\/\/www.institutodeengenharia.org.br\/site\/wp-content\/uploads\/2023\/11\/ChatGPT-Image-16-de-mai.-de-2025-14_32_37.png","contentUrl":"https:\/\/www.institutodeengenharia.org.br\/site\/wp-content\/uploads\/2023\/11\/ChatGPT-Image-16-de-mai.-de-2025-14_32_37.png","width":1536,"height":1024},{"@type":"BreadcrumbList","@id":"https:\/\/www.institutodeengenharia.org.br\/site\/2023\/11\/21\/por-jose-eduardo-cavalcanti-problemas-sanitarios-no-interior-do-estado-de-sao-paulo-na-decada-de-1930\/#breadcrumb","itemListElement":[{"@type":"ListItem","position":1,"name":"In\u00edcio","item":"https:\/\/www.institutodeengenharia.org.br\/site\/"},{"@type":"ListItem","position":2,"name":"Por Jos\u00e9 Eduardo Cavalcanti \u2013 Problemas sanit\u00e1rios no interior do Estado de S\u00e3o Paulo na d\u00e9cada de 1930 (*)"}]},{"@type":"WebSite","@id":"https:\/\/www.institutodeengenharia.org.br\/site\/#website","url":"https:\/\/www.institutodeengenharia.org.br\/site\/","name":"Instituto de Engenharia","description":"O Instituto de Engenharia promove a Engenharia em benef\u00edcio do desenvolvimento e da qualidade de vida da sociedade.","publisher":{"@id":"https:\/\/www.institutodeengenharia.org.br\/site\/#organization"},"potentialAction":[{"@type":"SearchAction","target":{"@type":"EntryPoint","urlTemplate":"https:\/\/www.institutodeengenharia.org.br\/site\/?s={search_term_string}"},"query-input":{"@type":"PropertyValueSpecification","valueRequired":true,"valueName":"search_term_string"}}],"inLanguage":"pt-BR"},{"@type":"Organization","@id":"https:\/\/www.institutodeengenharia.org.br\/site\/#organization","name":"Instituto de Engenharia","url":"https:\/\/www.institutodeengenharia.org.br\/site\/","logo":{"@type":"ImageObject","inLanguage":"pt-BR","@id":"https:\/\/www.institutodeengenharia.org.br\/site\/#\/schema\/logo\/image\/","url":"https:\/\/www.institutodeengenharia.org.br\/site\/wp-content\/uploads\/2019\/03\/logo-novo-IE2018-1.jpg","contentUrl":"https:\/\/www.institutodeengenharia.org.br\/site\/wp-content\/uploads\/2019\/03\/logo-novo-IE2018-1.jpg","width":1486,"height":1879,"caption":"Instituto de Engenharia"},"image":{"@id":"https:\/\/www.institutodeengenharia.org.br\/site\/#\/schema\/logo\/image\/"},"sameAs":["https:\/\/www.facebook.com\/institutodeengenharia","https:\/\/x.com\/iengenharia","https:\/\/www.instagram.com\/institutodeengenharia\/","https:\/\/www.linkedin.com\/company\/instituto-de-engenharia\/","https:\/\/www.youtube.com\/channel\/UCXiCAlsSMe977vamW915HxA"]},{"@type":"Person","@id":"https:\/\/www.institutodeengenharia.org.br\/site\/#\/schema\/person\/aeb64951c405e100d26d30b033dd423f","name":"Bianca","image":{"@type":"ImageObject","inLanguage":"pt-BR","@id":"https:\/\/secure.gravatar.com\/avatar\/a6fbe9bff57405baf4c1e2c5c1811e072b558253974a9f9508f4678900c97c2a?s=96&d=mm&r=g","url":"https:\/\/secure.gravatar.com\/avatar\/a6fbe9bff57405baf4c1e2c5c1811e072b558253974a9f9508f4678900c97c2a?s=96&d=mm&r=g","contentUrl":"https:\/\/secure.gravatar.com\/avatar\/a6fbe9bff57405baf4c1e2c5c1811e072b558253974a9f9508f4678900c97c2a?s=96&d=mm&r=g","caption":"Bianca"},"url":"https:\/\/www.institutodeengenharia.org.br\/site\/author\/comunicacao1\/"}]}},"_links":{"self":[{"href":"https:\/\/www.institutodeengenharia.org.br\/site\/wp-json\/wp\/v2\/posts\/114823","targetHints":{"allow":["GET"]}}],"collection":[{"href":"https:\/\/www.institutodeengenharia.org.br\/site\/wp-json\/wp\/v2\/posts"}],"about":[{"href":"https:\/\/www.institutodeengenharia.org.br\/site\/wp-json\/wp\/v2\/types\/post"}],"author":[{"embeddable":true,"href":"https:\/\/www.institutodeengenharia.org.br\/site\/wp-json\/wp\/v2\/users\/13"}],"replies":[{"embeddable":true,"href":"https:\/\/www.institutodeengenharia.org.br\/site\/wp-json\/wp\/v2\/comments?post=114823"}],"version-history":[{"count":8,"href":"https:\/\/www.institutodeengenharia.org.br\/site\/wp-json\/wp\/v2\/posts\/114823\/revisions"}],"predecessor-version":[{"id":115419,"href":"https:\/\/www.institutodeengenharia.org.br\/site\/wp-json\/wp\/v2\/posts\/114823\/revisions\/115419"}],"wp:featuredmedia":[{"embeddable":true,"href":"https:\/\/www.institutodeengenharia.org.br\/site\/wp-json\/wp\/v2\/media\/128744"}],"wp:attachment":[{"href":"https:\/\/www.institutodeengenharia.org.br\/site\/wp-json\/wp\/v2\/media?parent=114823"}],"wp:term":[{"taxonomy":"category","embeddable":true,"href":"https:\/\/www.institutodeengenharia.org.br\/site\/wp-json\/wp\/v2\/categories?post=114823"},{"taxonomy":"post_tag","embeddable":true,"href":"https:\/\/www.institutodeengenharia.org.br\/site\/wp-json\/wp\/v2\/tags?post=114823"}],"curies":[{"name":"wp","href":"https:\/\/api.w.org\/{rel}","templated":true}]}}