{"id":114706,"date":"2023-11-16T12:26:13","date_gmt":"2023-11-16T15:26:13","guid":{"rendered":"https:\/\/www.institutodeengenharia.org.br\/site\/?p=114706"},"modified":"2023-11-16T12:26:13","modified_gmt":"2023-11-16T15:26:13","slug":"intersecao-entre-medicina-e-engenharia-parceria-ie-e-apm","status":"publish","type":"post","link":"https:\/\/www.institutodeengenharia.org.br\/site\/2023\/11\/16\/intersecao-entre-medicina-e-engenharia-parceria-ie-e-apm\/","title":{"rendered":"Interse\u00e7\u00e3o entre Medicina e Engenharia \u2013 parceria IE e APM"},"content":{"rendered":"<p>A colabora\u00e7\u00e3o entre Engenharia e a Medicina \u00e9 fundamental para o avan\u00e7o da ci\u00eancia e o desenvolvimento de tecnologias m\u00e9dicas avan\u00e7adas, proporcionando inova\u00e7\u00f5es que beneficiam pacientes, profissionais de sa\u00fade e a sociedade como um todo.<\/p>\n<p>\u00c9 sobre essa parceria multidisciplinar o conv\u00eanio assinado entre o Instituto de Engenharia e a Associa\u00e7\u00e3o Paulista de Medicina, no \u00faltimo dia 1\u00ba de novembro, na sede da APM.<\/p>\n<p>Agora, a diretoria do IE recebeu em sua sede o presidente e membros da APM, para decidir os primeiros passos dessa parceria.<\/p>\n<p>Durante almo\u00e7o, no dia 14 de novembro, foi sugerida a cria\u00e7\u00e3o de um grupo de trabalho, a ser definido pelas duas entidades.<\/p>\n<p>Esse plano de trabalho ser\u00e1 lapidado em 2024, com a poss\u00edvel realiza\u00e7\u00e3o de palestras.<\/p>\n<p><img loading=\"lazy\" decoding=\"async\" class=\"alignnone size-full wp-image-114708\" src=\"https:\/\/www.institutodeengenharia.org.br\/site\/wp-content\/uploads\/2023\/11\/ie-apm-1.png\" alt=\"\" width=\"1451\" height=\"601\" srcset=\"https:\/\/www.institutodeengenharia.org.br\/site\/wp-content\/uploads\/2023\/11\/ie-apm-1.png 1451w, https:\/\/www.institutodeengenharia.org.br\/site\/wp-content\/uploads\/2023\/11\/ie-apm-1-300x124.png 300w, https:\/\/www.institutodeengenharia.org.br\/site\/wp-content\/uploads\/2023\/11\/ie-apm-1-1024x424.png 1024w, https:\/\/www.institutodeengenharia.org.br\/site\/wp-content\/uploads\/2023\/11\/ie-apm-1-768x318.png 768w, https:\/\/www.institutodeengenharia.org.br\/site\/wp-content\/uploads\/2023\/11\/ie-apm-1-696x288.png 696w, https:\/\/www.institutodeengenharia.org.br\/site\/wp-content\/uploads\/2023\/11\/ie-apm-1-1068x442.png 1068w, https:\/\/www.institutodeengenharia.org.br\/site\/wp-content\/uploads\/2023\/11\/ie-apm-1-1014x420.png 1014w, https:\/\/www.institutodeengenharia.org.br\/site\/wp-content\/uploads\/2023\/11\/ie-apm-1-600x249.png 600w\" sizes=\"auto, (max-width: 1451px) 100vw, 1451px\" \/><\/p>\n<p>Da APM, participaram do encontro, Jos\u00e9 Luiz Gomes do Amaral, presidente; Walter Manna Albertoni, presidente da Assembleia de Delgados; Ana Beatriz Soares, diretora Social, e Jos\u00e9 Raimundo Santos Freitas, engenheiro.<\/p>\n<p>Do Instituto de Engenharia, Jos\u00e9 Eduardo Jardim, presidente; Miriana Marques, VP Administra\u00e7\u00e3o e Finan\u00e7as; Ivan Whately, VP Atividades T\u00e9cnicas; \u00a0Lawrence Koo, VP Rela\u00e7\u00f5es Externas; os diretores Elcio Niwa, \u00a0Constanzio Facci e Jer\u00f4nimo Cabral; Am\u00e2ndio Martins, conselheiro, Camil Eid, ex-presidente, Rui Arruda Camargo, presidente do Conselho Consultivo, e o convidado, Jos\u00e9 Carlos Riechelmann.<\/p>\n<p>&nbsp;<\/p>\n","protected":false},"excerpt":{"rendered":"<p>A colabora\u00e7\u00e3o entre Engenharia e a Medicina \u00e9 fundamental para o avan\u00e7o da ci\u00eancia e o desenvolvimento de tecnologias m\u00e9dicas avan\u00e7adas, proporcionando inova\u00e7\u00f5es que beneficiam pacientes, profissionais de sa\u00fade e a sociedade como um todo. \u00c9 sobre essa parceria multidisciplinar o conv\u00eanio assinado entre o Instituto de Engenharia e a Associa\u00e7\u00e3o Paulista de Medicina, no [&hellip;]<\/p>\n","protected":false},"author":14,"featured_media":114707,"comment_status":"open","ping_status":"open","sticky":false,"template":"","format":"standard","meta":{"footnotes":""},"categories":[27,141],"tags":[],"class_list":{"0":"post-114706","1":"post","2":"type-post","3":"status-publish","4":"format-standard","5":"has-post-thumbnail","7":"category-instituto-de-engenharia","8":"category-noticias-menu"},"yoast_head":"<!-- This site is optimized with the Yoast SEO plugin v27.2 - https:\/\/yoast.com\/product\/yoast-seo-wordpress\/ -->\n<title>Interse\u00e7\u00e3o entre Medicina e Engenharia \u2013 parceria IE e APM - Instituto de Engenharia<\/title>\n<meta name=\"robots\" content=\"index, follow, max-snippet:-1, max-image-preview:large, max-video-preview:-1\" \/>\n<link rel=\"canonical\" href=\"https:\/\/www.institutodeengenharia.org.br\/site\/2023\/11\/16\/intersecao-entre-medicina-e-engenharia-parceria-ie-e-apm\/\" \/>\n<meta property=\"og:locale\" content=\"pt_BR\" \/>\n<meta property=\"og:type\" content=\"article\" \/>\n<meta property=\"og:title\" content=\"Interse\u00e7\u00e3o entre Medicina e Engenharia \u2013 parceria IE e APM - Instituto de Engenharia\" \/>\n<meta property=\"og:description\" content=\"A colabora\u00e7\u00e3o entre Engenharia e a Medicina \u00e9 fundamental para o avan\u00e7o da ci\u00eancia e o desenvolvimento de tecnologias m\u00e9dicas avan\u00e7adas, proporcionando inova\u00e7\u00f5es que beneficiam pacientes, profissionais de sa\u00fade e a sociedade como um todo. \u00c9 sobre essa parceria multidisciplinar o conv\u00eanio assinado entre o Instituto de Engenharia e a Associa\u00e7\u00e3o Paulista de Medicina, no [&hellip;]\" \/>\n<meta property=\"og:url\" content=\"https:\/\/www.institutodeengenharia.org.br\/site\/2023\/11\/16\/intersecao-entre-medicina-e-engenharia-parceria-ie-e-apm\/\" \/>\n<meta property=\"og:site_name\" content=\"Instituto de Engenharia\" \/>\n<meta property=\"article:publisher\" content=\"https:\/\/www.facebook.com\/institutodeengenharia\" \/>\n<meta property=\"article:published_time\" content=\"2023-11-16T15:26:13+00:00\" \/>\n<meta property=\"og:image\" content=\"https:\/\/www.institutodeengenharia.org.br\/site\/wp-content\/uploads\/2023\/11\/ie-apm-2.png\" \/>\n\t<meta property=\"og:image:width\" content=\"1200\" \/>\n\t<meta property=\"og:image:height\" content=\"492\" \/>\n\t<meta property=\"og:image:type\" content=\"image\/png\" \/>\n<meta name=\"author\" content=\"Isabel\" \/>\n<meta name=\"twitter:card\" content=\"summary_large_image\" \/>\n<meta name=\"twitter:creator\" content=\"@iengenharia\" \/>\n<meta name=\"twitter:site\" content=\"@iengenharia\" \/>\n<meta name=\"twitter:label1\" content=\"Escrito por\" \/>\n\t<meta name=\"twitter:data1\" content=\"Isabel\" \/>\n\t<meta name=\"twitter:label2\" content=\"Est. tempo de leitura\" \/>\n\t<meta name=\"twitter:data2\" content=\"2 minutos\" \/>\n<script type=\"application\/ld+json\" class=\"yoast-schema-graph\">{\"@context\":\"https:\/\/schema.org\",\"@graph\":[{\"@type\":\"Article\",\"@id\":\"https:\/\/www.institutodeengenharia.org.br\/site\/2023\/11\/16\/intersecao-entre-medicina-e-engenharia-parceria-ie-e-apm\/#article\",\"isPartOf\":{\"@id\":\"https:\/\/www.institutodeengenharia.org.br\/site\/2023\/11\/16\/intersecao-entre-medicina-e-engenharia-parceria-ie-e-apm\/\"},\"author\":{\"name\":\"Isabel\",\"@id\":\"https:\/\/www.institutodeengenharia.org.br\/site\/#\/schema\/person\/593dc356630173a4877a635d3e5fd76b\"},\"headline\":\"Interse\u00e7\u00e3o entre Medicina e Engenharia \u2013 parceria IE e APM\",\"datePublished\":\"2023-11-16T15:26:13+00:00\",\"mainEntityOfPage\":{\"@id\":\"https:\/\/www.institutodeengenharia.org.br\/site\/2023\/11\/16\/intersecao-entre-medicina-e-engenharia-parceria-ie-e-apm\/\"},\"wordCount\":229,\"commentCount\":0,\"publisher\":{\"@id\":\"https:\/\/www.institutodeengenharia.org.br\/site\/#organization\"},\"image\":{\"@id\":\"https:\/\/www.institutodeengenharia.org.br\/site\/2023\/11\/16\/intersecao-entre-medicina-e-engenharia-parceria-ie-e-apm\/#primaryimage\"},\"thumbnailUrl\":\"https:\/\/www.institutodeengenharia.org.br\/site\/wp-content\/uploads\/2023\/11\/ie-apm-2.png\",\"articleSection\":[\"Instituto de Engenharia\",\"Not\u00edcias\"],\"inLanguage\":\"pt-BR\",\"potentialAction\":[{\"@type\":\"CommentAction\",\"name\":\"Comment\",\"target\":[\"https:\/\/www.institutodeengenharia.org.br\/site\/2023\/11\/16\/intersecao-entre-medicina-e-engenharia-parceria-ie-e-apm\/#respond\"]}]},{\"@type\":\"WebPage\",\"@id\":\"https:\/\/www.institutodeengenharia.org.br\/site\/2023\/11\/16\/intersecao-entre-medicina-e-engenharia-parceria-ie-e-apm\/\",\"url\":\"https:\/\/www.institutodeengenharia.org.br\/site\/2023\/11\/16\/intersecao-entre-medicina-e-engenharia-parceria-ie-e-apm\/\",\"name\":\"Interse\u00e7\u00e3o entre Medicina e Engenharia \u2013 parceria IE e APM - Instituto de Engenharia\",\"isPartOf\":{\"@id\":\"https:\/\/www.institutodeengenharia.org.br\/site\/#website\"},\"primaryImageOfPage\":{\"@id\":\"https:\/\/www.institutodeengenharia.org.br\/site\/2023\/11\/16\/intersecao-entre-medicina-e-engenharia-parceria-ie-e-apm\/#primaryimage\"},\"image\":{\"@id\":\"https:\/\/www.institutodeengenharia.org.br\/site\/2023\/11\/16\/intersecao-entre-medicina-e-engenharia-parceria-ie-e-apm\/#primaryimage\"},\"thumbnailUrl\":\"https:\/\/www.institutodeengenharia.org.br\/site\/wp-content\/uploads\/2023\/11\/ie-apm-2.png\",\"datePublished\":\"2023-11-16T15:26:13+00:00\",\"breadcrumb\":{\"@id\":\"https:\/\/www.institutodeengenharia.org.br\/site\/2023\/11\/16\/intersecao-entre-medicina-e-engenharia-parceria-ie-e-apm\/#breadcrumb\"},\"inLanguage\":\"pt-BR\",\"potentialAction\":[{\"@type\":\"ReadAction\",\"target\":[\"https:\/\/www.institutodeengenharia.org.br\/site\/2023\/11\/16\/intersecao-entre-medicina-e-engenharia-parceria-ie-e-apm\/\"]}]},{\"@type\":\"ImageObject\",\"inLanguage\":\"pt-BR\",\"@id\":\"https:\/\/www.institutodeengenharia.org.br\/site\/2023\/11\/16\/intersecao-entre-medicina-e-engenharia-parceria-ie-e-apm\/#primaryimage\",\"url\":\"https:\/\/www.institutodeengenharia.org.br\/site\/wp-content\/uploads\/2023\/11\/ie-apm-2.png\",\"contentUrl\":\"https:\/\/www.institutodeengenharia.org.br\/site\/wp-content\/uploads\/2023\/11\/ie-apm-2.png\",\"width\":1200,\"height\":492,\"caption\":\"Da esq. p\/ dir.: Jos\u00e9 Luiz Gomes do Amaral, presidente APM, Jos\u00e9 Eduardo Jardim, presidente IE, e Walter Manna Albertoni, presidente da Assembleia de Delgados\"},{\"@type\":\"BreadcrumbList\",\"@id\":\"https:\/\/www.institutodeengenharia.org.br\/site\/2023\/11\/16\/intersecao-entre-medicina-e-engenharia-parceria-ie-e-apm\/#breadcrumb\",\"itemListElement\":[{\"@type\":\"ListItem\",\"position\":1,\"name\":\"In\u00edcio\",\"item\":\"https:\/\/www.institutodeengenharia.org.br\/site\/\"},{\"@type\":\"ListItem\",\"position\":2,\"name\":\"Interse\u00e7\u00e3o entre Medicina e Engenharia \u2013 parceria IE e APM\"}]},{\"@type\":\"WebSite\",\"@id\":\"https:\/\/www.institutodeengenharia.org.br\/site\/#website\",\"url\":\"https:\/\/www.institutodeengenharia.org.br\/site\/\",\"name\":\"Instituto de Engenharia\",\"description\":\"O Instituto de Engenharia promove a Engenharia em benef\u00edcio do desenvolvimento e da qualidade de vida da sociedade.\",\"publisher\":{\"@id\":\"https:\/\/www.institutodeengenharia.org.br\/site\/#organization\"},\"potentialAction\":[{\"@type\":\"SearchAction\",\"target\":{\"@type\":\"EntryPoint\",\"urlTemplate\":\"https:\/\/www.institutodeengenharia.org.br\/site\/?s={search_term_string}\"},\"query-input\":{\"@type\":\"PropertyValueSpecification\",\"valueRequired\":true,\"valueName\":\"search_term_string\"}}],\"inLanguage\":\"pt-BR\"},{\"@type\":\"Organization\",\"@id\":\"https:\/\/www.institutodeengenharia.org.br\/site\/#organization\",\"name\":\"Instituto de Engenharia\",\"url\":\"https:\/\/www.institutodeengenharia.org.br\/site\/\",\"logo\":{\"@type\":\"ImageObject\",\"inLanguage\":\"pt-BR\",\"@id\":\"https:\/\/www.institutodeengenharia.org.br\/site\/#\/schema\/logo\/image\/\",\"url\":\"https:\/\/www.institutodeengenharia.org.br\/site\/wp-content\/uploads\/2019\/03\/logo-novo-IE2018-1.jpg\",\"contentUrl\":\"https:\/\/www.institutodeengenharia.org.br\/site\/wp-content\/uploads\/2019\/03\/logo-novo-IE2018-1.jpg\",\"width\":1486,\"height\":1879,\"caption\":\"Instituto de Engenharia\"},\"image\":{\"@id\":\"https:\/\/www.institutodeengenharia.org.br\/site\/#\/schema\/logo\/image\/\"},\"sameAs\":[\"https:\/\/www.facebook.com\/institutodeengenharia\",\"https:\/\/x.com\/iengenharia\",\"https:\/\/www.instagram.com\/institutodeengenharia\/\",\"https:\/\/www.linkedin.com\/company\/instituto-de-engenharia\/\",\"https:\/\/www.youtube.com\/channel\/UCXiCAlsSMe977vamW915HxA\"]},{\"@type\":\"Person\",\"@id\":\"https:\/\/www.institutodeengenharia.org.br\/site\/#\/schema\/person\/593dc356630173a4877a635d3e5fd76b\",\"name\":\"Isabel\",\"image\":{\"@type\":\"ImageObject\",\"inLanguage\":\"pt-BR\",\"@id\":\"https:\/\/secure.gravatar.com\/avatar\/f3c521db63ec9db17894f10a88c6a3cf95b2281d7f80eeb3cf3ef1cb091576e7?s=96&d=mm&r=g\",\"url\":\"https:\/\/secure.gravatar.com\/avatar\/f3c521db63ec9db17894f10a88c6a3cf95b2281d7f80eeb3cf3ef1cb091576e7?s=96&d=mm&r=g\",\"contentUrl\":\"https:\/\/secure.gravatar.com\/avatar\/f3c521db63ec9db17894f10a88c6a3cf95b2281d7f80eeb3cf3ef1cb091576e7?s=96&d=mm&r=g\",\"caption\":\"Isabel\"},\"url\":\"https:\/\/www.institutodeengenharia.org.br\/site\/author\/comunicacao2\/\"}]}<\/script>\n<!-- \/ Yoast SEO plugin. -->","yoast_head_json":{"title":"Interse\u00e7\u00e3o entre Medicina e Engenharia \u2013 parceria IE e APM - Instituto de Engenharia","robots":{"index":"index","follow":"follow","max-snippet":"max-snippet:-1","max-image-preview":"max-image-preview:large","max-video-preview":"max-video-preview:-1"},"canonical":"https:\/\/www.institutodeengenharia.org.br\/site\/2023\/11\/16\/intersecao-entre-medicina-e-engenharia-parceria-ie-e-apm\/","og_locale":"pt_BR","og_type":"article","og_title":"Interse\u00e7\u00e3o entre Medicina e Engenharia \u2013 parceria IE e APM - Instituto de Engenharia","og_description":"A colabora\u00e7\u00e3o entre Engenharia e a Medicina \u00e9 fundamental para o avan\u00e7o da ci\u00eancia e o desenvolvimento de tecnologias m\u00e9dicas avan\u00e7adas, proporcionando inova\u00e7\u00f5es que beneficiam pacientes, profissionais de sa\u00fade e a sociedade como um todo. \u00c9 sobre essa parceria multidisciplinar o conv\u00eanio assinado entre o Instituto de Engenharia e a Associa\u00e7\u00e3o Paulista de Medicina, no [&hellip;]","og_url":"https:\/\/www.institutodeengenharia.org.br\/site\/2023\/11\/16\/intersecao-entre-medicina-e-engenharia-parceria-ie-e-apm\/","og_site_name":"Instituto de Engenharia","article_publisher":"https:\/\/www.facebook.com\/institutodeengenharia","article_published_time":"2023-11-16T15:26:13+00:00","og_image":[{"width":1200,"height":492,"url":"https:\/\/www.institutodeengenharia.org.br\/site\/wp-content\/uploads\/2023\/11\/ie-apm-2.png","type":"image\/png"}],"author":"Isabel","twitter_card":"summary_large_image","twitter_creator":"@iengenharia","twitter_site":"@iengenharia","twitter_misc":{"Escrito por":"Isabel","Est. tempo de leitura":"2 minutos"},"schema":{"@context":"https:\/\/schema.org","@graph":[{"@type":"Article","@id":"https:\/\/www.institutodeengenharia.org.br\/site\/2023\/11\/16\/intersecao-entre-medicina-e-engenharia-parceria-ie-e-apm\/#article","isPartOf":{"@id":"https:\/\/www.institutodeengenharia.org.br\/site\/2023\/11\/16\/intersecao-entre-medicina-e-engenharia-parceria-ie-e-apm\/"},"author":{"name":"Isabel","@id":"https:\/\/www.institutodeengenharia.org.br\/site\/#\/schema\/person\/593dc356630173a4877a635d3e5fd76b"},"headline":"Interse\u00e7\u00e3o entre Medicina e Engenharia \u2013 parceria IE e APM","datePublished":"2023-11-16T15:26:13+00:00","mainEntityOfPage":{"@id":"https:\/\/www.institutodeengenharia.org.br\/site\/2023\/11\/16\/intersecao-entre-medicina-e-engenharia-parceria-ie-e-apm\/"},"wordCount":229,"commentCount":0,"publisher":{"@id":"https:\/\/www.institutodeengenharia.org.br\/site\/#organization"},"image":{"@id":"https:\/\/www.institutodeengenharia.org.br\/site\/2023\/11\/16\/intersecao-entre-medicina-e-engenharia-parceria-ie-e-apm\/#primaryimage"},"thumbnailUrl":"https:\/\/www.institutodeengenharia.org.br\/site\/wp-content\/uploads\/2023\/11\/ie-apm-2.png","articleSection":["Instituto de Engenharia","Not\u00edcias"],"inLanguage":"pt-BR","potentialAction":[{"@type":"CommentAction","name":"Comment","target":["https:\/\/www.institutodeengenharia.org.br\/site\/2023\/11\/16\/intersecao-entre-medicina-e-engenharia-parceria-ie-e-apm\/#respond"]}]},{"@type":"WebPage","@id":"https:\/\/www.institutodeengenharia.org.br\/site\/2023\/11\/16\/intersecao-entre-medicina-e-engenharia-parceria-ie-e-apm\/","url":"https:\/\/www.institutodeengenharia.org.br\/site\/2023\/11\/16\/intersecao-entre-medicina-e-engenharia-parceria-ie-e-apm\/","name":"Interse\u00e7\u00e3o entre Medicina e Engenharia \u2013 parceria IE e APM - Instituto de Engenharia","isPartOf":{"@id":"https:\/\/www.institutodeengenharia.org.br\/site\/#website"},"primaryImageOfPage":{"@id":"https:\/\/www.institutodeengenharia.org.br\/site\/2023\/11\/16\/intersecao-entre-medicina-e-engenharia-parceria-ie-e-apm\/#primaryimage"},"image":{"@id":"https:\/\/www.institutodeengenharia.org.br\/site\/2023\/11\/16\/intersecao-entre-medicina-e-engenharia-parceria-ie-e-apm\/#primaryimage"},"thumbnailUrl":"https:\/\/www.institutodeengenharia.org.br\/site\/wp-content\/uploads\/2023\/11\/ie-apm-2.png","datePublished":"2023-11-16T15:26:13+00:00","breadcrumb":{"@id":"https:\/\/www.institutodeengenharia.org.br\/site\/2023\/11\/16\/intersecao-entre-medicina-e-engenharia-parceria-ie-e-apm\/#breadcrumb"},"inLanguage":"pt-BR","potentialAction":[{"@type":"ReadAction","target":["https:\/\/www.institutodeengenharia.org.br\/site\/2023\/11\/16\/intersecao-entre-medicina-e-engenharia-parceria-ie-e-apm\/"]}]},{"@type":"ImageObject","inLanguage":"pt-BR","@id":"https:\/\/www.institutodeengenharia.org.br\/site\/2023\/11\/16\/intersecao-entre-medicina-e-engenharia-parceria-ie-e-apm\/#primaryimage","url":"https:\/\/www.institutodeengenharia.org.br\/site\/wp-content\/uploads\/2023\/11\/ie-apm-2.png","contentUrl":"https:\/\/www.institutodeengenharia.org.br\/site\/wp-content\/uploads\/2023\/11\/ie-apm-2.png","width":1200,"height":492,"caption":"Da esq. p\/ dir.: Jos\u00e9 Luiz Gomes do Amaral, presidente APM, Jos\u00e9 Eduardo Jardim, presidente IE, e Walter Manna Albertoni, presidente da Assembleia de Delgados"},{"@type":"BreadcrumbList","@id":"https:\/\/www.institutodeengenharia.org.br\/site\/2023\/11\/16\/intersecao-entre-medicina-e-engenharia-parceria-ie-e-apm\/#breadcrumb","itemListElement":[{"@type":"ListItem","position":1,"name":"In\u00edcio","item":"https:\/\/www.institutodeengenharia.org.br\/site\/"},{"@type":"ListItem","position":2,"name":"Interse\u00e7\u00e3o entre Medicina e Engenharia \u2013 parceria IE e APM"}]},{"@type":"WebSite","@id":"https:\/\/www.institutodeengenharia.org.br\/site\/#website","url":"https:\/\/www.institutodeengenharia.org.br\/site\/","name":"Instituto de Engenharia","description":"O Instituto de Engenharia promove a Engenharia em benef\u00edcio do desenvolvimento e da qualidade de vida da sociedade.","publisher":{"@id":"https:\/\/www.institutodeengenharia.org.br\/site\/#organization"},"potentialAction":[{"@type":"SearchAction","target":{"@type":"EntryPoint","urlTemplate":"https:\/\/www.institutodeengenharia.org.br\/site\/?s={search_term_string}"},"query-input":{"@type":"PropertyValueSpecification","valueRequired":true,"valueName":"search_term_string"}}],"inLanguage":"pt-BR"},{"@type":"Organization","@id":"https:\/\/www.institutodeengenharia.org.br\/site\/#organization","name":"Instituto de Engenharia","url":"https:\/\/www.institutodeengenharia.org.br\/site\/","logo":{"@type":"ImageObject","inLanguage":"pt-BR","@id":"https:\/\/www.institutodeengenharia.org.br\/site\/#\/schema\/logo\/image\/","url":"https:\/\/www.institutodeengenharia.org.br\/site\/wp-content\/uploads\/2019\/03\/logo-novo-IE2018-1.jpg","contentUrl":"https:\/\/www.institutodeengenharia.org.br\/site\/wp-content\/uploads\/2019\/03\/logo-novo-IE2018-1.jpg","width":1486,"height":1879,"caption":"Instituto de Engenharia"},"image":{"@id":"https:\/\/www.institutodeengenharia.org.br\/site\/#\/schema\/logo\/image\/"},"sameAs":["https:\/\/www.facebook.com\/institutodeengenharia","https:\/\/x.com\/iengenharia","https:\/\/www.instagram.com\/institutodeengenharia\/","https:\/\/www.linkedin.com\/company\/instituto-de-engenharia\/","https:\/\/www.youtube.com\/channel\/UCXiCAlsSMe977vamW915HxA"]},{"@type":"Person","@id":"https:\/\/www.institutodeengenharia.org.br\/site\/#\/schema\/person\/593dc356630173a4877a635d3e5fd76b","name":"Isabel","image":{"@type":"ImageObject","inLanguage":"pt-BR","@id":"https:\/\/secure.gravatar.com\/avatar\/f3c521db63ec9db17894f10a88c6a3cf95b2281d7f80eeb3cf3ef1cb091576e7?s=96&d=mm&r=g","url":"https:\/\/secure.gravatar.com\/avatar\/f3c521db63ec9db17894f10a88c6a3cf95b2281d7f80eeb3cf3ef1cb091576e7?s=96&d=mm&r=g","contentUrl":"https:\/\/secure.gravatar.com\/avatar\/f3c521db63ec9db17894f10a88c6a3cf95b2281d7f80eeb3cf3ef1cb091576e7?s=96&d=mm&r=g","caption":"Isabel"},"url":"https:\/\/www.institutodeengenharia.org.br\/site\/author\/comunicacao2\/"}]}},"_links":{"self":[{"href":"https:\/\/www.institutodeengenharia.org.br\/site\/wp-json\/wp\/v2\/posts\/114706","targetHints":{"allow":["GET"]}}],"collection":[{"href":"https:\/\/www.institutodeengenharia.org.br\/site\/wp-json\/wp\/v2\/posts"}],"about":[{"href":"https:\/\/www.institutodeengenharia.org.br\/site\/wp-json\/wp\/v2\/types\/post"}],"author":[{"embeddable":true,"href":"https:\/\/www.institutodeengenharia.org.br\/site\/wp-json\/wp\/v2\/users\/14"}],"replies":[{"embeddable":true,"href":"https:\/\/www.institutodeengenharia.org.br\/site\/wp-json\/wp\/v2\/comments?post=114706"}],"version-history":[{"count":1,"href":"https:\/\/www.institutodeengenharia.org.br\/site\/wp-json\/wp\/v2\/posts\/114706\/revisions"}],"predecessor-version":[{"id":114709,"href":"https:\/\/www.institutodeengenharia.org.br\/site\/wp-json\/wp\/v2\/posts\/114706\/revisions\/114709"}],"wp:featuredmedia":[{"embeddable":true,"href":"https:\/\/www.institutodeengenharia.org.br\/site\/wp-json\/wp\/v2\/media\/114707"}],"wp:attachment":[{"href":"https:\/\/www.institutodeengenharia.org.br\/site\/wp-json\/wp\/v2\/media?parent=114706"}],"wp:term":[{"taxonomy":"category","embeddable":true,"href":"https:\/\/www.institutodeengenharia.org.br\/site\/wp-json\/wp\/v2\/categories?post=114706"},{"taxonomy":"post_tag","embeddable":true,"href":"https:\/\/www.institutodeengenharia.org.br\/site\/wp-json\/wp\/v2\/tags?post=114706"}],"curies":[{"name":"wp","href":"https:\/\/api.w.org\/{rel}","templated":true}]}}