{"id":114515,"date":"2023-11-10T15:18:40","date_gmt":"2023-11-10T18:18:40","guid":{"rendered":"https:\/\/www.institutodeengenharia.org.br\/site\/?p=114515"},"modified":"2023-11-13T17:25:56","modified_gmt":"2023-11-13T20:25:56","slug":"enterramento-de-fios-entenda-por-que-o-problema-nunca-e-resolvido","status":"publish","type":"post","link":"https:\/\/www.institutodeengenharia.org.br\/site\/2023\/11\/10\/enterramento-de-fios-entenda-por-que-o-problema-nunca-e-resolvido\/","title":{"rendered":"Veja S\u00e3o Paulo &#8211; Enterramento de fios: entenda por que o problema nunca \u00e9 resolvido"},"content":{"rendered":"<p style=\"text-align: center;\"><em>Leia a mat\u00e9ria com entrevista concedida por Paulo Barreto, coordenador da Divis\u00e3o de Sistemas do Instituto de Engenharia\u00a0<\/em><\/p>\n<p>Na noite de sexta-feira (3), ventos de mais de 100 quil\u00f4metros por hora varreram a regi\u00e3o metropolitana de S\u00e3o Paulo, derrubaram 1 400 \u00e1rvores, deixaram oito pessoas mortas e 2,1 milh\u00f5es sem luz \u2014 ao menos 100 000 im\u00f3veis permaneciam desabastecidos quatro dias ap\u00f3s o temporal. Outro efeito da tempestade: prefeitura, empresas e sociedade voltaram a debater o enterramento dos fios da capital, onde\u00a094% da malha ainda utiliza os postes \u2014 mas, como acontece sempre que o assunto esquenta, chovem desculpas para adiar a mudan\u00e7a.<\/p>\n<p>A primeira lei que tentou criar uma S\u00e3o Paulo com cabos subterr\u00e2neos foi sancionada pelo ent\u00e3o prefeito Jos\u00e9 Serra (PSDB), em 2005. A norma previa que as empresas que usam os postes teriam de enterrar 250 quil\u00f4metros de fia\u00e7\u00e3o por ano, o que livraria a capital dos fios em 24 anos. A AES Eletropaulo, distribuidora de energia \u00e0 \u00e9poca, barrou o plano na Justi\u00e7a ao alegar que n\u00e3o cabia \u00e0 prefeitura, mas a \u00f3rg\u00e3os federais, formular diretrizes sobre o tema. A empresa amea\u00e7ava triplicar a conta de luz para pagar pelo eventual enterramento, que dizia custar perto de 100 bilh\u00f5es de reais. Gest\u00f5es posteriores, como as de Fernando Haddad (PT) e Jo\u00e3o Doria (PSDB), criaram projetos para impulsionar o enterramento, mas esbarraram nas mesmas\u00a0resist\u00eancias e as obras sempre andaram devagar.<\/p>\n<p>O programa em curso, batizado de SP sem Fios, \u00e9 mais modesto. Acontece s\u00f3 em \u00e1reas onde j\u00e1 houve o enterramento da rede el\u00e9trica pela Enel, a atual concession\u00e1ria, e busca que as outras empresas (como as de telecomunica\u00e7\u00f5es) enterrem os pr\u00f3prios cabos \u2014 mas a gest\u00e3o municipal ressalva, em nota, que essas companhias \u201cn\u00e3o s\u00e3o obrigadas a enterr\u00e1-los\u201d. O projeto tem o objetivo total de eliminar\u00a065,2 quil\u00f4metros de fia\u00e7\u00e3o at\u00e9 o fim de 2024 \u2014 de um total de 43 000 na cidade.<\/p>\n<p>Ap\u00f3s o temporal, Ricardo Nunes (MDB) sugeriu que uma mudan\u00e7a ampla poderia demandar a cria\u00e7\u00e3o de um novo tributo. Nos \u00faltimos dois anos, prefeitura e Minist\u00e9rio P\u00fablico elaboram um projeto para nortear o enterramento dos fios. A proposta em an\u00e1lise determina que um ter\u00e7o dos custos seria pago pelos contribuintes das \u00e1reas contempladas e o restante, pelos cofres p\u00fablicos. O plano, por ora, aponta para um modelo em que associa\u00e7\u00f5es de moradores manifestariam interesse na mudan\u00e7a. Participantes da iniciativa calculam que um apartamento de 80 metros quadrados pagaria entre 700 e 1 000 reais pelo enterramento. A ideia j\u00e1 teria interessados. \u201cQueremos ser uma das primeiras regi\u00f5es no projeto\u201d, diz Celia Marcondes, da associa\u00e7\u00e3o de moradores do Cerqueira C\u00e9sar. \u201cO projeto envolveria a requalifica\u00e7\u00e3o das cal\u00e7adas\u201d, diz o promotor Silvio Marques. \u201cA mudan\u00e7a teria de ser custeada pelo poder p\u00fablico. Na regra da Aneel (Ag\u00eancia Nacional de Energia El\u00e9trica), qualquer obra da Enel deve ter o menor custo poss\u00edvel para n\u00e3o impactar a tarifa\u201d, defende Marcio Jardim, da \u00e1rea de planejamento da Enel. \u201cAs redes subterr\u00e2neas s\u00e3o uma alternativa a ser estudada,\u00a0mas \u00e9 preciso garantir a correta aloca\u00e7\u00e3o dos custos\u201d, diz Sandoval Feitosa, diretor da Aneel.<\/p>\n<p>No in\u00edcio de setembro, a vereadora Cris Monteiro (Novo) protocolou um projeto de lei que obrigaria a prefeitura a elaborar em 180 dias um plano de ordenamento do subsolo para viabilizar o enterramento. \u201cO munic\u00edpio precisa definir quem paga o qu\u00ea\u201d, ela afirma. O projeto est\u00e1 sob an\u00e1lise da Comiss\u00e3o de Constitui\u00e7\u00e3o e Justi\u00e7a. Mesmo quando os moradores est\u00e3o dispostos a ajudar, o ritmo \u00e9 lento. \u201cNa Vila Ol\u00edmpia, come\u00e7amos a planejar o enterramento dos fios em 2002 e o projeto ainda n\u00e3o est\u00e1 conclu\u00eddo\u201d, diz Adalberto Bueno Netto, da Colmeia, entidade que investiu 30 milh\u00f5es para alargar avenidas da regi\u00e3o, permitindo a retirada dos postes. Na Rua Oscar Freire, a associa\u00e7\u00e3o local eliminou os fios de um trecho de 750 metros da via gra\u00e7as\u00a0a 8,5 milh\u00f5es investidos por uma empresa de cart\u00e3o de cr\u00e9dito, mas a obra, que iria durar seis meses, levou quase dois anos.<\/p>\n<p>\u201cO subterr\u00e2neo paulistano tem mapas imprecisos de dutos de \u00e1gua, esgoto e g\u00e1s. A obra \u00e9 quase artesanal\u201d, afirma Luiz Henrique Barbosa, presidente da associa\u00e7\u00e3o brasileira das empresas de telecomunica\u00e7\u00f5es (Telcomp). \u201cO enterramento seria, sim, o \u2018mundo ideal\u2019. Ele reduziria muito as interrup\u00e7\u00f5es como a que aconteceu agora\u201d, completa Paulo Barreto, do Instituto de Engenharia. \u201cMas tem um custo astron\u00f4mico\u201d, ele conclui.<\/p>\n<p><em>Fonte &#8211; <a href=\"https:\/\/vejasp.abril.com.br\/cidades\/enterramento-fios-sao-paulo-ricardo-nunes-imposto\">Veja S\u00e3o Paulo<\/a><\/em><\/p>\n<p>&nbsp;<\/p>\n<p>&nbsp;<\/p>\n<p>&nbsp;<\/p>\n<p>&nbsp;<\/p>\n<p>&nbsp;<\/p>\n<p>&nbsp;<\/p>\n","protected":false},"excerpt":{"rendered":"<p>Leia a mat\u00e9ria com entrevista concedida por Paulo Barreto, coordenador da Divis\u00e3o de Sistemas do Instituto de Engenharia\u00a0 Na noite de sexta-feira (3), ventos de mais de 100 quil\u00f4metros por hora varreram a regi\u00e3o metropolitana de S\u00e3o Paulo, derrubaram 1 400 \u00e1rvores, deixaram oito pessoas mortas e 2,1 milh\u00f5es sem luz \u2014 ao menos 100 [&hellip;]<\/p>\n","protected":false},"author":14,"featured_media":114520,"comment_status":"open","ping_status":"open","sticky":false,"template":"","format":"standard","meta":{"footnotes":""},"categories":[28,141],"tags":[1171],"class_list":{"0":"post-114515","1":"post","2":"type-post","3":"status-publish","4":"format-standard","5":"has-post-thumbnail","7":"category-ie-na-midia","8":"category-noticias-menu","9":"tag-destaque-abaixo"},"yoast_head":"<!-- This site is optimized with the Yoast SEO plugin v27.2 - https:\/\/yoast.com\/product\/yoast-seo-wordpress\/ -->\n<title>Veja S\u00e3o Paulo - Enterramento de fios: entenda por que o problema nunca \u00e9 resolvido - Instituto de Engenharia<\/title>\n<meta name=\"robots\" content=\"index, follow, max-snippet:-1, max-image-preview:large, max-video-preview:-1\" \/>\n<link rel=\"canonical\" href=\"https:\/\/www.institutodeengenharia.org.br\/site\/2023\/11\/10\/enterramento-de-fios-entenda-por-que-o-problema-nunca-e-resolvido\/\" \/>\n<meta property=\"og:locale\" content=\"pt_BR\" \/>\n<meta property=\"og:type\" content=\"article\" \/>\n<meta property=\"og:title\" content=\"Veja S\u00e3o Paulo - Enterramento de fios: entenda por que o problema nunca \u00e9 resolvido - Instituto de Engenharia\" \/>\n<meta property=\"og:description\" content=\"Leia a mat\u00e9ria com entrevista concedida por Paulo Barreto, coordenador da Divis\u00e3o de Sistemas do Instituto de Engenharia\u00a0 Na noite de sexta-feira (3), ventos de mais de 100 quil\u00f4metros por hora varreram a regi\u00e3o metropolitana de S\u00e3o Paulo, derrubaram 1 400 \u00e1rvores, deixaram oito pessoas mortas e 2,1 milh\u00f5es sem luz \u2014 ao menos 100 [&hellip;]\" \/>\n<meta property=\"og:url\" content=\"https:\/\/www.institutodeengenharia.org.br\/site\/2023\/11\/10\/enterramento-de-fios-entenda-por-que-o-problema-nunca-e-resolvido\/\" \/>\n<meta property=\"og:site_name\" content=\"Instituto de Engenharia\" \/>\n<meta property=\"article:publisher\" content=\"https:\/\/www.facebook.com\/institutodeengenharia\" \/>\n<meta property=\"article:published_time\" content=\"2023-11-10T18:18:40+00:00\" \/>\n<meta property=\"article:modified_time\" content=\"2023-11-13T20:25:56+00:00\" \/>\n<meta property=\"og:image\" content=\"https:\/\/www.institutodeengenharia.org.br\/site\/wp-content\/uploads\/2023\/11\/veja-fios.png\" \/>\n\t<meta property=\"og:image:width\" content=\"803\" \/>\n\t<meta property=\"og:image:height\" content=\"450\" \/>\n\t<meta property=\"og:image:type\" content=\"image\/png\" \/>\n<meta name=\"author\" content=\"Isabel\" \/>\n<meta name=\"twitter:card\" content=\"summary_large_image\" \/>\n<meta name=\"twitter:creator\" content=\"@iengenharia\" \/>\n<meta name=\"twitter:site\" content=\"@iengenharia\" \/>\n<meta name=\"twitter:label1\" content=\"Escrito por\" \/>\n\t<meta name=\"twitter:data1\" content=\"Isabel\" \/>\n\t<meta name=\"twitter:label2\" content=\"Est. tempo de leitura\" \/>\n\t<meta name=\"twitter:data2\" content=\"5 minutos\" \/>\n<script type=\"application\/ld+json\" class=\"yoast-schema-graph\">{\"@context\":\"https:\/\/schema.org\",\"@graph\":[{\"@type\":\"Article\",\"@id\":\"https:\/\/www.institutodeengenharia.org.br\/site\/2023\/11\/10\/enterramento-de-fios-entenda-por-que-o-problema-nunca-e-resolvido\/#article\",\"isPartOf\":{\"@id\":\"https:\/\/www.institutodeengenharia.org.br\/site\/2023\/11\/10\/enterramento-de-fios-entenda-por-que-o-problema-nunca-e-resolvido\/\"},\"author\":{\"name\":\"Isabel\",\"@id\":\"https:\/\/www.institutodeengenharia.org.br\/site\/#\/schema\/person\/593dc356630173a4877a635d3e5fd76b\"},\"headline\":\"Veja S\u00e3o Paulo &#8211; Enterramento de fios: entenda por que o problema nunca \u00e9 resolvido\",\"datePublished\":\"2023-11-10T18:18:40+00:00\",\"dateModified\":\"2023-11-13T20:25:56+00:00\",\"mainEntityOfPage\":{\"@id\":\"https:\/\/www.institutodeengenharia.org.br\/site\/2023\/11\/10\/enterramento-de-fios-entenda-por-que-o-problema-nunca-e-resolvido\/\"},\"wordCount\":799,\"commentCount\":0,\"publisher\":{\"@id\":\"https:\/\/www.institutodeengenharia.org.br\/site\/#organization\"},\"image\":{\"@id\":\"https:\/\/www.institutodeengenharia.org.br\/site\/2023\/11\/10\/enterramento-de-fios-entenda-por-que-o-problema-nunca-e-resolvido\/#primaryimage\"},\"thumbnailUrl\":\"https:\/\/www.institutodeengenharia.org.br\/site\/wp-content\/uploads\/2023\/11\/veja-fios.png\",\"keywords\":[\"destaque-abaixo\"],\"articleSection\":[\"IE NA M\u00cdDIA\",\"Not\u00edcias\"],\"inLanguage\":\"pt-BR\",\"potentialAction\":[{\"@type\":\"CommentAction\",\"name\":\"Comment\",\"target\":[\"https:\/\/www.institutodeengenharia.org.br\/site\/2023\/11\/10\/enterramento-de-fios-entenda-por-que-o-problema-nunca-e-resolvido\/#respond\"]}]},{\"@type\":\"WebPage\",\"@id\":\"https:\/\/www.institutodeengenharia.org.br\/site\/2023\/11\/10\/enterramento-de-fios-entenda-por-que-o-problema-nunca-e-resolvido\/\",\"url\":\"https:\/\/www.institutodeengenharia.org.br\/site\/2023\/11\/10\/enterramento-de-fios-entenda-por-que-o-problema-nunca-e-resolvido\/\",\"name\":\"Veja S\u00e3o Paulo - Enterramento de fios: entenda por que o problema nunca \u00e9 resolvido - Instituto de Engenharia\",\"isPartOf\":{\"@id\":\"https:\/\/www.institutodeengenharia.org.br\/site\/#website\"},\"primaryImageOfPage\":{\"@id\":\"https:\/\/www.institutodeengenharia.org.br\/site\/2023\/11\/10\/enterramento-de-fios-entenda-por-que-o-problema-nunca-e-resolvido\/#primaryimage\"},\"image\":{\"@id\":\"https:\/\/www.institutodeengenharia.org.br\/site\/2023\/11\/10\/enterramento-de-fios-entenda-por-que-o-problema-nunca-e-resolvido\/#primaryimage\"},\"thumbnailUrl\":\"https:\/\/www.institutodeengenharia.org.br\/site\/wp-content\/uploads\/2023\/11\/veja-fios.png\",\"datePublished\":\"2023-11-10T18:18:40+00:00\",\"dateModified\":\"2023-11-13T20:25:56+00:00\",\"breadcrumb\":{\"@id\":\"https:\/\/www.institutodeengenharia.org.br\/site\/2023\/11\/10\/enterramento-de-fios-entenda-por-que-o-problema-nunca-e-resolvido\/#breadcrumb\"},\"inLanguage\":\"pt-BR\",\"potentialAction\":[{\"@type\":\"ReadAction\",\"target\":[\"https:\/\/www.institutodeengenharia.org.br\/site\/2023\/11\/10\/enterramento-de-fios-entenda-por-que-o-problema-nunca-e-resolvido\/\"]}]},{\"@type\":\"ImageObject\",\"inLanguage\":\"pt-BR\",\"@id\":\"https:\/\/www.institutodeengenharia.org.br\/site\/2023\/11\/10\/enterramento-de-fios-entenda-por-que-o-problema-nunca-e-resolvido\/#primaryimage\",\"url\":\"https:\/\/www.institutodeengenharia.org.br\/site\/wp-content\/uploads\/2023\/11\/veja-fios.png\",\"contentUrl\":\"https:\/\/www.institutodeengenharia.org.br\/site\/wp-content\/uploads\/2023\/11\/veja-fios.png\",\"width\":803,\"height\":450,\"caption\":\"100 bilh\u00f5es de reais? Custo astron\u00f4mico (Gabinete Cris Monteiro\/Divulga\u00e7\u00e3o) Leia mais em: https:\/\/vejasp.abril.com.br\/cidades\/enterramento-fios-sao-paulo-ricardo-nunes-imposto\"},{\"@type\":\"BreadcrumbList\",\"@id\":\"https:\/\/www.institutodeengenharia.org.br\/site\/2023\/11\/10\/enterramento-de-fios-entenda-por-que-o-problema-nunca-e-resolvido\/#breadcrumb\",\"itemListElement\":[{\"@type\":\"ListItem\",\"position\":1,\"name\":\"In\u00edcio\",\"item\":\"https:\/\/www.institutodeengenharia.org.br\/site\/\"},{\"@type\":\"ListItem\",\"position\":2,\"name\":\"Veja S\u00e3o Paulo &#8211; Enterramento de fios: entenda por que o problema nunca \u00e9 resolvido\"}]},{\"@type\":\"WebSite\",\"@id\":\"https:\/\/www.institutodeengenharia.org.br\/site\/#website\",\"url\":\"https:\/\/www.institutodeengenharia.org.br\/site\/\",\"name\":\"Instituto de Engenharia\",\"description\":\"O Instituto de Engenharia promove a Engenharia em benef\u00edcio do desenvolvimento e da qualidade de vida da sociedade.\",\"publisher\":{\"@id\":\"https:\/\/www.institutodeengenharia.org.br\/site\/#organization\"},\"potentialAction\":[{\"@type\":\"SearchAction\",\"target\":{\"@type\":\"EntryPoint\",\"urlTemplate\":\"https:\/\/www.institutodeengenharia.org.br\/site\/?s={search_term_string}\"},\"query-input\":{\"@type\":\"PropertyValueSpecification\",\"valueRequired\":true,\"valueName\":\"search_term_string\"}}],\"inLanguage\":\"pt-BR\"},{\"@type\":\"Organization\",\"@id\":\"https:\/\/www.institutodeengenharia.org.br\/site\/#organization\",\"name\":\"Instituto de Engenharia\",\"url\":\"https:\/\/www.institutodeengenharia.org.br\/site\/\",\"logo\":{\"@type\":\"ImageObject\",\"inLanguage\":\"pt-BR\",\"@id\":\"https:\/\/www.institutodeengenharia.org.br\/site\/#\/schema\/logo\/image\/\",\"url\":\"https:\/\/www.institutodeengenharia.org.br\/site\/wp-content\/uploads\/2019\/03\/logo-novo-IE2018-1.jpg\",\"contentUrl\":\"https:\/\/www.institutodeengenharia.org.br\/site\/wp-content\/uploads\/2019\/03\/logo-novo-IE2018-1.jpg\",\"width\":1486,\"height\":1879,\"caption\":\"Instituto de Engenharia\"},\"image\":{\"@id\":\"https:\/\/www.institutodeengenharia.org.br\/site\/#\/schema\/logo\/image\/\"},\"sameAs\":[\"https:\/\/www.facebook.com\/institutodeengenharia\",\"https:\/\/x.com\/iengenharia\",\"https:\/\/www.instagram.com\/institutodeengenharia\/\",\"https:\/\/www.linkedin.com\/company\/instituto-de-engenharia\/\",\"https:\/\/www.youtube.com\/channel\/UCXiCAlsSMe977vamW915HxA\"]},{\"@type\":\"Person\",\"@id\":\"https:\/\/www.institutodeengenharia.org.br\/site\/#\/schema\/person\/593dc356630173a4877a635d3e5fd76b\",\"name\":\"Isabel\",\"image\":{\"@type\":\"ImageObject\",\"inLanguage\":\"pt-BR\",\"@id\":\"https:\/\/secure.gravatar.com\/avatar\/f3c521db63ec9db17894f10a88c6a3cf95b2281d7f80eeb3cf3ef1cb091576e7?s=96&d=mm&r=g\",\"url\":\"https:\/\/secure.gravatar.com\/avatar\/f3c521db63ec9db17894f10a88c6a3cf95b2281d7f80eeb3cf3ef1cb091576e7?s=96&d=mm&r=g\",\"contentUrl\":\"https:\/\/secure.gravatar.com\/avatar\/f3c521db63ec9db17894f10a88c6a3cf95b2281d7f80eeb3cf3ef1cb091576e7?s=96&d=mm&r=g\",\"caption\":\"Isabel\"},\"url\":\"https:\/\/www.institutodeengenharia.org.br\/site\/author\/comunicacao2\/\"}]}<\/script>\n<!-- \/ Yoast SEO plugin. -->","yoast_head_json":{"title":"Veja S\u00e3o Paulo - Enterramento de fios: entenda por que o problema nunca \u00e9 resolvido - Instituto de Engenharia","robots":{"index":"index","follow":"follow","max-snippet":"max-snippet:-1","max-image-preview":"max-image-preview:large","max-video-preview":"max-video-preview:-1"},"canonical":"https:\/\/www.institutodeengenharia.org.br\/site\/2023\/11\/10\/enterramento-de-fios-entenda-por-que-o-problema-nunca-e-resolvido\/","og_locale":"pt_BR","og_type":"article","og_title":"Veja S\u00e3o Paulo - Enterramento de fios: entenda por que o problema nunca \u00e9 resolvido - Instituto de Engenharia","og_description":"Leia a mat\u00e9ria com entrevista concedida por Paulo Barreto, coordenador da Divis\u00e3o de Sistemas do Instituto de Engenharia\u00a0 Na noite de sexta-feira (3), ventos de mais de 100 quil\u00f4metros por hora varreram a regi\u00e3o metropolitana de S\u00e3o Paulo, derrubaram 1 400 \u00e1rvores, deixaram oito pessoas mortas e 2,1 milh\u00f5es sem luz \u2014 ao menos 100 [&hellip;]","og_url":"https:\/\/www.institutodeengenharia.org.br\/site\/2023\/11\/10\/enterramento-de-fios-entenda-por-que-o-problema-nunca-e-resolvido\/","og_site_name":"Instituto de Engenharia","article_publisher":"https:\/\/www.facebook.com\/institutodeengenharia","article_published_time":"2023-11-10T18:18:40+00:00","article_modified_time":"2023-11-13T20:25:56+00:00","og_image":[{"width":803,"height":450,"url":"https:\/\/www.institutodeengenharia.org.br\/site\/wp-content\/uploads\/2023\/11\/veja-fios.png","type":"image\/png"}],"author":"Isabel","twitter_card":"summary_large_image","twitter_creator":"@iengenharia","twitter_site":"@iengenharia","twitter_misc":{"Escrito por":"Isabel","Est. tempo de leitura":"5 minutos"},"schema":{"@context":"https:\/\/schema.org","@graph":[{"@type":"Article","@id":"https:\/\/www.institutodeengenharia.org.br\/site\/2023\/11\/10\/enterramento-de-fios-entenda-por-que-o-problema-nunca-e-resolvido\/#article","isPartOf":{"@id":"https:\/\/www.institutodeengenharia.org.br\/site\/2023\/11\/10\/enterramento-de-fios-entenda-por-que-o-problema-nunca-e-resolvido\/"},"author":{"name":"Isabel","@id":"https:\/\/www.institutodeengenharia.org.br\/site\/#\/schema\/person\/593dc356630173a4877a635d3e5fd76b"},"headline":"Veja S\u00e3o Paulo &#8211; Enterramento de fios: entenda por que o problema nunca \u00e9 resolvido","datePublished":"2023-11-10T18:18:40+00:00","dateModified":"2023-11-13T20:25:56+00:00","mainEntityOfPage":{"@id":"https:\/\/www.institutodeengenharia.org.br\/site\/2023\/11\/10\/enterramento-de-fios-entenda-por-que-o-problema-nunca-e-resolvido\/"},"wordCount":799,"commentCount":0,"publisher":{"@id":"https:\/\/www.institutodeengenharia.org.br\/site\/#organization"},"image":{"@id":"https:\/\/www.institutodeengenharia.org.br\/site\/2023\/11\/10\/enterramento-de-fios-entenda-por-que-o-problema-nunca-e-resolvido\/#primaryimage"},"thumbnailUrl":"https:\/\/www.institutodeengenharia.org.br\/site\/wp-content\/uploads\/2023\/11\/veja-fios.png","keywords":["destaque-abaixo"],"articleSection":["IE NA M\u00cdDIA","Not\u00edcias"],"inLanguage":"pt-BR","potentialAction":[{"@type":"CommentAction","name":"Comment","target":["https:\/\/www.institutodeengenharia.org.br\/site\/2023\/11\/10\/enterramento-de-fios-entenda-por-que-o-problema-nunca-e-resolvido\/#respond"]}]},{"@type":"WebPage","@id":"https:\/\/www.institutodeengenharia.org.br\/site\/2023\/11\/10\/enterramento-de-fios-entenda-por-que-o-problema-nunca-e-resolvido\/","url":"https:\/\/www.institutodeengenharia.org.br\/site\/2023\/11\/10\/enterramento-de-fios-entenda-por-que-o-problema-nunca-e-resolvido\/","name":"Veja S\u00e3o Paulo - Enterramento de fios: entenda por que o problema nunca \u00e9 resolvido - Instituto de Engenharia","isPartOf":{"@id":"https:\/\/www.institutodeengenharia.org.br\/site\/#website"},"primaryImageOfPage":{"@id":"https:\/\/www.institutodeengenharia.org.br\/site\/2023\/11\/10\/enterramento-de-fios-entenda-por-que-o-problema-nunca-e-resolvido\/#primaryimage"},"image":{"@id":"https:\/\/www.institutodeengenharia.org.br\/site\/2023\/11\/10\/enterramento-de-fios-entenda-por-que-o-problema-nunca-e-resolvido\/#primaryimage"},"thumbnailUrl":"https:\/\/www.institutodeengenharia.org.br\/site\/wp-content\/uploads\/2023\/11\/veja-fios.png","datePublished":"2023-11-10T18:18:40+00:00","dateModified":"2023-11-13T20:25:56+00:00","breadcrumb":{"@id":"https:\/\/www.institutodeengenharia.org.br\/site\/2023\/11\/10\/enterramento-de-fios-entenda-por-que-o-problema-nunca-e-resolvido\/#breadcrumb"},"inLanguage":"pt-BR","potentialAction":[{"@type":"ReadAction","target":["https:\/\/www.institutodeengenharia.org.br\/site\/2023\/11\/10\/enterramento-de-fios-entenda-por-que-o-problema-nunca-e-resolvido\/"]}]},{"@type":"ImageObject","inLanguage":"pt-BR","@id":"https:\/\/www.institutodeengenharia.org.br\/site\/2023\/11\/10\/enterramento-de-fios-entenda-por-que-o-problema-nunca-e-resolvido\/#primaryimage","url":"https:\/\/www.institutodeengenharia.org.br\/site\/wp-content\/uploads\/2023\/11\/veja-fios.png","contentUrl":"https:\/\/www.institutodeengenharia.org.br\/site\/wp-content\/uploads\/2023\/11\/veja-fios.png","width":803,"height":450,"caption":"100 bilh\u00f5es de reais? Custo astron\u00f4mico (Gabinete Cris Monteiro\/Divulga\u00e7\u00e3o) Leia mais em: https:\/\/vejasp.abril.com.br\/cidades\/enterramento-fios-sao-paulo-ricardo-nunes-imposto"},{"@type":"BreadcrumbList","@id":"https:\/\/www.institutodeengenharia.org.br\/site\/2023\/11\/10\/enterramento-de-fios-entenda-por-que-o-problema-nunca-e-resolvido\/#breadcrumb","itemListElement":[{"@type":"ListItem","position":1,"name":"In\u00edcio","item":"https:\/\/www.institutodeengenharia.org.br\/site\/"},{"@type":"ListItem","position":2,"name":"Veja S\u00e3o Paulo &#8211; Enterramento de fios: entenda por que o problema nunca \u00e9 resolvido"}]},{"@type":"WebSite","@id":"https:\/\/www.institutodeengenharia.org.br\/site\/#website","url":"https:\/\/www.institutodeengenharia.org.br\/site\/","name":"Instituto de Engenharia","description":"O Instituto de Engenharia promove a Engenharia em benef\u00edcio do desenvolvimento e da qualidade de vida da sociedade.","publisher":{"@id":"https:\/\/www.institutodeengenharia.org.br\/site\/#organization"},"potentialAction":[{"@type":"SearchAction","target":{"@type":"EntryPoint","urlTemplate":"https:\/\/www.institutodeengenharia.org.br\/site\/?s={search_term_string}"},"query-input":{"@type":"PropertyValueSpecification","valueRequired":true,"valueName":"search_term_string"}}],"inLanguage":"pt-BR"},{"@type":"Organization","@id":"https:\/\/www.institutodeengenharia.org.br\/site\/#organization","name":"Instituto de Engenharia","url":"https:\/\/www.institutodeengenharia.org.br\/site\/","logo":{"@type":"ImageObject","inLanguage":"pt-BR","@id":"https:\/\/www.institutodeengenharia.org.br\/site\/#\/schema\/logo\/image\/","url":"https:\/\/www.institutodeengenharia.org.br\/site\/wp-content\/uploads\/2019\/03\/logo-novo-IE2018-1.jpg","contentUrl":"https:\/\/www.institutodeengenharia.org.br\/site\/wp-content\/uploads\/2019\/03\/logo-novo-IE2018-1.jpg","width":1486,"height":1879,"caption":"Instituto de Engenharia"},"image":{"@id":"https:\/\/www.institutodeengenharia.org.br\/site\/#\/schema\/logo\/image\/"},"sameAs":["https:\/\/www.facebook.com\/institutodeengenharia","https:\/\/x.com\/iengenharia","https:\/\/www.instagram.com\/institutodeengenharia\/","https:\/\/www.linkedin.com\/company\/instituto-de-engenharia\/","https:\/\/www.youtube.com\/channel\/UCXiCAlsSMe977vamW915HxA"]},{"@type":"Person","@id":"https:\/\/www.institutodeengenharia.org.br\/site\/#\/schema\/person\/593dc356630173a4877a635d3e5fd76b","name":"Isabel","image":{"@type":"ImageObject","inLanguage":"pt-BR","@id":"https:\/\/secure.gravatar.com\/avatar\/f3c521db63ec9db17894f10a88c6a3cf95b2281d7f80eeb3cf3ef1cb091576e7?s=96&d=mm&r=g","url":"https:\/\/secure.gravatar.com\/avatar\/f3c521db63ec9db17894f10a88c6a3cf95b2281d7f80eeb3cf3ef1cb091576e7?s=96&d=mm&r=g","contentUrl":"https:\/\/secure.gravatar.com\/avatar\/f3c521db63ec9db17894f10a88c6a3cf95b2281d7f80eeb3cf3ef1cb091576e7?s=96&d=mm&r=g","caption":"Isabel"},"url":"https:\/\/www.institutodeengenharia.org.br\/site\/author\/comunicacao2\/"}]}},"_links":{"self":[{"href":"https:\/\/www.institutodeengenharia.org.br\/site\/wp-json\/wp\/v2\/posts\/114515","targetHints":{"allow":["GET"]}}],"collection":[{"href":"https:\/\/www.institutodeengenharia.org.br\/site\/wp-json\/wp\/v2\/posts"}],"about":[{"href":"https:\/\/www.institutodeengenharia.org.br\/site\/wp-json\/wp\/v2\/types\/post"}],"author":[{"embeddable":true,"href":"https:\/\/www.institutodeengenharia.org.br\/site\/wp-json\/wp\/v2\/users\/14"}],"replies":[{"embeddable":true,"href":"https:\/\/www.institutodeengenharia.org.br\/site\/wp-json\/wp\/v2\/comments?post=114515"}],"version-history":[{"count":4,"href":"https:\/\/www.institutodeengenharia.org.br\/site\/wp-json\/wp\/v2\/posts\/114515\/revisions"}],"predecessor-version":[{"id":114546,"href":"https:\/\/www.institutodeengenharia.org.br\/site\/wp-json\/wp\/v2\/posts\/114515\/revisions\/114546"}],"wp:featuredmedia":[{"embeddable":true,"href":"https:\/\/www.institutodeengenharia.org.br\/site\/wp-json\/wp\/v2\/media\/114520"}],"wp:attachment":[{"href":"https:\/\/www.institutodeengenharia.org.br\/site\/wp-json\/wp\/v2\/media?parent=114515"}],"wp:term":[{"taxonomy":"category","embeddable":true,"href":"https:\/\/www.institutodeengenharia.org.br\/site\/wp-json\/wp\/v2\/categories?post=114515"},{"taxonomy":"post_tag","embeddable":true,"href":"https:\/\/www.institutodeengenharia.org.br\/site\/wp-json\/wp\/v2\/tags?post=114515"}],"curies":[{"name":"wp","href":"https:\/\/api.w.org\/{rel}","templated":true}]}}