{"id":114170,"date":"2023-11-01T09:52:14","date_gmt":"2023-11-01T12:52:14","guid":{"rendered":"https:\/\/www.institutodeengenharia.org.br\/site\/?p=114170"},"modified":"2023-11-01T09:52:14","modified_gmt":"2023-11-01T12:52:14","slug":"econcreto-e-o-projeto-vencedor-do-concurso-voce-inovando-o-futuro","status":"publish","type":"post","link":"https:\/\/www.institutodeengenharia.org.br\/site\/2023\/11\/01\/econcreto-e-o-projeto-vencedor-do-concurso-voce-inovando-o-futuro\/","title":{"rendered":"ECOncreto \u00e9 o projeto vencedor do concurso \u201cVoc\u00ea Inovando o Futuro\u201d"},"content":{"rendered":"<p>No \u00faltimo s\u00e1bado, 28, aconteceu em nossa sede a final da 2\u00aa Edi\u00e7\u00e3o do concurso \u201cVoc\u00ea Inovando o Futuro\u201d, realizado pela Escola de Engenharia da Universidade Presbiteriana Mackenzie que, nesta etapa final, teve a parceria do Instituto de Engenharia, que participou da comiss\u00e3o julgadora, e colabora\u00e7\u00e3o da vice-presidente de Assuntos Internos, Fl\u00e1via Bartkevicius Cruz.<\/p>\n<p>O presidente do Instituto de Engenharia, Jos\u00e9 Eduardo Jardim, fez a abertura do evento, ressaltando que \u201cA Engenharia \u00e9 uma carreira \u2013 em absolutamente todas as suas vertentes &#8211; fundamental e que desempenha um papel vital no avan\u00e7o da sociedade e na melhoria de sua qualidade de vida (&#8230;) e que, \u2018incentivar a curiosidade e a pensar como construir um futuro melhor para a sociedade \u00e9 o papel fundamental da Engenharia\u2019.<\/p>\n<p>Voltado para estudantes do Ensino M\u00e9dio, os alunos propuseram a\u00e7\u00f5es para a sustentabilidade do \u201cProjeto Integrador: Cidades Inteligentes\u201d, tema deste ano.<\/p>\n<p>O projeto ECOncreto \u2013 Sustentando o futuro! dos alunos do col\u00e9gio Visconde de Porto Seguro \u2013 Panamby, foi o grande vencedor. O projeto prop\u00f5e a diminui\u00e7\u00e3o da emiss\u00e3o de CO2. O grupo de alunos foi formado por Bruna Takaki Schmidt, Jos\u00e9 Henrique de Faria Gosch, Lucca Scavariello Zicari di Monte e Ronaldo de Barros Barreto Neto, com a orienta\u00e7\u00e3o da prof\u00aa M\u00f4nica Britto Pereira de Mello Barreto.<\/p>\n<p>Parab\u00e9ns a todos os participantes!<\/p>\n<p><img loading=\"lazy\" decoding=\"async\" class=\"alignnone  wp-image-114173\" src=\"https:\/\/www.institutodeengenharia.org.br\/site\/wp-content\/uploads\/2023\/11\/mack-2.png\" alt=\"\" width=\"521\" height=\"431\" srcset=\"https:\/\/www.institutodeengenharia.org.br\/site\/wp-content\/uploads\/2023\/11\/mack-2.png 757w, https:\/\/www.institutodeengenharia.org.br\/site\/wp-content\/uploads\/2023\/11\/mack-2-300x248.png 300w, https:\/\/www.institutodeengenharia.org.br\/site\/wp-content\/uploads\/2023\/11\/mack-2-696x576.png 696w, https:\/\/www.institutodeengenharia.org.br\/site\/wp-content\/uploads\/2023\/11\/mack-2-508x420.png 508w, https:\/\/www.institutodeengenharia.org.br\/site\/wp-content\/uploads\/2023\/11\/mack-2-600x496.png 600w\" sizes=\"auto, (max-width: 521px) 100vw, 521px\" \/><\/p>\n<p><strong>O concurso<\/strong><\/p>\n<p>Idealizado pela prof\u00aa Magda Aparecida Salgueiro Duro, coordenadora Geral de gradua\u00e7\u00e3o da Universidade Presbiteriana Mackenzie, em conjunto com outros professores da Escola de Engenharia (EE), o concurso leva aos estudantes do Ensino M\u00e9dio a proposta para o desenvolvimento de prot\u00f3tipos de projetos sustent\u00e1veis, \u00a0com a orienta\u00e7\u00e3o da equipe de professores das suas respectivas institui\u00e7\u00f5es, com apoio e assist\u00eancia da EE-UPM.<\/p>\n","protected":false},"excerpt":{"rendered":"<p>No \u00faltimo s\u00e1bado, 28, aconteceu em nossa sede a final da 2\u00aa Edi\u00e7\u00e3o do concurso \u201cVoc\u00ea Inovando o Futuro\u201d, realizado pela Escola de Engenharia da Universidade Presbiteriana Mackenzie que, nesta etapa final, teve a parceria do Instituto de Engenharia, que participou da comiss\u00e3o julgadora, e colabora\u00e7\u00e3o da vice-presidente de Assuntos Internos, Fl\u00e1via Bartkevicius Cruz. O [&hellip;]<\/p>\n","protected":false},"author":14,"featured_media":114172,"comment_status":"open","ping_status":"open","sticky":false,"template":"","format":"standard","meta":{"footnotes":""},"categories":[27,6],"tags":[],"class_list":{"0":"post-114170","1":"post","2":"type-post","3":"status-publish","4":"format-standard","5":"has-post-thumbnail","7":"category-instituto-de-engenharia","8":"category-noticias"},"yoast_head":"<!-- This site is optimized with the Yoast SEO plugin v27.2 - https:\/\/yoast.com\/product\/yoast-seo-wordpress\/ -->\n<title>ECOncreto \u00e9 o projeto vencedor do concurso \u201cVoc\u00ea Inovando o Futuro\u201d - Instituto de Engenharia<\/title>\n<meta name=\"robots\" content=\"index, follow, max-snippet:-1, max-image-preview:large, max-video-preview:-1\" \/>\n<link rel=\"canonical\" href=\"https:\/\/www.institutodeengenharia.org.br\/site\/2023\/11\/01\/econcreto-e-o-projeto-vencedor-do-concurso-voce-inovando-o-futuro\/\" \/>\n<meta property=\"og:locale\" content=\"pt_BR\" \/>\n<meta property=\"og:type\" content=\"article\" \/>\n<meta property=\"og:title\" content=\"ECOncreto \u00e9 o projeto vencedor do concurso \u201cVoc\u00ea Inovando o Futuro\u201d - Instituto de Engenharia\" \/>\n<meta property=\"og:description\" content=\"No \u00faltimo s\u00e1bado, 28, aconteceu em nossa sede a final da 2\u00aa Edi\u00e7\u00e3o do concurso \u201cVoc\u00ea Inovando o Futuro\u201d, realizado pela Escola de Engenharia da Universidade Presbiteriana Mackenzie que, nesta etapa final, teve a parceria do Instituto de Engenharia, que participou da comiss\u00e3o julgadora, e colabora\u00e7\u00e3o da vice-presidente de Assuntos Internos, Fl\u00e1via Bartkevicius Cruz. O [&hellip;]\" \/>\n<meta property=\"og:url\" content=\"https:\/\/www.institutodeengenharia.org.br\/site\/2023\/11\/01\/econcreto-e-o-projeto-vencedor-do-concurso-voce-inovando-o-futuro\/\" \/>\n<meta property=\"og:site_name\" content=\"Instituto de Engenharia\" \/>\n<meta property=\"article:publisher\" content=\"https:\/\/www.facebook.com\/institutodeengenharia\" \/>\n<meta property=\"article:published_time\" content=\"2023-11-01T12:52:14+00:00\" \/>\n<meta property=\"og:image\" content=\"https:\/\/www.institutodeengenharia.org.br\/site\/wp-content\/uploads\/2023\/11\/mack.png\" \/>\n\t<meta property=\"og:image:width\" content=\"851\" \/>\n\t<meta property=\"og:image:height\" content=\"561\" \/>\n\t<meta property=\"og:image:type\" content=\"image\/png\" \/>\n<meta name=\"author\" content=\"Isabel\" \/>\n<meta name=\"twitter:card\" content=\"summary_large_image\" \/>\n<meta name=\"twitter:creator\" content=\"@iengenharia\" \/>\n<meta name=\"twitter:site\" content=\"@iengenharia\" \/>\n<meta name=\"twitter:label1\" content=\"Escrito por\" \/>\n\t<meta name=\"twitter:data1\" content=\"Isabel\" \/>\n\t<meta name=\"twitter:label2\" content=\"Est. tempo de leitura\" \/>\n\t<meta name=\"twitter:data2\" content=\"2 minutos\" \/>\n<script type=\"application\/ld+json\" class=\"yoast-schema-graph\">{\"@context\":\"https:\/\/schema.org\",\"@graph\":[{\"@type\":\"Article\",\"@id\":\"https:\/\/www.institutodeengenharia.org.br\/site\/2023\/11\/01\/econcreto-e-o-projeto-vencedor-do-concurso-voce-inovando-o-futuro\/#article\",\"isPartOf\":{\"@id\":\"https:\/\/www.institutodeengenharia.org.br\/site\/2023\/11\/01\/econcreto-e-o-projeto-vencedor-do-concurso-voce-inovando-o-futuro\/\"},\"author\":{\"name\":\"Isabel\",\"@id\":\"https:\/\/www.institutodeengenharia.org.br\/site\/#\/schema\/person\/593dc356630173a4877a635d3e5fd76b\"},\"headline\":\"ECOncreto \u00e9 o projeto vencedor do concurso \u201cVoc\u00ea Inovando o Futuro\u201d\",\"datePublished\":\"2023-11-01T12:52:14+00:00\",\"mainEntityOfPage\":{\"@id\":\"https:\/\/www.institutodeengenharia.org.br\/site\/2023\/11\/01\/econcreto-e-o-projeto-vencedor-do-concurso-voce-inovando-o-futuro\/\"},\"wordCount\":304,\"commentCount\":0,\"publisher\":{\"@id\":\"https:\/\/www.institutodeengenharia.org.br\/site\/#organization\"},\"image\":{\"@id\":\"https:\/\/www.institutodeengenharia.org.br\/site\/2023\/11\/01\/econcreto-e-o-projeto-vencedor-do-concurso-voce-inovando-o-futuro\/#primaryimage\"},\"thumbnailUrl\":\"https:\/\/www.institutodeengenharia.org.br\/site\/wp-content\/uploads\/2023\/11\/mack.png\",\"articleSection\":[\"Instituto de Engenharia\",\"Not\u00edcias\"],\"inLanguage\":\"pt-BR\",\"potentialAction\":[{\"@type\":\"CommentAction\",\"name\":\"Comment\",\"target\":[\"https:\/\/www.institutodeengenharia.org.br\/site\/2023\/11\/01\/econcreto-e-o-projeto-vencedor-do-concurso-voce-inovando-o-futuro\/#respond\"]}]},{\"@type\":\"WebPage\",\"@id\":\"https:\/\/www.institutodeengenharia.org.br\/site\/2023\/11\/01\/econcreto-e-o-projeto-vencedor-do-concurso-voce-inovando-o-futuro\/\",\"url\":\"https:\/\/www.institutodeengenharia.org.br\/site\/2023\/11\/01\/econcreto-e-o-projeto-vencedor-do-concurso-voce-inovando-o-futuro\/\",\"name\":\"ECOncreto \u00e9 o projeto vencedor do concurso \u201cVoc\u00ea Inovando o Futuro\u201d - Instituto de Engenharia\",\"isPartOf\":{\"@id\":\"https:\/\/www.institutodeengenharia.org.br\/site\/#website\"},\"primaryImageOfPage\":{\"@id\":\"https:\/\/www.institutodeengenharia.org.br\/site\/2023\/11\/01\/econcreto-e-o-projeto-vencedor-do-concurso-voce-inovando-o-futuro\/#primaryimage\"},\"image\":{\"@id\":\"https:\/\/www.institutodeengenharia.org.br\/site\/2023\/11\/01\/econcreto-e-o-projeto-vencedor-do-concurso-voce-inovando-o-futuro\/#primaryimage\"},\"thumbnailUrl\":\"https:\/\/www.institutodeengenharia.org.br\/site\/wp-content\/uploads\/2023\/11\/mack.png\",\"datePublished\":\"2023-11-01T12:52:14+00:00\",\"breadcrumb\":{\"@id\":\"https:\/\/www.institutodeengenharia.org.br\/site\/2023\/11\/01\/econcreto-e-o-projeto-vencedor-do-concurso-voce-inovando-o-futuro\/#breadcrumb\"},\"inLanguage\":\"pt-BR\",\"potentialAction\":[{\"@type\":\"ReadAction\",\"target\":[\"https:\/\/www.institutodeengenharia.org.br\/site\/2023\/11\/01\/econcreto-e-o-projeto-vencedor-do-concurso-voce-inovando-o-futuro\/\"]}]},{\"@type\":\"ImageObject\",\"inLanguage\":\"pt-BR\",\"@id\":\"https:\/\/www.institutodeengenharia.org.br\/site\/2023\/11\/01\/econcreto-e-o-projeto-vencedor-do-concurso-voce-inovando-o-futuro\/#primaryimage\",\"url\":\"https:\/\/www.institutodeengenharia.org.br\/site\/wp-content\/uploads\/2023\/11\/mack.png\",\"contentUrl\":\"https:\/\/www.institutodeengenharia.org.br\/site\/wp-content\/uploads\/2023\/11\/mack.png\",\"width\":851,\"height\":561,\"caption\":\"Ao centro, Jos\u00e9 Eduardo Jardim, presidente do IE\"},{\"@type\":\"BreadcrumbList\",\"@id\":\"https:\/\/www.institutodeengenharia.org.br\/site\/2023\/11\/01\/econcreto-e-o-projeto-vencedor-do-concurso-voce-inovando-o-futuro\/#breadcrumb\",\"itemListElement\":[{\"@type\":\"ListItem\",\"position\":1,\"name\":\"In\u00edcio\",\"item\":\"https:\/\/www.institutodeengenharia.org.br\/site\/\"},{\"@type\":\"ListItem\",\"position\":2,\"name\":\"ECOncreto \u00e9 o projeto vencedor do concurso \u201cVoc\u00ea Inovando o Futuro\u201d\"}]},{\"@type\":\"WebSite\",\"@id\":\"https:\/\/www.institutodeengenharia.org.br\/site\/#website\",\"url\":\"https:\/\/www.institutodeengenharia.org.br\/site\/\",\"name\":\"Instituto de Engenharia\",\"description\":\"O Instituto de Engenharia promove a Engenharia em benef\u00edcio do desenvolvimento e da qualidade de vida da sociedade.\",\"publisher\":{\"@id\":\"https:\/\/www.institutodeengenharia.org.br\/site\/#organization\"},\"potentialAction\":[{\"@type\":\"SearchAction\",\"target\":{\"@type\":\"EntryPoint\",\"urlTemplate\":\"https:\/\/www.institutodeengenharia.org.br\/site\/?s={search_term_string}\"},\"query-input\":{\"@type\":\"PropertyValueSpecification\",\"valueRequired\":true,\"valueName\":\"search_term_string\"}}],\"inLanguage\":\"pt-BR\"},{\"@type\":\"Organization\",\"@id\":\"https:\/\/www.institutodeengenharia.org.br\/site\/#organization\",\"name\":\"Instituto de Engenharia\",\"url\":\"https:\/\/www.institutodeengenharia.org.br\/site\/\",\"logo\":{\"@type\":\"ImageObject\",\"inLanguage\":\"pt-BR\",\"@id\":\"https:\/\/www.institutodeengenharia.org.br\/site\/#\/schema\/logo\/image\/\",\"url\":\"https:\/\/www.institutodeengenharia.org.br\/site\/wp-content\/uploads\/2019\/03\/logo-novo-IE2018-1.jpg\",\"contentUrl\":\"https:\/\/www.institutodeengenharia.org.br\/site\/wp-content\/uploads\/2019\/03\/logo-novo-IE2018-1.jpg\",\"width\":1486,\"height\":1879,\"caption\":\"Instituto de Engenharia\"},\"image\":{\"@id\":\"https:\/\/www.institutodeengenharia.org.br\/site\/#\/schema\/logo\/image\/\"},\"sameAs\":[\"https:\/\/www.facebook.com\/institutodeengenharia\",\"https:\/\/x.com\/iengenharia\",\"https:\/\/www.instagram.com\/institutodeengenharia\/\",\"https:\/\/www.linkedin.com\/company\/instituto-de-engenharia\/\",\"https:\/\/www.youtube.com\/channel\/UCXiCAlsSMe977vamW915HxA\"]},{\"@type\":\"Person\",\"@id\":\"https:\/\/www.institutodeengenharia.org.br\/site\/#\/schema\/person\/593dc356630173a4877a635d3e5fd76b\",\"name\":\"Isabel\",\"image\":{\"@type\":\"ImageObject\",\"inLanguage\":\"pt-BR\",\"@id\":\"https:\/\/secure.gravatar.com\/avatar\/f3c521db63ec9db17894f10a88c6a3cf95b2281d7f80eeb3cf3ef1cb091576e7?s=96&d=mm&r=g\",\"url\":\"https:\/\/secure.gravatar.com\/avatar\/f3c521db63ec9db17894f10a88c6a3cf95b2281d7f80eeb3cf3ef1cb091576e7?s=96&d=mm&r=g\",\"contentUrl\":\"https:\/\/secure.gravatar.com\/avatar\/f3c521db63ec9db17894f10a88c6a3cf95b2281d7f80eeb3cf3ef1cb091576e7?s=96&d=mm&r=g\",\"caption\":\"Isabel\"},\"url\":\"https:\/\/www.institutodeengenharia.org.br\/site\/author\/comunicacao2\/\"}]}<\/script>\n<!-- \/ Yoast SEO plugin. -->","yoast_head_json":{"title":"ECOncreto \u00e9 o projeto vencedor do concurso \u201cVoc\u00ea Inovando o Futuro\u201d - Instituto de Engenharia","robots":{"index":"index","follow":"follow","max-snippet":"max-snippet:-1","max-image-preview":"max-image-preview:large","max-video-preview":"max-video-preview:-1"},"canonical":"https:\/\/www.institutodeengenharia.org.br\/site\/2023\/11\/01\/econcreto-e-o-projeto-vencedor-do-concurso-voce-inovando-o-futuro\/","og_locale":"pt_BR","og_type":"article","og_title":"ECOncreto \u00e9 o projeto vencedor do concurso \u201cVoc\u00ea Inovando o Futuro\u201d - Instituto de Engenharia","og_description":"No \u00faltimo s\u00e1bado, 28, aconteceu em nossa sede a final da 2\u00aa Edi\u00e7\u00e3o do concurso \u201cVoc\u00ea Inovando o Futuro\u201d, realizado pela Escola de Engenharia da Universidade Presbiteriana Mackenzie que, nesta etapa final, teve a parceria do Instituto de Engenharia, que participou da comiss\u00e3o julgadora, e colabora\u00e7\u00e3o da vice-presidente de Assuntos Internos, Fl\u00e1via Bartkevicius Cruz. O [&hellip;]","og_url":"https:\/\/www.institutodeengenharia.org.br\/site\/2023\/11\/01\/econcreto-e-o-projeto-vencedor-do-concurso-voce-inovando-o-futuro\/","og_site_name":"Instituto de Engenharia","article_publisher":"https:\/\/www.facebook.com\/institutodeengenharia","article_published_time":"2023-11-01T12:52:14+00:00","og_image":[{"width":851,"height":561,"url":"https:\/\/www.institutodeengenharia.org.br\/site\/wp-content\/uploads\/2023\/11\/mack.png","type":"image\/png"}],"author":"Isabel","twitter_card":"summary_large_image","twitter_creator":"@iengenharia","twitter_site":"@iengenharia","twitter_misc":{"Escrito por":"Isabel","Est. tempo de leitura":"2 minutos"},"schema":{"@context":"https:\/\/schema.org","@graph":[{"@type":"Article","@id":"https:\/\/www.institutodeengenharia.org.br\/site\/2023\/11\/01\/econcreto-e-o-projeto-vencedor-do-concurso-voce-inovando-o-futuro\/#article","isPartOf":{"@id":"https:\/\/www.institutodeengenharia.org.br\/site\/2023\/11\/01\/econcreto-e-o-projeto-vencedor-do-concurso-voce-inovando-o-futuro\/"},"author":{"name":"Isabel","@id":"https:\/\/www.institutodeengenharia.org.br\/site\/#\/schema\/person\/593dc356630173a4877a635d3e5fd76b"},"headline":"ECOncreto \u00e9 o projeto vencedor do concurso \u201cVoc\u00ea Inovando o Futuro\u201d","datePublished":"2023-11-01T12:52:14+00:00","mainEntityOfPage":{"@id":"https:\/\/www.institutodeengenharia.org.br\/site\/2023\/11\/01\/econcreto-e-o-projeto-vencedor-do-concurso-voce-inovando-o-futuro\/"},"wordCount":304,"commentCount":0,"publisher":{"@id":"https:\/\/www.institutodeengenharia.org.br\/site\/#organization"},"image":{"@id":"https:\/\/www.institutodeengenharia.org.br\/site\/2023\/11\/01\/econcreto-e-o-projeto-vencedor-do-concurso-voce-inovando-o-futuro\/#primaryimage"},"thumbnailUrl":"https:\/\/www.institutodeengenharia.org.br\/site\/wp-content\/uploads\/2023\/11\/mack.png","articleSection":["Instituto de Engenharia","Not\u00edcias"],"inLanguage":"pt-BR","potentialAction":[{"@type":"CommentAction","name":"Comment","target":["https:\/\/www.institutodeengenharia.org.br\/site\/2023\/11\/01\/econcreto-e-o-projeto-vencedor-do-concurso-voce-inovando-o-futuro\/#respond"]}]},{"@type":"WebPage","@id":"https:\/\/www.institutodeengenharia.org.br\/site\/2023\/11\/01\/econcreto-e-o-projeto-vencedor-do-concurso-voce-inovando-o-futuro\/","url":"https:\/\/www.institutodeengenharia.org.br\/site\/2023\/11\/01\/econcreto-e-o-projeto-vencedor-do-concurso-voce-inovando-o-futuro\/","name":"ECOncreto \u00e9 o projeto vencedor do concurso \u201cVoc\u00ea Inovando o Futuro\u201d - Instituto de Engenharia","isPartOf":{"@id":"https:\/\/www.institutodeengenharia.org.br\/site\/#website"},"primaryImageOfPage":{"@id":"https:\/\/www.institutodeengenharia.org.br\/site\/2023\/11\/01\/econcreto-e-o-projeto-vencedor-do-concurso-voce-inovando-o-futuro\/#primaryimage"},"image":{"@id":"https:\/\/www.institutodeengenharia.org.br\/site\/2023\/11\/01\/econcreto-e-o-projeto-vencedor-do-concurso-voce-inovando-o-futuro\/#primaryimage"},"thumbnailUrl":"https:\/\/www.institutodeengenharia.org.br\/site\/wp-content\/uploads\/2023\/11\/mack.png","datePublished":"2023-11-01T12:52:14+00:00","breadcrumb":{"@id":"https:\/\/www.institutodeengenharia.org.br\/site\/2023\/11\/01\/econcreto-e-o-projeto-vencedor-do-concurso-voce-inovando-o-futuro\/#breadcrumb"},"inLanguage":"pt-BR","potentialAction":[{"@type":"ReadAction","target":["https:\/\/www.institutodeengenharia.org.br\/site\/2023\/11\/01\/econcreto-e-o-projeto-vencedor-do-concurso-voce-inovando-o-futuro\/"]}]},{"@type":"ImageObject","inLanguage":"pt-BR","@id":"https:\/\/www.institutodeengenharia.org.br\/site\/2023\/11\/01\/econcreto-e-o-projeto-vencedor-do-concurso-voce-inovando-o-futuro\/#primaryimage","url":"https:\/\/www.institutodeengenharia.org.br\/site\/wp-content\/uploads\/2023\/11\/mack.png","contentUrl":"https:\/\/www.institutodeengenharia.org.br\/site\/wp-content\/uploads\/2023\/11\/mack.png","width":851,"height":561,"caption":"Ao centro, Jos\u00e9 Eduardo Jardim, presidente do IE"},{"@type":"BreadcrumbList","@id":"https:\/\/www.institutodeengenharia.org.br\/site\/2023\/11\/01\/econcreto-e-o-projeto-vencedor-do-concurso-voce-inovando-o-futuro\/#breadcrumb","itemListElement":[{"@type":"ListItem","position":1,"name":"In\u00edcio","item":"https:\/\/www.institutodeengenharia.org.br\/site\/"},{"@type":"ListItem","position":2,"name":"ECOncreto \u00e9 o projeto vencedor do concurso \u201cVoc\u00ea Inovando o Futuro\u201d"}]},{"@type":"WebSite","@id":"https:\/\/www.institutodeengenharia.org.br\/site\/#website","url":"https:\/\/www.institutodeengenharia.org.br\/site\/","name":"Instituto de Engenharia","description":"O Instituto de Engenharia promove a Engenharia em benef\u00edcio do desenvolvimento e da qualidade de vida da sociedade.","publisher":{"@id":"https:\/\/www.institutodeengenharia.org.br\/site\/#organization"},"potentialAction":[{"@type":"SearchAction","target":{"@type":"EntryPoint","urlTemplate":"https:\/\/www.institutodeengenharia.org.br\/site\/?s={search_term_string}"},"query-input":{"@type":"PropertyValueSpecification","valueRequired":true,"valueName":"search_term_string"}}],"inLanguage":"pt-BR"},{"@type":"Organization","@id":"https:\/\/www.institutodeengenharia.org.br\/site\/#organization","name":"Instituto de Engenharia","url":"https:\/\/www.institutodeengenharia.org.br\/site\/","logo":{"@type":"ImageObject","inLanguage":"pt-BR","@id":"https:\/\/www.institutodeengenharia.org.br\/site\/#\/schema\/logo\/image\/","url":"https:\/\/www.institutodeengenharia.org.br\/site\/wp-content\/uploads\/2019\/03\/logo-novo-IE2018-1.jpg","contentUrl":"https:\/\/www.institutodeengenharia.org.br\/site\/wp-content\/uploads\/2019\/03\/logo-novo-IE2018-1.jpg","width":1486,"height":1879,"caption":"Instituto de Engenharia"},"image":{"@id":"https:\/\/www.institutodeengenharia.org.br\/site\/#\/schema\/logo\/image\/"},"sameAs":["https:\/\/www.facebook.com\/institutodeengenharia","https:\/\/x.com\/iengenharia","https:\/\/www.instagram.com\/institutodeengenharia\/","https:\/\/www.linkedin.com\/company\/instituto-de-engenharia\/","https:\/\/www.youtube.com\/channel\/UCXiCAlsSMe977vamW915HxA"]},{"@type":"Person","@id":"https:\/\/www.institutodeengenharia.org.br\/site\/#\/schema\/person\/593dc356630173a4877a635d3e5fd76b","name":"Isabel","image":{"@type":"ImageObject","inLanguage":"pt-BR","@id":"https:\/\/secure.gravatar.com\/avatar\/f3c521db63ec9db17894f10a88c6a3cf95b2281d7f80eeb3cf3ef1cb091576e7?s=96&d=mm&r=g","url":"https:\/\/secure.gravatar.com\/avatar\/f3c521db63ec9db17894f10a88c6a3cf95b2281d7f80eeb3cf3ef1cb091576e7?s=96&d=mm&r=g","contentUrl":"https:\/\/secure.gravatar.com\/avatar\/f3c521db63ec9db17894f10a88c6a3cf95b2281d7f80eeb3cf3ef1cb091576e7?s=96&d=mm&r=g","caption":"Isabel"},"url":"https:\/\/www.institutodeengenharia.org.br\/site\/author\/comunicacao2\/"}]}},"_links":{"self":[{"href":"https:\/\/www.institutodeengenharia.org.br\/site\/wp-json\/wp\/v2\/posts\/114170","targetHints":{"allow":["GET"]}}],"collection":[{"href":"https:\/\/www.institutodeengenharia.org.br\/site\/wp-json\/wp\/v2\/posts"}],"about":[{"href":"https:\/\/www.institutodeengenharia.org.br\/site\/wp-json\/wp\/v2\/types\/post"}],"author":[{"embeddable":true,"href":"https:\/\/www.institutodeengenharia.org.br\/site\/wp-json\/wp\/v2\/users\/14"}],"replies":[{"embeddable":true,"href":"https:\/\/www.institutodeengenharia.org.br\/site\/wp-json\/wp\/v2\/comments?post=114170"}],"version-history":[{"count":1,"href":"https:\/\/www.institutodeengenharia.org.br\/site\/wp-json\/wp\/v2\/posts\/114170\/revisions"}],"predecessor-version":[{"id":114175,"href":"https:\/\/www.institutodeengenharia.org.br\/site\/wp-json\/wp\/v2\/posts\/114170\/revisions\/114175"}],"wp:featuredmedia":[{"embeddable":true,"href":"https:\/\/www.institutodeengenharia.org.br\/site\/wp-json\/wp\/v2\/media\/114172"}],"wp:attachment":[{"href":"https:\/\/www.institutodeengenharia.org.br\/site\/wp-json\/wp\/v2\/media?parent=114170"}],"wp:term":[{"taxonomy":"category","embeddable":true,"href":"https:\/\/www.institutodeengenharia.org.br\/site\/wp-json\/wp\/v2\/categories?post=114170"},{"taxonomy":"post_tag","embeddable":true,"href":"https:\/\/www.institutodeengenharia.org.br\/site\/wp-json\/wp\/v2\/tags?post=114170"}],"curies":[{"name":"wp","href":"https:\/\/api.w.org\/{rel}","templated":true}]}}