{"id":113719,"date":"2023-10-18T11:19:22","date_gmt":"2023-10-18T14:19:22","guid":{"rendered":"https:\/\/www.institutodeengenharia.org.br\/site\/?p=113719"},"modified":"2023-10-18T11:19:22","modified_gmt":"2023-10-18T14:19:22","slug":"discurso-do-presidente-jose-eduardo-frasca-poyares-jardim-para-cerimonia-engenheiro-do-ano-2023-proferido-por-miriana-marques-presidente-em-exercicio","status":"publish","type":"post","link":"https:\/\/www.institutodeengenharia.org.br\/site\/2023\/10\/18\/discurso-do-presidente-jose-eduardo-frasca-poyares-jardim-para-cerimonia-engenheiro-do-ano-2023-proferido-por-miriana-marques-presidente-em-exercicio\/","title":{"rendered":"Discurso do presidente Jos\u00e9 Eduardo Frasc\u00e1 Poyares Jardim, para cerim\u00f4nia Engenheiro do Ano 2023, proferido por Miriana Marques, presidente em Exerc\u00edcio"},"content":{"rendered":"<p>Boa noite a todos e aos que nos acompanham pelo site ou YouTube deste Instituto.<\/p>\n<p>Como uma atitude de nobreza e responsabilidade, nosso presidente se ausenta desta cerim\u00f4nia, que \u00e9 uma das mais importantes dessa Casa, por testar positivo para COVID-19, ontem \u00e0 noite. Sua aus\u00eancia se justifica para n\u00e3o colocar em risco a integridade f\u00edsica dos nossos convidados.<\/p>\n<p>Agradecemos a compreens\u00e3o de todos e desejamos pronta e completa melhora do nosso presidente, Jos\u00e9 Eduardo Jardim.<\/p>\n<p>Hoje, tenho a grande responsabilidade, como presidente em exerc\u00edcio, em presidir e receber a todos neste evento em que celebramos os 107 anos desta Casa e outorgamos \u00a0o t\u00edtulo de Eminente Engenheiro do Ano 2023, a SILVIO ROMERO DE LEMOS MEIRA, pelo seu visionarismo e o impacto de suas pesquisas no desenvolvimento do conhecimento e da inova\u00e7\u00e3o em tecnologia.<\/p>\n<p>Estendo meus agradecimentos ao engenheiro Vahan Agopyan, secret\u00e1rio de Ci\u00eancia, Tecnologia e Inova\u00e7\u00e3o do governo do Estado de S\u00e3o Paulo, \u00e0 secret\u00e1ria-Adjunta\u00a0 engenheira Adriana Siano Boggio Biazzi, da secretaria Municipal de Infraestrutura Urbana e Obras, representando o excelent\u00edssimo senhor prefeito da cidade de S\u00e3o Paulo, Ricardo Nunes, ao engenheiro Rui Arruda Camargo, presidente do nosso Conselho Consultivo, ao vice-presidente de Rela\u00e7\u00f5es Externas, engenheiro Lawrence Chung Koo, que far\u00e1 a sauda\u00e7\u00e3o ao homenageado, e a todos eminentes engenheiros dos anos anteriores aqui presentes, ex-presidentes, associados, colaboradores e amigos.<\/p>\n<p>Uma das minhas responsabilidades nesta noite, \u00e9 trazer a voc\u00eas as palavras do senhor presidente do Instituto de Engenharia, Jos\u00e9 Eduardo Jardim, que agora inicio:<\/p>\n<p>Desde os prim\u00f3rdios da civiliza\u00e7\u00e3o, os engenheiros t\u00eam desempenhado um papel fundamental na concep\u00e7\u00e3o, constru\u00e7\u00e3o e melhoria de infraestruturas, m\u00e1quinas e sistemas que moldaram nosso mundo.<\/p>\n<p>H\u00e1 mais de um s\u00e9culo, o Instituto de Engenharia foi idealizado pelos engenheiros Antonio Francisco de Paula Souza, Francisco Pereira Macambira, Jo\u00e3o Pedro da Veiga Miranda e Rodolpho Baptista Santiago, com o objetivo de iniciar uma jornada para o desenvolvimento da Engenharia Nacional que, desde ent\u00e3o, vem sendo transformadora para esta Casa.<\/p>\n<p>Por aqui passaram grandes nomes; profissionais que escolheram e acreditaram na Engenharia, que tem sido uma for\u00e7a motriz por tr\u00e1s do progresso humano. E que fizeram com que este Instituto participasse de grandes tem\u00e1ticas t\u00e9cnicas, como:<\/p>\n<p>A elabora\u00e7\u00e3o do primeiro plano diretor da capital do Estado de S\u00e3o Paulo.<\/p>\n<p>A idealiza\u00e7\u00e3o da Escola de Engenharia Mau\u00e1.<\/p>\n<p>A idealiza\u00e7\u00e3o e fomento do PRO\u00c1LCOOL, e<\/p>\n<p>A cria\u00e7\u00e3o da COSIPA, que alavancou fortemente nossa ind\u00fastria de base.<\/p>\n<p>Hoje, reunimos nessa Casa diversos engenheiros que doam o seu tempo em prol da dissemina\u00e7\u00e3o do conhecimento e de uma engenharia que incentiva e cria solu\u00e7\u00f5es que promovam a conserva\u00e7\u00e3o dos recursos naturais, o progresso da igualdade e do bem-estar da sociedade. (\u201cLembrando que, ao mesmo tempo, todas as nossas atividades s\u00e3o vinculadas a a\u00e7\u00f5es sociais, por meio do IE Solid\u00e1rio e das Sextas Culturais\u201d).<\/p>\n<p>Profissionais que fazem parte dos seis Departamentos, 34 Divis\u00f5es T\u00e9cnicas e grupos de trabalho, que se re\u00fanem, discutem e levam ao p\u00fablico em geral e aos jovens estudantes de Engenharia, temas essenciais. Gostaria de citar alguns deles:<\/p>\n<p>A evolu\u00e7\u00e3o do mercado do hidrog\u00eanio verde foi assunto de encontro no \u00faltimo m\u00eas, quando foram abordados todos os aspectos da tecnologia do H2V, desde a sua infraestrutura at\u00e9 a produ\u00e7\u00e3o e sua aplica\u00e7\u00e3o.<\/p>\n<p>Uma solu\u00e7\u00e3o promissora para o armazenamento e transporte de energia limpa, bem como para a redu\u00e7\u00e3o das emiss\u00f5es de carbono, aspectos que ter\u00e3o continuidade em eventos programados para 2024.<\/p>\n<p>Estamos organizando, tamb\u00e9m, para 2024, a segunda edi\u00e7\u00e3o do Simp\u00f3sio Internacional: Promovendo uma Amaz\u00f4nia Inovadora e Sustent\u00e1vel \u2013SIPAIS, com o tema Integra\u00e7\u00e3o ao Desenvolvimento Sustent\u00e1vel.<\/p>\n<p>Entre os pain\u00e9is previstos teremos assuntos como a Integra\u00e7\u00e3o Sustent\u00e1vel pelos Rios na Log\u00edstica de Transportes e os Cen\u00e1rios de Oportunidades e Fundos para uma Amaz\u00f4nia Integrada, entre outros assuntos.<\/p>\n<p>A Bioeconomia tem sido foco de estudo de um grupo, formado depois da premia\u00e7\u00e3o de seu colega de ITA, Carlos Nobre, como Eminente Engenheiro do Ano em 2020, e com todo apoio dele.<\/p>\n<p>O Brasil, com sua vasta biodiversidade, privilegiada matriz energ\u00e9tica e forte setor agr\u00edcola, al\u00e9m da bioeconomia da Amaz\u00f4nia, que engloba a produ\u00e7\u00e3o sustent\u00e1vel de bens e servi\u00e7os a partir de recursos biol\u00f3gicos, e \u00e9 uma \u00e1rea em ascens\u00e3o global, est\u00e1 singularmente posicionado para liderar na bioeconomia e na inova\u00e7\u00e3o.<\/p>\n<p>Ao canalizar esses recursos de forma sustent\u00e1vel, o nosso Pa\u00eds tem o potencial de impulsionar o crescimento econ\u00f4mico, gerar empregos e atrair investimento internacional. O grupo trabalha para a cria\u00e7\u00e3o de uma base de conhecimento robusta que possa sustentar o desenvolvimento de uma Estrat\u00e9gia Nacional de Bioeconomia, que nos ajude a transformar essas ASPIRA\u00c7\u00d5ES em CAPACIDADES, (&#8220;como bem definiria o engenheiro Silvio Meira&#8221;).<\/p>\n<p>Desde 2021, o Instituto de Engenharia, a ABEMI e o SINICON \u00a0constitu\u00edram o Instituto ProEC 4.0 (Programa Brasileiro de Engenharia e Constru\u00e7\u00e3o 4.0), uma institui\u00e7\u00e3o de ci\u00eancia e tecnologia, de car\u00e1ter privado e sem fins lucrativos, que est\u00e1 instalado no N\u00facleo de Engenharia e Constru\u00e7\u00e3o de Sorocaba.<\/p>\n<p>O objetivo do ProEC 4.0 \u00e9 estimular, fomentar e prover pesquisas e desenvolvimentos de inova\u00e7\u00f5es tecnol\u00f3gicas para as atividades do setor de Engenharia e Constru\u00e7\u00e3o; al\u00e9m de disseminar a produ\u00e7\u00e3o e transfer\u00eancia de conhecimento tecnol\u00f3gico.<\/p>\n<p>E outros temas de suma import\u00e2ncia para o bem-estar da sociedade, seguem em discuss\u00e3o nesta Casa. Discuss\u00f5es que culminam em propostas de projetos, que n\u00e3o ficam s\u00f3 em quatro paredes, mas que s\u00e3o levados \u00e0s esferas dos governos municipais, estaduais e federal, como a \u201cGovernan\u00e7a Metropolitana dos Transportes\u201d, \u201cA Hidrovia como vetor de Desenvolvimento e de Integra\u00e7\u00e3o Multimodal do Brasil e da Am\u00e9rica do Sul\u201d, a \u201cOcupa\u00e7\u00e3o Sustent\u00e1vel do Territ\u00f3rio Nacional pela Ferrovia Associada ao Agroneg\u00f3cio\u201d e as \u201cDiretrizes para a universaliza\u00e7\u00e3o do saneamento\u201d.<\/p>\n<p>Temas ligados a diversas vertentes da Engenharia, que acabam se encontrando em tr\u00eas aspectos em comum: o homem, a Engenharia e a tecnologia.<\/p>\n<p>A Intelig\u00eancia Artificial, na Engenharia, desempenha um papel primordial na cria\u00e7\u00e3o de sistemas e, sua aplica\u00e7\u00e3o, est\u00e1 transformando a maneira como os seres humanos abordam desafios t\u00e9cnicos, cient\u00edficos e sociais.<\/p>\n<p>Quando o Instituto de Engenharia foi fundado, h\u00e1 mais de um s\u00e9culo, ou at\u00e9 mesmo quando foi criado o t\u00edtulo de Eminente Engenheiro, h\u00e1 60 anos, a evolu\u00e7\u00e3o da engenharia at\u00e9 a intelig\u00eancia artificial foi, e \u00e9, uma narrativa de progresso cont\u00ednuo, \u00e0 medida que os avan\u00e7os tecnol\u00f3gicos se acumularam e se complementaram. A Intelig\u00eancia Artificial representa a pr\u00f3xima fronteira, capacitando engenheiros a resolver problemas de maneiras cada vez mais sofisticadas e eficazes, impulsionando a inova\u00e7\u00e3o em muitos campos da Engenharia.<\/p>\n<p>A juventude \u00e9 tecnol\u00f3gica e isso j\u00e1 est\u00e1 t\u00e3o enraizado que, \u00e0s vezes, ningu\u00e9m se lembra da Engenharia, pois muitas coisas s\u00e3o invis\u00edveis. A Engenharia est\u00e1 no macro e no micro, no espa\u00e7o e na palma da sua m\u00e3o. Temos que valorizar a Engenharia e a nossa amplitude. Entretanto, sem nunca esquecer que, por tr\u00e1s de toda a evolu\u00e7\u00e3o da tecnologia, que vem a uma velocidade enorme dia ap\u00f3s dia, sempre teremos a intelig\u00eancia do Homem. Somos seres humanos &#8211; e devemos \u201cser humanos\u201d -, eternos aprendentes e, qualquer ferramenta que exista, n\u00e3o vai nos substituir.<\/p>\n<p>Essa ess\u00eancia do \u201cser humano\u201d que nos faz estar aqui hoje.<\/p>\n<p>Durante 60 anos, completos agora em 2023, outorgamos o t\u00edtulo de Eminente Engenheiro do Ano aos profissionais de destacada atua\u00e7\u00e3o no meio, que tenham uma carreira marcada por cont\u00ednuas contribui\u00e7\u00f5es para a eleva\u00e7\u00e3o e para o aprimoramento da Engenharia Nacional.<\/p>\n<p>Profissionais que sonharam, se dedicaram e realizaram. Pessoas que nos inspiraram e inspiram os jovens engenheiros; jovens engenheiros e engenheiras, que ser\u00e3o o elo entre as tecnologias consagradas e as novas tecnologias.<\/p>\n<p>Queremos criar um novo ecossistema no Instituto de Engenharia; fazer a transi\u00e7\u00e3o do que j\u00e1 est\u00e1 consolidado para um futuro tecnol\u00f3gico, que far\u00e1 a diferen\u00e7a e contribuir\u00e1 para o crescimento da sociedade e do Pa\u00eds.<\/p>\n<p>Hoje homenageamos o \u201cser humano\u201d-engenheiro-cientista, que mostrou para o Pa\u00eds a import\u00e2ncia da inova\u00e7\u00e3o e que idealizou um dos mais importantes polos de tecnologia do mundo.<\/p>\n<p>Silvio Meira \u00e9 uma grande honra t\u00ea-lo aqui e receb\u00ea-lo em nossa Casa. Parab\u00e9ns pelo t\u00edtulo de Eminente Engenheiro do Ano 2023 e, parab\u00e9ns ao nosso querido Instituto de Engenharia pelos seus 107 anos de luta pela Engenharia Nacional!<\/p>\n<p><strong>\u00a0<\/strong><\/p>\n","protected":false},"excerpt":{"rendered":"<p>Boa noite a todos e aos que nos acompanham pelo site ou YouTube deste Instituto. Como uma atitude de nobreza e responsabilidade, nosso presidente se ausenta desta cerim\u00f4nia, que \u00e9 uma das mais importantes dessa Casa, por testar positivo para COVID-19, ontem \u00e0 noite. Sua aus\u00eancia se justifica para n\u00e3o colocar em risco a integridade [&hellip;]<\/p>\n","protected":false},"author":14,"featured_media":113721,"comment_status":"open","ping_status":"open","sticky":false,"template":"","format":"standard","meta":{"footnotes":""},"categories":[114],"tags":[],"class_list":{"0":"post-113719","1":"post","2":"type-post","3":"status-publish","4":"format-standard","5":"has-post-thumbnail","7":"category-artigos"},"yoast_head":"<!-- This site is optimized with the Yoast SEO plugin v27.2 - https:\/\/yoast.com\/product\/yoast-seo-wordpress\/ -->\n<title>Discurso do presidente Jos\u00e9 Eduardo Frasc\u00e1 Poyares Jardim, para cerim\u00f4nia Engenheiro do Ano 2023, proferido por Miriana Marques, presidente em Exerc\u00edcio - Instituto de Engenharia<\/title>\n<meta name=\"robots\" content=\"index, follow, max-snippet:-1, max-image-preview:large, max-video-preview:-1\" \/>\n<link rel=\"canonical\" href=\"https:\/\/www.institutodeengenharia.org.br\/site\/2023\/10\/18\/discurso-do-presidente-jose-eduardo-frasca-poyares-jardim-para-cerimonia-engenheiro-do-ano-2023-proferido-por-miriana-marques-presidente-em-exercicio\/\" \/>\n<meta property=\"og:locale\" content=\"pt_BR\" \/>\n<meta property=\"og:type\" content=\"article\" \/>\n<meta property=\"og:title\" content=\"Discurso do presidente Jos\u00e9 Eduardo Frasc\u00e1 Poyares Jardim, para cerim\u00f4nia Engenheiro do Ano 2023, proferido por Miriana Marques, presidente em Exerc\u00edcio - Instituto de Engenharia\" \/>\n<meta property=\"og:description\" content=\"Boa noite a todos e aos que nos acompanham pelo site ou YouTube deste Instituto. Como uma atitude de nobreza e responsabilidade, nosso presidente se ausenta desta cerim\u00f4nia, que \u00e9 uma das mais importantes dessa Casa, por testar positivo para COVID-19, ontem \u00e0 noite. Sua aus\u00eancia se justifica para n\u00e3o colocar em risco a integridade [&hellip;]\" \/>\n<meta property=\"og:url\" content=\"https:\/\/www.institutodeengenharia.org.br\/site\/2023\/10\/18\/discurso-do-presidente-jose-eduardo-frasca-poyares-jardim-para-cerimonia-engenheiro-do-ano-2023-proferido-por-miriana-marques-presidente-em-exercicio\/\" \/>\n<meta property=\"og:site_name\" content=\"Instituto de Engenharia\" \/>\n<meta property=\"article:publisher\" content=\"https:\/\/www.facebook.com\/institutodeengenharia\" \/>\n<meta property=\"article:published_time\" content=\"2023-10-18T14:19:22+00:00\" \/>\n<meta property=\"og:image\" content=\"https:\/\/www.institutodeengenharia.org.br\/site\/wp-content\/uploads\/2023\/10\/53265439909_cf714a3edf_c.jpg\" \/>\n\t<meta property=\"og:image:width\" content=\"800\" \/>\n\t<meta property=\"og:image:height\" content=\"534\" \/>\n\t<meta property=\"og:image:type\" content=\"image\/jpeg\" \/>\n<meta name=\"author\" content=\"Isabel\" \/>\n<meta name=\"twitter:card\" content=\"summary_large_image\" \/>\n<meta name=\"twitter:creator\" content=\"@iengenharia\" \/>\n<meta name=\"twitter:site\" content=\"@iengenharia\" \/>\n<meta name=\"twitter:label1\" content=\"Escrito por\" \/>\n\t<meta name=\"twitter:data1\" content=\"Isabel\" \/>\n\t<meta name=\"twitter:label2\" content=\"Est. tempo de leitura\" \/>\n\t<meta name=\"twitter:data2\" content=\"8 minutos\" \/>\n<script type=\"application\/ld+json\" class=\"yoast-schema-graph\">{\"@context\":\"https:\/\/schema.org\",\"@graph\":[{\"@type\":\"Article\",\"@id\":\"https:\/\/www.institutodeengenharia.org.br\/site\/2023\/10\/18\/discurso-do-presidente-jose-eduardo-frasca-poyares-jardim-para-cerimonia-engenheiro-do-ano-2023-proferido-por-miriana-marques-presidente-em-exercicio\/#article\",\"isPartOf\":{\"@id\":\"https:\/\/www.institutodeengenharia.org.br\/site\/2023\/10\/18\/discurso-do-presidente-jose-eduardo-frasca-poyares-jardim-para-cerimonia-engenheiro-do-ano-2023-proferido-por-miriana-marques-presidente-em-exercicio\/\"},\"author\":{\"name\":\"Isabel\",\"@id\":\"https:\/\/www.institutodeengenharia.org.br\/site\/#\/schema\/person\/593dc356630173a4877a635d3e5fd76b\"},\"headline\":\"Discurso do presidente Jos\u00e9 Eduardo Frasc\u00e1 Poyares Jardim, para cerim\u00f4nia Engenheiro do Ano 2023, proferido por Miriana Marques, presidente em Exerc\u00edcio\",\"datePublished\":\"2023-10-18T14:19:22+00:00\",\"mainEntityOfPage\":{\"@id\":\"https:\/\/www.institutodeengenharia.org.br\/site\/2023\/10\/18\/discurso-do-presidente-jose-eduardo-frasca-poyares-jardim-para-cerimonia-engenheiro-do-ano-2023-proferido-por-miriana-marques-presidente-em-exercicio\/\"},\"wordCount\":1503,\"commentCount\":0,\"publisher\":{\"@id\":\"https:\/\/www.institutodeengenharia.org.br\/site\/#organization\"},\"image\":{\"@id\":\"https:\/\/www.institutodeengenharia.org.br\/site\/2023\/10\/18\/discurso-do-presidente-jose-eduardo-frasca-poyares-jardim-para-cerimonia-engenheiro-do-ano-2023-proferido-por-miriana-marques-presidente-em-exercicio\/#primaryimage\"},\"thumbnailUrl\":\"https:\/\/www.institutodeengenharia.org.br\/site\/wp-content\/uploads\/2023\/10\/53265439909_cf714a3edf_c.jpg\",\"articleSection\":[\"Artigos\"],\"inLanguage\":\"pt-BR\",\"potentialAction\":[{\"@type\":\"CommentAction\",\"name\":\"Comment\",\"target\":[\"https:\/\/www.institutodeengenharia.org.br\/site\/2023\/10\/18\/discurso-do-presidente-jose-eduardo-frasca-poyares-jardim-para-cerimonia-engenheiro-do-ano-2023-proferido-por-miriana-marques-presidente-em-exercicio\/#respond\"]}]},{\"@type\":\"WebPage\",\"@id\":\"https:\/\/www.institutodeengenharia.org.br\/site\/2023\/10\/18\/discurso-do-presidente-jose-eduardo-frasca-poyares-jardim-para-cerimonia-engenheiro-do-ano-2023-proferido-por-miriana-marques-presidente-em-exercicio\/\",\"url\":\"https:\/\/www.institutodeengenharia.org.br\/site\/2023\/10\/18\/discurso-do-presidente-jose-eduardo-frasca-poyares-jardim-para-cerimonia-engenheiro-do-ano-2023-proferido-por-miriana-marques-presidente-em-exercicio\/\",\"name\":\"Discurso do presidente Jos\u00e9 Eduardo Frasc\u00e1 Poyares Jardim, para cerim\u00f4nia Engenheiro do Ano 2023, proferido por Miriana Marques, presidente em Exerc\u00edcio - Instituto de Engenharia\",\"isPartOf\":{\"@id\":\"https:\/\/www.institutodeengenharia.org.br\/site\/#website\"},\"primaryImageOfPage\":{\"@id\":\"https:\/\/www.institutodeengenharia.org.br\/site\/2023\/10\/18\/discurso-do-presidente-jose-eduardo-frasca-poyares-jardim-para-cerimonia-engenheiro-do-ano-2023-proferido-por-miriana-marques-presidente-em-exercicio\/#primaryimage\"},\"image\":{\"@id\":\"https:\/\/www.institutodeengenharia.org.br\/site\/2023\/10\/18\/discurso-do-presidente-jose-eduardo-frasca-poyares-jardim-para-cerimonia-engenheiro-do-ano-2023-proferido-por-miriana-marques-presidente-em-exercicio\/#primaryimage\"},\"thumbnailUrl\":\"https:\/\/www.institutodeengenharia.org.br\/site\/wp-content\/uploads\/2023\/10\/53265439909_cf714a3edf_c.jpg\",\"datePublished\":\"2023-10-18T14:19:22+00:00\",\"breadcrumb\":{\"@id\":\"https:\/\/www.institutodeengenharia.org.br\/site\/2023\/10\/18\/discurso-do-presidente-jose-eduardo-frasca-poyares-jardim-para-cerimonia-engenheiro-do-ano-2023-proferido-por-miriana-marques-presidente-em-exercicio\/#breadcrumb\"},\"inLanguage\":\"pt-BR\",\"potentialAction\":[{\"@type\":\"ReadAction\",\"target\":[\"https:\/\/www.institutodeengenharia.org.br\/site\/2023\/10\/18\/discurso-do-presidente-jose-eduardo-frasca-poyares-jardim-para-cerimonia-engenheiro-do-ano-2023-proferido-por-miriana-marques-presidente-em-exercicio\/\"]}]},{\"@type\":\"ImageObject\",\"inLanguage\":\"pt-BR\",\"@id\":\"https:\/\/www.institutodeengenharia.org.br\/site\/2023\/10\/18\/discurso-do-presidente-jose-eduardo-frasca-poyares-jardim-para-cerimonia-engenheiro-do-ano-2023-proferido-por-miriana-marques-presidente-em-exercicio\/#primaryimage\",\"url\":\"https:\/\/www.institutodeengenharia.org.br\/site\/wp-content\/uploads\/2023\/10\/53265439909_cf714a3edf_c.jpg\",\"contentUrl\":\"https:\/\/www.institutodeengenharia.org.br\/site\/wp-content\/uploads\/2023\/10\/53265439909_cf714a3edf_c.jpg\",\"width\":800,\"height\":534},{\"@type\":\"BreadcrumbList\",\"@id\":\"https:\/\/www.institutodeengenharia.org.br\/site\/2023\/10\/18\/discurso-do-presidente-jose-eduardo-frasca-poyares-jardim-para-cerimonia-engenheiro-do-ano-2023-proferido-por-miriana-marques-presidente-em-exercicio\/#breadcrumb\",\"itemListElement\":[{\"@type\":\"ListItem\",\"position\":1,\"name\":\"In\u00edcio\",\"item\":\"https:\/\/www.institutodeengenharia.org.br\/site\/\"},{\"@type\":\"ListItem\",\"position\":2,\"name\":\"Discurso do presidente Jos\u00e9 Eduardo Frasc\u00e1 Poyares Jardim, para cerim\u00f4nia Engenheiro do Ano 2023, proferido por Miriana Marques, presidente em Exerc\u00edcio\"}]},{\"@type\":\"WebSite\",\"@id\":\"https:\/\/www.institutodeengenharia.org.br\/site\/#website\",\"url\":\"https:\/\/www.institutodeengenharia.org.br\/site\/\",\"name\":\"Instituto de Engenharia\",\"description\":\"O Instituto de Engenharia promove a Engenharia em benef\u00edcio do desenvolvimento e da qualidade de vida da sociedade.\",\"publisher\":{\"@id\":\"https:\/\/www.institutodeengenharia.org.br\/site\/#organization\"},\"potentialAction\":[{\"@type\":\"SearchAction\",\"target\":{\"@type\":\"EntryPoint\",\"urlTemplate\":\"https:\/\/www.institutodeengenharia.org.br\/site\/?s={search_term_string}\"},\"query-input\":{\"@type\":\"PropertyValueSpecification\",\"valueRequired\":true,\"valueName\":\"search_term_string\"}}],\"inLanguage\":\"pt-BR\"},{\"@type\":\"Organization\",\"@id\":\"https:\/\/www.institutodeengenharia.org.br\/site\/#organization\",\"name\":\"Instituto de Engenharia\",\"url\":\"https:\/\/www.institutodeengenharia.org.br\/site\/\",\"logo\":{\"@type\":\"ImageObject\",\"inLanguage\":\"pt-BR\",\"@id\":\"https:\/\/www.institutodeengenharia.org.br\/site\/#\/schema\/logo\/image\/\",\"url\":\"https:\/\/www.institutodeengenharia.org.br\/site\/wp-content\/uploads\/2019\/03\/logo-novo-IE2018-1.jpg\",\"contentUrl\":\"https:\/\/www.institutodeengenharia.org.br\/site\/wp-content\/uploads\/2019\/03\/logo-novo-IE2018-1.jpg\",\"width\":1486,\"height\":1879,\"caption\":\"Instituto de Engenharia\"},\"image\":{\"@id\":\"https:\/\/www.institutodeengenharia.org.br\/site\/#\/schema\/logo\/image\/\"},\"sameAs\":[\"https:\/\/www.facebook.com\/institutodeengenharia\",\"https:\/\/x.com\/iengenharia\",\"https:\/\/www.instagram.com\/institutodeengenharia\/\",\"https:\/\/www.linkedin.com\/company\/instituto-de-engenharia\/\",\"https:\/\/www.youtube.com\/channel\/UCXiCAlsSMe977vamW915HxA\"]},{\"@type\":\"Person\",\"@id\":\"https:\/\/www.institutodeengenharia.org.br\/site\/#\/schema\/person\/593dc356630173a4877a635d3e5fd76b\",\"name\":\"Isabel\",\"image\":{\"@type\":\"ImageObject\",\"inLanguage\":\"pt-BR\",\"@id\":\"https:\/\/secure.gravatar.com\/avatar\/f3c521db63ec9db17894f10a88c6a3cf95b2281d7f80eeb3cf3ef1cb091576e7?s=96&d=mm&r=g\",\"url\":\"https:\/\/secure.gravatar.com\/avatar\/f3c521db63ec9db17894f10a88c6a3cf95b2281d7f80eeb3cf3ef1cb091576e7?s=96&d=mm&r=g\",\"contentUrl\":\"https:\/\/secure.gravatar.com\/avatar\/f3c521db63ec9db17894f10a88c6a3cf95b2281d7f80eeb3cf3ef1cb091576e7?s=96&d=mm&r=g\",\"caption\":\"Isabel\"},\"url\":\"https:\/\/www.institutodeengenharia.org.br\/site\/author\/comunicacao2\/\"}]}<\/script>\n<!-- \/ Yoast SEO plugin. -->","yoast_head_json":{"title":"Discurso do presidente Jos\u00e9 Eduardo Frasc\u00e1 Poyares Jardim, para cerim\u00f4nia Engenheiro do Ano 2023, proferido por Miriana Marques, presidente em Exerc\u00edcio - Instituto de Engenharia","robots":{"index":"index","follow":"follow","max-snippet":"max-snippet:-1","max-image-preview":"max-image-preview:large","max-video-preview":"max-video-preview:-1"},"canonical":"https:\/\/www.institutodeengenharia.org.br\/site\/2023\/10\/18\/discurso-do-presidente-jose-eduardo-frasca-poyares-jardim-para-cerimonia-engenheiro-do-ano-2023-proferido-por-miriana-marques-presidente-em-exercicio\/","og_locale":"pt_BR","og_type":"article","og_title":"Discurso do presidente Jos\u00e9 Eduardo Frasc\u00e1 Poyares Jardim, para cerim\u00f4nia Engenheiro do Ano 2023, proferido por Miriana Marques, presidente em Exerc\u00edcio - Instituto de Engenharia","og_description":"Boa noite a todos e aos que nos acompanham pelo site ou YouTube deste Instituto. Como uma atitude de nobreza e responsabilidade, nosso presidente se ausenta desta cerim\u00f4nia, que \u00e9 uma das mais importantes dessa Casa, por testar positivo para COVID-19, ontem \u00e0 noite. Sua aus\u00eancia se justifica para n\u00e3o colocar em risco a integridade [&hellip;]","og_url":"https:\/\/www.institutodeengenharia.org.br\/site\/2023\/10\/18\/discurso-do-presidente-jose-eduardo-frasca-poyares-jardim-para-cerimonia-engenheiro-do-ano-2023-proferido-por-miriana-marques-presidente-em-exercicio\/","og_site_name":"Instituto de Engenharia","article_publisher":"https:\/\/www.facebook.com\/institutodeengenharia","article_published_time":"2023-10-18T14:19:22+00:00","og_image":[{"width":800,"height":534,"url":"https:\/\/www.institutodeengenharia.org.br\/site\/wp-content\/uploads\/2023\/10\/53265439909_cf714a3edf_c.jpg","type":"image\/jpeg"}],"author":"Isabel","twitter_card":"summary_large_image","twitter_creator":"@iengenharia","twitter_site":"@iengenharia","twitter_misc":{"Escrito por":"Isabel","Est. tempo de leitura":"8 minutos"},"schema":{"@context":"https:\/\/schema.org","@graph":[{"@type":"Article","@id":"https:\/\/www.institutodeengenharia.org.br\/site\/2023\/10\/18\/discurso-do-presidente-jose-eduardo-frasca-poyares-jardim-para-cerimonia-engenheiro-do-ano-2023-proferido-por-miriana-marques-presidente-em-exercicio\/#article","isPartOf":{"@id":"https:\/\/www.institutodeengenharia.org.br\/site\/2023\/10\/18\/discurso-do-presidente-jose-eduardo-frasca-poyares-jardim-para-cerimonia-engenheiro-do-ano-2023-proferido-por-miriana-marques-presidente-em-exercicio\/"},"author":{"name":"Isabel","@id":"https:\/\/www.institutodeengenharia.org.br\/site\/#\/schema\/person\/593dc356630173a4877a635d3e5fd76b"},"headline":"Discurso do presidente Jos\u00e9 Eduardo Frasc\u00e1 Poyares Jardim, para cerim\u00f4nia Engenheiro do Ano 2023, proferido por Miriana Marques, presidente em Exerc\u00edcio","datePublished":"2023-10-18T14:19:22+00:00","mainEntityOfPage":{"@id":"https:\/\/www.institutodeengenharia.org.br\/site\/2023\/10\/18\/discurso-do-presidente-jose-eduardo-frasca-poyares-jardim-para-cerimonia-engenheiro-do-ano-2023-proferido-por-miriana-marques-presidente-em-exercicio\/"},"wordCount":1503,"commentCount":0,"publisher":{"@id":"https:\/\/www.institutodeengenharia.org.br\/site\/#organization"},"image":{"@id":"https:\/\/www.institutodeengenharia.org.br\/site\/2023\/10\/18\/discurso-do-presidente-jose-eduardo-frasca-poyares-jardim-para-cerimonia-engenheiro-do-ano-2023-proferido-por-miriana-marques-presidente-em-exercicio\/#primaryimage"},"thumbnailUrl":"https:\/\/www.institutodeengenharia.org.br\/site\/wp-content\/uploads\/2023\/10\/53265439909_cf714a3edf_c.jpg","articleSection":["Artigos"],"inLanguage":"pt-BR","potentialAction":[{"@type":"CommentAction","name":"Comment","target":["https:\/\/www.institutodeengenharia.org.br\/site\/2023\/10\/18\/discurso-do-presidente-jose-eduardo-frasca-poyares-jardim-para-cerimonia-engenheiro-do-ano-2023-proferido-por-miriana-marques-presidente-em-exercicio\/#respond"]}]},{"@type":"WebPage","@id":"https:\/\/www.institutodeengenharia.org.br\/site\/2023\/10\/18\/discurso-do-presidente-jose-eduardo-frasca-poyares-jardim-para-cerimonia-engenheiro-do-ano-2023-proferido-por-miriana-marques-presidente-em-exercicio\/","url":"https:\/\/www.institutodeengenharia.org.br\/site\/2023\/10\/18\/discurso-do-presidente-jose-eduardo-frasca-poyares-jardim-para-cerimonia-engenheiro-do-ano-2023-proferido-por-miriana-marques-presidente-em-exercicio\/","name":"Discurso do presidente Jos\u00e9 Eduardo Frasc\u00e1 Poyares Jardim, para cerim\u00f4nia Engenheiro do Ano 2023, proferido por Miriana Marques, presidente em Exerc\u00edcio - Instituto de Engenharia","isPartOf":{"@id":"https:\/\/www.institutodeengenharia.org.br\/site\/#website"},"primaryImageOfPage":{"@id":"https:\/\/www.institutodeengenharia.org.br\/site\/2023\/10\/18\/discurso-do-presidente-jose-eduardo-frasca-poyares-jardim-para-cerimonia-engenheiro-do-ano-2023-proferido-por-miriana-marques-presidente-em-exercicio\/#primaryimage"},"image":{"@id":"https:\/\/www.institutodeengenharia.org.br\/site\/2023\/10\/18\/discurso-do-presidente-jose-eduardo-frasca-poyares-jardim-para-cerimonia-engenheiro-do-ano-2023-proferido-por-miriana-marques-presidente-em-exercicio\/#primaryimage"},"thumbnailUrl":"https:\/\/www.institutodeengenharia.org.br\/site\/wp-content\/uploads\/2023\/10\/53265439909_cf714a3edf_c.jpg","datePublished":"2023-10-18T14:19:22+00:00","breadcrumb":{"@id":"https:\/\/www.institutodeengenharia.org.br\/site\/2023\/10\/18\/discurso-do-presidente-jose-eduardo-frasca-poyares-jardim-para-cerimonia-engenheiro-do-ano-2023-proferido-por-miriana-marques-presidente-em-exercicio\/#breadcrumb"},"inLanguage":"pt-BR","potentialAction":[{"@type":"ReadAction","target":["https:\/\/www.institutodeengenharia.org.br\/site\/2023\/10\/18\/discurso-do-presidente-jose-eduardo-frasca-poyares-jardim-para-cerimonia-engenheiro-do-ano-2023-proferido-por-miriana-marques-presidente-em-exercicio\/"]}]},{"@type":"ImageObject","inLanguage":"pt-BR","@id":"https:\/\/www.institutodeengenharia.org.br\/site\/2023\/10\/18\/discurso-do-presidente-jose-eduardo-frasca-poyares-jardim-para-cerimonia-engenheiro-do-ano-2023-proferido-por-miriana-marques-presidente-em-exercicio\/#primaryimage","url":"https:\/\/www.institutodeengenharia.org.br\/site\/wp-content\/uploads\/2023\/10\/53265439909_cf714a3edf_c.jpg","contentUrl":"https:\/\/www.institutodeengenharia.org.br\/site\/wp-content\/uploads\/2023\/10\/53265439909_cf714a3edf_c.jpg","width":800,"height":534},{"@type":"BreadcrumbList","@id":"https:\/\/www.institutodeengenharia.org.br\/site\/2023\/10\/18\/discurso-do-presidente-jose-eduardo-frasca-poyares-jardim-para-cerimonia-engenheiro-do-ano-2023-proferido-por-miriana-marques-presidente-em-exercicio\/#breadcrumb","itemListElement":[{"@type":"ListItem","position":1,"name":"In\u00edcio","item":"https:\/\/www.institutodeengenharia.org.br\/site\/"},{"@type":"ListItem","position":2,"name":"Discurso do presidente Jos\u00e9 Eduardo Frasc\u00e1 Poyares Jardim, para cerim\u00f4nia Engenheiro do Ano 2023, proferido por Miriana Marques, presidente em Exerc\u00edcio"}]},{"@type":"WebSite","@id":"https:\/\/www.institutodeengenharia.org.br\/site\/#website","url":"https:\/\/www.institutodeengenharia.org.br\/site\/","name":"Instituto de Engenharia","description":"O Instituto de Engenharia promove a Engenharia em benef\u00edcio do desenvolvimento e da qualidade de vida da sociedade.","publisher":{"@id":"https:\/\/www.institutodeengenharia.org.br\/site\/#organization"},"potentialAction":[{"@type":"SearchAction","target":{"@type":"EntryPoint","urlTemplate":"https:\/\/www.institutodeengenharia.org.br\/site\/?s={search_term_string}"},"query-input":{"@type":"PropertyValueSpecification","valueRequired":true,"valueName":"search_term_string"}}],"inLanguage":"pt-BR"},{"@type":"Organization","@id":"https:\/\/www.institutodeengenharia.org.br\/site\/#organization","name":"Instituto de Engenharia","url":"https:\/\/www.institutodeengenharia.org.br\/site\/","logo":{"@type":"ImageObject","inLanguage":"pt-BR","@id":"https:\/\/www.institutodeengenharia.org.br\/site\/#\/schema\/logo\/image\/","url":"https:\/\/www.institutodeengenharia.org.br\/site\/wp-content\/uploads\/2019\/03\/logo-novo-IE2018-1.jpg","contentUrl":"https:\/\/www.institutodeengenharia.org.br\/site\/wp-content\/uploads\/2019\/03\/logo-novo-IE2018-1.jpg","width":1486,"height":1879,"caption":"Instituto de Engenharia"},"image":{"@id":"https:\/\/www.institutodeengenharia.org.br\/site\/#\/schema\/logo\/image\/"},"sameAs":["https:\/\/www.facebook.com\/institutodeengenharia","https:\/\/x.com\/iengenharia","https:\/\/www.instagram.com\/institutodeengenharia\/","https:\/\/www.linkedin.com\/company\/instituto-de-engenharia\/","https:\/\/www.youtube.com\/channel\/UCXiCAlsSMe977vamW915HxA"]},{"@type":"Person","@id":"https:\/\/www.institutodeengenharia.org.br\/site\/#\/schema\/person\/593dc356630173a4877a635d3e5fd76b","name":"Isabel","image":{"@type":"ImageObject","inLanguage":"pt-BR","@id":"https:\/\/secure.gravatar.com\/avatar\/f3c521db63ec9db17894f10a88c6a3cf95b2281d7f80eeb3cf3ef1cb091576e7?s=96&d=mm&r=g","url":"https:\/\/secure.gravatar.com\/avatar\/f3c521db63ec9db17894f10a88c6a3cf95b2281d7f80eeb3cf3ef1cb091576e7?s=96&d=mm&r=g","contentUrl":"https:\/\/secure.gravatar.com\/avatar\/f3c521db63ec9db17894f10a88c6a3cf95b2281d7f80eeb3cf3ef1cb091576e7?s=96&d=mm&r=g","caption":"Isabel"},"url":"https:\/\/www.institutodeengenharia.org.br\/site\/author\/comunicacao2\/"}]}},"_links":{"self":[{"href":"https:\/\/www.institutodeengenharia.org.br\/site\/wp-json\/wp\/v2\/posts\/113719","targetHints":{"allow":["GET"]}}],"collection":[{"href":"https:\/\/www.institutodeengenharia.org.br\/site\/wp-json\/wp\/v2\/posts"}],"about":[{"href":"https:\/\/www.institutodeengenharia.org.br\/site\/wp-json\/wp\/v2\/types\/post"}],"author":[{"embeddable":true,"href":"https:\/\/www.institutodeengenharia.org.br\/site\/wp-json\/wp\/v2\/users\/14"}],"replies":[{"embeddable":true,"href":"https:\/\/www.institutodeengenharia.org.br\/site\/wp-json\/wp\/v2\/comments?post=113719"}],"version-history":[{"count":1,"href":"https:\/\/www.institutodeengenharia.org.br\/site\/wp-json\/wp\/v2\/posts\/113719\/revisions"}],"predecessor-version":[{"id":113722,"href":"https:\/\/www.institutodeengenharia.org.br\/site\/wp-json\/wp\/v2\/posts\/113719\/revisions\/113722"}],"wp:featuredmedia":[{"embeddable":true,"href":"https:\/\/www.institutodeengenharia.org.br\/site\/wp-json\/wp\/v2\/media\/113721"}],"wp:attachment":[{"href":"https:\/\/www.institutodeengenharia.org.br\/site\/wp-json\/wp\/v2\/media?parent=113719"}],"wp:term":[{"taxonomy":"category","embeddable":true,"href":"https:\/\/www.institutodeengenharia.org.br\/site\/wp-json\/wp\/v2\/categories?post=113719"},{"taxonomy":"post_tag","embeddable":true,"href":"https:\/\/www.institutodeengenharia.org.br\/site\/wp-json\/wp\/v2\/tags?post=113719"}],"curies":[{"name":"wp","href":"https:\/\/api.w.org\/{rel}","templated":true}]}}