{"id":112966,"date":"2023-09-27T16:20:05","date_gmt":"2023-09-27T19:20:05","guid":{"rendered":"https:\/\/www.institutodeengenharia.org.br\/site\/?p=112966"},"modified":"2023-09-27T16:20:05","modified_gmt":"2023-09-27T19:20:05","slug":"por-francisco-christovam-divisao-do-objeto-do-contrato-de-transporte-publico","status":"publish","type":"post","link":"https:\/\/www.institutodeengenharia.org.br\/site\/2023\/09\/27\/por-francisco-christovam-divisao-do-objeto-do-contrato-de-transporte-publico\/","title":{"rendered":"Por Francisco Christovam \u2013 Divis\u00e3o do objeto do contrato de transporte p\u00fablico"},"content":{"rendered":"<p>O artigo 175 da Constitui\u00e7\u00e3o Federal estabelece que <em>\u201cincumbe ao Poder P\u00fablico, na forma da lei, diretamente ou sob regime de concess\u00e3o ou permiss\u00e3o, sempre atrav\u00e9s de licita\u00e7\u00e3o, a presta\u00e7\u00e3o de servi\u00e7os p\u00fablicos\u201d.<\/em><\/p>\n<p>O contrato de concess\u00e3o ou de permiss\u00e3o, instrumento jur\u00eddico imprescind\u00edvel para estabelecer as regras da rela\u00e7\u00e3o entre o poder concedente e a empresa privada, respons\u00e1vel pela assun\u00e7\u00e3o da gest\u00e3o e da execu\u00e7\u00e3o dos servi\u00e7os p\u00fablicos delegados, deve se submeter aos ditames da legisla\u00e7\u00e3o aplic\u00e1vel, em especial da Lei Federal N\u00ba 8.987, de 13 de fevereiro de 1995, mais conhecida por Lei das Concess\u00f5es.<\/p>\n<p>J\u00e1 a Lei Federal N\u00ba 11.079, de 30 de dezembro de 2004, instituiu uma forma de concess\u00e3o especial, por meio de parceria p\u00fablico-privada (PPP), nas modalidades patrocinada ou administrativa, cujo objetivo \u00e9 a contrata\u00e7\u00e3o de servi\u00e7os \u2013 com ou sem obras \u2013 a serem fornecidos pelo agente privado, com remunera\u00e7\u00e3o apenas pelo governo (concess\u00e3o administrativa) ou em uma combina\u00e7\u00e3o de recursos p\u00fablicos e tarifas cobradas dos cidad\u00e3os que usam o servi\u00e7o (concess\u00e3o patrocinada).<\/p>\n<p>O artigo 23 da mencionada Lei das Concess\u00f5es reza que esses contratos devem conter cl\u00e1usulas essenciais relativas ao objeto, \u00e1rea e prazo da concess\u00e3o; ao modo, forma e condi\u00e7\u00f5es da presta\u00e7\u00e3o dos servi\u00e7os; aos crit\u00e9rios, indicadores, f\u00f3rmulas e par\u00e2metros definidores da qualidade do servi\u00e7o; ao pre\u00e7o do servi\u00e7o e aos crit\u00e9rios e procedimentos para o reajuste e a revis\u00e3o das tarifas. Trata, ainda, dos direitos, garantias e obriga\u00e7\u00f5es do poder concedente e da concession\u00e1ria; dos direitos e deveres dos usu\u00e1rios para obten\u00e7\u00e3o e utiliza\u00e7\u00e3o do servi\u00e7o; da forma de fiscaliza\u00e7\u00e3o das instala\u00e7\u00f5es e dos equipamentos, bem como dos m\u00e9todos e pr\u00e1ticas de execu\u00e7\u00e3o do servi\u00e7o, entre outras.<\/p>\n<p>Desde a \u00e9poca da primeira rep\u00fablica (1889-1930), quando os primeiros contratos de concess\u00e3o foram assinados, principalmente para a constru\u00e7\u00e3o de ferrovias e fornecimento de servi\u00e7os p\u00fablicos de abastecimento de \u00e1gua, g\u00e1s, eletricidade e transportes, o objeto contratual deve ser preciso e considerar um eventual ganho de escala na presta\u00e7\u00e3o dos servi\u00e7os de utilidade p\u00fablica. Os prazos contratuais, por sua vez, s\u00e3o estabelecidos em fun\u00e7\u00e3o do tempo necess\u00e1rio para remunerar e amortizar os investimentos realizados pelo concession\u00e1rio.<\/p>\n<p style=\"text-align: center;\"><em><strong><a href=\"https:\/\/www.institutodeengenharia.org.br\/site\/wp-content\/uploads\/2023\/09\/20230927-Divisao-do-objeto-do-contrato-de-transporte-publico.docx\">Clique aqui para continuar lendo o artigo<\/a><\/strong><\/em><\/p>\n<p>_______________________________________________________________________<\/p>\n<p><img loading=\"lazy\" decoding=\"async\" class=\"td-animation-stack-type0-2\" src=\"https:\/\/www.institutodeengenharia.org.br\/site\/wp-content\/uploads\/2019\/10\/Francisco-Christovam-e1570795701677.jpg\" width=\"148\" height=\"222\" \/><\/p>\n<p>Francisco Christovam \u00e9 Diretor Executivo (CEO) da Associa\u00e7\u00e3o Nacional das Empresas de Transportes Urbanos \u2013 NTU, Vice-Presidente da Federa\u00e7\u00e3o das Empresas de Transportes de Passageiros do Estado de S\u00e3o Paulo \u2013 FETPESP e da Associa\u00e7\u00e3o Nacional de Transportes P\u00fablicos \u2013 ANTP, bem como membro do Conselho Diretor da Confedera\u00e7\u00e3o Nacional dos Transportes \u2013 CNT.<\/p>\n<article id=\"post-101888\" class=\"post-101888 post type-post status-publish format-standard has-post-thumbnail category-articulistas category-francisco-christovam\">\n<div class=\"td-post-content tagdiv-type\">\n<article id=\"post-93621\" class=\"post-93621 post type-post status-publish format-standard has-post-thumbnail category-articulistas category-francisco-christovam\">\n<div class=\"td-post-content tagdiv-type\">\n<div class=\"td-pb-span8 td-main-content\" role=\"main\">\n<div class=\"td-ss-main-content\">\n<article id=\"post-71688\" class=\"post-71688 post type-post status-publish format-standard has-post-thumbnail category-articulistas category-francisco-christovam\">\n<div class=\"td-post-content tagdiv-type\">\n<p><em>Os artigos publicados com assinatura, n\u00e3o traduzem necessariamente a opini\u00e3o do Instituto de Engenharia. Sua publica\u00e7\u00e3o obedece ao prop\u00f3sito de estimular o debate dos problemas brasileiros e de refletir as diversas tend\u00eancias do pensamento contempor\u00e2neo<\/em><\/p>\n<\/div>\n<\/article>\n<\/div>\n<\/div>\n<\/div>\n<\/article>\n<\/div>\n<\/article>\n","protected":false},"excerpt":{"rendered":"<p>O artigo 175 da Constitui\u00e7\u00e3o Federal estabelece que \u201cincumbe ao Poder P\u00fablico, na forma da lei, diretamente ou sob regime de concess\u00e3o ou permiss\u00e3o, sempre atrav\u00e9s de licita\u00e7\u00e3o, a presta\u00e7\u00e3o de servi\u00e7os p\u00fablicos\u201d. O contrato de concess\u00e3o ou de permiss\u00e3o, instrumento jur\u00eddico imprescind\u00edvel para estabelecer as regras da rela\u00e7\u00e3o entre o poder concedente e a [&hellip;]<\/p>\n","protected":false},"author":13,"featured_media":112968,"comment_status":"open","ping_status":"open","sticky":false,"template":"","format":"standard","meta":{"footnotes":""},"categories":[11,90],"tags":[],"class_list":{"0":"post-112966","1":"post","2":"type-post","3":"status-publish","4":"format-standard","5":"has-post-thumbnail","7":"category-articulistas","8":"category-francisco-christovam"},"yoast_head":"<!-- This site is optimized with the Yoast SEO plugin v27.2 - https:\/\/yoast.com\/product\/yoast-seo-wordpress\/ -->\n<title>Por Francisco Christovam \u2013 Divis\u00e3o do objeto do contrato de transporte p\u00fablico - Instituto de Engenharia<\/title>\n<meta name=\"robots\" content=\"index, follow, max-snippet:-1, max-image-preview:large, max-video-preview:-1\" \/>\n<link rel=\"canonical\" href=\"https:\/\/www.institutodeengenharia.org.br\/site\/2023\/09\/27\/por-francisco-christovam-divisao-do-objeto-do-contrato-de-transporte-publico\/\" \/>\n<meta property=\"og:locale\" content=\"pt_BR\" \/>\n<meta property=\"og:type\" content=\"article\" \/>\n<meta property=\"og:title\" content=\"Por Francisco Christovam \u2013 Divis\u00e3o do objeto do contrato de transporte p\u00fablico - Instituto de Engenharia\" \/>\n<meta property=\"og:description\" content=\"O artigo 175 da Constitui\u00e7\u00e3o Federal estabelece que \u201cincumbe ao Poder P\u00fablico, na forma da lei, diretamente ou sob regime de concess\u00e3o ou permiss\u00e3o, sempre atrav\u00e9s de licita\u00e7\u00e3o, a presta\u00e7\u00e3o de servi\u00e7os p\u00fablicos\u201d. O contrato de concess\u00e3o ou de permiss\u00e3o, instrumento jur\u00eddico imprescind\u00edvel para estabelecer as regras da rela\u00e7\u00e3o entre o poder concedente e a [&hellip;]\" \/>\n<meta property=\"og:url\" content=\"https:\/\/www.institutodeengenharia.org.br\/site\/2023\/09\/27\/por-francisco-christovam-divisao-do-objeto-do-contrato-de-transporte-publico\/\" \/>\n<meta property=\"og:site_name\" content=\"Instituto de Engenharia\" \/>\n<meta property=\"article:publisher\" content=\"https:\/\/www.facebook.com\/institutodeengenharia\" \/>\n<meta property=\"article:published_time\" content=\"2023-09-27T19:20:05+00:00\" \/>\n<meta property=\"og:image\" content=\"https:\/\/www.institutodeengenharia.org.br\/site\/wp-content\/uploads\/2023\/09\/Grafico-Tipo-Pizza.jpg\" \/>\n\t<meta property=\"og:image:width\" content=\"322\" \/>\n\t<meta property=\"og:image:height\" content=\"157\" \/>\n\t<meta property=\"og:image:type\" content=\"image\/jpeg\" \/>\n<meta name=\"author\" content=\"Bianca\" \/>\n<meta name=\"twitter:card\" content=\"summary_large_image\" \/>\n<meta name=\"twitter:creator\" content=\"@iengenharia\" \/>\n<meta name=\"twitter:site\" content=\"@iengenharia\" \/>\n<meta name=\"twitter:label1\" content=\"Escrito por\" \/>\n\t<meta name=\"twitter:data1\" content=\"Bianca\" \/>\n\t<meta name=\"twitter:label2\" content=\"Est. tempo de leitura\" \/>\n\t<meta name=\"twitter:data2\" content=\"3 minutos\" \/>\n<script type=\"application\/ld+json\" class=\"yoast-schema-graph\">{\"@context\":\"https:\/\/schema.org\",\"@graph\":[{\"@type\":\"Article\",\"@id\":\"https:\/\/www.institutodeengenharia.org.br\/site\/2023\/09\/27\/por-francisco-christovam-divisao-do-objeto-do-contrato-de-transporte-publico\/#article\",\"isPartOf\":{\"@id\":\"https:\/\/www.institutodeengenharia.org.br\/site\/2023\/09\/27\/por-francisco-christovam-divisao-do-objeto-do-contrato-de-transporte-publico\/\"},\"author\":{\"name\":\"Bianca\",\"@id\":\"https:\/\/www.institutodeengenharia.org.br\/site\/#\/schema\/person\/aeb64951c405e100d26d30b033dd423f\"},\"headline\":\"Por Francisco Christovam \u2013 Divis\u00e3o do objeto do contrato de transporte p\u00fablico\",\"datePublished\":\"2023-09-27T19:20:05+00:00\",\"mainEntityOfPage\":{\"@id\":\"https:\/\/www.institutodeengenharia.org.br\/site\/2023\/09\/27\/por-francisco-christovam-divisao-do-objeto-do-contrato-de-transporte-publico\/\"},\"wordCount\":530,\"commentCount\":0,\"publisher\":{\"@id\":\"https:\/\/www.institutodeengenharia.org.br\/site\/#organization\"},\"image\":{\"@id\":\"https:\/\/www.institutodeengenharia.org.br\/site\/2023\/09\/27\/por-francisco-christovam-divisao-do-objeto-do-contrato-de-transporte-publico\/#primaryimage\"},\"thumbnailUrl\":\"https:\/\/www.institutodeengenharia.org.br\/site\/wp-content\/uploads\/2023\/09\/Grafico-Tipo-Pizza.jpg\",\"articleSection\":[\"Articulistas\",\"Francisco Christovam\"],\"inLanguage\":\"pt-BR\",\"potentialAction\":[{\"@type\":\"CommentAction\",\"name\":\"Comment\",\"target\":[\"https:\/\/www.institutodeengenharia.org.br\/site\/2023\/09\/27\/por-francisco-christovam-divisao-do-objeto-do-contrato-de-transporte-publico\/#respond\"]}]},{\"@type\":\"WebPage\",\"@id\":\"https:\/\/www.institutodeengenharia.org.br\/site\/2023\/09\/27\/por-francisco-christovam-divisao-do-objeto-do-contrato-de-transporte-publico\/\",\"url\":\"https:\/\/www.institutodeengenharia.org.br\/site\/2023\/09\/27\/por-francisco-christovam-divisao-do-objeto-do-contrato-de-transporte-publico\/\",\"name\":\"Por Francisco Christovam \u2013 Divis\u00e3o do objeto do contrato de transporte p\u00fablico - Instituto de Engenharia\",\"isPartOf\":{\"@id\":\"https:\/\/www.institutodeengenharia.org.br\/site\/#website\"},\"primaryImageOfPage\":{\"@id\":\"https:\/\/www.institutodeengenharia.org.br\/site\/2023\/09\/27\/por-francisco-christovam-divisao-do-objeto-do-contrato-de-transporte-publico\/#primaryimage\"},\"image\":{\"@id\":\"https:\/\/www.institutodeengenharia.org.br\/site\/2023\/09\/27\/por-francisco-christovam-divisao-do-objeto-do-contrato-de-transporte-publico\/#primaryimage\"},\"thumbnailUrl\":\"https:\/\/www.institutodeengenharia.org.br\/site\/wp-content\/uploads\/2023\/09\/Grafico-Tipo-Pizza.jpg\",\"datePublished\":\"2023-09-27T19:20:05+00:00\",\"breadcrumb\":{\"@id\":\"https:\/\/www.institutodeengenharia.org.br\/site\/2023\/09\/27\/por-francisco-christovam-divisao-do-objeto-do-contrato-de-transporte-publico\/#breadcrumb\"},\"inLanguage\":\"pt-BR\",\"potentialAction\":[{\"@type\":\"ReadAction\",\"target\":[\"https:\/\/www.institutodeengenharia.org.br\/site\/2023\/09\/27\/por-francisco-christovam-divisao-do-objeto-do-contrato-de-transporte-publico\/\"]}]},{\"@type\":\"ImageObject\",\"inLanguage\":\"pt-BR\",\"@id\":\"https:\/\/www.institutodeengenharia.org.br\/site\/2023\/09\/27\/por-francisco-christovam-divisao-do-objeto-do-contrato-de-transporte-publico\/#primaryimage\",\"url\":\"https:\/\/www.institutodeengenharia.org.br\/site\/wp-content\/uploads\/2023\/09\/Grafico-Tipo-Pizza.jpg\",\"contentUrl\":\"https:\/\/www.institutodeengenharia.org.br\/site\/wp-content\/uploads\/2023\/09\/Grafico-Tipo-Pizza.jpg\",\"width\":322,\"height\":157},{\"@type\":\"BreadcrumbList\",\"@id\":\"https:\/\/www.institutodeengenharia.org.br\/site\/2023\/09\/27\/por-francisco-christovam-divisao-do-objeto-do-contrato-de-transporte-publico\/#breadcrumb\",\"itemListElement\":[{\"@type\":\"ListItem\",\"position\":1,\"name\":\"In\u00edcio\",\"item\":\"https:\/\/www.institutodeengenharia.org.br\/site\/\"},{\"@type\":\"ListItem\",\"position\":2,\"name\":\"Por Francisco Christovam \u2013 Divis\u00e3o do objeto do contrato de transporte p\u00fablico\"}]},{\"@type\":\"WebSite\",\"@id\":\"https:\/\/www.institutodeengenharia.org.br\/site\/#website\",\"url\":\"https:\/\/www.institutodeengenharia.org.br\/site\/\",\"name\":\"Instituto de Engenharia\",\"description\":\"O Instituto de Engenharia promove a Engenharia em benef\u00edcio do desenvolvimento e da qualidade de vida da sociedade.\",\"publisher\":{\"@id\":\"https:\/\/www.institutodeengenharia.org.br\/site\/#organization\"},\"potentialAction\":[{\"@type\":\"SearchAction\",\"target\":{\"@type\":\"EntryPoint\",\"urlTemplate\":\"https:\/\/www.institutodeengenharia.org.br\/site\/?s={search_term_string}\"},\"query-input\":{\"@type\":\"PropertyValueSpecification\",\"valueRequired\":true,\"valueName\":\"search_term_string\"}}],\"inLanguage\":\"pt-BR\"},{\"@type\":\"Organization\",\"@id\":\"https:\/\/www.institutodeengenharia.org.br\/site\/#organization\",\"name\":\"Instituto de Engenharia\",\"url\":\"https:\/\/www.institutodeengenharia.org.br\/site\/\",\"logo\":{\"@type\":\"ImageObject\",\"inLanguage\":\"pt-BR\",\"@id\":\"https:\/\/www.institutodeengenharia.org.br\/site\/#\/schema\/logo\/image\/\",\"url\":\"https:\/\/www.institutodeengenharia.org.br\/site\/wp-content\/uploads\/2019\/03\/logo-novo-IE2018-1.jpg\",\"contentUrl\":\"https:\/\/www.institutodeengenharia.org.br\/site\/wp-content\/uploads\/2019\/03\/logo-novo-IE2018-1.jpg\",\"width\":1486,\"height\":1879,\"caption\":\"Instituto de Engenharia\"},\"image\":{\"@id\":\"https:\/\/www.institutodeengenharia.org.br\/site\/#\/schema\/logo\/image\/\"},\"sameAs\":[\"https:\/\/www.facebook.com\/institutodeengenharia\",\"https:\/\/x.com\/iengenharia\",\"https:\/\/www.instagram.com\/institutodeengenharia\/\",\"https:\/\/www.linkedin.com\/company\/instituto-de-engenharia\/\",\"https:\/\/www.youtube.com\/channel\/UCXiCAlsSMe977vamW915HxA\"]},{\"@type\":\"Person\",\"@id\":\"https:\/\/www.institutodeengenharia.org.br\/site\/#\/schema\/person\/aeb64951c405e100d26d30b033dd423f\",\"name\":\"Bianca\",\"image\":{\"@type\":\"ImageObject\",\"inLanguage\":\"pt-BR\",\"@id\":\"https:\/\/secure.gravatar.com\/avatar\/a6fbe9bff57405baf4c1e2c5c1811e072b558253974a9f9508f4678900c97c2a?s=96&d=mm&r=g\",\"url\":\"https:\/\/secure.gravatar.com\/avatar\/a6fbe9bff57405baf4c1e2c5c1811e072b558253974a9f9508f4678900c97c2a?s=96&d=mm&r=g\",\"contentUrl\":\"https:\/\/secure.gravatar.com\/avatar\/a6fbe9bff57405baf4c1e2c5c1811e072b558253974a9f9508f4678900c97c2a?s=96&d=mm&r=g\",\"caption\":\"Bianca\"},\"url\":\"https:\/\/www.institutodeengenharia.org.br\/site\/author\/comunicacao1\/\"}]}<\/script>\n<!-- \/ Yoast SEO plugin. -->","yoast_head_json":{"title":"Por Francisco Christovam \u2013 Divis\u00e3o do objeto do contrato de transporte p\u00fablico - Instituto de Engenharia","robots":{"index":"index","follow":"follow","max-snippet":"max-snippet:-1","max-image-preview":"max-image-preview:large","max-video-preview":"max-video-preview:-1"},"canonical":"https:\/\/www.institutodeengenharia.org.br\/site\/2023\/09\/27\/por-francisco-christovam-divisao-do-objeto-do-contrato-de-transporte-publico\/","og_locale":"pt_BR","og_type":"article","og_title":"Por Francisco Christovam \u2013 Divis\u00e3o do objeto do contrato de transporte p\u00fablico - Instituto de Engenharia","og_description":"O artigo 175 da Constitui\u00e7\u00e3o Federal estabelece que \u201cincumbe ao Poder P\u00fablico, na forma da lei, diretamente ou sob regime de concess\u00e3o ou permiss\u00e3o, sempre atrav\u00e9s de licita\u00e7\u00e3o, a presta\u00e7\u00e3o de servi\u00e7os p\u00fablicos\u201d. O contrato de concess\u00e3o ou de permiss\u00e3o, instrumento jur\u00eddico imprescind\u00edvel para estabelecer as regras da rela\u00e7\u00e3o entre o poder concedente e a [&hellip;]","og_url":"https:\/\/www.institutodeengenharia.org.br\/site\/2023\/09\/27\/por-francisco-christovam-divisao-do-objeto-do-contrato-de-transporte-publico\/","og_site_name":"Instituto de Engenharia","article_publisher":"https:\/\/www.facebook.com\/institutodeengenharia","article_published_time":"2023-09-27T19:20:05+00:00","og_image":[{"width":322,"height":157,"url":"https:\/\/www.institutodeengenharia.org.br\/site\/wp-content\/uploads\/2023\/09\/Grafico-Tipo-Pizza.jpg","type":"image\/jpeg"}],"author":"Bianca","twitter_card":"summary_large_image","twitter_creator":"@iengenharia","twitter_site":"@iengenharia","twitter_misc":{"Escrito por":"Bianca","Est. tempo de leitura":"3 minutos"},"schema":{"@context":"https:\/\/schema.org","@graph":[{"@type":"Article","@id":"https:\/\/www.institutodeengenharia.org.br\/site\/2023\/09\/27\/por-francisco-christovam-divisao-do-objeto-do-contrato-de-transporte-publico\/#article","isPartOf":{"@id":"https:\/\/www.institutodeengenharia.org.br\/site\/2023\/09\/27\/por-francisco-christovam-divisao-do-objeto-do-contrato-de-transporte-publico\/"},"author":{"name":"Bianca","@id":"https:\/\/www.institutodeengenharia.org.br\/site\/#\/schema\/person\/aeb64951c405e100d26d30b033dd423f"},"headline":"Por Francisco Christovam \u2013 Divis\u00e3o do objeto do contrato de transporte p\u00fablico","datePublished":"2023-09-27T19:20:05+00:00","mainEntityOfPage":{"@id":"https:\/\/www.institutodeengenharia.org.br\/site\/2023\/09\/27\/por-francisco-christovam-divisao-do-objeto-do-contrato-de-transporte-publico\/"},"wordCount":530,"commentCount":0,"publisher":{"@id":"https:\/\/www.institutodeengenharia.org.br\/site\/#organization"},"image":{"@id":"https:\/\/www.institutodeengenharia.org.br\/site\/2023\/09\/27\/por-francisco-christovam-divisao-do-objeto-do-contrato-de-transporte-publico\/#primaryimage"},"thumbnailUrl":"https:\/\/www.institutodeengenharia.org.br\/site\/wp-content\/uploads\/2023\/09\/Grafico-Tipo-Pizza.jpg","articleSection":["Articulistas","Francisco Christovam"],"inLanguage":"pt-BR","potentialAction":[{"@type":"CommentAction","name":"Comment","target":["https:\/\/www.institutodeengenharia.org.br\/site\/2023\/09\/27\/por-francisco-christovam-divisao-do-objeto-do-contrato-de-transporte-publico\/#respond"]}]},{"@type":"WebPage","@id":"https:\/\/www.institutodeengenharia.org.br\/site\/2023\/09\/27\/por-francisco-christovam-divisao-do-objeto-do-contrato-de-transporte-publico\/","url":"https:\/\/www.institutodeengenharia.org.br\/site\/2023\/09\/27\/por-francisco-christovam-divisao-do-objeto-do-contrato-de-transporte-publico\/","name":"Por Francisco Christovam \u2013 Divis\u00e3o do objeto do contrato de transporte p\u00fablico - Instituto de Engenharia","isPartOf":{"@id":"https:\/\/www.institutodeengenharia.org.br\/site\/#website"},"primaryImageOfPage":{"@id":"https:\/\/www.institutodeengenharia.org.br\/site\/2023\/09\/27\/por-francisco-christovam-divisao-do-objeto-do-contrato-de-transporte-publico\/#primaryimage"},"image":{"@id":"https:\/\/www.institutodeengenharia.org.br\/site\/2023\/09\/27\/por-francisco-christovam-divisao-do-objeto-do-contrato-de-transporte-publico\/#primaryimage"},"thumbnailUrl":"https:\/\/www.institutodeengenharia.org.br\/site\/wp-content\/uploads\/2023\/09\/Grafico-Tipo-Pizza.jpg","datePublished":"2023-09-27T19:20:05+00:00","breadcrumb":{"@id":"https:\/\/www.institutodeengenharia.org.br\/site\/2023\/09\/27\/por-francisco-christovam-divisao-do-objeto-do-contrato-de-transporte-publico\/#breadcrumb"},"inLanguage":"pt-BR","potentialAction":[{"@type":"ReadAction","target":["https:\/\/www.institutodeengenharia.org.br\/site\/2023\/09\/27\/por-francisco-christovam-divisao-do-objeto-do-contrato-de-transporte-publico\/"]}]},{"@type":"ImageObject","inLanguage":"pt-BR","@id":"https:\/\/www.institutodeengenharia.org.br\/site\/2023\/09\/27\/por-francisco-christovam-divisao-do-objeto-do-contrato-de-transporte-publico\/#primaryimage","url":"https:\/\/www.institutodeengenharia.org.br\/site\/wp-content\/uploads\/2023\/09\/Grafico-Tipo-Pizza.jpg","contentUrl":"https:\/\/www.institutodeengenharia.org.br\/site\/wp-content\/uploads\/2023\/09\/Grafico-Tipo-Pizza.jpg","width":322,"height":157},{"@type":"BreadcrumbList","@id":"https:\/\/www.institutodeengenharia.org.br\/site\/2023\/09\/27\/por-francisco-christovam-divisao-do-objeto-do-contrato-de-transporte-publico\/#breadcrumb","itemListElement":[{"@type":"ListItem","position":1,"name":"In\u00edcio","item":"https:\/\/www.institutodeengenharia.org.br\/site\/"},{"@type":"ListItem","position":2,"name":"Por Francisco Christovam \u2013 Divis\u00e3o do objeto do contrato de transporte p\u00fablico"}]},{"@type":"WebSite","@id":"https:\/\/www.institutodeengenharia.org.br\/site\/#website","url":"https:\/\/www.institutodeengenharia.org.br\/site\/","name":"Instituto de Engenharia","description":"O Instituto de Engenharia promove a Engenharia em benef\u00edcio do desenvolvimento e da qualidade de vida da sociedade.","publisher":{"@id":"https:\/\/www.institutodeengenharia.org.br\/site\/#organization"},"potentialAction":[{"@type":"SearchAction","target":{"@type":"EntryPoint","urlTemplate":"https:\/\/www.institutodeengenharia.org.br\/site\/?s={search_term_string}"},"query-input":{"@type":"PropertyValueSpecification","valueRequired":true,"valueName":"search_term_string"}}],"inLanguage":"pt-BR"},{"@type":"Organization","@id":"https:\/\/www.institutodeengenharia.org.br\/site\/#organization","name":"Instituto de Engenharia","url":"https:\/\/www.institutodeengenharia.org.br\/site\/","logo":{"@type":"ImageObject","inLanguage":"pt-BR","@id":"https:\/\/www.institutodeengenharia.org.br\/site\/#\/schema\/logo\/image\/","url":"https:\/\/www.institutodeengenharia.org.br\/site\/wp-content\/uploads\/2019\/03\/logo-novo-IE2018-1.jpg","contentUrl":"https:\/\/www.institutodeengenharia.org.br\/site\/wp-content\/uploads\/2019\/03\/logo-novo-IE2018-1.jpg","width":1486,"height":1879,"caption":"Instituto de Engenharia"},"image":{"@id":"https:\/\/www.institutodeengenharia.org.br\/site\/#\/schema\/logo\/image\/"},"sameAs":["https:\/\/www.facebook.com\/institutodeengenharia","https:\/\/x.com\/iengenharia","https:\/\/www.instagram.com\/institutodeengenharia\/","https:\/\/www.linkedin.com\/company\/instituto-de-engenharia\/","https:\/\/www.youtube.com\/channel\/UCXiCAlsSMe977vamW915HxA"]},{"@type":"Person","@id":"https:\/\/www.institutodeengenharia.org.br\/site\/#\/schema\/person\/aeb64951c405e100d26d30b033dd423f","name":"Bianca","image":{"@type":"ImageObject","inLanguage":"pt-BR","@id":"https:\/\/secure.gravatar.com\/avatar\/a6fbe9bff57405baf4c1e2c5c1811e072b558253974a9f9508f4678900c97c2a?s=96&d=mm&r=g","url":"https:\/\/secure.gravatar.com\/avatar\/a6fbe9bff57405baf4c1e2c5c1811e072b558253974a9f9508f4678900c97c2a?s=96&d=mm&r=g","contentUrl":"https:\/\/secure.gravatar.com\/avatar\/a6fbe9bff57405baf4c1e2c5c1811e072b558253974a9f9508f4678900c97c2a?s=96&d=mm&r=g","caption":"Bianca"},"url":"https:\/\/www.institutodeengenharia.org.br\/site\/author\/comunicacao1\/"}]}},"_links":{"self":[{"href":"https:\/\/www.institutodeengenharia.org.br\/site\/wp-json\/wp\/v2\/posts\/112966","targetHints":{"allow":["GET"]}}],"collection":[{"href":"https:\/\/www.institutodeengenharia.org.br\/site\/wp-json\/wp\/v2\/posts"}],"about":[{"href":"https:\/\/www.institutodeengenharia.org.br\/site\/wp-json\/wp\/v2\/types\/post"}],"author":[{"embeddable":true,"href":"https:\/\/www.institutodeengenharia.org.br\/site\/wp-json\/wp\/v2\/users\/13"}],"replies":[{"embeddable":true,"href":"https:\/\/www.institutodeengenharia.org.br\/site\/wp-json\/wp\/v2\/comments?post=112966"}],"version-history":[{"count":1,"href":"https:\/\/www.institutodeengenharia.org.br\/site\/wp-json\/wp\/v2\/posts\/112966\/revisions"}],"predecessor-version":[{"id":112969,"href":"https:\/\/www.institutodeengenharia.org.br\/site\/wp-json\/wp\/v2\/posts\/112966\/revisions\/112969"}],"wp:featuredmedia":[{"embeddable":true,"href":"https:\/\/www.institutodeengenharia.org.br\/site\/wp-json\/wp\/v2\/media\/112968"}],"wp:attachment":[{"href":"https:\/\/www.institutodeengenharia.org.br\/site\/wp-json\/wp\/v2\/media?parent=112966"}],"wp:term":[{"taxonomy":"category","embeddable":true,"href":"https:\/\/www.institutodeengenharia.org.br\/site\/wp-json\/wp\/v2\/categories?post=112966"},{"taxonomy":"post_tag","embeddable":true,"href":"https:\/\/www.institutodeengenharia.org.br\/site\/wp-json\/wp\/v2\/tags?post=112966"}],"curies":[{"name":"wp","href":"https:\/\/api.w.org\/{rel}","templated":true}]}}