{"id":112855,"date":"2023-09-26T08:58:17","date_gmt":"2023-09-26T11:58:17","guid":{"rendered":"https:\/\/www.institutodeengenharia.org.br\/site\/?p=112855"},"modified":"2023-09-26T09:34:30","modified_gmt":"2023-09-26T12:34:30","slug":"a-evolucao-do-mercado-de-hidrogenio-verde-h2v-no-brasil","status":"publish","type":"post","link":"https:\/\/www.institutodeengenharia.org.br\/site\/2023\/09\/26\/a-evolucao-do-mercado-de-hidrogenio-verde-h2v-no-brasil\/","title":{"rendered":"A Evolu\u00e7\u00e3o do Mercado de Hidrog\u00eanio Verde- H2V no Brasil"},"content":{"rendered":"<p><strong>Assista abaixo \u00e0 grava\u00e7\u00e3o do evento:<\/strong><\/p>\n<p><iframe loading=\"lazy\" src=\"https:\/\/player.vimeo.com\/video\/865905072?h=f45d1693e5\" width=\"640\" height=\"360\" frameborder=\"0\" allowfullscreen=\"allowfullscreen\"><\/iframe><\/p>\n<p><strong>+ Informa\u00e7\u00f5es:<\/strong><\/p>\n<p><span class=\"NormalTextRun SCXW123468117 BCX9\">Atualmente, a produ\u00e7\u00e3o e consumo do Hidrog\u00eanio Verde (H2V) \u00e9 um tema que\u00a0<\/span><span class=\"NormalTextRun SCXW123468117 BCX9\">vem<\/span><span class=\"NormalTextRun SCXW123468117 BCX9\">\u00a0sendo bastante discutido em todas as esferas t\u00e9cnicas e econ\u00f4micas. Tem implica\u00e7\u00f5es em pol\u00edticas de ESG, energias alternativas e descarboniza\u00e7\u00e3o.<\/span><\/p>\n<p><span class=\"NormalTextRun SCXW123468117 BCX9\">Sua participa\u00e7\u00e3o no evento permitir\u00e1 o\u00a0<\/span><span class=\"NormalTextRun SCXW123468117 BCX9\">conhecimento de todos os aspectos da tecnologia do H2V desde a sua infraestrutura at\u00e9 a produ\u00e7\u00e3o e aplica\u00e7\u00e3o.<\/span><\/p>\n<p><strong>P\u00fablico-alvo:<\/strong><\/p>\n<p><span class=\"TextRun SCXW104093480 BCX9\" lang=\"PT-BR\" xml:lang=\"PT-BR\" data-contrast=\"auto\"><span class=\"NormalTextRun SCXW104093480 BCX9\">Engenheiros, estudantes de engenharia e interessados em geral.<\/span><\/span><\/p>\n<p><strong>Programa\u00e7\u00e3o:<\/strong><\/p>\n<p><strong>Credenciamento\/Coffee Break \u2013 8h30 \u00e0s 9h<\/strong><\/p>\n<p><strong>Abertura \u2013 9h \u00e0s 9h10<\/strong><\/p>\n<p>Jos\u00e9 Eduardo Frasc\u00e1 Poyares Jardim \u2013 Presidente do Instituto de Engenharia<\/p>\n<p>Vahan Agopyan \u2013 Secret\u00e1rio Estadual da Ci\u00eancia, Tecnologia e Inova\u00e7\u00e3o do Estado de S\u00e3o Paulo<\/p>\n<p>Marcelo Linardi \u2013 Pesquisador voluntario do IPEN, Instituto de Pesquisas Energ\u00e9ticas e Nucleares<\/p>\n<p>Arnaldo Jardim \u2013 Presidente da Comiss\u00e3o de H2V da C\u00e2mara dos Deputados<\/p>\n<p>Adalberto Maluf \u2013 Secret\u00e1rio do Minist\u00e9rio de Meio Ambiente<\/p>\n<p><strong>Painel 1 \u2013 9h10 \u00e0s 10h10 \u2013 Evolu\u00e7\u00e3o no mercado de Hidrog\u00eanio Verde no Brasil \u2013 H2V<\/strong><\/p>\n<p><i>Moderador: Roberto Bartolomeu Berkes \u2013 Vice-Diretor Operacional da Vice-Presid\u00eancia de Atividades T\u00e9cnicas do IE<\/i><\/p>\n<div>\n<div class=\"ewa-rteLine\">\n<div>Gustavo Giusti \u2013 Engenheiro de Desenvolvimento de Produto da Marcopolo SA<\/div>\n<\/div>\n<div>Jo\u00e3o Costa \u2013 Gerente da Engenharia da DaimlerTruck<\/div>\n<div>Emilio Carlos Nelli Silva \u2013 Professor Titular of Department of Mechatronics and Mechanical Systems Engineering<\/div>\n<div>Thiago Lopes \u2013 Cientista e Empreendedor<\/div>\n<\/div>\n<div><\/div>\n<div><strong>Painel 2 \u2013 10h10 \u00e0s 11h10 \u2013 Infraestrutura portu\u00e1ria para o H2V<\/strong><\/div>\n<div><\/div>\n<div><em>Moderador: Jurandir Pican\u00e7o \u2013 Engenheiro Mec\u00e2nico e Eletricista<\/em><\/div>\n<div>Aurea Vendramin \u2013 Vice-Diretora do Departamento de Desenvolvimento de Tecnologia, Ind\u00fastria, Energia e Telecomunica\u00e7\u00f5es do IE<\/div>\n<div><\/div>\n<div>Eduardo Ferreira Kantz \u2013 Diretor do Porto de A\u00e7u, Rio de Janeiro<br \/>\nF\u00e1bio Grandchamp \u2013 Vice-Presidente Executivo de Opera\u00e7\u00f5es do Complexo Industrial e Portu\u00e1rio do Pec\u00e9m.<\/div>\n<div><\/div>\n<div><strong>Painel 3 \u2013 11h10 \u00e0s 12h10 \u2013 Industrias que atuam no setor<\/strong><\/div>\n<div><\/div>\n<div><em>Moderador: Camilo Adas \u2013 Diretor da SAE Brasil<\/em><\/div>\n<div><\/div>\n<div>Daniel Lopes \u2013 Diretor Hytron<br \/>\nValter Luiz Knihs \u2013 Diretor da WEG<\/div>\n<div>\n<p>\u00c1lvaro Maia da Costa \u2013 Shaft Consultoria<\/p>\n<div><\/div>\n<div><strong>Painel 4 \u2013 12h10 \u00e0s 13h10 \u2013 Gera\u00e7\u00e3o e\u00f3lica e solar para a produ\u00e7\u00e3o de H2V<\/strong><\/div>\n<\/div>\n<div><\/div>\n<div>Moderador: Al\u00e9ssio Bento Boreli \u2013 Diretor do Departamento Desenvolvimento de Tecnologia, Ind\u00fastria, Energia e Telecomunica\u00e7\u00f5es do IE<\/div>\n<div>\n<div><\/div>\n<div>Eduardo Tobias \u2013 Coordenador da For\u00e7a-Tarefa de Hidrog\u00eanio Verde \u2013 ABSOLAR<\/div>\n<div>Andre Thimoteo \u2013 Diretor T\u00e9cnico da Associa\u00e7\u00e3o Brasileira de Energia E\u00f3lica \u2013 ABEE\u00f3lica<\/div>\n<\/div>\n<div><\/div>\n<div><strong>Encerramento \u2013 13h10 \u00e0s 13h20<\/strong><\/div>\n<div><\/div>\n<div>Ivan Metran Whately \u2013 Vice Presidente de Atividades T\u00e9cnicas do IE<\/div>\n<div>Fl\u00e1via Bartkevicius Cruz \u2013 Vice Presidente de Assuntos Internos e Associativos do IE<\/div>\n<div>Tatiana Machado \u2013 Diretora Operacional de Atividades T\u00e9cnicas do IE<\/div>\n<div><\/div>\n<div><\/div>\n<div>\n<div><em>*Programa\u00e7\u00e3o sujeita a altera\u00e7\u00f5es<\/em><\/div>\n<\/div>\n<div><\/div>\n<div><\/div>\n<div>\n<p><strong>Realiza\u00e7\u00e3o:<\/strong><\/p>\n<p><img loading=\"lazy\" decoding=\"async\" class=\"alignnone wp-image-81229 alignleft td-animation-stack-type0-2\" src=\"https:\/\/www.institutodeengenharia.org.br\/site\/wp-content\/uploads\/2021\/05\/ie-logo-escudo.jpeg\" alt=\"\" width=\"94\" height=\"119\" srcset=\"https:\/\/www.institutodeengenharia.org.br\/site\/wp-content\/uploads\/2021\/05\/ie-logo-escudo.jpeg 1012w, https:\/\/www.institutodeengenharia.org.br\/site\/wp-content\/uploads\/2021\/05\/ie-logo-escudo-237x300.jpeg 237w, https:\/\/www.institutodeengenharia.org.br\/site\/wp-content\/uploads\/2021\/05\/ie-logo-escudo-810x1024.jpeg 810w, https:\/\/www.institutodeengenharia.org.br\/site\/wp-content\/uploads\/2021\/05\/ie-logo-escudo-768x971.jpeg 768w, https:\/\/www.institutodeengenharia.org.br\/site\/wp-content\/uploads\/2021\/05\/ie-logo-escudo-696x880.jpeg 696w, https:\/\/www.institutodeengenharia.org.br\/site\/wp-content\/uploads\/2021\/05\/ie-logo-escudo-332x420.jpeg 332w, https:\/\/www.institutodeengenharia.org.br\/site\/wp-content\/uploads\/2021\/05\/ie-logo-escudo-600x759.jpeg 600w\" sizes=\"auto, (max-width: 94px) 100vw, 94px\" \/><\/p>\n<p><b><span data-contrast=\"auto\">Eng.\u00aa Flavia Bartkevicius Cruz \u2013\u00a0<\/span><\/b>Vice-Presidente de Assuntos Internos<\/p>\n<p><b><span data-contrast=\"auto\">Eng. Roberto Bartolomeu Berkes \u2013\u00a0<\/span><\/b>Vice-Diretor da Diretoria Operacional<\/p>\n<p><b><span data-contrast=\"none\">Eng. Al\u00e9ssio Bento Borelli \u2013\u00a0<\/span><\/b>Diretor do Departamento de Desenvolvimento de Tecnologia, Ind\u00fastria, Energia e Telecomunica\u00e7\u00f5es<\/p>\n<p><strong>Patroc\u00ednio Especial:<\/strong><\/p>\n<p><img loading=\"lazy\" decoding=\"async\" class=\"alignnone wp-image-111672 td-animation-stack-type0-2\" src=\"https:\/\/www.institutodeengenharia.org.br\/site\/wp-content\/uploads\/2023\/07\/MicrosoftTeams-image-314.png\" alt=\"\" width=\"218\" height=\"60\" srcset=\"https:\/\/www.institutodeengenharia.org.br\/site\/wp-content\/uploads\/2023\/07\/MicrosoftTeams-image-314.png 908w, https:\/\/www.institutodeengenharia.org.br\/site\/wp-content\/uploads\/2023\/07\/MicrosoftTeams-image-314-300x83.png 300w, https:\/\/www.institutodeengenharia.org.br\/site\/wp-content\/uploads\/2023\/07\/MicrosoftTeams-image-314-768x211.png 768w, https:\/\/www.institutodeengenharia.org.br\/site\/wp-content\/uploads\/2023\/07\/MicrosoftTeams-image-314-696x192.png 696w, https:\/\/www.institutodeengenharia.org.br\/site\/wp-content\/uploads\/2023\/07\/MicrosoftTeams-image-314-600x165.png 600w\" sizes=\"auto, (max-width: 218px) 100vw, 218px\" \/><\/p>\n<p><strong>Patroc\u00ednio Ouro:<\/strong><\/p>\n<p><a href=\"http:\/\/weg.net\/\"><img loading=\"lazy\" decoding=\"async\" class=\"alignnone wp-image-111088 td-animation-stack-type0-2\" src=\"https:\/\/www.institutodeengenharia.org.br\/site\/wp-content\/uploads\/2023\/07\/unnamed-28.jpg\" alt=\"\" width=\"172\" height=\"121\" srcset=\"https:\/\/www.institutodeengenharia.org.br\/site\/wp-content\/uploads\/2023\/07\/unnamed-28.jpg 979w, https:\/\/www.institutodeengenharia.org.br\/site\/wp-content\/uploads\/2023\/07\/unnamed-28-300x210.jpg 300w, https:\/\/www.institutodeengenharia.org.br\/site\/wp-content\/uploads\/2023\/07\/unnamed-28-768x538.jpg 768w, https:\/\/www.institutodeengenharia.org.br\/site\/wp-content\/uploads\/2023\/07\/unnamed-28-696x488.jpg 696w, https:\/\/www.institutodeengenharia.org.br\/site\/wp-content\/uploads\/2023\/07\/unnamed-28-599x420.jpg 599w, https:\/\/www.institutodeengenharia.org.br\/site\/wp-content\/uploads\/2023\/07\/unnamed-28-100x70.jpg 100w, https:\/\/www.institutodeengenharia.org.br\/site\/wp-content\/uploads\/2023\/07\/unnamed-28-600x420.jpg 600w\" sizes=\"auto, (max-width: 172px) 100vw, 172px\" \/><\/a><\/p>\n<p><strong>Patroc\u00ednio prata:<\/strong><\/p>\n<p><img loading=\"lazy\" decoding=\"async\" class=\"alignnone wp-image-112552 td-animation-stack-type0-2\" src=\"https:\/\/www.institutodeengenharia.org.br\/site\/wp-content\/uploads\/2023\/07\/MicrosoftTeams-image-327.png\" alt=\"\" width=\"257\" height=\"53\" srcset=\"https:\/\/www.institutodeengenharia.org.br\/site\/wp-content\/uploads\/2023\/07\/MicrosoftTeams-image-327.png 465w, https:\/\/www.institutodeengenharia.org.br\/site\/wp-content\/uploads\/2023\/07\/MicrosoftTeams-image-327-300x62.png 300w\" sizes=\"auto, (max-width: 257px) 100vw, 257px\" \/><\/p>\n<p><a href=\"https:\/\/portodoacu.com.br\/\"><img loading=\"lazy\" decoding=\"async\" class=\"alignnone wp-image-110650 td-animation-stack-type0-2\" src=\"https:\/\/www.institutodeengenharia.org.br\/site\/wp-content\/uploads\/2023\/07\/logopca4-1-300x201.png\" alt=\"\" width=\"135\" height=\"90\" srcset=\"https:\/\/www.institutodeengenharia.org.br\/site\/wp-content\/uploads\/2023\/07\/logopca4-1-300x201.png 300w, https:\/\/www.institutodeengenharia.org.br\/site\/wp-content\/uploads\/2023\/07\/logopca4-1.png 557w\" sizes=\"auto, (max-width: 135px) 100vw, 135px\" \/>\u00a0<\/a><\/p>\n<p><strong>Apoio Institucional:<\/strong><\/p>\n<p><img loading=\"lazy\" decoding=\"async\" class=\"alignnone wp-image-110193 td-animation-stack-type0-2\" src=\"https:\/\/www.institutodeengenharia.org.br\/site\/wp-content\/uploads\/2023\/07\/WhatsApp-Image-2023-08-03-at-15.04.12.jpeg\" alt=\"\" width=\"90\" height=\"105\" \/><\/p>\n<p><img loading=\"lazy\" decoding=\"async\" class=\"alignnone wp-image-110195 td-animation-stack-type0-2\" src=\"https:\/\/www.institutodeengenharia.org.br\/site\/wp-content\/uploads\/2023\/07\/WhatsApp-Image-2023-08-03-at-15.04.38-1-300x82.jpeg\" alt=\"\" width=\"154\" height=\"42\" srcset=\"https:\/\/www.institutodeengenharia.org.br\/site\/wp-content\/uploads\/2023\/07\/WhatsApp-Image-2023-08-03-at-15.04.38-1-300x82.jpeg 300w, https:\/\/www.institutodeengenharia.org.br\/site\/wp-content\/uploads\/2023\/07\/WhatsApp-Image-2023-08-03-at-15.04.38-1-1024x280.jpeg 1024w, https:\/\/www.institutodeengenharia.org.br\/site\/wp-content\/uploads\/2023\/07\/WhatsApp-Image-2023-08-03-at-15.04.38-1-768x210.jpeg 768w, https:\/\/www.institutodeengenharia.org.br\/site\/wp-content\/uploads\/2023\/07\/WhatsApp-Image-2023-08-03-at-15.04.38-1-1536x420.jpeg 1536w, https:\/\/www.institutodeengenharia.org.br\/site\/wp-content\/uploads\/2023\/07\/WhatsApp-Image-2023-08-03-at-15.04.38-1-696x190.jpeg 696w, https:\/\/www.institutodeengenharia.org.br\/site\/wp-content\/uploads\/2023\/07\/WhatsApp-Image-2023-08-03-at-15.04.38-1-1068x292.jpeg 1068w, https:\/\/www.institutodeengenharia.org.br\/site\/wp-content\/uploads\/2023\/07\/WhatsApp-Image-2023-08-03-at-15.04.38-1-1537x420.jpeg 1537w, https:\/\/www.institutodeengenharia.org.br\/site\/wp-content\/uploads\/2023\/07\/WhatsApp-Image-2023-08-03-at-15.04.38-1-600x164.jpeg 600w, https:\/\/www.institutodeengenharia.org.br\/site\/wp-content\/uploads\/2023\/07\/WhatsApp-Image-2023-08-03-at-15.04.38-1.jpeg 1599w\" sizes=\"auto, (max-width: 154px) 100vw, 154px\" \/><\/p>\n<p><img loading=\"lazy\" decoding=\"async\" class=\"alignnone wp-image-110644 td-animation-stack-type0-2\" src=\"https:\/\/www.institutodeengenharia.org.br\/site\/wp-content\/uploads\/2023\/07\/MicrosoftTeams-image-303-300x109.png\" alt=\"\" width=\"155\" height=\"56\" srcset=\"https:\/\/www.institutodeengenharia.org.br\/site\/wp-content\/uploads\/2023\/07\/MicrosoftTeams-image-303-300x109.png 300w, https:\/\/www.institutodeengenharia.org.br\/site\/wp-content\/uploads\/2023\/07\/MicrosoftTeams-image-303-1024x371.png 1024w, https:\/\/www.institutodeengenharia.org.br\/site\/wp-content\/uploads\/2023\/07\/MicrosoftTeams-image-303-768x279.png 768w, https:\/\/www.institutodeengenharia.org.br\/site\/wp-content\/uploads\/2023\/07\/MicrosoftTeams-image-303-696x252.png 696w, https:\/\/www.institutodeengenharia.org.br\/site\/wp-content\/uploads\/2023\/07\/MicrosoftTeams-image-303-1068x387.png 1068w, https:\/\/www.institutodeengenharia.org.br\/site\/wp-content\/uploads\/2023\/07\/MicrosoftTeams-image-303-1158x420.png 1158w, https:\/\/www.institutodeengenharia.org.br\/site\/wp-content\/uploads\/2023\/07\/MicrosoftTeams-image-303-600x218.png 600w, https:\/\/www.institutodeengenharia.org.br\/site\/wp-content\/uploads\/2023\/07\/MicrosoftTeams-image-303.png 1194w\" sizes=\"auto, (max-width: 155px) 100vw, 155px\" \/><\/p>\n<p><img loading=\"lazy\" decoding=\"async\" class=\"alignnone wp-image-83746 td-animation-stack-type0-2\" src=\"https:\/\/www.institutodeengenharia.org.br\/site\/wp-content\/uploads\/2021\/08\/ABIFER.webp\" alt=\"\" width=\"160\" height=\"160\" srcset=\"https:\/\/www.institutodeengenharia.org.br\/site\/wp-content\/uploads\/2021\/08\/ABIFER.webp 512w, https:\/\/www.institutodeengenharia.org.br\/site\/wp-content\/uploads\/2021\/08\/ABIFER-300x300.webp 300w, https:\/\/www.institutodeengenharia.org.br\/site\/wp-content\/uploads\/2021\/08\/ABIFER-150x150.webp 150w, https:\/\/www.institutodeengenharia.org.br\/site\/wp-content\/uploads\/2021\/08\/ABIFER-420x420.webp 420w, https:\/\/www.institutodeengenharia.org.br\/site\/wp-content\/uploads\/2021\/08\/ABIFER-100x100.webp 100w\" sizes=\"auto, (max-width: 160px) 100vw, 160px\" \/><\/p>\n<p><img loading=\"lazy\" decoding=\"async\" class=\"alignnone wp-image-110873 td-animation-stack-type0-2\" src=\"https:\/\/www.institutodeengenharia.org.br\/site\/wp-content\/uploads\/2023\/07\/ainc-300x118.png\" alt=\"\" width=\"173\" height=\"68\" srcset=\"https:\/\/www.institutodeengenharia.org.br\/site\/wp-content\/uploads\/2023\/07\/ainc-300x118.png 300w, https:\/\/www.institutodeengenharia.org.br\/site\/wp-content\/uploads\/2023\/07\/ainc-696x273.png 696w, https:\/\/www.institutodeengenharia.org.br\/site\/wp-content\/uploads\/2023\/07\/ainc-600x236.png 600w, https:\/\/www.institutodeengenharia.org.br\/site\/wp-content\/uploads\/2023\/07\/ainc.png 728w\" sizes=\"auto, (max-width: 173px) 100vw, 173px\" \/><\/p>\n<p><img loading=\"lazy\" decoding=\"async\" class=\"alignnone wp-image-111230 td-animation-stack-type0-2\" src=\"https:\/\/www.institutodeengenharia.org.br\/site\/wp-content\/uploads\/2023\/07\/MicrosoftTeams-image-311.png\" alt=\"\" width=\"169\" height=\"56\" srcset=\"https:\/\/www.institutodeengenharia.org.br\/site\/wp-content\/uploads\/2023\/07\/MicrosoftTeams-image-311.png 800w, https:\/\/www.institutodeengenharia.org.br\/site\/wp-content\/uploads\/2023\/07\/MicrosoftTeams-image-311-300x99.png 300w, https:\/\/www.institutodeengenharia.org.br\/site\/wp-content\/uploads\/2023\/07\/MicrosoftTeams-image-311-768x253.png 768w, https:\/\/www.institutodeengenharia.org.br\/site\/wp-content\/uploads\/2023\/07\/MicrosoftTeams-image-311-696x230.png 696w, https:\/\/www.institutodeengenharia.org.br\/site\/wp-content\/uploads\/2023\/07\/MicrosoftTeams-image-311-600x198.png 600w\" sizes=\"auto, (max-width: 169px) 100vw, 169px\" \/><\/p>\n<p><img loading=\"lazy\" decoding=\"async\" class=\"alignnone wp-image-77696 td-animation-stack-type0-2\" src=\"https:\/\/www.institutodeengenharia.org.br\/site\/wp-content\/uploads\/2021\/02\/crea.jpg\" alt=\"\" width=\"103\" height=\"72\" srcset=\"https:\/\/www.institutodeengenharia.org.br\/site\/wp-content\/uploads\/2021\/02\/crea.jpg 448w, https:\/\/www.institutodeengenharia.org.br\/site\/wp-content\/uploads\/2021\/02\/crea-300x211.jpg 300w, https:\/\/www.institutodeengenharia.org.br\/site\/wp-content\/uploads\/2021\/02\/crea-218x150.jpg 218w, https:\/\/www.institutodeengenharia.org.br\/site\/wp-content\/uploads\/2021\/02\/crea-100x70.jpg 100w\" sizes=\"auto, (max-width: 103px) 100vw, 103px\" \/><\/p>\n<p><img loading=\"lazy\" decoding=\"async\" class=\"alignnone wp-image-112054 td-animation-stack-type0-2\" src=\"https:\/\/www.institutodeengenharia.org.br\/site\/wp-content\/uploads\/2023\/07\/SAE-BRASIL_1-1024x229.png\" alt=\"\" width=\"157\" height=\"35\" srcset=\"https:\/\/www.institutodeengenharia.org.br\/site\/wp-content\/uploads\/2023\/07\/SAE-BRASIL_1-1024x229.png 1024w, https:\/\/www.institutodeengenharia.org.br\/site\/wp-content\/uploads\/2023\/07\/SAE-BRASIL_1-300x67.png 300w, https:\/\/www.institutodeengenharia.org.br\/site\/wp-content\/uploads\/2023\/07\/SAE-BRASIL_1-768x172.png 768w, https:\/\/www.institutodeengenharia.org.br\/site\/wp-content\/uploads\/2023\/07\/SAE-BRASIL_1-696x156.png 696w, https:\/\/www.institutodeengenharia.org.br\/site\/wp-content\/uploads\/2023\/07\/SAE-BRASIL_1-1068x239.png 1068w, https:\/\/www.institutodeengenharia.org.br\/site\/wp-content\/uploads\/2023\/07\/SAE-BRASIL_1-600x134.png 600w, https:\/\/www.institutodeengenharia.org.br\/site\/wp-content\/uploads\/2023\/07\/SAE-BRASIL_1.png 1511w\" sizes=\"auto, (max-width: 157px) 100vw, 157px\" \/><\/p>\n<p><strong>Apoio \u00e0 forma\u00e7\u00e3o:\u00a0<\/strong><\/p>\n<p>Espa\u00e7o aberto ao CREA-SP, objetivando o aperfei\u00e7oamento dos profissionais e o aprimoramento da fiscaliza\u00e7\u00e3o das \u00e1reas abrangidas pelo Sistema Confea\/CREAs, al\u00e9m de promover a conscientiza\u00e7\u00e3o da sociedade quanto \u00e0 necessidade e obrigatoriedade de contratar um profissional devidamente habilitado.<\/p>\n<\/div>\n","protected":false},"excerpt":{"rendered":"<p>Assista abaixo \u00e0 grava\u00e7\u00e3o do evento: + Informa\u00e7\u00f5es: Atualmente, a produ\u00e7\u00e3o e consumo do Hidrog\u00eanio Verde (H2V) \u00e9 um tema que\u00a0vem\u00a0sendo bastante discutido em todas as esferas t\u00e9cnicas e econ\u00f4micas. Tem implica\u00e7\u00f5es em pol\u00edticas de ESG, energias alternativas e descarboniza\u00e7\u00e3o. Sua participa\u00e7\u00e3o no evento permitir\u00e1 o\u00a0conhecimento de todos os aspectos da tecnologia do H2V desde [&hellip;]<\/p>\n","protected":false},"author":13,"featured_media":111921,"comment_status":"open","ping_status":"open","sticky":false,"template":"","format":"video","meta":{"footnotes":""},"categories":[968,969],"tags":[1176],"class_list":{"0":"post-112855","1":"post","2":"type-post","3":"status-publish","4":"format-video","5":"has-post-thumbnail","7":"category-nova-tv-engenharia","8":"category-palestra","9":"tag-video-home","10":"post_format-post-format-video"},"yoast_head":"<!-- This site is optimized with the Yoast SEO plugin v27.2 - https:\/\/yoast.com\/product\/yoast-seo-wordpress\/ -->\n<title>A Evolu\u00e7\u00e3o do Mercado de Hidrog\u00eanio Verde- H2V no Brasil - Instituto de Engenharia<\/title>\n<meta name=\"robots\" content=\"index, follow, max-snippet:-1, max-image-preview:large, max-video-preview:-1\" \/>\n<link rel=\"canonical\" href=\"https:\/\/www.institutodeengenharia.org.br\/site\/2023\/09\/26\/a-evolucao-do-mercado-de-hidrogenio-verde-h2v-no-brasil\/\" \/>\n<meta property=\"og:locale\" content=\"pt_BR\" \/>\n<meta property=\"og:type\" content=\"article\" \/>\n<meta property=\"og:title\" content=\"A Evolu\u00e7\u00e3o do Mercado de Hidrog\u00eanio Verde- H2V no Brasil - Instituto de Engenharia\" \/>\n<meta property=\"og:description\" content=\"Assista abaixo \u00e0 grava\u00e7\u00e3o do evento: + Informa\u00e7\u00f5es: Atualmente, a produ\u00e7\u00e3o e consumo do Hidrog\u00eanio Verde (H2V) \u00e9 um tema que\u00a0vem\u00a0sendo bastante discutido em todas as esferas t\u00e9cnicas e econ\u00f4micas. Tem implica\u00e7\u00f5es em pol\u00edticas de ESG, energias alternativas e descarboniza\u00e7\u00e3o. Sua participa\u00e7\u00e3o no evento permitir\u00e1 o\u00a0conhecimento de todos os aspectos da tecnologia do H2V desde [&hellip;]\" \/>\n<meta property=\"og:url\" content=\"https:\/\/www.institutodeengenharia.org.br\/site\/2023\/09\/26\/a-evolucao-do-mercado-de-hidrogenio-verde-h2v-no-brasil\/\" \/>\n<meta property=\"og:site_name\" content=\"Instituto de Engenharia\" \/>\n<meta property=\"article:publisher\" content=\"https:\/\/www.facebook.com\/institutodeengenharia\" \/>\n<meta property=\"article:published_time\" content=\"2023-09-26T11:58:17+00:00\" \/>\n<meta property=\"article:modified_time\" content=\"2023-09-26T12:34:30+00:00\" \/>\n<meta property=\"og:image\" content=\"https:\/\/www.institutodeengenharia.org.br\/site\/wp-content\/uploads\/2023\/07\/FOTO-Divulgacao-EDP.jpg\" \/>\n\t<meta property=\"og:image:width\" content=\"1280\" \/>\n\t<meta property=\"og:image:height\" content=\"720\" \/>\n\t<meta property=\"og:image:type\" content=\"image\/jpeg\" \/>\n<meta name=\"author\" content=\"Bianca\" \/>\n<meta name=\"twitter:card\" content=\"summary_large_image\" \/>\n<meta name=\"twitter:creator\" content=\"@iengenharia\" \/>\n<meta name=\"twitter:site\" content=\"@iengenharia\" \/>\n<meta name=\"twitter:label1\" content=\"Escrito por\" \/>\n\t<meta name=\"twitter:data1\" content=\"Bianca\" \/>\n\t<meta name=\"twitter:label2\" content=\"Est. tempo de leitura\" \/>\n\t<meta name=\"twitter:data2\" content=\"6 minutos\" \/>\n<script type=\"application\/ld+json\" class=\"yoast-schema-graph\">{\"@context\":\"https:\/\/schema.org\",\"@graph\":[{\"@type\":\"Article\",\"@id\":\"https:\/\/www.institutodeengenharia.org.br\/site\/2023\/09\/26\/a-evolucao-do-mercado-de-hidrogenio-verde-h2v-no-brasil\/#article\",\"isPartOf\":{\"@id\":\"https:\/\/www.institutodeengenharia.org.br\/site\/2023\/09\/26\/a-evolucao-do-mercado-de-hidrogenio-verde-h2v-no-brasil\/\"},\"author\":{\"name\":\"Bianca\",\"@id\":\"https:\/\/www.institutodeengenharia.org.br\/site\/#\/schema\/person\/aeb64951c405e100d26d30b033dd423f\"},\"headline\":\"A Evolu\u00e7\u00e3o do Mercado de Hidrog\u00eanio Verde- H2V no Brasil\",\"datePublished\":\"2023-09-26T11:58:17+00:00\",\"dateModified\":\"2023-09-26T12:34:30+00:00\",\"mainEntityOfPage\":{\"@id\":\"https:\/\/www.institutodeengenharia.org.br\/site\/2023\/09\/26\/a-evolucao-do-mercado-de-hidrogenio-verde-h2v-no-brasil\/\"},\"wordCount\":542,\"commentCount\":0,\"publisher\":{\"@id\":\"https:\/\/www.institutodeengenharia.org.br\/site\/#organization\"},\"image\":{\"@id\":\"https:\/\/www.institutodeengenharia.org.br\/site\/2023\/09\/26\/a-evolucao-do-mercado-de-hidrogenio-verde-h2v-no-brasil\/#primaryimage\"},\"thumbnailUrl\":\"https:\/\/www.institutodeengenharia.org.br\/site\/wp-content\/uploads\/2023\/07\/FOTO-Divulgacao-EDP.jpg\",\"keywords\":[\"video-home\"],\"articleSection\":[\"Nova TV Engenharia\",\"Palestra\"],\"inLanguage\":\"pt-BR\",\"potentialAction\":[{\"@type\":\"CommentAction\",\"name\":\"Comment\",\"target\":[\"https:\/\/www.institutodeengenharia.org.br\/site\/2023\/09\/26\/a-evolucao-do-mercado-de-hidrogenio-verde-h2v-no-brasil\/#respond\"]}]},{\"@type\":\"WebPage\",\"@id\":\"https:\/\/www.institutodeengenharia.org.br\/site\/2023\/09\/26\/a-evolucao-do-mercado-de-hidrogenio-verde-h2v-no-brasil\/\",\"url\":\"https:\/\/www.institutodeengenharia.org.br\/site\/2023\/09\/26\/a-evolucao-do-mercado-de-hidrogenio-verde-h2v-no-brasil\/\",\"name\":\"A Evolu\u00e7\u00e3o do Mercado de Hidrog\u00eanio Verde- H2V no Brasil - Instituto de Engenharia\",\"isPartOf\":{\"@id\":\"https:\/\/www.institutodeengenharia.org.br\/site\/#website\"},\"primaryImageOfPage\":{\"@id\":\"https:\/\/www.institutodeengenharia.org.br\/site\/2023\/09\/26\/a-evolucao-do-mercado-de-hidrogenio-verde-h2v-no-brasil\/#primaryimage\"},\"image\":{\"@id\":\"https:\/\/www.institutodeengenharia.org.br\/site\/2023\/09\/26\/a-evolucao-do-mercado-de-hidrogenio-verde-h2v-no-brasil\/#primaryimage\"},\"thumbnailUrl\":\"https:\/\/www.institutodeengenharia.org.br\/site\/wp-content\/uploads\/2023\/07\/FOTO-Divulgacao-EDP.jpg\",\"datePublished\":\"2023-09-26T11:58:17+00:00\",\"dateModified\":\"2023-09-26T12:34:30+00:00\",\"breadcrumb\":{\"@id\":\"https:\/\/www.institutodeengenharia.org.br\/site\/2023\/09\/26\/a-evolucao-do-mercado-de-hidrogenio-verde-h2v-no-brasil\/#breadcrumb\"},\"inLanguage\":\"pt-BR\",\"potentialAction\":[{\"@type\":\"ReadAction\",\"target\":[\"https:\/\/www.institutodeengenharia.org.br\/site\/2023\/09\/26\/a-evolucao-do-mercado-de-hidrogenio-verde-h2v-no-brasil\/\"]}]},{\"@type\":\"ImageObject\",\"inLanguage\":\"pt-BR\",\"@id\":\"https:\/\/www.institutodeengenharia.org.br\/site\/2023\/09\/26\/a-evolucao-do-mercado-de-hidrogenio-verde-h2v-no-brasil\/#primaryimage\",\"url\":\"https:\/\/www.institutodeengenharia.org.br\/site\/wp-content\/uploads\/2023\/07\/FOTO-Divulgacao-EDP.jpg\",\"contentUrl\":\"https:\/\/www.institutodeengenharia.org.br\/site\/wp-content\/uploads\/2023\/07\/FOTO-Divulgacao-EDP.jpg\",\"width\":1280,\"height\":720},{\"@type\":\"BreadcrumbList\",\"@id\":\"https:\/\/www.institutodeengenharia.org.br\/site\/2023\/09\/26\/a-evolucao-do-mercado-de-hidrogenio-verde-h2v-no-brasil\/#breadcrumb\",\"itemListElement\":[{\"@type\":\"ListItem\",\"position\":1,\"name\":\"In\u00edcio\",\"item\":\"https:\/\/www.institutodeengenharia.org.br\/site\/\"},{\"@type\":\"ListItem\",\"position\":2,\"name\":\"A Evolu\u00e7\u00e3o do Mercado de Hidrog\u00eanio Verde- H2V no Brasil\"}]},{\"@type\":\"WebSite\",\"@id\":\"https:\/\/www.institutodeengenharia.org.br\/site\/#website\",\"url\":\"https:\/\/www.institutodeengenharia.org.br\/site\/\",\"name\":\"Instituto de Engenharia\",\"description\":\"O Instituto de Engenharia promove a Engenharia em benef\u00edcio do desenvolvimento e da qualidade de vida da sociedade.\",\"publisher\":{\"@id\":\"https:\/\/www.institutodeengenharia.org.br\/site\/#organization\"},\"potentialAction\":[{\"@type\":\"SearchAction\",\"target\":{\"@type\":\"EntryPoint\",\"urlTemplate\":\"https:\/\/www.institutodeengenharia.org.br\/site\/?s={search_term_string}\"},\"query-input\":{\"@type\":\"PropertyValueSpecification\",\"valueRequired\":true,\"valueName\":\"search_term_string\"}}],\"inLanguage\":\"pt-BR\"},{\"@type\":\"Organization\",\"@id\":\"https:\/\/www.institutodeengenharia.org.br\/site\/#organization\",\"name\":\"Instituto de Engenharia\",\"url\":\"https:\/\/www.institutodeengenharia.org.br\/site\/\",\"logo\":{\"@type\":\"ImageObject\",\"inLanguage\":\"pt-BR\",\"@id\":\"https:\/\/www.institutodeengenharia.org.br\/site\/#\/schema\/logo\/image\/\",\"url\":\"https:\/\/www.institutodeengenharia.org.br\/site\/wp-content\/uploads\/2019\/03\/logo-novo-IE2018-1.jpg\",\"contentUrl\":\"https:\/\/www.institutodeengenharia.org.br\/site\/wp-content\/uploads\/2019\/03\/logo-novo-IE2018-1.jpg\",\"width\":1486,\"height\":1879,\"caption\":\"Instituto de Engenharia\"},\"image\":{\"@id\":\"https:\/\/www.institutodeengenharia.org.br\/site\/#\/schema\/logo\/image\/\"},\"sameAs\":[\"https:\/\/www.facebook.com\/institutodeengenharia\",\"https:\/\/x.com\/iengenharia\",\"https:\/\/www.instagram.com\/institutodeengenharia\/\",\"https:\/\/www.linkedin.com\/company\/instituto-de-engenharia\/\",\"https:\/\/www.youtube.com\/channel\/UCXiCAlsSMe977vamW915HxA\"]},{\"@type\":\"Person\",\"@id\":\"https:\/\/www.institutodeengenharia.org.br\/site\/#\/schema\/person\/aeb64951c405e100d26d30b033dd423f\",\"name\":\"Bianca\",\"image\":{\"@type\":\"ImageObject\",\"inLanguage\":\"pt-BR\",\"@id\":\"https:\/\/secure.gravatar.com\/avatar\/a6fbe9bff57405baf4c1e2c5c1811e072b558253974a9f9508f4678900c97c2a?s=96&d=mm&r=g\",\"url\":\"https:\/\/secure.gravatar.com\/avatar\/a6fbe9bff57405baf4c1e2c5c1811e072b558253974a9f9508f4678900c97c2a?s=96&d=mm&r=g\",\"contentUrl\":\"https:\/\/secure.gravatar.com\/avatar\/a6fbe9bff57405baf4c1e2c5c1811e072b558253974a9f9508f4678900c97c2a?s=96&d=mm&r=g\",\"caption\":\"Bianca\"},\"url\":\"https:\/\/www.institutodeengenharia.org.br\/site\/author\/comunicacao1\/\"}]}<\/script>\n<!-- \/ Yoast SEO plugin. -->","yoast_head_json":{"title":"A Evolu\u00e7\u00e3o do Mercado de Hidrog\u00eanio Verde- H2V no Brasil - Instituto de Engenharia","robots":{"index":"index","follow":"follow","max-snippet":"max-snippet:-1","max-image-preview":"max-image-preview:large","max-video-preview":"max-video-preview:-1"},"canonical":"https:\/\/www.institutodeengenharia.org.br\/site\/2023\/09\/26\/a-evolucao-do-mercado-de-hidrogenio-verde-h2v-no-brasil\/","og_locale":"pt_BR","og_type":"article","og_title":"A Evolu\u00e7\u00e3o do Mercado de Hidrog\u00eanio Verde- H2V no Brasil - Instituto de Engenharia","og_description":"Assista abaixo \u00e0 grava\u00e7\u00e3o do evento: + Informa\u00e7\u00f5es: Atualmente, a produ\u00e7\u00e3o e consumo do Hidrog\u00eanio Verde (H2V) \u00e9 um tema que\u00a0vem\u00a0sendo bastante discutido em todas as esferas t\u00e9cnicas e econ\u00f4micas. Tem implica\u00e7\u00f5es em pol\u00edticas de ESG, energias alternativas e descarboniza\u00e7\u00e3o. Sua participa\u00e7\u00e3o no evento permitir\u00e1 o\u00a0conhecimento de todos os aspectos da tecnologia do H2V desde [&hellip;]","og_url":"https:\/\/www.institutodeengenharia.org.br\/site\/2023\/09\/26\/a-evolucao-do-mercado-de-hidrogenio-verde-h2v-no-brasil\/","og_site_name":"Instituto de Engenharia","article_publisher":"https:\/\/www.facebook.com\/institutodeengenharia","article_published_time":"2023-09-26T11:58:17+00:00","article_modified_time":"2023-09-26T12:34:30+00:00","og_image":[{"width":1280,"height":720,"url":"https:\/\/www.institutodeengenharia.org.br\/site\/wp-content\/uploads\/2023\/07\/FOTO-Divulgacao-EDP.jpg","type":"image\/jpeg"}],"author":"Bianca","twitter_card":"summary_large_image","twitter_creator":"@iengenharia","twitter_site":"@iengenharia","twitter_misc":{"Escrito por":"Bianca","Est. tempo de leitura":"6 minutos"},"schema":{"@context":"https:\/\/schema.org","@graph":[{"@type":"Article","@id":"https:\/\/www.institutodeengenharia.org.br\/site\/2023\/09\/26\/a-evolucao-do-mercado-de-hidrogenio-verde-h2v-no-brasil\/#article","isPartOf":{"@id":"https:\/\/www.institutodeengenharia.org.br\/site\/2023\/09\/26\/a-evolucao-do-mercado-de-hidrogenio-verde-h2v-no-brasil\/"},"author":{"name":"Bianca","@id":"https:\/\/www.institutodeengenharia.org.br\/site\/#\/schema\/person\/aeb64951c405e100d26d30b033dd423f"},"headline":"A Evolu\u00e7\u00e3o do Mercado de Hidrog\u00eanio Verde- H2V no Brasil","datePublished":"2023-09-26T11:58:17+00:00","dateModified":"2023-09-26T12:34:30+00:00","mainEntityOfPage":{"@id":"https:\/\/www.institutodeengenharia.org.br\/site\/2023\/09\/26\/a-evolucao-do-mercado-de-hidrogenio-verde-h2v-no-brasil\/"},"wordCount":542,"commentCount":0,"publisher":{"@id":"https:\/\/www.institutodeengenharia.org.br\/site\/#organization"},"image":{"@id":"https:\/\/www.institutodeengenharia.org.br\/site\/2023\/09\/26\/a-evolucao-do-mercado-de-hidrogenio-verde-h2v-no-brasil\/#primaryimage"},"thumbnailUrl":"https:\/\/www.institutodeengenharia.org.br\/site\/wp-content\/uploads\/2023\/07\/FOTO-Divulgacao-EDP.jpg","keywords":["video-home"],"articleSection":["Nova TV Engenharia","Palestra"],"inLanguage":"pt-BR","potentialAction":[{"@type":"CommentAction","name":"Comment","target":["https:\/\/www.institutodeengenharia.org.br\/site\/2023\/09\/26\/a-evolucao-do-mercado-de-hidrogenio-verde-h2v-no-brasil\/#respond"]}]},{"@type":"WebPage","@id":"https:\/\/www.institutodeengenharia.org.br\/site\/2023\/09\/26\/a-evolucao-do-mercado-de-hidrogenio-verde-h2v-no-brasil\/","url":"https:\/\/www.institutodeengenharia.org.br\/site\/2023\/09\/26\/a-evolucao-do-mercado-de-hidrogenio-verde-h2v-no-brasil\/","name":"A Evolu\u00e7\u00e3o do Mercado de Hidrog\u00eanio Verde- H2V no Brasil - Instituto de Engenharia","isPartOf":{"@id":"https:\/\/www.institutodeengenharia.org.br\/site\/#website"},"primaryImageOfPage":{"@id":"https:\/\/www.institutodeengenharia.org.br\/site\/2023\/09\/26\/a-evolucao-do-mercado-de-hidrogenio-verde-h2v-no-brasil\/#primaryimage"},"image":{"@id":"https:\/\/www.institutodeengenharia.org.br\/site\/2023\/09\/26\/a-evolucao-do-mercado-de-hidrogenio-verde-h2v-no-brasil\/#primaryimage"},"thumbnailUrl":"https:\/\/www.institutodeengenharia.org.br\/site\/wp-content\/uploads\/2023\/07\/FOTO-Divulgacao-EDP.jpg","datePublished":"2023-09-26T11:58:17+00:00","dateModified":"2023-09-26T12:34:30+00:00","breadcrumb":{"@id":"https:\/\/www.institutodeengenharia.org.br\/site\/2023\/09\/26\/a-evolucao-do-mercado-de-hidrogenio-verde-h2v-no-brasil\/#breadcrumb"},"inLanguage":"pt-BR","potentialAction":[{"@type":"ReadAction","target":["https:\/\/www.institutodeengenharia.org.br\/site\/2023\/09\/26\/a-evolucao-do-mercado-de-hidrogenio-verde-h2v-no-brasil\/"]}]},{"@type":"ImageObject","inLanguage":"pt-BR","@id":"https:\/\/www.institutodeengenharia.org.br\/site\/2023\/09\/26\/a-evolucao-do-mercado-de-hidrogenio-verde-h2v-no-brasil\/#primaryimage","url":"https:\/\/www.institutodeengenharia.org.br\/site\/wp-content\/uploads\/2023\/07\/FOTO-Divulgacao-EDP.jpg","contentUrl":"https:\/\/www.institutodeengenharia.org.br\/site\/wp-content\/uploads\/2023\/07\/FOTO-Divulgacao-EDP.jpg","width":1280,"height":720},{"@type":"BreadcrumbList","@id":"https:\/\/www.institutodeengenharia.org.br\/site\/2023\/09\/26\/a-evolucao-do-mercado-de-hidrogenio-verde-h2v-no-brasil\/#breadcrumb","itemListElement":[{"@type":"ListItem","position":1,"name":"In\u00edcio","item":"https:\/\/www.institutodeengenharia.org.br\/site\/"},{"@type":"ListItem","position":2,"name":"A Evolu\u00e7\u00e3o do Mercado de Hidrog\u00eanio Verde- H2V no Brasil"}]},{"@type":"WebSite","@id":"https:\/\/www.institutodeengenharia.org.br\/site\/#website","url":"https:\/\/www.institutodeengenharia.org.br\/site\/","name":"Instituto de Engenharia","description":"O Instituto de Engenharia promove a Engenharia em benef\u00edcio do desenvolvimento e da qualidade de vida da sociedade.","publisher":{"@id":"https:\/\/www.institutodeengenharia.org.br\/site\/#organization"},"potentialAction":[{"@type":"SearchAction","target":{"@type":"EntryPoint","urlTemplate":"https:\/\/www.institutodeengenharia.org.br\/site\/?s={search_term_string}"},"query-input":{"@type":"PropertyValueSpecification","valueRequired":true,"valueName":"search_term_string"}}],"inLanguage":"pt-BR"},{"@type":"Organization","@id":"https:\/\/www.institutodeengenharia.org.br\/site\/#organization","name":"Instituto de Engenharia","url":"https:\/\/www.institutodeengenharia.org.br\/site\/","logo":{"@type":"ImageObject","inLanguage":"pt-BR","@id":"https:\/\/www.institutodeengenharia.org.br\/site\/#\/schema\/logo\/image\/","url":"https:\/\/www.institutodeengenharia.org.br\/site\/wp-content\/uploads\/2019\/03\/logo-novo-IE2018-1.jpg","contentUrl":"https:\/\/www.institutodeengenharia.org.br\/site\/wp-content\/uploads\/2019\/03\/logo-novo-IE2018-1.jpg","width":1486,"height":1879,"caption":"Instituto de Engenharia"},"image":{"@id":"https:\/\/www.institutodeengenharia.org.br\/site\/#\/schema\/logo\/image\/"},"sameAs":["https:\/\/www.facebook.com\/institutodeengenharia","https:\/\/x.com\/iengenharia","https:\/\/www.instagram.com\/institutodeengenharia\/","https:\/\/www.linkedin.com\/company\/instituto-de-engenharia\/","https:\/\/www.youtube.com\/channel\/UCXiCAlsSMe977vamW915HxA"]},{"@type":"Person","@id":"https:\/\/www.institutodeengenharia.org.br\/site\/#\/schema\/person\/aeb64951c405e100d26d30b033dd423f","name":"Bianca","image":{"@type":"ImageObject","inLanguage":"pt-BR","@id":"https:\/\/secure.gravatar.com\/avatar\/a6fbe9bff57405baf4c1e2c5c1811e072b558253974a9f9508f4678900c97c2a?s=96&d=mm&r=g","url":"https:\/\/secure.gravatar.com\/avatar\/a6fbe9bff57405baf4c1e2c5c1811e072b558253974a9f9508f4678900c97c2a?s=96&d=mm&r=g","contentUrl":"https:\/\/secure.gravatar.com\/avatar\/a6fbe9bff57405baf4c1e2c5c1811e072b558253974a9f9508f4678900c97c2a?s=96&d=mm&r=g","caption":"Bianca"},"url":"https:\/\/www.institutodeengenharia.org.br\/site\/author\/comunicacao1\/"}]}},"_links":{"self":[{"href":"https:\/\/www.institutodeengenharia.org.br\/site\/wp-json\/wp\/v2\/posts\/112855","targetHints":{"allow":["GET"]}}],"collection":[{"href":"https:\/\/www.institutodeengenharia.org.br\/site\/wp-json\/wp\/v2\/posts"}],"about":[{"href":"https:\/\/www.institutodeengenharia.org.br\/site\/wp-json\/wp\/v2\/types\/post"}],"author":[{"embeddable":true,"href":"https:\/\/www.institutodeengenharia.org.br\/site\/wp-json\/wp\/v2\/users\/13"}],"replies":[{"embeddable":true,"href":"https:\/\/www.institutodeengenharia.org.br\/site\/wp-json\/wp\/v2\/comments?post=112855"}],"version-history":[{"count":1,"href":"https:\/\/www.institutodeengenharia.org.br\/site\/wp-json\/wp\/v2\/posts\/112855\/revisions"}],"predecessor-version":[{"id":112857,"href":"https:\/\/www.institutodeengenharia.org.br\/site\/wp-json\/wp\/v2\/posts\/112855\/revisions\/112857"}],"wp:featuredmedia":[{"embeddable":true,"href":"https:\/\/www.institutodeengenharia.org.br\/site\/wp-json\/wp\/v2\/media\/111921"}],"wp:attachment":[{"href":"https:\/\/www.institutodeengenharia.org.br\/site\/wp-json\/wp\/v2\/media?parent=112855"}],"wp:term":[{"taxonomy":"category","embeddable":true,"href":"https:\/\/www.institutodeengenharia.org.br\/site\/wp-json\/wp\/v2\/categories?post=112855"},{"taxonomy":"post_tag","embeddable":true,"href":"https:\/\/www.institutodeengenharia.org.br\/site\/wp-json\/wp\/v2\/tags?post=112855"}],"curies":[{"name":"wp","href":"https:\/\/api.w.org\/{rel}","templated":true}]}}