{"id":112665,"date":"2023-10-16T10:20:13","date_gmt":"2023-10-16T13:20:13","guid":{"rendered":"https:\/\/www.institutodeengenharia.org.br\/site\/?p=112665"},"modified":"2023-10-17T12:05:11","modified_gmt":"2023-10-17T15:05:11","slug":"silvio-meira-e-o-eminente-engenheiro-do-ano-2023","status":"publish","type":"post","link":"https:\/\/www.institutodeengenharia.org.br\/site\/2023\/10\/16\/silvio-meira-e-o-eminente-engenheiro-do-ano-2023\/","title":{"rendered":"Cerim\u00f4nia de Entrega do T\u00edtulo Eminente Engenheiro do Ano 2023"},"content":{"rendered":"<p style=\"text-align: center;\">\n<p><iframe loading=\"lazy\" title=\"YouTube video player\" src=\"https:\/\/www.youtube.com\/embed\/JVFvSVzUHYY?si=6TT19boWbsE2meWj\" width=\"560\" height=\"315\" frameborder=\"0\" allowfullscreen=\"allowfullscreen\"><\/iframe><\/p>\n<p>Cientista da Computa\u00e7\u00e3o e um dos respons\u00e1veis pela idealiza\u00e7\u00e3o do Porto Digital, em Recife, o engenheiro Eletr\u00f4nico Silvio Romero de Lemos Meira \u00e9 o Eminente Engenheiro do Ano 2023.<\/p>\n<p>Paraibano de Tapero\u00e1, \u00e9 formado pelo Instituto Tecnol\u00f3gico de Aeron\u00e1utica (ITA), com mestrado em Ci\u00eancia da Computa\u00e7\u00e3o pela Universidade Federal de Pernambuco (UFPE) e doutorado em Ci\u00eancia da Computa\u00e7\u00e3o pela Universidade Kent, na Inglaterra, \u00e9 professor em\u00e9rito do Centro de Inform\u00e1tica da UFPE, onde consolidou o setor de computa\u00e7\u00e3o.<\/p>\n<p>Hoje, o Centro de Inform\u00e1tica tem o maior grupo de engenheiros de softwares do Pa\u00eds, com 100 PhDs, dois mil mestres, 500 doutores, mais de 2500 alunos. Do Centro de Inform\u00e1tica, originou-se o CESAR -Centro de Estudos e Sistemas Avan\u00e7ados do Recife-, fundado em 1996 e, atualmente, o maior instituto de inova\u00e7\u00e3o em Tecnologia do Brasil e o maior independente sem fins lucrativos e autossustent\u00e1vel.<\/p>\n<p><img loading=\"lazy\" decoding=\"async\" class=\"wp-image-112666 alignleft\" src=\"https:\/\/www.institutodeengenharia.org.br\/site\/wp-content\/uploads\/2023\/09\/meira-2.png\" alt=\"\" width=\"252\" height=\"314\" srcset=\"https:\/\/www.institutodeengenharia.org.br\/site\/wp-content\/uploads\/2023\/09\/meira-2.png 498w, https:\/\/www.institutodeengenharia.org.br\/site\/wp-content\/uploads\/2023\/09\/meira-2-241x300.png 241w, https:\/\/www.institutodeengenharia.org.br\/site\/wp-content\/uploads\/2023\/09\/meira-2-337x420.png 337w\" sizes=\"auto, (max-width: 252px) 100vw, 252px\" \/><\/p>\n<p>J\u00e1 o Porto Digital, fundado em 2000, e instalado no centro hist\u00f3rico de Recife, \u00e9 um dos principais polos de tecnologia do Pa\u00eds, com 370 empresas e 17 mil pessoas. Em 2017, um livro de autoria do professor Jerome S. Engel, da Universidade da Calif\u00f3rnia, apresentou o Porto Digital como um dos mais importantes <em>clusters<\/em> de tecnologia do mundo, e refer\u00eancia em governan\u00e7a p\u00fablico-privada.<\/p>\n<p>Membro do conselho de v\u00e1rias empresas, Silvio Meira dedica boa parte de seu tempo a pensar como tecnologias digitais e a Intelig\u00eancia Artificial podem elevar a produtividade e beneficiar a sociedade.<\/p>\n<p>Outorgado desde 1963, neste ano o t\u00edtulo completa 60 anos. S\u00e3o seis d\u00e9cadas de reconhecimento aos profissionais de destacada atua\u00e7\u00e3o no meio e\/ou que tenham uma carreira marcada por cont\u00ednuas contribui\u00e7\u00f5es para a eleva\u00e7\u00e3o e para o aprimoramento da Engenharia Nacional.<\/p>\n<p>A entrega do t\u00edtulo de Eminente Engenheiro do Ano 2023 a Silvio Meira acontecer\u00e1 em 16 de outubro, na sede do Instituto de Engenharia, em S\u00e3o Paulo, em cerim\u00f4nia fechada a associados e convidados.<\/p>\n<p>O evento ter\u00e1 transmiss\u00e3o ao vivo pelo site e <a href=\"https:\/\/www.youtube.com\/channel\/UCXiCAlsSMe977vamW915HxA\">YouTube<\/a> da entidade.<\/p>\n<p style=\"text-align: center;\"><strong>Essa cerim\u00f4nia tem o patroc\u00ednio de:\u00a0<\/strong><\/p>\n<p><img loading=\"lazy\" decoding=\"async\" class=\" wp-image-113347 aligncenter\" src=\"https:\/\/www.institutodeengenharia.org.br\/site\/wp-content\/uploads\/2023\/10\/horizontal_laranja_branco_alta_s-1024x250.jpg\" alt=\"\" width=\"192\" height=\"47\" srcset=\"https:\/\/www.institutodeengenharia.org.br\/site\/wp-content\/uploads\/2023\/10\/horizontal_laranja_branco_alta_s-1024x250.jpg 1024w, https:\/\/www.institutodeengenharia.org.br\/site\/wp-content\/uploads\/2023\/10\/horizontal_laranja_branco_alta_s-300x73.jpg 300w, https:\/\/www.institutodeengenharia.org.br\/site\/wp-content\/uploads\/2023\/10\/horizontal_laranja_branco_alta_s-768x188.jpg 768w, https:\/\/www.institutodeengenharia.org.br\/site\/wp-content\/uploads\/2023\/10\/horizontal_laranja_branco_alta_s-1536x375.jpg 1536w, https:\/\/www.institutodeengenharia.org.br\/site\/wp-content\/uploads\/2023\/10\/horizontal_laranja_branco_alta_s-2048x501.jpg 2048w, https:\/\/www.institutodeengenharia.org.br\/site\/wp-content\/uploads\/2023\/10\/horizontal_laranja_branco_alta_s-696x170.jpg 696w, https:\/\/www.institutodeengenharia.org.br\/site\/wp-content\/uploads\/2023\/10\/horizontal_laranja_branco_alta_s-1068x261.jpg 1068w, https:\/\/www.institutodeengenharia.org.br\/site\/wp-content\/uploads\/2023\/10\/horizontal_laranja_branco_alta_s-1920x469.jpg 1920w, https:\/\/www.institutodeengenharia.org.br\/site\/wp-content\/uploads\/2023\/10\/horizontal_laranja_branco_alta_s-1719x420.jpg 1719w, https:\/\/www.institutodeengenharia.org.br\/site\/wp-content\/uploads\/2023\/10\/horizontal_laranja_branco_alta_s-600x147.jpg 600w\" sizes=\"auto, (max-width: 192px) 100vw, 192px\" \/><\/p>\n<p><img loading=\"lazy\" decoding=\"async\" class=\" wp-image-113610 aligncenter\" src=\"https:\/\/www.institutodeengenharia.org.br\/site\/wp-content\/uploads\/2023\/10\/logoemae.png\" alt=\"\" width=\"168\" height=\"73\" \/><\/p>\n<p><img loading=\"lazy\" decoding=\"async\" class=\"wp-image-112981 aligncenter\" src=\"https:\/\/www.institutodeengenharia.org.br\/site\/wp-content\/uploads\/2023\/09\/MicrosoftTeams-image-330.png\" alt=\"\" width=\"198\" height=\"110\" srcset=\"https:\/\/www.institutodeengenharia.org.br\/site\/wp-content\/uploads\/2023\/09\/MicrosoftTeams-image-330.png 908w, https:\/\/www.institutodeengenharia.org.br\/site\/wp-content\/uploads\/2023\/09\/MicrosoftTeams-image-330-300x167.png 300w, https:\/\/www.institutodeengenharia.org.br\/site\/wp-content\/uploads\/2023\/09\/MicrosoftTeams-image-330-768x426.png 768w, https:\/\/www.institutodeengenharia.org.br\/site\/wp-content\/uploads\/2023\/09\/MicrosoftTeams-image-330-696x385.png 696w, https:\/\/www.institutodeengenharia.org.br\/site\/wp-content\/uploads\/2023\/09\/MicrosoftTeams-image-330-757x420.png 757w, https:\/\/www.institutodeengenharia.org.br\/site\/wp-content\/uploads\/2023\/09\/MicrosoftTeams-image-330-600x333.png 600w\" sizes=\"auto, (max-width: 198px) 100vw, 198px\" \/><\/p>\n<p style=\"text-align: center;\"><strong>Apoio Institucional:<\/strong><\/p>\n<p><img loading=\"lazy\" decoding=\"async\" class=\"wp-image-113342 aligncenter\" src=\"https:\/\/www.institutodeengenharia.org.br\/site\/wp-content\/uploads\/2023\/09\/unnamed-36-1024x986.jpg\" alt=\"\" width=\"121\" height=\"116\" srcset=\"https:\/\/www.institutodeengenharia.org.br\/site\/wp-content\/uploads\/2023\/09\/unnamed-36-1024x986.jpg 1024w, https:\/\/www.institutodeengenharia.org.br\/site\/wp-content\/uploads\/2023\/09\/unnamed-36-300x289.jpg 300w, https:\/\/www.institutodeengenharia.org.br\/site\/wp-content\/uploads\/2023\/09\/unnamed-36-768x739.jpg 768w, https:\/\/www.institutodeengenharia.org.br\/site\/wp-content\/uploads\/2023\/09\/unnamed-36-696x670.jpg 696w, https:\/\/www.institutodeengenharia.org.br\/site\/wp-content\/uploads\/2023\/09\/unnamed-36-1068x1028.jpg 1068w, https:\/\/www.institutodeengenharia.org.br\/site\/wp-content\/uploads\/2023\/09\/unnamed-36-436x420.jpg 436w, https:\/\/www.institutodeengenharia.org.br\/site\/wp-content\/uploads\/2023\/09\/unnamed-36-600x578.jpg 600w, https:\/\/www.institutodeengenharia.org.br\/site\/wp-content\/uploads\/2023\/09\/unnamed-36.jpg 1280w\" sizes=\"auto, (max-width: 121px) 100vw, 121px\" \/><\/p>\n<p><img loading=\"lazy\" decoding=\"async\" class=\" wp-image-113338 aligncenter\" src=\"https:\/\/www.institutodeengenharia.org.br\/site\/wp-content\/uploads\/2023\/09\/logomtexpo-1024x205.png\" alt=\"\" width=\"140\" height=\"28\" srcset=\"https:\/\/www.institutodeengenharia.org.br\/site\/wp-content\/uploads\/2023\/09\/logomtexpo-1024x205.png 1024w, https:\/\/www.institutodeengenharia.org.br\/site\/wp-content\/uploads\/2023\/09\/logomtexpo-300x60.png 300w, https:\/\/www.institutodeengenharia.org.br\/site\/wp-content\/uploads\/2023\/09\/logomtexpo-768x154.png 768w, https:\/\/www.institutodeengenharia.org.br\/site\/wp-content\/uploads\/2023\/09\/logomtexpo-696x139.png 696w, https:\/\/www.institutodeengenharia.org.br\/site\/wp-content\/uploads\/2023\/09\/logomtexpo-1068x214.png 1068w, https:\/\/www.institutodeengenharia.org.br\/site\/wp-content\/uploads\/2023\/09\/logomtexpo-600x120.png 600w, https:\/\/www.institutodeengenharia.org.br\/site\/wp-content\/uploads\/2023\/09\/logomtexpo.png 1200w\" sizes=\"auto, (max-width: 140px) 100vw, 140px\" \/><\/p>\n","protected":false},"excerpt":{"rendered":"<p>Cientista da Computa\u00e7\u00e3o e um dos respons\u00e1veis pela idealiza\u00e7\u00e3o do Porto Digital, em Recife, o engenheiro Eletr\u00f4nico Silvio Romero de Lemos Meira \u00e9 o Eminente Engenheiro do Ano 2023. Paraibano de Tapero\u00e1, \u00e9 formado pelo Instituto Tecnol\u00f3gico de Aeron\u00e1utica (ITA), com mestrado em Ci\u00eancia da Computa\u00e7\u00e3o pela Universidade Federal de Pernambuco (UFPE) e doutorado em [&hellip;]<\/p>\n","protected":false},"author":14,"featured_media":112667,"comment_status":"open","ping_status":"open","sticky":false,"template":"","format":"standard","meta":{"footnotes":""},"categories":[27,6],"tags":[],"class_list":{"0":"post-112665","1":"post","2":"type-post","3":"status-publish","4":"format-standard","5":"has-post-thumbnail","7":"category-instituto-de-engenharia","8":"category-noticias"},"yoast_head":"<!-- This site is optimized with the Yoast SEO plugin v27.2 - https:\/\/yoast.com\/product\/yoast-seo-wordpress\/ -->\n<title>Cerim\u00f4nia de Entrega do T\u00edtulo Eminente Engenheiro do Ano 2023 - Instituto de Engenharia<\/title>\n<meta name=\"robots\" content=\"index, follow, max-snippet:-1, max-image-preview:large, max-video-preview:-1\" \/>\n<link rel=\"canonical\" href=\"https:\/\/www.institutodeengenharia.org.br\/site\/2023\/10\/16\/silvio-meira-e-o-eminente-engenheiro-do-ano-2023\/\" \/>\n<meta property=\"og:locale\" content=\"pt_BR\" \/>\n<meta property=\"og:type\" content=\"article\" \/>\n<meta property=\"og:title\" content=\"Cerim\u00f4nia de Entrega do T\u00edtulo Eminente Engenheiro do Ano 2023 - Instituto de Engenharia\" \/>\n<meta property=\"og:description\" content=\"Cientista da Computa\u00e7\u00e3o e um dos respons\u00e1veis pela idealiza\u00e7\u00e3o do Porto Digital, em Recife, o engenheiro Eletr\u00f4nico Silvio Romero de Lemos Meira \u00e9 o Eminente Engenheiro do Ano 2023. Paraibano de Tapero\u00e1, \u00e9 formado pelo Instituto Tecnol\u00f3gico de Aeron\u00e1utica (ITA), com mestrado em Ci\u00eancia da Computa\u00e7\u00e3o pela Universidade Federal de Pernambuco (UFPE) e doutorado em [&hellip;]\" \/>\n<meta property=\"og:url\" content=\"https:\/\/www.institutodeengenharia.org.br\/site\/2023\/10\/16\/silvio-meira-e-o-eminente-engenheiro-do-ano-2023\/\" \/>\n<meta property=\"og:site_name\" content=\"Instituto de Engenharia\" \/>\n<meta property=\"article:publisher\" content=\"https:\/\/www.facebook.com\/institutodeengenharia\" \/>\n<meta property=\"article:published_time\" content=\"2023-10-16T13:20:13+00:00\" \/>\n<meta property=\"article:modified_time\" content=\"2023-10-17T15:05:11+00:00\" \/>\n<meta property=\"og:image\" content=\"https:\/\/www.institutodeengenharia.org.br\/site\/wp-content\/uploads\/2023\/09\/meira-1.png\" \/>\n\t<meta property=\"og:image:width\" content=\"653\" \/>\n\t<meta property=\"og:image:height\" content=\"502\" \/>\n\t<meta property=\"og:image:type\" content=\"image\/png\" \/>\n<meta name=\"author\" content=\"Isabel\" \/>\n<meta name=\"twitter:card\" content=\"summary_large_image\" \/>\n<meta name=\"twitter:creator\" content=\"@iengenharia\" \/>\n<meta name=\"twitter:site\" content=\"@iengenharia\" \/>\n<meta name=\"twitter:label1\" content=\"Escrito por\" \/>\n\t<meta name=\"twitter:data1\" content=\"Isabel\" \/>\n\t<meta name=\"twitter:label2\" content=\"Est. tempo de leitura\" \/>\n\t<meta name=\"twitter:data2\" content=\"4 minutos\" \/>\n<script type=\"application\/ld+json\" class=\"yoast-schema-graph\">{\"@context\":\"https:\/\/schema.org\",\"@graph\":[{\"@type\":\"Article\",\"@id\":\"https:\/\/www.institutodeengenharia.org.br\/site\/2023\/10\/16\/silvio-meira-e-o-eminente-engenheiro-do-ano-2023\/#article\",\"isPartOf\":{\"@id\":\"https:\/\/www.institutodeengenharia.org.br\/site\/2023\/10\/16\/silvio-meira-e-o-eminente-engenheiro-do-ano-2023\/\"},\"author\":{\"name\":\"Isabel\",\"@id\":\"https:\/\/www.institutodeengenharia.org.br\/site\/#\/schema\/person\/593dc356630173a4877a635d3e5fd76b\"},\"headline\":\"Cerim\u00f4nia de Entrega do T\u00edtulo Eminente Engenheiro do Ano 2023\",\"datePublished\":\"2023-10-16T13:20:13+00:00\",\"dateModified\":\"2023-10-17T15:05:11+00:00\",\"mainEntityOfPage\":{\"@id\":\"https:\/\/www.institutodeengenharia.org.br\/site\/2023\/10\/16\/silvio-meira-e-o-eminente-engenheiro-do-ano-2023\/\"},\"wordCount\":368,\"commentCount\":0,\"publisher\":{\"@id\":\"https:\/\/www.institutodeengenharia.org.br\/site\/#organization\"},\"image\":{\"@id\":\"https:\/\/www.institutodeengenharia.org.br\/site\/2023\/10\/16\/silvio-meira-e-o-eminente-engenheiro-do-ano-2023\/#primaryimage\"},\"thumbnailUrl\":\"https:\/\/www.institutodeengenharia.org.br\/site\/wp-content\/uploads\/2023\/09\/meira-1.png\",\"articleSection\":[\"Instituto de Engenharia\",\"Not\u00edcias\"],\"inLanguage\":\"pt-BR\",\"potentialAction\":[{\"@type\":\"CommentAction\",\"name\":\"Comment\",\"target\":[\"https:\/\/www.institutodeengenharia.org.br\/site\/2023\/10\/16\/silvio-meira-e-o-eminente-engenheiro-do-ano-2023\/#respond\"]}]},{\"@type\":\"WebPage\",\"@id\":\"https:\/\/www.institutodeengenharia.org.br\/site\/2023\/10\/16\/silvio-meira-e-o-eminente-engenheiro-do-ano-2023\/\",\"url\":\"https:\/\/www.institutodeengenharia.org.br\/site\/2023\/10\/16\/silvio-meira-e-o-eminente-engenheiro-do-ano-2023\/\",\"name\":\"Cerim\u00f4nia de Entrega do T\u00edtulo Eminente Engenheiro do Ano 2023 - Instituto de Engenharia\",\"isPartOf\":{\"@id\":\"https:\/\/www.institutodeengenharia.org.br\/site\/#website\"},\"primaryImageOfPage\":{\"@id\":\"https:\/\/www.institutodeengenharia.org.br\/site\/2023\/10\/16\/silvio-meira-e-o-eminente-engenheiro-do-ano-2023\/#primaryimage\"},\"image\":{\"@id\":\"https:\/\/www.institutodeengenharia.org.br\/site\/2023\/10\/16\/silvio-meira-e-o-eminente-engenheiro-do-ano-2023\/#primaryimage\"},\"thumbnailUrl\":\"https:\/\/www.institutodeengenharia.org.br\/site\/wp-content\/uploads\/2023\/09\/meira-1.png\",\"datePublished\":\"2023-10-16T13:20:13+00:00\",\"dateModified\":\"2023-10-17T15:05:11+00:00\",\"breadcrumb\":{\"@id\":\"https:\/\/www.institutodeengenharia.org.br\/site\/2023\/10\/16\/silvio-meira-e-o-eminente-engenheiro-do-ano-2023\/#breadcrumb\"},\"inLanguage\":\"pt-BR\",\"potentialAction\":[{\"@type\":\"ReadAction\",\"target\":[\"https:\/\/www.institutodeengenharia.org.br\/site\/2023\/10\/16\/silvio-meira-e-o-eminente-engenheiro-do-ano-2023\/\"]}]},{\"@type\":\"ImageObject\",\"inLanguage\":\"pt-BR\",\"@id\":\"https:\/\/www.institutodeengenharia.org.br\/site\/2023\/10\/16\/silvio-meira-e-o-eminente-engenheiro-do-ano-2023\/#primaryimage\",\"url\":\"https:\/\/www.institutodeengenharia.org.br\/site\/wp-content\/uploads\/2023\/09\/meira-1.png\",\"contentUrl\":\"https:\/\/www.institutodeengenharia.org.br\/site\/wp-content\/uploads\/2023\/09\/meira-1.png\",\"width\":653,\"height\":502,\"caption\":\"Fotos - Divulga\u00e7\u00e3o\"},{\"@type\":\"BreadcrumbList\",\"@id\":\"https:\/\/www.institutodeengenharia.org.br\/site\/2023\/10\/16\/silvio-meira-e-o-eminente-engenheiro-do-ano-2023\/#breadcrumb\",\"itemListElement\":[{\"@type\":\"ListItem\",\"position\":1,\"name\":\"In\u00edcio\",\"item\":\"https:\/\/www.institutodeengenharia.org.br\/site\/\"},{\"@type\":\"ListItem\",\"position\":2,\"name\":\"Cerim\u00f4nia de Entrega do T\u00edtulo Eminente Engenheiro do Ano 2023\"}]},{\"@type\":\"WebSite\",\"@id\":\"https:\/\/www.institutodeengenharia.org.br\/site\/#website\",\"url\":\"https:\/\/www.institutodeengenharia.org.br\/site\/\",\"name\":\"Instituto de Engenharia\",\"description\":\"O Instituto de Engenharia promove a Engenharia em benef\u00edcio do desenvolvimento e da qualidade de vida da sociedade.\",\"publisher\":{\"@id\":\"https:\/\/www.institutodeengenharia.org.br\/site\/#organization\"},\"potentialAction\":[{\"@type\":\"SearchAction\",\"target\":{\"@type\":\"EntryPoint\",\"urlTemplate\":\"https:\/\/www.institutodeengenharia.org.br\/site\/?s={search_term_string}\"},\"query-input\":{\"@type\":\"PropertyValueSpecification\",\"valueRequired\":true,\"valueName\":\"search_term_string\"}}],\"inLanguage\":\"pt-BR\"},{\"@type\":\"Organization\",\"@id\":\"https:\/\/www.institutodeengenharia.org.br\/site\/#organization\",\"name\":\"Instituto de Engenharia\",\"url\":\"https:\/\/www.institutodeengenharia.org.br\/site\/\",\"logo\":{\"@type\":\"ImageObject\",\"inLanguage\":\"pt-BR\",\"@id\":\"https:\/\/www.institutodeengenharia.org.br\/site\/#\/schema\/logo\/image\/\",\"url\":\"https:\/\/www.institutodeengenharia.org.br\/site\/wp-content\/uploads\/2019\/03\/logo-novo-IE2018-1.jpg\",\"contentUrl\":\"https:\/\/www.institutodeengenharia.org.br\/site\/wp-content\/uploads\/2019\/03\/logo-novo-IE2018-1.jpg\",\"width\":1486,\"height\":1879,\"caption\":\"Instituto de Engenharia\"},\"image\":{\"@id\":\"https:\/\/www.institutodeengenharia.org.br\/site\/#\/schema\/logo\/image\/\"},\"sameAs\":[\"https:\/\/www.facebook.com\/institutodeengenharia\",\"https:\/\/x.com\/iengenharia\",\"https:\/\/www.instagram.com\/institutodeengenharia\/\",\"https:\/\/www.linkedin.com\/company\/instituto-de-engenharia\/\",\"https:\/\/www.youtube.com\/channel\/UCXiCAlsSMe977vamW915HxA\"]},{\"@type\":\"Person\",\"@id\":\"https:\/\/www.institutodeengenharia.org.br\/site\/#\/schema\/person\/593dc356630173a4877a635d3e5fd76b\",\"name\":\"Isabel\",\"image\":{\"@type\":\"ImageObject\",\"inLanguage\":\"pt-BR\",\"@id\":\"https:\/\/secure.gravatar.com\/avatar\/f3c521db63ec9db17894f10a88c6a3cf95b2281d7f80eeb3cf3ef1cb091576e7?s=96&d=mm&r=g\",\"url\":\"https:\/\/secure.gravatar.com\/avatar\/f3c521db63ec9db17894f10a88c6a3cf95b2281d7f80eeb3cf3ef1cb091576e7?s=96&d=mm&r=g\",\"contentUrl\":\"https:\/\/secure.gravatar.com\/avatar\/f3c521db63ec9db17894f10a88c6a3cf95b2281d7f80eeb3cf3ef1cb091576e7?s=96&d=mm&r=g\",\"caption\":\"Isabel\"},\"url\":\"https:\/\/www.institutodeengenharia.org.br\/site\/author\/comunicacao2\/\"}]}<\/script>\n<!-- \/ Yoast SEO plugin. -->","yoast_head_json":{"title":"Cerim\u00f4nia de Entrega do T\u00edtulo Eminente Engenheiro do Ano 2023 - Instituto de Engenharia","robots":{"index":"index","follow":"follow","max-snippet":"max-snippet:-1","max-image-preview":"max-image-preview:large","max-video-preview":"max-video-preview:-1"},"canonical":"https:\/\/www.institutodeengenharia.org.br\/site\/2023\/10\/16\/silvio-meira-e-o-eminente-engenheiro-do-ano-2023\/","og_locale":"pt_BR","og_type":"article","og_title":"Cerim\u00f4nia de Entrega do T\u00edtulo Eminente Engenheiro do Ano 2023 - Instituto de Engenharia","og_description":"Cientista da Computa\u00e7\u00e3o e um dos respons\u00e1veis pela idealiza\u00e7\u00e3o do Porto Digital, em Recife, o engenheiro Eletr\u00f4nico Silvio Romero de Lemos Meira \u00e9 o Eminente Engenheiro do Ano 2023. Paraibano de Tapero\u00e1, \u00e9 formado pelo Instituto Tecnol\u00f3gico de Aeron\u00e1utica (ITA), com mestrado em Ci\u00eancia da Computa\u00e7\u00e3o pela Universidade Federal de Pernambuco (UFPE) e doutorado em [&hellip;]","og_url":"https:\/\/www.institutodeengenharia.org.br\/site\/2023\/10\/16\/silvio-meira-e-o-eminente-engenheiro-do-ano-2023\/","og_site_name":"Instituto de Engenharia","article_publisher":"https:\/\/www.facebook.com\/institutodeengenharia","article_published_time":"2023-10-16T13:20:13+00:00","article_modified_time":"2023-10-17T15:05:11+00:00","og_image":[{"width":653,"height":502,"url":"https:\/\/www.institutodeengenharia.org.br\/site\/wp-content\/uploads\/2023\/09\/meira-1.png","type":"image\/png"}],"author":"Isabel","twitter_card":"summary_large_image","twitter_creator":"@iengenharia","twitter_site":"@iengenharia","twitter_misc":{"Escrito por":"Isabel","Est. tempo de leitura":"4 minutos"},"schema":{"@context":"https:\/\/schema.org","@graph":[{"@type":"Article","@id":"https:\/\/www.institutodeengenharia.org.br\/site\/2023\/10\/16\/silvio-meira-e-o-eminente-engenheiro-do-ano-2023\/#article","isPartOf":{"@id":"https:\/\/www.institutodeengenharia.org.br\/site\/2023\/10\/16\/silvio-meira-e-o-eminente-engenheiro-do-ano-2023\/"},"author":{"name":"Isabel","@id":"https:\/\/www.institutodeengenharia.org.br\/site\/#\/schema\/person\/593dc356630173a4877a635d3e5fd76b"},"headline":"Cerim\u00f4nia de Entrega do T\u00edtulo Eminente Engenheiro do Ano 2023","datePublished":"2023-10-16T13:20:13+00:00","dateModified":"2023-10-17T15:05:11+00:00","mainEntityOfPage":{"@id":"https:\/\/www.institutodeengenharia.org.br\/site\/2023\/10\/16\/silvio-meira-e-o-eminente-engenheiro-do-ano-2023\/"},"wordCount":368,"commentCount":0,"publisher":{"@id":"https:\/\/www.institutodeengenharia.org.br\/site\/#organization"},"image":{"@id":"https:\/\/www.institutodeengenharia.org.br\/site\/2023\/10\/16\/silvio-meira-e-o-eminente-engenheiro-do-ano-2023\/#primaryimage"},"thumbnailUrl":"https:\/\/www.institutodeengenharia.org.br\/site\/wp-content\/uploads\/2023\/09\/meira-1.png","articleSection":["Instituto de Engenharia","Not\u00edcias"],"inLanguage":"pt-BR","potentialAction":[{"@type":"CommentAction","name":"Comment","target":["https:\/\/www.institutodeengenharia.org.br\/site\/2023\/10\/16\/silvio-meira-e-o-eminente-engenheiro-do-ano-2023\/#respond"]}]},{"@type":"WebPage","@id":"https:\/\/www.institutodeengenharia.org.br\/site\/2023\/10\/16\/silvio-meira-e-o-eminente-engenheiro-do-ano-2023\/","url":"https:\/\/www.institutodeengenharia.org.br\/site\/2023\/10\/16\/silvio-meira-e-o-eminente-engenheiro-do-ano-2023\/","name":"Cerim\u00f4nia de Entrega do T\u00edtulo Eminente Engenheiro do Ano 2023 - Instituto de Engenharia","isPartOf":{"@id":"https:\/\/www.institutodeengenharia.org.br\/site\/#website"},"primaryImageOfPage":{"@id":"https:\/\/www.institutodeengenharia.org.br\/site\/2023\/10\/16\/silvio-meira-e-o-eminente-engenheiro-do-ano-2023\/#primaryimage"},"image":{"@id":"https:\/\/www.institutodeengenharia.org.br\/site\/2023\/10\/16\/silvio-meira-e-o-eminente-engenheiro-do-ano-2023\/#primaryimage"},"thumbnailUrl":"https:\/\/www.institutodeengenharia.org.br\/site\/wp-content\/uploads\/2023\/09\/meira-1.png","datePublished":"2023-10-16T13:20:13+00:00","dateModified":"2023-10-17T15:05:11+00:00","breadcrumb":{"@id":"https:\/\/www.institutodeengenharia.org.br\/site\/2023\/10\/16\/silvio-meira-e-o-eminente-engenheiro-do-ano-2023\/#breadcrumb"},"inLanguage":"pt-BR","potentialAction":[{"@type":"ReadAction","target":["https:\/\/www.institutodeengenharia.org.br\/site\/2023\/10\/16\/silvio-meira-e-o-eminente-engenheiro-do-ano-2023\/"]}]},{"@type":"ImageObject","inLanguage":"pt-BR","@id":"https:\/\/www.institutodeengenharia.org.br\/site\/2023\/10\/16\/silvio-meira-e-o-eminente-engenheiro-do-ano-2023\/#primaryimage","url":"https:\/\/www.institutodeengenharia.org.br\/site\/wp-content\/uploads\/2023\/09\/meira-1.png","contentUrl":"https:\/\/www.institutodeengenharia.org.br\/site\/wp-content\/uploads\/2023\/09\/meira-1.png","width":653,"height":502,"caption":"Fotos - Divulga\u00e7\u00e3o"},{"@type":"BreadcrumbList","@id":"https:\/\/www.institutodeengenharia.org.br\/site\/2023\/10\/16\/silvio-meira-e-o-eminente-engenheiro-do-ano-2023\/#breadcrumb","itemListElement":[{"@type":"ListItem","position":1,"name":"In\u00edcio","item":"https:\/\/www.institutodeengenharia.org.br\/site\/"},{"@type":"ListItem","position":2,"name":"Cerim\u00f4nia de Entrega do T\u00edtulo Eminente Engenheiro do Ano 2023"}]},{"@type":"WebSite","@id":"https:\/\/www.institutodeengenharia.org.br\/site\/#website","url":"https:\/\/www.institutodeengenharia.org.br\/site\/","name":"Instituto de Engenharia","description":"O Instituto de Engenharia promove a Engenharia em benef\u00edcio do desenvolvimento e da qualidade de vida da sociedade.","publisher":{"@id":"https:\/\/www.institutodeengenharia.org.br\/site\/#organization"},"potentialAction":[{"@type":"SearchAction","target":{"@type":"EntryPoint","urlTemplate":"https:\/\/www.institutodeengenharia.org.br\/site\/?s={search_term_string}"},"query-input":{"@type":"PropertyValueSpecification","valueRequired":true,"valueName":"search_term_string"}}],"inLanguage":"pt-BR"},{"@type":"Organization","@id":"https:\/\/www.institutodeengenharia.org.br\/site\/#organization","name":"Instituto de Engenharia","url":"https:\/\/www.institutodeengenharia.org.br\/site\/","logo":{"@type":"ImageObject","inLanguage":"pt-BR","@id":"https:\/\/www.institutodeengenharia.org.br\/site\/#\/schema\/logo\/image\/","url":"https:\/\/www.institutodeengenharia.org.br\/site\/wp-content\/uploads\/2019\/03\/logo-novo-IE2018-1.jpg","contentUrl":"https:\/\/www.institutodeengenharia.org.br\/site\/wp-content\/uploads\/2019\/03\/logo-novo-IE2018-1.jpg","width":1486,"height":1879,"caption":"Instituto de Engenharia"},"image":{"@id":"https:\/\/www.institutodeengenharia.org.br\/site\/#\/schema\/logo\/image\/"},"sameAs":["https:\/\/www.facebook.com\/institutodeengenharia","https:\/\/x.com\/iengenharia","https:\/\/www.instagram.com\/institutodeengenharia\/","https:\/\/www.linkedin.com\/company\/instituto-de-engenharia\/","https:\/\/www.youtube.com\/channel\/UCXiCAlsSMe977vamW915HxA"]},{"@type":"Person","@id":"https:\/\/www.institutodeengenharia.org.br\/site\/#\/schema\/person\/593dc356630173a4877a635d3e5fd76b","name":"Isabel","image":{"@type":"ImageObject","inLanguage":"pt-BR","@id":"https:\/\/secure.gravatar.com\/avatar\/f3c521db63ec9db17894f10a88c6a3cf95b2281d7f80eeb3cf3ef1cb091576e7?s=96&d=mm&r=g","url":"https:\/\/secure.gravatar.com\/avatar\/f3c521db63ec9db17894f10a88c6a3cf95b2281d7f80eeb3cf3ef1cb091576e7?s=96&d=mm&r=g","contentUrl":"https:\/\/secure.gravatar.com\/avatar\/f3c521db63ec9db17894f10a88c6a3cf95b2281d7f80eeb3cf3ef1cb091576e7?s=96&d=mm&r=g","caption":"Isabel"},"url":"https:\/\/www.institutodeengenharia.org.br\/site\/author\/comunicacao2\/"}]}},"_links":{"self":[{"href":"https:\/\/www.institutodeengenharia.org.br\/site\/wp-json\/wp\/v2\/posts\/112665","targetHints":{"allow":["GET"]}}],"collection":[{"href":"https:\/\/www.institutodeengenharia.org.br\/site\/wp-json\/wp\/v2\/posts"}],"about":[{"href":"https:\/\/www.institutodeengenharia.org.br\/site\/wp-json\/wp\/v2\/types\/post"}],"author":[{"embeddable":true,"href":"https:\/\/www.institutodeengenharia.org.br\/site\/wp-json\/wp\/v2\/users\/14"}],"replies":[{"embeddable":true,"href":"https:\/\/www.institutodeengenharia.org.br\/site\/wp-json\/wp\/v2\/comments?post=112665"}],"version-history":[{"count":12,"href":"https:\/\/www.institutodeengenharia.org.br\/site\/wp-json\/wp\/v2\/posts\/112665\/revisions"}],"predecessor-version":[{"id":113652,"href":"https:\/\/www.institutodeengenharia.org.br\/site\/wp-json\/wp\/v2\/posts\/112665\/revisions\/113652"}],"wp:featuredmedia":[{"embeddable":true,"href":"https:\/\/www.institutodeengenharia.org.br\/site\/wp-json\/wp\/v2\/media\/112667"}],"wp:attachment":[{"href":"https:\/\/www.institutodeengenharia.org.br\/site\/wp-json\/wp\/v2\/media?parent=112665"}],"wp:term":[{"taxonomy":"category","embeddable":true,"href":"https:\/\/www.institutodeengenharia.org.br\/site\/wp-json\/wp\/v2\/categories?post=112665"},{"taxonomy":"post_tag","embeddable":true,"href":"https:\/\/www.institutodeengenharia.org.br\/site\/wp-json\/wp\/v2\/tags?post=112665"}],"curies":[{"name":"wp","href":"https:\/\/api.w.org\/{rel}","templated":true}]}}