{"id":111769,"date":"2023-09-01T15:17:20","date_gmt":"2023-09-01T18:17:20","guid":{"rendered":"https:\/\/www.institutodeengenharia.org.br\/site\/?p=111769"},"modified":"2023-09-01T15:17:20","modified_gmt":"2023-09-01T18:17:20","slug":"por-reginaldo-a-de-paiva-sao-paulo-onde-judas-perdeu-as-botas-2","status":"publish","type":"post","link":"https:\/\/www.institutodeengenharia.org.br\/site\/2023\/09\/01\/por-reginaldo-a-de-paiva-sao-paulo-onde-judas-perdeu-as-botas-2\/","title":{"rendered":"Por Reginaldo A. de Paiva \u2013 S\u00e3o Paulo: Onde Judas perdeu as botas"},"content":{"rendered":"<p>Exagero? O local em que Judas, ap\u00f3stolo traidor, perdeu as botas fica, na tradi\u00e7\u00e3o popular, em qualquer lugar e em parte alguma. Nunca localizado junto ao observador, que o situa t\u00e3o longe quanto longe seja o seu conceito de lonjura.<\/p>\n<p>Para estas <strong><em>mal tra\u00e7adas linhas<\/em><\/strong> (*), cartesiano que sou \u2013 quando me conv\u00e9m, claro \u2013 chamemos o <strong>lugar onde Judas Perdeu as Botas<\/strong> de <strong><em>JPB<\/em><\/strong>.<\/p>\n<p>\u00c9 caracter\u00edstica de um <strong><em>JPB<\/em><\/strong> ser habitado por gentes estranhas, que falam com estranhas entona\u00e7\u00f5es e sotaques, detentoras de estranhos h\u00e1bitos, no vestu\u00e1rio (<em>que seja<\/em>), na alimenta\u00e7\u00e3o (<em>quase sempre<\/em>) e nas rela\u00e7\u00f5es sociais (<em>com certeza<\/em>).<\/p>\n<p>Para algu\u00e9m postado nas imedia\u00e7\u00f5es do Largo Ana Rosa, em S\u00e3o Paulo, a Pra\u00e7a da Igreja de Cima, em Buriti Alegre, Goi\u00e1s, \u00e9 um <strong><em>JPB<\/em><\/strong>; no mesmo tempo e no espa\u00e7o da Pra\u00e7a da Igreja de Cima, a Pra\u00e7a Ana Rosa \u00e9 um <strong><em>JPB<\/em><\/strong>.<\/p>\n<p>Como um par de spins das teorias qu\u00e2nticas, os conceitos giram em sentidos opostos, estando os dois observadores cobertos de raz\u00e3o, porque \u00e9 assim que \u00e9 a relatividade de um <strong><em>JPB<\/em><\/strong>.<\/p>\n<p>Por ter nascido perto da Pra\u00e7a da Igreja de Cima \u2013 minha casa era em \u201c<strong><em>distancia<\/em><\/strong> <strong><em>de grito\u201d<\/em><\/strong> da pra\u00e7a \u2013 e ter me mudado para as imedia\u00e7\u00f5es da Pra\u00e7a Ana Rosa, que seja nas <strong><em>imedia\u00e7\u00f5es<\/em><\/strong>, como assim as entendem os paulistanos \u2013 tornei-me um <strong><em>JPB entre JPBs<\/em><\/strong>.<\/p>\n<p style=\"text-align: center;\"><strong><a href=\"https:\/\/www.institutodeengenharia.org.br\/site\/wp-content\/uploads\/2023\/09\/onde-Judas-perdeu-as-botas.doc\">Clique aqui para continuar lendo o artigo<\/a><\/strong><\/p>\n<p>_______________________________________________________________________<\/p>\n<p><img loading=\"lazy\" decoding=\"async\" class=\"alignnone size-full wp-image-41624 td-animation-stack-type0-2\" src=\"https:\/\/www.institutodeengenharia.org.br\/site\/wp-content\/uploads\/2019\/04\/reginaldo-A.-Paiva.jpg\" alt=\"\" width=\"134\" height=\"88\" \/><\/p>\n<p><strong>REGINALDO A. DE PAIVA*<\/strong><\/p>\n<p>Diretor secret\u00e1rio da Diretoria Executiva (2014\/2015); representante do Instituto de Engenharia na Comiss\u00e3o Pr\u00e9-Centro e na Opera\u00e7\u00e3o Urbana \u00c1guas Espraiadas e na Comiss\u00e3o Licitat\u00f3ria de Concess\u00f5es Rodovi\u00e1rias (Secretaria de Estado dos Transportes); membro do Conselho Editorial da Revista Engenharia.<\/p>\n<p>*<em>Os artigos publicados com assinatura, n\u00e3o traduzem necessariamente a opini\u00e3o do Instituto de Engenharia. Sua publica\u00e7\u00e3o obedece ao prop\u00f3sito de estimular o debate dos problemas brasileiros e de refletir as diversas tend\u00eancias do pensamento contempor\u00e2neo.<\/em><\/p>\n","protected":false},"excerpt":{"rendered":"<p>Exagero? O local em que Judas, ap\u00f3stolo traidor, perdeu as botas fica, na tradi\u00e7\u00e3o popular, em qualquer lugar e em parte alguma. Nunca localizado junto ao observador, que o situa t\u00e3o longe quanto longe seja o seu conceito de lonjura. Para estas mal tra\u00e7adas linhas (*), cartesiano que sou \u2013 quando me conv\u00e9m, claro \u2013 [&hellip;]<\/p>\n","protected":false},"author":13,"featured_media":111781,"comment_status":"open","ping_status":"open","sticky":false,"template":"","format":"standard","meta":{"footnotes":""},"categories":[11,103],"tags":[],"class_list":{"0":"post-111769","1":"post","2":"type-post","3":"status-publish","4":"format-standard","5":"has-post-thumbnail","7":"category-articulistas","8":"category-reginaldo-a-de-paiva"},"yoast_head":"<!-- This site is optimized with the Yoast SEO plugin v27.2 - https:\/\/yoast.com\/product\/yoast-seo-wordpress\/ -->\n<title>Por Reginaldo A. de Paiva \u2013 S\u00e3o Paulo: Onde Judas perdeu as botas - Instituto de Engenharia<\/title>\n<meta name=\"robots\" content=\"index, follow, max-snippet:-1, max-image-preview:large, max-video-preview:-1\" \/>\n<link rel=\"canonical\" href=\"https:\/\/www.institutodeengenharia.org.br\/site\/2023\/09\/01\/por-reginaldo-a-de-paiva-sao-paulo-onde-judas-perdeu-as-botas-2\/\" \/>\n<meta property=\"og:locale\" content=\"pt_BR\" \/>\n<meta property=\"og:type\" content=\"article\" \/>\n<meta property=\"og:title\" content=\"Por Reginaldo A. de Paiva \u2013 S\u00e3o Paulo: Onde Judas perdeu as botas - Instituto de Engenharia\" \/>\n<meta property=\"og:description\" content=\"Exagero? O local em que Judas, ap\u00f3stolo traidor, perdeu as botas fica, na tradi\u00e7\u00e3o popular, em qualquer lugar e em parte alguma. Nunca localizado junto ao observador, que o situa t\u00e3o longe quanto longe seja o seu conceito de lonjura. Para estas mal tra\u00e7adas linhas (*), cartesiano que sou \u2013 quando me conv\u00e9m, claro \u2013 [&hellip;]\" \/>\n<meta property=\"og:url\" content=\"https:\/\/www.institutodeengenharia.org.br\/site\/2023\/09\/01\/por-reginaldo-a-de-paiva-sao-paulo-onde-judas-perdeu-as-botas-2\/\" \/>\n<meta property=\"og:site_name\" content=\"Instituto de Engenharia\" \/>\n<meta property=\"article:publisher\" content=\"https:\/\/www.facebook.com\/institutodeengenharia\" \/>\n<meta property=\"article:published_time\" content=\"2023-09-01T18:17:20+00:00\" \/>\n<meta property=\"og:image\" content=\"https:\/\/www.institutodeengenharia.org.br\/site\/wp-content\/uploads\/2023\/09\/botas.jpg\" \/>\n\t<meta property=\"og:image:width\" content=\"640\" \/>\n\t<meta property=\"og:image:height\" content=\"640\" \/>\n\t<meta property=\"og:image:type\" content=\"image\/jpeg\" \/>\n<meta name=\"author\" content=\"Bianca\" \/>\n<meta name=\"twitter:card\" content=\"summary_large_image\" \/>\n<meta name=\"twitter:creator\" content=\"@iengenharia\" \/>\n<meta name=\"twitter:site\" content=\"@iengenharia\" \/>\n<meta name=\"twitter:label1\" content=\"Escrito por\" \/>\n\t<meta name=\"twitter:data1\" content=\"Bianca\" \/>\n\t<meta name=\"twitter:label2\" content=\"Est. tempo de leitura\" \/>\n\t<meta name=\"twitter:data2\" content=\"2 minutos\" \/>\n<script type=\"application\/ld+json\" class=\"yoast-schema-graph\">{\"@context\":\"https:\/\/schema.org\",\"@graph\":[{\"@type\":\"Article\",\"@id\":\"https:\/\/www.institutodeengenharia.org.br\/site\/2023\/09\/01\/por-reginaldo-a-de-paiva-sao-paulo-onde-judas-perdeu-as-botas-2\/#article\",\"isPartOf\":{\"@id\":\"https:\/\/www.institutodeengenharia.org.br\/site\/2023\/09\/01\/por-reginaldo-a-de-paiva-sao-paulo-onde-judas-perdeu-as-botas-2\/\"},\"author\":{\"name\":\"Bianca\",\"@id\":\"https:\/\/www.institutodeengenharia.org.br\/site\/#\/schema\/person\/aeb64951c405e100d26d30b033dd423f\"},\"headline\":\"Por Reginaldo A. de Paiva \u2013 S\u00e3o Paulo: Onde Judas perdeu as botas\",\"datePublished\":\"2023-09-01T18:17:20+00:00\",\"mainEntityOfPage\":{\"@id\":\"https:\/\/www.institutodeengenharia.org.br\/site\/2023\/09\/01\/por-reginaldo-a-de-paiva-sao-paulo-onde-judas-perdeu-as-botas-2\/\"},\"wordCount\":349,\"commentCount\":0,\"publisher\":{\"@id\":\"https:\/\/www.institutodeengenharia.org.br\/site\/#organization\"},\"image\":{\"@id\":\"https:\/\/www.institutodeengenharia.org.br\/site\/2023\/09\/01\/por-reginaldo-a-de-paiva-sao-paulo-onde-judas-perdeu-as-botas-2\/#primaryimage\"},\"thumbnailUrl\":\"https:\/\/www.institutodeengenharia.org.br\/site\/wp-content\/uploads\/2023\/09\/botas.jpg\",\"articleSection\":[\"Articulistas\",\"Reginaldo A. de Paiva\"],\"inLanguage\":\"pt-BR\",\"potentialAction\":[{\"@type\":\"CommentAction\",\"name\":\"Comment\",\"target\":[\"https:\/\/www.institutodeengenharia.org.br\/site\/2023\/09\/01\/por-reginaldo-a-de-paiva-sao-paulo-onde-judas-perdeu-as-botas-2\/#respond\"]}]},{\"@type\":\"WebPage\",\"@id\":\"https:\/\/www.institutodeengenharia.org.br\/site\/2023\/09\/01\/por-reginaldo-a-de-paiva-sao-paulo-onde-judas-perdeu-as-botas-2\/\",\"url\":\"https:\/\/www.institutodeengenharia.org.br\/site\/2023\/09\/01\/por-reginaldo-a-de-paiva-sao-paulo-onde-judas-perdeu-as-botas-2\/\",\"name\":\"Por Reginaldo A. de Paiva \u2013 S\u00e3o Paulo: Onde Judas perdeu as botas - Instituto de Engenharia\",\"isPartOf\":{\"@id\":\"https:\/\/www.institutodeengenharia.org.br\/site\/#website\"},\"primaryImageOfPage\":{\"@id\":\"https:\/\/www.institutodeengenharia.org.br\/site\/2023\/09\/01\/por-reginaldo-a-de-paiva-sao-paulo-onde-judas-perdeu-as-botas-2\/#primaryimage\"},\"image\":{\"@id\":\"https:\/\/www.institutodeengenharia.org.br\/site\/2023\/09\/01\/por-reginaldo-a-de-paiva-sao-paulo-onde-judas-perdeu-as-botas-2\/#primaryimage\"},\"thumbnailUrl\":\"https:\/\/www.institutodeengenharia.org.br\/site\/wp-content\/uploads\/2023\/09\/botas.jpg\",\"datePublished\":\"2023-09-01T18:17:20+00:00\",\"breadcrumb\":{\"@id\":\"https:\/\/www.institutodeengenharia.org.br\/site\/2023\/09\/01\/por-reginaldo-a-de-paiva-sao-paulo-onde-judas-perdeu-as-botas-2\/#breadcrumb\"},\"inLanguage\":\"pt-BR\",\"potentialAction\":[{\"@type\":\"ReadAction\",\"target\":[\"https:\/\/www.institutodeengenharia.org.br\/site\/2023\/09\/01\/por-reginaldo-a-de-paiva-sao-paulo-onde-judas-perdeu-as-botas-2\/\"]}]},{\"@type\":\"ImageObject\",\"inLanguage\":\"pt-BR\",\"@id\":\"https:\/\/www.institutodeengenharia.org.br\/site\/2023\/09\/01\/por-reginaldo-a-de-paiva-sao-paulo-onde-judas-perdeu-as-botas-2\/#primaryimage\",\"url\":\"https:\/\/www.institutodeengenharia.org.br\/site\/wp-content\/uploads\/2023\/09\/botas.jpg\",\"contentUrl\":\"https:\/\/www.institutodeengenharia.org.br\/site\/wp-content\/uploads\/2023\/09\/botas.jpg\",\"width\":640,\"height\":640},{\"@type\":\"BreadcrumbList\",\"@id\":\"https:\/\/www.institutodeengenharia.org.br\/site\/2023\/09\/01\/por-reginaldo-a-de-paiva-sao-paulo-onde-judas-perdeu-as-botas-2\/#breadcrumb\",\"itemListElement\":[{\"@type\":\"ListItem\",\"position\":1,\"name\":\"In\u00edcio\",\"item\":\"https:\/\/www.institutodeengenharia.org.br\/site\/\"},{\"@type\":\"ListItem\",\"position\":2,\"name\":\"Por Reginaldo A. de Paiva \u2013 S\u00e3o Paulo: Onde Judas perdeu as botas\"}]},{\"@type\":\"WebSite\",\"@id\":\"https:\/\/www.institutodeengenharia.org.br\/site\/#website\",\"url\":\"https:\/\/www.institutodeengenharia.org.br\/site\/\",\"name\":\"Instituto de Engenharia\",\"description\":\"O Instituto de Engenharia promove a Engenharia em benef\u00edcio do desenvolvimento e da qualidade de vida da sociedade.\",\"publisher\":{\"@id\":\"https:\/\/www.institutodeengenharia.org.br\/site\/#organization\"},\"potentialAction\":[{\"@type\":\"SearchAction\",\"target\":{\"@type\":\"EntryPoint\",\"urlTemplate\":\"https:\/\/www.institutodeengenharia.org.br\/site\/?s={search_term_string}\"},\"query-input\":{\"@type\":\"PropertyValueSpecification\",\"valueRequired\":true,\"valueName\":\"search_term_string\"}}],\"inLanguage\":\"pt-BR\"},{\"@type\":\"Organization\",\"@id\":\"https:\/\/www.institutodeengenharia.org.br\/site\/#organization\",\"name\":\"Instituto de Engenharia\",\"url\":\"https:\/\/www.institutodeengenharia.org.br\/site\/\",\"logo\":{\"@type\":\"ImageObject\",\"inLanguage\":\"pt-BR\",\"@id\":\"https:\/\/www.institutodeengenharia.org.br\/site\/#\/schema\/logo\/image\/\",\"url\":\"https:\/\/www.institutodeengenharia.org.br\/site\/wp-content\/uploads\/2019\/03\/logo-novo-IE2018-1.jpg\",\"contentUrl\":\"https:\/\/www.institutodeengenharia.org.br\/site\/wp-content\/uploads\/2019\/03\/logo-novo-IE2018-1.jpg\",\"width\":1486,\"height\":1879,\"caption\":\"Instituto de Engenharia\"},\"image\":{\"@id\":\"https:\/\/www.institutodeengenharia.org.br\/site\/#\/schema\/logo\/image\/\"},\"sameAs\":[\"https:\/\/www.facebook.com\/institutodeengenharia\",\"https:\/\/x.com\/iengenharia\",\"https:\/\/www.instagram.com\/institutodeengenharia\/\",\"https:\/\/www.linkedin.com\/company\/instituto-de-engenharia\/\",\"https:\/\/www.youtube.com\/channel\/UCXiCAlsSMe977vamW915HxA\"]},{\"@type\":\"Person\",\"@id\":\"https:\/\/www.institutodeengenharia.org.br\/site\/#\/schema\/person\/aeb64951c405e100d26d30b033dd423f\",\"name\":\"Bianca\",\"image\":{\"@type\":\"ImageObject\",\"inLanguage\":\"pt-BR\",\"@id\":\"https:\/\/secure.gravatar.com\/avatar\/a6fbe9bff57405baf4c1e2c5c1811e072b558253974a9f9508f4678900c97c2a?s=96&d=mm&r=g\",\"url\":\"https:\/\/secure.gravatar.com\/avatar\/a6fbe9bff57405baf4c1e2c5c1811e072b558253974a9f9508f4678900c97c2a?s=96&d=mm&r=g\",\"contentUrl\":\"https:\/\/secure.gravatar.com\/avatar\/a6fbe9bff57405baf4c1e2c5c1811e072b558253974a9f9508f4678900c97c2a?s=96&d=mm&r=g\",\"caption\":\"Bianca\"},\"url\":\"https:\/\/www.institutodeengenharia.org.br\/site\/author\/comunicacao1\/\"}]}<\/script>\n<!-- \/ Yoast SEO plugin. -->","yoast_head_json":{"title":"Por Reginaldo A. de Paiva \u2013 S\u00e3o Paulo: Onde Judas perdeu as botas - Instituto de Engenharia","robots":{"index":"index","follow":"follow","max-snippet":"max-snippet:-1","max-image-preview":"max-image-preview:large","max-video-preview":"max-video-preview:-1"},"canonical":"https:\/\/www.institutodeengenharia.org.br\/site\/2023\/09\/01\/por-reginaldo-a-de-paiva-sao-paulo-onde-judas-perdeu-as-botas-2\/","og_locale":"pt_BR","og_type":"article","og_title":"Por Reginaldo A. de Paiva \u2013 S\u00e3o Paulo: Onde Judas perdeu as botas - Instituto de Engenharia","og_description":"Exagero? O local em que Judas, ap\u00f3stolo traidor, perdeu as botas fica, na tradi\u00e7\u00e3o popular, em qualquer lugar e em parte alguma. Nunca localizado junto ao observador, que o situa t\u00e3o longe quanto longe seja o seu conceito de lonjura. Para estas mal tra\u00e7adas linhas (*), cartesiano que sou \u2013 quando me conv\u00e9m, claro \u2013 [&hellip;]","og_url":"https:\/\/www.institutodeengenharia.org.br\/site\/2023\/09\/01\/por-reginaldo-a-de-paiva-sao-paulo-onde-judas-perdeu-as-botas-2\/","og_site_name":"Instituto de Engenharia","article_publisher":"https:\/\/www.facebook.com\/institutodeengenharia","article_published_time":"2023-09-01T18:17:20+00:00","og_image":[{"width":640,"height":640,"url":"https:\/\/www.institutodeengenharia.org.br\/site\/wp-content\/uploads\/2023\/09\/botas.jpg","type":"image\/jpeg"}],"author":"Bianca","twitter_card":"summary_large_image","twitter_creator":"@iengenharia","twitter_site":"@iengenharia","twitter_misc":{"Escrito por":"Bianca","Est. tempo de leitura":"2 minutos"},"schema":{"@context":"https:\/\/schema.org","@graph":[{"@type":"Article","@id":"https:\/\/www.institutodeengenharia.org.br\/site\/2023\/09\/01\/por-reginaldo-a-de-paiva-sao-paulo-onde-judas-perdeu-as-botas-2\/#article","isPartOf":{"@id":"https:\/\/www.institutodeengenharia.org.br\/site\/2023\/09\/01\/por-reginaldo-a-de-paiva-sao-paulo-onde-judas-perdeu-as-botas-2\/"},"author":{"name":"Bianca","@id":"https:\/\/www.institutodeengenharia.org.br\/site\/#\/schema\/person\/aeb64951c405e100d26d30b033dd423f"},"headline":"Por Reginaldo A. de Paiva \u2013 S\u00e3o Paulo: Onde Judas perdeu as botas","datePublished":"2023-09-01T18:17:20+00:00","mainEntityOfPage":{"@id":"https:\/\/www.institutodeengenharia.org.br\/site\/2023\/09\/01\/por-reginaldo-a-de-paiva-sao-paulo-onde-judas-perdeu-as-botas-2\/"},"wordCount":349,"commentCount":0,"publisher":{"@id":"https:\/\/www.institutodeengenharia.org.br\/site\/#organization"},"image":{"@id":"https:\/\/www.institutodeengenharia.org.br\/site\/2023\/09\/01\/por-reginaldo-a-de-paiva-sao-paulo-onde-judas-perdeu-as-botas-2\/#primaryimage"},"thumbnailUrl":"https:\/\/www.institutodeengenharia.org.br\/site\/wp-content\/uploads\/2023\/09\/botas.jpg","articleSection":["Articulistas","Reginaldo A. de Paiva"],"inLanguage":"pt-BR","potentialAction":[{"@type":"CommentAction","name":"Comment","target":["https:\/\/www.institutodeengenharia.org.br\/site\/2023\/09\/01\/por-reginaldo-a-de-paiva-sao-paulo-onde-judas-perdeu-as-botas-2\/#respond"]}]},{"@type":"WebPage","@id":"https:\/\/www.institutodeengenharia.org.br\/site\/2023\/09\/01\/por-reginaldo-a-de-paiva-sao-paulo-onde-judas-perdeu-as-botas-2\/","url":"https:\/\/www.institutodeengenharia.org.br\/site\/2023\/09\/01\/por-reginaldo-a-de-paiva-sao-paulo-onde-judas-perdeu-as-botas-2\/","name":"Por Reginaldo A. de Paiva \u2013 S\u00e3o Paulo: Onde Judas perdeu as botas - Instituto de Engenharia","isPartOf":{"@id":"https:\/\/www.institutodeengenharia.org.br\/site\/#website"},"primaryImageOfPage":{"@id":"https:\/\/www.institutodeengenharia.org.br\/site\/2023\/09\/01\/por-reginaldo-a-de-paiva-sao-paulo-onde-judas-perdeu-as-botas-2\/#primaryimage"},"image":{"@id":"https:\/\/www.institutodeengenharia.org.br\/site\/2023\/09\/01\/por-reginaldo-a-de-paiva-sao-paulo-onde-judas-perdeu-as-botas-2\/#primaryimage"},"thumbnailUrl":"https:\/\/www.institutodeengenharia.org.br\/site\/wp-content\/uploads\/2023\/09\/botas.jpg","datePublished":"2023-09-01T18:17:20+00:00","breadcrumb":{"@id":"https:\/\/www.institutodeengenharia.org.br\/site\/2023\/09\/01\/por-reginaldo-a-de-paiva-sao-paulo-onde-judas-perdeu-as-botas-2\/#breadcrumb"},"inLanguage":"pt-BR","potentialAction":[{"@type":"ReadAction","target":["https:\/\/www.institutodeengenharia.org.br\/site\/2023\/09\/01\/por-reginaldo-a-de-paiva-sao-paulo-onde-judas-perdeu-as-botas-2\/"]}]},{"@type":"ImageObject","inLanguage":"pt-BR","@id":"https:\/\/www.institutodeengenharia.org.br\/site\/2023\/09\/01\/por-reginaldo-a-de-paiva-sao-paulo-onde-judas-perdeu-as-botas-2\/#primaryimage","url":"https:\/\/www.institutodeengenharia.org.br\/site\/wp-content\/uploads\/2023\/09\/botas.jpg","contentUrl":"https:\/\/www.institutodeengenharia.org.br\/site\/wp-content\/uploads\/2023\/09\/botas.jpg","width":640,"height":640},{"@type":"BreadcrumbList","@id":"https:\/\/www.institutodeengenharia.org.br\/site\/2023\/09\/01\/por-reginaldo-a-de-paiva-sao-paulo-onde-judas-perdeu-as-botas-2\/#breadcrumb","itemListElement":[{"@type":"ListItem","position":1,"name":"In\u00edcio","item":"https:\/\/www.institutodeengenharia.org.br\/site\/"},{"@type":"ListItem","position":2,"name":"Por Reginaldo A. de Paiva \u2013 S\u00e3o Paulo: Onde Judas perdeu as botas"}]},{"@type":"WebSite","@id":"https:\/\/www.institutodeengenharia.org.br\/site\/#website","url":"https:\/\/www.institutodeengenharia.org.br\/site\/","name":"Instituto de Engenharia","description":"O Instituto de Engenharia promove a Engenharia em benef\u00edcio do desenvolvimento e da qualidade de vida da sociedade.","publisher":{"@id":"https:\/\/www.institutodeengenharia.org.br\/site\/#organization"},"potentialAction":[{"@type":"SearchAction","target":{"@type":"EntryPoint","urlTemplate":"https:\/\/www.institutodeengenharia.org.br\/site\/?s={search_term_string}"},"query-input":{"@type":"PropertyValueSpecification","valueRequired":true,"valueName":"search_term_string"}}],"inLanguage":"pt-BR"},{"@type":"Organization","@id":"https:\/\/www.institutodeengenharia.org.br\/site\/#organization","name":"Instituto de Engenharia","url":"https:\/\/www.institutodeengenharia.org.br\/site\/","logo":{"@type":"ImageObject","inLanguage":"pt-BR","@id":"https:\/\/www.institutodeengenharia.org.br\/site\/#\/schema\/logo\/image\/","url":"https:\/\/www.institutodeengenharia.org.br\/site\/wp-content\/uploads\/2019\/03\/logo-novo-IE2018-1.jpg","contentUrl":"https:\/\/www.institutodeengenharia.org.br\/site\/wp-content\/uploads\/2019\/03\/logo-novo-IE2018-1.jpg","width":1486,"height":1879,"caption":"Instituto de Engenharia"},"image":{"@id":"https:\/\/www.institutodeengenharia.org.br\/site\/#\/schema\/logo\/image\/"},"sameAs":["https:\/\/www.facebook.com\/institutodeengenharia","https:\/\/x.com\/iengenharia","https:\/\/www.instagram.com\/institutodeengenharia\/","https:\/\/www.linkedin.com\/company\/instituto-de-engenharia\/","https:\/\/www.youtube.com\/channel\/UCXiCAlsSMe977vamW915HxA"]},{"@type":"Person","@id":"https:\/\/www.institutodeengenharia.org.br\/site\/#\/schema\/person\/aeb64951c405e100d26d30b033dd423f","name":"Bianca","image":{"@type":"ImageObject","inLanguage":"pt-BR","@id":"https:\/\/secure.gravatar.com\/avatar\/a6fbe9bff57405baf4c1e2c5c1811e072b558253974a9f9508f4678900c97c2a?s=96&d=mm&r=g","url":"https:\/\/secure.gravatar.com\/avatar\/a6fbe9bff57405baf4c1e2c5c1811e072b558253974a9f9508f4678900c97c2a?s=96&d=mm&r=g","contentUrl":"https:\/\/secure.gravatar.com\/avatar\/a6fbe9bff57405baf4c1e2c5c1811e072b558253974a9f9508f4678900c97c2a?s=96&d=mm&r=g","caption":"Bianca"},"url":"https:\/\/www.institutodeengenharia.org.br\/site\/author\/comunicacao1\/"}]}},"_links":{"self":[{"href":"https:\/\/www.institutodeengenharia.org.br\/site\/wp-json\/wp\/v2\/posts\/111769","targetHints":{"allow":["GET"]}}],"collection":[{"href":"https:\/\/www.institutodeengenharia.org.br\/site\/wp-json\/wp\/v2\/posts"}],"about":[{"href":"https:\/\/www.institutodeengenharia.org.br\/site\/wp-json\/wp\/v2\/types\/post"}],"author":[{"embeddable":true,"href":"https:\/\/www.institutodeengenharia.org.br\/site\/wp-json\/wp\/v2\/users\/13"}],"replies":[{"embeddable":true,"href":"https:\/\/www.institutodeengenharia.org.br\/site\/wp-json\/wp\/v2\/comments?post=111769"}],"version-history":[{"count":1,"href":"https:\/\/www.institutodeengenharia.org.br\/site\/wp-json\/wp\/v2\/posts\/111769\/revisions"}],"predecessor-version":[{"id":111782,"href":"https:\/\/www.institutodeengenharia.org.br\/site\/wp-json\/wp\/v2\/posts\/111769\/revisions\/111782"}],"wp:featuredmedia":[{"embeddable":true,"href":"https:\/\/www.institutodeengenharia.org.br\/site\/wp-json\/wp\/v2\/media\/111781"}],"wp:attachment":[{"href":"https:\/\/www.institutodeengenharia.org.br\/site\/wp-json\/wp\/v2\/media?parent=111769"}],"wp:term":[{"taxonomy":"category","embeddable":true,"href":"https:\/\/www.institutodeengenharia.org.br\/site\/wp-json\/wp\/v2\/categories?post=111769"},{"taxonomy":"post_tag","embeddable":true,"href":"https:\/\/www.institutodeengenharia.org.br\/site\/wp-json\/wp\/v2\/tags?post=111769"}],"curies":[{"name":"wp","href":"https:\/\/api.w.org\/{rel}","templated":true}]}}