{"id":110862,"date":"2023-08-16T10:14:30","date_gmt":"2023-08-16T13:14:30","guid":{"rendered":"https:\/\/www.institutodeengenharia.org.br\/site\/?p=110862"},"modified":"2023-08-16T10:38:44","modified_gmt":"2023-08-16T13:38:44","slug":"secretario-de-desenvolvimento-urbano-e-habitacao-visita-o-instituto-de-engenharia","status":"publish","type":"post","link":"https:\/\/www.institutodeengenharia.org.br\/site\/2023\/08\/16\/secretario-de-desenvolvimento-urbano-e-habitacao-visita-o-instituto-de-engenharia\/","title":{"rendered":"Secret\u00e1rio de Desenvolvimento Urbano e Habita\u00e7\u00e3o visita o Instituto de Engenharia"},"content":{"rendered":"<p>O presidente do Instituto de Engenharia (IE), Jos\u00e9 Eduardo Frasc\u00e1 Poyares Jardim, e sua Diretoria Executiva receberam, nesta ter\u00e7a-feira, 15, a visita do Secret\u00e1rio de Estado de Desenvolvimento Urbano e Habita\u00e7\u00e3o, Marcelo Cardinale Branco.<\/p>\n<p>Um dos objetivos do encontro foi a exposi\u00e7\u00e3o de projetos e programas inovadores que a Secretaria vem desenvolvendo no Estado, como o novo Casa Paulista, programa que engloba todos os atendimentos habitacionais do Governo de S\u00e3o Paulo.<\/p>\n<figure id=\"attachment_110865\" aria-describedby=\"caption-attachment-110865\" style=\"width: 515px\" class=\"wp-caption aligncenter\"><img loading=\"lazy\" decoding=\"async\" class=\" wp-image-110865\" src=\"https:\/\/www.institutodeengenharia.org.br\/site\/wp-content\/uploads\/2023\/08\/WhatsApp-Image-2023-08-16-at-01.41.18-1.jpeg\" alt=\"\" width=\"515\" height=\"232\" srcset=\"https:\/\/www.institutodeengenharia.org.br\/site\/wp-content\/uploads\/2023\/08\/WhatsApp-Image-2023-08-16-at-01.41.18-1.jpeg 1600w, https:\/\/www.institutodeengenharia.org.br\/site\/wp-content\/uploads\/2023\/08\/WhatsApp-Image-2023-08-16-at-01.41.18-1-300x135.jpeg 300w, https:\/\/www.institutodeengenharia.org.br\/site\/wp-content\/uploads\/2023\/08\/WhatsApp-Image-2023-08-16-at-01.41.18-1-1024x461.jpeg 1024w, https:\/\/www.institutodeengenharia.org.br\/site\/wp-content\/uploads\/2023\/08\/WhatsApp-Image-2023-08-16-at-01.41.18-1-768x346.jpeg 768w, https:\/\/www.institutodeengenharia.org.br\/site\/wp-content\/uploads\/2023\/08\/WhatsApp-Image-2023-08-16-at-01.41.18-1-1536x692.jpeg 1536w, https:\/\/www.institutodeengenharia.org.br\/site\/wp-content\/uploads\/2023\/08\/WhatsApp-Image-2023-08-16-at-01.41.18-1-696x314.jpeg 696w, https:\/\/www.institutodeengenharia.org.br\/site\/wp-content\/uploads\/2023\/08\/WhatsApp-Image-2023-08-16-at-01.41.18-1-1068x481.jpeg 1068w, https:\/\/www.institutodeengenharia.org.br\/site\/wp-content\/uploads\/2023\/08\/WhatsApp-Image-2023-08-16-at-01.41.18-1-932x420.jpeg 932w, https:\/\/www.institutodeengenharia.org.br\/site\/wp-content\/uploads\/2023\/08\/WhatsApp-Image-2023-08-16-at-01.41.18-1-600x270.jpeg 600w\" sizes=\"auto, (max-width: 515px) 100vw, 515px\" \/><figcaption id=\"caption-attachment-110865\" class=\"wp-caption-text\">Secret\u00e1rio foi recebido durante almo\u00e7o no IE<\/figcaption><\/figure>\n<p>Desde que foi lan\u00e7ado em julho deste ano j\u00e1 soma libera\u00e7\u00f5es de R$ 258,1 milh\u00f5es, via cr\u00e9dito imobili\u00e1rio, e viabilizou 20 mil moradias populares em 67 munic\u00edpios do Estado de S\u00e3o Paulo.<\/p>\n<p>O grande destaque do Casa Paulista \u00e9 o atendimento de fam\u00edlias que possuem renda mensal de at\u00e9 tr\u00eas sal\u00e1rios m\u00ednimos. \u201cO Casa Paulista tem ajudado fam\u00edlias com renda m\u00e9dia mensal de R$ 2,4 mil a realizarem o sonho da casa pr\u00f3pria\u201d, aponta o secret\u00e1rio.<\/p>\n<p>Vale destacar que o Casa Paulista atua em quatro eixos: a concess\u00e3o de cr\u00e9dito direto com a construtora\/incorporadora, constru\u00e7\u00e3o e entrega de casas, regulariza\u00e7\u00e3o fundi\u00e1ria e execu\u00e7\u00e3o de obras de urbaniza\u00e7\u00e3o.<\/p>\n<p>\u201cEscolas, creches, sistemas de transportes, postos policiais e de sa\u00fade tamb\u00e9m fazem parte dos projetos, por\u00e9m s\u00e3o executados em parcerias com as demais secretariais do Estado de S\u00e3o Paulo\u201d, disse.<\/p>\n<p>Marcelo Cardinale Branco ressaltou que sua pasta est\u00e1 para lan\u00e7ar mais e novos projetos e destacou que os mesmos poderiam ser feitos nas instala\u00e7\u00f5es do Instituto de Engenharia. \u201cAs portas do IE est\u00e3o abertas\u201d, disse o presidente do Instituto de Engenharia (IE), Jos\u00e9 Eduardo Frasc\u00e1 Poyares Jardim, que colocou a entidade \u00e0 disposi\u00e7\u00e3o da secretaria tamb\u00e9m para trabalhos e projetos conjuntos.<\/p>\n<p><strong>Quem \u00e9<\/strong><\/p>\n<p><strong>Marcelo Cardinale Branco<\/strong> \u00e9 administrador com mestrado em Ci\u00eancias pela Escola Polit\u00e9cnica da Universidade de S\u00e3o Paulo, foi secret\u00e1rio municipal de Transportes em S\u00e3o Paulo, presidiu a Companhia de Engenharia de Tr\u00e1fego (CET) e a S\u00e3o Paulo Transportes (SPTrans), foi secret\u00e1rio de Infraestrutura Urbana e Obras, presidiu a Empresa Municipal de Urbaniza\u00e7\u00e3o de S\u00e3o Paulo (EMURB), a Companhia de Desenvolvimento Habitacional e Urbano do Estado (CDHU), e foi diretor administrativo da Companhia Metropolitana de Habita\u00e7\u00e3o de S\u00e3o Paulo (COHAB).<\/p>\n<p><em>Por Fernando Bortolin<\/em><\/p>\n","protected":false},"excerpt":{"rendered":"<p>O presidente do Instituto de Engenharia (IE), Jos\u00e9 Eduardo Frasc\u00e1 Poyares Jardim, e sua Diretoria Executiva receberam, nesta ter\u00e7a-feira, 15, a visita do Secret\u00e1rio de Estado de Desenvolvimento Urbano e Habita\u00e7\u00e3o, Marcelo Cardinale Branco. Um dos objetivos do encontro foi a exposi\u00e7\u00e3o de projetos e programas inovadores que a Secretaria vem desenvolvendo no Estado, como [&hellip;]<\/p>\n","protected":false},"author":14,"featured_media":110863,"comment_status":"open","ping_status":"open","sticky":false,"template":"","format":"standard","meta":{"footnotes":""},"categories":[27,6],"tags":[],"class_list":{"0":"post-110862","1":"post","2":"type-post","3":"status-publish","4":"format-standard","5":"has-post-thumbnail","7":"category-instituto-de-engenharia","8":"category-noticias"},"yoast_head":"<!-- This site is optimized with the Yoast SEO plugin v27.2 - https:\/\/yoast.com\/product\/yoast-seo-wordpress\/ -->\n<title>Secret\u00e1rio de Desenvolvimento Urbano e Habita\u00e7\u00e3o visita o Instituto de Engenharia - Instituto de Engenharia<\/title>\n<meta name=\"robots\" content=\"index, follow, max-snippet:-1, max-image-preview:large, max-video-preview:-1\" \/>\n<link rel=\"canonical\" href=\"https:\/\/www.institutodeengenharia.org.br\/site\/2023\/08\/16\/secretario-de-desenvolvimento-urbano-e-habitacao-visita-o-instituto-de-engenharia\/\" \/>\n<meta property=\"og:locale\" content=\"pt_BR\" \/>\n<meta property=\"og:type\" content=\"article\" \/>\n<meta property=\"og:title\" content=\"Secret\u00e1rio de Desenvolvimento Urbano e Habita\u00e7\u00e3o visita o Instituto de Engenharia - Instituto de Engenharia\" \/>\n<meta property=\"og:description\" content=\"O presidente do Instituto de Engenharia (IE), Jos\u00e9 Eduardo Frasc\u00e1 Poyares Jardim, e sua Diretoria Executiva receberam, nesta ter\u00e7a-feira, 15, a visita do Secret\u00e1rio de Estado de Desenvolvimento Urbano e Habita\u00e7\u00e3o, Marcelo Cardinale Branco. Um dos objetivos do encontro foi a exposi\u00e7\u00e3o de projetos e programas inovadores que a Secretaria vem desenvolvendo no Estado, como [&hellip;]\" \/>\n<meta property=\"og:url\" content=\"https:\/\/www.institutodeengenharia.org.br\/site\/2023\/08\/16\/secretario-de-desenvolvimento-urbano-e-habitacao-visita-o-instituto-de-engenharia\/\" \/>\n<meta property=\"og:site_name\" content=\"Instituto de Engenharia\" \/>\n<meta property=\"article:publisher\" content=\"https:\/\/www.facebook.com\/institutodeengenharia\" \/>\n<meta property=\"article:published_time\" content=\"2023-08-16T13:14:30+00:00\" \/>\n<meta property=\"article:modified_time\" content=\"2023-08-16T13:38:44+00:00\" \/>\n<meta property=\"og:image\" content=\"https:\/\/www.institutodeengenharia.org.br\/site\/wp-content\/uploads\/2023\/08\/WhatsApp-Image-2023-08-16-at-01.41.18.jpeg\" \/>\n\t<meta property=\"og:image:width\" content=\"1600\" \/>\n\t<meta property=\"og:image:height\" content=\"743\" \/>\n\t<meta property=\"og:image:type\" content=\"image\/jpeg\" \/>\n<meta name=\"author\" content=\"Isabel\" \/>\n<meta name=\"twitter:card\" content=\"summary_large_image\" \/>\n<meta name=\"twitter:creator\" content=\"@iengenharia\" \/>\n<meta name=\"twitter:site\" content=\"@iengenharia\" \/>\n<meta name=\"twitter:label1\" content=\"Escrito por\" \/>\n\t<meta name=\"twitter:data1\" content=\"Isabel\" \/>\n\t<meta name=\"twitter:label2\" content=\"Est. tempo de leitura\" \/>\n\t<meta name=\"twitter:data2\" content=\"3 minutos\" \/>\n<script type=\"application\/ld+json\" class=\"yoast-schema-graph\">{\"@context\":\"https:\/\/schema.org\",\"@graph\":[{\"@type\":\"Article\",\"@id\":\"https:\/\/www.institutodeengenharia.org.br\/site\/2023\/08\/16\/secretario-de-desenvolvimento-urbano-e-habitacao-visita-o-instituto-de-engenharia\/#article\",\"isPartOf\":{\"@id\":\"https:\/\/www.institutodeengenharia.org.br\/site\/2023\/08\/16\/secretario-de-desenvolvimento-urbano-e-habitacao-visita-o-instituto-de-engenharia\/\"},\"author\":{\"name\":\"Isabel\",\"@id\":\"https:\/\/www.institutodeengenharia.org.br\/site\/#\/schema\/person\/593dc356630173a4877a635d3e5fd76b\"},\"headline\":\"Secret\u00e1rio de Desenvolvimento Urbano e Habita\u00e7\u00e3o visita o Instituto de Engenharia\",\"datePublished\":\"2023-08-16T13:14:30+00:00\",\"dateModified\":\"2023-08-16T13:38:44+00:00\",\"mainEntityOfPage\":{\"@id\":\"https:\/\/www.institutodeengenharia.org.br\/site\/2023\/08\/16\/secretario-de-desenvolvimento-urbano-e-habitacao-visita-o-instituto-de-engenharia\/\"},\"wordCount\":423,\"commentCount\":0,\"publisher\":{\"@id\":\"https:\/\/www.institutodeengenharia.org.br\/site\/#organization\"},\"image\":{\"@id\":\"https:\/\/www.institutodeengenharia.org.br\/site\/2023\/08\/16\/secretario-de-desenvolvimento-urbano-e-habitacao-visita-o-instituto-de-engenharia\/#primaryimage\"},\"thumbnailUrl\":\"https:\/\/www.institutodeengenharia.org.br\/site\/wp-content\/uploads\/2023\/08\/WhatsApp-Image-2023-08-16-at-01.41.18.jpeg\",\"articleSection\":[\"Instituto de Engenharia\",\"Not\u00edcias\"],\"inLanguage\":\"pt-BR\",\"potentialAction\":[{\"@type\":\"CommentAction\",\"name\":\"Comment\",\"target\":[\"https:\/\/www.institutodeengenharia.org.br\/site\/2023\/08\/16\/secretario-de-desenvolvimento-urbano-e-habitacao-visita-o-instituto-de-engenharia\/#respond\"]}]},{\"@type\":\"WebPage\",\"@id\":\"https:\/\/www.institutodeengenharia.org.br\/site\/2023\/08\/16\/secretario-de-desenvolvimento-urbano-e-habitacao-visita-o-instituto-de-engenharia\/\",\"url\":\"https:\/\/www.institutodeengenharia.org.br\/site\/2023\/08\/16\/secretario-de-desenvolvimento-urbano-e-habitacao-visita-o-instituto-de-engenharia\/\",\"name\":\"Secret\u00e1rio de Desenvolvimento Urbano e Habita\u00e7\u00e3o visita o Instituto de Engenharia - Instituto de Engenharia\",\"isPartOf\":{\"@id\":\"https:\/\/www.institutodeengenharia.org.br\/site\/#website\"},\"primaryImageOfPage\":{\"@id\":\"https:\/\/www.institutodeengenharia.org.br\/site\/2023\/08\/16\/secretario-de-desenvolvimento-urbano-e-habitacao-visita-o-instituto-de-engenharia\/#primaryimage\"},\"image\":{\"@id\":\"https:\/\/www.institutodeengenharia.org.br\/site\/2023\/08\/16\/secretario-de-desenvolvimento-urbano-e-habitacao-visita-o-instituto-de-engenharia\/#primaryimage\"},\"thumbnailUrl\":\"https:\/\/www.institutodeengenharia.org.br\/site\/wp-content\/uploads\/2023\/08\/WhatsApp-Image-2023-08-16-at-01.41.18.jpeg\",\"datePublished\":\"2023-08-16T13:14:30+00:00\",\"dateModified\":\"2023-08-16T13:38:44+00:00\",\"breadcrumb\":{\"@id\":\"https:\/\/www.institutodeengenharia.org.br\/site\/2023\/08\/16\/secretario-de-desenvolvimento-urbano-e-habitacao-visita-o-instituto-de-engenharia\/#breadcrumb\"},\"inLanguage\":\"pt-BR\",\"potentialAction\":[{\"@type\":\"ReadAction\",\"target\":[\"https:\/\/www.institutodeengenharia.org.br\/site\/2023\/08\/16\/secretario-de-desenvolvimento-urbano-e-habitacao-visita-o-instituto-de-engenharia\/\"]}]},{\"@type\":\"ImageObject\",\"inLanguage\":\"pt-BR\",\"@id\":\"https:\/\/www.institutodeengenharia.org.br\/site\/2023\/08\/16\/secretario-de-desenvolvimento-urbano-e-habitacao-visita-o-instituto-de-engenharia\/#primaryimage\",\"url\":\"https:\/\/www.institutodeengenharia.org.br\/site\/wp-content\/uploads\/2023\/08\/WhatsApp-Image-2023-08-16-at-01.41.18.jpeg\",\"contentUrl\":\"https:\/\/www.institutodeengenharia.org.br\/site\/wp-content\/uploads\/2023\/08\/WhatsApp-Image-2023-08-16-at-01.41.18.jpeg\",\"width\":1600,\"height\":743,\"caption\":\"Marcelo Branco (3\u00ba \u00e0 dir.), com a diretoria e membros do IE\"},{\"@type\":\"BreadcrumbList\",\"@id\":\"https:\/\/www.institutodeengenharia.org.br\/site\/2023\/08\/16\/secretario-de-desenvolvimento-urbano-e-habitacao-visita-o-instituto-de-engenharia\/#breadcrumb\",\"itemListElement\":[{\"@type\":\"ListItem\",\"position\":1,\"name\":\"In\u00edcio\",\"item\":\"https:\/\/www.institutodeengenharia.org.br\/site\/\"},{\"@type\":\"ListItem\",\"position\":2,\"name\":\"Secret\u00e1rio de Desenvolvimento Urbano e Habita\u00e7\u00e3o visita o Instituto de Engenharia\"}]},{\"@type\":\"WebSite\",\"@id\":\"https:\/\/www.institutodeengenharia.org.br\/site\/#website\",\"url\":\"https:\/\/www.institutodeengenharia.org.br\/site\/\",\"name\":\"Instituto de Engenharia\",\"description\":\"O Instituto de Engenharia promove a Engenharia em benef\u00edcio do desenvolvimento e da qualidade de vida da sociedade.\",\"publisher\":{\"@id\":\"https:\/\/www.institutodeengenharia.org.br\/site\/#organization\"},\"potentialAction\":[{\"@type\":\"SearchAction\",\"target\":{\"@type\":\"EntryPoint\",\"urlTemplate\":\"https:\/\/www.institutodeengenharia.org.br\/site\/?s={search_term_string}\"},\"query-input\":{\"@type\":\"PropertyValueSpecification\",\"valueRequired\":true,\"valueName\":\"search_term_string\"}}],\"inLanguage\":\"pt-BR\"},{\"@type\":\"Organization\",\"@id\":\"https:\/\/www.institutodeengenharia.org.br\/site\/#organization\",\"name\":\"Instituto de Engenharia\",\"url\":\"https:\/\/www.institutodeengenharia.org.br\/site\/\",\"logo\":{\"@type\":\"ImageObject\",\"inLanguage\":\"pt-BR\",\"@id\":\"https:\/\/www.institutodeengenharia.org.br\/site\/#\/schema\/logo\/image\/\",\"url\":\"https:\/\/www.institutodeengenharia.org.br\/site\/wp-content\/uploads\/2019\/03\/logo-novo-IE2018-1.jpg\",\"contentUrl\":\"https:\/\/www.institutodeengenharia.org.br\/site\/wp-content\/uploads\/2019\/03\/logo-novo-IE2018-1.jpg\",\"width\":1486,\"height\":1879,\"caption\":\"Instituto de Engenharia\"},\"image\":{\"@id\":\"https:\/\/www.institutodeengenharia.org.br\/site\/#\/schema\/logo\/image\/\"},\"sameAs\":[\"https:\/\/www.facebook.com\/institutodeengenharia\",\"https:\/\/x.com\/iengenharia\",\"https:\/\/www.instagram.com\/institutodeengenharia\/\",\"https:\/\/www.linkedin.com\/company\/instituto-de-engenharia\/\",\"https:\/\/www.youtube.com\/channel\/UCXiCAlsSMe977vamW915HxA\"]},{\"@type\":\"Person\",\"@id\":\"https:\/\/www.institutodeengenharia.org.br\/site\/#\/schema\/person\/593dc356630173a4877a635d3e5fd76b\",\"name\":\"Isabel\",\"image\":{\"@type\":\"ImageObject\",\"inLanguage\":\"pt-BR\",\"@id\":\"https:\/\/secure.gravatar.com\/avatar\/f3c521db63ec9db17894f10a88c6a3cf95b2281d7f80eeb3cf3ef1cb091576e7?s=96&d=mm&r=g\",\"url\":\"https:\/\/secure.gravatar.com\/avatar\/f3c521db63ec9db17894f10a88c6a3cf95b2281d7f80eeb3cf3ef1cb091576e7?s=96&d=mm&r=g\",\"contentUrl\":\"https:\/\/secure.gravatar.com\/avatar\/f3c521db63ec9db17894f10a88c6a3cf95b2281d7f80eeb3cf3ef1cb091576e7?s=96&d=mm&r=g\",\"caption\":\"Isabel\"},\"url\":\"https:\/\/www.institutodeengenharia.org.br\/site\/author\/comunicacao2\/\"}]}<\/script>\n<!-- \/ Yoast SEO plugin. -->","yoast_head_json":{"title":"Secret\u00e1rio de Desenvolvimento Urbano e Habita\u00e7\u00e3o visita o Instituto de Engenharia - Instituto de Engenharia","robots":{"index":"index","follow":"follow","max-snippet":"max-snippet:-1","max-image-preview":"max-image-preview:large","max-video-preview":"max-video-preview:-1"},"canonical":"https:\/\/www.institutodeengenharia.org.br\/site\/2023\/08\/16\/secretario-de-desenvolvimento-urbano-e-habitacao-visita-o-instituto-de-engenharia\/","og_locale":"pt_BR","og_type":"article","og_title":"Secret\u00e1rio de Desenvolvimento Urbano e Habita\u00e7\u00e3o visita o Instituto de Engenharia - Instituto de Engenharia","og_description":"O presidente do Instituto de Engenharia (IE), Jos\u00e9 Eduardo Frasc\u00e1 Poyares Jardim, e sua Diretoria Executiva receberam, nesta ter\u00e7a-feira, 15, a visita do Secret\u00e1rio de Estado de Desenvolvimento Urbano e Habita\u00e7\u00e3o, Marcelo Cardinale Branco. Um dos objetivos do encontro foi a exposi\u00e7\u00e3o de projetos e programas inovadores que a Secretaria vem desenvolvendo no Estado, como [&hellip;]","og_url":"https:\/\/www.institutodeengenharia.org.br\/site\/2023\/08\/16\/secretario-de-desenvolvimento-urbano-e-habitacao-visita-o-instituto-de-engenharia\/","og_site_name":"Instituto de Engenharia","article_publisher":"https:\/\/www.facebook.com\/institutodeengenharia","article_published_time":"2023-08-16T13:14:30+00:00","article_modified_time":"2023-08-16T13:38:44+00:00","og_image":[{"width":1600,"height":743,"url":"https:\/\/www.institutodeengenharia.org.br\/site\/wp-content\/uploads\/2023\/08\/WhatsApp-Image-2023-08-16-at-01.41.18.jpeg","type":"image\/jpeg"}],"author":"Isabel","twitter_card":"summary_large_image","twitter_creator":"@iengenharia","twitter_site":"@iengenharia","twitter_misc":{"Escrito por":"Isabel","Est. tempo de leitura":"3 minutos"},"schema":{"@context":"https:\/\/schema.org","@graph":[{"@type":"Article","@id":"https:\/\/www.institutodeengenharia.org.br\/site\/2023\/08\/16\/secretario-de-desenvolvimento-urbano-e-habitacao-visita-o-instituto-de-engenharia\/#article","isPartOf":{"@id":"https:\/\/www.institutodeengenharia.org.br\/site\/2023\/08\/16\/secretario-de-desenvolvimento-urbano-e-habitacao-visita-o-instituto-de-engenharia\/"},"author":{"name":"Isabel","@id":"https:\/\/www.institutodeengenharia.org.br\/site\/#\/schema\/person\/593dc356630173a4877a635d3e5fd76b"},"headline":"Secret\u00e1rio de Desenvolvimento Urbano e Habita\u00e7\u00e3o visita o Instituto de Engenharia","datePublished":"2023-08-16T13:14:30+00:00","dateModified":"2023-08-16T13:38:44+00:00","mainEntityOfPage":{"@id":"https:\/\/www.institutodeengenharia.org.br\/site\/2023\/08\/16\/secretario-de-desenvolvimento-urbano-e-habitacao-visita-o-instituto-de-engenharia\/"},"wordCount":423,"commentCount":0,"publisher":{"@id":"https:\/\/www.institutodeengenharia.org.br\/site\/#organization"},"image":{"@id":"https:\/\/www.institutodeengenharia.org.br\/site\/2023\/08\/16\/secretario-de-desenvolvimento-urbano-e-habitacao-visita-o-instituto-de-engenharia\/#primaryimage"},"thumbnailUrl":"https:\/\/www.institutodeengenharia.org.br\/site\/wp-content\/uploads\/2023\/08\/WhatsApp-Image-2023-08-16-at-01.41.18.jpeg","articleSection":["Instituto de Engenharia","Not\u00edcias"],"inLanguage":"pt-BR","potentialAction":[{"@type":"CommentAction","name":"Comment","target":["https:\/\/www.institutodeengenharia.org.br\/site\/2023\/08\/16\/secretario-de-desenvolvimento-urbano-e-habitacao-visita-o-instituto-de-engenharia\/#respond"]}]},{"@type":"WebPage","@id":"https:\/\/www.institutodeengenharia.org.br\/site\/2023\/08\/16\/secretario-de-desenvolvimento-urbano-e-habitacao-visita-o-instituto-de-engenharia\/","url":"https:\/\/www.institutodeengenharia.org.br\/site\/2023\/08\/16\/secretario-de-desenvolvimento-urbano-e-habitacao-visita-o-instituto-de-engenharia\/","name":"Secret\u00e1rio de Desenvolvimento Urbano e Habita\u00e7\u00e3o visita o Instituto de Engenharia - Instituto de Engenharia","isPartOf":{"@id":"https:\/\/www.institutodeengenharia.org.br\/site\/#website"},"primaryImageOfPage":{"@id":"https:\/\/www.institutodeengenharia.org.br\/site\/2023\/08\/16\/secretario-de-desenvolvimento-urbano-e-habitacao-visita-o-instituto-de-engenharia\/#primaryimage"},"image":{"@id":"https:\/\/www.institutodeengenharia.org.br\/site\/2023\/08\/16\/secretario-de-desenvolvimento-urbano-e-habitacao-visita-o-instituto-de-engenharia\/#primaryimage"},"thumbnailUrl":"https:\/\/www.institutodeengenharia.org.br\/site\/wp-content\/uploads\/2023\/08\/WhatsApp-Image-2023-08-16-at-01.41.18.jpeg","datePublished":"2023-08-16T13:14:30+00:00","dateModified":"2023-08-16T13:38:44+00:00","breadcrumb":{"@id":"https:\/\/www.institutodeengenharia.org.br\/site\/2023\/08\/16\/secretario-de-desenvolvimento-urbano-e-habitacao-visita-o-instituto-de-engenharia\/#breadcrumb"},"inLanguage":"pt-BR","potentialAction":[{"@type":"ReadAction","target":["https:\/\/www.institutodeengenharia.org.br\/site\/2023\/08\/16\/secretario-de-desenvolvimento-urbano-e-habitacao-visita-o-instituto-de-engenharia\/"]}]},{"@type":"ImageObject","inLanguage":"pt-BR","@id":"https:\/\/www.institutodeengenharia.org.br\/site\/2023\/08\/16\/secretario-de-desenvolvimento-urbano-e-habitacao-visita-o-instituto-de-engenharia\/#primaryimage","url":"https:\/\/www.institutodeengenharia.org.br\/site\/wp-content\/uploads\/2023\/08\/WhatsApp-Image-2023-08-16-at-01.41.18.jpeg","contentUrl":"https:\/\/www.institutodeengenharia.org.br\/site\/wp-content\/uploads\/2023\/08\/WhatsApp-Image-2023-08-16-at-01.41.18.jpeg","width":1600,"height":743,"caption":"Marcelo Branco (3\u00ba \u00e0 dir.), com a diretoria e membros do IE"},{"@type":"BreadcrumbList","@id":"https:\/\/www.institutodeengenharia.org.br\/site\/2023\/08\/16\/secretario-de-desenvolvimento-urbano-e-habitacao-visita-o-instituto-de-engenharia\/#breadcrumb","itemListElement":[{"@type":"ListItem","position":1,"name":"In\u00edcio","item":"https:\/\/www.institutodeengenharia.org.br\/site\/"},{"@type":"ListItem","position":2,"name":"Secret\u00e1rio de Desenvolvimento Urbano e Habita\u00e7\u00e3o visita o Instituto de Engenharia"}]},{"@type":"WebSite","@id":"https:\/\/www.institutodeengenharia.org.br\/site\/#website","url":"https:\/\/www.institutodeengenharia.org.br\/site\/","name":"Instituto de Engenharia","description":"O Instituto de Engenharia promove a Engenharia em benef\u00edcio do desenvolvimento e da qualidade de vida da sociedade.","publisher":{"@id":"https:\/\/www.institutodeengenharia.org.br\/site\/#organization"},"potentialAction":[{"@type":"SearchAction","target":{"@type":"EntryPoint","urlTemplate":"https:\/\/www.institutodeengenharia.org.br\/site\/?s={search_term_string}"},"query-input":{"@type":"PropertyValueSpecification","valueRequired":true,"valueName":"search_term_string"}}],"inLanguage":"pt-BR"},{"@type":"Organization","@id":"https:\/\/www.institutodeengenharia.org.br\/site\/#organization","name":"Instituto de Engenharia","url":"https:\/\/www.institutodeengenharia.org.br\/site\/","logo":{"@type":"ImageObject","inLanguage":"pt-BR","@id":"https:\/\/www.institutodeengenharia.org.br\/site\/#\/schema\/logo\/image\/","url":"https:\/\/www.institutodeengenharia.org.br\/site\/wp-content\/uploads\/2019\/03\/logo-novo-IE2018-1.jpg","contentUrl":"https:\/\/www.institutodeengenharia.org.br\/site\/wp-content\/uploads\/2019\/03\/logo-novo-IE2018-1.jpg","width":1486,"height":1879,"caption":"Instituto de Engenharia"},"image":{"@id":"https:\/\/www.institutodeengenharia.org.br\/site\/#\/schema\/logo\/image\/"},"sameAs":["https:\/\/www.facebook.com\/institutodeengenharia","https:\/\/x.com\/iengenharia","https:\/\/www.instagram.com\/institutodeengenharia\/","https:\/\/www.linkedin.com\/company\/instituto-de-engenharia\/","https:\/\/www.youtube.com\/channel\/UCXiCAlsSMe977vamW915HxA"]},{"@type":"Person","@id":"https:\/\/www.institutodeengenharia.org.br\/site\/#\/schema\/person\/593dc356630173a4877a635d3e5fd76b","name":"Isabel","image":{"@type":"ImageObject","inLanguage":"pt-BR","@id":"https:\/\/secure.gravatar.com\/avatar\/f3c521db63ec9db17894f10a88c6a3cf95b2281d7f80eeb3cf3ef1cb091576e7?s=96&d=mm&r=g","url":"https:\/\/secure.gravatar.com\/avatar\/f3c521db63ec9db17894f10a88c6a3cf95b2281d7f80eeb3cf3ef1cb091576e7?s=96&d=mm&r=g","contentUrl":"https:\/\/secure.gravatar.com\/avatar\/f3c521db63ec9db17894f10a88c6a3cf95b2281d7f80eeb3cf3ef1cb091576e7?s=96&d=mm&r=g","caption":"Isabel"},"url":"https:\/\/www.institutodeengenharia.org.br\/site\/author\/comunicacao2\/"}]}},"_links":{"self":[{"href":"https:\/\/www.institutodeengenharia.org.br\/site\/wp-json\/wp\/v2\/posts\/110862","targetHints":{"allow":["GET"]}}],"collection":[{"href":"https:\/\/www.institutodeengenharia.org.br\/site\/wp-json\/wp\/v2\/posts"}],"about":[{"href":"https:\/\/www.institutodeengenharia.org.br\/site\/wp-json\/wp\/v2\/types\/post"}],"author":[{"embeddable":true,"href":"https:\/\/www.institutodeengenharia.org.br\/site\/wp-json\/wp\/v2\/users\/14"}],"replies":[{"embeddable":true,"href":"https:\/\/www.institutodeengenharia.org.br\/site\/wp-json\/wp\/v2\/comments?post=110862"}],"version-history":[{"count":2,"href":"https:\/\/www.institutodeengenharia.org.br\/site\/wp-json\/wp\/v2\/posts\/110862\/revisions"}],"predecessor-version":[{"id":110868,"href":"https:\/\/www.institutodeengenharia.org.br\/site\/wp-json\/wp\/v2\/posts\/110862\/revisions\/110868"}],"wp:featuredmedia":[{"embeddable":true,"href":"https:\/\/www.institutodeengenharia.org.br\/site\/wp-json\/wp\/v2\/media\/110863"}],"wp:attachment":[{"href":"https:\/\/www.institutodeengenharia.org.br\/site\/wp-json\/wp\/v2\/media?parent=110862"}],"wp:term":[{"taxonomy":"category","embeddable":true,"href":"https:\/\/www.institutodeengenharia.org.br\/site\/wp-json\/wp\/v2\/categories?post=110862"},{"taxonomy":"post_tag","embeddable":true,"href":"https:\/\/www.institutodeengenharia.org.br\/site\/wp-json\/wp\/v2\/tags?post=110862"}],"curies":[{"name":"wp","href":"https:\/\/api.w.org\/{rel}","templated":true}]}}