{"id":110300,"date":"2023-08-07T10:59:26","date_gmt":"2023-08-07T13:59:26","guid":{"rendered":"https:\/\/www.institutodeengenharia.org.br\/site\/?p=110300"},"modified":"2023-08-07T10:59:26","modified_gmt":"2023-08-07T13:59:26","slug":"usinas-fotovoltaicas-parque-solar-fazenda-solar","status":"publish","type":"post","link":"https:\/\/www.institutodeengenharia.org.br\/site\/2023\/08\/07\/usinas-fotovoltaicas-parque-solar-fazenda-solar\/","title":{"rendered":"Usinas fotovoltaicas \/ Parque solar \/ Fazenda solar"},"content":{"rendered":"<div><strong>Assista abaixo \u00e0 grava\u00e7\u00e3o do evento:<\/strong><\/div>\n<div><\/div>\n<div style=\"padding: 56.25% 0 0 0; position: relative;\"><iframe style=\"position: absolute; top: 0; left: 0; width: 100%; height: 100%;\" title=\"Usinas Fotovoltaicas \/ Parque Solar \/ Fazenda Solar\" src=\"https:\/\/player.vimeo.com\/video\/852314679?badge=0&amp;autopause=0&amp;player_id=0&amp;app_id=58479\" frameborder=\"0\"><\/iframe><\/div>\n<p>&nbsp;<\/p>\n<p><strong>+ Informa\u00e7\u00f5es:<\/strong><\/p>\n<p>A energia solar no Brasil vem crescendo exponencialmente a cada ano, ajudando a diversificar a matriz el\u00e9trica do Pa\u00eds. Hoje, a energia solar est\u00e1 atr\u00e1s apenas da energia gerada por fonte h\u00eddrica, superando outras fontes de energia, como e\u00f3lica e g\u00e1s natural. Estima-se que no ano de 2023, ser\u00e3o gerados mais de 300 mil empregos e aproximadamente R$ 50 bilh\u00f5es de novos investimentos.<\/p>\n<p>Mais de 50% dos sistemas instalados s\u00e3o residenciais, ou seja, no telhado das casas, entretanto o n\u00famero de usinas solares remotas, com grande capacidade de produ\u00e7\u00e3o, vem crescendo, para atendimento de um n\u00famero maior de consumidores, que por algum motivo, n\u00e3o poderiam instalar no seu espa\u00e7o. Podemos classificar essas usinas em dois segmentos, gera\u00e7\u00e3o centralizada e gera\u00e7\u00e3o distribu\u00edda remota (autoconsumo e compartilhada). Para a constru\u00e7\u00e3o e montagem dessas usinas, s\u00e3o necess\u00e1rios fornecedores de m\u00e1quinas, equipamentos e servi\u00e7os e um grande n\u00famero de m\u00e3o de obra qualificada, engenheiros, t\u00e9cnicos, tecn\u00f3logos, montadores, eletricistas, pedreiros, serventes, ajudantes, dentre outros. Os principais equipamentos, s\u00e3o importados, como os m\u00f3dulos, inversores e estrutura dos m\u00f3dulos (tracker), entretanto os demais equipamentos e materiais, podem ser adquiridos no pa\u00eds. Dependendo do tamanho das Usinas, o prazo de execu\u00e7\u00e3o poder\u00e1 ser de 4 a 24 meses de execu\u00e7\u00e3o, tendo como padr\u00e3o, para usina de gera\u00e7\u00e3o distribu\u00edda, 4 meses e para usinas centralizadas, 24 meses.<\/p>\n<p>Portanto, nessa palestra falaremos sobre o setor, desafios e oportunidades de melhoria na implanta\u00e7\u00e3o desses projetos. As etapas de execu\u00e7\u00e3o de um projeto de gera\u00e7\u00e3o distribu\u00edda, os desafios fundi\u00e1rios, elabora\u00e7\u00e3o de projetos executivo, desenvolvimento de fornecedores locais, recrutamento de m\u00e3o obra especializada e conex\u00e3o na rede da distribuidora.<\/p>\n<p><strong>P\u00fablico-alvo:<\/strong><\/p>\n<p>Engenheiros, arquitetos e estudantes.<\/p>\n<p><strong>Realiza\u00e7\u00e3o:<\/strong><\/p>\n<p><img loading=\"lazy\" decoding=\"async\" class=\"alignnone wp-image-81229 alignleft\" src=\"https:\/\/www.institutodeengenharia.org.br\/site\/wp-content\/uploads\/2021\/05\/ie-logo-escudo.jpeg\" alt=\"\" width=\"94\" height=\"119\" srcset=\"https:\/\/www.institutodeengenharia.org.br\/site\/wp-content\/uploads\/2021\/05\/ie-logo-escudo.jpeg 1012w, https:\/\/www.institutodeengenharia.org.br\/site\/wp-content\/uploads\/2021\/05\/ie-logo-escudo-237x300.jpeg 237w, https:\/\/www.institutodeengenharia.org.br\/site\/wp-content\/uploads\/2021\/05\/ie-logo-escudo-810x1024.jpeg 810w, https:\/\/www.institutodeengenharia.org.br\/site\/wp-content\/uploads\/2021\/05\/ie-logo-escudo-768x971.jpeg 768w, https:\/\/www.institutodeengenharia.org.br\/site\/wp-content\/uploads\/2021\/05\/ie-logo-escudo-696x880.jpeg 696w, https:\/\/www.institutodeengenharia.org.br\/site\/wp-content\/uploads\/2021\/05\/ie-logo-escudo-332x420.jpeg 332w, https:\/\/www.institutodeengenharia.org.br\/site\/wp-content\/uploads\/2021\/05\/ie-logo-escudo-600x759.jpeg 600w\" sizes=\"auto, (max-width: 94px) 100vw, 94px\" \/><\/p>\n<p><strong>Eng. Ivan Metran Whately<\/strong> \u2013 Vice-Presidente de Atividades T\u00e9cnicas<\/p>\n<p><strong>Eng. Al\u00e9ssio Bento Borelli<\/strong> \u2013 Diretor do Departamento de Desenvolvimento de Tecnologia, Ind\u00fastria, Energia e Telecomunica\u00e7\u00f5es<\/p>\n<p><strong>Eng.\u00aa Aurea L. Vendramin Georgi<\/strong> \u2013 Vice-Diretora do Departamento de Desenvolvimento de Tecnologia, Ind\u00fastria, Energia e Telecomunica\u00e7\u00f5es; Coordenadora da Divis\u00e3o T\u00e9cnica de Intelig\u00eancia Artificial, Controle e Automa\u00e7\u00e3o<\/p>\n<p><strong>COMET<\/strong> &#8211; Comit\u00ea das Mulheres na Engenharia e Tecnologia<\/p>\n<p><strong>Apoio Institucional:<\/strong><\/p>\n<p><img loading=\"lazy\" decoding=\"async\" class=\"alignnone wp-image-77696\" src=\"https:\/\/www.institutodeengenharia.org.br\/site\/wp-content\/uploads\/2021\/02\/crea.jpg\" alt=\"\" width=\"166\" height=\"117\" srcset=\"https:\/\/www.institutodeengenharia.org.br\/site\/wp-content\/uploads\/2021\/02\/crea.jpg 448w, https:\/\/www.institutodeengenharia.org.br\/site\/wp-content\/uploads\/2021\/02\/crea-300x211.jpg 300w, https:\/\/www.institutodeengenharia.org.br\/site\/wp-content\/uploads\/2021\/02\/crea-100x70.jpg 100w\" sizes=\"auto, (max-width: 166px) 100vw, 166px\" \/><\/p>\n<p><strong>Apoio \u00e0 forma\u00e7\u00e3o:\u00a0<\/strong><\/p>\n<p>Espa\u00e7o aberto ao CREA-SP, objetivando o aperfei\u00e7oamento dos profissionais e o aprimoramento da fiscaliza\u00e7\u00e3o das \u00e1reas abrangidas pelo Sistema Confea\/CREAs, al\u00e9m de promover a conscientiza\u00e7\u00e3o da sociedade quanto \u00e0 necessidade e obrigatoriedade de contratar um profissional devidamente habilitado.<\/p>\n","protected":false},"excerpt":{"rendered":"<p>Assista abaixo \u00e0 grava\u00e7\u00e3o do evento: &nbsp; + Informa\u00e7\u00f5es: A energia solar no Brasil vem crescendo exponencialmente a cada ano, ajudando a diversificar a matriz el\u00e9trica do Pa\u00eds. Hoje, a energia solar est\u00e1 atr\u00e1s apenas da energia gerada por fonte h\u00eddrica, superando outras fontes de energia, como e\u00f3lica e g\u00e1s natural. Estima-se que no ano [&hellip;]<\/p>\n","protected":false},"author":13,"featured_media":105809,"comment_status":"open","ping_status":"open","sticky":false,"template":"","format":"video","meta":{"footnotes":""},"categories":[968,969],"tags":[],"class_list":{"0":"post-110300","1":"post","2":"type-post","3":"status-publish","4":"format-video","5":"has-post-thumbnail","7":"category-nova-tv-engenharia","8":"category-palestra","9":"post_format-post-format-video"},"yoast_head":"<!-- This site is optimized with the Yoast SEO plugin v27.2 - https:\/\/yoast.com\/product\/yoast-seo-wordpress\/ -->\n<title>Usinas fotovoltaicas \/ Parque solar \/ Fazenda solar - Instituto de Engenharia<\/title>\n<meta name=\"robots\" content=\"index, follow, max-snippet:-1, max-image-preview:large, max-video-preview:-1\" \/>\n<link rel=\"canonical\" href=\"https:\/\/www.institutodeengenharia.org.br\/site\/2023\/08\/07\/usinas-fotovoltaicas-parque-solar-fazenda-solar\/\" \/>\n<meta property=\"og:locale\" content=\"pt_BR\" \/>\n<meta property=\"og:type\" content=\"article\" \/>\n<meta property=\"og:title\" content=\"Usinas fotovoltaicas \/ Parque solar \/ Fazenda solar\" \/>\n<meta property=\"og:description\" content=\"A energia solar no Brasil vem crescendo exponencialmente a cada ano, ajudando a diversificar a matriz el\u00e9trica do Pa\u00eds. Hoje, a energia solar est\u00e1 atr\u00e1s apenas da energia gerada por fonte h\u00eddrica, superando outras fontes de energia, como e\u00f3lica e g\u00e1s natural. Estima-se que no ano de 2023, ser\u00e3o gerados mais de 300 mil empregos e aproximadamente R$ 50 bilh\u00f5es de novos investimentos.\" \/>\n<meta property=\"og:url\" content=\"https:\/\/www.institutodeengenharia.org.br\/site\/2023\/08\/07\/usinas-fotovoltaicas-parque-solar-fazenda-solar\/\" \/>\n<meta property=\"og:site_name\" content=\"Instituto de Engenharia\" \/>\n<meta property=\"article:publisher\" content=\"https:\/\/www.facebook.com\/institutodeengenharia\" \/>\n<meta property=\"article:published_time\" content=\"2023-08-07T13:59:26+00:00\" \/>\n<meta property=\"og:image\" content=\"https:\/\/www.institutodeengenharia.org.br\/site\/wp-content\/uploads\/2023\/05\/solar-g3560c1dc1_1920-1.jpg\" \/>\n\t<meta property=\"og:image:width\" content=\"1920\" \/>\n\t<meta property=\"og:image:height\" content=\"1280\" \/>\n\t<meta property=\"og:image:type\" content=\"image\/jpeg\" \/>\n<meta name=\"author\" content=\"Bianca\" \/>\n<meta name=\"twitter:card\" content=\"summary_large_image\" \/>\n<meta name=\"twitter:title\" content=\"Usinas fotovoltaicas \/ Parque solar \/ Fazenda solar\" \/>\n<meta name=\"twitter:description\" content=\"A energia solar no Brasil vem crescendo exponencialmente a cada ano, ajudando a diversificar a matriz el\u00e9trica do Pa\u00eds. Hoje, a energia solar est\u00e1 atr\u00e1s apenas da energia gerada por fonte h\u00eddrica, superando outras fontes de energia, como e\u00f3lica e g\u00e1s natural. Estima-se que no ano de 2023, ser\u00e3o gerados mais de 300 mil empregos e aproximadamente R$ 50 bilh\u00f5es de novos investimentos.\" \/>\n<meta name=\"twitter:image\" content=\"https:\/\/www.institutodeengenharia.org.br\/site\/wp-content\/uploads\/2023\/05\/solar-g3560c1dc1_1920-1.jpg\" \/>\n<meta name=\"twitter:creator\" content=\"@iengenharia\" \/>\n<meta name=\"twitter:site\" content=\"@iengenharia\" \/>\n<meta name=\"twitter:label1\" content=\"Escrito por\" \/>\n\t<meta name=\"twitter:data1\" content=\"Bianca\" \/>\n\t<meta name=\"twitter:label2\" content=\"Est. tempo de leitura\" \/>\n\t<meta name=\"twitter:data2\" content=\"3 minutos\" \/>\n<script type=\"application\/ld+json\" class=\"yoast-schema-graph\">{\"@context\":\"https:\/\/schema.org\",\"@graph\":[{\"@type\":\"Article\",\"@id\":\"https:\/\/www.institutodeengenharia.org.br\/site\/2023\/08\/07\/usinas-fotovoltaicas-parque-solar-fazenda-solar\/#article\",\"isPartOf\":{\"@id\":\"https:\/\/www.institutodeengenharia.org.br\/site\/2023\/08\/07\/usinas-fotovoltaicas-parque-solar-fazenda-solar\/\"},\"author\":{\"name\":\"Bianca\",\"@id\":\"https:\/\/www.institutodeengenharia.org.br\/site\/#\/schema\/person\/aeb64951c405e100d26d30b033dd423f\"},\"headline\":\"Usinas fotovoltaicas \/ Parque solar \/ Fazenda solar\",\"datePublished\":\"2023-08-07T13:59:26+00:00\",\"mainEntityOfPage\":{\"@id\":\"https:\/\/www.institutodeengenharia.org.br\/site\/2023\/08\/07\/usinas-fotovoltaicas-parque-solar-fazenda-solar\/\"},\"wordCount\":440,\"commentCount\":0,\"publisher\":{\"@id\":\"https:\/\/www.institutodeengenharia.org.br\/site\/#organization\"},\"image\":{\"@id\":\"https:\/\/www.institutodeengenharia.org.br\/site\/2023\/08\/07\/usinas-fotovoltaicas-parque-solar-fazenda-solar\/#primaryimage\"},\"thumbnailUrl\":\"https:\/\/www.institutodeengenharia.org.br\/site\/wp-content\/uploads\/2023\/05\/solar-g3560c1dc1_1920-1.jpg\",\"articleSection\":[\"Nova TV Engenharia\",\"Palestra\"],\"inLanguage\":\"pt-BR\",\"potentialAction\":[{\"@type\":\"CommentAction\",\"name\":\"Comment\",\"target\":[\"https:\/\/www.institutodeengenharia.org.br\/site\/2023\/08\/07\/usinas-fotovoltaicas-parque-solar-fazenda-solar\/#respond\"]}]},{\"@type\":\"WebPage\",\"@id\":\"https:\/\/www.institutodeengenharia.org.br\/site\/2023\/08\/07\/usinas-fotovoltaicas-parque-solar-fazenda-solar\/\",\"url\":\"https:\/\/www.institutodeengenharia.org.br\/site\/2023\/08\/07\/usinas-fotovoltaicas-parque-solar-fazenda-solar\/\",\"name\":\"Usinas fotovoltaicas \/ Parque solar \/ Fazenda solar - Instituto de Engenharia\",\"isPartOf\":{\"@id\":\"https:\/\/www.institutodeengenharia.org.br\/site\/#website\"},\"primaryImageOfPage\":{\"@id\":\"https:\/\/www.institutodeengenharia.org.br\/site\/2023\/08\/07\/usinas-fotovoltaicas-parque-solar-fazenda-solar\/#primaryimage\"},\"image\":{\"@id\":\"https:\/\/www.institutodeengenharia.org.br\/site\/2023\/08\/07\/usinas-fotovoltaicas-parque-solar-fazenda-solar\/#primaryimage\"},\"thumbnailUrl\":\"https:\/\/www.institutodeengenharia.org.br\/site\/wp-content\/uploads\/2023\/05\/solar-g3560c1dc1_1920-1.jpg\",\"datePublished\":\"2023-08-07T13:59:26+00:00\",\"breadcrumb\":{\"@id\":\"https:\/\/www.institutodeengenharia.org.br\/site\/2023\/08\/07\/usinas-fotovoltaicas-parque-solar-fazenda-solar\/#breadcrumb\"},\"inLanguage\":\"pt-BR\",\"potentialAction\":[{\"@type\":\"ReadAction\",\"target\":[\"https:\/\/www.institutodeengenharia.org.br\/site\/2023\/08\/07\/usinas-fotovoltaicas-parque-solar-fazenda-solar\/\"]}]},{\"@type\":\"ImageObject\",\"inLanguage\":\"pt-BR\",\"@id\":\"https:\/\/www.institutodeengenharia.org.br\/site\/2023\/08\/07\/usinas-fotovoltaicas-parque-solar-fazenda-solar\/#primaryimage\",\"url\":\"https:\/\/www.institutodeengenharia.org.br\/site\/wp-content\/uploads\/2023\/05\/solar-g3560c1dc1_1920-1.jpg\",\"contentUrl\":\"https:\/\/www.institutodeengenharia.org.br\/site\/wp-content\/uploads\/2023\/05\/solar-g3560c1dc1_1920-1.jpg\",\"width\":1920,\"height\":1280},{\"@type\":\"BreadcrumbList\",\"@id\":\"https:\/\/www.institutodeengenharia.org.br\/site\/2023\/08\/07\/usinas-fotovoltaicas-parque-solar-fazenda-solar\/#breadcrumb\",\"itemListElement\":[{\"@type\":\"ListItem\",\"position\":1,\"name\":\"In\u00edcio\",\"item\":\"https:\/\/www.institutodeengenharia.org.br\/site\/\"},{\"@type\":\"ListItem\",\"position\":2,\"name\":\"Usinas fotovoltaicas \/ Parque solar \/ Fazenda solar\"}]},{\"@type\":\"WebSite\",\"@id\":\"https:\/\/www.institutodeengenharia.org.br\/site\/#website\",\"url\":\"https:\/\/www.institutodeengenharia.org.br\/site\/\",\"name\":\"Instituto de Engenharia\",\"description\":\"O Instituto de Engenharia promove a Engenharia em benef\u00edcio do desenvolvimento e da qualidade de vida da sociedade.\",\"publisher\":{\"@id\":\"https:\/\/www.institutodeengenharia.org.br\/site\/#organization\"},\"potentialAction\":[{\"@type\":\"SearchAction\",\"target\":{\"@type\":\"EntryPoint\",\"urlTemplate\":\"https:\/\/www.institutodeengenharia.org.br\/site\/?s={search_term_string}\"},\"query-input\":{\"@type\":\"PropertyValueSpecification\",\"valueRequired\":true,\"valueName\":\"search_term_string\"}}],\"inLanguage\":\"pt-BR\"},{\"@type\":\"Organization\",\"@id\":\"https:\/\/www.institutodeengenharia.org.br\/site\/#organization\",\"name\":\"Instituto de Engenharia\",\"url\":\"https:\/\/www.institutodeengenharia.org.br\/site\/\",\"logo\":{\"@type\":\"ImageObject\",\"inLanguage\":\"pt-BR\",\"@id\":\"https:\/\/www.institutodeengenharia.org.br\/site\/#\/schema\/logo\/image\/\",\"url\":\"https:\/\/www.institutodeengenharia.org.br\/site\/wp-content\/uploads\/2019\/03\/logo-novo-IE2018-1.jpg\",\"contentUrl\":\"https:\/\/www.institutodeengenharia.org.br\/site\/wp-content\/uploads\/2019\/03\/logo-novo-IE2018-1.jpg\",\"width\":1486,\"height\":1879,\"caption\":\"Instituto de Engenharia\"},\"image\":{\"@id\":\"https:\/\/www.institutodeengenharia.org.br\/site\/#\/schema\/logo\/image\/\"},\"sameAs\":[\"https:\/\/www.facebook.com\/institutodeengenharia\",\"https:\/\/x.com\/iengenharia\",\"https:\/\/www.instagram.com\/institutodeengenharia\/\",\"https:\/\/www.linkedin.com\/company\/instituto-de-engenharia\/\",\"https:\/\/www.youtube.com\/channel\/UCXiCAlsSMe977vamW915HxA\"]},{\"@type\":\"Person\",\"@id\":\"https:\/\/www.institutodeengenharia.org.br\/site\/#\/schema\/person\/aeb64951c405e100d26d30b033dd423f\",\"name\":\"Bianca\",\"image\":{\"@type\":\"ImageObject\",\"inLanguage\":\"pt-BR\",\"@id\":\"https:\/\/secure.gravatar.com\/avatar\/a6fbe9bff57405baf4c1e2c5c1811e072b558253974a9f9508f4678900c97c2a?s=96&d=mm&r=g\",\"url\":\"https:\/\/secure.gravatar.com\/avatar\/a6fbe9bff57405baf4c1e2c5c1811e072b558253974a9f9508f4678900c97c2a?s=96&d=mm&r=g\",\"contentUrl\":\"https:\/\/secure.gravatar.com\/avatar\/a6fbe9bff57405baf4c1e2c5c1811e072b558253974a9f9508f4678900c97c2a?s=96&d=mm&r=g\",\"caption\":\"Bianca\"},\"url\":\"https:\/\/www.institutodeengenharia.org.br\/site\/author\/comunicacao1\/\"}]}<\/script>\n<!-- \/ Yoast SEO plugin. -->","yoast_head_json":{"title":"Usinas fotovoltaicas \/ Parque solar \/ Fazenda solar - Instituto de Engenharia","robots":{"index":"index","follow":"follow","max-snippet":"max-snippet:-1","max-image-preview":"max-image-preview:large","max-video-preview":"max-video-preview:-1"},"canonical":"https:\/\/www.institutodeengenharia.org.br\/site\/2023\/08\/07\/usinas-fotovoltaicas-parque-solar-fazenda-solar\/","og_locale":"pt_BR","og_type":"article","og_title":"Usinas fotovoltaicas \/ Parque solar \/ Fazenda solar","og_description":"A energia solar no Brasil vem crescendo exponencialmente a cada ano, ajudando a diversificar a matriz el\u00e9trica do Pa\u00eds. Hoje, a energia solar est\u00e1 atr\u00e1s apenas da energia gerada por fonte h\u00eddrica, superando outras fontes de energia, como e\u00f3lica e g\u00e1s natural. Estima-se que no ano de 2023, ser\u00e3o gerados mais de 300 mil empregos e aproximadamente R$ 50 bilh\u00f5es de novos investimentos.","og_url":"https:\/\/www.institutodeengenharia.org.br\/site\/2023\/08\/07\/usinas-fotovoltaicas-parque-solar-fazenda-solar\/","og_site_name":"Instituto de Engenharia","article_publisher":"https:\/\/www.facebook.com\/institutodeengenharia","article_published_time":"2023-08-07T13:59:26+00:00","og_image":[{"width":1920,"height":1280,"url":"https:\/\/www.institutodeengenharia.org.br\/site\/wp-content\/uploads\/2023\/05\/solar-g3560c1dc1_1920-1.jpg","type":"image\/jpeg"}],"author":"Bianca","twitter_card":"summary_large_image","twitter_title":"Usinas fotovoltaicas \/ Parque solar \/ Fazenda solar","twitter_description":"A energia solar no Brasil vem crescendo exponencialmente a cada ano, ajudando a diversificar a matriz el\u00e9trica do Pa\u00eds. Hoje, a energia solar est\u00e1 atr\u00e1s apenas da energia gerada por fonte h\u00eddrica, superando outras fontes de energia, como e\u00f3lica e g\u00e1s natural. Estima-se que no ano de 2023, ser\u00e3o gerados mais de 300 mil empregos e aproximadamente R$ 50 bilh\u00f5es de novos investimentos.","twitter_image":"https:\/\/www.institutodeengenharia.org.br\/site\/wp-content\/uploads\/2023\/05\/solar-g3560c1dc1_1920-1.jpg","twitter_creator":"@iengenharia","twitter_site":"@iengenharia","twitter_misc":{"Escrito por":"Bianca","Est. tempo de leitura":"3 minutos"},"schema":{"@context":"https:\/\/schema.org","@graph":[{"@type":"Article","@id":"https:\/\/www.institutodeengenharia.org.br\/site\/2023\/08\/07\/usinas-fotovoltaicas-parque-solar-fazenda-solar\/#article","isPartOf":{"@id":"https:\/\/www.institutodeengenharia.org.br\/site\/2023\/08\/07\/usinas-fotovoltaicas-parque-solar-fazenda-solar\/"},"author":{"name":"Bianca","@id":"https:\/\/www.institutodeengenharia.org.br\/site\/#\/schema\/person\/aeb64951c405e100d26d30b033dd423f"},"headline":"Usinas fotovoltaicas \/ Parque solar \/ Fazenda solar","datePublished":"2023-08-07T13:59:26+00:00","mainEntityOfPage":{"@id":"https:\/\/www.institutodeengenharia.org.br\/site\/2023\/08\/07\/usinas-fotovoltaicas-parque-solar-fazenda-solar\/"},"wordCount":440,"commentCount":0,"publisher":{"@id":"https:\/\/www.institutodeengenharia.org.br\/site\/#organization"},"image":{"@id":"https:\/\/www.institutodeengenharia.org.br\/site\/2023\/08\/07\/usinas-fotovoltaicas-parque-solar-fazenda-solar\/#primaryimage"},"thumbnailUrl":"https:\/\/www.institutodeengenharia.org.br\/site\/wp-content\/uploads\/2023\/05\/solar-g3560c1dc1_1920-1.jpg","articleSection":["Nova TV Engenharia","Palestra"],"inLanguage":"pt-BR","potentialAction":[{"@type":"CommentAction","name":"Comment","target":["https:\/\/www.institutodeengenharia.org.br\/site\/2023\/08\/07\/usinas-fotovoltaicas-parque-solar-fazenda-solar\/#respond"]}]},{"@type":"WebPage","@id":"https:\/\/www.institutodeengenharia.org.br\/site\/2023\/08\/07\/usinas-fotovoltaicas-parque-solar-fazenda-solar\/","url":"https:\/\/www.institutodeengenharia.org.br\/site\/2023\/08\/07\/usinas-fotovoltaicas-parque-solar-fazenda-solar\/","name":"Usinas fotovoltaicas \/ Parque solar \/ Fazenda solar - Instituto de Engenharia","isPartOf":{"@id":"https:\/\/www.institutodeengenharia.org.br\/site\/#website"},"primaryImageOfPage":{"@id":"https:\/\/www.institutodeengenharia.org.br\/site\/2023\/08\/07\/usinas-fotovoltaicas-parque-solar-fazenda-solar\/#primaryimage"},"image":{"@id":"https:\/\/www.institutodeengenharia.org.br\/site\/2023\/08\/07\/usinas-fotovoltaicas-parque-solar-fazenda-solar\/#primaryimage"},"thumbnailUrl":"https:\/\/www.institutodeengenharia.org.br\/site\/wp-content\/uploads\/2023\/05\/solar-g3560c1dc1_1920-1.jpg","datePublished":"2023-08-07T13:59:26+00:00","breadcrumb":{"@id":"https:\/\/www.institutodeengenharia.org.br\/site\/2023\/08\/07\/usinas-fotovoltaicas-parque-solar-fazenda-solar\/#breadcrumb"},"inLanguage":"pt-BR","potentialAction":[{"@type":"ReadAction","target":["https:\/\/www.institutodeengenharia.org.br\/site\/2023\/08\/07\/usinas-fotovoltaicas-parque-solar-fazenda-solar\/"]}]},{"@type":"ImageObject","inLanguage":"pt-BR","@id":"https:\/\/www.institutodeengenharia.org.br\/site\/2023\/08\/07\/usinas-fotovoltaicas-parque-solar-fazenda-solar\/#primaryimage","url":"https:\/\/www.institutodeengenharia.org.br\/site\/wp-content\/uploads\/2023\/05\/solar-g3560c1dc1_1920-1.jpg","contentUrl":"https:\/\/www.institutodeengenharia.org.br\/site\/wp-content\/uploads\/2023\/05\/solar-g3560c1dc1_1920-1.jpg","width":1920,"height":1280},{"@type":"BreadcrumbList","@id":"https:\/\/www.institutodeengenharia.org.br\/site\/2023\/08\/07\/usinas-fotovoltaicas-parque-solar-fazenda-solar\/#breadcrumb","itemListElement":[{"@type":"ListItem","position":1,"name":"In\u00edcio","item":"https:\/\/www.institutodeengenharia.org.br\/site\/"},{"@type":"ListItem","position":2,"name":"Usinas fotovoltaicas \/ Parque solar \/ Fazenda solar"}]},{"@type":"WebSite","@id":"https:\/\/www.institutodeengenharia.org.br\/site\/#website","url":"https:\/\/www.institutodeengenharia.org.br\/site\/","name":"Instituto de Engenharia","description":"O Instituto de Engenharia promove a Engenharia em benef\u00edcio do desenvolvimento e da qualidade de vida da sociedade.","publisher":{"@id":"https:\/\/www.institutodeengenharia.org.br\/site\/#organization"},"potentialAction":[{"@type":"SearchAction","target":{"@type":"EntryPoint","urlTemplate":"https:\/\/www.institutodeengenharia.org.br\/site\/?s={search_term_string}"},"query-input":{"@type":"PropertyValueSpecification","valueRequired":true,"valueName":"search_term_string"}}],"inLanguage":"pt-BR"},{"@type":"Organization","@id":"https:\/\/www.institutodeengenharia.org.br\/site\/#organization","name":"Instituto de Engenharia","url":"https:\/\/www.institutodeengenharia.org.br\/site\/","logo":{"@type":"ImageObject","inLanguage":"pt-BR","@id":"https:\/\/www.institutodeengenharia.org.br\/site\/#\/schema\/logo\/image\/","url":"https:\/\/www.institutodeengenharia.org.br\/site\/wp-content\/uploads\/2019\/03\/logo-novo-IE2018-1.jpg","contentUrl":"https:\/\/www.institutodeengenharia.org.br\/site\/wp-content\/uploads\/2019\/03\/logo-novo-IE2018-1.jpg","width":1486,"height":1879,"caption":"Instituto de Engenharia"},"image":{"@id":"https:\/\/www.institutodeengenharia.org.br\/site\/#\/schema\/logo\/image\/"},"sameAs":["https:\/\/www.facebook.com\/institutodeengenharia","https:\/\/x.com\/iengenharia","https:\/\/www.instagram.com\/institutodeengenharia\/","https:\/\/www.linkedin.com\/company\/instituto-de-engenharia\/","https:\/\/www.youtube.com\/channel\/UCXiCAlsSMe977vamW915HxA"]},{"@type":"Person","@id":"https:\/\/www.institutodeengenharia.org.br\/site\/#\/schema\/person\/aeb64951c405e100d26d30b033dd423f","name":"Bianca","image":{"@type":"ImageObject","inLanguage":"pt-BR","@id":"https:\/\/secure.gravatar.com\/avatar\/a6fbe9bff57405baf4c1e2c5c1811e072b558253974a9f9508f4678900c97c2a?s=96&d=mm&r=g","url":"https:\/\/secure.gravatar.com\/avatar\/a6fbe9bff57405baf4c1e2c5c1811e072b558253974a9f9508f4678900c97c2a?s=96&d=mm&r=g","contentUrl":"https:\/\/secure.gravatar.com\/avatar\/a6fbe9bff57405baf4c1e2c5c1811e072b558253974a9f9508f4678900c97c2a?s=96&d=mm&r=g","caption":"Bianca"},"url":"https:\/\/www.institutodeengenharia.org.br\/site\/author\/comunicacao1\/"}]}},"_links":{"self":[{"href":"https:\/\/www.institutodeengenharia.org.br\/site\/wp-json\/wp\/v2\/posts\/110300","targetHints":{"allow":["GET"]}}],"collection":[{"href":"https:\/\/www.institutodeengenharia.org.br\/site\/wp-json\/wp\/v2\/posts"}],"about":[{"href":"https:\/\/www.institutodeengenharia.org.br\/site\/wp-json\/wp\/v2\/types\/post"}],"author":[{"embeddable":true,"href":"https:\/\/www.institutodeengenharia.org.br\/site\/wp-json\/wp\/v2\/users\/13"}],"replies":[{"embeddable":true,"href":"https:\/\/www.institutodeengenharia.org.br\/site\/wp-json\/wp\/v2\/comments?post=110300"}],"version-history":[{"count":1,"href":"https:\/\/www.institutodeengenharia.org.br\/site\/wp-json\/wp\/v2\/posts\/110300\/revisions"}],"predecessor-version":[{"id":110301,"href":"https:\/\/www.institutodeengenharia.org.br\/site\/wp-json\/wp\/v2\/posts\/110300\/revisions\/110301"}],"wp:featuredmedia":[{"embeddable":true,"href":"https:\/\/www.institutodeengenharia.org.br\/site\/wp-json\/wp\/v2\/media\/105809"}],"wp:attachment":[{"href":"https:\/\/www.institutodeengenharia.org.br\/site\/wp-json\/wp\/v2\/media?parent=110300"}],"wp:term":[{"taxonomy":"category","embeddable":true,"href":"https:\/\/www.institutodeengenharia.org.br\/site\/wp-json\/wp\/v2\/categories?post=110300"},{"taxonomy":"post_tag","embeddable":true,"href":"https:\/\/www.institutodeengenharia.org.br\/site\/wp-json\/wp\/v2\/tags?post=110300"}],"curies":[{"name":"wp","href":"https:\/\/api.w.org\/{rel}","templated":true}]}}