{"id":110288,"date":"2023-08-07T09:05:40","date_gmt":"2023-08-07T12:05:40","guid":{"rendered":"https:\/\/www.institutodeengenharia.org.br\/site\/?p=110288"},"modified":"2023-08-07T09:05:40","modified_gmt":"2023-08-07T12:05:40","slug":"interoperabilidade-sobre-trilhos","status":"publish","type":"post","link":"https:\/\/www.institutodeengenharia.org.br\/site\/2023\/08\/07\/interoperabilidade-sobre-trilhos\/","title":{"rendered":"Interoperabilidade sobre Trilhos"},"content":{"rendered":"<p><strong>Assista abaixo \u00e0 grava\u00e7\u00e3o do evento:\u00a0<\/strong><\/p>\n<div style=\"padding: 56.25% 0 0 0; position: relative;\"><iframe style=\"position: absolute; top: 0; left: 0; width: 100%; height: 100%;\" src=\"https:\/\/vimeo.com\/showcase\/10570500\/embed\" frameborder=\"0\" allowfullscreen=\"allowfullscreen\"><\/iframe><\/div>\n<p>&nbsp;<\/p>\n<p><strong>+ Informa\u00e7\u00f5es:\u00a0<\/strong><\/p>\n<p>Com o objetivo de promover um vetor de desenvolvimento regional e metropolitano sobre trilhos no Estado de S\u00e3o Paulo, o <strong>Instituto de Engenharia<\/strong> receber\u00e1 as principais autoridades nacionais e internacionais associadas ao tema junto ao f\u00f3rum \u201c<strong>Interoperabilidade sobre Trilhos<\/strong>\u201d &#8211; \u00a0encontro que ocorrer\u00e1 em 03 de agosto de 2023, a partir de 8h30, na sede da organiza\u00e7\u00e3o, \u00e0 Avenida Doutor Dante Pazzanese, 120, Vila Mariana, S\u00e3o Paulo.<\/p>\n<p>O contexto da interoperabilidade sobre trilhos visa proporcionar um transporte eficiente, que atraia atividades econ\u00f4micas para as cidades e aumente a produtividade e a qualidade de vida dos usu\u00e1rios, atrav\u00e9s do aprimoramento da conectividade e a redu\u00e7\u00e3o dos tempos de viagem. Um sistema de transporte eficiente trar\u00e1, como consequ\u00eancia, a redu\u00e7\u00e3o de custos e aumento da efici\u00eancia, beneficiando as cidades e seus habitantes.<\/p>\n<p>A vis\u00e3o e motiva\u00e7\u00e3o da \u201c<strong>Interoperabilidade sobre Trilhos<\/strong>\u201d visa proporcionar:<\/p>\n<p><strong>Uma rede metroferrovi\u00e1ria eficiente<\/strong><\/p>\n<ul>\n<li style=\"list-style-type: none;\">\n<ul>&#8211; um sistema multifuncional moderno, permitindo diferentes modelos de neg\u00f3cios, transporte misto (carga de alto valor agregado e passageiros), otimiza\u00e7\u00e3o dos custos operacionais, aumento de capacidade de transporte, retirada de carros e caminh\u00f5es de dentro da cidade (menos congestionamentos).<\/ul>\n<\/li>\n<li><strong>Maior qualidade de vida para a sociedade<\/strong> &#8211; equacionamento de situa\u00e7\u00f5es cada vez mais complexas e desafiadoras relacionadas \u00e0 dificuldade de deslocamento, congestionamentos, aumento da polui\u00e7\u00e3o, degrada\u00e7\u00e3o ambiental, organiza\u00e7\u00e3o territorial, tempo de deslocamento, dentre outros aspectos.<\/li>\n<li><strong>Uma mobilidade cada vez mais inteligente<\/strong> &#8211; pontualidade, redu\u00e7\u00e3o de emiss\u00f5es de gases, preserva\u00e7\u00e3o do meio ambiente, reorganiza\u00e7\u00e3o urbana e tempos de deslocamento reduzidos.<\/li>\n<\/ul>\n<p><strong>Participam da iniciativa:<\/strong><\/p>\n<p>Autoridades, especialistas e formadores de opini\u00e3o de diferentes segmentos da sociedade, nacional e internacional;<br \/>\nO Governo do Estado de S\u00e3o Paulo, como regulador, dono da infraestrutura e Poder Concedente;<br \/>\nOperadores p\u00fablicos e privados nacionais e internacionais \u2013 compartilhando os benef\u00edcios operacionais, modelos de neg\u00f3cio e de opera\u00e7\u00e3o;<br \/>\nBancos e entidades de financiamento;<br \/>\nEntidades representantes do setor;<br \/>\nFornecedores de tecnologia do sistema de Sinaliza\u00e7\u00e3o e Material Rodante,<br \/>\nEmpresas de Engenharia e Academia.<\/p>\n<h4 style=\"text-align: center;\"><strong>*Programa\u00e7\u00e3o<\/strong><\/h4>\n<p><strong>8h30 &#8211; Credenciamento e caf\u00e9 de boas-vindas<\/strong><\/p>\n<p><strong>9h &#8211; Abertura-VIS\u00c3O E DESAFIOS NO DESENVOLVIMENTO FERROVI\u00c1RIO PAULISTA<\/strong><\/p>\n<p>Jos\u00e9 Eduardo Frasc\u00e1 Poyares Jardim \u2013 Presidente do Instituto de Engenharia<br \/>\nOlavo Soares Bastos &#8211; Subsecret\u00e1rio de Parcerias do Minist\u00e9rio dos Transportes<br \/>\nAlberto Epifani &#8211; Coordenador de Planejamento e Gest\u00e3o (representando Marco Antonio Assalve &#8211; Secret\u00e1rio de Estado &#8211; Transportes Metropolitanos)<br \/>\nIgnacio Yb\u00e1\u00f1ez \u2013 Embaixador da Uni\u00e3o Europeia no Brasil<br \/>\nVicente Abate \u2013 Presidente da Associa\u00e7\u00e3o Brasileira da Ind\u00fastria Ferrovi\u00e1ria (ABIFER)<br \/>\nMassimo Giavina &#8211; Vice-presidente do SIMEFRE<\/p>\n<p><strong>9h30 &#8211; Painel 1 &#8211; INTEGRA\u00c7\u00c3O DA MALHA FERROVI\u00c1RIA E O FUTURO DAS LINHAS REGIONAIS<\/strong><\/p>\n<p>Alberto Epifani &#8211; coordenador de Planejamento e Gest\u00e3o &#8211; Governo do Estado de S\u00e3o Paulo<br \/>\nVicente Abate &#8211; presidente ABIFER (Associa\u00e7\u00e3o Brasileira da Ind\u00fastria Ferrovi\u00e1ria)<br \/>\nJean Pejo &#8211; secret\u00e1rio Geral da ALAF\/Brasil (Associa\u00e7\u00e3o Latino Americana de Ferrovias)<br \/>\nMassivo Giavina &#8211; vice-presidente SIMEFRE<\/p>\n<p>Moderador &#8211; Ivan Metran Whately &#8211; vice-presidente de Atividades T\u00e9cnicas do Instituto de Engenharia<\/p>\n<p><strong>10h30 \u2013 Intervalo<\/strong><\/p>\n<p><strong>11h \u2013 Painel 2 &#8211; EXPERI\u00caNCIAS DE REGULA\u00c7\u00c3O E OPERA\u00c7\u00c3O\u00a0<\/strong><\/p>\n<p>Jo de Bosschere &#8211; Head of the ERTMS and Telematics Applications Unit &#8211; ERA<br \/>\nMichael Schmitz &#8211; Head of Department at Eisenbahn-Bundesamt &#8211; EBA<br \/>\nChristoph Gon\u00e7alves Alpoim &#8211; Project Lead Digital S-Bahn Hamburg &#8211; DB<\/p>\n<p>Moderador- Jean Pejo &#8211; secret\u00e1rio Geral ALAF\/Brasil (Associa\u00e7\u00e3o Latino-Americana de Ferrovias)<\/p>\n<p><strong>12h30 \u2013 Almo\u00e7o<\/strong><\/p>\n<p><strong>14h \u2013 Painel 3 &#8211; INTEROPERABILIDADE E PADRONIZA\u00c7\u00c3O DO SISTEMA FERROVI\u00c1RIO<\/strong><\/p>\n<p>Valentin Lopes &#8211; Diretor de Solu\u00e7\u00f5es de Sinaliza\u00e7\u00e3o da Alstom Group<br \/>\nThomaz D&#8217;Agostini Aquino \u2013 Diretor de Desenvolvimento de Novos Neg\u00f3cios da Thales<br \/>\nPerc\u00edlio Menino \u2013 Solutions Manager |Digital &amp; Electronics &#8211; LATAM na Wabtec Corporation<br \/>\nLudwig Naundorf &#8211; Head of Main Line Digital Services da Siemens<br \/>\nNagore Etxebarria Altuna &#8211; Engenheira T\u00e9cnica da CAF Signalling<\/p>\n<p>Moderador- Vicente Abate &#8211; presidente ABIFER (Associa\u00e7\u00e3o Brasileira da Ind\u00fastria Ferrovi\u00e1ria)<\/p>\n<p>Apresenta\u00e7\u00e3o inicial &#8211; Francisco Pierrini &#8211; Diretor presidente da ViaQuatro e ViaMobilidade<\/p>\n<p><strong>16h30 &#8211; PAINEL 4 &#8211; DESAFIOS DA ENGENHARIA ESPECIALIZADA E O PAPEL DA ACADEMIA<\/strong><\/p>\n<p>Jos\u00e9 Manuel Mera \u2013 Diretor da CITEF<br \/>\nFernando Cirillo \u2013 Coordenador da P\u00f3lux Engenharia<br \/>\nGracie Cristina Machado &#8211; Diretora Sistemas da Systra Brasil<br \/>\nMarcos Camelo &#8211; Gerente Regional Am\u00e9rica do Sul da T\u00dcV Rheinland Group<br \/>\nAlexandre Rodrigues Seixas \u2013 Projetista de Transporte Urbano e Especialista em Infraestrutura da Egis Group<br \/>\nAntonio Gobbo \u2013 Head de Projetos Internacionais da GPO Group, A T.Y.Lin Company<br \/>\nLuiz Antonio Silveira Lopes &#8211; Professor do Instituto Militar de Engenharia (IME)<\/p>\n<p>Moderador &#8211; Massimo Giavina &#8211; vice-presidente SIMEFRE<\/p>\n<p><strong>18h &#8211; Conclus\u00f5es &#8211; encerramento\u00a0<\/strong><\/p>\n<h6><em>*Programa sujeito a altera\u00e7\u00e3o<\/em><\/h6>\n<p>&nbsp;<\/p>\n<p><strong>Patroc\u00ednio\u00a0<\/strong><\/p>\n<h4><strong>Ouro<\/strong><\/h4>\n<p><a style=\"text-decoration-line: underline;\" href=\"https:\/\/www.mobility.siemens.com\/br\/pt.html\"><img loading=\"lazy\" decoding=\"async\" class=\"alignnone wp-image-109770\" src=\"https:\/\/www.institutodeengenharia.org.br\/site\/wp-content\/uploads\/2023\/05\/sie-logo-petrol-rgb-300x57.jpg\" alt=\"\" width=\"273\" height=\"52\" srcset=\"https:\/\/www.institutodeengenharia.org.br\/site\/wp-content\/uploads\/2023\/05\/sie-logo-petrol-rgb-300x57.jpg 300w, https:\/\/www.institutodeengenharia.org.br\/site\/wp-content\/uploads\/2023\/05\/sie-logo-petrol-rgb-1024x194.jpg 1024w, https:\/\/www.institutodeengenharia.org.br\/site\/wp-content\/uploads\/2023\/05\/sie-logo-petrol-rgb-768x146.jpg 768w, https:\/\/www.institutodeengenharia.org.br\/site\/wp-content\/uploads\/2023\/05\/sie-logo-petrol-rgb-696x132.jpg 696w, https:\/\/www.institutodeengenharia.org.br\/site\/wp-content\/uploads\/2023\/05\/sie-logo-petrol-rgb-1068x203.jpg 1068w, https:\/\/www.institutodeengenharia.org.br\/site\/wp-content\/uploads\/2023\/05\/sie-logo-petrol-rgb-600x114.jpg 600w, https:\/\/www.institutodeengenharia.org.br\/site\/wp-content\/uploads\/2023\/05\/sie-logo-petrol-rgb.jpg 1180w\" sizes=\"auto, (max-width: 273px) 100vw, 273px\" \/><\/a><\/p>\n<h4><strong>Prata<\/strong><\/h4>\n<div><a href=\"http:\/\/www.alstom.com\"><img loading=\"lazy\" decoding=\"async\" class=\"alignnone wp-image-109968\" src=\"https:\/\/www.institutodeengenharia.org.br\/site\/wp-content\/uploads\/2023\/05\/ALSTOM_2-COLOURS_4C_QUADRI-300x83.jpg\" alt=\"\" width=\"257\" height=\"71\" srcset=\"https:\/\/www.institutodeengenharia.org.br\/site\/wp-content\/uploads\/2023\/05\/ALSTOM_2-COLOURS_4C_QUADRI-300x83.jpg 300w, https:\/\/www.institutodeengenharia.org.br\/site\/wp-content\/uploads\/2023\/05\/ALSTOM_2-COLOURS_4C_QUADRI-1024x282.jpg 1024w, https:\/\/www.institutodeengenharia.org.br\/site\/wp-content\/uploads\/2023\/05\/ALSTOM_2-COLOURS_4C_QUADRI-768x212.jpg 768w, https:\/\/www.institutodeengenharia.org.br\/site\/wp-content\/uploads\/2023\/05\/ALSTOM_2-COLOURS_4C_QUADRI-696x192.jpg 696w, https:\/\/www.institutodeengenharia.org.br\/site\/wp-content\/uploads\/2023\/05\/ALSTOM_2-COLOURS_4C_QUADRI-1068x295.jpg 1068w, https:\/\/www.institutodeengenharia.org.br\/site\/wp-content\/uploads\/2023\/05\/ALSTOM_2-COLOURS_4C_QUADRI-600x166.jpg 600w, https:\/\/www.institutodeengenharia.org.br\/site\/wp-content\/uploads\/2023\/05\/ALSTOM_2-COLOURS_4C_QUADRI.jpg 1374w\" sizes=\"auto, (max-width: 257px) 100vw, 257px\" \/><\/a><\/div>\n<p><a href=\"https:\/\/www.mobility.siemens.com\/br\/pt.html\">\u00a0\u00a0<\/a><a href=\"http:\/\/www.caf.net\"><img loading=\"lazy\" decoding=\"async\" class=\"alignnone wp-image-109817\" src=\"https:\/\/www.institutodeengenharia.org.br\/site\/wp-content\/uploads\/2023\/05\/CAF_MARCA_POSITIVO_2023-300x180.jpg\" alt=\"\" width=\"145\" height=\"87\" srcset=\"https:\/\/www.institutodeengenharia.org.br\/site\/wp-content\/uploads\/2023\/05\/CAF_MARCA_POSITIVO_2023-300x180.jpg 300w, https:\/\/www.institutodeengenharia.org.br\/site\/wp-content\/uploads\/2023\/05\/CAF_MARCA_POSITIVO_2023-1024x615.jpg 1024w, https:\/\/www.institutodeengenharia.org.br\/site\/wp-content\/uploads\/2023\/05\/CAF_MARCA_POSITIVO_2023-768x461.jpg 768w, https:\/\/www.institutodeengenharia.org.br\/site\/wp-content\/uploads\/2023\/05\/CAF_MARCA_POSITIVO_2023-696x418.jpg 696w, https:\/\/www.institutodeengenharia.org.br\/site\/wp-content\/uploads\/2023\/05\/CAF_MARCA_POSITIVO_2023-1068x641.jpg 1068w, https:\/\/www.institutodeengenharia.org.br\/site\/wp-content\/uploads\/2023\/05\/CAF_MARCA_POSITIVO_2023-700x420.jpg 700w, https:\/\/www.institutodeengenharia.org.br\/site\/wp-content\/uploads\/2023\/05\/CAF_MARCA_POSITIVO_2023-600x360.jpg 600w, https:\/\/www.institutodeengenharia.org.br\/site\/wp-content\/uploads\/2023\/05\/CAF_MARCA_POSITIVO_2023.jpg 1181w\" sizes=\"auto, (max-width: 145px) 100vw, 145px\" \/><\/a><\/p>\n<p><img loading=\"lazy\" decoding=\"async\" class=\"alignnone wp-image-110046\" src=\"https:\/\/www.institutodeengenharia.org.br\/site\/wp-content\/uploads\/2023\/05\/Thales_LOGO_CMYK-300x113.png\" alt=\"\" width=\"191\" height=\"72\" srcset=\"https:\/\/www.institutodeengenharia.org.br\/site\/wp-content\/uploads\/2023\/05\/Thales_LOGO_CMYK-300x113.png 300w, https:\/\/www.institutodeengenharia.org.br\/site\/wp-content\/uploads\/2023\/05\/Thales_LOGO_CMYK-1024x385.png 1024w, https:\/\/www.institutodeengenharia.org.br\/site\/wp-content\/uploads\/2023\/05\/Thales_LOGO_CMYK-768x289.png 768w, https:\/\/www.institutodeengenharia.org.br\/site\/wp-content\/uploads\/2023\/05\/Thales_LOGO_CMYK-696x262.png 696w, https:\/\/www.institutodeengenharia.org.br\/site\/wp-content\/uploads\/2023\/05\/Thales_LOGO_CMYK-1068x401.png 1068w, https:\/\/www.institutodeengenharia.org.br\/site\/wp-content\/uploads\/2023\/05\/Thales_LOGO_CMYK-1118x420.png 1118w, https:\/\/www.institutodeengenharia.org.br\/site\/wp-content\/uploads\/2023\/05\/Thales_LOGO_CMYK-600x226.png 600w, https:\/\/www.institutodeengenharia.org.br\/site\/wp-content\/uploads\/2023\/05\/Thales_LOGO_CMYK.png 1200w\" sizes=\"auto, (max-width: 191px) 100vw, 191px\" \/><\/p>\n<p><a href=\"https:\/\/www.wabteccorp.com\/\"><img loading=\"lazy\" decoding=\"async\" class=\"alignnone wp-image-109773\" src=\"https:\/\/www.institutodeengenharia.org.br\/site\/wp-content\/uploads\/2023\/05\/WABTEC_logo_Color_1200px_PNG-300x124.png\" alt=\"\" width=\"203\" height=\"84\" srcset=\"https:\/\/www.institutodeengenharia.org.br\/site\/wp-content\/uploads\/2023\/05\/WABTEC_logo_Color_1200px_PNG-300x124.png 300w, https:\/\/www.institutodeengenharia.org.br\/site\/wp-content\/uploads\/2023\/05\/WABTEC_logo_Color_1200px_PNG-1024x424.png 1024w, https:\/\/www.institutodeengenharia.org.br\/site\/wp-content\/uploads\/2023\/05\/WABTEC_logo_Color_1200px_PNG-768x318.png 768w, https:\/\/www.institutodeengenharia.org.br\/site\/wp-content\/uploads\/2023\/05\/WABTEC_logo_Color_1200px_PNG-696x288.png 696w, https:\/\/www.institutodeengenharia.org.br\/site\/wp-content\/uploads\/2023\/05\/WABTEC_logo_Color_1200px_PNG-1068x442.png 1068w, https:\/\/www.institutodeengenharia.org.br\/site\/wp-content\/uploads\/2023\/05\/WABTEC_logo_Color_1200px_PNG-1014x420.png 1014w, https:\/\/www.institutodeengenharia.org.br\/site\/wp-content\/uploads\/2023\/05\/WABTEC_logo_Color_1200px_PNG-600x249.png 600w, https:\/\/www.institutodeengenharia.org.br\/site\/wp-content\/uploads\/2023\/05\/WABTEC_logo_Color_1200px_PNG.png 1200w\" sizes=\"auto, (max-width: 203px) 100vw, 203px\" \/><\/a><\/p>\n<ul>\n<li style=\"list-style-type: none;\">\n<ul>\n<li style=\"list-style-type: none;\"><strong>Apoio Institucional:<\/strong><\/li>\n<li style=\"list-style-type: none;\"><img loading=\"lazy\" decoding=\"async\" class=\"alignnone wp-image-109775\" src=\"https:\/\/www.institutodeengenharia.org.br\/site\/wp-content\/uploads\/2023\/05\/MicrosoftTeams-image-291-300x300.jpg\" alt=\"\" width=\"140\" height=\"140\" srcset=\"https:\/\/www.institutodeengenharia.org.br\/site\/wp-content\/uploads\/2023\/05\/MicrosoftTeams-image-291-300x300.jpg 300w, https:\/\/www.institutodeengenharia.org.br\/site\/wp-content\/uploads\/2023\/05\/MicrosoftTeams-image-291-150x150.jpg 150w, https:\/\/www.institutodeengenharia.org.br\/site\/wp-content\/uploads\/2023\/05\/MicrosoftTeams-image-291-420x420.jpg 420w, https:\/\/www.institutodeengenharia.org.br\/site\/wp-content\/uploads\/2023\/05\/MicrosoftTeams-image-291-100x100.jpg 100w, https:\/\/www.institutodeengenharia.org.br\/site\/wp-content\/uploads\/2023\/05\/MicrosoftTeams-image-291.jpg 512w\" sizes=\"auto, (max-width: 140px) 100vw, 140px\" \/><\/li>\n<li style=\"list-style-type: none;\"><img loading=\"lazy\" decoding=\"async\" class=\"alignnone wp-image-29914\" src=\"https:\/\/www.institutodeengenharia.org.br\/site\/wp-content\/uploads\/2018\/02\/CREA-SP_vertical.jpg\" alt=\"\" width=\"120\" height=\"85\" srcset=\"https:\/\/www.institutodeengenharia.org.br\/site\/wp-content\/uploads\/2018\/02\/CREA-SP_vertical.jpg 150w, https:\/\/www.institutodeengenharia.org.br\/site\/wp-content\/uploads\/2018\/02\/CREA-SP_vertical-100x70.jpg 100w\" sizes=\"auto, (max-width: 120px) 100vw, 120px\" \/><\/li>\n<li style=\"list-style-type: none;\"><strong>Apoio \u00e0 forma\u00e7\u00e3o<\/strong><\/li>\n<li style=\"list-style-type: none;\">Espa\u00e7o aberto ao CREA-SP, objetivando o aperfei\u00e7oamento dos profissionais e o aprimoramento da fiscaliza\u00e7\u00e3o das \u00e1reas abrangidas pelo Sistema Confea\/CREAs, al\u00e9m de promover a conscientiza\u00e7\u00e3o da sociedade quanto \u00e0 necessidade e obrigatoriedade de contratar um profissional devidamente habilitado.<\/li>\n<\/ul>\n<\/li>\n<\/ul>\n","protected":false},"excerpt":{"rendered":"<p>Assista abaixo \u00e0 grava\u00e7\u00e3o do evento:\u00a0 &nbsp; + Informa\u00e7\u00f5es:\u00a0 Com o objetivo de promover um vetor de desenvolvimento regional e metropolitano sobre trilhos no Estado de S\u00e3o Paulo, o Instituto de Engenharia receber\u00e1 as principais autoridades nacionais e internacionais associadas ao tema junto ao f\u00f3rum \u201cInteroperabilidade sobre Trilhos\u201d &#8211; \u00a0encontro que ocorrer\u00e1 em 03 de [&hellip;]<\/p>\n","protected":false},"author":13,"featured_media":110165,"comment_status":"open","ping_status":"open","sticky":false,"template":"","format":"video","meta":{"footnotes":""},"categories":[968,969],"tags":[1176],"class_list":{"0":"post-110288","1":"post","2":"type-post","3":"status-publish","4":"format-video","5":"has-post-thumbnail","7":"category-nova-tv-engenharia","8":"category-palestra","9":"tag-video-home","10":"post_format-post-format-video"},"yoast_head":"<!-- This site is optimized with the Yoast SEO plugin v27.2 - https:\/\/yoast.com\/product\/yoast-seo-wordpress\/ -->\n<title>Interoperabilidade sobre Trilhos - Instituto de Engenharia<\/title>\n<meta name=\"robots\" content=\"index, follow, max-snippet:-1, max-image-preview:large, max-video-preview:-1\" \/>\n<link rel=\"canonical\" href=\"https:\/\/www.institutodeengenharia.org.br\/site\/2023\/08\/07\/interoperabilidade-sobre-trilhos\/\" \/>\n<meta property=\"og:locale\" content=\"pt_BR\" \/>\n<meta property=\"og:type\" content=\"article\" \/>\n<meta property=\"og:title\" content=\"Interoperabilidade sobre Trilhos\" \/>\n<meta property=\"og:description\" content=\"Com o objetivo de promover um vetor de desenvolvimento regional e metropolitano sobre trilhos no Estado de S\u00e3o Paulo, o Instituto de Engenharia receber\u00e1 as principais autoridades nacionais e internacionais associadas ao tema junto ao f\u00f3rum \u201cInteroperabilidade sobre Trilhos\u201d - \u00a0encontro que ocorrer\u00e1 em 03 de agosto de 2023, a partir de 8h30, na sede da organiza\u00e7\u00e3o, \u00e0 Avenida Doutor Dante Pazzanese, 120, Vila Mariana, S\u00e3o Paulo.\" \/>\n<meta property=\"og:url\" content=\"https:\/\/www.institutodeengenharia.org.br\/site\/2023\/08\/07\/interoperabilidade-sobre-trilhos\/\" \/>\n<meta property=\"og:site_name\" content=\"Instituto de Engenharia\" \/>\n<meta property=\"article:publisher\" content=\"https:\/\/www.facebook.com\/institutodeengenharia\" \/>\n<meta property=\"article:published_time\" content=\"2023-08-07T12:05:40+00:00\" \/>\n<meta property=\"og:image\" content=\"https:\/\/www.institutodeengenharia.org.br\/site\/wp-content\/uploads\/2023\/08\/MicrosoftTeams-image-4-1.jpg\" \/>\n\t<meta property=\"og:image:width\" content=\"1280\" \/>\n\t<meta property=\"og:image:height\" content=\"853\" \/>\n\t<meta property=\"og:image:type\" content=\"image\/jpeg\" \/>\n<meta name=\"author\" content=\"Bianca\" \/>\n<meta name=\"twitter:card\" content=\"summary_large_image\" \/>\n<meta name=\"twitter:title\" content=\"Interoperabilidade sobre Trilhos\" \/>\n<meta name=\"twitter:description\" content=\"Com o objetivo de promover um vetor de desenvolvimento regional e metropolitano sobre trilhos no Estado de S\u00e3o Paulo, o Instituto de Engenharia receber\u00e1 as principais autoridades nacionais e internacionais associadas ao tema junto ao f\u00f3rum \u201cInteroperabilidade sobre Trilhos\u201d - \u00a0encontro que ocorrer\u00e1 em 03 de agosto de 2023, a partir de 8h30, na sede da organiza\u00e7\u00e3o, \u00e0 Avenida Doutor Dante Pazzanese, 120, Vila Mariana, S\u00e3o Paulo.\" \/>\n<meta name=\"twitter:image\" content=\"https:\/\/www.institutodeengenharia.org.br\/site\/wp-content\/uploads\/2023\/08\/MicrosoftTeams-image-4-1.jpg\" \/>\n<meta name=\"twitter:creator\" content=\"@iengenharia\" \/>\n<meta name=\"twitter:site\" content=\"@iengenharia\" \/>\n<meta name=\"twitter:label1\" content=\"Escrito por\" \/>\n\t<meta name=\"twitter:data1\" content=\"Bianca\" \/>\n\t<meta name=\"twitter:label2\" content=\"Est. tempo de leitura\" \/>\n\t<meta name=\"twitter:data2\" content=\"6 minutos\" \/>\n<script type=\"application\/ld+json\" class=\"yoast-schema-graph\">{\"@context\":\"https:\/\/schema.org\",\"@graph\":[{\"@type\":\"Article\",\"@id\":\"https:\/\/www.institutodeengenharia.org.br\/site\/2023\/08\/07\/interoperabilidade-sobre-trilhos\/#article\",\"isPartOf\":{\"@id\":\"https:\/\/www.institutodeengenharia.org.br\/site\/2023\/08\/07\/interoperabilidade-sobre-trilhos\/\"},\"author\":{\"name\":\"Bianca\",\"@id\":\"https:\/\/www.institutodeengenharia.org.br\/site\/#\/schema\/person\/aeb64951c405e100d26d30b033dd423f\"},\"headline\":\"Interoperabilidade sobre Trilhos\",\"datePublished\":\"2023-08-07T12:05:40+00:00\",\"mainEntityOfPage\":{\"@id\":\"https:\/\/www.institutodeengenharia.org.br\/site\/2023\/08\/07\/interoperabilidade-sobre-trilhos\/\"},\"wordCount\":853,\"commentCount\":0,\"publisher\":{\"@id\":\"https:\/\/www.institutodeengenharia.org.br\/site\/#organization\"},\"image\":{\"@id\":\"https:\/\/www.institutodeengenharia.org.br\/site\/2023\/08\/07\/interoperabilidade-sobre-trilhos\/#primaryimage\"},\"thumbnailUrl\":\"https:\/\/www.institutodeengenharia.org.br\/site\/wp-content\/uploads\/2023\/08\/MicrosoftTeams-image-4-1.jpg\",\"keywords\":[\"video-home\"],\"articleSection\":[\"Nova TV Engenharia\",\"Palestra\"],\"inLanguage\":\"pt-BR\",\"potentialAction\":[{\"@type\":\"CommentAction\",\"name\":\"Comment\",\"target\":[\"https:\/\/www.institutodeengenharia.org.br\/site\/2023\/08\/07\/interoperabilidade-sobre-trilhos\/#respond\"]}]},{\"@type\":\"WebPage\",\"@id\":\"https:\/\/www.institutodeengenharia.org.br\/site\/2023\/08\/07\/interoperabilidade-sobre-trilhos\/\",\"url\":\"https:\/\/www.institutodeengenharia.org.br\/site\/2023\/08\/07\/interoperabilidade-sobre-trilhos\/\",\"name\":\"Interoperabilidade sobre Trilhos - Instituto de Engenharia\",\"isPartOf\":{\"@id\":\"https:\/\/www.institutodeengenharia.org.br\/site\/#website\"},\"primaryImageOfPage\":{\"@id\":\"https:\/\/www.institutodeengenharia.org.br\/site\/2023\/08\/07\/interoperabilidade-sobre-trilhos\/#primaryimage\"},\"image\":{\"@id\":\"https:\/\/www.institutodeengenharia.org.br\/site\/2023\/08\/07\/interoperabilidade-sobre-trilhos\/#primaryimage\"},\"thumbnailUrl\":\"https:\/\/www.institutodeengenharia.org.br\/site\/wp-content\/uploads\/2023\/08\/MicrosoftTeams-image-4-1.jpg\",\"datePublished\":\"2023-08-07T12:05:40+00:00\",\"breadcrumb\":{\"@id\":\"https:\/\/www.institutodeengenharia.org.br\/site\/2023\/08\/07\/interoperabilidade-sobre-trilhos\/#breadcrumb\"},\"inLanguage\":\"pt-BR\",\"potentialAction\":[{\"@type\":\"ReadAction\",\"target\":[\"https:\/\/www.institutodeengenharia.org.br\/site\/2023\/08\/07\/interoperabilidade-sobre-trilhos\/\"]}]},{\"@type\":\"ImageObject\",\"inLanguage\":\"pt-BR\",\"@id\":\"https:\/\/www.institutodeengenharia.org.br\/site\/2023\/08\/07\/interoperabilidade-sobre-trilhos\/#primaryimage\",\"url\":\"https:\/\/www.institutodeengenharia.org.br\/site\/wp-content\/uploads\/2023\/08\/MicrosoftTeams-image-4-1.jpg\",\"contentUrl\":\"https:\/\/www.institutodeengenharia.org.br\/site\/wp-content\/uploads\/2023\/08\/MicrosoftTeams-image-4-1.jpg\",\"width\":1280,\"height\":853},{\"@type\":\"BreadcrumbList\",\"@id\":\"https:\/\/www.institutodeengenharia.org.br\/site\/2023\/08\/07\/interoperabilidade-sobre-trilhos\/#breadcrumb\",\"itemListElement\":[{\"@type\":\"ListItem\",\"position\":1,\"name\":\"In\u00edcio\",\"item\":\"https:\/\/www.institutodeengenharia.org.br\/site\/\"},{\"@type\":\"ListItem\",\"position\":2,\"name\":\"Interoperabilidade sobre Trilhos\"}]},{\"@type\":\"WebSite\",\"@id\":\"https:\/\/www.institutodeengenharia.org.br\/site\/#website\",\"url\":\"https:\/\/www.institutodeengenharia.org.br\/site\/\",\"name\":\"Instituto de Engenharia\",\"description\":\"O Instituto de Engenharia promove a Engenharia em benef\u00edcio do desenvolvimento e da qualidade de vida da sociedade.\",\"publisher\":{\"@id\":\"https:\/\/www.institutodeengenharia.org.br\/site\/#organization\"},\"potentialAction\":[{\"@type\":\"SearchAction\",\"target\":{\"@type\":\"EntryPoint\",\"urlTemplate\":\"https:\/\/www.institutodeengenharia.org.br\/site\/?s={search_term_string}\"},\"query-input\":{\"@type\":\"PropertyValueSpecification\",\"valueRequired\":true,\"valueName\":\"search_term_string\"}}],\"inLanguage\":\"pt-BR\"},{\"@type\":\"Organization\",\"@id\":\"https:\/\/www.institutodeengenharia.org.br\/site\/#organization\",\"name\":\"Instituto de Engenharia\",\"url\":\"https:\/\/www.institutodeengenharia.org.br\/site\/\",\"logo\":{\"@type\":\"ImageObject\",\"inLanguage\":\"pt-BR\",\"@id\":\"https:\/\/www.institutodeengenharia.org.br\/site\/#\/schema\/logo\/image\/\",\"url\":\"https:\/\/www.institutodeengenharia.org.br\/site\/wp-content\/uploads\/2019\/03\/logo-novo-IE2018-1.jpg\",\"contentUrl\":\"https:\/\/www.institutodeengenharia.org.br\/site\/wp-content\/uploads\/2019\/03\/logo-novo-IE2018-1.jpg\",\"width\":1486,\"height\":1879,\"caption\":\"Instituto de Engenharia\"},\"image\":{\"@id\":\"https:\/\/www.institutodeengenharia.org.br\/site\/#\/schema\/logo\/image\/\"},\"sameAs\":[\"https:\/\/www.facebook.com\/institutodeengenharia\",\"https:\/\/x.com\/iengenharia\",\"https:\/\/www.instagram.com\/institutodeengenharia\/\",\"https:\/\/www.linkedin.com\/company\/instituto-de-engenharia\/\",\"https:\/\/www.youtube.com\/channel\/UCXiCAlsSMe977vamW915HxA\"]},{\"@type\":\"Person\",\"@id\":\"https:\/\/www.institutodeengenharia.org.br\/site\/#\/schema\/person\/aeb64951c405e100d26d30b033dd423f\",\"name\":\"Bianca\",\"image\":{\"@type\":\"ImageObject\",\"inLanguage\":\"pt-BR\",\"@id\":\"https:\/\/secure.gravatar.com\/avatar\/a6fbe9bff57405baf4c1e2c5c1811e072b558253974a9f9508f4678900c97c2a?s=96&d=mm&r=g\",\"url\":\"https:\/\/secure.gravatar.com\/avatar\/a6fbe9bff57405baf4c1e2c5c1811e072b558253974a9f9508f4678900c97c2a?s=96&d=mm&r=g\",\"contentUrl\":\"https:\/\/secure.gravatar.com\/avatar\/a6fbe9bff57405baf4c1e2c5c1811e072b558253974a9f9508f4678900c97c2a?s=96&d=mm&r=g\",\"caption\":\"Bianca\"},\"url\":\"https:\/\/www.institutodeengenharia.org.br\/site\/author\/comunicacao1\/\"}]}<\/script>\n<!-- \/ Yoast SEO plugin. -->","yoast_head_json":{"title":"Interoperabilidade sobre Trilhos - Instituto de Engenharia","robots":{"index":"index","follow":"follow","max-snippet":"max-snippet:-1","max-image-preview":"max-image-preview:large","max-video-preview":"max-video-preview:-1"},"canonical":"https:\/\/www.institutodeengenharia.org.br\/site\/2023\/08\/07\/interoperabilidade-sobre-trilhos\/","og_locale":"pt_BR","og_type":"article","og_title":"Interoperabilidade sobre Trilhos","og_description":"Com o objetivo de promover um vetor de desenvolvimento regional e metropolitano sobre trilhos no Estado de S\u00e3o Paulo, o Instituto de Engenharia receber\u00e1 as principais autoridades nacionais e internacionais associadas ao tema junto ao f\u00f3rum \u201cInteroperabilidade sobre Trilhos\u201d - \u00a0encontro que ocorrer\u00e1 em 03 de agosto de 2023, a partir de 8h30, na sede da organiza\u00e7\u00e3o, \u00e0 Avenida Doutor Dante Pazzanese, 120, Vila Mariana, S\u00e3o Paulo.","og_url":"https:\/\/www.institutodeengenharia.org.br\/site\/2023\/08\/07\/interoperabilidade-sobre-trilhos\/","og_site_name":"Instituto de Engenharia","article_publisher":"https:\/\/www.facebook.com\/institutodeengenharia","article_published_time":"2023-08-07T12:05:40+00:00","og_image":[{"width":1280,"height":853,"url":"https:\/\/www.institutodeengenharia.org.br\/site\/wp-content\/uploads\/2023\/08\/MicrosoftTeams-image-4-1.jpg","type":"image\/jpeg"}],"author":"Bianca","twitter_card":"summary_large_image","twitter_title":"Interoperabilidade sobre Trilhos","twitter_description":"Com o objetivo de promover um vetor de desenvolvimento regional e metropolitano sobre trilhos no Estado de S\u00e3o Paulo, o Instituto de Engenharia receber\u00e1 as principais autoridades nacionais e internacionais associadas ao tema junto ao f\u00f3rum \u201cInteroperabilidade sobre Trilhos\u201d - \u00a0encontro que ocorrer\u00e1 em 03 de agosto de 2023, a partir de 8h30, na sede da organiza\u00e7\u00e3o, \u00e0 Avenida Doutor Dante Pazzanese, 120, Vila Mariana, S\u00e3o Paulo.","twitter_image":"https:\/\/www.institutodeengenharia.org.br\/site\/wp-content\/uploads\/2023\/08\/MicrosoftTeams-image-4-1.jpg","twitter_creator":"@iengenharia","twitter_site":"@iengenharia","twitter_misc":{"Escrito por":"Bianca","Est. tempo de leitura":"6 minutos"},"schema":{"@context":"https:\/\/schema.org","@graph":[{"@type":"Article","@id":"https:\/\/www.institutodeengenharia.org.br\/site\/2023\/08\/07\/interoperabilidade-sobre-trilhos\/#article","isPartOf":{"@id":"https:\/\/www.institutodeengenharia.org.br\/site\/2023\/08\/07\/interoperabilidade-sobre-trilhos\/"},"author":{"name":"Bianca","@id":"https:\/\/www.institutodeengenharia.org.br\/site\/#\/schema\/person\/aeb64951c405e100d26d30b033dd423f"},"headline":"Interoperabilidade sobre Trilhos","datePublished":"2023-08-07T12:05:40+00:00","mainEntityOfPage":{"@id":"https:\/\/www.institutodeengenharia.org.br\/site\/2023\/08\/07\/interoperabilidade-sobre-trilhos\/"},"wordCount":853,"commentCount":0,"publisher":{"@id":"https:\/\/www.institutodeengenharia.org.br\/site\/#organization"},"image":{"@id":"https:\/\/www.institutodeengenharia.org.br\/site\/2023\/08\/07\/interoperabilidade-sobre-trilhos\/#primaryimage"},"thumbnailUrl":"https:\/\/www.institutodeengenharia.org.br\/site\/wp-content\/uploads\/2023\/08\/MicrosoftTeams-image-4-1.jpg","keywords":["video-home"],"articleSection":["Nova TV Engenharia","Palestra"],"inLanguage":"pt-BR","potentialAction":[{"@type":"CommentAction","name":"Comment","target":["https:\/\/www.institutodeengenharia.org.br\/site\/2023\/08\/07\/interoperabilidade-sobre-trilhos\/#respond"]}]},{"@type":"WebPage","@id":"https:\/\/www.institutodeengenharia.org.br\/site\/2023\/08\/07\/interoperabilidade-sobre-trilhos\/","url":"https:\/\/www.institutodeengenharia.org.br\/site\/2023\/08\/07\/interoperabilidade-sobre-trilhos\/","name":"Interoperabilidade sobre Trilhos - Instituto de Engenharia","isPartOf":{"@id":"https:\/\/www.institutodeengenharia.org.br\/site\/#website"},"primaryImageOfPage":{"@id":"https:\/\/www.institutodeengenharia.org.br\/site\/2023\/08\/07\/interoperabilidade-sobre-trilhos\/#primaryimage"},"image":{"@id":"https:\/\/www.institutodeengenharia.org.br\/site\/2023\/08\/07\/interoperabilidade-sobre-trilhos\/#primaryimage"},"thumbnailUrl":"https:\/\/www.institutodeengenharia.org.br\/site\/wp-content\/uploads\/2023\/08\/MicrosoftTeams-image-4-1.jpg","datePublished":"2023-08-07T12:05:40+00:00","breadcrumb":{"@id":"https:\/\/www.institutodeengenharia.org.br\/site\/2023\/08\/07\/interoperabilidade-sobre-trilhos\/#breadcrumb"},"inLanguage":"pt-BR","potentialAction":[{"@type":"ReadAction","target":["https:\/\/www.institutodeengenharia.org.br\/site\/2023\/08\/07\/interoperabilidade-sobre-trilhos\/"]}]},{"@type":"ImageObject","inLanguage":"pt-BR","@id":"https:\/\/www.institutodeengenharia.org.br\/site\/2023\/08\/07\/interoperabilidade-sobre-trilhos\/#primaryimage","url":"https:\/\/www.institutodeengenharia.org.br\/site\/wp-content\/uploads\/2023\/08\/MicrosoftTeams-image-4-1.jpg","contentUrl":"https:\/\/www.institutodeengenharia.org.br\/site\/wp-content\/uploads\/2023\/08\/MicrosoftTeams-image-4-1.jpg","width":1280,"height":853},{"@type":"BreadcrumbList","@id":"https:\/\/www.institutodeengenharia.org.br\/site\/2023\/08\/07\/interoperabilidade-sobre-trilhos\/#breadcrumb","itemListElement":[{"@type":"ListItem","position":1,"name":"In\u00edcio","item":"https:\/\/www.institutodeengenharia.org.br\/site\/"},{"@type":"ListItem","position":2,"name":"Interoperabilidade sobre Trilhos"}]},{"@type":"WebSite","@id":"https:\/\/www.institutodeengenharia.org.br\/site\/#website","url":"https:\/\/www.institutodeengenharia.org.br\/site\/","name":"Instituto de Engenharia","description":"O Instituto de Engenharia promove a Engenharia em benef\u00edcio do desenvolvimento e da qualidade de vida da sociedade.","publisher":{"@id":"https:\/\/www.institutodeengenharia.org.br\/site\/#organization"},"potentialAction":[{"@type":"SearchAction","target":{"@type":"EntryPoint","urlTemplate":"https:\/\/www.institutodeengenharia.org.br\/site\/?s={search_term_string}"},"query-input":{"@type":"PropertyValueSpecification","valueRequired":true,"valueName":"search_term_string"}}],"inLanguage":"pt-BR"},{"@type":"Organization","@id":"https:\/\/www.institutodeengenharia.org.br\/site\/#organization","name":"Instituto de Engenharia","url":"https:\/\/www.institutodeengenharia.org.br\/site\/","logo":{"@type":"ImageObject","inLanguage":"pt-BR","@id":"https:\/\/www.institutodeengenharia.org.br\/site\/#\/schema\/logo\/image\/","url":"https:\/\/www.institutodeengenharia.org.br\/site\/wp-content\/uploads\/2019\/03\/logo-novo-IE2018-1.jpg","contentUrl":"https:\/\/www.institutodeengenharia.org.br\/site\/wp-content\/uploads\/2019\/03\/logo-novo-IE2018-1.jpg","width":1486,"height":1879,"caption":"Instituto de Engenharia"},"image":{"@id":"https:\/\/www.institutodeengenharia.org.br\/site\/#\/schema\/logo\/image\/"},"sameAs":["https:\/\/www.facebook.com\/institutodeengenharia","https:\/\/x.com\/iengenharia","https:\/\/www.instagram.com\/institutodeengenharia\/","https:\/\/www.linkedin.com\/company\/instituto-de-engenharia\/","https:\/\/www.youtube.com\/channel\/UCXiCAlsSMe977vamW915HxA"]},{"@type":"Person","@id":"https:\/\/www.institutodeengenharia.org.br\/site\/#\/schema\/person\/aeb64951c405e100d26d30b033dd423f","name":"Bianca","image":{"@type":"ImageObject","inLanguage":"pt-BR","@id":"https:\/\/secure.gravatar.com\/avatar\/a6fbe9bff57405baf4c1e2c5c1811e072b558253974a9f9508f4678900c97c2a?s=96&d=mm&r=g","url":"https:\/\/secure.gravatar.com\/avatar\/a6fbe9bff57405baf4c1e2c5c1811e072b558253974a9f9508f4678900c97c2a?s=96&d=mm&r=g","contentUrl":"https:\/\/secure.gravatar.com\/avatar\/a6fbe9bff57405baf4c1e2c5c1811e072b558253974a9f9508f4678900c97c2a?s=96&d=mm&r=g","caption":"Bianca"},"url":"https:\/\/www.institutodeengenharia.org.br\/site\/author\/comunicacao1\/"}]}},"_links":{"self":[{"href":"https:\/\/www.institutodeengenharia.org.br\/site\/wp-json\/wp\/v2\/posts\/110288","targetHints":{"allow":["GET"]}}],"collection":[{"href":"https:\/\/www.institutodeengenharia.org.br\/site\/wp-json\/wp\/v2\/posts"}],"about":[{"href":"https:\/\/www.institutodeengenharia.org.br\/site\/wp-json\/wp\/v2\/types\/post"}],"author":[{"embeddable":true,"href":"https:\/\/www.institutodeengenharia.org.br\/site\/wp-json\/wp\/v2\/users\/13"}],"replies":[{"embeddable":true,"href":"https:\/\/www.institutodeengenharia.org.br\/site\/wp-json\/wp\/v2\/comments?post=110288"}],"version-history":[{"count":1,"href":"https:\/\/www.institutodeengenharia.org.br\/site\/wp-json\/wp\/v2\/posts\/110288\/revisions"}],"predecessor-version":[{"id":110289,"href":"https:\/\/www.institutodeengenharia.org.br\/site\/wp-json\/wp\/v2\/posts\/110288\/revisions\/110289"}],"wp:featuredmedia":[{"embeddable":true,"href":"https:\/\/www.institutodeengenharia.org.br\/site\/wp-json\/wp\/v2\/media\/110165"}],"wp:attachment":[{"href":"https:\/\/www.institutodeengenharia.org.br\/site\/wp-json\/wp\/v2\/media?parent=110288"}],"wp:term":[{"taxonomy":"category","embeddable":true,"href":"https:\/\/www.institutodeengenharia.org.br\/site\/wp-json\/wp\/v2\/categories?post=110288"},{"taxonomy":"post_tag","embeddable":true,"href":"https:\/\/www.institutodeengenharia.org.br\/site\/wp-json\/wp\/v2\/tags?post=110288"}],"curies":[{"name":"wp","href":"https:\/\/api.w.org\/{rel}","templated":true}]}}