{"id":110039,"date":"2023-08-02T11:31:28","date_gmt":"2023-08-02T14:31:28","guid":{"rendered":"https:\/\/www.institutodeengenharia.org.br\/site\/?p=110039"},"modified":"2023-08-02T12:04:24","modified_gmt":"2023-08-02T15:04:24","slug":"metro-de-sp-recebe-diretoria-do-ie-para-visita-tecnica-as-obras-da-linha-2","status":"publish","type":"post","link":"https:\/\/www.institutodeengenharia.org.br\/site\/2023\/08\/02\/metro-de-sp-recebe-diretoria-do-ie-para-visita-tecnica-as-obras-da-linha-2\/","title":{"rendered":"Metr\u00f4 de SP recebe diretoria do IE para visita t\u00e9cnica \u00e0s obras da Linha-2"},"content":{"rendered":"<p>O presidente do Instituto de Engenharia, Jos\u00e9 Eduardo Jardim, e membros de sua diretoria realizaram uma visita t\u00e9cnica, na segunda quinzena de julho, \u00e0s obras de expans\u00e3o da Linha 2- Verde do Metr\u00f4 de S\u00e3o Paulo, nas futuras esta\u00e7\u00f5es An\u00e1lia Franco e Santa Isabel.<\/p>\n<p>A amplia\u00e7\u00e3o da Linha 2-Verde ocorre entre a Vila Prudente e a Penha com mais 8,4 km de vias e oito novas esta\u00e7\u00f5es, cruzando a zona leste de S\u00e3o Paulo. No momento, mais de 40% das obras das esta\u00e7\u00f5es foram executadas.<\/p>\n<p><img loading=\"lazy\" decoding=\"async\" class=\"wp-image-110042 alignleft\" src=\"https:\/\/www.institutodeengenharia.org.br\/site\/wp-content\/uploads\/2023\/08\/WhatsApp-Image-2023-07-31-at-19.45.11-300x225.jpeg\" alt=\"\" width=\"432\" height=\"324\" srcset=\"https:\/\/www.institutodeengenharia.org.br\/site\/wp-content\/uploads\/2023\/08\/WhatsApp-Image-2023-07-31-at-19.45.11-300x225.jpeg 300w, https:\/\/www.institutodeengenharia.org.br\/site\/wp-content\/uploads\/2023\/08\/WhatsApp-Image-2023-07-31-at-19.45.11-1024x768.jpeg 1024w, https:\/\/www.institutodeengenharia.org.br\/site\/wp-content\/uploads\/2023\/08\/WhatsApp-Image-2023-07-31-at-19.45.11-768x576.jpeg 768w, https:\/\/www.institutodeengenharia.org.br\/site\/wp-content\/uploads\/2023\/08\/WhatsApp-Image-2023-07-31-at-19.45.11-696x522.jpeg 696w, https:\/\/www.institutodeengenharia.org.br\/site\/wp-content\/uploads\/2023\/08\/WhatsApp-Image-2023-07-31-at-19.45.11-1068x801.jpeg 1068w, https:\/\/www.institutodeengenharia.org.br\/site\/wp-content\/uploads\/2023\/08\/WhatsApp-Image-2023-07-31-at-19.45.11-560x420.jpeg 560w, https:\/\/www.institutodeengenharia.org.br\/site\/wp-content\/uploads\/2023\/08\/WhatsApp-Image-2023-07-31-at-19.45.11-80x60.jpeg 80w, https:\/\/www.institutodeengenharia.org.br\/site\/wp-content\/uploads\/2023\/08\/WhatsApp-Image-2023-07-31-at-19.45.11-265x198.jpeg 265w, https:\/\/www.institutodeengenharia.org.br\/site\/wp-content\/uploads\/2023\/08\/WhatsApp-Image-2023-07-31-at-19.45.11-600x450.jpeg 600w, https:\/\/www.institutodeengenharia.org.br\/site\/wp-content\/uploads\/2023\/08\/WhatsApp-Image-2023-07-31-at-19.45.11.jpeg 1280w\" sizes=\"auto, (max-width: 432px) 100vw, 432px\" \/>Quando pronto, o novo trecho vai agilizar o deslocamento na pr\u00f3pria zona leste e facilitar o acesso a outras regi\u00f5es da capital, al\u00e9m de redistribuir a demanda no transporte sobre trilhos e oferecer mais conforto \u00e0 popula\u00e7\u00e3o.<\/p>\n<p>Os membros do Instituto de Engenharia foram recebidos por assessores e engenheiros do Metr\u00f4 indicados pelo gerente Eduardo Maggi, respons\u00e1vel pelo empreendimento.<\/p>\n<p>Al\u00e9m de representantes da equipe de comunica\u00e7\u00e3o e de t\u00e9cnicos de Medicina e Seguran\u00e7a do Trabalho, acompanharam a diretoria do IE, a engenheira Silvia Cristina Silva e os engenheiros Iran Benedicto Cassoni Leite, Arlindo J. Giampa, Jean J. Lima e Daniel Agra.<\/p>\n<p>Durante a visita foi observada a verdadeira dimens\u00e3o da obra, hoje a maior na Am\u00e9rica Latina em lan\u00e7amento de concreto, que j\u00e1 bateu tr\u00eas recordes, e que busca a primeira certifica\u00e7\u00e3o LEED para uma esta\u00e7\u00e3o de metr\u00f4 no Brasil.<img loading=\"lazy\" decoding=\"async\" class=\" wp-image-110043 alignright\" src=\"https:\/\/www.institutodeengenharia.org.br\/site\/wp-content\/uploads\/2023\/08\/WhatsApp-Image-2023-07-31-at-19.44.15-300x225.jpeg\" alt=\"\" width=\"420\" height=\"315\" srcset=\"https:\/\/www.institutodeengenharia.org.br\/site\/wp-content\/uploads\/2023\/08\/WhatsApp-Image-2023-07-31-at-19.44.15-300x225.jpeg 300w, https:\/\/www.institutodeengenharia.org.br\/site\/wp-content\/uploads\/2023\/08\/WhatsApp-Image-2023-07-31-at-19.44.15-1024x768.jpeg 1024w, https:\/\/www.institutodeengenharia.org.br\/site\/wp-content\/uploads\/2023\/08\/WhatsApp-Image-2023-07-31-at-19.44.15-768x576.jpeg 768w, https:\/\/www.institutodeengenharia.org.br\/site\/wp-content\/uploads\/2023\/08\/WhatsApp-Image-2023-07-31-at-19.44.15-1536x1152.jpeg 1536w, https:\/\/www.institutodeengenharia.org.br\/site\/wp-content\/uploads\/2023\/08\/WhatsApp-Image-2023-07-31-at-19.44.15-696x522.jpeg 696w, https:\/\/www.institutodeengenharia.org.br\/site\/wp-content\/uploads\/2023\/08\/WhatsApp-Image-2023-07-31-at-19.44.15-1068x801.jpeg 1068w, https:\/\/www.institutodeengenharia.org.br\/site\/wp-content\/uploads\/2023\/08\/WhatsApp-Image-2023-07-31-at-19.44.15-560x420.jpeg 560w, https:\/\/www.institutodeengenharia.org.br\/site\/wp-content\/uploads\/2023\/08\/WhatsApp-Image-2023-07-31-at-19.44.15-80x60.jpeg 80w, https:\/\/www.institutodeengenharia.org.br\/site\/wp-content\/uploads\/2023\/08\/WhatsApp-Image-2023-07-31-at-19.44.15-265x198.jpeg 265w, https:\/\/www.institutodeengenharia.org.br\/site\/wp-content\/uploads\/2023\/08\/WhatsApp-Image-2023-07-31-at-19.44.15-600x450.jpeg 600w, https:\/\/www.institutodeengenharia.org.br\/site\/wp-content\/uploads\/2023\/08\/WhatsApp-Image-2023-07-31-at-19.44.15.jpeg 1600w\" sizes=\"auto, (max-width: 420px) 100vw, 420px\" \/><\/p>\n<p>At\u00e9 o final deste ano uma tuneladora com mais de 11m de di\u00e2metro \u201crasgar\u00e1\u201d o subsolo de S\u00e3o Paulo, dentre outros n\u00fameros de grandeza extraordin\u00e1rias.<\/p>\n<p>O Instituto de Engenharia agradece o convite para conhecer e observar a Engenharia de uma obra t\u00e3o importante para a cidade de S\u00e3o Paulo.<\/p>\n<p>&nbsp;<\/p>\n<p>&nbsp;<\/p>\n<p>&nbsp;<\/p>\n","protected":false},"excerpt":{"rendered":"<p>O presidente do Instituto de Engenharia, Jos\u00e9 Eduardo Jardim, e membros de sua diretoria realizaram uma visita t\u00e9cnica, na segunda quinzena de julho, \u00e0s obras de expans\u00e3o da Linha 2- Verde do Metr\u00f4 de S\u00e3o Paulo, nas futuras esta\u00e7\u00f5es An\u00e1lia Franco e Santa Isabel. A amplia\u00e7\u00e3o da Linha 2-Verde ocorre entre a Vila Prudente e [&hellip;]<\/p>\n","protected":false},"author":14,"featured_media":110040,"comment_status":"open","ping_status":"open","sticky":false,"template":"","format":"standard","meta":{"footnotes":""},"categories":[27,141],"tags":[],"class_list":{"0":"post-110039","1":"post","2":"type-post","3":"status-publish","4":"format-standard","5":"has-post-thumbnail","7":"category-instituto-de-engenharia","8":"category-noticias-menu"},"yoast_head":"<!-- This site is optimized with the Yoast SEO plugin v27.2 - https:\/\/yoast.com\/product\/yoast-seo-wordpress\/ -->\n<title>Metr\u00f4 de SP recebe diretoria do IE para visita t\u00e9cnica \u00e0s obras da Linha-2 - Instituto de Engenharia<\/title>\n<meta name=\"robots\" content=\"index, follow, max-snippet:-1, max-image-preview:large, max-video-preview:-1\" \/>\n<link rel=\"canonical\" href=\"https:\/\/www.institutodeengenharia.org.br\/site\/2023\/08\/02\/metro-de-sp-recebe-diretoria-do-ie-para-visita-tecnica-as-obras-da-linha-2\/\" \/>\n<meta property=\"og:locale\" content=\"pt_BR\" \/>\n<meta property=\"og:type\" content=\"article\" \/>\n<meta property=\"og:title\" content=\"Metr\u00f4 de SP recebe diretoria do IE para visita t\u00e9cnica \u00e0s obras da Linha-2 - Instituto de Engenharia\" \/>\n<meta property=\"og:description\" content=\"O presidente do Instituto de Engenharia, Jos\u00e9 Eduardo Jardim, e membros de sua diretoria realizaram uma visita t\u00e9cnica, na segunda quinzena de julho, \u00e0s obras de expans\u00e3o da Linha 2- Verde do Metr\u00f4 de S\u00e3o Paulo, nas futuras esta\u00e7\u00f5es An\u00e1lia Franco e Santa Isabel. A amplia\u00e7\u00e3o da Linha 2-Verde ocorre entre a Vila Prudente e [&hellip;]\" \/>\n<meta property=\"og:url\" content=\"https:\/\/www.institutodeengenharia.org.br\/site\/2023\/08\/02\/metro-de-sp-recebe-diretoria-do-ie-para-visita-tecnica-as-obras-da-linha-2\/\" \/>\n<meta property=\"og:site_name\" content=\"Instituto de Engenharia\" \/>\n<meta property=\"article:publisher\" content=\"https:\/\/www.facebook.com\/institutodeengenharia\" \/>\n<meta property=\"article:published_time\" content=\"2023-08-02T14:31:28+00:00\" \/>\n<meta property=\"article:modified_time\" content=\"2023-08-02T15:04:24+00:00\" \/>\n<meta property=\"og:image\" content=\"https:\/\/www.institutodeengenharia.org.br\/site\/wp-content\/uploads\/2023\/08\/WhatsApp-Image-2023-07-31-at-19.46.53.jpeg\" \/>\n\t<meta property=\"og:image:width\" content=\"1280\" \/>\n\t<meta property=\"og:image:height\" content=\"960\" \/>\n\t<meta property=\"og:image:type\" content=\"image\/jpeg\" \/>\n<meta name=\"author\" content=\"Isabel\" \/>\n<meta name=\"twitter:card\" content=\"summary_large_image\" \/>\n<meta name=\"twitter:creator\" content=\"@iengenharia\" \/>\n<meta name=\"twitter:site\" content=\"@iengenharia\" \/>\n<meta name=\"twitter:label1\" content=\"Escrito por\" \/>\n\t<meta name=\"twitter:data1\" content=\"Isabel\" \/>\n\t<meta name=\"twitter:label2\" content=\"Est. tempo de leitura\" \/>\n\t<meta name=\"twitter:data2\" content=\"2 minutos\" \/>\n<script type=\"application\/ld+json\" class=\"yoast-schema-graph\">{\"@context\":\"https:\/\/schema.org\",\"@graph\":[{\"@type\":\"Article\",\"@id\":\"https:\/\/www.institutodeengenharia.org.br\/site\/2023\/08\/02\/metro-de-sp-recebe-diretoria-do-ie-para-visita-tecnica-as-obras-da-linha-2\/#article\",\"isPartOf\":{\"@id\":\"https:\/\/www.institutodeengenharia.org.br\/site\/2023\/08\/02\/metro-de-sp-recebe-diretoria-do-ie-para-visita-tecnica-as-obras-da-linha-2\/\"},\"author\":{\"name\":\"Isabel\",\"@id\":\"https:\/\/www.institutodeengenharia.org.br\/site\/#\/schema\/person\/593dc356630173a4877a635d3e5fd76b\"},\"headline\":\"Metr\u00f4 de SP recebe diretoria do IE para visita t\u00e9cnica \u00e0s obras da Linha-2\",\"datePublished\":\"2023-08-02T14:31:28+00:00\",\"dateModified\":\"2023-08-02T15:04:24+00:00\",\"mainEntityOfPage\":{\"@id\":\"https:\/\/www.institutodeengenharia.org.br\/site\/2023\/08\/02\/metro-de-sp-recebe-diretoria-do-ie-para-visita-tecnica-as-obras-da-linha-2\/\"},\"wordCount\":319,\"commentCount\":0,\"publisher\":{\"@id\":\"https:\/\/www.institutodeengenharia.org.br\/site\/#organization\"},\"image\":{\"@id\":\"https:\/\/www.institutodeengenharia.org.br\/site\/2023\/08\/02\/metro-de-sp-recebe-diretoria-do-ie-para-visita-tecnica-as-obras-da-linha-2\/#primaryimage\"},\"thumbnailUrl\":\"https:\/\/www.institutodeengenharia.org.br\/site\/wp-content\/uploads\/2023\/08\/WhatsApp-Image-2023-07-31-at-19.46.53.jpeg\",\"articleSection\":[\"Instituto de Engenharia\",\"Not\u00edcias\"],\"inLanguage\":\"pt-BR\",\"potentialAction\":[{\"@type\":\"CommentAction\",\"name\":\"Comment\",\"target\":[\"https:\/\/www.institutodeengenharia.org.br\/site\/2023\/08\/02\/metro-de-sp-recebe-diretoria-do-ie-para-visita-tecnica-as-obras-da-linha-2\/#respond\"]}]},{\"@type\":\"WebPage\",\"@id\":\"https:\/\/www.institutodeengenharia.org.br\/site\/2023\/08\/02\/metro-de-sp-recebe-diretoria-do-ie-para-visita-tecnica-as-obras-da-linha-2\/\",\"url\":\"https:\/\/www.institutodeengenharia.org.br\/site\/2023\/08\/02\/metro-de-sp-recebe-diretoria-do-ie-para-visita-tecnica-as-obras-da-linha-2\/\",\"name\":\"Metr\u00f4 de SP recebe diretoria do IE para visita t\u00e9cnica \u00e0s obras da Linha-2 - Instituto de Engenharia\",\"isPartOf\":{\"@id\":\"https:\/\/www.institutodeengenharia.org.br\/site\/#website\"},\"primaryImageOfPage\":{\"@id\":\"https:\/\/www.institutodeengenharia.org.br\/site\/2023\/08\/02\/metro-de-sp-recebe-diretoria-do-ie-para-visita-tecnica-as-obras-da-linha-2\/#primaryimage\"},\"image\":{\"@id\":\"https:\/\/www.institutodeengenharia.org.br\/site\/2023\/08\/02\/metro-de-sp-recebe-diretoria-do-ie-para-visita-tecnica-as-obras-da-linha-2\/#primaryimage\"},\"thumbnailUrl\":\"https:\/\/www.institutodeengenharia.org.br\/site\/wp-content\/uploads\/2023\/08\/WhatsApp-Image-2023-07-31-at-19.46.53.jpeg\",\"datePublished\":\"2023-08-02T14:31:28+00:00\",\"dateModified\":\"2023-08-02T15:04:24+00:00\",\"breadcrumb\":{\"@id\":\"https:\/\/www.institutodeengenharia.org.br\/site\/2023\/08\/02\/metro-de-sp-recebe-diretoria-do-ie-para-visita-tecnica-as-obras-da-linha-2\/#breadcrumb\"},\"inLanguage\":\"pt-BR\",\"potentialAction\":[{\"@type\":\"ReadAction\",\"target\":[\"https:\/\/www.institutodeengenharia.org.br\/site\/2023\/08\/02\/metro-de-sp-recebe-diretoria-do-ie-para-visita-tecnica-as-obras-da-linha-2\/\"]}]},{\"@type\":\"ImageObject\",\"inLanguage\":\"pt-BR\",\"@id\":\"https:\/\/www.institutodeengenharia.org.br\/site\/2023\/08\/02\/metro-de-sp-recebe-diretoria-do-ie-para-visita-tecnica-as-obras-da-linha-2\/#primaryimage\",\"url\":\"https:\/\/www.institutodeengenharia.org.br\/site\/wp-content\/uploads\/2023\/08\/WhatsApp-Image-2023-07-31-at-19.46.53.jpeg\",\"contentUrl\":\"https:\/\/www.institutodeengenharia.org.br\/site\/wp-content\/uploads\/2023\/08\/WhatsApp-Image-2023-07-31-at-19.46.53.jpeg\",\"width\":1280,\"height\":960,\"caption\":\"A diretoria do Instituto de Engenharia foi recebida, tamb\u00e9m, pela engenheira Silvia Cristina Silva (2\u00aa \u00e0 esq. na foto)\"},{\"@type\":\"BreadcrumbList\",\"@id\":\"https:\/\/www.institutodeengenharia.org.br\/site\/2023\/08\/02\/metro-de-sp-recebe-diretoria-do-ie-para-visita-tecnica-as-obras-da-linha-2\/#breadcrumb\",\"itemListElement\":[{\"@type\":\"ListItem\",\"position\":1,\"name\":\"In\u00edcio\",\"item\":\"https:\/\/www.institutodeengenharia.org.br\/site\/\"},{\"@type\":\"ListItem\",\"position\":2,\"name\":\"Metr\u00f4 de SP recebe diretoria do IE para visita t\u00e9cnica \u00e0s obras da Linha-2\"}]},{\"@type\":\"WebSite\",\"@id\":\"https:\/\/www.institutodeengenharia.org.br\/site\/#website\",\"url\":\"https:\/\/www.institutodeengenharia.org.br\/site\/\",\"name\":\"Instituto de Engenharia\",\"description\":\"O Instituto de Engenharia promove a Engenharia em benef\u00edcio do desenvolvimento e da qualidade de vida da sociedade.\",\"publisher\":{\"@id\":\"https:\/\/www.institutodeengenharia.org.br\/site\/#organization\"},\"potentialAction\":[{\"@type\":\"SearchAction\",\"target\":{\"@type\":\"EntryPoint\",\"urlTemplate\":\"https:\/\/www.institutodeengenharia.org.br\/site\/?s={search_term_string}\"},\"query-input\":{\"@type\":\"PropertyValueSpecification\",\"valueRequired\":true,\"valueName\":\"search_term_string\"}}],\"inLanguage\":\"pt-BR\"},{\"@type\":\"Organization\",\"@id\":\"https:\/\/www.institutodeengenharia.org.br\/site\/#organization\",\"name\":\"Instituto de Engenharia\",\"url\":\"https:\/\/www.institutodeengenharia.org.br\/site\/\",\"logo\":{\"@type\":\"ImageObject\",\"inLanguage\":\"pt-BR\",\"@id\":\"https:\/\/www.institutodeengenharia.org.br\/site\/#\/schema\/logo\/image\/\",\"url\":\"https:\/\/www.institutodeengenharia.org.br\/site\/wp-content\/uploads\/2019\/03\/logo-novo-IE2018-1.jpg\",\"contentUrl\":\"https:\/\/www.institutodeengenharia.org.br\/site\/wp-content\/uploads\/2019\/03\/logo-novo-IE2018-1.jpg\",\"width\":1486,\"height\":1879,\"caption\":\"Instituto de Engenharia\"},\"image\":{\"@id\":\"https:\/\/www.institutodeengenharia.org.br\/site\/#\/schema\/logo\/image\/\"},\"sameAs\":[\"https:\/\/www.facebook.com\/institutodeengenharia\",\"https:\/\/x.com\/iengenharia\",\"https:\/\/www.instagram.com\/institutodeengenharia\/\",\"https:\/\/www.linkedin.com\/company\/instituto-de-engenharia\/\",\"https:\/\/www.youtube.com\/channel\/UCXiCAlsSMe977vamW915HxA\"]},{\"@type\":\"Person\",\"@id\":\"https:\/\/www.institutodeengenharia.org.br\/site\/#\/schema\/person\/593dc356630173a4877a635d3e5fd76b\",\"name\":\"Isabel\",\"image\":{\"@type\":\"ImageObject\",\"inLanguage\":\"pt-BR\",\"@id\":\"https:\/\/secure.gravatar.com\/avatar\/f3c521db63ec9db17894f10a88c6a3cf95b2281d7f80eeb3cf3ef1cb091576e7?s=96&d=mm&r=g\",\"url\":\"https:\/\/secure.gravatar.com\/avatar\/f3c521db63ec9db17894f10a88c6a3cf95b2281d7f80eeb3cf3ef1cb091576e7?s=96&d=mm&r=g\",\"contentUrl\":\"https:\/\/secure.gravatar.com\/avatar\/f3c521db63ec9db17894f10a88c6a3cf95b2281d7f80eeb3cf3ef1cb091576e7?s=96&d=mm&r=g\",\"caption\":\"Isabel\"},\"url\":\"https:\/\/www.institutodeengenharia.org.br\/site\/author\/comunicacao2\/\"}]}<\/script>\n<!-- \/ Yoast SEO plugin. -->","yoast_head_json":{"title":"Metr\u00f4 de SP recebe diretoria do IE para visita t\u00e9cnica \u00e0s obras da Linha-2 - Instituto de Engenharia","robots":{"index":"index","follow":"follow","max-snippet":"max-snippet:-1","max-image-preview":"max-image-preview:large","max-video-preview":"max-video-preview:-1"},"canonical":"https:\/\/www.institutodeengenharia.org.br\/site\/2023\/08\/02\/metro-de-sp-recebe-diretoria-do-ie-para-visita-tecnica-as-obras-da-linha-2\/","og_locale":"pt_BR","og_type":"article","og_title":"Metr\u00f4 de SP recebe diretoria do IE para visita t\u00e9cnica \u00e0s obras da Linha-2 - Instituto de Engenharia","og_description":"O presidente do Instituto de Engenharia, Jos\u00e9 Eduardo Jardim, e membros de sua diretoria realizaram uma visita t\u00e9cnica, na segunda quinzena de julho, \u00e0s obras de expans\u00e3o da Linha 2- Verde do Metr\u00f4 de S\u00e3o Paulo, nas futuras esta\u00e7\u00f5es An\u00e1lia Franco e Santa Isabel. A amplia\u00e7\u00e3o da Linha 2-Verde ocorre entre a Vila Prudente e [&hellip;]","og_url":"https:\/\/www.institutodeengenharia.org.br\/site\/2023\/08\/02\/metro-de-sp-recebe-diretoria-do-ie-para-visita-tecnica-as-obras-da-linha-2\/","og_site_name":"Instituto de Engenharia","article_publisher":"https:\/\/www.facebook.com\/institutodeengenharia","article_published_time":"2023-08-02T14:31:28+00:00","article_modified_time":"2023-08-02T15:04:24+00:00","og_image":[{"width":1280,"height":960,"url":"https:\/\/www.institutodeengenharia.org.br\/site\/wp-content\/uploads\/2023\/08\/WhatsApp-Image-2023-07-31-at-19.46.53.jpeg","type":"image\/jpeg"}],"author":"Isabel","twitter_card":"summary_large_image","twitter_creator":"@iengenharia","twitter_site":"@iengenharia","twitter_misc":{"Escrito por":"Isabel","Est. tempo de leitura":"2 minutos"},"schema":{"@context":"https:\/\/schema.org","@graph":[{"@type":"Article","@id":"https:\/\/www.institutodeengenharia.org.br\/site\/2023\/08\/02\/metro-de-sp-recebe-diretoria-do-ie-para-visita-tecnica-as-obras-da-linha-2\/#article","isPartOf":{"@id":"https:\/\/www.institutodeengenharia.org.br\/site\/2023\/08\/02\/metro-de-sp-recebe-diretoria-do-ie-para-visita-tecnica-as-obras-da-linha-2\/"},"author":{"name":"Isabel","@id":"https:\/\/www.institutodeengenharia.org.br\/site\/#\/schema\/person\/593dc356630173a4877a635d3e5fd76b"},"headline":"Metr\u00f4 de SP recebe diretoria do IE para visita t\u00e9cnica \u00e0s obras da Linha-2","datePublished":"2023-08-02T14:31:28+00:00","dateModified":"2023-08-02T15:04:24+00:00","mainEntityOfPage":{"@id":"https:\/\/www.institutodeengenharia.org.br\/site\/2023\/08\/02\/metro-de-sp-recebe-diretoria-do-ie-para-visita-tecnica-as-obras-da-linha-2\/"},"wordCount":319,"commentCount":0,"publisher":{"@id":"https:\/\/www.institutodeengenharia.org.br\/site\/#organization"},"image":{"@id":"https:\/\/www.institutodeengenharia.org.br\/site\/2023\/08\/02\/metro-de-sp-recebe-diretoria-do-ie-para-visita-tecnica-as-obras-da-linha-2\/#primaryimage"},"thumbnailUrl":"https:\/\/www.institutodeengenharia.org.br\/site\/wp-content\/uploads\/2023\/08\/WhatsApp-Image-2023-07-31-at-19.46.53.jpeg","articleSection":["Instituto de Engenharia","Not\u00edcias"],"inLanguage":"pt-BR","potentialAction":[{"@type":"CommentAction","name":"Comment","target":["https:\/\/www.institutodeengenharia.org.br\/site\/2023\/08\/02\/metro-de-sp-recebe-diretoria-do-ie-para-visita-tecnica-as-obras-da-linha-2\/#respond"]}]},{"@type":"WebPage","@id":"https:\/\/www.institutodeengenharia.org.br\/site\/2023\/08\/02\/metro-de-sp-recebe-diretoria-do-ie-para-visita-tecnica-as-obras-da-linha-2\/","url":"https:\/\/www.institutodeengenharia.org.br\/site\/2023\/08\/02\/metro-de-sp-recebe-diretoria-do-ie-para-visita-tecnica-as-obras-da-linha-2\/","name":"Metr\u00f4 de SP recebe diretoria do IE para visita t\u00e9cnica \u00e0s obras da Linha-2 - Instituto de Engenharia","isPartOf":{"@id":"https:\/\/www.institutodeengenharia.org.br\/site\/#website"},"primaryImageOfPage":{"@id":"https:\/\/www.institutodeengenharia.org.br\/site\/2023\/08\/02\/metro-de-sp-recebe-diretoria-do-ie-para-visita-tecnica-as-obras-da-linha-2\/#primaryimage"},"image":{"@id":"https:\/\/www.institutodeengenharia.org.br\/site\/2023\/08\/02\/metro-de-sp-recebe-diretoria-do-ie-para-visita-tecnica-as-obras-da-linha-2\/#primaryimage"},"thumbnailUrl":"https:\/\/www.institutodeengenharia.org.br\/site\/wp-content\/uploads\/2023\/08\/WhatsApp-Image-2023-07-31-at-19.46.53.jpeg","datePublished":"2023-08-02T14:31:28+00:00","dateModified":"2023-08-02T15:04:24+00:00","breadcrumb":{"@id":"https:\/\/www.institutodeengenharia.org.br\/site\/2023\/08\/02\/metro-de-sp-recebe-diretoria-do-ie-para-visita-tecnica-as-obras-da-linha-2\/#breadcrumb"},"inLanguage":"pt-BR","potentialAction":[{"@type":"ReadAction","target":["https:\/\/www.institutodeengenharia.org.br\/site\/2023\/08\/02\/metro-de-sp-recebe-diretoria-do-ie-para-visita-tecnica-as-obras-da-linha-2\/"]}]},{"@type":"ImageObject","inLanguage":"pt-BR","@id":"https:\/\/www.institutodeengenharia.org.br\/site\/2023\/08\/02\/metro-de-sp-recebe-diretoria-do-ie-para-visita-tecnica-as-obras-da-linha-2\/#primaryimage","url":"https:\/\/www.institutodeengenharia.org.br\/site\/wp-content\/uploads\/2023\/08\/WhatsApp-Image-2023-07-31-at-19.46.53.jpeg","contentUrl":"https:\/\/www.institutodeengenharia.org.br\/site\/wp-content\/uploads\/2023\/08\/WhatsApp-Image-2023-07-31-at-19.46.53.jpeg","width":1280,"height":960,"caption":"A diretoria do Instituto de Engenharia foi recebida, tamb\u00e9m, pela engenheira Silvia Cristina Silva (2\u00aa \u00e0 esq. na foto)"},{"@type":"BreadcrumbList","@id":"https:\/\/www.institutodeengenharia.org.br\/site\/2023\/08\/02\/metro-de-sp-recebe-diretoria-do-ie-para-visita-tecnica-as-obras-da-linha-2\/#breadcrumb","itemListElement":[{"@type":"ListItem","position":1,"name":"In\u00edcio","item":"https:\/\/www.institutodeengenharia.org.br\/site\/"},{"@type":"ListItem","position":2,"name":"Metr\u00f4 de SP recebe diretoria do IE para visita t\u00e9cnica \u00e0s obras da Linha-2"}]},{"@type":"WebSite","@id":"https:\/\/www.institutodeengenharia.org.br\/site\/#website","url":"https:\/\/www.institutodeengenharia.org.br\/site\/","name":"Instituto de Engenharia","description":"O Instituto de Engenharia promove a Engenharia em benef\u00edcio do desenvolvimento e da qualidade de vida da sociedade.","publisher":{"@id":"https:\/\/www.institutodeengenharia.org.br\/site\/#organization"},"potentialAction":[{"@type":"SearchAction","target":{"@type":"EntryPoint","urlTemplate":"https:\/\/www.institutodeengenharia.org.br\/site\/?s={search_term_string}"},"query-input":{"@type":"PropertyValueSpecification","valueRequired":true,"valueName":"search_term_string"}}],"inLanguage":"pt-BR"},{"@type":"Organization","@id":"https:\/\/www.institutodeengenharia.org.br\/site\/#organization","name":"Instituto de Engenharia","url":"https:\/\/www.institutodeengenharia.org.br\/site\/","logo":{"@type":"ImageObject","inLanguage":"pt-BR","@id":"https:\/\/www.institutodeengenharia.org.br\/site\/#\/schema\/logo\/image\/","url":"https:\/\/www.institutodeengenharia.org.br\/site\/wp-content\/uploads\/2019\/03\/logo-novo-IE2018-1.jpg","contentUrl":"https:\/\/www.institutodeengenharia.org.br\/site\/wp-content\/uploads\/2019\/03\/logo-novo-IE2018-1.jpg","width":1486,"height":1879,"caption":"Instituto de Engenharia"},"image":{"@id":"https:\/\/www.institutodeengenharia.org.br\/site\/#\/schema\/logo\/image\/"},"sameAs":["https:\/\/www.facebook.com\/institutodeengenharia","https:\/\/x.com\/iengenharia","https:\/\/www.instagram.com\/institutodeengenharia\/","https:\/\/www.linkedin.com\/company\/instituto-de-engenharia\/","https:\/\/www.youtube.com\/channel\/UCXiCAlsSMe977vamW915HxA"]},{"@type":"Person","@id":"https:\/\/www.institutodeengenharia.org.br\/site\/#\/schema\/person\/593dc356630173a4877a635d3e5fd76b","name":"Isabel","image":{"@type":"ImageObject","inLanguage":"pt-BR","@id":"https:\/\/secure.gravatar.com\/avatar\/f3c521db63ec9db17894f10a88c6a3cf95b2281d7f80eeb3cf3ef1cb091576e7?s=96&d=mm&r=g","url":"https:\/\/secure.gravatar.com\/avatar\/f3c521db63ec9db17894f10a88c6a3cf95b2281d7f80eeb3cf3ef1cb091576e7?s=96&d=mm&r=g","contentUrl":"https:\/\/secure.gravatar.com\/avatar\/f3c521db63ec9db17894f10a88c6a3cf95b2281d7f80eeb3cf3ef1cb091576e7?s=96&d=mm&r=g","caption":"Isabel"},"url":"https:\/\/www.institutodeengenharia.org.br\/site\/author\/comunicacao2\/"}]}},"_links":{"self":[{"href":"https:\/\/www.institutodeengenharia.org.br\/site\/wp-json\/wp\/v2\/posts\/110039","targetHints":{"allow":["GET"]}}],"collection":[{"href":"https:\/\/www.institutodeengenharia.org.br\/site\/wp-json\/wp\/v2\/posts"}],"about":[{"href":"https:\/\/www.institutodeengenharia.org.br\/site\/wp-json\/wp\/v2\/types\/post"}],"author":[{"embeddable":true,"href":"https:\/\/www.institutodeengenharia.org.br\/site\/wp-json\/wp\/v2\/users\/14"}],"replies":[{"embeddable":true,"href":"https:\/\/www.institutodeengenharia.org.br\/site\/wp-json\/wp\/v2\/comments?post=110039"}],"version-history":[{"count":5,"href":"https:\/\/www.institutodeengenharia.org.br\/site\/wp-json\/wp\/v2\/posts\/110039\/revisions"}],"predecessor-version":[{"id":110064,"href":"https:\/\/www.institutodeengenharia.org.br\/site\/wp-json\/wp\/v2\/posts\/110039\/revisions\/110064"}],"wp:featuredmedia":[{"embeddable":true,"href":"https:\/\/www.institutodeengenharia.org.br\/site\/wp-json\/wp\/v2\/media\/110040"}],"wp:attachment":[{"href":"https:\/\/www.institutodeengenharia.org.br\/site\/wp-json\/wp\/v2\/media?parent=110039"}],"wp:term":[{"taxonomy":"category","embeddable":true,"href":"https:\/\/www.institutodeengenharia.org.br\/site\/wp-json\/wp\/v2\/categories?post=110039"},{"taxonomy":"post_tag","embeddable":true,"href":"https:\/\/www.institutodeengenharia.org.br\/site\/wp-json\/wp\/v2\/tags?post=110039"}],"curies":[{"name":"wp","href":"https:\/\/api.w.org\/{rel}","templated":true}]}}