{"id":109436,"date":"2023-07-20T11:49:50","date_gmt":"2023-07-20T14:49:50","guid":{"rendered":"https:\/\/www.institutodeengenharia.org.br\/site\/?p=109436"},"modified":"2023-07-20T16:32:20","modified_gmt":"2023-07-20T19:32:20","slug":"workshop-debate-sobre-uma-nova-ligacao-do-planalto-a-baixada-santista","status":"publish","type":"post","link":"https:\/\/www.institutodeengenharia.org.br\/site\/2023\/07\/20\/workshop-debate-sobre-uma-nova-ligacao-do-planalto-a-baixada-santista\/","title":{"rendered":"Workshop: Debate sobre uma nova liga\u00e7\u00e3o do planalto \u00e0 baixada santista"},"content":{"rendered":"<p><strong>Assista abaixo \u00e0 grava\u00e7\u00e3o do evento:<\/strong><\/p>\n<p><iframe loading=\"lazy\" src=\"https:\/\/player.vimeo.com\/video\/846300440?h=e74e5ae2ff\" width=\"640\" height=\"360\" frameborder=\"0\" allowfullscreen=\"allowfullscreen\"><\/iframe><\/p>\n<p><strong>+ Informa\u00e7\u00f5es:<\/strong><\/p>\n<p>O Instituto de Engenharia promoveu um amplo debate sobre uma nova liga\u00e7\u00e3o entre o Planalto e a Baixada Santista, agregando solu\u00e7\u00f5es de alta tecnologia para a infraestrutura do s\u00e9culo 21.<\/p>\n<p>Essa liga\u00e7\u00e3o \u00e9 estudada pelo Instituto de Engenharia desde 2011, constituindo-se em mat\u00e9ria de grande relev\u00e2ncia no tocante \u00e0 log\u00edstica, n\u00e3o apenas de S\u00e3o Paulo, como de todo o Brasil. Isto se deve pelo fato de fazer parte do maior corredor de com\u00e9rcio exterior do Pa\u00eds.<\/p>\n<p>Esse debate contemplou v\u00e1rios temas relacionados \u00e0 quest\u00e3o: o porqu\u00ea de uma nova liga\u00e7\u00e3o; a contribui\u00e7\u00e3o da engenharia inovadora para vencer os desafios existentes; a quest\u00e3o ambiental do Parque Estadual da Serra do Mar; os protocolos globais no tocante \u00e0 preserva\u00e7\u00e3o ambiental e \u00e0s quest\u00f5es clim\u00e1ticas. Alcan\u00e7ou uma discuss\u00e3o t\u00e9cnica, juntamente com a sociedade civil a respeito das concentra\u00e7\u00f5es urbanas das regi\u00f5es metropolitanas de S\u00e3o Paulo e de Santos impactadas pelo projeto, avaliando, inclusive, planos diretores dos munic\u00edpios, parques tecnol\u00f3gicos e plataformas log\u00edsticas projetadas nas pontas. Por outro lado, o debate tamb\u00e9m ouviu a Autoridade Portu\u00e1ria de Santos, uma vez que tal liga\u00e7\u00e3o \u00e9 estrat\u00e9gica para a sua consolida\u00e7\u00e3o como maior porto de com\u00e9rcio exterior do Pa\u00eds.<\/p>\n<p>De maneira pr\u00f3\u2013ativa foi um evento que reuniu todos os atores locais, desde os operadores portu\u00e1rios at\u00e9 os transportadores, terminais portu\u00e1rios, e as associa\u00e7\u00f5es de classe e sindicatos, ensejando, inclusive, o in\u00edcio de discuss\u00f5es para definir melhores modelagens e fontes de investimentos.<\/p>\n<p><strong>P\u00fablico-alvo:<\/strong><\/p>\n<p>Engenheiros, estudantes de engenharia e interessados no assunto.<\/p>\n<p><strong>*Programa\u00e7\u00e3o:<\/strong><\/p>\n<p><strong>13h30 \u2013 Credenciamento<\/strong><\/p>\n<p><strong>14h<\/strong>\u00a0\u2013\u00a0<strong>Abertura<\/strong><\/p>\n<ul>\n<li>Presidente do Instituto de Engenharia<\/li>\n<\/ul>\n<p>Jos\u00e9 Eduardo Frasc\u00e1 Poyares Jardim<\/p>\n<ul>\n<li>Diretor-presidente da Autoridade Portu\u00e1ria de Santos<\/li>\n<\/ul>\n<p>Anderson Pomini<\/p>\n<ul>\n<li>Prefeito de Suzano<\/li>\n<\/ul>\n<p>Rodrigo Kenji de Souza Ashiuchi<\/p>\n<ul>\n<li>Coordenador de Planejamento da subsecretaria de Log\u00edstica e Transporte<\/li>\n<\/ul>\n<p>Andr\u00e9 Nozawa<\/p>\n<ul>\n<li>Secret\u00e1rio Municipal de Assuntos Portu\u00e1rios e Emprego de Santos<\/li>\n<\/ul>\n<p>Bruno Orlandi<\/p>\n<ul>\n<li>Vice-presidente de Atividades T\u00e9cnicas do Instituto de Engenharia<\/li>\n<\/ul>\n<p>Ivan Metran Whately<\/p>\n<ul>\n<li>Coordenador da Divis\u00e3o T\u00e9cnica de Navega\u00e7\u00e3o Interior e Portos<\/li>\n<\/ul>\n<p>Jos\u00e9 Wagner Ferreira<\/p>\n<p><strong>14h30<\/strong>\u00a0\u2013\u00a0<strong>Painel 1:<\/strong>\u00a0<strong>Nova Liga\u00e7\u00e3o para a Baixada Santista e seu Impacto na Economia<\/strong><\/p>\n<p>Moderador: Fabr\u00edcio Juli\u00e3o \u2013 CEO da Brasil Export<\/p>\n<ul>\n<li>Bruno Orlandi \u2013 Secret\u00e1rio Municipal de Assuntos Portu\u00e1rios e Emprego de Santos<\/li>\n<li>Andr\u00e9 Nozawa &#8211; Coordenador de Planejamento da subsecretaria de Log\u00edstica e Transporte<\/li>\n<\/ul>\n<p><strong>15h10 \u2013 Painel 2:<\/strong>\u00a0<strong>O Porto de Santos \u2013 Liga\u00e7\u00e3o Estrat\u00e9gica para a Consolida\u00e7\u00e3o do Maior Eixo Nacional de Com\u00e9rcio Exterior<\/strong><\/p>\n<p>Moderador: Leopoldo Figueiredo \u2013 Diretor de Reda\u00e7\u00e3o do BE-News<\/p>\n<ul>\n<li>Anderson Pomini \u2013 Diretor-Presidente da Autoridade Portu\u00e1ria de Santos \u2013 APS<\/li>\n<\/ul>\n<p><strong>15h50 \u2013 Painel 3: A Contribui\u00e7\u00e3o da Engenharia Inovadora e a Quest\u00e3o Ambiental do Parque Estadual da Serra do Mar<\/strong><\/p>\n<p>Moderador: Ivan M. Whately \u2013 Vice-presidente de Atividades T\u00e9cnicas do Instituto de Engenharia<\/p>\n<ul>\n<li>Marcelo Stachow Machado da Silva \u2013 Assessor da Presid\u00eancia QGSA<\/li>\n<li>Walter Senise \u2013 Escrit\u00f3rio Senise e Paiva Advogados<\/li>\n<\/ul>\n<p><strong>16h30 \u2013 Coffee Break<\/strong><\/p>\n<p><strong>16h40 \u2013 Painel 4: As Concentra\u00e7\u00f5es Urbanas das Regi\u00f5es Metropolitanas de SP e de Santos e as Plataformas Log\u00edsticas<\/strong><\/p>\n<p>Moderador:\u00a0Alcindo Dell\u2019Agnese \u2013 AD Arquitetura<\/p>\n<ul>\n<li>Glaucus Farinello \u2013 Secret\u00e1rio Municipal de Desenvolvimento Urbano de Santos<\/li>\n<li>Andr\u00e9 Lu\u00eds Neiva \u2013 Presidente do Sindisan<\/li>\n<\/ul>\n<p><strong>17h20 \u2013 Painel 5: Por que uma Nova Liga\u00e7\u00e3o<\/strong><\/p>\n<p>Moderador: Vernon Richard Kohl &#8211; Consultor de Planejamento e Transporte<\/p>\n<ul>\n<li>Adilson Luiz Gon\u00e7alves \u2013 Assessor da Prefeitura Municipal de Santos<\/li>\n<li>Adalberto Ferreira \u2013 Secret\u00e1rio de Desenvolvimento Econ\u00f4mico e Portu\u00e1rio do Guaruj\u00e1<\/li>\n<li>Ricardo Molitzas &#8211; Diretor executivo do Sindicato dos Operadores Portu\u00e1rios do Estado de S\u00e3o Paulo &#8211; SOPESP<\/li>\n<\/ul>\n<p><strong>18h \u2013 Painel 6: Oferta e Demanda da Nova Liga\u00e7\u00e3o<\/strong><\/p>\n<p>Moderador:\u00a0\u00a0Eduardo Lustoza \u2013 Diretor de Desenvolvimento de Neg\u00f3cios e Regula\u00e7\u00e3o<\/p>\n<ul>\n<li>Wagner Colombini Martins \u2013 Diretor-Presidente da LOGIT<\/li>\n<li>Tamara Gaspar \u2013 Land Transportation Engagement Manager na ALG<\/li>\n<\/ul>\n<p><strong>18h40 Encerramento<\/strong><\/p>\n<ul>\n<li><strong>Carlos Eduardo Bueno Magano \u2013 <\/strong>diretor de Infraestrutura da Autoridade do Porto de Santos<\/li>\n<\/ul>\n<ul>\n<li><strong>Jos\u00e9 Eduardo Frasc\u00e1 Poyares Jardim <\/strong>\u2013 presidente do Instituto de Engenharia<\/li>\n<\/ul>\n<p><em>*Programa\u00e7\u00e3o sujeita a altera\u00e7\u00e3o<\/em><\/p>\n<p><strong>Realiza\u00e7\u00e3o:<\/strong><\/p>\n<p><img loading=\"lazy\" decoding=\"async\" class=\"alignnone wp-image-81229 alignleft\" src=\"https:\/\/www.institutodeengenharia.org.br\/site\/wp-content\/uploads\/2021\/05\/ie-logo-escudo.jpeg\" alt=\"\" width=\"94\" height=\"119\" srcset=\"https:\/\/www.institutodeengenharia.org.br\/site\/wp-content\/uploads\/2021\/05\/ie-logo-escudo.jpeg 1012w, https:\/\/www.institutodeengenharia.org.br\/site\/wp-content\/uploads\/2021\/05\/ie-logo-escudo-237x300.jpeg 237w, https:\/\/www.institutodeengenharia.org.br\/site\/wp-content\/uploads\/2021\/05\/ie-logo-escudo-810x1024.jpeg 810w, https:\/\/www.institutodeengenharia.org.br\/site\/wp-content\/uploads\/2021\/05\/ie-logo-escudo-768x971.jpeg 768w, https:\/\/www.institutodeengenharia.org.br\/site\/wp-content\/uploads\/2021\/05\/ie-logo-escudo-696x880.jpeg 696w, https:\/\/www.institutodeengenharia.org.br\/site\/wp-content\/uploads\/2021\/05\/ie-logo-escudo-332x420.jpeg 332w, https:\/\/www.institutodeengenharia.org.br\/site\/wp-content\/uploads\/2021\/05\/ie-logo-escudo-600x759.jpeg 600w\" sizes=\"auto, (max-width: 94px) 100vw, 94px\" \/><\/p>\n<p><strong>Eng. Ivan Metran Whately<\/strong> \u2013 Vice-Presidente de Atividades T\u00e9cnicas<\/p>\n<p><strong>Eng. Jean Carlos Pejo<\/strong> \u2013 Diretor do Departamento de Desenvolvimento de Infraestrutura e Log\u00edstica<\/p>\n<p><strong>Arq. Jos\u00e9 Wagner Leite Ferreira<\/strong> \u2013 Coordenador da Divis\u00e3o T\u00e9cnica de Navega\u00e7\u00e3o Interior e Portos<\/p>\n<p>&nbsp;<\/p>\n<p><strong>Patrocinadores:\u00a0<\/strong><\/p>\n<p><img loading=\"lazy\" decoding=\"async\" class=\"alignnone wp-image-109277\" src=\"https:\/\/www.institutodeengenharia.org.br\/site\/wp-content\/uploads\/2023\/06\/A-Dell\u00b4Agnese-Logo-Verde-Vertical_2018-1.png\" alt=\"\" width=\"124\" height=\"109\" srcset=\"https:\/\/www.institutodeengenharia.org.br\/site\/wp-content\/uploads\/2023\/06\/A-Dell\u00b4Agnese-Logo-Verde-Vertical_2018-1.png 2349w, https:\/\/www.institutodeengenharia.org.br\/site\/wp-content\/uploads\/2023\/06\/A-Dell\u00b4Agnese-Logo-Verde-Vertical_2018-1-300x264.png 300w, https:\/\/www.institutodeengenharia.org.br\/site\/wp-content\/uploads\/2023\/06\/A-Dell\u00b4Agnese-Logo-Verde-Vertical_2018-1-1024x900.png 1024w, https:\/\/www.institutodeengenharia.org.br\/site\/wp-content\/uploads\/2023\/06\/A-Dell\u00b4Agnese-Logo-Verde-Vertical_2018-1-768x675.png 768w, https:\/\/www.institutodeengenharia.org.br\/site\/wp-content\/uploads\/2023\/06\/A-Dell\u00b4Agnese-Logo-Verde-Vertical_2018-1-1536x1350.png 1536w, https:\/\/www.institutodeengenharia.org.br\/site\/wp-content\/uploads\/2023\/06\/A-Dell\u00b4Agnese-Logo-Verde-Vertical_2018-1-2048x1800.png 2048w, https:\/\/www.institutodeengenharia.org.br\/site\/wp-content\/uploads\/2023\/06\/A-Dell\u00b4Agnese-Logo-Verde-Vertical_2018-1-696x612.png 696w, https:\/\/www.institutodeengenharia.org.br\/site\/wp-content\/uploads\/2023\/06\/A-Dell\u00b4Agnese-Logo-Verde-Vertical_2018-1-1068x939.png 1068w, https:\/\/www.institutodeengenharia.org.br\/site\/wp-content\/uploads\/2023\/06\/A-Dell\u00b4Agnese-Logo-Verde-Vertical_2018-1-1920x1688.png 1920w, https:\/\/www.institutodeengenharia.org.br\/site\/wp-content\/uploads\/2023\/06\/A-Dell\u00b4Agnese-Logo-Verde-Vertical_2018-1-478x420.png 478w, https:\/\/www.institutodeengenharia.org.br\/site\/wp-content\/uploads\/2023\/06\/A-Dell\u00b4Agnese-Logo-Verde-Vertical_2018-1-600x527.png 600w\" sizes=\"auto, (max-width: 124px) 100vw, 124px\" \/> <img loading=\"lazy\" decoding=\"async\" class=\"alignnone wp-image-109282\" src=\"https:\/\/www.institutodeengenharia.org.br\/site\/wp-content\/uploads\/2023\/06\/LOGO-1.jpeg\" alt=\"\" width=\"242\" height=\"57\" srcset=\"https:\/\/www.institutodeengenharia.org.br\/site\/wp-content\/uploads\/2023\/06\/LOGO-1.jpeg 1093w, https:\/\/www.institutodeengenharia.org.br\/site\/wp-content\/uploads\/2023\/06\/LOGO-1-300x71.jpeg 300w, https:\/\/www.institutodeengenharia.org.br\/site\/wp-content\/uploads\/2023\/06\/LOGO-1-1024x241.jpeg 1024w, https:\/\/www.institutodeengenharia.org.br\/site\/wp-content\/uploads\/2023\/06\/LOGO-1-768x181.jpeg 768w, https:\/\/www.institutodeengenharia.org.br\/site\/wp-content\/uploads\/2023\/06\/LOGO-1-696x164.jpeg 696w, https:\/\/www.institutodeengenharia.org.br\/site\/wp-content\/uploads\/2023\/06\/LOGO-1-1068x257.jpeg 1068w, https:\/\/www.institutodeengenharia.org.br\/site\/wp-content\/uploads\/2023\/06\/LOGO-1-600x141.jpeg 600w\" sizes=\"auto, (max-width: 242px) 100vw, 242px\" \/> <img loading=\"lazy\" decoding=\"async\" class=\"alignnone wp-image-109358\" src=\"https:\/\/www.institutodeengenharia.org.br\/site\/wp-content\/uploads\/2023\/06\/Logotipo-Sindisan-COR-Vertical.png\" alt=\"\" width=\"220\" height=\"156\" srcset=\"https:\/\/www.institutodeengenharia.org.br\/site\/wp-content\/uploads\/2023\/06\/Logotipo-Sindisan-COR-Vertical.png 3505w, https:\/\/www.institutodeengenharia.org.br\/site\/wp-content\/uploads\/2023\/06\/Logotipo-Sindisan-COR-Vertical-300x212.png 300w, https:\/\/www.institutodeengenharia.org.br\/site\/wp-content\/uploads\/2023\/06\/Logotipo-Sindisan-COR-Vertical-1024x725.png 1024w, https:\/\/www.institutodeengenharia.org.br\/site\/wp-content\/uploads\/2023\/06\/Logotipo-Sindisan-COR-Vertical-768x543.png 768w, https:\/\/www.institutodeengenharia.org.br\/site\/wp-content\/uploads\/2023\/06\/Logotipo-Sindisan-COR-Vertical-1536x1087.png 1536w, https:\/\/www.institutodeengenharia.org.br\/site\/wp-content\/uploads\/2023\/06\/Logotipo-Sindisan-COR-Vertical-2048x1449.png 2048w, https:\/\/www.institutodeengenharia.org.br\/site\/wp-content\/uploads\/2023\/06\/Logotipo-Sindisan-COR-Vertical-696x492.png 696w, https:\/\/www.institutodeengenharia.org.br\/site\/wp-content\/uploads\/2023\/06\/Logotipo-Sindisan-COR-Vertical-1068x756.png 1068w, https:\/\/www.institutodeengenharia.org.br\/site\/wp-content\/uploads\/2023\/06\/Logotipo-Sindisan-COR-Vertical-1920x1359.png 1920w, https:\/\/www.institutodeengenharia.org.br\/site\/wp-content\/uploads\/2023\/06\/Logotipo-Sindisan-COR-Vertical-594x420.png 594w, https:\/\/www.institutodeengenharia.org.br\/site\/wp-content\/uploads\/2023\/06\/Logotipo-Sindisan-COR-Vertical-100x70.png 100w, https:\/\/www.institutodeengenharia.org.br\/site\/wp-content\/uploads\/2023\/06\/Logotipo-Sindisan-COR-Vertical-600x425.png 600w\" sizes=\"auto, (max-width: 220px) 100vw, 220px\" \/><\/p>\n<p><strong>Apoio Institucional:<\/strong><\/p>\n<p><img loading=\"lazy\" decoding=\"async\" class=\"alignnone wp-image-77696\" src=\"https:\/\/www.institutodeengenharia.org.br\/site\/wp-content\/uploads\/2021\/02\/crea.jpg\" alt=\"\" width=\"166\" height=\"117\" srcset=\"https:\/\/www.institutodeengenharia.org.br\/site\/wp-content\/uploads\/2021\/02\/crea.jpg 448w, https:\/\/www.institutodeengenharia.org.br\/site\/wp-content\/uploads\/2021\/02\/crea-300x211.jpg 300w, https:\/\/www.institutodeengenharia.org.br\/site\/wp-content\/uploads\/2021\/02\/crea-100x70.jpg 100w\" sizes=\"auto, (max-width: 166px) 100vw, 166px\" \/><\/p>\n<p><strong>Apoio \u00e0 forma\u00e7\u00e3o:\u00a0<\/strong><\/p>\n<p>Espa\u00e7o aberto ao CREA-SP, objetivando o aperfei\u00e7oamento dos profissionais e o aprimoramento da fiscaliza\u00e7\u00e3o das \u00e1reas abrangidas pelo Sistema Confea\/CREAs, al\u00e9m de promover a conscientiza\u00e7\u00e3o da sociedade quanto \u00e0 necessidade e obrigatoriedade de contratar um profissional devidamente habilitado.<\/p>\n","protected":false},"excerpt":{"rendered":"<p>Assista abaixo \u00e0 grava\u00e7\u00e3o do evento: + Informa\u00e7\u00f5es: O Instituto de Engenharia promoveu um amplo debate sobre uma nova liga\u00e7\u00e3o entre o Planalto e a Baixada Santista, agregando solu\u00e7\u00f5es de alta tecnologia para a infraestrutura do s\u00e9culo 21. Essa liga\u00e7\u00e3o \u00e9 estudada pelo Instituto de Engenharia desde 2011, constituindo-se em mat\u00e9ria de grande relev\u00e2ncia no [&hellip;]<\/p>\n","protected":false},"author":13,"featured_media":109437,"comment_status":"open","ping_status":"open","sticky":false,"template":"","format":"video","meta":{"footnotes":""},"categories":[968,969],"tags":[1176],"class_list":{"0":"post-109436","1":"post","2":"type-post","3":"status-publish","4":"format-video","5":"has-post-thumbnail","7":"category-nova-tv-engenharia","8":"category-palestra","9":"tag-video-home","10":"post_format-post-format-video"},"yoast_head":"<!-- This site is optimized with the Yoast SEO plugin v27.2 - https:\/\/yoast.com\/product\/yoast-seo-wordpress\/ -->\n<title>Workshop: Debate sobre uma nova liga\u00e7\u00e3o do planalto \u00e0 baixada santista - Instituto de Engenharia<\/title>\n<meta name=\"robots\" content=\"index, follow, max-snippet:-1, max-image-preview:large, max-video-preview:-1\" \/>\n<link rel=\"canonical\" href=\"https:\/\/www.institutodeengenharia.org.br\/site\/2023\/07\/20\/workshop-debate-sobre-uma-nova-ligacao-do-planalto-a-baixada-santista\/\" \/>\n<meta property=\"og:locale\" content=\"pt_BR\" \/>\n<meta property=\"og:type\" content=\"article\" \/>\n<meta property=\"og:title\" content=\"Workshop: Debate sobre uma nova liga\u00e7\u00e3o do planalto \u00e0 baixada santista\" \/>\n<meta property=\"og:description\" content=\"O Instituto de Engenharia promover\u00e1 um amplo debate sobre uma nova liga\u00e7\u00e3o entre o Planalto e a Baixada Santista, agregando solu\u00e7\u00f5es de alta tecnologia para a infraestrutura do s\u00e9culo 21.\" \/>\n<meta property=\"og:url\" content=\"https:\/\/www.institutodeengenharia.org.br\/site\/2023\/07\/20\/workshop-debate-sobre-uma-nova-ligacao-do-planalto-a-baixada-santista\/\" \/>\n<meta property=\"og:site_name\" content=\"Instituto de Engenharia\" \/>\n<meta property=\"article:publisher\" content=\"https:\/\/www.facebook.com\/institutodeengenharia\" \/>\n<meta property=\"article:published_time\" content=\"2023-07-20T14:49:50+00:00\" \/>\n<meta property=\"article:modified_time\" content=\"2023-07-20T19:32:20+00:00\" \/>\n<meta property=\"og:image\" content=\"https:\/\/www.institutodeengenharia.org.br\/site\/wp-content\/uploads\/2023\/07\/Creditos-da-foto-Concesson.jpg\" \/>\n\t<meta property=\"og:image:width\" content=\"1920\" \/>\n\t<meta property=\"og:image:height\" content=\"1080\" \/>\n\t<meta property=\"og:image:type\" content=\"image\/jpeg\" \/>\n<meta name=\"author\" content=\"Bianca\" \/>\n<meta name=\"twitter:card\" content=\"summary_large_image\" \/>\n<meta name=\"twitter:title\" content=\"Workshop: Debate sobre uma nova liga\u00e7\u00e3o do planalto \u00e0 baixada santista\" \/>\n<meta name=\"twitter:description\" content=\"O Instituto de Engenharia promover\u00e1 um amplo debate sobre uma nova liga\u00e7\u00e3o entre o Planalto e a Baixada Santista, agregando solu\u00e7\u00f5es de alta tecnologia para a infraestrutura do s\u00e9culo 21.\" \/>\n<meta name=\"twitter:image\" content=\"https:\/\/www.institutodeengenharia.org.br\/site\/wp-content\/uploads\/2023\/07\/Creditos-da-foto-Concesson.jpg\" \/>\n<meta name=\"twitter:creator\" content=\"@iengenharia\" \/>\n<meta name=\"twitter:site\" content=\"@iengenharia\" \/>\n<meta name=\"twitter:label1\" content=\"Escrito por\" \/>\n\t<meta name=\"twitter:data1\" content=\"Bianca\" \/>\n\t<meta name=\"twitter:label2\" content=\"Est. tempo de leitura\" \/>\n\t<meta name=\"twitter:data2\" content=\"5 minutos\" \/>\n<script type=\"application\/ld+json\" class=\"yoast-schema-graph\">{\"@context\":\"https:\/\/schema.org\",\"@graph\":[{\"@type\":\"Article\",\"@id\":\"https:\/\/www.institutodeengenharia.org.br\/site\/2023\/07\/20\/workshop-debate-sobre-uma-nova-ligacao-do-planalto-a-baixada-santista\/#article\",\"isPartOf\":{\"@id\":\"https:\/\/www.institutodeengenharia.org.br\/site\/2023\/07\/20\/workshop-debate-sobre-uma-nova-ligacao-do-planalto-a-baixada-santista\/\"},\"author\":{\"name\":\"Bianca\",\"@id\":\"https:\/\/www.institutodeengenharia.org.br\/site\/#\/schema\/person\/aeb64951c405e100d26d30b033dd423f\"},\"headline\":\"Workshop: Debate sobre uma nova liga\u00e7\u00e3o do planalto \u00e0 baixada santista\",\"datePublished\":\"2023-07-20T14:49:50+00:00\",\"dateModified\":\"2023-07-20T19:32:20+00:00\",\"mainEntityOfPage\":{\"@id\":\"https:\/\/www.institutodeengenharia.org.br\/site\/2023\/07\/20\/workshop-debate-sobre-uma-nova-ligacao-do-planalto-a-baixada-santista\/\"},\"wordCount\":788,\"commentCount\":0,\"publisher\":{\"@id\":\"https:\/\/www.institutodeengenharia.org.br\/site\/#organization\"},\"image\":{\"@id\":\"https:\/\/www.institutodeengenharia.org.br\/site\/2023\/07\/20\/workshop-debate-sobre-uma-nova-ligacao-do-planalto-a-baixada-santista\/#primaryimage\"},\"thumbnailUrl\":\"https:\/\/www.institutodeengenharia.org.br\/site\/wp-content\/uploads\/2023\/07\/Creditos-da-foto-Concesson.jpg\",\"keywords\":[\"video-home\"],\"articleSection\":[\"Nova TV Engenharia\",\"Palestra\"],\"inLanguage\":\"pt-BR\",\"potentialAction\":[{\"@type\":\"CommentAction\",\"name\":\"Comment\",\"target\":[\"https:\/\/www.institutodeengenharia.org.br\/site\/2023\/07\/20\/workshop-debate-sobre-uma-nova-ligacao-do-planalto-a-baixada-santista\/#respond\"]}]},{\"@type\":\"WebPage\",\"@id\":\"https:\/\/www.institutodeengenharia.org.br\/site\/2023\/07\/20\/workshop-debate-sobre-uma-nova-ligacao-do-planalto-a-baixada-santista\/\",\"url\":\"https:\/\/www.institutodeengenharia.org.br\/site\/2023\/07\/20\/workshop-debate-sobre-uma-nova-ligacao-do-planalto-a-baixada-santista\/\",\"name\":\"Workshop: Debate sobre uma nova liga\u00e7\u00e3o do planalto \u00e0 baixada santista - Instituto de Engenharia\",\"isPartOf\":{\"@id\":\"https:\/\/www.institutodeengenharia.org.br\/site\/#website\"},\"primaryImageOfPage\":{\"@id\":\"https:\/\/www.institutodeengenharia.org.br\/site\/2023\/07\/20\/workshop-debate-sobre-uma-nova-ligacao-do-planalto-a-baixada-santista\/#primaryimage\"},\"image\":{\"@id\":\"https:\/\/www.institutodeengenharia.org.br\/site\/2023\/07\/20\/workshop-debate-sobre-uma-nova-ligacao-do-planalto-a-baixada-santista\/#primaryimage\"},\"thumbnailUrl\":\"https:\/\/www.institutodeengenharia.org.br\/site\/wp-content\/uploads\/2023\/07\/Creditos-da-foto-Concesson.jpg\",\"datePublished\":\"2023-07-20T14:49:50+00:00\",\"dateModified\":\"2023-07-20T19:32:20+00:00\",\"breadcrumb\":{\"@id\":\"https:\/\/www.institutodeengenharia.org.br\/site\/2023\/07\/20\/workshop-debate-sobre-uma-nova-ligacao-do-planalto-a-baixada-santista\/#breadcrumb\"},\"inLanguage\":\"pt-BR\",\"potentialAction\":[{\"@type\":\"ReadAction\",\"target\":[\"https:\/\/www.institutodeengenharia.org.br\/site\/2023\/07\/20\/workshop-debate-sobre-uma-nova-ligacao-do-planalto-a-baixada-santista\/\"]}]},{\"@type\":\"ImageObject\",\"inLanguage\":\"pt-BR\",\"@id\":\"https:\/\/www.institutodeengenharia.org.br\/site\/2023\/07\/20\/workshop-debate-sobre-uma-nova-ligacao-do-planalto-a-baixada-santista\/#primaryimage\",\"url\":\"https:\/\/www.institutodeengenharia.org.br\/site\/wp-content\/uploads\/2023\/07\/Creditos-da-foto-Concesson.jpg\",\"contentUrl\":\"https:\/\/www.institutodeengenharia.org.br\/site\/wp-content\/uploads\/2023\/07\/Creditos-da-foto-Concesson.jpg\",\"width\":1920,\"height\":1080},{\"@type\":\"BreadcrumbList\",\"@id\":\"https:\/\/www.institutodeengenharia.org.br\/site\/2023\/07\/20\/workshop-debate-sobre-uma-nova-ligacao-do-planalto-a-baixada-santista\/#breadcrumb\",\"itemListElement\":[{\"@type\":\"ListItem\",\"position\":1,\"name\":\"In\u00edcio\",\"item\":\"https:\/\/www.institutodeengenharia.org.br\/site\/\"},{\"@type\":\"ListItem\",\"position\":2,\"name\":\"Workshop: Debate sobre uma nova liga\u00e7\u00e3o do planalto \u00e0 baixada santista\"}]},{\"@type\":\"WebSite\",\"@id\":\"https:\/\/www.institutodeengenharia.org.br\/site\/#website\",\"url\":\"https:\/\/www.institutodeengenharia.org.br\/site\/\",\"name\":\"Instituto de Engenharia\",\"description\":\"O Instituto de Engenharia promove a Engenharia em benef\u00edcio do desenvolvimento e da qualidade de vida da sociedade.\",\"publisher\":{\"@id\":\"https:\/\/www.institutodeengenharia.org.br\/site\/#organization\"},\"potentialAction\":[{\"@type\":\"SearchAction\",\"target\":{\"@type\":\"EntryPoint\",\"urlTemplate\":\"https:\/\/www.institutodeengenharia.org.br\/site\/?s={search_term_string}\"},\"query-input\":{\"@type\":\"PropertyValueSpecification\",\"valueRequired\":true,\"valueName\":\"search_term_string\"}}],\"inLanguage\":\"pt-BR\"},{\"@type\":\"Organization\",\"@id\":\"https:\/\/www.institutodeengenharia.org.br\/site\/#organization\",\"name\":\"Instituto de Engenharia\",\"url\":\"https:\/\/www.institutodeengenharia.org.br\/site\/\",\"logo\":{\"@type\":\"ImageObject\",\"inLanguage\":\"pt-BR\",\"@id\":\"https:\/\/www.institutodeengenharia.org.br\/site\/#\/schema\/logo\/image\/\",\"url\":\"https:\/\/www.institutodeengenharia.org.br\/site\/wp-content\/uploads\/2019\/03\/logo-novo-IE2018-1.jpg\",\"contentUrl\":\"https:\/\/www.institutodeengenharia.org.br\/site\/wp-content\/uploads\/2019\/03\/logo-novo-IE2018-1.jpg\",\"width\":1486,\"height\":1879,\"caption\":\"Instituto de Engenharia\"},\"image\":{\"@id\":\"https:\/\/www.institutodeengenharia.org.br\/site\/#\/schema\/logo\/image\/\"},\"sameAs\":[\"https:\/\/www.facebook.com\/institutodeengenharia\",\"https:\/\/x.com\/iengenharia\",\"https:\/\/www.instagram.com\/institutodeengenharia\/\",\"https:\/\/www.linkedin.com\/company\/instituto-de-engenharia\/\",\"https:\/\/www.youtube.com\/channel\/UCXiCAlsSMe977vamW915HxA\"]},{\"@type\":\"Person\",\"@id\":\"https:\/\/www.institutodeengenharia.org.br\/site\/#\/schema\/person\/aeb64951c405e100d26d30b033dd423f\",\"name\":\"Bianca\",\"image\":{\"@type\":\"ImageObject\",\"inLanguage\":\"pt-BR\",\"@id\":\"https:\/\/secure.gravatar.com\/avatar\/a6fbe9bff57405baf4c1e2c5c1811e072b558253974a9f9508f4678900c97c2a?s=96&d=mm&r=g\",\"url\":\"https:\/\/secure.gravatar.com\/avatar\/a6fbe9bff57405baf4c1e2c5c1811e072b558253974a9f9508f4678900c97c2a?s=96&d=mm&r=g\",\"contentUrl\":\"https:\/\/secure.gravatar.com\/avatar\/a6fbe9bff57405baf4c1e2c5c1811e072b558253974a9f9508f4678900c97c2a?s=96&d=mm&r=g\",\"caption\":\"Bianca\"},\"url\":\"https:\/\/www.institutodeengenharia.org.br\/site\/author\/comunicacao1\/\"}]}<\/script>\n<!-- \/ Yoast SEO plugin. -->","yoast_head_json":{"title":"Workshop: Debate sobre uma nova liga\u00e7\u00e3o do planalto \u00e0 baixada santista - Instituto de Engenharia","robots":{"index":"index","follow":"follow","max-snippet":"max-snippet:-1","max-image-preview":"max-image-preview:large","max-video-preview":"max-video-preview:-1"},"canonical":"https:\/\/www.institutodeengenharia.org.br\/site\/2023\/07\/20\/workshop-debate-sobre-uma-nova-ligacao-do-planalto-a-baixada-santista\/","og_locale":"pt_BR","og_type":"article","og_title":"Workshop: Debate sobre uma nova liga\u00e7\u00e3o do planalto \u00e0 baixada santista","og_description":"O Instituto de Engenharia promover\u00e1 um amplo debate sobre uma nova liga\u00e7\u00e3o entre o Planalto e a Baixada Santista, agregando solu\u00e7\u00f5es de alta tecnologia para a infraestrutura do s\u00e9culo 21.","og_url":"https:\/\/www.institutodeengenharia.org.br\/site\/2023\/07\/20\/workshop-debate-sobre-uma-nova-ligacao-do-planalto-a-baixada-santista\/","og_site_name":"Instituto de Engenharia","article_publisher":"https:\/\/www.facebook.com\/institutodeengenharia","article_published_time":"2023-07-20T14:49:50+00:00","article_modified_time":"2023-07-20T19:32:20+00:00","og_image":[{"width":1920,"height":1080,"url":"https:\/\/www.institutodeengenharia.org.br\/site\/wp-content\/uploads\/2023\/07\/Creditos-da-foto-Concesson.jpg","type":"image\/jpeg"}],"author":"Bianca","twitter_card":"summary_large_image","twitter_title":"Workshop: Debate sobre uma nova liga\u00e7\u00e3o do planalto \u00e0 baixada santista","twitter_description":"O Instituto de Engenharia promover\u00e1 um amplo debate sobre uma nova liga\u00e7\u00e3o entre o Planalto e a Baixada Santista, agregando solu\u00e7\u00f5es de alta tecnologia para a infraestrutura do s\u00e9culo 21.","twitter_image":"https:\/\/www.institutodeengenharia.org.br\/site\/wp-content\/uploads\/2023\/07\/Creditos-da-foto-Concesson.jpg","twitter_creator":"@iengenharia","twitter_site":"@iengenharia","twitter_misc":{"Escrito por":"Bianca","Est. tempo de leitura":"5 minutos"},"schema":{"@context":"https:\/\/schema.org","@graph":[{"@type":"Article","@id":"https:\/\/www.institutodeengenharia.org.br\/site\/2023\/07\/20\/workshop-debate-sobre-uma-nova-ligacao-do-planalto-a-baixada-santista\/#article","isPartOf":{"@id":"https:\/\/www.institutodeengenharia.org.br\/site\/2023\/07\/20\/workshop-debate-sobre-uma-nova-ligacao-do-planalto-a-baixada-santista\/"},"author":{"name":"Bianca","@id":"https:\/\/www.institutodeengenharia.org.br\/site\/#\/schema\/person\/aeb64951c405e100d26d30b033dd423f"},"headline":"Workshop: Debate sobre uma nova liga\u00e7\u00e3o do planalto \u00e0 baixada santista","datePublished":"2023-07-20T14:49:50+00:00","dateModified":"2023-07-20T19:32:20+00:00","mainEntityOfPage":{"@id":"https:\/\/www.institutodeengenharia.org.br\/site\/2023\/07\/20\/workshop-debate-sobre-uma-nova-ligacao-do-planalto-a-baixada-santista\/"},"wordCount":788,"commentCount":0,"publisher":{"@id":"https:\/\/www.institutodeengenharia.org.br\/site\/#organization"},"image":{"@id":"https:\/\/www.institutodeengenharia.org.br\/site\/2023\/07\/20\/workshop-debate-sobre-uma-nova-ligacao-do-planalto-a-baixada-santista\/#primaryimage"},"thumbnailUrl":"https:\/\/www.institutodeengenharia.org.br\/site\/wp-content\/uploads\/2023\/07\/Creditos-da-foto-Concesson.jpg","keywords":["video-home"],"articleSection":["Nova TV Engenharia","Palestra"],"inLanguage":"pt-BR","potentialAction":[{"@type":"CommentAction","name":"Comment","target":["https:\/\/www.institutodeengenharia.org.br\/site\/2023\/07\/20\/workshop-debate-sobre-uma-nova-ligacao-do-planalto-a-baixada-santista\/#respond"]}]},{"@type":"WebPage","@id":"https:\/\/www.institutodeengenharia.org.br\/site\/2023\/07\/20\/workshop-debate-sobre-uma-nova-ligacao-do-planalto-a-baixada-santista\/","url":"https:\/\/www.institutodeengenharia.org.br\/site\/2023\/07\/20\/workshop-debate-sobre-uma-nova-ligacao-do-planalto-a-baixada-santista\/","name":"Workshop: Debate sobre uma nova liga\u00e7\u00e3o do planalto \u00e0 baixada santista - Instituto de Engenharia","isPartOf":{"@id":"https:\/\/www.institutodeengenharia.org.br\/site\/#website"},"primaryImageOfPage":{"@id":"https:\/\/www.institutodeengenharia.org.br\/site\/2023\/07\/20\/workshop-debate-sobre-uma-nova-ligacao-do-planalto-a-baixada-santista\/#primaryimage"},"image":{"@id":"https:\/\/www.institutodeengenharia.org.br\/site\/2023\/07\/20\/workshop-debate-sobre-uma-nova-ligacao-do-planalto-a-baixada-santista\/#primaryimage"},"thumbnailUrl":"https:\/\/www.institutodeengenharia.org.br\/site\/wp-content\/uploads\/2023\/07\/Creditos-da-foto-Concesson.jpg","datePublished":"2023-07-20T14:49:50+00:00","dateModified":"2023-07-20T19:32:20+00:00","breadcrumb":{"@id":"https:\/\/www.institutodeengenharia.org.br\/site\/2023\/07\/20\/workshop-debate-sobre-uma-nova-ligacao-do-planalto-a-baixada-santista\/#breadcrumb"},"inLanguage":"pt-BR","potentialAction":[{"@type":"ReadAction","target":["https:\/\/www.institutodeengenharia.org.br\/site\/2023\/07\/20\/workshop-debate-sobre-uma-nova-ligacao-do-planalto-a-baixada-santista\/"]}]},{"@type":"ImageObject","inLanguage":"pt-BR","@id":"https:\/\/www.institutodeengenharia.org.br\/site\/2023\/07\/20\/workshop-debate-sobre-uma-nova-ligacao-do-planalto-a-baixada-santista\/#primaryimage","url":"https:\/\/www.institutodeengenharia.org.br\/site\/wp-content\/uploads\/2023\/07\/Creditos-da-foto-Concesson.jpg","contentUrl":"https:\/\/www.institutodeengenharia.org.br\/site\/wp-content\/uploads\/2023\/07\/Creditos-da-foto-Concesson.jpg","width":1920,"height":1080},{"@type":"BreadcrumbList","@id":"https:\/\/www.institutodeengenharia.org.br\/site\/2023\/07\/20\/workshop-debate-sobre-uma-nova-ligacao-do-planalto-a-baixada-santista\/#breadcrumb","itemListElement":[{"@type":"ListItem","position":1,"name":"In\u00edcio","item":"https:\/\/www.institutodeengenharia.org.br\/site\/"},{"@type":"ListItem","position":2,"name":"Workshop: Debate sobre uma nova liga\u00e7\u00e3o do planalto \u00e0 baixada santista"}]},{"@type":"WebSite","@id":"https:\/\/www.institutodeengenharia.org.br\/site\/#website","url":"https:\/\/www.institutodeengenharia.org.br\/site\/","name":"Instituto de Engenharia","description":"O Instituto de Engenharia promove a Engenharia em benef\u00edcio do desenvolvimento e da qualidade de vida da sociedade.","publisher":{"@id":"https:\/\/www.institutodeengenharia.org.br\/site\/#organization"},"potentialAction":[{"@type":"SearchAction","target":{"@type":"EntryPoint","urlTemplate":"https:\/\/www.institutodeengenharia.org.br\/site\/?s={search_term_string}"},"query-input":{"@type":"PropertyValueSpecification","valueRequired":true,"valueName":"search_term_string"}}],"inLanguage":"pt-BR"},{"@type":"Organization","@id":"https:\/\/www.institutodeengenharia.org.br\/site\/#organization","name":"Instituto de Engenharia","url":"https:\/\/www.institutodeengenharia.org.br\/site\/","logo":{"@type":"ImageObject","inLanguage":"pt-BR","@id":"https:\/\/www.institutodeengenharia.org.br\/site\/#\/schema\/logo\/image\/","url":"https:\/\/www.institutodeengenharia.org.br\/site\/wp-content\/uploads\/2019\/03\/logo-novo-IE2018-1.jpg","contentUrl":"https:\/\/www.institutodeengenharia.org.br\/site\/wp-content\/uploads\/2019\/03\/logo-novo-IE2018-1.jpg","width":1486,"height":1879,"caption":"Instituto de Engenharia"},"image":{"@id":"https:\/\/www.institutodeengenharia.org.br\/site\/#\/schema\/logo\/image\/"},"sameAs":["https:\/\/www.facebook.com\/institutodeengenharia","https:\/\/x.com\/iengenharia","https:\/\/www.instagram.com\/institutodeengenharia\/","https:\/\/www.linkedin.com\/company\/instituto-de-engenharia\/","https:\/\/www.youtube.com\/channel\/UCXiCAlsSMe977vamW915HxA"]},{"@type":"Person","@id":"https:\/\/www.institutodeengenharia.org.br\/site\/#\/schema\/person\/aeb64951c405e100d26d30b033dd423f","name":"Bianca","image":{"@type":"ImageObject","inLanguage":"pt-BR","@id":"https:\/\/secure.gravatar.com\/avatar\/a6fbe9bff57405baf4c1e2c5c1811e072b558253974a9f9508f4678900c97c2a?s=96&d=mm&r=g","url":"https:\/\/secure.gravatar.com\/avatar\/a6fbe9bff57405baf4c1e2c5c1811e072b558253974a9f9508f4678900c97c2a?s=96&d=mm&r=g","contentUrl":"https:\/\/secure.gravatar.com\/avatar\/a6fbe9bff57405baf4c1e2c5c1811e072b558253974a9f9508f4678900c97c2a?s=96&d=mm&r=g","caption":"Bianca"},"url":"https:\/\/www.institutodeengenharia.org.br\/site\/author\/comunicacao1\/"}]}},"_links":{"self":[{"href":"https:\/\/www.institutodeengenharia.org.br\/site\/wp-json\/wp\/v2\/posts\/109436","targetHints":{"allow":["GET"]}}],"collection":[{"href":"https:\/\/www.institutodeengenharia.org.br\/site\/wp-json\/wp\/v2\/posts"}],"about":[{"href":"https:\/\/www.institutodeengenharia.org.br\/site\/wp-json\/wp\/v2\/types\/post"}],"author":[{"embeddable":true,"href":"https:\/\/www.institutodeengenharia.org.br\/site\/wp-json\/wp\/v2\/users\/13"}],"replies":[{"embeddable":true,"href":"https:\/\/www.institutodeengenharia.org.br\/site\/wp-json\/wp\/v2\/comments?post=109436"}],"version-history":[{"count":2,"href":"https:\/\/www.institutodeengenharia.org.br\/site\/wp-json\/wp\/v2\/posts\/109436\/revisions"}],"predecessor-version":[{"id":109446,"href":"https:\/\/www.institutodeengenharia.org.br\/site\/wp-json\/wp\/v2\/posts\/109436\/revisions\/109446"}],"wp:featuredmedia":[{"embeddable":true,"href":"https:\/\/www.institutodeengenharia.org.br\/site\/wp-json\/wp\/v2\/media\/109437"}],"wp:attachment":[{"href":"https:\/\/www.institutodeengenharia.org.br\/site\/wp-json\/wp\/v2\/media?parent=109436"}],"wp:term":[{"taxonomy":"category","embeddable":true,"href":"https:\/\/www.institutodeengenharia.org.br\/site\/wp-json\/wp\/v2\/categories?post=109436"},{"taxonomy":"post_tag","embeddable":true,"href":"https:\/\/www.institutodeengenharia.org.br\/site\/wp-json\/wp\/v2\/tags?post=109436"}],"curies":[{"name":"wp","href":"https:\/\/api.w.org\/{rel}","templated":true}]}}