{"id":108068,"date":"2023-07-04T17:01:22","date_gmt":"2023-07-04T20:01:22","guid":{"rendered":"https:\/\/www.institutodeengenharia.org.br\/site\/?p=108068"},"modified":"2023-07-04T17:01:22","modified_gmt":"2023-07-04T20:01:22","slug":"por-jose-eduardo-cavalcanti-as-barragens-de-mariana-e-de-brumadinho-poderiam-nao-ter-existido","status":"publish","type":"post","link":"https:\/\/www.institutodeengenharia.org.br\/site\/2023\/07\/04\/por-jose-eduardo-cavalcanti-as-barragens-de-mariana-e-de-brumadinho-poderiam-nao-ter-existido\/","title":{"rendered":"Por Jos\u00e9 Eduardo Cavalcanti \u2013 As barragens de Mariana e de Brumadinho poderiam n\u00e3o ter existido"},"content":{"rendered":"<p>A Ag\u00eancia Nacional de Minera\u00e7\u00e3o (ANM), inspirada no hist\u00f3rico recente de rom- pimentos de barragens de rejeitos de minera\u00e7\u00e3o pelo m\u00e9todo construtivo \u201ca montante\u201d, notadamente em Itabirito, Mariana e Brumadinho, todas elas situadas no Estado de Minas Gerais, emitiu em 15 de fevereiro de 2019, a Resolu\u00e7\u00e3o N\u00ba 4 estabelecendo: \u201cmedidas regulat\u00f3rias cautelares objetivando assegurar a estabilidade de barragens de minera\u00e7\u00e3o, notadamente aquelas constru\u00eddas ou alteadas pelo m\u00e9todo denominado \u2018a montante\u2019 ou por m\u00e9todo declarado como desconhecido\u201d.<\/p>\n<p>De acordo com a ANM, existem atualmente 84 barragens de minera\u00e7\u00e3o constru\u00eddas ou alteadas pelo m\u00e9todo \u201ca montante\u201d ou por m\u00e9todo declarado como desconhecido na Pol\u00edtica Nacional de Seguran\u00e7a de Barragens (PNSB).<\/p>\n<p>Ainda de acordo com a ANM, \u201cexistem 218 barragens de minera\u00e7\u00e3o classificadas como de alto dano potencial associado \u2013 ou seja, dano que pode ocorrer devido ao rom pimento ou mau funcionamento de uma barragem, independentemente da sua probabilidade de ocorr\u00eancia, com possibilidade de perda de vidas humanas e s\u00e9rios danos sociais, econ\u00f4micos e ambientais\u201d.<\/p>\n<p>O Art. 2\u00ba desta Resolu\u00e7\u00e3o \u201cpro\u00edbe a utiliza\u00e7\u00e3o do m\u00e9todo de constru\u00e7\u00e3o ou alteamento de barragens de minera\u00e7\u00e3o denominado \u2018a montante\u2019 em todo o territ\u00f3- rio nacional\u201d.<\/p>\n<p>No Par\u00e1grafo \u00danico do Art. 5\u00ba, a ANM diz: \u201cexigir\u00e1 do \u00a0empreendedor a utiliza\u00e7\u00e3o de m\u00e9todo alternativo de disposi\u00e7\u00e3o de rejeito, caso a constru\u00e7\u00e3o ou amplia\u00e7\u00e3o da bar- ragem se mostre inadequada, mesmo ap\u00f3s consideradas as alternativas locacionais\u201d.<\/p>\n<p>O m\u00e9todo alternativo de disposi\u00e7\u00e3o de rejeito n\u00e3o inclui a constru\u00e7\u00e3o de qualquer tipo de barragem, muito menos \u00a0as denominadas \u201ca montante\u201d, porque se baseia em aden- samentos mec\u00e2nicos da polpa de rejeitos transformando&#8211;os em tortas ou pastas de consist\u00eancia semiss\u00f3lidas prontos para disposi\u00e7\u00e3o em aterros, bacias ou cavas desativadas \u00a0ou para um eventual reaproveitamento.<\/p>\n<p>Disposi\u00e7\u00e3o em pastas e em tortas s\u00e3o as duas tecnolo gias de deposi\u00e7\u00e3o do tipo \u201cDry Stacking\u201d (empilhamento a seco), atualmente consideradas para o setor de minera\u00e7\u00e3o.<\/p>\n<p>As pastas s\u00e3o caracterizadas como sendo uma por\u00e7\u00e3o \u00a0de mat\u00e9ria formada por elevada porcentagem de part\u00edculass s\u00f3lidas insol\u00faveis, aglutinadas ou ligadas com subst\u00e2ncia \u00a0l\u00edquida, caracterizada por sua plasticidade e viscosidade sendo assim considerados como f luidos n\u00e3o newtonianos.<\/p>\n<p>As pastas de rejeitos minerais s\u00e3o produzidas por meio de espessadores especiais, projetados para operar com altas porcentagens de s\u00f3lidos e altas viscosidades, dispondo de altos torques e meios para extra\u00e7\u00e3o de flu dos n\u00e3o newtonianos do \u201cunderflow\u201d.<\/p>\n<p>As pastas n\u00e3o sedimentam ou desagregam, n\u00e3o segregam e n\u00e3o re- polpam facilmente, portanto resistentes a chuvas eventuais. Possuem \u00a0\u00a0altas porcentagens de s\u00f3lidos mantendo a forma e resist\u00eancia mec\u00e2nica, al\u00e9m de apresentar altas viscosidades e tens\u00f5es de cisalhamento.<\/p>\n<p>Barragens de rejeitos cont\u00eam normalmente em torno de 45% de \u00e1gua e 55% de s\u00f3lidos; para efeito de compara\u00e7\u00e3o, as pastas cont\u00eam durante deposi\u00e7\u00e3o, cerca de 65% de s\u00f3lidos e 35% de \u00e1gua, secando rapidamente por capilaridade, formando dep\u00f3sito s\u00f3lido.<\/p>\n<p>Tortas de filtros prensa cont\u00eam normalmente cerca de 85% de s\u00f3lidos e aproximadamente 15% de \u00e1gua, enquanto as tortas de filtros horizontais de correia a v\u00e1cuo (HBF) cont\u00eam normalmente cerca de 78% de s\u00f3lidos e 22% de \u00e1gua.<\/p>\n<p>Entretanto, nem todos os rejeitos minerais s\u00e3o pass\u00ed veis de produ\u00e7\u00e3o de pastas, portanto testes em escala de laborat\u00f3rio s\u00e3o necess\u00e1rios para levantamento das proprie- dades, inclusive reologias, para os c\u00e1lculos de dimensiona mento dos componentes do sistema, como bombas, tubu la\u00e7\u00e3o, \u00e1reas selecionadas, forma de deposi\u00e7\u00e3o da pasta etc.<\/p>\n<p>A deposi\u00e7\u00e3o de pastas, al\u00e9m de requerer uma \u00e1rea total substancialmente menor que as barragens, permite uma \u00a0grande seguran\u00e7a operacional, prote\u00e7\u00e3o para a popula\u00e7\u00e3o circunvizinha e a sua regenera\u00e7\u00e3o \u00e0s condi\u00e7\u00f5es ambientalmente aceit\u00e1veis, al\u00e9m de promover uma maior recupera\u00e7\u00e3o de \u00e1gua para re\u00faso no processo.<\/p>\n<p>Uma das causas de rompimento das barragens de rejeitos se deve principalmente \u00e0 \u00e1gua livre contida nos dep\u00f3sitos. As pastas n\u00e3o possuem \u00e1gua livre, mantendo a consist\u00eancia de uma lava vulc\u00e2nica. Ap\u00f3s sua secagem, as pastas permitem a superposi\u00e7\u00e3o de camadas at\u00e9 a recupera\u00e7\u00e3o total da \u00e1rea utilizada.<\/p>\n<p>A utiliza\u00e7\u00e3o da deposi\u00e7\u00e3o conjunta de rejeitos diversos \u00a0e pasta permite centralizar a deposi\u00e7\u00e3o em um \u00fanico local com a recupera\u00e7\u00e3o dos terrenos para utiliza\u00e7\u00e3o futura.<\/p>\n<p>O Valor Presente L\u00edquido, envolvendo CAPEX e OPEX anual, referente \u00e0s solu\u00e7\u00f5es por barragem de rejeitos ou \u00a0por espessamento mec\u00e2nico da polpa em forma de pasta se equivalem \u2013 por\u00e9m, os riscos sociais e ambientais evolvidos na solu\u00e7\u00e3o por barragens s\u00e3o incomensuravelmente maiores como lamentavelmente estamos presenciando.<\/p>\n<p>________________________________________________________________________<\/p>\n<p><img loading=\"lazy\" decoding=\"async\" class=\"wp-image-31353 alignleft td-animation-stack-type0-2\" src=\"https:\/\/www.institutodeengenharia.org.br\/site\/wp-content\/uploads\/2018\/02\/cavalcanti-alta2-e1547225067645.jpg\" sizes=\"auto, (max-width: 169px) 100vw, 169px\" srcset=\"https:\/\/www.institutodeengenharia.org.br\/site\/wp-content\/uploads\/2018\/02\/cavalcanti-alta2-e1547225067645.jpg 606w, https:\/\/www.institutodeengenharia.org.br\/site\/wp-content\/uploads\/2018\/02\/cavalcanti-alta2-e1547225067645-150x150.jpg 150w, https:\/\/www.institutodeengenharia.org.br\/site\/wp-content\/uploads\/2018\/02\/cavalcanti-alta2-e1547225067645-298x300.jpg 298w, https:\/\/www.institutodeengenharia.org.br\/site\/wp-content\/uploads\/2018\/02\/cavalcanti-alta2-e1547225067645-417x420.jpg 417w\" alt=\"\" width=\"169\" height=\"170\" \/><\/p>\n<p>Jos\u00e9 Eduardo Cavalcanti \u00e9 engenheiro consultor, diretor do Departamento de Engenharia da Ambiental do Brasil, diretor da Divis\u00e3o de Saneamento do Deinfra \u2013 Departamento de Infraestrutura da Federa\u00e7\u00e3o das Ind\u00fastrias do Estado de S\u00e3o Paulo (Fiesp), conselheiro do Instituto de Engenharia, e membro da Comiss\u00e3o Editorial da Revista Engenharia. E-mail:\u00a0<a href=\"mailto:cavalcanti@ambientaldobrasil.com.br\">cavalcanti@ambientaldobrasil.com.br<\/a><\/p>\n<p>*<em>Os artigos publicados com assinatura, n\u00e3o traduzem necessariamente a opini\u00e3o do Instituto de Engenharia. Sua publica\u00e7\u00e3o obedece ao prop\u00f3sito de estimular o debate dos problemas brasileiros e de refletir as diversas tend\u00eancias do pensamento contempor\u00e2neo<\/em><\/p>\n","protected":false},"excerpt":{"rendered":"<p>A Ag\u00eancia Nacional de Minera\u00e7\u00e3o (ANM), inspirada no hist\u00f3rico recente de rom- pimentos de barragens de rejeitos de minera\u00e7\u00e3o pelo m\u00e9todo construtivo \u201ca montante\u201d, notadamente em Itabirito, Mariana e Brumadinho, todas elas situadas no Estado de Minas Gerais, emitiu em 15 de fevereiro de 2019, a Resolu\u00e7\u00e3o N\u00ba 4 estabelecendo: \u201cmedidas regulat\u00f3rias cautelares objetivando assegurar [&hellip;]<\/p>\n","protected":false},"author":13,"featured_media":108070,"comment_status":"open","ping_status":"open","sticky":false,"template":"","format":"standard","meta":{"footnotes":""},"categories":[11,92],"tags":[],"class_list":{"0":"post-108068","1":"post","2":"type-post","3":"status-publish","4":"format-standard","5":"has-post-thumbnail","7":"category-articulistas","8":"category-jose-eduardo-cavalcanti"},"yoast_head":"<!-- This site is optimized with the Yoast SEO plugin v27.2 - https:\/\/yoast.com\/product\/yoast-seo-wordpress\/ -->\n<title>Por Jos\u00e9 Eduardo Cavalcanti \u2013 As barragens de Mariana e de Brumadinho poderiam n\u00e3o ter existido - Instituto de Engenharia<\/title>\n<meta name=\"robots\" content=\"index, follow, max-snippet:-1, max-image-preview:large, max-video-preview:-1\" \/>\n<link rel=\"canonical\" href=\"https:\/\/www.institutodeengenharia.org.br\/site\/2023\/07\/04\/por-jose-eduardo-cavalcanti-as-barragens-de-mariana-e-de-brumadinho-poderiam-nao-ter-existido\/\" \/>\n<meta property=\"og:locale\" content=\"pt_BR\" \/>\n<meta property=\"og:type\" content=\"article\" \/>\n<meta property=\"og:title\" content=\"Por Jos\u00e9 Eduardo Cavalcanti \u2013 As barragens de Mariana e de Brumadinho poderiam n\u00e3o ter existido\" \/>\n<meta property=\"og:description\" content=\"A Ag\u00eancia Nacional de Minera\u00e7\u00e3o (ANM), inspirada no hist\u00f3rico recente de rom- pimentos de barragens de rejeitos de minera\u00e7\u00e3o pelo m\u00e9todo construtivo \u201ca montante\u201d, notadamente em Itabirito, Mariana e Brumadinho, todas elas situadas no Estado de Minas Gerais, emitiu em 15 de fevereiro de 2019, a Resolu\u00e7\u00e3o N\u00ba 4 estabelecendo: \u201cmedidas regulat\u00f3rias cautelares objetivando assegurar a estabilidade de barragens de minera\u00e7\u00e3o, notadamente aquelas constru\u00eddas ou alteadas pelo m\u00e9todo denominado \u2018a montante\u2019 ou por m\u00e9todo declarado como desconhecido\u201d.\" \/>\n<meta property=\"og:url\" content=\"https:\/\/www.institutodeengenharia.org.br\/site\/2023\/07\/04\/por-jose-eduardo-cavalcanti-as-barragens-de-mariana-e-de-brumadinho-poderiam-nao-ter-existido\/\" \/>\n<meta property=\"og:site_name\" content=\"Instituto de Engenharia\" \/>\n<meta property=\"article:publisher\" content=\"https:\/\/www.facebook.com\/institutodeengenharia\" \/>\n<meta property=\"article:published_time\" content=\"2023-07-04T20:01:22+00:00\" \/>\n<meta property=\"og:image\" content=\"https:\/\/www.institutodeengenharia.org.br\/site\/wp-content\/uploads\/2023\/07\/Design-sem-nome-93.jpg\" \/>\n\t<meta property=\"og:image:width\" content=\"1920\" \/>\n\t<meta property=\"og:image:height\" content=\"1080\" \/>\n\t<meta property=\"og:image:type\" content=\"image\/jpeg\" \/>\n<meta name=\"author\" content=\"Bianca\" \/>\n<meta name=\"twitter:card\" content=\"summary_large_image\" \/>\n<meta name=\"twitter:title\" content=\"Por Jos\u00e9 Eduardo Cavalcanti \u2013 As barragens de Mariana e de Brumadinho poderiam n\u00e3o ter existido\" \/>\n<meta name=\"twitter:description\" content=\"A Ag\u00eancia Nacional de Minera\u00e7\u00e3o (ANM), inspirada no hist\u00f3rico recente de rom- pimentos de barragens de rejeitos de minera\u00e7\u00e3o pelo m\u00e9todo construtivo \u201ca montante\u201d, notadamente em Itabirito, Mariana e Brumadinho, todas elas situadas no Estado de Minas Gerais, emitiu em 15 de fevereiro de 2019, a Resolu\u00e7\u00e3o N\u00ba 4 estabelecendo: \u201cmedidas regulat\u00f3rias cautelares objetivando assegurar a estabilidade de barragens de minera\u00e7\u00e3o, notadamente aquelas constru\u00eddas ou alteadas pelo m\u00e9todo denominado \u2018a montante\u2019 ou por m\u00e9todo declarado como desconhecido\u201d.\" \/>\n<meta name=\"twitter:image\" content=\"https:\/\/www.institutodeengenharia.org.br\/site\/wp-content\/uploads\/2023\/07\/Design-sem-nome-93.jpg\" \/>\n<meta name=\"twitter:creator\" content=\"@iengenharia\" \/>\n<meta name=\"twitter:site\" content=\"@iengenharia\" \/>\n<meta name=\"twitter:label1\" content=\"Escrito por\" \/>\n\t<meta name=\"twitter:data1\" content=\"Bianca\" \/>\n\t<meta name=\"twitter:label2\" content=\"Est. tempo de leitura\" \/>\n\t<meta name=\"twitter:data2\" content=\"5 minutos\" \/>\n<script type=\"application\/ld+json\" class=\"yoast-schema-graph\">{\"@context\":\"https:\/\/schema.org\",\"@graph\":[{\"@type\":\"Article\",\"@id\":\"https:\/\/www.institutodeengenharia.org.br\/site\/2023\/07\/04\/por-jose-eduardo-cavalcanti-as-barragens-de-mariana-e-de-brumadinho-poderiam-nao-ter-existido\/#article\",\"isPartOf\":{\"@id\":\"https:\/\/www.institutodeengenharia.org.br\/site\/2023\/07\/04\/por-jose-eduardo-cavalcanti-as-barragens-de-mariana-e-de-brumadinho-poderiam-nao-ter-existido\/\"},\"author\":{\"name\":\"Bianca\",\"@id\":\"https:\/\/www.institutodeengenharia.org.br\/site\/#\/schema\/person\/aeb64951c405e100d26d30b033dd423f\"},\"headline\":\"Por Jos\u00e9 Eduardo Cavalcanti \u2013 As barragens de Mariana e de Brumadinho poderiam n\u00e3o ter existido\",\"datePublished\":\"2023-07-04T20:01:22+00:00\",\"mainEntityOfPage\":{\"@id\":\"https:\/\/www.institutodeengenharia.org.br\/site\/2023\/07\/04\/por-jose-eduardo-cavalcanti-as-barragens-de-mariana-e-de-brumadinho-poderiam-nao-ter-existido\/\"},\"wordCount\":933,\"commentCount\":0,\"publisher\":{\"@id\":\"https:\/\/www.institutodeengenharia.org.br\/site\/#organization\"},\"image\":{\"@id\":\"https:\/\/www.institutodeengenharia.org.br\/site\/2023\/07\/04\/por-jose-eduardo-cavalcanti-as-barragens-de-mariana-e-de-brumadinho-poderiam-nao-ter-existido\/#primaryimage\"},\"thumbnailUrl\":\"https:\/\/www.institutodeengenharia.org.br\/site\/wp-content\/uploads\/2023\/07\/Design-sem-nome-93.jpg\",\"articleSection\":[\"Articulistas\",\"Jos\u00e9 Eduardo Cavalcanti\"],\"inLanguage\":\"pt-BR\",\"potentialAction\":[{\"@type\":\"CommentAction\",\"name\":\"Comment\",\"target\":[\"https:\/\/www.institutodeengenharia.org.br\/site\/2023\/07\/04\/por-jose-eduardo-cavalcanti-as-barragens-de-mariana-e-de-brumadinho-poderiam-nao-ter-existido\/#respond\"]}]},{\"@type\":\"WebPage\",\"@id\":\"https:\/\/www.institutodeengenharia.org.br\/site\/2023\/07\/04\/por-jose-eduardo-cavalcanti-as-barragens-de-mariana-e-de-brumadinho-poderiam-nao-ter-existido\/\",\"url\":\"https:\/\/www.institutodeengenharia.org.br\/site\/2023\/07\/04\/por-jose-eduardo-cavalcanti-as-barragens-de-mariana-e-de-brumadinho-poderiam-nao-ter-existido\/\",\"name\":\"Por Jos\u00e9 Eduardo Cavalcanti \u2013 As barragens de Mariana e de Brumadinho poderiam n\u00e3o ter existido - Instituto de Engenharia\",\"isPartOf\":{\"@id\":\"https:\/\/www.institutodeengenharia.org.br\/site\/#website\"},\"primaryImageOfPage\":{\"@id\":\"https:\/\/www.institutodeengenharia.org.br\/site\/2023\/07\/04\/por-jose-eduardo-cavalcanti-as-barragens-de-mariana-e-de-brumadinho-poderiam-nao-ter-existido\/#primaryimage\"},\"image\":{\"@id\":\"https:\/\/www.institutodeengenharia.org.br\/site\/2023\/07\/04\/por-jose-eduardo-cavalcanti-as-barragens-de-mariana-e-de-brumadinho-poderiam-nao-ter-existido\/#primaryimage\"},\"thumbnailUrl\":\"https:\/\/www.institutodeengenharia.org.br\/site\/wp-content\/uploads\/2023\/07\/Design-sem-nome-93.jpg\",\"datePublished\":\"2023-07-04T20:01:22+00:00\",\"breadcrumb\":{\"@id\":\"https:\/\/www.institutodeengenharia.org.br\/site\/2023\/07\/04\/por-jose-eduardo-cavalcanti-as-barragens-de-mariana-e-de-brumadinho-poderiam-nao-ter-existido\/#breadcrumb\"},\"inLanguage\":\"pt-BR\",\"potentialAction\":[{\"@type\":\"ReadAction\",\"target\":[\"https:\/\/www.institutodeengenharia.org.br\/site\/2023\/07\/04\/por-jose-eduardo-cavalcanti-as-barragens-de-mariana-e-de-brumadinho-poderiam-nao-ter-existido\/\"]}]},{\"@type\":\"ImageObject\",\"inLanguage\":\"pt-BR\",\"@id\":\"https:\/\/www.institutodeengenharia.org.br\/site\/2023\/07\/04\/por-jose-eduardo-cavalcanti-as-barragens-de-mariana-e-de-brumadinho-poderiam-nao-ter-existido\/#primaryimage\",\"url\":\"https:\/\/www.institutodeengenharia.org.br\/site\/wp-content\/uploads\/2023\/07\/Design-sem-nome-93.jpg\",\"contentUrl\":\"https:\/\/www.institutodeengenharia.org.br\/site\/wp-content\/uploads\/2023\/07\/Design-sem-nome-93.jpg\",\"width\":1920,\"height\":1080},{\"@type\":\"BreadcrumbList\",\"@id\":\"https:\/\/www.institutodeengenharia.org.br\/site\/2023\/07\/04\/por-jose-eduardo-cavalcanti-as-barragens-de-mariana-e-de-brumadinho-poderiam-nao-ter-existido\/#breadcrumb\",\"itemListElement\":[{\"@type\":\"ListItem\",\"position\":1,\"name\":\"In\u00edcio\",\"item\":\"https:\/\/www.institutodeengenharia.org.br\/site\/\"},{\"@type\":\"ListItem\",\"position\":2,\"name\":\"Por Jos\u00e9 Eduardo Cavalcanti \u2013 As barragens de Mariana e de Brumadinho poderiam n\u00e3o ter existido\"}]},{\"@type\":\"WebSite\",\"@id\":\"https:\/\/www.institutodeengenharia.org.br\/site\/#website\",\"url\":\"https:\/\/www.institutodeengenharia.org.br\/site\/\",\"name\":\"Instituto de Engenharia\",\"description\":\"O Instituto de Engenharia promove a Engenharia em benef\u00edcio do desenvolvimento e da qualidade de vida da sociedade.\",\"publisher\":{\"@id\":\"https:\/\/www.institutodeengenharia.org.br\/site\/#organization\"},\"potentialAction\":[{\"@type\":\"SearchAction\",\"target\":{\"@type\":\"EntryPoint\",\"urlTemplate\":\"https:\/\/www.institutodeengenharia.org.br\/site\/?s={search_term_string}\"},\"query-input\":{\"@type\":\"PropertyValueSpecification\",\"valueRequired\":true,\"valueName\":\"search_term_string\"}}],\"inLanguage\":\"pt-BR\"},{\"@type\":\"Organization\",\"@id\":\"https:\/\/www.institutodeengenharia.org.br\/site\/#organization\",\"name\":\"Instituto de Engenharia\",\"url\":\"https:\/\/www.institutodeengenharia.org.br\/site\/\",\"logo\":{\"@type\":\"ImageObject\",\"inLanguage\":\"pt-BR\",\"@id\":\"https:\/\/www.institutodeengenharia.org.br\/site\/#\/schema\/logo\/image\/\",\"url\":\"https:\/\/www.institutodeengenharia.org.br\/site\/wp-content\/uploads\/2019\/03\/logo-novo-IE2018-1.jpg\",\"contentUrl\":\"https:\/\/www.institutodeengenharia.org.br\/site\/wp-content\/uploads\/2019\/03\/logo-novo-IE2018-1.jpg\",\"width\":1486,\"height\":1879,\"caption\":\"Instituto de Engenharia\"},\"image\":{\"@id\":\"https:\/\/www.institutodeengenharia.org.br\/site\/#\/schema\/logo\/image\/\"},\"sameAs\":[\"https:\/\/www.facebook.com\/institutodeengenharia\",\"https:\/\/x.com\/iengenharia\",\"https:\/\/www.instagram.com\/institutodeengenharia\/\",\"https:\/\/www.linkedin.com\/company\/instituto-de-engenharia\/\",\"https:\/\/www.youtube.com\/channel\/UCXiCAlsSMe977vamW915HxA\"]},{\"@type\":\"Person\",\"@id\":\"https:\/\/www.institutodeengenharia.org.br\/site\/#\/schema\/person\/aeb64951c405e100d26d30b033dd423f\",\"name\":\"Bianca\",\"image\":{\"@type\":\"ImageObject\",\"inLanguage\":\"pt-BR\",\"@id\":\"https:\/\/secure.gravatar.com\/avatar\/a6fbe9bff57405baf4c1e2c5c1811e072b558253974a9f9508f4678900c97c2a?s=96&d=mm&r=g\",\"url\":\"https:\/\/secure.gravatar.com\/avatar\/a6fbe9bff57405baf4c1e2c5c1811e072b558253974a9f9508f4678900c97c2a?s=96&d=mm&r=g\",\"contentUrl\":\"https:\/\/secure.gravatar.com\/avatar\/a6fbe9bff57405baf4c1e2c5c1811e072b558253974a9f9508f4678900c97c2a?s=96&d=mm&r=g\",\"caption\":\"Bianca\"},\"url\":\"https:\/\/www.institutodeengenharia.org.br\/site\/author\/comunicacao1\/\"}]}<\/script>\n<!-- \/ Yoast SEO plugin. -->","yoast_head_json":{"title":"Por Jos\u00e9 Eduardo Cavalcanti \u2013 As barragens de Mariana e de Brumadinho poderiam n\u00e3o ter existido - Instituto de Engenharia","robots":{"index":"index","follow":"follow","max-snippet":"max-snippet:-1","max-image-preview":"max-image-preview:large","max-video-preview":"max-video-preview:-1"},"canonical":"https:\/\/www.institutodeengenharia.org.br\/site\/2023\/07\/04\/por-jose-eduardo-cavalcanti-as-barragens-de-mariana-e-de-brumadinho-poderiam-nao-ter-existido\/","og_locale":"pt_BR","og_type":"article","og_title":"Por Jos\u00e9 Eduardo Cavalcanti \u2013 As barragens de Mariana e de Brumadinho poderiam n\u00e3o ter existido","og_description":"A Ag\u00eancia Nacional de Minera\u00e7\u00e3o (ANM), inspirada no hist\u00f3rico recente de rom- pimentos de barragens de rejeitos de minera\u00e7\u00e3o pelo m\u00e9todo construtivo \u201ca montante\u201d, notadamente em Itabirito, Mariana e Brumadinho, todas elas situadas no Estado de Minas Gerais, emitiu em 15 de fevereiro de 2019, a Resolu\u00e7\u00e3o N\u00ba 4 estabelecendo: \u201cmedidas regulat\u00f3rias cautelares objetivando assegurar a estabilidade de barragens de minera\u00e7\u00e3o, notadamente aquelas constru\u00eddas ou alteadas pelo m\u00e9todo denominado \u2018a montante\u2019 ou por m\u00e9todo declarado como desconhecido\u201d.","og_url":"https:\/\/www.institutodeengenharia.org.br\/site\/2023\/07\/04\/por-jose-eduardo-cavalcanti-as-barragens-de-mariana-e-de-brumadinho-poderiam-nao-ter-existido\/","og_site_name":"Instituto de Engenharia","article_publisher":"https:\/\/www.facebook.com\/institutodeengenharia","article_published_time":"2023-07-04T20:01:22+00:00","og_image":[{"width":1920,"height":1080,"url":"https:\/\/www.institutodeengenharia.org.br\/site\/wp-content\/uploads\/2023\/07\/Design-sem-nome-93.jpg","type":"image\/jpeg"}],"author":"Bianca","twitter_card":"summary_large_image","twitter_title":"Por Jos\u00e9 Eduardo Cavalcanti \u2013 As barragens de Mariana e de Brumadinho poderiam n\u00e3o ter existido","twitter_description":"A Ag\u00eancia Nacional de Minera\u00e7\u00e3o (ANM), inspirada no hist\u00f3rico recente de rom- pimentos de barragens de rejeitos de minera\u00e7\u00e3o pelo m\u00e9todo construtivo \u201ca montante\u201d, notadamente em Itabirito, Mariana e Brumadinho, todas elas situadas no Estado de Minas Gerais, emitiu em 15 de fevereiro de 2019, a Resolu\u00e7\u00e3o N\u00ba 4 estabelecendo: \u201cmedidas regulat\u00f3rias cautelares objetivando assegurar a estabilidade de barragens de minera\u00e7\u00e3o, notadamente aquelas constru\u00eddas ou alteadas pelo m\u00e9todo denominado \u2018a montante\u2019 ou por m\u00e9todo declarado como desconhecido\u201d.","twitter_image":"https:\/\/www.institutodeengenharia.org.br\/site\/wp-content\/uploads\/2023\/07\/Design-sem-nome-93.jpg","twitter_creator":"@iengenharia","twitter_site":"@iengenharia","twitter_misc":{"Escrito por":"Bianca","Est. tempo de leitura":"5 minutos"},"schema":{"@context":"https:\/\/schema.org","@graph":[{"@type":"Article","@id":"https:\/\/www.institutodeengenharia.org.br\/site\/2023\/07\/04\/por-jose-eduardo-cavalcanti-as-barragens-de-mariana-e-de-brumadinho-poderiam-nao-ter-existido\/#article","isPartOf":{"@id":"https:\/\/www.institutodeengenharia.org.br\/site\/2023\/07\/04\/por-jose-eduardo-cavalcanti-as-barragens-de-mariana-e-de-brumadinho-poderiam-nao-ter-existido\/"},"author":{"name":"Bianca","@id":"https:\/\/www.institutodeengenharia.org.br\/site\/#\/schema\/person\/aeb64951c405e100d26d30b033dd423f"},"headline":"Por Jos\u00e9 Eduardo Cavalcanti \u2013 As barragens de Mariana e de Brumadinho poderiam n\u00e3o ter existido","datePublished":"2023-07-04T20:01:22+00:00","mainEntityOfPage":{"@id":"https:\/\/www.institutodeengenharia.org.br\/site\/2023\/07\/04\/por-jose-eduardo-cavalcanti-as-barragens-de-mariana-e-de-brumadinho-poderiam-nao-ter-existido\/"},"wordCount":933,"commentCount":0,"publisher":{"@id":"https:\/\/www.institutodeengenharia.org.br\/site\/#organization"},"image":{"@id":"https:\/\/www.institutodeengenharia.org.br\/site\/2023\/07\/04\/por-jose-eduardo-cavalcanti-as-barragens-de-mariana-e-de-brumadinho-poderiam-nao-ter-existido\/#primaryimage"},"thumbnailUrl":"https:\/\/www.institutodeengenharia.org.br\/site\/wp-content\/uploads\/2023\/07\/Design-sem-nome-93.jpg","articleSection":["Articulistas","Jos\u00e9 Eduardo Cavalcanti"],"inLanguage":"pt-BR","potentialAction":[{"@type":"CommentAction","name":"Comment","target":["https:\/\/www.institutodeengenharia.org.br\/site\/2023\/07\/04\/por-jose-eduardo-cavalcanti-as-barragens-de-mariana-e-de-brumadinho-poderiam-nao-ter-existido\/#respond"]}]},{"@type":"WebPage","@id":"https:\/\/www.institutodeengenharia.org.br\/site\/2023\/07\/04\/por-jose-eduardo-cavalcanti-as-barragens-de-mariana-e-de-brumadinho-poderiam-nao-ter-existido\/","url":"https:\/\/www.institutodeengenharia.org.br\/site\/2023\/07\/04\/por-jose-eduardo-cavalcanti-as-barragens-de-mariana-e-de-brumadinho-poderiam-nao-ter-existido\/","name":"Por Jos\u00e9 Eduardo Cavalcanti \u2013 As barragens de Mariana e de Brumadinho poderiam n\u00e3o ter existido - Instituto de Engenharia","isPartOf":{"@id":"https:\/\/www.institutodeengenharia.org.br\/site\/#website"},"primaryImageOfPage":{"@id":"https:\/\/www.institutodeengenharia.org.br\/site\/2023\/07\/04\/por-jose-eduardo-cavalcanti-as-barragens-de-mariana-e-de-brumadinho-poderiam-nao-ter-existido\/#primaryimage"},"image":{"@id":"https:\/\/www.institutodeengenharia.org.br\/site\/2023\/07\/04\/por-jose-eduardo-cavalcanti-as-barragens-de-mariana-e-de-brumadinho-poderiam-nao-ter-existido\/#primaryimage"},"thumbnailUrl":"https:\/\/www.institutodeengenharia.org.br\/site\/wp-content\/uploads\/2023\/07\/Design-sem-nome-93.jpg","datePublished":"2023-07-04T20:01:22+00:00","breadcrumb":{"@id":"https:\/\/www.institutodeengenharia.org.br\/site\/2023\/07\/04\/por-jose-eduardo-cavalcanti-as-barragens-de-mariana-e-de-brumadinho-poderiam-nao-ter-existido\/#breadcrumb"},"inLanguage":"pt-BR","potentialAction":[{"@type":"ReadAction","target":["https:\/\/www.institutodeengenharia.org.br\/site\/2023\/07\/04\/por-jose-eduardo-cavalcanti-as-barragens-de-mariana-e-de-brumadinho-poderiam-nao-ter-existido\/"]}]},{"@type":"ImageObject","inLanguage":"pt-BR","@id":"https:\/\/www.institutodeengenharia.org.br\/site\/2023\/07\/04\/por-jose-eduardo-cavalcanti-as-barragens-de-mariana-e-de-brumadinho-poderiam-nao-ter-existido\/#primaryimage","url":"https:\/\/www.institutodeengenharia.org.br\/site\/wp-content\/uploads\/2023\/07\/Design-sem-nome-93.jpg","contentUrl":"https:\/\/www.institutodeengenharia.org.br\/site\/wp-content\/uploads\/2023\/07\/Design-sem-nome-93.jpg","width":1920,"height":1080},{"@type":"BreadcrumbList","@id":"https:\/\/www.institutodeengenharia.org.br\/site\/2023\/07\/04\/por-jose-eduardo-cavalcanti-as-barragens-de-mariana-e-de-brumadinho-poderiam-nao-ter-existido\/#breadcrumb","itemListElement":[{"@type":"ListItem","position":1,"name":"In\u00edcio","item":"https:\/\/www.institutodeengenharia.org.br\/site\/"},{"@type":"ListItem","position":2,"name":"Por Jos\u00e9 Eduardo Cavalcanti \u2013 As barragens de Mariana e de Brumadinho poderiam n\u00e3o ter existido"}]},{"@type":"WebSite","@id":"https:\/\/www.institutodeengenharia.org.br\/site\/#website","url":"https:\/\/www.institutodeengenharia.org.br\/site\/","name":"Instituto de Engenharia","description":"O Instituto de Engenharia promove a Engenharia em benef\u00edcio do desenvolvimento e da qualidade de vida da sociedade.","publisher":{"@id":"https:\/\/www.institutodeengenharia.org.br\/site\/#organization"},"potentialAction":[{"@type":"SearchAction","target":{"@type":"EntryPoint","urlTemplate":"https:\/\/www.institutodeengenharia.org.br\/site\/?s={search_term_string}"},"query-input":{"@type":"PropertyValueSpecification","valueRequired":true,"valueName":"search_term_string"}}],"inLanguage":"pt-BR"},{"@type":"Organization","@id":"https:\/\/www.institutodeengenharia.org.br\/site\/#organization","name":"Instituto de Engenharia","url":"https:\/\/www.institutodeengenharia.org.br\/site\/","logo":{"@type":"ImageObject","inLanguage":"pt-BR","@id":"https:\/\/www.institutodeengenharia.org.br\/site\/#\/schema\/logo\/image\/","url":"https:\/\/www.institutodeengenharia.org.br\/site\/wp-content\/uploads\/2019\/03\/logo-novo-IE2018-1.jpg","contentUrl":"https:\/\/www.institutodeengenharia.org.br\/site\/wp-content\/uploads\/2019\/03\/logo-novo-IE2018-1.jpg","width":1486,"height":1879,"caption":"Instituto de Engenharia"},"image":{"@id":"https:\/\/www.institutodeengenharia.org.br\/site\/#\/schema\/logo\/image\/"},"sameAs":["https:\/\/www.facebook.com\/institutodeengenharia","https:\/\/x.com\/iengenharia","https:\/\/www.instagram.com\/institutodeengenharia\/","https:\/\/www.linkedin.com\/company\/instituto-de-engenharia\/","https:\/\/www.youtube.com\/channel\/UCXiCAlsSMe977vamW915HxA"]},{"@type":"Person","@id":"https:\/\/www.institutodeengenharia.org.br\/site\/#\/schema\/person\/aeb64951c405e100d26d30b033dd423f","name":"Bianca","image":{"@type":"ImageObject","inLanguage":"pt-BR","@id":"https:\/\/secure.gravatar.com\/avatar\/a6fbe9bff57405baf4c1e2c5c1811e072b558253974a9f9508f4678900c97c2a?s=96&d=mm&r=g","url":"https:\/\/secure.gravatar.com\/avatar\/a6fbe9bff57405baf4c1e2c5c1811e072b558253974a9f9508f4678900c97c2a?s=96&d=mm&r=g","contentUrl":"https:\/\/secure.gravatar.com\/avatar\/a6fbe9bff57405baf4c1e2c5c1811e072b558253974a9f9508f4678900c97c2a?s=96&d=mm&r=g","caption":"Bianca"},"url":"https:\/\/www.institutodeengenharia.org.br\/site\/author\/comunicacao1\/"}]}},"_links":{"self":[{"href":"https:\/\/www.institutodeengenharia.org.br\/site\/wp-json\/wp\/v2\/posts\/108068","targetHints":{"allow":["GET"]}}],"collection":[{"href":"https:\/\/www.institutodeengenharia.org.br\/site\/wp-json\/wp\/v2\/posts"}],"about":[{"href":"https:\/\/www.institutodeengenharia.org.br\/site\/wp-json\/wp\/v2\/types\/post"}],"author":[{"embeddable":true,"href":"https:\/\/www.institutodeengenharia.org.br\/site\/wp-json\/wp\/v2\/users\/13"}],"replies":[{"embeddable":true,"href":"https:\/\/www.institutodeengenharia.org.br\/site\/wp-json\/wp\/v2\/comments?post=108068"}],"version-history":[{"count":1,"href":"https:\/\/www.institutodeengenharia.org.br\/site\/wp-json\/wp\/v2\/posts\/108068\/revisions"}],"predecessor-version":[{"id":108071,"href":"https:\/\/www.institutodeengenharia.org.br\/site\/wp-json\/wp\/v2\/posts\/108068\/revisions\/108071"}],"wp:featuredmedia":[{"embeddable":true,"href":"https:\/\/www.institutodeengenharia.org.br\/site\/wp-json\/wp\/v2\/media\/108070"}],"wp:attachment":[{"href":"https:\/\/www.institutodeengenharia.org.br\/site\/wp-json\/wp\/v2\/media?parent=108068"}],"wp:term":[{"taxonomy":"category","embeddable":true,"href":"https:\/\/www.institutodeengenharia.org.br\/site\/wp-json\/wp\/v2\/categories?post=108068"},{"taxonomy":"post_tag","embeddable":true,"href":"https:\/\/www.institutodeengenharia.org.br\/site\/wp-json\/wp\/v2\/tags?post=108068"}],"curies":[{"name":"wp","href":"https:\/\/api.w.org\/{rel}","templated":true}]}}