{"id":107261,"date":"2023-06-19T10:22:35","date_gmt":"2023-06-19T13:22:35","guid":{"rendered":"https:\/\/www.institutodeengenharia.org.br\/site\/?p=107261"},"modified":"2023-06-19T10:22:47","modified_gmt":"2023-06-19T13:22:47","slug":"presidente-do-ie-prestigia-forum-ferrovias-em-foco","status":"publish","type":"post","link":"https:\/\/www.institutodeengenharia.org.br\/site\/2023\/06\/19\/presidente-do-ie-prestigia-forum-ferrovias-em-foco\/","title":{"rendered":"Presidente do IE prestigia F\u00f3rum Ferrovias em Foco"},"content":{"rendered":"<p>O presidente do Instituto de Engenharia, Jos\u00e9 Eduardo Jardim, prestigiou, em 15 de junho, o primeiro \u201cF\u00f3rum Ferrovias em Foco \u2013 pol\u00edticas p\u00fablicas para o setor\u201d, que aconteceu no Instituto de Pesquisas Tecnol\u00f3gicas (IPT), na Cidade Universit\u00e1ria, em S\u00e3o Paulo.<\/p>\n<p>O F\u00f3rum debateu os seguintes temas: o Setor Ferrovi\u00e1rio e as Pol\u00edticas Federais, o Setor Ferrovi\u00e1rio e as Pol\u00edticas Estaduais, os Programas de Investimentos e Desenvolvimento \u2013 Foco em Cargas, e os Programas de Investimentos e Desenvolvimento &#8211; Foco Passageiros\/Sistemas (metr\u00f4 e trens metropolitanos e expans\u00e3o).<\/p>\n<figure id=\"attachment_107260\" aria-describedby=\"caption-attachment-107260\" style=\"width: 276px\" class=\"wp-caption alignleft\"><img loading=\"lazy\" decoding=\"async\" class=\" wp-image-107260\" src=\"https:\/\/www.institutodeengenharia.org.br\/site\/wp-content\/uploads\/2023\/06\/2.jpeg\" alt=\"\" width=\"276\" height=\"270\" srcset=\"https:\/\/www.institutodeengenharia.org.br\/site\/wp-content\/uploads\/2023\/06\/2.jpeg 700w, https:\/\/www.institutodeengenharia.org.br\/site\/wp-content\/uploads\/2023\/06\/2-300x294.jpeg 300w, https:\/\/www.institutodeengenharia.org.br\/site\/wp-content\/uploads\/2023\/06\/2-696x682.jpeg 696w, https:\/\/www.institutodeengenharia.org.br\/site\/wp-content\/uploads\/2023\/06\/2-429x420.jpeg 429w, https:\/\/www.institutodeengenharia.org.br\/site\/wp-content\/uploads\/2023\/06\/2-600x588.jpeg 600w\" sizes=\"auto, (max-width: 276px) 100vw, 276px\" \/><figcaption id=\"caption-attachment-107260\" class=\"wp-caption-text\">\u00c0 esq., Vicente Abate, presidente da Abifer, com Jos\u00e9 Eduardo Jardim, presidente do IE<\/figcaption><\/figure>\n<p>Apoiado pelo Instituto de Engenharia, o evento foi organizado pela Associa\u00e7\u00e3o Brasileira da Ind\u00fastria Ferrovi\u00e1ria (ABIFER), Sindicato Interestadual da Ind\u00fastria de Materiais e Equipamentos Ferrovi\u00e1rios e Rodovi\u00e1rios (SIMEFRE), Associa\u00e7\u00e3o Latino-Americana de Ferrovias &#8211; Sede Brasil (ALAF\/Brasil), Instituto de Pesquisas Tecnol\u00f3gicas (IPT) e ViaBrasil Comunica\u00e7\u00e3o\/Revista Sobretrilhos.<\/p>\n<p>Dando sequ\u00eancia ao tema ferrovias, em agosto o Instituto de Engenharia realizar\u00e1 o workshop \u201cInteroperabilidade sobre Trilhos\u201d. O evento ser\u00e1 h\u00edbrido \u2013 presencial na sede do Instituto de Engenharia, e online pelo YouTube da entidade.<\/p>\n<p>Voc\u00ea j\u00e1 pode fazer sua inscri\u00e7\u00e3o, <a href=\"https:\/\/www.institutodeengenharia.org.br\/site\/events\/interoperabilidade-sobre-trilhos\/\">clicando aqui<\/a>.<\/p>\n","protected":false},"excerpt":{"rendered":"<p>O presidente do Instituto de Engenharia, Jos\u00e9 Eduardo Jardim, prestigiou, em 15 de junho, o primeiro \u201cF\u00f3rum Ferrovias em Foco \u2013 pol\u00edticas p\u00fablicas para o setor\u201d, que aconteceu no Instituto de Pesquisas Tecnol\u00f3gicas (IPT), na Cidade Universit\u00e1ria, em S\u00e3o Paulo. O F\u00f3rum debateu os seguintes temas: o Setor Ferrovi\u00e1rio e as Pol\u00edticas Federais, o Setor [&hellip;]<\/p>\n","protected":false},"author":2,"featured_media":107258,"comment_status":"open","ping_status":"open","sticky":false,"template":"","format":"standard","meta":{"footnotes":""},"categories":[27,6],"tags":[],"class_list":{"0":"post-107261","1":"post","2":"type-post","3":"status-publish","4":"format-standard","5":"has-post-thumbnail","7":"category-instituto-de-engenharia","8":"category-noticias"},"yoast_head":"<!-- This site is optimized with the Yoast SEO plugin v27.2 - https:\/\/yoast.com\/product\/yoast-seo-wordpress\/ -->\n<title>Presidente do IE prestigia F\u00f3rum Ferrovias em Foco - Instituto de Engenharia<\/title>\n<meta name=\"robots\" content=\"index, follow, max-snippet:-1, max-image-preview:large, max-video-preview:-1\" \/>\n<link rel=\"canonical\" href=\"https:\/\/www.institutodeengenharia.org.br\/site\/2023\/06\/19\/presidente-do-ie-prestigia-forum-ferrovias-em-foco\/\" \/>\n<meta property=\"og:locale\" content=\"pt_BR\" \/>\n<meta property=\"og:type\" content=\"article\" \/>\n<meta property=\"og:title\" content=\"Presidente do IE prestigia F\u00f3rum Ferrovias em Foco - Instituto de Engenharia\" \/>\n<meta property=\"og:description\" content=\"O presidente do Instituto de Engenharia, Jos\u00e9 Eduardo Jardim, prestigiou, em 15 de junho, o primeiro \u201cF\u00f3rum Ferrovias em Foco \u2013 pol\u00edticas p\u00fablicas para o setor\u201d, que aconteceu no Instituto de Pesquisas Tecnol\u00f3gicas (IPT), na Cidade Universit\u00e1ria, em S\u00e3o Paulo. O F\u00f3rum debateu os seguintes temas: o Setor Ferrovi\u00e1rio e as Pol\u00edticas Federais, o Setor [&hellip;]\" \/>\n<meta property=\"og:url\" content=\"https:\/\/www.institutodeengenharia.org.br\/site\/2023\/06\/19\/presidente-do-ie-prestigia-forum-ferrovias-em-foco\/\" \/>\n<meta property=\"og:site_name\" content=\"Instituto de Engenharia\" \/>\n<meta property=\"article:publisher\" content=\"https:\/\/www.facebook.com\/institutodeengenharia\" \/>\n<meta property=\"article:published_time\" content=\"2023-06-19T13:22:35+00:00\" \/>\n<meta property=\"article:modified_time\" content=\"2023-06-19T13:22:47+00:00\" \/>\n<meta property=\"og:image\" content=\"https:\/\/www.institutodeengenharia.org.br\/site\/wp-content\/uploads\/2023\/06\/1.jpeg\" \/>\n\t<meta property=\"og:image:width\" content=\"1275\" \/>\n\t<meta property=\"og:image:height\" content=\"520\" \/>\n\t<meta property=\"og:image:type\" content=\"image\/jpeg\" \/>\n<meta name=\"author\" content=\"Isabel\" \/>\n<meta name=\"twitter:card\" content=\"summary_large_image\" \/>\n<meta name=\"twitter:creator\" content=\"@iengenharia\" \/>\n<meta name=\"twitter:site\" content=\"@iengenharia\" \/>\n<meta name=\"twitter:label1\" content=\"Escrito por\" \/>\n\t<meta name=\"twitter:data1\" content=\"Isabel\" \/>\n\t<meta name=\"twitter:label2\" content=\"Est. tempo de leitura\" \/>\n\t<meta name=\"twitter:data2\" content=\"2 minutos\" \/>\n<script type=\"application\/ld+json\" class=\"yoast-schema-graph\">{\"@context\":\"https:\/\/schema.org\",\"@graph\":[{\"@type\":\"Article\",\"@id\":\"https:\/\/www.institutodeengenharia.org.br\/site\/2023\/06\/19\/presidente-do-ie-prestigia-forum-ferrovias-em-foco\/#article\",\"isPartOf\":{\"@id\":\"https:\/\/www.institutodeengenharia.org.br\/site\/2023\/06\/19\/presidente-do-ie-prestigia-forum-ferrovias-em-foco\/\"},\"author\":{\"name\":\"Isabel\",\"@id\":\"https:\/\/www.institutodeengenharia.org.br\/site\/#\/schema\/person\/d1764429c217aaa88954818c8f9a3036\"},\"headline\":\"Presidente do IE prestigia F\u00f3rum Ferrovias em Foco\",\"datePublished\":\"2023-06-19T13:22:35+00:00\",\"dateModified\":\"2023-06-19T13:22:47+00:00\",\"mainEntityOfPage\":{\"@id\":\"https:\/\/www.institutodeengenharia.org.br\/site\/2023\/06\/19\/presidente-do-ie-prestigia-forum-ferrovias-em-foco\/\"},\"wordCount\":226,\"commentCount\":0,\"publisher\":{\"@id\":\"https:\/\/www.institutodeengenharia.org.br\/site\/#organization\"},\"image\":{\"@id\":\"https:\/\/www.institutodeengenharia.org.br\/site\/2023\/06\/19\/presidente-do-ie-prestigia-forum-ferrovias-em-foco\/#primaryimage\"},\"thumbnailUrl\":\"https:\/\/www.institutodeengenharia.org.br\/site\/wp-content\/uploads\/2023\/06\/1.jpeg\",\"articleSection\":[\"Instituto de Engenharia\",\"Not\u00edcias\"],\"inLanguage\":\"pt-BR\",\"potentialAction\":[{\"@type\":\"CommentAction\",\"name\":\"Comment\",\"target\":[\"https:\/\/www.institutodeengenharia.org.br\/site\/2023\/06\/19\/presidente-do-ie-prestigia-forum-ferrovias-em-foco\/#respond\"]}]},{\"@type\":\"WebPage\",\"@id\":\"https:\/\/www.institutodeengenharia.org.br\/site\/2023\/06\/19\/presidente-do-ie-prestigia-forum-ferrovias-em-foco\/\",\"url\":\"https:\/\/www.institutodeengenharia.org.br\/site\/2023\/06\/19\/presidente-do-ie-prestigia-forum-ferrovias-em-foco\/\",\"name\":\"Presidente do IE prestigia F\u00f3rum Ferrovias em Foco - Instituto de Engenharia\",\"isPartOf\":{\"@id\":\"https:\/\/www.institutodeengenharia.org.br\/site\/#website\"},\"primaryImageOfPage\":{\"@id\":\"https:\/\/www.institutodeengenharia.org.br\/site\/2023\/06\/19\/presidente-do-ie-prestigia-forum-ferrovias-em-foco\/#primaryimage\"},\"image\":{\"@id\":\"https:\/\/www.institutodeengenharia.org.br\/site\/2023\/06\/19\/presidente-do-ie-prestigia-forum-ferrovias-em-foco\/#primaryimage\"},\"thumbnailUrl\":\"https:\/\/www.institutodeengenharia.org.br\/site\/wp-content\/uploads\/2023\/06\/1.jpeg\",\"datePublished\":\"2023-06-19T13:22:35+00:00\",\"dateModified\":\"2023-06-19T13:22:47+00:00\",\"breadcrumb\":{\"@id\":\"https:\/\/www.institutodeengenharia.org.br\/site\/2023\/06\/19\/presidente-do-ie-prestigia-forum-ferrovias-em-foco\/#breadcrumb\"},\"inLanguage\":\"pt-BR\",\"potentialAction\":[{\"@type\":\"ReadAction\",\"target\":[\"https:\/\/www.institutodeengenharia.org.br\/site\/2023\/06\/19\/presidente-do-ie-prestigia-forum-ferrovias-em-foco\/\"]}]},{\"@type\":\"ImageObject\",\"inLanguage\":\"pt-BR\",\"@id\":\"https:\/\/www.institutodeengenharia.org.br\/site\/2023\/06\/19\/presidente-do-ie-prestigia-forum-ferrovias-em-foco\/#primaryimage\",\"url\":\"https:\/\/www.institutodeengenharia.org.br\/site\/wp-content\/uploads\/2023\/06\/1.jpeg\",\"contentUrl\":\"https:\/\/www.institutodeengenharia.org.br\/site\/wp-content\/uploads\/2023\/06\/1.jpeg\",\"width\":1275,\"height\":520},{\"@type\":\"BreadcrumbList\",\"@id\":\"https:\/\/www.institutodeengenharia.org.br\/site\/2023\/06\/19\/presidente-do-ie-prestigia-forum-ferrovias-em-foco\/#breadcrumb\",\"itemListElement\":[{\"@type\":\"ListItem\",\"position\":1,\"name\":\"In\u00edcio\",\"item\":\"https:\/\/www.institutodeengenharia.org.br\/site\/\"},{\"@type\":\"ListItem\",\"position\":2,\"name\":\"Presidente do IE prestigia F\u00f3rum Ferrovias em Foco\"}]},{\"@type\":\"WebSite\",\"@id\":\"https:\/\/www.institutodeengenharia.org.br\/site\/#website\",\"url\":\"https:\/\/www.institutodeengenharia.org.br\/site\/\",\"name\":\"Instituto de Engenharia\",\"description\":\"O Instituto de Engenharia promove a Engenharia em benef\u00edcio do desenvolvimento e da qualidade de vida da sociedade.\",\"publisher\":{\"@id\":\"https:\/\/www.institutodeengenharia.org.br\/site\/#organization\"},\"potentialAction\":[{\"@type\":\"SearchAction\",\"target\":{\"@type\":\"EntryPoint\",\"urlTemplate\":\"https:\/\/www.institutodeengenharia.org.br\/site\/?s={search_term_string}\"},\"query-input\":{\"@type\":\"PropertyValueSpecification\",\"valueRequired\":true,\"valueName\":\"search_term_string\"}}],\"inLanguage\":\"pt-BR\"},{\"@type\":\"Organization\",\"@id\":\"https:\/\/www.institutodeengenharia.org.br\/site\/#organization\",\"name\":\"Instituto de Engenharia\",\"url\":\"https:\/\/www.institutodeengenharia.org.br\/site\/\",\"logo\":{\"@type\":\"ImageObject\",\"inLanguage\":\"pt-BR\",\"@id\":\"https:\/\/www.institutodeengenharia.org.br\/site\/#\/schema\/logo\/image\/\",\"url\":\"https:\/\/www.institutodeengenharia.org.br\/site\/wp-content\/uploads\/2019\/03\/logo-novo-IE2018-1.jpg\",\"contentUrl\":\"https:\/\/www.institutodeengenharia.org.br\/site\/wp-content\/uploads\/2019\/03\/logo-novo-IE2018-1.jpg\",\"width\":1486,\"height\":1879,\"caption\":\"Instituto de Engenharia\"},\"image\":{\"@id\":\"https:\/\/www.institutodeengenharia.org.br\/site\/#\/schema\/logo\/image\/\"},\"sameAs\":[\"https:\/\/www.facebook.com\/institutodeengenharia\",\"https:\/\/x.com\/iengenharia\",\"https:\/\/www.instagram.com\/institutodeengenharia\/\",\"https:\/\/www.linkedin.com\/company\/instituto-de-engenharia\/\",\"https:\/\/www.youtube.com\/channel\/UCXiCAlsSMe977vamW915HxA\"]},{\"@type\":\"Person\",\"@id\":\"https:\/\/www.institutodeengenharia.org.br\/site\/#\/schema\/person\/d1764429c217aaa88954818c8f9a3036\",\"name\":\"Isabel\",\"image\":{\"@type\":\"ImageObject\",\"inLanguage\":\"pt-BR\",\"@id\":\"https:\/\/secure.gravatar.com\/avatar\/a91d60506c31a7cb05e69a21529f91908e538db3b21f58bfda4039be740fcb71?s=96&d=mm&r=g\",\"url\":\"https:\/\/secure.gravatar.com\/avatar\/a91d60506c31a7cb05e69a21529f91908e538db3b21f58bfda4039be740fcb71?s=96&d=mm&r=g\",\"contentUrl\":\"https:\/\/secure.gravatar.com\/avatar\/a91d60506c31a7cb05e69a21529f91908e538db3b21f58bfda4039be740fcb71?s=96&d=mm&r=g\",\"caption\":\"Isabel\"},\"url\":\"https:\/\/www.institutodeengenharia.org.br\/site\/author\/isabel\/\"}]}<\/script>\n<!-- \/ Yoast SEO plugin. -->","yoast_head_json":{"title":"Presidente do IE prestigia F\u00f3rum Ferrovias em Foco - Instituto de Engenharia","robots":{"index":"index","follow":"follow","max-snippet":"max-snippet:-1","max-image-preview":"max-image-preview:large","max-video-preview":"max-video-preview:-1"},"canonical":"https:\/\/www.institutodeengenharia.org.br\/site\/2023\/06\/19\/presidente-do-ie-prestigia-forum-ferrovias-em-foco\/","og_locale":"pt_BR","og_type":"article","og_title":"Presidente do IE prestigia F\u00f3rum Ferrovias em Foco - Instituto de Engenharia","og_description":"O presidente do Instituto de Engenharia, Jos\u00e9 Eduardo Jardim, prestigiou, em 15 de junho, o primeiro \u201cF\u00f3rum Ferrovias em Foco \u2013 pol\u00edticas p\u00fablicas para o setor\u201d, que aconteceu no Instituto de Pesquisas Tecnol\u00f3gicas (IPT), na Cidade Universit\u00e1ria, em S\u00e3o Paulo. O F\u00f3rum debateu os seguintes temas: o Setor Ferrovi\u00e1rio e as Pol\u00edticas Federais, o Setor [&hellip;]","og_url":"https:\/\/www.institutodeengenharia.org.br\/site\/2023\/06\/19\/presidente-do-ie-prestigia-forum-ferrovias-em-foco\/","og_site_name":"Instituto de Engenharia","article_publisher":"https:\/\/www.facebook.com\/institutodeengenharia","article_published_time":"2023-06-19T13:22:35+00:00","article_modified_time":"2023-06-19T13:22:47+00:00","og_image":[{"width":1275,"height":520,"url":"https:\/\/www.institutodeengenharia.org.br\/site\/wp-content\/uploads\/2023\/06\/1.jpeg","type":"image\/jpeg"}],"author":"Isabel","twitter_card":"summary_large_image","twitter_creator":"@iengenharia","twitter_site":"@iengenharia","twitter_misc":{"Escrito por":"Isabel","Est. tempo de leitura":"2 minutos"},"schema":{"@context":"https:\/\/schema.org","@graph":[{"@type":"Article","@id":"https:\/\/www.institutodeengenharia.org.br\/site\/2023\/06\/19\/presidente-do-ie-prestigia-forum-ferrovias-em-foco\/#article","isPartOf":{"@id":"https:\/\/www.institutodeengenharia.org.br\/site\/2023\/06\/19\/presidente-do-ie-prestigia-forum-ferrovias-em-foco\/"},"author":{"name":"Isabel","@id":"https:\/\/www.institutodeengenharia.org.br\/site\/#\/schema\/person\/d1764429c217aaa88954818c8f9a3036"},"headline":"Presidente do IE prestigia F\u00f3rum Ferrovias em Foco","datePublished":"2023-06-19T13:22:35+00:00","dateModified":"2023-06-19T13:22:47+00:00","mainEntityOfPage":{"@id":"https:\/\/www.institutodeengenharia.org.br\/site\/2023\/06\/19\/presidente-do-ie-prestigia-forum-ferrovias-em-foco\/"},"wordCount":226,"commentCount":0,"publisher":{"@id":"https:\/\/www.institutodeengenharia.org.br\/site\/#organization"},"image":{"@id":"https:\/\/www.institutodeengenharia.org.br\/site\/2023\/06\/19\/presidente-do-ie-prestigia-forum-ferrovias-em-foco\/#primaryimage"},"thumbnailUrl":"https:\/\/www.institutodeengenharia.org.br\/site\/wp-content\/uploads\/2023\/06\/1.jpeg","articleSection":["Instituto de Engenharia","Not\u00edcias"],"inLanguage":"pt-BR","potentialAction":[{"@type":"CommentAction","name":"Comment","target":["https:\/\/www.institutodeengenharia.org.br\/site\/2023\/06\/19\/presidente-do-ie-prestigia-forum-ferrovias-em-foco\/#respond"]}]},{"@type":"WebPage","@id":"https:\/\/www.institutodeengenharia.org.br\/site\/2023\/06\/19\/presidente-do-ie-prestigia-forum-ferrovias-em-foco\/","url":"https:\/\/www.institutodeengenharia.org.br\/site\/2023\/06\/19\/presidente-do-ie-prestigia-forum-ferrovias-em-foco\/","name":"Presidente do IE prestigia F\u00f3rum Ferrovias em Foco - Instituto de Engenharia","isPartOf":{"@id":"https:\/\/www.institutodeengenharia.org.br\/site\/#website"},"primaryImageOfPage":{"@id":"https:\/\/www.institutodeengenharia.org.br\/site\/2023\/06\/19\/presidente-do-ie-prestigia-forum-ferrovias-em-foco\/#primaryimage"},"image":{"@id":"https:\/\/www.institutodeengenharia.org.br\/site\/2023\/06\/19\/presidente-do-ie-prestigia-forum-ferrovias-em-foco\/#primaryimage"},"thumbnailUrl":"https:\/\/www.institutodeengenharia.org.br\/site\/wp-content\/uploads\/2023\/06\/1.jpeg","datePublished":"2023-06-19T13:22:35+00:00","dateModified":"2023-06-19T13:22:47+00:00","breadcrumb":{"@id":"https:\/\/www.institutodeengenharia.org.br\/site\/2023\/06\/19\/presidente-do-ie-prestigia-forum-ferrovias-em-foco\/#breadcrumb"},"inLanguage":"pt-BR","potentialAction":[{"@type":"ReadAction","target":["https:\/\/www.institutodeengenharia.org.br\/site\/2023\/06\/19\/presidente-do-ie-prestigia-forum-ferrovias-em-foco\/"]}]},{"@type":"ImageObject","inLanguage":"pt-BR","@id":"https:\/\/www.institutodeengenharia.org.br\/site\/2023\/06\/19\/presidente-do-ie-prestigia-forum-ferrovias-em-foco\/#primaryimage","url":"https:\/\/www.institutodeengenharia.org.br\/site\/wp-content\/uploads\/2023\/06\/1.jpeg","contentUrl":"https:\/\/www.institutodeengenharia.org.br\/site\/wp-content\/uploads\/2023\/06\/1.jpeg","width":1275,"height":520},{"@type":"BreadcrumbList","@id":"https:\/\/www.institutodeengenharia.org.br\/site\/2023\/06\/19\/presidente-do-ie-prestigia-forum-ferrovias-em-foco\/#breadcrumb","itemListElement":[{"@type":"ListItem","position":1,"name":"In\u00edcio","item":"https:\/\/www.institutodeengenharia.org.br\/site\/"},{"@type":"ListItem","position":2,"name":"Presidente do IE prestigia F\u00f3rum Ferrovias em Foco"}]},{"@type":"WebSite","@id":"https:\/\/www.institutodeengenharia.org.br\/site\/#website","url":"https:\/\/www.institutodeengenharia.org.br\/site\/","name":"Instituto de Engenharia","description":"O Instituto de Engenharia promove a Engenharia em benef\u00edcio do desenvolvimento e da qualidade de vida da sociedade.","publisher":{"@id":"https:\/\/www.institutodeengenharia.org.br\/site\/#organization"},"potentialAction":[{"@type":"SearchAction","target":{"@type":"EntryPoint","urlTemplate":"https:\/\/www.institutodeengenharia.org.br\/site\/?s={search_term_string}"},"query-input":{"@type":"PropertyValueSpecification","valueRequired":true,"valueName":"search_term_string"}}],"inLanguage":"pt-BR"},{"@type":"Organization","@id":"https:\/\/www.institutodeengenharia.org.br\/site\/#organization","name":"Instituto de Engenharia","url":"https:\/\/www.institutodeengenharia.org.br\/site\/","logo":{"@type":"ImageObject","inLanguage":"pt-BR","@id":"https:\/\/www.institutodeengenharia.org.br\/site\/#\/schema\/logo\/image\/","url":"https:\/\/www.institutodeengenharia.org.br\/site\/wp-content\/uploads\/2019\/03\/logo-novo-IE2018-1.jpg","contentUrl":"https:\/\/www.institutodeengenharia.org.br\/site\/wp-content\/uploads\/2019\/03\/logo-novo-IE2018-1.jpg","width":1486,"height":1879,"caption":"Instituto de Engenharia"},"image":{"@id":"https:\/\/www.institutodeengenharia.org.br\/site\/#\/schema\/logo\/image\/"},"sameAs":["https:\/\/www.facebook.com\/institutodeengenharia","https:\/\/x.com\/iengenharia","https:\/\/www.instagram.com\/institutodeengenharia\/","https:\/\/www.linkedin.com\/company\/instituto-de-engenharia\/","https:\/\/www.youtube.com\/channel\/UCXiCAlsSMe977vamW915HxA"]},{"@type":"Person","@id":"https:\/\/www.institutodeengenharia.org.br\/site\/#\/schema\/person\/d1764429c217aaa88954818c8f9a3036","name":"Isabel","image":{"@type":"ImageObject","inLanguage":"pt-BR","@id":"https:\/\/secure.gravatar.com\/avatar\/a91d60506c31a7cb05e69a21529f91908e538db3b21f58bfda4039be740fcb71?s=96&d=mm&r=g","url":"https:\/\/secure.gravatar.com\/avatar\/a91d60506c31a7cb05e69a21529f91908e538db3b21f58bfda4039be740fcb71?s=96&d=mm&r=g","contentUrl":"https:\/\/secure.gravatar.com\/avatar\/a91d60506c31a7cb05e69a21529f91908e538db3b21f58bfda4039be740fcb71?s=96&d=mm&r=g","caption":"Isabel"},"url":"https:\/\/www.institutodeengenharia.org.br\/site\/author\/isabel\/"}]}},"_links":{"self":[{"href":"https:\/\/www.institutodeengenharia.org.br\/site\/wp-json\/wp\/v2\/posts\/107261","targetHints":{"allow":["GET"]}}],"collection":[{"href":"https:\/\/www.institutodeengenharia.org.br\/site\/wp-json\/wp\/v2\/posts"}],"about":[{"href":"https:\/\/www.institutodeengenharia.org.br\/site\/wp-json\/wp\/v2\/types\/post"}],"author":[{"embeddable":true,"href":"https:\/\/www.institutodeengenharia.org.br\/site\/wp-json\/wp\/v2\/users\/2"}],"replies":[{"embeddable":true,"href":"https:\/\/www.institutodeengenharia.org.br\/site\/wp-json\/wp\/v2\/comments?post=107261"}],"version-history":[{"count":2,"href":"https:\/\/www.institutodeengenharia.org.br\/site\/wp-json\/wp\/v2\/posts\/107261\/revisions"}],"predecessor-version":[{"id":107263,"href":"https:\/\/www.institutodeengenharia.org.br\/site\/wp-json\/wp\/v2\/posts\/107261\/revisions\/107263"}],"wp:featuredmedia":[{"embeddable":true,"href":"https:\/\/www.institutodeengenharia.org.br\/site\/wp-json\/wp\/v2\/media\/107258"}],"wp:attachment":[{"href":"https:\/\/www.institutodeengenharia.org.br\/site\/wp-json\/wp\/v2\/media?parent=107261"}],"wp:term":[{"taxonomy":"category","embeddable":true,"href":"https:\/\/www.institutodeengenharia.org.br\/site\/wp-json\/wp\/v2\/categories?post=107261"},{"taxonomy":"post_tag","embeddable":true,"href":"https:\/\/www.institutodeengenharia.org.br\/site\/wp-json\/wp\/v2\/tags?post=107261"}],"curies":[{"name":"wp","href":"https:\/\/api.w.org\/{rel}","templated":true}]}}